{"id":208667,"date":"2026-08-19T10:24:08","date_gmt":"2026-08-19T13:24:08","guid":{"rendered":"https:\/\/gysfm.com.ar\/inicio\/la-reina-camila-de-inglaterra-dijo-que-le-resulto-bastante-dificil-mantener-en-secreto-el-cancer-de-carlos-iii%e2%81%a9\/"},"modified":"2026-08-19T10:24:09","modified_gmt":"2026-08-19T13:24:09","slug":"la-reina-camila-de-inglaterra-dijo-que-le-resulto-bastante-dificil-mantener-en-secreto-el-cancer-de-carlos-iii%e2%81%a9","status":"publish","type":"post","link":"https:\/\/gysfm.com.ar\/inicio\/la-reina-camila-de-inglaterra-dijo-que-le-resulto-bastante-dificil-mantener-en-secreto-el-cancer-de-carlos-iii%e2%81%a9\/","title":{"rendered":"La reina Camila de Inglaterra dijo que le result\u00f3 \u201cbastante dif\u00edcil\u201d mantener en secreto el c\u00e1ncer de Carlos III\u2069"},"content":{"rendered":"<p> <br \/>\n<\/p>\n<div>\n<p class=\"com-paragraph --capital --s\">LONDRES.- La <strong>reina consorte del Reino Unido, Camila Parker Bowles<\/strong>, <a href=\"https:\/\/www.lanacion.com.ar\/lifestyle\/no-es-bienvenida-la-llamada-del-principe-carlos-que-impidio-a-meghan-despedir-a-isabel-ii-en-nid19082026\/\" target=\"_self\" title=\"https:\/\/www.lanacion.com.ar\/lifestyle\/no-es-bienvenida-la-llamada-del-principe-carlos-que-impidio-a-meghan-despedir-a-isabel-ii-en-nid19082026\/\" class=\"com-link break-word\" data-mrf-recirculation=\"n_link_parrafo\">declar\u00f3 que no le fue f\u00e1cil guardar silencio<\/a> sobre la <strong>enfermedad<\/strong> de su esposo, el <strong>rey Carlos III<\/strong>, antes de que el Palacio de Buckingham lo comunicara oficialmente.<\/p>\n<p class=\"com-paragraph --s\">\u201c<strong>En aquel momento nadie pod\u00eda decir nada. Fue bastante dif\u00edcil<\/strong>\u201d, dijo durante una conversaci\u00f3n difundida este mi\u00e9rcoles en las redes oficiales de la familia real brit\u00e1nica, en colaboraci\u00f3n con la asociaci\u00f3n de apoyo a los enfermos de c\u00e1ncer <em>Maggie\u2019s<\/em>.<\/p>\n<p class=\"com-paragraph --s\">La mujer, de 79 a\u00f1os, <a href=\"https:\/\/www.lanacion.com.ar\/el-mundo\/carlos-iii-anuncia-que-su-tratamiento-contra-el-cancer-se-reducira-en-2026-nid12122025\/\" target=\"_self\" title=\"https:\/\/www.lanacion.com.ar\/el-mundo\/carlos-iii-anuncia-que-su-tratamiento-contra-el-cancer-se-reducira-en-2026-nid12122025\/\" class=\"com-link break-word\" data-mrf-recirculation=\"n_link_parrafo\">record\u00f3 especialmente una visita<\/a> que hizo el 31 de enero de 2024 a un centro de la instituci\u00f3n en el Royal Free Hospital de Londres, cuando el monarca <strong>ya conoc\u00eda su diagn\u00f3stico, pero la noticia no se hab\u00eda filtrado<\/strong>.<\/p>\n<div class=\"content-media\">\n<section role=\"button\" class=\"mod-media   \">\n<figure role=\"button\" tabindex=\"0\" class=\"mod-figure \"><figcaption class=\"mod-figcaption\"><span class=\"com-text --caption --twoxs\">Camila tuvo que guardar el secreto hasta la comunicaci\u00f3n oficial<\/span><span class=\"com-text --credit --twoxs\">CASA REAL BRIT\u00c1NICA &#8211; CASA REAL BRIT\u00c1NICA<\/span><\/figcaption><\/figure>\n<\/section>\n<\/div>\n<p class=\"com-paragraph --s\">\u201c<strong>Estuve a punto de decir algo, pero sent\u00ed que no era el momento<\/strong>\u201d, le cont\u00f3 a Laura Lee, la directora general de la entidad. \u201cTen\u00eda ganas de contarlo, pero, evidentemente, no pod\u00eda\u201d, agreg\u00f3 sobre los d\u00edas previos al <strong>anuncio formal, que se hizo el 5 de febrero<\/strong>.<\/p>\n<p class=\"com-paragraph --s\">Sobre la reacci\u00f3n del rey, de 77 a\u00f1os, la reina remarc\u00f3 que mantuvo una postura fuerte y resiliente frente a la situaci\u00f3n. \u201c<strong>Nada lo deten\u00eda. Simplemente dec\u00eda: \u2018Voy a superar esto\u2019<\/strong>\u201d, dijo acerca del comportamiento del monarca, quien en diciembre de 2025 comunic\u00f3 una mejora en su salud y una \u201creducci\u00f3n\u201d en su tratamiento.<\/p>\n<p class=\"com-paragraph --s\">En ese entonces, Carlos us\u00f3 la noticia positiva para concientizar sobre los chequeos de rutina: \u201cHoy puedo compartir con ustedes la buena noticia de que, <strong>gracias a un diagn\u00f3stico precoz<\/strong>, una intervenci\u00f3n eficaz y el cumplimiento de las indicaciones de los m\u00e9dicos, mi propio programa de tratamiento contra el c\u00e1ncer puede reducirse en el nuevo a\u00f1o\u201d<\/p>\n<div class=\"content-media\">\n<section role=\"button\" class=\"mod-media   \">\n<figure role=\"button\" tabindex=\"0\" class=\"mod-figure \"><figcaption class=\"mod-figcaption\"><span class=\"com-text --caption --twoxs\">El comunicado con el que se inform\u00f3 de la enfermedad de Carlos<\/span><span class=\"com-text --credit --twoxs\">@theroyalfamily \/ Instagram<\/span><\/figcaption><\/figure>\n<\/section>\n<\/div>\n<p class=\"com-paragraph --s\">\u201cUn mensaje poderoso de Su Majestad el rey. S\u00e9 que hablo en nombre de todo el pa\u00eds cuando digo lo contento que estoy de que su tratamiento contra el c\u00e1ncer se reduzca en el a\u00f1o nuevo. <strong>La detecci\u00f3n temprana del c\u00e1ncer salva vidas<\/strong>\u201d, agreg\u00f3 en ese entonces, sobre los cuidados de salud, quien era el primer ministro brit\u00e1nico, el laborista Keir Starmer.<\/p>\n<p class=\"com-paragraph --s\">Por otro lado, Camila Parker Bowles reconoci\u00f3 que el proceso de su marido la ayud\u00f3 a comprender el <strong>rol de quienes acompa\u00f1an a los pacientes<\/strong>: \u201cDe repente, es tu marido quien recibe un diagn\u00f3stico y tienes que ayudarle e intentar entenderlo todo\u201d. <\/p>\n<p class=\"com-paragraph --s\">El anuncio de la enfermedad del monarca ocurri\u00f3 un mes antes de que se hiciera p\u00fablico el <strong>avance de la princesa Catalina<\/strong>, esposa del pr\u00edncipe Guillermo, quien en enero de 2025 confirm\u00f3 que su estado de salud estaba en remisi\u00f3n \u2014la enfermedad hab\u00eda desaparecido por completo\u2014. Catalina tambi\u00e9n afront\u00f3 un diagn\u00f3stico y tratamiento por c\u00e1ncer, aunque nunca se especific\u00f3 su naturaleza.<\/p>\n<section class=\"container-center-100 mb-40 border border-bottom border-thin border-neutral-light-700\">\n<hr\/>\n<\/section>\n<\/div>\n<p><script id=\"facebookpixel\" defer=\"\" type=\"text\/javascript\">\n        !function(f,b,e,v,n,t,s)\n        {if(f.fbq)return;n=f.fbq=function(){n.callMethod?\n        n.callMethod.apply(n,arguments):n.queue.push(arguments)};\n        if(!f._fbq)f._fbq=n;n.push=n;n.loaded=!0;n.version='2.0';\n        n.queue=[];t=b.createElement(e);t.async=!0;\n        t.src=v;s=b.getElementsByTagName(e)[0];\n        s.parentNode.insertBefore(t,s)}(window, document,'script',\n        'https:\/\/connect.facebook.net\/en_US\/fbevents.js');\n        fbq('init', '492459597522335');\n        fbq('track', 'PageView');\n    <\/script><br \/>\n<br \/><\/p>\n","protected":false},"excerpt":{"rendered":"<p>LONDRES.- La reina consorte del Reino Unido, Camila Parker Bowles, declar\u00f3 que no le fue f\u00e1cil guardar silencio sobre la enfermedad de su esposo, el rey Carlos III, antes de que el Palacio de Buckingham lo comunicara oficialmente. \u201cEn aquel momento nadie pod\u00eda decir nada. Fue bastante dif\u00edcil\u201d, dijo durante una conversaci\u00f3n difundida este mi\u00e9rcoles [&hellip;]<\/p>\n","protected":false},"author":2,"featured_media":208668,"comment_status":"closed","ping_status":"closed","sticky":false,"template":"","format":"standard","meta":{"footnotes":""},"categories":[26],"tags":[],"class_list":["post-208667","post","type-post","status-publish","format-standard","has-post-thumbnail","hentry","category-internacionales"],"yoast_head":"<!-- This site is optimized with the Yoast SEO plugin v24.4 - https:\/\/yoast.com\/wordpress\/plugins\/seo\/ -->\n<title>La reina Camila de Inglaterra dijo que le result\u00f3 \u201cbastante dif\u00edcil\u201d mantener en secreto el c\u00e1ncer de Carlos III\u2069 - GYS NOTICIAS |<\/title>\n<meta name=\"robots\" content=\"index, follow, max-snippet:-1, max-image-preview:large, max-video-preview:-1\" \/>\n<link rel=\"canonical\" href=\"https:\/\/gysfm.com.ar\/inicio\/la-reina-camila-de-inglaterra-dijo-que-le-resulto-bastante-dificil-mantener-en-secreto-el-cancer-de-carlos-iii\u2069\/\" \/>\n<meta property=\"og:locale\" content=\"es_ES\" \/>\n<meta property=\"og:type\" content=\"article\" \/>\n<meta property=\"og:title\" content=\"La reina Camila de Inglaterra dijo que le result\u00f3 \u201cbastante dif\u00edcil\u201d mantener en secreto el c\u00e1ncer de Carlos III\u2069 - GYS NOTICIAS |\" \/>\n<meta property=\"og:description\" content=\"LONDRES.- La reina consorte del Reino Unido, Camila Parker Bowles, declar\u00f3 que no le fue f\u00e1cil guardar silencio sobre la enfermedad de su esposo, el rey Carlos III, antes de que el Palacio de Buckingham lo comunicara oficialmente. \u201cEn aquel momento nadie pod\u00eda decir nada. Fue bastante dif\u00edcil\u201d, dijo durante una conversaci\u00f3n difundida este mi\u00e9rcoles [&hellip;]\" \/>\n<meta property=\"og:url\" content=\"https:\/\/gysfm.com.ar\/inicio\/la-reina-camila-de-inglaterra-dijo-que-le-resulto-bastante-dificil-mantener-en-secreto-el-cancer-de-carlos-iii\u2069\/\" \/>\n<meta property=\"og:site_name\" content=\"GYS NOTICIAS |\" \/>\n<meta property=\"article:published_time\" content=\"2026-08-19T13:24:08+00:00\" \/>\n<meta property=\"article:modified_time\" content=\"2026-08-19T13:24:09+00:00\" \/>\n<meta property=\"og:image\" content=\"https:\/\/gysfm.com.ar\/inicio\/wp-content\/uploads\/2026\/08\/la-reina-conto-como-vivio-la-noticia-sobre-la-JLWSYVUFMVAWBLCKNDVV6ADCOE.jpg\" \/>\n\t<meta property=\"og:image:width\" content=\"1200\" \/>\n\t<meta property=\"og:image:height\" content=\"800\" \/>\n\t<meta property=\"og:image:type\" content=\"image\/jpeg\" \/>\n<meta name=\"author\" content=\"Prensa G&amp;S FM\" \/>\n<meta name=\"twitter:card\" content=\"summary_large_image\" \/>\n<meta name=\"twitter:label1\" content=\"Escrito por\" \/>\n\t<meta name=\"twitter:data1\" content=\"Prensa G&amp;S FM\" \/>\n\t<meta name=\"twitter:label2\" content=\"Tiempo de lectura\" \/>\n\t<meta name=\"twitter:data2\" content=\"3 minutos\" \/>\n<script type=\"application\/ld+json\" class=\"yoast-schema-graph\">{\"@context\":\"https:\/\/schema.org\",\"@graph\":[{\"@type\":\"Article\",\"@id\":\"https:\/\/gysfm.com.ar\/inicio\/la-reina-camila-de-inglaterra-dijo-que-le-resulto-bastante-dificil-mantener-en-secreto-el-cancer-de-carlos-iii%e2%81%a9\/#article\",\"isPartOf\":{\"@id\":\"https:\/\/gysfm.com.ar\/inicio\/la-reina-camila-de-inglaterra-dijo-que-le-resulto-bastante-dificil-mantener-en-secreto-el-cancer-de-carlos-iii%e2%81%a9\/\"},\"author\":{\"name\":\"Prensa G&amp;S FM\",\"@id\":\"https:\/\/gysfm.com.ar\/inicio\/#\/schema\/person\/3abba7593ef2ad19e1be221d54383dc5\"},\"headline\":\"La reina Camila de Inglaterra dijo que le result\u00f3 \u201cbastante dif\u00edcil\u201d mantener en secreto el c\u00e1ncer de Carlos III\u2069\",\"datePublished\":\"2026-08-19T13:24:08+00:00\",\"dateModified\":\"2026-08-19T13:24:09+00:00\",\"mainEntityOfPage\":{\"@id\":\"https:\/\/gysfm.com.ar\/inicio\/la-reina-camila-de-inglaterra-dijo-que-le-resulto-bastante-dificil-mantener-en-secreto-el-cancer-de-carlos-iii%e2%81%a9\/\"},\"wordCount\":538,\"publisher\":{\"@id\":\"https:\/\/gysfm.com.ar\/inicio\/#organization\"},\"image\":{\"@id\":\"https:\/\/gysfm.com.ar\/inicio\/la-reina-camila-de-inglaterra-dijo-que-le-resulto-bastante-dificil-mantener-en-secreto-el-cancer-de-carlos-iii%e2%81%a9\/#primaryimage\"},\"thumbnailUrl\":\"https:\/\/gysfm.com.ar\/inicio\/wp-content\/uploads\/2026\/08\/la-reina-conto-como-vivio-la-noticia-sobre-la-JLWSYVUFMVAWBLCKNDVV6ADCOE.jpg\",\"articleSection\":[\"INTERNACIONALES\"],\"inLanguage\":\"es\"},{\"@type\":\"WebPage\",\"@id\":\"https:\/\/gysfm.com.ar\/inicio\/la-reina-camila-de-inglaterra-dijo-que-le-resulto-bastante-dificil-mantener-en-secreto-el-cancer-de-carlos-iii%e2%81%a9\/\",\"url\":\"https:\/\/gysfm.com.ar\/inicio\/la-reina-camila-de-inglaterra-dijo-que-le-resulto-bastante-dificil-mantener-en-secreto-el-cancer-de-carlos-iii%e2%81%a9\/\",\"name\":\"La reina Camila de Inglaterra dijo que le result\u00f3 \u201cbastante dif\u00edcil\u201d mantener en secreto el c\u00e1ncer de Carlos III\u2069 - GYS NOTICIAS |\",\"isPartOf\":{\"@id\":\"https:\/\/gysfm.com.ar\/inicio\/#website\"},\"primaryImageOfPage\":{\"@id\":\"https:\/\/gysfm.com.ar\/inicio\/la-reina-camila-de-inglaterra-dijo-que-le-resulto-bastante-dificil-mantener-en-secreto-el-cancer-de-carlos-iii%e2%81%a9\/#primaryimage\"},\"image\":{\"@id\":\"https:\/\/gysfm.com.ar\/inicio\/la-reina-camila-de-inglaterra-dijo-que-le-resulto-bastante-dificil-mantener-en-secreto-el-cancer-de-carlos-iii%e2%81%a9\/#primaryimage\"},\"thumbnailUrl\":\"https:\/\/gysfm.com.ar\/inicio\/wp-content\/uploads\/2026\/08\/la-reina-conto-como-vivio-la-noticia-sobre-la-JLWSYVUFMVAWBLCKNDVV6ADCOE.jpg\",\"datePublished\":\"2026-08-19T13:24:08+00:00\",\"dateModified\":\"2026-08-19T13:24:09+00:00\",\"breadcrumb\":{\"@id\":\"https:\/\/gysfm.com.ar\/inicio\/la-reina-camila-de-inglaterra-dijo-que-le-resulto-bastante-dificil-mantener-en-secreto-el-cancer-de-carlos-iii%e2%81%a9\/#breadcrumb\"},\"inLanguage\":\"es\",\"potentialAction\":[{\"@type\":\"ReadAction\",\"target\":[\"https:\/\/gysfm.com.ar\/inicio\/la-reina-camila-de-inglaterra-dijo-que-le-resulto-bastante-dificil-mantener-en-secreto-el-cancer-de-carlos-iii%e2%81%a9\/\"]}]},{\"@type\":\"ImageObject\",\"inLanguage\":\"es\",\"@id\":\"https:\/\/gysfm.com.ar\/inicio\/la-reina-camila-de-inglaterra-dijo-que-le-resulto-bastante-dificil-mantener-en-secreto-el-cancer-de-carlos-iii%e2%81%a9\/#primaryimage\",\"url\":\"https:\/\/gysfm.com.ar\/inicio\/wp-content\/uploads\/2026\/08\/la-reina-conto-como-vivio-la-noticia-sobre-la-JLWSYVUFMVAWBLCKNDVV6ADCOE.jpg\",\"contentUrl\":\"https:\/\/gysfm.com.ar\/inicio\/wp-content\/uploads\/2026\/08\/la-reina-conto-como-vivio-la-noticia-sobre-la-JLWSYVUFMVAWBLCKNDVV6ADCOE.jpg\",\"width\":1200,\"height\":800},{\"@type\":\"BreadcrumbList\",\"@id\":\"https:\/\/gysfm.com.ar\/inicio\/la-reina-camila-de-inglaterra-dijo-que-le-resulto-bastante-dificil-mantener-en-secreto-el-cancer-de-carlos-iii%e2%81%a9\/#breadcrumb\",\"itemListElement\":[{\"@type\":\"ListItem\",\"position\":1,\"name\":\"Portada\",\"item\":\"https:\/\/gysfm.com.ar\/inicio\/\"},{\"@type\":\"ListItem\",\"position\":2,\"name\":\"La reina Camila de Inglaterra dijo que le result\u00f3 \u201cbastante dif\u00edcil\u201d mantener en secreto el c\u00e1ncer de Carlos III\u2069\"}]},{\"@type\":\"WebSite\",\"@id\":\"https:\/\/gysfm.com.ar\/inicio\/#website\",\"url\":\"https:\/\/gysfm.com.ar\/inicio\/\",\"name\":\"GYS NOTICIAS |\",\"description\":\"DIARIO - RADIO ONLINE SAN JUAN ARGENTINA\",\"publisher\":{\"@id\":\"https:\/\/gysfm.com.ar\/inicio\/#organization\"},\"potentialAction\":[{\"@type\":\"SearchAction\",\"target\":{\"@type\":\"EntryPoint\",\"urlTemplate\":\"https:\/\/gysfm.com.ar\/inicio\/?s={search_term_string}\"},\"query-input\":{\"@type\":\"PropertyValueSpecification\",\"valueRequired\":true,\"valueName\":\"search_term_string\"}}],\"inLanguage\":\"es\"},{\"@type\":\"Organization\",\"@id\":\"https:\/\/gysfm.com.ar\/inicio\/#organization\",\"name\":\"GYS NOTICIAS |\",\"url\":\"https:\/\/gysfm.com.ar\/inicio\/\",\"logo\":{\"@type\":\"ImageObject\",\"inLanguage\":\"es\",\"@id\":\"https:\/\/gysfm.com.ar\/inicio\/#\/schema\/logo\/image\/\",\"url\":\"https:\/\/gysfm.com.ar\/inicio\/wp-content\/uploads\/2023\/07\/LOGOGYS-OK.png\",\"contentUrl\":\"https:\/\/gysfm.com.ar\/inicio\/wp-content\/uploads\/2023\/07\/LOGOGYS-OK.png\",\"width\":1170,\"height\":872,\"caption\":\"GYS NOTICIAS |\"},\"image\":{\"@id\":\"https:\/\/gysfm.com.ar\/inicio\/#\/schema\/logo\/image\/\"}},{\"@type\":\"Person\",\"@id\":\"https:\/\/gysfm.com.ar\/inicio\/#\/schema\/person\/3abba7593ef2ad19e1be221d54383dc5\",\"name\":\"Prensa G&amp;S FM\",\"image\":{\"@type\":\"ImageObject\",\"inLanguage\":\"es\",\"@id\":\"https:\/\/gysfm.com.ar\/inicio\/#\/schema\/person\/image\/\",\"url\":\"https:\/\/secure.gravatar.com\/avatar\/096ec78df02049ab018702bb4ccedf659377fa92a26540b5247612077a0dbd29?s=96&d=mm&r=g\",\"contentUrl\":\"https:\/\/secure.gravatar.com\/avatar\/096ec78df02049ab018702bb4ccedf659377fa92a26540b5247612077a0dbd29?s=96&d=mm&r=g\",\"caption\":\"Prensa G&amp;S FM\"},\"sameAs\":[\"https:\/\/gysfm.com.ar\/\"],\"url\":\"https:\/\/gysfm.com.ar\/inicio\/author\/lucasm\/\"}]}<\/script>\n<!-- \/ Yoast SEO plugin. -->","yoast_head_json":{"title":"La reina Camila de Inglaterra dijo que le result\u00f3 \u201cbastante dif\u00edcil\u201d mantener en secreto el c\u00e1ncer de Carlos III\u2069 - GYS NOTICIAS |","robots":{"index":"index","follow":"follow","max-snippet":"max-snippet:-1","max-image-preview":"max-image-preview:large","max-video-preview":"max-video-preview:-1"},"canonical":"https:\/\/gysfm.com.ar\/inicio\/la-reina-camila-de-inglaterra-dijo-que-le-resulto-bastante-dificil-mantener-en-secreto-el-cancer-de-carlos-iii\u2069\/","og_locale":"es_ES","og_type":"article","og_title":"La reina Camila de Inglaterra dijo que le result\u00f3 \u201cbastante dif\u00edcil\u201d mantener en secreto el c\u00e1ncer de Carlos III\u2069 - GYS NOTICIAS |","og_description":"LONDRES.- La reina consorte del Reino Unido, Camila Parker Bowles, declar\u00f3 que no le fue f\u00e1cil guardar silencio sobre la enfermedad de su esposo, el rey Carlos III, antes de que el Palacio de Buckingham lo comunicara oficialmente. \u201cEn aquel momento nadie pod\u00eda decir nada. Fue bastante dif\u00edcil\u201d, dijo durante una conversaci\u00f3n difundida este mi\u00e9rcoles [&hellip;]","og_url":"https:\/\/gysfm.com.ar\/inicio\/la-reina-camila-de-inglaterra-dijo-que-le-resulto-bastante-dificil-mantener-en-secreto-el-cancer-de-carlos-iii\u2069\/","og_site_name":"GYS NOTICIAS |","article_published_time":"2026-08-19T13:24:08+00:00","article_modified_time":"2026-08-19T13:24:09+00:00","og_image":[{"width":1200,"height":800,"url":"https:\/\/gysfm.com.ar\/inicio\/wp-content\/uploads\/2026\/08\/la-reina-conto-como-vivio-la-noticia-sobre-la-JLWSYVUFMVAWBLCKNDVV6ADCOE.jpg","type":"image\/jpeg"}],"author":"Prensa G&amp;S FM","twitter_card":"summary_large_image","twitter_misc":{"Escrito por":"Prensa G&amp;S FM","Tiempo de lectura":"3 minutos"},"schema":{"@context":"https:\/\/schema.org","@graph":[{"@type":"Article","@id":"https:\/\/gysfm.com.ar\/inicio\/la-reina-camila-de-inglaterra-dijo-que-le-resulto-bastante-dificil-mantener-en-secreto-el-cancer-de-carlos-iii%e2%81%a9\/#article","isPartOf":{"@id":"https:\/\/gysfm.com.ar\/inicio\/la-reina-camila-de-inglaterra-dijo-que-le-resulto-bastante-dificil-mantener-en-secreto-el-cancer-de-carlos-iii%e2%81%a9\/"},"author":{"name":"Prensa G&amp;S FM","@id":"https:\/\/gysfm.com.ar\/inicio\/#\/schema\/person\/3abba7593ef2ad19e1be221d54383dc5"},"headline":"La reina Camila de Inglaterra dijo que le result\u00f3 \u201cbastante dif\u00edcil\u201d mantener en secreto el c\u00e1ncer de Carlos III\u2069","datePublished":"2026-08-19T13:24:08+00:00","dateModified":"2026-08-19T13:24:09+00:00","mainEntityOfPage":{"@id":"https:\/\/gysfm.com.ar\/inicio\/la-reina-camila-de-inglaterra-dijo-que-le-resulto-bastante-dificil-mantener-en-secreto-el-cancer-de-carlos-iii%e2%81%a9\/"},"wordCount":538,"publisher":{"@id":"https:\/\/gysfm.com.ar\/inicio\/#organization"},"image":{"@id":"https:\/\/gysfm.com.ar\/inicio\/la-reina-camila-de-inglaterra-dijo-que-le-resulto-bastante-dificil-mantener-en-secreto-el-cancer-de-carlos-iii%e2%81%a9\/#primaryimage"},"thumbnailUrl":"https:\/\/gysfm.com.ar\/inicio\/wp-content\/uploads\/2026\/08\/la-reina-conto-como-vivio-la-noticia-sobre-la-JLWSYVUFMVAWBLCKNDVV6ADCOE.jpg","articleSection":["INTERNACIONALES"],"inLanguage":"es"},{"@type":"WebPage","@id":"https:\/\/gysfm.com.ar\/inicio\/la-reina-camila-de-inglaterra-dijo-que-le-resulto-bastante-dificil-mantener-en-secreto-el-cancer-de-carlos-iii%e2%81%a9\/","url":"https:\/\/gysfm.com.ar\/inicio\/la-reina-camila-de-inglaterra-dijo-que-le-resulto-bastante-dificil-mantener-en-secreto-el-cancer-de-carlos-iii%e2%81%a9\/","name":"La reina Camila de Inglaterra dijo que le result\u00f3 \u201cbastante dif\u00edcil\u201d mantener en secreto el c\u00e1ncer de Carlos III\u2069 - GYS NOTICIAS |","isPartOf":{"@id":"https:\/\/gysfm.com.ar\/inicio\/#website"},"primaryImageOfPage":{"@id":"https:\/\/gysfm.com.ar\/inicio\/la-reina-camila-de-inglaterra-dijo-que-le-resulto-bastante-dificil-mantener-en-secreto-el-cancer-de-carlos-iii%e2%81%a9\/#primaryimage"},"image":{"@id":"https:\/\/gysfm.com.ar\/inicio\/la-reina-camila-de-inglaterra-dijo-que-le-resulto-bastante-dificil-mantener-en-secreto-el-cancer-de-carlos-iii%e2%81%a9\/#primaryimage"},"thumbnailUrl":"https:\/\/gysfm.com.ar\/inicio\/wp-content\/uploads\/2026\/08\/la-reina-conto-como-vivio-la-noticia-sobre-la-JLWSYVUFMVAWBLCKNDVV6ADCOE.jpg","datePublished":"2026-08-19T13:24:08+00:00","dateModified":"2026-08-19T13:24:09+00:00","breadcrumb":{"@id":"https:\/\/gysfm.com.ar\/inicio\/la-reina-camila-de-inglaterra-dijo-que-le-resulto-bastante-dificil-mantener-en-secreto-el-cancer-de-carlos-iii%e2%81%a9\/#breadcrumb"},"inLanguage":"es","potentialAction":[{"@type":"ReadAction","target":["https:\/\/gysfm.com.ar\/inicio\/la-reina-camila-de-inglaterra-dijo-que-le-resulto-bastante-dificil-mantener-en-secreto-el-cancer-de-carlos-iii%e2%81%a9\/"]}]},{"@type":"ImageObject","inLanguage":"es","@id":"https:\/\/gysfm.com.ar\/inicio\/la-reina-camila-de-inglaterra-dijo-que-le-resulto-bastante-dificil-mantener-en-secreto-el-cancer-de-carlos-iii%e2%81%a9\/#primaryimage","url":"https:\/\/gysfm.com.ar\/inicio\/wp-content\/uploads\/2026\/08\/la-reina-conto-como-vivio-la-noticia-sobre-la-JLWSYVUFMVAWBLCKNDVV6ADCOE.jpg","contentUrl":"https:\/\/gysfm.com.ar\/inicio\/wp-content\/uploads\/2026\/08\/la-reina-conto-como-vivio-la-noticia-sobre-la-JLWSYVUFMVAWBLCKNDVV6ADCOE.jpg","width":1200,"height":800},{"@type":"BreadcrumbList","@id":"https:\/\/gysfm.com.ar\/inicio\/la-reina-camila-de-inglaterra-dijo-que-le-resulto-bastante-dificil-mantener-en-secreto-el-cancer-de-carlos-iii%e2%81%a9\/#breadcrumb","itemListElement":[{"@type":"ListItem","position":1,"name":"Portada","item":"https:\/\/gysfm.com.ar\/inicio\/"},{"@type":"ListItem","position":2,"name":"La reina Camila de Inglaterra dijo que le result\u00f3 \u201cbastante dif\u00edcil\u201d mantener en secreto el c\u00e1ncer de Carlos III\u2069"}]},{"@type":"WebSite","@id":"https:\/\/gysfm.com.ar\/inicio\/#website","url":"https:\/\/gysfm.com.ar\/inicio\/","name":"GYS NOTICIAS |","description":"DIARIO - RADIO ONLINE SAN JUAN ARGENTINA","publisher":{"@id":"https:\/\/gysfm.com.ar\/inicio\/#organization"},"potentialAction":[{"@type":"SearchAction","target":{"@type":"EntryPoint","urlTemplate":"https:\/\/gysfm.com.ar\/inicio\/?s={search_term_string}"},"query-input":{"@type":"PropertyValueSpecification","valueRequired":true,"valueName":"search_term_string"}}],"inLanguage":"es"},{"@type":"Organization","@id":"https:\/\/gysfm.com.ar\/inicio\/#organization","name":"GYS NOTICIAS |","url":"https:\/\/gysfm.com.ar\/inicio\/","logo":{"@type":"ImageObject","inLanguage":"es","@id":"https:\/\/gysfm.com.ar\/inicio\/#\/schema\/logo\/image\/","url":"https:\/\/gysfm.com.ar\/inicio\/wp-content\/uploads\/2023\/07\/LOGOGYS-OK.png","contentUrl":"https:\/\/gysfm.com.ar\/inicio\/wp-content\/uploads\/2023\/07\/LOGOGYS-OK.png","width":1170,"height":872,"caption":"GYS NOTICIAS |"},"image":{"@id":"https:\/\/gysfm.com.ar\/inicio\/#\/schema\/logo\/image\/"}},{"@type":"Person","@id":"https:\/\/gysfm.com.ar\/inicio\/#\/schema\/person\/3abba7593ef2ad19e1be221d54383dc5","name":"Prensa G&amp;S FM","image":{"@type":"ImageObject","inLanguage":"es","@id":"https:\/\/gysfm.com.ar\/inicio\/#\/schema\/person\/image\/","url":"https:\/\/secure.gravatar.com\/avatar\/096ec78df02049ab018702bb4ccedf659377fa92a26540b5247612077a0dbd29?s=96&d=mm&r=g","contentUrl":"https:\/\/secure.gravatar.com\/avatar\/096ec78df02049ab018702bb4ccedf659377fa92a26540b5247612077a0dbd29?s=96&d=mm&r=g","caption":"Prensa G&amp;S FM"},"sameAs":["https:\/\/gysfm.com.ar\/"],"url":"https:\/\/gysfm.com.ar\/inicio\/author\/lucasm\/"}]}},"_links":{"self":[{"href":"https:\/\/gysfm.com.ar\/inicio\/wp-json\/wp\/v2\/posts\/208667","targetHints":{"allow":["GET"]}}],"collection":[{"href":"https:\/\/gysfm.com.ar\/inicio\/wp-json\/wp\/v2\/posts"}],"about":[{"href":"https:\/\/gysfm.com.ar\/inicio\/wp-json\/wp\/v2\/types\/post"}],"author":[{"embeddable":true,"href":"https:\/\/gysfm.com.ar\/inicio\/wp-json\/wp\/v2\/users\/2"}],"replies":[{"embeddable":true,"href":"https:\/\/gysfm.com.ar\/inicio\/wp-json\/wp\/v2\/comments?post=208667"}],"version-history":[{"count":1,"href":"https:\/\/gysfm.com.ar\/inicio\/wp-json\/wp\/v2\/posts\/208667\/revisions"}],"predecessor-version":[{"id":208669,"href":"https:\/\/gysfm.com.ar\/inicio\/wp-json\/wp\/v2\/posts\/208667\/revisions\/208669"}],"wp:featuredmedia":[{"embeddable":true,"href":"https:\/\/gysfm.com.ar\/inicio\/wp-json\/wp\/v2\/media\/208668"}],"wp:attachment":[{"href":"https:\/\/gysfm.com.ar\/inicio\/wp-json\/wp\/v2\/media?parent=208667"}],"wp:term":[{"taxonomy":"category","embeddable":true,"href":"https:\/\/gysfm.com.ar\/inicio\/wp-json\/wp\/v2\/categories?post=208667"},{"taxonomy":"post_tag","embeddable":true,"href":"https:\/\/gysfm.com.ar\/inicio\/wp-json\/wp\/v2\/tags?post=208667"}],"curies":[{"name":"wp","href":"https:\/\/api.w.org\/{rel}","templated":true}]}}