{"id":208659,"date":"2026-08-19T07:21:05","date_gmt":"2026-08-19T10:21:05","guid":{"rendered":"https:\/\/gysfm.com.ar\/inicio\/la-cadena-abc-demanda-al-ente-regulador-de-los-medios-en-ee-uu-por-un-presunto-intento-de-censura-de-trump\/"},"modified":"2026-08-19T07:21:13","modified_gmt":"2026-08-19T10:21:13","slug":"la-cadena-abc-demanda-al-ente-regulador-de-los-medios-en-ee-uu-por-un-presunto-intento-de-censura-de-trump","status":"publish","type":"post","link":"https:\/\/gysfm.com.ar\/inicio\/la-cadena-abc-demanda-al-ente-regulador-de-los-medios-en-ee-uu-por-un-presunto-intento-de-censura-de-trump\/","title":{"rendered":"La cadena ABC demanda al ente regulador de los medios en EE.UU. por un presunto intento de censura de Trump"},"content":{"rendered":"<p> <br \/>\n<\/p>\n<div>\n<p class=\"com-paragraph --capital --s\">WASHINGTON.\u2013 Disney y su filial ABC presentaron el martes una demanda \u200ccontra la Comisi\u00f3n \u200cFederal \u2060de Comunicaciones de Estados Unidos (FCC, por sus siglas en ingl\u00e9s) <strong>para impedir una revisi\u00f3n anticipada de las licencias de ocho emisoras<\/strong>, alegando que el gobierno \u200bdel \u2060presidente norteamericano, <strong>\u2060<\/strong><a href=\"https:\/\/www.lanacion.com.ar\/estados-unidos\/la-aprobacion-de-trump-se-desploma-en-medio-de-la-guerra-y-antes-de-las-elecciones-de-medio-termino-nid18082026\/\" target=\"_self\" title=\"https:\/\/www.lanacion.com.ar\/estados-unidos\/la-aprobacion-de-trump-se-desploma-en-medio-de-la-guerra-y-antes-de-las-elecciones-de-medio-termino-nid18082026\/\" class=\"com-link break-word\" data-mrf-recirculation=\"n_link_parrafo\"><strong>Donald Trump<\/strong><\/a>, est\u00e1 intentando castigar a la cadena <a href=\"https:\/\/www.lanacion.com.ar\/estados-unidos\/las-principales-cadenas-de-television-se-negaron-a-transmitir-el-discurso-de-trump-sobre-la-nid17072026\/\" target=\"_self\" title=\"https:\/\/www.lanacion.com.ar\/estados-unidos\/las-principales-cadenas-de-television-se-negaron-a-transmitir-el-discurso-de-trump-sobre-la-nid17072026\/\" class=\"com-link break-word\" data-mrf-recirculation=\"n_link_parrafo\">por los contenidos que \u200bemite<\/a>.<\/p>\n<p class=\"com-paragraph --s\"><a href=\"https:\/\/www.lanacion.com.ar\/estados-unidos\/trump-pidio-que-despidan-a-jimmy-kimmel-por-un-chiste-sobre-melania-antes-del-tiroteo-nid27042026\/\" target=\"_self\" title=\"https:\/\/www.lanacion.com.ar\/estados-unidos\/trump-pidio-que-despidan-a-jimmy-kimmel-por-un-chiste-sobre-melania-antes-del-tiroteo-nid27042026\/\" class=\"com-link break-word\" data-mrf-recirculation=\"n_link_parrafo\">Trump ha instado repetidas veces<\/a> a las cadenas de \u200ctelevisi\u00f3n <strong>a retirar los programas de humor o \u200bde noticias <\/strong>que no \u200ble gustan o que han sido cr\u00edticos, presionando a la FCC en numerosas ocasiones para que revoque las licencias de ABC.<\/p>\n<div class=\"content-media\">\n<section role=\"button\" class=\"mod-media   \">\n<figure role=\"button\" tabindex=\"0\" class=\"mod-figure \"><figcaption class=\"mod-figcaption\"><span class=\"com-text --caption --twoxs\">Trabajadores en el centro de prensa y la sala de entrevistas del debate presidencial de ABC News para las \u00faltimas elecciones norteamericanas, en Filadelfia, Pensilvania<\/span><span class=\"com-text --credit --twoxs\">SAUL LOEB &#8211; AFP<\/span><\/figcaption><\/figure>\n<\/section>\n<\/div>\n<p class=\"com-paragraph --s\">En la demanda presentada ante la Corte de Distrito en Washington, Disney acus\u00f3 al gobierno de Trump de hacer, a trav\u00e9s de la FCC, una <strong>\u201ccampa\u00f1a de represalia contra ABC por una sola raz\u00f3n: desaprueba lo que ABC transmite\u201d<\/strong>.<\/p>\n<p class=\"com-paragraph --s\">\u201cCon el tiempo,<strong> esos ataques se han intensificado hasta convertirse en exigencias expl\u00edcitas<\/strong> de que a ABC se le retiren sus licencias de transmisi\u00f3n debido a su discurso\u201d, se\u00f1al\u00f3 la empresa.<\/p>\n<p class=\"com-paragraph --s\">Disney y ABC solicitaron al tribunal <strong>que dicte con rapidez \u200cuna orden de restricci\u00f3n temporal <\/strong>que detenga el procedimiento de renovaci\u00f3n de la licencia e impida a la FCC convocar una audiencia, <strong>procesos que podr\u00edan representar una \u201camenaza existencial\u201d para sus operaciones<\/strong>, sostuvieron. La empresa se\u00f1al\u00f3 que el plazo de comentarios p\u00fablicos finaliz\u00f3 a principios de mes y que la FCC podr\u00eda actuar en cualquier momento.<\/p>\n<div class=\"content-media\">\n<section role=\"button\" class=\"mod-media   \">\n<figure role=\"button\" tabindex=\"0\" class=\"mod-figure \"><figcaption class=\"mod-figcaption\"><span class=\"com-text --caption --twoxs\">El logotipo de la cadena de televisi\u00f3n ABC aparece en el exterior de un edificio de The Walt Disney Studios, en Burbank, California<\/span><span class=\"com-text --credit --twoxs\">PATRICK T. FALLON &#8211; AFP<\/span><\/figcaption><\/figure>\n<\/section>\n<\/div>\n<p class=\"com-paragraph --s\">La demanda alega que el gobierno est\u00e1<strong> violando los derechos de libertad de expresi\u00f3n de la empresa <\/strong>amparados \u2060por la Primera Enmienda.<\/p>\n<p class=\"com-paragraph --s\">\u201cUna y otra vez, <strong>la Administraci\u00f3n ha \u200catacado la libertad de expresi\u00f3n de ABC<\/strong>; las noticias \u2060que informan sus periodistas y los puntos de \u2060vista que emiten los programas de su cadena\u201d, se\u00f1al\u00f3 la empresa.<\/p>\n<p class=\"com-paragraph --s\">La Casa Blanca no hizo comentarios de inmediato.<\/p>\n<p><h2 class=\"font-primary font-w-bold text-subheading-lg text-left container-center-100 mb-8\"><span>La batalla con los medios<\/span><\/h2>\n<\/p>\n<p class=\"com-paragraph --s\">La demanda es inusual y constituye un caso poco frecuente de una importante organizaci\u00f3n de medios que lleva al gobierno de Trump ante los tribunales por <strong>su sostenida campa\u00f1a para castigar a la prensa nacional <\/strong>mediante regulaciones y demandas judiciales.<\/p>\n<p class=\"com-paragraph --s\">ABC es propietaria y <strong>opera ocho estaciones locales que transmiten su programaci\u00f3n en todo el pa\u00eds<\/strong>, incluidas las de grandes mercados como Nueva York, Los \u00c1ngeles y Chicago. Como todas las estaciones locales, solo pueden operar con licencias controladas por la FCC.<\/p>\n<p class=\"com-paragraph --s\">El presidente de la FCC, <strong>Brendan Carr<\/strong>, que no hizo comentarios de inmediato el martes, orden\u00f3 \u200clas revisiones en abril, <strong>pese \u200ba que no estaba previsto que se examinaran las renovaciones <\/strong>de las licencias antes de octubre de 2028. La FCC no hab\u00eda ordenado una revisi\u00f3n anticipada en m\u00e1s de \u200c50 a\u00f1os antes de abril.<\/p>\n<div class=\"content-media\">\n<section role=\"button\" class=\"mod-media   \">\n<figure role=\"button\" tabindex=\"0\" class=\"mod-figure \"><figcaption class=\"mod-figcaption\"><span class=\"com-text --caption --twoxs\">Seguidores de Jimmy Kimmel protestan tras el cruce del conductor con el presidente norteamericano<\/span><\/figcaption><\/figure>\n<\/section>\n<\/div>\n<p class=\"com-paragraph --s\">La decisi\u00f3n de Carr se produjo despu\u00e9s de que el conductor del programa nocturno de ABC, <strong>Jimmy Kimmel<\/strong>,<strong> enfureciera al presidente Trump<\/strong> con un chiste durante uno de sus mon\u00f3logos tras el asesinato del activista conservador <a href=\"https:\/\/www.lanacion.com.ar\/estados-unidos\/quien-es-charlie-kirk-el-activista-conservador-que-recibio-un-disparo-durante-un-acto-nid10092025\/\" target=\"_self\" title=\"https:\/\/www.lanacion.com.ar\/estados-unidos\/quien-es-charlie-kirk-el-activista-conservador-que-recibio-un-disparo-durante-un-acto-nid10092025\/\" class=\"com-link break-word\" data-mrf-recirculation=\"n_link_parrafo\"><strong>Charlie Kirk<\/strong><\/a>.<\/p>\n<p class=\"com-paragraph --s\"><strong>\u201cCuando uno ve cosas como esta, podemos hacerlo por las buenas o por las malas\u201d<\/strong>, dijo entonces el presidente de la FCC al conductor de un podcast. \u201cEstas empresas pueden encontrar la manera de cambiar su conducta y tomar medidas, francamente, contra Kimmel; <strong>de lo contrario, habr\u00e1 trabajo adicional para la FCC<\/strong>\u201d, advirti\u00f3.<\/p>\n<p class=\"com-paragraph --s\"><strong>La FCC investig\u00f3 a ABC y Disney por sus pol\u00edticas de diversidad <\/strong>y para determinar si el programa de entrevistas diurno \u201cThe View\u201d deb\u00eda cumplir con la norma de igualdad de tiempo de la comisi\u00f3n, que exige brindar el mismo espacio a candidatos de ambos partidos durante una elecci\u00f3n.<\/p>\n<p class=\"com-paragraph --s\"><strong>Agencias AFP y Reuters y diarios <\/strong><em><strong>The New York Times <\/strong><\/em><strong>y <\/strong><em><strong>The Washington Post<\/strong><\/em><\/p>\n<section class=\"container-center-100 mb-40 border border-bottom border-thin border-neutral-light-700\">\n<hr\/>\n<\/section>\n<\/div>\n<p><script id=\"facebookpixel\" defer=\"\" type=\"text\/javascript\">\n        !function(f,b,e,v,n,t,s)\n        {if(f.fbq)return;n=f.fbq=function(){n.callMethod?\n        n.callMethod.apply(n,arguments):n.queue.push(arguments)};\n        if(!f._fbq)f._fbq=n;n.push=n;n.loaded=!0;n.version='2.0';\n        n.queue=[];t=b.createElement(e);t.async=!0;\n        t.src=v;s=b.getElementsByTagName(e)[0];\n        s.parentNode.insertBefore(t,s)}(window, document,'script',\n        'https:\/\/connect.facebook.net\/en_US\/fbevents.js');\n        fbq('init', '492459597522335');\n        fbq('track', 'PageView');\n    <\/script><br \/>\n<br \/><\/p>\n","protected":false},"excerpt":{"rendered":"<p>WASHINGTON.\u2013 Disney y su filial ABC presentaron el martes una demanda \u200ccontra la Comisi\u00f3n \u200cFederal \u2060de Comunicaciones de Estados Unidos (FCC, por sus siglas en ingl\u00e9s) para impedir una revisi\u00f3n anticipada de las licencias de ocho emisoras, alegando que el gobierno \u200bdel \u2060presidente norteamericano, \u2060Donald Trump, est\u00e1 intentando castigar a la cadena por los contenidos [&hellip;]<\/p>\n","protected":false},"author":2,"featured_media":208660,"comment_status":"closed","ping_status":"closed","sticky":false,"template":"","format":"standard","meta":{"footnotes":""},"categories":[26],"tags":[],"class_list":["post-208659","post","type-post","status-publish","format-standard","has-post-thumbnail","hentry","category-internacionales"],"yoast_head":"<!-- This site is optimized with the Yoast SEO plugin v24.4 - https:\/\/yoast.com\/wordpress\/plugins\/seo\/ -->\n<title>La cadena ABC demanda al ente regulador de los medios en EE.UU. por un presunto intento de censura de Trump - GYS NOTICIAS |<\/title>\n<meta name=\"robots\" content=\"index, follow, max-snippet:-1, max-image-preview:large, max-video-preview:-1\" \/>\n<link rel=\"canonical\" href=\"https:\/\/gysfm.com.ar\/inicio\/la-cadena-abc-demanda-al-ente-regulador-de-los-medios-en-ee-uu-por-un-presunto-intento-de-censura-de-trump\/\" \/>\n<meta property=\"og:locale\" content=\"es_ES\" \/>\n<meta property=\"og:type\" content=\"article\" \/>\n<meta property=\"og:title\" content=\"La cadena ABC demanda al ente regulador de los medios en EE.UU. por un presunto intento de censura de Trump - GYS NOTICIAS |\" \/>\n<meta property=\"og:description\" content=\"WASHINGTON.\u2013 Disney y su filial ABC presentaron el martes una demanda \u200ccontra la Comisi\u00f3n \u200cFederal \u2060de Comunicaciones de Estados Unidos (FCC, por sus siglas en ingl\u00e9s) para impedir una revisi\u00f3n anticipada de las licencias de ocho emisoras, alegando que el gobierno \u200bdel \u2060presidente norteamericano, \u2060Donald Trump, est\u00e1 intentando castigar a la cadena por los contenidos [&hellip;]\" \/>\n<meta property=\"og:url\" content=\"https:\/\/gysfm.com.ar\/inicio\/la-cadena-abc-demanda-al-ente-regulador-de-los-medios-en-ee-uu-por-un-presunto-intento-de-censura-de-trump\/\" \/>\n<meta property=\"og:site_name\" content=\"GYS NOTICIAS |\" \/>\n<meta property=\"article:published_time\" content=\"2026-08-19T10:21:05+00:00\" \/>\n<meta property=\"article:modified_time\" content=\"2026-08-19T10:21:13+00:00\" \/>\n<meta property=\"og:image\" content=\"https:\/\/gysfm.com.ar\/inicio\/wp-content\/uploads\/2026\/08\/jimmy-kimmel-en-la-mira-de-de-74UU6PFDEVA3HEG2QMBFN5SKJQ.jpg\" \/>\n\t<meta property=\"og:image:width\" content=\"1200\" \/>\n\t<meta property=\"og:image:height\" content=\"800\" \/>\n\t<meta property=\"og:image:type\" content=\"image\/jpeg\" \/>\n<meta name=\"author\" content=\"Prensa G&amp;S FM\" \/>\n<meta name=\"twitter:card\" content=\"summary_large_image\" \/>\n<meta name=\"twitter:label1\" content=\"Escrito por\" \/>\n\t<meta name=\"twitter:data1\" content=\"Prensa G&amp;S FM\" \/>\n\t<meta name=\"twitter:label2\" content=\"Tiempo de lectura\" \/>\n\t<meta name=\"twitter:data2\" content=\"3 minutos\" \/>\n<script type=\"application\/ld+json\" class=\"yoast-schema-graph\">{\"@context\":\"https:\/\/schema.org\",\"@graph\":[{\"@type\":\"Article\",\"@id\":\"https:\/\/gysfm.com.ar\/inicio\/la-cadena-abc-demanda-al-ente-regulador-de-los-medios-en-ee-uu-por-un-presunto-intento-de-censura-de-trump\/#article\",\"isPartOf\":{\"@id\":\"https:\/\/gysfm.com.ar\/inicio\/la-cadena-abc-demanda-al-ente-regulador-de-los-medios-en-ee-uu-por-un-presunto-intento-de-censura-de-trump\/\"},\"author\":{\"name\":\"Prensa G&amp;S FM\",\"@id\":\"https:\/\/gysfm.com.ar\/inicio\/#\/schema\/person\/3abba7593ef2ad19e1be221d54383dc5\"},\"headline\":\"La cadena ABC demanda al ente regulador de los medios en EE.UU. por un presunto intento de censura de Trump\",\"datePublished\":\"2026-08-19T10:21:05+00:00\",\"dateModified\":\"2026-08-19T10:21:13+00:00\",\"mainEntityOfPage\":{\"@id\":\"https:\/\/gysfm.com.ar\/inicio\/la-cadena-abc-demanda-al-ente-regulador-de-los-medios-en-ee-uu-por-un-presunto-intento-de-censura-de-trump\/\"},\"wordCount\":725,\"publisher\":{\"@id\":\"https:\/\/gysfm.com.ar\/inicio\/#organization\"},\"image\":{\"@id\":\"https:\/\/gysfm.com.ar\/inicio\/la-cadena-abc-demanda-al-ente-regulador-de-los-medios-en-ee-uu-por-un-presunto-intento-de-censura-de-trump\/#primaryimage\"},\"thumbnailUrl\":\"https:\/\/gysfm.com.ar\/inicio\/wp-content\/uploads\/2026\/08\/jimmy-kimmel-en-la-mira-de-de-74UU6PFDEVA3HEG2QMBFN5SKJQ.jpg\",\"articleSection\":[\"INTERNACIONALES\"],\"inLanguage\":\"es\"},{\"@type\":\"WebPage\",\"@id\":\"https:\/\/gysfm.com.ar\/inicio\/la-cadena-abc-demanda-al-ente-regulador-de-los-medios-en-ee-uu-por-un-presunto-intento-de-censura-de-trump\/\",\"url\":\"https:\/\/gysfm.com.ar\/inicio\/la-cadena-abc-demanda-al-ente-regulador-de-los-medios-en-ee-uu-por-un-presunto-intento-de-censura-de-trump\/\",\"name\":\"La cadena ABC demanda al ente regulador de los medios en EE.UU. por un presunto intento de censura de Trump - GYS NOTICIAS |\",\"isPartOf\":{\"@id\":\"https:\/\/gysfm.com.ar\/inicio\/#website\"},\"primaryImageOfPage\":{\"@id\":\"https:\/\/gysfm.com.ar\/inicio\/la-cadena-abc-demanda-al-ente-regulador-de-los-medios-en-ee-uu-por-un-presunto-intento-de-censura-de-trump\/#primaryimage\"},\"image\":{\"@id\":\"https:\/\/gysfm.com.ar\/inicio\/la-cadena-abc-demanda-al-ente-regulador-de-los-medios-en-ee-uu-por-un-presunto-intento-de-censura-de-trump\/#primaryimage\"},\"thumbnailUrl\":\"https:\/\/gysfm.com.ar\/inicio\/wp-content\/uploads\/2026\/08\/jimmy-kimmel-en-la-mira-de-de-74UU6PFDEVA3HEG2QMBFN5SKJQ.jpg\",\"datePublished\":\"2026-08-19T10:21:05+00:00\",\"dateModified\":\"2026-08-19T10:21:13+00:00\",\"breadcrumb\":{\"@id\":\"https:\/\/gysfm.com.ar\/inicio\/la-cadena-abc-demanda-al-ente-regulador-de-los-medios-en-ee-uu-por-un-presunto-intento-de-censura-de-trump\/#breadcrumb\"},\"inLanguage\":\"es\",\"potentialAction\":[{\"@type\":\"ReadAction\",\"target\":[\"https:\/\/gysfm.com.ar\/inicio\/la-cadena-abc-demanda-al-ente-regulador-de-los-medios-en-ee-uu-por-un-presunto-intento-de-censura-de-trump\/\"]}]},{\"@type\":\"ImageObject\",\"inLanguage\":\"es\",\"@id\":\"https:\/\/gysfm.com.ar\/inicio\/la-cadena-abc-demanda-al-ente-regulador-de-los-medios-en-ee-uu-por-un-presunto-intento-de-censura-de-trump\/#primaryimage\",\"url\":\"https:\/\/gysfm.com.ar\/inicio\/wp-content\/uploads\/2026\/08\/jimmy-kimmel-en-la-mira-de-de-74UU6PFDEVA3HEG2QMBFN5SKJQ.jpg\",\"contentUrl\":\"https:\/\/gysfm.com.ar\/inicio\/wp-content\/uploads\/2026\/08\/jimmy-kimmel-en-la-mira-de-de-74UU6PFDEVA3HEG2QMBFN5SKJQ.jpg\",\"width\":1200,\"height\":800},{\"@type\":\"BreadcrumbList\",\"@id\":\"https:\/\/gysfm.com.ar\/inicio\/la-cadena-abc-demanda-al-ente-regulador-de-los-medios-en-ee-uu-por-un-presunto-intento-de-censura-de-trump\/#breadcrumb\",\"itemListElement\":[{\"@type\":\"ListItem\",\"position\":1,\"name\":\"Portada\",\"item\":\"https:\/\/gysfm.com.ar\/inicio\/\"},{\"@type\":\"ListItem\",\"position\":2,\"name\":\"La cadena ABC demanda al ente regulador de los medios en EE.UU. por un presunto intento de censura de Trump\"}]},{\"@type\":\"WebSite\",\"@id\":\"https:\/\/gysfm.com.ar\/inicio\/#website\",\"url\":\"https:\/\/gysfm.com.ar\/inicio\/\",\"name\":\"GYS NOTICIAS |\",\"description\":\"DIARIO - RADIO ONLINE SAN JUAN ARGENTINA\",\"publisher\":{\"@id\":\"https:\/\/gysfm.com.ar\/inicio\/#organization\"},\"potentialAction\":[{\"@type\":\"SearchAction\",\"target\":{\"@type\":\"EntryPoint\",\"urlTemplate\":\"https:\/\/gysfm.com.ar\/inicio\/?s={search_term_string}\"},\"query-input\":{\"@type\":\"PropertyValueSpecification\",\"valueRequired\":true,\"valueName\":\"search_term_string\"}}],\"inLanguage\":\"es\"},{\"@type\":\"Organization\",\"@id\":\"https:\/\/gysfm.com.ar\/inicio\/#organization\",\"name\":\"GYS NOTICIAS |\",\"url\":\"https:\/\/gysfm.com.ar\/inicio\/\",\"logo\":{\"@type\":\"ImageObject\",\"inLanguage\":\"es\",\"@id\":\"https:\/\/gysfm.com.ar\/inicio\/#\/schema\/logo\/image\/\",\"url\":\"https:\/\/gysfm.com.ar\/inicio\/wp-content\/uploads\/2023\/07\/LOGOGYS-OK.png\",\"contentUrl\":\"https:\/\/gysfm.com.ar\/inicio\/wp-content\/uploads\/2023\/07\/LOGOGYS-OK.png\",\"width\":1170,\"height\":872,\"caption\":\"GYS NOTICIAS |\"},\"image\":{\"@id\":\"https:\/\/gysfm.com.ar\/inicio\/#\/schema\/logo\/image\/\"}},{\"@type\":\"Person\",\"@id\":\"https:\/\/gysfm.com.ar\/inicio\/#\/schema\/person\/3abba7593ef2ad19e1be221d54383dc5\",\"name\":\"Prensa G&amp;S FM\",\"image\":{\"@type\":\"ImageObject\",\"inLanguage\":\"es\",\"@id\":\"https:\/\/gysfm.com.ar\/inicio\/#\/schema\/person\/image\/\",\"url\":\"https:\/\/secure.gravatar.com\/avatar\/096ec78df02049ab018702bb4ccedf659377fa92a26540b5247612077a0dbd29?s=96&d=mm&r=g\",\"contentUrl\":\"https:\/\/secure.gravatar.com\/avatar\/096ec78df02049ab018702bb4ccedf659377fa92a26540b5247612077a0dbd29?s=96&d=mm&r=g\",\"caption\":\"Prensa G&amp;S FM\"},\"sameAs\":[\"https:\/\/gysfm.com.ar\/\"],\"url\":\"https:\/\/gysfm.com.ar\/inicio\/author\/lucasm\/\"}]}<\/script>\n<!-- \/ Yoast SEO plugin. -->","yoast_head_json":{"title":"La cadena ABC demanda al ente regulador de los medios en EE.UU. por un presunto intento de censura de Trump - GYS NOTICIAS |","robots":{"index":"index","follow":"follow","max-snippet":"max-snippet:-1","max-image-preview":"max-image-preview:large","max-video-preview":"max-video-preview:-1"},"canonical":"https:\/\/gysfm.com.ar\/inicio\/la-cadena-abc-demanda-al-ente-regulador-de-los-medios-en-ee-uu-por-un-presunto-intento-de-censura-de-trump\/","og_locale":"es_ES","og_type":"article","og_title":"La cadena ABC demanda al ente regulador de los medios en EE.UU. por un presunto intento de censura de Trump - GYS NOTICIAS |","og_description":"WASHINGTON.\u2013 Disney y su filial ABC presentaron el martes una demanda \u200ccontra la Comisi\u00f3n \u200cFederal \u2060de Comunicaciones de Estados Unidos (FCC, por sus siglas en ingl\u00e9s) para impedir una revisi\u00f3n anticipada de las licencias de ocho emisoras, alegando que el gobierno \u200bdel \u2060presidente norteamericano, \u2060Donald Trump, est\u00e1 intentando castigar a la cadena por los contenidos [&hellip;]","og_url":"https:\/\/gysfm.com.ar\/inicio\/la-cadena-abc-demanda-al-ente-regulador-de-los-medios-en-ee-uu-por-un-presunto-intento-de-censura-de-trump\/","og_site_name":"GYS NOTICIAS |","article_published_time":"2026-08-19T10:21:05+00:00","article_modified_time":"2026-08-19T10:21:13+00:00","og_image":[{"width":1200,"height":800,"url":"https:\/\/gysfm.com.ar\/inicio\/wp-content\/uploads\/2026\/08\/jimmy-kimmel-en-la-mira-de-de-74UU6PFDEVA3HEG2QMBFN5SKJQ.jpg","type":"image\/jpeg"}],"author":"Prensa G&amp;S FM","twitter_card":"summary_large_image","twitter_misc":{"Escrito por":"Prensa G&amp;S FM","Tiempo de lectura":"3 minutos"},"schema":{"@context":"https:\/\/schema.org","@graph":[{"@type":"Article","@id":"https:\/\/gysfm.com.ar\/inicio\/la-cadena-abc-demanda-al-ente-regulador-de-los-medios-en-ee-uu-por-un-presunto-intento-de-censura-de-trump\/#article","isPartOf":{"@id":"https:\/\/gysfm.com.ar\/inicio\/la-cadena-abc-demanda-al-ente-regulador-de-los-medios-en-ee-uu-por-un-presunto-intento-de-censura-de-trump\/"},"author":{"name":"Prensa G&amp;S FM","@id":"https:\/\/gysfm.com.ar\/inicio\/#\/schema\/person\/3abba7593ef2ad19e1be221d54383dc5"},"headline":"La cadena ABC demanda al ente regulador de los medios en EE.UU. por un presunto intento de censura de Trump","datePublished":"2026-08-19T10:21:05+00:00","dateModified":"2026-08-19T10:21:13+00:00","mainEntityOfPage":{"@id":"https:\/\/gysfm.com.ar\/inicio\/la-cadena-abc-demanda-al-ente-regulador-de-los-medios-en-ee-uu-por-un-presunto-intento-de-censura-de-trump\/"},"wordCount":725,"publisher":{"@id":"https:\/\/gysfm.com.ar\/inicio\/#organization"},"image":{"@id":"https:\/\/gysfm.com.ar\/inicio\/la-cadena-abc-demanda-al-ente-regulador-de-los-medios-en-ee-uu-por-un-presunto-intento-de-censura-de-trump\/#primaryimage"},"thumbnailUrl":"https:\/\/gysfm.com.ar\/inicio\/wp-content\/uploads\/2026\/08\/jimmy-kimmel-en-la-mira-de-de-74UU6PFDEVA3HEG2QMBFN5SKJQ.jpg","articleSection":["INTERNACIONALES"],"inLanguage":"es"},{"@type":"WebPage","@id":"https:\/\/gysfm.com.ar\/inicio\/la-cadena-abc-demanda-al-ente-regulador-de-los-medios-en-ee-uu-por-un-presunto-intento-de-censura-de-trump\/","url":"https:\/\/gysfm.com.ar\/inicio\/la-cadena-abc-demanda-al-ente-regulador-de-los-medios-en-ee-uu-por-un-presunto-intento-de-censura-de-trump\/","name":"La cadena ABC demanda al ente regulador de los medios en EE.UU. por un presunto intento de censura de Trump - GYS NOTICIAS |","isPartOf":{"@id":"https:\/\/gysfm.com.ar\/inicio\/#website"},"primaryImageOfPage":{"@id":"https:\/\/gysfm.com.ar\/inicio\/la-cadena-abc-demanda-al-ente-regulador-de-los-medios-en-ee-uu-por-un-presunto-intento-de-censura-de-trump\/#primaryimage"},"image":{"@id":"https:\/\/gysfm.com.ar\/inicio\/la-cadena-abc-demanda-al-ente-regulador-de-los-medios-en-ee-uu-por-un-presunto-intento-de-censura-de-trump\/#primaryimage"},"thumbnailUrl":"https:\/\/gysfm.com.ar\/inicio\/wp-content\/uploads\/2026\/08\/jimmy-kimmel-en-la-mira-de-de-74UU6PFDEVA3HEG2QMBFN5SKJQ.jpg","datePublished":"2026-08-19T10:21:05+00:00","dateModified":"2026-08-19T10:21:13+00:00","breadcrumb":{"@id":"https:\/\/gysfm.com.ar\/inicio\/la-cadena-abc-demanda-al-ente-regulador-de-los-medios-en-ee-uu-por-un-presunto-intento-de-censura-de-trump\/#breadcrumb"},"inLanguage":"es","potentialAction":[{"@type":"ReadAction","target":["https:\/\/gysfm.com.ar\/inicio\/la-cadena-abc-demanda-al-ente-regulador-de-los-medios-en-ee-uu-por-un-presunto-intento-de-censura-de-trump\/"]}]},{"@type":"ImageObject","inLanguage":"es","@id":"https:\/\/gysfm.com.ar\/inicio\/la-cadena-abc-demanda-al-ente-regulador-de-los-medios-en-ee-uu-por-un-presunto-intento-de-censura-de-trump\/#primaryimage","url":"https:\/\/gysfm.com.ar\/inicio\/wp-content\/uploads\/2026\/08\/jimmy-kimmel-en-la-mira-de-de-74UU6PFDEVA3HEG2QMBFN5SKJQ.jpg","contentUrl":"https:\/\/gysfm.com.ar\/inicio\/wp-content\/uploads\/2026\/08\/jimmy-kimmel-en-la-mira-de-de-74UU6PFDEVA3HEG2QMBFN5SKJQ.jpg","width":1200,"height":800},{"@type":"BreadcrumbList","@id":"https:\/\/gysfm.com.ar\/inicio\/la-cadena-abc-demanda-al-ente-regulador-de-los-medios-en-ee-uu-por-un-presunto-intento-de-censura-de-trump\/#breadcrumb","itemListElement":[{"@type":"ListItem","position":1,"name":"Portada","item":"https:\/\/gysfm.com.ar\/inicio\/"},{"@type":"ListItem","position":2,"name":"La cadena ABC demanda al ente regulador de los medios en EE.UU. por un presunto intento de censura de Trump"}]},{"@type":"WebSite","@id":"https:\/\/gysfm.com.ar\/inicio\/#website","url":"https:\/\/gysfm.com.ar\/inicio\/","name":"GYS NOTICIAS |","description":"DIARIO - RADIO ONLINE SAN JUAN ARGENTINA","publisher":{"@id":"https:\/\/gysfm.com.ar\/inicio\/#organization"},"potentialAction":[{"@type":"SearchAction","target":{"@type":"EntryPoint","urlTemplate":"https:\/\/gysfm.com.ar\/inicio\/?s={search_term_string}"},"query-input":{"@type":"PropertyValueSpecification","valueRequired":true,"valueName":"search_term_string"}}],"inLanguage":"es"},{"@type":"Organization","@id":"https:\/\/gysfm.com.ar\/inicio\/#organization","name":"GYS NOTICIAS |","url":"https:\/\/gysfm.com.ar\/inicio\/","logo":{"@type":"ImageObject","inLanguage":"es","@id":"https:\/\/gysfm.com.ar\/inicio\/#\/schema\/logo\/image\/","url":"https:\/\/gysfm.com.ar\/inicio\/wp-content\/uploads\/2023\/07\/LOGOGYS-OK.png","contentUrl":"https:\/\/gysfm.com.ar\/inicio\/wp-content\/uploads\/2023\/07\/LOGOGYS-OK.png","width":1170,"height":872,"caption":"GYS NOTICIAS |"},"image":{"@id":"https:\/\/gysfm.com.ar\/inicio\/#\/schema\/logo\/image\/"}},{"@type":"Person","@id":"https:\/\/gysfm.com.ar\/inicio\/#\/schema\/person\/3abba7593ef2ad19e1be221d54383dc5","name":"Prensa G&amp;S FM","image":{"@type":"ImageObject","inLanguage":"es","@id":"https:\/\/gysfm.com.ar\/inicio\/#\/schema\/person\/image\/","url":"https:\/\/secure.gravatar.com\/avatar\/096ec78df02049ab018702bb4ccedf659377fa92a26540b5247612077a0dbd29?s=96&d=mm&r=g","contentUrl":"https:\/\/secure.gravatar.com\/avatar\/096ec78df02049ab018702bb4ccedf659377fa92a26540b5247612077a0dbd29?s=96&d=mm&r=g","caption":"Prensa G&amp;S FM"},"sameAs":["https:\/\/gysfm.com.ar\/"],"url":"https:\/\/gysfm.com.ar\/inicio\/author\/lucasm\/"}]}},"_links":{"self":[{"href":"https:\/\/gysfm.com.ar\/inicio\/wp-json\/wp\/v2\/posts\/208659","targetHints":{"allow":["GET"]}}],"collection":[{"href":"https:\/\/gysfm.com.ar\/inicio\/wp-json\/wp\/v2\/posts"}],"about":[{"href":"https:\/\/gysfm.com.ar\/inicio\/wp-json\/wp\/v2\/types\/post"}],"author":[{"embeddable":true,"href":"https:\/\/gysfm.com.ar\/inicio\/wp-json\/wp\/v2\/users\/2"}],"replies":[{"embeddable":true,"href":"https:\/\/gysfm.com.ar\/inicio\/wp-json\/wp\/v2\/comments?post=208659"}],"version-history":[{"count":1,"href":"https:\/\/gysfm.com.ar\/inicio\/wp-json\/wp\/v2\/posts\/208659\/revisions"}],"predecessor-version":[{"id":208661,"href":"https:\/\/gysfm.com.ar\/inicio\/wp-json\/wp\/v2\/posts\/208659\/revisions\/208661"}],"wp:featuredmedia":[{"embeddable":true,"href":"https:\/\/gysfm.com.ar\/inicio\/wp-json\/wp\/v2\/media\/208660"}],"wp:attachment":[{"href":"https:\/\/gysfm.com.ar\/inicio\/wp-json\/wp\/v2\/media?parent=208659"}],"wp:term":[{"taxonomy":"category","embeddable":true,"href":"https:\/\/gysfm.com.ar\/inicio\/wp-json\/wp\/v2\/categories?post=208659"},{"taxonomy":"post_tag","embeddable":true,"href":"https:\/\/gysfm.com.ar\/inicio\/wp-json\/wp\/v2\/tags?post=208659"}],"curies":[{"name":"wp","href":"https:\/\/api.w.org\/{rel}","templated":true}]}}