{"id":208658,"date":"2026-08-19T07:06:09","date_gmt":"2026-08-19T10:06:09","guid":{"rendered":"https:\/\/gysfm.com.ar\/inicio\/la-inflacion-mayorista-se-desacelero-al-08-en-julio-por-la-caida-del-precio-del-petroleo\/"},"modified":"2026-08-19T07:06:09","modified_gmt":"2026-08-19T10:06:09","slug":"la-inflacion-mayorista-se-desacelero-al-08-en-julio-por-la-caida-del-precio-del-petroleo","status":"publish","type":"post","link":"https:\/\/gysfm.com.ar\/inicio\/la-inflacion-mayorista-se-desacelero-al-08-en-julio-por-la-caida-del-precio-del-petroleo\/","title":{"rendered":"La inflaci\u00f3n mayorista se desaceler\u00f3 al 0,8% en julio por la ca\u00edda del precio del petr\u00f3leo"},"content":{"rendered":"<p> <br \/>\n<\/p>\n<div>\t\t<!-- { REGION4 --> <\/p>\n<header class=\"news-headline\">\n<div class=\"news-headline__topics-and-date-wrapper\">    <span class=\"news-headline__publication-date\"> 18 de agosto 2026 &#8211; 16:08<br \/>\n            <\/span><\/div>\n<h2 class=\"news-headline__article-summary\"\/>\n<p id=\"p-1787080841720-25884\" class=\"ignore-parser\"> El IPIM del INDEC mostr\u00f3 un fuerte recorte, que fue celebrado por el Gobierno. Los efectos de la guerra en Medio Oriente tuvieron una importante incidencia.<\/p>\n<\/header>\n<div class=\"detail-highlighted-multimedia content-protected-false\">\n<figure class=\"detail-highlighted-multimedia__figure\">  <img src=\"https:\/\/media.ambito.com\/p\/cac4f2d07538261f50338138956ff7fb\/adjuntos\/239\/imagenes\/043\/505\/0043505027\/petroleo-brent-barril-estrecho-ormuz.png\" decoding=\"async\" fetchpriority=\"high\" loading=\"eager\" crossorigin=\"anonymous\" class=\"detail-highlighted-multimedia__figure-img img-fluid\" alt=\"Petroleo Brent barril Estrecho de Ormuz\" width=\"655\" height=\"368\"\/><figcaption class=\"detail-highlighted-multimedia__figcaption\"><span class=\"detail-highlighted-multimedia__copyright\"> Gentileza invezz<\/span><\/figcaption><\/figure>\n<\/div>\n<article class=\"article-body article-body--first-paragraph content-protected-false\" data-td-script-src=\"https:\/\/www.ambito.com\/td\/modulos\/encuestas\/js\/function-embeds-min-version-1787112478.js\">\n<p id=\"p-1787080841727-71700\"><strong>La inflaci\u00f3n mayorista se desaceler\u00f3 al 0,8%<\/strong> en julio, el porcentaje m\u00e1s acotado desde mayo de 2025. Sucedi\u00f3, fundamentalmente, por un descenso en los precios de la energ\u00eda, muy vol\u00e1tiles en los \u00faltimos meses por la guerra en Medio Oriente.<\/p>\n<\/article>\n<section class=\"suscription-false printed-edition\" style=\"display:none\">\n<p> El contenido al que quiere acceder es exclusivo para suscriptores.<\/p>\n<p>  <span> <button type=\"button\" name=\"button\" class=\"subscribe-btn mercadopago-btn\">suscribirse<\/button><\/span>  <span class=\"btns\"><button type=\"button\" name=\"button\" class=\"subscribe-btn reload-login\"> ya estoy suscripto<\/button><\/span>  <\/p>\n<\/section>\n<article class=\"article-body article-body--second-paragraph content-protected-false\">\n<p id=\"p-1787081104598-32052\">El \u00cdndice de Precios Internos al por Mayor (<strong>IPIM<\/strong>) del INDEC mostr\u00f3 un recorte considerable en el mes en cuesti\u00f3n, ante lo cual el presidente <strong>Javier Milei <\/strong>sali\u00f3 a celebrar en sus redes: \u00abY al final Julio empez\u00f3 con CERO\u00bb, expres\u00f3.<\/p>\n<\/article>\n<section class=\"related-news\">\t\t<span class=\"related-news__title\">Informate m\u00e1s<\/span>\t\t<\/p>\n<div class=\"row row--eq-height\">\n<div class=\"col-12 col-md-6\">\n<article class=\"news-article news-article--landscape-news news-article--landscape-news\">\n<figure class=\"news-article__figure figure\">\n\t\t\t\t\t\t\t\t\t\t\t<img src=\"https:\/\/media.ambito.com\/p\/5e49d1a9205112e4fc4167ae263284a8\/adjuntos\/351\/imagenes\/043\/283\/0043283947\/93x52\/smart\/banco-central-del-uruguay.jpeg\" decoding=\"async\" fetchpriority=\"low\" loading=\"lazy\" alt=\"El Banco Central del Uruguay decidi\u00f3 mantener las tasas de inter\u00e9s en 5,75%.\u00a0\" title=\"El Banco Central del Uruguay decidi\u00f3 mantener las tasas de inter\u00e9s en 5,75%.\u00a0\" width=\"93\" height=\"52\" class=\"news-article__figure-img figure-img img-fluid\"\/>\t\t<\/figure>\n<\/article><\/div>\n<div class=\"col-12 col-md-6\">\n<article class=\"news-article news-article--landscape-news news-article--landscape-news\">\n<figure class=\"news-article__figure figure\">\n\t\t\t\t\t\t\t\t\t\t\t<img src=\"https:\/\/media.ambito.com\/p\/3a5a0dae1f8530648cd3cb405b4f6658\/adjuntos\/351\/imagenes\/043\/426\/0043426004\/93x52\/smart\/combustibles-surtidor.jpg\" decoding=\"async\" fetchpriority=\"low\" loading=\"lazy\" alt=\"Los combustibles incidieron a la baja en los precios para el mercado interno.\" title=\"Los combustibles incidieron a la baja en los precios para el mercado interno.\" width=\"93\" height=\"52\" class=\"news-article__figure-img figure-img img-fluid\"\/>\t\t<\/figure>\n<\/article><\/div>\n<\/div>\n<\/section>\n<article class=\"article-body article-body--third-paragraph content-protected-false\">\n<p id=\"p-1787081373518-48184\">Sin embargo, cabe aclarar que la variaci\u00f3n del referencial fue influida por un derrumbe <strong>del 9,2% en los precios de la divisi\u00f3n de petr\u00f3leo y gas. <\/strong>En junio los hidrocarburos tambi\u00e9n hab\u00edan arrojado una baja, del 5,3%, tras haber escalado m\u00e1s de 50% entre marzo y mayo, como consecuencia del conflicto b\u00e9lico entre EEUU e Ir\u00e1n.<\/p>\n<\/article>\n<article class=\"article-body article-body--fourth-paragraph content-protected-false\">\n<p id=\"p-1787083365025-6980\">Esta fue la raz\u00f3n principal por la cual la inflaci\u00f3n mayorista se desaceler\u00f3 por tercer mes consecutivo y se reflejo en una ca\u00edda del 2,2% en los precios de los <strong>productos primarios de origen nacional<\/strong>. Por su parte, las <strong>manufacturas locales<\/strong> exhibieron una variaci\u00f3n casi id\u00e9ntica a la del mes pasado (+1,7% vs. +1,6%).<\/p>\n<\/article>\n<article class=\"article-body article-body--fifth-paragraph content-protected-false\">\n<p id=\"p-1787084448350-10150\">Donde s\u00ed hubo una importante merma fue en <strong>productos importados<\/strong>, que apenas avanzaron 0,5%, contra el 2,3% de junio.<\/p>\n<\/article>\n<article class=\"article-body article-body--remaining-paragraph content-protected-false\">\n<h2 id=\"p-1787084953369-39489\">Economistas ven un \u00abpiso\u00bb en la inflaci\u00f3n mayorista y muestran cautela hacia adelante<\/h2>\n<p id=\"p-1787084415656-41997\">Pese a las celebraciones del oficialismo, algunos economistas mostraron una mayor cautela a la hora de analizar el dato. <strong>\u00abLa inflaci\u00f3n mayorista no sirve como anticipo de la minorista<\/strong>: ni cuando es 5%, como en abril de este a\u00f1o, ni cuando \u00abempieza con cero\u00bb como en julio. Julio 2026 no fue, ni siquiera, el \u00abmejor\u00bb mes de la gesti\u00f3n Milei: en mayo 2025 los precios mayoristas hab\u00edan ca\u00eddo 0,3%\u00bb, remarcaron desde la Gerencia de Estudios Econ\u00f3micos del Banco Provincia.<\/p>\n<p id=\"p-1787084853391-13095\">Por su parte, <strong>Claudio Caprarulo<\/strong>, director de la consultora <strong>Analytica<\/strong>, destac\u00f3 como \u00abbuen dato\u00bb al de inflaci\u00f3n mayorista de julio, pero agreg\u00f3 que \u00ab<strong>quiz\u00e1s encontr\u00f3 su piso<\/strong>\u00ab. \u00abDif\u00edcil que sigan cayendo los precios de oil&amp;gas y los de bienes importados sigan desacelerando. Una de las principales diferencias con el \u00edndice minorista es que no mide servicios. Estos precios suben promedio 3% en los \u00faltimos dos meses y son los que m\u00e1s aumentaron desde noviembre del 2023\u00bb, profundiz\u00f3.<\/p>\n<p id=\"p-1787086089809-16097\">En el mismo sentido, <strong>Federico Machado<\/strong>, de OPEN, marc\u00f3 que \u00abeste dato no refleja una ca\u00edda de la inflaci\u00f3n subyacente, sino un fen\u00f3meno particular: ca\u00edda del petr\u00f3leo del -9% y aumento de bienes importados del 0,5%\u00bb. \u00abEl promedio del resto de las categor\u00edas ronda un aumento del 3%\u00bb, acot\u00f3.<\/p>\n<\/article>\n<p>\t\t<!-- REGION4 } --><\/div>\n<p><script>\n!function(f,b,e,v,n,t,s)\n{if(f.fbq)return;n=f.fbq=function(){n.callMethod?\nn.callMethod.apply(n,arguments):n.queue.push(arguments)};\nif(!f._fbq)f._fbq=n;n.push=n;n.loaded=!0;n.version='2.0';\nn.queue=[];t=b.createElement(e);t.async=!0;\nt.src=v;s=b.getElementsByTagName(e)[0];\ns.parentNode.insertBefore(t,s)}(window,document,'script',\n'https:\/\/connect.facebook.net\/en_US\/fbevents.js');\nfbq('init', '2047048335588113');\nfbq('track', 'PageView');\n<\/script><br \/>\n<br \/><\/p>\n","protected":false},"excerpt":{"rendered":"<p>18 de agosto 2026 &#8211; 16:08 El IPIM del INDEC mostr\u00f3 un fuerte recorte, que fue celebrado por el Gobierno. Los efectos de la guerra en Medio Oriente tuvieron una importante incidencia. Gentileza invezz La inflaci\u00f3n mayorista se desaceler\u00f3 al 0,8% en julio, el porcentaje m\u00e1s acotado desde mayo de 2025. Sucedi\u00f3, fundamentalmente, por un [&hellip;]<\/p>\n","protected":false},"author":1,"featured_media":205439,"comment_status":"closed","ping_status":"closed","sticky":false,"template":"","format":"standard","meta":{"footnotes":""},"categories":[28],"tags":[],"class_list":["post-208658","post","type-post","status-publish","format-standard","has-post-thumbnail","hentry","category-economia"],"yoast_head":"<!-- This site is optimized with the Yoast SEO plugin v24.4 - https:\/\/yoast.com\/wordpress\/plugins\/seo\/ -->\n<title>La inflaci\u00f3n mayorista se desaceler\u00f3 al 0,8% en julio por la ca\u00edda del precio del petr\u00f3leo - GYS NOTICIAS |<\/title>\n<meta name=\"robots\" content=\"index, follow, max-snippet:-1, max-image-preview:large, max-video-preview:-1\" \/>\n<link rel=\"canonical\" href=\"https:\/\/gysfm.com.ar\/inicio\/la-inflacion-mayorista-se-desacelero-al-08-en-julio-por-la-caida-del-precio-del-petroleo\/\" \/>\n<meta property=\"og:locale\" content=\"es_ES\" \/>\n<meta property=\"og:type\" content=\"article\" \/>\n<meta property=\"og:title\" content=\"La inflaci\u00f3n mayorista se desaceler\u00f3 al 0,8% en julio por la ca\u00edda del precio del petr\u00f3leo - GYS NOTICIAS |\" \/>\n<meta property=\"og:description\" content=\"18 de agosto 2026 &#8211; 16:08 El IPIM del INDEC mostr\u00f3 un fuerte recorte, que fue celebrado por el Gobierno. Los efectos de la guerra en Medio Oriente tuvieron una importante incidencia. Gentileza invezz La inflaci\u00f3n mayorista se desaceler\u00f3 al 0,8% en julio, el porcentaje m\u00e1s acotado desde mayo de 2025. Sucedi\u00f3, fundamentalmente, por un [&hellip;]\" \/>\n<meta property=\"og:url\" content=\"https:\/\/gysfm.com.ar\/inicio\/la-inflacion-mayorista-se-desacelero-al-08-en-julio-por-la-caida-del-precio-del-petroleo\/\" \/>\n<meta property=\"og:site_name\" content=\"GYS NOTICIAS |\" \/>\n<meta property=\"article:published_time\" content=\"2026-08-19T10:06:09+00:00\" \/>\n<meta property=\"og:image\" content=\"https:\/\/media.ambito.com\/p\/cac4f2d07538261f50338138956ff7fb\/adjuntos\/239\/imagenes\/043\/505\/0043505027\/petroleo-brent-barril-estrecho-ormuz.png\" \/>\n<meta name=\"author\" content=\"admin\" \/>\n<meta name=\"twitter:card\" content=\"summary_large_image\" \/>\n<meta name=\"twitter:label1\" content=\"Escrito por\" \/>\n\t<meta name=\"twitter:data1\" content=\"admin\" \/>\n\t<meta name=\"twitter:label2\" content=\"Tiempo de lectura\" \/>\n\t<meta name=\"twitter:data2\" content=\"2 minutos\" \/>\n<script type=\"application\/ld+json\" class=\"yoast-schema-graph\">{\"@context\":\"https:\/\/schema.org\",\"@graph\":[{\"@type\":\"Article\",\"@id\":\"https:\/\/gysfm.com.ar\/inicio\/la-inflacion-mayorista-se-desacelero-al-08-en-julio-por-la-caida-del-precio-del-petroleo\/#article\",\"isPartOf\":{\"@id\":\"https:\/\/gysfm.com.ar\/inicio\/la-inflacion-mayorista-se-desacelero-al-08-en-julio-por-la-caida-del-precio-del-petroleo\/\"},\"author\":{\"name\":\"admin\",\"@id\":\"https:\/\/gysfm.com.ar\/inicio\/#\/schema\/person\/5bedd7ecd35cc35548d89effafa23696\"},\"headline\":\"La inflaci\u00f3n mayorista se desaceler\u00f3 al 0,8% en julio por la ca\u00edda del precio del petr\u00f3leo\",\"datePublished\":\"2026-08-19T10:06:09+00:00\",\"mainEntityOfPage\":{\"@id\":\"https:\/\/gysfm.com.ar\/inicio\/la-inflacion-mayorista-se-desacelero-al-08-en-julio-por-la-caida-del-precio-del-petroleo\/\"},\"wordCount\":515,\"publisher\":{\"@id\":\"https:\/\/gysfm.com.ar\/inicio\/#organization\"},\"image\":{\"@id\":\"https:\/\/gysfm.com.ar\/inicio\/la-inflacion-mayorista-se-desacelero-al-08-en-julio-por-la-caida-del-precio-del-petroleo\/#primaryimage\"},\"thumbnailUrl\":\"https:\/\/gysfm.com.ar\/inicio\/wp-content\/uploads\/2026\/07\/petroleo-brent-barril-estrecho-ormuz.png\",\"articleSection\":[\"ECONOMIA\"],\"inLanguage\":\"es\"},{\"@type\":\"WebPage\",\"@id\":\"https:\/\/gysfm.com.ar\/inicio\/la-inflacion-mayorista-se-desacelero-al-08-en-julio-por-la-caida-del-precio-del-petroleo\/\",\"url\":\"https:\/\/gysfm.com.ar\/inicio\/la-inflacion-mayorista-se-desacelero-al-08-en-julio-por-la-caida-del-precio-del-petroleo\/\",\"name\":\"La inflaci\u00f3n mayorista se desaceler\u00f3 al 0,8% en julio por la ca\u00edda del precio del petr\u00f3leo - GYS NOTICIAS |\",\"isPartOf\":{\"@id\":\"https:\/\/gysfm.com.ar\/inicio\/#website\"},\"primaryImageOfPage\":{\"@id\":\"https:\/\/gysfm.com.ar\/inicio\/la-inflacion-mayorista-se-desacelero-al-08-en-julio-por-la-caida-del-precio-del-petroleo\/#primaryimage\"},\"image\":{\"@id\":\"https:\/\/gysfm.com.ar\/inicio\/la-inflacion-mayorista-se-desacelero-al-08-en-julio-por-la-caida-del-precio-del-petroleo\/#primaryimage\"},\"thumbnailUrl\":\"https:\/\/gysfm.com.ar\/inicio\/wp-content\/uploads\/2026\/07\/petroleo-brent-barril-estrecho-ormuz.png\",\"datePublished\":\"2026-08-19T10:06:09+00:00\",\"breadcrumb\":{\"@id\":\"https:\/\/gysfm.com.ar\/inicio\/la-inflacion-mayorista-se-desacelero-al-08-en-julio-por-la-caida-del-precio-del-petroleo\/#breadcrumb\"},\"inLanguage\":\"es\",\"potentialAction\":[{\"@type\":\"ReadAction\",\"target\":[\"https:\/\/gysfm.com.ar\/inicio\/la-inflacion-mayorista-se-desacelero-al-08-en-julio-por-la-caida-del-precio-del-petroleo\/\"]}]},{\"@type\":\"ImageObject\",\"inLanguage\":\"es\",\"@id\":\"https:\/\/gysfm.com.ar\/inicio\/la-inflacion-mayorista-se-desacelero-al-08-en-julio-por-la-caida-del-precio-del-petroleo\/#primaryimage\",\"url\":\"https:\/\/gysfm.com.ar\/inicio\/wp-content\/uploads\/2026\/07\/petroleo-brent-barril-estrecho-ormuz.png\",\"contentUrl\":\"https:\/\/gysfm.com.ar\/inicio\/wp-content\/uploads\/2026\/07\/petroleo-brent-barril-estrecho-ormuz.png\",\"width\":1200,\"height\":675},{\"@type\":\"BreadcrumbList\",\"@id\":\"https:\/\/gysfm.com.ar\/inicio\/la-inflacion-mayorista-se-desacelero-al-08-en-julio-por-la-caida-del-precio-del-petroleo\/#breadcrumb\",\"itemListElement\":[{\"@type\":\"ListItem\",\"position\":1,\"name\":\"Portada\",\"item\":\"https:\/\/gysfm.com.ar\/inicio\/\"},{\"@type\":\"ListItem\",\"position\":2,\"name\":\"La inflaci\u00f3n mayorista se desaceler\u00f3 al 0,8% en julio por la ca\u00edda del precio del petr\u00f3leo\"}]},{\"@type\":\"WebSite\",\"@id\":\"https:\/\/gysfm.com.ar\/inicio\/#website\",\"url\":\"https:\/\/gysfm.com.ar\/inicio\/\",\"name\":\"GYS NOTICIAS |\",\"description\":\"DIARIO - RADIO ONLINE SAN JUAN ARGENTINA\",\"publisher\":{\"@id\":\"https:\/\/gysfm.com.ar\/inicio\/#organization\"},\"potentialAction\":[{\"@type\":\"SearchAction\",\"target\":{\"@type\":\"EntryPoint\",\"urlTemplate\":\"https:\/\/gysfm.com.ar\/inicio\/?s={search_term_string}\"},\"query-input\":{\"@type\":\"PropertyValueSpecification\",\"valueRequired\":true,\"valueName\":\"search_term_string\"}}],\"inLanguage\":\"es\"},{\"@type\":\"Organization\",\"@id\":\"https:\/\/gysfm.com.ar\/inicio\/#organization\",\"name\":\"GYS NOTICIAS |\",\"url\":\"https:\/\/gysfm.com.ar\/inicio\/\",\"logo\":{\"@type\":\"ImageObject\",\"inLanguage\":\"es\",\"@id\":\"https:\/\/gysfm.com.ar\/inicio\/#\/schema\/logo\/image\/\",\"url\":\"https:\/\/gysfm.com.ar\/inicio\/wp-content\/uploads\/2023\/07\/LOGOGYS-OK.png\",\"contentUrl\":\"https:\/\/gysfm.com.ar\/inicio\/wp-content\/uploads\/2023\/07\/LOGOGYS-OK.png\",\"width\":1170,\"height\":872,\"caption\":\"GYS NOTICIAS |\"},\"image\":{\"@id\":\"https:\/\/gysfm.com.ar\/inicio\/#\/schema\/logo\/image\/\"}},{\"@type\":\"Person\",\"@id\":\"https:\/\/gysfm.com.ar\/inicio\/#\/schema\/person\/5bedd7ecd35cc35548d89effafa23696\",\"name\":\"admin\",\"image\":{\"@type\":\"ImageObject\",\"inLanguage\":\"es\",\"@id\":\"https:\/\/gysfm.com.ar\/inicio\/#\/schema\/person\/image\/\",\"url\":\"https:\/\/secure.gravatar.com\/avatar\/c331d312b5243fb64d5ba28108a447b27c925295129a363082c9ea52c28d32c2?s=96&d=mm&r=g\",\"contentUrl\":\"https:\/\/secure.gravatar.com\/avatar\/c331d312b5243fb64d5ba28108a447b27c925295129a363082c9ea52c28d32c2?s=96&d=mm&r=g\",\"caption\":\"admin\"},\"sameAs\":[\"https:\/\/gysfm.com.ar\/inicio\"],\"url\":\"https:\/\/gysfm.com.ar\/inicio\/author\/admin\/\"}]}<\/script>\n<!-- \/ Yoast SEO plugin. -->","yoast_head_json":{"title":"La inflaci\u00f3n mayorista se desaceler\u00f3 al 0,8% en julio por la ca\u00edda del precio del petr\u00f3leo - GYS NOTICIAS |","robots":{"index":"index","follow":"follow","max-snippet":"max-snippet:-1","max-image-preview":"max-image-preview:large","max-video-preview":"max-video-preview:-1"},"canonical":"https:\/\/gysfm.com.ar\/inicio\/la-inflacion-mayorista-se-desacelero-al-08-en-julio-por-la-caida-del-precio-del-petroleo\/","og_locale":"es_ES","og_type":"article","og_title":"La inflaci\u00f3n mayorista se desaceler\u00f3 al 0,8% en julio por la ca\u00edda del precio del petr\u00f3leo - GYS NOTICIAS |","og_description":"18 de agosto 2026 &#8211; 16:08 El IPIM del INDEC mostr\u00f3 un fuerte recorte, que fue celebrado por el Gobierno. Los efectos de la guerra en Medio Oriente tuvieron una importante incidencia. Gentileza invezz La inflaci\u00f3n mayorista se desaceler\u00f3 al 0,8% en julio, el porcentaje m\u00e1s acotado desde mayo de 2025. Sucedi\u00f3, fundamentalmente, por un [&hellip;]","og_url":"https:\/\/gysfm.com.ar\/inicio\/la-inflacion-mayorista-se-desacelero-al-08-en-julio-por-la-caida-del-precio-del-petroleo\/","og_site_name":"GYS NOTICIAS |","article_published_time":"2026-08-19T10:06:09+00:00","og_image":[{"url":"https:\/\/media.ambito.com\/p\/cac4f2d07538261f50338138956ff7fb\/adjuntos\/239\/imagenes\/043\/505\/0043505027\/petroleo-brent-barril-estrecho-ormuz.png","type":"","width":"","height":""}],"author":"admin","twitter_card":"summary_large_image","twitter_misc":{"Escrito por":"admin","Tiempo de lectura":"2 minutos"},"schema":{"@context":"https:\/\/schema.org","@graph":[{"@type":"Article","@id":"https:\/\/gysfm.com.ar\/inicio\/la-inflacion-mayorista-se-desacelero-al-08-en-julio-por-la-caida-del-precio-del-petroleo\/#article","isPartOf":{"@id":"https:\/\/gysfm.com.ar\/inicio\/la-inflacion-mayorista-se-desacelero-al-08-en-julio-por-la-caida-del-precio-del-petroleo\/"},"author":{"name":"admin","@id":"https:\/\/gysfm.com.ar\/inicio\/#\/schema\/person\/5bedd7ecd35cc35548d89effafa23696"},"headline":"La inflaci\u00f3n mayorista se desaceler\u00f3 al 0,8% en julio por la ca\u00edda del precio del petr\u00f3leo","datePublished":"2026-08-19T10:06:09+00:00","mainEntityOfPage":{"@id":"https:\/\/gysfm.com.ar\/inicio\/la-inflacion-mayorista-se-desacelero-al-08-en-julio-por-la-caida-del-precio-del-petroleo\/"},"wordCount":515,"publisher":{"@id":"https:\/\/gysfm.com.ar\/inicio\/#organization"},"image":{"@id":"https:\/\/gysfm.com.ar\/inicio\/la-inflacion-mayorista-se-desacelero-al-08-en-julio-por-la-caida-del-precio-del-petroleo\/#primaryimage"},"thumbnailUrl":"https:\/\/gysfm.com.ar\/inicio\/wp-content\/uploads\/2026\/07\/petroleo-brent-barril-estrecho-ormuz.png","articleSection":["ECONOMIA"],"inLanguage":"es"},{"@type":"WebPage","@id":"https:\/\/gysfm.com.ar\/inicio\/la-inflacion-mayorista-se-desacelero-al-08-en-julio-por-la-caida-del-precio-del-petroleo\/","url":"https:\/\/gysfm.com.ar\/inicio\/la-inflacion-mayorista-se-desacelero-al-08-en-julio-por-la-caida-del-precio-del-petroleo\/","name":"La inflaci\u00f3n mayorista se desaceler\u00f3 al 0,8% en julio por la ca\u00edda del precio del petr\u00f3leo - GYS NOTICIAS |","isPartOf":{"@id":"https:\/\/gysfm.com.ar\/inicio\/#website"},"primaryImageOfPage":{"@id":"https:\/\/gysfm.com.ar\/inicio\/la-inflacion-mayorista-se-desacelero-al-08-en-julio-por-la-caida-del-precio-del-petroleo\/#primaryimage"},"image":{"@id":"https:\/\/gysfm.com.ar\/inicio\/la-inflacion-mayorista-se-desacelero-al-08-en-julio-por-la-caida-del-precio-del-petroleo\/#primaryimage"},"thumbnailUrl":"https:\/\/gysfm.com.ar\/inicio\/wp-content\/uploads\/2026\/07\/petroleo-brent-barril-estrecho-ormuz.png","datePublished":"2026-08-19T10:06:09+00:00","breadcrumb":{"@id":"https:\/\/gysfm.com.ar\/inicio\/la-inflacion-mayorista-se-desacelero-al-08-en-julio-por-la-caida-del-precio-del-petroleo\/#breadcrumb"},"inLanguage":"es","potentialAction":[{"@type":"ReadAction","target":["https:\/\/gysfm.com.ar\/inicio\/la-inflacion-mayorista-se-desacelero-al-08-en-julio-por-la-caida-del-precio-del-petroleo\/"]}]},{"@type":"ImageObject","inLanguage":"es","@id":"https:\/\/gysfm.com.ar\/inicio\/la-inflacion-mayorista-se-desacelero-al-08-en-julio-por-la-caida-del-precio-del-petroleo\/#primaryimage","url":"https:\/\/gysfm.com.ar\/inicio\/wp-content\/uploads\/2026\/07\/petroleo-brent-barril-estrecho-ormuz.png","contentUrl":"https:\/\/gysfm.com.ar\/inicio\/wp-content\/uploads\/2026\/07\/petroleo-brent-barril-estrecho-ormuz.png","width":1200,"height":675},{"@type":"BreadcrumbList","@id":"https:\/\/gysfm.com.ar\/inicio\/la-inflacion-mayorista-se-desacelero-al-08-en-julio-por-la-caida-del-precio-del-petroleo\/#breadcrumb","itemListElement":[{"@type":"ListItem","position":1,"name":"Portada","item":"https:\/\/gysfm.com.ar\/inicio\/"},{"@type":"ListItem","position":2,"name":"La inflaci\u00f3n mayorista se desaceler\u00f3 al 0,8% en julio por la ca\u00edda del precio del petr\u00f3leo"}]},{"@type":"WebSite","@id":"https:\/\/gysfm.com.ar\/inicio\/#website","url":"https:\/\/gysfm.com.ar\/inicio\/","name":"GYS NOTICIAS |","description":"DIARIO - RADIO ONLINE SAN JUAN ARGENTINA","publisher":{"@id":"https:\/\/gysfm.com.ar\/inicio\/#organization"},"potentialAction":[{"@type":"SearchAction","target":{"@type":"EntryPoint","urlTemplate":"https:\/\/gysfm.com.ar\/inicio\/?s={search_term_string}"},"query-input":{"@type":"PropertyValueSpecification","valueRequired":true,"valueName":"search_term_string"}}],"inLanguage":"es"},{"@type":"Organization","@id":"https:\/\/gysfm.com.ar\/inicio\/#organization","name":"GYS NOTICIAS |","url":"https:\/\/gysfm.com.ar\/inicio\/","logo":{"@type":"ImageObject","inLanguage":"es","@id":"https:\/\/gysfm.com.ar\/inicio\/#\/schema\/logo\/image\/","url":"https:\/\/gysfm.com.ar\/inicio\/wp-content\/uploads\/2023\/07\/LOGOGYS-OK.png","contentUrl":"https:\/\/gysfm.com.ar\/inicio\/wp-content\/uploads\/2023\/07\/LOGOGYS-OK.png","width":1170,"height":872,"caption":"GYS NOTICIAS |"},"image":{"@id":"https:\/\/gysfm.com.ar\/inicio\/#\/schema\/logo\/image\/"}},{"@type":"Person","@id":"https:\/\/gysfm.com.ar\/inicio\/#\/schema\/person\/5bedd7ecd35cc35548d89effafa23696","name":"admin","image":{"@type":"ImageObject","inLanguage":"es","@id":"https:\/\/gysfm.com.ar\/inicio\/#\/schema\/person\/image\/","url":"https:\/\/secure.gravatar.com\/avatar\/c331d312b5243fb64d5ba28108a447b27c925295129a363082c9ea52c28d32c2?s=96&d=mm&r=g","contentUrl":"https:\/\/secure.gravatar.com\/avatar\/c331d312b5243fb64d5ba28108a447b27c925295129a363082c9ea52c28d32c2?s=96&d=mm&r=g","caption":"admin"},"sameAs":["https:\/\/gysfm.com.ar\/inicio"],"url":"https:\/\/gysfm.com.ar\/inicio\/author\/admin\/"}]}},"_links":{"self":[{"href":"https:\/\/gysfm.com.ar\/inicio\/wp-json\/wp\/v2\/posts\/208658","targetHints":{"allow":["GET"]}}],"collection":[{"href":"https:\/\/gysfm.com.ar\/inicio\/wp-json\/wp\/v2\/posts"}],"about":[{"href":"https:\/\/gysfm.com.ar\/inicio\/wp-json\/wp\/v2\/types\/post"}],"author":[{"embeddable":true,"href":"https:\/\/gysfm.com.ar\/inicio\/wp-json\/wp\/v2\/users\/1"}],"replies":[{"embeddable":true,"href":"https:\/\/gysfm.com.ar\/inicio\/wp-json\/wp\/v2\/comments?post=208658"}],"version-history":[{"count":0,"href":"https:\/\/gysfm.com.ar\/inicio\/wp-json\/wp\/v2\/posts\/208658\/revisions"}],"wp:featuredmedia":[{"embeddable":true,"href":"https:\/\/gysfm.com.ar\/inicio\/wp-json\/wp\/v2\/media\/205439"}],"wp:attachment":[{"href":"https:\/\/gysfm.com.ar\/inicio\/wp-json\/wp\/v2\/media?parent=208658"}],"wp:term":[{"taxonomy":"category","embeddable":true,"href":"https:\/\/gysfm.com.ar\/inicio\/wp-json\/wp\/v2\/categories?post=208658"},{"taxonomy":"post_tag","embeddable":true,"href":"https:\/\/gysfm.com.ar\/inicio\/wp-json\/wp\/v2\/tags?post=208658"}],"curies":[{"name":"wp","href":"https:\/\/api.w.org\/{rel}","templated":true}]}}