{"id":208655,"date":"2026-08-19T06:20:20","date_gmt":"2026-08-19T09:20:20","guid":{"rendered":"https:\/\/gysfm.com.ar\/inicio\/lula-celebra-un-hallazgo-de-petroleo-en-el-amazonas-y-desata-una-ola-de-criticas-de-indigenas-y-ambientalistas\/"},"modified":"2026-08-19T06:20:21","modified_gmt":"2026-08-19T09:20:21","slug":"lula-celebra-un-hallazgo-de-petroleo-en-el-amazonas-y-desata-una-ola-de-criticas-de-indigenas-y-ambientalistas","status":"publish","type":"post","link":"https:\/\/gysfm.com.ar\/inicio\/lula-celebra-un-hallazgo-de-petroleo-en-el-amazonas-y-desata-una-ola-de-criticas-de-indigenas-y-ambientalistas\/","title":{"rendered":"Lula celebra un hallazgo de petr\u00f3leo en el Amazonas y desata una ola de cr\u00edticas de ind\u00edgenas y ambientalistas"},"content":{"rendered":"<p> <br \/>\n<\/p>\n<div>\n<p class=\"com-paragraph --capital --s\">BRASILIA.\u2013 El presidente de Brasil, <strong>Luiz In\u00e1cio Lula da Silva<\/strong>, celebr\u00f3 este lunes el reciente <strong>descubrimiento de petr\u00f3leo <\/strong>cerca de la desembocadura del<strong> r\u00edo Amazonas<\/strong> y defendi\u00f3 <strong>la exploraci\u00f3n de nuevas reservas <\/strong>en el norte del pa\u00eds como una cuesti\u00f3n de <strong>\u201csoberan\u00eda nacional\u201d<\/strong> y un potencial <strong>\u201cpasaporte hacia el futuro\u201d<\/strong>, en medio de cuestionamientos ambientales y a <a href=\"https:\/\/www.lanacion.com.ar\/el-mundo\/lula-y-flavio-bolsonaro-abren-la-campana-presidencial-brasilena-desde-sus-cunas-politicas-nid16082026\/\" target=\"_self\" title=\"https:\/\/www.lanacion.com.ar\/el-mundo\/lula-y-flavio-bolsonaro-abren-la-campana-presidencial-brasilena-desde-sus-cunas-politicas-nid16082026\/\" class=\"com-link break-word\" data-mrf-recirculation=\"n_link_parrafo\">menos de dos meses de las elecciones presidenciales.<\/a><\/p>\n<p class=\"com-paragraph --s\">Petrobras anunci\u00f3 el viernes que detect\u00f3 <strong>hidrocarburos a unos 180 kil\u00f3metros de la costa del estado de Amap\u00e1<\/strong>, durante una perforaci\u00f3n exploratoria que comenz\u00f3 en octubre. <\/p>\n<p class=\"com-paragraph --s\">El hallazgo se encuentra en el llamado <strong>Margen Ecuatorial<\/strong>, una franja de unos 2200 kil\u00f3metros que se extiende desde Amap\u00e1 hasta Rio Grande do Norte y que es considerada una posible nueva frontera petrolera de<a href=\"https:\/\/www.lanacion.com.ar\/el-mundo\/tragedia-en-brasil-volco-un-micro-y-murieron-diez-pasajeros-nid17082026\/\" target=\"_self\" title=\"https:\/\/www.lanacion.com.ar\/el-mundo\/tragedia-en-brasil-volco-un-micro-y-murieron-diez-pasajeros-nid17082026\/\" class=\"com-link break-word\" data-mrf-recirculation=\"n_link_parrafo\"> Brasil.<\/a><\/p>\n<div class=\"content-media\">\n<section role=\"button\" class=\"mod-media   \">\n<figure role=\"button\" tabindex=\"0\" class=\"mod-figure \"><figcaption class=\"mod-figcaption\"><span class=\"com-text --caption --twoxs\">La cantante brasile\u00f1a Fafa de Belem interpreta el himno nacional durante el mitin de campa\u00f1a para la reelecci\u00f3n del presidente Luiz In\u00e1cio Lula da Silva en S\u00e3o Bernardo do Campo, estado de S\u00e3o Paulo, Brasil<\/span><span class=\"com-text --credit --twoxs\">Andre Penner &#8211; AP<\/span><\/figcaption><\/figure>\n<\/section>\n<\/div>\n<p class=\"com-paragraph --s\"><strong>\u201cLo que est\u00e1 en juego son los intereses de pa\u00eds y de nuestra empresa petrolera,<\/strong> esto que est\u00e1 ocurriendo hoy aqu\u00ed puede ser llamado como el pasaporte para el futuro de nuestro pa\u00eds\u201d, afirm\u00f3 Lula durante un acto en Oiapoque, despu\u00e9s de visitar una embarcaci\u00f3n de Petrobras vestido con el mameluco naranja caracter\u00edstico de sus trabajadores.<\/p>\n<p class=\"com-paragraph --s\">\u201cEsto significa soberan\u00eda nacional. Un pa\u00eds que tiene un petr\u00f3leo de esta calidad no va a permitir que nadie meta el dedo aqu\u00ed\u201d, enfatiz\u00f3. Acto seguido, el mandatario levant\u00f3 una peque\u00f1a botella con crudo, al que calific\u00f3 de <strong>\u201cbendito\u201d<\/strong>, y asegur\u00f3 que quer\u00eda conservarlo en una caja fuerte.<\/p>\n<p class=\"com-paragraph --s\">Seg\u00fan estimaciones preliminares, el Margen Ecuatorial podr\u00eda contener <strong>hasta 10.000 millones de barriles de petr\u00f3leo<\/strong>, con un valor potencial cercano a los 3,8 billones de reales, unos 720.000 millones de d\u00f3lares. <\/p>\n<p class=\"com-paragraph --s\">Sin embargo, Petrobras todav\u00eda desconoce cu\u00e1nto petr\u00f3leo alberga el pozo descubierto y prev\u00e9 explorar otros tres sectores cercanos.<\/p>\n<p class=\"com-paragraph --s\">\u201cTodos nuestros estudios indican un <strong>potencial significativo<\/strong>. Este descubrimiento confirma nuestros hallazgos y seguiremos explorando\u201d, afirm\u00f3 la presidenta de Petrobras, <strong>Magda Chambriard<\/strong>. <\/p>\n<p class=\"com-paragraph --s\">Una eventual explotaci\u00f3n comercial todav\u00eda podr\u00eda tardar a\u00f1os: el experto en energ\u00eda Shigueo Watanabe Jr., de ClimaInfo, advirti\u00f3 que determinar la viabilidad econ\u00f3mica requerir\u00e1 estudios adicionales y que el proceso podr\u00eda extenderse <strong>hasta una d\u00e9cada<\/strong>.<\/p>\n<div class=\"content-media\">\n<section role=\"button\" class=\"mod-media   \">\n<figure role=\"button\" tabindex=\"0\" class=\"mod-figure \"><figcaption class=\"mod-figcaption\"><span class=\"com-text --caption --twoxs\">La refiner\u00eda de petr\u00f3leo de Capuava, propiedad de Petrobras, se encuentra en Maui, en las afueras de S\u00e3o Paulo, Brasil, el 6 de noviembre de 2023<\/span><span class=\"com-text --credit --twoxs\">Andre Penner &#8211; AP<\/span><\/figcaption><\/figure>\n<\/section>\n<\/div>\n<p class=\"com-paragraph --s\">El avance petrolero abri\u00f3, adem\u00e1s, lugar para cr\u00edticas provenientes de sectores<strong> ambientalistas<\/strong>. Organizaciones ecologistas e ind\u00edgenas presentaron demandas contra el gobierno y Petrobras al se\u00f1alar que las comunidades tradicionales no fueron consultadas adecuadamente, que se subestimaron los riesgos de derrames y que no se evaluaron suficientemente los impactos clim\u00e1ticos. <\/p>\n<p class=\"com-paragraph --s\">Petrobras sostiene que sus perforaciones nunca provocaron derrames. El <strong>Ministerio P\u00fablico Federal<\/strong>, por su parte, pidi\u00f3 informaci\u00f3n sobre los riesgos ambientales de las nuevas exploraciones.<\/p>\n<p class=\"com-paragraph --s\">La apuesta expone tambi\u00e9n una contradicci\u00f3n en la estrategia de Lula. Brasil ha defendido durante su gobierno el <strong>abandono gradual de los combustibles f\u00f3siles<\/strong> y promovi\u00f3 esa postura durante la COP30 celebrada el a\u00f1o pasado en Par\u00e1. Al mismo tiempo, impulsa nuevas inversiones petroleras.<\/p>\n<p class=\"com-paragraph --s\">El anuncio llega, adem\u00e1s, en un momento pol\u00edticamente sensible. Lula busca en octubre <strong>un cuarto mandato<\/strong> y enfrenta al senador <strong>Flavio Bolsonaro, hijo del expresidente Jair Bolsonaro<\/strong>. <\/p>\n<div class=\"content-media\">\n<section role=\"button\" class=\"mod-media   \">\n<figure role=\"button\" tabindex=\"0\" class=\"mod-figure \"><figcaption class=\"mod-figcaption\"><span class=\"com-text --caption --twoxs\">Los brasile\u00f1os acudir\u00e1n a las urnas el pr\u00f3ximo 4 de octubre, nuevamente profundamente polarizados y bajo la sombra del presidente estadounidense Donald Trump<\/span><span class=\"com-text --credit --twoxs\">MIGUEL SCHINCARIOL &#8211; AFP<\/span><\/figcaption><\/figure>\n<\/section>\n<\/div>\n<p class=\"com-paragraph --s\">El mandatario inici\u00f3 su campa\u00f1a un d\u00eda antes de la visita a Amap\u00e1, en el Estadio Vila Euclides, escenario ligado a sus comienzos como l\u00edder sindical durante la dictadura militar.<\/p>\n<p class=\"com-paragraph --s\">La imagen elegida tampoco fue casual. Detr\u00e1s de Lula apareci\u00f3 una fotograf\u00eda del mandatario con <strong>las manos cubiertas de petr\u00f3leo<\/strong>, que evoc\u00f3 su gesto de 2008 tras el descubrimiento de grandes reservas frente al sudeste brasile\u00f1o. Entonces atravesaba el punto m\u00e1ximo de su popularidad; hoy registra niveles de aprobaci\u00f3n y desaprobaci\u00f3n cercanos al 50%. <\/p>\n<p class=\"com-paragraph --s\">Para el polit\u00f3logo Breno Rodrigues de Messias Leite, la visita representa <strong>un mensaje electoral al norte de Brasil<\/strong>, donde Lula ha enfrentado cr\u00edticas.<\/p>\n<p class=\"com-paragraph --s\"><strong>Agencias ANSA y AP<\/strong><\/p>\n<section class=\"container-center-100 mb-40 border border-bottom border-thin border-neutral-light-700\">\n<hr\/>\n<\/section>\n<\/div>\n<p><script id=\"facebookpixel\" defer=\"\" type=\"text\/javascript\">\n        !function(f,b,e,v,n,t,s)\n        {if(f.fbq)return;n=f.fbq=function(){n.callMethod?\n        n.callMethod.apply(n,arguments):n.queue.push(arguments)};\n        if(!f._fbq)f._fbq=n;n.push=n;n.loaded=!0;n.version='2.0';\n        n.queue=[];t=b.createElement(e);t.async=!0;\n        t.src=v;s=b.getElementsByTagName(e)[0];\n        s.parentNode.insertBefore(t,s)}(window, document,'script',\n        'https:\/\/connect.facebook.net\/en_US\/fbevents.js');\n        fbq('init', '492459597522335');\n        fbq('track', 'PageView');\n    <\/script><br \/>\n<br \/><\/p>\n","protected":false},"excerpt":{"rendered":"<p>BRASILIA.\u2013 El presidente de Brasil, Luiz In\u00e1cio Lula da Silva, celebr\u00f3 este lunes el reciente descubrimiento de petr\u00f3leo cerca de la desembocadura del r\u00edo Amazonas y defendi\u00f3 la exploraci\u00f3n de nuevas reservas en el norte del pa\u00eds como una cuesti\u00f3n de \u201csoberan\u00eda nacional\u201d y un potencial \u201cpasaporte hacia el futuro\u201d, en medio de cuestionamientos ambientales [&hellip;]<\/p>\n","protected":false},"author":2,"featured_media":208656,"comment_status":"closed","ping_status":"closed","sticky":false,"template":"","format":"standard","meta":{"footnotes":""},"categories":[26],"tags":[],"class_list":["post-208655","post","type-post","status-publish","format-standard","has-post-thumbnail","hentry","category-internacionales"],"yoast_head":"<!-- This site is optimized with the Yoast SEO plugin v24.4 - https:\/\/yoast.com\/wordpress\/plugins\/seo\/ -->\n<title>Lula celebra un hallazgo de petr\u00f3leo en el Amazonas y desata una ola de cr\u00edticas de ind\u00edgenas y ambientalistas - GYS NOTICIAS |<\/title>\n<meta name=\"robots\" content=\"index, follow, max-snippet:-1, max-image-preview:large, max-video-preview:-1\" \/>\n<link rel=\"canonical\" href=\"https:\/\/gysfm.com.ar\/inicio\/lula-celebra-un-hallazgo-de-petroleo-en-el-amazonas-y-desata-una-ola-de-criticas-de-indigenas-y-ambientalistas\/\" \/>\n<meta property=\"og:locale\" content=\"es_ES\" \/>\n<meta property=\"og:type\" content=\"article\" \/>\n<meta property=\"og:title\" content=\"Lula celebra un hallazgo de petr\u00f3leo en el Amazonas y desata una ola de cr\u00edticas de ind\u00edgenas y ambientalistas - GYS NOTICIAS |\" \/>\n<meta property=\"og:description\" content=\"BRASILIA.\u2013 El presidente de Brasil, Luiz In\u00e1cio Lula da Silva, celebr\u00f3 este lunes el reciente descubrimiento de petr\u00f3leo cerca de la desembocadura del r\u00edo Amazonas y defendi\u00f3 la exploraci\u00f3n de nuevas reservas en el norte del pa\u00eds como una cuesti\u00f3n de \u201csoberan\u00eda nacional\u201d y un potencial \u201cpasaporte hacia el futuro\u201d, en medio de cuestionamientos ambientales [&hellip;]\" \/>\n<meta property=\"og:url\" content=\"https:\/\/gysfm.com.ar\/inicio\/lula-celebra-un-hallazgo-de-petroleo-en-el-amazonas-y-desata-una-ola-de-criticas-de-indigenas-y-ambientalistas\/\" \/>\n<meta property=\"og:site_name\" content=\"GYS NOTICIAS |\" \/>\n<meta property=\"article:published_time\" content=\"2026-08-19T09:20:20+00:00\" \/>\n<meta property=\"article:modified_time\" content=\"2026-08-19T09:20:21+00:00\" \/>\n<meta property=\"og:image\" content=\"https:\/\/gysfm.com.ar\/inicio\/wp-content\/uploads\/2026\/08\/esta-fotografia-distribuida-por-la-agencia-AR3M75BLZFF6TLHRSJ74TCRXB4.JPG\" \/>\n\t<meta property=\"og:image:width\" content=\"1200\" \/>\n\t<meta property=\"og:image:height\" content=\"800\" \/>\n\t<meta property=\"og:image:type\" content=\"image\/jpeg\" \/>\n<meta name=\"author\" content=\"Prensa G&amp;S FM\" \/>\n<meta name=\"twitter:card\" content=\"summary_large_image\" \/>\n<meta name=\"twitter:label1\" content=\"Escrito por\" \/>\n\t<meta name=\"twitter:data1\" content=\"Prensa G&amp;S FM\" \/>\n\t<meta name=\"twitter:label2\" content=\"Tiempo de lectura\" \/>\n\t<meta name=\"twitter:data2\" content=\"4 minutos\" \/>\n<script type=\"application\/ld+json\" class=\"yoast-schema-graph\">{\"@context\":\"https:\/\/schema.org\",\"@graph\":[{\"@type\":\"Article\",\"@id\":\"https:\/\/gysfm.com.ar\/inicio\/lula-celebra-un-hallazgo-de-petroleo-en-el-amazonas-y-desata-una-ola-de-criticas-de-indigenas-y-ambientalistas\/#article\",\"isPartOf\":{\"@id\":\"https:\/\/gysfm.com.ar\/inicio\/lula-celebra-un-hallazgo-de-petroleo-en-el-amazonas-y-desata-una-ola-de-criticas-de-indigenas-y-ambientalistas\/\"},\"author\":{\"name\":\"Prensa G&amp;S FM\",\"@id\":\"https:\/\/gysfm.com.ar\/inicio\/#\/schema\/person\/3abba7593ef2ad19e1be221d54383dc5\"},\"headline\":\"Lula celebra un hallazgo de petr\u00f3leo en el Amazonas y desata una ola de cr\u00edticas de ind\u00edgenas y ambientalistas\",\"datePublished\":\"2026-08-19T09:20:20+00:00\",\"dateModified\":\"2026-08-19T09:20:21+00:00\",\"mainEntityOfPage\":{\"@id\":\"https:\/\/gysfm.com.ar\/inicio\/lula-celebra-un-hallazgo-de-petroleo-en-el-amazonas-y-desata-una-ola-de-criticas-de-indigenas-y-ambientalistas\/\"},\"wordCount\":775,\"publisher\":{\"@id\":\"https:\/\/gysfm.com.ar\/inicio\/#organization\"},\"image\":{\"@id\":\"https:\/\/gysfm.com.ar\/inicio\/lula-celebra-un-hallazgo-de-petroleo-en-el-amazonas-y-desata-una-ola-de-criticas-de-indigenas-y-ambientalistas\/#primaryimage\"},\"thumbnailUrl\":\"https:\/\/gysfm.com.ar\/inicio\/wp-content\/uploads\/2026\/08\/esta-fotografia-distribuida-por-la-agencia-AR3M75BLZFF6TLHRSJ74TCRXB4.JPG\",\"articleSection\":[\"INTERNACIONALES\"],\"inLanguage\":\"es\"},{\"@type\":\"WebPage\",\"@id\":\"https:\/\/gysfm.com.ar\/inicio\/lula-celebra-un-hallazgo-de-petroleo-en-el-amazonas-y-desata-una-ola-de-criticas-de-indigenas-y-ambientalistas\/\",\"url\":\"https:\/\/gysfm.com.ar\/inicio\/lula-celebra-un-hallazgo-de-petroleo-en-el-amazonas-y-desata-una-ola-de-criticas-de-indigenas-y-ambientalistas\/\",\"name\":\"Lula celebra un hallazgo de petr\u00f3leo en el Amazonas y desata una ola de cr\u00edticas de ind\u00edgenas y ambientalistas - GYS NOTICIAS |\",\"isPartOf\":{\"@id\":\"https:\/\/gysfm.com.ar\/inicio\/#website\"},\"primaryImageOfPage\":{\"@id\":\"https:\/\/gysfm.com.ar\/inicio\/lula-celebra-un-hallazgo-de-petroleo-en-el-amazonas-y-desata-una-ola-de-criticas-de-indigenas-y-ambientalistas\/#primaryimage\"},\"image\":{\"@id\":\"https:\/\/gysfm.com.ar\/inicio\/lula-celebra-un-hallazgo-de-petroleo-en-el-amazonas-y-desata-una-ola-de-criticas-de-indigenas-y-ambientalistas\/#primaryimage\"},\"thumbnailUrl\":\"https:\/\/gysfm.com.ar\/inicio\/wp-content\/uploads\/2026\/08\/esta-fotografia-distribuida-por-la-agencia-AR3M75BLZFF6TLHRSJ74TCRXB4.JPG\",\"datePublished\":\"2026-08-19T09:20:20+00:00\",\"dateModified\":\"2026-08-19T09:20:21+00:00\",\"breadcrumb\":{\"@id\":\"https:\/\/gysfm.com.ar\/inicio\/lula-celebra-un-hallazgo-de-petroleo-en-el-amazonas-y-desata-una-ola-de-criticas-de-indigenas-y-ambientalistas\/#breadcrumb\"},\"inLanguage\":\"es\",\"potentialAction\":[{\"@type\":\"ReadAction\",\"target\":[\"https:\/\/gysfm.com.ar\/inicio\/lula-celebra-un-hallazgo-de-petroleo-en-el-amazonas-y-desata-una-ola-de-criticas-de-indigenas-y-ambientalistas\/\"]}]},{\"@type\":\"ImageObject\",\"inLanguage\":\"es\",\"@id\":\"https:\/\/gysfm.com.ar\/inicio\/lula-celebra-un-hallazgo-de-petroleo-en-el-amazonas-y-desata-una-ola-de-criticas-de-indigenas-y-ambientalistas\/#primaryimage\",\"url\":\"https:\/\/gysfm.com.ar\/inicio\/wp-content\/uploads\/2026\/08\/esta-fotografia-distribuida-por-la-agencia-AR3M75BLZFF6TLHRSJ74TCRXB4.JPG\",\"contentUrl\":\"https:\/\/gysfm.com.ar\/inicio\/wp-content\/uploads\/2026\/08\/esta-fotografia-distribuida-por-la-agencia-AR3M75BLZFF6TLHRSJ74TCRXB4.JPG\",\"width\":1200,\"height\":800},{\"@type\":\"BreadcrumbList\",\"@id\":\"https:\/\/gysfm.com.ar\/inicio\/lula-celebra-un-hallazgo-de-petroleo-en-el-amazonas-y-desata-una-ola-de-criticas-de-indigenas-y-ambientalistas\/#breadcrumb\",\"itemListElement\":[{\"@type\":\"ListItem\",\"position\":1,\"name\":\"Portada\",\"item\":\"https:\/\/gysfm.com.ar\/inicio\/\"},{\"@type\":\"ListItem\",\"position\":2,\"name\":\"Lula celebra un hallazgo de petr\u00f3leo en el Amazonas y desata una ola de cr\u00edticas de ind\u00edgenas y ambientalistas\"}]},{\"@type\":\"WebSite\",\"@id\":\"https:\/\/gysfm.com.ar\/inicio\/#website\",\"url\":\"https:\/\/gysfm.com.ar\/inicio\/\",\"name\":\"GYS NOTICIAS |\",\"description\":\"DIARIO - RADIO ONLINE SAN JUAN ARGENTINA\",\"publisher\":{\"@id\":\"https:\/\/gysfm.com.ar\/inicio\/#organization\"},\"potentialAction\":[{\"@type\":\"SearchAction\",\"target\":{\"@type\":\"EntryPoint\",\"urlTemplate\":\"https:\/\/gysfm.com.ar\/inicio\/?s={search_term_string}\"},\"query-input\":{\"@type\":\"PropertyValueSpecification\",\"valueRequired\":true,\"valueName\":\"search_term_string\"}}],\"inLanguage\":\"es\"},{\"@type\":\"Organization\",\"@id\":\"https:\/\/gysfm.com.ar\/inicio\/#organization\",\"name\":\"GYS NOTICIAS |\",\"url\":\"https:\/\/gysfm.com.ar\/inicio\/\",\"logo\":{\"@type\":\"ImageObject\",\"inLanguage\":\"es\",\"@id\":\"https:\/\/gysfm.com.ar\/inicio\/#\/schema\/logo\/image\/\",\"url\":\"https:\/\/gysfm.com.ar\/inicio\/wp-content\/uploads\/2023\/07\/LOGOGYS-OK.png\",\"contentUrl\":\"https:\/\/gysfm.com.ar\/inicio\/wp-content\/uploads\/2023\/07\/LOGOGYS-OK.png\",\"width\":1170,\"height\":872,\"caption\":\"GYS NOTICIAS |\"},\"image\":{\"@id\":\"https:\/\/gysfm.com.ar\/inicio\/#\/schema\/logo\/image\/\"}},{\"@type\":\"Person\",\"@id\":\"https:\/\/gysfm.com.ar\/inicio\/#\/schema\/person\/3abba7593ef2ad19e1be221d54383dc5\",\"name\":\"Prensa G&amp;S FM\",\"image\":{\"@type\":\"ImageObject\",\"inLanguage\":\"es\",\"@id\":\"https:\/\/gysfm.com.ar\/inicio\/#\/schema\/person\/image\/\",\"url\":\"https:\/\/secure.gravatar.com\/avatar\/096ec78df02049ab018702bb4ccedf659377fa92a26540b5247612077a0dbd29?s=96&d=mm&r=g\",\"contentUrl\":\"https:\/\/secure.gravatar.com\/avatar\/096ec78df02049ab018702bb4ccedf659377fa92a26540b5247612077a0dbd29?s=96&d=mm&r=g\",\"caption\":\"Prensa G&amp;S FM\"},\"sameAs\":[\"https:\/\/gysfm.com.ar\/\"],\"url\":\"https:\/\/gysfm.com.ar\/inicio\/author\/lucasm\/\"}]}<\/script>\n<!-- \/ Yoast SEO plugin. -->","yoast_head_json":{"title":"Lula celebra un hallazgo de petr\u00f3leo en el Amazonas y desata una ola de cr\u00edticas de ind\u00edgenas y ambientalistas - GYS NOTICIAS |","robots":{"index":"index","follow":"follow","max-snippet":"max-snippet:-1","max-image-preview":"max-image-preview:large","max-video-preview":"max-video-preview:-1"},"canonical":"https:\/\/gysfm.com.ar\/inicio\/lula-celebra-un-hallazgo-de-petroleo-en-el-amazonas-y-desata-una-ola-de-criticas-de-indigenas-y-ambientalistas\/","og_locale":"es_ES","og_type":"article","og_title":"Lula celebra un hallazgo de petr\u00f3leo en el Amazonas y desata una ola de cr\u00edticas de ind\u00edgenas y ambientalistas - GYS NOTICIAS |","og_description":"BRASILIA.\u2013 El presidente de Brasil, Luiz In\u00e1cio Lula da Silva, celebr\u00f3 este lunes el reciente descubrimiento de petr\u00f3leo cerca de la desembocadura del r\u00edo Amazonas y defendi\u00f3 la exploraci\u00f3n de nuevas reservas en el norte del pa\u00eds como una cuesti\u00f3n de \u201csoberan\u00eda nacional\u201d y un potencial \u201cpasaporte hacia el futuro\u201d, en medio de cuestionamientos ambientales [&hellip;]","og_url":"https:\/\/gysfm.com.ar\/inicio\/lula-celebra-un-hallazgo-de-petroleo-en-el-amazonas-y-desata-una-ola-de-criticas-de-indigenas-y-ambientalistas\/","og_site_name":"GYS NOTICIAS |","article_published_time":"2026-08-19T09:20:20+00:00","article_modified_time":"2026-08-19T09:20:21+00:00","og_image":[{"width":1200,"height":800,"url":"https:\/\/gysfm.com.ar\/inicio\/wp-content\/uploads\/2026\/08\/esta-fotografia-distribuida-por-la-agencia-AR3M75BLZFF6TLHRSJ74TCRXB4.JPG","type":"image\/jpeg"}],"author":"Prensa G&amp;S FM","twitter_card":"summary_large_image","twitter_misc":{"Escrito por":"Prensa G&amp;S FM","Tiempo de lectura":"4 minutos"},"schema":{"@context":"https:\/\/schema.org","@graph":[{"@type":"Article","@id":"https:\/\/gysfm.com.ar\/inicio\/lula-celebra-un-hallazgo-de-petroleo-en-el-amazonas-y-desata-una-ola-de-criticas-de-indigenas-y-ambientalistas\/#article","isPartOf":{"@id":"https:\/\/gysfm.com.ar\/inicio\/lula-celebra-un-hallazgo-de-petroleo-en-el-amazonas-y-desata-una-ola-de-criticas-de-indigenas-y-ambientalistas\/"},"author":{"name":"Prensa G&amp;S FM","@id":"https:\/\/gysfm.com.ar\/inicio\/#\/schema\/person\/3abba7593ef2ad19e1be221d54383dc5"},"headline":"Lula celebra un hallazgo de petr\u00f3leo en el Amazonas y desata una ola de cr\u00edticas de ind\u00edgenas y ambientalistas","datePublished":"2026-08-19T09:20:20+00:00","dateModified":"2026-08-19T09:20:21+00:00","mainEntityOfPage":{"@id":"https:\/\/gysfm.com.ar\/inicio\/lula-celebra-un-hallazgo-de-petroleo-en-el-amazonas-y-desata-una-ola-de-criticas-de-indigenas-y-ambientalistas\/"},"wordCount":775,"publisher":{"@id":"https:\/\/gysfm.com.ar\/inicio\/#organization"},"image":{"@id":"https:\/\/gysfm.com.ar\/inicio\/lula-celebra-un-hallazgo-de-petroleo-en-el-amazonas-y-desata-una-ola-de-criticas-de-indigenas-y-ambientalistas\/#primaryimage"},"thumbnailUrl":"https:\/\/gysfm.com.ar\/inicio\/wp-content\/uploads\/2026\/08\/esta-fotografia-distribuida-por-la-agencia-AR3M75BLZFF6TLHRSJ74TCRXB4.JPG","articleSection":["INTERNACIONALES"],"inLanguage":"es"},{"@type":"WebPage","@id":"https:\/\/gysfm.com.ar\/inicio\/lula-celebra-un-hallazgo-de-petroleo-en-el-amazonas-y-desata-una-ola-de-criticas-de-indigenas-y-ambientalistas\/","url":"https:\/\/gysfm.com.ar\/inicio\/lula-celebra-un-hallazgo-de-petroleo-en-el-amazonas-y-desata-una-ola-de-criticas-de-indigenas-y-ambientalistas\/","name":"Lula celebra un hallazgo de petr\u00f3leo en el Amazonas y desata una ola de cr\u00edticas de ind\u00edgenas y ambientalistas - GYS NOTICIAS |","isPartOf":{"@id":"https:\/\/gysfm.com.ar\/inicio\/#website"},"primaryImageOfPage":{"@id":"https:\/\/gysfm.com.ar\/inicio\/lula-celebra-un-hallazgo-de-petroleo-en-el-amazonas-y-desata-una-ola-de-criticas-de-indigenas-y-ambientalistas\/#primaryimage"},"image":{"@id":"https:\/\/gysfm.com.ar\/inicio\/lula-celebra-un-hallazgo-de-petroleo-en-el-amazonas-y-desata-una-ola-de-criticas-de-indigenas-y-ambientalistas\/#primaryimage"},"thumbnailUrl":"https:\/\/gysfm.com.ar\/inicio\/wp-content\/uploads\/2026\/08\/esta-fotografia-distribuida-por-la-agencia-AR3M75BLZFF6TLHRSJ74TCRXB4.JPG","datePublished":"2026-08-19T09:20:20+00:00","dateModified":"2026-08-19T09:20:21+00:00","breadcrumb":{"@id":"https:\/\/gysfm.com.ar\/inicio\/lula-celebra-un-hallazgo-de-petroleo-en-el-amazonas-y-desata-una-ola-de-criticas-de-indigenas-y-ambientalistas\/#breadcrumb"},"inLanguage":"es","potentialAction":[{"@type":"ReadAction","target":["https:\/\/gysfm.com.ar\/inicio\/lula-celebra-un-hallazgo-de-petroleo-en-el-amazonas-y-desata-una-ola-de-criticas-de-indigenas-y-ambientalistas\/"]}]},{"@type":"ImageObject","inLanguage":"es","@id":"https:\/\/gysfm.com.ar\/inicio\/lula-celebra-un-hallazgo-de-petroleo-en-el-amazonas-y-desata-una-ola-de-criticas-de-indigenas-y-ambientalistas\/#primaryimage","url":"https:\/\/gysfm.com.ar\/inicio\/wp-content\/uploads\/2026\/08\/esta-fotografia-distribuida-por-la-agencia-AR3M75BLZFF6TLHRSJ74TCRXB4.JPG","contentUrl":"https:\/\/gysfm.com.ar\/inicio\/wp-content\/uploads\/2026\/08\/esta-fotografia-distribuida-por-la-agencia-AR3M75BLZFF6TLHRSJ74TCRXB4.JPG","width":1200,"height":800},{"@type":"BreadcrumbList","@id":"https:\/\/gysfm.com.ar\/inicio\/lula-celebra-un-hallazgo-de-petroleo-en-el-amazonas-y-desata-una-ola-de-criticas-de-indigenas-y-ambientalistas\/#breadcrumb","itemListElement":[{"@type":"ListItem","position":1,"name":"Portada","item":"https:\/\/gysfm.com.ar\/inicio\/"},{"@type":"ListItem","position":2,"name":"Lula celebra un hallazgo de petr\u00f3leo en el Amazonas y desata una ola de cr\u00edticas de ind\u00edgenas y ambientalistas"}]},{"@type":"WebSite","@id":"https:\/\/gysfm.com.ar\/inicio\/#website","url":"https:\/\/gysfm.com.ar\/inicio\/","name":"GYS NOTICIAS |","description":"DIARIO - RADIO ONLINE SAN JUAN ARGENTINA","publisher":{"@id":"https:\/\/gysfm.com.ar\/inicio\/#organization"},"potentialAction":[{"@type":"SearchAction","target":{"@type":"EntryPoint","urlTemplate":"https:\/\/gysfm.com.ar\/inicio\/?s={search_term_string}"},"query-input":{"@type":"PropertyValueSpecification","valueRequired":true,"valueName":"search_term_string"}}],"inLanguage":"es"},{"@type":"Organization","@id":"https:\/\/gysfm.com.ar\/inicio\/#organization","name":"GYS NOTICIAS |","url":"https:\/\/gysfm.com.ar\/inicio\/","logo":{"@type":"ImageObject","inLanguage":"es","@id":"https:\/\/gysfm.com.ar\/inicio\/#\/schema\/logo\/image\/","url":"https:\/\/gysfm.com.ar\/inicio\/wp-content\/uploads\/2023\/07\/LOGOGYS-OK.png","contentUrl":"https:\/\/gysfm.com.ar\/inicio\/wp-content\/uploads\/2023\/07\/LOGOGYS-OK.png","width":1170,"height":872,"caption":"GYS NOTICIAS |"},"image":{"@id":"https:\/\/gysfm.com.ar\/inicio\/#\/schema\/logo\/image\/"}},{"@type":"Person","@id":"https:\/\/gysfm.com.ar\/inicio\/#\/schema\/person\/3abba7593ef2ad19e1be221d54383dc5","name":"Prensa G&amp;S FM","image":{"@type":"ImageObject","inLanguage":"es","@id":"https:\/\/gysfm.com.ar\/inicio\/#\/schema\/person\/image\/","url":"https:\/\/secure.gravatar.com\/avatar\/096ec78df02049ab018702bb4ccedf659377fa92a26540b5247612077a0dbd29?s=96&d=mm&r=g","contentUrl":"https:\/\/secure.gravatar.com\/avatar\/096ec78df02049ab018702bb4ccedf659377fa92a26540b5247612077a0dbd29?s=96&d=mm&r=g","caption":"Prensa G&amp;S FM"},"sameAs":["https:\/\/gysfm.com.ar\/"],"url":"https:\/\/gysfm.com.ar\/inicio\/author\/lucasm\/"}]}},"_links":{"self":[{"href":"https:\/\/gysfm.com.ar\/inicio\/wp-json\/wp\/v2\/posts\/208655","targetHints":{"allow":["GET"]}}],"collection":[{"href":"https:\/\/gysfm.com.ar\/inicio\/wp-json\/wp\/v2\/posts"}],"about":[{"href":"https:\/\/gysfm.com.ar\/inicio\/wp-json\/wp\/v2\/types\/post"}],"author":[{"embeddable":true,"href":"https:\/\/gysfm.com.ar\/inicio\/wp-json\/wp\/v2\/users\/2"}],"replies":[{"embeddable":true,"href":"https:\/\/gysfm.com.ar\/inicio\/wp-json\/wp\/v2\/comments?post=208655"}],"version-history":[{"count":1,"href":"https:\/\/gysfm.com.ar\/inicio\/wp-json\/wp\/v2\/posts\/208655\/revisions"}],"predecessor-version":[{"id":208657,"href":"https:\/\/gysfm.com.ar\/inicio\/wp-json\/wp\/v2\/posts\/208655\/revisions\/208657"}],"wp:featuredmedia":[{"embeddable":true,"href":"https:\/\/gysfm.com.ar\/inicio\/wp-json\/wp\/v2\/media\/208656"}],"wp:attachment":[{"href":"https:\/\/gysfm.com.ar\/inicio\/wp-json\/wp\/v2\/media?parent=208655"}],"wp:term":[{"taxonomy":"category","embeddable":true,"href":"https:\/\/gysfm.com.ar\/inicio\/wp-json\/wp\/v2\/categories?post=208655"},{"taxonomy":"post_tag","embeddable":true,"href":"https:\/\/gysfm.com.ar\/inicio\/wp-json\/wp\/v2\/tags?post=208655"}],"curies":[{"name":"wp","href":"https:\/\/api.w.org\/{rel}","templated":true}]}}