{"id":208654,"date":"2026-08-19T06:04:13","date_gmt":"2026-08-19T09:04:13","guid":{"rendered":"https:\/\/gysfm.com.ar\/inicio\/el-costo-de-la-construccion-subio-21-en-julio-y-en-2026-acumulo-un-alza-de-casi-20\/"},"modified":"2026-08-19T06:04:13","modified_gmt":"2026-08-19T09:04:13","slug":"el-costo-de-la-construccion-subio-21-en-julio-y-en-2026-acumulo-un-alza-de-casi-20","status":"publish","type":"post","link":"https:\/\/gysfm.com.ar\/inicio\/el-costo-de-la-construccion-subio-21-en-julio-y-en-2026-acumulo-un-alza-de-casi-20\/","title":{"rendered":"El costo de la construcci\u00f3n subi\u00f3 2,1% en julio y en 2026 acumul\u00f3 un alza de casi 20%"},"content":{"rendered":"<p> <br \/>\n<\/p>\n<div id=\"\">\n<p id=\"p-1787081620525-26127\" class=\"\">El <strong>costo de la construcci\u00f3n en el Gran Buenos Aires<\/strong> registr\u00f3 una <strong>suba mensual del 2,1% en julio<\/strong>, por debajo del 2,6% de junio, seg\u00fan inform\u00f3 este martes el INDEC. De esta manera, <strong>el indicador acumul\u00f3 un incremento del 19,2% en los primeros siete meses del a\u00f1o<\/strong> y una variaci\u00f3n interanual del 32,5%.<\/p>\n<\/div>\n<div id=\"\">\n<p id=\"p-1787081620525-82070\" class=\"\">El resultado de julio estuvo explicado principalmente por el comportamiento de la <strong>mano de obra<\/strong>, que aument\u00f3 2,5% y fue el cap\u00edtulo que m\u00e1s incidi\u00f3 sobre el \u00edndice general, con un aporte de 1,20 puntos porcentuales. Los <strong>materiales<\/strong>, en tanto, subieron 1,6% y aportaron 0,65 puntos, mientras que los <strong>gastos generales<\/strong> avanzaron 2,5%, con una incidencia de 0,26 puntos.<\/p>\n<\/div>\n<div id=\"\">\n<p id=\"p-1787081620525-80236\"> Sin embargo, el componente laboral volvi\u00f3 a ubicarse por encima del nivel general y mantuvo su condici\u00f3n de principal motor de los costos dentro del indicador. La <strong>mano de obra asalariada aument\u00f3 2,6% mensual<\/strong>, mientras que los <strong>subcontratos<\/strong> registraron una variaci\u00f3n del 1,8%. En t\u00e9rminos interanuales, ambos componentes acumularon subas de 40,7% y 30,5%, respectivamente.<\/p>\n<\/div>\n<div id=\"\">\n<p id=\"p-1787082351735-72928\" class=\"\">El informe del INDEC explic\u00f3 que el resultado de julio reflej\u00f3 el acuerdo salarial de la <strong>Uni\u00f3n Obrera de la Construcci\u00f3n de la Rep\u00fablica Argentina (UOCRA)<\/strong>, firmado el 19 de mayo y homologado en junio, con aplicaci\u00f3n desde julio para las categor\u00edas contempladas en el convenio colectivo. Tambi\u00e9n impact\u00f3 una asignaci\u00f3n no remunerativa y extraordinaria derivada de la resoluci\u00f3n oficial.<\/p>\n<\/div>\n<div id=\"\">\n<p id=\"p-1787082351735-6619\" class=\"\">En la comparaci\u00f3n interanual, <strong>la mano de obra acumul\u00f3 una suba del 39,1%<\/strong>, por encima del 34,4% de los gastos generales y del 24,9% de los materiales. En lo que va del a\u00f1o, el componente laboral registra un incremento del 23,9%, frente al 22,5% de gastos generales y el 13,3% de materiales.<\/p>\n<\/div>\n<div id=\"\">\n<h2 id=\"p-1787082351735-95489\">Principales aumentos de los materiales<\/h2>\n<p id=\"p-1787082351735-10221\" class=\"\">El cap\u00edtulo de materiales present\u00f3 una variaci\u00f3n mensual del 1,6%. Entre los principales insumos, los mayores aumentos correspondieron a <strong>cables y conductores de media y baja tensi\u00f3n, con una suba del 3,7%<\/strong>, seguidos por vidrios, con 3,6%, y ca\u00f1os y accesorios de hierro, con 3,5%. Tambi\u00e9n aumentaron 3,5% los productos de cobre, plomo y esta\u00f1o.<\/p>\n<p id=\"p-1787082351735-76680\" class=\"\">Por debajo del promedio se ubicaron algunos insumos relevantes para la estructura de una obra. El <strong>hierro para la construcci\u00f3n aument\u00f3 apenas 0,2%<\/strong>, mientras que cemento, cal y yeso registraron una suba del 0,3%. Los art\u00edculos sanitarios de loza, por su parte, avanzaron 0,4%.<\/p>\n<p id=\"p-1787082351735-56160\" class=\"\">La dispersi\u00f3n entre los distintos materiales volvi\u00f3 a mostrar una <strong>din\u00e1mica heterog\u00e9nea dentro del sector<\/strong>, ya que mientras algunos componentes vinculados a instalaciones y terminaciones registraron aumentos superiores al promedio general, los insumos b\u00e1sicos de estructura tuvieron movimientos m\u00e1s moderados.<\/p>\n<h2 id=\"p-1787082351735-11840\">La suba de los gastos generales<\/h2>\n<p id=\"p-1787082351735-28429\" class=\"\">El cap\u00edtulo de <strong>gastos generales<\/strong> aument\u00f3 2,5% en julio a partir del impacto de los nuevos valores tarifarios correspondientes a las distribuidoras el\u00e9ctricas <strong>Edenor<\/strong> y <strong>Edesur<\/strong>, adem\u00e1s de actualizaciones en los conceptos vinculados con las conexiones de gas y los valores de consumo y conexiones de agua y cloaca.<\/p>\n<p id=\"p-1787082351735-78287\" class=\"\">Entre los servicios de alquiler relevados por el organismo, los mayores incrementos correspondieron al <strong>cami\u00f3n volcador y la pala cargadora<\/strong>, ambos con una suba mensual del 5%. La <strong>camioneta<\/strong> aument\u00f3 4,9%, mientras que los <strong>andamios<\/strong> registraron un incremento del 3,4%.<\/p>\n<p id=\"p-1787082351735-48067\" class=\"\">El comportamiento tambi\u00e9n fue diferente seg\u00fan el tipo de trabajo y entre los 13 \u00edtems de obra relevados por el INDEC, los mayores aumentos de julio correspondieron a <strong>vidrios<\/strong>, con 3,6%; <strong>movimiento de tierra<\/strong>, con 3%; y <strong>otros trabajos y gastos<\/strong>, con 2,7%. En el otro extremo, la <strong>carpinter\u00eda met\u00e1lica<\/strong> y <strong>herrer\u00eda<\/strong> pr\u00e1cticamente no registr\u00f3 variaci\u00f3n mensual, mientras que carpinter\u00eda de madera aument\u00f3 1,2% y yeser\u00eda 1,3%.<\/p>\n<p id=\"p-1787082351735-68636\">Para una <strong>vivienda multifamiliar<\/strong>, el \u00edndice mostr\u00f3 una variaci\u00f3n del 1,8% mensual en julio, luego del 2,6% registrado en junio. En el caso de una <strong>vivienda unifamiliar<\/strong>, el aumento fue del 1,6%, tambi\u00e9n por debajo del 2% de junio.<\/p>\n<\/div>\n<p><script>\n!function(f,b,e,v,n,t,s)\n{if(f.fbq)return;n=f.fbq=function(){n.callMethod?\nn.callMethod.apply(n,arguments):n.queue.push(arguments)};\nif(!f._fbq)f._fbq=n;n.push=n;n.loaded=!0;n.version='2.0';\nn.queue=[];t=b.createElement(e);t.async=!0;\nt.src=v;s=b.getElementsByTagName(e)[0];\ns.parentNode.insertBefore(t,s)}(window,document,'script',\n'https:\/\/connect.facebook.net\/en_US\/fbevents.js');\nfbq('init', '2047048335588113');\nfbq('track', 'PageView');\n<\/script><br \/>\n<br \/><\/p>\n","protected":false},"excerpt":{"rendered":"<p>El costo de la construcci\u00f3n en el Gran Buenos Aires registr\u00f3 una suba mensual del 2,1% en julio, por debajo del 2,6% de junio, seg\u00fan inform\u00f3 este martes el INDEC. De esta manera, el indicador acumul\u00f3 un incremento del 19,2% en los primeros siete meses del a\u00f1o y una variaci\u00f3n interanual del 32,5%. El resultado [&hellip;]<\/p>\n","protected":false},"author":1,"featured_media":207932,"comment_status":"closed","ping_status":"closed","sticky":false,"template":"","format":"standard","meta":{"footnotes":""},"categories":[28],"tags":[],"class_list":["post-208654","post","type-post","status-publish","format-standard","has-post-thumbnail","hentry","category-economia"],"yoast_head":"<!-- This site is optimized with the Yoast SEO plugin v24.4 - https:\/\/yoast.com\/wordpress\/plugins\/seo\/ -->\n<title>El costo de la construcci\u00f3n subi\u00f3 2,1% en julio y en 2026 acumul\u00f3 un alza de casi 20% - GYS NOTICIAS |<\/title>\n<meta name=\"robots\" content=\"index, follow, max-snippet:-1, max-image-preview:large, max-video-preview:-1\" \/>\n<link rel=\"canonical\" href=\"https:\/\/gysfm.com.ar\/inicio\/el-costo-de-la-construccion-subio-21-en-julio-y-en-2026-acumulo-un-alza-de-casi-20\/\" \/>\n<meta property=\"og:locale\" content=\"es_ES\" \/>\n<meta property=\"og:type\" content=\"article\" \/>\n<meta property=\"og:title\" content=\"El costo de la construcci\u00f3n subi\u00f3 2,1% en julio y en 2026 acumul\u00f3 un alza de casi 20% - GYS NOTICIAS |\" \/>\n<meta property=\"og:description\" content=\"El costo de la construcci\u00f3n en el Gran Buenos Aires registr\u00f3 una suba mensual del 2,1% en julio, por debajo del 2,6% de junio, seg\u00fan inform\u00f3 este martes el INDEC. De esta manera, el indicador acumul\u00f3 un incremento del 19,2% en los primeros siete meses del a\u00f1o y una variaci\u00f3n interanual del 32,5%. El resultado [&hellip;]\" \/>\n<meta property=\"og:url\" content=\"https:\/\/gysfm.com.ar\/inicio\/el-costo-de-la-construccion-subio-21-en-julio-y-en-2026-acumulo-un-alza-de-casi-20\/\" \/>\n<meta property=\"og:site_name\" content=\"GYS NOTICIAS |\" \/>\n<meta property=\"article:published_time\" content=\"2026-08-19T09:04:13+00:00\" \/>\n<meta name=\"author\" content=\"admin\" \/>\n<meta name=\"twitter:card\" content=\"summary_large_image\" \/>\n<meta name=\"twitter:label1\" content=\"Escrito por\" \/>\n\t<meta name=\"twitter:data1\" content=\"admin\" \/>\n\t<meta name=\"twitter:label2\" content=\"Tiempo de lectura\" \/>\n\t<meta name=\"twitter:data2\" content=\"3 minutos\" \/>\n<script type=\"application\/ld+json\" class=\"yoast-schema-graph\">{\"@context\":\"https:\/\/schema.org\",\"@graph\":[{\"@type\":\"Article\",\"@id\":\"https:\/\/gysfm.com.ar\/inicio\/el-costo-de-la-construccion-subio-21-en-julio-y-en-2026-acumulo-un-alza-de-casi-20\/#article\",\"isPartOf\":{\"@id\":\"https:\/\/gysfm.com.ar\/inicio\/el-costo-de-la-construccion-subio-21-en-julio-y-en-2026-acumulo-un-alza-de-casi-20\/\"},\"author\":{\"name\":\"admin\",\"@id\":\"https:\/\/gysfm.com.ar\/inicio\/#\/schema\/person\/5bedd7ecd35cc35548d89effafa23696\"},\"headline\":\"El costo de la construcci\u00f3n subi\u00f3 2,1% en julio y en 2026 acumul\u00f3 un alza de casi 20%\",\"datePublished\":\"2026-08-19T09:04:13+00:00\",\"mainEntityOfPage\":{\"@id\":\"https:\/\/gysfm.com.ar\/inicio\/el-costo-de-la-construccion-subio-21-en-julio-y-en-2026-acumulo-un-alza-de-casi-20\/\"},\"wordCount\":646,\"publisher\":{\"@id\":\"https:\/\/gysfm.com.ar\/inicio\/#organization\"},\"image\":{\"@id\":\"https:\/\/gysfm.com.ar\/inicio\/el-costo-de-la-construccion-subio-21-en-julio-y-en-2026-acumulo-un-alza-de-casi-20\/#primaryimage\"},\"thumbnailUrl\":\"https:\/\/gysfm.com.ar\/inicio\/wp-content\/uploads\/2026\/08\/construccion-balvanera-propiedades.jpg\",\"articleSection\":[\"ECONOMIA\"],\"inLanguage\":\"es\"},{\"@type\":\"WebPage\",\"@id\":\"https:\/\/gysfm.com.ar\/inicio\/el-costo-de-la-construccion-subio-21-en-julio-y-en-2026-acumulo-un-alza-de-casi-20\/\",\"url\":\"https:\/\/gysfm.com.ar\/inicio\/el-costo-de-la-construccion-subio-21-en-julio-y-en-2026-acumulo-un-alza-de-casi-20\/\",\"name\":\"El costo de la construcci\u00f3n subi\u00f3 2,1% en julio y en 2026 acumul\u00f3 un alza de casi 20% - GYS NOTICIAS |\",\"isPartOf\":{\"@id\":\"https:\/\/gysfm.com.ar\/inicio\/#website\"},\"primaryImageOfPage\":{\"@id\":\"https:\/\/gysfm.com.ar\/inicio\/el-costo-de-la-construccion-subio-21-en-julio-y-en-2026-acumulo-un-alza-de-casi-20\/#primaryimage\"},\"image\":{\"@id\":\"https:\/\/gysfm.com.ar\/inicio\/el-costo-de-la-construccion-subio-21-en-julio-y-en-2026-acumulo-un-alza-de-casi-20\/#primaryimage\"},\"thumbnailUrl\":\"https:\/\/gysfm.com.ar\/inicio\/wp-content\/uploads\/2026\/08\/construccion-balvanera-propiedades.jpg\",\"datePublished\":\"2026-08-19T09:04:13+00:00\",\"breadcrumb\":{\"@id\":\"https:\/\/gysfm.com.ar\/inicio\/el-costo-de-la-construccion-subio-21-en-julio-y-en-2026-acumulo-un-alza-de-casi-20\/#breadcrumb\"},\"inLanguage\":\"es\",\"potentialAction\":[{\"@type\":\"ReadAction\",\"target\":[\"https:\/\/gysfm.com.ar\/inicio\/el-costo-de-la-construccion-subio-21-en-julio-y-en-2026-acumulo-un-alza-de-casi-20\/\"]}]},{\"@type\":\"ImageObject\",\"inLanguage\":\"es\",\"@id\":\"https:\/\/gysfm.com.ar\/inicio\/el-costo-de-la-construccion-subio-21-en-julio-y-en-2026-acumulo-un-alza-de-casi-20\/#primaryimage\",\"url\":\"https:\/\/gysfm.com.ar\/inicio\/wp-content\/uploads\/2026\/08\/construccion-balvanera-propiedades.jpg\",\"contentUrl\":\"https:\/\/gysfm.com.ar\/inicio\/wp-content\/uploads\/2026\/08\/construccion-balvanera-propiedades.jpg\",\"width\":1200,\"height\":675},{\"@type\":\"BreadcrumbList\",\"@id\":\"https:\/\/gysfm.com.ar\/inicio\/el-costo-de-la-construccion-subio-21-en-julio-y-en-2026-acumulo-un-alza-de-casi-20\/#breadcrumb\",\"itemListElement\":[{\"@type\":\"ListItem\",\"position\":1,\"name\":\"Portada\",\"item\":\"https:\/\/gysfm.com.ar\/inicio\/\"},{\"@type\":\"ListItem\",\"position\":2,\"name\":\"El costo de la construcci\u00f3n subi\u00f3 2,1% en julio y en 2026 acumul\u00f3 un alza de casi 20%\"}]},{\"@type\":\"WebSite\",\"@id\":\"https:\/\/gysfm.com.ar\/inicio\/#website\",\"url\":\"https:\/\/gysfm.com.ar\/inicio\/\",\"name\":\"GYS NOTICIAS |\",\"description\":\"DIARIO - RADIO ONLINE SAN JUAN ARGENTINA\",\"publisher\":{\"@id\":\"https:\/\/gysfm.com.ar\/inicio\/#organization\"},\"potentialAction\":[{\"@type\":\"SearchAction\",\"target\":{\"@type\":\"EntryPoint\",\"urlTemplate\":\"https:\/\/gysfm.com.ar\/inicio\/?s={search_term_string}\"},\"query-input\":{\"@type\":\"PropertyValueSpecification\",\"valueRequired\":true,\"valueName\":\"search_term_string\"}}],\"inLanguage\":\"es\"},{\"@type\":\"Organization\",\"@id\":\"https:\/\/gysfm.com.ar\/inicio\/#organization\",\"name\":\"GYS NOTICIAS |\",\"url\":\"https:\/\/gysfm.com.ar\/inicio\/\",\"logo\":{\"@type\":\"ImageObject\",\"inLanguage\":\"es\",\"@id\":\"https:\/\/gysfm.com.ar\/inicio\/#\/schema\/logo\/image\/\",\"url\":\"https:\/\/gysfm.com.ar\/inicio\/wp-content\/uploads\/2023\/07\/LOGOGYS-OK.png\",\"contentUrl\":\"https:\/\/gysfm.com.ar\/inicio\/wp-content\/uploads\/2023\/07\/LOGOGYS-OK.png\",\"width\":1170,\"height\":872,\"caption\":\"GYS NOTICIAS |\"},\"image\":{\"@id\":\"https:\/\/gysfm.com.ar\/inicio\/#\/schema\/logo\/image\/\"}},{\"@type\":\"Person\",\"@id\":\"https:\/\/gysfm.com.ar\/inicio\/#\/schema\/person\/5bedd7ecd35cc35548d89effafa23696\",\"name\":\"admin\",\"image\":{\"@type\":\"ImageObject\",\"inLanguage\":\"es\",\"@id\":\"https:\/\/gysfm.com.ar\/inicio\/#\/schema\/person\/image\/\",\"url\":\"https:\/\/secure.gravatar.com\/avatar\/c331d312b5243fb64d5ba28108a447b27c925295129a363082c9ea52c28d32c2?s=96&d=mm&r=g\",\"contentUrl\":\"https:\/\/secure.gravatar.com\/avatar\/c331d312b5243fb64d5ba28108a447b27c925295129a363082c9ea52c28d32c2?s=96&d=mm&r=g\",\"caption\":\"admin\"},\"sameAs\":[\"https:\/\/gysfm.com.ar\/inicio\"],\"url\":\"https:\/\/gysfm.com.ar\/inicio\/author\/admin\/\"}]}<\/script>\n<!-- \/ Yoast SEO plugin. -->","yoast_head_json":{"title":"El costo de la construcci\u00f3n subi\u00f3 2,1% en julio y en 2026 acumul\u00f3 un alza de casi 20% - GYS NOTICIAS |","robots":{"index":"index","follow":"follow","max-snippet":"max-snippet:-1","max-image-preview":"max-image-preview:large","max-video-preview":"max-video-preview:-1"},"canonical":"https:\/\/gysfm.com.ar\/inicio\/el-costo-de-la-construccion-subio-21-en-julio-y-en-2026-acumulo-un-alza-de-casi-20\/","og_locale":"es_ES","og_type":"article","og_title":"El costo de la construcci\u00f3n subi\u00f3 2,1% en julio y en 2026 acumul\u00f3 un alza de casi 20% - GYS NOTICIAS |","og_description":"El costo de la construcci\u00f3n en el Gran Buenos Aires registr\u00f3 una suba mensual del 2,1% en julio, por debajo del 2,6% de junio, seg\u00fan inform\u00f3 este martes el INDEC. De esta manera, el indicador acumul\u00f3 un incremento del 19,2% en los primeros siete meses del a\u00f1o y una variaci\u00f3n interanual del 32,5%. El resultado [&hellip;]","og_url":"https:\/\/gysfm.com.ar\/inicio\/el-costo-de-la-construccion-subio-21-en-julio-y-en-2026-acumulo-un-alza-de-casi-20\/","og_site_name":"GYS NOTICIAS |","article_published_time":"2026-08-19T09:04:13+00:00","author":"admin","twitter_card":"summary_large_image","twitter_misc":{"Escrito por":"admin","Tiempo de lectura":"3 minutos"},"schema":{"@context":"https:\/\/schema.org","@graph":[{"@type":"Article","@id":"https:\/\/gysfm.com.ar\/inicio\/el-costo-de-la-construccion-subio-21-en-julio-y-en-2026-acumulo-un-alza-de-casi-20\/#article","isPartOf":{"@id":"https:\/\/gysfm.com.ar\/inicio\/el-costo-de-la-construccion-subio-21-en-julio-y-en-2026-acumulo-un-alza-de-casi-20\/"},"author":{"name":"admin","@id":"https:\/\/gysfm.com.ar\/inicio\/#\/schema\/person\/5bedd7ecd35cc35548d89effafa23696"},"headline":"El costo de la construcci\u00f3n subi\u00f3 2,1% en julio y en 2026 acumul\u00f3 un alza de casi 20%","datePublished":"2026-08-19T09:04:13+00:00","mainEntityOfPage":{"@id":"https:\/\/gysfm.com.ar\/inicio\/el-costo-de-la-construccion-subio-21-en-julio-y-en-2026-acumulo-un-alza-de-casi-20\/"},"wordCount":646,"publisher":{"@id":"https:\/\/gysfm.com.ar\/inicio\/#organization"},"image":{"@id":"https:\/\/gysfm.com.ar\/inicio\/el-costo-de-la-construccion-subio-21-en-julio-y-en-2026-acumulo-un-alza-de-casi-20\/#primaryimage"},"thumbnailUrl":"https:\/\/gysfm.com.ar\/inicio\/wp-content\/uploads\/2026\/08\/construccion-balvanera-propiedades.jpg","articleSection":["ECONOMIA"],"inLanguage":"es"},{"@type":"WebPage","@id":"https:\/\/gysfm.com.ar\/inicio\/el-costo-de-la-construccion-subio-21-en-julio-y-en-2026-acumulo-un-alza-de-casi-20\/","url":"https:\/\/gysfm.com.ar\/inicio\/el-costo-de-la-construccion-subio-21-en-julio-y-en-2026-acumulo-un-alza-de-casi-20\/","name":"El costo de la construcci\u00f3n subi\u00f3 2,1% en julio y en 2026 acumul\u00f3 un alza de casi 20% - GYS NOTICIAS |","isPartOf":{"@id":"https:\/\/gysfm.com.ar\/inicio\/#website"},"primaryImageOfPage":{"@id":"https:\/\/gysfm.com.ar\/inicio\/el-costo-de-la-construccion-subio-21-en-julio-y-en-2026-acumulo-un-alza-de-casi-20\/#primaryimage"},"image":{"@id":"https:\/\/gysfm.com.ar\/inicio\/el-costo-de-la-construccion-subio-21-en-julio-y-en-2026-acumulo-un-alza-de-casi-20\/#primaryimage"},"thumbnailUrl":"https:\/\/gysfm.com.ar\/inicio\/wp-content\/uploads\/2026\/08\/construccion-balvanera-propiedades.jpg","datePublished":"2026-08-19T09:04:13+00:00","breadcrumb":{"@id":"https:\/\/gysfm.com.ar\/inicio\/el-costo-de-la-construccion-subio-21-en-julio-y-en-2026-acumulo-un-alza-de-casi-20\/#breadcrumb"},"inLanguage":"es","potentialAction":[{"@type":"ReadAction","target":["https:\/\/gysfm.com.ar\/inicio\/el-costo-de-la-construccion-subio-21-en-julio-y-en-2026-acumulo-un-alza-de-casi-20\/"]}]},{"@type":"ImageObject","inLanguage":"es","@id":"https:\/\/gysfm.com.ar\/inicio\/el-costo-de-la-construccion-subio-21-en-julio-y-en-2026-acumulo-un-alza-de-casi-20\/#primaryimage","url":"https:\/\/gysfm.com.ar\/inicio\/wp-content\/uploads\/2026\/08\/construccion-balvanera-propiedades.jpg","contentUrl":"https:\/\/gysfm.com.ar\/inicio\/wp-content\/uploads\/2026\/08\/construccion-balvanera-propiedades.jpg","width":1200,"height":675},{"@type":"BreadcrumbList","@id":"https:\/\/gysfm.com.ar\/inicio\/el-costo-de-la-construccion-subio-21-en-julio-y-en-2026-acumulo-un-alza-de-casi-20\/#breadcrumb","itemListElement":[{"@type":"ListItem","position":1,"name":"Portada","item":"https:\/\/gysfm.com.ar\/inicio\/"},{"@type":"ListItem","position":2,"name":"El costo de la construcci\u00f3n subi\u00f3 2,1% en julio y en 2026 acumul\u00f3 un alza de casi 20%"}]},{"@type":"WebSite","@id":"https:\/\/gysfm.com.ar\/inicio\/#website","url":"https:\/\/gysfm.com.ar\/inicio\/","name":"GYS NOTICIAS |","description":"DIARIO - RADIO ONLINE SAN JUAN ARGENTINA","publisher":{"@id":"https:\/\/gysfm.com.ar\/inicio\/#organization"},"potentialAction":[{"@type":"SearchAction","target":{"@type":"EntryPoint","urlTemplate":"https:\/\/gysfm.com.ar\/inicio\/?s={search_term_string}"},"query-input":{"@type":"PropertyValueSpecification","valueRequired":true,"valueName":"search_term_string"}}],"inLanguage":"es"},{"@type":"Organization","@id":"https:\/\/gysfm.com.ar\/inicio\/#organization","name":"GYS NOTICIAS |","url":"https:\/\/gysfm.com.ar\/inicio\/","logo":{"@type":"ImageObject","inLanguage":"es","@id":"https:\/\/gysfm.com.ar\/inicio\/#\/schema\/logo\/image\/","url":"https:\/\/gysfm.com.ar\/inicio\/wp-content\/uploads\/2023\/07\/LOGOGYS-OK.png","contentUrl":"https:\/\/gysfm.com.ar\/inicio\/wp-content\/uploads\/2023\/07\/LOGOGYS-OK.png","width":1170,"height":872,"caption":"GYS NOTICIAS |"},"image":{"@id":"https:\/\/gysfm.com.ar\/inicio\/#\/schema\/logo\/image\/"}},{"@type":"Person","@id":"https:\/\/gysfm.com.ar\/inicio\/#\/schema\/person\/5bedd7ecd35cc35548d89effafa23696","name":"admin","image":{"@type":"ImageObject","inLanguage":"es","@id":"https:\/\/gysfm.com.ar\/inicio\/#\/schema\/person\/image\/","url":"https:\/\/secure.gravatar.com\/avatar\/c331d312b5243fb64d5ba28108a447b27c925295129a363082c9ea52c28d32c2?s=96&d=mm&r=g","contentUrl":"https:\/\/secure.gravatar.com\/avatar\/c331d312b5243fb64d5ba28108a447b27c925295129a363082c9ea52c28d32c2?s=96&d=mm&r=g","caption":"admin"},"sameAs":["https:\/\/gysfm.com.ar\/inicio"],"url":"https:\/\/gysfm.com.ar\/inicio\/author\/admin\/"}]}},"_links":{"self":[{"href":"https:\/\/gysfm.com.ar\/inicio\/wp-json\/wp\/v2\/posts\/208654","targetHints":{"allow":["GET"]}}],"collection":[{"href":"https:\/\/gysfm.com.ar\/inicio\/wp-json\/wp\/v2\/posts"}],"about":[{"href":"https:\/\/gysfm.com.ar\/inicio\/wp-json\/wp\/v2\/types\/post"}],"author":[{"embeddable":true,"href":"https:\/\/gysfm.com.ar\/inicio\/wp-json\/wp\/v2\/users\/1"}],"replies":[{"embeddable":true,"href":"https:\/\/gysfm.com.ar\/inicio\/wp-json\/wp\/v2\/comments?post=208654"}],"version-history":[{"count":0,"href":"https:\/\/gysfm.com.ar\/inicio\/wp-json\/wp\/v2\/posts\/208654\/revisions"}],"wp:featuredmedia":[{"embeddable":true,"href":"https:\/\/gysfm.com.ar\/inicio\/wp-json\/wp\/v2\/media\/207932"}],"wp:attachment":[{"href":"https:\/\/gysfm.com.ar\/inicio\/wp-json\/wp\/v2\/media?parent=208654"}],"wp:term":[{"taxonomy":"category","embeddable":true,"href":"https:\/\/gysfm.com.ar\/inicio\/wp-json\/wp\/v2\/categories?post=208654"},{"taxonomy":"post_tag","embeddable":true,"href":"https:\/\/gysfm.com.ar\/inicio\/wp-json\/wp\/v2\/tags?post=208654"}],"curies":[{"name":"wp","href":"https:\/\/api.w.org\/{rel}","templated":true}]}}