{"id":208651,"date":"2026-08-19T05:19:06","date_gmt":"2026-08-19T08:19:06","guid":{"rendered":"https:\/\/gysfm.com.ar\/inicio\/el-gobierno-de-bolivia-exige-una-investigacion-exhaustiva-y-seria-contra-cerimedo-tras-el-tiroteo-contra-su-pareja\/"},"modified":"2026-08-19T05:19:07","modified_gmt":"2026-08-19T08:19:07","slug":"el-gobierno-de-bolivia-exige-una-investigacion-exhaustiva-y-seria-contra-cerimedo-tras-el-tiroteo-contra-su-pareja","status":"publish","type":"post","link":"https:\/\/gysfm.com.ar\/inicio\/el-gobierno-de-bolivia-exige-una-investigacion-exhaustiva-y-seria-contra-cerimedo-tras-el-tiroteo-contra-su-pareja\/","title":{"rendered":"El gobierno de Bolivia exige una investigaci\u00f3n \u201cexhaustiva y seria\u201d contra Cerimedo tras el tiroteo contra su pareja"},"content":{"rendered":"<p> <br \/>\n<\/p>\n<div>\n<p class=\"com-paragraph --capital --s\">El Gobierno boliviano exigi\u00f3 este martes una investigaci\u00f3n \u201cseria y exhaustiva\u201d contra <strong>Fernando Cerimedo<\/strong>, exasesor del presidente <strong>Javier Milei<\/strong>, luego de que el consultor <a href=\"https:\/\/www.lanacion.com.ar\/politica\/el-momento-en-que-nadia-beller-es-baleada-en-un-hotel-en-bolivia-cerimedo-detenido-nid18082026\/\" target=\"_self\" title=\"https:\/\/www.lanacion.com.ar\/politica\/el-momento-en-que-nadia-beller-es-baleada-en-un-hotel-en-bolivia-cerimedo-detenido-nid18082026\/\" class=\"com-link break-word\" data-mrf-recirculation=\"n_link_parrafo\">fuera detenido en Santa Cruz tras el tiroteo contra su pareja <strong>Nadia Beller<\/strong><\/a><strong>.<\/strong><\/p>\n<p class=\"com-paragraph --s\">El ministro de Gobierno boliviano, <strong>Marco Antonio Oviedo<\/strong>, expres\u00f3 su \u201csolidaridad\u201d con la abogada y activista.<\/p>\n<div class=\"content-media\">\n<section role=\"button\" class=\"mod-media   \">\n<figure role=\"button\" tabindex=\"0\" class=\"mod-figure \"><figcaption class=\"mod-figcaption\"><span class=\"com-text --caption --twoxs\">La detenci\u00f3n de Cerimedo<\/span><span class=\"com-text --credit --twoxs\">El Deber<\/span><\/figcaption><\/figure>\n<\/section>\n<\/div>\n<p class=\"com-paragraph --s\">\u201cTan pronto como tuvimos conocimiento del incidente y de la presunta participaci\u00f3n del se\u00f1or Fernando Cerimedo, instru\u00ed personalmente al Comandante Departamental de la Polic\u00eda en Santa Cruz para que actuara de inmediato\u201d, afirm\u00f3 en declaraciones a la prensa.<\/p>\n<p class=\"com-paragraph --s\">Y precis\u00f3 que el caso est\u00e1 ahora <strong>\u201cbajo la jurisdicci\u00f3n de la Fiscal\u00eda General de Bolivia\u201d<\/strong> y que \u201cnadie est\u00e1 por encima de la ley\u201d.<\/p>\n<p class=\"com-paragraph --s\">Cerimedo, quien hasta hace poco se desempe\u00f1aba como \u201casesor personal\u201d del presidente <strong>Rodrigo Paz <\/strong>-seg\u00fan revel\u00f3 el propio vicepresidente <strong>Edman Lara<\/strong>&#8211; fue arrestado este martes por agentes en el aeropuerto de Viru Viru cuando llegaba a Santa Cruz procedente de La Paz.<\/p>\n<p class=\"com-paragraph --s\">Las autoridades bolivianas lo identificaron como <strong>\u201cel principal sospechoso\u201d<\/strong> del ataque contra Beller. \u2060El ex asesor de Milei y la activista mantienen una <strong>relaci\u00f3n sentimental<\/strong> y, \u200csemanas atr\u00e1s, se conocieron denuncias de violencia tras \u2060una disputa entre ambos.<\/p>\n<p class=\"com-paragraph --s\">Las autoridades no proporcionaron hasta el momento mayores detalles sobre las circunstancias del tiroteo.<\/p>\n<p class=\"com-paragraph --s\">Edman Lara pidi\u00f3 a Paz \u201cuna <strong>investigaci\u00f3n imparcial y transparente <\/strong>sin ning\u00fan tipo de favorecimiento\u201d y que <strong>no \u201cencubra a nadie\u201d.<\/strong><\/p>\n<p><h3 class=\"font-primary text-subheading-lg text-left container-center-100 mb-8\"><span>El ataque<\/span><\/h3>\n<\/p>\n<p class=\"com-paragraph --s\">Beller recibi\u00f3 <strong>tres disparos <\/strong>el lunes por la noche en un hotel ubicado en la zona del Canal Isuto. Los dos presuntos autores materiales del ataque quedaron registrados por las c\u00e1maras de seguridad del establecimiento.<\/p>\n<div class=\"content-media cursor-pointer container-center-100\">\n<section class=\"media-container relative ratio-16-9 mod-media pb-32\">\n<figure class=\"mod-video\">\n<div class=\"video-player bg-black ratio-16-9\" data-has-jwplayer=\"true\" data-video-id-jw=\"mOZtW2R0\" data-config=\"{&quot;title&quot;:&quot;El ataque contra la activista boliviana Nadia Beller en Santa Cruz de la Sierra&quot;,&quot;mediaId&quot;:&quot;mOZtW2R0&quot;,&quot;playerId&quot;:&quot;ih0086X3&quot;,&quot;playlist&quot;:[{&quot;mediaid&quot;:&quot;mOZtW2R0&quot;,&quot;sources&quot;:[{&quot;file&quot;:&quot;https:\/\/cdn.jwplayer.com\/manifests\/mOZtW2R0.m3u8&quot;,&quot;type&quot;:&quot;application\/vnd.apple.mpegurl&quot;},{&quot;bitrate&quot;:266562,&quot;file&quot;:&quot;https:\/\/cdn.jwplayer.com\/videos\/mOZtW2R0-kTExGaWf.mp4&quot;,&quot;filesize&quot;:1066248,&quot;framerate&quot;:24,&quot;height&quot;:180,&quot;label&quot;:&quot;180p&quot;,&quot;type&quot;:&quot;video\/mp4&quot;,&quot;width&quot;:320},{&quot;bitrate&quot;:377370,&quot;file&quot;:&quot;https:\/\/cdn.jwplayer.com\/videos\/mOZtW2R0-K8B0kybS.mp4&quot;,&quot;filesize&quot;:1509481,&quot;framerate&quot;:24,&quot;height&quot;:270,&quot;label&quot;:&quot;270p&quot;,&quot;type&quot;:&quot;video\/mp4&quot;,&quot;width&quot;:480},{&quot;bitrate&quot;:1066973,&quot;file&quot;:&quot;https:\/\/cdn.jwplayer.com\/videos\/mOZtW2R0-46NIuRKO.mp4&quot;,&quot;filesize&quot;:4267895,&quot;framerate&quot;:24,&quot;height&quot;:720,&quot;label&quot;:&quot;720p&quot;,&quot;type&quot;:&quot;video\/mp4&quot;,&quot;width&quot;:1280},{&quot;bitrate&quot;:117044,&quot;file&quot;:&quot;https:\/\/cdn.jwplayer.com\/videos\/mOZtW2R0-hz5z2Tv4.m4a&quot;,&quot;filesize&quot;:468176,&quot;label&quot;:&quot;AAC Audio&quot;,&quot;type&quot;:&quot;audio\/mp4&quot;},{&quot;bitrate&quot;:1777155,&quot;file&quot;:&quot;https:\/\/cdn.jwplayer.com\/videos\/mOZtW2R0-SomplJdm.mp4&quot;,&quot;filesize&quot;:7108620,&quot;framerate&quot;:24,&quot;height&quot;:1080,&quot;label&quot;:&quot;1080p&quot;,&quot;type&quot;:&quot;video\/mp4&quot;,&quot;width&quot;:1920},{&quot;bitrate&quot;:502148,&quot;file&quot;:&quot;https:\/\/cdn.jwplayer.com\/videos\/mOZtW2R0-FnZGUVnC.mp4&quot;,&quot;filesize&quot;:2008593,&quot;framerate&quot;:24,&quot;height&quot;:360,&quot;label&quot;:&quot;360p&quot;,&quot;type&quot;:&quot;video\/mp4&quot;,&quot;width&quot;:640},{&quot;bitrate&quot;:827095,&quot;file&quot;:&quot;https:\/\/cdn.jwplayer.com\/videos\/mOZtW2R0-0G6Pwvlw.mp4&quot;,&quot;filesize&quot;:3308380,&quot;framerate&quot;:24,&quot;height&quot;:540,&quot;label&quot;:&quot;540p&quot;,&quot;type&quot;:&quot;video\/mp4&quot;,&quot;width&quot;:960}]}],&quot;hasAutoplay&quot;:false,&quot;autostart&quot;:true,&quot;tagsUrl&quot;:&quot;https:\/\/pubads.g.doubleclick.net\/gampad\/ads?slotname=\/133919216\/la_nacion_video\/nota\/preroll&amp;sz=640x480|400x300&amp;ciu_szs=300x250&amp;unviewed_position_start=1&amp;output=vast&amp;impl=s&amp;env=vp&amp;gdfp_req=1&amp;ad_rule=0&amp;vad_type=linear&amp;vpos=preroll&amp;cust_params=tags_nuevos%3Dte_bolivia%2Cte_javier_milei%2Cca_politica%2Cca_el_mundo%2C%2C2QV7T5ABZJA3XI4OZFXOG4ZDOY&amp;pod=3&amp;ppos=1&amp;lip=true&amp;min_ad_duration=0&amp;max_ad_duration=30000&amp;vrid=6256&amp;url=https%3A%2F%2Fwww.lanacion.com.ar%2Fpolitica%2Fbolivia-exige-investigar-a-cerimedo-tras-el-tiroteo-contra-su-expareja-nid18082026%2F%3Fvariant%3DA&amp;description_url=https%3A%2F%2Fwww.lanacion.com.ar%2Fpolitica%2Fbolivia-exige-investigar-a-cerimedo-tras-el-tiroteo-contra-su-expareja-nid18082026%2F%3Fvariant%3DA&amp;video_doc_id=short_onecue&amp;cmsid=496&amp;kfa=0&amp;tfcd=0&amp;correlator=1787127057632&quot;,&quot;arcSite&quot;:&quot;la-nacion-ar&quot;,&quot;duration&quot;:&quot;32000&quot;}\">\n<div id=\"facade-mOZtW2R0\" class=\"content-facade-jw relative bg-black ratio-16-9\"><picture><source media=\"(max-width: 767px)\" srcset=\"https:\/\/www.lanacion.com.ar\/resizer\/v2\/https%3A%2F%2Fcdn.jwplayer.com%2Fv2%2Fmedia%2FmOZtW2R0%2Fposter.jpg%3Fwidth%3D720?auth=9c30c8edaf734909481dd2304f1adba4adb042e40a95d5a13bf99ef9cb5685ba&amp;width=480&amp;quality=70&amp;smart=false\"\/><\/picture><\/div>\n<\/div><figcaption class=\"border border-1 border-bottom border-light-300 relative px-16 py-8 min-h-36 w-100_md px-0_l mb-8 bg-white\"><span class=\"text ln-text text-16 block\">El ataque contra la activista boliviana Nadia Beller en Santa Cruz de la Sierra<\/span><\/figcaption><\/figure>\n<\/section>\n<\/div>\n<p class=\"com-paragraph --s\">De acuerdo con la informaci\u00f3n preliminar, los sospechosos llegaron vestidos como <strong>repartidores de delivery,<\/strong> con cascos y chalecos azules. Al llegar a bordo de una moto robada, interceptaron a la mujer:<strong> uno le dispar\u00f3 y el otro le rob\u00f3 la cartera y el celular<\/strong>. Luego se dieron a la fuga en una moto diferente a la que hab\u00edan utilizado para llegar al hotel.<\/p>\n<p class=\"com-paragraph --s\">En un video registrado por una c\u00e1mara de seguridad se la puede ver a Beller parada en un lugar p\u00fablico del hotel, aunque no se advierte si es una recepci\u00f3n o un patio. <\/p>\n<div class=\"content-media\">\n<section role=\"button\" class=\"mod-media   \">\n<figure role=\"button\" tabindex=\"0\" class=\"mod-figure \"><figcaption class=\"mod-figcaption\"><span class=\"com-text --caption --twoxs\">Nadia Beller, expareja de Fernando Cerimedo, desde el hospital tras ser baleada<\/span><span class=\"com-text --credit --twoxs\">Captura de Pantalla<\/span><\/figcaption><\/figure>\n<\/section>\n<\/div>\n<p class=\"com-paragraph --s\">Hacia all\u00ed llegan dos personas vestidas de trabajadores de delivery que se acercan hacia ella. Uno de ellos le dispara con un arma de fuego tres veces y la activista cae al suelo. Luego, el otro hombre se le acerca y le roba sus pertenencias para despu\u00e9s alejarse del lugar.<\/p>\n<section class=\"container-center-100 mb-40 border border-bottom border-thin border-neutral-light-700\">\n<hr\/>\n<\/section>\n<\/div>\n<p><script id=\"facebookpixel\" defer=\"\" type=\"text\/javascript\">\n        !function(f,b,e,v,n,t,s)\n        {if(f.fbq)return;n=f.fbq=function(){n.callMethod?\n        n.callMethod.apply(n,arguments):n.queue.push(arguments)};\n        if(!f._fbq)f._fbq=n;n.push=n;n.loaded=!0;n.version='2.0';\n        n.queue=[];t=b.createElement(e);t.async=!0;\n        t.src=v;s=b.getElementsByTagName(e)[0];\n        s.parentNode.insertBefore(t,s)}(window, document,'script',\n        'https:\/\/connect.facebook.net\/en_US\/fbevents.js');\n        fbq('init', '492459597522335');\n        fbq('track', 'PageView');\n    <\/script><br \/>\n<br \/><\/p>\n","protected":false},"excerpt":{"rendered":"<p>El Gobierno boliviano exigi\u00f3 este martes una investigaci\u00f3n \u201cseria y exhaustiva\u201d contra Fernando Cerimedo, exasesor del presidente Javier Milei, luego de que el consultor fuera detenido en Santa Cruz tras el tiroteo contra su pareja Nadia Beller. El ministro de Gobierno boliviano, Marco Antonio Oviedo, expres\u00f3 su \u201csolidaridad\u201d con la abogada y activista. La detenci\u00f3n [&hellip;]<\/p>\n","protected":false},"author":2,"featured_media":208652,"comment_status":"closed","ping_status":"closed","sticky":false,"template":"","format":"standard","meta":{"footnotes":""},"categories":[26],"tags":[],"class_list":["post-208651","post","type-post","status-publish","format-standard","has-post-thumbnail","hentry","category-internacionales"],"yoast_head":"<!-- This site is optimized with the Yoast SEO plugin v24.4 - https:\/\/yoast.com\/wordpress\/plugins\/seo\/ -->\n<title>El gobierno de Bolivia exige una investigaci\u00f3n \u201cexhaustiva y seria\u201d contra Cerimedo tras el tiroteo contra su pareja - GYS NOTICIAS |<\/title>\n<meta name=\"robots\" content=\"index, follow, max-snippet:-1, max-image-preview:large, max-video-preview:-1\" \/>\n<link rel=\"canonical\" href=\"https:\/\/gysfm.com.ar\/inicio\/el-gobierno-de-bolivia-exige-una-investigacion-exhaustiva-y-seria-contra-cerimedo-tras-el-tiroteo-contra-su-pareja\/\" \/>\n<meta property=\"og:locale\" content=\"es_ES\" \/>\n<meta property=\"og:type\" content=\"article\" \/>\n<meta property=\"og:title\" content=\"El gobierno de Bolivia exige una investigaci\u00f3n \u201cexhaustiva y seria\u201d contra Cerimedo tras el tiroteo contra su pareja - GYS NOTICIAS |\" \/>\n<meta property=\"og:description\" content=\"El Gobierno boliviano exigi\u00f3 este martes una investigaci\u00f3n \u201cseria y exhaustiva\u201d contra Fernando Cerimedo, exasesor del presidente Javier Milei, luego de que el consultor fuera detenido en Santa Cruz tras el tiroteo contra su pareja Nadia Beller. El ministro de Gobierno boliviano, Marco Antonio Oviedo, expres\u00f3 su \u201csolidaridad\u201d con la abogada y activista. La detenci\u00f3n [&hellip;]\" \/>\n<meta property=\"og:url\" content=\"https:\/\/gysfm.com.ar\/inicio\/el-gobierno-de-bolivia-exige-una-investigacion-exhaustiva-y-seria-contra-cerimedo-tras-el-tiroteo-contra-su-pareja\/\" \/>\n<meta property=\"og:site_name\" content=\"GYS NOTICIAS |\" \/>\n<meta property=\"article:published_time\" content=\"2026-08-19T08:19:06+00:00\" \/>\n<meta property=\"article:modified_time\" content=\"2026-08-19T08:19:07+00:00\" \/>\n<meta property=\"og:image\" content=\"https:\/\/gysfm.com.ar\/inicio\/wp-content\/uploads\/2026\/08\/cerimedo-fue-detenido-en-bolivia-luego-del-ataque-5DQ5YPBIEFHUTGH4QFKRMTHPX4.png\" \/>\n\t<meta property=\"og:image:width\" content=\"1200\" \/>\n\t<meta property=\"og:image:height\" content=\"800\" \/>\n\t<meta property=\"og:image:type\" content=\"image\/png\" \/>\n<meta name=\"author\" content=\"Prensa G&amp;S FM\" \/>\n<meta name=\"twitter:card\" content=\"summary_large_image\" \/>\n<meta name=\"twitter:label1\" content=\"Escrito por\" \/>\n\t<meta name=\"twitter:data1\" content=\"Prensa G&amp;S FM\" \/>\n\t<meta name=\"twitter:label2\" content=\"Tiempo de lectura\" \/>\n\t<meta name=\"twitter:data2\" content=\"2 minutos\" \/>\n<script type=\"application\/ld+json\" class=\"yoast-schema-graph\">{\"@context\":\"https:\/\/schema.org\",\"@graph\":[{\"@type\":\"Article\",\"@id\":\"https:\/\/gysfm.com.ar\/inicio\/el-gobierno-de-bolivia-exige-una-investigacion-exhaustiva-y-seria-contra-cerimedo-tras-el-tiroteo-contra-su-pareja\/#article\",\"isPartOf\":{\"@id\":\"https:\/\/gysfm.com.ar\/inicio\/el-gobierno-de-bolivia-exige-una-investigacion-exhaustiva-y-seria-contra-cerimedo-tras-el-tiroteo-contra-su-pareja\/\"},\"author\":{\"name\":\"Prensa G&amp;S FM\",\"@id\":\"https:\/\/gysfm.com.ar\/inicio\/#\/schema\/person\/3abba7593ef2ad19e1be221d54383dc5\"},\"headline\":\"El gobierno de Bolivia exige una investigaci\u00f3n \u201cexhaustiva y seria\u201d contra Cerimedo tras el tiroteo contra su pareja\",\"datePublished\":\"2026-08-19T08:19:06+00:00\",\"dateModified\":\"2026-08-19T08:19:07+00:00\",\"mainEntityOfPage\":{\"@id\":\"https:\/\/gysfm.com.ar\/inicio\/el-gobierno-de-bolivia-exige-una-investigacion-exhaustiva-y-seria-contra-cerimedo-tras-el-tiroteo-contra-su-pareja\/\"},\"wordCount\":490,\"publisher\":{\"@id\":\"https:\/\/gysfm.com.ar\/inicio\/#organization\"},\"image\":{\"@id\":\"https:\/\/gysfm.com.ar\/inicio\/el-gobierno-de-bolivia-exige-una-investigacion-exhaustiva-y-seria-contra-cerimedo-tras-el-tiroteo-contra-su-pareja\/#primaryimage\"},\"thumbnailUrl\":\"https:\/\/gysfm.com.ar\/inicio\/wp-content\/uploads\/2026\/08\/cerimedo-fue-detenido-en-bolivia-luego-del-ataque-5DQ5YPBIEFHUTGH4QFKRMTHPX4.png\",\"articleSection\":[\"INTERNACIONALES\"],\"inLanguage\":\"es\"},{\"@type\":\"WebPage\",\"@id\":\"https:\/\/gysfm.com.ar\/inicio\/el-gobierno-de-bolivia-exige-una-investigacion-exhaustiva-y-seria-contra-cerimedo-tras-el-tiroteo-contra-su-pareja\/\",\"url\":\"https:\/\/gysfm.com.ar\/inicio\/el-gobierno-de-bolivia-exige-una-investigacion-exhaustiva-y-seria-contra-cerimedo-tras-el-tiroteo-contra-su-pareja\/\",\"name\":\"El gobierno de Bolivia exige una investigaci\u00f3n \u201cexhaustiva y seria\u201d contra Cerimedo tras el tiroteo contra su pareja - GYS NOTICIAS |\",\"isPartOf\":{\"@id\":\"https:\/\/gysfm.com.ar\/inicio\/#website\"},\"primaryImageOfPage\":{\"@id\":\"https:\/\/gysfm.com.ar\/inicio\/el-gobierno-de-bolivia-exige-una-investigacion-exhaustiva-y-seria-contra-cerimedo-tras-el-tiroteo-contra-su-pareja\/#primaryimage\"},\"image\":{\"@id\":\"https:\/\/gysfm.com.ar\/inicio\/el-gobierno-de-bolivia-exige-una-investigacion-exhaustiva-y-seria-contra-cerimedo-tras-el-tiroteo-contra-su-pareja\/#primaryimage\"},\"thumbnailUrl\":\"https:\/\/gysfm.com.ar\/inicio\/wp-content\/uploads\/2026\/08\/cerimedo-fue-detenido-en-bolivia-luego-del-ataque-5DQ5YPBIEFHUTGH4QFKRMTHPX4.png\",\"datePublished\":\"2026-08-19T08:19:06+00:00\",\"dateModified\":\"2026-08-19T08:19:07+00:00\",\"breadcrumb\":{\"@id\":\"https:\/\/gysfm.com.ar\/inicio\/el-gobierno-de-bolivia-exige-una-investigacion-exhaustiva-y-seria-contra-cerimedo-tras-el-tiroteo-contra-su-pareja\/#breadcrumb\"},\"inLanguage\":\"es\",\"potentialAction\":[{\"@type\":\"ReadAction\",\"target\":[\"https:\/\/gysfm.com.ar\/inicio\/el-gobierno-de-bolivia-exige-una-investigacion-exhaustiva-y-seria-contra-cerimedo-tras-el-tiroteo-contra-su-pareja\/\"]}]},{\"@type\":\"ImageObject\",\"inLanguage\":\"es\",\"@id\":\"https:\/\/gysfm.com.ar\/inicio\/el-gobierno-de-bolivia-exige-una-investigacion-exhaustiva-y-seria-contra-cerimedo-tras-el-tiroteo-contra-su-pareja\/#primaryimage\",\"url\":\"https:\/\/gysfm.com.ar\/inicio\/wp-content\/uploads\/2026\/08\/cerimedo-fue-detenido-en-bolivia-luego-del-ataque-5DQ5YPBIEFHUTGH4QFKRMTHPX4.png\",\"contentUrl\":\"https:\/\/gysfm.com.ar\/inicio\/wp-content\/uploads\/2026\/08\/cerimedo-fue-detenido-en-bolivia-luego-del-ataque-5DQ5YPBIEFHUTGH4QFKRMTHPX4.png\",\"width\":1200,\"height\":800},{\"@type\":\"BreadcrumbList\",\"@id\":\"https:\/\/gysfm.com.ar\/inicio\/el-gobierno-de-bolivia-exige-una-investigacion-exhaustiva-y-seria-contra-cerimedo-tras-el-tiroteo-contra-su-pareja\/#breadcrumb\",\"itemListElement\":[{\"@type\":\"ListItem\",\"position\":1,\"name\":\"Portada\",\"item\":\"https:\/\/gysfm.com.ar\/inicio\/\"},{\"@type\":\"ListItem\",\"position\":2,\"name\":\"El gobierno de Bolivia exige una investigaci\u00f3n \u201cexhaustiva y seria\u201d contra Cerimedo tras el tiroteo contra su pareja\"}]},{\"@type\":\"WebSite\",\"@id\":\"https:\/\/gysfm.com.ar\/inicio\/#website\",\"url\":\"https:\/\/gysfm.com.ar\/inicio\/\",\"name\":\"GYS NOTICIAS |\",\"description\":\"DIARIO - RADIO ONLINE SAN JUAN ARGENTINA\",\"publisher\":{\"@id\":\"https:\/\/gysfm.com.ar\/inicio\/#organization\"},\"potentialAction\":[{\"@type\":\"SearchAction\",\"target\":{\"@type\":\"EntryPoint\",\"urlTemplate\":\"https:\/\/gysfm.com.ar\/inicio\/?s={search_term_string}\"},\"query-input\":{\"@type\":\"PropertyValueSpecification\",\"valueRequired\":true,\"valueName\":\"search_term_string\"}}],\"inLanguage\":\"es\"},{\"@type\":\"Organization\",\"@id\":\"https:\/\/gysfm.com.ar\/inicio\/#organization\",\"name\":\"GYS NOTICIAS |\",\"url\":\"https:\/\/gysfm.com.ar\/inicio\/\",\"logo\":{\"@type\":\"ImageObject\",\"inLanguage\":\"es\",\"@id\":\"https:\/\/gysfm.com.ar\/inicio\/#\/schema\/logo\/image\/\",\"url\":\"https:\/\/gysfm.com.ar\/inicio\/wp-content\/uploads\/2023\/07\/LOGOGYS-OK.png\",\"contentUrl\":\"https:\/\/gysfm.com.ar\/inicio\/wp-content\/uploads\/2023\/07\/LOGOGYS-OK.png\",\"width\":1170,\"height\":872,\"caption\":\"GYS NOTICIAS |\"},\"image\":{\"@id\":\"https:\/\/gysfm.com.ar\/inicio\/#\/schema\/logo\/image\/\"}},{\"@type\":\"Person\",\"@id\":\"https:\/\/gysfm.com.ar\/inicio\/#\/schema\/person\/3abba7593ef2ad19e1be221d54383dc5\",\"name\":\"Prensa G&amp;S FM\",\"image\":{\"@type\":\"ImageObject\",\"inLanguage\":\"es\",\"@id\":\"https:\/\/gysfm.com.ar\/inicio\/#\/schema\/person\/image\/\",\"url\":\"https:\/\/secure.gravatar.com\/avatar\/096ec78df02049ab018702bb4ccedf659377fa92a26540b5247612077a0dbd29?s=96&d=mm&r=g\",\"contentUrl\":\"https:\/\/secure.gravatar.com\/avatar\/096ec78df02049ab018702bb4ccedf659377fa92a26540b5247612077a0dbd29?s=96&d=mm&r=g\",\"caption\":\"Prensa G&amp;S FM\"},\"sameAs\":[\"https:\/\/gysfm.com.ar\/\"],\"url\":\"https:\/\/gysfm.com.ar\/inicio\/author\/lucasm\/\"}]}<\/script>\n<!-- \/ Yoast SEO plugin. -->","yoast_head_json":{"title":"El gobierno de Bolivia exige una investigaci\u00f3n \u201cexhaustiva y seria\u201d contra Cerimedo tras el tiroteo contra su pareja - GYS NOTICIAS |","robots":{"index":"index","follow":"follow","max-snippet":"max-snippet:-1","max-image-preview":"max-image-preview:large","max-video-preview":"max-video-preview:-1"},"canonical":"https:\/\/gysfm.com.ar\/inicio\/el-gobierno-de-bolivia-exige-una-investigacion-exhaustiva-y-seria-contra-cerimedo-tras-el-tiroteo-contra-su-pareja\/","og_locale":"es_ES","og_type":"article","og_title":"El gobierno de Bolivia exige una investigaci\u00f3n \u201cexhaustiva y seria\u201d contra Cerimedo tras el tiroteo contra su pareja - GYS NOTICIAS |","og_description":"El Gobierno boliviano exigi\u00f3 este martes una investigaci\u00f3n \u201cseria y exhaustiva\u201d contra Fernando Cerimedo, exasesor del presidente Javier Milei, luego de que el consultor fuera detenido en Santa Cruz tras el tiroteo contra su pareja Nadia Beller. El ministro de Gobierno boliviano, Marco Antonio Oviedo, expres\u00f3 su \u201csolidaridad\u201d con la abogada y activista. La detenci\u00f3n [&hellip;]","og_url":"https:\/\/gysfm.com.ar\/inicio\/el-gobierno-de-bolivia-exige-una-investigacion-exhaustiva-y-seria-contra-cerimedo-tras-el-tiroteo-contra-su-pareja\/","og_site_name":"GYS NOTICIAS |","article_published_time":"2026-08-19T08:19:06+00:00","article_modified_time":"2026-08-19T08:19:07+00:00","og_image":[{"width":1200,"height":800,"url":"https:\/\/gysfm.com.ar\/inicio\/wp-content\/uploads\/2026\/08\/cerimedo-fue-detenido-en-bolivia-luego-del-ataque-5DQ5YPBIEFHUTGH4QFKRMTHPX4.png","type":"image\/png"}],"author":"Prensa G&amp;S FM","twitter_card":"summary_large_image","twitter_misc":{"Escrito por":"Prensa G&amp;S FM","Tiempo de lectura":"2 minutos"},"schema":{"@context":"https:\/\/schema.org","@graph":[{"@type":"Article","@id":"https:\/\/gysfm.com.ar\/inicio\/el-gobierno-de-bolivia-exige-una-investigacion-exhaustiva-y-seria-contra-cerimedo-tras-el-tiroteo-contra-su-pareja\/#article","isPartOf":{"@id":"https:\/\/gysfm.com.ar\/inicio\/el-gobierno-de-bolivia-exige-una-investigacion-exhaustiva-y-seria-contra-cerimedo-tras-el-tiroteo-contra-su-pareja\/"},"author":{"name":"Prensa G&amp;S FM","@id":"https:\/\/gysfm.com.ar\/inicio\/#\/schema\/person\/3abba7593ef2ad19e1be221d54383dc5"},"headline":"El gobierno de Bolivia exige una investigaci\u00f3n \u201cexhaustiva y seria\u201d contra Cerimedo tras el tiroteo contra su pareja","datePublished":"2026-08-19T08:19:06+00:00","dateModified":"2026-08-19T08:19:07+00:00","mainEntityOfPage":{"@id":"https:\/\/gysfm.com.ar\/inicio\/el-gobierno-de-bolivia-exige-una-investigacion-exhaustiva-y-seria-contra-cerimedo-tras-el-tiroteo-contra-su-pareja\/"},"wordCount":490,"publisher":{"@id":"https:\/\/gysfm.com.ar\/inicio\/#organization"},"image":{"@id":"https:\/\/gysfm.com.ar\/inicio\/el-gobierno-de-bolivia-exige-una-investigacion-exhaustiva-y-seria-contra-cerimedo-tras-el-tiroteo-contra-su-pareja\/#primaryimage"},"thumbnailUrl":"https:\/\/gysfm.com.ar\/inicio\/wp-content\/uploads\/2026\/08\/cerimedo-fue-detenido-en-bolivia-luego-del-ataque-5DQ5YPBIEFHUTGH4QFKRMTHPX4.png","articleSection":["INTERNACIONALES"],"inLanguage":"es"},{"@type":"WebPage","@id":"https:\/\/gysfm.com.ar\/inicio\/el-gobierno-de-bolivia-exige-una-investigacion-exhaustiva-y-seria-contra-cerimedo-tras-el-tiroteo-contra-su-pareja\/","url":"https:\/\/gysfm.com.ar\/inicio\/el-gobierno-de-bolivia-exige-una-investigacion-exhaustiva-y-seria-contra-cerimedo-tras-el-tiroteo-contra-su-pareja\/","name":"El gobierno de Bolivia exige una investigaci\u00f3n \u201cexhaustiva y seria\u201d contra Cerimedo tras el tiroteo contra su pareja - GYS NOTICIAS |","isPartOf":{"@id":"https:\/\/gysfm.com.ar\/inicio\/#website"},"primaryImageOfPage":{"@id":"https:\/\/gysfm.com.ar\/inicio\/el-gobierno-de-bolivia-exige-una-investigacion-exhaustiva-y-seria-contra-cerimedo-tras-el-tiroteo-contra-su-pareja\/#primaryimage"},"image":{"@id":"https:\/\/gysfm.com.ar\/inicio\/el-gobierno-de-bolivia-exige-una-investigacion-exhaustiva-y-seria-contra-cerimedo-tras-el-tiroteo-contra-su-pareja\/#primaryimage"},"thumbnailUrl":"https:\/\/gysfm.com.ar\/inicio\/wp-content\/uploads\/2026\/08\/cerimedo-fue-detenido-en-bolivia-luego-del-ataque-5DQ5YPBIEFHUTGH4QFKRMTHPX4.png","datePublished":"2026-08-19T08:19:06+00:00","dateModified":"2026-08-19T08:19:07+00:00","breadcrumb":{"@id":"https:\/\/gysfm.com.ar\/inicio\/el-gobierno-de-bolivia-exige-una-investigacion-exhaustiva-y-seria-contra-cerimedo-tras-el-tiroteo-contra-su-pareja\/#breadcrumb"},"inLanguage":"es","potentialAction":[{"@type":"ReadAction","target":["https:\/\/gysfm.com.ar\/inicio\/el-gobierno-de-bolivia-exige-una-investigacion-exhaustiva-y-seria-contra-cerimedo-tras-el-tiroteo-contra-su-pareja\/"]}]},{"@type":"ImageObject","inLanguage":"es","@id":"https:\/\/gysfm.com.ar\/inicio\/el-gobierno-de-bolivia-exige-una-investigacion-exhaustiva-y-seria-contra-cerimedo-tras-el-tiroteo-contra-su-pareja\/#primaryimage","url":"https:\/\/gysfm.com.ar\/inicio\/wp-content\/uploads\/2026\/08\/cerimedo-fue-detenido-en-bolivia-luego-del-ataque-5DQ5YPBIEFHUTGH4QFKRMTHPX4.png","contentUrl":"https:\/\/gysfm.com.ar\/inicio\/wp-content\/uploads\/2026\/08\/cerimedo-fue-detenido-en-bolivia-luego-del-ataque-5DQ5YPBIEFHUTGH4QFKRMTHPX4.png","width":1200,"height":800},{"@type":"BreadcrumbList","@id":"https:\/\/gysfm.com.ar\/inicio\/el-gobierno-de-bolivia-exige-una-investigacion-exhaustiva-y-seria-contra-cerimedo-tras-el-tiroteo-contra-su-pareja\/#breadcrumb","itemListElement":[{"@type":"ListItem","position":1,"name":"Portada","item":"https:\/\/gysfm.com.ar\/inicio\/"},{"@type":"ListItem","position":2,"name":"El gobierno de Bolivia exige una investigaci\u00f3n \u201cexhaustiva y seria\u201d contra Cerimedo tras el tiroteo contra su pareja"}]},{"@type":"WebSite","@id":"https:\/\/gysfm.com.ar\/inicio\/#website","url":"https:\/\/gysfm.com.ar\/inicio\/","name":"GYS NOTICIAS |","description":"DIARIO - RADIO ONLINE SAN JUAN ARGENTINA","publisher":{"@id":"https:\/\/gysfm.com.ar\/inicio\/#organization"},"potentialAction":[{"@type":"SearchAction","target":{"@type":"EntryPoint","urlTemplate":"https:\/\/gysfm.com.ar\/inicio\/?s={search_term_string}"},"query-input":{"@type":"PropertyValueSpecification","valueRequired":true,"valueName":"search_term_string"}}],"inLanguage":"es"},{"@type":"Organization","@id":"https:\/\/gysfm.com.ar\/inicio\/#organization","name":"GYS NOTICIAS |","url":"https:\/\/gysfm.com.ar\/inicio\/","logo":{"@type":"ImageObject","inLanguage":"es","@id":"https:\/\/gysfm.com.ar\/inicio\/#\/schema\/logo\/image\/","url":"https:\/\/gysfm.com.ar\/inicio\/wp-content\/uploads\/2023\/07\/LOGOGYS-OK.png","contentUrl":"https:\/\/gysfm.com.ar\/inicio\/wp-content\/uploads\/2023\/07\/LOGOGYS-OK.png","width":1170,"height":872,"caption":"GYS NOTICIAS |"},"image":{"@id":"https:\/\/gysfm.com.ar\/inicio\/#\/schema\/logo\/image\/"}},{"@type":"Person","@id":"https:\/\/gysfm.com.ar\/inicio\/#\/schema\/person\/3abba7593ef2ad19e1be221d54383dc5","name":"Prensa G&amp;S FM","image":{"@type":"ImageObject","inLanguage":"es","@id":"https:\/\/gysfm.com.ar\/inicio\/#\/schema\/person\/image\/","url":"https:\/\/secure.gravatar.com\/avatar\/096ec78df02049ab018702bb4ccedf659377fa92a26540b5247612077a0dbd29?s=96&d=mm&r=g","contentUrl":"https:\/\/secure.gravatar.com\/avatar\/096ec78df02049ab018702bb4ccedf659377fa92a26540b5247612077a0dbd29?s=96&d=mm&r=g","caption":"Prensa G&amp;S FM"},"sameAs":["https:\/\/gysfm.com.ar\/"],"url":"https:\/\/gysfm.com.ar\/inicio\/author\/lucasm\/"}]}},"_links":{"self":[{"href":"https:\/\/gysfm.com.ar\/inicio\/wp-json\/wp\/v2\/posts\/208651","targetHints":{"allow":["GET"]}}],"collection":[{"href":"https:\/\/gysfm.com.ar\/inicio\/wp-json\/wp\/v2\/posts"}],"about":[{"href":"https:\/\/gysfm.com.ar\/inicio\/wp-json\/wp\/v2\/types\/post"}],"author":[{"embeddable":true,"href":"https:\/\/gysfm.com.ar\/inicio\/wp-json\/wp\/v2\/users\/2"}],"replies":[{"embeddable":true,"href":"https:\/\/gysfm.com.ar\/inicio\/wp-json\/wp\/v2\/comments?post=208651"}],"version-history":[{"count":1,"href":"https:\/\/gysfm.com.ar\/inicio\/wp-json\/wp\/v2\/posts\/208651\/revisions"}],"predecessor-version":[{"id":208653,"href":"https:\/\/gysfm.com.ar\/inicio\/wp-json\/wp\/v2\/posts\/208651\/revisions\/208653"}],"wp:featuredmedia":[{"embeddable":true,"href":"https:\/\/gysfm.com.ar\/inicio\/wp-json\/wp\/v2\/media\/208652"}],"wp:attachment":[{"href":"https:\/\/gysfm.com.ar\/inicio\/wp-json\/wp\/v2\/media?parent=208651"}],"wp:term":[{"taxonomy":"category","embeddable":true,"href":"https:\/\/gysfm.com.ar\/inicio\/wp-json\/wp\/v2\/categories?post=208651"},{"taxonomy":"post_tag","embeddable":true,"href":"https:\/\/gysfm.com.ar\/inicio\/wp-json\/wp\/v2\/tags?post=208651"}],"curies":[{"name":"wp","href":"https:\/\/api.w.org\/{rel}","templated":true}]}}