{"id":208649,"date":"2026-08-19T05:05:29","date_gmt":"2026-08-19T08:05:29","guid":{"rendered":"https:\/\/gysfm.com.ar\/inicio\/el-sueno-termino-independiente-rivadavia-fue-eliminado-por-fluminense-ole\/"},"modified":"2026-08-19T05:05:29","modified_gmt":"2026-08-19T08:05:29","slug":"el-sueno-termino-independiente-rivadavia-fue-eliminado-por-fluminense-ole","status":"publish","type":"post","link":"https:\/\/gysfm.com.ar\/inicio\/el-sueno-termino-independiente-rivadavia-fue-eliminado-por-fluminense-ole\/","title":{"rendered":"El sue\u00f1o termin\u00f3: Independiente Rivadavia fue eliminado por Fluminense :: Ol\u00e9"},"content":{"rendered":"<p> <br \/>\n<\/p>\n<p><time class=\"createDate\" datetime=\"2026-08-18T18:11:31-03:00\">18\/08\/2026 18:11hs.<\/time><time class=\"modificatedDate\" datetime=\"2026-08-18T22:14:39-03:00\"> Actualizado al 18\/08\/2026 22:14hs.<\/time><\/p>\n<div id=\"storyBody\">\n<div class=\"sc-df222161-0 hNvwjb\">\n<p><strong>De pie, Lepra, de pie.<\/strong> El sue\u00f1o termin\u00f3, pero queda el enorme camino recorrido. Esa traves\u00eda heroica que lo llev\u00f3 a imponerse en el altiplano boliviano ante Bol\u00edvar, que lo meti\u00f3 en el selecto grupo de argentinos que lograron ganar en el temido Maracan\u00e1 y que ilusion\u00f3 a una Mendoza que se atrevi\u00f3 a so\u00f1ar en grande. <strong> Con un h\u00e9roe de tintes mitol\u00f3gicos como Alfredo Berti, que form\u00f3 un equipo de autor y los convenci\u00f3 de que era posible conquistar el continente. <\/strong> No se pudo, pero la gesta quedar\u00e1 en la historia grande.<\/p>\n<\/div>\n<p><h2>La Lepra se hizo fuerte y cay\u00f3 en los penales<\/h2>\n<\/p>\n<div class=\"sc-df222161-0 hNvwjb\">\n<p>Porque la Lepra puso de rodillas a un grande como Fluminense, que lo respet\u00f3 como si se tratara de River o Boca y que sufri\u00f3 hasta los penales para avanzar a los cuartos de final de la Libertadores. <strong> Y si bien es innegable que esta vez los de Berti no se impusieron desde el juego, este martes en el Malvinas Argentinas mostraron una faceta pr\u00e1cticamente desconocida: la resiliencia<\/strong>. Ni el gol de Kevin Serna, que lleg\u00f3 producto de la \u00fanica desatenci\u00f3n en el fondo de Independiente Rivadavia, pudo tumbarlo. <\/p>\n<\/div>\n<div class=\"sc-df222161-0 hNvwjb\">\n<p><strong>La Lepra, con la ventaja de tener un jugador m\u00e1s<\/strong> (Canobbio fue expulsado a los 57\u2019), <strong>se lanz\u00f3 al ataque con m\u00e1s convencimiento que f\u00fatbol.<\/strong> Con Maxi Salas -de gran partido- y \u00c1lex Arce como principal referencia de ataque, convirtieron el \u00e1rea de F\u00e1bio en una caldera. <strong>Fue el paraguayo el que, tras la revisi\u00f3n de Andr\u00e9s Rojas -de cuestionable arbitraje- lo empat\u00f3 de penal a un minuto del final del encuentro.<\/strong><\/p>\n<\/div>\n<div class=\"sc-c0843421-0 iNysjD image-embed\"><img alt=\"El festejo de Fluminense.&#10;&#10;Foto: EFE\/ Axel Lloret\" loading=\"lazy\" width=\"720\" height=\"100\" decoding=\"async\" data-nimg=\"1\" style=\"color:transparent\" src=\"https:\/\/www.ole.com.ar\/images\/2026\/08\/18\/rFJmu8rHq_720x0__1.jpg\"\/><span class=\"epigraphe\">El festejo de Fluminense.<\/p>\n<p>Foto: EFE\/ Axel Lloret<\/span><\/div>\n<p><h2>A Independiente Rivadavia se le escap\u00f3 sobre el final<\/h2>\n<\/p>\n<div class=\"sc-df222161-0 hNvwjb\">\n<p><strong>Independiente forz\u00f3 la tanda y sabore\u00f3 los cuartos de final. <\/strong> Luciano Acosta err\u00f3 y la \u00e9pica comenz\u00f3 a te\u00f1irse de azul, pero todo se fue por la borda: Florent\u00edn y Atencio fallaron sus remates y Fluminense no volvi\u00f3 a tambalear. <strong> Termin\u00f3 este sue\u00f1o, pero a\u00fan queda hilo en el carretel para so\u00f1ar.<\/strong> Puntero en la tabla anual, <strong>Sudam\u00e9rica te espera, Lepra.<\/strong><\/p>\n<\/div>\n<div class=\"sc-c0843421-0 iNysjD image-embed\"><img alt=\"Cay\u00f3 Independiente Rivadavia. &#10;&#10;Foto: EFE\/ Axel Lloret\" loading=\"lazy\" width=\"720\" height=\"100\" decoding=\"async\" data-nimg=\"1\" style=\"color:transparent\" src=\"https:\/\/www.ole.com.ar\/images\/2026\/08\/18\/804dv6ghY_720x0__1.jpg\"\/><span class=\"epigraphe\">Cay\u00f3 Independiente Rivadavia. <\/p>\n<p>Foto: EFE\/ Axel Lloret<\/span><\/div>\n<p><h2>Mir\u00e1 el resumen de Independiente Rivadavia vs. Fluminense<\/h2>\n<\/p>\n<div class=\"sc-a7166897-0 eTTZWU\"><a href=\"https:\/\/www.ole.com.ar\/river-plate\/river-sudamericana-pablo-repetto-dt-independiente-santa-fe_0_jsFdPhPlA5.html\" aria-label=\"Le dio a River uno de sus golpes m\u00e1s duros en Libertadores y ahora lo enfrenta en la Sudamericana\" class=\"sc-d4f573e5-0 bUEDsN\"\/><\/p>\n<section><picture><img alt=\"Le dio a River uno de sus golpes m\u00e1s duros en Libertadores y ahora lo enfrenta en la Sudamericana\" loading=\"lazy\" width=\"290\" height=\"290\" decoding=\"async\" data-nimg=\"1\" style=\"color:transparent\" src=\"https:\/\/www.ole.com.ar\/images\/2019\/08\/20\/hBUmPu0-0_290x290__1.jpg\"\/><\/picture>\n<p><h3>Le dio a River uno de sus golpes m\u00e1s duros en Libertadores y ahora lo enfrenta en la Sudamericana<\/h3>\n<\/p>\n<\/section>\n<\/div>\n<div class=\"sc-a7166897-0 eTTZWU\"><a href=\"https:\/\/www.ole.com.ar\/futbol-ascenso\/emiliano-vecchio-rosario-centraal-racing-somisa-san-nicolas-vuelta_0_TYImN0gXw5.html\" aria-label=\"El ex Rosario Central y Racing que volvi\u00f3 a las canchas en la liga de San Nicol\u00e1s\" class=\"sc-d4f573e5-0 bUEDsN\"\/><\/p>\n<section><picture><img alt=\"El ex Rosario Central y Racing que volvi\u00f3 a las canchas en la liga de San Nicol\u00e1s\" loading=\"lazy\" width=\"290\" height=\"290\" decoding=\"async\" data-nimg=\"1\" style=\"color:transparent\" src=\"https:\/\/www.ole.com.ar\/images\/2026\/08\/18\/UImEsM5mH_290x290__1.jpg\"\/><\/picture>\n<p><h3>El ex Rosario Central y Racing que volvi\u00f3 a las canchas en la liga de San Nicol\u00e1s<\/h3>\n<\/p>\n<\/section>\n<\/div>\n<\/div>\n\n","protected":false},"excerpt":{"rendered":"<p>18\/08\/2026 18:11hs. Actualizado al 18\/08\/2026 22:14hs. De pie, Lepra, de pie. El sue\u00f1o termin\u00f3, pero queda el enorme camino recorrido. Esa traves\u00eda heroica que lo llev\u00f3 a imponerse en el altiplano boliviano ante Bol\u00edvar, que lo meti\u00f3 en el selecto grupo de argentinos que lograron ganar en el temido Maracan\u00e1 y que ilusion\u00f3 a una [&hellip;]<\/p>\n","protected":false},"author":1,"featured_media":208650,"comment_status":"closed","ping_status":"closed","sticky":false,"template":"","format":"standard","meta":{"footnotes":""},"categories":[27],"tags":[],"class_list":["post-208649","post","type-post","status-publish","format-standard","has-post-thumbnail","hentry","category-deportes"],"yoast_head":"<!-- This site is optimized with the Yoast SEO plugin v24.4 - https:\/\/yoast.com\/wordpress\/plugins\/seo\/ -->\n<title>El sue\u00f1o termin\u00f3: Independiente Rivadavia fue eliminado por Fluminense :: Ol\u00e9 - GYS NOTICIAS |<\/title>\n<meta name=\"robots\" content=\"index, follow, max-snippet:-1, max-image-preview:large, max-video-preview:-1\" \/>\n<link rel=\"canonical\" href=\"https:\/\/gysfm.com.ar\/inicio\/el-sueno-termino-independiente-rivadavia-fue-eliminado-por-fluminense-ole\/\" \/>\n<meta property=\"og:locale\" content=\"es_ES\" \/>\n<meta property=\"og:type\" content=\"article\" \/>\n<meta property=\"og:title\" content=\"El sue\u00f1o termin\u00f3: Independiente Rivadavia fue eliminado por Fluminense :: Ol\u00e9 - GYS NOTICIAS |\" \/>\n<meta property=\"og:description\" content=\"18\/08\/2026 18:11hs. Actualizado al 18\/08\/2026 22:14hs. De pie, Lepra, de pie. El sue\u00f1o termin\u00f3, pero queda el enorme camino recorrido. Esa traves\u00eda heroica que lo llev\u00f3 a imponerse en el altiplano boliviano ante Bol\u00edvar, que lo meti\u00f3 en el selecto grupo de argentinos que lograron ganar en el temido Maracan\u00e1 y que ilusion\u00f3 a una [&hellip;]\" \/>\n<meta property=\"og:url\" content=\"https:\/\/gysfm.com.ar\/inicio\/el-sueno-termino-independiente-rivadavia-fue-eliminado-por-fluminense-ole\/\" \/>\n<meta property=\"og:site_name\" content=\"GYS NOTICIAS |\" \/>\n<meta property=\"article:published_time\" content=\"2026-08-19T08:05:29+00:00\" \/>\n<meta property=\"og:image\" content=\"https:\/\/www.ole.com.ar\/images\/2026\/08\/18\/rFJmu8rHq_720x0__1.jpg\" \/>\n<meta name=\"author\" content=\"admin\" \/>\n<meta name=\"twitter:card\" content=\"summary_large_image\" \/>\n<meta name=\"twitter:label1\" content=\"Escrito por\" \/>\n\t<meta name=\"twitter:data1\" content=\"admin\" \/>\n\t<meta name=\"twitter:label2\" content=\"Tiempo de lectura\" \/>\n\t<meta name=\"twitter:data2\" content=\"2 minutos\" \/>\n<script type=\"application\/ld+json\" class=\"yoast-schema-graph\">{\"@context\":\"https:\/\/schema.org\",\"@graph\":[{\"@type\":\"Article\",\"@id\":\"https:\/\/gysfm.com.ar\/inicio\/el-sueno-termino-independiente-rivadavia-fue-eliminado-por-fluminense-ole\/#article\",\"isPartOf\":{\"@id\":\"https:\/\/gysfm.com.ar\/inicio\/el-sueno-termino-independiente-rivadavia-fue-eliminado-por-fluminense-ole\/\"},\"author\":{\"name\":\"admin\",\"@id\":\"https:\/\/gysfm.com.ar\/inicio\/#\/schema\/person\/5bedd7ecd35cc35548d89effafa23696\"},\"headline\":\"El sue\u00f1o termin\u00f3: Independiente Rivadavia fue eliminado por Fluminense :: Ol\u00e9\",\"datePublished\":\"2026-08-19T08:05:29+00:00\",\"mainEntityOfPage\":{\"@id\":\"https:\/\/gysfm.com.ar\/inicio\/el-sueno-termino-independiente-rivadavia-fue-eliminado-por-fluminense-ole\/\"},\"wordCount\":431,\"publisher\":{\"@id\":\"https:\/\/gysfm.com.ar\/inicio\/#organization\"},\"image\":{\"@id\":\"https:\/\/gysfm.com.ar\/inicio\/el-sueno-termino-independiente-rivadavia-fue-eliminado-por-fluminense-ole\/#primaryimage\"},\"thumbnailUrl\":\"https:\/\/gysfm.com.ar\/inicio\/wp-content\/uploads\/2026\/08\/DTI7yYFPz_2000x1500__1.jpg\",\"articleSection\":[\"DEPORTES\"],\"inLanguage\":\"es\"},{\"@type\":\"WebPage\",\"@id\":\"https:\/\/gysfm.com.ar\/inicio\/el-sueno-termino-independiente-rivadavia-fue-eliminado-por-fluminense-ole\/\",\"url\":\"https:\/\/gysfm.com.ar\/inicio\/el-sueno-termino-independiente-rivadavia-fue-eliminado-por-fluminense-ole\/\",\"name\":\"El sue\u00f1o termin\u00f3: Independiente Rivadavia fue eliminado por Fluminense :: Ol\u00e9 - GYS NOTICIAS |\",\"isPartOf\":{\"@id\":\"https:\/\/gysfm.com.ar\/inicio\/#website\"},\"primaryImageOfPage\":{\"@id\":\"https:\/\/gysfm.com.ar\/inicio\/el-sueno-termino-independiente-rivadavia-fue-eliminado-por-fluminense-ole\/#primaryimage\"},\"image\":{\"@id\":\"https:\/\/gysfm.com.ar\/inicio\/el-sueno-termino-independiente-rivadavia-fue-eliminado-por-fluminense-ole\/#primaryimage\"},\"thumbnailUrl\":\"https:\/\/gysfm.com.ar\/inicio\/wp-content\/uploads\/2026\/08\/DTI7yYFPz_2000x1500__1.jpg\",\"datePublished\":\"2026-08-19T08:05:29+00:00\",\"breadcrumb\":{\"@id\":\"https:\/\/gysfm.com.ar\/inicio\/el-sueno-termino-independiente-rivadavia-fue-eliminado-por-fluminense-ole\/#breadcrumb\"},\"inLanguage\":\"es\",\"potentialAction\":[{\"@type\":\"ReadAction\",\"target\":[\"https:\/\/gysfm.com.ar\/inicio\/el-sueno-termino-independiente-rivadavia-fue-eliminado-por-fluminense-ole\/\"]}]},{\"@type\":\"ImageObject\",\"inLanguage\":\"es\",\"@id\":\"https:\/\/gysfm.com.ar\/inicio\/el-sueno-termino-independiente-rivadavia-fue-eliminado-por-fluminense-ole\/#primaryimage\",\"url\":\"https:\/\/gysfm.com.ar\/inicio\/wp-content\/uploads\/2026\/08\/DTI7yYFPz_2000x1500__1.jpg\",\"contentUrl\":\"https:\/\/gysfm.com.ar\/inicio\/wp-content\/uploads\/2026\/08\/DTI7yYFPz_2000x1500__1.jpg\",\"width\":2000,\"height\":1500},{\"@type\":\"BreadcrumbList\",\"@id\":\"https:\/\/gysfm.com.ar\/inicio\/el-sueno-termino-independiente-rivadavia-fue-eliminado-por-fluminense-ole\/#breadcrumb\",\"itemListElement\":[{\"@type\":\"ListItem\",\"position\":1,\"name\":\"Portada\",\"item\":\"https:\/\/gysfm.com.ar\/inicio\/\"},{\"@type\":\"ListItem\",\"position\":2,\"name\":\"El sue\u00f1o termin\u00f3: Independiente Rivadavia fue eliminado por Fluminense :: Ol\u00e9\"}]},{\"@type\":\"WebSite\",\"@id\":\"https:\/\/gysfm.com.ar\/inicio\/#website\",\"url\":\"https:\/\/gysfm.com.ar\/inicio\/\",\"name\":\"GYS NOTICIAS |\",\"description\":\"DIARIO - RADIO ONLINE SAN JUAN ARGENTINA\",\"publisher\":{\"@id\":\"https:\/\/gysfm.com.ar\/inicio\/#organization\"},\"potentialAction\":[{\"@type\":\"SearchAction\",\"target\":{\"@type\":\"EntryPoint\",\"urlTemplate\":\"https:\/\/gysfm.com.ar\/inicio\/?s={search_term_string}\"},\"query-input\":{\"@type\":\"PropertyValueSpecification\",\"valueRequired\":true,\"valueName\":\"search_term_string\"}}],\"inLanguage\":\"es\"},{\"@type\":\"Organization\",\"@id\":\"https:\/\/gysfm.com.ar\/inicio\/#organization\",\"name\":\"GYS NOTICIAS |\",\"url\":\"https:\/\/gysfm.com.ar\/inicio\/\",\"logo\":{\"@type\":\"ImageObject\",\"inLanguage\":\"es\",\"@id\":\"https:\/\/gysfm.com.ar\/inicio\/#\/schema\/logo\/image\/\",\"url\":\"https:\/\/gysfm.com.ar\/inicio\/wp-content\/uploads\/2023\/07\/LOGOGYS-OK.png\",\"contentUrl\":\"https:\/\/gysfm.com.ar\/inicio\/wp-content\/uploads\/2023\/07\/LOGOGYS-OK.png\",\"width\":1170,\"height\":872,\"caption\":\"GYS NOTICIAS |\"},\"image\":{\"@id\":\"https:\/\/gysfm.com.ar\/inicio\/#\/schema\/logo\/image\/\"}},{\"@type\":\"Person\",\"@id\":\"https:\/\/gysfm.com.ar\/inicio\/#\/schema\/person\/5bedd7ecd35cc35548d89effafa23696\",\"name\":\"admin\",\"image\":{\"@type\":\"ImageObject\",\"inLanguage\":\"es\",\"@id\":\"https:\/\/gysfm.com.ar\/inicio\/#\/schema\/person\/image\/\",\"url\":\"https:\/\/secure.gravatar.com\/avatar\/c331d312b5243fb64d5ba28108a447b27c925295129a363082c9ea52c28d32c2?s=96&d=mm&r=g\",\"contentUrl\":\"https:\/\/secure.gravatar.com\/avatar\/c331d312b5243fb64d5ba28108a447b27c925295129a363082c9ea52c28d32c2?s=96&d=mm&r=g\",\"caption\":\"admin\"},\"sameAs\":[\"https:\/\/gysfm.com.ar\/inicio\"],\"url\":\"https:\/\/gysfm.com.ar\/inicio\/author\/admin\/\"}]}<\/script>\n<!-- \/ Yoast SEO plugin. -->","yoast_head_json":{"title":"El sue\u00f1o termin\u00f3: Independiente Rivadavia fue eliminado por Fluminense :: Ol\u00e9 - GYS NOTICIAS |","robots":{"index":"index","follow":"follow","max-snippet":"max-snippet:-1","max-image-preview":"max-image-preview:large","max-video-preview":"max-video-preview:-1"},"canonical":"https:\/\/gysfm.com.ar\/inicio\/el-sueno-termino-independiente-rivadavia-fue-eliminado-por-fluminense-ole\/","og_locale":"es_ES","og_type":"article","og_title":"El sue\u00f1o termin\u00f3: Independiente Rivadavia fue eliminado por Fluminense :: Ol\u00e9 - GYS NOTICIAS |","og_description":"18\/08\/2026 18:11hs. Actualizado al 18\/08\/2026 22:14hs. De pie, Lepra, de pie. El sue\u00f1o termin\u00f3, pero queda el enorme camino recorrido. Esa traves\u00eda heroica que lo llev\u00f3 a imponerse en el altiplano boliviano ante Bol\u00edvar, que lo meti\u00f3 en el selecto grupo de argentinos que lograron ganar en el temido Maracan\u00e1 y que ilusion\u00f3 a una [&hellip;]","og_url":"https:\/\/gysfm.com.ar\/inicio\/el-sueno-termino-independiente-rivadavia-fue-eliminado-por-fluminense-ole\/","og_site_name":"GYS NOTICIAS |","article_published_time":"2026-08-19T08:05:29+00:00","og_image":[{"url":"https:\/\/www.ole.com.ar\/images\/2026\/08\/18\/rFJmu8rHq_720x0__1.jpg","type":"","width":"","height":""}],"author":"admin","twitter_card":"summary_large_image","twitter_misc":{"Escrito por":"admin","Tiempo de lectura":"2 minutos"},"schema":{"@context":"https:\/\/schema.org","@graph":[{"@type":"Article","@id":"https:\/\/gysfm.com.ar\/inicio\/el-sueno-termino-independiente-rivadavia-fue-eliminado-por-fluminense-ole\/#article","isPartOf":{"@id":"https:\/\/gysfm.com.ar\/inicio\/el-sueno-termino-independiente-rivadavia-fue-eliminado-por-fluminense-ole\/"},"author":{"name":"admin","@id":"https:\/\/gysfm.com.ar\/inicio\/#\/schema\/person\/5bedd7ecd35cc35548d89effafa23696"},"headline":"El sue\u00f1o termin\u00f3: Independiente Rivadavia fue eliminado por Fluminense :: Ol\u00e9","datePublished":"2026-08-19T08:05:29+00:00","mainEntityOfPage":{"@id":"https:\/\/gysfm.com.ar\/inicio\/el-sueno-termino-independiente-rivadavia-fue-eliminado-por-fluminense-ole\/"},"wordCount":431,"publisher":{"@id":"https:\/\/gysfm.com.ar\/inicio\/#organization"},"image":{"@id":"https:\/\/gysfm.com.ar\/inicio\/el-sueno-termino-independiente-rivadavia-fue-eliminado-por-fluminense-ole\/#primaryimage"},"thumbnailUrl":"https:\/\/gysfm.com.ar\/inicio\/wp-content\/uploads\/2026\/08\/DTI7yYFPz_2000x1500__1.jpg","articleSection":["DEPORTES"],"inLanguage":"es"},{"@type":"WebPage","@id":"https:\/\/gysfm.com.ar\/inicio\/el-sueno-termino-independiente-rivadavia-fue-eliminado-por-fluminense-ole\/","url":"https:\/\/gysfm.com.ar\/inicio\/el-sueno-termino-independiente-rivadavia-fue-eliminado-por-fluminense-ole\/","name":"El sue\u00f1o termin\u00f3: Independiente Rivadavia fue eliminado por Fluminense :: Ol\u00e9 - GYS NOTICIAS |","isPartOf":{"@id":"https:\/\/gysfm.com.ar\/inicio\/#website"},"primaryImageOfPage":{"@id":"https:\/\/gysfm.com.ar\/inicio\/el-sueno-termino-independiente-rivadavia-fue-eliminado-por-fluminense-ole\/#primaryimage"},"image":{"@id":"https:\/\/gysfm.com.ar\/inicio\/el-sueno-termino-independiente-rivadavia-fue-eliminado-por-fluminense-ole\/#primaryimage"},"thumbnailUrl":"https:\/\/gysfm.com.ar\/inicio\/wp-content\/uploads\/2026\/08\/DTI7yYFPz_2000x1500__1.jpg","datePublished":"2026-08-19T08:05:29+00:00","breadcrumb":{"@id":"https:\/\/gysfm.com.ar\/inicio\/el-sueno-termino-independiente-rivadavia-fue-eliminado-por-fluminense-ole\/#breadcrumb"},"inLanguage":"es","potentialAction":[{"@type":"ReadAction","target":["https:\/\/gysfm.com.ar\/inicio\/el-sueno-termino-independiente-rivadavia-fue-eliminado-por-fluminense-ole\/"]}]},{"@type":"ImageObject","inLanguage":"es","@id":"https:\/\/gysfm.com.ar\/inicio\/el-sueno-termino-independiente-rivadavia-fue-eliminado-por-fluminense-ole\/#primaryimage","url":"https:\/\/gysfm.com.ar\/inicio\/wp-content\/uploads\/2026\/08\/DTI7yYFPz_2000x1500__1.jpg","contentUrl":"https:\/\/gysfm.com.ar\/inicio\/wp-content\/uploads\/2026\/08\/DTI7yYFPz_2000x1500__1.jpg","width":2000,"height":1500},{"@type":"BreadcrumbList","@id":"https:\/\/gysfm.com.ar\/inicio\/el-sueno-termino-independiente-rivadavia-fue-eliminado-por-fluminense-ole\/#breadcrumb","itemListElement":[{"@type":"ListItem","position":1,"name":"Portada","item":"https:\/\/gysfm.com.ar\/inicio\/"},{"@type":"ListItem","position":2,"name":"El sue\u00f1o termin\u00f3: Independiente Rivadavia fue eliminado por Fluminense :: Ol\u00e9"}]},{"@type":"WebSite","@id":"https:\/\/gysfm.com.ar\/inicio\/#website","url":"https:\/\/gysfm.com.ar\/inicio\/","name":"GYS NOTICIAS |","description":"DIARIO - RADIO ONLINE SAN JUAN ARGENTINA","publisher":{"@id":"https:\/\/gysfm.com.ar\/inicio\/#organization"},"potentialAction":[{"@type":"SearchAction","target":{"@type":"EntryPoint","urlTemplate":"https:\/\/gysfm.com.ar\/inicio\/?s={search_term_string}"},"query-input":{"@type":"PropertyValueSpecification","valueRequired":true,"valueName":"search_term_string"}}],"inLanguage":"es"},{"@type":"Organization","@id":"https:\/\/gysfm.com.ar\/inicio\/#organization","name":"GYS NOTICIAS |","url":"https:\/\/gysfm.com.ar\/inicio\/","logo":{"@type":"ImageObject","inLanguage":"es","@id":"https:\/\/gysfm.com.ar\/inicio\/#\/schema\/logo\/image\/","url":"https:\/\/gysfm.com.ar\/inicio\/wp-content\/uploads\/2023\/07\/LOGOGYS-OK.png","contentUrl":"https:\/\/gysfm.com.ar\/inicio\/wp-content\/uploads\/2023\/07\/LOGOGYS-OK.png","width":1170,"height":872,"caption":"GYS NOTICIAS |"},"image":{"@id":"https:\/\/gysfm.com.ar\/inicio\/#\/schema\/logo\/image\/"}},{"@type":"Person","@id":"https:\/\/gysfm.com.ar\/inicio\/#\/schema\/person\/5bedd7ecd35cc35548d89effafa23696","name":"admin","image":{"@type":"ImageObject","inLanguage":"es","@id":"https:\/\/gysfm.com.ar\/inicio\/#\/schema\/person\/image\/","url":"https:\/\/secure.gravatar.com\/avatar\/c331d312b5243fb64d5ba28108a447b27c925295129a363082c9ea52c28d32c2?s=96&d=mm&r=g","contentUrl":"https:\/\/secure.gravatar.com\/avatar\/c331d312b5243fb64d5ba28108a447b27c925295129a363082c9ea52c28d32c2?s=96&d=mm&r=g","caption":"admin"},"sameAs":["https:\/\/gysfm.com.ar\/inicio"],"url":"https:\/\/gysfm.com.ar\/inicio\/author\/admin\/"}]}},"_links":{"self":[{"href":"https:\/\/gysfm.com.ar\/inicio\/wp-json\/wp\/v2\/posts\/208649","targetHints":{"allow":["GET"]}}],"collection":[{"href":"https:\/\/gysfm.com.ar\/inicio\/wp-json\/wp\/v2\/posts"}],"about":[{"href":"https:\/\/gysfm.com.ar\/inicio\/wp-json\/wp\/v2\/types\/post"}],"author":[{"embeddable":true,"href":"https:\/\/gysfm.com.ar\/inicio\/wp-json\/wp\/v2\/users\/1"}],"replies":[{"embeddable":true,"href":"https:\/\/gysfm.com.ar\/inicio\/wp-json\/wp\/v2\/comments?post=208649"}],"version-history":[{"count":0,"href":"https:\/\/gysfm.com.ar\/inicio\/wp-json\/wp\/v2\/posts\/208649\/revisions"}],"wp:featuredmedia":[{"embeddable":true,"href":"https:\/\/gysfm.com.ar\/inicio\/wp-json\/wp\/v2\/media\/208650"}],"wp:attachment":[{"href":"https:\/\/gysfm.com.ar\/inicio\/wp-json\/wp\/v2\/media?parent=208649"}],"wp:term":[{"taxonomy":"category","embeddable":true,"href":"https:\/\/gysfm.com.ar\/inicio\/wp-json\/wp\/v2\/categories?post=208649"},{"taxonomy":"post_tag","embeddable":true,"href":"https:\/\/gysfm.com.ar\/inicio\/wp-json\/wp\/v2\/tags?post=208649"}],"curies":[{"name":"wp","href":"https:\/\/api.w.org\/{rel}","templated":true}]}}