{"id":208645,"date":"2026-08-19T04:18:07","date_gmt":"2026-08-19T07:18:07","guid":{"rendered":"https:\/\/gysfm.com.ar\/inicio\/trump-arremetio-contra-una-periodista-de-cnn-tras-una-pregunta-sobre-una-de-sus-asistentes\/"},"modified":"2026-08-19T04:18:15","modified_gmt":"2026-08-19T07:18:15","slug":"trump-arremetio-contra-una-periodista-de-cnn-tras-una-pregunta-sobre-una-de-sus-asistentes","status":"publish","type":"post","link":"https:\/\/gysfm.com.ar\/inicio\/trump-arremetio-contra-una-periodista-de-cnn-tras-una-pregunta-sobre-una-de-sus-asistentes\/","title":{"rendered":"Trump arremeti\u00f3 contra una periodista de CNN tras una pregunta sobre una de sus asistentes"},"content":{"rendered":"<p> <br \/>\n<\/p>\n<div>\n<p class=\"com-paragraph --capital --s text-left\">WASHINGTON.\u2013 El presidente de Estados Unidos, <a href=\"https:\/\/www.lanacion.com.ar\/el-mundo\/en-una-nueva-provocacion-trump-asegura-que-controla-ormuz-mientras-iran-amenaza-con-cerrar-el-nid18082026\/\" target=\"_self\" title=\"https:\/\/www.lanacion.com.ar\/el-mundo\/en-una-nueva-provocacion-trump-asegura-que-controla-ormuz-mientras-iran-amenaza-con-cerrar-el-nid18082026\/\" class=\"com-link break-word\" data-mrf-recirculation=\"n_link_parrafo\"><strong>Donald Trump<\/strong><\/a><strong>, protagoniz\u00f3 el lunes un nuevo enfrentamiento con la prensa al atacar a la corresponsal de CNN <\/strong>en la Casa Blanca, Kristen Holmes, despu\u00e9s de que la periodista le preguntara por su relaci\u00f3n con una de sus asistentes y, posteriormente, por sus contactos con el l\u00edder norcoreano, Kim Jong-un.<\/p>\n<p class=\"com-paragraph --s\">El cruce ocurri\u00f3 durante un acto en el Sal\u00f3n Oval en el que Trump recibi\u00f3 al joven socorrista Ryder Williams, reconocido por rescatar a un ni\u00f1o de 10 a\u00f1os de las olas en una playa de Santa Cruz, California, el mes pasado.<\/p>\n<p class=\"com-paragraph --s\"><strong>Holmes pregunt\u00f3 inicialmente a Trump<\/strong>, por los comentarios del senador dem\u00f3crata Jon Ossoff sobre <strong>Natalie Harp<\/strong>, una asistente ejecutiva de 35 a\u00f1os que ha cobrado notoriedad por su cercan\u00eda al mandatario. Harp fue una de las pocas colaboradoras que acompa\u00f1aron a Trump durante un cambio secreto de avi\u00f3n Air Force One realizado en julio, durante un vuelo procedente de Turqu\u00eda.<\/p>\n<p class=\"com-paragraph --s\"><strong>Ossoff hab\u00eda acusado el domingo a Trump<\/strong> de estar <strong>m\u00e1s interesado en \u201cconstruir su sal\u00f3n de baile y viajar con Natalie\u201d<\/strong> que en cumplir con sus responsabilidades como presidente.<\/p>\n<p class=\"com-paragraph --s\">Trump evit\u00f3 responder directamente. Poco despu\u00e9s, la cuenta Rapid Response de la Casa Blanca arremeti\u00f3 contra Holmes en X y calific\u00f3 su pregunta de <strong>\u201casquerosa e inhumana\u201d<\/strong>. \u201cAlg\u00fan d\u00eda, sus ni\u00f1os se cruzar\u00e1n con su pregunta asquerosa e inhumana\u201d, afirm\u00f3 la cuenta oficial.<\/p>\n<p class=\"com-paragraph --s\">La controversia en torno a Harp se suma a las revelaciones incluidas en el libro Regime Change, publicado este a\u00f1o, en el que dos periodistas de <em>The New York Times<\/em> describen la estrecha relaci\u00f3n de la asistente con Trump. Seg\u00fan el libro, <strong>Harp lleg\u00f3 a escribirle cartas al presidente con expresiones de fuerte lealtad<\/strong>.<\/p>\n<p class=\"com-paragraph --s\">El <strong>enfrentamiento continu\u00f3 cuando Holmes intent\u00f3 formular una pregunta sobre Corea del Norte <\/strong>y la decisi\u00f3n de Trump de reducir la escala de los ejercicios militares conjuntos con Corea del Sur.<\/p>\n<p class=\"com-paragraph --s\">\u201c<strong>Eres una persona ruidosa y escandalosa, eres noticias falsas, c\u00e1llate<\/strong>\u201d, le dijo Trump a la periodista. En otro momento, la calific\u00f3 de \u201cmuy irrespetuosa\u201d y lleg\u00f3 a dirigirse al ni\u00f1o homenajeado para decirle que Holmes estaba siendo irrespetuosa.<\/p>\n<p class=\"com-paragraph --s\">Trump afirm\u00f3 adem\u00e1s que Kim Jong Un hab\u00eda respondido a los mensajes que le envi\u00f3 y sostuvo que sus intercambios con el l\u00edder norcoreano son \u201cmuy positivos\u201d, aunque no revel\u00f3 detalles sobre las comunicaciones.<\/p>\n<div class=\"content-media cursor-pointer container-center-100\">\n<section class=\"media-container relative ratio-16-9 mod-media pb-32\">\n<figure class=\"mod-video\">\n<div class=\"video-player bg-black ratio-16-9\" data-has-jwplayer=\"true\" data-video-id-jw=\"p953HVrn\" data-config=\"{&quot;title&quot;:&quot;Trump silencia a una periodista en el Sal\u00f3n Oval&quot;,&quot;mediaId&quot;:&quot;p953HVrn&quot;,&quot;playerId&quot;:&quot;ih0086X3&quot;,&quot;playlist&quot;:[{&quot;mediaid&quot;:&quot;p953HVrn&quot;,&quot;sources&quot;:[{&quot;file&quot;:&quot;https:\/\/cdn.jwplayer.com\/manifests\/p953HVrn.m3u8&quot;,&quot;type&quot;:&quot;application\/vnd.apple.mpegurl&quot;},{&quot;bitrate&quot;:215931,&quot;file&quot;:&quot;https:\/\/cdn.jwplayer.com\/videos\/p953HVrn-kTExGaWf.mp4&quot;,&quot;filesize&quot;:1808424,&quot;framerate&quot;:36,&quot;height&quot;:180,&quot;label&quot;:&quot;180p&quot;,&quot;type&quot;:&quot;video\/mp4&quot;,&quot;width&quot;:320},{&quot;bitrate&quot;:282121,&quot;file&quot;:&quot;https:\/\/cdn.jwplayer.com\/videos\/p953HVrn-K8B0kybS.mp4&quot;,&quot;filesize&quot;:2362766,&quot;framerate&quot;:36,&quot;height&quot;:270,&quot;label&quot;:&quot;270p&quot;,&quot;type&quot;:&quot;video\/mp4&quot;,&quot;width&quot;:480},{&quot;bitrate&quot;:114425,&quot;file&quot;:&quot;https:\/\/cdn.jwplayer.com\/videos\/p953HVrn-hz5z2Tv4.m4a&quot;,&quot;filesize&quot;:958311,&quot;label&quot;:&quot;AAC Audio&quot;,&quot;type&quot;:&quot;audio\/mp4&quot;},{&quot;bitrate&quot;:343131,&quot;file&quot;:&quot;https:\/\/cdn.jwplayer.com\/videos\/p953HVrn-FnZGUVnC.mp4&quot;,&quot;filesize&quot;:2873729,&quot;framerate&quot;:36,&quot;height&quot;:360,&quot;label&quot;:&quot;360p&quot;,&quot;type&quot;:&quot;video\/mp4&quot;,&quot;width&quot;:640}]}],&quot;hasAutoplay&quot;:false,&quot;autostart&quot;:true,&quot;tagsUrl&quot;:&quot;https:\/\/pubads.g.doubleclick.net\/gampad\/ads?slotname=\/133919216\/la_nacion_video\/nota\/preroll&amp;sz=640x480|400x300&amp;ciu_szs=300x250&amp;unviewed_position_start=1&amp;output=vast&amp;impl=s&amp;env=vp&amp;gdfp_req=1&amp;ad_rule=0&amp;vad_type=linear&amp;vpos=preroll&amp;cust_params=tags_nuevos%3Dte_donald_trump%2Cte_periodistas%2Cte_cnn%2Cca_el_mundo%2C%2CV2UAGXEZONB3XIC6PIXMKEUWAI&amp;pod=3&amp;ppos=1&amp;lip=true&amp;min_ad_duration=0&amp;max_ad_duration=30000&amp;vrid=6256&amp;url=https%3A%2F%2Fwww.lanacion.com.ar%2Fel-mundo%2Ftrump-arremetio-contra-una-periodista-de-cnn-tras-una-pregunta-sobre-una-de-sus-asistentes-nid18082026%2F%3Fvariant%3DA&amp;description_url=https%3A%2F%2Fwww.lanacion.com.ar%2Fel-mundo%2Ftrump-arremetio-contra-una-periodista-de-cnn-tras-una-pregunta-sobre-una-de-sus-asistentes-nid18082026%2F%3Fvariant%3DA&amp;video_doc_id=short_onecue&amp;cmsid=496&amp;kfa=0&amp;tfcd=0&amp;correlator=1787123886942&quot;,&quot;arcSite&quot;:&quot;la-nacion-ar&quot;,&quot;duration&quot;:&quot;67000&quot;}\">\n<div id=\"facade-p953HVrn\" class=\"content-facade-jw relative bg-black ratio-16-9\"><picture><source media=\"(max-width: 767px)\" srcset=\"https:\/\/www.lanacion.com.ar\/resizer\/v2\/https%3A%2F%2Fcdn.jwplayer.com%2Fv2%2Fmedia%2Fp953HVrn%2Fposter.jpg%3Fwidth%3D720?auth=2ea9382c5d763b8c0098f8c14dc1cc38c26efa9425db36b2b7719080ebad63e7&amp;width=480&amp;quality=70&amp;smart=false\"\/><\/picture><\/div>\n<\/div><figcaption class=\"border border-1 border-bottom border-light-300 relative px-16 py-8 min-h-36 w-100_md px-0_l mb-8 bg-white\"><span class=\"text ln-text text-16 block\">Trump silencia a una periodista en el Sal\u00f3n Oval<\/span><\/figcaption><\/figure>\n<\/section>\n<\/div>\n<p class=\"com-paragraph --s\">El presidente protagoniz\u00f3 numerosos enfrentamientos con periodistas durante sus apariciones p\u00fablicas y con frecuencia ha se\u00f1alado a mujeres durante sus intercambios con la prensa.<\/p>\n<p class=\"com-paragraph --s\">CNN respondi\u00f3 con un comunicado en defensa de Holmes y cuestion\u00f3 los ataques personales de Trump y de la Casa Blanca.<strong> \u201cRespaldamos firmemente a Kristen y rechazamos estos ataques en los t\u00e9rminos m\u00e1s en\u00e9rgicos posibles\u201d<\/strong>, se\u00f1al\u00f3 la cadena, que consider\u00f3 que los <strong>cuestionamientos personales contra una periodista est\u00e1n \u201cpor debajo de la dignidad del cargo\u201d <\/strong>y son <strong>incompatibles con los principios de la libertad de prensa<\/strong>.<\/p>\n<p class=\"com-paragraph --s\">La Casa Blanca, por su parte, defendi\u00f3 su reacci\u00f3n y <strong>critic\u00f3 que Holmes hubiera utilizado un acto destinado a homenajear a un joven h\u00e9roe para formular preguntas sobre la vida personal del presidente<\/strong>. \u201c@POTUS recibe a un h\u00e9roe salvavidas en el Despacho Oval y ella lo aprovecha como una oportunidad para lanzar una iron\u00eda barata sobre una colaboradora del presidente Trump\u201d, public\u00f3 Rapid Response.<\/p>\n<div class=\"content-media\">\n<section role=\"button\" class=\"mod-media   \">\n<figure role=\"button\" tabindex=\"0\" class=\"mod-figure \"><figcaption class=\"mod-figcaption\"><span class=\"com-text --caption --twoxs\">El presidente Donald Trump se re\u00fane con el salvavidas Ryder Williams en el Sal\u00f3n Oval de la Casa Blanca<\/span><span class=\"com-text --credit --twoxs\">Manuel Balce Ceneta &#8211; AP<\/span><\/figcaption><\/figure>\n<\/section>\n<\/div>\n<p class=\"com-paragraph --s\">El acto hab\u00eda comenzado con elogios de Trump a Williams, quien rescat\u00f3 a Nathaniel Rai, de 10 a\u00f1os, de las olas. El presidente brome\u00f3 con el ni\u00f1o y dijo que probablemente \u00e9l no habr\u00eda realizado el rescate si hubiera sido el socorrista de turno.<\/p>\n<p class=\"com-paragraph --s\">\u201cEs un verdadero h\u00e9roe. No s\u00e9 si yo lo har\u00eda. Probablemente no\u201d, afirm\u00f3 Trump.<\/p>\n<p class=\"com-paragraph --s text-left\"><strong>Agencia AFP y diario <\/strong><em><strong>The New York Times<\/strong><\/em><\/p>\n<section class=\"container-center-100 mb-40 border border-bottom border-thin border-neutral-light-700\">\n<hr\/>\n<\/section>\n<\/div>\n<p><script id=\"facebookpixel\" defer=\"\" type=\"text\/javascript\">\n        !function(f,b,e,v,n,t,s)\n        {if(f.fbq)return;n=f.fbq=function(){n.callMethod?\n        n.callMethod.apply(n,arguments):n.queue.push(arguments)};\n        if(!f._fbq)f._fbq=n;n.push=n;n.loaded=!0;n.version='2.0';\n        n.queue=[];t=b.createElement(e);t.async=!0;\n        t.src=v;s=b.getElementsByTagName(e)[0];\n        s.parentNode.insertBefore(t,s)}(window, document,'script',\n        'https:\/\/connect.facebook.net\/en_US\/fbevents.js');\n        fbq('init', '492459597522335');\n        fbq('track', 'PageView');\n    <\/script><br \/>\n<br \/><\/p>\n","protected":false},"excerpt":{"rendered":"<p>WASHINGTON.\u2013 El presidente de Estados Unidos, Donald Trump, protagoniz\u00f3 el lunes un nuevo enfrentamiento con la prensa al atacar a la corresponsal de CNN en la Casa Blanca, Kristen Holmes, despu\u00e9s de que la periodista le preguntara por su relaci\u00f3n con una de sus asistentes y, posteriormente, por sus contactos con el l\u00edder norcoreano, Kim [&hellip;]<\/p>\n","protected":false},"author":2,"featured_media":208646,"comment_status":"closed","ping_status":"closed","sticky":false,"template":"","format":"standard","meta":{"footnotes":""},"categories":[26],"tags":[],"class_list":["post-208645","post","type-post","status-publish","format-standard","has-post-thumbnail","hentry","category-internacionales"],"yoast_head":"<!-- This site is optimized with the Yoast SEO plugin v24.4 - https:\/\/yoast.com\/wordpress\/plugins\/seo\/ -->\n<title>Trump arremeti\u00f3 contra una periodista de CNN tras una pregunta sobre una de sus asistentes - GYS NOTICIAS |<\/title>\n<meta name=\"robots\" content=\"index, follow, max-snippet:-1, max-image-preview:large, max-video-preview:-1\" \/>\n<link rel=\"canonical\" href=\"https:\/\/gysfm.com.ar\/inicio\/trump-arremetio-contra-una-periodista-de-cnn-tras-una-pregunta-sobre-una-de-sus-asistentes\/\" \/>\n<meta property=\"og:locale\" content=\"es_ES\" \/>\n<meta property=\"og:type\" content=\"article\" \/>\n<meta property=\"og:title\" content=\"Trump arremeti\u00f3 contra una periodista de CNN tras una pregunta sobre una de sus asistentes - GYS NOTICIAS |\" \/>\n<meta property=\"og:description\" content=\"WASHINGTON.\u2013 El presidente de Estados Unidos, Donald Trump, protagoniz\u00f3 el lunes un nuevo enfrentamiento con la prensa al atacar a la corresponsal de CNN en la Casa Blanca, Kristen Holmes, despu\u00e9s de que la periodista le preguntara por su relaci\u00f3n con una de sus asistentes y, posteriormente, por sus contactos con el l\u00edder norcoreano, Kim [&hellip;]\" \/>\n<meta property=\"og:url\" content=\"https:\/\/gysfm.com.ar\/inicio\/trump-arremetio-contra-una-periodista-de-cnn-tras-una-pregunta-sobre-una-de-sus-asistentes\/\" \/>\n<meta property=\"og:site_name\" content=\"GYS NOTICIAS |\" \/>\n<meta property=\"article:published_time\" content=\"2026-08-19T07:18:07+00:00\" \/>\n<meta property=\"article:modified_time\" content=\"2026-08-19T07:18:15+00:00\" \/>\n<meta property=\"og:image\" content=\"https:\/\/gysfm.com.ar\/inicio\/wp-content\/uploads\/2026\/08\/trump-silencio-a-una-periodista-acreditada-LRC3T7Z4O5FOBD4V7JRE5GJNH4.JPG\" \/>\n\t<meta property=\"og:image:width\" content=\"1200\" \/>\n\t<meta property=\"og:image:height\" content=\"800\" \/>\n\t<meta property=\"og:image:type\" content=\"image\/jpeg\" \/>\n<meta name=\"author\" content=\"Prensa G&amp;S FM\" \/>\n<meta name=\"twitter:card\" content=\"summary_large_image\" \/>\n<meta name=\"twitter:label1\" content=\"Escrito por\" \/>\n\t<meta name=\"twitter:data1\" content=\"Prensa G&amp;S FM\" \/>\n\t<meta name=\"twitter:label2\" content=\"Tiempo de lectura\" \/>\n\t<meta name=\"twitter:data2\" content=\"3 minutos\" \/>\n<script type=\"application\/ld+json\" class=\"yoast-schema-graph\">{\"@context\":\"https:\/\/schema.org\",\"@graph\":[{\"@type\":\"Article\",\"@id\":\"https:\/\/gysfm.com.ar\/inicio\/trump-arremetio-contra-una-periodista-de-cnn-tras-una-pregunta-sobre-una-de-sus-asistentes\/#article\",\"isPartOf\":{\"@id\":\"https:\/\/gysfm.com.ar\/inicio\/trump-arremetio-contra-una-periodista-de-cnn-tras-una-pregunta-sobre-una-de-sus-asistentes\/\"},\"author\":{\"name\":\"Prensa G&amp;S FM\",\"@id\":\"https:\/\/gysfm.com.ar\/inicio\/#\/schema\/person\/3abba7593ef2ad19e1be221d54383dc5\"},\"headline\":\"Trump arremeti\u00f3 contra una periodista de CNN tras una pregunta sobre una de sus asistentes\",\"datePublished\":\"2026-08-19T07:18:07+00:00\",\"dateModified\":\"2026-08-19T07:18:15+00:00\",\"mainEntityOfPage\":{\"@id\":\"https:\/\/gysfm.com.ar\/inicio\/trump-arremetio-contra-una-periodista-de-cnn-tras-una-pregunta-sobre-una-de-sus-asistentes\/\"},\"wordCount\":703,\"publisher\":{\"@id\":\"https:\/\/gysfm.com.ar\/inicio\/#organization\"},\"image\":{\"@id\":\"https:\/\/gysfm.com.ar\/inicio\/trump-arremetio-contra-una-periodista-de-cnn-tras-una-pregunta-sobre-una-de-sus-asistentes\/#primaryimage\"},\"thumbnailUrl\":\"https:\/\/gysfm.com.ar\/inicio\/wp-content\/uploads\/2026\/08\/trump-silencio-a-una-periodista-acreditada-LRC3T7Z4O5FOBD4V7JRE5GJNH4.JPG\",\"articleSection\":[\"INTERNACIONALES\"],\"inLanguage\":\"es\"},{\"@type\":\"WebPage\",\"@id\":\"https:\/\/gysfm.com.ar\/inicio\/trump-arremetio-contra-una-periodista-de-cnn-tras-una-pregunta-sobre-una-de-sus-asistentes\/\",\"url\":\"https:\/\/gysfm.com.ar\/inicio\/trump-arremetio-contra-una-periodista-de-cnn-tras-una-pregunta-sobre-una-de-sus-asistentes\/\",\"name\":\"Trump arremeti\u00f3 contra una periodista de CNN tras una pregunta sobre una de sus asistentes - GYS NOTICIAS |\",\"isPartOf\":{\"@id\":\"https:\/\/gysfm.com.ar\/inicio\/#website\"},\"primaryImageOfPage\":{\"@id\":\"https:\/\/gysfm.com.ar\/inicio\/trump-arremetio-contra-una-periodista-de-cnn-tras-una-pregunta-sobre-una-de-sus-asistentes\/#primaryimage\"},\"image\":{\"@id\":\"https:\/\/gysfm.com.ar\/inicio\/trump-arremetio-contra-una-periodista-de-cnn-tras-una-pregunta-sobre-una-de-sus-asistentes\/#primaryimage\"},\"thumbnailUrl\":\"https:\/\/gysfm.com.ar\/inicio\/wp-content\/uploads\/2026\/08\/trump-silencio-a-una-periodista-acreditada-LRC3T7Z4O5FOBD4V7JRE5GJNH4.JPG\",\"datePublished\":\"2026-08-19T07:18:07+00:00\",\"dateModified\":\"2026-08-19T07:18:15+00:00\",\"breadcrumb\":{\"@id\":\"https:\/\/gysfm.com.ar\/inicio\/trump-arremetio-contra-una-periodista-de-cnn-tras-una-pregunta-sobre-una-de-sus-asistentes\/#breadcrumb\"},\"inLanguage\":\"es\",\"potentialAction\":[{\"@type\":\"ReadAction\",\"target\":[\"https:\/\/gysfm.com.ar\/inicio\/trump-arremetio-contra-una-periodista-de-cnn-tras-una-pregunta-sobre-una-de-sus-asistentes\/\"]}]},{\"@type\":\"ImageObject\",\"inLanguage\":\"es\",\"@id\":\"https:\/\/gysfm.com.ar\/inicio\/trump-arremetio-contra-una-periodista-de-cnn-tras-una-pregunta-sobre-una-de-sus-asistentes\/#primaryimage\",\"url\":\"https:\/\/gysfm.com.ar\/inicio\/wp-content\/uploads\/2026\/08\/trump-silencio-a-una-periodista-acreditada-LRC3T7Z4O5FOBD4V7JRE5GJNH4.JPG\",\"contentUrl\":\"https:\/\/gysfm.com.ar\/inicio\/wp-content\/uploads\/2026\/08\/trump-silencio-a-una-periodista-acreditada-LRC3T7Z4O5FOBD4V7JRE5GJNH4.JPG\",\"width\":1200,\"height\":800},{\"@type\":\"BreadcrumbList\",\"@id\":\"https:\/\/gysfm.com.ar\/inicio\/trump-arremetio-contra-una-periodista-de-cnn-tras-una-pregunta-sobre-una-de-sus-asistentes\/#breadcrumb\",\"itemListElement\":[{\"@type\":\"ListItem\",\"position\":1,\"name\":\"Portada\",\"item\":\"https:\/\/gysfm.com.ar\/inicio\/\"},{\"@type\":\"ListItem\",\"position\":2,\"name\":\"Trump arremeti\u00f3 contra una periodista de CNN tras una pregunta sobre una de sus asistentes\"}]},{\"@type\":\"WebSite\",\"@id\":\"https:\/\/gysfm.com.ar\/inicio\/#website\",\"url\":\"https:\/\/gysfm.com.ar\/inicio\/\",\"name\":\"GYS NOTICIAS |\",\"description\":\"DIARIO - RADIO ONLINE SAN JUAN ARGENTINA\",\"publisher\":{\"@id\":\"https:\/\/gysfm.com.ar\/inicio\/#organization\"},\"potentialAction\":[{\"@type\":\"SearchAction\",\"target\":{\"@type\":\"EntryPoint\",\"urlTemplate\":\"https:\/\/gysfm.com.ar\/inicio\/?s={search_term_string}\"},\"query-input\":{\"@type\":\"PropertyValueSpecification\",\"valueRequired\":true,\"valueName\":\"search_term_string\"}}],\"inLanguage\":\"es\"},{\"@type\":\"Organization\",\"@id\":\"https:\/\/gysfm.com.ar\/inicio\/#organization\",\"name\":\"GYS NOTICIAS |\",\"url\":\"https:\/\/gysfm.com.ar\/inicio\/\",\"logo\":{\"@type\":\"ImageObject\",\"inLanguage\":\"es\",\"@id\":\"https:\/\/gysfm.com.ar\/inicio\/#\/schema\/logo\/image\/\",\"url\":\"https:\/\/gysfm.com.ar\/inicio\/wp-content\/uploads\/2023\/07\/LOGOGYS-OK.png\",\"contentUrl\":\"https:\/\/gysfm.com.ar\/inicio\/wp-content\/uploads\/2023\/07\/LOGOGYS-OK.png\",\"width\":1170,\"height\":872,\"caption\":\"GYS NOTICIAS |\"},\"image\":{\"@id\":\"https:\/\/gysfm.com.ar\/inicio\/#\/schema\/logo\/image\/\"}},{\"@type\":\"Person\",\"@id\":\"https:\/\/gysfm.com.ar\/inicio\/#\/schema\/person\/3abba7593ef2ad19e1be221d54383dc5\",\"name\":\"Prensa G&amp;S FM\",\"image\":{\"@type\":\"ImageObject\",\"inLanguage\":\"es\",\"@id\":\"https:\/\/gysfm.com.ar\/inicio\/#\/schema\/person\/image\/\",\"url\":\"https:\/\/secure.gravatar.com\/avatar\/096ec78df02049ab018702bb4ccedf659377fa92a26540b5247612077a0dbd29?s=96&d=mm&r=g\",\"contentUrl\":\"https:\/\/secure.gravatar.com\/avatar\/096ec78df02049ab018702bb4ccedf659377fa92a26540b5247612077a0dbd29?s=96&d=mm&r=g\",\"caption\":\"Prensa G&amp;S FM\"},\"sameAs\":[\"https:\/\/gysfm.com.ar\/\"],\"url\":\"https:\/\/gysfm.com.ar\/inicio\/author\/lucasm\/\"}]}<\/script>\n<!-- \/ Yoast SEO plugin. -->","yoast_head_json":{"title":"Trump arremeti\u00f3 contra una periodista de CNN tras una pregunta sobre una de sus asistentes - GYS NOTICIAS |","robots":{"index":"index","follow":"follow","max-snippet":"max-snippet:-1","max-image-preview":"max-image-preview:large","max-video-preview":"max-video-preview:-1"},"canonical":"https:\/\/gysfm.com.ar\/inicio\/trump-arremetio-contra-una-periodista-de-cnn-tras-una-pregunta-sobre-una-de-sus-asistentes\/","og_locale":"es_ES","og_type":"article","og_title":"Trump arremeti\u00f3 contra una periodista de CNN tras una pregunta sobre una de sus asistentes - GYS NOTICIAS |","og_description":"WASHINGTON.\u2013 El presidente de Estados Unidos, Donald Trump, protagoniz\u00f3 el lunes un nuevo enfrentamiento con la prensa al atacar a la corresponsal de CNN en la Casa Blanca, Kristen Holmes, despu\u00e9s de que la periodista le preguntara por su relaci\u00f3n con una de sus asistentes y, posteriormente, por sus contactos con el l\u00edder norcoreano, Kim [&hellip;]","og_url":"https:\/\/gysfm.com.ar\/inicio\/trump-arremetio-contra-una-periodista-de-cnn-tras-una-pregunta-sobre-una-de-sus-asistentes\/","og_site_name":"GYS NOTICIAS |","article_published_time":"2026-08-19T07:18:07+00:00","article_modified_time":"2026-08-19T07:18:15+00:00","og_image":[{"width":1200,"height":800,"url":"https:\/\/gysfm.com.ar\/inicio\/wp-content\/uploads\/2026\/08\/trump-silencio-a-una-periodista-acreditada-LRC3T7Z4O5FOBD4V7JRE5GJNH4.JPG","type":"image\/jpeg"}],"author":"Prensa G&amp;S FM","twitter_card":"summary_large_image","twitter_misc":{"Escrito por":"Prensa G&amp;S FM","Tiempo de lectura":"3 minutos"},"schema":{"@context":"https:\/\/schema.org","@graph":[{"@type":"Article","@id":"https:\/\/gysfm.com.ar\/inicio\/trump-arremetio-contra-una-periodista-de-cnn-tras-una-pregunta-sobre-una-de-sus-asistentes\/#article","isPartOf":{"@id":"https:\/\/gysfm.com.ar\/inicio\/trump-arremetio-contra-una-periodista-de-cnn-tras-una-pregunta-sobre-una-de-sus-asistentes\/"},"author":{"name":"Prensa G&amp;S FM","@id":"https:\/\/gysfm.com.ar\/inicio\/#\/schema\/person\/3abba7593ef2ad19e1be221d54383dc5"},"headline":"Trump arremeti\u00f3 contra una periodista de CNN tras una pregunta sobre una de sus asistentes","datePublished":"2026-08-19T07:18:07+00:00","dateModified":"2026-08-19T07:18:15+00:00","mainEntityOfPage":{"@id":"https:\/\/gysfm.com.ar\/inicio\/trump-arremetio-contra-una-periodista-de-cnn-tras-una-pregunta-sobre-una-de-sus-asistentes\/"},"wordCount":703,"publisher":{"@id":"https:\/\/gysfm.com.ar\/inicio\/#organization"},"image":{"@id":"https:\/\/gysfm.com.ar\/inicio\/trump-arremetio-contra-una-periodista-de-cnn-tras-una-pregunta-sobre-una-de-sus-asistentes\/#primaryimage"},"thumbnailUrl":"https:\/\/gysfm.com.ar\/inicio\/wp-content\/uploads\/2026\/08\/trump-silencio-a-una-periodista-acreditada-LRC3T7Z4O5FOBD4V7JRE5GJNH4.JPG","articleSection":["INTERNACIONALES"],"inLanguage":"es"},{"@type":"WebPage","@id":"https:\/\/gysfm.com.ar\/inicio\/trump-arremetio-contra-una-periodista-de-cnn-tras-una-pregunta-sobre-una-de-sus-asistentes\/","url":"https:\/\/gysfm.com.ar\/inicio\/trump-arremetio-contra-una-periodista-de-cnn-tras-una-pregunta-sobre-una-de-sus-asistentes\/","name":"Trump arremeti\u00f3 contra una periodista de CNN tras una pregunta sobre una de sus asistentes - GYS NOTICIAS |","isPartOf":{"@id":"https:\/\/gysfm.com.ar\/inicio\/#website"},"primaryImageOfPage":{"@id":"https:\/\/gysfm.com.ar\/inicio\/trump-arremetio-contra-una-periodista-de-cnn-tras-una-pregunta-sobre-una-de-sus-asistentes\/#primaryimage"},"image":{"@id":"https:\/\/gysfm.com.ar\/inicio\/trump-arremetio-contra-una-periodista-de-cnn-tras-una-pregunta-sobre-una-de-sus-asistentes\/#primaryimage"},"thumbnailUrl":"https:\/\/gysfm.com.ar\/inicio\/wp-content\/uploads\/2026\/08\/trump-silencio-a-una-periodista-acreditada-LRC3T7Z4O5FOBD4V7JRE5GJNH4.JPG","datePublished":"2026-08-19T07:18:07+00:00","dateModified":"2026-08-19T07:18:15+00:00","breadcrumb":{"@id":"https:\/\/gysfm.com.ar\/inicio\/trump-arremetio-contra-una-periodista-de-cnn-tras-una-pregunta-sobre-una-de-sus-asistentes\/#breadcrumb"},"inLanguage":"es","potentialAction":[{"@type":"ReadAction","target":["https:\/\/gysfm.com.ar\/inicio\/trump-arremetio-contra-una-periodista-de-cnn-tras-una-pregunta-sobre-una-de-sus-asistentes\/"]}]},{"@type":"ImageObject","inLanguage":"es","@id":"https:\/\/gysfm.com.ar\/inicio\/trump-arremetio-contra-una-periodista-de-cnn-tras-una-pregunta-sobre-una-de-sus-asistentes\/#primaryimage","url":"https:\/\/gysfm.com.ar\/inicio\/wp-content\/uploads\/2026\/08\/trump-silencio-a-una-periodista-acreditada-LRC3T7Z4O5FOBD4V7JRE5GJNH4.JPG","contentUrl":"https:\/\/gysfm.com.ar\/inicio\/wp-content\/uploads\/2026\/08\/trump-silencio-a-una-periodista-acreditada-LRC3T7Z4O5FOBD4V7JRE5GJNH4.JPG","width":1200,"height":800},{"@type":"BreadcrumbList","@id":"https:\/\/gysfm.com.ar\/inicio\/trump-arremetio-contra-una-periodista-de-cnn-tras-una-pregunta-sobre-una-de-sus-asistentes\/#breadcrumb","itemListElement":[{"@type":"ListItem","position":1,"name":"Portada","item":"https:\/\/gysfm.com.ar\/inicio\/"},{"@type":"ListItem","position":2,"name":"Trump arremeti\u00f3 contra una periodista de CNN tras una pregunta sobre una de sus asistentes"}]},{"@type":"WebSite","@id":"https:\/\/gysfm.com.ar\/inicio\/#website","url":"https:\/\/gysfm.com.ar\/inicio\/","name":"GYS NOTICIAS |","description":"DIARIO - RADIO ONLINE SAN JUAN ARGENTINA","publisher":{"@id":"https:\/\/gysfm.com.ar\/inicio\/#organization"},"potentialAction":[{"@type":"SearchAction","target":{"@type":"EntryPoint","urlTemplate":"https:\/\/gysfm.com.ar\/inicio\/?s={search_term_string}"},"query-input":{"@type":"PropertyValueSpecification","valueRequired":true,"valueName":"search_term_string"}}],"inLanguage":"es"},{"@type":"Organization","@id":"https:\/\/gysfm.com.ar\/inicio\/#organization","name":"GYS NOTICIAS |","url":"https:\/\/gysfm.com.ar\/inicio\/","logo":{"@type":"ImageObject","inLanguage":"es","@id":"https:\/\/gysfm.com.ar\/inicio\/#\/schema\/logo\/image\/","url":"https:\/\/gysfm.com.ar\/inicio\/wp-content\/uploads\/2023\/07\/LOGOGYS-OK.png","contentUrl":"https:\/\/gysfm.com.ar\/inicio\/wp-content\/uploads\/2023\/07\/LOGOGYS-OK.png","width":1170,"height":872,"caption":"GYS NOTICIAS |"},"image":{"@id":"https:\/\/gysfm.com.ar\/inicio\/#\/schema\/logo\/image\/"}},{"@type":"Person","@id":"https:\/\/gysfm.com.ar\/inicio\/#\/schema\/person\/3abba7593ef2ad19e1be221d54383dc5","name":"Prensa G&amp;S FM","image":{"@type":"ImageObject","inLanguage":"es","@id":"https:\/\/gysfm.com.ar\/inicio\/#\/schema\/person\/image\/","url":"https:\/\/secure.gravatar.com\/avatar\/096ec78df02049ab018702bb4ccedf659377fa92a26540b5247612077a0dbd29?s=96&d=mm&r=g","contentUrl":"https:\/\/secure.gravatar.com\/avatar\/096ec78df02049ab018702bb4ccedf659377fa92a26540b5247612077a0dbd29?s=96&d=mm&r=g","caption":"Prensa G&amp;S FM"},"sameAs":["https:\/\/gysfm.com.ar\/"],"url":"https:\/\/gysfm.com.ar\/inicio\/author\/lucasm\/"}]}},"_links":{"self":[{"href":"https:\/\/gysfm.com.ar\/inicio\/wp-json\/wp\/v2\/posts\/208645","targetHints":{"allow":["GET"]}}],"collection":[{"href":"https:\/\/gysfm.com.ar\/inicio\/wp-json\/wp\/v2\/posts"}],"about":[{"href":"https:\/\/gysfm.com.ar\/inicio\/wp-json\/wp\/v2\/types\/post"}],"author":[{"embeddable":true,"href":"https:\/\/gysfm.com.ar\/inicio\/wp-json\/wp\/v2\/users\/2"}],"replies":[{"embeddable":true,"href":"https:\/\/gysfm.com.ar\/inicio\/wp-json\/wp\/v2\/comments?post=208645"}],"version-history":[{"count":1,"href":"https:\/\/gysfm.com.ar\/inicio\/wp-json\/wp\/v2\/posts\/208645\/revisions"}],"predecessor-version":[{"id":208647,"href":"https:\/\/gysfm.com.ar\/inicio\/wp-json\/wp\/v2\/posts\/208645\/revisions\/208647"}],"wp:featuredmedia":[{"embeddable":true,"href":"https:\/\/gysfm.com.ar\/inicio\/wp-json\/wp\/v2\/media\/208646"}],"wp:attachment":[{"href":"https:\/\/gysfm.com.ar\/inicio\/wp-json\/wp\/v2\/media?parent=208645"}],"wp:term":[{"taxonomy":"category","embeddable":true,"href":"https:\/\/gysfm.com.ar\/inicio\/wp-json\/wp\/v2\/categories?post=208645"},{"taxonomy":"post_tag","embeddable":true,"href":"https:\/\/gysfm.com.ar\/inicio\/wp-json\/wp\/v2\/tags?post=208645"}],"curies":[{"name":"wp","href":"https:\/\/api.w.org\/{rel}","templated":true}]}}