{"id":208642,"date":"2026-08-19T03:17:07","date_gmt":"2026-08-19T06:17:07","guid":{"rendered":"https:\/\/gysfm.com.ar\/inicio\/de-la-espriella-da-los-primeros-pasos-en-falso-de-su-mandato-en-medio-de-la-crisis-por-el-terremoto-en-colombia\/"},"modified":"2026-08-19T03:17:15","modified_gmt":"2026-08-19T06:17:15","slug":"de-la-espriella-da-los-primeros-pasos-en-falso-de-su-mandato-en-medio-de-la-crisis-por-el-terremoto-en-colombia","status":"publish","type":"post","link":"https:\/\/gysfm.com.ar\/inicio\/de-la-espriella-da-los-primeros-pasos-en-falso-de-su-mandato-en-medio-de-la-crisis-por-el-terremoto-en-colombia\/","title":{"rendered":"De la Espriella da los primeros pasos en falso de su mandato en medio de la crisis por el terremoto en Colombia"},"content":{"rendered":"<p> <br \/>\n<\/p>\n<div>\n<p class=\"com-paragraph --capital --s\">BOGOT\u00c1.\u2013 El flamante presidente de Colombia, <a href=\"https:\/\/www.lanacion.com.ar\/el-mundo\/la-polemica-propuesta-de-de-la-espriella-que-abre-la-puerta-a-operaciones-militares-de-eeuu-en-nid13082026\/\" target=\"_self\" title=\"https:\/\/www.lanacion.com.ar\/el-mundo\/la-polemica-propuesta-de-de-la-espriella-que-abre-la-puerta-a-operaciones-militares-de-eeuu-en-nid13082026\/\" class=\"com-link break-word\" data-mrf-recirculation=\"n_link_parrafo\"><strong>Abelardo de la Espriella<\/strong><\/a>, se enfrenta a su primera tormenta pol\u00edtica tras <strong>una serie de pol\u00e9micos incidentes <\/strong><a href=\"https:\/\/www.lanacion.com.ar\/el-mundo\/el-nuevo-presidente-de-colombia-fue-puesto-a-prueba-de-inmediato-nid10082026\/\" target=\"_self\" title=\"https:\/\/www.lanacion.com.ar\/el-mundo\/el-nuevo-presidente-de-colombia-fue-puesto-a-prueba-de-inmediato-nid10082026\/\" class=\"com-link break-word\" data-mrf-recirculation=\"n_link_parrafo\"><strong>en torno a la gesti\u00f3n de su gobierno<\/strong><\/a><strong> <\/strong>del devastador terremoto que sacudi\u00f3 el pa\u00eds la semana pasada.<\/p>\n<p class=\"com-paragraph --s\">Mientras miles de personas duermen en carpas o refugios improvisados despu\u00e9s de perder sus hogares en <a href=\"https:\/\/www.lanacion.com.ar\/el-mundo\/como-el-terremoto-agrava-la-desesperada-situacion-en-una-de-las-regiones-mas-olvidadas-de-colombia-nid14082026\/\" target=\"_self\" title=\"https:\/\/www.lanacion.com.ar\/el-mundo\/como-el-terremoto-agrava-la-desesperada-situacion-en-una-de-las-regiones-mas-olvidadas-de-colombia-nid14082026\/\" class=\"com-link break-word\" data-mrf-recirculation=\"n_link_parrafo\">el sismo de magnitud 7,4<\/a> que golpe\u00f3 sobre todo el oeste del pa\u00eds y <strong>dej\u00f3 un saldo de m\u00e1s de 300 muertos<\/strong>, el nuevo ministro de Vivienda fue grabado y fotografiado durante el fin de semana y el lunes feriado <strong>en una playa del Caribe junto a su familia<\/strong>, a una semana de asumir su cargo.<\/p>\n<div class=\"content-media\">\n<section role=\"button\" class=\"mod-media   \">\n<figure role=\"button\" tabindex=\"0\" class=\"mod-figure \"><figcaption class=\"mod-figcaption\"><span class=\"com-text --caption --twoxs\">Una de las im\u00e1genes que circularon en redes sociales del ministro de Vivienda colombiano junto a su familia. Fuente: X<\/span><\/figcaption><\/figure>\n<\/section>\n<\/div>\n<p class=\"com-paragraph --s\">En un episodio aparte, <strong>el presidente colombiano fue criticado el domingo en su visita al Puerto de Buenaventura <\/strong>\u2013cercano al departamento de <strong>Choc\u00f3<\/strong>, el m\u00e1s pobre del pa\u00eds y donde se ubic\u00f3 el epicentro del terremoto\u2013 por repartir pelotas de f\u00fatbol desde su camioneta blindada con el slogan de su campa\u00f1a presidencial impreso: <strong>\u201cFirmes por la patria\u201d<\/strong>.<\/p>\n<p class=\"com-paragraph --s\"><strong>\u201cSe cayeron 26 colegios, el hospital est\u00e1 colapsado y c\u00f3mo es posible que la gente reciba un bal\u00f3n\u201d<\/strong>, gritaba una persona desesperada, seg\u00fan videos virales en redes sociales.<\/p>\n<p><h2 class=\"font-primary font-w-bold text-subheading-lg text-left container-center-100 mb-8\"><span>De vacaciones tras la tragedia<\/span><\/h2>\n<\/p>\n<p class=\"com-paragraph --s\">El ministro de Vivienda, <strong>Jaime Andr\u00e9s Beltr\u00e1n<\/strong>, fue objeto de cr\u00edticas luego de que circularan im\u00e1genes y videos suyos en redes sociales <strong>junto a su familia en Santa Marta<\/strong>, un popular destino tur\u00edstico del norte de Colombia.<\/p>\n<p class=\"com-paragraph --s\">Beltr\u00e1n justific\u00f3 el lunes su presencia en el balneario diciendo que estaba en un encuentro familiar y que <strong>es tan importante construir casas como construir familias<\/strong>.<\/p>\n<p class=\"com-paragraph --s\">\u201cLos servidores p\u00fablicos han puesto por encima su labor y han dejado de lado la familia, cuando est\u00e1 en igualdad de importancia.<strong> Somos servidores p\u00fablicos, pero somos padres, somos hijos, somos esposos<\/strong>\u201d, afirm\u00f3 el jefe de la cartera en un video publicado en su cuenta de X.<\/p>\n<p class=\"com-paragraph --s\">Las reacciones contra Beltr\u00e1n, tanto de sectores oficialistas como de la oposici\u00f3n, no se hicieron esperar.<\/p>\n<p class=\"com-paragraph --s\">Desde la izquierda, anunciaron que promover\u00e1n <strong>una moci\u00f3n de censura contra Beltr\u00e1n <\/strong>por tomar vacaciones en la actual coyuntura y descuidar la atenci\u00f3n a miles de familias que pasan las noches a la intemperie luego de que <strong>cerca de 27.000 viviendas quedaran destruidas<\/strong>.<\/p>\n<p class=\"com-paragraph --s\">\u201c<strong>Qu\u00e9 nivel de desconexi\u00f3n tan doloroso <\/strong>cuando la zozobra de miles de familias es tener sus hogares destruidos y no saber d\u00f3nde van a dormir\u201d, dispar\u00f3 la senadora <strong>Carol Borda<\/strong>, desde el propio partido que aval\u00f3 la candidatura de Abelardo, <strong>Salvaci\u00f3n Nacional<\/strong>.<\/p>\n<div class=\"content-media\">\n<section role=\"button\" class=\"mod-media   \">\n<figure role=\"button\" tabindex=\"0\" class=\"mod-figure \"><figcaption class=\"mod-figcaption\"><span class=\"com-text --caption --twoxs\">Una menor lleva en brazos a una ni\u00f1a mientras varias personas acampan frente a sus viviendas derrumbadas o da\u00f1adas en el barrio Chiminangos, en Cali, Colombia<\/span><span class=\"com-text --credit --twoxs\">JOAQUIN SARMIENTO &#8211; AFP<\/span><\/figcaption><\/figure>\n<\/section>\n<\/div>\n<p class=\"com-paragraph --s\">El senador <strong>Andr\u00e9s Forero <\/strong>del <strong>Centro Democr\u00e1tico <\/strong>\u2013el partido de <strong>\u00c1lvaro Uribe <\/strong>que re\u00fane a la mayor cantidad de legisladores de derecha\u2013 tambi\u00e9n critic\u00f3 a Beltr\u00e1n.<\/p>\n<p class=\"com-paragraph --s\">\u201cAl quedarse en el cargo <strong>mete al presidente Abelardo en la resoluci\u00f3n de un problema <\/strong>en el que nada tiene que ver y somete al gobierno a un prematuro e innecesario desgaste\u201d, afirm\u00f3 Forero. <\/p>\n<p class=\"com-paragraph --s\">No obstante, el ministro evit\u00f3 disculparse y afirm\u00f3 que<strong> seguir\u00e1 \u201csiendo ministro\u201d<\/strong>.<\/p>\n<div class=\"content-media\">\n<section role=\"button\" class=\"mod-media   \">\n<figure role=\"button\" tabindex=\"0\" class=\"mod-figure \"><figcaption class=\"mod-figcaption\"><span class=\"com-text --caption --twoxs\">Un chico permanece dentro de una carpa despu\u00e9s de ser evacuado de su vivienda en el barrio Chiminangos, en Cali, Colombia<\/span><span class=\"com-text --credit --twoxs\">JOAQUIN SARMIENTO &#8211; AFP<\/span><\/figcaption><\/figure>\n<\/section>\n<\/div>\n<p class=\"com-paragraph --s\"><strong>\u201cEl mensaje del presidente es que as\u00ed como construimos casas, lo m\u00e1s importante es construir hogares\u201d<\/strong>, afirm\u00f3 Beltr\u00e1n, al justificar que por su rol de ministro vive en Bogot\u00e1 y su familia en Bucaramanga \u2013en el noroeste del pa\u00eds\u2013, as\u00ed que \u201cnos proponemos cada cierto tiempo encontrarnos\u201d.<\/p>\n<p class=\"com-paragraph --s\">\u201cQuiero ser enf\u00e1tico en que no estaba de vacaciones, <strong>quise compartir unas horas con mi esposa y mis hijos, a los que hace varios d\u00edas no ve\u00eda<\/strong>, para inmediatamente continuar con mi trabajo de consolidar las fases de reconstrucci\u00f3n de las zonas golpeadas por el terremoto\u201d, asegur\u00f3 en X el ministro.<\/p>\n<p><h2 class=\"font-primary font-w-bold text-subheading-lg text-left container-center-100 mb-8\"><span>La accidentada visita del presidente<\/span><\/h2>\n<\/p>\n<p class=\"com-paragraph --s\">Adem\u00e1s de la pol\u00e9mica en torno a las pelotas de f\u00fatbol con propaganda partidaria, la visita del presidente colombiano a Buenaventura \u2013d\u00f3nde prometi\u00f3 el env\u00edo de ayuda m\u00e9dica y la reapertura del buque\u2013hospital Benkos Bioh\u00f3\u2013 se vio opacada por las cr\u00edticas recibidas <strong>tras un anuncio de su gobierno de planes para impulsar clases virtuales <\/strong>con la entrega de tablets y planes de datos en la regi\u00f3n.<\/p>\n<p class=\"com-paragraph --s\">\u201c<strong>Las clases virtuales no funcionan porque el Pac\u00edfico no tiene conectividad<\/strong>, y los ni\u00f1os del Pac\u00edfico no tienen como pagar los celulares. Entonces las clases virtuales, eso no nos sirve\u201d, dispar\u00f3 la exministra <strong>Paula Moreno<\/strong>, experta en la regi\u00f3n que dirige la fundaci\u00f3n Manos Visibles.<\/p>\n<div class=\"content-media cursor-pointer container-center-100\">\n<section class=\"media-container relative ratio-16-9 mod-media pb-32\">\n<figure class=\"mod-video\">\n<div class=\"video-player bg-black ratio-16-9\" data-has-jwplayer=\"true\" data-video-id-jw=\"PjRt6Juv\" data-config=\"{&quot;title&quot;:&quot;Abelardo de la Espriella reparte pelotas de f\u00fatbol tras el terremoto&quot;,&quot;mediaId&quot;:&quot;PjRt6Juv&quot;,&quot;playerId&quot;:&quot;ih0086X3&quot;,&quot;playlist&quot;:[{&quot;mediaid&quot;:&quot;PjRt6Juv&quot;,&quot;sources&quot;:[{&quot;file&quot;:&quot;https:\/\/cdn.jwplayer.com\/manifests\/PjRt6Juv.m3u8&quot;,&quot;type&quot;:&quot;application\/vnd.apple.mpegurl&quot;},{&quot;bitrate&quot;:575172,&quot;file&quot;:&quot;https:\/\/cdn.jwplayer.com\/videos\/PjRt6Juv-kTExGaWf.mp4&quot;,&quot;filesize&quot;:1869312,&quot;framerate&quot;:30,&quot;height&quot;:320,&quot;label&quot;:&quot;180p&quot;,&quot;type&quot;:&quot;video\/mp4&quot;,&quot;width&quot;:180},{&quot;bitrate&quot;:780595,&quot;file&quot;:&quot;https:\/\/cdn.jwplayer.com\/videos\/PjRt6Juv-K8B0kybS.mp4&quot;,&quot;filesize&quot;:2536934,&quot;framerate&quot;:30,&quot;height&quot;:480,&quot;label&quot;:&quot;270p&quot;,&quot;type&quot;:&quot;video\/mp4&quot;,&quot;width&quot;:270},{&quot;bitrate&quot;:2566340,&quot;file&quot;:&quot;https:\/\/cdn.jwplayer.com\/videos\/PjRt6Juv-46NIuRKO.mp4&quot;,&quot;filesize&quot;:8340605,&quot;framerate&quot;:30,&quot;height&quot;:1280,&quot;label&quot;:&quot;720p&quot;,&quot;type&quot;:&quot;video\/mp4&quot;,&quot;width&quot;:720},{&quot;bitrate&quot;:115795,&quot;file&quot;:&quot;https:\/\/cdn.jwplayer.com\/videos\/PjRt6Juv-hz5z2Tv4.m4a&quot;,&quot;filesize&quot;:376335,&quot;label&quot;:&quot;AAC Audio&quot;,&quot;type&quot;:&quot;audio\/mp4&quot;},{&quot;bitrate&quot;:1052398,&quot;file&quot;:&quot;https:\/\/cdn.jwplayer.com\/videos\/PjRt6Juv-FnZGUVnC.mp4&quot;,&quot;filesize&quot;:3420294,&quot;framerate&quot;:30,&quot;height&quot;:640,&quot;label&quot;:&quot;360p&quot;,&quot;type&quot;:&quot;video\/mp4&quot;,&quot;width&quot;:360},{&quot;bitrate&quot;:1775594,&quot;file&quot;:&quot;https:\/\/cdn.jwplayer.com\/videos\/PjRt6Juv-0G6Pwvlw.mp4&quot;,&quot;filesize&quot;:5770681,&quot;framerate&quot;:30,&quot;height&quot;:960,&quot;label&quot;:&quot;540p&quot;,&quot;type&quot;:&quot;video\/mp4&quot;,&quot;width&quot;:540}]}],&quot;hasAutoplay&quot;:false,&quot;autostart&quot;:true,&quot;tagsUrl&quot;:&quot;https:\/\/pubads.g.doubleclick.net\/gampad\/ads?slotname=\/133919216\/la_nacion_video\/nota\/preroll&amp;sz=640x480|400x300&amp;ciu_szs=300x250&amp;unviewed_position_start=1&amp;output=vast&amp;impl=s&amp;env=vp&amp;gdfp_req=1&amp;ad_rule=0&amp;vad_type=linear&amp;vpos=preroll&amp;cust_params=tags_nuevos%3Dte_colombia%2Cte_terremoto%2Cca_el_mundo%2C%2CU67ADZYLFJEQ7NJXEYEJQ56POQ&amp;pod=3&amp;ppos=1&amp;lip=true&amp;min_ad_duration=0&amp;max_ad_duration=30000&amp;vrid=6256&amp;url=https%3A%2F%2Fwww.lanacion.com.ar%2Fel-mundo%2Fde-la-espriella-da-los-primeros-pasos-en-falso-de-su-mandato-en-medio-de-la-crisis-por-el-terremoto-nid18082026%2F%3Fvariant%3DA&amp;description_url=https%3A%2F%2Fwww.lanacion.com.ar%2Fel-mundo%2Fde-la-espriella-da-los-primeros-pasos-en-falso-de-su-mandato-en-medio-de-la-crisis-por-el-terremoto-nid18082026%2F%3Fvariant%3DA&amp;video_doc_id=short_onecue&amp;cmsid=496&amp;kfa=0&amp;tfcd=0&amp;correlator=1787119825136&quot;,&quot;arcSite&quot;:&quot;la-nacion-ar&quot;,&quot;duration&quot;:&quot;26000&quot;}\">\n<div id=\"facade-PjRt6Juv\" class=\"content-facade-jw relative bg-black ratio-16-9\"><picture><source media=\"(max-width: 767px)\" srcset=\"https:\/\/www.lanacion.com.ar\/resizer\/v2\/https%3A%2F%2Fcdn.jwplayer.com%2Fv2%2Fmedia%2FPjRt6Juv%2Fposter.jpg%3Fwidth%3D720?auth=098cf42978204b0a665ca4f330d4ddf4413ca1108b6ae3691148d3c9165f9296&amp;width=480&amp;quality=70&amp;smart=false\"\/><\/picture><\/div>\n<\/div><figcaption class=\"border border-1 border-bottom border-light-300 relative px-16 py-8 min-h-36 w-100_md px-0_l mb-8 bg-white\"><span class=\"text ln-text text-16 block\">Abelardo de la Espriella reparte pelotas de f\u00fatbol tras el terremoto<\/span><\/figcaption><\/figure>\n<\/section>\n<\/div>\n<p class=\"com-paragraph --s\">En alocuci\u00f3n p\u00fablica el lunes por la noche, De la Espriella reiter\u00f3 que <strong>en los pr\u00f3ximos d\u00edas se decretar\u00e1 el Estado de Emergencia Econ\u00f3mica<\/strong>, una medida excepcional avalada por la Constituci\u00f3n que le permite al gobierno de turno tener una ventana limitada de tiempo para expedir normas sin pasar por el Congreso, para superar una cat\u00e1strofe inadvertida.<\/p>\n<p class=\"com-paragraph --s\">El jefe de Estado estim\u00f3 que, ahora que el pa\u00eds est\u00e1 a las puertas de iniciar el proceso de reconstrucci\u00f3n en los cinco departamentos m\u00e1s afectados, el c\u00e1lculo de lo que podr\u00eda costar levantar lo que el sismo derrumb\u00f3 <strong>ser\u00eda de unos 9,5 mil millones de d\u00f3lares<\/strong>, de esa cifra, 7,8 mil millones de d\u00f3lares corresponder\u00edan a edificaciones y 1,7 mil millones de d\u00f3lares a infraestructura, de acuerdo a cifras elaboradas por una firma privada.<\/p>\n<div class=\"content-media\">\n<section role=\"button\" class=\"mod-media   \">\n<figure role=\"button\" tabindex=\"0\" class=\"mod-figure \"><figcaption class=\"mod-figcaption\"><span class=\"com-text --caption --twoxs\">Equipos de rescate de Colombia e Israel buscan entre los escombros del edificio Vanessa, que se derrumb\u00f3 en Cali, Colombia<\/span><span class=\"com-text --credit --twoxs\">JOAQUIN SARMIENTO &#8211; AFP<\/span><\/figcaption><\/figure>\n<\/section>\n<\/div>\n<p class=\"com-paragraph --s\">Frente a los destrozos, el presidente se\u00f1al\u00f3 que la cifra de viviendas destruidas <strong>se elev\u00f3 a 26.945<\/strong>, mientras que se reportaron <strong>127.557 viviendas averiadas<\/strong>, as\u00ed como da\u00f1os en <strong>285 centros de salud <\/strong>y en m\u00e1s de <strong>2838 establecimientos educativos<\/strong>.<\/p>\n<p class=\"com-paragraph --s\">De la Espriella asegur\u00f3 que, ante la gran cantidad de personas dadas como desaparecidas, orden\u00f3 que \u201cmientras exista una posibilidad de encontrar con vida un solo compatriota, <strong>los equipos de b\u00fasqueda y rescate seguir\u00e1n en el terreno<\/strong>\u201d.<\/p>\n<p class=\"com-paragraph --s\"><strong>Agradeci\u00f3 al Banco Mundial por el desembolso de la primera parte de un cr\u00e9dito <\/strong>del Banco Mundial a Colombia por <strong>200 millones de d\u00f3lares<\/strong>, que ser\u00e1n usados para \u201catender las necesidades m\u00e1s apremiantes de las v\u00edctimas de este desastre natural\u201d, al tiempo que agradeci\u00f3 a los 21 pa\u00edses que ofrecieron cooperaci\u00f3n a su naci\u00f3n, as\u00ed como las ayudas humanitarias enviadas desde el exterior.<\/p>\n<div class=\"content-media\">\n<section role=\"button\" class=\"mod-media   \">\n<figure role=\"button\" tabindex=\"0\" class=\"mod-figure \"><figcaption class=\"mod-figcaption\"><span class=\"com-text --caption --twoxs\">Equipos de rescate del Ej\u00e9rcito y la Polic\u00eda de Colombia, del Ej\u00e9rcito de Israel y bomberos buscan entre los escombros del edificio Vanessa, que se derrumb\u00f3 en Cali, Colombia<\/span><span class=\"com-text --credit --twoxs\">JOAQUIN SARMIENTO &#8211; AFP<\/span><\/figcaption><\/figure>\n<\/section>\n<\/div>\n<p class=\"com-paragraph --s\">El presidente colombiano volvi\u00f3 a mencionar <strong>su idea de llevar a cabo en el departamento del Choc\u00f3 un \u201cPlan Marshall\u201d<\/strong>, en alusi\u00f3n al proyecto impulsado por Estados Unidos tras la Segunda Guerra Mundial para recuperar a Europa occidental. <\/p>\n<p class=\"com-paragraph --s\">Adem\u00e1s, propuso establecer <strong>una gerencia que se encargue de administrar la recuperaci\u00f3n <\/strong>de las zonas devastadas, similar a la que hubo en 1999 cuando se registr\u00f3 el terremoto de Armenia -en el eje cafetero-, en el que murieron m\u00e1s de mil personas.<\/p>\n<p class=\"com-paragraph --s\">\u201cCr\u00e9anme, esta prueba no nos va a quedar grande; los colombianos estamos acostumbrados a crecernos en la adversidad. <strong>Seguir\u00e9 al frente de esta emergencia las 24 horas del d\u00eda<\/strong>\u201d, agreg\u00f3 De la Espriella.<\/p>\n<p class=\"com-paragraph --s\"><strong>Agencias AFP, ANSA y Reuters y diario <\/strong><em><strong>El Pa\u00eds<\/strong><\/em><\/p>\n<section class=\"container-center-100 mb-40 border border-bottom border-thin border-neutral-light-700\">\n<hr\/>\n<\/section>\n<\/div>\n<p><script id=\"facebookpixel\" defer=\"\" type=\"text\/javascript\">\n        !function(f,b,e,v,n,t,s)\n        {if(f.fbq)return;n=f.fbq=function(){n.callMethod?\n        n.callMethod.apply(n,arguments):n.queue.push(arguments)};\n        if(!f._fbq)f._fbq=n;n.push=n;n.loaded=!0;n.version='2.0';\n        n.queue=[];t=b.createElement(e);t.async=!0;\n        t.src=v;s=b.getElementsByTagName(e)[0];\n        s.parentNode.insertBefore(t,s)}(window, document,'script',\n        'https:\/\/connect.facebook.net\/en_US\/fbevents.js');\n        fbq('init', '492459597522335');\n        fbq('track', 'PageView');\n    <\/script><br \/>\n<br \/><\/p>\n","protected":false},"excerpt":{"rendered":"<p>BOGOT\u00c1.\u2013 El flamante presidente de Colombia, Abelardo de la Espriella, se enfrenta a su primera tormenta pol\u00edtica tras una serie de pol\u00e9micos incidentes en torno a la gesti\u00f3n de su gobierno del devastador terremoto que sacudi\u00f3 el pa\u00eds la semana pasada. Mientras miles de personas duermen en carpas o refugios improvisados despu\u00e9s de perder sus [&hellip;]<\/p>\n","protected":false},"author":2,"featured_media":208643,"comment_status":"closed","ping_status":"closed","sticky":false,"template":"","format":"standard","meta":{"footnotes":""},"categories":[26],"tags":[],"class_list":["post-208642","post","type-post","status-publish","format-standard","has-post-thumbnail","hentry","category-internacionales"],"yoast_head":"<!-- This site is optimized with the Yoast SEO plugin v24.4 - https:\/\/yoast.com\/wordpress\/plugins\/seo\/ -->\n<title>De la Espriella da los primeros pasos en falso de su mandato en medio de la crisis por el terremoto en Colombia - GYS NOTICIAS |<\/title>\n<meta name=\"robots\" content=\"index, follow, max-snippet:-1, max-image-preview:large, max-video-preview:-1\" \/>\n<link rel=\"canonical\" href=\"https:\/\/gysfm.com.ar\/inicio\/de-la-espriella-da-los-primeros-pasos-en-falso-de-su-mandato-en-medio-de-la-crisis-por-el-terremoto-en-colombia\/\" \/>\n<meta property=\"og:locale\" content=\"es_ES\" \/>\n<meta property=\"og:type\" content=\"article\" \/>\n<meta property=\"og:title\" content=\"De la Espriella da los primeros pasos en falso de su mandato en medio de la crisis por el terremoto en Colombia - GYS NOTICIAS |\" \/>\n<meta property=\"og:description\" content=\"BOGOT\u00c1.\u2013 El flamante presidente de Colombia, Abelardo de la Espriella, se enfrenta a su primera tormenta pol\u00edtica tras una serie de pol\u00e9micos incidentes en torno a la gesti\u00f3n de su gobierno del devastador terremoto que sacudi\u00f3 el pa\u00eds la semana pasada. Mientras miles de personas duermen en carpas o refugios improvisados despu\u00e9s de perder sus [&hellip;]\" \/>\n<meta property=\"og:url\" content=\"https:\/\/gysfm.com.ar\/inicio\/de-la-espriella-da-los-primeros-pasos-en-falso-de-su-mandato-en-medio-de-la-crisis-por-el-terremoto-en-colombia\/\" \/>\n<meta property=\"og:site_name\" content=\"GYS NOTICIAS |\" \/>\n<meta property=\"article:published_time\" content=\"2026-08-19T06:17:07+00:00\" \/>\n<meta property=\"article:modified_time\" content=\"2026-08-19T06:17:15+00:00\" \/>\n<meta property=\"og:image\" content=\"https:\/\/gysfm.com.ar\/inicio\/wp-content\/uploads\/2026\/08\/captura-de-pantalla-del-video-que-circulo-en-NIYZUNRXP5DW3G374ORFY4I2RQ.png\" \/>\n\t<meta property=\"og:image:width\" content=\"1200\" \/>\n\t<meta property=\"og:image:height\" content=\"800\" \/>\n\t<meta property=\"og:image:type\" content=\"image\/png\" \/>\n<meta name=\"author\" content=\"Prensa G&amp;S FM\" \/>\n<meta name=\"twitter:card\" content=\"summary_large_image\" \/>\n<meta name=\"twitter:label1\" content=\"Escrito por\" \/>\n\t<meta name=\"twitter:data1\" content=\"Prensa G&amp;S FM\" \/>\n\t<meta name=\"twitter:label2\" content=\"Tiempo de lectura\" \/>\n\t<meta name=\"twitter:data2\" content=\"7 minutos\" \/>\n<script type=\"application\/ld+json\" class=\"yoast-schema-graph\">{\"@context\":\"https:\/\/schema.org\",\"@graph\":[{\"@type\":\"Article\",\"@id\":\"https:\/\/gysfm.com.ar\/inicio\/de-la-espriella-da-los-primeros-pasos-en-falso-de-su-mandato-en-medio-de-la-crisis-por-el-terremoto-en-colombia\/#article\",\"isPartOf\":{\"@id\":\"https:\/\/gysfm.com.ar\/inicio\/de-la-espriella-da-los-primeros-pasos-en-falso-de-su-mandato-en-medio-de-la-crisis-por-el-terremoto-en-colombia\/\"},\"author\":{\"name\":\"Prensa G&amp;S FM\",\"@id\":\"https:\/\/gysfm.com.ar\/inicio\/#\/schema\/person\/3abba7593ef2ad19e1be221d54383dc5\"},\"headline\":\"De la Espriella da los primeros pasos en falso de su mandato en medio de la crisis por el terremoto en Colombia\",\"datePublished\":\"2026-08-19T06:17:07+00:00\",\"dateModified\":\"2026-08-19T06:17:15+00:00\",\"mainEntityOfPage\":{\"@id\":\"https:\/\/gysfm.com.ar\/inicio\/de-la-espriella-da-los-primeros-pasos-en-falso-de-su-mandato-en-medio-de-la-crisis-por-el-terremoto-en-colombia\/\"},\"wordCount\":1348,\"publisher\":{\"@id\":\"https:\/\/gysfm.com.ar\/inicio\/#organization\"},\"image\":{\"@id\":\"https:\/\/gysfm.com.ar\/inicio\/de-la-espriella-da-los-primeros-pasos-en-falso-de-su-mandato-en-medio-de-la-crisis-por-el-terremoto-en-colombia\/#primaryimage\"},\"thumbnailUrl\":\"https:\/\/gysfm.com.ar\/inicio\/wp-content\/uploads\/2026\/08\/captura-de-pantalla-del-video-que-circulo-en-NIYZUNRXP5DW3G374ORFY4I2RQ.png\",\"articleSection\":[\"INTERNACIONALES\"],\"inLanguage\":\"es\"},{\"@type\":\"WebPage\",\"@id\":\"https:\/\/gysfm.com.ar\/inicio\/de-la-espriella-da-los-primeros-pasos-en-falso-de-su-mandato-en-medio-de-la-crisis-por-el-terremoto-en-colombia\/\",\"url\":\"https:\/\/gysfm.com.ar\/inicio\/de-la-espriella-da-los-primeros-pasos-en-falso-de-su-mandato-en-medio-de-la-crisis-por-el-terremoto-en-colombia\/\",\"name\":\"De la Espriella da los primeros pasos en falso de su mandato en medio de la crisis por el terremoto en Colombia - GYS NOTICIAS |\",\"isPartOf\":{\"@id\":\"https:\/\/gysfm.com.ar\/inicio\/#website\"},\"primaryImageOfPage\":{\"@id\":\"https:\/\/gysfm.com.ar\/inicio\/de-la-espriella-da-los-primeros-pasos-en-falso-de-su-mandato-en-medio-de-la-crisis-por-el-terremoto-en-colombia\/#primaryimage\"},\"image\":{\"@id\":\"https:\/\/gysfm.com.ar\/inicio\/de-la-espriella-da-los-primeros-pasos-en-falso-de-su-mandato-en-medio-de-la-crisis-por-el-terremoto-en-colombia\/#primaryimage\"},\"thumbnailUrl\":\"https:\/\/gysfm.com.ar\/inicio\/wp-content\/uploads\/2026\/08\/captura-de-pantalla-del-video-que-circulo-en-NIYZUNRXP5DW3G374ORFY4I2RQ.png\",\"datePublished\":\"2026-08-19T06:17:07+00:00\",\"dateModified\":\"2026-08-19T06:17:15+00:00\",\"breadcrumb\":{\"@id\":\"https:\/\/gysfm.com.ar\/inicio\/de-la-espriella-da-los-primeros-pasos-en-falso-de-su-mandato-en-medio-de-la-crisis-por-el-terremoto-en-colombia\/#breadcrumb\"},\"inLanguage\":\"es\",\"potentialAction\":[{\"@type\":\"ReadAction\",\"target\":[\"https:\/\/gysfm.com.ar\/inicio\/de-la-espriella-da-los-primeros-pasos-en-falso-de-su-mandato-en-medio-de-la-crisis-por-el-terremoto-en-colombia\/\"]}]},{\"@type\":\"ImageObject\",\"inLanguage\":\"es\",\"@id\":\"https:\/\/gysfm.com.ar\/inicio\/de-la-espriella-da-los-primeros-pasos-en-falso-de-su-mandato-en-medio-de-la-crisis-por-el-terremoto-en-colombia\/#primaryimage\",\"url\":\"https:\/\/gysfm.com.ar\/inicio\/wp-content\/uploads\/2026\/08\/captura-de-pantalla-del-video-que-circulo-en-NIYZUNRXP5DW3G374ORFY4I2RQ.png\",\"contentUrl\":\"https:\/\/gysfm.com.ar\/inicio\/wp-content\/uploads\/2026\/08\/captura-de-pantalla-del-video-que-circulo-en-NIYZUNRXP5DW3G374ORFY4I2RQ.png\",\"width\":1200,\"height\":800},{\"@type\":\"BreadcrumbList\",\"@id\":\"https:\/\/gysfm.com.ar\/inicio\/de-la-espriella-da-los-primeros-pasos-en-falso-de-su-mandato-en-medio-de-la-crisis-por-el-terremoto-en-colombia\/#breadcrumb\",\"itemListElement\":[{\"@type\":\"ListItem\",\"position\":1,\"name\":\"Portada\",\"item\":\"https:\/\/gysfm.com.ar\/inicio\/\"},{\"@type\":\"ListItem\",\"position\":2,\"name\":\"De la Espriella da los primeros pasos en falso de su mandato en medio de la crisis por el terremoto en Colombia\"}]},{\"@type\":\"WebSite\",\"@id\":\"https:\/\/gysfm.com.ar\/inicio\/#website\",\"url\":\"https:\/\/gysfm.com.ar\/inicio\/\",\"name\":\"GYS NOTICIAS |\",\"description\":\"DIARIO - RADIO ONLINE SAN JUAN ARGENTINA\",\"publisher\":{\"@id\":\"https:\/\/gysfm.com.ar\/inicio\/#organization\"},\"potentialAction\":[{\"@type\":\"SearchAction\",\"target\":{\"@type\":\"EntryPoint\",\"urlTemplate\":\"https:\/\/gysfm.com.ar\/inicio\/?s={search_term_string}\"},\"query-input\":{\"@type\":\"PropertyValueSpecification\",\"valueRequired\":true,\"valueName\":\"search_term_string\"}}],\"inLanguage\":\"es\"},{\"@type\":\"Organization\",\"@id\":\"https:\/\/gysfm.com.ar\/inicio\/#organization\",\"name\":\"GYS NOTICIAS |\",\"url\":\"https:\/\/gysfm.com.ar\/inicio\/\",\"logo\":{\"@type\":\"ImageObject\",\"inLanguage\":\"es\",\"@id\":\"https:\/\/gysfm.com.ar\/inicio\/#\/schema\/logo\/image\/\",\"url\":\"https:\/\/gysfm.com.ar\/inicio\/wp-content\/uploads\/2023\/07\/LOGOGYS-OK.png\",\"contentUrl\":\"https:\/\/gysfm.com.ar\/inicio\/wp-content\/uploads\/2023\/07\/LOGOGYS-OK.png\",\"width\":1170,\"height\":872,\"caption\":\"GYS NOTICIAS |\"},\"image\":{\"@id\":\"https:\/\/gysfm.com.ar\/inicio\/#\/schema\/logo\/image\/\"}},{\"@type\":\"Person\",\"@id\":\"https:\/\/gysfm.com.ar\/inicio\/#\/schema\/person\/3abba7593ef2ad19e1be221d54383dc5\",\"name\":\"Prensa G&amp;S FM\",\"image\":{\"@type\":\"ImageObject\",\"inLanguage\":\"es\",\"@id\":\"https:\/\/gysfm.com.ar\/inicio\/#\/schema\/person\/image\/\",\"url\":\"https:\/\/secure.gravatar.com\/avatar\/096ec78df02049ab018702bb4ccedf659377fa92a26540b5247612077a0dbd29?s=96&d=mm&r=g\",\"contentUrl\":\"https:\/\/secure.gravatar.com\/avatar\/096ec78df02049ab018702bb4ccedf659377fa92a26540b5247612077a0dbd29?s=96&d=mm&r=g\",\"caption\":\"Prensa G&amp;S FM\"},\"sameAs\":[\"https:\/\/gysfm.com.ar\/\"],\"url\":\"https:\/\/gysfm.com.ar\/inicio\/author\/lucasm\/\"}]}<\/script>\n<!-- \/ Yoast SEO plugin. -->","yoast_head_json":{"title":"De la Espriella da los primeros pasos en falso de su mandato en medio de la crisis por el terremoto en Colombia - GYS NOTICIAS |","robots":{"index":"index","follow":"follow","max-snippet":"max-snippet:-1","max-image-preview":"max-image-preview:large","max-video-preview":"max-video-preview:-1"},"canonical":"https:\/\/gysfm.com.ar\/inicio\/de-la-espriella-da-los-primeros-pasos-en-falso-de-su-mandato-en-medio-de-la-crisis-por-el-terremoto-en-colombia\/","og_locale":"es_ES","og_type":"article","og_title":"De la Espriella da los primeros pasos en falso de su mandato en medio de la crisis por el terremoto en Colombia - GYS NOTICIAS |","og_description":"BOGOT\u00c1.\u2013 El flamante presidente de Colombia, Abelardo de la Espriella, se enfrenta a su primera tormenta pol\u00edtica tras una serie de pol\u00e9micos incidentes en torno a la gesti\u00f3n de su gobierno del devastador terremoto que sacudi\u00f3 el pa\u00eds la semana pasada. Mientras miles de personas duermen en carpas o refugios improvisados despu\u00e9s de perder sus [&hellip;]","og_url":"https:\/\/gysfm.com.ar\/inicio\/de-la-espriella-da-los-primeros-pasos-en-falso-de-su-mandato-en-medio-de-la-crisis-por-el-terremoto-en-colombia\/","og_site_name":"GYS NOTICIAS |","article_published_time":"2026-08-19T06:17:07+00:00","article_modified_time":"2026-08-19T06:17:15+00:00","og_image":[{"width":1200,"height":800,"url":"https:\/\/gysfm.com.ar\/inicio\/wp-content\/uploads\/2026\/08\/captura-de-pantalla-del-video-que-circulo-en-NIYZUNRXP5DW3G374ORFY4I2RQ.png","type":"image\/png"}],"author":"Prensa G&amp;S FM","twitter_card":"summary_large_image","twitter_misc":{"Escrito por":"Prensa G&amp;S FM","Tiempo de lectura":"7 minutos"},"schema":{"@context":"https:\/\/schema.org","@graph":[{"@type":"Article","@id":"https:\/\/gysfm.com.ar\/inicio\/de-la-espriella-da-los-primeros-pasos-en-falso-de-su-mandato-en-medio-de-la-crisis-por-el-terremoto-en-colombia\/#article","isPartOf":{"@id":"https:\/\/gysfm.com.ar\/inicio\/de-la-espriella-da-los-primeros-pasos-en-falso-de-su-mandato-en-medio-de-la-crisis-por-el-terremoto-en-colombia\/"},"author":{"name":"Prensa G&amp;S FM","@id":"https:\/\/gysfm.com.ar\/inicio\/#\/schema\/person\/3abba7593ef2ad19e1be221d54383dc5"},"headline":"De la Espriella da los primeros pasos en falso de su mandato en medio de la crisis por el terremoto en Colombia","datePublished":"2026-08-19T06:17:07+00:00","dateModified":"2026-08-19T06:17:15+00:00","mainEntityOfPage":{"@id":"https:\/\/gysfm.com.ar\/inicio\/de-la-espriella-da-los-primeros-pasos-en-falso-de-su-mandato-en-medio-de-la-crisis-por-el-terremoto-en-colombia\/"},"wordCount":1348,"publisher":{"@id":"https:\/\/gysfm.com.ar\/inicio\/#organization"},"image":{"@id":"https:\/\/gysfm.com.ar\/inicio\/de-la-espriella-da-los-primeros-pasos-en-falso-de-su-mandato-en-medio-de-la-crisis-por-el-terremoto-en-colombia\/#primaryimage"},"thumbnailUrl":"https:\/\/gysfm.com.ar\/inicio\/wp-content\/uploads\/2026\/08\/captura-de-pantalla-del-video-que-circulo-en-NIYZUNRXP5DW3G374ORFY4I2RQ.png","articleSection":["INTERNACIONALES"],"inLanguage":"es"},{"@type":"WebPage","@id":"https:\/\/gysfm.com.ar\/inicio\/de-la-espriella-da-los-primeros-pasos-en-falso-de-su-mandato-en-medio-de-la-crisis-por-el-terremoto-en-colombia\/","url":"https:\/\/gysfm.com.ar\/inicio\/de-la-espriella-da-los-primeros-pasos-en-falso-de-su-mandato-en-medio-de-la-crisis-por-el-terremoto-en-colombia\/","name":"De la Espriella da los primeros pasos en falso de su mandato en medio de la crisis por el terremoto en Colombia - GYS NOTICIAS |","isPartOf":{"@id":"https:\/\/gysfm.com.ar\/inicio\/#website"},"primaryImageOfPage":{"@id":"https:\/\/gysfm.com.ar\/inicio\/de-la-espriella-da-los-primeros-pasos-en-falso-de-su-mandato-en-medio-de-la-crisis-por-el-terremoto-en-colombia\/#primaryimage"},"image":{"@id":"https:\/\/gysfm.com.ar\/inicio\/de-la-espriella-da-los-primeros-pasos-en-falso-de-su-mandato-en-medio-de-la-crisis-por-el-terremoto-en-colombia\/#primaryimage"},"thumbnailUrl":"https:\/\/gysfm.com.ar\/inicio\/wp-content\/uploads\/2026\/08\/captura-de-pantalla-del-video-que-circulo-en-NIYZUNRXP5DW3G374ORFY4I2RQ.png","datePublished":"2026-08-19T06:17:07+00:00","dateModified":"2026-08-19T06:17:15+00:00","breadcrumb":{"@id":"https:\/\/gysfm.com.ar\/inicio\/de-la-espriella-da-los-primeros-pasos-en-falso-de-su-mandato-en-medio-de-la-crisis-por-el-terremoto-en-colombia\/#breadcrumb"},"inLanguage":"es","potentialAction":[{"@type":"ReadAction","target":["https:\/\/gysfm.com.ar\/inicio\/de-la-espriella-da-los-primeros-pasos-en-falso-de-su-mandato-en-medio-de-la-crisis-por-el-terremoto-en-colombia\/"]}]},{"@type":"ImageObject","inLanguage":"es","@id":"https:\/\/gysfm.com.ar\/inicio\/de-la-espriella-da-los-primeros-pasos-en-falso-de-su-mandato-en-medio-de-la-crisis-por-el-terremoto-en-colombia\/#primaryimage","url":"https:\/\/gysfm.com.ar\/inicio\/wp-content\/uploads\/2026\/08\/captura-de-pantalla-del-video-que-circulo-en-NIYZUNRXP5DW3G374ORFY4I2RQ.png","contentUrl":"https:\/\/gysfm.com.ar\/inicio\/wp-content\/uploads\/2026\/08\/captura-de-pantalla-del-video-que-circulo-en-NIYZUNRXP5DW3G374ORFY4I2RQ.png","width":1200,"height":800},{"@type":"BreadcrumbList","@id":"https:\/\/gysfm.com.ar\/inicio\/de-la-espriella-da-los-primeros-pasos-en-falso-de-su-mandato-en-medio-de-la-crisis-por-el-terremoto-en-colombia\/#breadcrumb","itemListElement":[{"@type":"ListItem","position":1,"name":"Portada","item":"https:\/\/gysfm.com.ar\/inicio\/"},{"@type":"ListItem","position":2,"name":"De la Espriella da los primeros pasos en falso de su mandato en medio de la crisis por el terremoto en Colombia"}]},{"@type":"WebSite","@id":"https:\/\/gysfm.com.ar\/inicio\/#website","url":"https:\/\/gysfm.com.ar\/inicio\/","name":"GYS NOTICIAS |","description":"DIARIO - RADIO ONLINE SAN JUAN ARGENTINA","publisher":{"@id":"https:\/\/gysfm.com.ar\/inicio\/#organization"},"potentialAction":[{"@type":"SearchAction","target":{"@type":"EntryPoint","urlTemplate":"https:\/\/gysfm.com.ar\/inicio\/?s={search_term_string}"},"query-input":{"@type":"PropertyValueSpecification","valueRequired":true,"valueName":"search_term_string"}}],"inLanguage":"es"},{"@type":"Organization","@id":"https:\/\/gysfm.com.ar\/inicio\/#organization","name":"GYS NOTICIAS |","url":"https:\/\/gysfm.com.ar\/inicio\/","logo":{"@type":"ImageObject","inLanguage":"es","@id":"https:\/\/gysfm.com.ar\/inicio\/#\/schema\/logo\/image\/","url":"https:\/\/gysfm.com.ar\/inicio\/wp-content\/uploads\/2023\/07\/LOGOGYS-OK.png","contentUrl":"https:\/\/gysfm.com.ar\/inicio\/wp-content\/uploads\/2023\/07\/LOGOGYS-OK.png","width":1170,"height":872,"caption":"GYS NOTICIAS |"},"image":{"@id":"https:\/\/gysfm.com.ar\/inicio\/#\/schema\/logo\/image\/"}},{"@type":"Person","@id":"https:\/\/gysfm.com.ar\/inicio\/#\/schema\/person\/3abba7593ef2ad19e1be221d54383dc5","name":"Prensa G&amp;S FM","image":{"@type":"ImageObject","inLanguage":"es","@id":"https:\/\/gysfm.com.ar\/inicio\/#\/schema\/person\/image\/","url":"https:\/\/secure.gravatar.com\/avatar\/096ec78df02049ab018702bb4ccedf659377fa92a26540b5247612077a0dbd29?s=96&d=mm&r=g","contentUrl":"https:\/\/secure.gravatar.com\/avatar\/096ec78df02049ab018702bb4ccedf659377fa92a26540b5247612077a0dbd29?s=96&d=mm&r=g","caption":"Prensa G&amp;S FM"},"sameAs":["https:\/\/gysfm.com.ar\/"],"url":"https:\/\/gysfm.com.ar\/inicio\/author\/lucasm\/"}]}},"_links":{"self":[{"href":"https:\/\/gysfm.com.ar\/inicio\/wp-json\/wp\/v2\/posts\/208642","targetHints":{"allow":["GET"]}}],"collection":[{"href":"https:\/\/gysfm.com.ar\/inicio\/wp-json\/wp\/v2\/posts"}],"about":[{"href":"https:\/\/gysfm.com.ar\/inicio\/wp-json\/wp\/v2\/types\/post"}],"author":[{"embeddable":true,"href":"https:\/\/gysfm.com.ar\/inicio\/wp-json\/wp\/v2\/users\/2"}],"replies":[{"embeddable":true,"href":"https:\/\/gysfm.com.ar\/inicio\/wp-json\/wp\/v2\/comments?post=208642"}],"version-history":[{"count":1,"href":"https:\/\/gysfm.com.ar\/inicio\/wp-json\/wp\/v2\/posts\/208642\/revisions"}],"predecessor-version":[{"id":208644,"href":"https:\/\/gysfm.com.ar\/inicio\/wp-json\/wp\/v2\/posts\/208642\/revisions\/208644"}],"wp:featuredmedia":[{"embeddable":true,"href":"https:\/\/gysfm.com.ar\/inicio\/wp-json\/wp\/v2\/media\/208643"}],"wp:attachment":[{"href":"https:\/\/gysfm.com.ar\/inicio\/wp-json\/wp\/v2\/media?parent=208642"}],"wp:term":[{"taxonomy":"category","embeddable":true,"href":"https:\/\/gysfm.com.ar\/inicio\/wp-json\/wp\/v2\/categories?post=208642"},{"taxonomy":"post_tag","embeddable":true,"href":"https:\/\/gysfm.com.ar\/inicio\/wp-json\/wp\/v2\/tags?post=208642"}],"curies":[{"name":"wp","href":"https:\/\/api.w.org\/{rel}","templated":true}]}}