{"id":208639,"date":"2026-08-19T02:16:08","date_gmt":"2026-08-19T05:16:08","guid":{"rendered":"https:\/\/gysfm.com.ar\/inicio\/murio-mathilde-favier-directora-de-relaciones-publicas-de-dior-amaba-la-vida-con-pasion\/"},"modified":"2026-08-19T02:16:09","modified_gmt":"2026-08-19T05:16:09","slug":"murio-mathilde-favier-directora-de-relaciones-publicas-de-dior-amaba-la-vida-con-pasion","status":"publish","type":"post","link":"https:\/\/gysfm.com.ar\/inicio\/murio-mathilde-favier-directora-de-relaciones-publicas-de-dior-amaba-la-vida-con-pasion\/","title":{"rendered":"Muri\u00f3 Mathilde Favier, directora de Relaciones P\u00fablicas de Dior: \u201cAmaba la vida con pasi\u00f3n\u201d"},"content":{"rendered":"<p> <br \/>\n<\/p>\n<div>\n<p class=\"com-paragraph --capital --s\">El mundo de la alta costura est\u00e1 de luto tras confirmarse <strong>la muerte de Mathilde Favier<\/strong> a causa de un accidente de tr\u00e1nsito. La mujer se desempe\u00f1aba como directora de <strong>Relaciones P\u00fablicas <\/strong><a href=\"https:\/\/www.lanacion.com.ar\/lifestyle\/en-fotos-las-argentinas-en-los-desfiles-de-la-semana-de-alta-costura-de-paris-nid09072026\/\" target=\"_self\" title=\"https:\/\/www.lanacion.com.ar\/lifestyle\/en-fotos-las-argentinas-en-los-desfiles-de-la-semana-de-alta-costura-de-paris-nid09072026\/\" class=\"com-link break-word\" data-mrf-recirculation=\"n_link_parrafo\"><strong>de Dior<\/strong><\/a>, <strong>ten\u00eda 57 a\u00f1os<\/strong> y fue una figura relevante que llev\u00f3 a la firma parisina a lo m\u00e1s alto en esta \u00faltima d\u00e9cada. <\/p>\n<p class=\"com-paragraph --s\">A trav\u00e9s de<a href=\"https:\/\/www.instagram.com\/p\/DcLgE6UIk9S\/?hl=es-la\" target=\"_blank\" title=\"https:\/\/www.instagram.com\/p\/DcLgE6UIk9S\/?hl=es-la\" class=\"com-link break-word\" data-mrf-recirculation=\"n_link_parrafo\" rel=\"nofollow\"> un comunicado oficial <\/a>que emiti\u00f3 Dior en su cuenta de Instagram, se dio a conocer la noticia que conmocion\u00f3 a sus seguidores en la plataforma. \u201cDior lamenta profundamente anunciar el fallecimiento accidental de Mathilde Favier. En su calidad de directora de Relaciones P\u00fablicas, <strong>contribuy\u00f3 de manera extraordinaria a la reputaci\u00f3n de Christian Dior Couture<\/strong> gracias a su compromiso y elegancia\u201d, empez\u00f3 el texto que aparece en el <em>feed<\/em>, y continu\u00f3: <strong>\u201cFue una mujer excepcional; su alegr\u00eda contagiosa, su talento y su lealtad resultaban ejemplares\u201d<\/strong>.<\/p>\n<div class=\"content-media\">\n<section role=\"button\" class=\"mod-media   \">\n<figure role=\"button\" tabindex=\"0\" class=\"mod-figure \"><figcaption class=\"mod-figcaption\"><span class=\"com-text --caption --twoxs\">El comunicado de Dior sobre la muerte de Favier<\/span><span class=\"com-text --credit --twoxs\">(Fuente: Instagram &#8211; Dior)<\/span><\/figcaption><\/figure>\n<\/section>\n<\/div>\n<p class=\"com-paragraph --s\">Por su parte, Delphine Arnault, presidenta y directora ejecutiva de Dior, dijo: \u201cMathilde amaba la vida con pasi\u00f3n. Con su partida, Dior pierde a una profesional incre\u00edble y yo pierdo a una amiga leal. Su optimismo y su valent\u00eda despertaban admiraci\u00f3n. <strong>Echaremos profundamente de menos su sonrisa y su talento<\/strong>. Hoy siento una profunda tristeza; mis pensamientos est\u00e1n con sus hijos, su madre, sus hermanas, su familia, sus numerosos amigos y el equipo al que tanto quer\u00eda\u201d.<\/p>\n<p class=\"com-paragraph --s\">Seg\u00fan explicit\u00f3 <a href=\"https:\/\/www.lemonde.fr\/en\/obituaries\/article\/2026\/08\/18\/film-producer-nicolas-altmayer-and-dior-executive-mathilde-favier-his-partner-die-in-car-accident_6756635_15.html?srsltid=AfmBOoowh2tN94rp4ikLPmjgE_KwWEMz_ThomMdaVOBdAHSURCuGz0Gv\" target=\"_blank\" title=\"https:\/\/www.lemonde.fr\/en\/obituaries\/article\/2026\/08\/18\/film-producer-nicolas-altmayer-and-dior-executive-mathilde-favier-his-partner-die-in-car-accident_6756635_15.html?srsltid=AfmBOoowh2tN94rp4ikLPmjgE_KwWEMz_ThomMdaVOBdAHSURCuGz0Gv\" class=\"com-link break-word\" data-mrf-recirculation=\"n_link_parrafo\" rel=\"nofollow\"><em>Le Monde<\/em><\/a>, Matilde viajaba con su esposo, el productor de cine Nicolas Altmayer, cuando tuvieron un accidente en la ruta. Los datos preliminares que brindaron las autoridades indicaron que la pareja <strong>intent\u00f3 pasar a un coche y chocaron de frente con un cami\u00f3n<\/strong>. <\/p>\n<div class=\"content-media\">\n<section role=\"button\" class=\"mod-media   \">\n<figure role=\"button\" tabindex=\"0\" class=\"mod-figure \"><figcaption class=\"mod-figcaption\"><span class=\"com-text --caption --twoxs\">Mathilde Favier y Nicolas Altmayer murieron en un accidente de tr\u00e1nsito en Francia<\/span><span class=\"com-text --credit --twoxs\">(Fuente: ABDEL MAJID BZIOUAT\/AFP)<\/span><\/figcaption><\/figure>\n<\/section>\n<\/div>\n<p class=\"com-paragraph --s\"><strong>El hecho ocurri\u00f3 a las 16.00 del lunes 17 de agosto en el oeste de Francia<\/strong>, en el departamento de Deux-S\u00e8vres. El fiscal adjunto de Niort, Nicolas Leclainche, abri\u00f3 una investigaci\u00f3n por homicidio vehicular para determinar las circunstancias exactas del accidente. <\/p>\n<p class=\"com-paragraph --s\"><strong>Bernard Arnault<\/strong>, director de la firma LVMH que integra a Louis Vuitton y Christian Dior, entre otras marcas de lujo, tambi\u00e9n se manifest\u00f3 al respecto sobre la muerte de Favier: \u201cMe entristeci\u00f3 profundamente conocer el tr\u00e1gico y repentino fallecimiento de Mathilde Favier,<strong> quien dedic\u00f3 tantos a\u00f1os a poner su pasi\u00f3n, energ\u00eda y talento al servicio de la Maison Dior<\/strong>. Expreso mis m\u00e1s sinceras condolencias a su familia y a sus seres queridos\u201d. <\/p>\n<div class=\"content-media\">\n<section role=\"button\" class=\"mod-media   \">\n<figure role=\"button\" tabindex=\"0\" class=\"mod-figure \"><figcaption class=\"mod-figcaption\"><span class=\"com-text --caption --twoxs\">As\u00ed despidi\u00f3 Bernard Arnault a Favier<\/span><span class=\"com-text --credit --twoxs\">(Fuente: Instagram &#8211; Dior)<\/span><\/figcaption><\/figure>\n<\/section>\n<\/div>\n<p class=\"com-paragraph --s\">Del mismo modo, tambi\u00e9n se expres\u00f3 el dise\u00f1ador <strong>J.W. Anderson<\/strong>, que dijo: \u201cEstoy profundamente desconsolado por el fallecimiento de Mathilde Favier. Todos le debemos mucho a su trabajo y a su dedicaci\u00f3n. <strong>Ella irradiaba calidez y energ\u00eda, y era la persona m\u00e1s positiva y estimulante que he conocido jam\u00e1s<\/strong>. Mathilde era la viva encarnaci\u00f3n de la elegancia y, en muchos sentidos, el esp\u00edritu mismo de la alta costura\u201d. <\/p>\n<div class=\"content-media\">\n<section role=\"button\" class=\"mod-media   \">\n<figure role=\"button\" tabindex=\"0\" class=\"mod-figure \"><figcaption class=\"mod-figcaption\"><span class=\"com-text --caption --twoxs\">As\u00ed despidi\u00f3 el dise\u00f1ador Jonathan Anderson a Favier<\/span><span class=\"com-text --credit --twoxs\">(Fuente: Instagram &#8211; Dior)<\/span><\/figcaption><\/figure>\n<\/section>\n<\/div>\n<p class=\"com-paragraph --s\"><strong>Mathilde Favier se uni\u00f3 a Dior en 2011<\/strong> luego de abandonar Prada. A lo largo de su trayectoria trabaj\u00f3 estrechamente con embajadoras de la marca, como <strong>Natalie Portman, Rihanna y Jennifer Lawrence<\/strong>. <\/p>\n<p class=\"com-paragraph --s\">En 2024 public\u00f3 su libro <em>Living Beautifully in Paris<\/em>. Ten\u00eda dos hijos: <strong>H\u00e9lo\u00efse y Carlo<\/strong>, fruto de su exmatrimonio con el financista multimillonario Robert Agostinelli. <\/p>\n<section class=\"container-center-100 mb-40 border border-bottom border-thin border-neutral-light-700\"\/><\/div>\n<p><script id=\"facebookpixel\" defer=\"\" type=\"text\/javascript\">\n        !function(f,b,e,v,n,t,s)\n        {if(f.fbq)return;n=f.fbq=function(){n.callMethod?\n        n.callMethod.apply(n,arguments):n.queue.push(arguments)};\n        if(!f._fbq)f._fbq=n;n.push=n;n.loaded=!0;n.version='2.0';\n        n.queue=[];t=b.createElement(e);t.async=!0;\n        t.src=v;s=b.getElementsByTagName(e)[0];\n        s.parentNode.insertBefore(t,s)}(window, document,'script',\n        'https:\/\/connect.facebook.net\/en_US\/fbevents.js');\n        fbq('init', '492459597522335');\n        fbq('track', 'PageView');\n    <\/script><script async src=\"\/\/www.instagram.com\/embed.js\"><\/script><br \/>\n<br \/><\/p>\n","protected":false},"excerpt":{"rendered":"<p>El mundo de la alta costura est\u00e1 de luto tras confirmarse la muerte de Mathilde Favier a causa de un accidente de tr\u00e1nsito. La mujer se desempe\u00f1aba como directora de Relaciones P\u00fablicas de Dior, ten\u00eda 57 a\u00f1os y fue una figura relevante que llev\u00f3 a la firma parisina a lo m\u00e1s alto en esta \u00faltima [&hellip;]<\/p>\n","protected":false},"author":2,"featured_media":208640,"comment_status":"closed","ping_status":"closed","sticky":false,"template":"","format":"standard","meta":{"footnotes":""},"categories":[26],"tags":[],"class_list":["post-208639","post","type-post","status-publish","format-standard","has-post-thumbnail","hentry","category-internacionales"],"yoast_head":"<!-- This site is optimized with the Yoast SEO plugin v24.4 - https:\/\/yoast.com\/wordpress\/plugins\/seo\/ -->\n<title>Muri\u00f3 Mathilde Favier, directora de Relaciones P\u00fablicas de Dior: \u201cAmaba la vida con pasi\u00f3n\u201d - GYS NOTICIAS |<\/title>\n<meta name=\"robots\" content=\"index, follow, max-snippet:-1, max-image-preview:large, max-video-preview:-1\" \/>\n<link rel=\"canonical\" href=\"https:\/\/gysfm.com.ar\/inicio\/murio-mathilde-favier-directora-de-relaciones-publicas-de-dior-amaba-la-vida-con-pasion\/\" \/>\n<meta property=\"og:locale\" content=\"es_ES\" \/>\n<meta property=\"og:type\" content=\"article\" \/>\n<meta property=\"og:title\" content=\"Muri\u00f3 Mathilde Favier, directora de Relaciones P\u00fablicas de Dior: \u201cAmaba la vida con pasi\u00f3n\u201d - GYS NOTICIAS |\" \/>\n<meta property=\"og:description\" content=\"El mundo de la alta costura est\u00e1 de luto tras confirmarse la muerte de Mathilde Favier a causa de un accidente de tr\u00e1nsito. La mujer se desempe\u00f1aba como directora de Relaciones P\u00fablicas de Dior, ten\u00eda 57 a\u00f1os y fue una figura relevante que llev\u00f3 a la firma parisina a lo m\u00e1s alto en esta \u00faltima [&hellip;]\" \/>\n<meta property=\"og:url\" content=\"https:\/\/gysfm.com.ar\/inicio\/murio-mathilde-favier-directora-de-relaciones-publicas-de-dior-amaba-la-vida-con-pasion\/\" \/>\n<meta property=\"og:site_name\" content=\"GYS NOTICIAS |\" \/>\n<meta property=\"article:published_time\" content=\"2026-08-19T05:16:08+00:00\" \/>\n<meta property=\"article:modified_time\" content=\"2026-08-19T05:16:09+00:00\" \/>\n<meta property=\"og:image\" content=\"https:\/\/gysfm.com.ar\/inicio\/wp-content\/uploads\/2026\/08\/murio-mathilde-favier-directora-de-relaciones-TD3YRX5CW5DX5FA5EFAAWIMRQA.png\" \/>\n\t<meta property=\"og:image:width\" content=\"1200\" \/>\n\t<meta property=\"og:image:height\" content=\"800\" \/>\n\t<meta property=\"og:image:type\" content=\"image\/png\" \/>\n<meta name=\"author\" content=\"Prensa G&amp;S FM\" \/>\n<meta name=\"twitter:card\" content=\"summary_large_image\" \/>\n<meta name=\"twitter:label1\" content=\"Escrito por\" \/>\n\t<meta name=\"twitter:data1\" content=\"Prensa G&amp;S FM\" \/>\n\t<meta name=\"twitter:label2\" content=\"Tiempo de lectura\" \/>\n\t<meta name=\"twitter:data2\" content=\"3 minutos\" \/>\n<script type=\"application\/ld+json\" class=\"yoast-schema-graph\">{\"@context\":\"https:\/\/schema.org\",\"@graph\":[{\"@type\":\"Article\",\"@id\":\"https:\/\/gysfm.com.ar\/inicio\/murio-mathilde-favier-directora-de-relaciones-publicas-de-dior-amaba-la-vida-con-pasion\/#article\",\"isPartOf\":{\"@id\":\"https:\/\/gysfm.com.ar\/inicio\/murio-mathilde-favier-directora-de-relaciones-publicas-de-dior-amaba-la-vida-con-pasion\/\"},\"author\":{\"name\":\"Prensa G&amp;S FM\",\"@id\":\"https:\/\/gysfm.com.ar\/inicio\/#\/schema\/person\/3abba7593ef2ad19e1be221d54383dc5\"},\"headline\":\"Muri\u00f3 Mathilde Favier, directora de Relaciones P\u00fablicas de Dior: \u201cAmaba la vida con pasi\u00f3n\u201d\",\"datePublished\":\"2026-08-19T05:16:08+00:00\",\"dateModified\":\"2026-08-19T05:16:09+00:00\",\"mainEntityOfPage\":{\"@id\":\"https:\/\/gysfm.com.ar\/inicio\/murio-mathilde-favier-directora-de-relaciones-publicas-de-dior-amaba-la-vida-con-pasion\/\"},\"wordCount\":610,\"publisher\":{\"@id\":\"https:\/\/gysfm.com.ar\/inicio\/#organization\"},\"image\":{\"@id\":\"https:\/\/gysfm.com.ar\/inicio\/murio-mathilde-favier-directora-de-relaciones-publicas-de-dior-amaba-la-vida-con-pasion\/#primaryimage\"},\"thumbnailUrl\":\"https:\/\/gysfm.com.ar\/inicio\/wp-content\/uploads\/2026\/08\/murio-mathilde-favier-directora-de-relaciones-TD3YRX5CW5DX5FA5EFAAWIMRQA.png\",\"articleSection\":[\"INTERNACIONALES\"],\"inLanguage\":\"es\"},{\"@type\":\"WebPage\",\"@id\":\"https:\/\/gysfm.com.ar\/inicio\/murio-mathilde-favier-directora-de-relaciones-publicas-de-dior-amaba-la-vida-con-pasion\/\",\"url\":\"https:\/\/gysfm.com.ar\/inicio\/murio-mathilde-favier-directora-de-relaciones-publicas-de-dior-amaba-la-vida-con-pasion\/\",\"name\":\"Muri\u00f3 Mathilde Favier, directora de Relaciones P\u00fablicas de Dior: \u201cAmaba la vida con pasi\u00f3n\u201d - GYS NOTICIAS |\",\"isPartOf\":{\"@id\":\"https:\/\/gysfm.com.ar\/inicio\/#website\"},\"primaryImageOfPage\":{\"@id\":\"https:\/\/gysfm.com.ar\/inicio\/murio-mathilde-favier-directora-de-relaciones-publicas-de-dior-amaba-la-vida-con-pasion\/#primaryimage\"},\"image\":{\"@id\":\"https:\/\/gysfm.com.ar\/inicio\/murio-mathilde-favier-directora-de-relaciones-publicas-de-dior-amaba-la-vida-con-pasion\/#primaryimage\"},\"thumbnailUrl\":\"https:\/\/gysfm.com.ar\/inicio\/wp-content\/uploads\/2026\/08\/murio-mathilde-favier-directora-de-relaciones-TD3YRX5CW5DX5FA5EFAAWIMRQA.png\",\"datePublished\":\"2026-08-19T05:16:08+00:00\",\"dateModified\":\"2026-08-19T05:16:09+00:00\",\"breadcrumb\":{\"@id\":\"https:\/\/gysfm.com.ar\/inicio\/murio-mathilde-favier-directora-de-relaciones-publicas-de-dior-amaba-la-vida-con-pasion\/#breadcrumb\"},\"inLanguage\":\"es\",\"potentialAction\":[{\"@type\":\"ReadAction\",\"target\":[\"https:\/\/gysfm.com.ar\/inicio\/murio-mathilde-favier-directora-de-relaciones-publicas-de-dior-amaba-la-vida-con-pasion\/\"]}]},{\"@type\":\"ImageObject\",\"inLanguage\":\"es\",\"@id\":\"https:\/\/gysfm.com.ar\/inicio\/murio-mathilde-favier-directora-de-relaciones-publicas-de-dior-amaba-la-vida-con-pasion\/#primaryimage\",\"url\":\"https:\/\/gysfm.com.ar\/inicio\/wp-content\/uploads\/2026\/08\/murio-mathilde-favier-directora-de-relaciones-TD3YRX5CW5DX5FA5EFAAWIMRQA.png\",\"contentUrl\":\"https:\/\/gysfm.com.ar\/inicio\/wp-content\/uploads\/2026\/08\/murio-mathilde-favier-directora-de-relaciones-TD3YRX5CW5DX5FA5EFAAWIMRQA.png\",\"width\":1200,\"height\":800},{\"@type\":\"BreadcrumbList\",\"@id\":\"https:\/\/gysfm.com.ar\/inicio\/murio-mathilde-favier-directora-de-relaciones-publicas-de-dior-amaba-la-vida-con-pasion\/#breadcrumb\",\"itemListElement\":[{\"@type\":\"ListItem\",\"position\":1,\"name\":\"Portada\",\"item\":\"https:\/\/gysfm.com.ar\/inicio\/\"},{\"@type\":\"ListItem\",\"position\":2,\"name\":\"Muri\u00f3 Mathilde Favier, directora de Relaciones P\u00fablicas de Dior: \u201cAmaba la vida con pasi\u00f3n\u201d\"}]},{\"@type\":\"WebSite\",\"@id\":\"https:\/\/gysfm.com.ar\/inicio\/#website\",\"url\":\"https:\/\/gysfm.com.ar\/inicio\/\",\"name\":\"GYS NOTICIAS |\",\"description\":\"DIARIO - RADIO ONLINE SAN JUAN ARGENTINA\",\"publisher\":{\"@id\":\"https:\/\/gysfm.com.ar\/inicio\/#organization\"},\"potentialAction\":[{\"@type\":\"SearchAction\",\"target\":{\"@type\":\"EntryPoint\",\"urlTemplate\":\"https:\/\/gysfm.com.ar\/inicio\/?s={search_term_string}\"},\"query-input\":{\"@type\":\"PropertyValueSpecification\",\"valueRequired\":true,\"valueName\":\"search_term_string\"}}],\"inLanguage\":\"es\"},{\"@type\":\"Organization\",\"@id\":\"https:\/\/gysfm.com.ar\/inicio\/#organization\",\"name\":\"GYS NOTICIAS |\",\"url\":\"https:\/\/gysfm.com.ar\/inicio\/\",\"logo\":{\"@type\":\"ImageObject\",\"inLanguage\":\"es\",\"@id\":\"https:\/\/gysfm.com.ar\/inicio\/#\/schema\/logo\/image\/\",\"url\":\"https:\/\/gysfm.com.ar\/inicio\/wp-content\/uploads\/2023\/07\/LOGOGYS-OK.png\",\"contentUrl\":\"https:\/\/gysfm.com.ar\/inicio\/wp-content\/uploads\/2023\/07\/LOGOGYS-OK.png\",\"width\":1170,\"height\":872,\"caption\":\"GYS NOTICIAS |\"},\"image\":{\"@id\":\"https:\/\/gysfm.com.ar\/inicio\/#\/schema\/logo\/image\/\"}},{\"@type\":\"Person\",\"@id\":\"https:\/\/gysfm.com.ar\/inicio\/#\/schema\/person\/3abba7593ef2ad19e1be221d54383dc5\",\"name\":\"Prensa G&amp;S FM\",\"image\":{\"@type\":\"ImageObject\",\"inLanguage\":\"es\",\"@id\":\"https:\/\/gysfm.com.ar\/inicio\/#\/schema\/person\/image\/\",\"url\":\"https:\/\/secure.gravatar.com\/avatar\/096ec78df02049ab018702bb4ccedf659377fa92a26540b5247612077a0dbd29?s=96&d=mm&r=g\",\"contentUrl\":\"https:\/\/secure.gravatar.com\/avatar\/096ec78df02049ab018702bb4ccedf659377fa92a26540b5247612077a0dbd29?s=96&d=mm&r=g\",\"caption\":\"Prensa G&amp;S FM\"},\"sameAs\":[\"https:\/\/gysfm.com.ar\/\"],\"url\":\"https:\/\/gysfm.com.ar\/inicio\/author\/lucasm\/\"}]}<\/script>\n<!-- \/ Yoast SEO plugin. -->","yoast_head_json":{"title":"Muri\u00f3 Mathilde Favier, directora de Relaciones P\u00fablicas de Dior: \u201cAmaba la vida con pasi\u00f3n\u201d - GYS NOTICIAS |","robots":{"index":"index","follow":"follow","max-snippet":"max-snippet:-1","max-image-preview":"max-image-preview:large","max-video-preview":"max-video-preview:-1"},"canonical":"https:\/\/gysfm.com.ar\/inicio\/murio-mathilde-favier-directora-de-relaciones-publicas-de-dior-amaba-la-vida-con-pasion\/","og_locale":"es_ES","og_type":"article","og_title":"Muri\u00f3 Mathilde Favier, directora de Relaciones P\u00fablicas de Dior: \u201cAmaba la vida con pasi\u00f3n\u201d - GYS NOTICIAS |","og_description":"El mundo de la alta costura est\u00e1 de luto tras confirmarse la muerte de Mathilde Favier a causa de un accidente de tr\u00e1nsito. La mujer se desempe\u00f1aba como directora de Relaciones P\u00fablicas de Dior, ten\u00eda 57 a\u00f1os y fue una figura relevante que llev\u00f3 a la firma parisina a lo m\u00e1s alto en esta \u00faltima [&hellip;]","og_url":"https:\/\/gysfm.com.ar\/inicio\/murio-mathilde-favier-directora-de-relaciones-publicas-de-dior-amaba-la-vida-con-pasion\/","og_site_name":"GYS NOTICIAS |","article_published_time":"2026-08-19T05:16:08+00:00","article_modified_time":"2026-08-19T05:16:09+00:00","og_image":[{"width":1200,"height":800,"url":"https:\/\/gysfm.com.ar\/inicio\/wp-content\/uploads\/2026\/08\/murio-mathilde-favier-directora-de-relaciones-TD3YRX5CW5DX5FA5EFAAWIMRQA.png","type":"image\/png"}],"author":"Prensa G&amp;S FM","twitter_card":"summary_large_image","twitter_misc":{"Escrito por":"Prensa G&amp;S FM","Tiempo de lectura":"3 minutos"},"schema":{"@context":"https:\/\/schema.org","@graph":[{"@type":"Article","@id":"https:\/\/gysfm.com.ar\/inicio\/murio-mathilde-favier-directora-de-relaciones-publicas-de-dior-amaba-la-vida-con-pasion\/#article","isPartOf":{"@id":"https:\/\/gysfm.com.ar\/inicio\/murio-mathilde-favier-directora-de-relaciones-publicas-de-dior-amaba-la-vida-con-pasion\/"},"author":{"name":"Prensa G&amp;S FM","@id":"https:\/\/gysfm.com.ar\/inicio\/#\/schema\/person\/3abba7593ef2ad19e1be221d54383dc5"},"headline":"Muri\u00f3 Mathilde Favier, directora de Relaciones P\u00fablicas de Dior: \u201cAmaba la vida con pasi\u00f3n\u201d","datePublished":"2026-08-19T05:16:08+00:00","dateModified":"2026-08-19T05:16:09+00:00","mainEntityOfPage":{"@id":"https:\/\/gysfm.com.ar\/inicio\/murio-mathilde-favier-directora-de-relaciones-publicas-de-dior-amaba-la-vida-con-pasion\/"},"wordCount":610,"publisher":{"@id":"https:\/\/gysfm.com.ar\/inicio\/#organization"},"image":{"@id":"https:\/\/gysfm.com.ar\/inicio\/murio-mathilde-favier-directora-de-relaciones-publicas-de-dior-amaba-la-vida-con-pasion\/#primaryimage"},"thumbnailUrl":"https:\/\/gysfm.com.ar\/inicio\/wp-content\/uploads\/2026\/08\/murio-mathilde-favier-directora-de-relaciones-TD3YRX5CW5DX5FA5EFAAWIMRQA.png","articleSection":["INTERNACIONALES"],"inLanguage":"es"},{"@type":"WebPage","@id":"https:\/\/gysfm.com.ar\/inicio\/murio-mathilde-favier-directora-de-relaciones-publicas-de-dior-amaba-la-vida-con-pasion\/","url":"https:\/\/gysfm.com.ar\/inicio\/murio-mathilde-favier-directora-de-relaciones-publicas-de-dior-amaba-la-vida-con-pasion\/","name":"Muri\u00f3 Mathilde Favier, directora de Relaciones P\u00fablicas de Dior: \u201cAmaba la vida con pasi\u00f3n\u201d - GYS NOTICIAS |","isPartOf":{"@id":"https:\/\/gysfm.com.ar\/inicio\/#website"},"primaryImageOfPage":{"@id":"https:\/\/gysfm.com.ar\/inicio\/murio-mathilde-favier-directora-de-relaciones-publicas-de-dior-amaba-la-vida-con-pasion\/#primaryimage"},"image":{"@id":"https:\/\/gysfm.com.ar\/inicio\/murio-mathilde-favier-directora-de-relaciones-publicas-de-dior-amaba-la-vida-con-pasion\/#primaryimage"},"thumbnailUrl":"https:\/\/gysfm.com.ar\/inicio\/wp-content\/uploads\/2026\/08\/murio-mathilde-favier-directora-de-relaciones-TD3YRX5CW5DX5FA5EFAAWIMRQA.png","datePublished":"2026-08-19T05:16:08+00:00","dateModified":"2026-08-19T05:16:09+00:00","breadcrumb":{"@id":"https:\/\/gysfm.com.ar\/inicio\/murio-mathilde-favier-directora-de-relaciones-publicas-de-dior-amaba-la-vida-con-pasion\/#breadcrumb"},"inLanguage":"es","potentialAction":[{"@type":"ReadAction","target":["https:\/\/gysfm.com.ar\/inicio\/murio-mathilde-favier-directora-de-relaciones-publicas-de-dior-amaba-la-vida-con-pasion\/"]}]},{"@type":"ImageObject","inLanguage":"es","@id":"https:\/\/gysfm.com.ar\/inicio\/murio-mathilde-favier-directora-de-relaciones-publicas-de-dior-amaba-la-vida-con-pasion\/#primaryimage","url":"https:\/\/gysfm.com.ar\/inicio\/wp-content\/uploads\/2026\/08\/murio-mathilde-favier-directora-de-relaciones-TD3YRX5CW5DX5FA5EFAAWIMRQA.png","contentUrl":"https:\/\/gysfm.com.ar\/inicio\/wp-content\/uploads\/2026\/08\/murio-mathilde-favier-directora-de-relaciones-TD3YRX5CW5DX5FA5EFAAWIMRQA.png","width":1200,"height":800},{"@type":"BreadcrumbList","@id":"https:\/\/gysfm.com.ar\/inicio\/murio-mathilde-favier-directora-de-relaciones-publicas-de-dior-amaba-la-vida-con-pasion\/#breadcrumb","itemListElement":[{"@type":"ListItem","position":1,"name":"Portada","item":"https:\/\/gysfm.com.ar\/inicio\/"},{"@type":"ListItem","position":2,"name":"Muri\u00f3 Mathilde Favier, directora de Relaciones P\u00fablicas de Dior: \u201cAmaba la vida con pasi\u00f3n\u201d"}]},{"@type":"WebSite","@id":"https:\/\/gysfm.com.ar\/inicio\/#website","url":"https:\/\/gysfm.com.ar\/inicio\/","name":"GYS NOTICIAS |","description":"DIARIO - RADIO ONLINE SAN JUAN ARGENTINA","publisher":{"@id":"https:\/\/gysfm.com.ar\/inicio\/#organization"},"potentialAction":[{"@type":"SearchAction","target":{"@type":"EntryPoint","urlTemplate":"https:\/\/gysfm.com.ar\/inicio\/?s={search_term_string}"},"query-input":{"@type":"PropertyValueSpecification","valueRequired":true,"valueName":"search_term_string"}}],"inLanguage":"es"},{"@type":"Organization","@id":"https:\/\/gysfm.com.ar\/inicio\/#organization","name":"GYS NOTICIAS |","url":"https:\/\/gysfm.com.ar\/inicio\/","logo":{"@type":"ImageObject","inLanguage":"es","@id":"https:\/\/gysfm.com.ar\/inicio\/#\/schema\/logo\/image\/","url":"https:\/\/gysfm.com.ar\/inicio\/wp-content\/uploads\/2023\/07\/LOGOGYS-OK.png","contentUrl":"https:\/\/gysfm.com.ar\/inicio\/wp-content\/uploads\/2023\/07\/LOGOGYS-OK.png","width":1170,"height":872,"caption":"GYS NOTICIAS |"},"image":{"@id":"https:\/\/gysfm.com.ar\/inicio\/#\/schema\/logo\/image\/"}},{"@type":"Person","@id":"https:\/\/gysfm.com.ar\/inicio\/#\/schema\/person\/3abba7593ef2ad19e1be221d54383dc5","name":"Prensa G&amp;S FM","image":{"@type":"ImageObject","inLanguage":"es","@id":"https:\/\/gysfm.com.ar\/inicio\/#\/schema\/person\/image\/","url":"https:\/\/secure.gravatar.com\/avatar\/096ec78df02049ab018702bb4ccedf659377fa92a26540b5247612077a0dbd29?s=96&d=mm&r=g","contentUrl":"https:\/\/secure.gravatar.com\/avatar\/096ec78df02049ab018702bb4ccedf659377fa92a26540b5247612077a0dbd29?s=96&d=mm&r=g","caption":"Prensa G&amp;S FM"},"sameAs":["https:\/\/gysfm.com.ar\/"],"url":"https:\/\/gysfm.com.ar\/inicio\/author\/lucasm\/"}]}},"_links":{"self":[{"href":"https:\/\/gysfm.com.ar\/inicio\/wp-json\/wp\/v2\/posts\/208639","targetHints":{"allow":["GET"]}}],"collection":[{"href":"https:\/\/gysfm.com.ar\/inicio\/wp-json\/wp\/v2\/posts"}],"about":[{"href":"https:\/\/gysfm.com.ar\/inicio\/wp-json\/wp\/v2\/types\/post"}],"author":[{"embeddable":true,"href":"https:\/\/gysfm.com.ar\/inicio\/wp-json\/wp\/v2\/users\/2"}],"replies":[{"embeddable":true,"href":"https:\/\/gysfm.com.ar\/inicio\/wp-json\/wp\/v2\/comments?post=208639"}],"version-history":[{"count":1,"href":"https:\/\/gysfm.com.ar\/inicio\/wp-json\/wp\/v2\/posts\/208639\/revisions"}],"predecessor-version":[{"id":208641,"href":"https:\/\/gysfm.com.ar\/inicio\/wp-json\/wp\/v2\/posts\/208639\/revisions\/208641"}],"wp:featuredmedia":[{"embeddable":true,"href":"https:\/\/gysfm.com.ar\/inicio\/wp-json\/wp\/v2\/media\/208640"}],"wp:attachment":[{"href":"https:\/\/gysfm.com.ar\/inicio\/wp-json\/wp\/v2\/media?parent=208639"}],"wp:term":[{"taxonomy":"category","embeddable":true,"href":"https:\/\/gysfm.com.ar\/inicio\/wp-json\/wp\/v2\/categories?post=208639"},{"taxonomy":"post_tag","embeddable":true,"href":"https:\/\/gysfm.com.ar\/inicio\/wp-json\/wp\/v2\/tags?post=208639"}],"curies":[{"name":"wp","href":"https:\/\/api.w.org\/{rel}","templated":true}]}}