{"id":194425,"date":"2026-05-03T09:59:06","date_gmt":"2026-05-03T12:59:06","guid":{"rendered":"https:\/\/gysfm.com.ar\/inicio\/milei-recorto-subsidios-de-luz-y-gas-a-3-millones-de-hogares-y-bajo-el-gasto-en-us5-600-millones\/"},"modified":"2026-05-03T09:59:06","modified_gmt":"2026-05-03T12:59:06","slug":"milei-recorto-subsidios-de-luz-y-gas-a-3-millones-de-hogares-y-bajo-el-gasto-en-us5-600-millones","status":"publish","type":"post","link":"https:\/\/gysfm.com.ar\/inicio\/milei-recorto-subsidios-de-luz-y-gas-a-3-millones-de-hogares-y-bajo-el-gasto-en-us5-600-millones\/","title":{"rendered":"Milei recort\u00f3 subsidios de luz y gas a 3 millones de hogares y baj\u00f3 el gasto en US$5.600 millones"},"content":{"rendered":"<p><\/p>\n<div id=\"article-content\">\n<p>La lista de<strong> <\/strong><a target=\"_blank\" href=\"https:\/\/www.perfil.com\/noticias\/nea\/impacto-en-las-tarifas-de-luz-el-nuevo-sistema-nacional-solo-subsidiara-150-kwh-por-mes-en-corrientes.phtml\">subsidiados se redujo<\/a><strong> alrededor de 3 millones de hogares<\/strong>. Actualmente, <strong>2,1 millones menos tienen ayuda en electricidad y 900.000 en gas natural por redes<\/strong>, respecto al inicio de la gesti\u00f3n de <strong>Javier Milei<\/strong> en 2023. La cantidad de usuarios que pagan el costo pleno ya se encuentra cerca de la mitad del total.<\/p>\n<p class=\"destacadoNota\"><a target=\"_blank\" href=\"https:\/\/www.perfil.com\/noticias\/economia\/subsidio-para-garrafas-oficializan-nuevo-reintegro-retroactivo-a-abril-y-asi-se-podra-pedir-a40.phtml\">Subsidio para garrafas: oficializan nuevo reintegro retroactivo al 1 de abril y as\u00ed se podr\u00e1 pedir<\/a><\/p>\n<p>El motivo es el <a target=\"_blank\" href=\"https:\/\/www.perfil.com\/noticias\/economia\/subsidios-energeticos-focalizados-quienes-pueden-acceder-y-como-anotarse.phtml\">modelo econ\u00f3mico del Gobierno libertario<\/a> que, desde el primer d\u00eda, prometi\u00f3 aplicar la <strong>\u201cmotosierra\u201d para bajar el gasto p\u00fablico<\/strong>. El resultado fue una <strong>reducci\u00f3n de subsidios equivalente a m\u00e1s de US$5.600 millones<\/strong>. Medido en relaci\u00f3n al PBI, ese gasto disminuy\u00f3 de niveles cercanos al <strong>1,4% a alrededor del 0,6%<\/strong>, en l\u00ednea con la meta oficial de llevarlo al <strong>0,5% en 2026<\/strong>.<\/p>\n<div class=\"subscription\">\n<p>\n        Esto no les gusta a los autoritarios\n    <\/p>\n<div class=\"subscription__container\">\n<div class=\"subscription__text-wrapper\">\n<p>\n                El ejercicio del periodismo profesional y cr\u00edtico es un pilar fundamental de la democracia. Por eso molesta a quienes creen ser los due\u00f1os de la verdad.\n            <\/p>\n<\/p><\/div><\/div>\n<\/div>\n<p style=\"text-align:center\"><picture><source media=\"(max-width: 440px)\" srcset=\"https:\/\/fotos.perfil.com\/\/2025\/09\/01\/440\/0\/el-gobierno-nacional-analiza-recortar-subsidios-de-gas-y-electricidad-2090470.jpg?webp\"\/><source media=\"(max-width: 1019px)\" srcset=\"https:\/\/fotos.perfil.com\/\/2025\/09\/01\/712\/0\/el-gobierno-nacional-analiza-recortar-subsidios-de-gas-y-electricidad-2090470.jpg?webp\"\/><img decoding=\"async\" style=\"max-width: 100%; width: 100%;\" alt=\"El Gobierno Nacional analiza recortar subsidios de gas y electricidad.\" src=\"https:\/\/fotos.perfil.com\/\/2025\/09\/01\/900\/0\/el-gobierno-nacional-analiza-recortar-subsidios-de-gas-y-electricidad-2090470.jpg?webp\" loading=\"lazy\"\/><\/picture><\/p>\n<p>Adem\u00e1s, se llev\u00f3 a cabo una <strong>exhaustiva depuraci\u00f3n del padr\u00f3n<\/strong> de quienes recib\u00edan el beneficio. En ese proceso, la <strong>Secretar\u00eda de Energ\u00eda<\/strong> identific\u00f3 <strong>15.518 hogares en countries y barrios cerrados que recib\u00edan subsidios<\/strong>, <strong>370.000 registros a nombre de personas fallecidas<\/strong> y <strong>1,59 millones de hogares que reun\u00edan las condiciones para acceder a la asistencia, pero nunca la hab\u00edan solicitado<\/strong>. Tambi\u00e9n se elimin\u00f3 la asistencia a <strong>comercios e industrias<\/strong>, una decisi\u00f3n que en las \u00faltimas semanas encendi\u00f3 alertas en el sector por el impacto que la <strong>guerra en Medio Oriente<\/strong> podr\u00eda tener sobre los costos.<\/p>\n<p class=\"destacadoNota\"><a target=\"_blank\" href=\"https:\/\/www.perfil.com\/noticias\/economia\/mayo-llega-con-nuevos-aumentos-desde-el-viernes-suben-prepagas-servicios-y-transporte-a40.phtml\">Mayo llega con nuevos aumentos: desde el viernes suben prepagas, servicios y colectivos<\/a><\/p>\n<p>\u201cEstamos terminando con que <strong>hogares con alta capacidad de pago recib\u00edan subsidios financiados por todos los argentinos<\/strong>, mientras otros vulnerables no siempre estaban correctamente protegidos\u201d, expresaron desde el ministerio.<\/p>\n<p>En el servicio el\u00e9ctrico, los <strong>hogares con subsidios<\/strong> pasaron de <strong>10,8 millones en diciembre de 2023<\/strong>, equivalentes al 67,1% del total, a casi <strong>9,23 millones al cierre de 2025<\/strong>, cuando representaban el 55,8%. Con la puesta en marcha del esquema de <strong>Subsidios Energ\u00e9ticos Focalizados (SEF)<\/strong>, ese universo volvi\u00f3 a achicarse hasta <strong>8,73 millones de usuarios<\/strong>, el 53%, lo que implic\u00f3 una nueva reducci\u00f3n de <strong>500.000 hogares<\/strong>.<\/p>\n<p style=\"text-align:center\"><picture><source media=\"(max-width: 440px)\" srcset=\"https:\/\/fotos.perfil.com\/\/2025\/12\/29\/440\/0\/aumento-tarifas-2026-29122025-2160958.jpg?webp\"\/><source media=\"(max-width: 1019px)\" srcset=\"https:\/\/fotos.perfil.com\/\/2025\/12\/29\/712\/0\/aumento-tarifas-2026-29122025-2160958.jpg?webp\"\/><img decoding=\"async\" style=\"max-width: 100%; width: 100%;\" alt=\"Aumento tarifas 2026 29122025\" src=\"https:\/\/fotos.perfil.com\/\/2025\/12\/29\/900\/0\/aumento-tarifas-2026-29122025-2160958.jpg?webp\" loading=\"lazy\"\/><\/picture><\/p>\n<p>En <strong>gas por redes<\/strong>, la tendencia fue similar. Los usuarios con asistencia bajaron de <strong>5,64 millones en diciembre de 2023<\/strong>, el 59,8% del total, a <strong>5,12 millones hacia fines de 2025<\/strong>, el 53,4%. Tras la aplicaci\u00f3n del <strong>SEF<\/strong>, el n\u00famero volvi\u00f3 a caer hasta <strong>4,78 millones<\/strong>, equivalentes al 49,8%, y consolid\u00f3 as\u00ed <strong>un nuevo escenario con mayor\u00eda de usuarios sin subsidios<\/strong>.<\/p>\n<p>Desde 2022 se trabaja sobre la <strong>reducci\u00f3n de los subsidios<\/strong>. En ese entonces se hab\u00eda aplicado una <strong>segmentaci\u00f3n por ingresos<\/strong>, dividiendo a los usuarios en <strong>N1 (ingresos altos)<\/strong>, que pagaban la tarifa plena; <strong>N2 (ingresos bajos)<\/strong>, que recib\u00edan la mayor parte de los subsidios; y <strong>N3 (ingresos medios)<\/strong>, que acced\u00edan a una asistencia parcial.<\/p>\n<p style=\"text-align:center\"><picture><source media=\"(max-width: 440px)\" srcset=\"https:\/\/fotos.perfil.com\/\/2026\/03\/20\/440\/0\/subsidios-cbs-mar2026-2206716.png?webp\"\/><source media=\"(max-width: 1019px)\" srcset=\"https:\/\/fotos.perfil.com\/\/2026\/03\/20\/712\/0\/subsidios-cbs-mar2026-2206716.png?webp\"\/><img decoding=\"async\" style=\"max-width: 100%; width: 100%;\" alt=\"Subsidios CBS mar2026\" src=\"https:\/\/fotos.perfil.com\/\/2026\/03\/20\/900\/0\/subsidios-cbs-mar2026-2206716.png\" loading=\"lazy\"\/><\/picture><\/p>\n<p>Sin embargo, a partir de este a\u00f1o el Gobierno <strong>simplific\u00f3 el esquema,<\/strong> reduciendo las categor\u00edas a <strong>hogares con subsidio y hogares sin subsidio<\/strong>, definidos por ingreso, patrimonio y consumo.<\/p>\n<p>El recorte impact\u00f3 especialmente en los <strong>usuarios de ingresos medios<\/strong>, que bajo el esquema anterior acced\u00edan a subsidios parciales y que, en muchos casos, quedaron fuera del beneficio.<\/p>\n<p>La <strong>recomposici\u00f3n tarifaria<\/strong> estuvo acompa\u00f1ada de una <strong>suba en los niveles de pago<\/strong>. Seg\u00fan cifras oficiales y de las distribuidoras, la <strong>cobrabilidad escal\u00f3 del 48% al 97%<\/strong> desde el comienzo de la gesti\u00f3n, mientras que <strong>la mora se redujo a alrededor del 3%<\/strong>.<\/p>\n<p>RG<\/p>\n<\/p><\/div>\n<p><script>\n                !function(f,b,e,v,n,t,s)\n                {if(f.fbq)return;n=f.fbq=function(){n.callMethod?\n                    n.callMethod.apply(n,arguments):n.queue.push(arguments)};\n                    if(!f._fbq)f._fbq=n;n.push=n;n.loaded=!0;n.version='2.0';\n                    n.queue=[];t=b.createElement(e);t.async=!0;\n                    t.src=v;s=b.getElementsByTagName(e)[0];\n                    s.parentNode.insertBefore(t,s)}(window, document,'script',\n                    'https:\/\/connect.facebook.net\/en_US\/fbevents.js');\n                window.paywallConfig.facebook_pixel=\"1000228364089342\"\n            <\/script><\/p>\n","protected":false},"excerpt":{"rendered":"<p>La lista de subsidiados se redujo alrededor de 3 millones de hogares. Actualmente, 2,1 millones menos tienen ayuda en electricidad y 900.000 en gas natural por redes, respecto al inicio de la gesti\u00f3n de Javier Milei en 2023. La cantidad de usuarios que pagan el costo pleno ya se encuentra cerca de la mitad del [&hellip;]<\/p>\n","protected":false},"author":2,"featured_media":173700,"comment_status":"closed","ping_status":"closed","sticky":false,"template":"","format":"standard","meta":{"footnotes":""},"categories":[25],"tags":[],"class_list":["post-194425","post","type-post","status-publish","format-standard","has-post-thumbnail","hentry","category-nacionales"],"yoast_head":"<!-- This site is optimized with the Yoast SEO plugin v24.4 - https:\/\/yoast.com\/wordpress\/plugins\/seo\/ -->\n<title>Milei recort\u00f3 subsidios de luz y gas a 3 millones de hogares y baj\u00f3 el gasto en US$5.600 millones - GYS NOTICIAS |<\/title>\n<meta name=\"robots\" content=\"index, follow, max-snippet:-1, max-image-preview:large, max-video-preview:-1\" \/>\n<link rel=\"canonical\" href=\"https:\/\/gysfm.com.ar\/inicio\/milei-recorto-subsidios-de-luz-y-gas-a-3-millones-de-hogares-y-bajo-el-gasto-en-us5-600-millones\/\" \/>\n<meta property=\"og:locale\" content=\"es_ES\" \/>\n<meta property=\"og:type\" content=\"article\" \/>\n<meta property=\"og:title\" content=\"Milei recort\u00f3 subsidios de luz y gas a 3 millones de hogares y baj\u00f3 el gasto en US$5.600 millones - GYS NOTICIAS |\" \/>\n<meta property=\"og:description\" content=\"La lista de subsidiados se redujo alrededor de 3 millones de hogares. Actualmente, 2,1 millones menos tienen ayuda en electricidad y 900.000 en gas natural por redes, respecto al inicio de la gesti\u00f3n de Javier Milei en 2023. La cantidad de usuarios que pagan el costo pleno ya se encuentra cerca de la mitad del [&hellip;]\" \/>\n<meta property=\"og:url\" content=\"https:\/\/gysfm.com.ar\/inicio\/milei-recorto-subsidios-de-luz-y-gas-a-3-millones-de-hogares-y-bajo-el-gasto-en-us5-600-millones\/\" \/>\n<meta property=\"og:site_name\" content=\"GYS NOTICIAS |\" \/>\n<meta property=\"article:published_time\" content=\"2026-05-03T12:59:06+00:00\" \/>\n<meta property=\"og:image\" content=\"https:\/\/fotos.perfil.com\/\/2025\/09\/01\/900\/0\/el-gobierno-nacional-analiza-recortar-subsidios-de-gas-y-electricidad-2090470.jpg?webp\" \/>\n<meta name=\"author\" content=\"Prensa G&amp;S FM\" \/>\n<meta name=\"twitter:card\" content=\"summary_large_image\" \/>\n<meta name=\"twitter:label1\" content=\"Escrito por\" \/>\n\t<meta name=\"twitter:data1\" content=\"Prensa G&amp;S FM\" \/>\n\t<meta name=\"twitter:label2\" content=\"Tiempo de lectura\" \/>\n\t<meta name=\"twitter:data2\" content=\"3 minutos\" \/>\n<script type=\"application\/ld+json\" class=\"yoast-schema-graph\">{\"@context\":\"https:\/\/schema.org\",\"@graph\":[{\"@type\":\"Article\",\"@id\":\"https:\/\/gysfm.com.ar\/inicio\/milei-recorto-subsidios-de-luz-y-gas-a-3-millones-de-hogares-y-bajo-el-gasto-en-us5-600-millones\/#article\",\"isPartOf\":{\"@id\":\"https:\/\/gysfm.com.ar\/inicio\/milei-recorto-subsidios-de-luz-y-gas-a-3-millones-de-hogares-y-bajo-el-gasto-en-us5-600-millones\/\"},\"author\":{\"name\":\"Prensa G&amp;S FM\",\"@id\":\"https:\/\/gysfm.com.ar\/inicio\/#\/schema\/person\/3abba7593ef2ad19e1be221d54383dc5\"},\"headline\":\"Milei recort\u00f3 subsidios de luz y gas a 3 millones de hogares y baj\u00f3 el gasto en US$5.600 millones\",\"datePublished\":\"2026-05-03T12:59:06+00:00\",\"mainEntityOfPage\":{\"@id\":\"https:\/\/gysfm.com.ar\/inicio\/milei-recorto-subsidios-de-luz-y-gas-a-3-millones-de-hogares-y-bajo-el-gasto-en-us5-600-millones\/\"},\"wordCount\":614,\"publisher\":{\"@id\":\"https:\/\/gysfm.com.ar\/inicio\/#organization\"},\"image\":{\"@id\":\"https:\/\/gysfm.com.ar\/inicio\/milei-recorto-subsidios-de-luz-y-gas-a-3-millones-de-hogares-y-bajo-el-gasto-en-us5-600-millones\/#primaryimage\"},\"thumbnailUrl\":\"https:\/\/gysfm.com.ar\/inicio\/wp-content\/uploads\/2026\/01\/040126mileimotosierrapresidenciag-2164186.jpg\",\"articleSection\":[\"NACIONALES\"],\"inLanguage\":\"es\"},{\"@type\":\"WebPage\",\"@id\":\"https:\/\/gysfm.com.ar\/inicio\/milei-recorto-subsidios-de-luz-y-gas-a-3-millones-de-hogares-y-bajo-el-gasto-en-us5-600-millones\/\",\"url\":\"https:\/\/gysfm.com.ar\/inicio\/milei-recorto-subsidios-de-luz-y-gas-a-3-millones-de-hogares-y-bajo-el-gasto-en-us5-600-millones\/\",\"name\":\"Milei recort\u00f3 subsidios de luz y gas a 3 millones de hogares y baj\u00f3 el gasto en US$5.600 millones - GYS NOTICIAS |\",\"isPartOf\":{\"@id\":\"https:\/\/gysfm.com.ar\/inicio\/#website\"},\"primaryImageOfPage\":{\"@id\":\"https:\/\/gysfm.com.ar\/inicio\/milei-recorto-subsidios-de-luz-y-gas-a-3-millones-de-hogares-y-bajo-el-gasto-en-us5-600-millones\/#primaryimage\"},\"image\":{\"@id\":\"https:\/\/gysfm.com.ar\/inicio\/milei-recorto-subsidios-de-luz-y-gas-a-3-millones-de-hogares-y-bajo-el-gasto-en-us5-600-millones\/#primaryimage\"},\"thumbnailUrl\":\"https:\/\/gysfm.com.ar\/inicio\/wp-content\/uploads\/2026\/01\/040126mileimotosierrapresidenciag-2164186.jpg\",\"datePublished\":\"2026-05-03T12:59:06+00:00\",\"breadcrumb\":{\"@id\":\"https:\/\/gysfm.com.ar\/inicio\/milei-recorto-subsidios-de-luz-y-gas-a-3-millones-de-hogares-y-bajo-el-gasto-en-us5-600-millones\/#breadcrumb\"},\"inLanguage\":\"es\",\"potentialAction\":[{\"@type\":\"ReadAction\",\"target\":[\"https:\/\/gysfm.com.ar\/inicio\/milei-recorto-subsidios-de-luz-y-gas-a-3-millones-de-hogares-y-bajo-el-gasto-en-us5-600-millones\/\"]}]},{\"@type\":\"ImageObject\",\"inLanguage\":\"es\",\"@id\":\"https:\/\/gysfm.com.ar\/inicio\/milei-recorto-subsidios-de-luz-y-gas-a-3-millones-de-hogares-y-bajo-el-gasto-en-us5-600-millones\/#primaryimage\",\"url\":\"https:\/\/gysfm.com.ar\/inicio\/wp-content\/uploads\/2026\/01\/040126mileimotosierrapresidenciag-2164186.jpg\",\"contentUrl\":\"https:\/\/gysfm.com.ar\/inicio\/wp-content\/uploads\/2026\/01\/040126mileimotosierrapresidenciag-2164186.jpg\",\"width\":1140,\"height\":641},{\"@type\":\"BreadcrumbList\",\"@id\":\"https:\/\/gysfm.com.ar\/inicio\/milei-recorto-subsidios-de-luz-y-gas-a-3-millones-de-hogares-y-bajo-el-gasto-en-us5-600-millones\/#breadcrumb\",\"itemListElement\":[{\"@type\":\"ListItem\",\"position\":1,\"name\":\"Portada\",\"item\":\"https:\/\/gysfm.com.ar\/inicio\/\"},{\"@type\":\"ListItem\",\"position\":2,\"name\":\"Milei recort\u00f3 subsidios de luz y gas a 3 millones de hogares y baj\u00f3 el gasto en US$5.600 millones\"}]},{\"@type\":\"WebSite\",\"@id\":\"https:\/\/gysfm.com.ar\/inicio\/#website\",\"url\":\"https:\/\/gysfm.com.ar\/inicio\/\",\"name\":\"GYS NOTICIAS |\",\"description\":\"DIARIO - RADIO ONLINE SAN JUAN ARGENTINA\",\"publisher\":{\"@id\":\"https:\/\/gysfm.com.ar\/inicio\/#organization\"},\"potentialAction\":[{\"@type\":\"SearchAction\",\"target\":{\"@type\":\"EntryPoint\",\"urlTemplate\":\"https:\/\/gysfm.com.ar\/inicio\/?s={search_term_string}\"},\"query-input\":{\"@type\":\"PropertyValueSpecification\",\"valueRequired\":true,\"valueName\":\"search_term_string\"}}],\"inLanguage\":\"es\"},{\"@type\":\"Organization\",\"@id\":\"https:\/\/gysfm.com.ar\/inicio\/#organization\",\"name\":\"GYS NOTICIAS |\",\"url\":\"https:\/\/gysfm.com.ar\/inicio\/\",\"logo\":{\"@type\":\"ImageObject\",\"inLanguage\":\"es\",\"@id\":\"https:\/\/gysfm.com.ar\/inicio\/#\/schema\/logo\/image\/\",\"url\":\"https:\/\/gysfm.com.ar\/inicio\/wp-content\/uploads\/2023\/07\/LOGOGYS-OK.png\",\"contentUrl\":\"https:\/\/gysfm.com.ar\/inicio\/wp-content\/uploads\/2023\/07\/LOGOGYS-OK.png\",\"width\":1170,\"height\":872,\"caption\":\"GYS NOTICIAS |\"},\"image\":{\"@id\":\"https:\/\/gysfm.com.ar\/inicio\/#\/schema\/logo\/image\/\"}},{\"@type\":\"Person\",\"@id\":\"https:\/\/gysfm.com.ar\/inicio\/#\/schema\/person\/3abba7593ef2ad19e1be221d54383dc5\",\"name\":\"Prensa G&amp;S FM\",\"image\":{\"@type\":\"ImageObject\",\"inLanguage\":\"es\",\"@id\":\"https:\/\/gysfm.com.ar\/inicio\/#\/schema\/person\/image\/\",\"url\":\"https:\/\/secure.gravatar.com\/avatar\/096ec78df02049ab018702bb4ccedf659377fa92a26540b5247612077a0dbd29?s=96&d=mm&r=g\",\"contentUrl\":\"https:\/\/secure.gravatar.com\/avatar\/096ec78df02049ab018702bb4ccedf659377fa92a26540b5247612077a0dbd29?s=96&d=mm&r=g\",\"caption\":\"Prensa G&amp;S FM\"},\"sameAs\":[\"https:\/\/gysfm.com.ar\/\"],\"url\":\"https:\/\/gysfm.com.ar\/inicio\/author\/lucasm\/\"}]}<\/script>\n<!-- \/ Yoast SEO plugin. -->","yoast_head_json":{"title":"Milei recort\u00f3 subsidios de luz y gas a 3 millones de hogares y baj\u00f3 el gasto en US$5.600 millones - GYS NOTICIAS |","robots":{"index":"index","follow":"follow","max-snippet":"max-snippet:-1","max-image-preview":"max-image-preview:large","max-video-preview":"max-video-preview:-1"},"canonical":"https:\/\/gysfm.com.ar\/inicio\/milei-recorto-subsidios-de-luz-y-gas-a-3-millones-de-hogares-y-bajo-el-gasto-en-us5-600-millones\/","og_locale":"es_ES","og_type":"article","og_title":"Milei recort\u00f3 subsidios de luz y gas a 3 millones de hogares y baj\u00f3 el gasto en US$5.600 millones - GYS NOTICIAS |","og_description":"La lista de subsidiados se redujo alrededor de 3 millones de hogares. Actualmente, 2,1 millones menos tienen ayuda en electricidad y 900.000 en gas natural por redes, respecto al inicio de la gesti\u00f3n de Javier Milei en 2023. La cantidad de usuarios que pagan el costo pleno ya se encuentra cerca de la mitad del [&hellip;]","og_url":"https:\/\/gysfm.com.ar\/inicio\/milei-recorto-subsidios-de-luz-y-gas-a-3-millones-de-hogares-y-bajo-el-gasto-en-us5-600-millones\/","og_site_name":"GYS NOTICIAS |","article_published_time":"2026-05-03T12:59:06+00:00","og_image":[{"url":"https:\/\/fotos.perfil.com\/\/2025\/09\/01\/900\/0\/el-gobierno-nacional-analiza-recortar-subsidios-de-gas-y-electricidad-2090470.jpg?webp","type":"","width":"","height":""}],"author":"Prensa G&amp;S FM","twitter_card":"summary_large_image","twitter_misc":{"Escrito por":"Prensa G&amp;S FM","Tiempo de lectura":"3 minutos"},"schema":{"@context":"https:\/\/schema.org","@graph":[{"@type":"Article","@id":"https:\/\/gysfm.com.ar\/inicio\/milei-recorto-subsidios-de-luz-y-gas-a-3-millones-de-hogares-y-bajo-el-gasto-en-us5-600-millones\/#article","isPartOf":{"@id":"https:\/\/gysfm.com.ar\/inicio\/milei-recorto-subsidios-de-luz-y-gas-a-3-millones-de-hogares-y-bajo-el-gasto-en-us5-600-millones\/"},"author":{"name":"Prensa G&amp;S FM","@id":"https:\/\/gysfm.com.ar\/inicio\/#\/schema\/person\/3abba7593ef2ad19e1be221d54383dc5"},"headline":"Milei recort\u00f3 subsidios de luz y gas a 3 millones de hogares y baj\u00f3 el gasto en US$5.600 millones","datePublished":"2026-05-03T12:59:06+00:00","mainEntityOfPage":{"@id":"https:\/\/gysfm.com.ar\/inicio\/milei-recorto-subsidios-de-luz-y-gas-a-3-millones-de-hogares-y-bajo-el-gasto-en-us5-600-millones\/"},"wordCount":614,"publisher":{"@id":"https:\/\/gysfm.com.ar\/inicio\/#organization"},"image":{"@id":"https:\/\/gysfm.com.ar\/inicio\/milei-recorto-subsidios-de-luz-y-gas-a-3-millones-de-hogares-y-bajo-el-gasto-en-us5-600-millones\/#primaryimage"},"thumbnailUrl":"https:\/\/gysfm.com.ar\/inicio\/wp-content\/uploads\/2026\/01\/040126mileimotosierrapresidenciag-2164186.jpg","articleSection":["NACIONALES"],"inLanguage":"es"},{"@type":"WebPage","@id":"https:\/\/gysfm.com.ar\/inicio\/milei-recorto-subsidios-de-luz-y-gas-a-3-millones-de-hogares-y-bajo-el-gasto-en-us5-600-millones\/","url":"https:\/\/gysfm.com.ar\/inicio\/milei-recorto-subsidios-de-luz-y-gas-a-3-millones-de-hogares-y-bajo-el-gasto-en-us5-600-millones\/","name":"Milei recort\u00f3 subsidios de luz y gas a 3 millones de hogares y baj\u00f3 el gasto en US$5.600 millones - GYS NOTICIAS |","isPartOf":{"@id":"https:\/\/gysfm.com.ar\/inicio\/#website"},"primaryImageOfPage":{"@id":"https:\/\/gysfm.com.ar\/inicio\/milei-recorto-subsidios-de-luz-y-gas-a-3-millones-de-hogares-y-bajo-el-gasto-en-us5-600-millones\/#primaryimage"},"image":{"@id":"https:\/\/gysfm.com.ar\/inicio\/milei-recorto-subsidios-de-luz-y-gas-a-3-millones-de-hogares-y-bajo-el-gasto-en-us5-600-millones\/#primaryimage"},"thumbnailUrl":"https:\/\/gysfm.com.ar\/inicio\/wp-content\/uploads\/2026\/01\/040126mileimotosierrapresidenciag-2164186.jpg","datePublished":"2026-05-03T12:59:06+00:00","breadcrumb":{"@id":"https:\/\/gysfm.com.ar\/inicio\/milei-recorto-subsidios-de-luz-y-gas-a-3-millones-de-hogares-y-bajo-el-gasto-en-us5-600-millones\/#breadcrumb"},"inLanguage":"es","potentialAction":[{"@type":"ReadAction","target":["https:\/\/gysfm.com.ar\/inicio\/milei-recorto-subsidios-de-luz-y-gas-a-3-millones-de-hogares-y-bajo-el-gasto-en-us5-600-millones\/"]}]},{"@type":"ImageObject","inLanguage":"es","@id":"https:\/\/gysfm.com.ar\/inicio\/milei-recorto-subsidios-de-luz-y-gas-a-3-millones-de-hogares-y-bajo-el-gasto-en-us5-600-millones\/#primaryimage","url":"https:\/\/gysfm.com.ar\/inicio\/wp-content\/uploads\/2026\/01\/040126mileimotosierrapresidenciag-2164186.jpg","contentUrl":"https:\/\/gysfm.com.ar\/inicio\/wp-content\/uploads\/2026\/01\/040126mileimotosierrapresidenciag-2164186.jpg","width":1140,"height":641},{"@type":"BreadcrumbList","@id":"https:\/\/gysfm.com.ar\/inicio\/milei-recorto-subsidios-de-luz-y-gas-a-3-millones-de-hogares-y-bajo-el-gasto-en-us5-600-millones\/#breadcrumb","itemListElement":[{"@type":"ListItem","position":1,"name":"Portada","item":"https:\/\/gysfm.com.ar\/inicio\/"},{"@type":"ListItem","position":2,"name":"Milei recort\u00f3 subsidios de luz y gas a 3 millones de hogares y baj\u00f3 el gasto en US$5.600 millones"}]},{"@type":"WebSite","@id":"https:\/\/gysfm.com.ar\/inicio\/#website","url":"https:\/\/gysfm.com.ar\/inicio\/","name":"GYS NOTICIAS |","description":"DIARIO - RADIO ONLINE SAN JUAN ARGENTINA","publisher":{"@id":"https:\/\/gysfm.com.ar\/inicio\/#organization"},"potentialAction":[{"@type":"SearchAction","target":{"@type":"EntryPoint","urlTemplate":"https:\/\/gysfm.com.ar\/inicio\/?s={search_term_string}"},"query-input":{"@type":"PropertyValueSpecification","valueRequired":true,"valueName":"search_term_string"}}],"inLanguage":"es"},{"@type":"Organization","@id":"https:\/\/gysfm.com.ar\/inicio\/#organization","name":"GYS NOTICIAS |","url":"https:\/\/gysfm.com.ar\/inicio\/","logo":{"@type":"ImageObject","inLanguage":"es","@id":"https:\/\/gysfm.com.ar\/inicio\/#\/schema\/logo\/image\/","url":"https:\/\/gysfm.com.ar\/inicio\/wp-content\/uploads\/2023\/07\/LOGOGYS-OK.png","contentUrl":"https:\/\/gysfm.com.ar\/inicio\/wp-content\/uploads\/2023\/07\/LOGOGYS-OK.png","width":1170,"height":872,"caption":"GYS NOTICIAS |"},"image":{"@id":"https:\/\/gysfm.com.ar\/inicio\/#\/schema\/logo\/image\/"}},{"@type":"Person","@id":"https:\/\/gysfm.com.ar\/inicio\/#\/schema\/person\/3abba7593ef2ad19e1be221d54383dc5","name":"Prensa G&amp;S FM","image":{"@type":"ImageObject","inLanguage":"es","@id":"https:\/\/gysfm.com.ar\/inicio\/#\/schema\/person\/image\/","url":"https:\/\/secure.gravatar.com\/avatar\/096ec78df02049ab018702bb4ccedf659377fa92a26540b5247612077a0dbd29?s=96&d=mm&r=g","contentUrl":"https:\/\/secure.gravatar.com\/avatar\/096ec78df02049ab018702bb4ccedf659377fa92a26540b5247612077a0dbd29?s=96&d=mm&r=g","caption":"Prensa G&amp;S FM"},"sameAs":["https:\/\/gysfm.com.ar\/"],"url":"https:\/\/gysfm.com.ar\/inicio\/author\/lucasm\/"}]}},"_links":{"self":[{"href":"https:\/\/gysfm.com.ar\/inicio\/wp-json\/wp\/v2\/posts\/194425","targetHints":{"allow":["GET"]}}],"collection":[{"href":"https:\/\/gysfm.com.ar\/inicio\/wp-json\/wp\/v2\/posts"}],"about":[{"href":"https:\/\/gysfm.com.ar\/inicio\/wp-json\/wp\/v2\/types\/post"}],"author":[{"embeddable":true,"href":"https:\/\/gysfm.com.ar\/inicio\/wp-json\/wp\/v2\/users\/2"}],"replies":[{"embeddable":true,"href":"https:\/\/gysfm.com.ar\/inicio\/wp-json\/wp\/v2\/comments?post=194425"}],"version-history":[{"count":0,"href":"https:\/\/gysfm.com.ar\/inicio\/wp-json\/wp\/v2\/posts\/194425\/revisions"}],"wp:featuredmedia":[{"embeddable":true,"href":"https:\/\/gysfm.com.ar\/inicio\/wp-json\/wp\/v2\/media\/173700"}],"wp:attachment":[{"href":"https:\/\/gysfm.com.ar\/inicio\/wp-json\/wp\/v2\/media?parent=194425"}],"wp:term":[{"taxonomy":"category","embeddable":true,"href":"https:\/\/gysfm.com.ar\/inicio\/wp-json\/wp\/v2\/categories?post=194425"},{"taxonomy":"post_tag","embeddable":true,"href":"https:\/\/gysfm.com.ar\/inicio\/wp-json\/wp\/v2\/tags?post=194425"}],"curies":[{"name":"wp","href":"https:\/\/api.w.org\/{rel}","templated":true}]}}