{"id":194423,"date":"2026-05-03T09:27:41","date_gmt":"2026-05-03T12:27:41","guid":{"rendered":"https:\/\/gysfm.com.ar\/inicio\/kicillof-recorta-la-ayuda-alimentaria-en-buenos-aires-y-mas-de-2-millones-dejaran-de-recibir-asistencia\/"},"modified":"2026-05-03T09:27:41","modified_gmt":"2026-05-03T12:27:41","slug":"kicillof-recorta-la-ayuda-alimentaria-en-buenos-aires-y-mas-de-2-millones-dejaran-de-recibir-asistencia","status":"publish","type":"post","link":"https:\/\/gysfm.com.ar\/inicio\/kicillof-recorta-la-ayuda-alimentaria-en-buenos-aires-y-mas-de-2-millones-dejaran-de-recibir-asistencia\/","title":{"rendered":"Kicillof recorta la ayuda alimentaria en Buenos Aires y m\u00e1s de 2 millones dejar\u00e1n de recibir asistencia"},"content":{"rendered":"<p><\/p>\n<div id=\"article-content\">\n<p><a target=\"_blank\" href=\"https:\/\/www.perfil.com\/noticias\/politica\/bullrich-a-lo-milei-contra-kicillof-por-la-inseguridad-inutil.phtml\">Axel Kicillof <\/a>decidi\u00f3 recortar por 90 d\u00edas el programa <strong>MESA<\/strong> y dejar\u00e1 de entregar desde mayo los m\u00f3dulos alimentarios que recib\u00edan m\u00e1s de <strong>2 millones de bonaerenses<\/strong> en escuelas p\u00fablicas de la provincia. La C\u00e1mpora apunta hacia el gobernador, y \u00e9l contra<strong> Javier Milei.<\/strong><\/p>\n<p style=\"text-align:center\"><picture><source media=\"(max-width: 440px)\" srcset=\"https:\/\/fotos.perfil.com\/\/2026\/05\/02\/440\/0\/020526kicillofcedocg-2232108.jpg?webp\"\/><source media=\"(max-width: 1019px)\" srcset=\"https:\/\/fotos.perfil.com\/\/2026\/05\/02\/712\/0\/020526kicillofcedocg-2232108.jpg?webp\"\/><img decoding=\"async\" style=\"max-width: 100%; width: 100%;\" alt=\"020526_kicillof_cedoc_g\" src=\"https:\/\/fotos.perfil.com\/\/2026\/05\/02\/900\/0\/020526kicillofcedocg-2232108.jpg?webp\" loading=\"lazy\"\/><\/picture><\/p>\n<p>La suspensi\u00f3n de uno de los principales dispositivos de <a target=\"_blank\" href=\"https:\/\/www.perfil.com\/noticias\/empresas-y-protagonistas\/intendentes-de-la-provincia-de-buenos-aires-marcharan-en-reclamo-por-los-fondos-alimentarios.phtml\">asistencia alimentaria del conurbano<\/a> alcanza al <strong>M\u00f3dulo Extraordinario de Seguridad Alimentaria<\/strong>, un esquema implementado durante la pandemia para reforzar la alimentaci\u00f3n de familias con chicos en edad escolar.<\/p>\n<div class=\"subscription\">\n<p>\n        Esto no les gusta a los autoritarios\n    <\/p>\n<div class=\"subscription__container\">\n<div class=\"subscription__text-wrapper\">\n<p>\n                El ejercicio del periodismo profesional y cr\u00edtico es un pilar fundamental de la democracia. Por eso molesta a quienes creen ser los due\u00f1os de la verdad.\n            <\/p>\n<\/p><\/div><\/div>\n<\/div>\n<p class=\"destacadoNota\"><a target=\"_blank\" href=\"https:\/\/www.perfil.com\/noticias\/modo-fontevecchia\/tension-en-el-pj-armado-federal-y-nuevas-disputas-el-mapa-politico-rumbo-a-2027-ya-se-mueve-en-las-provincias-modof.phtml\">Tensi\u00f3n en el PJ, armado federal y nuevas disputas: el mapa pol\u00edtico rumbo a 2027 ya se mueve en las provincias<\/a><\/p>\n<p>El programa distribu\u00eda cajas con nueve productos b\u00e1sicos a casi <strong>2,1 millones de hogares<\/strong> a trav\u00e9s de los consejos escolares de los<strong> 135 municipios bonaerenses. <\/strong>La decisi\u00f3n de interrumpirlo por tres meses implica el retiro temporal de una de las asistencias m\u00e1s extendidas de la provincia y abri\u00f3 una nueva interna en el peronismo bonaerense, con fuertes cr\u00edticas de <strong>La C\u00e1mpora<\/strong> al gobernador.<\/p>\n<p style=\"text-align:center\"><picture><source media=\"(max-width: 440px)\" srcset=\"https:\/\/fotos.perfil.com\/\/2026\/04\/25\/440\/0\/axel-kicillof-asume-la-presidencia-del-partido-justicialista-20260424-2227335.jpg?webp\"\/><source media=\"(max-width: 1019px)\" srcset=\"https:\/\/fotos.perfil.com\/\/2026\/04\/25\/712\/0\/axel-kicillof-asume-la-presidencia-del-partido-justicialista-20260424-2227335.jpg?webp\"\/><img decoding=\"async\" style=\"max-width: 100%; width: 100%;\" alt=\"Axel Kicillof asume la presidencia del Partido Justicialista 20260424\" src=\"https:\/\/fotos.perfil.com\/\/2026\/04\/25\/900\/0\/axel-kicillof-asume-la-presidencia-del-partido-justicialista-20260424-2227335.jpg?webp\" loading=\"lazy\"\/><\/picture><\/p>\n<p>El argumento de la gobernaci\u00f3n es fiscal: sostiene que el programa naci\u00f3 como un refuerzo extraordinario durante la emergencia sanitaria y que su continuidad qued\u00f3 comprometida tras <strong>el retiro del financiamiento nacional<\/strong>. Durante la pandemia, <strong>la provincia cubr\u00eda el<\/strong> <strong>60%<\/strong> del costo y <strong>Naci\u00f3n el 40%<\/strong> restante. Desde la llegada de <strong>Milei a la Casa Rosada<\/strong>, ese aporte se cort\u00f3 y el Ejecutivo bonaerense asegura que debi\u00f3 absorber en soledad una erogaci\u00f3n que ronda los <strong>$12.000 millones mensuales<\/strong>.<\/p>\n<h2>La nueva disputa dentro del peronismo bonaerense<\/h2>\n<p>Sectores de <strong>La C\u00e1mpora<\/strong> <strong>cuestionaron el recorte <\/strong>y buscaron <strong>despegarse de la medida<\/strong>, mientras en el entorno de <strong>Kicillof <\/strong>interpretaron el movimiento como un nuevo cap\u00edtulo de la <strong>pelea interna con el kirchnerismo duro.<\/strong><\/p>\n<p style=\"text-align:center\"><picture><source media=\"(max-width: 440px)\" srcset=\"https:\/\/fotos.perfil.com\/\/2026\/03\/24\/440\/0\/la-campora-movilizacion-24032026-2208579.jpg?webp\"\/><source media=\"(max-width: 1019px)\" srcset=\"https:\/\/fotos.perfil.com\/\/2026\/03\/24\/712\/0\/la-campora-movilizacion-24032026-2208579.jpg?webp\"\/><img decoding=\"async\" style=\"max-width: 100%; width: 100%;\" alt=\"La C\u00e1mpora movilizaci\u00f3n 24032026 \" src=\"https:\/\/fotos.perfil.com\/\/2026\/03\/24\/900\/0\/la-campora-movilizacion-24032026-2208579.jpg?webp\" loading=\"lazy\"\/><\/picture><\/p>\n<p>Pero la tensi\u00f3n por pol\u00edticas sociales no es nueva; ya a fines de abril, desde la gobernaci\u00f3n hab\u00edan respondido con dureza a reclamos camporistas por la distribuci\u00f3n de alimentos y acusaban a ese sector de <strong>\u201cquerer da\u00f1ar\u201d al mandatario provincial.<\/strong><\/p>\n<p class=\"destacadoNota\"><a target=\"_blank\" href=\"https:\/\/www.perfil.com\/noticias\/politica\/el-trueque-que-nadie-quiere-admitir-reelecciones-por-boleta-unica-en-la-legislatura-bonaerense.phtml\">El trueque que nadie quiere admitir: reelecciones por boleta \u00fanica en la Legislatura bonaerense<\/a><\/p>\n<p>En paralelo, el gobierno bonaerense busc\u00f3 trasladar el costo pol\u00edtico del recorte a la <strong>administraci\u00f3n libertaria.<\/strong> En los \u00faltimos d\u00edas, Kicillof volvi\u00f3 a apuntar contra <strong>Sandra Pettovello<\/strong> por la reducci\u00f3n de partidas alimentarias y reclam\u00f3 a Naci\u00f3n una actualizaci\u00f3n de fondos para comedores escolares y asistencia social.<\/p>\n<p style=\"text-align:center\"><picture><source media=\"(max-width: 440px)\" srcset=\"https:\/\/fotos.perfil.com\/\/2026\/04\/02\/440\/0\/maximo-kirchner-con-ex-combatientes-de-malvinas-20260402-2214274.jpg?webp\"\/><source media=\"(max-width: 1019px)\" srcset=\"https:\/\/fotos.perfil.com\/\/2026\/04\/02\/712\/0\/maximo-kirchner-con-ex-combatientes-de-malvinas-20260402-2214274.jpg?webp\"\/><img decoding=\"async\" style=\"max-width: 100%; width: 100%;\" alt=\"M\u00e1ximo Kirchner con ex combatientes de Malvinas 20260402\" src=\"https:\/\/fotos.perfil.com\/\/2026\/04\/02\/900\/0\/maximo-kirchner-con-ex-combatientes-de-malvinas-20260402-2214274.jpg?webp\" loading=\"lazy\"\/><\/picture><\/p>\n<p>Aunque econ\u00f3micamente necesario, el recorte del <strong>MESA<\/strong> expone una doble tensi\u00f3n para el gobernador que lo deja <strong>muy mal parado<\/strong>. Por un lado, el ajuste con la Casa Rosada, que le sirve como excusa y para patear la pelota lejos de \u00e9l mismo y quitarse responsabilidad. Por el otro, una interna peronista que vuelve a estallar en el terreno m\u00e1s sensible, el de la <strong>asistencia alimentaria.<\/strong><\/p>\n<p>En vistas del 2027, cada movimiento est\u00e1 medido con regla. Evidentemente, la situaci\u00f3n se volvi\u00f3 <strong>insostenible para un Kicillof<\/strong> que, con intenciones de ser el representante del PJ en las listas nacionales, intenta mantener un perfil limpio y cerca de la gente.<\/p>\n<p>RG\/AF<\/p>\n<\/p><\/div>\n<p><script>\n                !function(f,b,e,v,n,t,s)\n                {if(f.fbq)return;n=f.fbq=function(){n.callMethod?\n                    n.callMethod.apply(n,arguments):n.queue.push(arguments)};\n                    if(!f._fbq)f._fbq=n;n.push=n;n.loaded=!0;n.version='2.0';\n                    n.queue=[];t=b.createElement(e);t.async=!0;\n                    t.src=v;s=b.getElementsByTagName(e)[0];\n                    s.parentNode.insertBefore(t,s)}(window, document,'script',\n                    'https:\/\/connect.facebook.net\/en_US\/fbevents.js');\n                window.paywallConfig.facebook_pixel=\"1000228364089342\"\n            <\/script><\/p>\n","protected":false},"excerpt":{"rendered":"<p>Axel Kicillof decidi\u00f3 recortar por 90 d\u00edas el programa MESA y dejar\u00e1 de entregar desde mayo los m\u00f3dulos alimentarios que recib\u00edan m\u00e1s de 2 millones de bonaerenses en escuelas p\u00fablicas de la provincia. La C\u00e1mpora apunta hacia el gobernador, y \u00e9l contra Javier Milei. La suspensi\u00f3n de uno de los principales dispositivos de asistencia alimentaria [&hellip;]<\/p>\n","protected":false},"author":2,"featured_media":194424,"comment_status":"closed","ping_status":"closed","sticky":false,"template":"","format":"standard","meta":{"footnotes":""},"categories":[25],"tags":[],"class_list":["post-194423","post","type-post","status-publish","format-standard","has-post-thumbnail","hentry","category-nacionales"],"yoast_head":"<!-- This site is optimized with the Yoast SEO plugin v24.4 - https:\/\/yoast.com\/wordpress\/plugins\/seo\/ -->\n<title>Kicillof recorta la ayuda alimentaria en Buenos Aires y m\u00e1s de 2 millones dejar\u00e1n de recibir asistencia - GYS NOTICIAS |<\/title>\n<meta name=\"robots\" content=\"index, follow, max-snippet:-1, max-image-preview:large, max-video-preview:-1\" \/>\n<link rel=\"canonical\" href=\"https:\/\/gysfm.com.ar\/inicio\/kicillof-recorta-la-ayuda-alimentaria-en-buenos-aires-y-mas-de-2-millones-dejaran-de-recibir-asistencia\/\" \/>\n<meta property=\"og:locale\" content=\"es_ES\" \/>\n<meta property=\"og:type\" content=\"article\" \/>\n<meta property=\"og:title\" content=\"Kicillof recorta la ayuda alimentaria en Buenos Aires y m\u00e1s de 2 millones dejar\u00e1n de recibir asistencia - GYS NOTICIAS |\" \/>\n<meta property=\"og:description\" content=\"Axel Kicillof decidi\u00f3 recortar por 90 d\u00edas el programa MESA y dejar\u00e1 de entregar desde mayo los m\u00f3dulos alimentarios que recib\u00edan m\u00e1s de 2 millones de bonaerenses en escuelas p\u00fablicas de la provincia. La C\u00e1mpora apunta hacia el gobernador, y \u00e9l contra Javier Milei. La suspensi\u00f3n de uno de los principales dispositivos de asistencia alimentaria [&hellip;]\" \/>\n<meta property=\"og:url\" content=\"https:\/\/gysfm.com.ar\/inicio\/kicillof-recorta-la-ayuda-alimentaria-en-buenos-aires-y-mas-de-2-millones-dejaran-de-recibir-asistencia\/\" \/>\n<meta property=\"og:site_name\" content=\"GYS NOTICIAS |\" \/>\n<meta property=\"article:published_time\" content=\"2026-05-03T12:27:41+00:00\" \/>\n<meta property=\"og:image\" content=\"https:\/\/fotos.perfil.com\/\/2026\/05\/02\/900\/0\/020526kicillofcedocg-2232108.jpg?webp\" \/>\n<meta name=\"author\" content=\"Prensa G&amp;S FM\" \/>\n<meta name=\"twitter:card\" content=\"summary_large_image\" \/>\n<meta name=\"twitter:label1\" content=\"Escrito por\" \/>\n\t<meta name=\"twitter:data1\" content=\"Prensa G&amp;S FM\" \/>\n\t<meta name=\"twitter:label2\" content=\"Tiempo de lectura\" \/>\n\t<meta name=\"twitter:data2\" content=\"3 minutos\" \/>\n<script type=\"application\/ld+json\" class=\"yoast-schema-graph\">{\"@context\":\"https:\/\/schema.org\",\"@graph\":[{\"@type\":\"Article\",\"@id\":\"https:\/\/gysfm.com.ar\/inicio\/kicillof-recorta-la-ayuda-alimentaria-en-buenos-aires-y-mas-de-2-millones-dejaran-de-recibir-asistencia\/#article\",\"isPartOf\":{\"@id\":\"https:\/\/gysfm.com.ar\/inicio\/kicillof-recorta-la-ayuda-alimentaria-en-buenos-aires-y-mas-de-2-millones-dejaran-de-recibir-asistencia\/\"},\"author\":{\"name\":\"Prensa G&amp;S FM\",\"@id\":\"https:\/\/gysfm.com.ar\/inicio\/#\/schema\/person\/3abba7593ef2ad19e1be221d54383dc5\"},\"headline\":\"Kicillof recorta la ayuda alimentaria en Buenos Aires y m\u00e1s de 2 millones dejar\u00e1n de recibir asistencia\",\"datePublished\":\"2026-05-03T12:27:41+00:00\",\"mainEntityOfPage\":{\"@id\":\"https:\/\/gysfm.com.ar\/inicio\/kicillof-recorta-la-ayuda-alimentaria-en-buenos-aires-y-mas-de-2-millones-dejaran-de-recibir-asistencia\/\"},\"wordCount\":579,\"publisher\":{\"@id\":\"https:\/\/gysfm.com.ar\/inicio\/#organization\"},\"image\":{\"@id\":\"https:\/\/gysfm.com.ar\/inicio\/kicillof-recorta-la-ayuda-alimentaria-en-buenos-aires-y-mas-de-2-millones-dejaran-de-recibir-asistencia\/#primaryimage\"},\"thumbnailUrl\":\"https:\/\/gysfm.com.ar\/inicio\/wp-content\/uploads\/2026\/05\/axel-kicillof-y-maximo-kirchner-28042026-2229416.jpg\",\"articleSection\":[\"NACIONALES\"],\"inLanguage\":\"es\"},{\"@type\":\"WebPage\",\"@id\":\"https:\/\/gysfm.com.ar\/inicio\/kicillof-recorta-la-ayuda-alimentaria-en-buenos-aires-y-mas-de-2-millones-dejaran-de-recibir-asistencia\/\",\"url\":\"https:\/\/gysfm.com.ar\/inicio\/kicillof-recorta-la-ayuda-alimentaria-en-buenos-aires-y-mas-de-2-millones-dejaran-de-recibir-asistencia\/\",\"name\":\"Kicillof recorta la ayuda alimentaria en Buenos Aires y m\u00e1s de 2 millones dejar\u00e1n de recibir asistencia - GYS NOTICIAS |\",\"isPartOf\":{\"@id\":\"https:\/\/gysfm.com.ar\/inicio\/#website\"},\"primaryImageOfPage\":{\"@id\":\"https:\/\/gysfm.com.ar\/inicio\/kicillof-recorta-la-ayuda-alimentaria-en-buenos-aires-y-mas-de-2-millones-dejaran-de-recibir-asistencia\/#primaryimage\"},\"image\":{\"@id\":\"https:\/\/gysfm.com.ar\/inicio\/kicillof-recorta-la-ayuda-alimentaria-en-buenos-aires-y-mas-de-2-millones-dejaran-de-recibir-asistencia\/#primaryimage\"},\"thumbnailUrl\":\"https:\/\/gysfm.com.ar\/inicio\/wp-content\/uploads\/2026\/05\/axel-kicillof-y-maximo-kirchner-28042026-2229416.jpg\",\"datePublished\":\"2026-05-03T12:27:41+00:00\",\"breadcrumb\":{\"@id\":\"https:\/\/gysfm.com.ar\/inicio\/kicillof-recorta-la-ayuda-alimentaria-en-buenos-aires-y-mas-de-2-millones-dejaran-de-recibir-asistencia\/#breadcrumb\"},\"inLanguage\":\"es\",\"potentialAction\":[{\"@type\":\"ReadAction\",\"target\":[\"https:\/\/gysfm.com.ar\/inicio\/kicillof-recorta-la-ayuda-alimentaria-en-buenos-aires-y-mas-de-2-millones-dejaran-de-recibir-asistencia\/\"]}]},{\"@type\":\"ImageObject\",\"inLanguage\":\"es\",\"@id\":\"https:\/\/gysfm.com.ar\/inicio\/kicillof-recorta-la-ayuda-alimentaria-en-buenos-aires-y-mas-de-2-millones-dejaran-de-recibir-asistencia\/#primaryimage\",\"url\":\"https:\/\/gysfm.com.ar\/inicio\/wp-content\/uploads\/2026\/05\/axel-kicillof-y-maximo-kirchner-28042026-2229416.jpg\",\"contentUrl\":\"https:\/\/gysfm.com.ar\/inicio\/wp-content\/uploads\/2026\/05\/axel-kicillof-y-maximo-kirchner-28042026-2229416.jpg\",\"width\":1140,\"height\":641},{\"@type\":\"BreadcrumbList\",\"@id\":\"https:\/\/gysfm.com.ar\/inicio\/kicillof-recorta-la-ayuda-alimentaria-en-buenos-aires-y-mas-de-2-millones-dejaran-de-recibir-asistencia\/#breadcrumb\",\"itemListElement\":[{\"@type\":\"ListItem\",\"position\":1,\"name\":\"Portada\",\"item\":\"https:\/\/gysfm.com.ar\/inicio\/\"},{\"@type\":\"ListItem\",\"position\":2,\"name\":\"Kicillof recorta la ayuda alimentaria en Buenos Aires y m\u00e1s de 2 millones dejar\u00e1n de recibir asistencia\"}]},{\"@type\":\"WebSite\",\"@id\":\"https:\/\/gysfm.com.ar\/inicio\/#website\",\"url\":\"https:\/\/gysfm.com.ar\/inicio\/\",\"name\":\"GYS NOTICIAS |\",\"description\":\"DIARIO - RADIO ONLINE SAN JUAN ARGENTINA\",\"publisher\":{\"@id\":\"https:\/\/gysfm.com.ar\/inicio\/#organization\"},\"potentialAction\":[{\"@type\":\"SearchAction\",\"target\":{\"@type\":\"EntryPoint\",\"urlTemplate\":\"https:\/\/gysfm.com.ar\/inicio\/?s={search_term_string}\"},\"query-input\":{\"@type\":\"PropertyValueSpecification\",\"valueRequired\":true,\"valueName\":\"search_term_string\"}}],\"inLanguage\":\"es\"},{\"@type\":\"Organization\",\"@id\":\"https:\/\/gysfm.com.ar\/inicio\/#organization\",\"name\":\"GYS NOTICIAS |\",\"url\":\"https:\/\/gysfm.com.ar\/inicio\/\",\"logo\":{\"@type\":\"ImageObject\",\"inLanguage\":\"es\",\"@id\":\"https:\/\/gysfm.com.ar\/inicio\/#\/schema\/logo\/image\/\",\"url\":\"https:\/\/gysfm.com.ar\/inicio\/wp-content\/uploads\/2023\/07\/LOGOGYS-OK.png\",\"contentUrl\":\"https:\/\/gysfm.com.ar\/inicio\/wp-content\/uploads\/2023\/07\/LOGOGYS-OK.png\",\"width\":1170,\"height\":872,\"caption\":\"GYS NOTICIAS |\"},\"image\":{\"@id\":\"https:\/\/gysfm.com.ar\/inicio\/#\/schema\/logo\/image\/\"}},{\"@type\":\"Person\",\"@id\":\"https:\/\/gysfm.com.ar\/inicio\/#\/schema\/person\/3abba7593ef2ad19e1be221d54383dc5\",\"name\":\"Prensa G&amp;S FM\",\"image\":{\"@type\":\"ImageObject\",\"inLanguage\":\"es\",\"@id\":\"https:\/\/gysfm.com.ar\/inicio\/#\/schema\/person\/image\/\",\"url\":\"https:\/\/secure.gravatar.com\/avatar\/096ec78df02049ab018702bb4ccedf659377fa92a26540b5247612077a0dbd29?s=96&d=mm&r=g\",\"contentUrl\":\"https:\/\/secure.gravatar.com\/avatar\/096ec78df02049ab018702bb4ccedf659377fa92a26540b5247612077a0dbd29?s=96&d=mm&r=g\",\"caption\":\"Prensa G&amp;S FM\"},\"sameAs\":[\"https:\/\/gysfm.com.ar\/\"],\"url\":\"https:\/\/gysfm.com.ar\/inicio\/author\/lucasm\/\"}]}<\/script>\n<!-- \/ Yoast SEO plugin. -->","yoast_head_json":{"title":"Kicillof recorta la ayuda alimentaria en Buenos Aires y m\u00e1s de 2 millones dejar\u00e1n de recibir asistencia - GYS NOTICIAS |","robots":{"index":"index","follow":"follow","max-snippet":"max-snippet:-1","max-image-preview":"max-image-preview:large","max-video-preview":"max-video-preview:-1"},"canonical":"https:\/\/gysfm.com.ar\/inicio\/kicillof-recorta-la-ayuda-alimentaria-en-buenos-aires-y-mas-de-2-millones-dejaran-de-recibir-asistencia\/","og_locale":"es_ES","og_type":"article","og_title":"Kicillof recorta la ayuda alimentaria en Buenos Aires y m\u00e1s de 2 millones dejar\u00e1n de recibir asistencia - GYS NOTICIAS |","og_description":"Axel Kicillof decidi\u00f3 recortar por 90 d\u00edas el programa MESA y dejar\u00e1 de entregar desde mayo los m\u00f3dulos alimentarios que recib\u00edan m\u00e1s de 2 millones de bonaerenses en escuelas p\u00fablicas de la provincia. La C\u00e1mpora apunta hacia el gobernador, y \u00e9l contra Javier Milei. La suspensi\u00f3n de uno de los principales dispositivos de asistencia alimentaria [&hellip;]","og_url":"https:\/\/gysfm.com.ar\/inicio\/kicillof-recorta-la-ayuda-alimentaria-en-buenos-aires-y-mas-de-2-millones-dejaran-de-recibir-asistencia\/","og_site_name":"GYS NOTICIAS |","article_published_time":"2026-05-03T12:27:41+00:00","og_image":[{"url":"https:\/\/fotos.perfil.com\/\/2026\/05\/02\/900\/0\/020526kicillofcedocg-2232108.jpg?webp","type":"","width":"","height":""}],"author":"Prensa G&amp;S FM","twitter_card":"summary_large_image","twitter_misc":{"Escrito por":"Prensa G&amp;S FM","Tiempo de lectura":"3 minutos"},"schema":{"@context":"https:\/\/schema.org","@graph":[{"@type":"Article","@id":"https:\/\/gysfm.com.ar\/inicio\/kicillof-recorta-la-ayuda-alimentaria-en-buenos-aires-y-mas-de-2-millones-dejaran-de-recibir-asistencia\/#article","isPartOf":{"@id":"https:\/\/gysfm.com.ar\/inicio\/kicillof-recorta-la-ayuda-alimentaria-en-buenos-aires-y-mas-de-2-millones-dejaran-de-recibir-asistencia\/"},"author":{"name":"Prensa G&amp;S FM","@id":"https:\/\/gysfm.com.ar\/inicio\/#\/schema\/person\/3abba7593ef2ad19e1be221d54383dc5"},"headline":"Kicillof recorta la ayuda alimentaria en Buenos Aires y m\u00e1s de 2 millones dejar\u00e1n de recibir asistencia","datePublished":"2026-05-03T12:27:41+00:00","mainEntityOfPage":{"@id":"https:\/\/gysfm.com.ar\/inicio\/kicillof-recorta-la-ayuda-alimentaria-en-buenos-aires-y-mas-de-2-millones-dejaran-de-recibir-asistencia\/"},"wordCount":579,"publisher":{"@id":"https:\/\/gysfm.com.ar\/inicio\/#organization"},"image":{"@id":"https:\/\/gysfm.com.ar\/inicio\/kicillof-recorta-la-ayuda-alimentaria-en-buenos-aires-y-mas-de-2-millones-dejaran-de-recibir-asistencia\/#primaryimage"},"thumbnailUrl":"https:\/\/gysfm.com.ar\/inicio\/wp-content\/uploads\/2026\/05\/axel-kicillof-y-maximo-kirchner-28042026-2229416.jpg","articleSection":["NACIONALES"],"inLanguage":"es"},{"@type":"WebPage","@id":"https:\/\/gysfm.com.ar\/inicio\/kicillof-recorta-la-ayuda-alimentaria-en-buenos-aires-y-mas-de-2-millones-dejaran-de-recibir-asistencia\/","url":"https:\/\/gysfm.com.ar\/inicio\/kicillof-recorta-la-ayuda-alimentaria-en-buenos-aires-y-mas-de-2-millones-dejaran-de-recibir-asistencia\/","name":"Kicillof recorta la ayuda alimentaria en Buenos Aires y m\u00e1s de 2 millones dejar\u00e1n de recibir asistencia - GYS NOTICIAS |","isPartOf":{"@id":"https:\/\/gysfm.com.ar\/inicio\/#website"},"primaryImageOfPage":{"@id":"https:\/\/gysfm.com.ar\/inicio\/kicillof-recorta-la-ayuda-alimentaria-en-buenos-aires-y-mas-de-2-millones-dejaran-de-recibir-asistencia\/#primaryimage"},"image":{"@id":"https:\/\/gysfm.com.ar\/inicio\/kicillof-recorta-la-ayuda-alimentaria-en-buenos-aires-y-mas-de-2-millones-dejaran-de-recibir-asistencia\/#primaryimage"},"thumbnailUrl":"https:\/\/gysfm.com.ar\/inicio\/wp-content\/uploads\/2026\/05\/axel-kicillof-y-maximo-kirchner-28042026-2229416.jpg","datePublished":"2026-05-03T12:27:41+00:00","breadcrumb":{"@id":"https:\/\/gysfm.com.ar\/inicio\/kicillof-recorta-la-ayuda-alimentaria-en-buenos-aires-y-mas-de-2-millones-dejaran-de-recibir-asistencia\/#breadcrumb"},"inLanguage":"es","potentialAction":[{"@type":"ReadAction","target":["https:\/\/gysfm.com.ar\/inicio\/kicillof-recorta-la-ayuda-alimentaria-en-buenos-aires-y-mas-de-2-millones-dejaran-de-recibir-asistencia\/"]}]},{"@type":"ImageObject","inLanguage":"es","@id":"https:\/\/gysfm.com.ar\/inicio\/kicillof-recorta-la-ayuda-alimentaria-en-buenos-aires-y-mas-de-2-millones-dejaran-de-recibir-asistencia\/#primaryimage","url":"https:\/\/gysfm.com.ar\/inicio\/wp-content\/uploads\/2026\/05\/axel-kicillof-y-maximo-kirchner-28042026-2229416.jpg","contentUrl":"https:\/\/gysfm.com.ar\/inicio\/wp-content\/uploads\/2026\/05\/axel-kicillof-y-maximo-kirchner-28042026-2229416.jpg","width":1140,"height":641},{"@type":"BreadcrumbList","@id":"https:\/\/gysfm.com.ar\/inicio\/kicillof-recorta-la-ayuda-alimentaria-en-buenos-aires-y-mas-de-2-millones-dejaran-de-recibir-asistencia\/#breadcrumb","itemListElement":[{"@type":"ListItem","position":1,"name":"Portada","item":"https:\/\/gysfm.com.ar\/inicio\/"},{"@type":"ListItem","position":2,"name":"Kicillof recorta la ayuda alimentaria en Buenos Aires y m\u00e1s de 2 millones dejar\u00e1n de recibir asistencia"}]},{"@type":"WebSite","@id":"https:\/\/gysfm.com.ar\/inicio\/#website","url":"https:\/\/gysfm.com.ar\/inicio\/","name":"GYS NOTICIAS |","description":"DIARIO - RADIO ONLINE SAN JUAN ARGENTINA","publisher":{"@id":"https:\/\/gysfm.com.ar\/inicio\/#organization"},"potentialAction":[{"@type":"SearchAction","target":{"@type":"EntryPoint","urlTemplate":"https:\/\/gysfm.com.ar\/inicio\/?s={search_term_string}"},"query-input":{"@type":"PropertyValueSpecification","valueRequired":true,"valueName":"search_term_string"}}],"inLanguage":"es"},{"@type":"Organization","@id":"https:\/\/gysfm.com.ar\/inicio\/#organization","name":"GYS NOTICIAS |","url":"https:\/\/gysfm.com.ar\/inicio\/","logo":{"@type":"ImageObject","inLanguage":"es","@id":"https:\/\/gysfm.com.ar\/inicio\/#\/schema\/logo\/image\/","url":"https:\/\/gysfm.com.ar\/inicio\/wp-content\/uploads\/2023\/07\/LOGOGYS-OK.png","contentUrl":"https:\/\/gysfm.com.ar\/inicio\/wp-content\/uploads\/2023\/07\/LOGOGYS-OK.png","width":1170,"height":872,"caption":"GYS NOTICIAS |"},"image":{"@id":"https:\/\/gysfm.com.ar\/inicio\/#\/schema\/logo\/image\/"}},{"@type":"Person","@id":"https:\/\/gysfm.com.ar\/inicio\/#\/schema\/person\/3abba7593ef2ad19e1be221d54383dc5","name":"Prensa G&amp;S FM","image":{"@type":"ImageObject","inLanguage":"es","@id":"https:\/\/gysfm.com.ar\/inicio\/#\/schema\/person\/image\/","url":"https:\/\/secure.gravatar.com\/avatar\/096ec78df02049ab018702bb4ccedf659377fa92a26540b5247612077a0dbd29?s=96&d=mm&r=g","contentUrl":"https:\/\/secure.gravatar.com\/avatar\/096ec78df02049ab018702bb4ccedf659377fa92a26540b5247612077a0dbd29?s=96&d=mm&r=g","caption":"Prensa G&amp;S FM"},"sameAs":["https:\/\/gysfm.com.ar\/"],"url":"https:\/\/gysfm.com.ar\/inicio\/author\/lucasm\/"}]}},"_links":{"self":[{"href":"https:\/\/gysfm.com.ar\/inicio\/wp-json\/wp\/v2\/posts\/194423","targetHints":{"allow":["GET"]}}],"collection":[{"href":"https:\/\/gysfm.com.ar\/inicio\/wp-json\/wp\/v2\/posts"}],"about":[{"href":"https:\/\/gysfm.com.ar\/inicio\/wp-json\/wp\/v2\/types\/post"}],"author":[{"embeddable":true,"href":"https:\/\/gysfm.com.ar\/inicio\/wp-json\/wp\/v2\/users\/2"}],"replies":[{"embeddable":true,"href":"https:\/\/gysfm.com.ar\/inicio\/wp-json\/wp\/v2\/comments?post=194423"}],"version-history":[{"count":0,"href":"https:\/\/gysfm.com.ar\/inicio\/wp-json\/wp\/v2\/posts\/194423\/revisions"}],"wp:featuredmedia":[{"embeddable":true,"href":"https:\/\/gysfm.com.ar\/inicio\/wp-json\/wp\/v2\/media\/194424"}],"wp:attachment":[{"href":"https:\/\/gysfm.com.ar\/inicio\/wp-json\/wp\/v2\/media?parent=194423"}],"wp:term":[{"taxonomy":"category","embeddable":true,"href":"https:\/\/gysfm.com.ar\/inicio\/wp-json\/wp\/v2\/categories?post=194423"},{"taxonomy":"post_tag","embeddable":true,"href":"https:\/\/gysfm.com.ar\/inicio\/wp-json\/wp\/v2\/tags?post=194423"}],"curies":[{"name":"wp","href":"https:\/\/api.w.org\/{rel}","templated":true}]}}