{"id":194416,"date":"2026-05-03T08:20:13","date_gmt":"2026-05-03T11:20:13","guid":{"rendered":"https:\/\/gysfm.com.ar\/inicio\/yo-les-avise-perfil\/"},"modified":"2026-05-03T08:20:13","modified_gmt":"2026-05-03T11:20:13","slug":"yo-les-avise-perfil","status":"publish","type":"post","link":"https:\/\/gysfm.com.ar\/inicio\/yo-les-avise-perfil\/","title":{"rendered":"Yo les avis\u00e9 | Perfil"},"content":{"rendered":"<p><\/p>\n<div id=\"article-content\">\n<p>Una semana antes de las elecciones de 2023 en las que result\u00f3 electo presidente Javier Milei, en la tapa de PERFIL <a target=\"_blank\" href=\"https:\/\/www.perfil.com\/noticias\/columnistas\/no-vote-a-milei-por-jorge-fontevecchia.phtml\">escrib\u00ed el tradicional endorsement de este diario titulado \u201cNo vote a Milei\u201d. <\/a>All\u00ed dec\u00eda: \u201cDurante toda su campa\u00f1a la confrontaci\u00f3n de LLA no fue contra el populismo (que lo practica), sino contra la democracia como sistema\u201d, \u201ccritica el voto universal, secreto y obligatorio a trav\u00e9s de sus dos iniciadores, Yrigoyen en 1916 y Alfons\u00edn en 1983\u201d, \u201cno es conveniente votar a La Libertad Avanza, a la que le asigno rasgos indudablemente antidemocr\u00e1ticos\u201d.<\/p>\n<p>Yo ya hab\u00eda vivido durante la dictadura c\u00f3mo argentinos bien intencionados prefirieron gobiernos antidemocr\u00e1ticos con tal que prometieran llevar adelante sus ideas econ\u00f3micas y terminaron siendo sus v\u00edctimas. La frase del analista pol\u00edtico de entonces, Mariano Grondona, a quien nadie pod\u00eda considerar de izquierda, dec\u00eda que \u201cse prefer\u00eda que flotara el d\u00f3lar aunque flotaran cad\u00e1veres en las aguas\u201d, por lo que fueron los desaparecidos arrojados desde los aviones al mar para que sus cuerpos se diluyesen.<\/p>\n<p>Prioridad absoluta de la estabilidad de la moneda aunque eso implicara que quienes lo instrumentasen generaran costos sociales, pol\u00edticos o humanos alt\u00edsimos. \u201cCualquier cosa con tal de que no sea peronismo\u201d. Ese fue el mensaje de la urnas en 2023, y el mensaje t\u00e1cito en el golpe de 1976 y de otros anteriores que no me toc\u00f3 padecer.<\/p>\n<div class=\"subscription\">\n<p>\n        Esto no les gusta a los autoritarios\n    <\/p>\n<div class=\"subscription__container\">\n<div class=\"subscription__text-wrapper\">\n<p>\n                El ejercicio del periodismo profesional y cr\u00edtico es un pilar fundamental de la democracia. Por eso molesta a quienes creen ser los due\u00f1os de la verdad.\n            <\/p>\n<\/p><\/div><\/div>\n<\/div>\n<p>La ilusi\u00f3n de las elites de que podr\u00e1n \u201cmanejar\u201d  al extremista que gobierna: enderezarlo, orientarlo, dirigirlo, ense\u00f1arle, persuadirlo, comprarlo, hasta anularlo cuando ya haya cumplido su misi\u00f3n o no sea m\u00e1s \u00fatil.<\/p>\n<p>Desconocimiento de las masas que no tienen culpa de ser guiadas por elites cortoplacistas.<\/p>\n<p>Hoy los argentinos parecieran estar despertando de la pesadilla de Milei.<em> \u201c\u00bfEsto votamos?\u201d.<\/em> Descubren el peor de los sentimientos, el <em>unheimlich<\/em>, lo siniestro, el espanto que surge cuando algo familiar y hogare\u00f1o (heimlich) se vuelve monstruoso, como explicaba Freud. \u201c\u00bfYo vot\u00e9 esto?\u201d. E, inconscientemente, \u201c\u00bfYo soy responsable de esto?<\/p>\n<p>Parte del periodismo sufre doblemente este dolor. Las heridas en el cuerpo y en el alma que hab\u00eda dejado el kirchnerismo obnubilaron su consciencia haciendo creer que cualquier cosa que no fuera peronismo ser\u00eda mejor, incluso un mono al que luego se podr\u00eda amansar y civilizar. Hoy el monstruo parido desde las entra\u00f1as no solo ataca al periodismo, sino que le produce un doble mal con periodistas oficialistas que siguen defendi\u00e9ndolo, ya no por error o ingenuidad, lo que los disculpar\u00eda, sino por conveniencia y falta de pudor, sumado a la imposibilidad de retroceder despu\u00e9s de estar ya quemados casi sin retorno.<\/p>\n<p>El jueves en Diputados, integrantes de la Comisi\u00f3n de Libertad de Expresi\u00f3n (ma\u00f1ana 3 de mayo es el D\u00eda Mundial de la Libertad de Expresi\u00f3n), sin la presencia de las autoridades que la presiden, que son de La Libertad Avanza, realizaron una exposici\u00f3n de los ataques que recibe el periodismo (se puede ver la sesi\u00f3n en el siguiente video) llegando al paroxismo del cierre de la Sala de Prensa de la Casa de Gobierno, <a target=\"_blank\" href=\"https:\/\/www.perfil.com\/noticias\/politica\/casa-rosada-el-gobierno-reabre-la-sala-de-prensa-con-nuevas-restricciones-y-control-sobre-los-periodistas.phtml\">que reabrir\u00e1n este lunes <\/a>\u201cenvalentonados\u201d con el reempoderamiento que <a target=\"_blank\" href=\"https:\/\/www.perfil.com\/noticias\/politica\/adorni-en-el-congreso-las-10-claves-de-una-jornada-que-definira-el-destino-politico-del-gobierno.phtml\">Adorni siente haber obtenido al salir \u201cindemne\u201d<\/a> de su paso por el Congreso.<\/p>\n<p><iframe id=\"vrudo\" class=\"vrudo\" src=\"https:\/\/rudo.video\/vod\/bWsCvf?volume=0\" width=\"100%\" height=\"100%\" allowscriptaccess=\"always\" allowfullscreen=\"true\" webkitallowfullscreen=\"true\" frameborder=\"0\" scrolling=\"no\" allow=\"autoplay; fullscreen\" loading=\"lazy\" title=\"Contenido embebido\"><\/iframe><\/p>\n<p>Paralelamente, Fernando Stanich, presidente de Fopea, advirti\u00f3 que \u201chay que encender luces de alerta porque se est\u00e1n empezando a pasar l\u00edmites\u201d. Fopea tambi\u00e9n public\u00f3 un an\u00e1lisis de los 113.000 tuits del Presidente <a target=\"_blank\" href=\"https:\/\/mileiinsultaenx.fopea.org\/\">en su informe \u201cEl insulto como estrategia\u201d<\/a>. Paralelamente, la Academia Nacional de Periodismo prepara un acto y un contundente mensaje para el 7 de junio, D\u00eda del Periodista, y Reporteros sin Fronteras inform\u00f3 que la Argentina sufri\u00f3 un retroceso hist\u00f3rico en el ranking mundial de libertad de prensa en 2026, cayendo 11 lugares, para ubicarse en el puesto 98.    <\/p>\n<p>Y como si hiciera falta algo m\u00e1s, el Presidente, a la salida del Congreso tras la primera parte de la exposici\u00f3n de Adorni, cuando los periodistas acreditados all\u00ed le preguntaron si resultaban suficientes las explicaciones de su funcionario, les grit\u00f3 \u201c\u00a1Chorros!\u201d.<\/p>\n<p>Ya no hay vuelta atr\u00e1s. Milei, como los duendes que cuando se salen de la l\u00e1mpara no se los puede volver a colocar en ella, tiene vida propia, solo resta esperar democr\u00e1ticamente que sea vencido en las urnas y finalice su mandato, pero lo m\u00e1s importante es haber aprendido la lecci\u00f3n. No importa que un gobierno practique ideas econ\u00f3micas con las que esencialmente se est\u00e9 de acuerdo, si esas ideas son contrarias a los valores democr\u00e1ticos, m\u00e1s tarde o m\u00e1s temprano se terminar\u00e1 devorando incluso a quienes fueron beneficiados econ\u00f3micamente. No hay econom\u00eda en un frasco de laboratorio, no hay econom\u00eda fuera del ecosistema pol\u00edtico, cultural y moral.<\/p>\n<p>Si Milei termina ense\u00f1\u00e1ndonos lo que no terminamos de aprender con la dictadura y corregimos en 2027, podremos consolarnos con que, por lo menos, la experiencia nos dej\u00f3 ense\u00f1anza. Y los periodistas somos quienes m\u00e1s tenemos que aprender por nuestra doble responsabilidad de haber sido en parte padres de la criatura y luego v\u00edctimas del resultado de ese engendro.<\/p>\n<p>Lo dice todo la cara difundida en las redes, que ilustra esta columna, del momento en que Javier Milei se retira del Congreso y les grita \u201c\u00a1Chorros!\u201d a los periodistas. La mejor demostraci\u00f3n es ese rostro y la palabra fusionada en una sola expresi\u00f3n de odio y rechazo. Vale la pena mirarla una y otra vez, es un espejo de lo que supimos construir. Eso nos gobierna y no podemos nosotros ser ajenos a ese resultado.<\/p>\n<p>Es nuestro engendro, no miremos para otro lado, volvamos la mirada una y otra vez a ese rostro y recordemos esa palabra: <em>\u201c\u00a1Chorros!\u201d.<\/em> Nosotros, los periodistas, el noventa y cinco por ciento.<\/p>\n<p><iframe id=\"vrudo\" class=\"vrudo\" src=\"https:\/\/rudo.video\/vod\/bWsBGE?volume=0\" width=\"100%\" height=\"100%\" allowscriptaccess=\"always\" allowfullscreen=\"true\" webkitallowfullscreen=\"true\" frameborder=\"0\" scrolling=\"no\" allow=\"autoplay; fullscreen\" loading=\"lazy\" title=\"Contenido embebido\"><\/iframe><\/p>\n<p>&#8212;&#8212;&#8212;&#8212;&#8212;&#8212;&#8212;&#8212;&#8212;&#8212;&#8212;<\/p>\n<p>Sigue ma\u00f1ana: <a target=\"_blank\" href=\"https:\/\/www.perfil.com\/noticias\/columnistas\/el-curro-de-los-medios-por-jorge-fontevecchia.phtml\"><strong><em>El curro de los medios<\/em><\/strong><\/a><\/p>\n<\/p><\/div>\n<p><script>\n                !function(f,b,e,v,n,t,s)\n                {if(f.fbq)return;n=f.fbq=function(){n.callMethod?\n                    n.callMethod.apply(n,arguments):n.queue.push(arguments)};\n                    if(!f._fbq)f._fbq=n;n.push=n;n.loaded=!0;n.version='2.0';\n                    n.queue=[];t=b.createElement(e);t.async=!0;\n                    t.src=v;s=b.getElementsByTagName(e)[0];\n                    s.parentNode.insertBefore(t,s)}(window, document,'script',\n                    'https:\/\/connect.facebook.net\/en_US\/fbevents.js');\n                window.paywallConfig.facebook_pixel=\"1000228364089342\"\n            <\/script><\/p>\n","protected":false},"excerpt":{"rendered":"<p>Una semana antes de las elecciones de 2023 en las que result\u00f3 electo presidente Javier Milei, en la tapa de PERFIL escrib\u00ed el tradicional endorsement de este diario titulado \u201cNo vote a Milei\u201d. All\u00ed dec\u00eda: \u201cDurante toda su campa\u00f1a la confrontaci\u00f3n de LLA no fue contra el populismo (que lo practica), sino contra la democracia [&hellip;]<\/p>\n","protected":false},"author":2,"featured_media":194417,"comment_status":"closed","ping_status":"closed","sticky":false,"template":"","format":"standard","meta":{"footnotes":""},"categories":[25],"tags":[],"class_list":["post-194416","post","type-post","status-publish","format-standard","has-post-thumbnail","hentry","category-nacionales"],"yoast_head":"<!-- This site is optimized with the Yoast SEO plugin v24.4 - https:\/\/yoast.com\/wordpress\/plugins\/seo\/ -->\n<title>Yo les avis\u00e9 | Perfil - GYS NOTICIAS |<\/title>\n<meta name=\"robots\" content=\"index, follow, max-snippet:-1, max-image-preview:large, max-video-preview:-1\" \/>\n<link rel=\"canonical\" href=\"https:\/\/gysfm.com.ar\/inicio\/yo-les-avise-perfil\/\" \/>\n<meta property=\"og:locale\" content=\"es_ES\" \/>\n<meta property=\"og:type\" content=\"article\" \/>\n<meta property=\"og:title\" content=\"Yo les avis\u00e9 | Perfil - GYS NOTICIAS |\" \/>\n<meta property=\"og:description\" content=\"Una semana antes de las elecciones de 2023 en las que result\u00f3 electo presidente Javier Milei, en la tapa de PERFIL escrib\u00ed el tradicional endorsement de este diario titulado \u201cNo vote a Milei\u201d. All\u00ed dec\u00eda: \u201cDurante toda su campa\u00f1a la confrontaci\u00f3n de LLA no fue contra el populismo (que lo practica), sino contra la democracia [&hellip;]\" \/>\n<meta property=\"og:url\" content=\"https:\/\/gysfm.com.ar\/inicio\/yo-les-avise-perfil\/\" \/>\n<meta property=\"og:site_name\" content=\"GYS NOTICIAS |\" \/>\n<meta property=\"article:published_time\" content=\"2026-05-03T11:20:13+00:00\" \/>\n<meta name=\"author\" content=\"Prensa G&amp;S FM\" \/>\n<meta name=\"twitter:card\" content=\"summary_large_image\" \/>\n<meta name=\"twitter:label1\" content=\"Escrito por\" \/>\n\t<meta name=\"twitter:data1\" content=\"Prensa G&amp;S FM\" \/>\n\t<meta name=\"twitter:label2\" content=\"Tiempo de lectura\" \/>\n\t<meta name=\"twitter:data2\" content=\"5 minutos\" \/>\n<script type=\"application\/ld+json\" class=\"yoast-schema-graph\">{\"@context\":\"https:\/\/schema.org\",\"@graph\":[{\"@type\":\"Article\",\"@id\":\"https:\/\/gysfm.com.ar\/inicio\/yo-les-avise-perfil\/#article\",\"isPartOf\":{\"@id\":\"https:\/\/gysfm.com.ar\/inicio\/yo-les-avise-perfil\/\"},\"author\":{\"name\":\"Prensa G&amp;S FM\",\"@id\":\"https:\/\/gysfm.com.ar\/inicio\/#\/schema\/person\/3abba7593ef2ad19e1be221d54383dc5\"},\"headline\":\"Yo les avis\u00e9 | Perfil\",\"datePublished\":\"2026-05-03T11:20:13+00:00\",\"mainEntityOfPage\":{\"@id\":\"https:\/\/gysfm.com.ar\/inicio\/yo-les-avise-perfil\/\"},\"wordCount\":1031,\"publisher\":{\"@id\":\"https:\/\/gysfm.com.ar\/inicio\/#organization\"},\"image\":{\"@id\":\"https:\/\/gysfm.com.ar\/inicio\/yo-les-avise-perfil\/#primaryimage\"},\"thumbnailUrl\":\"https:\/\/gysfm.com.ar\/inicio\/wp-content\/uploads\/2026\/05\/01052026mileiodiocapturadepantallag-2232079.jpg\",\"articleSection\":[\"NACIONALES\"],\"inLanguage\":\"es\"},{\"@type\":\"WebPage\",\"@id\":\"https:\/\/gysfm.com.ar\/inicio\/yo-les-avise-perfil\/\",\"url\":\"https:\/\/gysfm.com.ar\/inicio\/yo-les-avise-perfil\/\",\"name\":\"Yo les avis\u00e9 | Perfil - GYS NOTICIAS |\",\"isPartOf\":{\"@id\":\"https:\/\/gysfm.com.ar\/inicio\/#website\"},\"primaryImageOfPage\":{\"@id\":\"https:\/\/gysfm.com.ar\/inicio\/yo-les-avise-perfil\/#primaryimage\"},\"image\":{\"@id\":\"https:\/\/gysfm.com.ar\/inicio\/yo-les-avise-perfil\/#primaryimage\"},\"thumbnailUrl\":\"https:\/\/gysfm.com.ar\/inicio\/wp-content\/uploads\/2026\/05\/01052026mileiodiocapturadepantallag-2232079.jpg\",\"datePublished\":\"2026-05-03T11:20:13+00:00\",\"breadcrumb\":{\"@id\":\"https:\/\/gysfm.com.ar\/inicio\/yo-les-avise-perfil\/#breadcrumb\"},\"inLanguage\":\"es\",\"potentialAction\":[{\"@type\":\"ReadAction\",\"target\":[\"https:\/\/gysfm.com.ar\/inicio\/yo-les-avise-perfil\/\"]}]},{\"@type\":\"ImageObject\",\"inLanguage\":\"es\",\"@id\":\"https:\/\/gysfm.com.ar\/inicio\/yo-les-avise-perfil\/#primaryimage\",\"url\":\"https:\/\/gysfm.com.ar\/inicio\/wp-content\/uploads\/2026\/05\/01052026mileiodiocapturadepantallag-2232079.jpg\",\"contentUrl\":\"https:\/\/gysfm.com.ar\/inicio\/wp-content\/uploads\/2026\/05\/01052026mileiodiocapturadepantallag-2232079.jpg\",\"width\":1140,\"height\":641},{\"@type\":\"BreadcrumbList\",\"@id\":\"https:\/\/gysfm.com.ar\/inicio\/yo-les-avise-perfil\/#breadcrumb\",\"itemListElement\":[{\"@type\":\"ListItem\",\"position\":1,\"name\":\"Portada\",\"item\":\"https:\/\/gysfm.com.ar\/inicio\/\"},{\"@type\":\"ListItem\",\"position\":2,\"name\":\"Yo les avis\u00e9 | Perfil\"}]},{\"@type\":\"WebSite\",\"@id\":\"https:\/\/gysfm.com.ar\/inicio\/#website\",\"url\":\"https:\/\/gysfm.com.ar\/inicio\/\",\"name\":\"GYS NOTICIAS |\",\"description\":\"DIARIO - RADIO ONLINE SAN JUAN ARGENTINA\",\"publisher\":{\"@id\":\"https:\/\/gysfm.com.ar\/inicio\/#organization\"},\"potentialAction\":[{\"@type\":\"SearchAction\",\"target\":{\"@type\":\"EntryPoint\",\"urlTemplate\":\"https:\/\/gysfm.com.ar\/inicio\/?s={search_term_string}\"},\"query-input\":{\"@type\":\"PropertyValueSpecification\",\"valueRequired\":true,\"valueName\":\"search_term_string\"}}],\"inLanguage\":\"es\"},{\"@type\":\"Organization\",\"@id\":\"https:\/\/gysfm.com.ar\/inicio\/#organization\",\"name\":\"GYS NOTICIAS |\",\"url\":\"https:\/\/gysfm.com.ar\/inicio\/\",\"logo\":{\"@type\":\"ImageObject\",\"inLanguage\":\"es\",\"@id\":\"https:\/\/gysfm.com.ar\/inicio\/#\/schema\/logo\/image\/\",\"url\":\"https:\/\/gysfm.com.ar\/inicio\/wp-content\/uploads\/2023\/07\/LOGOGYS-OK.png\",\"contentUrl\":\"https:\/\/gysfm.com.ar\/inicio\/wp-content\/uploads\/2023\/07\/LOGOGYS-OK.png\",\"width\":1170,\"height\":872,\"caption\":\"GYS NOTICIAS |\"},\"image\":{\"@id\":\"https:\/\/gysfm.com.ar\/inicio\/#\/schema\/logo\/image\/\"}},{\"@type\":\"Person\",\"@id\":\"https:\/\/gysfm.com.ar\/inicio\/#\/schema\/person\/3abba7593ef2ad19e1be221d54383dc5\",\"name\":\"Prensa G&amp;S FM\",\"image\":{\"@type\":\"ImageObject\",\"inLanguage\":\"es\",\"@id\":\"https:\/\/gysfm.com.ar\/inicio\/#\/schema\/person\/image\/\",\"url\":\"https:\/\/secure.gravatar.com\/avatar\/096ec78df02049ab018702bb4ccedf659377fa92a26540b5247612077a0dbd29?s=96&d=mm&r=g\",\"contentUrl\":\"https:\/\/secure.gravatar.com\/avatar\/096ec78df02049ab018702bb4ccedf659377fa92a26540b5247612077a0dbd29?s=96&d=mm&r=g\",\"caption\":\"Prensa G&amp;S FM\"},\"sameAs\":[\"https:\/\/gysfm.com.ar\/\"],\"url\":\"https:\/\/gysfm.com.ar\/inicio\/author\/lucasm\/\"}]}<\/script>\n<!-- \/ Yoast SEO plugin. -->","yoast_head_json":{"title":"Yo les avis\u00e9 | Perfil - GYS NOTICIAS |","robots":{"index":"index","follow":"follow","max-snippet":"max-snippet:-1","max-image-preview":"max-image-preview:large","max-video-preview":"max-video-preview:-1"},"canonical":"https:\/\/gysfm.com.ar\/inicio\/yo-les-avise-perfil\/","og_locale":"es_ES","og_type":"article","og_title":"Yo les avis\u00e9 | Perfil - GYS NOTICIAS |","og_description":"Una semana antes de las elecciones de 2023 en las que result\u00f3 electo presidente Javier Milei, en la tapa de PERFIL escrib\u00ed el tradicional endorsement de este diario titulado \u201cNo vote a Milei\u201d. All\u00ed dec\u00eda: \u201cDurante toda su campa\u00f1a la confrontaci\u00f3n de LLA no fue contra el populismo (que lo practica), sino contra la democracia [&hellip;]","og_url":"https:\/\/gysfm.com.ar\/inicio\/yo-les-avise-perfil\/","og_site_name":"GYS NOTICIAS |","article_published_time":"2026-05-03T11:20:13+00:00","author":"Prensa G&amp;S FM","twitter_card":"summary_large_image","twitter_misc":{"Escrito por":"Prensa G&amp;S FM","Tiempo de lectura":"5 minutos"},"schema":{"@context":"https:\/\/schema.org","@graph":[{"@type":"Article","@id":"https:\/\/gysfm.com.ar\/inicio\/yo-les-avise-perfil\/#article","isPartOf":{"@id":"https:\/\/gysfm.com.ar\/inicio\/yo-les-avise-perfil\/"},"author":{"name":"Prensa G&amp;S FM","@id":"https:\/\/gysfm.com.ar\/inicio\/#\/schema\/person\/3abba7593ef2ad19e1be221d54383dc5"},"headline":"Yo les avis\u00e9 | Perfil","datePublished":"2026-05-03T11:20:13+00:00","mainEntityOfPage":{"@id":"https:\/\/gysfm.com.ar\/inicio\/yo-les-avise-perfil\/"},"wordCount":1031,"publisher":{"@id":"https:\/\/gysfm.com.ar\/inicio\/#organization"},"image":{"@id":"https:\/\/gysfm.com.ar\/inicio\/yo-les-avise-perfil\/#primaryimage"},"thumbnailUrl":"https:\/\/gysfm.com.ar\/inicio\/wp-content\/uploads\/2026\/05\/01052026mileiodiocapturadepantallag-2232079.jpg","articleSection":["NACIONALES"],"inLanguage":"es"},{"@type":"WebPage","@id":"https:\/\/gysfm.com.ar\/inicio\/yo-les-avise-perfil\/","url":"https:\/\/gysfm.com.ar\/inicio\/yo-les-avise-perfil\/","name":"Yo les avis\u00e9 | Perfil - GYS NOTICIAS |","isPartOf":{"@id":"https:\/\/gysfm.com.ar\/inicio\/#website"},"primaryImageOfPage":{"@id":"https:\/\/gysfm.com.ar\/inicio\/yo-les-avise-perfil\/#primaryimage"},"image":{"@id":"https:\/\/gysfm.com.ar\/inicio\/yo-les-avise-perfil\/#primaryimage"},"thumbnailUrl":"https:\/\/gysfm.com.ar\/inicio\/wp-content\/uploads\/2026\/05\/01052026mileiodiocapturadepantallag-2232079.jpg","datePublished":"2026-05-03T11:20:13+00:00","breadcrumb":{"@id":"https:\/\/gysfm.com.ar\/inicio\/yo-les-avise-perfil\/#breadcrumb"},"inLanguage":"es","potentialAction":[{"@type":"ReadAction","target":["https:\/\/gysfm.com.ar\/inicio\/yo-les-avise-perfil\/"]}]},{"@type":"ImageObject","inLanguage":"es","@id":"https:\/\/gysfm.com.ar\/inicio\/yo-les-avise-perfil\/#primaryimage","url":"https:\/\/gysfm.com.ar\/inicio\/wp-content\/uploads\/2026\/05\/01052026mileiodiocapturadepantallag-2232079.jpg","contentUrl":"https:\/\/gysfm.com.ar\/inicio\/wp-content\/uploads\/2026\/05\/01052026mileiodiocapturadepantallag-2232079.jpg","width":1140,"height":641},{"@type":"BreadcrumbList","@id":"https:\/\/gysfm.com.ar\/inicio\/yo-les-avise-perfil\/#breadcrumb","itemListElement":[{"@type":"ListItem","position":1,"name":"Portada","item":"https:\/\/gysfm.com.ar\/inicio\/"},{"@type":"ListItem","position":2,"name":"Yo les avis\u00e9 | Perfil"}]},{"@type":"WebSite","@id":"https:\/\/gysfm.com.ar\/inicio\/#website","url":"https:\/\/gysfm.com.ar\/inicio\/","name":"GYS NOTICIAS |","description":"DIARIO - RADIO ONLINE SAN JUAN ARGENTINA","publisher":{"@id":"https:\/\/gysfm.com.ar\/inicio\/#organization"},"potentialAction":[{"@type":"SearchAction","target":{"@type":"EntryPoint","urlTemplate":"https:\/\/gysfm.com.ar\/inicio\/?s={search_term_string}"},"query-input":{"@type":"PropertyValueSpecification","valueRequired":true,"valueName":"search_term_string"}}],"inLanguage":"es"},{"@type":"Organization","@id":"https:\/\/gysfm.com.ar\/inicio\/#organization","name":"GYS NOTICIAS |","url":"https:\/\/gysfm.com.ar\/inicio\/","logo":{"@type":"ImageObject","inLanguage":"es","@id":"https:\/\/gysfm.com.ar\/inicio\/#\/schema\/logo\/image\/","url":"https:\/\/gysfm.com.ar\/inicio\/wp-content\/uploads\/2023\/07\/LOGOGYS-OK.png","contentUrl":"https:\/\/gysfm.com.ar\/inicio\/wp-content\/uploads\/2023\/07\/LOGOGYS-OK.png","width":1170,"height":872,"caption":"GYS NOTICIAS |"},"image":{"@id":"https:\/\/gysfm.com.ar\/inicio\/#\/schema\/logo\/image\/"}},{"@type":"Person","@id":"https:\/\/gysfm.com.ar\/inicio\/#\/schema\/person\/3abba7593ef2ad19e1be221d54383dc5","name":"Prensa G&amp;S FM","image":{"@type":"ImageObject","inLanguage":"es","@id":"https:\/\/gysfm.com.ar\/inicio\/#\/schema\/person\/image\/","url":"https:\/\/secure.gravatar.com\/avatar\/096ec78df02049ab018702bb4ccedf659377fa92a26540b5247612077a0dbd29?s=96&d=mm&r=g","contentUrl":"https:\/\/secure.gravatar.com\/avatar\/096ec78df02049ab018702bb4ccedf659377fa92a26540b5247612077a0dbd29?s=96&d=mm&r=g","caption":"Prensa G&amp;S FM"},"sameAs":["https:\/\/gysfm.com.ar\/"],"url":"https:\/\/gysfm.com.ar\/inicio\/author\/lucasm\/"}]}},"_links":{"self":[{"href":"https:\/\/gysfm.com.ar\/inicio\/wp-json\/wp\/v2\/posts\/194416","targetHints":{"allow":["GET"]}}],"collection":[{"href":"https:\/\/gysfm.com.ar\/inicio\/wp-json\/wp\/v2\/posts"}],"about":[{"href":"https:\/\/gysfm.com.ar\/inicio\/wp-json\/wp\/v2\/types\/post"}],"author":[{"embeddable":true,"href":"https:\/\/gysfm.com.ar\/inicio\/wp-json\/wp\/v2\/users\/2"}],"replies":[{"embeddable":true,"href":"https:\/\/gysfm.com.ar\/inicio\/wp-json\/wp\/v2\/comments?post=194416"}],"version-history":[{"count":0,"href":"https:\/\/gysfm.com.ar\/inicio\/wp-json\/wp\/v2\/posts\/194416\/revisions"}],"wp:featuredmedia":[{"embeddable":true,"href":"https:\/\/gysfm.com.ar\/inicio\/wp-json\/wp\/v2\/media\/194417"}],"wp:attachment":[{"href":"https:\/\/gysfm.com.ar\/inicio\/wp-json\/wp\/v2\/media?parent=194416"}],"wp:term":[{"taxonomy":"category","embeddable":true,"href":"https:\/\/gysfm.com.ar\/inicio\/wp-json\/wp\/v2\/categories?post=194416"},{"taxonomy":"post_tag","embeddable":true,"href":"https:\/\/gysfm.com.ar\/inicio\/wp-json\/wp\/v2\/tags?post=194416"}],"curies":[{"name":"wp","href":"https:\/\/api.w.org\/{rel}","templated":true}]}}