{"id":194414,"date":"2026-05-03T08:08:30","date_gmt":"2026-05-03T11:08:30","guid":{"rendered":"https:\/\/gysfm.com.ar\/inicio\/el-origen-primero-de-nuestro-malestar-economico\/"},"modified":"2026-05-03T08:08:30","modified_gmt":"2026-05-03T11:08:30","slug":"el-origen-primero-de-nuestro-malestar-economico","status":"publish","type":"post","link":"https:\/\/gysfm.com.ar\/inicio\/el-origen-primero-de-nuestro-malestar-economico\/","title":{"rendered":"El origen primero de nuestro malestar econ\u00f3mico"},"content":{"rendered":"<p> <br \/>\n<\/p>\n<div id=\"\">\n<p id=\"p-1777675227801-6525\">Aunque con diferencias de \u00e9nfasis, los argentinos no tenemos grandes diferencias a la hora de enumerar nuestros males econ\u00f3micos: la <strong>elevada inflaci\u00f3n, la inestabilidad de la tasa de cambio, la insuficiencia de divisas, la falta y costo del cr\u00e9dito, bajo consumo, desempleo, cierre de empresas, pobreza<\/strong> y as\u00ed se podr\u00eda seguir.<\/p>\n<\/div>\n<div id=\"\">\n<p id=\"p-1777675227801-35971\">Donde s\u00ed hay diferencias importantes es en la explicaci\u00f3n de las <strong>causas de nuestros males<\/strong>: para el neoliberalismo se trata del d\u00e9ficit fiscal (el Estado gasta m\u00e1s de lo que ingresa); para el peronismo y otras fuerzas progresistas se trata de una insuficiencia en el balance de divisas y por ende de las reservas internacionales (generaci\u00f3n del<em> stop and go<\/em> por aumento de la demanda de divisas cuando crece la industria y su crisis cuando la industria crece m\u00e1s all\u00e1 de la disponibilidad de divisas necesarias para importar los insumos que necesita).<\/p>\n<\/div>\n<div id=\"\">\n<p id=\"p-1777675227801-88431\">Para mantener un nivel de crecimiento econ\u00f3mico estable<strong> todo indica que resulta necesario cumplir ambos requisitos: <\/strong>mantener el super\u00e1vit fiscal y mantener un balance de divisas que permita el desarrollo productivo y acumular las reservas necesarias para resistir \u00e9pocas de vacas flacas.<\/p>\n<\/div>\n<div id=\"\">\n<p id=\"p-1777675227801-43444\">La causa principal\u00edsima, tanto del d\u00e9ficit fiscal como de la restricci\u00f3n en el balance de divisas tienen un origen com\u00fan, que no est\u00e1 suficientemente reconocido por lo cual no es atacado como ser\u00eda necesario: <strong>los mecanismos de fijaci\u00f3n de precios que rigen en nuestro pa\u00eds.<\/strong><\/p>\n<\/p><\/div>\n<div id=\"\">\n<h2 id=\"p-1777675227801-47773\"> <strong>\u00cdndices de precios <\/strong><\/h2>\n<p id=\"p-1777675227801-85248\">La publicaci\u00f3n del <strong>\u00edndice Big Mac <\/strong>brinda la oportunidad de comparar los precios en el mundo de un mismo producto, de igual calidad y condiciones de comercializaci\u00f3n. El \u00faltimo informe, publicado por The Economist a fines de enero de este a\u00f1o, entre otras localizaciones, <strong>muestra que un Big Mac en Argentina cuesta US$ 9,37, mientras que EEUU cuesta US$ 5,79, un 62% del precio argentino.<\/strong><\/p>\n<\/p><\/div>\n<div id=\"\">\n<div contenteditable=\"false\" class=\"embed_cont type_imagen\" id=\"8154755-Libre-1579447615_wrap\">\n<p>Supermercados Consumo G\u00f3ndolas Precios Inflaci\u00f3n <span onclick=\"parent.parent.TinyMCETdcuerpo.preview_embed('8154755-Libre-1579447615')\" class=\"embed_colapse less\" id=\"8154755-Libre-1579447615_colapse\"> <\/span> <span onclick=\"parent.parent.TinyMCETdcuerpo.delete_embed('8154755-Libre-1579447615')\" class=\"embed_delete less\" id=\"8154755-Libre-1579447615_delete\"\/><\/p>\n<div id=\"8154755-Libre-1579447615_content\" class=\"embed_content\"><img loading=\"lazy\" decoding=\"async\" src=\"https:\/\/media.ambito.com\/p\/99cda0f10f65949e227929176de2d8be\/adjuntos\/239\/imagenes\/042\/960\/0042960288\/supermercados-consumo-gondolas-precios-inflacion.jpg?2025-11-18-15-35-01\" alt=\"La inflaci\u00f3n volvi\u00f3 a aparecer como un conflicto cotidiano argentino.\" title=\"La inflaci\u00f3n volvi\u00f3 a aparecer como un conflicto cotidiano argentino.\" width=\"620\" height=\"460\" id=\"8154755-Libre-1579447615_embed\"\/><\/div>\n<div class=\"embed_wrapper-cont\" id=\"p-1777676546464-74532\">\n<div id=\"8154755-Libre-1579447615_epigrafe\" class=\"embed_epigrafe\">\n<p id=\"p-1777676586495-23116\">La inflaci\u00f3n volvi\u00f3 a aparecer como un conflicto cotidiano argentino.<\/p>\n<\/div>\n<p>Mariano Fuchila<\/p>\n<\/div><\/div>\n<p id=\"p-1777675227801-92471\">Considerando los<strong> principales componentes del costo del Big Mac<\/strong> vemos que el precio del kilo vivo de hacienda en Argentina es un 60% del costo en EEUU, nuestro salario promedio es 37% del americano y que los alquileres de locales de buena localizaci\u00f3n son primera son el 6% de los vigentes en EEUU. Considerando tambi\u00e9n que el margen de beneficios promedio en EEUU, antes de impuestos es del orden del 25% de los costos productivos, es posible estimar un<strong> margen de ganancia en Argentina igual a cinco veces los costos productivos<\/strong>. Esos m\u00e1rgenes no estar\u00edan afectados por las presiones impositivas del 25,2% en EEUU y de 27,9% en Argentina, toda vez que los niveles de elusi\u00f3n y evasi\u00f3n impositiva en nuestro pa\u00eds son muy superiores a los norteamericanos.<\/p>\n<p id=\"p-1777675227801-92898\">Afortunadamente y con pocas excepciones <strong>este esquema no se replica en el precio de los alimentos en supermercados<\/strong>, en los cuales Argentina presenta valores inferiores a los de EEUU. Entre las excepciones se encuentra el pan lacteado y la leche larga vida cuyos precios son 75% y 33% m\u00e1s elevados que en EEUU, respectivamente.<\/p>\n<p id=\"p-1777675227801-57290\">Cabe se\u00f1alar que esos menores precios en Argentina resultan absolutamente insuficientes para compensar las diferencias existentes en el poder de compra entre ambos pa\u00edses. Lamentablemente si existen<strong> diferencias pronunciadas en el caso de la energ\u00eda y de los insumos<\/strong> difundidos, como se expresan en los precios vigentes en Argentina contra los de EEUU y las relaciones de precios Argentina y EEUU en este mes.<\/p>\n<h3 id=\"p-1777675227801-52251\">Energ\u00eda<\/h3>\n<ul id=\"p-1777675227801-36982\">\n<li id=\"p-1777675227801-59841\">Energ\u00eda el\u00e9ctrica grandes consumos (US$\/Kwh): 0,092 vs 0,083; relaci\u00f3n =+ 11%<\/li>\n<li id=\"p-1777675227801-63280\">Gas Natural (US$\/MMBtu): 3,55 vs 3,0; relaci\u00f3n = +18,3%<\/li>\n<li id=\"p-1777675227801-62900\">Diesel Oil (US$\/lt): 1,65 vs 1,42: relaci\u00f3n = + 16,2%<\/li>\n<li id=\"p-1777675227801-11309\">Nafta super (US$\/lt): 1,41 vs 1,06; relaci\u00f3n = +33,0%<\/li>\n<\/ul>\n<h3 id=\"p-1777675227801-48427\">Insumos difundidos (en US$\/ton)<\/h3>\n<ul id=\"p-1777675227801-19164\">\n<li id=\"p-1777675227801-65256\">Hojalata: 1665 vs 1554; relaci\u00f3n = +7,1%<\/li>\n<li id=\"p-1777675227801-21698\">Hierro redondo construcci\u00f3n: 1900 vs 1285; relaci\u00f3n = +47,9%<\/li>\n<li id=\"p-1777675227801-90952\">Tubos sin costura: 3500 vs 2400; relaci\u00f3n = +45,8%<\/li>\n<li id=\"p-1777675227801-34776\">Aluminio primario: 3725 vs 3925: relaci\u00f3n = -5,4%<\/li>\n<li id=\"p-1777675227801-76287\">Polietileno Lineal Baja Densidad: 1425 vs 935; relaci\u00f3n = +52,4%<\/li>\n<li id=\"p-1777675227801-19095\">Polipropileno Homopol\u00edmero:1425 vs 1039; relaci\u00f3n = +37,2%<\/li>\n<li id=\"p-1777675227801-85566\">PVC: 1200 vs 739; relaci\u00f3n = +62,4%<\/li>\n<li id=\"p-1777675227801-7257\">Urea grado fertilizante: 875 vs 698; relaci\u00f3n = +25,4%<\/li>\n<\/ul>\n<p id=\"p-1777675227801-3344\">En s\u00edntesis <strong>los precios de la energ\u00eda en Argentina son entre 11% y 27,4% m\u00e1s elevados que en EEUU<\/strong>. A su vez los precios de los principales insumos difundidos en Argentina son entre 7,1% y 62,4% m\u00e1s elevados que en EEUU, con la \u00fanica excepci\u00f3n del aluminio en forma primaria que, por contar con energ\u00eda el\u00e9ctrica gratuita, resulta 5,4% m\u00e1s barato en nuestro pa\u00eds.<\/p>\n<p id=\"p-1777675227801-85972\"><strong>Los precios de la energ\u00eda tienen impacto profundo al propagarse a lo largo de todas las cadenas productivas<\/strong>, a los costos del transporte y de la comercializaci\u00f3n; la misma situaci\u00f3n se verifica con los mayores precios de los insumos difundidos en Argentina con similar resultado: la p\u00e9rdida de competitividad de nuestra industria manufacturera respecto a los productos importados.<\/p>\n<h2 id=\"p-1777675227801-27684\">C\u00f3mo se establecen los precios en Argentina<\/h2>\n<p id=\"p-1777675227801-82212\">Ante todo es necesario recordar que en los pa\u00edses desarrollados la formaci\u00f3n de precios es un proceso que involucra varios factores y actores en el mercado, incluyendo los<strong> costos de producci\u00f3n <\/strong>(materias primas, mano de obra, gastos generales e inversiones), de <strong>distribuci\u00f3n<\/strong> y de <strong>comercializaci\u00f3n,<\/strong> a lo que se suma en cada etapa un<strong> margen de beneficios<\/strong>; asimismo influyen el nivel de oferta y demanda, el grado de competencia, el nivel de impuestos y regulaciones, entre otros.<\/p>\n<div contenteditable=\"false\" class=\"embed_cont type_imagen\" id=\"8207940-Libre-616470918_wrap\">\n<p>petroleo energia inflacion <span onclick=\"parent.parent.TinyMCETdcuerpo.preview_embed('8207940-Libre-616470918')\" class=\"embed_colapse less\" id=\"8207940-Libre-616470918_colapse\"\/>  <span onclick=\"parent.parent.TinyMCETdcuerpo.delete_embed('8207940-Libre-616470918')\" class=\"embed_delete less\" id=\"8207940-Libre-616470918_delete\"\/><\/p>\n<div id=\"8207940-Libre-616470918_content\" class=\"embed_content\"><img decoding=\"async\" src=\"https:\/\/media.ambito.com\/p\/4695295813ce8da6fc18ce6b9e9f6d0f\/adjuntos\/239\/imagenes\/043\/281\/0043281784\/730x0\/2499x1517:2519x1537\/petroleo-energia-inflacion.jpg\" alt=\"Los costos de la energ\u00eda se establecen como una de las desventajas productivas del pa\u00eds.\" title=\"Los costos de la energ\u00eda se establecen como una de las desventajas productivas del pa\u00eds.\" width=\"730\" height=\"undefined\" id=\"8207940-Libre-616470918_embed\"\/><\/div>\n<div class=\"embed_wrapper-cont\" id=\"p-1777676781041-67775\">\n<div id=\"8207940-Libre-616470918_epigrafe\" class=\"embed_epigrafe\">\n<p id=\"p-1777676800842-6319\">Los costos de la energ\u00eda se establecen como una de las desventajas productivas del pa\u00eds.<\/p>\n<\/div>\n<p>Depositphotos<\/p>\n<\/div><\/div>\n<p id=\"p-1777675227801-78966\">En nuestro pa\u00eds los precios de la energ\u00eda, pese a existir varios productores, son definidos por el Estado. Por su parte los precios de los insumos difundidos son definidos por empresas monop\u00f3licas o fuertemente oligop\u00f3licas.<\/p>\n<p id=\"p-1777675227801-49228\">Adem\u00e1s de la fijaci\u00f3n de los precios de la energ\u00eda y de los dem\u00e1s servicios b\u00e1sicos por el Estado sin tomar en consideraci\u00f3n su costo y los m\u00e1rgenes de beneficio razonables para sus prestatarios, as\u00ed como el establecimiento de los precios de los insumos difundidos por monopolios u oligopolios, existen otro motivos por los cuales los m\u00e1rgenes de beneficio alcancen valores inusitados, entre ellos:<\/p>\n<ul id=\"p-1777675227801-98835\">\n<li id=\"p-1777675227801-88993\"><strong>Falta de regulaciones efectivas<\/strong> que limiten el poder de los monopolios u oligopolios en la fijaci\u00f3n de los precios de los insumos difundidos.<\/li>\n<li id=\"p-1777675227801-76121\"><strong>Falta de informaci\u00f3n transparente sobre precios de los insumos difundidos, <\/strong>en contraste existen sistemas internacionales de informaci\u00f3n diaria que incluyen precios para 16 productos energ\u00e9ticos, 12 metales, 23 productos agr\u00edcolas, 27 productos industriales y 8 productos c\u00e1rnicos, entre otros.<\/li>\n<li id=\"p-1777675227801-698\"><strong>Falta de control estatal sobre m\u00e1rgenes de beneficio exorbitantes<\/strong>, que en muchos casos dan origen a la fuga de capitales que aqueja a nuestra econom\u00eda y restringe las inversiones necesarias.<\/li>\n<li id=\"p-1777675227801-89084\"><strong>Falta de transparencia y desconfianza p\u00fablica sobre la evoluci\u00f3n inflacionaria<\/strong>, tal como se acaba de demostrar con la reciente decisi\u00f3n de no actualizar el ICV sobre una canasta de consumo actualizada.<\/li>\n<\/ul>\n<p id=\"p-1777675227801-93843\">Estas y otras razones que ser\u00eda necesario analizar explicar\u00edan la hip\u00f3tesis de que<strong> los precios en Argentina se fijan mediante su equivalencia con los precios internacionales y en respuesta a las expectativas de inflaci\u00f3n futura<\/strong>, lo que explica que en la gran mayor\u00eda de los casos los precios dom\u00e9sticos resultan superiores a los internacionales, as\u00ed como la existencia en muchos casos de una inflaci\u00f3n en d\u00f3lares.<\/p>\n<p id=\"p-1777675227801-5246\">El mantenimiento de esta situaci\u00f3n tambi\u00e9n explicar\u00eda la \u00fanica propuesta de la gran mayor\u00eda de las grandes empresas de bajar los salarios por v\u00eda del proyecto de \u201cactualizaci\u00f3n laboral\u201d, a costa de reducir a\u00fan m\u00e1s el paup\u00e9rrimo nivel actual del consumo interno y de presionar sobe el super\u00e1vit fiscal.<\/p>\n<h2 id=\"p-1777675227801-41751\"><strong>Hacia las soluciones <\/strong><\/h2>\n<p id=\"p-1777675227801-77424\">Ante el fracaso manifiesto de las pol\u00edticas econ\u00f3micas y sociales del actual gobierno, todo indica que las soluciones quedar\u00edan a cargo del pr\u00f3ximo gobierno, comenzando por la aplicaci\u00f3n irrestricta de las leyes de defensa del consumidor y de la competencia.<\/p>\n<ul id=\"p-1777675227801-81617\">\n<li id=\"p-1777675227801-51828\"><strong>La Ley de Defensa del Consumidor<\/strong> (Ley N\u00b0 24.240, de rango constitucional) protege a los consumidores, estableciendo derechos fundamentales como informaci\u00f3n clara, seguridad, protecci\u00f3n de intereses econ\u00f3micos, trato digno y garant\u00edas, permitiendo reclamar ante incumplimientos.<\/li>\n<li id=\"p-1777675227801-73722\"><strong>La Ley de Defensa de la Competencia <\/strong>(Ley N\u00b0 27.442, actualmente reglamentada por el Decreto 803\/2025) proh\u00edbe conductas que limiten, restrinjan o distorsionen la competencia (carteles, abuso de posici\u00f3n dominante). Busca proteger el inter\u00e9s econ\u00f3mico general, bajo la supervisi\u00f3n de la Comisi\u00f3n Nacional de Defensa de la Competencia (CNDC).<\/li>\n<\/ul>\n<p id=\"p-1777675227801-11394\">Adicionalmente parece imprescindible el dise\u00f1o y aplicaci\u00f3n de medidas adicionales, que incluyan:<\/p>\n<ul id=\"p-1777675227801-12425\">\n<li id=\"p-1777675227801-32725\"><strong>Una reforma integral de la ley impositiva<\/strong>, con base en la reducci\u00f3n de los impuestos al consumo compensada por una mayor presi\u00f3n sobre las ganancias, en especial las basadas en rentas y que incluya penalidades severas y de cumplimiento efectivo a la elusi\u00f3n y la evasi\u00f3n impositiva, con especial \u00e9nfasis en la fuga de capitales.<\/li>\n<li id=\"p-1777675227801-50444\"><strong>Un acuerdo entre los empresarios nacionales y fuerzas pol\u00edticas <\/strong>que, por una parte, asegure el establecimiento de un sistema de precios basados en los costos y un margen de ganancia razonable, y que por la otra parte, establezca una pol\u00edtica efectiva de promoci\u00f3n del trabajo y la producci\u00f3n, otorgando prioridad de acceso a sus beneficios a los signatarios del acuerdo.<\/li>\n<\/ul>\n<p id=\"p-1777675227801-65649\">Estas u otras soluciones deber\u00e1n reconocer que la soluci\u00f3n final del tema que nos ocupa es de car\u00e1cter eminentemente pol\u00edtico, aunque deber\u00e1n contener mecanismos econ\u00f3micos que faciliten su implementaci\u00f3n y la resoluci\u00f3n efectiva de este problema<\/p>\n<\/p><\/div>\n<p><script>\n!function(f,b,e,v,n,t,s)\n{if(f.fbq)return;n=f.fbq=function(){n.callMethod?\nn.callMethod.apply(n,arguments):n.queue.push(arguments)};\nif(!f._fbq)f._fbq=n;n.push=n;n.loaded=!0;n.version='2.0';\nn.queue=[];t=b.createElement(e);t.async=!0;\nt.src=v;s=b.getElementsByTagName(e)[0];\ns.parentNode.insertBefore(t,s)}(window,document,'script',\n'https:\/\/connect.facebook.net\/en_US\/fbevents.js');\nfbq('init', '2047048335588113');\nfbq('track', 'PageView');\n<\/script><br \/>\n<br \/><\/p>\n","protected":false},"excerpt":{"rendered":"<p>Aunque con diferencias de \u00e9nfasis, los argentinos no tenemos grandes diferencias a la hora de enumerar nuestros males econ\u00f3micos: la elevada inflaci\u00f3n, la inestabilidad de la tasa de cambio, la insuficiencia de divisas, la falta y costo del cr\u00e9dito, bajo consumo, desempleo, cierre de empresas, pobreza y as\u00ed se podr\u00eda seguir. Donde s\u00ed hay diferencias [&hellip;]<\/p>\n","protected":false},"author":1,"featured_media":194415,"comment_status":"closed","ping_status":"closed","sticky":false,"template":"","format":"standard","meta":{"footnotes":""},"categories":[28],"tags":[],"class_list":["post-194414","post","type-post","status-publish","format-standard","has-post-thumbnail","hentry","category-economia"],"yoast_head":"<!-- This site is optimized with the Yoast SEO plugin v24.4 - https:\/\/yoast.com\/wordpress\/plugins\/seo\/ -->\n<title>El origen primero de nuestro malestar econ\u00f3mico - GYS NOTICIAS |<\/title>\n<meta name=\"robots\" content=\"index, follow, max-snippet:-1, max-image-preview:large, max-video-preview:-1\" \/>\n<link rel=\"canonical\" href=\"https:\/\/gysfm.com.ar\/inicio\/el-origen-primero-de-nuestro-malestar-economico\/\" \/>\n<meta property=\"og:locale\" content=\"es_ES\" \/>\n<meta property=\"og:type\" content=\"article\" \/>\n<meta property=\"og:title\" content=\"El origen primero de nuestro malestar econ\u00f3mico - GYS NOTICIAS |\" \/>\n<meta property=\"og:description\" content=\"Aunque con diferencias de \u00e9nfasis, los argentinos no tenemos grandes diferencias a la hora de enumerar nuestros males econ\u00f3micos: la elevada inflaci\u00f3n, la inestabilidad de la tasa de cambio, la insuficiencia de divisas, la falta y costo del cr\u00e9dito, bajo consumo, desempleo, cierre de empresas, pobreza y as\u00ed se podr\u00eda seguir. Donde s\u00ed hay diferencias [&hellip;]\" \/>\n<meta property=\"og:url\" content=\"https:\/\/gysfm.com.ar\/inicio\/el-origen-primero-de-nuestro-malestar-economico\/\" \/>\n<meta property=\"og:site_name\" content=\"GYS NOTICIAS |\" \/>\n<meta property=\"article:published_time\" content=\"2026-05-03T11:08:30+00:00\" \/>\n<meta property=\"og:image\" content=\"https:\/\/media.ambito.com\/p\/99cda0f10f65949e227929176de2d8be\/adjuntos\/239\/imagenes\/042\/960\/0042960288\/supermercados-consumo-gondolas-precios-inflacion.jpg?2025-11-18-15-35-01\" \/>\n<meta name=\"author\" content=\"admin\" \/>\n<meta name=\"twitter:card\" content=\"summary_large_image\" \/>\n<meta name=\"twitter:label1\" content=\"Escrito por\" \/>\n\t<meta name=\"twitter:data1\" content=\"admin\" \/>\n\t<meta name=\"twitter:label2\" content=\"Tiempo de lectura\" \/>\n\t<meta name=\"twitter:data2\" content=\"8 minutos\" \/>\n<script type=\"application\/ld+json\" class=\"yoast-schema-graph\">{\"@context\":\"https:\/\/schema.org\",\"@graph\":[{\"@type\":\"Article\",\"@id\":\"https:\/\/gysfm.com.ar\/inicio\/el-origen-primero-de-nuestro-malestar-economico\/#article\",\"isPartOf\":{\"@id\":\"https:\/\/gysfm.com.ar\/inicio\/el-origen-primero-de-nuestro-malestar-economico\/\"},\"author\":{\"name\":\"admin\",\"@id\":\"https:\/\/gysfm.com.ar\/inicio\/#\/schema\/person\/5bedd7ecd35cc35548d89effafa23696\"},\"headline\":\"El origen primero de nuestro malestar econ\u00f3mico\",\"datePublished\":\"2026-05-03T11:08:30+00:00\",\"mainEntityOfPage\":{\"@id\":\"https:\/\/gysfm.com.ar\/inicio\/el-origen-primero-de-nuestro-malestar-economico\/\"},\"wordCount\":1614,\"publisher\":{\"@id\":\"https:\/\/gysfm.com.ar\/inicio\/#organization\"},\"image\":{\"@id\":\"https:\/\/gysfm.com.ar\/inicio\/el-origen-primero-de-nuestro-malestar-economico\/#primaryimage\"},\"thumbnailUrl\":\"https:\/\/gysfm.com.ar\/inicio\/wp-content\/uploads\/2026\/05\/economia-argentina.jpg\",\"articleSection\":[\"ECONOMIA\"],\"inLanguage\":\"es\"},{\"@type\":\"WebPage\",\"@id\":\"https:\/\/gysfm.com.ar\/inicio\/el-origen-primero-de-nuestro-malestar-economico\/\",\"url\":\"https:\/\/gysfm.com.ar\/inicio\/el-origen-primero-de-nuestro-malestar-economico\/\",\"name\":\"El origen primero de nuestro malestar econ\u00f3mico - GYS NOTICIAS |\",\"isPartOf\":{\"@id\":\"https:\/\/gysfm.com.ar\/inicio\/#website\"},\"primaryImageOfPage\":{\"@id\":\"https:\/\/gysfm.com.ar\/inicio\/el-origen-primero-de-nuestro-malestar-economico\/#primaryimage\"},\"image\":{\"@id\":\"https:\/\/gysfm.com.ar\/inicio\/el-origen-primero-de-nuestro-malestar-economico\/#primaryimage\"},\"thumbnailUrl\":\"https:\/\/gysfm.com.ar\/inicio\/wp-content\/uploads\/2026\/05\/economia-argentina.jpg\",\"datePublished\":\"2026-05-03T11:08:30+00:00\",\"breadcrumb\":{\"@id\":\"https:\/\/gysfm.com.ar\/inicio\/el-origen-primero-de-nuestro-malestar-economico\/#breadcrumb\"},\"inLanguage\":\"es\",\"potentialAction\":[{\"@type\":\"ReadAction\",\"target\":[\"https:\/\/gysfm.com.ar\/inicio\/el-origen-primero-de-nuestro-malestar-economico\/\"]}]},{\"@type\":\"ImageObject\",\"inLanguage\":\"es\",\"@id\":\"https:\/\/gysfm.com.ar\/inicio\/el-origen-primero-de-nuestro-malestar-economico\/#primaryimage\",\"url\":\"https:\/\/gysfm.com.ar\/inicio\/wp-content\/uploads\/2026\/05\/economia-argentina.jpg\",\"contentUrl\":\"https:\/\/gysfm.com.ar\/inicio\/wp-content\/uploads\/2026\/05\/economia-argentina.jpg\",\"width\":1200,\"height\":675},{\"@type\":\"BreadcrumbList\",\"@id\":\"https:\/\/gysfm.com.ar\/inicio\/el-origen-primero-de-nuestro-malestar-economico\/#breadcrumb\",\"itemListElement\":[{\"@type\":\"ListItem\",\"position\":1,\"name\":\"Portada\",\"item\":\"https:\/\/gysfm.com.ar\/inicio\/\"},{\"@type\":\"ListItem\",\"position\":2,\"name\":\"El origen primero de nuestro malestar econ\u00f3mico\"}]},{\"@type\":\"WebSite\",\"@id\":\"https:\/\/gysfm.com.ar\/inicio\/#website\",\"url\":\"https:\/\/gysfm.com.ar\/inicio\/\",\"name\":\"GYS NOTICIAS |\",\"description\":\"DIARIO - RADIO ONLINE SAN JUAN ARGENTINA\",\"publisher\":{\"@id\":\"https:\/\/gysfm.com.ar\/inicio\/#organization\"},\"potentialAction\":[{\"@type\":\"SearchAction\",\"target\":{\"@type\":\"EntryPoint\",\"urlTemplate\":\"https:\/\/gysfm.com.ar\/inicio\/?s={search_term_string}\"},\"query-input\":{\"@type\":\"PropertyValueSpecification\",\"valueRequired\":true,\"valueName\":\"search_term_string\"}}],\"inLanguage\":\"es\"},{\"@type\":\"Organization\",\"@id\":\"https:\/\/gysfm.com.ar\/inicio\/#organization\",\"name\":\"GYS NOTICIAS |\",\"url\":\"https:\/\/gysfm.com.ar\/inicio\/\",\"logo\":{\"@type\":\"ImageObject\",\"inLanguage\":\"es\",\"@id\":\"https:\/\/gysfm.com.ar\/inicio\/#\/schema\/logo\/image\/\",\"url\":\"https:\/\/gysfm.com.ar\/inicio\/wp-content\/uploads\/2023\/07\/LOGOGYS-OK.png\",\"contentUrl\":\"https:\/\/gysfm.com.ar\/inicio\/wp-content\/uploads\/2023\/07\/LOGOGYS-OK.png\",\"width\":1170,\"height\":872,\"caption\":\"GYS NOTICIAS |\"},\"image\":{\"@id\":\"https:\/\/gysfm.com.ar\/inicio\/#\/schema\/logo\/image\/\"}},{\"@type\":\"Person\",\"@id\":\"https:\/\/gysfm.com.ar\/inicio\/#\/schema\/person\/5bedd7ecd35cc35548d89effafa23696\",\"name\":\"admin\",\"image\":{\"@type\":\"ImageObject\",\"inLanguage\":\"es\",\"@id\":\"https:\/\/gysfm.com.ar\/inicio\/#\/schema\/person\/image\/\",\"url\":\"https:\/\/secure.gravatar.com\/avatar\/c331d312b5243fb64d5ba28108a447b27c925295129a363082c9ea52c28d32c2?s=96&d=mm&r=g\",\"contentUrl\":\"https:\/\/secure.gravatar.com\/avatar\/c331d312b5243fb64d5ba28108a447b27c925295129a363082c9ea52c28d32c2?s=96&d=mm&r=g\",\"caption\":\"admin\"},\"sameAs\":[\"https:\/\/gysfm.com.ar\/inicio\"],\"url\":\"https:\/\/gysfm.com.ar\/inicio\/author\/admin\/\"}]}<\/script>\n<!-- \/ Yoast SEO plugin. -->","yoast_head_json":{"title":"El origen primero de nuestro malestar econ\u00f3mico - GYS NOTICIAS |","robots":{"index":"index","follow":"follow","max-snippet":"max-snippet:-1","max-image-preview":"max-image-preview:large","max-video-preview":"max-video-preview:-1"},"canonical":"https:\/\/gysfm.com.ar\/inicio\/el-origen-primero-de-nuestro-malestar-economico\/","og_locale":"es_ES","og_type":"article","og_title":"El origen primero de nuestro malestar econ\u00f3mico - GYS NOTICIAS |","og_description":"Aunque con diferencias de \u00e9nfasis, los argentinos no tenemos grandes diferencias a la hora de enumerar nuestros males econ\u00f3micos: la elevada inflaci\u00f3n, la inestabilidad de la tasa de cambio, la insuficiencia de divisas, la falta y costo del cr\u00e9dito, bajo consumo, desempleo, cierre de empresas, pobreza y as\u00ed se podr\u00eda seguir. Donde s\u00ed hay diferencias [&hellip;]","og_url":"https:\/\/gysfm.com.ar\/inicio\/el-origen-primero-de-nuestro-malestar-economico\/","og_site_name":"GYS NOTICIAS |","article_published_time":"2026-05-03T11:08:30+00:00","og_image":[{"url":"https:\/\/media.ambito.com\/p\/99cda0f10f65949e227929176de2d8be\/adjuntos\/239\/imagenes\/042\/960\/0042960288\/supermercados-consumo-gondolas-precios-inflacion.jpg?2025-11-18-15-35-01","type":"","width":"","height":""}],"author":"admin","twitter_card":"summary_large_image","twitter_misc":{"Escrito por":"admin","Tiempo de lectura":"8 minutos"},"schema":{"@context":"https:\/\/schema.org","@graph":[{"@type":"Article","@id":"https:\/\/gysfm.com.ar\/inicio\/el-origen-primero-de-nuestro-malestar-economico\/#article","isPartOf":{"@id":"https:\/\/gysfm.com.ar\/inicio\/el-origen-primero-de-nuestro-malestar-economico\/"},"author":{"name":"admin","@id":"https:\/\/gysfm.com.ar\/inicio\/#\/schema\/person\/5bedd7ecd35cc35548d89effafa23696"},"headline":"El origen primero de nuestro malestar econ\u00f3mico","datePublished":"2026-05-03T11:08:30+00:00","mainEntityOfPage":{"@id":"https:\/\/gysfm.com.ar\/inicio\/el-origen-primero-de-nuestro-malestar-economico\/"},"wordCount":1614,"publisher":{"@id":"https:\/\/gysfm.com.ar\/inicio\/#organization"},"image":{"@id":"https:\/\/gysfm.com.ar\/inicio\/el-origen-primero-de-nuestro-malestar-economico\/#primaryimage"},"thumbnailUrl":"https:\/\/gysfm.com.ar\/inicio\/wp-content\/uploads\/2026\/05\/economia-argentina.jpg","articleSection":["ECONOMIA"],"inLanguage":"es"},{"@type":"WebPage","@id":"https:\/\/gysfm.com.ar\/inicio\/el-origen-primero-de-nuestro-malestar-economico\/","url":"https:\/\/gysfm.com.ar\/inicio\/el-origen-primero-de-nuestro-malestar-economico\/","name":"El origen primero de nuestro malestar econ\u00f3mico - GYS NOTICIAS |","isPartOf":{"@id":"https:\/\/gysfm.com.ar\/inicio\/#website"},"primaryImageOfPage":{"@id":"https:\/\/gysfm.com.ar\/inicio\/el-origen-primero-de-nuestro-malestar-economico\/#primaryimage"},"image":{"@id":"https:\/\/gysfm.com.ar\/inicio\/el-origen-primero-de-nuestro-malestar-economico\/#primaryimage"},"thumbnailUrl":"https:\/\/gysfm.com.ar\/inicio\/wp-content\/uploads\/2026\/05\/economia-argentina.jpg","datePublished":"2026-05-03T11:08:30+00:00","breadcrumb":{"@id":"https:\/\/gysfm.com.ar\/inicio\/el-origen-primero-de-nuestro-malestar-economico\/#breadcrumb"},"inLanguage":"es","potentialAction":[{"@type":"ReadAction","target":["https:\/\/gysfm.com.ar\/inicio\/el-origen-primero-de-nuestro-malestar-economico\/"]}]},{"@type":"ImageObject","inLanguage":"es","@id":"https:\/\/gysfm.com.ar\/inicio\/el-origen-primero-de-nuestro-malestar-economico\/#primaryimage","url":"https:\/\/gysfm.com.ar\/inicio\/wp-content\/uploads\/2026\/05\/economia-argentina.jpg","contentUrl":"https:\/\/gysfm.com.ar\/inicio\/wp-content\/uploads\/2026\/05\/economia-argentina.jpg","width":1200,"height":675},{"@type":"BreadcrumbList","@id":"https:\/\/gysfm.com.ar\/inicio\/el-origen-primero-de-nuestro-malestar-economico\/#breadcrumb","itemListElement":[{"@type":"ListItem","position":1,"name":"Portada","item":"https:\/\/gysfm.com.ar\/inicio\/"},{"@type":"ListItem","position":2,"name":"El origen primero de nuestro malestar econ\u00f3mico"}]},{"@type":"WebSite","@id":"https:\/\/gysfm.com.ar\/inicio\/#website","url":"https:\/\/gysfm.com.ar\/inicio\/","name":"GYS NOTICIAS |","description":"DIARIO - RADIO ONLINE SAN JUAN ARGENTINA","publisher":{"@id":"https:\/\/gysfm.com.ar\/inicio\/#organization"},"potentialAction":[{"@type":"SearchAction","target":{"@type":"EntryPoint","urlTemplate":"https:\/\/gysfm.com.ar\/inicio\/?s={search_term_string}"},"query-input":{"@type":"PropertyValueSpecification","valueRequired":true,"valueName":"search_term_string"}}],"inLanguage":"es"},{"@type":"Organization","@id":"https:\/\/gysfm.com.ar\/inicio\/#organization","name":"GYS NOTICIAS |","url":"https:\/\/gysfm.com.ar\/inicio\/","logo":{"@type":"ImageObject","inLanguage":"es","@id":"https:\/\/gysfm.com.ar\/inicio\/#\/schema\/logo\/image\/","url":"https:\/\/gysfm.com.ar\/inicio\/wp-content\/uploads\/2023\/07\/LOGOGYS-OK.png","contentUrl":"https:\/\/gysfm.com.ar\/inicio\/wp-content\/uploads\/2023\/07\/LOGOGYS-OK.png","width":1170,"height":872,"caption":"GYS NOTICIAS |"},"image":{"@id":"https:\/\/gysfm.com.ar\/inicio\/#\/schema\/logo\/image\/"}},{"@type":"Person","@id":"https:\/\/gysfm.com.ar\/inicio\/#\/schema\/person\/5bedd7ecd35cc35548d89effafa23696","name":"admin","image":{"@type":"ImageObject","inLanguage":"es","@id":"https:\/\/gysfm.com.ar\/inicio\/#\/schema\/person\/image\/","url":"https:\/\/secure.gravatar.com\/avatar\/c331d312b5243fb64d5ba28108a447b27c925295129a363082c9ea52c28d32c2?s=96&d=mm&r=g","contentUrl":"https:\/\/secure.gravatar.com\/avatar\/c331d312b5243fb64d5ba28108a447b27c925295129a363082c9ea52c28d32c2?s=96&d=mm&r=g","caption":"admin"},"sameAs":["https:\/\/gysfm.com.ar\/inicio"],"url":"https:\/\/gysfm.com.ar\/inicio\/author\/admin\/"}]}},"_links":{"self":[{"href":"https:\/\/gysfm.com.ar\/inicio\/wp-json\/wp\/v2\/posts\/194414","targetHints":{"allow":["GET"]}}],"collection":[{"href":"https:\/\/gysfm.com.ar\/inicio\/wp-json\/wp\/v2\/posts"}],"about":[{"href":"https:\/\/gysfm.com.ar\/inicio\/wp-json\/wp\/v2\/types\/post"}],"author":[{"embeddable":true,"href":"https:\/\/gysfm.com.ar\/inicio\/wp-json\/wp\/v2\/users\/1"}],"replies":[{"embeddable":true,"href":"https:\/\/gysfm.com.ar\/inicio\/wp-json\/wp\/v2\/comments?post=194414"}],"version-history":[{"count":0,"href":"https:\/\/gysfm.com.ar\/inicio\/wp-json\/wp\/v2\/posts\/194414\/revisions"}],"wp:featuredmedia":[{"embeddable":true,"href":"https:\/\/gysfm.com.ar\/inicio\/wp-json\/wp\/v2\/media\/194415"}],"wp:attachment":[{"href":"https:\/\/gysfm.com.ar\/inicio\/wp-json\/wp\/v2\/media?parent=194414"}],"wp:term":[{"taxonomy":"category","embeddable":true,"href":"https:\/\/gysfm.com.ar\/inicio\/wp-json\/wp\/v2\/categories?post=194414"},{"taxonomy":"post_tag","embeddable":true,"href":"https:\/\/gysfm.com.ar\/inicio\/wp-json\/wp\/v2\/tags?post=194414"}],"curies":[{"name":"wp","href":"https:\/\/api.w.org\/{rel}","templated":true}]}}