{"id":194412,"date":"2026-05-03T07:49:20","date_gmt":"2026-05-03T10:49:20","guid":{"rendered":"https:\/\/gysfm.com.ar\/inicio\/mas-curiosidades-en-afa-la-universidad-unafa-esta-a-nombre-de-la-sociedad-de-javier-faroni-y-su-esposa\/"},"modified":"2026-05-03T07:49:20","modified_gmt":"2026-05-03T10:49:20","slug":"mas-curiosidades-en-afa-la-universidad-unafa-esta-a-nombre-de-la-sociedad-de-javier-faroni-y-su-esposa","status":"publish","type":"post","link":"https:\/\/gysfm.com.ar\/inicio\/mas-curiosidades-en-afa-la-universidad-unafa-esta-a-nombre-de-la-sociedad-de-javier-faroni-y-su-esposa\/","title":{"rendered":"M\u00e1s &#8216;curiosidades&#8217; en AFA: la universidad UnAFA est\u00e1 a nombre de la sociedad de Javier Faroni y su esposa"},"content":{"rendered":"<p><\/p>\n<div id=\"article-content\">\n<p><a target=\"_blank\" href=\"https:\/\/www.perfil.com\/noticias\/politica\/investigan-a-javier-faroni-por-sociedades-en-miami-vinculadas-a-compras-inmobiliarias-por-usd-117-millones.phtml\">Javier Horacio Faroni<\/a> es un personaje clave en muchas de las pol\u00e9micas que giran en torno a la AFA de <strong>Claudio Chiqui Tapia y su mano derecha Pablo Toviggino<\/strong>. Y entre las cosas que van trascendiendo de los manejos de AFA, se conoci\u00f3 que la promocionada U<strong>niversidad de la Asociaci\u00f3n del F\u00fatbol Argentino (UnAFA)<\/strong> en los papeles pertenece no a la entidad del f\u00fatbol argentino, sino a <strong>Worldwide Sport Education LLC<\/strong>, la sociedad que est\u00e1 a nombre de Faroni y de su esposa, <strong>Erica Gabriela Gillette<\/strong>.<\/p>\n<p>Esto significa que la <strong>UnAFA<\/strong> no funcionar\u00eda como una <a target=\"_blank\" href=\"https:\/\/www.perfil.com\/noticias\/politica\/el-gobierno-inhabilito-unafa-la-flamante-universidad-de-la-asociacion-del-futbol-argentina-los-motivos.phtml\">extensi\u00f3n de la <strong>AFA<\/strong>,<\/a> sino como una licencia explotada por otros intereses ajenos, para los cuales la asociaci\u00f3n de f\u00fatbol ser\u00eda usada como carnada.<\/p>\n<p style=\"text-align:center\"><picture><source media=\"(max-width: 440px)\" srcset=\"https:\/\/fotos.perfil.com\/\/2026\/05\/03\/440\/0\/unafa-2232334.jpg?webp\"\/><source media=\"(max-width: 1019px)\" srcset=\"https:\/\/fotos.perfil.com\/\/2026\/05\/03\/712\/0\/unafa-2232334.jpg?webp\"\/><img decoding=\"async\" style=\"max-width: 100%; width: 100%;\" alt=\"UnAFA\" src=\"https:\/\/fotos.perfil.com\/\/2026\/05\/03\/900\/0\/unafa-2232334.jpg?webp\" loading=\"lazy\"\/><\/picture><\/p>\n<div class=\"subscription\">\n<p>\n        Esto no les gusta a los autoritarios\n    <\/p>\n<div class=\"subscription__container\">\n<div class=\"subscription__text-wrapper\">\n<p>\n                El ejercicio del periodismo profesional y cr\u00edtico es un pilar fundamental de la democracia. Por eso molesta a quienes creen ser los due\u00f1os de la verdad.\n            <\/p>\n<\/p><\/div><\/div>\n<\/div>\n<p>Faroni est\u00e1 vinculado a <strong>Chiqui Tapia<\/strong> y <strong>Pablo Toviggino<\/strong> por manejar los cobros de la <strong>AFA<\/strong> por la <strong>Selecci\u00f3n Argentina en el exterior<\/strong> mediante la empresa <strong>TourProdEnter<\/strong> y se queda con el <strong>30% de los ingresos<\/strong>.<\/p>\n<p>Los datos que empezaron a surgir demostraron que, el <strong>8 de octubre<\/strong>, casi veinte d\u00edas antes de la <strong>Asamblea General Ordinaria y Extraordinaria<\/strong> que present\u00f3 la <strong>UnAFA<\/strong> (que fue el 27 de octubre), <strong>Worldwide Sport Education LLC<\/strong> hab\u00eda comenzado el registr\u00f3 de la marca <strong>UnAFA<\/strong> en el <strong>Instituto Nacional de la Propiedad Industrial (INPI)<\/strong>.<\/p>\n<p class=\"destacadoNota\"><a target=\"_blank\" href=\"https:\/\/www.perfil.com\/noticias\/judiciales\/la-justicia-investiga-pagos-millonarios-de-la-afa-a-una-empresa-vinculada-a-la-mansion-de-pilar.phtml\">La Justicia investiga pagos millonarios de la AFA a una empresa vinculada a la mansi\u00f3n de Pilar y a Toviggino<\/a><\/p>\n<p>El <strong>3 de noviembre<\/strong>, esa misma sociedad que pertenece a <strong>Faroni<\/strong> y su esposa <strong>Gillette<\/strong> inici\u00f3 los tr\u00e1mites para el <strong>registro de la marca UnAFA en Estados Unidos y Uruguay<\/strong>.<\/p>\n<p>El <strong>4 de noviembre<\/strong> fue la <strong>presentaci\u00f3n oficial<\/strong>, en la que adem\u00e1s se anunci\u00f3 a <strong>Alberto Barbieri<\/strong>, ex rector de la <strong>Universidad de Buenos Aires (UBA)<\/strong>, como rector de la nueva instituci\u00f3n. Ambos expusieron sobre la iniciativa, que estaba destinada a <strong>jugadores, t\u00e9cnicos, \u00e1rbitros, dirigentes y dem\u00e1s integrantes del mundo del f\u00fatbol<\/strong>.<\/p>\n<p style=\"text-align:center\"><picture><source media=\"(max-width: 440px)\" srcset=\"https:\/\/fotos.perfil.com\/\/2026\/05\/03\/440\/0\/unafa-2232335.jpg?webp\"\/><source media=\"(max-width: 1019px)\" srcset=\"https:\/\/fotos.perfil.com\/\/2026\/05\/03\/712\/0\/unafa-2232335.jpg?webp\"\/><img decoding=\"async\" style=\"max-width: 100%; width: 100%;\" alt=\"UnAFA\" src=\"https:\/\/fotos.perfil.com\/\/2026\/05\/03\/900\/0\/unafa-2232335.jpg?webp\" loading=\"lazy\"\/><\/picture><\/p>\n<p>Con respecto a la <strong>oferta acad\u00e9mica<\/strong>, los interesados podr\u00edan acceder a <strong>catorce diplomaturas y maestr\u00edas<\/strong>. Hab\u00eda especializaciones en <strong>finanzas y estrategias econ\u00f3micas del deporte<\/strong>, <strong>indumentaria deportiva<\/strong> y <strong>Big Data aplicada al deporte<\/strong>. Tambi\u00e9n trascendieron las autoridades que acompa\u00f1ar\u00edan la nueva gesti\u00f3n. Junto al rector <strong>Barbieri<\/strong> asumir\u00eda como vicerrector <a target=\"_blank\" href=\"https:\/\/www.perfil.com\/noticias\/politica\/mahiques-designo-a-su-hermano-como-asesor-ad-honorem.phtml\">Juan Bautista Mahiques<\/a>, actual ministro de Justicia de la Naci\u00f3n, adem\u00e1s de otros nombres que integrar\u00edan el futuro equipo.<\/p>\n<h2>Estall\u00f3 el conflicto<\/h2>\n<p>Todo marchaba acorde a lo esperado para los empresarios, cuando seis d\u00edas despu\u00e9s, el <strong>20 de noviembre<\/strong>, estall\u00f3 la pol\u00e9mica en la <strong>AFA<\/strong> por declarar al <strong>Club Atl\u00e9tico Rosario Central campe\u00f3n de la Liga 2025<\/strong>, a pesar de no estar estipulado en el reglamento de la <strong>Liga Profesional de F\u00fatbol<\/strong>.<\/p>\n<p>El <strong>5 de diciembre de 2025<\/strong>, un mes despu\u00e9s de la presentaci\u00f3n de la <strong>UnAFA<\/strong>, la <strong>Subsecretar\u00eda de Pol\u00edticas Universitarias<\/strong>, que depende del <strong>Ministerio de Capital Humano<\/strong>, a cargo de <strong>Alejandro \u00c1lvarez<\/strong>, advirti\u00f3 que se publicitaban <strong>carreras de grado y posgrado sin autorizaci\u00f3n oficial<\/strong>. Por ese motivo, intim\u00f3 a la <strong>AFA<\/strong> a terminar, de forma inmediata, con cualquier tipo de promoci\u00f3n en redes sociales y medios de comunicaci\u00f3n.<\/p>\n<p style=\"text-align:center\"><picture><source media=\"(max-width: 440px)\" srcset=\"https:\/\/fotos.perfil.com\/\/2025\/11\/05\/440\/0\/unafa-2131867.jpg?webp\"\/><source media=\"(max-width: 1019px)\" srcset=\"https:\/\/fotos.perfil.com\/\/2025\/11\/05\/712\/0\/unafa-2131867.jpg?webp\"\/><img decoding=\"async\" style=\"max-width: 100%; width: 100%;\" alt=\"UNAFA\" src=\"https:\/\/fotos.perfil.com\/\/2025\/11\/05\/900\/0\/unafa-2131867.jpg?webp\" loading=\"lazy\"\/><\/picture><\/p>\n<p>Al otro d\u00eda, la <strong>AFA<\/strong> public\u00f3 un comunicado en respuesta y rechazo a lo ocurrido. \u201cUna nueva embestida contra la educaci\u00f3n. Cumplimos todos los requisitos legales establecidos por la normativa actual para la etapa actual y seguimos los pasos para nuestro desarrollo seg\u00fan lo prescripto en la ley vigente y enteramente a disposici\u00f3n de los requerimientos de las autoridades respectivas\u201d.<\/p>\n<p>A pesar de las afirmaciones de la casa madre del f\u00fatbol argentino, dos d\u00edas despu\u00e9s dieron de baja el <strong>sitio web de UnAFA<\/strong>.<\/p>\n<p class=\"destacadoNota\"><a target=\"_blank\" href=\"https:\/\/www.perfil.com\/noticias\/judiciales\/pablo-toviggino-figura-como-autonomo-en-arca-declaro-ingresos-millonarios-y-no-pago-ganancias-en-2024.phtml\">Pablo Toviggino figura como aut\u00f3nomo en ARCA, declar\u00f3 ingresos millonarios y no pag\u00f3 Ganancias en 2024<\/a><\/p>\n<p>El <strong>30 de diciembre de 2025<\/strong>, la <strong>Subsecretar\u00eda de Pol\u00edticas Universitarias<\/strong> intim\u00f3 formalmente a la <strong>AFA<\/strong> a corregir el <strong>uso indebido de la denominaci\u00f3n \u201cUniversidad\u201d<\/strong> y la difusi\u00f3n de <strong>carreras de grado y posgrado bajo el nombre UnAFA<\/strong>. Aunque desde la entidad sostuvieron que las siglas correspond\u00edan a <strong>\u201cUnidad de Nuevos Aprendizajes\u201d<\/strong> y que se trataba \u00fanicamente de un centro de formaci\u00f3n, la cartera detect\u00f3 que en su <strong>Asamblea<\/strong>, en piezas audiovisuales oficiales y en redes sociales se presentaba de manera expl\u00edcita como una <strong>\u201cUniversidad\u201d<\/strong>, con <strong>oferta acad\u00e9mica prevista para 2026<\/strong>.<\/p>\n<p style=\"text-align:center\"><picture><source media=\"(max-width: 440px)\" srcset=\"https:\/\/fotos.perfil.com\/\/2026\/05\/03\/440\/0\/unafa-2232336.jpg?webp\"\/><source media=\"(max-width: 1019px)\" srcset=\"https:\/\/fotos.perfil.com\/\/2026\/05\/03\/712\/0\/unafa-2232336.jpg?webp\"\/><img decoding=\"async\" style=\"max-width: 100%; width: 100%;\" alt=\"UnAFA\" src=\"https:\/\/fotos.perfil.com\/\/2026\/05\/03\/900\/0\/unafa-2232336.jpg?webp\" loading=\"lazy\"\/><\/picture><\/p>\n<p>Frente a esa situaci\u00f3n, la <strong>Subsecretar\u00eda<\/strong> le exigi\u00f3 adecuar toda su <strong>comunicaci\u00f3n institucional<\/strong> a la normativa vigente y advirti\u00f3 que, en caso de incumplimiento, podr\u00edan aplicarse <strong>sanciones en el marco del art\u00edculo 68 de la Ley de Educaci\u00f3n Superior<\/strong>.<\/p>\n<p>RG<\/p>\n<\/p><\/div>\n<p><script>\n                !function(f,b,e,v,n,t,s)\n                {if(f.fbq)return;n=f.fbq=function(){n.callMethod?\n                    n.callMethod.apply(n,arguments):n.queue.push(arguments)};\n                    if(!f._fbq)f._fbq=n;n.push=n;n.loaded=!0;n.version='2.0';\n                    n.queue=[];t=b.createElement(e);t.async=!0;\n                    t.src=v;s=b.getElementsByTagName(e)[0];\n                    s.parentNode.insertBefore(t,s)}(window, document,'script',\n                    'https:\/\/connect.facebook.net\/en_US\/fbevents.js');\n                window.paywallConfig.facebook_pixel=\"1000228364089342\"\n            <\/script><\/p>\n","protected":false},"excerpt":{"rendered":"<p>Javier Horacio Faroni es un personaje clave en muchas de las pol\u00e9micas que giran en torno a la AFA de Claudio Chiqui Tapia y su mano derecha Pablo Toviggino. Y entre las cosas que van trascendiendo de los manejos de AFA, se conoci\u00f3 que la promocionada Universidad de la Asociaci\u00f3n del F\u00fatbol Argentino (UnAFA) en [&hellip;]<\/p>\n","protected":false},"author":2,"featured_media":194413,"comment_status":"closed","ping_status":"closed","sticky":false,"template":"","format":"standard","meta":{"footnotes":""},"categories":[25],"tags":[],"class_list":["post-194412","post","type-post","status-publish","format-standard","has-post-thumbnail","hentry","category-nacionales"],"yoast_head":"<!-- This site is optimized with the Yoast SEO plugin v24.4 - https:\/\/yoast.com\/wordpress\/plugins\/seo\/ -->\n<title>M\u00e1s &#039;curiosidades&#039; en AFA: la universidad UnAFA est\u00e1 a nombre de la sociedad de Javier Faroni y su esposa - GYS NOTICIAS |<\/title>\n<meta name=\"robots\" content=\"index, follow, max-snippet:-1, max-image-preview:large, max-video-preview:-1\" \/>\n<link rel=\"canonical\" href=\"https:\/\/gysfm.com.ar\/inicio\/mas-curiosidades-en-afa-la-universidad-unafa-esta-a-nombre-de-la-sociedad-de-javier-faroni-y-su-esposa\/\" \/>\n<meta property=\"og:locale\" content=\"es_ES\" \/>\n<meta property=\"og:type\" content=\"article\" \/>\n<meta property=\"og:title\" content=\"M\u00e1s &#039;curiosidades&#039; en AFA: la universidad UnAFA est\u00e1 a nombre de la sociedad de Javier Faroni y su esposa - GYS NOTICIAS |\" \/>\n<meta property=\"og:description\" content=\"Javier Horacio Faroni es un personaje clave en muchas de las pol\u00e9micas que giran en torno a la AFA de Claudio Chiqui Tapia y su mano derecha Pablo Toviggino. Y entre las cosas que van trascendiendo de los manejos de AFA, se conoci\u00f3 que la promocionada Universidad de la Asociaci\u00f3n del F\u00fatbol Argentino (UnAFA) en [&hellip;]\" \/>\n<meta property=\"og:url\" content=\"https:\/\/gysfm.com.ar\/inicio\/mas-curiosidades-en-afa-la-universidad-unafa-esta-a-nombre-de-la-sociedad-de-javier-faroni-y-su-esposa\/\" \/>\n<meta property=\"og:site_name\" content=\"GYS NOTICIAS |\" \/>\n<meta property=\"article:published_time\" content=\"2026-05-03T10:49:20+00:00\" \/>\n<meta property=\"og:image\" content=\"https:\/\/fotos.perfil.com\/\/2026\/05\/03\/900\/0\/unafa-2232334.jpg?webp\" \/>\n<meta name=\"author\" content=\"Prensa G&amp;S FM\" \/>\n<meta name=\"twitter:card\" content=\"summary_large_image\" \/>\n<meta name=\"twitter:label1\" content=\"Escrito por\" \/>\n\t<meta name=\"twitter:data1\" content=\"Prensa G&amp;S FM\" \/>\n\t<meta name=\"twitter:label2\" content=\"Tiempo de lectura\" \/>\n\t<meta name=\"twitter:data2\" content=\"4 minutos\" \/>\n<script type=\"application\/ld+json\" class=\"yoast-schema-graph\">{\"@context\":\"https:\/\/schema.org\",\"@graph\":[{\"@type\":\"Article\",\"@id\":\"https:\/\/gysfm.com.ar\/inicio\/mas-curiosidades-en-afa-la-universidad-unafa-esta-a-nombre-de-la-sociedad-de-javier-faroni-y-su-esposa\/#article\",\"isPartOf\":{\"@id\":\"https:\/\/gysfm.com.ar\/inicio\/mas-curiosidades-en-afa-la-universidad-unafa-esta-a-nombre-de-la-sociedad-de-javier-faroni-y-su-esposa\/\"},\"author\":{\"name\":\"Prensa G&amp;S FM\",\"@id\":\"https:\/\/gysfm.com.ar\/inicio\/#\/schema\/person\/3abba7593ef2ad19e1be221d54383dc5\"},\"headline\":\"M\u00e1s &#8216;curiosidades&#8217; en AFA: la universidad UnAFA est\u00e1 a nombre de la sociedad de Javier Faroni y su esposa\",\"datePublished\":\"2026-05-03T10:49:20+00:00\",\"mainEntityOfPage\":{\"@id\":\"https:\/\/gysfm.com.ar\/inicio\/mas-curiosidades-en-afa-la-universidad-unafa-esta-a-nombre-de-la-sociedad-de-javier-faroni-y-su-esposa\/\"},\"wordCount\":838,\"publisher\":{\"@id\":\"https:\/\/gysfm.com.ar\/inicio\/#organization\"},\"image\":{\"@id\":\"https:\/\/gysfm.com.ar\/inicio\/mas-curiosidades-en-afa-la-universidad-unafa-esta-a-nombre-de-la-sociedad-de-javier-faroni-y-su-esposa\/#primaryimage\"},\"thumbnailUrl\":\"https:\/\/gysfm.com.ar\/inicio\/wp-content\/uploads\/2026\/05\/javier-faroni-26042026-2227949.jpg\",\"articleSection\":[\"NACIONALES\"],\"inLanguage\":\"es\"},{\"@type\":\"WebPage\",\"@id\":\"https:\/\/gysfm.com.ar\/inicio\/mas-curiosidades-en-afa-la-universidad-unafa-esta-a-nombre-de-la-sociedad-de-javier-faroni-y-su-esposa\/\",\"url\":\"https:\/\/gysfm.com.ar\/inicio\/mas-curiosidades-en-afa-la-universidad-unafa-esta-a-nombre-de-la-sociedad-de-javier-faroni-y-su-esposa\/\",\"name\":\"M\u00e1s 'curiosidades' en AFA: la universidad UnAFA est\u00e1 a nombre de la sociedad de Javier Faroni y su esposa - GYS NOTICIAS |\",\"isPartOf\":{\"@id\":\"https:\/\/gysfm.com.ar\/inicio\/#website\"},\"primaryImageOfPage\":{\"@id\":\"https:\/\/gysfm.com.ar\/inicio\/mas-curiosidades-en-afa-la-universidad-unafa-esta-a-nombre-de-la-sociedad-de-javier-faroni-y-su-esposa\/#primaryimage\"},\"image\":{\"@id\":\"https:\/\/gysfm.com.ar\/inicio\/mas-curiosidades-en-afa-la-universidad-unafa-esta-a-nombre-de-la-sociedad-de-javier-faroni-y-su-esposa\/#primaryimage\"},\"thumbnailUrl\":\"https:\/\/gysfm.com.ar\/inicio\/wp-content\/uploads\/2026\/05\/javier-faroni-26042026-2227949.jpg\",\"datePublished\":\"2026-05-03T10:49:20+00:00\",\"breadcrumb\":{\"@id\":\"https:\/\/gysfm.com.ar\/inicio\/mas-curiosidades-en-afa-la-universidad-unafa-esta-a-nombre-de-la-sociedad-de-javier-faroni-y-su-esposa\/#breadcrumb\"},\"inLanguage\":\"es\",\"potentialAction\":[{\"@type\":\"ReadAction\",\"target\":[\"https:\/\/gysfm.com.ar\/inicio\/mas-curiosidades-en-afa-la-universidad-unafa-esta-a-nombre-de-la-sociedad-de-javier-faroni-y-su-esposa\/\"]}]},{\"@type\":\"ImageObject\",\"inLanguage\":\"es\",\"@id\":\"https:\/\/gysfm.com.ar\/inicio\/mas-curiosidades-en-afa-la-universidad-unafa-esta-a-nombre-de-la-sociedad-de-javier-faroni-y-su-esposa\/#primaryimage\",\"url\":\"https:\/\/gysfm.com.ar\/inicio\/wp-content\/uploads\/2026\/05\/javier-faroni-26042026-2227949.jpg\",\"contentUrl\":\"https:\/\/gysfm.com.ar\/inicio\/wp-content\/uploads\/2026\/05\/javier-faroni-26042026-2227949.jpg\",\"width\":1140,\"height\":641},{\"@type\":\"BreadcrumbList\",\"@id\":\"https:\/\/gysfm.com.ar\/inicio\/mas-curiosidades-en-afa-la-universidad-unafa-esta-a-nombre-de-la-sociedad-de-javier-faroni-y-su-esposa\/#breadcrumb\",\"itemListElement\":[{\"@type\":\"ListItem\",\"position\":1,\"name\":\"Portada\",\"item\":\"https:\/\/gysfm.com.ar\/inicio\/\"},{\"@type\":\"ListItem\",\"position\":2,\"name\":\"M\u00e1s &#8216;curiosidades&#8217; en AFA: la universidad UnAFA est\u00e1 a nombre de la sociedad de Javier Faroni y su esposa\"}]},{\"@type\":\"WebSite\",\"@id\":\"https:\/\/gysfm.com.ar\/inicio\/#website\",\"url\":\"https:\/\/gysfm.com.ar\/inicio\/\",\"name\":\"GYS NOTICIAS |\",\"description\":\"DIARIO - RADIO ONLINE SAN JUAN ARGENTINA\",\"publisher\":{\"@id\":\"https:\/\/gysfm.com.ar\/inicio\/#organization\"},\"potentialAction\":[{\"@type\":\"SearchAction\",\"target\":{\"@type\":\"EntryPoint\",\"urlTemplate\":\"https:\/\/gysfm.com.ar\/inicio\/?s={search_term_string}\"},\"query-input\":{\"@type\":\"PropertyValueSpecification\",\"valueRequired\":true,\"valueName\":\"search_term_string\"}}],\"inLanguage\":\"es\"},{\"@type\":\"Organization\",\"@id\":\"https:\/\/gysfm.com.ar\/inicio\/#organization\",\"name\":\"GYS NOTICIAS |\",\"url\":\"https:\/\/gysfm.com.ar\/inicio\/\",\"logo\":{\"@type\":\"ImageObject\",\"inLanguage\":\"es\",\"@id\":\"https:\/\/gysfm.com.ar\/inicio\/#\/schema\/logo\/image\/\",\"url\":\"https:\/\/gysfm.com.ar\/inicio\/wp-content\/uploads\/2023\/07\/LOGOGYS-OK.png\",\"contentUrl\":\"https:\/\/gysfm.com.ar\/inicio\/wp-content\/uploads\/2023\/07\/LOGOGYS-OK.png\",\"width\":1170,\"height\":872,\"caption\":\"GYS NOTICIAS |\"},\"image\":{\"@id\":\"https:\/\/gysfm.com.ar\/inicio\/#\/schema\/logo\/image\/\"}},{\"@type\":\"Person\",\"@id\":\"https:\/\/gysfm.com.ar\/inicio\/#\/schema\/person\/3abba7593ef2ad19e1be221d54383dc5\",\"name\":\"Prensa G&amp;S FM\",\"image\":{\"@type\":\"ImageObject\",\"inLanguage\":\"es\",\"@id\":\"https:\/\/gysfm.com.ar\/inicio\/#\/schema\/person\/image\/\",\"url\":\"https:\/\/secure.gravatar.com\/avatar\/096ec78df02049ab018702bb4ccedf659377fa92a26540b5247612077a0dbd29?s=96&d=mm&r=g\",\"contentUrl\":\"https:\/\/secure.gravatar.com\/avatar\/096ec78df02049ab018702bb4ccedf659377fa92a26540b5247612077a0dbd29?s=96&d=mm&r=g\",\"caption\":\"Prensa G&amp;S FM\"},\"sameAs\":[\"https:\/\/gysfm.com.ar\/\"],\"url\":\"https:\/\/gysfm.com.ar\/inicio\/author\/lucasm\/\"}]}<\/script>\n<!-- \/ Yoast SEO plugin. -->","yoast_head_json":{"title":"M\u00e1s 'curiosidades' en AFA: la universidad UnAFA est\u00e1 a nombre de la sociedad de Javier Faroni y su esposa - GYS NOTICIAS |","robots":{"index":"index","follow":"follow","max-snippet":"max-snippet:-1","max-image-preview":"max-image-preview:large","max-video-preview":"max-video-preview:-1"},"canonical":"https:\/\/gysfm.com.ar\/inicio\/mas-curiosidades-en-afa-la-universidad-unafa-esta-a-nombre-de-la-sociedad-de-javier-faroni-y-su-esposa\/","og_locale":"es_ES","og_type":"article","og_title":"M\u00e1s 'curiosidades' en AFA: la universidad UnAFA est\u00e1 a nombre de la sociedad de Javier Faroni y su esposa - GYS NOTICIAS |","og_description":"Javier Horacio Faroni es un personaje clave en muchas de las pol\u00e9micas que giran en torno a la AFA de Claudio Chiqui Tapia y su mano derecha Pablo Toviggino. Y entre las cosas que van trascendiendo de los manejos de AFA, se conoci\u00f3 que la promocionada Universidad de la Asociaci\u00f3n del F\u00fatbol Argentino (UnAFA) en [&hellip;]","og_url":"https:\/\/gysfm.com.ar\/inicio\/mas-curiosidades-en-afa-la-universidad-unafa-esta-a-nombre-de-la-sociedad-de-javier-faroni-y-su-esposa\/","og_site_name":"GYS NOTICIAS |","article_published_time":"2026-05-03T10:49:20+00:00","og_image":[{"url":"https:\/\/fotos.perfil.com\/\/2026\/05\/03\/900\/0\/unafa-2232334.jpg?webp","type":"","width":"","height":""}],"author":"Prensa G&amp;S FM","twitter_card":"summary_large_image","twitter_misc":{"Escrito por":"Prensa G&amp;S FM","Tiempo de lectura":"4 minutos"},"schema":{"@context":"https:\/\/schema.org","@graph":[{"@type":"Article","@id":"https:\/\/gysfm.com.ar\/inicio\/mas-curiosidades-en-afa-la-universidad-unafa-esta-a-nombre-de-la-sociedad-de-javier-faroni-y-su-esposa\/#article","isPartOf":{"@id":"https:\/\/gysfm.com.ar\/inicio\/mas-curiosidades-en-afa-la-universidad-unafa-esta-a-nombre-de-la-sociedad-de-javier-faroni-y-su-esposa\/"},"author":{"name":"Prensa G&amp;S FM","@id":"https:\/\/gysfm.com.ar\/inicio\/#\/schema\/person\/3abba7593ef2ad19e1be221d54383dc5"},"headline":"M\u00e1s &#8216;curiosidades&#8217; en AFA: la universidad UnAFA est\u00e1 a nombre de la sociedad de Javier Faroni y su esposa","datePublished":"2026-05-03T10:49:20+00:00","mainEntityOfPage":{"@id":"https:\/\/gysfm.com.ar\/inicio\/mas-curiosidades-en-afa-la-universidad-unafa-esta-a-nombre-de-la-sociedad-de-javier-faroni-y-su-esposa\/"},"wordCount":838,"publisher":{"@id":"https:\/\/gysfm.com.ar\/inicio\/#organization"},"image":{"@id":"https:\/\/gysfm.com.ar\/inicio\/mas-curiosidades-en-afa-la-universidad-unafa-esta-a-nombre-de-la-sociedad-de-javier-faroni-y-su-esposa\/#primaryimage"},"thumbnailUrl":"https:\/\/gysfm.com.ar\/inicio\/wp-content\/uploads\/2026\/05\/javier-faroni-26042026-2227949.jpg","articleSection":["NACIONALES"],"inLanguage":"es"},{"@type":"WebPage","@id":"https:\/\/gysfm.com.ar\/inicio\/mas-curiosidades-en-afa-la-universidad-unafa-esta-a-nombre-de-la-sociedad-de-javier-faroni-y-su-esposa\/","url":"https:\/\/gysfm.com.ar\/inicio\/mas-curiosidades-en-afa-la-universidad-unafa-esta-a-nombre-de-la-sociedad-de-javier-faroni-y-su-esposa\/","name":"M\u00e1s 'curiosidades' en AFA: la universidad UnAFA est\u00e1 a nombre de la sociedad de Javier Faroni y su esposa - GYS NOTICIAS |","isPartOf":{"@id":"https:\/\/gysfm.com.ar\/inicio\/#website"},"primaryImageOfPage":{"@id":"https:\/\/gysfm.com.ar\/inicio\/mas-curiosidades-en-afa-la-universidad-unafa-esta-a-nombre-de-la-sociedad-de-javier-faroni-y-su-esposa\/#primaryimage"},"image":{"@id":"https:\/\/gysfm.com.ar\/inicio\/mas-curiosidades-en-afa-la-universidad-unafa-esta-a-nombre-de-la-sociedad-de-javier-faroni-y-su-esposa\/#primaryimage"},"thumbnailUrl":"https:\/\/gysfm.com.ar\/inicio\/wp-content\/uploads\/2026\/05\/javier-faroni-26042026-2227949.jpg","datePublished":"2026-05-03T10:49:20+00:00","breadcrumb":{"@id":"https:\/\/gysfm.com.ar\/inicio\/mas-curiosidades-en-afa-la-universidad-unafa-esta-a-nombre-de-la-sociedad-de-javier-faroni-y-su-esposa\/#breadcrumb"},"inLanguage":"es","potentialAction":[{"@type":"ReadAction","target":["https:\/\/gysfm.com.ar\/inicio\/mas-curiosidades-en-afa-la-universidad-unafa-esta-a-nombre-de-la-sociedad-de-javier-faroni-y-su-esposa\/"]}]},{"@type":"ImageObject","inLanguage":"es","@id":"https:\/\/gysfm.com.ar\/inicio\/mas-curiosidades-en-afa-la-universidad-unafa-esta-a-nombre-de-la-sociedad-de-javier-faroni-y-su-esposa\/#primaryimage","url":"https:\/\/gysfm.com.ar\/inicio\/wp-content\/uploads\/2026\/05\/javier-faroni-26042026-2227949.jpg","contentUrl":"https:\/\/gysfm.com.ar\/inicio\/wp-content\/uploads\/2026\/05\/javier-faroni-26042026-2227949.jpg","width":1140,"height":641},{"@type":"BreadcrumbList","@id":"https:\/\/gysfm.com.ar\/inicio\/mas-curiosidades-en-afa-la-universidad-unafa-esta-a-nombre-de-la-sociedad-de-javier-faroni-y-su-esposa\/#breadcrumb","itemListElement":[{"@type":"ListItem","position":1,"name":"Portada","item":"https:\/\/gysfm.com.ar\/inicio\/"},{"@type":"ListItem","position":2,"name":"M\u00e1s &#8216;curiosidades&#8217; en AFA: la universidad UnAFA est\u00e1 a nombre de la sociedad de Javier Faroni y su esposa"}]},{"@type":"WebSite","@id":"https:\/\/gysfm.com.ar\/inicio\/#website","url":"https:\/\/gysfm.com.ar\/inicio\/","name":"GYS NOTICIAS |","description":"DIARIO - RADIO ONLINE SAN JUAN ARGENTINA","publisher":{"@id":"https:\/\/gysfm.com.ar\/inicio\/#organization"},"potentialAction":[{"@type":"SearchAction","target":{"@type":"EntryPoint","urlTemplate":"https:\/\/gysfm.com.ar\/inicio\/?s={search_term_string}"},"query-input":{"@type":"PropertyValueSpecification","valueRequired":true,"valueName":"search_term_string"}}],"inLanguage":"es"},{"@type":"Organization","@id":"https:\/\/gysfm.com.ar\/inicio\/#organization","name":"GYS NOTICIAS |","url":"https:\/\/gysfm.com.ar\/inicio\/","logo":{"@type":"ImageObject","inLanguage":"es","@id":"https:\/\/gysfm.com.ar\/inicio\/#\/schema\/logo\/image\/","url":"https:\/\/gysfm.com.ar\/inicio\/wp-content\/uploads\/2023\/07\/LOGOGYS-OK.png","contentUrl":"https:\/\/gysfm.com.ar\/inicio\/wp-content\/uploads\/2023\/07\/LOGOGYS-OK.png","width":1170,"height":872,"caption":"GYS NOTICIAS |"},"image":{"@id":"https:\/\/gysfm.com.ar\/inicio\/#\/schema\/logo\/image\/"}},{"@type":"Person","@id":"https:\/\/gysfm.com.ar\/inicio\/#\/schema\/person\/3abba7593ef2ad19e1be221d54383dc5","name":"Prensa G&amp;S FM","image":{"@type":"ImageObject","inLanguage":"es","@id":"https:\/\/gysfm.com.ar\/inicio\/#\/schema\/person\/image\/","url":"https:\/\/secure.gravatar.com\/avatar\/096ec78df02049ab018702bb4ccedf659377fa92a26540b5247612077a0dbd29?s=96&d=mm&r=g","contentUrl":"https:\/\/secure.gravatar.com\/avatar\/096ec78df02049ab018702bb4ccedf659377fa92a26540b5247612077a0dbd29?s=96&d=mm&r=g","caption":"Prensa G&amp;S FM"},"sameAs":["https:\/\/gysfm.com.ar\/"],"url":"https:\/\/gysfm.com.ar\/inicio\/author\/lucasm\/"}]}},"_links":{"self":[{"href":"https:\/\/gysfm.com.ar\/inicio\/wp-json\/wp\/v2\/posts\/194412","targetHints":{"allow":["GET"]}}],"collection":[{"href":"https:\/\/gysfm.com.ar\/inicio\/wp-json\/wp\/v2\/posts"}],"about":[{"href":"https:\/\/gysfm.com.ar\/inicio\/wp-json\/wp\/v2\/types\/post"}],"author":[{"embeddable":true,"href":"https:\/\/gysfm.com.ar\/inicio\/wp-json\/wp\/v2\/users\/2"}],"replies":[{"embeddable":true,"href":"https:\/\/gysfm.com.ar\/inicio\/wp-json\/wp\/v2\/comments?post=194412"}],"version-history":[{"count":0,"href":"https:\/\/gysfm.com.ar\/inicio\/wp-json\/wp\/v2\/posts\/194412\/revisions"}],"wp:featuredmedia":[{"embeddable":true,"href":"https:\/\/gysfm.com.ar\/inicio\/wp-json\/wp\/v2\/media\/194413"}],"wp:attachment":[{"href":"https:\/\/gysfm.com.ar\/inicio\/wp-json\/wp\/v2\/media?parent=194412"}],"wp:term":[{"taxonomy":"category","embeddable":true,"href":"https:\/\/gysfm.com.ar\/inicio\/wp-json\/wp\/v2\/categories?post=194412"},{"taxonomy":"post_tag","embeddable":true,"href":"https:\/\/gysfm.com.ar\/inicio\/wp-json\/wp\/v2\/tags?post=194412"}],"curies":[{"name":"wp","href":"https:\/\/api.w.org\/{rel}","templated":true}]}}