{"id":194408,"date":"2026-05-03T07:18:09","date_gmt":"2026-05-03T10:18:09","guid":{"rendered":"https:\/\/gysfm.com.ar\/inicio\/en-el-dia-mundial-de-la-libertad-de-prensa-adepa-llama-a-reafirmar-el-reconocimiento-y-el-respeto-al-trabajo-periodistico\/"},"modified":"2026-05-03T07:18:09","modified_gmt":"2026-05-03T10:18:09","slug":"en-el-dia-mundial-de-la-libertad-de-prensa-adepa-llama-a-reafirmar-el-reconocimiento-y-el-respeto-al-trabajo-periodistico","status":"publish","type":"post","link":"https:\/\/gysfm.com.ar\/inicio\/en-el-dia-mundial-de-la-libertad-de-prensa-adepa-llama-a-reafirmar-el-reconocimiento-y-el-respeto-al-trabajo-periodistico\/","title":{"rendered":"En el D\u00eda Mundial de la Libertad de Prensa, ADEPA llama a reafirmar el reconocimiento y el respeto al trabajo period\u00edstico"},"content":{"rendered":"<p><\/p>\n<div id=\"article-content\">\n<p>Este domingo 3 de Mayo es el <strong>D\u00eda Mundial de la Libertad de Prensa<\/strong>, y en ese marco la <strong>Asociaci\u00f3n de Entidades Period\u00edsticas Argentinas (ADEPA)<\/strong> llam\u00f3 a los poderes del Estado y a la sociedad en su conjunto a reflexionar sobre la importancia de garantizar <strong>una atm\u00f3sfera de reconocimiento y aceptaci\u00f3n hacia la labor period\u00edstica<\/strong>, como condici\u00f3n indispensable para el funcionamiento pleno de la vida democr\u00e1tica.<\/p>\n<div style=\"text-align:center\">\n<figure class=\"image\" style=\"display:inline-block\"><picture><source media=\"(max-width: 440px)\" srcset=\"https:\/\/fotos.perfil.com\/\/2026\/04\/25\/440\/0\/250426periodistascasarosadaprotestaafpg-2227425.jpg?webp\"\/><source media=\"(max-width: 1019px)\" srcset=\"https:\/\/fotos.perfil.com\/\/2026\/04\/25\/712\/0\/250426periodistascasarosadaprotestaafpg-2227425.jpg?webp\"\/><img decoding=\"async\" style=\"max-width: 100%; width: 100%;\" alt=\"250426_periodistas_casa_rosada_protesta_afp_g\" src=\"https:\/\/fotos.perfil.com\/\/2026\/04\/25\/900\/0\/250426periodistascasarosadaprotestaafpg-2227425.jpg?webp\" loading=\"lazy\"\/><\/picture><figcaption>Periodistas protestando en Casa Rosada<\/figcaption><\/figure>\n<\/p><\/div>\n<p>El ejercicio del <strong>periodismo libre, sin trabas ni presiones<\/strong>, constituye uno de los pilares del sistema republicano de gobierno. En las democracias consolidadas, el acceso a la informaci\u00f3n p\u00fablica, la posibilidad de indagar, preguntar y difundir hechos de inter\u00e9s p\u00fablico, as\u00ed como el respeto por el trabajo de los periodistas, forman parte de <strong>est\u00e1ndares esenciales para asegurar la transparencia institucional y la rendici\u00f3n de cuentas<\/strong>.<\/p>\n<p class=\"destacadoNota\"><a target=\"_blank\" href=\"https:\/\/www.perfil.com\/noticias\/politica\/casa-rosada-el-gobierno-reabre-la-sala-de-prensa-con-nuevas-restricciones-y-control-sobre-los-periodistas.phtml\">Casa Rosada: el Gobierno reabre la sala de prensa con nuevas restricciones y control sobre los periodistas<\/a><\/p>\n<div class=\"subscription\">\n<p>\n        Esto no les gusta a los autoritarios\n    <\/p>\n<div class=\"subscription__container\">\n<div class=\"subscription__text-wrapper\">\n<p>\n                El ejercicio del periodismo profesional y cr\u00edtico es un pilar fundamental de la democracia. Por eso molesta a quienes creen ser los due\u00f1os de la verdad.\n            <\/p>\n<\/p><\/div><\/div>\n<\/div>\n<p>ADEPA subraya que el reconocimiento del papel de la prensa no debe limitarse a declaraciones formales, sino expresarse en <strong>conductas concretas por parte de los distintos actores de la sociedad<\/strong>. Una especial responsabilidad tienen los representantes de los poderes p\u00fablicos y, dentro de ellos, <strong>las m\u00e1s altas autoridades de la Naci\u00f3n<\/strong>. La descalificaci\u00f3n, la agresi\u00f3n verbal o cualquier forma de hostigamiento hacia periodistas y medios no solo afectan a quienes ejercen la profesi\u00f3n, sino que <strong>empobrecen el debate p\u00fablico y debilitan la calidad democr\u00e1tica<\/strong>.<\/p>\n<p style=\"text-align:center\"><picture><source media=\"(max-width: 440px)\" srcset=\"https:\/\/fotos.perfil.com\/\/2026\/04\/17\/440\/0\/devolvieron-las-acreditaciones-a-los-periodistas-en-casa-de-gobierno-17042026-2222738.jpg?webp\"\/><source media=\"(max-width: 1019px)\" srcset=\"https:\/\/fotos.perfil.com\/\/2026\/04\/17\/712\/0\/devolvieron-las-acreditaciones-a-los-periodistas-en-casa-de-gobierno-17042026-2222738.jpg?webp\"\/><img decoding=\"async\" style=\"max-width: 100%; width: 100%;\" alt=\"Devolvieron las acreditaciones a los periodistas en casa de gobierno 17042026\" src=\"https:\/\/fotos.perfil.com\/\/2026\/04\/17\/900\/0\/devolvieron-las-acreditaciones-a-los-periodistas-en-casa-de-gobierno-17042026-2222738.jpg?webp\" loading=\"lazy\"\/><\/picture><\/p>\n<p>El respeto por <strong>la diversidad de opiniones<\/strong>, la convivencia en el disenso y la aceptaci\u00f3n del escrutinio period\u00edstico son valores que deben ser promovidos activamente, especialmente por quienes tienen responsabilidades institucionales.<\/p>\n<p class=\"destacadoNota\"><a target=\"_blank\" href=\"https:\/\/www.perfil.com\/noticias\/actualidad\/reabren-la-sala-de-prensa-de-casa-rosada-y-el-lunes-habra-conferencia-de-manuel-adorni.phtml\">Reabren la Sala de Prensa de Casa Rosada y el lunes habr\u00e1 conferencia de Manuel Adorni<\/a><\/p>\n<p>El acceso a la informaci\u00f3n y la libertad de expresi\u00f3n no son prerrogativas sectoriales, sino <strong>derechos fundamentales de la ciudadan\u00eda<\/strong>. Su vigencia efectiva requiere de <strong>un entorno donde el periodismo pueda desarrollarse con independencia<\/strong>, sin restricciones indebidas ni presiones.<\/p>\n<p>En este <strong>D\u00eda Mundial de la Libertad de Prensa<\/strong>, <strong>ADEPA reafirm\u00f3 su compromiso con la defensa de estos principios<\/strong> y convoc\u00f3 a todos los sectores a fortalecer <strong>una cultura democr\u00e1tica basada en el respeto, la pluralidad y la libertad<\/strong>.<\/p>\n<\/p><\/div>\n<p><script>\n                !function(f,b,e,v,n,t,s)\n                {if(f.fbq)return;n=f.fbq=function(){n.callMethod?\n                    n.callMethod.apply(n,arguments):n.queue.push(arguments)};\n                    if(!f._fbq)f._fbq=n;n.push=n;n.loaded=!0;n.version='2.0';\n                    n.queue=[];t=b.createElement(e);t.async=!0;\n                    t.src=v;s=b.getElementsByTagName(e)[0];\n                    s.parentNode.insertBefore(t,s)}(window, document,'script',\n                    'https:\/\/connect.facebook.net\/en_US\/fbevents.js');\n                window.paywallConfig.facebook_pixel=\"1000228364089342\"\n            <\/script><\/p>\n","protected":false},"excerpt":{"rendered":"<p>Este domingo 3 de Mayo es el D\u00eda Mundial de la Libertad de Prensa, y en ese marco la Asociaci\u00f3n de Entidades Period\u00edsticas Argentinas (ADEPA) llam\u00f3 a los poderes del Estado y a la sociedad en su conjunto a reflexionar sobre la importancia de garantizar una atm\u00f3sfera de reconocimiento y aceptaci\u00f3n hacia la labor period\u00edstica, [&hellip;]<\/p>\n","protected":false},"author":2,"featured_media":192651,"comment_status":"closed","ping_status":"closed","sticky":false,"template":"","format":"standard","meta":{"footnotes":""},"categories":[25],"tags":[],"class_list":["post-194408","post","type-post","status-publish","format-standard","has-post-thumbnail","hentry","category-nacionales"],"yoast_head":"<!-- This site is optimized with the Yoast SEO plugin v24.4 - https:\/\/yoast.com\/wordpress\/plugins\/seo\/ -->\n<title>En el D\u00eda Mundial de la Libertad de Prensa, ADEPA llama a reafirmar el reconocimiento y el respeto al trabajo period\u00edstico - GYS NOTICIAS |<\/title>\n<meta name=\"robots\" content=\"index, follow, max-snippet:-1, max-image-preview:large, max-video-preview:-1\" \/>\n<link rel=\"canonical\" href=\"https:\/\/gysfm.com.ar\/inicio\/en-el-dia-mundial-de-la-libertad-de-prensa-adepa-llama-a-reafirmar-el-reconocimiento-y-el-respeto-al-trabajo-periodistico\/\" \/>\n<meta property=\"og:locale\" content=\"es_ES\" \/>\n<meta property=\"og:type\" content=\"article\" \/>\n<meta property=\"og:title\" content=\"En el D\u00eda Mundial de la Libertad de Prensa, ADEPA llama a reafirmar el reconocimiento y el respeto al trabajo period\u00edstico - GYS NOTICIAS |\" \/>\n<meta property=\"og:description\" content=\"Este domingo 3 de Mayo es el D\u00eda Mundial de la Libertad de Prensa, y en ese marco la Asociaci\u00f3n de Entidades Period\u00edsticas Argentinas (ADEPA) llam\u00f3 a los poderes del Estado y a la sociedad en su conjunto a reflexionar sobre la importancia de garantizar una atm\u00f3sfera de reconocimiento y aceptaci\u00f3n hacia la labor period\u00edstica, [&hellip;]\" \/>\n<meta property=\"og:url\" content=\"https:\/\/gysfm.com.ar\/inicio\/en-el-dia-mundial-de-la-libertad-de-prensa-adepa-llama-a-reafirmar-el-reconocimiento-y-el-respeto-al-trabajo-periodistico\/\" \/>\n<meta property=\"og:site_name\" content=\"GYS NOTICIAS |\" \/>\n<meta property=\"article:published_time\" content=\"2026-05-03T10:18:09+00:00\" \/>\n<meta property=\"og:image\" content=\"https:\/\/fotos.perfil.com\/\/2026\/04\/25\/900\/0\/250426periodistascasarosadaprotestaafpg-2227425.jpg?webp\" \/>\n<meta name=\"author\" content=\"Prensa G&amp;S FM\" \/>\n<meta name=\"twitter:card\" content=\"summary_large_image\" \/>\n<meta name=\"twitter:label1\" content=\"Escrito por\" \/>\n\t<meta name=\"twitter:data1\" content=\"Prensa G&amp;S FM\" \/>\n\t<meta name=\"twitter:label2\" content=\"Tiempo de lectura\" \/>\n\t<meta name=\"twitter:data2\" content=\"2 minutos\" \/>\n<script type=\"application\/ld+json\" class=\"yoast-schema-graph\">{\"@context\":\"https:\/\/schema.org\",\"@graph\":[{\"@type\":\"Article\",\"@id\":\"https:\/\/gysfm.com.ar\/inicio\/en-el-dia-mundial-de-la-libertad-de-prensa-adepa-llama-a-reafirmar-el-reconocimiento-y-el-respeto-al-trabajo-periodistico\/#article\",\"isPartOf\":{\"@id\":\"https:\/\/gysfm.com.ar\/inicio\/en-el-dia-mundial-de-la-libertad-de-prensa-adepa-llama-a-reafirmar-el-reconocimiento-y-el-respeto-al-trabajo-periodistico\/\"},\"author\":{\"name\":\"Prensa G&amp;S FM\",\"@id\":\"https:\/\/gysfm.com.ar\/inicio\/#\/schema\/person\/3abba7593ef2ad19e1be221d54383dc5\"},\"headline\":\"En el D\u00eda Mundial de la Libertad de Prensa, ADEPA llama a reafirmar el reconocimiento y el respeto al trabajo period\u00edstico\",\"datePublished\":\"2026-05-03T10:18:09+00:00\",\"mainEntityOfPage\":{\"@id\":\"https:\/\/gysfm.com.ar\/inicio\/en-el-dia-mundial-de-la-libertad-de-prensa-adepa-llama-a-reafirmar-el-reconocimiento-y-el-respeto-al-trabajo-periodistico\/\"},\"wordCount\":448,\"publisher\":{\"@id\":\"https:\/\/gysfm.com.ar\/inicio\/#organization\"},\"image\":{\"@id\":\"https:\/\/gysfm.com.ar\/inicio\/en-el-dia-mundial-de-la-libertad-de-prensa-adepa-llama-a-reafirmar-el-reconocimiento-y-el-respeto-al-trabajo-periodistico\/#primaryimage\"},\"thumbnailUrl\":\"https:\/\/gysfm.com.ar\/inicio\/wp-content\/uploads\/2026\/04\/javier-milei-y-periodistas-2226196.jpg\",\"articleSection\":[\"NACIONALES\"],\"inLanguage\":\"es\"},{\"@type\":\"WebPage\",\"@id\":\"https:\/\/gysfm.com.ar\/inicio\/en-el-dia-mundial-de-la-libertad-de-prensa-adepa-llama-a-reafirmar-el-reconocimiento-y-el-respeto-al-trabajo-periodistico\/\",\"url\":\"https:\/\/gysfm.com.ar\/inicio\/en-el-dia-mundial-de-la-libertad-de-prensa-adepa-llama-a-reafirmar-el-reconocimiento-y-el-respeto-al-trabajo-periodistico\/\",\"name\":\"En el D\u00eda Mundial de la Libertad de Prensa, ADEPA llama a reafirmar el reconocimiento y el respeto al trabajo period\u00edstico - GYS NOTICIAS |\",\"isPartOf\":{\"@id\":\"https:\/\/gysfm.com.ar\/inicio\/#website\"},\"primaryImageOfPage\":{\"@id\":\"https:\/\/gysfm.com.ar\/inicio\/en-el-dia-mundial-de-la-libertad-de-prensa-adepa-llama-a-reafirmar-el-reconocimiento-y-el-respeto-al-trabajo-periodistico\/#primaryimage\"},\"image\":{\"@id\":\"https:\/\/gysfm.com.ar\/inicio\/en-el-dia-mundial-de-la-libertad-de-prensa-adepa-llama-a-reafirmar-el-reconocimiento-y-el-respeto-al-trabajo-periodistico\/#primaryimage\"},\"thumbnailUrl\":\"https:\/\/gysfm.com.ar\/inicio\/wp-content\/uploads\/2026\/04\/javier-milei-y-periodistas-2226196.jpg\",\"datePublished\":\"2026-05-03T10:18:09+00:00\",\"breadcrumb\":{\"@id\":\"https:\/\/gysfm.com.ar\/inicio\/en-el-dia-mundial-de-la-libertad-de-prensa-adepa-llama-a-reafirmar-el-reconocimiento-y-el-respeto-al-trabajo-periodistico\/#breadcrumb\"},\"inLanguage\":\"es\",\"potentialAction\":[{\"@type\":\"ReadAction\",\"target\":[\"https:\/\/gysfm.com.ar\/inicio\/en-el-dia-mundial-de-la-libertad-de-prensa-adepa-llama-a-reafirmar-el-reconocimiento-y-el-respeto-al-trabajo-periodistico\/\"]}]},{\"@type\":\"ImageObject\",\"inLanguage\":\"es\",\"@id\":\"https:\/\/gysfm.com.ar\/inicio\/en-el-dia-mundial-de-la-libertad-de-prensa-adepa-llama-a-reafirmar-el-reconocimiento-y-el-respeto-al-trabajo-periodistico\/#primaryimage\",\"url\":\"https:\/\/gysfm.com.ar\/inicio\/wp-content\/uploads\/2026\/04\/javier-milei-y-periodistas-2226196.jpg\",\"contentUrl\":\"https:\/\/gysfm.com.ar\/inicio\/wp-content\/uploads\/2026\/04\/javier-milei-y-periodistas-2226196.jpg\",\"width\":1140,\"height\":641},{\"@type\":\"BreadcrumbList\",\"@id\":\"https:\/\/gysfm.com.ar\/inicio\/en-el-dia-mundial-de-la-libertad-de-prensa-adepa-llama-a-reafirmar-el-reconocimiento-y-el-respeto-al-trabajo-periodistico\/#breadcrumb\",\"itemListElement\":[{\"@type\":\"ListItem\",\"position\":1,\"name\":\"Portada\",\"item\":\"https:\/\/gysfm.com.ar\/inicio\/\"},{\"@type\":\"ListItem\",\"position\":2,\"name\":\"En el D\u00eda Mundial de la Libertad de Prensa, ADEPA llama a reafirmar el reconocimiento y el respeto al trabajo period\u00edstico\"}]},{\"@type\":\"WebSite\",\"@id\":\"https:\/\/gysfm.com.ar\/inicio\/#website\",\"url\":\"https:\/\/gysfm.com.ar\/inicio\/\",\"name\":\"GYS NOTICIAS |\",\"description\":\"DIARIO - RADIO ONLINE SAN JUAN ARGENTINA\",\"publisher\":{\"@id\":\"https:\/\/gysfm.com.ar\/inicio\/#organization\"},\"potentialAction\":[{\"@type\":\"SearchAction\",\"target\":{\"@type\":\"EntryPoint\",\"urlTemplate\":\"https:\/\/gysfm.com.ar\/inicio\/?s={search_term_string}\"},\"query-input\":{\"@type\":\"PropertyValueSpecification\",\"valueRequired\":true,\"valueName\":\"search_term_string\"}}],\"inLanguage\":\"es\"},{\"@type\":\"Organization\",\"@id\":\"https:\/\/gysfm.com.ar\/inicio\/#organization\",\"name\":\"GYS NOTICIAS |\",\"url\":\"https:\/\/gysfm.com.ar\/inicio\/\",\"logo\":{\"@type\":\"ImageObject\",\"inLanguage\":\"es\",\"@id\":\"https:\/\/gysfm.com.ar\/inicio\/#\/schema\/logo\/image\/\",\"url\":\"https:\/\/gysfm.com.ar\/inicio\/wp-content\/uploads\/2023\/07\/LOGOGYS-OK.png\",\"contentUrl\":\"https:\/\/gysfm.com.ar\/inicio\/wp-content\/uploads\/2023\/07\/LOGOGYS-OK.png\",\"width\":1170,\"height\":872,\"caption\":\"GYS NOTICIAS |\"},\"image\":{\"@id\":\"https:\/\/gysfm.com.ar\/inicio\/#\/schema\/logo\/image\/\"}},{\"@type\":\"Person\",\"@id\":\"https:\/\/gysfm.com.ar\/inicio\/#\/schema\/person\/3abba7593ef2ad19e1be221d54383dc5\",\"name\":\"Prensa G&amp;S FM\",\"image\":{\"@type\":\"ImageObject\",\"inLanguage\":\"es\",\"@id\":\"https:\/\/gysfm.com.ar\/inicio\/#\/schema\/person\/image\/\",\"url\":\"https:\/\/secure.gravatar.com\/avatar\/096ec78df02049ab018702bb4ccedf659377fa92a26540b5247612077a0dbd29?s=96&d=mm&r=g\",\"contentUrl\":\"https:\/\/secure.gravatar.com\/avatar\/096ec78df02049ab018702bb4ccedf659377fa92a26540b5247612077a0dbd29?s=96&d=mm&r=g\",\"caption\":\"Prensa G&amp;S FM\"},\"sameAs\":[\"https:\/\/gysfm.com.ar\/\"],\"url\":\"https:\/\/gysfm.com.ar\/inicio\/author\/lucasm\/\"}]}<\/script>\n<!-- \/ Yoast SEO plugin. -->","yoast_head_json":{"title":"En el D\u00eda Mundial de la Libertad de Prensa, ADEPA llama a reafirmar el reconocimiento y el respeto al trabajo period\u00edstico - GYS NOTICIAS |","robots":{"index":"index","follow":"follow","max-snippet":"max-snippet:-1","max-image-preview":"max-image-preview:large","max-video-preview":"max-video-preview:-1"},"canonical":"https:\/\/gysfm.com.ar\/inicio\/en-el-dia-mundial-de-la-libertad-de-prensa-adepa-llama-a-reafirmar-el-reconocimiento-y-el-respeto-al-trabajo-periodistico\/","og_locale":"es_ES","og_type":"article","og_title":"En el D\u00eda Mundial de la Libertad de Prensa, ADEPA llama a reafirmar el reconocimiento y el respeto al trabajo period\u00edstico - GYS NOTICIAS |","og_description":"Este domingo 3 de Mayo es el D\u00eda Mundial de la Libertad de Prensa, y en ese marco la Asociaci\u00f3n de Entidades Period\u00edsticas Argentinas (ADEPA) llam\u00f3 a los poderes del Estado y a la sociedad en su conjunto a reflexionar sobre la importancia de garantizar una atm\u00f3sfera de reconocimiento y aceptaci\u00f3n hacia la labor period\u00edstica, [&hellip;]","og_url":"https:\/\/gysfm.com.ar\/inicio\/en-el-dia-mundial-de-la-libertad-de-prensa-adepa-llama-a-reafirmar-el-reconocimiento-y-el-respeto-al-trabajo-periodistico\/","og_site_name":"GYS NOTICIAS |","article_published_time":"2026-05-03T10:18:09+00:00","og_image":[{"url":"https:\/\/fotos.perfil.com\/\/2026\/04\/25\/900\/0\/250426periodistascasarosadaprotestaafpg-2227425.jpg?webp","type":"","width":"","height":""}],"author":"Prensa G&amp;S FM","twitter_card":"summary_large_image","twitter_misc":{"Escrito por":"Prensa G&amp;S FM","Tiempo de lectura":"2 minutos"},"schema":{"@context":"https:\/\/schema.org","@graph":[{"@type":"Article","@id":"https:\/\/gysfm.com.ar\/inicio\/en-el-dia-mundial-de-la-libertad-de-prensa-adepa-llama-a-reafirmar-el-reconocimiento-y-el-respeto-al-trabajo-periodistico\/#article","isPartOf":{"@id":"https:\/\/gysfm.com.ar\/inicio\/en-el-dia-mundial-de-la-libertad-de-prensa-adepa-llama-a-reafirmar-el-reconocimiento-y-el-respeto-al-trabajo-periodistico\/"},"author":{"name":"Prensa G&amp;S FM","@id":"https:\/\/gysfm.com.ar\/inicio\/#\/schema\/person\/3abba7593ef2ad19e1be221d54383dc5"},"headline":"En el D\u00eda Mundial de la Libertad de Prensa, ADEPA llama a reafirmar el reconocimiento y el respeto al trabajo period\u00edstico","datePublished":"2026-05-03T10:18:09+00:00","mainEntityOfPage":{"@id":"https:\/\/gysfm.com.ar\/inicio\/en-el-dia-mundial-de-la-libertad-de-prensa-adepa-llama-a-reafirmar-el-reconocimiento-y-el-respeto-al-trabajo-periodistico\/"},"wordCount":448,"publisher":{"@id":"https:\/\/gysfm.com.ar\/inicio\/#organization"},"image":{"@id":"https:\/\/gysfm.com.ar\/inicio\/en-el-dia-mundial-de-la-libertad-de-prensa-adepa-llama-a-reafirmar-el-reconocimiento-y-el-respeto-al-trabajo-periodistico\/#primaryimage"},"thumbnailUrl":"https:\/\/gysfm.com.ar\/inicio\/wp-content\/uploads\/2026\/04\/javier-milei-y-periodistas-2226196.jpg","articleSection":["NACIONALES"],"inLanguage":"es"},{"@type":"WebPage","@id":"https:\/\/gysfm.com.ar\/inicio\/en-el-dia-mundial-de-la-libertad-de-prensa-adepa-llama-a-reafirmar-el-reconocimiento-y-el-respeto-al-trabajo-periodistico\/","url":"https:\/\/gysfm.com.ar\/inicio\/en-el-dia-mundial-de-la-libertad-de-prensa-adepa-llama-a-reafirmar-el-reconocimiento-y-el-respeto-al-trabajo-periodistico\/","name":"En el D\u00eda Mundial de la Libertad de Prensa, ADEPA llama a reafirmar el reconocimiento y el respeto al trabajo period\u00edstico - GYS NOTICIAS |","isPartOf":{"@id":"https:\/\/gysfm.com.ar\/inicio\/#website"},"primaryImageOfPage":{"@id":"https:\/\/gysfm.com.ar\/inicio\/en-el-dia-mundial-de-la-libertad-de-prensa-adepa-llama-a-reafirmar-el-reconocimiento-y-el-respeto-al-trabajo-periodistico\/#primaryimage"},"image":{"@id":"https:\/\/gysfm.com.ar\/inicio\/en-el-dia-mundial-de-la-libertad-de-prensa-adepa-llama-a-reafirmar-el-reconocimiento-y-el-respeto-al-trabajo-periodistico\/#primaryimage"},"thumbnailUrl":"https:\/\/gysfm.com.ar\/inicio\/wp-content\/uploads\/2026\/04\/javier-milei-y-periodistas-2226196.jpg","datePublished":"2026-05-03T10:18:09+00:00","breadcrumb":{"@id":"https:\/\/gysfm.com.ar\/inicio\/en-el-dia-mundial-de-la-libertad-de-prensa-adepa-llama-a-reafirmar-el-reconocimiento-y-el-respeto-al-trabajo-periodistico\/#breadcrumb"},"inLanguage":"es","potentialAction":[{"@type":"ReadAction","target":["https:\/\/gysfm.com.ar\/inicio\/en-el-dia-mundial-de-la-libertad-de-prensa-adepa-llama-a-reafirmar-el-reconocimiento-y-el-respeto-al-trabajo-periodistico\/"]}]},{"@type":"ImageObject","inLanguage":"es","@id":"https:\/\/gysfm.com.ar\/inicio\/en-el-dia-mundial-de-la-libertad-de-prensa-adepa-llama-a-reafirmar-el-reconocimiento-y-el-respeto-al-trabajo-periodistico\/#primaryimage","url":"https:\/\/gysfm.com.ar\/inicio\/wp-content\/uploads\/2026\/04\/javier-milei-y-periodistas-2226196.jpg","contentUrl":"https:\/\/gysfm.com.ar\/inicio\/wp-content\/uploads\/2026\/04\/javier-milei-y-periodistas-2226196.jpg","width":1140,"height":641},{"@type":"BreadcrumbList","@id":"https:\/\/gysfm.com.ar\/inicio\/en-el-dia-mundial-de-la-libertad-de-prensa-adepa-llama-a-reafirmar-el-reconocimiento-y-el-respeto-al-trabajo-periodistico\/#breadcrumb","itemListElement":[{"@type":"ListItem","position":1,"name":"Portada","item":"https:\/\/gysfm.com.ar\/inicio\/"},{"@type":"ListItem","position":2,"name":"En el D\u00eda Mundial de la Libertad de Prensa, ADEPA llama a reafirmar el reconocimiento y el respeto al trabajo period\u00edstico"}]},{"@type":"WebSite","@id":"https:\/\/gysfm.com.ar\/inicio\/#website","url":"https:\/\/gysfm.com.ar\/inicio\/","name":"GYS NOTICIAS |","description":"DIARIO - RADIO ONLINE SAN JUAN ARGENTINA","publisher":{"@id":"https:\/\/gysfm.com.ar\/inicio\/#organization"},"potentialAction":[{"@type":"SearchAction","target":{"@type":"EntryPoint","urlTemplate":"https:\/\/gysfm.com.ar\/inicio\/?s={search_term_string}"},"query-input":{"@type":"PropertyValueSpecification","valueRequired":true,"valueName":"search_term_string"}}],"inLanguage":"es"},{"@type":"Organization","@id":"https:\/\/gysfm.com.ar\/inicio\/#organization","name":"GYS NOTICIAS |","url":"https:\/\/gysfm.com.ar\/inicio\/","logo":{"@type":"ImageObject","inLanguage":"es","@id":"https:\/\/gysfm.com.ar\/inicio\/#\/schema\/logo\/image\/","url":"https:\/\/gysfm.com.ar\/inicio\/wp-content\/uploads\/2023\/07\/LOGOGYS-OK.png","contentUrl":"https:\/\/gysfm.com.ar\/inicio\/wp-content\/uploads\/2023\/07\/LOGOGYS-OK.png","width":1170,"height":872,"caption":"GYS NOTICIAS |"},"image":{"@id":"https:\/\/gysfm.com.ar\/inicio\/#\/schema\/logo\/image\/"}},{"@type":"Person","@id":"https:\/\/gysfm.com.ar\/inicio\/#\/schema\/person\/3abba7593ef2ad19e1be221d54383dc5","name":"Prensa G&amp;S FM","image":{"@type":"ImageObject","inLanguage":"es","@id":"https:\/\/gysfm.com.ar\/inicio\/#\/schema\/person\/image\/","url":"https:\/\/secure.gravatar.com\/avatar\/096ec78df02049ab018702bb4ccedf659377fa92a26540b5247612077a0dbd29?s=96&d=mm&r=g","contentUrl":"https:\/\/secure.gravatar.com\/avatar\/096ec78df02049ab018702bb4ccedf659377fa92a26540b5247612077a0dbd29?s=96&d=mm&r=g","caption":"Prensa G&amp;S FM"},"sameAs":["https:\/\/gysfm.com.ar\/"],"url":"https:\/\/gysfm.com.ar\/inicio\/author\/lucasm\/"}]}},"_links":{"self":[{"href":"https:\/\/gysfm.com.ar\/inicio\/wp-json\/wp\/v2\/posts\/194408","targetHints":{"allow":["GET"]}}],"collection":[{"href":"https:\/\/gysfm.com.ar\/inicio\/wp-json\/wp\/v2\/posts"}],"about":[{"href":"https:\/\/gysfm.com.ar\/inicio\/wp-json\/wp\/v2\/types\/post"}],"author":[{"embeddable":true,"href":"https:\/\/gysfm.com.ar\/inicio\/wp-json\/wp\/v2\/users\/2"}],"replies":[{"embeddable":true,"href":"https:\/\/gysfm.com.ar\/inicio\/wp-json\/wp\/v2\/comments?post=194408"}],"version-history":[{"count":0,"href":"https:\/\/gysfm.com.ar\/inicio\/wp-json\/wp\/v2\/posts\/194408\/revisions"}],"wp:featuredmedia":[{"embeddable":true,"href":"https:\/\/gysfm.com.ar\/inicio\/wp-json\/wp\/v2\/media\/192651"}],"wp:attachment":[{"href":"https:\/\/gysfm.com.ar\/inicio\/wp-json\/wp\/v2\/media?parent=194408"}],"wp:term":[{"taxonomy":"category","embeddable":true,"href":"https:\/\/gysfm.com.ar\/inicio\/wp-json\/wp\/v2\/categories?post=194408"},{"taxonomy":"post_tag","embeddable":true,"href":"https:\/\/gysfm.com.ar\/inicio\/wp-json\/wp\/v2\/tags?post=194408"}],"curies":[{"name":"wp","href":"https:\/\/api.w.org\/{rel}","templated":true}]}}