{"id":194400,"date":"2026-05-03T06:13:13","date_gmt":"2026-05-03T09:13:13","guid":{"rendered":"https:\/\/gysfm.com.ar\/inicio\/shakira-djs-dos-millones-de-personas-gratis-en-copacabana-esos-lujos-comunistas-de-brasil\/"},"modified":"2026-05-03T06:13:13","modified_gmt":"2026-05-03T09:13:13","slug":"shakira-djs-dos-millones-de-personas-gratis-en-copacabana-esos-lujos-comunistas-de-brasil","status":"publish","type":"post","link":"https:\/\/gysfm.com.ar\/inicio\/shakira-djs-dos-millones-de-personas-gratis-en-copacabana-esos-lujos-comunistas-de-brasil\/","title":{"rendered":"Shakira, Djs, dos millones de personas gratis en Copacabana&#8230; Esos lujos &#8216;comunistas&#8217; de Brasil"},"content":{"rendered":"<p><\/p>\n<div id=\"article-content\">\n<p>Luna llena hab\u00eda en las playas de R\u00edo, con la ic\u00f3nica <strong>Copacabana <\/strong>albergando <strong>una multittud para escuchar m\u00e1s que ver a Shakira<\/strong>, que conomvi\u00f3 a <strong>R\u00edo de Janeiro, como a\u00f1os anteriores hab\u00edan hecho en el mismo lugar Madonna y Lady Gaga.<\/strong> La cita esta vez reuni\u00f3 seg\u00fan las estimaciones locales<strong> unos dos millones de persona<\/strong>s en un evento <strong>gratuito <\/strong>que extend\u00eda cuadras y cuadras de gente \u00e1vida por el show.<\/p>\n<p><strong>\u00abAmo a Brasil\u00bb <\/strong>dijo la \u00abLoba\u00bb, el apodo con el que la hab\u00edan promocionado en el megaevento organizado por la Alcald\u00eda de R\u00edo, que dur\u00f3 unas dos horas e incluy\u00f3 antes<strong> la participaci\u00f3n de DJs,<\/strong> y hasta dos leyendas de la m\u00fasica brasile\u00f1a como <strong>Caetano Veloso y Mar\u00eda Bethania.<\/strong><\/p>\n<p>Con alrededor de una hora de retraso respecto al horario anunciado, Shakira apareci\u00f3 sobre una tarima vestida con los colores brasile\u00f1os, en medio de la ovaci\u00f3n de la multitud.<\/p>\n<div class=\"subscription\">\n<p>\n        Esto no les gusta a los autoritarios\n    <\/p>\n<div class=\"subscription__container\">\n<div class=\"subscription__text-wrapper\">\n<p>\n                El ejercicio del periodismo profesional y cr\u00edtico es un pilar fundamental de la democracia. Por eso molesta a quienes creen ser los due\u00f1os de la verdad.\n            <\/p>\n<\/p><\/div><\/div>\n<\/div>\n<div style=\"text-align:center\">\n<figure class=\"image\" style=\"display:inline-block\"><picture><source media=\"(max-width: 440px)\" srcset=\"https:\/\/fotos.perfil.com\/\/2026\/05\/03\/440\/0\/shakira-hizo-vibrar-a-una-multitud-en-rio-de-janeiro-2232388.jpg?webp\"\/><source media=\"(max-width: 1019px)\" srcset=\"https:\/\/fotos.perfil.com\/\/2026\/05\/03\/712\/0\/shakira-hizo-vibrar-a-una-multitud-en-rio-de-janeiro-2232388.jpg?webp\"\/><img decoding=\"async\" style=\"max-width: 100%; width: 100%;\" alt=\"Shakira hizo vibrar a una multitud en R\u00edo de Janeiro.\" src=\"https:\/\/fotos.perfil.com\/\/2026\/05\/03\/900\/0\/shakira-hizo-vibrar-a-una-multitud-en-rio-de-janeiro-2232388.jpg?webp\" loading=\"lazy\"\/><\/picture><figcaption>Shakira hizo bailar a todos en Copacabana. (FOTOS AFP)<\/figcaption><\/figure>\n<\/p><\/div>\n<p><strong>\u00abDos millones de personas. La Loba hizo historia en Rio\u00bb,<\/strong> public\u00f3 en X el alcalde de la ciudad, <strong>Eduardo Cavaliere,<\/strong> que en marzo pasado reemplaz\u00f3 al renunciante <strong>Eduardo Paes<\/strong> (ambos del PSD), ya que este planea aspirar a la gobernaci\u00f3n del estado e incluso muchos lo mencionan como posible vice de Lula en las elecciones presidenciales de octubre de este a\u00f1o.<\/p>\n<p style=\"text-align:center\"><picture><source media=\"(max-width: 440px)\" srcset=\"https:\/\/fotos.perfil.com\/\/2026\/05\/03\/440\/0\/el-posteo-del-alcalde-de-rio-de-janeiro-por-el-show-de-shakira-2232394.png?webp\"\/><source media=\"(max-width: 1019px)\" srcset=\"https:\/\/fotos.perfil.com\/\/2026\/05\/03\/712\/0\/el-posteo-del-alcalde-de-rio-de-janeiro-por-el-show-de-shakira-2232394.png?webp\"\/><img decoding=\"async\" style=\"max-width: 100%; width: 100%;\" alt=\"El posteo del alcalde de R\u00edo de Janeiro, por el show de Shakira.\" src=\"https:\/\/fotos.perfil.com\/\/2026\/05\/03\/900\/0\/el-posteo-del-alcalde-de-rio-de-janeiro-por-el-show-de-shakira-2232394.png\" loading=\"lazy\"\/><\/picture><\/p>\n<p><strong>\u00ab\u00a1Brasil, te amo! Es m\u00e1gico pensar que estamos aqu\u00ed, millones de almas juntas, listas para cantar, bailar, emocionarnos y recordarle al mundo lo que realmente importa\u00bb<\/strong>, salud\u00f3 a su gente Shakira, en impecable portugu\u00e9s y sobre un monumental escenario que med\u00eda 1.345 metros cuadrados.<\/p>\n<h2>Caetano Veloso y Mar\u00eda Bethania, invitados<\/h2>\n<p>Adem\u00e1s de interpretar \u00e9xitos como<em> \u00abHips don&#8217;t lie\u00bb, \u00abLa bicicleta\u00bb, \u00abLa tortura\u00bb y \u00abEstoy aqu\u00ed\u00bb,<\/em> <strong>sum\u00f3 las participaciones de los hermanos Caetano Veloso y Maria Bethania, <\/strong>leyendas de la m\u00fasica popular de Brasil, y la estrella pop brasile\u00f1a <strong>Anitta<\/strong>, con quien bail\u00f3 funk de estilo local.<\/p>\n<p style=\"text-align:center\"><picture><source media=\"(max-width: 440px)\" srcset=\"https:\/\/fotos.perfil.com\/\/2026\/05\/03\/440\/0\/shakira-hizo-vibrar-a-una-multitud-en-rio-de-janeiro-2232386.jpg?webp\"\/><source media=\"(max-width: 1019px)\" srcset=\"https:\/\/fotos.perfil.com\/\/2026\/05\/03\/712\/0\/shakira-hizo-vibrar-a-una-multitud-en-rio-de-janeiro-2232386.jpg?webp\"\/><img decoding=\"async\" style=\"max-width: 100%; width: 100%;\" alt=\"Shakira hizo vibrar a una multitud en R\u00edo de Janeiro.\" src=\"https:\/\/fotos.perfil.com\/\/2026\/05\/03\/900\/0\/shakira-hizo-vibrar-a-una-multitud-en-rio-de-janeiro-2232386.jpg?webp\" loading=\"lazy\"\/><\/picture><\/p>\n<p>Con diez cambios de vestuario, la colombiana de 49 a\u00f1os <strong>emul\u00f3 los pasos de Madonna, que actu\u00f3 en estas arenas en 2024 ante 1,6 millones de personas, y Lady Gaga, que reuni\u00f3 a 2,1 millones en 2025.<\/strong><\/p>\n<p>La creadora del himno mundialista<strong> \u00abWaka Waka\u00bb<\/strong> tiene una relaci\u00f3n hist\u00f3rica con Brasil, donde ha actuado numerosas ocasiones desde 1996.<\/p>\n<p>\u00abAma mucho a Brasil y ese amor que ella tiene por nosotros, lo tenemos nosotros por ella\u00bb, dijo Graciele Vaz, de 43 a\u00f1os, que durmi\u00f3 en la playa tras viajar el viernes desde el balneario de Paraty, a unas cuatro horas de Rio. La mujer llevaba en su espalda un gran tatuaje con el nombre de Shakira sobre la figura de una loba, s\u00edmbolo de la gira \u00abLas mujeres ya no lloran\u00bb.<\/p>\n<p><iframe id=\"vrudo\" class=\"vrudo\" src=\"https:\/\/rudo.video\/vod\/bWtzC1?volume=0\" width=\"100%\" height=\"100%\" allowscriptaccess=\"always\" allowfullscreen=\"true\" webkitallowfullscreen=\"true\" frameborder=\"0\" scrolling=\"no\" allow=\"autoplay; fullscreen\" loading=\"lazy\" title=\"Contenido embebido\"><\/iframe><\/p>\n<p>Fue precisamente en Rio donde, en febrero de 2025, Shakira inaugur\u00f3 esta gira, la primera que hac\u00eda en siete a\u00f1os y que ya se coron\u00f3 con el r\u00e9cord Guinness a la de mayor facturaci\u00f3n de un artista latino.<\/p>\n<h2>\u00abLobacabana\u00bb, a pleno<\/h2>\n<p>Enormes carteles con el rostro de Shakira tapizaron Rio en los \u00faltimos d\u00edas. En Copacabana -rebautizada <strong>\u00abLobacabana\u00bb<\/strong>&#8211; los vendedores abarrotaron la arena y la calle ofrec\u00edan desde abanicos, gorras y camisetas<strong> hasta frasquitos con \u00abl\u00e1grimas de Shakira\u00bb,<\/strong> un gui\u00f1o al t\u00edtulo de la gira. <\/p>\n<p style=\"text-align:center\"><picture><source media=\"(max-width: 440px)\" srcset=\"https:\/\/fotos.perfil.com\/\/2026\/05\/03\/440\/0\/shakira-hizo-vibrar-a-una-multitud-en-rio-de-janeiro-2232387.jpg?webp\"\/><source media=\"(max-width: 1019px)\" srcset=\"https:\/\/fotos.perfil.com\/\/2026\/05\/03\/712\/0\/shakira-hizo-vibrar-a-una-multitud-en-rio-de-janeiro-2232387.jpg?webp\"\/><img decoding=\"async\" style=\"max-width: 100%; width: 100%;\" alt=\"Shakira hizo vibrar a una multitud en R\u00edo de Janeiro.\" src=\"https:\/\/fotos.perfil.com\/\/2026\/05\/03\/900\/0\/shakira-hizo-vibrar-a-una-multitud-en-rio-de-janeiro-2232387.jpg?webp\" loading=\"lazy\"\/><\/picture><\/p>\n<p>Con 100 millones de discos vendidos, cuatro Grammy y 15 Grammy Latino, Shakira ha conquistado a varias generaciones con \u00e9xitos como la \u00abBzrp Music Sessions, Vol. 53\u00bb, el tema que grab\u00f3 tras su separaci\u00f3n del exfutbolista Gerard Piqu\u00e9 y con el que cerr\u00f3 el megashow de este s\u00e1bado.<\/p>\n<p>Las autoridades desplegaron <strong>casi 8.000 agentes, drones, c\u00e1maras de reconocimiento facial y 18 puntos de revista con detectores de metales,<\/strong> en el mayor dispositivo de seguridad que ha visto Copacabana en sus megaconciertos.<\/p>\n<p>El a\u00f1o pasado, al d\u00eda siguiente del concierto de Lady Gaga, la polic\u00eda anunci\u00f3 que hab\u00eda frustrado un atentado con bomba planeado por un grupo que \u00abdifund\u00eda discursos de odio\u00bb, en particular contra la comunidad LGBT. <strong>La alcald\u00eda de Rio estim\u00f3 que el evento de este a\u00f1o inyectar\u00eda en la econom\u00eda de la ciudad m\u00e1s de 800 millones de reales (unos 160 millones de d\u00f3lares).<\/strong><\/p>\n<p>AFP\/HB<\/p>\n<\/p><\/div>\n<p><script>\n                !function(f,b,e,v,n,t,s)\n                {if(f.fbq)return;n=f.fbq=function(){n.callMethod?\n                    n.callMethod.apply(n,arguments):n.queue.push(arguments)};\n                    if(!f._fbq)f._fbq=n;n.push=n;n.loaded=!0;n.version='2.0';\n                    n.queue=[];t=b.createElement(e);t.async=!0;\n                    t.src=v;s=b.getElementsByTagName(e)[0];\n                    s.parentNode.insertBefore(t,s)}(window, document,'script',\n                    'https:\/\/connect.facebook.net\/en_US\/fbevents.js');\n                window.paywallConfig.facebook_pixel=\"1000228364089342\"\n            <\/script><\/p>\n","protected":false},"excerpt":{"rendered":"<p>Luna llena hab\u00eda en las playas de R\u00edo, con la ic\u00f3nica Copacabana albergando una multittud para escuchar m\u00e1s que ver a Shakira, que conomvi\u00f3 a R\u00edo de Janeiro, como a\u00f1os anteriores hab\u00edan hecho en el mismo lugar Madonna y Lady Gaga. La cita esta vez reuni\u00f3 seg\u00fan las estimaciones locales unos dos millones de personas [&hellip;]<\/p>\n","protected":false},"author":2,"featured_media":194401,"comment_status":"closed","ping_status":"closed","sticky":false,"template":"","format":"standard","meta":{"footnotes":""},"categories":[25],"tags":[],"class_list":["post-194400","post","type-post","status-publish","format-standard","has-post-thumbnail","hentry","category-nacionales"],"yoast_head":"<!-- This site is optimized with the Yoast SEO plugin v24.4 - https:\/\/yoast.com\/wordpress\/plugins\/seo\/ -->\n<title>Shakira, Djs, dos millones de personas gratis en Copacabana... Esos lujos &#039;comunistas&#039; de Brasil - GYS NOTICIAS |<\/title>\n<meta name=\"robots\" content=\"index, follow, max-snippet:-1, max-image-preview:large, max-video-preview:-1\" \/>\n<link rel=\"canonical\" href=\"https:\/\/gysfm.com.ar\/inicio\/shakira-djs-dos-millones-de-personas-gratis-en-copacabana-esos-lujos-comunistas-de-brasil\/\" \/>\n<meta property=\"og:locale\" content=\"es_ES\" \/>\n<meta property=\"og:type\" content=\"article\" \/>\n<meta property=\"og:title\" content=\"Shakira, Djs, dos millones de personas gratis en Copacabana... Esos lujos &#039;comunistas&#039; de Brasil - GYS NOTICIAS |\" \/>\n<meta property=\"og:description\" content=\"Luna llena hab\u00eda en las playas de R\u00edo, con la ic\u00f3nica Copacabana albergando una multittud para escuchar m\u00e1s que ver a Shakira, que conomvi\u00f3 a R\u00edo de Janeiro, como a\u00f1os anteriores hab\u00edan hecho en el mismo lugar Madonna y Lady Gaga. La cita esta vez reuni\u00f3 seg\u00fan las estimaciones locales unos dos millones de personas [&hellip;]\" \/>\n<meta property=\"og:url\" content=\"https:\/\/gysfm.com.ar\/inicio\/shakira-djs-dos-millones-de-personas-gratis-en-copacabana-esos-lujos-comunistas-de-brasil\/\" \/>\n<meta property=\"og:site_name\" content=\"GYS NOTICIAS |\" \/>\n<meta property=\"article:published_time\" content=\"2026-05-03T09:13:13+00:00\" \/>\n<meta property=\"og:image\" content=\"https:\/\/fotos.perfil.com\/\/2026\/05\/03\/900\/0\/shakira-hizo-vibrar-a-una-multitud-en-rio-de-janeiro-2232388.jpg?webp\" \/>\n<meta name=\"author\" content=\"Prensa G&amp;S FM\" \/>\n<meta name=\"twitter:card\" content=\"summary_large_image\" \/>\n<meta name=\"twitter:label1\" content=\"Escrito por\" \/>\n\t<meta name=\"twitter:data1\" content=\"Prensa G&amp;S FM\" \/>\n\t<meta name=\"twitter:label2\" content=\"Tiempo de lectura\" \/>\n\t<meta name=\"twitter:data2\" content=\"4 minutos\" \/>\n<script type=\"application\/ld+json\" class=\"yoast-schema-graph\">{\"@context\":\"https:\/\/schema.org\",\"@graph\":[{\"@type\":\"Article\",\"@id\":\"https:\/\/gysfm.com.ar\/inicio\/shakira-djs-dos-millones-de-personas-gratis-en-copacabana-esos-lujos-comunistas-de-brasil\/#article\",\"isPartOf\":{\"@id\":\"https:\/\/gysfm.com.ar\/inicio\/shakira-djs-dos-millones-de-personas-gratis-en-copacabana-esos-lujos-comunistas-de-brasil\/\"},\"author\":{\"name\":\"Prensa G&amp;S FM\",\"@id\":\"https:\/\/gysfm.com.ar\/inicio\/#\/schema\/person\/3abba7593ef2ad19e1be221d54383dc5\"},\"headline\":\"Shakira, Djs, dos millones de personas gratis en Copacabana&#8230; Esos lujos &#8216;comunistas&#8217; de Brasil\",\"datePublished\":\"2026-05-03T09:13:13+00:00\",\"mainEntityOfPage\":{\"@id\":\"https:\/\/gysfm.com.ar\/inicio\/shakira-djs-dos-millones-de-personas-gratis-en-copacabana-esos-lujos-comunistas-de-brasil\/\"},\"wordCount\":766,\"publisher\":{\"@id\":\"https:\/\/gysfm.com.ar\/inicio\/#organization\"},\"image\":{\"@id\":\"https:\/\/gysfm.com.ar\/inicio\/shakira-djs-dos-millones-de-personas-gratis-en-copacabana-esos-lujos-comunistas-de-brasil\/#primaryimage\"},\"thumbnailUrl\":\"https:\/\/gysfm.com.ar\/inicio\/wp-content\/uploads\/2026\/05\/shakira-hizo-vibrar-a-una-multitud-en-rio-de-janeiro-2232385.jpg\",\"articleSection\":[\"NACIONALES\"],\"inLanguage\":\"es\"},{\"@type\":\"WebPage\",\"@id\":\"https:\/\/gysfm.com.ar\/inicio\/shakira-djs-dos-millones-de-personas-gratis-en-copacabana-esos-lujos-comunistas-de-brasil\/\",\"url\":\"https:\/\/gysfm.com.ar\/inicio\/shakira-djs-dos-millones-de-personas-gratis-en-copacabana-esos-lujos-comunistas-de-brasil\/\",\"name\":\"Shakira, Djs, dos millones de personas gratis en Copacabana... Esos lujos 'comunistas' de Brasil - GYS NOTICIAS |\",\"isPartOf\":{\"@id\":\"https:\/\/gysfm.com.ar\/inicio\/#website\"},\"primaryImageOfPage\":{\"@id\":\"https:\/\/gysfm.com.ar\/inicio\/shakira-djs-dos-millones-de-personas-gratis-en-copacabana-esos-lujos-comunistas-de-brasil\/#primaryimage\"},\"image\":{\"@id\":\"https:\/\/gysfm.com.ar\/inicio\/shakira-djs-dos-millones-de-personas-gratis-en-copacabana-esos-lujos-comunistas-de-brasil\/#primaryimage\"},\"thumbnailUrl\":\"https:\/\/gysfm.com.ar\/inicio\/wp-content\/uploads\/2026\/05\/shakira-hizo-vibrar-a-una-multitud-en-rio-de-janeiro-2232385.jpg\",\"datePublished\":\"2026-05-03T09:13:13+00:00\",\"breadcrumb\":{\"@id\":\"https:\/\/gysfm.com.ar\/inicio\/shakira-djs-dos-millones-de-personas-gratis-en-copacabana-esos-lujos-comunistas-de-brasil\/#breadcrumb\"},\"inLanguage\":\"es\",\"potentialAction\":[{\"@type\":\"ReadAction\",\"target\":[\"https:\/\/gysfm.com.ar\/inicio\/shakira-djs-dos-millones-de-personas-gratis-en-copacabana-esos-lujos-comunistas-de-brasil\/\"]}]},{\"@type\":\"ImageObject\",\"inLanguage\":\"es\",\"@id\":\"https:\/\/gysfm.com.ar\/inicio\/shakira-djs-dos-millones-de-personas-gratis-en-copacabana-esos-lujos-comunistas-de-brasil\/#primaryimage\",\"url\":\"https:\/\/gysfm.com.ar\/inicio\/wp-content\/uploads\/2026\/05\/shakira-hizo-vibrar-a-una-multitud-en-rio-de-janeiro-2232385.jpg\",\"contentUrl\":\"https:\/\/gysfm.com.ar\/inicio\/wp-content\/uploads\/2026\/05\/shakira-hizo-vibrar-a-una-multitud-en-rio-de-janeiro-2232385.jpg\",\"width\":1140,\"height\":641},{\"@type\":\"BreadcrumbList\",\"@id\":\"https:\/\/gysfm.com.ar\/inicio\/shakira-djs-dos-millones-de-personas-gratis-en-copacabana-esos-lujos-comunistas-de-brasil\/#breadcrumb\",\"itemListElement\":[{\"@type\":\"ListItem\",\"position\":1,\"name\":\"Portada\",\"item\":\"https:\/\/gysfm.com.ar\/inicio\/\"},{\"@type\":\"ListItem\",\"position\":2,\"name\":\"Shakira, Djs, dos millones de personas gratis en Copacabana&#8230; Esos lujos &#8216;comunistas&#8217; de Brasil\"}]},{\"@type\":\"WebSite\",\"@id\":\"https:\/\/gysfm.com.ar\/inicio\/#website\",\"url\":\"https:\/\/gysfm.com.ar\/inicio\/\",\"name\":\"GYS NOTICIAS |\",\"description\":\"DIARIO - RADIO ONLINE SAN JUAN ARGENTINA\",\"publisher\":{\"@id\":\"https:\/\/gysfm.com.ar\/inicio\/#organization\"},\"potentialAction\":[{\"@type\":\"SearchAction\",\"target\":{\"@type\":\"EntryPoint\",\"urlTemplate\":\"https:\/\/gysfm.com.ar\/inicio\/?s={search_term_string}\"},\"query-input\":{\"@type\":\"PropertyValueSpecification\",\"valueRequired\":true,\"valueName\":\"search_term_string\"}}],\"inLanguage\":\"es\"},{\"@type\":\"Organization\",\"@id\":\"https:\/\/gysfm.com.ar\/inicio\/#organization\",\"name\":\"GYS NOTICIAS |\",\"url\":\"https:\/\/gysfm.com.ar\/inicio\/\",\"logo\":{\"@type\":\"ImageObject\",\"inLanguage\":\"es\",\"@id\":\"https:\/\/gysfm.com.ar\/inicio\/#\/schema\/logo\/image\/\",\"url\":\"https:\/\/gysfm.com.ar\/inicio\/wp-content\/uploads\/2023\/07\/LOGOGYS-OK.png\",\"contentUrl\":\"https:\/\/gysfm.com.ar\/inicio\/wp-content\/uploads\/2023\/07\/LOGOGYS-OK.png\",\"width\":1170,\"height\":872,\"caption\":\"GYS NOTICIAS |\"},\"image\":{\"@id\":\"https:\/\/gysfm.com.ar\/inicio\/#\/schema\/logo\/image\/\"}},{\"@type\":\"Person\",\"@id\":\"https:\/\/gysfm.com.ar\/inicio\/#\/schema\/person\/3abba7593ef2ad19e1be221d54383dc5\",\"name\":\"Prensa G&amp;S FM\",\"image\":{\"@type\":\"ImageObject\",\"inLanguage\":\"es\",\"@id\":\"https:\/\/gysfm.com.ar\/inicio\/#\/schema\/person\/image\/\",\"url\":\"https:\/\/secure.gravatar.com\/avatar\/096ec78df02049ab018702bb4ccedf659377fa92a26540b5247612077a0dbd29?s=96&d=mm&r=g\",\"contentUrl\":\"https:\/\/secure.gravatar.com\/avatar\/096ec78df02049ab018702bb4ccedf659377fa92a26540b5247612077a0dbd29?s=96&d=mm&r=g\",\"caption\":\"Prensa G&amp;S FM\"},\"sameAs\":[\"https:\/\/gysfm.com.ar\/\"],\"url\":\"https:\/\/gysfm.com.ar\/inicio\/author\/lucasm\/\"}]}<\/script>\n<!-- \/ Yoast SEO plugin. -->","yoast_head_json":{"title":"Shakira, Djs, dos millones de personas gratis en Copacabana... Esos lujos 'comunistas' de Brasil - GYS NOTICIAS |","robots":{"index":"index","follow":"follow","max-snippet":"max-snippet:-1","max-image-preview":"max-image-preview:large","max-video-preview":"max-video-preview:-1"},"canonical":"https:\/\/gysfm.com.ar\/inicio\/shakira-djs-dos-millones-de-personas-gratis-en-copacabana-esos-lujos-comunistas-de-brasil\/","og_locale":"es_ES","og_type":"article","og_title":"Shakira, Djs, dos millones de personas gratis en Copacabana... Esos lujos 'comunistas' de Brasil - GYS NOTICIAS |","og_description":"Luna llena hab\u00eda en las playas de R\u00edo, con la ic\u00f3nica Copacabana albergando una multittud para escuchar m\u00e1s que ver a Shakira, que conomvi\u00f3 a R\u00edo de Janeiro, como a\u00f1os anteriores hab\u00edan hecho en el mismo lugar Madonna y Lady Gaga. La cita esta vez reuni\u00f3 seg\u00fan las estimaciones locales unos dos millones de personas [&hellip;]","og_url":"https:\/\/gysfm.com.ar\/inicio\/shakira-djs-dos-millones-de-personas-gratis-en-copacabana-esos-lujos-comunistas-de-brasil\/","og_site_name":"GYS NOTICIAS |","article_published_time":"2026-05-03T09:13:13+00:00","og_image":[{"url":"https:\/\/fotos.perfil.com\/\/2026\/05\/03\/900\/0\/shakira-hizo-vibrar-a-una-multitud-en-rio-de-janeiro-2232388.jpg?webp","type":"","width":"","height":""}],"author":"Prensa G&amp;S FM","twitter_card":"summary_large_image","twitter_misc":{"Escrito por":"Prensa G&amp;S FM","Tiempo de lectura":"4 minutos"},"schema":{"@context":"https:\/\/schema.org","@graph":[{"@type":"Article","@id":"https:\/\/gysfm.com.ar\/inicio\/shakira-djs-dos-millones-de-personas-gratis-en-copacabana-esos-lujos-comunistas-de-brasil\/#article","isPartOf":{"@id":"https:\/\/gysfm.com.ar\/inicio\/shakira-djs-dos-millones-de-personas-gratis-en-copacabana-esos-lujos-comunistas-de-brasil\/"},"author":{"name":"Prensa G&amp;S FM","@id":"https:\/\/gysfm.com.ar\/inicio\/#\/schema\/person\/3abba7593ef2ad19e1be221d54383dc5"},"headline":"Shakira, Djs, dos millones de personas gratis en Copacabana&#8230; Esos lujos &#8216;comunistas&#8217; de Brasil","datePublished":"2026-05-03T09:13:13+00:00","mainEntityOfPage":{"@id":"https:\/\/gysfm.com.ar\/inicio\/shakira-djs-dos-millones-de-personas-gratis-en-copacabana-esos-lujos-comunistas-de-brasil\/"},"wordCount":766,"publisher":{"@id":"https:\/\/gysfm.com.ar\/inicio\/#organization"},"image":{"@id":"https:\/\/gysfm.com.ar\/inicio\/shakira-djs-dos-millones-de-personas-gratis-en-copacabana-esos-lujos-comunistas-de-brasil\/#primaryimage"},"thumbnailUrl":"https:\/\/gysfm.com.ar\/inicio\/wp-content\/uploads\/2026\/05\/shakira-hizo-vibrar-a-una-multitud-en-rio-de-janeiro-2232385.jpg","articleSection":["NACIONALES"],"inLanguage":"es"},{"@type":"WebPage","@id":"https:\/\/gysfm.com.ar\/inicio\/shakira-djs-dos-millones-de-personas-gratis-en-copacabana-esos-lujos-comunistas-de-brasil\/","url":"https:\/\/gysfm.com.ar\/inicio\/shakira-djs-dos-millones-de-personas-gratis-en-copacabana-esos-lujos-comunistas-de-brasil\/","name":"Shakira, Djs, dos millones de personas gratis en Copacabana... Esos lujos 'comunistas' de Brasil - GYS NOTICIAS |","isPartOf":{"@id":"https:\/\/gysfm.com.ar\/inicio\/#website"},"primaryImageOfPage":{"@id":"https:\/\/gysfm.com.ar\/inicio\/shakira-djs-dos-millones-de-personas-gratis-en-copacabana-esos-lujos-comunistas-de-brasil\/#primaryimage"},"image":{"@id":"https:\/\/gysfm.com.ar\/inicio\/shakira-djs-dos-millones-de-personas-gratis-en-copacabana-esos-lujos-comunistas-de-brasil\/#primaryimage"},"thumbnailUrl":"https:\/\/gysfm.com.ar\/inicio\/wp-content\/uploads\/2026\/05\/shakira-hizo-vibrar-a-una-multitud-en-rio-de-janeiro-2232385.jpg","datePublished":"2026-05-03T09:13:13+00:00","breadcrumb":{"@id":"https:\/\/gysfm.com.ar\/inicio\/shakira-djs-dos-millones-de-personas-gratis-en-copacabana-esos-lujos-comunistas-de-brasil\/#breadcrumb"},"inLanguage":"es","potentialAction":[{"@type":"ReadAction","target":["https:\/\/gysfm.com.ar\/inicio\/shakira-djs-dos-millones-de-personas-gratis-en-copacabana-esos-lujos-comunistas-de-brasil\/"]}]},{"@type":"ImageObject","inLanguage":"es","@id":"https:\/\/gysfm.com.ar\/inicio\/shakira-djs-dos-millones-de-personas-gratis-en-copacabana-esos-lujos-comunistas-de-brasil\/#primaryimage","url":"https:\/\/gysfm.com.ar\/inicio\/wp-content\/uploads\/2026\/05\/shakira-hizo-vibrar-a-una-multitud-en-rio-de-janeiro-2232385.jpg","contentUrl":"https:\/\/gysfm.com.ar\/inicio\/wp-content\/uploads\/2026\/05\/shakira-hizo-vibrar-a-una-multitud-en-rio-de-janeiro-2232385.jpg","width":1140,"height":641},{"@type":"BreadcrumbList","@id":"https:\/\/gysfm.com.ar\/inicio\/shakira-djs-dos-millones-de-personas-gratis-en-copacabana-esos-lujos-comunistas-de-brasil\/#breadcrumb","itemListElement":[{"@type":"ListItem","position":1,"name":"Portada","item":"https:\/\/gysfm.com.ar\/inicio\/"},{"@type":"ListItem","position":2,"name":"Shakira, Djs, dos millones de personas gratis en Copacabana&#8230; Esos lujos &#8216;comunistas&#8217; de Brasil"}]},{"@type":"WebSite","@id":"https:\/\/gysfm.com.ar\/inicio\/#website","url":"https:\/\/gysfm.com.ar\/inicio\/","name":"GYS NOTICIAS |","description":"DIARIO - RADIO ONLINE SAN JUAN ARGENTINA","publisher":{"@id":"https:\/\/gysfm.com.ar\/inicio\/#organization"},"potentialAction":[{"@type":"SearchAction","target":{"@type":"EntryPoint","urlTemplate":"https:\/\/gysfm.com.ar\/inicio\/?s={search_term_string}"},"query-input":{"@type":"PropertyValueSpecification","valueRequired":true,"valueName":"search_term_string"}}],"inLanguage":"es"},{"@type":"Organization","@id":"https:\/\/gysfm.com.ar\/inicio\/#organization","name":"GYS NOTICIAS |","url":"https:\/\/gysfm.com.ar\/inicio\/","logo":{"@type":"ImageObject","inLanguage":"es","@id":"https:\/\/gysfm.com.ar\/inicio\/#\/schema\/logo\/image\/","url":"https:\/\/gysfm.com.ar\/inicio\/wp-content\/uploads\/2023\/07\/LOGOGYS-OK.png","contentUrl":"https:\/\/gysfm.com.ar\/inicio\/wp-content\/uploads\/2023\/07\/LOGOGYS-OK.png","width":1170,"height":872,"caption":"GYS NOTICIAS |"},"image":{"@id":"https:\/\/gysfm.com.ar\/inicio\/#\/schema\/logo\/image\/"}},{"@type":"Person","@id":"https:\/\/gysfm.com.ar\/inicio\/#\/schema\/person\/3abba7593ef2ad19e1be221d54383dc5","name":"Prensa G&amp;S FM","image":{"@type":"ImageObject","inLanguage":"es","@id":"https:\/\/gysfm.com.ar\/inicio\/#\/schema\/person\/image\/","url":"https:\/\/secure.gravatar.com\/avatar\/096ec78df02049ab018702bb4ccedf659377fa92a26540b5247612077a0dbd29?s=96&d=mm&r=g","contentUrl":"https:\/\/secure.gravatar.com\/avatar\/096ec78df02049ab018702bb4ccedf659377fa92a26540b5247612077a0dbd29?s=96&d=mm&r=g","caption":"Prensa G&amp;S FM"},"sameAs":["https:\/\/gysfm.com.ar\/"],"url":"https:\/\/gysfm.com.ar\/inicio\/author\/lucasm\/"}]}},"_links":{"self":[{"href":"https:\/\/gysfm.com.ar\/inicio\/wp-json\/wp\/v2\/posts\/194400","targetHints":{"allow":["GET"]}}],"collection":[{"href":"https:\/\/gysfm.com.ar\/inicio\/wp-json\/wp\/v2\/posts"}],"about":[{"href":"https:\/\/gysfm.com.ar\/inicio\/wp-json\/wp\/v2\/types\/post"}],"author":[{"embeddable":true,"href":"https:\/\/gysfm.com.ar\/inicio\/wp-json\/wp\/v2\/users\/2"}],"replies":[{"embeddable":true,"href":"https:\/\/gysfm.com.ar\/inicio\/wp-json\/wp\/v2\/comments?post=194400"}],"version-history":[{"count":0,"href":"https:\/\/gysfm.com.ar\/inicio\/wp-json\/wp\/v2\/posts\/194400\/revisions"}],"wp:featuredmedia":[{"embeddable":true,"href":"https:\/\/gysfm.com.ar\/inicio\/wp-json\/wp\/v2\/media\/194401"}],"wp:attachment":[{"href":"https:\/\/gysfm.com.ar\/inicio\/wp-json\/wp\/v2\/media?parent=194400"}],"wp:term":[{"taxonomy":"category","embeddable":true,"href":"https:\/\/gysfm.com.ar\/inicio\/wp-json\/wp\/v2\/categories?post=194400"},{"taxonomy":"post_tag","embeddable":true,"href":"https:\/\/gysfm.com.ar\/inicio\/wp-json\/wp\/v2\/tags?post=194400"}],"curies":[{"name":"wp","href":"https:\/\/api.w.org\/{rel}","templated":true}]}}