{"id":194397,"date":"2026-05-03T05:43:32","date_gmt":"2026-05-03T08:43:32","guid":{"rendered":"https:\/\/gysfm.com.ar\/inicio\/israel-intensifica-sus-ataques-en-el-libano-a-pesar-del-alto-el-fuego-al-menos-7-muertos\/"},"modified":"2026-05-03T05:43:32","modified_gmt":"2026-05-03T08:43:32","slug":"israel-intensifica-sus-ataques-en-el-libano-a-pesar-del-alto-el-fuego-al-menos-7-muertos","status":"publish","type":"post","link":"https:\/\/gysfm.com.ar\/inicio\/israel-intensifica-sus-ataques-en-el-libano-a-pesar-del-alto-el-fuego-al-menos-7-muertos\/","title":{"rendered":"Israel intensifica sus ataques en el L\u00edbano a pesar del alto el fuego: al menos 7 muertos"},"content":{"rendered":"<p> <br \/>\n<\/p>\n<div>\n<p class=\"com-paragraph  --capital --s\">BEIRUT, L\u00edbano (AP) &#8211; A pesar de la fr\u00e1gil tregua vigente entre<a href=\"https:\/\/www.lanacion.com.ar\/el-mundo\/israel-ataca-el-libano-a-pesar-del-alto-el-fuego-al-menos-seis-muertos-nid25042026\/\" target=\"_self\" title=\"https:\/\/www.lanacion.com.ar\/el-mundo\/israel-ataca-el-libano-a-pesar-del-alto-el-fuego-al-menos-seis-muertos-nid25042026\/\" class=\"com-link break-word\" data-mrf-recirculation=\"n_link_parrafo\"><strong> Israel y el L\u00edbano, <\/strong><\/a>Tel Aviv intensific\u00f3 este s\u00e1bado sus ataques en el sur del pa\u00eds, donde se reportaron<strong> al menos 7 muertos y varios heridos. <\/strong>La embestida se produce mientras <strong>rige un alto el fuego prorrogado entre las partes para retomar las negociaciones de paz. <\/strong><\/p>\n<p class=\"com-paragraph   --s\">El ej\u00e9rcito de Israel emiti\u00f3 el s\u00e1bado un nuevo aviso de evacuaci\u00f3n a los residentes de nueve localidades en el sur de L\u00edbano. <\/p>\n<p class=\"com-paragraph   --s\">Seg\u00fan la Agencia Nacional de Noticias, que pertenece al estado liban\u00e9s, un ataque a\u00e9reo alcanz\u00f3 un auto en la ciudad de Kfar Dajal y<strong> mat\u00f3 a 2 personas <\/strong>y otro golpe\u00f3 una vivienda que se encontraba en la localidad de Lwaizeh y <strong>caus\u00f3 tres fallecidos. <\/strong>Adem\u00e1s, <strong>se reportaron bombardeos contra el poblado de Shoukin <\/strong>en el que<strong> se registraron dos decesos.<\/strong><\/p>\n<p class=\"com-paragraph   --s\">La portavoz en \u00e1rabe del ej\u00e9rcito de Israel, la teniente coronel Ella Waweya, public\u00f3 en <em>X<\/em> que la fuerza a\u00e9rea llev\u00f3 a cabo <strong>unos 50 ataques a\u00e9reos en las \u00faltimas 24 horas<\/strong> y apunt\u00f3 que su objetivo era la infraestructura y<strong> miembros de Hezbollah. <\/strong><\/p>\n<p class=\"com-paragraph   --s\">Por su parte, Hezbollah dijo que el s\u00e1bado atac\u00f3 con un dron a soldados israel\u00edes que se hab\u00edan reunido dentro de una casa en la ciudad costera de Bayed.<\/p>\n<p class=\"com-paragraph   --s\">Si bien el alto el fuego acordado ha sido violado repetidamente por ambas partes, ha supuesto una reducci\u00f3n significativa de las hostilidades entre los dos pa\u00edses, pero <strong>Israel <\/strong>y la <strong>milicia Hezbollah, <\/strong>respaldada por Ir\u00e1n,<strong> han seguido enfrent\u00e1ndose en la frontera sur, <\/strong>donde el ej\u00e9rcito israel\u00ed mantiene soldados en la zona de amortiguaci\u00f3n autoproclamada.<\/p>\n<p class=\"com-paragraph   --s\">En las \u00faltimas semanas, el ej\u00e9rcito israel\u00ed ha estado arrasando barrios en localidades pr\u00f3ximas a la frontera entre los dos pa\u00edses. Seg\u00fan las autoridades de aquel pa\u00eds, los ataques se encuentran<strong> dirigidos a construcciones que eran utilizadas como puestos de avanzada por la milicia proiran\u00ed.<\/strong><\/p>\n<p class=\"com-paragraph   --s\">Bajo este contexto, el ej\u00e9rcito israel\u00ed public\u00f3 un nuevo video que, seg\u00fan dijo, muestra como se vuelan posiciones de Hezbollah en el sur de L\u00edbano. En la grabaci\u00f3n, difundida el viernes, aparecen soldados sosteniendo una bandera israel\u00ed y caminando entre los escombros de un estadio de f\u00fatbol en la ciudad libanesa de Bint Jbeil. <\/p>\n<p class=\"com-paragraph   --s\">El ej\u00e9rcito explic\u00f3 en su web que la fuerza a\u00e9rea \u201cdestruy\u00f3 el estadio de la ciudad despu\u00e9s de que se descubri\u00f3 que estaba lleno de trampas explosivas\u201d.<\/p>\n<p class=\"com-paragraph   --s\">En otra grabaci\u00f3n, Israel exhibi\u00f3 un supuesto tunel de m\u00e1s de dos kil\u00f3metros de extensi\u00f3n construido por Hezbollah en el que se habr\u00eda encontrado una gran cantidad de armamento. <\/p>\n<p class=\"com-paragraph   --s\">La \u00faltima guerra entre Israel y Hezbollah comenz\u00f3 el 2 de marzo, cuando el grupo dispar\u00f3 cohetes contra el norte de Israel dos d\u00edas despu\u00e9s de que Estados Unidos e Israel iniciaran una guerra contra su principal aliado, Ir\u00e1n. <\/p>\n<p class=\"com-paragraph   --s\">Desde entonces, L\u00edbano e Israel han mantenido sus primeras conversaciones directas en m\u00e1s de tres d\u00e9cadas. Los dos pa\u00edses est\u00e1n t\u00e9cnicamente en guerra desde la fundaci\u00f3n del Estado de Israel en 1948.<\/p>\n<p class=\"com-paragraph   --s\">Un alto el fuego de 10 d\u00edas declarado en Washington entr\u00f3 en vigor el 17 de abril. M\u00e1s tarde, se ampli\u00f3 por tres semanas.<\/p>\n<p class=\"com-paragraph   --s\"><em><strong>Agencia AP <\/strong><\/em><\/p>\n<section class=\"container-center-100 mb-40 border border-bottom border-thin border-neutral-light-700\">\n<hr\/>\n<\/section>\n<\/div>\n<p><script id=\"facebookpixel\" defer=\"\" type=\"text\/javascript\">\n        !function(f,b,e,v,n,t,s)\n        {if(f.fbq)return;n=f.fbq=function(){n.callMethod?\n        n.callMethod.apply(n,arguments):n.queue.push(arguments)};\n        if(!f._fbq)f._fbq=n;n.push=n;n.loaded=!0;n.version='2.0';\n        n.queue=[];t=b.createElement(e);t.async=!0;\n        t.src=v;s=b.getElementsByTagName(e)[0];\n        s.parentNode.insertBefore(t,s)}(window, document,'script',\n        'https:\/\/connect.facebook.net\/en_US\/fbevents.js');\n        fbq('init', '492459597522335');\n        fbq('track', 'PageView');\n    <\/script><br \/>\n<br \/><\/p>\n","protected":false},"excerpt":{"rendered":"<p>BEIRUT, L\u00edbano (AP) &#8211; A pesar de la fr\u00e1gil tregua vigente entre Israel y el L\u00edbano, Tel Aviv intensific\u00f3 este s\u00e1bado sus ataques en el sur del pa\u00eds, donde se reportaron al menos 7 muertos y varios heridos. La embestida se produce mientras rige un alto el fuego prorrogado entre las partes para retomar las [&hellip;]<\/p>\n","protected":false},"author":2,"featured_media":194398,"comment_status":"closed","ping_status":"closed","sticky":false,"template":"","format":"standard","meta":{"footnotes":""},"categories":[26],"tags":[],"class_list":["post-194397","post","type-post","status-publish","format-standard","has-post-thumbnail","hentry","category-internacionales"],"yoast_head":"<!-- This site is optimized with the Yoast SEO plugin v24.4 - https:\/\/yoast.com\/wordpress\/plugins\/seo\/ -->\n<title>Israel intensifica sus ataques en el L\u00edbano a pesar del alto el fuego: al menos 7 muertos - GYS NOTICIAS |<\/title>\n<meta name=\"robots\" content=\"index, follow, max-snippet:-1, max-image-preview:large, max-video-preview:-1\" \/>\n<link rel=\"canonical\" href=\"https:\/\/gysfm.com.ar\/inicio\/israel-intensifica-sus-ataques-en-el-libano-a-pesar-del-alto-el-fuego-al-menos-7-muertos\/\" \/>\n<meta property=\"og:locale\" content=\"es_ES\" \/>\n<meta property=\"og:type\" content=\"article\" \/>\n<meta property=\"og:title\" content=\"Israel intensifica sus ataques en el L\u00edbano a pesar del alto el fuego: al menos 7 muertos - GYS NOTICIAS |\" \/>\n<meta property=\"og:description\" content=\"BEIRUT, L\u00edbano (AP) &#8211; A pesar de la fr\u00e1gil tregua vigente entre Israel y el L\u00edbano, Tel Aviv intensific\u00f3 este s\u00e1bado sus ataques en el sur del pa\u00eds, donde se reportaron al menos 7 muertos y varios heridos. La embestida se produce mientras rige un alto el fuego prorrogado entre las partes para retomar las [&hellip;]\" \/>\n<meta property=\"og:url\" content=\"https:\/\/gysfm.com.ar\/inicio\/israel-intensifica-sus-ataques-en-el-libano-a-pesar-del-alto-el-fuego-al-menos-7-muertos\/\" \/>\n<meta property=\"og:site_name\" content=\"GYS NOTICIAS |\" \/>\n<meta property=\"article:published_time\" content=\"2026-05-03T08:43:32+00:00\" \/>\n<meta property=\"og:image\" content=\"https:\/\/gysfm.com.ar\/inicio\/wp-content\/uploads\/2026\/05\/ataques-en-el-sur-del-libano-ODPBBL5QKJCZRMZDFVNWLH7QRE.JPG\" \/>\n\t<meta property=\"og:image:width\" content=\"1200\" \/>\n\t<meta property=\"og:image:height\" content=\"800\" \/>\n\t<meta property=\"og:image:type\" content=\"image\/jpeg\" \/>\n<meta name=\"author\" content=\"Prensa G&amp;S FM\" \/>\n<meta name=\"twitter:card\" content=\"summary_large_image\" \/>\n<meta name=\"twitter:label1\" content=\"Escrito por\" \/>\n\t<meta name=\"twitter:data1\" content=\"Prensa G&amp;S FM\" \/>\n\t<meta name=\"twitter:label2\" content=\"Tiempo de lectura\" \/>\n\t<meta name=\"twitter:data2\" content=\"3 minutos\" \/>\n<script type=\"application\/ld+json\" class=\"yoast-schema-graph\">{\"@context\":\"https:\/\/schema.org\",\"@graph\":[{\"@type\":\"Article\",\"@id\":\"https:\/\/gysfm.com.ar\/inicio\/israel-intensifica-sus-ataques-en-el-libano-a-pesar-del-alto-el-fuego-al-menos-7-muertos\/#article\",\"isPartOf\":{\"@id\":\"https:\/\/gysfm.com.ar\/inicio\/israel-intensifica-sus-ataques-en-el-libano-a-pesar-del-alto-el-fuego-al-menos-7-muertos\/\"},\"author\":{\"name\":\"Prensa G&amp;S FM\",\"@id\":\"https:\/\/gysfm.com.ar\/inicio\/#\/schema\/person\/3abba7593ef2ad19e1be221d54383dc5\"},\"headline\":\"Israel intensifica sus ataques en el L\u00edbano a pesar del alto el fuego: al menos 7 muertos\",\"datePublished\":\"2026-05-03T08:43:32+00:00\",\"mainEntityOfPage\":{\"@id\":\"https:\/\/gysfm.com.ar\/inicio\/israel-intensifica-sus-ataques-en-el-libano-a-pesar-del-alto-el-fuego-al-menos-7-muertos\/\"},\"wordCount\":587,\"publisher\":{\"@id\":\"https:\/\/gysfm.com.ar\/inicio\/#organization\"},\"image\":{\"@id\":\"https:\/\/gysfm.com.ar\/inicio\/israel-intensifica-sus-ataques-en-el-libano-a-pesar-del-alto-el-fuego-al-menos-7-muertos\/#primaryimage\"},\"thumbnailUrl\":\"https:\/\/gysfm.com.ar\/inicio\/wp-content\/uploads\/2026\/05\/ataques-en-el-sur-del-libano-ODPBBL5QKJCZRMZDFVNWLH7QRE.JPG\",\"articleSection\":[\"INTERNACIONALES\"],\"inLanguage\":\"es\"},{\"@type\":\"WebPage\",\"@id\":\"https:\/\/gysfm.com.ar\/inicio\/israel-intensifica-sus-ataques-en-el-libano-a-pesar-del-alto-el-fuego-al-menos-7-muertos\/\",\"url\":\"https:\/\/gysfm.com.ar\/inicio\/israel-intensifica-sus-ataques-en-el-libano-a-pesar-del-alto-el-fuego-al-menos-7-muertos\/\",\"name\":\"Israel intensifica sus ataques en el L\u00edbano a pesar del alto el fuego: al menos 7 muertos - GYS NOTICIAS |\",\"isPartOf\":{\"@id\":\"https:\/\/gysfm.com.ar\/inicio\/#website\"},\"primaryImageOfPage\":{\"@id\":\"https:\/\/gysfm.com.ar\/inicio\/israel-intensifica-sus-ataques-en-el-libano-a-pesar-del-alto-el-fuego-al-menos-7-muertos\/#primaryimage\"},\"image\":{\"@id\":\"https:\/\/gysfm.com.ar\/inicio\/israel-intensifica-sus-ataques-en-el-libano-a-pesar-del-alto-el-fuego-al-menos-7-muertos\/#primaryimage\"},\"thumbnailUrl\":\"https:\/\/gysfm.com.ar\/inicio\/wp-content\/uploads\/2026\/05\/ataques-en-el-sur-del-libano-ODPBBL5QKJCZRMZDFVNWLH7QRE.JPG\",\"datePublished\":\"2026-05-03T08:43:32+00:00\",\"breadcrumb\":{\"@id\":\"https:\/\/gysfm.com.ar\/inicio\/israel-intensifica-sus-ataques-en-el-libano-a-pesar-del-alto-el-fuego-al-menos-7-muertos\/#breadcrumb\"},\"inLanguage\":\"es\",\"potentialAction\":[{\"@type\":\"ReadAction\",\"target\":[\"https:\/\/gysfm.com.ar\/inicio\/israel-intensifica-sus-ataques-en-el-libano-a-pesar-del-alto-el-fuego-al-menos-7-muertos\/\"]}]},{\"@type\":\"ImageObject\",\"inLanguage\":\"es\",\"@id\":\"https:\/\/gysfm.com.ar\/inicio\/israel-intensifica-sus-ataques-en-el-libano-a-pesar-del-alto-el-fuego-al-menos-7-muertos\/#primaryimage\",\"url\":\"https:\/\/gysfm.com.ar\/inicio\/wp-content\/uploads\/2026\/05\/ataques-en-el-sur-del-libano-ODPBBL5QKJCZRMZDFVNWLH7QRE.JPG\",\"contentUrl\":\"https:\/\/gysfm.com.ar\/inicio\/wp-content\/uploads\/2026\/05\/ataques-en-el-sur-del-libano-ODPBBL5QKJCZRMZDFVNWLH7QRE.JPG\",\"width\":1200,\"height\":800},{\"@type\":\"BreadcrumbList\",\"@id\":\"https:\/\/gysfm.com.ar\/inicio\/israel-intensifica-sus-ataques-en-el-libano-a-pesar-del-alto-el-fuego-al-menos-7-muertos\/#breadcrumb\",\"itemListElement\":[{\"@type\":\"ListItem\",\"position\":1,\"name\":\"Portada\",\"item\":\"https:\/\/gysfm.com.ar\/inicio\/\"},{\"@type\":\"ListItem\",\"position\":2,\"name\":\"Israel intensifica sus ataques en el L\u00edbano a pesar del alto el fuego: al menos 7 muertos\"}]},{\"@type\":\"WebSite\",\"@id\":\"https:\/\/gysfm.com.ar\/inicio\/#website\",\"url\":\"https:\/\/gysfm.com.ar\/inicio\/\",\"name\":\"GYS NOTICIAS |\",\"description\":\"DIARIO - RADIO ONLINE SAN JUAN ARGENTINA\",\"publisher\":{\"@id\":\"https:\/\/gysfm.com.ar\/inicio\/#organization\"},\"potentialAction\":[{\"@type\":\"SearchAction\",\"target\":{\"@type\":\"EntryPoint\",\"urlTemplate\":\"https:\/\/gysfm.com.ar\/inicio\/?s={search_term_string}\"},\"query-input\":{\"@type\":\"PropertyValueSpecification\",\"valueRequired\":true,\"valueName\":\"search_term_string\"}}],\"inLanguage\":\"es\"},{\"@type\":\"Organization\",\"@id\":\"https:\/\/gysfm.com.ar\/inicio\/#organization\",\"name\":\"GYS NOTICIAS |\",\"url\":\"https:\/\/gysfm.com.ar\/inicio\/\",\"logo\":{\"@type\":\"ImageObject\",\"inLanguage\":\"es\",\"@id\":\"https:\/\/gysfm.com.ar\/inicio\/#\/schema\/logo\/image\/\",\"url\":\"https:\/\/gysfm.com.ar\/inicio\/wp-content\/uploads\/2023\/07\/LOGOGYS-OK.png\",\"contentUrl\":\"https:\/\/gysfm.com.ar\/inicio\/wp-content\/uploads\/2023\/07\/LOGOGYS-OK.png\",\"width\":1170,\"height\":872,\"caption\":\"GYS NOTICIAS |\"},\"image\":{\"@id\":\"https:\/\/gysfm.com.ar\/inicio\/#\/schema\/logo\/image\/\"}},{\"@type\":\"Person\",\"@id\":\"https:\/\/gysfm.com.ar\/inicio\/#\/schema\/person\/3abba7593ef2ad19e1be221d54383dc5\",\"name\":\"Prensa G&amp;S FM\",\"image\":{\"@type\":\"ImageObject\",\"inLanguage\":\"es\",\"@id\":\"https:\/\/gysfm.com.ar\/inicio\/#\/schema\/person\/image\/\",\"url\":\"https:\/\/secure.gravatar.com\/avatar\/096ec78df02049ab018702bb4ccedf659377fa92a26540b5247612077a0dbd29?s=96&d=mm&r=g\",\"contentUrl\":\"https:\/\/secure.gravatar.com\/avatar\/096ec78df02049ab018702bb4ccedf659377fa92a26540b5247612077a0dbd29?s=96&d=mm&r=g\",\"caption\":\"Prensa G&amp;S FM\"},\"sameAs\":[\"https:\/\/gysfm.com.ar\/\"],\"url\":\"https:\/\/gysfm.com.ar\/inicio\/author\/lucasm\/\"}]}<\/script>\n<!-- \/ Yoast SEO plugin. -->","yoast_head_json":{"title":"Israel intensifica sus ataques en el L\u00edbano a pesar del alto el fuego: al menos 7 muertos - GYS NOTICIAS |","robots":{"index":"index","follow":"follow","max-snippet":"max-snippet:-1","max-image-preview":"max-image-preview:large","max-video-preview":"max-video-preview:-1"},"canonical":"https:\/\/gysfm.com.ar\/inicio\/israel-intensifica-sus-ataques-en-el-libano-a-pesar-del-alto-el-fuego-al-menos-7-muertos\/","og_locale":"es_ES","og_type":"article","og_title":"Israel intensifica sus ataques en el L\u00edbano a pesar del alto el fuego: al menos 7 muertos - GYS NOTICIAS |","og_description":"BEIRUT, L\u00edbano (AP) &#8211; A pesar de la fr\u00e1gil tregua vigente entre Israel y el L\u00edbano, Tel Aviv intensific\u00f3 este s\u00e1bado sus ataques en el sur del pa\u00eds, donde se reportaron al menos 7 muertos y varios heridos. La embestida se produce mientras rige un alto el fuego prorrogado entre las partes para retomar las [&hellip;]","og_url":"https:\/\/gysfm.com.ar\/inicio\/israel-intensifica-sus-ataques-en-el-libano-a-pesar-del-alto-el-fuego-al-menos-7-muertos\/","og_site_name":"GYS NOTICIAS |","article_published_time":"2026-05-03T08:43:32+00:00","og_image":[{"width":1200,"height":800,"url":"https:\/\/gysfm.com.ar\/inicio\/wp-content\/uploads\/2026\/05\/ataques-en-el-sur-del-libano-ODPBBL5QKJCZRMZDFVNWLH7QRE.JPG","type":"image\/jpeg"}],"author":"Prensa G&amp;S FM","twitter_card":"summary_large_image","twitter_misc":{"Escrito por":"Prensa G&amp;S FM","Tiempo de lectura":"3 minutos"},"schema":{"@context":"https:\/\/schema.org","@graph":[{"@type":"Article","@id":"https:\/\/gysfm.com.ar\/inicio\/israel-intensifica-sus-ataques-en-el-libano-a-pesar-del-alto-el-fuego-al-menos-7-muertos\/#article","isPartOf":{"@id":"https:\/\/gysfm.com.ar\/inicio\/israel-intensifica-sus-ataques-en-el-libano-a-pesar-del-alto-el-fuego-al-menos-7-muertos\/"},"author":{"name":"Prensa G&amp;S FM","@id":"https:\/\/gysfm.com.ar\/inicio\/#\/schema\/person\/3abba7593ef2ad19e1be221d54383dc5"},"headline":"Israel intensifica sus ataques en el L\u00edbano a pesar del alto el fuego: al menos 7 muertos","datePublished":"2026-05-03T08:43:32+00:00","mainEntityOfPage":{"@id":"https:\/\/gysfm.com.ar\/inicio\/israel-intensifica-sus-ataques-en-el-libano-a-pesar-del-alto-el-fuego-al-menos-7-muertos\/"},"wordCount":587,"publisher":{"@id":"https:\/\/gysfm.com.ar\/inicio\/#organization"},"image":{"@id":"https:\/\/gysfm.com.ar\/inicio\/israel-intensifica-sus-ataques-en-el-libano-a-pesar-del-alto-el-fuego-al-menos-7-muertos\/#primaryimage"},"thumbnailUrl":"https:\/\/gysfm.com.ar\/inicio\/wp-content\/uploads\/2026\/05\/ataques-en-el-sur-del-libano-ODPBBL5QKJCZRMZDFVNWLH7QRE.JPG","articleSection":["INTERNACIONALES"],"inLanguage":"es"},{"@type":"WebPage","@id":"https:\/\/gysfm.com.ar\/inicio\/israel-intensifica-sus-ataques-en-el-libano-a-pesar-del-alto-el-fuego-al-menos-7-muertos\/","url":"https:\/\/gysfm.com.ar\/inicio\/israel-intensifica-sus-ataques-en-el-libano-a-pesar-del-alto-el-fuego-al-menos-7-muertos\/","name":"Israel intensifica sus ataques en el L\u00edbano a pesar del alto el fuego: al menos 7 muertos - GYS NOTICIAS |","isPartOf":{"@id":"https:\/\/gysfm.com.ar\/inicio\/#website"},"primaryImageOfPage":{"@id":"https:\/\/gysfm.com.ar\/inicio\/israel-intensifica-sus-ataques-en-el-libano-a-pesar-del-alto-el-fuego-al-menos-7-muertos\/#primaryimage"},"image":{"@id":"https:\/\/gysfm.com.ar\/inicio\/israel-intensifica-sus-ataques-en-el-libano-a-pesar-del-alto-el-fuego-al-menos-7-muertos\/#primaryimage"},"thumbnailUrl":"https:\/\/gysfm.com.ar\/inicio\/wp-content\/uploads\/2026\/05\/ataques-en-el-sur-del-libano-ODPBBL5QKJCZRMZDFVNWLH7QRE.JPG","datePublished":"2026-05-03T08:43:32+00:00","breadcrumb":{"@id":"https:\/\/gysfm.com.ar\/inicio\/israel-intensifica-sus-ataques-en-el-libano-a-pesar-del-alto-el-fuego-al-menos-7-muertos\/#breadcrumb"},"inLanguage":"es","potentialAction":[{"@type":"ReadAction","target":["https:\/\/gysfm.com.ar\/inicio\/israel-intensifica-sus-ataques-en-el-libano-a-pesar-del-alto-el-fuego-al-menos-7-muertos\/"]}]},{"@type":"ImageObject","inLanguage":"es","@id":"https:\/\/gysfm.com.ar\/inicio\/israel-intensifica-sus-ataques-en-el-libano-a-pesar-del-alto-el-fuego-al-menos-7-muertos\/#primaryimage","url":"https:\/\/gysfm.com.ar\/inicio\/wp-content\/uploads\/2026\/05\/ataques-en-el-sur-del-libano-ODPBBL5QKJCZRMZDFVNWLH7QRE.JPG","contentUrl":"https:\/\/gysfm.com.ar\/inicio\/wp-content\/uploads\/2026\/05\/ataques-en-el-sur-del-libano-ODPBBL5QKJCZRMZDFVNWLH7QRE.JPG","width":1200,"height":800},{"@type":"BreadcrumbList","@id":"https:\/\/gysfm.com.ar\/inicio\/israel-intensifica-sus-ataques-en-el-libano-a-pesar-del-alto-el-fuego-al-menos-7-muertos\/#breadcrumb","itemListElement":[{"@type":"ListItem","position":1,"name":"Portada","item":"https:\/\/gysfm.com.ar\/inicio\/"},{"@type":"ListItem","position":2,"name":"Israel intensifica sus ataques en el L\u00edbano a pesar del alto el fuego: al menos 7 muertos"}]},{"@type":"WebSite","@id":"https:\/\/gysfm.com.ar\/inicio\/#website","url":"https:\/\/gysfm.com.ar\/inicio\/","name":"GYS NOTICIAS |","description":"DIARIO - RADIO ONLINE SAN JUAN ARGENTINA","publisher":{"@id":"https:\/\/gysfm.com.ar\/inicio\/#organization"},"potentialAction":[{"@type":"SearchAction","target":{"@type":"EntryPoint","urlTemplate":"https:\/\/gysfm.com.ar\/inicio\/?s={search_term_string}"},"query-input":{"@type":"PropertyValueSpecification","valueRequired":true,"valueName":"search_term_string"}}],"inLanguage":"es"},{"@type":"Organization","@id":"https:\/\/gysfm.com.ar\/inicio\/#organization","name":"GYS NOTICIAS |","url":"https:\/\/gysfm.com.ar\/inicio\/","logo":{"@type":"ImageObject","inLanguage":"es","@id":"https:\/\/gysfm.com.ar\/inicio\/#\/schema\/logo\/image\/","url":"https:\/\/gysfm.com.ar\/inicio\/wp-content\/uploads\/2023\/07\/LOGOGYS-OK.png","contentUrl":"https:\/\/gysfm.com.ar\/inicio\/wp-content\/uploads\/2023\/07\/LOGOGYS-OK.png","width":1170,"height":872,"caption":"GYS NOTICIAS |"},"image":{"@id":"https:\/\/gysfm.com.ar\/inicio\/#\/schema\/logo\/image\/"}},{"@type":"Person","@id":"https:\/\/gysfm.com.ar\/inicio\/#\/schema\/person\/3abba7593ef2ad19e1be221d54383dc5","name":"Prensa G&amp;S FM","image":{"@type":"ImageObject","inLanguage":"es","@id":"https:\/\/gysfm.com.ar\/inicio\/#\/schema\/person\/image\/","url":"https:\/\/secure.gravatar.com\/avatar\/096ec78df02049ab018702bb4ccedf659377fa92a26540b5247612077a0dbd29?s=96&d=mm&r=g","contentUrl":"https:\/\/secure.gravatar.com\/avatar\/096ec78df02049ab018702bb4ccedf659377fa92a26540b5247612077a0dbd29?s=96&d=mm&r=g","caption":"Prensa G&amp;S FM"},"sameAs":["https:\/\/gysfm.com.ar\/"],"url":"https:\/\/gysfm.com.ar\/inicio\/author\/lucasm\/"}]}},"_links":{"self":[{"href":"https:\/\/gysfm.com.ar\/inicio\/wp-json\/wp\/v2\/posts\/194397","targetHints":{"allow":["GET"]}}],"collection":[{"href":"https:\/\/gysfm.com.ar\/inicio\/wp-json\/wp\/v2\/posts"}],"about":[{"href":"https:\/\/gysfm.com.ar\/inicio\/wp-json\/wp\/v2\/types\/post"}],"author":[{"embeddable":true,"href":"https:\/\/gysfm.com.ar\/inicio\/wp-json\/wp\/v2\/users\/2"}],"replies":[{"embeddable":true,"href":"https:\/\/gysfm.com.ar\/inicio\/wp-json\/wp\/v2\/comments?post=194397"}],"version-history":[{"count":1,"href":"https:\/\/gysfm.com.ar\/inicio\/wp-json\/wp\/v2\/posts\/194397\/revisions"}],"predecessor-version":[{"id":194399,"href":"https:\/\/gysfm.com.ar\/inicio\/wp-json\/wp\/v2\/posts\/194397\/revisions\/194399"}],"wp:featuredmedia":[{"embeddable":true,"href":"https:\/\/gysfm.com.ar\/inicio\/wp-json\/wp\/v2\/media\/194398"}],"wp:attachment":[{"href":"https:\/\/gysfm.com.ar\/inicio\/wp-json\/wp\/v2\/media?parent=194397"}],"wp:term":[{"taxonomy":"category","embeddable":true,"href":"https:\/\/gysfm.com.ar\/inicio\/wp-json\/wp\/v2\/categories?post=194397"},{"taxonomy":"post_tag","embeddable":true,"href":"https:\/\/gysfm.com.ar\/inicio\/wp-json\/wp\/v2\/tags?post=194397"}],"curies":[{"name":"wp","href":"https:\/\/api.w.org\/{rel}","templated":true}]}}