{"id":194384,"date":"2026-05-03T03:41:07","date_gmt":"2026-05-03T06:41:07","guid":{"rendered":"https:\/\/gysfm.com.ar\/inicio\/el-retorno-del-rey-la-leccion-de-carlos-iii-a-trump-sobre-que-decir-y-que-callar\/"},"modified":"2026-05-03T03:41:08","modified_gmt":"2026-05-03T06:41:08","slug":"el-retorno-del-rey-la-leccion-de-carlos-iii-a-trump-sobre-que-decir-y-que-callar","status":"publish","type":"post","link":"https:\/\/gysfm.com.ar\/inicio\/el-retorno-del-rey-la-leccion-de-carlos-iii-a-trump-sobre-que-decir-y-que-callar\/","title":{"rendered":"El retorno del rey: la lecci\u00f3n de Carlos III a Trump sobre qu\u00e9 decir y qu\u00e9 callar"},"content":{"rendered":"<p> <br \/>\n<\/p>\n<div>\n<p class=\"com-paragraph   --s\"><strong>Carlos III tuvo que esperar m\u00e1s de siete d\u00e9cadas para ponerse la corona y esta semana demostr\u00f3 que se hab\u00eda preparado toda la vida para este momento.<\/strong> Su <a href=\"https:\/\/www.lanacion.com.ar\/el-mundo\/carlos-iii-deslumbro-en-eeuu-con-un-discurso-ante-trump-con-el-que-europa-se-sintio-reivindicada-nid29042026\/\" target=\"_self\" title=\"https:\/\/www.lanacion.com.ar\/el-mundo\/carlos-iii-deslumbro-en-eeuu-con-un-discurso-ante-trump-con-el-que-europa-se-sintio-reivindicada-nid29042026\/\" class=\"com-link break-word\" data-mrf-recirculation=\"n_link_parrafo\">visita a Estados Unidos dif\u00edcilmente pueda haber salido mejor<\/a>: la mayor\u00eda de la prensa brit\u00e1nica destac\u00f3 que <strong>le marc\u00f3 la cancha con altura a su aliado especial<\/strong>, le mostr\u00f3 a su anfitri\u00f3n que se puede hacer pol\u00edtica con estilo, revitaliz\u00f3 la monarqu\u00eda y de paso consigui\u00f3 que levantaran los aranceles al whisky escoc\u00e9s.<\/p>\n<p class=\"com-paragraph   --s\"><strong>No ten\u00eda margen de error.<\/strong> Abonada a los esc\u00e1ndalos, la familia real brit\u00e1nica necesita revalidar constantemente su raz\u00f3n de existencia. Al rey le alcanz\u00f3 para que lo celebraran sin tener que adentrarse en temas espinosos como su v\u00ednculo con su hijo Harry o el arresto de su hermano por el caso Epstein, algo que seguramente vuelva con fuerza cuando baje la espuma. \u201cLa visita del rey Carlos a la Casa Blanca fue un ejercicio de distracci\u00f3n y negaci\u00f3n a toda m\u00e1quina\u201d, sentenci\u00f3 la columnista de <em>The Guardian<\/em> Frances Ryan, que no comparti\u00f3 el entusiasmo de la mayor\u00eda de sus colegas.<\/p>\n<p class=\"com-paragraph   --s\">En Washington casi todos estuvieron encantados con el retorno del rey. <strong>El cl\u00edmax de lo que muchos llamaron una \u201cmasterclass diplom\u00e1tica\u201d fue su discurso<\/strong> de 2600 palabras ante el Congreso en el que defendi\u00f3 a la OTAN, respald\u00f3 a Ucrania, invoc\u00f3 la Constituci\u00f3n, el Estado de derecho y la independencia de los poderes y, parafraseando a Abraham Lincoln, dijo que \u201cel mundo no presta mucha atenci\u00f3n a lo que decimos, pero jam\u00e1s olvidar\u00e1 lo que hacemos\u201d. <strong>Nunca mencion\u00f3 directamente a Donald Trump y recibi\u00f3 doce ovaciones de pie<\/strong>, incluso de la bancada a la que parec\u00eda estar aleccionando.<\/p>\n<p><iframe loading=\"lazy\" title=\"Discurso hist\u00f3rico completo: Lo que dijo el rey Carlos III del Reino Unido ante el Congreso de EEUU\" width=\"1170\" height=\"658\" src=\"https:\/\/www.youtube.com\/embed\/RT8JKTQ0x9Q?wmode=transparent&amp;rel=0&amp;feature=oembed\" frameborder=\"0\" allow=\"accelerometer; autoplay; clipboard-write; encrypted-media; gyroscope; picture-in-picture; web-share\" referrerpolicy=\"strict-origin-when-cross-origin\" allowfullscreen><\/iframe><\/p>\n<p class=\"com-paragraph   --s\">Con malicia, algunos comentaristas pol\u00edticos dijeron que el trumpismo lo aplaudi\u00f3 porque no capt\u00f3 las sutilezas de su mensaje. <strong>La se\u00f1al m\u00e1s reveladora del impacto de su discurso no lleg\u00f3 de Washington, sino de Mosc\u00fa.<\/strong> La respuesta estuvo a cargo de Dimitri Medvedev, el expresidente t\u00edtere de Vladimir Putin devenido en la cara del bullying ruso.<\/p>\n<p class=\"com-paragraph   --s\">\u201cLos reyes de Europa est\u00e1n tan aburridos que han tirado el manual y se han metido en pol\u00edtica. \u00bfQu\u00e9 otra explicaci\u00f3n tiene que Carlos III y Carlos Gustavo XVI de Suecia se pongan a hablar de defender Ucrania y del Art\u00edculo 5 del Tratado de la OTAN? \u00bfNo es hora de que recuerden que reinan pero no gobiernan?\u201d, poste\u00f3 Medvedev, que tambi\u00e9n aludi\u00f3 a la reciente visita del rey sueco a territorio ucraniano.<\/p>\n<p class=\"com-paragraph   --s\">El sarcasmo, desmedido para referirse a dos monarcas que no lideran ej\u00e9rcitos ni tienen poder ejecutivo, esconde que cualquier obst\u00e1culo en los planes rusos de desestabilizar el orden europeo de posguerra genera irritaci\u00f3n. <strong>La bala del rey entr\u00f3 en el Kremlin.<\/strong><\/p>\n<p class=\"com-paragraph   --s\"><strong>Todo un logro en un momento en el que los l\u00edderes europeos parecen paralizados<\/strong>, sin capacidad de articular una respuesta colectiva a los desaf\u00edos que les plantean Trump y Putin. La instituci\u00f3n que muchos consideran la m\u00e1s anacr\u00f3nica de Occidente encontr\u00f3 las palabras justas y la audiencia internacional que no encuentran los l\u00edderes electos democr\u00e1ticamente. <strong>En otras palabras, Carlos III consigui\u00f3 en Washington lo que Emmanuel Macron, Friedrich Merz o Keir Starmer no pudieron hacer: ser escuchados y no frustrarse en el intento.<\/strong><\/p>\n<p class=\"com-paragraph   --s\"><strong>\u00bfAlcanzar\u00e1 para resetear la relaciones entre Estados Unidos y Gran Breta\u00f1a?<\/strong> Algunos lo ponen en duda. \u201cNinguna cantidad de soft power real tranquilizar\u00e1 a los generales estadounidenses preocupados por la falta de hard power del ej\u00e9rcito de Gran Breta\u00f1a\u201d, analiz\u00f3 la BBC.<\/p>\n<p class=\"com-paragraph   --s\">Brett McGurk, exasesor de cuatro presidentes para Medio Oriente, fue m\u00e1s all\u00e1: \u201cSi el discurso del rey se tradujera en intereses comunes y en un reparto de la carga, habr\u00eda una oportunidad. Si observamos lo que est\u00e1 sucediendo en Ucrania, realmente necesitamos a los brit\u00e1nicos \u2014y a su Armada\u2014 con nosotros en el estrecho de Ormuz\u201d, dijo a la CNN.<\/p>\n<p class=\"com-paragraph   --s\">La gira de cuatro d\u00edas que incluy\u00f3 Washington, Nueva York, y Virginia fue la primera visita de Estado de un monarca brit\u00e1nico a Estados Unidos desde 2007. Coincidi\u00f3 con el 250 aniversario de la Declaraci\u00f3n de Independencia, una fecha cargada de simbolismo que Carlos III aprovech\u00f3 con iron\u00eda. Brome\u00f3 sobre el \u201cintento brit\u00e1nico de remodelaci\u00f3n inmobiliaria de la Casa Blanca en 1814\u201d (una alusi\u00f3n hist\u00f3rica a un incendio durante la guerra de independencia), asegur\u00f3 a los congresistas que no estaba ah\u00ed como parte de \u201cninguna astuta maniobra de retaguardia\u201d para recuperar las colonias, y hasta llam\u00f3 a los Padres Fundadores \u201crebeldes con causa\u201d, una referencia cin\u00e9fila no apta para la generaci\u00f3n Z que despert\u00f3 risas en el Capitolio.<\/p>\n<div class=\"content-media\">\n<section role=\"button\" class=\"mod-media   \">\n<figure role=\"button\" tabindex=\"0\" class=\"mod-figure \"><figcaption class=\"mod-figcaption\"><span class=\"com-text --caption --twoxs\">Carlos III y Trump en la cena de Estado<\/span><span class=\"com-text --credit --twoxs\">Alex Brandon &#8211; AP<\/span><\/figcaption><\/figure>\n<\/section>\n<\/div>\n<p class=\"com-paragraph   --s\"><strong>Bajo la capa de humor brit\u00e1nico hab\u00eda cr\u00edticas que ning\u00fan diplom\u00e1tico hubiera podido pronunciar sin provocar una crisis.<\/strong> Carlos III nunca nombr\u00f3 a Trump. Pero desaprob\u00f3 impl\u00edcitamente su direcci\u00f3n pol\u00edtica y defendi\u00f3 los pilares de la democracia occidental: el sistema de controles y equilibrios internos, las alianzas y la tolerancia interreligiosa. <strong>Habl\u00f3 de una \u201cdeterminaci\u00f3n inquebrantable\u201d para defender a Ucrania.<\/strong> Elogi\u00f3 a la OTAN y record\u00f3 que su art\u00edculo 5 fue invocado por primera y \u00fanica vez tras los atentados del 11 de Septiembre. Habl\u00f3 de la responsabilidad de proteger la naturaleza \u2014el negacionismo clim\u00e1tico abunda dentro del trumpismo\u2014 y record\u00f3 que los amigos pueden discrepar sin que eso rompa los lazos que los unen, una referencia a la negativa brit\u00e1nica de sumarse a la guerra de Ir\u00e1n, que le vali\u00f3 a Starmer el calificativo de \u201ccobarde\u201d por parte del presidente. Incluso el comentario del incendio de 1814 sigui\u00f3 a una alusi\u00f3n a los planes del presidente de construir un sal\u00f3n de baile en la Casa Blanca, muy criticados en los medios norteamericanos.<\/p>\n<div class=\"content-media\">\n<section role=\"button\" class=\"mod-media   \">\n<figure role=\"button\" tabindex=\"0\" class=\"mod-figure \"><figcaption class=\"mod-figcaption\"><span class=\"com-text --caption --twoxs\">Los Trump y los reyes visitan la zona donde se construir\u00e1 el sal\u00f3n de baile<\/span><span class=\"com-text --credit --twoxs\">AARON CHOWN &#8211; POOL<\/span><\/figcaption><\/figure>\n<\/section>\n<\/div>\n<p class=\"com-paragraph   --s\">La prensa brit\u00e1nica interpret\u00f3 el mensaje a fondo, con a\u00f1os de experiencia de entender entre l\u00edneas de sus monarcas. \u201cEl rey entrega verdades inc\u00f3modas\u201d, titul\u00f3 el <em>Daily Mail<\/em>. <em>The Sun<\/em> lo llam\u00f3 \u201cel diplom\u00e1tico n\u00famero uno de Gran Breta\u00f1a\u201d. <em>The Independent<\/em> dijo que Carlos hab\u00eda reprendido a Trump con \u201ctal nivel de matiz y sofisticaci\u00f3n que ni siquiera Trump y sus vol\u00e1tiles seguidores pod\u00edan ofenderse\u201d. <strong>En Estados Unidos, los medios que sufren los embates diarios de Trump estaban tan extasiados que se olvidaron de preguntarle por el caso Epstein.<\/strong><\/p>\n<p class=\"com-paragraph   --s\">En la cena de Estado en la Casa Blanca, Carlos III tambi\u00e9n le respondi\u00f3 a Trump que insinu\u00f3 que Europa estar\u00eda \u201chablando alem\u00e1n\u201d sin la ayuda de Estados Unidos. \u201cMe atrevo a decir que, si no fuera por nosotros, estar\u00edan hablando franc\u00e9s\u201d, respondi\u00f3 Carlos III, en una broma festejada por Trump. Emmanuel Macron aprovech\u00f3 el momento para tirar una chicana en redes con un \u201cser\u00eda chic\u201d.<\/p>\n<p class=\"com-paragraph   --s\">La ofensiva de seducci\u00f3n se complet\u00f3 con el regalo elegido para el presidente: la campana original del HMS Trump, un submarino botado en 1944 y activo en el Pac\u00edfico durante la Segunda Guerra Mundial. <strong>Una caricia al ego y un recordatorio sutil<\/strong> sobre la importancia hist\u00f3rica de la Royal Navy, despu\u00e9s de que el magnate dijera que los portaaviones brit\u00e1nicos son \u201cjuguetes\u201d.<\/p>\n<p class=\"com-paragraph   --s\"><strong>A Trump se lo vio fascinado compartiendo la pompa real.<\/strong> \u201cDOS REYES\u201d, fue el mensaje con el que la Casa Blanca public\u00f3 en redes la foto oficial del encuentro. No sorprendi\u00f3 a nadie.<\/p>\n<p class=\"com-paragraph   --s\"> Al magnate le gusta jugar con la iconograf\u00eda mon\u00e1rquica. En octubre pasado public\u00f3 un video generado por inteligencia artificial en el que aparec\u00eda con corona y capa real mientras legisladores dem\u00f3cratas se arrodillaban ante \u00e9l.<\/p>\n<p class=\"com-paragraph   --s\"><strong>La visita tambi\u00e9n desnud\u00f3 el abismo entre lo que Carlos III y Trump consideran que significa ser un rey.<\/strong> No solo el estilo los diferencia. Uno aprendi\u00f3 que lo \u00fanico que puede garantizar la continuidad de las monarqu\u00edas europeas es el apego a las normas y el respeto a las instituciones. El otro fantasea con un poder sin l\u00edmites para imponer su voluntad. <strong>A nadie le pas\u00f3 por alto la iron\u00eda<\/strong> de que un rey que recibe el cargo por herencia le recuerde a un presidente electo sobre la importancia de respetar el Estado de derecho. <strong>Un recordatorio b\u00e1sico de qu\u00e9 es lo que diferencia a una monarqu\u00eda absolutista de una constitucional. <\/strong>Carlos III, en un ejercicio de autopreservaci\u00f3n, tampoco nunca alardea sobre la riqueza su familia.<\/p>\n<p class=\"com-paragraph   --s\">\u201cCarlos III lleg\u00f3 en un momento propicio para recordarle al aut\u00f3crata de la Casa Blanca por qu\u00e9 la colonia rebelde de Gran Breta\u00f1a hab\u00eda huido: para escapar de la tiran\u00eda de un rey opresor\u201d, resumi\u00f3 Maureen Dowd, una de las columnistas m\u00e1s \u00e1cidas de <em>The New York Times<\/em>.<\/p>\n<p class=\"com-paragraph   --s\">Al despedirse de la pareja real el jueves por la ma\u00f1ana, el presidente se volvi\u00f3 hacia los periodistas y dijo: \u201cGran gente. Necesitamos m\u00e1s gente as\u00ed en nuestro pa\u00eds\u201d. <strong>Un elogio singular del hombre que vino a romper el establishment a uno de sus s\u00edmbolos m\u00e1ximos.<\/strong><\/p>\n<p class=\"com-paragraph   --s\"><strong>Por supuesto que ser rey no es un cuento de hadas.<\/strong> Para Carlos III la gira era tambi\u00e9n una oportunidad de revitalizar la imagen de la familia real, golpeada por el caso Epstein y al arresto del expr\u00edncipe Andr\u00e9s, y las aventuras rebeldes de Harry y Meghan. Aunque la mayor\u00eda de los brit\u00e1nicos mantiene una visi\u00f3n positiva de la instituci\u00f3n, existen encuestas que muestran una brecha generacional importante. <strong>Menos de la mitad de los j\u00f3venes de entre 18 y 24 a\u00f1os (un 45%) considera que el pa\u00eds deber\u00eda seguir teniendo una monarqu\u00eda.<\/strong> El rey ten\u00eda la oportunidad de demostrarle a los esc\u00e9pticos de la monarqu\u00eda por qu\u00e9 vale la pena mantenerla y al menos por ahora gan\u00f3 algo de ox\u00edgeno. <strong>Su madre puede estar orgullosa.<\/strong><\/p>\n<p class=\"com-paragraph   --s\"><strong>Adaptarse a un contexto pol\u00edtico cada vez m\u00e1s cambiante e impredecible es un desaf\u00edo<\/strong> que la familia real brit\u00e1nica comparte con los otros reyes europeos. En tiempos de recesi\u00f3n democr\u00e1tica y de polarizaci\u00f3n pol\u00edtica, para desgracia de Medvedev algunos ven la posibilidad de que las monarqu\u00edas, durante d\u00e9cadas relegadas a funciones ceremoniales, ampl\u00eden su dimensi\u00f3n pol\u00edtica.<\/p>\n<p class=\"com-paragraph   --s\">Felipe VI de Espa\u00f1a lo experiment\u00f3 en primera persona. Tras una recuperaci\u00f3n extraordinaria que llev\u00f3 la valoraci\u00f3n de la Corona de un piso hist\u00f3rico de 3,7 sobre 10 en 2013 hasta el 6,8 en 2024, el rey comenz\u00f3 a pronunciarse contra \u201clos extremismos, los radicalismos y los populismos\u201d. El partido de ultraderecha VOX, que lo elogiaba como un s\u00edmbolo de la hispanidad, le retir\u00f3 la lealtad.<\/p>\n<div class=\"content-media\">\n<section role=\"button\" class=\"mod-media   \">\n<figure role=\"button\" tabindex=\"0\" class=\"mod-figure \"><figcaption class=\"mod-figcaption\"><span class=\"com-text --caption --twoxs\">La princesa Leonor junto a su padre, el rey Felipe VI, durante la entrega de los premios Princesa de Asturias<\/span><span class=\"com-text --credit --twoxs\">MIGUEL RIOPA &#8211; AFP<\/span><\/figcaption><\/figure>\n<\/section>\n<\/div>\n<p class=\"com-paragraph   --s\">Carlos Gustavo XVI de Suecia tambi\u00e9n le quiso enviar un mensaje a Rusia. Viaj\u00f3 a Lviv para honrar, sin pompa ni discursos, a los ca\u00eddos junto a Volodimir Zelensky, y volver a casa. Rusia intent\u00f3 instalar el relato de que el rey se hab\u00eda negado a estrechar la mano del presidente ucraniano; la Casa Real sueca tuvo que desmentirlo p\u00fablicamente, y la canciller sueca fue directa: \u201cCuando la realidad no basta, la propaganda toma el relevo\u201d.<\/p>\n<p class=\"com-paragraph   --s\"><strong>La generaci\u00f3n que se prepara para gobernar toma nota.<\/strong> En Espa\u00f1a, la princesa Leonor, de 20 a\u00f1os, anunci\u00f3 esta semana que romper\u00e1 la tradici\u00f3n real de estudiar derecho y empezar\u00e1 la carrera de ciencia pol\u00edtica, una disciplina que no es de especial agrado de un presidente del fin del mundo aliado de Trump. Acad\u00e9micos espa\u00f1oles interpretaron el gesto como una elecci\u00f3n inteligente para una futura reina. <strong>La monarqu\u00eda que sobreviva no ser\u00e1 la que mejor preserve sus rituales, sino la que mejor entienda en qu\u00e9 mundo vive.<\/strong> Alg\u00fan profesor ya debe estar pensando en incluir el discurso del rey en el programa.<\/p>\n<section class=\"container-center-100 mb-40 border border-bottom border-thin border-neutral-light-700\">\n<hr\/>\n<\/section>\n<\/div>\n<p><script id=\"facebookpixel\" defer=\"\" type=\"text\/javascript\">\n        !function(f,b,e,v,n,t,s)\n        {if(f.fbq)return;n=f.fbq=function(){n.callMethod?\n        n.callMethod.apply(n,arguments):n.queue.push(arguments)};\n        if(!f._fbq)f._fbq=n;n.push=n;n.loaded=!0;n.version='2.0';\n        n.queue=[];t=b.createElement(e);t.async=!0;\n        t.src=v;s=b.getElementsByTagName(e)[0];\n        s.parentNode.insertBefore(t,s)}(window, document,'script',\n        'https:\/\/connect.facebook.net\/en_US\/fbevents.js');\n        fbq('init', '492459597522335');\n        fbq('track', 'PageView');\n    <\/script><br \/>\n<br \/><\/p>\n","protected":false},"excerpt":{"rendered":"<p>Carlos III tuvo que esperar m\u00e1s de siete d\u00e9cadas para ponerse la corona y esta semana demostr\u00f3 que se hab\u00eda preparado toda la vida para este momento. Su visita a Estados Unidos dif\u00edcilmente pueda haber salido mejor: la mayor\u00eda de la prensa brit\u00e1nica destac\u00f3 que le marc\u00f3 la cancha con altura a su aliado especial, [&hellip;]<\/p>\n","protected":false},"author":2,"featured_media":194385,"comment_status":"closed","ping_status":"closed","sticky":false,"template":"","format":"standard","meta":{"footnotes":""},"categories":[26],"tags":[],"class_list":["post-194384","post","type-post","status-publish","format-standard","has-post-thumbnail","hentry","category-internacionales"],"yoast_head":"<!-- This site is optimized with the Yoast SEO plugin v24.4 - https:\/\/yoast.com\/wordpress\/plugins\/seo\/ -->\n<title>El retorno del rey: la lecci\u00f3n de Carlos III a Trump sobre qu\u00e9 decir y qu\u00e9 callar - GYS NOTICIAS |<\/title>\n<meta name=\"robots\" content=\"index, follow, max-snippet:-1, max-image-preview:large, max-video-preview:-1\" \/>\n<link rel=\"canonical\" href=\"https:\/\/gysfm.com.ar\/inicio\/el-retorno-del-rey-la-leccion-de-carlos-iii-a-trump-sobre-que-decir-y-que-callar\/\" \/>\n<meta property=\"og:locale\" content=\"es_ES\" \/>\n<meta property=\"og:type\" content=\"article\" \/>\n<meta property=\"og:title\" content=\"El retorno del rey: la lecci\u00f3n de Carlos III a Trump sobre qu\u00e9 decir y qu\u00e9 callar - GYS NOTICIAS |\" \/>\n<meta property=\"og:description\" content=\"Carlos III tuvo que esperar m\u00e1s de siete d\u00e9cadas para ponerse la corona y esta semana demostr\u00f3 que se hab\u00eda preparado toda la vida para este momento. Su visita a Estados Unidos dif\u00edcilmente pueda haber salido mejor: la mayor\u00eda de la prensa brit\u00e1nica destac\u00f3 que le marc\u00f3 la cancha con altura a su aliado especial, [&hellip;]\" \/>\n<meta property=\"og:url\" content=\"https:\/\/gysfm.com.ar\/inicio\/el-retorno-del-rey-la-leccion-de-carlos-iii-a-trump-sobre-que-decir-y-que-callar\/\" \/>\n<meta property=\"og:site_name\" content=\"GYS NOTICIAS |\" \/>\n<meta property=\"article:published_time\" content=\"2026-05-03T06:41:07+00:00\" \/>\n<meta property=\"article:modified_time\" content=\"2026-05-03T06:41:08+00:00\" \/>\n<meta property=\"og:image\" content=\"https:\/\/gysfm.com.ar\/inicio\/wp-content\/uploads\/2026\/05\/carlos-iii-y-donald-trump-en-la-casa-6XOOBGT36ZFFFGYFU4EORXHBMI.jpg\" \/>\n\t<meta property=\"og:image:width\" content=\"1200\" \/>\n\t<meta property=\"og:image:height\" content=\"800\" \/>\n\t<meta property=\"og:image:type\" content=\"image\/jpeg\" \/>\n<meta name=\"author\" content=\"Prensa G&amp;S FM\" \/>\n<meta name=\"twitter:card\" content=\"summary_large_image\" \/>\n<meta name=\"twitter:label1\" content=\"Escrito por\" \/>\n\t<meta name=\"twitter:data1\" content=\"Prensa G&amp;S FM\" \/>\n\t<meta name=\"twitter:label2\" content=\"Tiempo de lectura\" \/>\n\t<meta name=\"twitter:data2\" content=\"10 minutos\" \/>\n<script type=\"application\/ld+json\" class=\"yoast-schema-graph\">{\"@context\":\"https:\/\/schema.org\",\"@graph\":[{\"@type\":\"Article\",\"@id\":\"https:\/\/gysfm.com.ar\/inicio\/el-retorno-del-rey-la-leccion-de-carlos-iii-a-trump-sobre-que-decir-y-que-callar\/#article\",\"isPartOf\":{\"@id\":\"https:\/\/gysfm.com.ar\/inicio\/el-retorno-del-rey-la-leccion-de-carlos-iii-a-trump-sobre-que-decir-y-que-callar\/\"},\"author\":{\"name\":\"Prensa G&amp;S FM\",\"@id\":\"https:\/\/gysfm.com.ar\/inicio\/#\/schema\/person\/3abba7593ef2ad19e1be221d54383dc5\"},\"headline\":\"El retorno del rey: la lecci\u00f3n de Carlos III a Trump sobre qu\u00e9 decir y qu\u00e9 callar\",\"datePublished\":\"2026-05-03T06:41:07+00:00\",\"dateModified\":\"2026-05-03T06:41:08+00:00\",\"mainEntityOfPage\":{\"@id\":\"https:\/\/gysfm.com.ar\/inicio\/el-retorno-del-rey-la-leccion-de-carlos-iii-a-trump-sobre-que-decir-y-que-callar\/\"},\"wordCount\":2093,\"publisher\":{\"@id\":\"https:\/\/gysfm.com.ar\/inicio\/#organization\"},\"image\":{\"@id\":\"https:\/\/gysfm.com.ar\/inicio\/el-retorno-del-rey-la-leccion-de-carlos-iii-a-trump-sobre-que-decir-y-que-callar\/#primaryimage\"},\"thumbnailUrl\":\"https:\/\/gysfm.com.ar\/inicio\/wp-content\/uploads\/2026\/05\/carlos-iii-y-donald-trump-en-la-casa-6XOOBGT36ZFFFGYFU4EORXHBMI.jpg\",\"articleSection\":[\"INTERNACIONALES\"],\"inLanguage\":\"es\"},{\"@type\":\"WebPage\",\"@id\":\"https:\/\/gysfm.com.ar\/inicio\/el-retorno-del-rey-la-leccion-de-carlos-iii-a-trump-sobre-que-decir-y-que-callar\/\",\"url\":\"https:\/\/gysfm.com.ar\/inicio\/el-retorno-del-rey-la-leccion-de-carlos-iii-a-trump-sobre-que-decir-y-que-callar\/\",\"name\":\"El retorno del rey: la lecci\u00f3n de Carlos III a Trump sobre qu\u00e9 decir y qu\u00e9 callar - GYS NOTICIAS |\",\"isPartOf\":{\"@id\":\"https:\/\/gysfm.com.ar\/inicio\/#website\"},\"primaryImageOfPage\":{\"@id\":\"https:\/\/gysfm.com.ar\/inicio\/el-retorno-del-rey-la-leccion-de-carlos-iii-a-trump-sobre-que-decir-y-que-callar\/#primaryimage\"},\"image\":{\"@id\":\"https:\/\/gysfm.com.ar\/inicio\/el-retorno-del-rey-la-leccion-de-carlos-iii-a-trump-sobre-que-decir-y-que-callar\/#primaryimage\"},\"thumbnailUrl\":\"https:\/\/gysfm.com.ar\/inicio\/wp-content\/uploads\/2026\/05\/carlos-iii-y-donald-trump-en-la-casa-6XOOBGT36ZFFFGYFU4EORXHBMI.jpg\",\"datePublished\":\"2026-05-03T06:41:07+00:00\",\"dateModified\":\"2026-05-03T06:41:08+00:00\",\"breadcrumb\":{\"@id\":\"https:\/\/gysfm.com.ar\/inicio\/el-retorno-del-rey-la-leccion-de-carlos-iii-a-trump-sobre-que-decir-y-que-callar\/#breadcrumb\"},\"inLanguage\":\"es\",\"potentialAction\":[{\"@type\":\"ReadAction\",\"target\":[\"https:\/\/gysfm.com.ar\/inicio\/el-retorno-del-rey-la-leccion-de-carlos-iii-a-trump-sobre-que-decir-y-que-callar\/\"]}]},{\"@type\":\"ImageObject\",\"inLanguage\":\"es\",\"@id\":\"https:\/\/gysfm.com.ar\/inicio\/el-retorno-del-rey-la-leccion-de-carlos-iii-a-trump-sobre-que-decir-y-que-callar\/#primaryimage\",\"url\":\"https:\/\/gysfm.com.ar\/inicio\/wp-content\/uploads\/2026\/05\/carlos-iii-y-donald-trump-en-la-casa-6XOOBGT36ZFFFGYFU4EORXHBMI.jpg\",\"contentUrl\":\"https:\/\/gysfm.com.ar\/inicio\/wp-content\/uploads\/2026\/05\/carlos-iii-y-donald-trump-en-la-casa-6XOOBGT36ZFFFGYFU4EORXHBMI.jpg\",\"width\":1200,\"height\":800},{\"@type\":\"BreadcrumbList\",\"@id\":\"https:\/\/gysfm.com.ar\/inicio\/el-retorno-del-rey-la-leccion-de-carlos-iii-a-trump-sobre-que-decir-y-que-callar\/#breadcrumb\",\"itemListElement\":[{\"@type\":\"ListItem\",\"position\":1,\"name\":\"Portada\",\"item\":\"https:\/\/gysfm.com.ar\/inicio\/\"},{\"@type\":\"ListItem\",\"position\":2,\"name\":\"El retorno del rey: la lecci\u00f3n de Carlos III a Trump sobre qu\u00e9 decir y qu\u00e9 callar\"}]},{\"@type\":\"WebSite\",\"@id\":\"https:\/\/gysfm.com.ar\/inicio\/#website\",\"url\":\"https:\/\/gysfm.com.ar\/inicio\/\",\"name\":\"GYS NOTICIAS |\",\"description\":\"DIARIO - RADIO ONLINE SAN JUAN ARGENTINA\",\"publisher\":{\"@id\":\"https:\/\/gysfm.com.ar\/inicio\/#organization\"},\"potentialAction\":[{\"@type\":\"SearchAction\",\"target\":{\"@type\":\"EntryPoint\",\"urlTemplate\":\"https:\/\/gysfm.com.ar\/inicio\/?s={search_term_string}\"},\"query-input\":{\"@type\":\"PropertyValueSpecification\",\"valueRequired\":true,\"valueName\":\"search_term_string\"}}],\"inLanguage\":\"es\"},{\"@type\":\"Organization\",\"@id\":\"https:\/\/gysfm.com.ar\/inicio\/#organization\",\"name\":\"GYS NOTICIAS |\",\"url\":\"https:\/\/gysfm.com.ar\/inicio\/\",\"logo\":{\"@type\":\"ImageObject\",\"inLanguage\":\"es\",\"@id\":\"https:\/\/gysfm.com.ar\/inicio\/#\/schema\/logo\/image\/\",\"url\":\"https:\/\/gysfm.com.ar\/inicio\/wp-content\/uploads\/2023\/07\/LOGOGYS-OK.png\",\"contentUrl\":\"https:\/\/gysfm.com.ar\/inicio\/wp-content\/uploads\/2023\/07\/LOGOGYS-OK.png\",\"width\":1170,\"height\":872,\"caption\":\"GYS NOTICIAS |\"},\"image\":{\"@id\":\"https:\/\/gysfm.com.ar\/inicio\/#\/schema\/logo\/image\/\"}},{\"@type\":\"Person\",\"@id\":\"https:\/\/gysfm.com.ar\/inicio\/#\/schema\/person\/3abba7593ef2ad19e1be221d54383dc5\",\"name\":\"Prensa G&amp;S FM\",\"image\":{\"@type\":\"ImageObject\",\"inLanguage\":\"es\",\"@id\":\"https:\/\/gysfm.com.ar\/inicio\/#\/schema\/person\/image\/\",\"url\":\"https:\/\/secure.gravatar.com\/avatar\/096ec78df02049ab018702bb4ccedf659377fa92a26540b5247612077a0dbd29?s=96&d=mm&r=g\",\"contentUrl\":\"https:\/\/secure.gravatar.com\/avatar\/096ec78df02049ab018702bb4ccedf659377fa92a26540b5247612077a0dbd29?s=96&d=mm&r=g\",\"caption\":\"Prensa G&amp;S FM\"},\"sameAs\":[\"https:\/\/gysfm.com.ar\/\"],\"url\":\"https:\/\/gysfm.com.ar\/inicio\/author\/lucasm\/\"}]}<\/script>\n<!-- \/ Yoast SEO plugin. -->","yoast_head_json":{"title":"El retorno del rey: la lecci\u00f3n de Carlos III a Trump sobre qu\u00e9 decir y qu\u00e9 callar - GYS NOTICIAS |","robots":{"index":"index","follow":"follow","max-snippet":"max-snippet:-1","max-image-preview":"max-image-preview:large","max-video-preview":"max-video-preview:-1"},"canonical":"https:\/\/gysfm.com.ar\/inicio\/el-retorno-del-rey-la-leccion-de-carlos-iii-a-trump-sobre-que-decir-y-que-callar\/","og_locale":"es_ES","og_type":"article","og_title":"El retorno del rey: la lecci\u00f3n de Carlos III a Trump sobre qu\u00e9 decir y qu\u00e9 callar - GYS NOTICIAS |","og_description":"Carlos III tuvo que esperar m\u00e1s de siete d\u00e9cadas para ponerse la corona y esta semana demostr\u00f3 que se hab\u00eda preparado toda la vida para este momento. Su visita a Estados Unidos dif\u00edcilmente pueda haber salido mejor: la mayor\u00eda de la prensa brit\u00e1nica destac\u00f3 que le marc\u00f3 la cancha con altura a su aliado especial, [&hellip;]","og_url":"https:\/\/gysfm.com.ar\/inicio\/el-retorno-del-rey-la-leccion-de-carlos-iii-a-trump-sobre-que-decir-y-que-callar\/","og_site_name":"GYS NOTICIAS |","article_published_time":"2026-05-03T06:41:07+00:00","article_modified_time":"2026-05-03T06:41:08+00:00","og_image":[{"width":1200,"height":800,"url":"https:\/\/gysfm.com.ar\/inicio\/wp-content\/uploads\/2026\/05\/carlos-iii-y-donald-trump-en-la-casa-6XOOBGT36ZFFFGYFU4EORXHBMI.jpg","type":"image\/jpeg"}],"author":"Prensa G&amp;S FM","twitter_card":"summary_large_image","twitter_misc":{"Escrito por":"Prensa G&amp;S FM","Tiempo de lectura":"10 minutos"},"schema":{"@context":"https:\/\/schema.org","@graph":[{"@type":"Article","@id":"https:\/\/gysfm.com.ar\/inicio\/el-retorno-del-rey-la-leccion-de-carlos-iii-a-trump-sobre-que-decir-y-que-callar\/#article","isPartOf":{"@id":"https:\/\/gysfm.com.ar\/inicio\/el-retorno-del-rey-la-leccion-de-carlos-iii-a-trump-sobre-que-decir-y-que-callar\/"},"author":{"name":"Prensa G&amp;S FM","@id":"https:\/\/gysfm.com.ar\/inicio\/#\/schema\/person\/3abba7593ef2ad19e1be221d54383dc5"},"headline":"El retorno del rey: la lecci\u00f3n de Carlos III a Trump sobre qu\u00e9 decir y qu\u00e9 callar","datePublished":"2026-05-03T06:41:07+00:00","dateModified":"2026-05-03T06:41:08+00:00","mainEntityOfPage":{"@id":"https:\/\/gysfm.com.ar\/inicio\/el-retorno-del-rey-la-leccion-de-carlos-iii-a-trump-sobre-que-decir-y-que-callar\/"},"wordCount":2093,"publisher":{"@id":"https:\/\/gysfm.com.ar\/inicio\/#organization"},"image":{"@id":"https:\/\/gysfm.com.ar\/inicio\/el-retorno-del-rey-la-leccion-de-carlos-iii-a-trump-sobre-que-decir-y-que-callar\/#primaryimage"},"thumbnailUrl":"https:\/\/gysfm.com.ar\/inicio\/wp-content\/uploads\/2026\/05\/carlos-iii-y-donald-trump-en-la-casa-6XOOBGT36ZFFFGYFU4EORXHBMI.jpg","articleSection":["INTERNACIONALES"],"inLanguage":"es"},{"@type":"WebPage","@id":"https:\/\/gysfm.com.ar\/inicio\/el-retorno-del-rey-la-leccion-de-carlos-iii-a-trump-sobre-que-decir-y-que-callar\/","url":"https:\/\/gysfm.com.ar\/inicio\/el-retorno-del-rey-la-leccion-de-carlos-iii-a-trump-sobre-que-decir-y-que-callar\/","name":"El retorno del rey: la lecci\u00f3n de Carlos III a Trump sobre qu\u00e9 decir y qu\u00e9 callar - GYS NOTICIAS |","isPartOf":{"@id":"https:\/\/gysfm.com.ar\/inicio\/#website"},"primaryImageOfPage":{"@id":"https:\/\/gysfm.com.ar\/inicio\/el-retorno-del-rey-la-leccion-de-carlos-iii-a-trump-sobre-que-decir-y-que-callar\/#primaryimage"},"image":{"@id":"https:\/\/gysfm.com.ar\/inicio\/el-retorno-del-rey-la-leccion-de-carlos-iii-a-trump-sobre-que-decir-y-que-callar\/#primaryimage"},"thumbnailUrl":"https:\/\/gysfm.com.ar\/inicio\/wp-content\/uploads\/2026\/05\/carlos-iii-y-donald-trump-en-la-casa-6XOOBGT36ZFFFGYFU4EORXHBMI.jpg","datePublished":"2026-05-03T06:41:07+00:00","dateModified":"2026-05-03T06:41:08+00:00","breadcrumb":{"@id":"https:\/\/gysfm.com.ar\/inicio\/el-retorno-del-rey-la-leccion-de-carlos-iii-a-trump-sobre-que-decir-y-que-callar\/#breadcrumb"},"inLanguage":"es","potentialAction":[{"@type":"ReadAction","target":["https:\/\/gysfm.com.ar\/inicio\/el-retorno-del-rey-la-leccion-de-carlos-iii-a-trump-sobre-que-decir-y-que-callar\/"]}]},{"@type":"ImageObject","inLanguage":"es","@id":"https:\/\/gysfm.com.ar\/inicio\/el-retorno-del-rey-la-leccion-de-carlos-iii-a-trump-sobre-que-decir-y-que-callar\/#primaryimage","url":"https:\/\/gysfm.com.ar\/inicio\/wp-content\/uploads\/2026\/05\/carlos-iii-y-donald-trump-en-la-casa-6XOOBGT36ZFFFGYFU4EORXHBMI.jpg","contentUrl":"https:\/\/gysfm.com.ar\/inicio\/wp-content\/uploads\/2026\/05\/carlos-iii-y-donald-trump-en-la-casa-6XOOBGT36ZFFFGYFU4EORXHBMI.jpg","width":1200,"height":800},{"@type":"BreadcrumbList","@id":"https:\/\/gysfm.com.ar\/inicio\/el-retorno-del-rey-la-leccion-de-carlos-iii-a-trump-sobre-que-decir-y-que-callar\/#breadcrumb","itemListElement":[{"@type":"ListItem","position":1,"name":"Portada","item":"https:\/\/gysfm.com.ar\/inicio\/"},{"@type":"ListItem","position":2,"name":"El retorno del rey: la lecci\u00f3n de Carlos III a Trump sobre qu\u00e9 decir y qu\u00e9 callar"}]},{"@type":"WebSite","@id":"https:\/\/gysfm.com.ar\/inicio\/#website","url":"https:\/\/gysfm.com.ar\/inicio\/","name":"GYS NOTICIAS |","description":"DIARIO - RADIO ONLINE SAN JUAN ARGENTINA","publisher":{"@id":"https:\/\/gysfm.com.ar\/inicio\/#organization"},"potentialAction":[{"@type":"SearchAction","target":{"@type":"EntryPoint","urlTemplate":"https:\/\/gysfm.com.ar\/inicio\/?s={search_term_string}"},"query-input":{"@type":"PropertyValueSpecification","valueRequired":true,"valueName":"search_term_string"}}],"inLanguage":"es"},{"@type":"Organization","@id":"https:\/\/gysfm.com.ar\/inicio\/#organization","name":"GYS NOTICIAS |","url":"https:\/\/gysfm.com.ar\/inicio\/","logo":{"@type":"ImageObject","inLanguage":"es","@id":"https:\/\/gysfm.com.ar\/inicio\/#\/schema\/logo\/image\/","url":"https:\/\/gysfm.com.ar\/inicio\/wp-content\/uploads\/2023\/07\/LOGOGYS-OK.png","contentUrl":"https:\/\/gysfm.com.ar\/inicio\/wp-content\/uploads\/2023\/07\/LOGOGYS-OK.png","width":1170,"height":872,"caption":"GYS NOTICIAS |"},"image":{"@id":"https:\/\/gysfm.com.ar\/inicio\/#\/schema\/logo\/image\/"}},{"@type":"Person","@id":"https:\/\/gysfm.com.ar\/inicio\/#\/schema\/person\/3abba7593ef2ad19e1be221d54383dc5","name":"Prensa G&amp;S FM","image":{"@type":"ImageObject","inLanguage":"es","@id":"https:\/\/gysfm.com.ar\/inicio\/#\/schema\/person\/image\/","url":"https:\/\/secure.gravatar.com\/avatar\/096ec78df02049ab018702bb4ccedf659377fa92a26540b5247612077a0dbd29?s=96&d=mm&r=g","contentUrl":"https:\/\/secure.gravatar.com\/avatar\/096ec78df02049ab018702bb4ccedf659377fa92a26540b5247612077a0dbd29?s=96&d=mm&r=g","caption":"Prensa G&amp;S FM"},"sameAs":["https:\/\/gysfm.com.ar\/"],"url":"https:\/\/gysfm.com.ar\/inicio\/author\/lucasm\/"}]}},"_links":{"self":[{"href":"https:\/\/gysfm.com.ar\/inicio\/wp-json\/wp\/v2\/posts\/194384","targetHints":{"allow":["GET"]}}],"collection":[{"href":"https:\/\/gysfm.com.ar\/inicio\/wp-json\/wp\/v2\/posts"}],"about":[{"href":"https:\/\/gysfm.com.ar\/inicio\/wp-json\/wp\/v2\/types\/post"}],"author":[{"embeddable":true,"href":"https:\/\/gysfm.com.ar\/inicio\/wp-json\/wp\/v2\/users\/2"}],"replies":[{"embeddable":true,"href":"https:\/\/gysfm.com.ar\/inicio\/wp-json\/wp\/v2\/comments?post=194384"}],"version-history":[{"count":1,"href":"https:\/\/gysfm.com.ar\/inicio\/wp-json\/wp\/v2\/posts\/194384\/revisions"}],"predecessor-version":[{"id":194386,"href":"https:\/\/gysfm.com.ar\/inicio\/wp-json\/wp\/v2\/posts\/194384\/revisions\/194386"}],"wp:featuredmedia":[{"embeddable":true,"href":"https:\/\/gysfm.com.ar\/inicio\/wp-json\/wp\/v2\/media\/194385"}],"wp:attachment":[{"href":"https:\/\/gysfm.com.ar\/inicio\/wp-json\/wp\/v2\/media?parent=194384"}],"wp:term":[{"taxonomy":"category","embeddable":true,"href":"https:\/\/gysfm.com.ar\/inicio\/wp-json\/wp\/v2\/categories?post=194384"},{"taxonomy":"post_tag","embeddable":true,"href":"https:\/\/gysfm.com.ar\/inicio\/wp-json\/wp\/v2\/tags?post=194384"}],"curies":[{"name":"wp","href":"https:\/\/api.w.org\/{rel}","templated":true}]}}