{"id":194382,"date":"2026-05-03T03:33:09","date_gmt":"2026-05-03T06:33:09","guid":{"rendered":"https:\/\/gysfm.com.ar\/inicio\/guerrin-explotada-como-siempre-disparo-elogios-libertarios-sobre-consumo-y-duras-respuestas\/"},"modified":"2026-05-03T03:33:09","modified_gmt":"2026-05-03T06:33:09","slug":"guerrin-explotada-como-siempre-disparo-elogios-libertarios-sobre-consumo-y-duras-respuestas","status":"publish","type":"post","link":"https:\/\/gysfm.com.ar\/inicio\/guerrin-explotada-como-siempre-disparo-elogios-libertarios-sobre-consumo-y-duras-respuestas\/","title":{"rendered":"\u00abG\u00fcerr\u00edn explotada\u00bb (como siempre) dispar\u00f3 elogios libertarios sobre \u00abconsumo\u00bb y duras respuestas"},"content":{"rendered":"<p><\/p>\n<div id=\"article-content\">\n<p><strong>\u00abG\u00fcerr\u00edn\u00bb,<\/strong> en el centro porte\u00f1o, no es en rigor una pizzer\u00eda,<strong> es gente haciendo magia con muzzarella<\/strong>. Lleva casi 100 a\u00f1os, y como todo lugar <strong>emblemat\u00edco de la Ciudad <\/strong>en feriados y findes se llenar\u00e1 de gente paseando, de lunes a viernes se llenar\u00e1 de gente que trabaja o pasa por ah\u00ed, y cada d\u00eda del a\u00f1o se llenar\u00e1 de gente por el motivo que sea. Trasciende presidentes, se llamen Alfons\u00edn, Menenm, Kirchner, Macri, Milei, Toto Caputo o el que siga&#8230;<\/p>\n<p style=\"text-align:center\"><picture><source media=\"(max-width: 440px)\" srcset=\"https:\/\/fotos.perfil.com\/\/2026\/05\/02\/440\/0\/guerrin-llena-o-con-gente-esperando-una-postal-portena-2232205.png?webp\"\/><source media=\"(max-width: 1019px)\" srcset=\"https:\/\/fotos.perfil.com\/\/2026\/05\/02\/712\/0\/guerrin-llena-o-con-gente-esperando-una-postal-portena-2232205.png?webp\"\/><img decoding=\"async\" style=\"max-width: 100%; width: 100%;\" alt=\"G\u00fcerr\u00edn, llena o con gente esperando, una postal porte\u00f1a.\" src=\"https:\/\/fotos.perfil.com\/\/2026\/05\/02\/900\/0\/guerrin-llena-o-con-gente-esperando-una-postal-portena-2232205.png\" loading=\"lazy\"\/><\/picture><\/p>\n<p>Aclarado entonces ese punto, el de que el \u00e9xito fainesco de G\u00fcerrin es <strong>atemporal<\/strong>, resulta poco feliz que el Gobierno, o algunos de sus habituales propagandistas, usen las im\u00e1genes de <strong><em>\u00abG\u00fcerr\u00edn estallada de gente\u00bb,<\/em><\/strong> como fue el caso de este 1\u00b0 de Mayo, como s\u00edmbolo de que el consumo \u00abva genial, la econom\u00eda est\u00e1 b\u00e1rbara y si no la ven\u00bb es problema de opositores no del Gobierno, que hace todo de manera<em> &#8216;impecable&#8217;. <\/em><\/p>\n<div class=\"subscription\">\n<p>\n        Esto no les gusta a los autoritarios\n    <\/p>\n<div class=\"subscription__container\">\n<div class=\"subscription__text-wrapper\">\n<p>\n                El ejercicio del periodismo profesional y cr\u00edtico es un pilar fundamental de la democracia. Por eso molesta a quienes creen ser los due\u00f1os de la verdad.\n            <\/p>\n<\/p><\/div><\/div>\n<\/div>\n<p>Mensajes de ese tono retuite\u00f3 este viernes el propio Presidente de la Naci\u00f3n, haciendo que la muzzarella de G\u00fcerr\u00edn caiga en una grieta que no merece, ya que es casi una falta de respeto a gente que trabaja bien, y que con un producto de calidad se convirti\u00f3 en un s\u00edmbolo porte\u00f1o. G\u00fcerr\u00edn es eso, una ventana que vende pizzas que todav\u00eda hoy permiten asomarse al Buenos Aires de hace d\u00e9cadas (cuando tambi\u00e9n se llenaba, por supuesto)<\/p>\n<p>El tema viene a cuento del video de <strong>Santiago Or\u00eda<\/strong>, encargado de las filmaciones libertarias, luego posteado por <strong>Fran Casaretto<\/strong>, <a target=\"_blank\" href=\"https:\/\/x.com\/Fran_Casaretto_\/status\/2050404914484904236\">y retuiteado por Milei.<\/a> El video era el siguiente: <\/p>\n<p><iframe id=\"vrudo\" class=\"vrudo\" src=\"https:\/\/rudo.video\/vod\/bWtnal?volume=0\" width=\"100%\" height=\"100%\" allowscriptaccess=\"always\" allowfullscreen=\"true\" webkitallowfullscreen=\"true\" frameborder=\"0\" scrolling=\"no\" allow=\"autoplay; fullscreen\" loading=\"lazy\" title=\"Contenido embebido\"><\/iframe><\/p>\n<p>Y con ese tono libertario enfatizando que el consumo no est\u00e1 en crisis, pese a los opositores que insisten en remarcar los problemas de centenares de empresas, cierres y despidos, las respuestas en X no tardaron en llegar:<\/p>\n<p style=\"text-align:center\"><picture><source media=\"(max-width: 440px)\" srcset=\"https:\/\/fotos.perfil.com\/\/2026\/05\/02\/440\/0\/algunas-de-las-respuestas-al-retuiteo-presidencial-del-posteo-que-mostraba-a-la-pizzeria-guerrin-como-indice-de-consumo-en-alza-2232192.png?webp\"\/><source media=\"(max-width: 1019px)\" srcset=\"https:\/\/fotos.perfil.com\/\/2026\/05\/02\/712\/0\/algunas-de-las-respuestas-al-retuiteo-presidencial-del-posteo-que-mostraba-a-la-pizzeria-guerrin-como-indice-de-consumo-en-alza-2232192.png?webp\"\/><img decoding=\"async\" style=\"max-width: 100%; width: 100%;\" alt=\"Algunas de las respuestas al retuiteo presidencial del posteo que mostraba a la pizzer\u00eda \" src=\"https:\/\/fotos.perfil.com\/\/2026\/05\/02\/900\/0\/algunas-de-las-respuestas-al-retuiteo-presidencial-del-posteo-que-mostraba-a-la-pizzeria-guerrin-como-indice-de-consumo-en-alza-2232192.png\" loading=\"lazy\"\/><\/picture><\/p>\n<p style=\"text-align:center\"><picture><source media=\"(max-width: 440px)\" srcset=\"https:\/\/fotos.perfil.com\/\/2026\/05\/02\/440\/0\/algunas-de-las-respuestas-al-retuiteo-presidencial-del-posteo-que-mostraba-a-la-pizzeria-guerrin-como-indice-de-consumo-en-alza-2232197.png?webp\"\/><source media=\"(max-width: 1019px)\" srcset=\"https:\/\/fotos.perfil.com\/\/2026\/05\/02\/712\/0\/algunas-de-las-respuestas-al-retuiteo-presidencial-del-posteo-que-mostraba-a-la-pizzeria-guerrin-como-indice-de-consumo-en-alza-2232197.png?webp\"\/><img decoding=\"async\" style=\"max-width: 100%; width: 100%;\" alt=\"Algunas de las respuestas al retuiteo presidencial del posteo que mostraba a la pizzer\u00eda \" src=\"https:\/\/fotos.perfil.com\/\/2026\/05\/02\/900\/0\/algunas-de-las-respuestas-al-retuiteo-presidencial-del-posteo-que-mostraba-a-la-pizzeria-guerrin-como-indice-de-consumo-en-alza-2232197.png\" loading=\"lazy\"\/><\/picture><\/p>\n<p style=\"text-align:center\"><picture><source media=\"(max-width: 440px)\" srcset=\"https:\/\/fotos.perfil.com\/\/2026\/05\/02\/440\/0\/algunas-de-las-respuestas-al-retuiteo-presidencial-del-posteo-que-mostraba-a-la-pizzeria-guerrin-como-indice-de-consumo-en-alza-2232196.png?webp\"\/><source media=\"(max-width: 1019px)\" srcset=\"https:\/\/fotos.perfil.com\/\/2026\/05\/02\/712\/0\/algunas-de-las-respuestas-al-retuiteo-presidencial-del-posteo-que-mostraba-a-la-pizzeria-guerrin-como-indice-de-consumo-en-alza-2232196.png?webp\"\/><img decoding=\"async\" style=\"max-width: 100%; width: 100%;\" alt=\"Algunas de las respuestas al retuiteo presidencial del posteo que mostraba a la pizzer\u00eda \" src=\"https:\/\/fotos.perfil.com\/\/2026\/05\/02\/900\/0\/algunas-de-las-respuestas-al-retuiteo-presidencial-del-posteo-que-mostraba-a-la-pizzeria-guerrin-como-indice-de-consumo-en-alza-2232196.png\" loading=\"lazy\"\/><\/picture><\/p>\n<p style=\"text-align:center\"><picture><source media=\"(max-width: 440px)\" srcset=\"https:\/\/fotos.perfil.com\/\/2026\/05\/02\/440\/0\/algunas-de-las-respuestas-al-retuiteo-presidencial-del-posteo-que-mostraba-a-la-pizzeria-guerrin-como-indice-de-consumo-en-alza-2232198.png?webp\"\/><source media=\"(max-width: 1019px)\" srcset=\"https:\/\/fotos.perfil.com\/\/2026\/05\/02\/712\/0\/algunas-de-las-respuestas-al-retuiteo-presidencial-del-posteo-que-mostraba-a-la-pizzeria-guerrin-como-indice-de-consumo-en-alza-2232198.png?webp\"\/><img decoding=\"async\" style=\"max-width: 100%; width: 100%;\" alt=\"Algunas de las respuestas al retuiteo presidencial del posteo que mostraba a la pizzer\u00eda \" src=\"https:\/\/fotos.perfil.com\/\/2026\/05\/02\/900\/0\/algunas-de-las-respuestas-al-retuiteo-presidencial-del-posteo-que-mostraba-a-la-pizzeria-guerrin-como-indice-de-consumo-en-alza-2232198.png\" loading=\"lazy\"\/><\/picture><\/p>\n<p style=\"text-align:center\"><picture><source media=\"(max-width: 440px)\" srcset=\"https:\/\/fotos.perfil.com\/\/2026\/05\/02\/440\/0\/algunas-de-las-respuestas-al-retuiteo-presidencial-del-posteo-que-mostraba-a-la-pizzeria-guerrin-como-indice-de-consumo-en-alza-2232193.png?webp\"\/><source media=\"(max-width: 1019px)\" srcset=\"https:\/\/fotos.perfil.com\/\/2026\/05\/02\/712\/0\/algunas-de-las-respuestas-al-retuiteo-presidencial-del-posteo-que-mostraba-a-la-pizzeria-guerrin-como-indice-de-consumo-en-alza-2232193.png?webp\"\/><img decoding=\"async\" style=\"max-width: 100%; width: 100%;\" alt=\"Algunas de las respuestas al retuiteo presidencial del posteo que mostraba a la pizzer\u00eda \" src=\"https:\/\/fotos.perfil.com\/\/2026\/05\/02\/900\/0\/algunas-de-las-respuestas-al-retuiteo-presidencial-del-posteo-que-mostraba-a-la-pizzeria-guerrin-como-indice-de-consumo-en-alza-2232193.png\" loading=\"lazy\"\/><\/picture><\/p>\n<p style=\"text-align:center\"><picture><source media=\"(max-width: 440px)\" srcset=\"https:\/\/fotos.perfil.com\/\/2026\/05\/02\/440\/0\/algunas-de-las-respuestas-al-retuiteo-presidencial-del-posteo-que-mostraba-a-la-pizzeria-guerrin-como-indice-de-consumo-en-alza-2232194.png?webp\"\/><source media=\"(max-width: 1019px)\" srcset=\"https:\/\/fotos.perfil.com\/\/2026\/05\/02\/712\/0\/algunas-de-las-respuestas-al-retuiteo-presidencial-del-posteo-que-mostraba-a-la-pizzeria-guerrin-como-indice-de-consumo-en-alza-2232194.png?webp\"\/><img decoding=\"async\" style=\"max-width: 100%; width: 100%;\" alt=\"Algunas de las respuestas al retuiteo presidencial del posteo que mostraba a la pizzer\u00eda \" src=\"https:\/\/fotos.perfil.com\/\/2026\/05\/02\/900\/0\/algunas-de-las-respuestas-al-retuiteo-presidencial-del-posteo-que-mostraba-a-la-pizzeria-guerrin-como-indice-de-consumo-en-alza-2232194.png\" loading=\"lazy\"\/><\/picture><\/p>\n<p style=\"text-align:center\"><picture><source media=\"(max-width: 440px)\" srcset=\"https:\/\/fotos.perfil.com\/\/2026\/05\/02\/440\/0\/algunas-de-las-respuestas-al-retuiteo-presidencial-del-posteo-que-mostraba-a-la-pizzeria-guerrin-como-indice-de-consumo-en-alza-2232195.png?webp\"\/><source media=\"(max-width: 1019px)\" srcset=\"https:\/\/fotos.perfil.com\/\/2026\/05\/02\/712\/0\/algunas-de-las-respuestas-al-retuiteo-presidencial-del-posteo-que-mostraba-a-la-pizzeria-guerrin-como-indice-de-consumo-en-alza-2232195.png?webp\"\/><img decoding=\"async\" style=\"max-width: 100%; width: 100%;\" alt=\"Algunas de las respuestas al retuiteo presidencial del posteo que mostraba a la pizzer\u00eda \" src=\"https:\/\/fotos.perfil.com\/\/2026\/05\/02\/900\/0\/algunas-de-las-respuestas-al-retuiteo-presidencial-del-posteo-que-mostraba-a-la-pizzeria-guerrin-como-indice-de-consumo-en-alza-2232195.png\" loading=\"lazy\"\/><\/picture><\/p>\n<p style=\"text-align:center\"><picture><source media=\"(max-width: 440px)\" srcset=\"https:\/\/fotos.perfil.com\/\/2026\/05\/02\/440\/0\/algunas-de-las-respuestas-al-retuiteo-presidencial-del-posteo-que-mostraba-a-la-pizzeria-guerrin-como-indice-de-consumo-en-alza-2232191.png?webp\"\/><source media=\"(max-width: 1019px)\" srcset=\"https:\/\/fotos.perfil.com\/\/2026\/05\/02\/712\/0\/algunas-de-las-respuestas-al-retuiteo-presidencial-del-posteo-que-mostraba-a-la-pizzeria-guerrin-como-indice-de-consumo-en-alza-2232191.png?webp\"\/><img decoding=\"async\" style=\"max-width: 100%; width: 100%;\" alt=\"Algunas de las respuestas al retuiteo presidencial del posteo que mostraba a la pizzer\u00eda \" src=\"https:\/\/fotos.perfil.com\/\/2026\/05\/02\/900\/0\/algunas-de-las-respuestas-al-retuiteo-presidencial-del-posteo-que-mostraba-a-la-pizzeria-guerrin-como-indice-de-consumo-en-alza-2232191.png\" loading=\"lazy\"\/><\/picture><\/p>\n<p>HB<\/p>\n<\/p><\/div>\n<p><script>\n                !function(f,b,e,v,n,t,s)\n                {if(f.fbq)return;n=f.fbq=function(){n.callMethod?\n                    n.callMethod.apply(n,arguments):n.queue.push(arguments)};\n                    if(!f._fbq)f._fbq=n;n.push=n;n.loaded=!0;n.version='2.0';\n                    n.queue=[];t=b.createElement(e);t.async=!0;\n                    t.src=v;s=b.getElementsByTagName(e)[0];\n                    s.parentNode.insertBefore(t,s)}(window, document,'script',\n                    'https:\/\/connect.facebook.net\/en_US\/fbevents.js');\n                window.paywallConfig.facebook_pixel=\"1000228364089342\"\n            <\/script><\/p>\n","protected":false},"excerpt":{"rendered":"<p>\u00abG\u00fcerr\u00edn\u00bb, en el centro porte\u00f1o, no es en rigor una pizzer\u00eda, es gente haciendo magia con muzzarella. Lleva casi 100 a\u00f1os, y como todo lugar emblemat\u00edco de la Ciudad en feriados y findes se llenar\u00e1 de gente paseando, de lunes a viernes se llenar\u00e1 de gente que trabaja o pasa por ah\u00ed, y cada d\u00eda [&hellip;]<\/p>\n","protected":false},"author":2,"featured_media":194383,"comment_status":"closed","ping_status":"closed","sticky":false,"template":"","format":"standard","meta":{"footnotes":""},"categories":[25],"tags":[],"class_list":["post-194382","post","type-post","status-publish","format-standard","has-post-thumbnail","hentry","category-nacionales"],"yoast_head":"<!-- This site is optimized with the Yoast SEO plugin v24.4 - https:\/\/yoast.com\/wordpress\/plugins\/seo\/ -->\n<title>&quot;G\u00fcerr\u00edn explotada&quot; (como siempre) dispar\u00f3 elogios libertarios sobre &quot;consumo&quot; y duras respuestas - GYS NOTICIAS |<\/title>\n<meta name=\"robots\" content=\"index, follow, max-snippet:-1, max-image-preview:large, max-video-preview:-1\" \/>\n<link rel=\"canonical\" href=\"https:\/\/gysfm.com.ar\/inicio\/guerrin-explotada-como-siempre-disparo-elogios-libertarios-sobre-consumo-y-duras-respuestas\/\" \/>\n<meta property=\"og:locale\" content=\"es_ES\" \/>\n<meta property=\"og:type\" content=\"article\" \/>\n<meta property=\"og:title\" content=\"&quot;G\u00fcerr\u00edn explotada&quot; (como siempre) dispar\u00f3 elogios libertarios sobre &quot;consumo&quot; y duras respuestas - GYS NOTICIAS |\" \/>\n<meta property=\"og:description\" content=\"\u00abG\u00fcerr\u00edn\u00bb, en el centro porte\u00f1o, no es en rigor una pizzer\u00eda, es gente haciendo magia con muzzarella. Lleva casi 100 a\u00f1os, y como todo lugar emblemat\u00edco de la Ciudad en feriados y findes se llenar\u00e1 de gente paseando, de lunes a viernes se llenar\u00e1 de gente que trabaja o pasa por ah\u00ed, y cada d\u00eda [&hellip;]\" \/>\n<meta property=\"og:url\" content=\"https:\/\/gysfm.com.ar\/inicio\/guerrin-explotada-como-siempre-disparo-elogios-libertarios-sobre-consumo-y-duras-respuestas\/\" \/>\n<meta property=\"og:site_name\" content=\"GYS NOTICIAS |\" \/>\n<meta property=\"article:published_time\" content=\"2026-05-03T06:33:09+00:00\" \/>\n<meta property=\"og:image\" content=\"https:\/\/fotos.perfil.com\/\/2026\/05\/02\/900\/0\/guerrin-llena-o-con-gente-esperando-una-postal-portena-2232205.png\" \/>\n<meta name=\"author\" content=\"Prensa G&amp;S FM\" \/>\n<meta name=\"twitter:card\" content=\"summary_large_image\" \/>\n<meta name=\"twitter:label1\" content=\"Escrito por\" \/>\n\t<meta name=\"twitter:data1\" content=\"Prensa G&amp;S FM\" \/>\n\t<meta name=\"twitter:label2\" content=\"Tiempo de lectura\" \/>\n\t<meta name=\"twitter:data2\" content=\"2 minutos\" \/>\n<script type=\"application\/ld+json\" class=\"yoast-schema-graph\">{\"@context\":\"https:\/\/schema.org\",\"@graph\":[{\"@type\":\"Article\",\"@id\":\"https:\/\/gysfm.com.ar\/inicio\/guerrin-explotada-como-siempre-disparo-elogios-libertarios-sobre-consumo-y-duras-respuestas\/#article\",\"isPartOf\":{\"@id\":\"https:\/\/gysfm.com.ar\/inicio\/guerrin-explotada-como-siempre-disparo-elogios-libertarios-sobre-consumo-y-duras-respuestas\/\"},\"author\":{\"name\":\"Prensa G&amp;S FM\",\"@id\":\"https:\/\/gysfm.com.ar\/inicio\/#\/schema\/person\/3abba7593ef2ad19e1be221d54383dc5\"},\"headline\":\"\u00abG\u00fcerr\u00edn explotada\u00bb (como siempre) dispar\u00f3 elogios libertarios sobre \u00abconsumo\u00bb y duras respuestas\",\"datePublished\":\"2026-05-03T06:33:09+00:00\",\"mainEntityOfPage\":{\"@id\":\"https:\/\/gysfm.com.ar\/inicio\/guerrin-explotada-como-siempre-disparo-elogios-libertarios-sobre-consumo-y-duras-respuestas\/\"},\"wordCount\":373,\"publisher\":{\"@id\":\"https:\/\/gysfm.com.ar\/inicio\/#organization\"},\"image\":{\"@id\":\"https:\/\/gysfm.com.ar\/inicio\/guerrin-explotada-como-siempre-disparo-elogios-libertarios-sobre-consumo-y-duras-respuestas\/#primaryimage\"},\"thumbnailUrl\":\"https:\/\/gysfm.com.ar\/inicio\/wp-content\/uploads\/2026\/05\/la-pizza-de-guerrin-entre-las-mejores-de-buenos-aires-y-del-mundo-2232199.jpg\",\"articleSection\":[\"NACIONALES\"],\"inLanguage\":\"es\"},{\"@type\":\"WebPage\",\"@id\":\"https:\/\/gysfm.com.ar\/inicio\/guerrin-explotada-como-siempre-disparo-elogios-libertarios-sobre-consumo-y-duras-respuestas\/\",\"url\":\"https:\/\/gysfm.com.ar\/inicio\/guerrin-explotada-como-siempre-disparo-elogios-libertarios-sobre-consumo-y-duras-respuestas\/\",\"name\":\"\\\"G\u00fcerr\u00edn explotada\\\" (como siempre) dispar\u00f3 elogios libertarios sobre \\\"consumo\\\" y duras respuestas - GYS NOTICIAS |\",\"isPartOf\":{\"@id\":\"https:\/\/gysfm.com.ar\/inicio\/#website\"},\"primaryImageOfPage\":{\"@id\":\"https:\/\/gysfm.com.ar\/inicio\/guerrin-explotada-como-siempre-disparo-elogios-libertarios-sobre-consumo-y-duras-respuestas\/#primaryimage\"},\"image\":{\"@id\":\"https:\/\/gysfm.com.ar\/inicio\/guerrin-explotada-como-siempre-disparo-elogios-libertarios-sobre-consumo-y-duras-respuestas\/#primaryimage\"},\"thumbnailUrl\":\"https:\/\/gysfm.com.ar\/inicio\/wp-content\/uploads\/2026\/05\/la-pizza-de-guerrin-entre-las-mejores-de-buenos-aires-y-del-mundo-2232199.jpg\",\"datePublished\":\"2026-05-03T06:33:09+00:00\",\"breadcrumb\":{\"@id\":\"https:\/\/gysfm.com.ar\/inicio\/guerrin-explotada-como-siempre-disparo-elogios-libertarios-sobre-consumo-y-duras-respuestas\/#breadcrumb\"},\"inLanguage\":\"es\",\"potentialAction\":[{\"@type\":\"ReadAction\",\"target\":[\"https:\/\/gysfm.com.ar\/inicio\/guerrin-explotada-como-siempre-disparo-elogios-libertarios-sobre-consumo-y-duras-respuestas\/\"]}]},{\"@type\":\"ImageObject\",\"inLanguage\":\"es\",\"@id\":\"https:\/\/gysfm.com.ar\/inicio\/guerrin-explotada-como-siempre-disparo-elogios-libertarios-sobre-consumo-y-duras-respuestas\/#primaryimage\",\"url\":\"https:\/\/gysfm.com.ar\/inicio\/wp-content\/uploads\/2026\/05\/la-pizza-de-guerrin-entre-las-mejores-de-buenos-aires-y-del-mundo-2232199.jpg\",\"contentUrl\":\"https:\/\/gysfm.com.ar\/inicio\/wp-content\/uploads\/2026\/05\/la-pizza-de-guerrin-entre-las-mejores-de-buenos-aires-y-del-mundo-2232199.jpg\",\"width\":1140,\"height\":641},{\"@type\":\"BreadcrumbList\",\"@id\":\"https:\/\/gysfm.com.ar\/inicio\/guerrin-explotada-como-siempre-disparo-elogios-libertarios-sobre-consumo-y-duras-respuestas\/#breadcrumb\",\"itemListElement\":[{\"@type\":\"ListItem\",\"position\":1,\"name\":\"Portada\",\"item\":\"https:\/\/gysfm.com.ar\/inicio\/\"},{\"@type\":\"ListItem\",\"position\":2,\"name\":\"\u00abG\u00fcerr\u00edn explotada\u00bb (como siempre) dispar\u00f3 elogios libertarios sobre \u00abconsumo\u00bb y duras respuestas\"}]},{\"@type\":\"WebSite\",\"@id\":\"https:\/\/gysfm.com.ar\/inicio\/#website\",\"url\":\"https:\/\/gysfm.com.ar\/inicio\/\",\"name\":\"GYS NOTICIAS |\",\"description\":\"DIARIO - RADIO ONLINE SAN JUAN ARGENTINA\",\"publisher\":{\"@id\":\"https:\/\/gysfm.com.ar\/inicio\/#organization\"},\"potentialAction\":[{\"@type\":\"SearchAction\",\"target\":{\"@type\":\"EntryPoint\",\"urlTemplate\":\"https:\/\/gysfm.com.ar\/inicio\/?s={search_term_string}\"},\"query-input\":{\"@type\":\"PropertyValueSpecification\",\"valueRequired\":true,\"valueName\":\"search_term_string\"}}],\"inLanguage\":\"es\"},{\"@type\":\"Organization\",\"@id\":\"https:\/\/gysfm.com.ar\/inicio\/#organization\",\"name\":\"GYS NOTICIAS |\",\"url\":\"https:\/\/gysfm.com.ar\/inicio\/\",\"logo\":{\"@type\":\"ImageObject\",\"inLanguage\":\"es\",\"@id\":\"https:\/\/gysfm.com.ar\/inicio\/#\/schema\/logo\/image\/\",\"url\":\"https:\/\/gysfm.com.ar\/inicio\/wp-content\/uploads\/2023\/07\/LOGOGYS-OK.png\",\"contentUrl\":\"https:\/\/gysfm.com.ar\/inicio\/wp-content\/uploads\/2023\/07\/LOGOGYS-OK.png\",\"width\":1170,\"height\":872,\"caption\":\"GYS NOTICIAS |\"},\"image\":{\"@id\":\"https:\/\/gysfm.com.ar\/inicio\/#\/schema\/logo\/image\/\"}},{\"@type\":\"Person\",\"@id\":\"https:\/\/gysfm.com.ar\/inicio\/#\/schema\/person\/3abba7593ef2ad19e1be221d54383dc5\",\"name\":\"Prensa G&amp;S FM\",\"image\":{\"@type\":\"ImageObject\",\"inLanguage\":\"es\",\"@id\":\"https:\/\/gysfm.com.ar\/inicio\/#\/schema\/person\/image\/\",\"url\":\"https:\/\/secure.gravatar.com\/avatar\/096ec78df02049ab018702bb4ccedf659377fa92a26540b5247612077a0dbd29?s=96&d=mm&r=g\",\"contentUrl\":\"https:\/\/secure.gravatar.com\/avatar\/096ec78df02049ab018702bb4ccedf659377fa92a26540b5247612077a0dbd29?s=96&d=mm&r=g\",\"caption\":\"Prensa G&amp;S FM\"},\"sameAs\":[\"https:\/\/gysfm.com.ar\/\"],\"url\":\"https:\/\/gysfm.com.ar\/inicio\/author\/lucasm\/\"}]}<\/script>\n<!-- \/ Yoast SEO plugin. -->","yoast_head_json":{"title":"\"G\u00fcerr\u00edn explotada\" (como siempre) dispar\u00f3 elogios libertarios sobre \"consumo\" y duras respuestas - GYS NOTICIAS |","robots":{"index":"index","follow":"follow","max-snippet":"max-snippet:-1","max-image-preview":"max-image-preview:large","max-video-preview":"max-video-preview:-1"},"canonical":"https:\/\/gysfm.com.ar\/inicio\/guerrin-explotada-como-siempre-disparo-elogios-libertarios-sobre-consumo-y-duras-respuestas\/","og_locale":"es_ES","og_type":"article","og_title":"\"G\u00fcerr\u00edn explotada\" (como siempre) dispar\u00f3 elogios libertarios sobre \"consumo\" y duras respuestas - GYS NOTICIAS |","og_description":"\u00abG\u00fcerr\u00edn\u00bb, en el centro porte\u00f1o, no es en rigor una pizzer\u00eda, es gente haciendo magia con muzzarella. Lleva casi 100 a\u00f1os, y como todo lugar emblemat\u00edco de la Ciudad en feriados y findes se llenar\u00e1 de gente paseando, de lunes a viernes se llenar\u00e1 de gente que trabaja o pasa por ah\u00ed, y cada d\u00eda [&hellip;]","og_url":"https:\/\/gysfm.com.ar\/inicio\/guerrin-explotada-como-siempre-disparo-elogios-libertarios-sobre-consumo-y-duras-respuestas\/","og_site_name":"GYS NOTICIAS |","article_published_time":"2026-05-03T06:33:09+00:00","og_image":[{"url":"https:\/\/fotos.perfil.com\/\/2026\/05\/02\/900\/0\/guerrin-llena-o-con-gente-esperando-una-postal-portena-2232205.png","type":"","width":"","height":""}],"author":"Prensa G&amp;S FM","twitter_card":"summary_large_image","twitter_misc":{"Escrito por":"Prensa G&amp;S FM","Tiempo de lectura":"2 minutos"},"schema":{"@context":"https:\/\/schema.org","@graph":[{"@type":"Article","@id":"https:\/\/gysfm.com.ar\/inicio\/guerrin-explotada-como-siempre-disparo-elogios-libertarios-sobre-consumo-y-duras-respuestas\/#article","isPartOf":{"@id":"https:\/\/gysfm.com.ar\/inicio\/guerrin-explotada-como-siempre-disparo-elogios-libertarios-sobre-consumo-y-duras-respuestas\/"},"author":{"name":"Prensa G&amp;S FM","@id":"https:\/\/gysfm.com.ar\/inicio\/#\/schema\/person\/3abba7593ef2ad19e1be221d54383dc5"},"headline":"\u00abG\u00fcerr\u00edn explotada\u00bb (como siempre) dispar\u00f3 elogios libertarios sobre \u00abconsumo\u00bb y duras respuestas","datePublished":"2026-05-03T06:33:09+00:00","mainEntityOfPage":{"@id":"https:\/\/gysfm.com.ar\/inicio\/guerrin-explotada-como-siempre-disparo-elogios-libertarios-sobre-consumo-y-duras-respuestas\/"},"wordCount":373,"publisher":{"@id":"https:\/\/gysfm.com.ar\/inicio\/#organization"},"image":{"@id":"https:\/\/gysfm.com.ar\/inicio\/guerrin-explotada-como-siempre-disparo-elogios-libertarios-sobre-consumo-y-duras-respuestas\/#primaryimage"},"thumbnailUrl":"https:\/\/gysfm.com.ar\/inicio\/wp-content\/uploads\/2026\/05\/la-pizza-de-guerrin-entre-las-mejores-de-buenos-aires-y-del-mundo-2232199.jpg","articleSection":["NACIONALES"],"inLanguage":"es"},{"@type":"WebPage","@id":"https:\/\/gysfm.com.ar\/inicio\/guerrin-explotada-como-siempre-disparo-elogios-libertarios-sobre-consumo-y-duras-respuestas\/","url":"https:\/\/gysfm.com.ar\/inicio\/guerrin-explotada-como-siempre-disparo-elogios-libertarios-sobre-consumo-y-duras-respuestas\/","name":"\"G\u00fcerr\u00edn explotada\" (como siempre) dispar\u00f3 elogios libertarios sobre \"consumo\" y duras respuestas - GYS NOTICIAS |","isPartOf":{"@id":"https:\/\/gysfm.com.ar\/inicio\/#website"},"primaryImageOfPage":{"@id":"https:\/\/gysfm.com.ar\/inicio\/guerrin-explotada-como-siempre-disparo-elogios-libertarios-sobre-consumo-y-duras-respuestas\/#primaryimage"},"image":{"@id":"https:\/\/gysfm.com.ar\/inicio\/guerrin-explotada-como-siempre-disparo-elogios-libertarios-sobre-consumo-y-duras-respuestas\/#primaryimage"},"thumbnailUrl":"https:\/\/gysfm.com.ar\/inicio\/wp-content\/uploads\/2026\/05\/la-pizza-de-guerrin-entre-las-mejores-de-buenos-aires-y-del-mundo-2232199.jpg","datePublished":"2026-05-03T06:33:09+00:00","breadcrumb":{"@id":"https:\/\/gysfm.com.ar\/inicio\/guerrin-explotada-como-siempre-disparo-elogios-libertarios-sobre-consumo-y-duras-respuestas\/#breadcrumb"},"inLanguage":"es","potentialAction":[{"@type":"ReadAction","target":["https:\/\/gysfm.com.ar\/inicio\/guerrin-explotada-como-siempre-disparo-elogios-libertarios-sobre-consumo-y-duras-respuestas\/"]}]},{"@type":"ImageObject","inLanguage":"es","@id":"https:\/\/gysfm.com.ar\/inicio\/guerrin-explotada-como-siempre-disparo-elogios-libertarios-sobre-consumo-y-duras-respuestas\/#primaryimage","url":"https:\/\/gysfm.com.ar\/inicio\/wp-content\/uploads\/2026\/05\/la-pizza-de-guerrin-entre-las-mejores-de-buenos-aires-y-del-mundo-2232199.jpg","contentUrl":"https:\/\/gysfm.com.ar\/inicio\/wp-content\/uploads\/2026\/05\/la-pizza-de-guerrin-entre-las-mejores-de-buenos-aires-y-del-mundo-2232199.jpg","width":1140,"height":641},{"@type":"BreadcrumbList","@id":"https:\/\/gysfm.com.ar\/inicio\/guerrin-explotada-como-siempre-disparo-elogios-libertarios-sobre-consumo-y-duras-respuestas\/#breadcrumb","itemListElement":[{"@type":"ListItem","position":1,"name":"Portada","item":"https:\/\/gysfm.com.ar\/inicio\/"},{"@type":"ListItem","position":2,"name":"\u00abG\u00fcerr\u00edn explotada\u00bb (como siempre) dispar\u00f3 elogios libertarios sobre \u00abconsumo\u00bb y duras respuestas"}]},{"@type":"WebSite","@id":"https:\/\/gysfm.com.ar\/inicio\/#website","url":"https:\/\/gysfm.com.ar\/inicio\/","name":"GYS NOTICIAS |","description":"DIARIO - RADIO ONLINE SAN JUAN ARGENTINA","publisher":{"@id":"https:\/\/gysfm.com.ar\/inicio\/#organization"},"potentialAction":[{"@type":"SearchAction","target":{"@type":"EntryPoint","urlTemplate":"https:\/\/gysfm.com.ar\/inicio\/?s={search_term_string}"},"query-input":{"@type":"PropertyValueSpecification","valueRequired":true,"valueName":"search_term_string"}}],"inLanguage":"es"},{"@type":"Organization","@id":"https:\/\/gysfm.com.ar\/inicio\/#organization","name":"GYS NOTICIAS |","url":"https:\/\/gysfm.com.ar\/inicio\/","logo":{"@type":"ImageObject","inLanguage":"es","@id":"https:\/\/gysfm.com.ar\/inicio\/#\/schema\/logo\/image\/","url":"https:\/\/gysfm.com.ar\/inicio\/wp-content\/uploads\/2023\/07\/LOGOGYS-OK.png","contentUrl":"https:\/\/gysfm.com.ar\/inicio\/wp-content\/uploads\/2023\/07\/LOGOGYS-OK.png","width":1170,"height":872,"caption":"GYS NOTICIAS |"},"image":{"@id":"https:\/\/gysfm.com.ar\/inicio\/#\/schema\/logo\/image\/"}},{"@type":"Person","@id":"https:\/\/gysfm.com.ar\/inicio\/#\/schema\/person\/3abba7593ef2ad19e1be221d54383dc5","name":"Prensa G&amp;S FM","image":{"@type":"ImageObject","inLanguage":"es","@id":"https:\/\/gysfm.com.ar\/inicio\/#\/schema\/person\/image\/","url":"https:\/\/secure.gravatar.com\/avatar\/096ec78df02049ab018702bb4ccedf659377fa92a26540b5247612077a0dbd29?s=96&d=mm&r=g","contentUrl":"https:\/\/secure.gravatar.com\/avatar\/096ec78df02049ab018702bb4ccedf659377fa92a26540b5247612077a0dbd29?s=96&d=mm&r=g","caption":"Prensa G&amp;S FM"},"sameAs":["https:\/\/gysfm.com.ar\/"],"url":"https:\/\/gysfm.com.ar\/inicio\/author\/lucasm\/"}]}},"_links":{"self":[{"href":"https:\/\/gysfm.com.ar\/inicio\/wp-json\/wp\/v2\/posts\/194382","targetHints":{"allow":["GET"]}}],"collection":[{"href":"https:\/\/gysfm.com.ar\/inicio\/wp-json\/wp\/v2\/posts"}],"about":[{"href":"https:\/\/gysfm.com.ar\/inicio\/wp-json\/wp\/v2\/types\/post"}],"author":[{"embeddable":true,"href":"https:\/\/gysfm.com.ar\/inicio\/wp-json\/wp\/v2\/users\/2"}],"replies":[{"embeddable":true,"href":"https:\/\/gysfm.com.ar\/inicio\/wp-json\/wp\/v2\/comments?post=194382"}],"version-history":[{"count":0,"href":"https:\/\/gysfm.com.ar\/inicio\/wp-json\/wp\/v2\/posts\/194382\/revisions"}],"wp:featuredmedia":[{"embeddable":true,"href":"https:\/\/gysfm.com.ar\/inicio\/wp-json\/wp\/v2\/media\/194383"}],"wp:attachment":[{"href":"https:\/\/gysfm.com.ar\/inicio\/wp-json\/wp\/v2\/media?parent=194382"}],"wp:term":[{"taxonomy":"category","embeddable":true,"href":"https:\/\/gysfm.com.ar\/inicio\/wp-json\/wp\/v2\/categories?post=194382"},{"taxonomy":"post_tag","embeddable":true,"href":"https:\/\/gysfm.com.ar\/inicio\/wp-json\/wp\/v2\/tags?post=194382"}],"curies":[{"name":"wp","href":"https:\/\/api.w.org\/{rel}","templated":true}]}}