{"id":194380,"date":"2026-05-03T03:02:06","date_gmt":"2026-05-03T06:02:06","guid":{"rendered":"https:\/\/gysfm.com.ar\/inicio\/el-encargado-como-es-y-donde-queda-el-edificio-donde-se-rodo-la-temporada-4-de-la-serie-de-guillermo-francella\/"},"modified":"2026-05-03T03:02:06","modified_gmt":"2026-05-03T06:02:06","slug":"el-encargado-como-es-y-donde-queda-el-edificio-donde-se-rodo-la-temporada-4-de-la-serie-de-guillermo-francella","status":"publish","type":"post","link":"https:\/\/gysfm.com.ar\/inicio\/el-encargado-como-es-y-donde-queda-el-edificio-donde-se-rodo-la-temporada-4-de-la-serie-de-guillermo-francella\/","title":{"rendered":"El Encargado: c\u00f3mo es y d\u00f3nde queda el edificio d\u00f3nde se rod\u00f3 la temporada 4 de la serie de Guillermo Francella"},"content":{"rendered":"<p><\/p>\n<div id=\"article-content\">\n<p>La exitosa serie argentina<strong> <a target=\"_blank\" href=\"https:\/\/exitoina.perfil.com\/noticias\/series\/disney-anuncio-cuando-estrena-cuarta-temporada-el-encargado-que-pasara-personaje-guillermo-francella.phtml?_ga=2.24324410.1629218738.1777642704-1330347536.1777642703&amp;_gl=1*kg0lb7*_ga*MTMzMDM0NzUzNi4xNzc3NjQyNzAz*_ga_ZVLDWW22SP*czE3Nzc2NTY0NDkkbzMkZzEkdDE3Nzc2NjA3NzAkajU5JGwwJGgw\">El Encargado<\/a><\/strong>, protagonizada por <a target=\"_blank\" href=\"https:\/\/www.perfil.com\/noticias\/espectaculos\/guillermo-francella-me-gusta-estar-en-argentina.phtml\"><strong>Guillermo Francella<\/strong>,<\/a> volvi\u00f3 a generar expectativa con el rodaje de su <strong>temporada 4<\/strong>, qu\u00e9 otra vez tiene como escenario central un edificio cargado de identidad porte\u00f1a. La ficci\u00f3n, que combina humor negro con cr\u00edtica social, encontr\u00f3 en esta locaci\u00f3n un elemento clave para construir la atm\u00f3sfera que rodea a su protagonista, Eliseo, el encargado que todo lo ve y todo lo sabe. <\/p>\n<p>La locaci\u00f3n elegida para las grabaciones se encuentra en la calle<strong> <\/strong>Arribe\u00f1os al 1600 del barri\u00f3 de Belgrano en la <strong>Ciudad de Buenos Aires<\/strong>. Se trata de una zona residencial de impronta cl\u00e1sica, d\u00f3nde predominan las construcciones de estilo racionalista y art dec\u00f3. <\/p>\n<p class=\"destacadoNota\"><a target=\"_blank\" href=\"https:\/\/www.perfil.com\/noticias\/espectaculos\/el-estreno-mas-esperado-netflix-se-prepara-para-el-regreso-de-el-eternauta-con-su-segunda-temporada.phtml\">Netflix se prepara para la segunda temporada de El Eternauta<\/a><\/p>\n<div class=\"subscription\">\n<p>\n        Esto no les gusta a los autoritarios\n    <\/p>\n<div class=\"subscription__container\">\n<div class=\"subscription__text-wrapper\">\n<p>\n                El ejercicio del periodismo profesional y cr\u00edtico es un pilar fundamental de la democracia. Por eso molesta a quienes creen ser los due\u00f1os de la verdad.\n            <\/p>\n<\/p><\/div><\/div>\n<\/div>\n<p>La elecci\u00f3n del lugar de rodaje no fue casual,  el entorno refuerza el contraste entre la apariencia elegante del edificio y las tensiones internas que atraviesan sus habitantes en la serie <strong>El Encargado<\/strong>. <\/p>\n<div style=\"text-align:center\">\n<figure class=\"image\" style=\"display:inline-block\"><picture><source media=\"(max-width: 440px)\" srcset=\"https:\/\/fotos.perfil.com\/\/2026\/05\/01\/440\/0\/el-encargado-como-es-y-donde-queda-el-edificio-donde-se-rodo-la-temporada-4-2231919.jpg?webp\"\/><source media=\"(max-width: 1019px)\" srcset=\"https:\/\/fotos.perfil.com\/\/2026\/05\/01\/712\/0\/el-encargado-como-es-y-donde-queda-el-edificio-donde-se-rodo-la-temporada-4-2231919.jpg?webp\"\/><img decoding=\"async\" style=\"max-width: 100%; width: 100%;\" alt=\"El Encargado: c\u00f3mo es y d\u00f3nde queda el edificio d\u00f3nde se rod\u00f3 la temporada 4\" height=\"730\" src=\"https:\/\/fotos.perfil.com\/\/2026\/05\/01\/900\/0\/el-encargado-como-es-y-donde-queda-el-edificio-donde-se-rodo-la-temporada-4-2231919.jpg?webp\" width=\"1300\" loading=\"lazy\"\/><\/picture><figcaption><strong>El edificio de la serie El Encargado: Arribe\u00f1os al 1600<\/strong><\/figcaption><\/figure>\n<\/p><\/div>\n<p>Desde el punto de vista arquitect\u00f3nico, el edificio presenta una fachada sobria, con balcones amplios, l\u00edneas rectas y detalles que remiten a construcciones de mediados del siglo XX. <\/p>\n<p>\u201cQuer\u00edamos un edificio que transmitiera cierta elegancia, pero tambi\u00e9n cotidianidad. Ese equilibrio es clave para que el espectador sienta que lo que pasa podr\u00eda ocurrir en cualquier consorcio\u201d, explicaron los directores del proyecto, Gast\u00f3n Duprat y Mariano Cohn\u201d. <\/p>\n<p class=\"destacadoNota\"><a target=\"_blank\" href=\"https:\/\/https:\/\/www.perfil.com\/noticias\/espectaculos\/a35envidiosa-el-encargado-y-todos-los-estrenos-para-ver-este-fin-de-semana-largo-en-netflix-prime-y-disney-a35.phtml\">\u00abEnvidiosa\u00bb, \u00abEl encargado\u00bb y todos los estrenos para ver este fin de semana largo en Netflix, Prime y Disney+<\/a><\/p>\n<p><strong> \u201cLa arquitectura nos permite jugar mucho con encuadres y puntos de vista. Hay una idea de que siempre alguien puede estar mirando, y eso se traduce visualmente en cada plano\u201d<\/strong>, agregaron, en referencia al lenguaje cinematogr\u00e1fico que caracteriza la historia de El Encargado, protagonizada por Guillermo Francella. <\/p>\n<h2>El edificio de la serie El Encargado despert\u00f3 curiosidad tur\u00edstica<\/h2>\n<p>Con el avance de las temporadas, el edificio donde se filma<strong> El Encargado <\/strong>se convirti\u00f3 en un punto de inter\u00e9s para fan\u00e1ticos y curiosos. Cada vez son m\u00e1s las personas que recorren la zona con la intenci\u00f3n de identificar la locaci\u00f3n o capturar una imagen del lugar que da vida a la historia. Este fen\u00f3meno no es nuevo, pero se intensific\u00f3 con el \u00e9xito de la serie en plataformas digitales.<\/p>\n<div style=\"text-align:center\">\n<figure class=\"image\" style=\"display:inline-block\"><picture><source media=\"(max-width: 440px)\" srcset=\"https:\/\/fotos.perfil.com\/\/2026\/05\/01\/440\/0\/el-encargado-como-es-y-donde-queda-el-edificio-donde-se-rodo-la-temporada-4-2231916.jpg?webp\"\/><source media=\"(max-width: 1019px)\" srcset=\"https:\/\/fotos.perfil.com\/\/2026\/05\/01\/712\/0\/el-encargado-como-es-y-donde-queda-el-edificio-donde-se-rodo-la-temporada-4-2231916.jpg?webp\"\/><img decoding=\"async\" style=\"max-width: 100%; width: 100%;\" alt=\"El Encargado: c\u00f3mo es y d\u00f3nde queda el edificio d\u00f3nde se rod\u00f3 la temporada 4\" height=\"730\" src=\"https:\/\/fotos.perfil.com\/\/2026\/05\/01\/900\/0\/el-encargado-como-es-y-donde-queda-el-edificio-donde-se-rodo-la-temporada-4-2231916.jpg?webp\" width=\"1300\" loading=\"lazy\"\/><\/picture><figcaption><strong>El Encargado temporada 4<\/strong><\/figcaption><\/figure>\n<\/p><\/div>\n<p>El <strong>atractivo tur\u00edstico <\/strong>radica no solo en la popularidad del programa, sino tambi\u00e9n en la posibilidad de asomarse a un espacio cotidiano transformado en escenario de ficci\u00f3n. Vecinos del barrio se\u00f1alaron que durante los d\u00edas de rodaje es frecuente ver equipos t\u00e9cnicos, c\u00e1maras y movimientos log\u00edsticos que alteran la rutina habitual, aunque siempre bajo estrictas medidas de organizaci\u00f3n.<\/p>\n<p>Adem\u00e1s, la serie logr\u00f3 resignificar la figura del encargado de edificio, un rol muy presente en la vida urbana argentina. Esto contribuy\u00f3 a que el inmueble no sea solo una locaci\u00f3n, sino casi un personaje m\u00e1s dentro de la trama, con identidad propia y una fuerte carga simb\u00f3lica.<\/p>\n<p>PM<\/p>\n<\/p><\/div>\n<p><script>\n                !function(f,b,e,v,n,t,s)\n                {if(f.fbq)return;n=f.fbq=function(){n.callMethod?\n                    n.callMethod.apply(n,arguments):n.queue.push(arguments)};\n                    if(!f._fbq)f._fbq=n;n.push=n;n.loaded=!0;n.version='2.0';\n                    n.queue=[];t=b.createElement(e);t.async=!0;\n                    t.src=v;s=b.getElementsByTagName(e)[0];\n                    s.parentNode.insertBefore(t,s)}(window, document,'script',\n                    'https:\/\/connect.facebook.net\/en_US\/fbevents.js');\n                window.paywallConfig.facebook_pixel=\"1000228364089342\"\n            <\/script><\/p>\n","protected":false},"excerpt":{"rendered":"<p>La exitosa serie argentina El Encargado, protagonizada por Guillermo Francella, volvi\u00f3 a generar expectativa con el rodaje de su temporada 4, qu\u00e9 otra vez tiene como escenario central un edificio cargado de identidad porte\u00f1a. La ficci\u00f3n, que combina humor negro con cr\u00edtica social, encontr\u00f3 en esta locaci\u00f3n un elemento clave para construir la atm\u00f3sfera que [&hellip;]<\/p>\n","protected":false},"author":2,"featured_media":194381,"comment_status":"closed","ping_status":"closed","sticky":false,"template":"","format":"standard","meta":{"footnotes":""},"categories":[25],"tags":[],"class_list":["post-194380","post","type-post","status-publish","format-standard","has-post-thumbnail","hentry","category-nacionales"],"yoast_head":"<!-- This site is optimized with the Yoast SEO plugin v24.4 - https:\/\/yoast.com\/wordpress\/plugins\/seo\/ -->\n<title>El Encargado: c\u00f3mo es y d\u00f3nde queda el edificio d\u00f3nde se rod\u00f3 la temporada 4 de la serie de Guillermo Francella - GYS NOTICIAS |<\/title>\n<meta name=\"robots\" content=\"index, follow, max-snippet:-1, max-image-preview:large, max-video-preview:-1\" \/>\n<link rel=\"canonical\" href=\"https:\/\/gysfm.com.ar\/inicio\/el-encargado-como-es-y-donde-queda-el-edificio-donde-se-rodo-la-temporada-4-de-la-serie-de-guillermo-francella\/\" \/>\n<meta property=\"og:locale\" content=\"es_ES\" \/>\n<meta property=\"og:type\" content=\"article\" \/>\n<meta property=\"og:title\" content=\"El Encargado: c\u00f3mo es y d\u00f3nde queda el edificio d\u00f3nde se rod\u00f3 la temporada 4 de la serie de Guillermo Francella - GYS NOTICIAS |\" \/>\n<meta property=\"og:description\" content=\"La exitosa serie argentina El Encargado, protagonizada por Guillermo Francella, volvi\u00f3 a generar expectativa con el rodaje de su temporada 4, qu\u00e9 otra vez tiene como escenario central un edificio cargado de identidad porte\u00f1a. La ficci\u00f3n, que combina humor negro con cr\u00edtica social, encontr\u00f3 en esta locaci\u00f3n un elemento clave para construir la atm\u00f3sfera que [&hellip;]\" \/>\n<meta property=\"og:url\" content=\"https:\/\/gysfm.com.ar\/inicio\/el-encargado-como-es-y-donde-queda-el-edificio-donde-se-rodo-la-temporada-4-de-la-serie-de-guillermo-francella\/\" \/>\n<meta property=\"og:site_name\" content=\"GYS NOTICIAS |\" \/>\n<meta property=\"article:published_time\" content=\"2026-05-03T06:02:06+00:00\" \/>\n<meta property=\"og:image\" content=\"https:\/\/fotos.perfil.com\/\/2026\/05\/01\/900\/0\/el-encargado-como-es-y-donde-queda-el-edificio-donde-se-rodo-la-temporada-4-2231919.jpg?webp\" \/>\n<meta name=\"author\" content=\"Prensa G&amp;S FM\" \/>\n<meta name=\"twitter:card\" content=\"summary_large_image\" \/>\n<meta name=\"twitter:label1\" content=\"Escrito por\" \/>\n\t<meta name=\"twitter:data1\" content=\"Prensa G&amp;S FM\" \/>\n\t<meta name=\"twitter:label2\" content=\"Tiempo de lectura\" \/>\n\t<meta name=\"twitter:data2\" content=\"3 minutos\" \/>\n<script type=\"application\/ld+json\" class=\"yoast-schema-graph\">{\"@context\":\"https:\/\/schema.org\",\"@graph\":[{\"@type\":\"Article\",\"@id\":\"https:\/\/gysfm.com.ar\/inicio\/el-encargado-como-es-y-donde-queda-el-edificio-donde-se-rodo-la-temporada-4-de-la-serie-de-guillermo-francella\/#article\",\"isPartOf\":{\"@id\":\"https:\/\/gysfm.com.ar\/inicio\/el-encargado-como-es-y-donde-queda-el-edificio-donde-se-rodo-la-temporada-4-de-la-serie-de-guillermo-francella\/\"},\"author\":{\"name\":\"Prensa G&amp;S FM\",\"@id\":\"https:\/\/gysfm.com.ar\/inicio\/#\/schema\/person\/3abba7593ef2ad19e1be221d54383dc5\"},\"headline\":\"El Encargado: c\u00f3mo es y d\u00f3nde queda el edificio d\u00f3nde se rod\u00f3 la temporada 4 de la serie de Guillermo Francella\",\"datePublished\":\"2026-05-03T06:02:06+00:00\",\"mainEntityOfPage\":{\"@id\":\"https:\/\/gysfm.com.ar\/inicio\/el-encargado-como-es-y-donde-queda-el-edificio-donde-se-rodo-la-temporada-4-de-la-serie-de-guillermo-francella\/\"},\"wordCount\":581,\"publisher\":{\"@id\":\"https:\/\/gysfm.com.ar\/inicio\/#organization\"},\"image\":{\"@id\":\"https:\/\/gysfm.com.ar\/inicio\/el-encargado-como-es-y-donde-queda-el-edificio-donde-se-rodo-la-temporada-4-de-la-serie-de-guillermo-francella\/#primaryimage\"},\"thumbnailUrl\":\"https:\/\/gysfm.com.ar\/inicio\/wp-content\/uploads\/2026\/05\/el-encargado-como-es-y-donde-queda-el-edificio-donde-se-rodo-la-temporada-4-2231918.jpg\",\"articleSection\":[\"NACIONALES\"],\"inLanguage\":\"es\"},{\"@type\":\"WebPage\",\"@id\":\"https:\/\/gysfm.com.ar\/inicio\/el-encargado-como-es-y-donde-queda-el-edificio-donde-se-rodo-la-temporada-4-de-la-serie-de-guillermo-francella\/\",\"url\":\"https:\/\/gysfm.com.ar\/inicio\/el-encargado-como-es-y-donde-queda-el-edificio-donde-se-rodo-la-temporada-4-de-la-serie-de-guillermo-francella\/\",\"name\":\"El Encargado: c\u00f3mo es y d\u00f3nde queda el edificio d\u00f3nde se rod\u00f3 la temporada 4 de la serie de Guillermo Francella - GYS NOTICIAS |\",\"isPartOf\":{\"@id\":\"https:\/\/gysfm.com.ar\/inicio\/#website\"},\"primaryImageOfPage\":{\"@id\":\"https:\/\/gysfm.com.ar\/inicio\/el-encargado-como-es-y-donde-queda-el-edificio-donde-se-rodo-la-temporada-4-de-la-serie-de-guillermo-francella\/#primaryimage\"},\"image\":{\"@id\":\"https:\/\/gysfm.com.ar\/inicio\/el-encargado-como-es-y-donde-queda-el-edificio-donde-se-rodo-la-temporada-4-de-la-serie-de-guillermo-francella\/#primaryimage\"},\"thumbnailUrl\":\"https:\/\/gysfm.com.ar\/inicio\/wp-content\/uploads\/2026\/05\/el-encargado-como-es-y-donde-queda-el-edificio-donde-se-rodo-la-temporada-4-2231918.jpg\",\"datePublished\":\"2026-05-03T06:02:06+00:00\",\"breadcrumb\":{\"@id\":\"https:\/\/gysfm.com.ar\/inicio\/el-encargado-como-es-y-donde-queda-el-edificio-donde-se-rodo-la-temporada-4-de-la-serie-de-guillermo-francella\/#breadcrumb\"},\"inLanguage\":\"es\",\"potentialAction\":[{\"@type\":\"ReadAction\",\"target\":[\"https:\/\/gysfm.com.ar\/inicio\/el-encargado-como-es-y-donde-queda-el-edificio-donde-se-rodo-la-temporada-4-de-la-serie-de-guillermo-francella\/\"]}]},{\"@type\":\"ImageObject\",\"inLanguage\":\"es\",\"@id\":\"https:\/\/gysfm.com.ar\/inicio\/el-encargado-como-es-y-donde-queda-el-edificio-donde-se-rodo-la-temporada-4-de-la-serie-de-guillermo-francella\/#primaryimage\",\"url\":\"https:\/\/gysfm.com.ar\/inicio\/wp-content\/uploads\/2026\/05\/el-encargado-como-es-y-donde-queda-el-edificio-donde-se-rodo-la-temporada-4-2231918.jpg\",\"contentUrl\":\"https:\/\/gysfm.com.ar\/inicio\/wp-content\/uploads\/2026\/05\/el-encargado-como-es-y-donde-queda-el-edificio-donde-se-rodo-la-temporada-4-2231918.jpg\",\"width\":1140,\"height\":641},{\"@type\":\"BreadcrumbList\",\"@id\":\"https:\/\/gysfm.com.ar\/inicio\/el-encargado-como-es-y-donde-queda-el-edificio-donde-se-rodo-la-temporada-4-de-la-serie-de-guillermo-francella\/#breadcrumb\",\"itemListElement\":[{\"@type\":\"ListItem\",\"position\":1,\"name\":\"Portada\",\"item\":\"https:\/\/gysfm.com.ar\/inicio\/\"},{\"@type\":\"ListItem\",\"position\":2,\"name\":\"El Encargado: c\u00f3mo es y d\u00f3nde queda el edificio d\u00f3nde se rod\u00f3 la temporada 4 de la serie de Guillermo Francella\"}]},{\"@type\":\"WebSite\",\"@id\":\"https:\/\/gysfm.com.ar\/inicio\/#website\",\"url\":\"https:\/\/gysfm.com.ar\/inicio\/\",\"name\":\"GYS NOTICIAS |\",\"description\":\"DIARIO - RADIO ONLINE SAN JUAN ARGENTINA\",\"publisher\":{\"@id\":\"https:\/\/gysfm.com.ar\/inicio\/#organization\"},\"potentialAction\":[{\"@type\":\"SearchAction\",\"target\":{\"@type\":\"EntryPoint\",\"urlTemplate\":\"https:\/\/gysfm.com.ar\/inicio\/?s={search_term_string}\"},\"query-input\":{\"@type\":\"PropertyValueSpecification\",\"valueRequired\":true,\"valueName\":\"search_term_string\"}}],\"inLanguage\":\"es\"},{\"@type\":\"Organization\",\"@id\":\"https:\/\/gysfm.com.ar\/inicio\/#organization\",\"name\":\"GYS NOTICIAS |\",\"url\":\"https:\/\/gysfm.com.ar\/inicio\/\",\"logo\":{\"@type\":\"ImageObject\",\"inLanguage\":\"es\",\"@id\":\"https:\/\/gysfm.com.ar\/inicio\/#\/schema\/logo\/image\/\",\"url\":\"https:\/\/gysfm.com.ar\/inicio\/wp-content\/uploads\/2023\/07\/LOGOGYS-OK.png\",\"contentUrl\":\"https:\/\/gysfm.com.ar\/inicio\/wp-content\/uploads\/2023\/07\/LOGOGYS-OK.png\",\"width\":1170,\"height\":872,\"caption\":\"GYS NOTICIAS |\"},\"image\":{\"@id\":\"https:\/\/gysfm.com.ar\/inicio\/#\/schema\/logo\/image\/\"}},{\"@type\":\"Person\",\"@id\":\"https:\/\/gysfm.com.ar\/inicio\/#\/schema\/person\/3abba7593ef2ad19e1be221d54383dc5\",\"name\":\"Prensa G&amp;S FM\",\"image\":{\"@type\":\"ImageObject\",\"inLanguage\":\"es\",\"@id\":\"https:\/\/gysfm.com.ar\/inicio\/#\/schema\/person\/image\/\",\"url\":\"https:\/\/secure.gravatar.com\/avatar\/096ec78df02049ab018702bb4ccedf659377fa92a26540b5247612077a0dbd29?s=96&d=mm&r=g\",\"contentUrl\":\"https:\/\/secure.gravatar.com\/avatar\/096ec78df02049ab018702bb4ccedf659377fa92a26540b5247612077a0dbd29?s=96&d=mm&r=g\",\"caption\":\"Prensa G&amp;S FM\"},\"sameAs\":[\"https:\/\/gysfm.com.ar\/\"],\"url\":\"https:\/\/gysfm.com.ar\/inicio\/author\/lucasm\/\"}]}<\/script>\n<!-- \/ Yoast SEO plugin. -->","yoast_head_json":{"title":"El Encargado: c\u00f3mo es y d\u00f3nde queda el edificio d\u00f3nde se rod\u00f3 la temporada 4 de la serie de Guillermo Francella - GYS NOTICIAS |","robots":{"index":"index","follow":"follow","max-snippet":"max-snippet:-1","max-image-preview":"max-image-preview:large","max-video-preview":"max-video-preview:-1"},"canonical":"https:\/\/gysfm.com.ar\/inicio\/el-encargado-como-es-y-donde-queda-el-edificio-donde-se-rodo-la-temporada-4-de-la-serie-de-guillermo-francella\/","og_locale":"es_ES","og_type":"article","og_title":"El Encargado: c\u00f3mo es y d\u00f3nde queda el edificio d\u00f3nde se rod\u00f3 la temporada 4 de la serie de Guillermo Francella - GYS NOTICIAS |","og_description":"La exitosa serie argentina El Encargado, protagonizada por Guillermo Francella, volvi\u00f3 a generar expectativa con el rodaje de su temporada 4, qu\u00e9 otra vez tiene como escenario central un edificio cargado de identidad porte\u00f1a. La ficci\u00f3n, que combina humor negro con cr\u00edtica social, encontr\u00f3 en esta locaci\u00f3n un elemento clave para construir la atm\u00f3sfera que [&hellip;]","og_url":"https:\/\/gysfm.com.ar\/inicio\/el-encargado-como-es-y-donde-queda-el-edificio-donde-se-rodo-la-temporada-4-de-la-serie-de-guillermo-francella\/","og_site_name":"GYS NOTICIAS |","article_published_time":"2026-05-03T06:02:06+00:00","og_image":[{"url":"https:\/\/fotos.perfil.com\/\/2026\/05\/01\/900\/0\/el-encargado-como-es-y-donde-queda-el-edificio-donde-se-rodo-la-temporada-4-2231919.jpg?webp","type":"","width":"","height":""}],"author":"Prensa G&amp;S FM","twitter_card":"summary_large_image","twitter_misc":{"Escrito por":"Prensa G&amp;S FM","Tiempo de lectura":"3 minutos"},"schema":{"@context":"https:\/\/schema.org","@graph":[{"@type":"Article","@id":"https:\/\/gysfm.com.ar\/inicio\/el-encargado-como-es-y-donde-queda-el-edificio-donde-se-rodo-la-temporada-4-de-la-serie-de-guillermo-francella\/#article","isPartOf":{"@id":"https:\/\/gysfm.com.ar\/inicio\/el-encargado-como-es-y-donde-queda-el-edificio-donde-se-rodo-la-temporada-4-de-la-serie-de-guillermo-francella\/"},"author":{"name":"Prensa G&amp;S FM","@id":"https:\/\/gysfm.com.ar\/inicio\/#\/schema\/person\/3abba7593ef2ad19e1be221d54383dc5"},"headline":"El Encargado: c\u00f3mo es y d\u00f3nde queda el edificio d\u00f3nde se rod\u00f3 la temporada 4 de la serie de Guillermo Francella","datePublished":"2026-05-03T06:02:06+00:00","mainEntityOfPage":{"@id":"https:\/\/gysfm.com.ar\/inicio\/el-encargado-como-es-y-donde-queda-el-edificio-donde-se-rodo-la-temporada-4-de-la-serie-de-guillermo-francella\/"},"wordCount":581,"publisher":{"@id":"https:\/\/gysfm.com.ar\/inicio\/#organization"},"image":{"@id":"https:\/\/gysfm.com.ar\/inicio\/el-encargado-como-es-y-donde-queda-el-edificio-donde-se-rodo-la-temporada-4-de-la-serie-de-guillermo-francella\/#primaryimage"},"thumbnailUrl":"https:\/\/gysfm.com.ar\/inicio\/wp-content\/uploads\/2026\/05\/el-encargado-como-es-y-donde-queda-el-edificio-donde-se-rodo-la-temporada-4-2231918.jpg","articleSection":["NACIONALES"],"inLanguage":"es"},{"@type":"WebPage","@id":"https:\/\/gysfm.com.ar\/inicio\/el-encargado-como-es-y-donde-queda-el-edificio-donde-se-rodo-la-temporada-4-de-la-serie-de-guillermo-francella\/","url":"https:\/\/gysfm.com.ar\/inicio\/el-encargado-como-es-y-donde-queda-el-edificio-donde-se-rodo-la-temporada-4-de-la-serie-de-guillermo-francella\/","name":"El Encargado: c\u00f3mo es y d\u00f3nde queda el edificio d\u00f3nde se rod\u00f3 la temporada 4 de la serie de Guillermo Francella - GYS NOTICIAS |","isPartOf":{"@id":"https:\/\/gysfm.com.ar\/inicio\/#website"},"primaryImageOfPage":{"@id":"https:\/\/gysfm.com.ar\/inicio\/el-encargado-como-es-y-donde-queda-el-edificio-donde-se-rodo-la-temporada-4-de-la-serie-de-guillermo-francella\/#primaryimage"},"image":{"@id":"https:\/\/gysfm.com.ar\/inicio\/el-encargado-como-es-y-donde-queda-el-edificio-donde-se-rodo-la-temporada-4-de-la-serie-de-guillermo-francella\/#primaryimage"},"thumbnailUrl":"https:\/\/gysfm.com.ar\/inicio\/wp-content\/uploads\/2026\/05\/el-encargado-como-es-y-donde-queda-el-edificio-donde-se-rodo-la-temporada-4-2231918.jpg","datePublished":"2026-05-03T06:02:06+00:00","breadcrumb":{"@id":"https:\/\/gysfm.com.ar\/inicio\/el-encargado-como-es-y-donde-queda-el-edificio-donde-se-rodo-la-temporada-4-de-la-serie-de-guillermo-francella\/#breadcrumb"},"inLanguage":"es","potentialAction":[{"@type":"ReadAction","target":["https:\/\/gysfm.com.ar\/inicio\/el-encargado-como-es-y-donde-queda-el-edificio-donde-se-rodo-la-temporada-4-de-la-serie-de-guillermo-francella\/"]}]},{"@type":"ImageObject","inLanguage":"es","@id":"https:\/\/gysfm.com.ar\/inicio\/el-encargado-como-es-y-donde-queda-el-edificio-donde-se-rodo-la-temporada-4-de-la-serie-de-guillermo-francella\/#primaryimage","url":"https:\/\/gysfm.com.ar\/inicio\/wp-content\/uploads\/2026\/05\/el-encargado-como-es-y-donde-queda-el-edificio-donde-se-rodo-la-temporada-4-2231918.jpg","contentUrl":"https:\/\/gysfm.com.ar\/inicio\/wp-content\/uploads\/2026\/05\/el-encargado-como-es-y-donde-queda-el-edificio-donde-se-rodo-la-temporada-4-2231918.jpg","width":1140,"height":641},{"@type":"BreadcrumbList","@id":"https:\/\/gysfm.com.ar\/inicio\/el-encargado-como-es-y-donde-queda-el-edificio-donde-se-rodo-la-temporada-4-de-la-serie-de-guillermo-francella\/#breadcrumb","itemListElement":[{"@type":"ListItem","position":1,"name":"Portada","item":"https:\/\/gysfm.com.ar\/inicio\/"},{"@type":"ListItem","position":2,"name":"El Encargado: c\u00f3mo es y d\u00f3nde queda el edificio d\u00f3nde se rod\u00f3 la temporada 4 de la serie de Guillermo Francella"}]},{"@type":"WebSite","@id":"https:\/\/gysfm.com.ar\/inicio\/#website","url":"https:\/\/gysfm.com.ar\/inicio\/","name":"GYS NOTICIAS |","description":"DIARIO - RADIO ONLINE SAN JUAN ARGENTINA","publisher":{"@id":"https:\/\/gysfm.com.ar\/inicio\/#organization"},"potentialAction":[{"@type":"SearchAction","target":{"@type":"EntryPoint","urlTemplate":"https:\/\/gysfm.com.ar\/inicio\/?s={search_term_string}"},"query-input":{"@type":"PropertyValueSpecification","valueRequired":true,"valueName":"search_term_string"}}],"inLanguage":"es"},{"@type":"Organization","@id":"https:\/\/gysfm.com.ar\/inicio\/#organization","name":"GYS NOTICIAS |","url":"https:\/\/gysfm.com.ar\/inicio\/","logo":{"@type":"ImageObject","inLanguage":"es","@id":"https:\/\/gysfm.com.ar\/inicio\/#\/schema\/logo\/image\/","url":"https:\/\/gysfm.com.ar\/inicio\/wp-content\/uploads\/2023\/07\/LOGOGYS-OK.png","contentUrl":"https:\/\/gysfm.com.ar\/inicio\/wp-content\/uploads\/2023\/07\/LOGOGYS-OK.png","width":1170,"height":872,"caption":"GYS NOTICIAS |"},"image":{"@id":"https:\/\/gysfm.com.ar\/inicio\/#\/schema\/logo\/image\/"}},{"@type":"Person","@id":"https:\/\/gysfm.com.ar\/inicio\/#\/schema\/person\/3abba7593ef2ad19e1be221d54383dc5","name":"Prensa G&amp;S FM","image":{"@type":"ImageObject","inLanguage":"es","@id":"https:\/\/gysfm.com.ar\/inicio\/#\/schema\/person\/image\/","url":"https:\/\/secure.gravatar.com\/avatar\/096ec78df02049ab018702bb4ccedf659377fa92a26540b5247612077a0dbd29?s=96&d=mm&r=g","contentUrl":"https:\/\/secure.gravatar.com\/avatar\/096ec78df02049ab018702bb4ccedf659377fa92a26540b5247612077a0dbd29?s=96&d=mm&r=g","caption":"Prensa G&amp;S FM"},"sameAs":["https:\/\/gysfm.com.ar\/"],"url":"https:\/\/gysfm.com.ar\/inicio\/author\/lucasm\/"}]}},"_links":{"self":[{"href":"https:\/\/gysfm.com.ar\/inicio\/wp-json\/wp\/v2\/posts\/194380","targetHints":{"allow":["GET"]}}],"collection":[{"href":"https:\/\/gysfm.com.ar\/inicio\/wp-json\/wp\/v2\/posts"}],"about":[{"href":"https:\/\/gysfm.com.ar\/inicio\/wp-json\/wp\/v2\/types\/post"}],"author":[{"embeddable":true,"href":"https:\/\/gysfm.com.ar\/inicio\/wp-json\/wp\/v2\/users\/2"}],"replies":[{"embeddable":true,"href":"https:\/\/gysfm.com.ar\/inicio\/wp-json\/wp\/v2\/comments?post=194380"}],"version-history":[{"count":0,"href":"https:\/\/gysfm.com.ar\/inicio\/wp-json\/wp\/v2\/posts\/194380\/revisions"}],"wp:featuredmedia":[{"embeddable":true,"href":"https:\/\/gysfm.com.ar\/inicio\/wp-json\/wp\/v2\/media\/194381"}],"wp:attachment":[{"href":"https:\/\/gysfm.com.ar\/inicio\/wp-json\/wp\/v2\/media?parent=194380"}],"wp:term":[{"taxonomy":"category","embeddable":true,"href":"https:\/\/gysfm.com.ar\/inicio\/wp-json\/wp\/v2\/categories?post=194380"},{"taxonomy":"post_tag","embeddable":true,"href":"https:\/\/gysfm.com.ar\/inicio\/wp-json\/wp\/v2\/tags?post=194380"}],"curies":[{"name":"wp","href":"https:\/\/api.w.org\/{rel}","templated":true}]}}