{"id":194377,"date":"2026-05-03T02:40:09","date_gmt":"2026-05-03T05:40:09","guid":{"rendered":"https:\/\/gysfm.com.ar\/inicio\/una-nueva-ola-de-violencia-guerrillera-sacude-a-colombia-en-la-antesala-de-las-elecciones\/"},"modified":"2026-05-03T02:40:11","modified_gmt":"2026-05-03T05:40:11","slug":"una-nueva-ola-de-violencia-guerrillera-sacude-a-colombia-en-la-antesala-de-las-elecciones","status":"publish","type":"post","link":"https:\/\/gysfm.com.ar\/inicio\/una-nueva-ola-de-violencia-guerrillera-sacude-a-colombia-en-la-antesala-de-las-elecciones\/","title":{"rendered":"Una nueva ola de violencia guerrillera sacude a Colombia en la antesala de las elecciones"},"content":{"rendered":"<p> <br \/>\n<\/p>\n<div>\n<p class=\"com-paragraph  --capital --s\">Una c\u00e1mara registr\u00f3 cuatro autos detenidos mientras un hombre caminaba, desprevenido, al costado de una ruta entre las ciudades de Cali y Popay\u00e1n, en el municipio de Cajib\u00edo, <strong>Colombia<\/strong>, el s\u00e1bado pasado al mediod\u00eda. En apenas diez segundos, ese registro capt\u00f3 <a href=\"https:\/\/www.lanacion.com.ar\/el-mundo\/un-ataque-bomba-deja-siete-muertos-y-expone-la-escalada-de-violencia-en-la-antesala-electoral-en-nid25042026\/\" target=\"_self\" title=\"https:\/\/www.lanacion.com.ar\/el-mundo\/un-ataque-bomba-deja-siete-muertos-y-expone-la-escalada-de-violencia-en-la-antesala-electoral-en-nid25042026\/\" class=\"com-link break-word\" data-mrf-recirculation=\"n_link_parrafo\"><strong>el peor atentado<\/strong><\/a><strong> que vivi\u00f3 el pa\u00eds sudamericano en los \u00faltimos 20 a\u00f1os<\/strong>, cuando falta casi un mes para las elecciones presidenciales, durante el primer gobierno de izquierda de su historia y en medio de un proceso de di\u00e1logo activo entre las guerrillas y el Estado.<\/p>\n<p class=\"com-paragraph   --s\">Pocos d\u00edas despu\u00e9s, la guerrilla conocida como el <strong>Estado Mayor Central (EMC)<\/strong> \u2013la principal disidencia de las antiguas<strong> Fuerzas Armadas Revolucionarias de Colombia (FARC)<\/strong> liderada por <strong>N\u00e9stor Gregorio Vera<\/strong>, com\u00fanmente conocido como \u201c<strong>Iv\u00e1n Mordisco\u201d<\/strong>\u2013 , <strong>asumi\u00f3 con \u201cdolor\u201d <\/strong><a href=\"https:\/\/www.lanacion.com.ar\/el-mundo\/guerrilleros-disidentes-asumen-la-autoria-del-atentado-con-21-muertos-en-colombia-nid29042026\/\" target=\"_self\" title=\"https:\/\/www.lanacion.com.ar\/el-mundo\/guerrilleros-disidentes-asumen-la-autoria-del-atentado-con-21-muertos-en-colombia-nid29042026\/\" class=\"com-link break-word\" data-mrf-recirculation=\"n_link_parrafo\"><strong>la autor\u00eda del atentado<\/strong><\/a><strong>, al que describi\u00f3 como un \u201cerror t\u00e1ctico\u201d<\/strong> en sus maniobras militares contra el Ej\u00e9rcito nacional en medio de una \u201cacci\u00f3n propagand\u00edstica sobre la v\u00eda Panamericana\u201d.<\/p>\n<div class=\"content-media\">\n<section role=\"button\" class=\"mod-media   \">\n<figure role=\"button\" tabindex=\"0\" class=\"mod-figure \"><figcaption class=\"mod-figcaption\"><span class=\"com-text --caption --twoxs\">Familiares de v\u00edctimas en el lugar del atentado en Cajib\u00edo, Colombia<\/span><span class=\"com-text --credit --twoxs\">Santiago Saldarriaga &#8211; AP<\/span><\/figcaption><\/figure>\n<\/section>\n<\/div>\n<p class=\"com-paragraph   --s\">El atentado del s\u00e1bado, que dej\u00f3 <strong>21 civiles muertos y m\u00e1s de medio centenar de heridos<\/strong>, fue s\u00f3lo <strong>uno de los 26 ataques que se produjeron el fin de semana pasado <\/strong>en todo el pa\u00eds, un llamativo repunte de los actos terroristas por parte de las guerrillas que coincide con <strong>las elecciones presidenciales del 31 de mayo<\/strong>. <\/p>\n<p class=\"com-paragraph   --s\"><strong>\u201cQuieren sabotear nuestras elecciones para que gane la extrema derecha\u201d<\/strong>, dijo el lunes en un mensaje televisado el presidente colombiano, <a href=\"https:\/\/www.lanacion.com.ar\/el-mundo\/en-su-primera-reunion-cara-a-cara-petro-y-delcy-rodriguez-se-centraron-en-la-cuestion-de-la-nid24042026\/\" target=\"_self\" title=\"https:\/\/www.lanacion.com.ar\/el-mundo\/en-su-primera-reunion-cara-a-cara-petro-y-delcy-rodriguez-se-centraron-en-la-cuestion-de-la-nid24042026\/\" class=\"com-link break-word\" data-mrf-recirculation=\"n_link_parrafo\"><strong>Gustavo Petro<\/strong><\/a>, sin precisar qui\u00e9nes podr\u00edan estar intentando socavar los comicios.<\/p>\n<div class=\"content-media cursor-pointer container-center-100\">\n<section class=\"media-container relative ratio-16-9 mod-media pb-32\">\n<figure class=\"mod-video\">\n<div class=\"video-player bg-black ratio-16-9\" data-has-jwplayer=\"true\" data-video-id-jw=\"SJAGJwfe\" data-config=\"{&quot;title&quot;:&quot;Atentados en Colombia&quot;,&quot;mediaId&quot;:&quot;SJAGJwfe&quot;,&quot;playerId&quot;:&quot;ih0086X3&quot;,&quot;playlist&quot;:[{&quot;mediaid&quot;:&quot;SJAGJwfe&quot;,&quot;sources&quot;:[{&quot;file&quot;:&quot;https:\/\/cdn.jwplayer.com\/manifests\/SJAGJwfe.m3u8&quot;,&quot;type&quot;:&quot;application\/vnd.apple.mpegurl&quot;},{&quot;bitrate&quot;:356833,&quot;file&quot;:&quot;https:\/\/cdn.jwplayer.com\/videos\/SJAGJwfe-kTExGaWf.mp4&quot;,&quot;filesize&quot;:1471938,&quot;framerate&quot;:15,&quot;height&quot;:320,&quot;label&quot;:&quot;180p&quot;,&quot;type&quot;:&quot;video\/mp4&quot;,&quot;width&quot;:320},{&quot;bitrate&quot;:115312,&quot;file&quot;:&quot;https:\/\/cdn.jwplayer.com\/videos\/SJAGJwfe-hz5z2Tv4.m4a&quot;,&quot;filesize&quot;:475664,&quot;label&quot;:&quot;AAC Audio&quot;,&quot;type&quot;:&quot;audio\/mp4&quot;}]}],&quot;hasAutoplay&quot;:false,&quot;autostart&quot;:true,&quot;tagsUrl&quot;:&quot;https:\/\/pubads.g.doubleclick.net\/gampad\/ads?slotname=\/133919216\/la_nacion_video\/nota\/preroll&amp;sz=640x480|400x300&amp;ciu_szs=300x250&amp;unviewed_position_start=1&amp;output=vast&amp;impl=s&amp;env=vp&amp;gdfp_req=1&amp;ad_rule=0&amp;vad_type=linear&amp;vpos=preroll&amp;cust_params=tags_nuevos%3Dte_colombia%2Cte_gustavo_petro%2Cte_farc%2Cca_el_mundo%2Cau_guido_bovone%2C5EZQST2HYJDZ5FSH6FSQQMJWWI&amp;pod=3&amp;ppos=1&amp;lip=true&amp;min_ad_duration=0&amp;max_ad_duration=30000&amp;vrid=6256&amp;url=https%3A%2F%2Fwww.lanacion.com.ar%2Fel-mundo%2Funa-nueva-ola-de-violencia-guerrillera-sacude-a-colombia-en-la-antesala-de-las-elecciones-nid02052026%2F%3Fvariant%3DA&amp;description_url=https%3A%2F%2Fwww.lanacion.com.ar%2Fel-mundo%2Funa-nueva-ola-de-violencia-guerrillera-sacude-a-colombia-en-la-antesala-de-las-elecciones-nid02052026%2F%3Fvariant%3DA&amp;video_doc_id=short_onecue&amp;cmsid=496&amp;kfa=0&amp;tfcd=0&amp;correlator=1777786388511&quot;,&quot;arcSite&quot;:&quot;la-nacion-ar&quot;,&quot;duration&quot;:&quot;33000&quot;}\">\n<div id=\"facade-SJAGJwfe\" class=\"content-facade-jw relative bg-black ratio-16-9\"><picture><source media=\"(max-width: 767px)\" srcset=\"https:\/\/resizer.glanacion.com\/resizer\/v2\/https%3A%2F%2Fcdn.jwplayer.com%2Fv2%2Fmedia%2FSJAGJwfe%2Fposter.jpg%3Fwidth%3D720?auth=4269916ae10aad421e9686b26b55dc9f8259728964fb6a86248864f926d670c5&amp;width=480&amp;quality=70&amp;smart=false\"\/><\/picture><\/div>\n<\/div><figcaption class=\"border border-1 border-bottom border-light-300 relative px-16 py-8 min-h-36 w-100_md px-0_l mb-8 bg-white\"><span class=\"text ln-text text-16 block\">Atentados en Colombia<\/span><\/figcaption><\/figure>\n<\/section>\n<\/div>\n<p class=\"com-paragraph   --s\">Pero otros en el arco pol\u00edtico colombiano leyeron los ataques como la conclusi\u00f3n l\u00f3gica de lo que consideran <strong>un fallido enfoque dialoguista del gobierno de Petro y su plan conocido como \u201cpaz total\u201d<\/strong>, por el que el Estado ha buscado desde 2023 impulsar conversaciones de paz con los grupos armados ofreciendo ceses al fuego.<\/p>\n<p class=\"com-paragraph   --s\">La constituci\u00f3n colombiana <strong>proh\u00edbe al actual presidente postularse para un nuevo mandato<\/strong>, pero el candidato de su partido <strong>Pacto Hist\u00f3rico <\/strong>y favorito a sucederlo en el cargo, <strong>Iv\u00e1n Cepeda<\/strong>, <strong>ya ha prometido continuar las conversaciones de paz <\/strong>con los grupos armados en caso de que sea electo.<\/p>\n<p class=\"com-paragraph   --s\">Tras los \u00faltimos atentados, el candidato del oficialismo pidi\u00f3 a las autoridades que investigaran si formaban parte de <strong>un intento de interferir en las pr\u00f3ximas elecciones<\/strong>.<\/p>\n<div class=\"content-media\">\n<section role=\"button\" class=\"mod-media   \">\n<figure role=\"button\" tabindex=\"0\" class=\"mod-figure \"><figcaption class=\"mod-figcaption\"><span class=\"com-text --caption --twoxs\">Cepeda saluda a sus simpatizantes durante una manifestaci\u00f3n por el D\u00eda Internacional de los Trabajadores, en Bogot\u00e1<\/span><span class=\"com-text --credit --twoxs\">RAUL ARBOLEDA &#8211; AFP<\/span><\/figcaption><\/figure>\n<\/section>\n<\/div>\n<p class=\"com-paragraph   --s\">\u201cResulta profundamente preocupante que estas acciones terroristas se presenten en regiones del sur del pa\u00eds <strong>donde existe un amplio respaldo ciudadano a nuestro proyecto pol\u00edtico<\/strong>. Surge una inquietud leg\u00edtima sobre si, adem\u00e1s de causar da\u00f1o y zozobra en la poblaci\u00f3n, estos hechos buscan generar un clima de miedo <strong>que favorezca intereses de sectores de extrema derecha empe\u00f1ados en desestabilizar el pa\u00eds <\/strong>y entorpecer el desarrollo democr\u00e1tico del proceso electoral\u201d, escribi\u00f3 Cepeda en X el s\u00e1bado. <\/p>\n<p class=\"com-paragraph   --s\">La candidata opositora <strong>Paloma Valencia<\/strong>, del partido de derecha <strong>Centro Democr\u00e1tico<\/strong>, respondi\u00f3 con cr\u00edticas a la propuesta de \u201cpaz total\u201d del presidente Petro e <strong>inst\u00f3 a Cepeda a \u201cdarle la cara\u201d a los colombianos<\/strong>. <\/p>\n<p class=\"com-paragraph   --s\">\u201cEl pa\u00eds no merece que desv\u00ede la atenci\u00f3n insinuando que esto busca favorecer a sectores pol\u00edticos. <strong>Lleg\u00f3 el momento de asumir, con todas las letras, que la Paz Total FRACAS\u00d3<\/strong>\u201d, escribi\u00f3 Valencia en sus redes sociales el domingo.<strong> \u201cEn Colombia son las guerrillas \u2013amigas de la izquierda\u2013 las que nos est\u00e1n matando\u201d<\/strong>, agreg\u00f3 la candidata al d\u00eda siguiente. <\/p>\n<p class=\"com-paragraph   --s\">No obstante, los expertos con los que habl\u00f3 LA NACION<strong> <\/strong>entendieron los recientes atentados como <strong>un intento de la guerrilla de hacer sentir su presencia y dictar los t\u00e9rminos para la pr\u00f3xima presidencia<\/strong>, incluso antes de que esta sea electa.<\/p>\n<div class=\"content-media\">\n<section role=\"button\" class=\"mod-media   \">\n<figure role=\"button\" tabindex=\"0\" class=\"mod-figure \"><figcaption class=\"mod-figcaption\"><span class=\"com-text --caption --twoxs\">Valencia habla durante un acto de campa\u00f1a en Villavicencio, departamento del Meta, Colombia, el 30 de abril de 2026<\/span><span class=\"com-text --credit --twoxs\">MARIO TORO &#8211; AFP<\/span><\/figcaption><\/figure>\n<\/section>\n<\/div>\n<p class=\"com-paragraph   --s\">\u201cYo explicar\u00eda esas acciones como el esfuerzo [por parte de los grupos armados] de decir: <strong>\u2018Ac\u00e1 estamos. Nosotros tenemos control sobre la zona. Tenemos capacidad de perturbaci\u00f3n\u2019<\/strong>\u201d, dijo a este medio Luis Eduardo Celis, soci\u00f3logo colombiano analista de las violencias organizadas y sus perspectivas de superaci\u00f3n.<\/p>\n<p class=\"com-paragraph   --s\">\u201cDado el contexto actual, donde los grupos criminales se han ido fragmentando, <strong>es poco factible que tengan la capacidad de influir en el resultado electoral como en otros momentos<\/strong>\u201d, matiz\u00f3 tambi\u00e9n Alicia Flores, investigadora de <strong>InSight Crime <\/strong>\u2013instituci\u00f3n especializada en analizar el crimen organizado en Am\u00e9rica\u2013 en di\u00e1logo con LA NACION, <strong>buscando apaciguar el temor por una influencia directa de las guerrillas <\/strong>en los comicios.<\/p>\n<p class=\"com-paragraph   --s\">En noviembre de 2025, alias \u201cIv\u00e1n Mordisco\u201d anunci\u00f3 que <strong>el EMC se valdr\u00eda de la violencia de cara a las elecciones de 2026 <\/strong>para proteger sus intereses tras una serie de ataques al grupo por parte del gobierno nacional.<\/p>\n<p class=\"com-paragraph   --s\"><strong>\u201cQuisimos que el proceso electoral del 2026 tuviera los menores traumatismos posibles\u201d<\/strong>, dijo el l\u00edder guerrillero en un comunicado. \u201cPero ante la avanzada de sectores guerreristas <strong>no nos queda m\u00e1s que asumir una posici\u00f3n en defensa de los territorios<\/strong>, su tranquilidad y las determinaciones pol\u00edticas alejadas del guerrerismo y la corrupci\u00f3n\u201d, agreg\u00f3 entonces.<\/p>\n<p class=\"com-paragraph   --s\">Esa violencia tuvo un episodio fundamental con <strong>el asesinato de <\/strong><a href=\"https:\/\/www.lanacion.com.ar\/seguridad\/detuvieron-en-la-ciudad-a-un-sospechoso-del-crimen-del-precandidato-a-presidente-de-colombia-miguel-nid22042026\/\" target=\"_self\" title=\"https:\/\/www.lanacion.com.ar\/seguridad\/detuvieron-en-la-ciudad-a-un-sospechoso-del-crimen-del-precandidato-a-presidente-de-colombia-miguel-nid22042026\/\" class=\"com-link break-word\" data-mrf-recirculation=\"n_link_parrafo\"><strong>Miguel Uribe Turbay<\/strong><\/a>, el popular precandidato presidencial de derecha que <strong>muri\u00f3 en agosto de 2025 despu\u00e9s de recibir varios disparos en junio<\/strong>, mientras daba un discurso en un parque de Bogot\u00e1.<\/p>\n<div class=\"content-media\">\n<section role=\"button\" class=\"mod-media   \">\n<figure role=\"button\" tabindex=\"0\" class=\"mod-figure \"><figcaption class=\"mod-figcaption\"><span class=\"com-text --caption --twoxs\">Una fotograf\u00eda del senador de la oposici\u00f3n y candidato presidencial Miguel Uribe colocada en su esca\u00f1o del Congreso en Bogot\u00e1<\/span><span class=\"com-text --credit --twoxs\">Fernando Vergara &#8211; AP<\/span><\/figcaption><\/figure>\n<\/section>\n<\/div>\n<p class=\"com-paragraph   --s\">El tiroteo, que <strong>deline\u00f3 el panorama electoral a partir del miedo e interfiri\u00f3 en la libre elecci\u00f3n de los colombianos<\/strong>, evoc\u00f3 algunos de los cap\u00edtulos m\u00e1s oscuros de la violencia del narcotr\u00e1fico en el pa\u00eds, <strong>cuando <\/strong><a href=\"https:\/\/www.lanacion.com.ar\/sociedad\/multimillonario-de-la-india-ofrecio-llevarse-80-hipopotamos-de-pablo-escobar-para-evitar-la-nid28042026\/\" target=\"_self\" title=\"https:\/\/www.lanacion.com.ar\/sociedad\/multimillonario-de-la-india-ofrecio-llevarse-80-hipopotamos-de-pablo-escobar-para-evitar-la-nid28042026\/\" class=\"com-link break-word\" data-mrf-recirculation=\"n_link_parrafo\"><strong>Pablo Escobar<\/strong><\/a><strong> le declar\u00f3 la guerra el Estado <\/strong>en la d\u00e9cada de 1990.<\/p>\n<p class=\"com-paragraph   --s\">\u201cAl final de cuentas, lo que sabemos es que <strong>la Fiscal\u00eda General de la Naci\u00f3n ha se\u00f1alado a las disidencias de las FARC como las responsables <\/strong>de ordenar el asesinato de Miguel Uribe, y eso no es un dato menor\u201d, resumi\u00f3 en respuesta a LA NACION Juan Nicol\u00e1s Garz\u00f3n, profesor de la facultad de estudios jur\u00eddicos, pol\u00edticos e internacionales de la Universidad de la Sabana, en Colombia, al describir el tipo de impacto que pueden tener los grupos armados en los comicios.<\/p>\n<p class=\"com-paragraph   --s\">As\u00ed, seg\u00fan el experto, aunque no puedan determinar el resultado de las elecciones, las guerrillas son a\u00fan capaces de provocar \u201c<strong>la radicalizaci\u00f3n, la polarizaci\u00f3n, la sensaci\u00f3n de inseguridad y el riesgo permanente para pr\u00e1cticamente todos los candidatos <\/strong>a la presidencia\u201d.<\/p>\n<div class=\"content-media\">\n<section role=\"button\" class=\"mod-media   \">\n<figure role=\"button\" tabindex=\"0\" class=\"mod-figure \"><figcaption class=\"mod-figcaption\"><span class=\"com-text --caption --twoxs\">El candidato presidencial Abelardo de la Espriella se toma una selfie con sus partidarios durante un mitin de campa\u00f1a en Bogot\u00e1, Colombia, el 28 de febrero de 2026<\/span><span class=\"com-text --credit --twoxs\">Fernando Vergara &#8211; AP<\/span><\/figcaption><\/figure>\n<\/section>\n<\/div>\n<p class=\"com-paragraph   --s\">Seg\u00fan la encuesta m\u00e1s reciente de <strong>Guarumo\u2013EcoAnal\u00edtica <\/strong>publicada por el medio colombiano <em>El Tiempo<\/em>, de cara a la inminente primera vuelta presidencial, la f\u00f3rmula de <strong>Cepeda lleva la delantera con un 38% de intenci\u00f3n de voto<\/strong>, una amplia diferencia con el siguiente contendiente, el abogado y empresario de derecha <a href=\"https:\/\/www.lanacion.com.ar\/el-mundo\/abelardo-de-la-espriella-el-abogado-que-busca-llegar-a-la-presidencia-de-colombia-con-propuestas-nid25102025\/\" target=\"_self\" title=\"Abelardo de la Espriella\" class=\"com-link break-word\" data-mrf-recirculation=\"n_link_parrafo\"><strong>Abelardo de la Espriella<\/strong><\/a>,<strong> <\/strong>cuyo partido <strong>Defensores de la patria suma un 23,9%<\/strong>.<\/p>\n<p class=\"com-paragraph   --s\">El sondeo indica adem\u00e1s que la candidata <strong>Valencia est\u00e1 cerca de entrar en un posible balotaje, con un 22,8% de intenci\u00f3n de votos<\/strong>. En este panorama, sin embargo, el an\u00e1lisis de la encuesta muestra que <strong>en una segunda vuelta Valencia se impondr\u00eda <\/strong>por sobre el candidato del oficialismo, mientras que en un escenario disputado entre Cepeda y de la Espriella, <strong>se dar\u00eda un empate t\u00e9cnico<\/strong>.<\/p>\n<p class=\"com-paragraph   --s\">El plan de \u201cpaz total\u201d de Petro se inscribe en un proceso de di\u00e1logo m\u00e1s amplio que han mantenido, con mayor o menor \u00e9xito e intensidad, <strong>el Estado colombiano y las guerrillas en los \u00faltimos diez a\u00f1os<\/strong>, desde que el entonces presidente <strong>Juan Manuel Santos <\/strong>empez\u00f3 en 2016 a negociar con <strong>las partes de las FARC que estuvieron dispuestas a sentarse en la mesa<\/strong>.<\/p>\n<p class=\"com-paragraph   --s\"><strong>Los sectores que se revelaron contra la c\u00fapula de la guerrilla y rechazaron el proceso de paz <\/strong>son conocidos hoy como las disidencias de las FARC, compuestas por varios grupos diferentes, <strong>principalmente la Segunda Marquetalia y el EMC<\/strong>. <\/p>\n<div class=\"content-media cursor-pointer container-center-100\">\n<section class=\"media-container relative ratio-16-9 mod-media pb-32\">\n<figure class=\"mod-video\">\n<div class=\"video-player bg-black ratio-16-9\" data-has-jwplayer=\"true\" data-video-id-jw=\"b9gqtHdM\" data-config=\"{&quot;title&quot;:&quot;Atentados en Colombia&quot;,&quot;mediaId&quot;:&quot;b9gqtHdM&quot;,&quot;playerId&quot;:&quot;ih0086X3&quot;,&quot;playlist&quot;:[{&quot;mediaid&quot;:&quot;b9gqtHdM&quot;,&quot;sources&quot;:[{&quot;file&quot;:&quot;https:\/\/cdn.jwplayer.com\/manifests\/b9gqtHdM.m3u8&quot;,&quot;type&quot;:&quot;application\/vnd.apple.mpegurl&quot;},{&quot;bitrate&quot;:554562,&quot;file&quot;:&quot;https:\/\/cdn.jwplayer.com\/videos\/b9gqtHdM-kTExGaWf.mp4&quot;,&quot;filesize&quot;:7486590,&quot;framerate&quot;:30,&quot;height&quot;:318,&quot;label&quot;:&quot;180p&quot;,&quot;type&quot;:&quot;video\/mp4&quot;,&quot;width&quot;:180},{&quot;bitrate&quot;:752556,&quot;file&quot;:&quot;https:\/\/cdn.jwplayer.com\/videos\/b9gqtHdM-K8B0kybS.mp4&quot;,&quot;filesize&quot;:10159514,&quot;framerate&quot;:30,&quot;height&quot;:478,&quot;label&quot;:&quot;270p&quot;,&quot;type&quot;:&quot;video\/mp4&quot;,&quot;width&quot;:270},{&quot;bitrate&quot;:114281,&quot;file&quot;:&quot;https:\/\/cdn.jwplayer.com\/videos\/b9gqtHdM-hz5z2Tv4.m4a&quot;,&quot;filesize&quot;:1542795,&quot;label&quot;:&quot;AAC Audio&quot;,&quot;type&quot;:&quot;audio\/mp4&quot;},{&quot;bitrate&quot;:1011120,&quot;file&quot;:&quot;https:\/\/cdn.jwplayer.com\/videos\/b9gqtHdM-FnZGUVnC.mp4&quot;,&quot;filesize&quot;:13650127,&quot;framerate&quot;:30,&quot;height&quot;:638,&quot;label&quot;:&quot;360p&quot;,&quot;type&quot;:&quot;video\/mp4&quot;,&quot;width&quot;:360}]}],&quot;hasAutoplay&quot;:false,&quot;autostart&quot;:true,&quot;tagsUrl&quot;:&quot;https:\/\/pubads.g.doubleclick.net\/gampad\/ads?slotname=\/133919216\/la_nacion_video\/nota\/preroll&amp;sz=640x480|400x300&amp;ciu_szs=300x250&amp;unviewed_position_start=1&amp;output=vast&amp;impl=s&amp;env=vp&amp;gdfp_req=1&amp;ad_rule=0&amp;vad_type=linear&amp;vpos=preroll&amp;cust_params=tags_nuevos%3Dte_colombia%2Cte_gustavo_petro%2Cte_farc%2Cca_el_mundo%2Cau_guido_bovone%2C5EZQST2HYJDZ5FSH6FSQQMJWWI&amp;pod=3&amp;ppos=1&amp;lip=true&amp;min_ad_duration=0&amp;max_ad_duration=30000&amp;vrid=6256&amp;url=https%3A%2F%2Fwww.lanacion.com.ar%2Fel-mundo%2Funa-nueva-ola-de-violencia-guerrillera-sacude-a-colombia-en-la-antesala-de-las-elecciones-nid02052026%2F%3Fvariant%3DA&amp;description_url=https%3A%2F%2Fwww.lanacion.com.ar%2Fel-mundo%2Funa-nueva-ola-de-violencia-guerrillera-sacude-a-colombia-en-la-antesala-de-las-elecciones-nid02052026%2F%3Fvariant%3DA&amp;video_doc_id=short_onecue&amp;cmsid=496&amp;kfa=0&amp;tfcd=0&amp;correlator=1777786388512&quot;,&quot;arcSite&quot;:&quot;la-nacion-ar&quot;,&quot;duration&quot;:&quot;108000&quot;}\">\n<div id=\"facade-b9gqtHdM\" class=\"content-facade-jw relative bg-black ratio-16-9\"><picture><source media=\"(max-width: 767px)\" srcset=\"https:\/\/resizer.glanacion.com\/resizer\/v2\/https%3A%2F%2Fcdn.jwplayer.com%2Fv2%2Fmedia%2Fb9gqtHdM%2Fposter.jpg%3Fwidth%3D720?auth=2e76682b448034acb16546aa46daa3466c1b318ffd5a7b84647fa8de30532d9c&amp;width=480&amp;quality=70&amp;smart=false\"\/><img class=\"image com-image flex --cover\" decoding=\"async\" fetchpriority=\"low\" loading=\"lazy\" src=\"https:\/\/gysfm.com.ar\/inicio\/wp-content\/uploads\/2026\/05\/https:\/\/cdn.jwplayer.com\/v2\/media\/b9gqtHdM\/poster.jpg\" alt=\"Atentados en Colombia\"\/><\/picture><\/div>\n<\/div><figcaption class=\"border border-1 border-bottom border-light-300 relative px-16 py-8 min-h-36 w-100_md px-0_l mb-8 bg-white\"><span class=\"text ln-text text-16 block\">Atentados en Colombia<\/span><\/figcaption><\/figure>\n<\/section>\n<\/div>\n<p class=\"com-paragraph   --s\">\u201cLo que estamos viviendo hoy no es producto de la \u201cpaz total\u201d, <strong>sino que la \u201cpaz total\u201d no logr\u00f3 frenar un patr\u00f3n de conflicto que viene en reciclaje desde hace mucho tiempo<\/strong>\u201d, dijo a LA NACION <strong>Elizabeth Dickinson<\/strong>, directora adjunta para Am\u00e9rica Latina del <strong>International Crisis Group<\/strong>.<\/p>\n<p class=\"com-paragraph   --s\">\u201cLa primera respuesta a esta din\u00e1mica fue en el gobierno de <strong>Iv\u00e1n Duque <\/strong>[presidente de Colombia entre 2018 y 2022] y <strong>fue concentrarse en la fuerza militar para contener la expansi\u00f3n criminal<\/strong>. Realmente no funcion\u00f3. Las tendencias de expansi\u00f3n y profundizaci\u00f3n del control territorial segu\u00edan igual. Con el gobierno de Petro se intent\u00f3 otra estrategia, <strong>que fueron el di\u00e1logo y las mesas de negociaci\u00f3n, pero tampoco lograron frenar las tendencias<\/strong>\u201d, agreg\u00f3 la experta.<\/p>\n<div class=\"content-media\">\n<section role=\"button\" class=\"mod-media   \">\n<figure role=\"button\" tabindex=\"0\" class=\"mod-figure \"><figcaption class=\"mod-figcaption\"><span class=\"com-text --caption --twoxs\">Varias personas se congregan alrededor de un autob\u00fas alcanzado por un artefacto explosivo en Cajib\u00edo, Colombia, el 25 de abril de 2026<\/span><span class=\"com-text --credit --twoxs\">Santiago Saldarriaga &#8211; AP<\/span><\/figcaption><\/figure>\n<\/section>\n<\/div>\n<p class=\"com-paragraph   --s\">En l\u00edneas generales, prevalece entre los analistas la idea de que los ceses al fuego auspiciados por el gobierno de Petro <strong>crearon inadvertidamente las condiciones para la expansi\u00f3n y consolidaci\u00f3n de las estructuras criminales <\/strong>de las disidencias de las FARC y <strong>desataron una guerra entre los grupos armados por el control de las actividades il\u00edcitas<\/strong>, aumentando a\u00fan m\u00e1s los niveles de violencia en el pa\u00eds.<\/p>\n<p class=\"com-paragraph   --s\">Seg\u00fan el bolet\u00edn de seguridad y an\u00e1lisis mensual de la <a href=\"https:\/\/ideaspaz.org\/\" target=\"_blank\" title=\"https:\/\/ideaspaz.org\/\" class=\"com-link break-word\" data-mrf-recirculation=\"n_link_parrafo\" rel=\"nofollow\"><strong>Fundaci\u00f3n Ideas para la Paz<\/strong><\/a><strong> (FIP) <\/strong>de Colombia, entre enero de 2022 y marzo de 2026, en los dos departamentos donde se registraron los atentados m\u00e1s recientes, <strong>Cauca y Valle del Cauca<\/strong>, <strong>se contabilizaron 586 ataques de grupos armados ilegales<\/strong>, incluyendo ataques a la infraestructura y bienes civiles, choques contra las autoridades y enfrentamientos armados entre grupos rivales. Si se suman los atentados de la \u00faltima semana, <strong>la cifra asciende a 620 hechos de violencia en la regi\u00f3n<\/strong>.<\/p>\n<div class=\"content-media\">\n<section role=\"button\" class=\"mod-media   \">\n<figure role=\"button\" tabindex=\"0\" class=\"mod-figure \"><figcaption class=\"mod-figcaption\"><span class=\"com-text --caption --twoxs\">Varias personas permanecen en el lugar de una explosi\u00f3n tras un atentado con bomba en la ruta Popay\u00e1n-Cali, en Cajib\u00edo, Colombia, el 25 de abril de 2026<\/span><span class=\"com-text --credit --twoxs\">JOAQUIN SARMIENTO &#8211; AFP<\/span><\/figcaption><\/figure>\n<\/section>\n<\/div>\n<p class=\"com-paragraph   --s\">Los datos del mismo bolet\u00edn resaltan, adem\u00e1s, que <strong>2025 fue el a\u00f1o con m\u00e1s ataques de grupos armados en estos dos departamentos en los \u00faltimos 15 a\u00f1os<\/strong>.<\/p>\n<p class=\"com-paragraph   --s\">M\u00e1s recientemente, el informe de febrero de la FIP indica que, en comparaci\u00f3n con el mismo mes del a\u00f1o pasado, <strong>los homicidios, las lesiones personales, los secuestros y el reclutamiento de menores en actividades ilegales <\/strong>han aumentado en Colombia, mientras que <strong>las capturas de sospechosos y la incautaci\u00f3n de armas y estupefacientes <\/strong>han disminuido.<\/p>\n<div class=\"content-media cursor-pointer container-center-100\">\n<section class=\"media-container relative ratio-16-9 mod-media pb-32\">\n<figure class=\"mod-video\">\n<div class=\"video-player bg-black ratio-16-9\" data-has-jwplayer=\"true\" data-video-id-jw=\"IscKzAWs\" data-config=\"{&quot;title&quot;:&quot;Atentados en Colombia&quot;,&quot;mediaId&quot;:&quot;IscKzAWs&quot;,&quot;playerId&quot;:&quot;ih0086X3&quot;,&quot;playlist&quot;:[{&quot;mediaid&quot;:&quot;IscKzAWs&quot;,&quot;sources&quot;:[{&quot;file&quot;:&quot;https:\/\/cdn.jwplayer.com\/manifests\/IscKzAWs.m3u8&quot;,&quot;type&quot;:&quot;application\/vnd.apple.mpegurl&quot;},{&quot;bitrate&quot;:576144,&quot;file&quot;:&quot;https:\/\/cdn.jwplayer.com\/videos\/IscKzAWs-kTExGaWf.mp4&quot;,&quot;filesize&quot;:1512378,&quot;framerate&quot;:30,&quot;height&quot;:180,&quot;label&quot;:&quot;180p&quot;,&quot;type&quot;:&quot;video\/mp4&quot;,&quot;width&quot;:320},{&quot;bitrate&quot;:789810,&quot;file&quot;:&quot;https:\/\/cdn.jwplayer.com\/videos\/IscKzAWs-K8B0kybS.mp4&quot;,&quot;filesize&quot;:2073253,&quot;framerate&quot;:30,&quot;height&quot;:268,&quot;label&quot;:&quot;270p&quot;,&quot;type&quot;:&quot;video\/mp4&quot;,&quot;width&quot;:480},{&quot;bitrate&quot;:118710,&quot;file&quot;:&quot;https:\/\/cdn.jwplayer.com\/videos\/IscKzAWs-hz5z2Tv4.m4a&quot;,&quot;filesize&quot;:311615,&quot;label&quot;:&quot;AAC Audio&quot;,&quot;type&quot;:&quot;audio\/mp4&quot;}]}],&quot;hasAutoplay&quot;:false,&quot;autostart&quot;:true,&quot;tagsUrl&quot;:&quot;https:\/\/pubads.g.doubleclick.net\/gampad\/ads?slotname=\/133919216\/la_nacion_video\/nota\/preroll&amp;sz=640x480|400x300&amp;ciu_szs=300x250&amp;unviewed_position_start=1&amp;output=vast&amp;impl=s&amp;env=vp&amp;gdfp_req=1&amp;ad_rule=0&amp;vad_type=linear&amp;vpos=preroll&amp;cust_params=tags_nuevos%3Dte_colombia%2Cte_gustavo_petro%2Cte_farc%2Cca_el_mundo%2Cau_guido_bovone%2C5EZQST2HYJDZ5FSH6FSQQMJWWI&amp;pod=3&amp;ppos=1&amp;lip=true&amp;min_ad_duration=0&amp;max_ad_duration=30000&amp;vrid=6256&amp;url=https%3A%2F%2Fwww.lanacion.com.ar%2Fel-mundo%2Funa-nueva-ola-de-violencia-guerrillera-sacude-a-colombia-en-la-antesala-de-las-elecciones-nid02052026%2F%3Fvariant%3DA&amp;description_url=https%3A%2F%2Fwww.lanacion.com.ar%2Fel-mundo%2Funa-nueva-ola-de-violencia-guerrillera-sacude-a-colombia-en-la-antesala-de-las-elecciones-nid02052026%2F%3Fvariant%3DA&amp;video_doc_id=short_onecue&amp;cmsid=496&amp;kfa=0&amp;tfcd=0&amp;correlator=1777786388512&quot;,&quot;arcSite&quot;:&quot;la-nacion-ar&quot;,&quot;duration&quot;:&quot;21000&quot;}\">\n<div id=\"facade-IscKzAWs\" class=\"content-facade-jw relative bg-black ratio-16-9\"><picture><source media=\"(max-width: 767px)\" srcset=\"https:\/\/resizer.glanacion.com\/resizer\/v2\/https%3A%2F%2Fcdn.jwplayer.com%2Fv2%2Fmedia%2FIscKzAWs%2Fposter.jpg%3Fwidth%3D720?auth=be54c8d1159239c0f375cd4e6d73e70f27a1af0f8a9289a16df7089a58188a23&amp;width=480&amp;quality=70&amp;smart=false\"\/><img class=\"image com-image flex --cover\" decoding=\"async\" fetchpriority=\"low\" loading=\"lazy\" src=\"https:\/\/gysfm.com.ar\/inicio\/wp-content\/uploads\/2026\/05\/https:\/\/cdn.jwplayer.com\/v2\/media\/IscKzAWs\/poster.jpg\" alt=\"Atentados en Colombia\"\/><\/picture><\/div>\n<\/div><figcaption class=\"border border-1 border-bottom border-light-300 relative px-16 py-8 min-h-36 w-100_md px-0_l mb-8 bg-white\"><span class=\"text ln-text text-16 block\">Atentados en Colombia<\/span><\/figcaption><\/figure>\n<\/section>\n<\/div>\n<p class=\"com-paragraph   --s\">El largo proceso de di\u00e1logo iniciado con las FARC fue adem\u00e1s <strong>testigo y condici\u00f3n de posibilidad de la transformaci\u00f3n de las guerrillas tradicionales<\/strong>, ideol\u00f3gicas, con principios program\u00e1ticos y disciplinadas, <strong>en grupos criminales m\u00e1s parecidos a los del narcotr\u00e1fico <\/strong>\u2013como los C\u00e1rteles mexicanos o el Tren de Aragua venezolano\u2013 , es decir, menos jer\u00e1rquicos, m\u00e1s centrados en las luchas por el territorio con fines comerciales y en la competencia por los negocios il\u00edcitos del <strong>tr\u00e1fico de drogas, la miner\u00eda ilegal, la extorsi\u00f3n, el secuestro, entre otros<\/strong>.<\/p>\n<p class=\"com-paragraph   --s\">\u201c<strong>El conflicto mismo ha cambiado<\/strong>. El prop\u00f3sito de muchos de los grupos armados hoy se organiza alrededor de la extracci\u00f3n econ\u00f3mica, <strong>no alrededor de fines ideol\u00f3gicos<\/strong>\u201d, explic\u00f3 Dickinson.<\/p>\n<div class=\"content-media\">\n<section role=\"button\" class=\"mod-media   \">\n<figure role=\"button\" tabindex=\"0\" class=\"mod-figure \"><figcaption class=\"mod-figcaption\"><span class=\"com-text --caption --twoxs\">Soldados permanecen junto a un cami\u00f3n que transportaba pollos y que fue incendiado por facciones disidentes de FARC en Jamund\u00ed, Colombia, el 27 de abril de 2026<\/span><span class=\"com-text --credit --twoxs\">Santiago Saldarriaga &#8211; AP<\/span><\/figcaption><\/figure>\n<\/section>\n<\/div>\n<p class=\"com-paragraph   --s\">Hoy en d\u00eda, el EMC por ejemplo, es descripto por la FIP como <strong>una amalgama de estructuras de diversos or\u00edgenes <\/strong>\u2013mandos guerrilleros que se alejaron del proceso de paz, firmantes desencantados que abandonaron las conversaciones y milicianos que no vieron incentivos para deponer las armas\u2013 , <strong>con cierto grado de coordinaci\u00f3n interna pero sin un mando jer\u00e1rquico <\/strong>ni un control unificado de sus fuerzas, en un formato m\u00e1s parecido a una federaci\u00f3n de grupos con <strong>un alto grado de autonom\u00eda territorial<\/strong>.<\/p>\n<p class=\"com-paragraph   --s\">Para 2023, la FIP estimaba que el grupo ya contaba con <strong>m\u00e1s de 3000 miembros e influencia en 173 municipios en 22 departamentos diferentes <\/strong>del pa\u00eds y un financiamiento estrechamente relacionado con <strong>el narcotr\u00e1fico, la extorsi\u00f3n y la miner\u00eda ilegal<\/strong>.<\/p>\n<section class=\"container-center-100 mb-40 border border-bottom border-thin border-neutral-light-700\">\n<hr\/>\n<\/section>\n<\/div>\n<p><script id=\"facebookpixel\" defer=\"\" type=\"text\/javascript\">\n        !function(f,b,e,v,n,t,s)\n        {if(f.fbq)return;n=f.fbq=function(){n.callMethod?\n        n.callMethod.apply(n,arguments):n.queue.push(arguments)};\n        if(!f._fbq)f._fbq=n;n.push=n;n.loaded=!0;n.version='2.0';\n        n.queue=[];t=b.createElement(e);t.async=!0;\n        t.src=v;s=b.getElementsByTagName(e)[0];\n        s.parentNode.insertBefore(t,s)}(window, document,'script',\n        'https:\/\/connect.facebook.net\/en_US\/fbevents.js');\n        fbq('init', '492459597522335');\n        fbq('track', 'PageView');\n    <\/script><br \/>\n<br \/><\/p>\n","protected":false},"excerpt":{"rendered":"<p>Una c\u00e1mara registr\u00f3 cuatro autos detenidos mientras un hombre caminaba, desprevenido, al costado de una ruta entre las ciudades de Cali y Popay\u00e1n, en el municipio de Cajib\u00edo, Colombia, el s\u00e1bado pasado al mediod\u00eda. En apenas diez segundos, ese registro capt\u00f3 el peor atentado que vivi\u00f3 el pa\u00eds sudamericano en los \u00faltimos 20 a\u00f1os, cuando [&hellip;]<\/p>\n","protected":false},"author":2,"featured_media":194378,"comment_status":"closed","ping_status":"closed","sticky":false,"template":"","format":"standard","meta":{"footnotes":""},"categories":[26],"tags":[],"class_list":["post-194377","post","type-post","status-publish","format-standard","has-post-thumbnail","hentry","category-internacionales"],"yoast_head":"<!-- This site is optimized with the Yoast SEO plugin v24.4 - https:\/\/yoast.com\/wordpress\/plugins\/seo\/ -->\n<title>Una nueva ola de violencia guerrillera sacude a Colombia en la antesala de las elecciones - GYS NOTICIAS |<\/title>\n<meta name=\"robots\" content=\"index, follow, max-snippet:-1, max-image-preview:large, max-video-preview:-1\" \/>\n<link rel=\"canonical\" href=\"https:\/\/gysfm.com.ar\/inicio\/una-nueva-ola-de-violencia-guerrillera-sacude-a-colombia-en-la-antesala-de-las-elecciones\/\" \/>\n<meta property=\"og:locale\" content=\"es_ES\" \/>\n<meta property=\"og:type\" content=\"article\" \/>\n<meta property=\"og:title\" content=\"Una nueva ola de violencia guerrillera sacude a Colombia en la antesala de las elecciones - GYS NOTICIAS |\" \/>\n<meta property=\"og:description\" content=\"Una c\u00e1mara registr\u00f3 cuatro autos detenidos mientras un hombre caminaba, desprevenido, al costado de una ruta entre las ciudades de Cali y Popay\u00e1n, en el municipio de Cajib\u00edo, Colombia, el s\u00e1bado pasado al mediod\u00eda. En apenas diez segundos, ese registro capt\u00f3 el peor atentado que vivi\u00f3 el pa\u00eds sudamericano en los \u00faltimos 20 a\u00f1os, cuando [&hellip;]\" \/>\n<meta property=\"og:url\" content=\"https:\/\/gysfm.com.ar\/inicio\/una-nueva-ola-de-violencia-guerrillera-sacude-a-colombia-en-la-antesala-de-las-elecciones\/\" \/>\n<meta property=\"og:site_name\" content=\"GYS NOTICIAS |\" \/>\n<meta property=\"article:published_time\" content=\"2026-05-03T05:40:09+00:00\" \/>\n<meta property=\"article:modified_time\" content=\"2026-05-03T05:40:11+00:00\" \/>\n<meta property=\"og:image\" content=\"https:\/\/gysfm.com.ar\/inicio\/wp-content\/uploads\/2026\/05\/familiares-de-las-victimas-se-abrazan-frente-a-un-4D5EZRDBAJHK3OPHX7SVZI5VZE.JPG\" \/>\n\t<meta property=\"og:image:width\" content=\"1200\" \/>\n\t<meta property=\"og:image:height\" content=\"800\" \/>\n\t<meta property=\"og:image:type\" content=\"image\/jpeg\" \/>\n<meta name=\"author\" content=\"Prensa G&amp;S FM\" \/>\n<meta name=\"twitter:card\" content=\"summary_large_image\" \/>\n<meta name=\"twitter:label1\" content=\"Escrito por\" \/>\n\t<meta name=\"twitter:data1\" content=\"Prensa G&amp;S FM\" \/>\n\t<meta name=\"twitter:label2\" content=\"Tiempo de lectura\" \/>\n\t<meta name=\"twitter:data2\" content=\"11 minutos\" \/>\n<script type=\"application\/ld+json\" class=\"yoast-schema-graph\">{\"@context\":\"https:\/\/schema.org\",\"@graph\":[{\"@type\":\"Article\",\"@id\":\"https:\/\/gysfm.com.ar\/inicio\/una-nueva-ola-de-violencia-guerrillera-sacude-a-colombia-en-la-antesala-de-las-elecciones\/#article\",\"isPartOf\":{\"@id\":\"https:\/\/gysfm.com.ar\/inicio\/una-nueva-ola-de-violencia-guerrillera-sacude-a-colombia-en-la-antesala-de-las-elecciones\/\"},\"author\":{\"name\":\"Prensa G&amp;S FM\",\"@id\":\"https:\/\/gysfm.com.ar\/inicio\/#\/schema\/person\/3abba7593ef2ad19e1be221d54383dc5\"},\"headline\":\"Una nueva ola de violencia guerrillera sacude a Colombia en la antesala de las elecciones\",\"datePublished\":\"2026-05-03T05:40:09+00:00\",\"dateModified\":\"2026-05-03T05:40:11+00:00\",\"mainEntityOfPage\":{\"@id\":\"https:\/\/gysfm.com.ar\/inicio\/una-nueva-ola-de-violencia-guerrillera-sacude-a-colombia-en-la-antesala-de-las-elecciones\/\"},\"wordCount\":2180,\"publisher\":{\"@id\":\"https:\/\/gysfm.com.ar\/inicio\/#organization\"},\"image\":{\"@id\":\"https:\/\/gysfm.com.ar\/inicio\/una-nueva-ola-de-violencia-guerrillera-sacude-a-colombia-en-la-antesala-de-las-elecciones\/#primaryimage\"},\"thumbnailUrl\":\"https:\/\/gysfm.com.ar\/inicio\/wp-content\/uploads\/2026\/05\/familiares-de-las-victimas-se-abrazan-frente-a-un-4D5EZRDBAJHK3OPHX7SVZI5VZE.JPG\",\"articleSection\":[\"INTERNACIONALES\"],\"inLanguage\":\"es\"},{\"@type\":\"WebPage\",\"@id\":\"https:\/\/gysfm.com.ar\/inicio\/una-nueva-ola-de-violencia-guerrillera-sacude-a-colombia-en-la-antesala-de-las-elecciones\/\",\"url\":\"https:\/\/gysfm.com.ar\/inicio\/una-nueva-ola-de-violencia-guerrillera-sacude-a-colombia-en-la-antesala-de-las-elecciones\/\",\"name\":\"Una nueva ola de violencia guerrillera sacude a Colombia en la antesala de las elecciones - GYS NOTICIAS |\",\"isPartOf\":{\"@id\":\"https:\/\/gysfm.com.ar\/inicio\/#website\"},\"primaryImageOfPage\":{\"@id\":\"https:\/\/gysfm.com.ar\/inicio\/una-nueva-ola-de-violencia-guerrillera-sacude-a-colombia-en-la-antesala-de-las-elecciones\/#primaryimage\"},\"image\":{\"@id\":\"https:\/\/gysfm.com.ar\/inicio\/una-nueva-ola-de-violencia-guerrillera-sacude-a-colombia-en-la-antesala-de-las-elecciones\/#primaryimage\"},\"thumbnailUrl\":\"https:\/\/gysfm.com.ar\/inicio\/wp-content\/uploads\/2026\/05\/familiares-de-las-victimas-se-abrazan-frente-a-un-4D5EZRDBAJHK3OPHX7SVZI5VZE.JPG\",\"datePublished\":\"2026-05-03T05:40:09+00:00\",\"dateModified\":\"2026-05-03T05:40:11+00:00\",\"breadcrumb\":{\"@id\":\"https:\/\/gysfm.com.ar\/inicio\/una-nueva-ola-de-violencia-guerrillera-sacude-a-colombia-en-la-antesala-de-las-elecciones\/#breadcrumb\"},\"inLanguage\":\"es\",\"potentialAction\":[{\"@type\":\"ReadAction\",\"target\":[\"https:\/\/gysfm.com.ar\/inicio\/una-nueva-ola-de-violencia-guerrillera-sacude-a-colombia-en-la-antesala-de-las-elecciones\/\"]}]},{\"@type\":\"ImageObject\",\"inLanguage\":\"es\",\"@id\":\"https:\/\/gysfm.com.ar\/inicio\/una-nueva-ola-de-violencia-guerrillera-sacude-a-colombia-en-la-antesala-de-las-elecciones\/#primaryimage\",\"url\":\"https:\/\/gysfm.com.ar\/inicio\/wp-content\/uploads\/2026\/05\/familiares-de-las-victimas-se-abrazan-frente-a-un-4D5EZRDBAJHK3OPHX7SVZI5VZE.JPG\",\"contentUrl\":\"https:\/\/gysfm.com.ar\/inicio\/wp-content\/uploads\/2026\/05\/familiares-de-las-victimas-se-abrazan-frente-a-un-4D5EZRDBAJHK3OPHX7SVZI5VZE.JPG\",\"width\":1200,\"height\":800},{\"@type\":\"BreadcrumbList\",\"@id\":\"https:\/\/gysfm.com.ar\/inicio\/una-nueva-ola-de-violencia-guerrillera-sacude-a-colombia-en-la-antesala-de-las-elecciones\/#breadcrumb\",\"itemListElement\":[{\"@type\":\"ListItem\",\"position\":1,\"name\":\"Portada\",\"item\":\"https:\/\/gysfm.com.ar\/inicio\/\"},{\"@type\":\"ListItem\",\"position\":2,\"name\":\"Una nueva ola de violencia guerrillera sacude a Colombia en la antesala de las elecciones\"}]},{\"@type\":\"WebSite\",\"@id\":\"https:\/\/gysfm.com.ar\/inicio\/#website\",\"url\":\"https:\/\/gysfm.com.ar\/inicio\/\",\"name\":\"GYS NOTICIAS |\",\"description\":\"DIARIO - RADIO ONLINE SAN JUAN ARGENTINA\",\"publisher\":{\"@id\":\"https:\/\/gysfm.com.ar\/inicio\/#organization\"},\"potentialAction\":[{\"@type\":\"SearchAction\",\"target\":{\"@type\":\"EntryPoint\",\"urlTemplate\":\"https:\/\/gysfm.com.ar\/inicio\/?s={search_term_string}\"},\"query-input\":{\"@type\":\"PropertyValueSpecification\",\"valueRequired\":true,\"valueName\":\"search_term_string\"}}],\"inLanguage\":\"es\"},{\"@type\":\"Organization\",\"@id\":\"https:\/\/gysfm.com.ar\/inicio\/#organization\",\"name\":\"GYS NOTICIAS |\",\"url\":\"https:\/\/gysfm.com.ar\/inicio\/\",\"logo\":{\"@type\":\"ImageObject\",\"inLanguage\":\"es\",\"@id\":\"https:\/\/gysfm.com.ar\/inicio\/#\/schema\/logo\/image\/\",\"url\":\"https:\/\/gysfm.com.ar\/inicio\/wp-content\/uploads\/2023\/07\/LOGOGYS-OK.png\",\"contentUrl\":\"https:\/\/gysfm.com.ar\/inicio\/wp-content\/uploads\/2023\/07\/LOGOGYS-OK.png\",\"width\":1170,\"height\":872,\"caption\":\"GYS NOTICIAS |\"},\"image\":{\"@id\":\"https:\/\/gysfm.com.ar\/inicio\/#\/schema\/logo\/image\/\"}},{\"@type\":\"Person\",\"@id\":\"https:\/\/gysfm.com.ar\/inicio\/#\/schema\/person\/3abba7593ef2ad19e1be221d54383dc5\",\"name\":\"Prensa G&amp;S FM\",\"image\":{\"@type\":\"ImageObject\",\"inLanguage\":\"es\",\"@id\":\"https:\/\/gysfm.com.ar\/inicio\/#\/schema\/person\/image\/\",\"url\":\"https:\/\/secure.gravatar.com\/avatar\/096ec78df02049ab018702bb4ccedf659377fa92a26540b5247612077a0dbd29?s=96&d=mm&r=g\",\"contentUrl\":\"https:\/\/secure.gravatar.com\/avatar\/096ec78df02049ab018702bb4ccedf659377fa92a26540b5247612077a0dbd29?s=96&d=mm&r=g\",\"caption\":\"Prensa G&amp;S FM\"},\"sameAs\":[\"https:\/\/gysfm.com.ar\/\"],\"url\":\"https:\/\/gysfm.com.ar\/inicio\/author\/lucasm\/\"}]}<\/script>\n<!-- \/ Yoast SEO plugin. -->","yoast_head_json":{"title":"Una nueva ola de violencia guerrillera sacude a Colombia en la antesala de las elecciones - GYS NOTICIAS |","robots":{"index":"index","follow":"follow","max-snippet":"max-snippet:-1","max-image-preview":"max-image-preview:large","max-video-preview":"max-video-preview:-1"},"canonical":"https:\/\/gysfm.com.ar\/inicio\/una-nueva-ola-de-violencia-guerrillera-sacude-a-colombia-en-la-antesala-de-las-elecciones\/","og_locale":"es_ES","og_type":"article","og_title":"Una nueva ola de violencia guerrillera sacude a Colombia en la antesala de las elecciones - GYS NOTICIAS |","og_description":"Una c\u00e1mara registr\u00f3 cuatro autos detenidos mientras un hombre caminaba, desprevenido, al costado de una ruta entre las ciudades de Cali y Popay\u00e1n, en el municipio de Cajib\u00edo, Colombia, el s\u00e1bado pasado al mediod\u00eda. En apenas diez segundos, ese registro capt\u00f3 el peor atentado que vivi\u00f3 el pa\u00eds sudamericano en los \u00faltimos 20 a\u00f1os, cuando [&hellip;]","og_url":"https:\/\/gysfm.com.ar\/inicio\/una-nueva-ola-de-violencia-guerrillera-sacude-a-colombia-en-la-antesala-de-las-elecciones\/","og_site_name":"GYS NOTICIAS |","article_published_time":"2026-05-03T05:40:09+00:00","article_modified_time":"2026-05-03T05:40:11+00:00","og_image":[{"width":1200,"height":800,"url":"https:\/\/gysfm.com.ar\/inicio\/wp-content\/uploads\/2026\/05\/familiares-de-las-victimas-se-abrazan-frente-a-un-4D5EZRDBAJHK3OPHX7SVZI5VZE.JPG","type":"image\/jpeg"}],"author":"Prensa G&amp;S FM","twitter_card":"summary_large_image","twitter_misc":{"Escrito por":"Prensa G&amp;S FM","Tiempo de lectura":"11 minutos"},"schema":{"@context":"https:\/\/schema.org","@graph":[{"@type":"Article","@id":"https:\/\/gysfm.com.ar\/inicio\/una-nueva-ola-de-violencia-guerrillera-sacude-a-colombia-en-la-antesala-de-las-elecciones\/#article","isPartOf":{"@id":"https:\/\/gysfm.com.ar\/inicio\/una-nueva-ola-de-violencia-guerrillera-sacude-a-colombia-en-la-antesala-de-las-elecciones\/"},"author":{"name":"Prensa G&amp;S FM","@id":"https:\/\/gysfm.com.ar\/inicio\/#\/schema\/person\/3abba7593ef2ad19e1be221d54383dc5"},"headline":"Una nueva ola de violencia guerrillera sacude a Colombia en la antesala de las elecciones","datePublished":"2026-05-03T05:40:09+00:00","dateModified":"2026-05-03T05:40:11+00:00","mainEntityOfPage":{"@id":"https:\/\/gysfm.com.ar\/inicio\/una-nueva-ola-de-violencia-guerrillera-sacude-a-colombia-en-la-antesala-de-las-elecciones\/"},"wordCount":2180,"publisher":{"@id":"https:\/\/gysfm.com.ar\/inicio\/#organization"},"image":{"@id":"https:\/\/gysfm.com.ar\/inicio\/una-nueva-ola-de-violencia-guerrillera-sacude-a-colombia-en-la-antesala-de-las-elecciones\/#primaryimage"},"thumbnailUrl":"https:\/\/gysfm.com.ar\/inicio\/wp-content\/uploads\/2026\/05\/familiares-de-las-victimas-se-abrazan-frente-a-un-4D5EZRDBAJHK3OPHX7SVZI5VZE.JPG","articleSection":["INTERNACIONALES"],"inLanguage":"es"},{"@type":"WebPage","@id":"https:\/\/gysfm.com.ar\/inicio\/una-nueva-ola-de-violencia-guerrillera-sacude-a-colombia-en-la-antesala-de-las-elecciones\/","url":"https:\/\/gysfm.com.ar\/inicio\/una-nueva-ola-de-violencia-guerrillera-sacude-a-colombia-en-la-antesala-de-las-elecciones\/","name":"Una nueva ola de violencia guerrillera sacude a Colombia en la antesala de las elecciones - GYS NOTICIAS |","isPartOf":{"@id":"https:\/\/gysfm.com.ar\/inicio\/#website"},"primaryImageOfPage":{"@id":"https:\/\/gysfm.com.ar\/inicio\/una-nueva-ola-de-violencia-guerrillera-sacude-a-colombia-en-la-antesala-de-las-elecciones\/#primaryimage"},"image":{"@id":"https:\/\/gysfm.com.ar\/inicio\/una-nueva-ola-de-violencia-guerrillera-sacude-a-colombia-en-la-antesala-de-las-elecciones\/#primaryimage"},"thumbnailUrl":"https:\/\/gysfm.com.ar\/inicio\/wp-content\/uploads\/2026\/05\/familiares-de-las-victimas-se-abrazan-frente-a-un-4D5EZRDBAJHK3OPHX7SVZI5VZE.JPG","datePublished":"2026-05-03T05:40:09+00:00","dateModified":"2026-05-03T05:40:11+00:00","breadcrumb":{"@id":"https:\/\/gysfm.com.ar\/inicio\/una-nueva-ola-de-violencia-guerrillera-sacude-a-colombia-en-la-antesala-de-las-elecciones\/#breadcrumb"},"inLanguage":"es","potentialAction":[{"@type":"ReadAction","target":["https:\/\/gysfm.com.ar\/inicio\/una-nueva-ola-de-violencia-guerrillera-sacude-a-colombia-en-la-antesala-de-las-elecciones\/"]}]},{"@type":"ImageObject","inLanguage":"es","@id":"https:\/\/gysfm.com.ar\/inicio\/una-nueva-ola-de-violencia-guerrillera-sacude-a-colombia-en-la-antesala-de-las-elecciones\/#primaryimage","url":"https:\/\/gysfm.com.ar\/inicio\/wp-content\/uploads\/2026\/05\/familiares-de-las-victimas-se-abrazan-frente-a-un-4D5EZRDBAJHK3OPHX7SVZI5VZE.JPG","contentUrl":"https:\/\/gysfm.com.ar\/inicio\/wp-content\/uploads\/2026\/05\/familiares-de-las-victimas-se-abrazan-frente-a-un-4D5EZRDBAJHK3OPHX7SVZI5VZE.JPG","width":1200,"height":800},{"@type":"BreadcrumbList","@id":"https:\/\/gysfm.com.ar\/inicio\/una-nueva-ola-de-violencia-guerrillera-sacude-a-colombia-en-la-antesala-de-las-elecciones\/#breadcrumb","itemListElement":[{"@type":"ListItem","position":1,"name":"Portada","item":"https:\/\/gysfm.com.ar\/inicio\/"},{"@type":"ListItem","position":2,"name":"Una nueva ola de violencia guerrillera sacude a Colombia en la antesala de las elecciones"}]},{"@type":"WebSite","@id":"https:\/\/gysfm.com.ar\/inicio\/#website","url":"https:\/\/gysfm.com.ar\/inicio\/","name":"GYS NOTICIAS |","description":"DIARIO - RADIO ONLINE SAN JUAN ARGENTINA","publisher":{"@id":"https:\/\/gysfm.com.ar\/inicio\/#organization"},"potentialAction":[{"@type":"SearchAction","target":{"@type":"EntryPoint","urlTemplate":"https:\/\/gysfm.com.ar\/inicio\/?s={search_term_string}"},"query-input":{"@type":"PropertyValueSpecification","valueRequired":true,"valueName":"search_term_string"}}],"inLanguage":"es"},{"@type":"Organization","@id":"https:\/\/gysfm.com.ar\/inicio\/#organization","name":"GYS NOTICIAS |","url":"https:\/\/gysfm.com.ar\/inicio\/","logo":{"@type":"ImageObject","inLanguage":"es","@id":"https:\/\/gysfm.com.ar\/inicio\/#\/schema\/logo\/image\/","url":"https:\/\/gysfm.com.ar\/inicio\/wp-content\/uploads\/2023\/07\/LOGOGYS-OK.png","contentUrl":"https:\/\/gysfm.com.ar\/inicio\/wp-content\/uploads\/2023\/07\/LOGOGYS-OK.png","width":1170,"height":872,"caption":"GYS NOTICIAS |"},"image":{"@id":"https:\/\/gysfm.com.ar\/inicio\/#\/schema\/logo\/image\/"}},{"@type":"Person","@id":"https:\/\/gysfm.com.ar\/inicio\/#\/schema\/person\/3abba7593ef2ad19e1be221d54383dc5","name":"Prensa G&amp;S FM","image":{"@type":"ImageObject","inLanguage":"es","@id":"https:\/\/gysfm.com.ar\/inicio\/#\/schema\/person\/image\/","url":"https:\/\/secure.gravatar.com\/avatar\/096ec78df02049ab018702bb4ccedf659377fa92a26540b5247612077a0dbd29?s=96&d=mm&r=g","contentUrl":"https:\/\/secure.gravatar.com\/avatar\/096ec78df02049ab018702bb4ccedf659377fa92a26540b5247612077a0dbd29?s=96&d=mm&r=g","caption":"Prensa G&amp;S FM"},"sameAs":["https:\/\/gysfm.com.ar\/"],"url":"https:\/\/gysfm.com.ar\/inicio\/author\/lucasm\/"}]}},"_links":{"self":[{"href":"https:\/\/gysfm.com.ar\/inicio\/wp-json\/wp\/v2\/posts\/194377","targetHints":{"allow":["GET"]}}],"collection":[{"href":"https:\/\/gysfm.com.ar\/inicio\/wp-json\/wp\/v2\/posts"}],"about":[{"href":"https:\/\/gysfm.com.ar\/inicio\/wp-json\/wp\/v2\/types\/post"}],"author":[{"embeddable":true,"href":"https:\/\/gysfm.com.ar\/inicio\/wp-json\/wp\/v2\/users\/2"}],"replies":[{"embeddable":true,"href":"https:\/\/gysfm.com.ar\/inicio\/wp-json\/wp\/v2\/comments?post=194377"}],"version-history":[{"count":1,"href":"https:\/\/gysfm.com.ar\/inicio\/wp-json\/wp\/v2\/posts\/194377\/revisions"}],"predecessor-version":[{"id":194379,"href":"https:\/\/gysfm.com.ar\/inicio\/wp-json\/wp\/v2\/posts\/194377\/revisions\/194379"}],"wp:featuredmedia":[{"embeddable":true,"href":"https:\/\/gysfm.com.ar\/inicio\/wp-json\/wp\/v2\/media\/194378"}],"wp:attachment":[{"href":"https:\/\/gysfm.com.ar\/inicio\/wp-json\/wp\/v2\/media?parent=194377"}],"wp:term":[{"taxonomy":"category","embeddable":true,"href":"https:\/\/gysfm.com.ar\/inicio\/wp-json\/wp\/v2\/categories?post=194377"},{"taxonomy":"post_tag","embeddable":true,"href":"https:\/\/gysfm.com.ar\/inicio\/wp-json\/wp\/v2\/tags?post=194377"}],"curies":[{"name":"wp","href":"https:\/\/api.w.org\/{rel}","templated":true}]}}