{"id":194370,"date":"2026-05-03T01:38:07","date_gmt":"2026-05-03T04:38:07","guid":{"rendered":"https:\/\/gysfm.com.ar\/inicio\/el-jefe-de-la-fuerza-aerea-britanica-dijo-estar-en-alerta-maxima-para-defender-las-islas-malvinas-es-innegociable\/"},"modified":"2026-05-03T01:38:08","modified_gmt":"2026-05-03T04:38:08","slug":"el-jefe-de-la-fuerza-aerea-britanica-dijo-estar-en-alerta-maxima-para-defender-las-islas-malvinas-es-innegociable","status":"publish","type":"post","link":"https:\/\/gysfm.com.ar\/inicio\/el-jefe-de-la-fuerza-aerea-britanica-dijo-estar-en-alerta-maxima-para-defender-las-islas-malvinas-es-innegociable\/","title":{"rendered":"El jefe de la Fuerza A\u00e9rea brit\u00e1nica dijo estar en \u201calerta m\u00e1xima\u201d para defender las Islas Malvinas: \u201cEs innegociable\u201d"},"content":{"rendered":"<p> <br \/>\n<\/p>\n<div>\n<p class=\"com-paragraph  --capital --s\">El jefe de la Real Fuerza A\u00e9rea (RAF) brit\u00e1nica, <strong>Sir Harv Smyth, <\/strong>declar\u00f3 que <strong>se encuentran en \u201calerta m\u00e1xima\u201d y \u201clistos\u201d para defender a <\/strong><a href=\"https:\/\/www.lanacion.com.ar\/el-mundo\/diario-de-un-viaje-a-malvinas-una-semana-en-las-islas-que-juramos-no-olvidar-nid29042026\/\" target=\"_self\" title=\"https:\/\/www.lanacion.com.ar\/el-mundo\/diario-de-un-viaje-a-malvinas-una-semana-en-las-islas-que-juramos-no-olvidar-nid29042026\/\" class=\"com-link break-word\" data-mrf-recirculation=\"n_link_parrafo\"><strong>las Islas Malvinas<\/strong><\/a><strong>.<\/strong> Sus palabras surgen luego de que se filtrara <strong>un memor\u00e1ndum del Pent\u00e1gono de Estados Unidos<\/strong> donde consideraba dejar de apoyar a Reino Unido en el conflicto de la soberan\u00eda de las islas. <\/p>\n<p class=\"com-paragraph   --s\">\u201cHoy, en todo el Reino Unido y a nivel mundial, en lugares tan lejanos como <a href=\"https:\/\/www.lanacion.com.ar\/estados-unidos\/el-portaaviones-mas-poderoso-de-eeuu-deja-medio-oriente-tras-un-despliegue-record-y-un-incendio-nid29042026\/\" target=\"_self\" title=\"https:\/\/www.lanacion.com.ar\/estados-unidos\/el-portaaviones-mas-poderoso-de-eeuu-deja-medio-oriente-tras-un-despliegue-record-y-un-incendio-nid29042026\/\" class=\"com-link break-word\" data-mrf-recirculation=\"n_link_parrafo\">Medio Oriente<\/a>, la RAF <strong>est\u00e1 en estado de m\u00e1xima alerta y preparada para defender a nuestro pa\u00eds<\/strong> en cualquier momento\u201d, dijo al medio ingl\u00e9s <em>The Times<\/em>.<\/p>\n<p class=\"com-paragraph   --s\">Tambi\u00e9n afirm\u00f3 que los aviones de combate hab\u00edan defendido las islas desde la guerra de 1982 y que el papel de la RAF en <strong>la defensa de dicho espacio a\u00e9reo era \u201cinnegociable\u201d. <\/strong>Smyth habl\u00f3 con el diario luego de regresar de una visita a <a href=\"https:\/\/www.lanacion.com.ar\/estados-unidos\/la-guerra-de-trump-en-iran-ya-es-tan-impopular-como-irak-y-vietnam-en-sus-peores-momentos-nid01052026\/\" target=\"_self\" title=\"https:\/\/www.lanacion.com.ar\/estados-unidos\/la-guerra-de-trump-en-iran-ya-es-tan-impopular-como-irak-y-vietnam-en-sus-peores-momentos-nid01052026\/\" class=\"com-link break-word\" data-mrf-recirculation=\"n_link_parrafo\">Irak<\/a> para reunirse con miembros del Regimiento de la RAF que derribaron decenas de drones dirigidos contra una base de la coalici\u00f3n en el pa\u00eds, y posteriormente a Ucrania.<\/p>\n<p class=\"com-paragraph   --s\">El pasado 25 de abril la agencia de noticias <em>Reuters<\/em> <a href=\"https:\/\/www.lanacion.com.ar\/el-mundo\/aseguran-que-trump-analiza-quitar-el-apoyo-al-reino-unido-en-su-disputa-por-malvinas-nid24042026\/\" target=\"_self\" title=\"https:\/\/www.lanacion.com.ar\/el-mundo\/aseguran-que-trump-analiza-quitar-el-apoyo-al-reino-unido-en-su-disputa-por-malvinas-nid24042026\/\" class=\"com-link break-word\" data-mrf-recirculation=\"n_link_parrafo\">public\u00f3 un correo electr\u00f3nico interno del Pent\u00e1gono<\/a> que esbozaba las opciones de Estados Unidos para <strong>sancionar a los aliados de la OTAN<\/strong> que no apoyaron las operaciones estadounidenses en la guerra contra Ir\u00e1n. <\/p>\n<p class=\"com-paragraph   --s\">All\u00ed, <a href=\"https:\/\/www.lanacion.com.ar\/estados-unidos\/que-implicaria-que-eeuu-retire-su-apoyo-al-reino-unido-en-la-disputa-por-malvinas-nid24042026\/\" target=\"_self\" title=\"https:\/\/www.lanacion.com.ar\/estados-unidos\/que-implicaria-que-eeuu-retire-su-apoyo-al-reino-unido-en-la-disputa-por-malvinas-nid24042026\/\" class=\"com-link break-word\" data-mrf-recirculation=\"n_link_parrafo\">contemplaba reconsiderar el apoyo diplom\u00e1tico<\/a> de Estados Unidos a las <strong>\u201cposesiones imperiales\u201d europeas de larga data, como las Islas Malvinas. <\/strong>Esto provoc\u00f3 una reacci\u00f3n inmediata del gobierno brit\u00e1nico, que reafirm\u00f3 su posici\u00f3n y confirm\u00f3 que es una <strong>\u201cpostura de larga data que no cambi\u00f3\u201d<\/strong>, seg\u00fan un vocero del primer ministro Keir Starmer. <\/p>\n<p class=\"com-paragraph   --s\">En paralelo, el comunicado caus\u00f3 la respuesta del gobierno argentino. Tanto el presidente Javier Milei como el canciller Pablo Quirno <a href=\"https:\/\/www.lanacion.com.ar\/politica\/el-canciller-pablo-quirno-reafirmo-la-soberania-argentina-de-las-malvinas-en-una-fuerte-respuesta-a-nid24042026\/\" target=\"_self\" title=\"https:\/\/www.lanacion.com.ar\/politica\/el-canciller-pablo-quirno-reafirmo-la-soberania-argentina-de-las-malvinas-en-una-fuerte-respuesta-a-nid24042026\/\" class=\"com-link break-word\" data-mrf-recirculation=\"n_link_parrafo\">reafirmaron el derecho sobre el archipi\u00e9lago<\/a> y rechazaron <strong>\u201cla invocaci\u00f3n brit\u00e1nica del principio de libre determinaci\u00f3n de los pueblos\u201d<\/strong>, en referencia a los isle\u00f1os.<\/p>\n<div class=\"content-media\">\n<section role=\"button\" class=\"mod-media   \">\n<figure role=\"button\" tabindex=\"0\" class=\"mod-figure \"><figcaption class=\"mod-figcaption\"><span class=\"com-text --caption --twoxs\">El presidente Javier Milei junto a su par norteamericano, Donald Trump, durante una reuni\u00f3n del Consejo de la Paz<\/span><span class=\"com-text --credit --twoxs\">Markus Schreiber &#8211; AP<\/span><\/figcaption><\/figure>\n<\/section>\n<\/div>\n<p class=\"com-paragraph   --s\">Ahora, Smyth asegur\u00f3 que Reino Unido se encuentra preparado. Desde <em>The Times<\/em> detallaron que hay <strong>cuatro cazas Typhoon estacionados en la base a\u00e9rea de Mount Pleasant<\/strong> en las Islas Malvinas. Estos aviones proporcionan defensa a\u00e9rea <strong>las 24 horas del d\u00eda, los 7 d\u00edas de la semana<\/strong>, lo que se conoce como alerta de reacci\u00f3n r\u00e1pida (QRA, por sus siglas en ingl\u00e9s), y est\u00e1n listos para entrar en acci\u00f3n si la aviaci\u00f3n argentina representa una amenaza.<\/p>\n<p class=\"com-paragraph   --s\">\u201cDesde la QRA en el <a href=\"https:\/\/www.lanacion.com.ar\/el-mundo\/estados-unidos-alerto-a-reino-unido-sobre-un-posible-ataque-terrorista-altamente-probable-nid01052026\/\" target=\"_self\" title=\"https:\/\/www.lanacion.com.ar\/el-mundo\/estados-unidos-alerto-a-reino-unido-sobre-un-posible-ataque-terrorista-altamente-probable-nid01052026\/\" class=\"com-link break-word\" data-mrf-recirculation=\"n_link_parrafo\">Reino Unido<\/a>, que se activ\u00f3 recientemente contra un presunto bombardero ruso \u2018Bear\u2019 que se aproximaba a nuestro espacio a\u00e9reo desde el norte, <strong>hasta los aviones de combate con base en las Malvinas<\/strong> (que defienden las islas desde la guerra de 1982), pasando por nuestro actual despliegue de Typhoon en Rumania como parte de la vital misi\u00f3n de vigilancia a\u00e9rea reforzada de la OTAN, <strong>el papel de la RAF en la defensa del espacio a\u00e9reo es innegociable<\/strong>\u201d, se\u00f1al\u00f3.<\/p>\n<div class=\"content-media\">\n<section role=\"button\" class=\"mod-media   \">\n<figure role=\"button\" tabindex=\"0\" class=\"mod-figure \"><figcaption class=\"mod-figcaption\"><span class=\"com-text --caption --twoxs\">El primer ministro brit\u00e1nico Keir Starmer<\/span><span class=\"com-text --credit --twoxs\">TOM NICHOLSON &#8211; POOL<\/span><\/figcaption><\/figure>\n<\/section>\n<\/div>\n<p class=\"com-paragraph   --s\">Tambi\u00e9n <strong>1000 soldados desplegados y un sistema de misiles Sky Sabre<\/strong>, valorado en 250 millones de libras esterlinas, capaz de destruir aviones de combate, drones y bombas inteligentes guiadas por l\u00e1ser. <\/p>\n<p class=\"com-paragraph   --s\">El secretario de Estado norteamericano <strong>le rest\u00f3 importancia al memor\u00e1ndum del Pent\u00e1gono y minimiz\u00f3 las probabilidades<\/strong> de que el gobierno norteamericano respalde las reivindicaciones argentinas.<\/p>\n<p class=\"com-paragraph   --s\">\u201c<strong>Fue tan solo un correo electr\u00f3nico<\/strong>. La gente se est\u00e1 exaltando demasiado por un correo electr\u00f3nico. Era simplemente un correo electr\u00f3nico con algunas ideas\u201d, se\u00f1al\u00f3 el jefe de la diplomacia norteamericana al diario <em>The Telegraph<\/em>.<\/p>\n<div class=\"content-media\">\n<section role=\"button\" class=\"mod-media   \">\n<figure role=\"button\" tabindex=\"0\" class=\"mod-figure \"><figcaption class=\"mod-figcaption\"><span class=\"com-text --caption --twoxs\">El secretario de Estado norteamericano, Marco Rubio<\/span><span class=\"com-text --credit --twoxs\">Brendan Smialowski &#8211; POOL AFP<\/span><\/figcaption><\/figure>\n<\/section>\n<\/div>\n<p class=\"com-paragraph   --s\">Tras el revuelo que gener\u00f3 la filtraci\u00f3n, un vocero del Departamento de Estado norteamericano <a href=\"https:\/\/www.lanacion.com.ar\/estados-unidos\/marco-rubio-le-bajo-el-tono-a-la-filtracion-sobre-el-posible-giro-de-eeuu-por-malvinas-es-tan-solo-nid30042026\/\" target=\"_self\" title=\"https:\/\/www.lanacion.com.ar\/estados-unidos\/marco-rubio-le-bajo-el-tono-a-la-filtracion-sobre-el-posible-giro-de-eeuu-por-malvinas-es-tan-solo-nid30042026\/\" class=\"com-link break-word\" data-mrf-recirculation=\"n_link_parrafo\">se\u00f1al\u00f3 a LA NACION<\/a> que su posici\u00f3n con respecto a las islas <strong>\u201csigue siendo de neutralidad\u201d<\/strong>.<\/p>\n<p class=\"com-paragraph   --s\">\u201cReconocemos que existen reclamos de soberan\u00eda contrapuestos entre Argentina y el Reino Unido. Reconocemos la administraci\u00f3n de facto del Reino Unido sobre las islas, pero<strong> no adoptamos ninguna postura<\/strong> con respecto a los reclamos de soberan\u00eda de ninguna de las partes\u201d, sostuvo.<\/p>\n<section class=\"container-center-100 mb-40 border border-bottom border-thin border-neutral-light-700\">\n<hr\/>\n<\/section>\n<\/div>\n<p><script id=\"facebookpixel\" defer=\"\" type=\"text\/javascript\">\n        !function(f,b,e,v,n,t,s)\n        {if(f.fbq)return;n=f.fbq=function(){n.callMethod?\n        n.callMethod.apply(n,arguments):n.queue.push(arguments)};\n        if(!f._fbq)f._fbq=n;n.push=n;n.loaded=!0;n.version='2.0';\n        n.queue=[];t=b.createElement(e);t.async=!0;\n        t.src=v;s=b.getElementsByTagName(e)[0];\n        s.parentNode.insertBefore(t,s)}(window, document,'script',\n        'https:\/\/connect.facebook.net\/en_US\/fbevents.js');\n        fbq('init', '492459597522335');\n        fbq('track', 'PageView');\n    <\/script><br \/>\n<br \/><\/p>\n","protected":false},"excerpt":{"rendered":"<p>El jefe de la Real Fuerza A\u00e9rea (RAF) brit\u00e1nica, Sir Harv Smyth, declar\u00f3 que se encuentran en \u201calerta m\u00e1xima\u201d y \u201clistos\u201d para defender a las Islas Malvinas. Sus palabras surgen luego de que se filtrara un memor\u00e1ndum del Pent\u00e1gono de Estados Unidos donde consideraba dejar de apoyar a Reino Unido en el conflicto de la [&hellip;]<\/p>\n","protected":false},"author":2,"featured_media":194371,"comment_status":"closed","ping_status":"closed","sticky":false,"template":"","format":"standard","meta":{"footnotes":""},"categories":[26],"tags":[],"class_list":["post-194370","post","type-post","status-publish","format-standard","has-post-thumbnail","hentry","category-internacionales"],"yoast_head":"<!-- This site is optimized with the Yoast SEO plugin v24.4 - https:\/\/yoast.com\/wordpress\/plugins\/seo\/ -->\n<title>El jefe de la Fuerza A\u00e9rea brit\u00e1nica dijo estar en \u201calerta m\u00e1xima\u201d para defender las Islas Malvinas: \u201cEs innegociable\u201d - GYS NOTICIAS |<\/title>\n<meta name=\"robots\" content=\"index, follow, max-snippet:-1, max-image-preview:large, max-video-preview:-1\" \/>\n<link rel=\"canonical\" href=\"https:\/\/gysfm.com.ar\/inicio\/el-jefe-de-la-fuerza-aerea-britanica-dijo-estar-en-alerta-maxima-para-defender-las-islas-malvinas-es-innegociable\/\" \/>\n<meta property=\"og:locale\" content=\"es_ES\" \/>\n<meta property=\"og:type\" content=\"article\" \/>\n<meta property=\"og:title\" content=\"El jefe de la Fuerza A\u00e9rea brit\u00e1nica dijo estar en \u201calerta m\u00e1xima\u201d para defender las Islas Malvinas: \u201cEs innegociable\u201d - GYS NOTICIAS |\" \/>\n<meta property=\"og:description\" content=\"El jefe de la Real Fuerza A\u00e9rea (RAF) brit\u00e1nica, Sir Harv Smyth, declar\u00f3 que se encuentran en \u201calerta m\u00e1xima\u201d y \u201clistos\u201d para defender a las Islas Malvinas. Sus palabras surgen luego de que se filtrara un memor\u00e1ndum del Pent\u00e1gono de Estados Unidos donde consideraba dejar de apoyar a Reino Unido en el conflicto de la [&hellip;]\" \/>\n<meta property=\"og:url\" content=\"https:\/\/gysfm.com.ar\/inicio\/el-jefe-de-la-fuerza-aerea-britanica-dijo-estar-en-alerta-maxima-para-defender-las-islas-malvinas-es-innegociable\/\" \/>\n<meta property=\"og:site_name\" content=\"GYS NOTICIAS |\" \/>\n<meta property=\"article:published_time\" content=\"2026-05-03T04:38:07+00:00\" \/>\n<meta property=\"article:modified_time\" content=\"2026-05-03T04:38:08+00:00\" \/>\n<meta property=\"og:image\" content=\"https:\/\/gysfm.com.ar\/inicio\/wp-content\/uploads\/2026\/05\/sir-harv-smyth-comandante-de-la-real-fuerza-aerea-F6H4YGNZDZFI3LEPCW2VJ6CW5Q.png\" \/>\n\t<meta property=\"og:image:width\" content=\"1200\" \/>\n\t<meta property=\"og:image:height\" content=\"800\" \/>\n\t<meta property=\"og:image:type\" content=\"image\/png\" \/>\n<meta name=\"author\" content=\"Prensa G&amp;S FM\" \/>\n<meta name=\"twitter:card\" content=\"summary_large_image\" \/>\n<meta name=\"twitter:label1\" content=\"Escrito por\" \/>\n\t<meta name=\"twitter:data1\" content=\"Prensa G&amp;S FM\" \/>\n\t<meta name=\"twitter:label2\" content=\"Tiempo de lectura\" \/>\n\t<meta name=\"twitter:data2\" content=\"4 minutos\" \/>\n<script type=\"application\/ld+json\" class=\"yoast-schema-graph\">{\"@context\":\"https:\/\/schema.org\",\"@graph\":[{\"@type\":\"Article\",\"@id\":\"https:\/\/gysfm.com.ar\/inicio\/el-jefe-de-la-fuerza-aerea-britanica-dijo-estar-en-alerta-maxima-para-defender-las-islas-malvinas-es-innegociable\/#article\",\"isPartOf\":{\"@id\":\"https:\/\/gysfm.com.ar\/inicio\/el-jefe-de-la-fuerza-aerea-britanica-dijo-estar-en-alerta-maxima-para-defender-las-islas-malvinas-es-innegociable\/\"},\"author\":{\"name\":\"Prensa G&amp;S FM\",\"@id\":\"https:\/\/gysfm.com.ar\/inicio\/#\/schema\/person\/3abba7593ef2ad19e1be221d54383dc5\"},\"headline\":\"El jefe de la Fuerza A\u00e9rea brit\u00e1nica dijo estar en \u201calerta m\u00e1xima\u201d para defender las Islas Malvinas: \u201cEs innegociable\u201d\",\"datePublished\":\"2026-05-03T04:38:07+00:00\",\"dateModified\":\"2026-05-03T04:38:08+00:00\",\"mainEntityOfPage\":{\"@id\":\"https:\/\/gysfm.com.ar\/inicio\/el-jefe-de-la-fuerza-aerea-britanica-dijo-estar-en-alerta-maxima-para-defender-las-islas-malvinas-es-innegociable\/\"},\"wordCount\":753,\"publisher\":{\"@id\":\"https:\/\/gysfm.com.ar\/inicio\/#organization\"},\"image\":{\"@id\":\"https:\/\/gysfm.com.ar\/inicio\/el-jefe-de-la-fuerza-aerea-britanica-dijo-estar-en-alerta-maxima-para-defender-las-islas-malvinas-es-innegociable\/#primaryimage\"},\"thumbnailUrl\":\"https:\/\/gysfm.com.ar\/inicio\/wp-content\/uploads\/2026\/05\/sir-harv-smyth-comandante-de-la-real-fuerza-aerea-F6H4YGNZDZFI3LEPCW2VJ6CW5Q.png\",\"articleSection\":[\"INTERNACIONALES\"],\"inLanguage\":\"es\"},{\"@type\":\"WebPage\",\"@id\":\"https:\/\/gysfm.com.ar\/inicio\/el-jefe-de-la-fuerza-aerea-britanica-dijo-estar-en-alerta-maxima-para-defender-las-islas-malvinas-es-innegociable\/\",\"url\":\"https:\/\/gysfm.com.ar\/inicio\/el-jefe-de-la-fuerza-aerea-britanica-dijo-estar-en-alerta-maxima-para-defender-las-islas-malvinas-es-innegociable\/\",\"name\":\"El jefe de la Fuerza A\u00e9rea brit\u00e1nica dijo estar en \u201calerta m\u00e1xima\u201d para defender las Islas Malvinas: \u201cEs innegociable\u201d - GYS NOTICIAS |\",\"isPartOf\":{\"@id\":\"https:\/\/gysfm.com.ar\/inicio\/#website\"},\"primaryImageOfPage\":{\"@id\":\"https:\/\/gysfm.com.ar\/inicio\/el-jefe-de-la-fuerza-aerea-britanica-dijo-estar-en-alerta-maxima-para-defender-las-islas-malvinas-es-innegociable\/#primaryimage\"},\"image\":{\"@id\":\"https:\/\/gysfm.com.ar\/inicio\/el-jefe-de-la-fuerza-aerea-britanica-dijo-estar-en-alerta-maxima-para-defender-las-islas-malvinas-es-innegociable\/#primaryimage\"},\"thumbnailUrl\":\"https:\/\/gysfm.com.ar\/inicio\/wp-content\/uploads\/2026\/05\/sir-harv-smyth-comandante-de-la-real-fuerza-aerea-F6H4YGNZDZFI3LEPCW2VJ6CW5Q.png\",\"datePublished\":\"2026-05-03T04:38:07+00:00\",\"dateModified\":\"2026-05-03T04:38:08+00:00\",\"breadcrumb\":{\"@id\":\"https:\/\/gysfm.com.ar\/inicio\/el-jefe-de-la-fuerza-aerea-britanica-dijo-estar-en-alerta-maxima-para-defender-las-islas-malvinas-es-innegociable\/#breadcrumb\"},\"inLanguage\":\"es\",\"potentialAction\":[{\"@type\":\"ReadAction\",\"target\":[\"https:\/\/gysfm.com.ar\/inicio\/el-jefe-de-la-fuerza-aerea-britanica-dijo-estar-en-alerta-maxima-para-defender-las-islas-malvinas-es-innegociable\/\"]}]},{\"@type\":\"ImageObject\",\"inLanguage\":\"es\",\"@id\":\"https:\/\/gysfm.com.ar\/inicio\/el-jefe-de-la-fuerza-aerea-britanica-dijo-estar-en-alerta-maxima-para-defender-las-islas-malvinas-es-innegociable\/#primaryimage\",\"url\":\"https:\/\/gysfm.com.ar\/inicio\/wp-content\/uploads\/2026\/05\/sir-harv-smyth-comandante-de-la-real-fuerza-aerea-F6H4YGNZDZFI3LEPCW2VJ6CW5Q.png\",\"contentUrl\":\"https:\/\/gysfm.com.ar\/inicio\/wp-content\/uploads\/2026\/05\/sir-harv-smyth-comandante-de-la-real-fuerza-aerea-F6H4YGNZDZFI3LEPCW2VJ6CW5Q.png\",\"width\":1200,\"height\":800},{\"@type\":\"BreadcrumbList\",\"@id\":\"https:\/\/gysfm.com.ar\/inicio\/el-jefe-de-la-fuerza-aerea-britanica-dijo-estar-en-alerta-maxima-para-defender-las-islas-malvinas-es-innegociable\/#breadcrumb\",\"itemListElement\":[{\"@type\":\"ListItem\",\"position\":1,\"name\":\"Portada\",\"item\":\"https:\/\/gysfm.com.ar\/inicio\/\"},{\"@type\":\"ListItem\",\"position\":2,\"name\":\"El jefe de la Fuerza A\u00e9rea brit\u00e1nica dijo estar en \u201calerta m\u00e1xima\u201d para defender las Islas Malvinas: \u201cEs innegociable\u201d\"}]},{\"@type\":\"WebSite\",\"@id\":\"https:\/\/gysfm.com.ar\/inicio\/#website\",\"url\":\"https:\/\/gysfm.com.ar\/inicio\/\",\"name\":\"GYS NOTICIAS |\",\"description\":\"DIARIO - RADIO ONLINE SAN JUAN ARGENTINA\",\"publisher\":{\"@id\":\"https:\/\/gysfm.com.ar\/inicio\/#organization\"},\"potentialAction\":[{\"@type\":\"SearchAction\",\"target\":{\"@type\":\"EntryPoint\",\"urlTemplate\":\"https:\/\/gysfm.com.ar\/inicio\/?s={search_term_string}\"},\"query-input\":{\"@type\":\"PropertyValueSpecification\",\"valueRequired\":true,\"valueName\":\"search_term_string\"}}],\"inLanguage\":\"es\"},{\"@type\":\"Organization\",\"@id\":\"https:\/\/gysfm.com.ar\/inicio\/#organization\",\"name\":\"GYS NOTICIAS |\",\"url\":\"https:\/\/gysfm.com.ar\/inicio\/\",\"logo\":{\"@type\":\"ImageObject\",\"inLanguage\":\"es\",\"@id\":\"https:\/\/gysfm.com.ar\/inicio\/#\/schema\/logo\/image\/\",\"url\":\"https:\/\/gysfm.com.ar\/inicio\/wp-content\/uploads\/2023\/07\/LOGOGYS-OK.png\",\"contentUrl\":\"https:\/\/gysfm.com.ar\/inicio\/wp-content\/uploads\/2023\/07\/LOGOGYS-OK.png\",\"width\":1170,\"height\":872,\"caption\":\"GYS NOTICIAS |\"},\"image\":{\"@id\":\"https:\/\/gysfm.com.ar\/inicio\/#\/schema\/logo\/image\/\"}},{\"@type\":\"Person\",\"@id\":\"https:\/\/gysfm.com.ar\/inicio\/#\/schema\/person\/3abba7593ef2ad19e1be221d54383dc5\",\"name\":\"Prensa G&amp;S FM\",\"image\":{\"@type\":\"ImageObject\",\"inLanguage\":\"es\",\"@id\":\"https:\/\/gysfm.com.ar\/inicio\/#\/schema\/person\/image\/\",\"url\":\"https:\/\/secure.gravatar.com\/avatar\/096ec78df02049ab018702bb4ccedf659377fa92a26540b5247612077a0dbd29?s=96&d=mm&r=g\",\"contentUrl\":\"https:\/\/secure.gravatar.com\/avatar\/096ec78df02049ab018702bb4ccedf659377fa92a26540b5247612077a0dbd29?s=96&d=mm&r=g\",\"caption\":\"Prensa G&amp;S FM\"},\"sameAs\":[\"https:\/\/gysfm.com.ar\/\"],\"url\":\"https:\/\/gysfm.com.ar\/inicio\/author\/lucasm\/\"}]}<\/script>\n<!-- \/ Yoast SEO plugin. -->","yoast_head_json":{"title":"El jefe de la Fuerza A\u00e9rea brit\u00e1nica dijo estar en \u201calerta m\u00e1xima\u201d para defender las Islas Malvinas: \u201cEs innegociable\u201d - GYS NOTICIAS |","robots":{"index":"index","follow":"follow","max-snippet":"max-snippet:-1","max-image-preview":"max-image-preview:large","max-video-preview":"max-video-preview:-1"},"canonical":"https:\/\/gysfm.com.ar\/inicio\/el-jefe-de-la-fuerza-aerea-britanica-dijo-estar-en-alerta-maxima-para-defender-las-islas-malvinas-es-innegociable\/","og_locale":"es_ES","og_type":"article","og_title":"El jefe de la Fuerza A\u00e9rea brit\u00e1nica dijo estar en \u201calerta m\u00e1xima\u201d para defender las Islas Malvinas: \u201cEs innegociable\u201d - GYS NOTICIAS |","og_description":"El jefe de la Real Fuerza A\u00e9rea (RAF) brit\u00e1nica, Sir Harv Smyth, declar\u00f3 que se encuentran en \u201calerta m\u00e1xima\u201d y \u201clistos\u201d para defender a las Islas Malvinas. Sus palabras surgen luego de que se filtrara un memor\u00e1ndum del Pent\u00e1gono de Estados Unidos donde consideraba dejar de apoyar a Reino Unido en el conflicto de la [&hellip;]","og_url":"https:\/\/gysfm.com.ar\/inicio\/el-jefe-de-la-fuerza-aerea-britanica-dijo-estar-en-alerta-maxima-para-defender-las-islas-malvinas-es-innegociable\/","og_site_name":"GYS NOTICIAS |","article_published_time":"2026-05-03T04:38:07+00:00","article_modified_time":"2026-05-03T04:38:08+00:00","og_image":[{"width":1200,"height":800,"url":"https:\/\/gysfm.com.ar\/inicio\/wp-content\/uploads\/2026\/05\/sir-harv-smyth-comandante-de-la-real-fuerza-aerea-F6H4YGNZDZFI3LEPCW2VJ6CW5Q.png","type":"image\/png"}],"author":"Prensa G&amp;S FM","twitter_card":"summary_large_image","twitter_misc":{"Escrito por":"Prensa G&amp;S FM","Tiempo de lectura":"4 minutos"},"schema":{"@context":"https:\/\/schema.org","@graph":[{"@type":"Article","@id":"https:\/\/gysfm.com.ar\/inicio\/el-jefe-de-la-fuerza-aerea-britanica-dijo-estar-en-alerta-maxima-para-defender-las-islas-malvinas-es-innegociable\/#article","isPartOf":{"@id":"https:\/\/gysfm.com.ar\/inicio\/el-jefe-de-la-fuerza-aerea-britanica-dijo-estar-en-alerta-maxima-para-defender-las-islas-malvinas-es-innegociable\/"},"author":{"name":"Prensa G&amp;S FM","@id":"https:\/\/gysfm.com.ar\/inicio\/#\/schema\/person\/3abba7593ef2ad19e1be221d54383dc5"},"headline":"El jefe de la Fuerza A\u00e9rea brit\u00e1nica dijo estar en \u201calerta m\u00e1xima\u201d para defender las Islas Malvinas: \u201cEs innegociable\u201d","datePublished":"2026-05-03T04:38:07+00:00","dateModified":"2026-05-03T04:38:08+00:00","mainEntityOfPage":{"@id":"https:\/\/gysfm.com.ar\/inicio\/el-jefe-de-la-fuerza-aerea-britanica-dijo-estar-en-alerta-maxima-para-defender-las-islas-malvinas-es-innegociable\/"},"wordCount":753,"publisher":{"@id":"https:\/\/gysfm.com.ar\/inicio\/#organization"},"image":{"@id":"https:\/\/gysfm.com.ar\/inicio\/el-jefe-de-la-fuerza-aerea-britanica-dijo-estar-en-alerta-maxima-para-defender-las-islas-malvinas-es-innegociable\/#primaryimage"},"thumbnailUrl":"https:\/\/gysfm.com.ar\/inicio\/wp-content\/uploads\/2026\/05\/sir-harv-smyth-comandante-de-la-real-fuerza-aerea-F6H4YGNZDZFI3LEPCW2VJ6CW5Q.png","articleSection":["INTERNACIONALES"],"inLanguage":"es"},{"@type":"WebPage","@id":"https:\/\/gysfm.com.ar\/inicio\/el-jefe-de-la-fuerza-aerea-britanica-dijo-estar-en-alerta-maxima-para-defender-las-islas-malvinas-es-innegociable\/","url":"https:\/\/gysfm.com.ar\/inicio\/el-jefe-de-la-fuerza-aerea-britanica-dijo-estar-en-alerta-maxima-para-defender-las-islas-malvinas-es-innegociable\/","name":"El jefe de la Fuerza A\u00e9rea brit\u00e1nica dijo estar en \u201calerta m\u00e1xima\u201d para defender las Islas Malvinas: \u201cEs innegociable\u201d - GYS NOTICIAS |","isPartOf":{"@id":"https:\/\/gysfm.com.ar\/inicio\/#website"},"primaryImageOfPage":{"@id":"https:\/\/gysfm.com.ar\/inicio\/el-jefe-de-la-fuerza-aerea-britanica-dijo-estar-en-alerta-maxima-para-defender-las-islas-malvinas-es-innegociable\/#primaryimage"},"image":{"@id":"https:\/\/gysfm.com.ar\/inicio\/el-jefe-de-la-fuerza-aerea-britanica-dijo-estar-en-alerta-maxima-para-defender-las-islas-malvinas-es-innegociable\/#primaryimage"},"thumbnailUrl":"https:\/\/gysfm.com.ar\/inicio\/wp-content\/uploads\/2026\/05\/sir-harv-smyth-comandante-de-la-real-fuerza-aerea-F6H4YGNZDZFI3LEPCW2VJ6CW5Q.png","datePublished":"2026-05-03T04:38:07+00:00","dateModified":"2026-05-03T04:38:08+00:00","breadcrumb":{"@id":"https:\/\/gysfm.com.ar\/inicio\/el-jefe-de-la-fuerza-aerea-britanica-dijo-estar-en-alerta-maxima-para-defender-las-islas-malvinas-es-innegociable\/#breadcrumb"},"inLanguage":"es","potentialAction":[{"@type":"ReadAction","target":["https:\/\/gysfm.com.ar\/inicio\/el-jefe-de-la-fuerza-aerea-britanica-dijo-estar-en-alerta-maxima-para-defender-las-islas-malvinas-es-innegociable\/"]}]},{"@type":"ImageObject","inLanguage":"es","@id":"https:\/\/gysfm.com.ar\/inicio\/el-jefe-de-la-fuerza-aerea-britanica-dijo-estar-en-alerta-maxima-para-defender-las-islas-malvinas-es-innegociable\/#primaryimage","url":"https:\/\/gysfm.com.ar\/inicio\/wp-content\/uploads\/2026\/05\/sir-harv-smyth-comandante-de-la-real-fuerza-aerea-F6H4YGNZDZFI3LEPCW2VJ6CW5Q.png","contentUrl":"https:\/\/gysfm.com.ar\/inicio\/wp-content\/uploads\/2026\/05\/sir-harv-smyth-comandante-de-la-real-fuerza-aerea-F6H4YGNZDZFI3LEPCW2VJ6CW5Q.png","width":1200,"height":800},{"@type":"BreadcrumbList","@id":"https:\/\/gysfm.com.ar\/inicio\/el-jefe-de-la-fuerza-aerea-britanica-dijo-estar-en-alerta-maxima-para-defender-las-islas-malvinas-es-innegociable\/#breadcrumb","itemListElement":[{"@type":"ListItem","position":1,"name":"Portada","item":"https:\/\/gysfm.com.ar\/inicio\/"},{"@type":"ListItem","position":2,"name":"El jefe de la Fuerza A\u00e9rea brit\u00e1nica dijo estar en \u201calerta m\u00e1xima\u201d para defender las Islas Malvinas: \u201cEs innegociable\u201d"}]},{"@type":"WebSite","@id":"https:\/\/gysfm.com.ar\/inicio\/#website","url":"https:\/\/gysfm.com.ar\/inicio\/","name":"GYS NOTICIAS |","description":"DIARIO - RADIO ONLINE SAN JUAN ARGENTINA","publisher":{"@id":"https:\/\/gysfm.com.ar\/inicio\/#organization"},"potentialAction":[{"@type":"SearchAction","target":{"@type":"EntryPoint","urlTemplate":"https:\/\/gysfm.com.ar\/inicio\/?s={search_term_string}"},"query-input":{"@type":"PropertyValueSpecification","valueRequired":true,"valueName":"search_term_string"}}],"inLanguage":"es"},{"@type":"Organization","@id":"https:\/\/gysfm.com.ar\/inicio\/#organization","name":"GYS NOTICIAS |","url":"https:\/\/gysfm.com.ar\/inicio\/","logo":{"@type":"ImageObject","inLanguage":"es","@id":"https:\/\/gysfm.com.ar\/inicio\/#\/schema\/logo\/image\/","url":"https:\/\/gysfm.com.ar\/inicio\/wp-content\/uploads\/2023\/07\/LOGOGYS-OK.png","contentUrl":"https:\/\/gysfm.com.ar\/inicio\/wp-content\/uploads\/2023\/07\/LOGOGYS-OK.png","width":1170,"height":872,"caption":"GYS NOTICIAS |"},"image":{"@id":"https:\/\/gysfm.com.ar\/inicio\/#\/schema\/logo\/image\/"}},{"@type":"Person","@id":"https:\/\/gysfm.com.ar\/inicio\/#\/schema\/person\/3abba7593ef2ad19e1be221d54383dc5","name":"Prensa G&amp;S FM","image":{"@type":"ImageObject","inLanguage":"es","@id":"https:\/\/gysfm.com.ar\/inicio\/#\/schema\/person\/image\/","url":"https:\/\/secure.gravatar.com\/avatar\/096ec78df02049ab018702bb4ccedf659377fa92a26540b5247612077a0dbd29?s=96&d=mm&r=g","contentUrl":"https:\/\/secure.gravatar.com\/avatar\/096ec78df02049ab018702bb4ccedf659377fa92a26540b5247612077a0dbd29?s=96&d=mm&r=g","caption":"Prensa G&amp;S FM"},"sameAs":["https:\/\/gysfm.com.ar\/"],"url":"https:\/\/gysfm.com.ar\/inicio\/author\/lucasm\/"}]}},"_links":{"self":[{"href":"https:\/\/gysfm.com.ar\/inicio\/wp-json\/wp\/v2\/posts\/194370","targetHints":{"allow":["GET"]}}],"collection":[{"href":"https:\/\/gysfm.com.ar\/inicio\/wp-json\/wp\/v2\/posts"}],"about":[{"href":"https:\/\/gysfm.com.ar\/inicio\/wp-json\/wp\/v2\/types\/post"}],"author":[{"embeddable":true,"href":"https:\/\/gysfm.com.ar\/inicio\/wp-json\/wp\/v2\/users\/2"}],"replies":[{"embeddable":true,"href":"https:\/\/gysfm.com.ar\/inicio\/wp-json\/wp\/v2\/comments?post=194370"}],"version-history":[{"count":1,"href":"https:\/\/gysfm.com.ar\/inicio\/wp-json\/wp\/v2\/posts\/194370\/revisions"}],"predecessor-version":[{"id":194372,"href":"https:\/\/gysfm.com.ar\/inicio\/wp-json\/wp\/v2\/posts\/194370\/revisions\/194372"}],"wp:featuredmedia":[{"embeddable":true,"href":"https:\/\/gysfm.com.ar\/inicio\/wp-json\/wp\/v2\/media\/194371"}],"wp:attachment":[{"href":"https:\/\/gysfm.com.ar\/inicio\/wp-json\/wp\/v2\/media?parent=194370"}],"wp:term":[{"taxonomy":"category","embeddable":true,"href":"https:\/\/gysfm.com.ar\/inicio\/wp-json\/wp\/v2\/categories?post=194370"},{"taxonomy":"post_tag","embeddable":true,"href":"https:\/\/gysfm.com.ar\/inicio\/wp-json\/wp\/v2\/tags?post=194370"}],"curies":[{"name":"wp","href":"https:\/\/api.w.org\/{rel}","templated":true}]}}