{"id":194246,"date":"2026-05-02T07:21:21","date_gmt":"2026-05-02T10:21:21","guid":{"rendered":"https:\/\/gysfm.com.ar\/inicio\/reforma-laboral-las-marchas-y-contramarchas-generan-dudas-en-el-ambito-empresarial\/"},"modified":"2026-05-02T07:21:21","modified_gmt":"2026-05-02T10:21:21","slug":"reforma-laboral-las-marchas-y-contramarchas-generan-dudas-en-el-ambito-empresarial","status":"publish","type":"post","link":"https:\/\/gysfm.com.ar\/inicio\/reforma-laboral-las-marchas-y-contramarchas-generan-dudas-en-el-ambito-empresarial\/","title":{"rendered":"Reforma laboral: las marchas y contramarchas generan dudas en el \u00e1mbito empresarial"},"content":{"rendered":"<p><\/p>\n<div>\n<p class=\"com-paragraph  --capital --s\">Las marchas y contramarchas judiciales de la nueva Ley de Modernizaci\u00f3n Laboral siembran dudas en las empresas. Pese a que est\u00e1 plenamente vigente, no se descarta que alguno de los recursos legales que intentan modificar o derogar art\u00edculos llegue a buen puerto. Ese sinuoso camino a\u00fan pesa en la decisi\u00f3n de impulsar cambios dentro de las compa\u00f1\u00edas privadas. <\/p>\n<p class=\"com-paragraph   --s\">Desde el estudio de abogados Marval, O\u2019Farrell &amp; Mairal,<strong> Guillermo Osorio<\/strong> detall\u00f3 que esta ley se convirti\u00f3, en pocos d\u00edas, en<strong> uno de los procesos judiciales de mayor relevancia institucional en el \u00e1mbito del derecho p\u00fablico argentino<\/strong>. No solo por el contenido de la norma, sino por la <strong>intensidad y complejidad del debate procesal<\/strong>, con medidas cautelares, conflictos de competencia entre fueros, participaci\u00f3n de actores colectivos y la activaci\u00f3n de mecanismos excepcionales como el per saltum. <\/p>\n<p class=\"com-paragraph   --s\">Seg\u00fan el abogado laboralista <strong>Juli\u00e1n de Diego<\/strong>, adem\u00e1s del pedido de inconstitucionalidad de la CGT, hay varios recursos presentados, entre ellos en C\u00f3rdoba, Mendoza y Santa Fe. A pesar de ello \u00ab<strong>hoy la ley est\u00e1 vigente, pero de manera muy fr\u00e1gil<\/strong>. Lo \u00faltimo que se consigui\u00f3 es una ventaja procesal. Es la Corte Suprema la que tiene que resolver pero, por ahora, espera a que haya m\u00e1s definiciones por parte de todos los actores. Tiene que poner orden para que <strong>esto no se convierta en un enjambre de juicios<\/strong>. Mientras tanto,<strong> el \u00e1mbito empresario est\u00e1 preocupado<\/strong>\u201c, defini\u00f3 De Diego.<\/p>\n<p class=\"com-paragraph   --s\">El <strong>Grupo de los Seis (G6)<\/strong>, que nuclea a las principales entidades empresariales del pa\u00eds, expres\u00f3 su \u201c<strong>satisfacci\u00f3n<\/strong>\u201d por la <strong>aprobaci\u00f3n de la reforma laboral<\/strong>. M\u00e1s tarde, a ra\u00edz de la cautelar (cuya ejecuci\u00f3n m\u00e1s tarde fue suspendida, aunque no revocada), la <strong>Uni\u00f3n Industrial Argentina<\/strong> (UIA) hab\u00eda expresado su preocupaci\u00f3n ante la suspensi\u00f3n de los 82 art\u00edculos de la Ley N.\u00ba 27.802 de Modernizaci\u00f3n Laboral, \u201cuna norma sancionada por amplia mayor\u00eda en el Congreso de la Naci\u00f3n, en pleno ejercicio de las facultades constitucionales del Poder Legislativo\u201d. <\/p>\n<p class=\"com-paragraph   --s\">Sin embargo, hay resquemores. Con mucha experiencia en la gesti\u00f3n de las pymes, el economista <strong>Vicente Donato<\/strong> asegur\u00f3 que, entre las empresas de menores dimensiones (que en general no cuentan con los recursos para la asistencia legal profesional), \u201cno hay confianza en proyectos aprobados a las apuradas. Las empresas no creen en la sostenibilidad de esta legislaci\u00f3n, justamente porque<strong> fue impuesta sin un consenso m\u00e1s amplio<\/strong>\u201d. <\/p>\n<p class=\"com-paragraph   --s\">La realidad actual indica que la confusi\u00f3n es moneda corriente puertas adentro de las compa\u00f1\u00edas y, desde los estudios de abogados que asesoran a las empresas, hay continuos encuentros y capacitaciones para resolver dudas sobre las fluctuaciones de la normativa laboral. <\/p>\n<p class=\"com-paragraph   --s\">Por ejemplo, las empresas tuvieron que interiorizarse sobre cu\u00e1les fueron los 82 art\u00edculos de la nueva ley de modernizaci\u00f3n que estaban suspendidos, para no aplicarlos, pero luego se suspendi\u00f3 la suspensi\u00f3n, quiz\u00e1s temporariamente. Para de Diego, \u201c<strong>la mitad de la ley (que tiene 200 art\u00edculos) es muy buena; hay que mejorar un 30% y el otro 20% va a ser objetado por la Justicia y podr\u00eda ser derogado<\/strong>. Este proceso tendr\u00eda una duraci\u00f3n de un a\u00f1o\u201d. <\/p>\n<p class=\"com-paragraph   --s\">\u201cEl objetivo de esta ley es ir desde un sistema judicializado a uno previsible\u201d, coment\u00f3 el abogado laboralista Ricardo Foglia, en el marco de un encuentro con referentes del mundo empresarial. \u201cUn sistema no puede funcionar en base a litigios\u201d. Agreg\u00f3 que \u201cla ley rige, pero <strong>el tema de fondo es si es o no constitucional. <\/strong>Esto todav\u00eda no est\u00e1 definido\u00bb. Por otro lado, no descart\u00f3 nuevos cambios en caso de que en 2027 haya otro gobierno, una posibilidad que tambi\u00e9n podr\u00eda complicar la continuidad de algunos art\u00edculos de la ley.<\/p>\n<p class=\"com-paragraph   --s\">La reciente reforma laboral y el impacto en el trabajo de cada d\u00eda fue el tema principal del encuentro <em>Marval Human Resources Conference 2026 (Mahrc)<\/em>. En ese marco, Osorio dijo que uno de los art\u00edculos suspendidos (pero hoy vigentes) es el tope para los aportes sindicales. Sin embargo, \u201csi hoy una compa\u00f1\u00eda pretende aplicar este tope va a enfrentar un nivel de riesgo bastante alto, sobre todo en materia de conflicto con el sindicato\u201d, asegur\u00f3. <\/p>\n<p class=\"com-paragraph   --s\">De Diego agreg\u00f3 que desde el estudio est\u00e1n aconsejando <strong>aplicar la ley en todos los temas que ofrecen menor vulnerabilidad, y<\/strong> <strong>actuar con mucho cuidado en los aspectos de la ley que la Justicia puede dar vuelta<\/strong>. Algunas zonas seguras de la ley son el banco de horas, el fraccionamiento de las vacaciones, el per\u00edodo de prueba de seis meses y el r\u00e9gimen de asambleas porque, dice, eran medidas de fuerza encubiertas. Recomend\u00f3 adherirse al blanqueo por considerarlo \u201cuna buena oportunidad\u201d para todas las empresas, incluyendo las m\u00e1s peque\u00f1as. <\/p>\n<p class=\"com-paragraph   --s\">Con respecto al c\u00e1lculo de las indemnizaciones, consider\u00f3 que las empresas pueden tomar algunas precauciones, como <strong>homologar los acuerdos<\/strong>, algo que no permite la revisi\u00f3n judicial. Por otro lado, De Diego sostuvo que es m\u00e1s \u201criesgoso\u201d suprimir aportes y contribuciones a los sindicatos, ya que est\u00e1n pactados a trav\u00e9s de los convenios colectivos y homologados por la autoridad de aplicaci\u00f3n. \u201cAqu\u00ed habr\u00e1 fallos en contra\u201d, asegur\u00f3 el laboralista. <\/p>\n<p class=\"com-paragraph   --s\">Junto con Manuel Mar\u00eda de la Torre, tambi\u00e9n de Marval, O\u2019Farrell &amp; Mairal, Osorio hizo un an\u00e1lisis de las principales reformas al r\u00e9gimen laboral argentino. Algunos de los institutos que la ley modifica, incorpora o reconfigura son:<\/p>\n<p class=\"com-paragraph   --s\"><strong>&#8211; Subcontrataci\u00f3n y delegaci\u00f3n: <\/strong>la<strong> responsabilidad solidaria no procede cuando la subcontrataci\u00f3n involucra tareas accesorias o secundarias. <\/strong>El empleador debe exigir a los contratistas o subcontratistas que cumplan con las normas laborales, pero no es responsable ante la falsedad de la informaci\u00f3n brindada. <\/p>\n<p class=\"com-paragraph   --s\"><strong>&#8211; Despido en el contrato a plazo fijo: <\/strong>la indemnizaci\u00f3n se calcular\u00e1 considerando la antig\u00fcedad que el trabajador habr\u00eda acumulado hasta la fecha de finalizaci\u00f3n del plazo originariamente pactado. La nueva norma mantiene la estructura b\u00e1sica de un mes de sueldo por cada a\u00f1o de servicio o fracci\u00f3n mayor de tres meses, pero introduce precisiones relevantes sobre la base de c\u00e1lculo. La remuneraci\u00f3n computable es la <strong>devengada y pagada en cada mes calendario<\/strong>, excluyendo conceptos no mensuales como el Sueldo Anual Complementario (SAC), las vacaciones y los premios no mensuales.<\/p>\n<p class=\"com-paragraph   --s\">&#8211; Se establece tambi\u00e9n que la indemnizaci\u00f3n constituye la \u00fanica reparaci\u00f3n procedente frente al despido sin justa causa, y que<strong> su percepci\u00f3n implica la extinci\u00f3n definitiva de cualquier reclamo vinculado al despido<\/strong>, con la sola excepci\u00f3n de acciones basadas en il\u00edcitos penales.<\/p>\n<p class=\"com-paragraph   --s\"><strong>&#8211; Banco de horas: <\/strong>se habilita que las horas trabajadas por encima de la jornada habitual no deban necesariamente abonarse como horas extras, sino que puedan acumularse y compensarse posteriormente con tiempo libre. De esta manera, se introduce una alternativa al r\u00e9gimen tradicional de la Ley de Jornada 11.544, que establece l\u00edmites de ocho horas diarias o 48 semanales y recargos salariales del 50% o 100% para las horas excedentes. <strong>El nuevo sistema no elimina ese marco<\/strong>, sino que lo complementa con una l\u00f3gica compensatoria basada en el uso del tiempo.<\/p>\n<p class=\"com-paragraph   --s\"><strong>&#8211; Pago en juicio: <\/strong>incorpora la posibilidad de que las sentencias condenatorias sean canceladas en cuotas: hasta seis mensuales para grandes empresas y hasta doce para pymes. <\/p>\n<p class=\"com-paragraph   --s\"><strong>&#8211; Precedentes obligatorios de la CSJN: <\/strong>dispone que los jueces que resuelvan causas laborales deber\u00e1n adecuar obligatoriamente sus decisiones a los precedentes de la Corte Suprema de Justicia de la Naci\u00f3n, y que el apartamiento infundado constituir\u00e1 <strong>causal de mal desempe\u00f1o<\/strong>. Esta disposici\u00f3n procura reducir la disparidad de criterios judiciales que genera incertidumbre tanto para trabajadores como para empleadores.<\/p>\n<p class=\"com-paragraph   --s\"><strong>&#8211; R\u00e9gimen de plataformas tecnol\u00f3gicas: <\/strong>el nuevo r\u00e9gimen reconoce expresamente la independencia de quienes prestan estos servicios, consagrando su libertad de conexi\u00f3n, de horarios, de aceptar o rechazar solicitudes y de elegir el medio de transporte. Entre los derechos reconocidos se incluyen el acceso a un seguro de accidentes personales, la portabilidad de datos y la percepci\u00f3n del cien por ciento de las propinas. La ley aclara expresamente que estos derechos no constituyen indicios de relaci\u00f3n laboral, subordinaci\u00f3n o dependencia, y que la vinculaci\u00f3n se rige supletoriamente por el C\u00f3digo Civil y Comercial.<\/p>\n<p class=\"com-paragraph   --s\">Otros son la posible modificaci\u00f3n de las formas y modalidades de trabajo, el convenio por empresa, que estar\u00eda por encima del convenio por actividad y los detalles del Fondo de Asistencia laboral (FAL), entre otros.<\/p>\n<section class=\"container-center-100 mb-40 border border-bottom border-thin border-neutral-light-700\">\n<hr\/>\n<\/section>\n<\/div>\n<p><script id=\"facebookpixel\" defer=\"\" type=\"text\/javascript\">\n        !function(f,b,e,v,n,t,s)\n        {if(f.fbq)return;n=f.fbq=function(){n.callMethod?\n        n.callMethod.apply(n,arguments):n.queue.push(arguments)};\n        if(!f._fbq)f._fbq=n;n.push=n;n.loaded=!0;n.version='2.0';\n        n.queue=[];t=b.createElement(e);t.async=!0;\n        t.src=v;s=b.getElementsByTagName(e)[0];\n        s.parentNode.insertBefore(t,s)}(window, document,'script',\n        'https:\/\/connect.facebook.net\/en_US\/fbevents.js');\n        fbq('init', '492459597522335');\n        fbq('track', 'PageView');\n    <\/script><\/p>\n","protected":false},"excerpt":{"rendered":"<p>Las marchas y contramarchas judiciales de la nueva Ley de Modernizaci\u00f3n Laboral siembran dudas en las empresas. Pese a que est\u00e1 plenamente vigente, no se descarta que alguno de los recursos legales que intentan modificar o derogar art\u00edculos llegue a buen puerto. Ese sinuoso camino a\u00fan pesa en la decisi\u00f3n de impulsar cambios dentro de [&hellip;]<\/p>\n","protected":false},"author":1,"featured_media":194247,"comment_status":"closed","ping_status":"closed","sticky":false,"template":"","format":"standard","meta":{"footnotes":""},"categories":[28],"tags":[],"class_list":["post-194246","post","type-post","status-publish","format-standard","has-post-thumbnail","hentry","category-economia"],"yoast_head":"<!-- This site is optimized with the Yoast SEO plugin v24.4 - https:\/\/yoast.com\/wordpress\/plugins\/seo\/ -->\n<title>Reforma laboral: las marchas y contramarchas generan dudas en el \u00e1mbito empresarial - GYS NOTICIAS |<\/title>\n<meta name=\"robots\" content=\"index, follow, max-snippet:-1, max-image-preview:large, max-video-preview:-1\" \/>\n<link rel=\"canonical\" href=\"https:\/\/gysfm.com.ar\/inicio\/reforma-laboral-las-marchas-y-contramarchas-generan-dudas-en-el-ambito-empresarial\/\" \/>\n<meta property=\"og:locale\" content=\"es_ES\" \/>\n<meta property=\"og:type\" content=\"article\" \/>\n<meta property=\"og:title\" content=\"Reforma laboral: las marchas y contramarchas generan dudas en el \u00e1mbito empresarial - GYS NOTICIAS |\" \/>\n<meta property=\"og:description\" content=\"Las marchas y contramarchas judiciales de la nueva Ley de Modernizaci\u00f3n Laboral siembran dudas en las empresas. Pese a que est\u00e1 plenamente vigente, no se descarta que alguno de los recursos legales que intentan modificar o derogar art\u00edculos llegue a buen puerto. Ese sinuoso camino a\u00fan pesa en la decisi\u00f3n de impulsar cambios dentro de [&hellip;]\" \/>\n<meta property=\"og:url\" content=\"https:\/\/gysfm.com.ar\/inicio\/reforma-laboral-las-marchas-y-contramarchas-generan-dudas-en-el-ambito-empresarial\/\" \/>\n<meta property=\"og:site_name\" content=\"GYS NOTICIAS |\" \/>\n<meta property=\"article:published_time\" content=\"2026-05-02T10:21:21+00:00\" \/>\n<meta property=\"og:image\" content=\"https:\/\/gysfm.com.ar\/inicio\/wp-content\/uploads\/2026\/05\/aprobacion-de-la-reforma-laboral-en-el-2FAFMZCVTJBFJJBKXWT7ZJC3ZY.JPG\" \/>\n\t<meta property=\"og:image:width\" content=\"1200\" \/>\n\t<meta property=\"og:image:height\" content=\"800\" \/>\n\t<meta property=\"og:image:type\" content=\"image\/jpeg\" \/>\n<meta name=\"author\" content=\"admin\" \/>\n<meta name=\"twitter:card\" content=\"summary_large_image\" \/>\n<meta name=\"twitter:label1\" content=\"Escrito por\" \/>\n\t<meta name=\"twitter:data1\" content=\"admin\" \/>\n\t<meta name=\"twitter:label2\" content=\"Tiempo de lectura\" \/>\n\t<meta name=\"twitter:data2\" content=\"7 minutos\" \/>\n<script type=\"application\/ld+json\" class=\"yoast-schema-graph\">{\"@context\":\"https:\/\/schema.org\",\"@graph\":[{\"@type\":\"Article\",\"@id\":\"https:\/\/gysfm.com.ar\/inicio\/reforma-laboral-las-marchas-y-contramarchas-generan-dudas-en-el-ambito-empresarial\/#article\",\"isPartOf\":{\"@id\":\"https:\/\/gysfm.com.ar\/inicio\/reforma-laboral-las-marchas-y-contramarchas-generan-dudas-en-el-ambito-empresarial\/\"},\"author\":{\"name\":\"admin\",\"@id\":\"https:\/\/gysfm.com.ar\/inicio\/#\/schema\/person\/5bedd7ecd35cc35548d89effafa23696\"},\"headline\":\"Reforma laboral: las marchas y contramarchas generan dudas en el \u00e1mbito empresarial\",\"datePublished\":\"2026-05-02T10:21:21+00:00\",\"mainEntityOfPage\":{\"@id\":\"https:\/\/gysfm.com.ar\/inicio\/reforma-laboral-las-marchas-y-contramarchas-generan-dudas-en-el-ambito-empresarial\/\"},\"wordCount\":1450,\"publisher\":{\"@id\":\"https:\/\/gysfm.com.ar\/inicio\/#organization\"},\"image\":{\"@id\":\"https:\/\/gysfm.com.ar\/inicio\/reforma-laboral-las-marchas-y-contramarchas-generan-dudas-en-el-ambito-empresarial\/#primaryimage\"},\"thumbnailUrl\":\"https:\/\/gysfm.com.ar\/inicio\/wp-content\/uploads\/2026\/05\/aprobacion-de-la-reforma-laboral-en-el-2FAFMZCVTJBFJJBKXWT7ZJC3ZY.JPG\",\"articleSection\":[\"ECONOMIA\"],\"inLanguage\":\"es\"},{\"@type\":\"WebPage\",\"@id\":\"https:\/\/gysfm.com.ar\/inicio\/reforma-laboral-las-marchas-y-contramarchas-generan-dudas-en-el-ambito-empresarial\/\",\"url\":\"https:\/\/gysfm.com.ar\/inicio\/reforma-laboral-las-marchas-y-contramarchas-generan-dudas-en-el-ambito-empresarial\/\",\"name\":\"Reforma laboral: las marchas y contramarchas generan dudas en el \u00e1mbito empresarial - GYS NOTICIAS |\",\"isPartOf\":{\"@id\":\"https:\/\/gysfm.com.ar\/inicio\/#website\"},\"primaryImageOfPage\":{\"@id\":\"https:\/\/gysfm.com.ar\/inicio\/reforma-laboral-las-marchas-y-contramarchas-generan-dudas-en-el-ambito-empresarial\/#primaryimage\"},\"image\":{\"@id\":\"https:\/\/gysfm.com.ar\/inicio\/reforma-laboral-las-marchas-y-contramarchas-generan-dudas-en-el-ambito-empresarial\/#primaryimage\"},\"thumbnailUrl\":\"https:\/\/gysfm.com.ar\/inicio\/wp-content\/uploads\/2026\/05\/aprobacion-de-la-reforma-laboral-en-el-2FAFMZCVTJBFJJBKXWT7ZJC3ZY.JPG\",\"datePublished\":\"2026-05-02T10:21:21+00:00\",\"breadcrumb\":{\"@id\":\"https:\/\/gysfm.com.ar\/inicio\/reforma-laboral-las-marchas-y-contramarchas-generan-dudas-en-el-ambito-empresarial\/#breadcrumb\"},\"inLanguage\":\"es\",\"potentialAction\":[{\"@type\":\"ReadAction\",\"target\":[\"https:\/\/gysfm.com.ar\/inicio\/reforma-laboral-las-marchas-y-contramarchas-generan-dudas-en-el-ambito-empresarial\/\"]}]},{\"@type\":\"ImageObject\",\"inLanguage\":\"es\",\"@id\":\"https:\/\/gysfm.com.ar\/inicio\/reforma-laboral-las-marchas-y-contramarchas-generan-dudas-en-el-ambito-empresarial\/#primaryimage\",\"url\":\"https:\/\/gysfm.com.ar\/inicio\/wp-content\/uploads\/2026\/05\/aprobacion-de-la-reforma-laboral-en-el-2FAFMZCVTJBFJJBKXWT7ZJC3ZY.JPG\",\"contentUrl\":\"https:\/\/gysfm.com.ar\/inicio\/wp-content\/uploads\/2026\/05\/aprobacion-de-la-reforma-laboral-en-el-2FAFMZCVTJBFJJBKXWT7ZJC3ZY.JPG\",\"width\":1200,\"height\":800},{\"@type\":\"BreadcrumbList\",\"@id\":\"https:\/\/gysfm.com.ar\/inicio\/reforma-laboral-las-marchas-y-contramarchas-generan-dudas-en-el-ambito-empresarial\/#breadcrumb\",\"itemListElement\":[{\"@type\":\"ListItem\",\"position\":1,\"name\":\"Portada\",\"item\":\"https:\/\/gysfm.com.ar\/inicio\/\"},{\"@type\":\"ListItem\",\"position\":2,\"name\":\"Reforma laboral: las marchas y contramarchas generan dudas en el \u00e1mbito empresarial\"}]},{\"@type\":\"WebSite\",\"@id\":\"https:\/\/gysfm.com.ar\/inicio\/#website\",\"url\":\"https:\/\/gysfm.com.ar\/inicio\/\",\"name\":\"GYS NOTICIAS |\",\"description\":\"DIARIO - RADIO ONLINE SAN JUAN ARGENTINA\",\"publisher\":{\"@id\":\"https:\/\/gysfm.com.ar\/inicio\/#organization\"},\"potentialAction\":[{\"@type\":\"SearchAction\",\"target\":{\"@type\":\"EntryPoint\",\"urlTemplate\":\"https:\/\/gysfm.com.ar\/inicio\/?s={search_term_string}\"},\"query-input\":{\"@type\":\"PropertyValueSpecification\",\"valueRequired\":true,\"valueName\":\"search_term_string\"}}],\"inLanguage\":\"es\"},{\"@type\":\"Organization\",\"@id\":\"https:\/\/gysfm.com.ar\/inicio\/#organization\",\"name\":\"GYS NOTICIAS |\",\"url\":\"https:\/\/gysfm.com.ar\/inicio\/\",\"logo\":{\"@type\":\"ImageObject\",\"inLanguage\":\"es\",\"@id\":\"https:\/\/gysfm.com.ar\/inicio\/#\/schema\/logo\/image\/\",\"url\":\"https:\/\/gysfm.com.ar\/inicio\/wp-content\/uploads\/2023\/07\/LOGOGYS-OK.png\",\"contentUrl\":\"https:\/\/gysfm.com.ar\/inicio\/wp-content\/uploads\/2023\/07\/LOGOGYS-OK.png\",\"width\":1170,\"height\":872,\"caption\":\"GYS NOTICIAS |\"},\"image\":{\"@id\":\"https:\/\/gysfm.com.ar\/inicio\/#\/schema\/logo\/image\/\"}},{\"@type\":\"Person\",\"@id\":\"https:\/\/gysfm.com.ar\/inicio\/#\/schema\/person\/5bedd7ecd35cc35548d89effafa23696\",\"name\":\"admin\",\"image\":{\"@type\":\"ImageObject\",\"inLanguage\":\"es\",\"@id\":\"https:\/\/gysfm.com.ar\/inicio\/#\/schema\/person\/image\/\",\"url\":\"https:\/\/secure.gravatar.com\/avatar\/c331d312b5243fb64d5ba28108a447b27c925295129a363082c9ea52c28d32c2?s=96&d=mm&r=g\",\"contentUrl\":\"https:\/\/secure.gravatar.com\/avatar\/c331d312b5243fb64d5ba28108a447b27c925295129a363082c9ea52c28d32c2?s=96&d=mm&r=g\",\"caption\":\"admin\"},\"sameAs\":[\"https:\/\/gysfm.com.ar\/inicio\"],\"url\":\"https:\/\/gysfm.com.ar\/inicio\/author\/admin\/\"}]}<\/script>\n<!-- \/ Yoast SEO plugin. -->","yoast_head_json":{"title":"Reforma laboral: las marchas y contramarchas generan dudas en el \u00e1mbito empresarial - GYS NOTICIAS |","robots":{"index":"index","follow":"follow","max-snippet":"max-snippet:-1","max-image-preview":"max-image-preview:large","max-video-preview":"max-video-preview:-1"},"canonical":"https:\/\/gysfm.com.ar\/inicio\/reforma-laboral-las-marchas-y-contramarchas-generan-dudas-en-el-ambito-empresarial\/","og_locale":"es_ES","og_type":"article","og_title":"Reforma laboral: las marchas y contramarchas generan dudas en el \u00e1mbito empresarial - GYS NOTICIAS |","og_description":"Las marchas y contramarchas judiciales de la nueva Ley de Modernizaci\u00f3n Laboral siembran dudas en las empresas. Pese a que est\u00e1 plenamente vigente, no se descarta que alguno de los recursos legales que intentan modificar o derogar art\u00edculos llegue a buen puerto. Ese sinuoso camino a\u00fan pesa en la decisi\u00f3n de impulsar cambios dentro de [&hellip;]","og_url":"https:\/\/gysfm.com.ar\/inicio\/reforma-laboral-las-marchas-y-contramarchas-generan-dudas-en-el-ambito-empresarial\/","og_site_name":"GYS NOTICIAS |","article_published_time":"2026-05-02T10:21:21+00:00","og_image":[{"width":1200,"height":800,"url":"https:\/\/gysfm.com.ar\/inicio\/wp-content\/uploads\/2026\/05\/aprobacion-de-la-reforma-laboral-en-el-2FAFMZCVTJBFJJBKXWT7ZJC3ZY.JPG","type":"image\/jpeg"}],"author":"admin","twitter_card":"summary_large_image","twitter_misc":{"Escrito por":"admin","Tiempo de lectura":"7 minutos"},"schema":{"@context":"https:\/\/schema.org","@graph":[{"@type":"Article","@id":"https:\/\/gysfm.com.ar\/inicio\/reforma-laboral-las-marchas-y-contramarchas-generan-dudas-en-el-ambito-empresarial\/#article","isPartOf":{"@id":"https:\/\/gysfm.com.ar\/inicio\/reforma-laboral-las-marchas-y-contramarchas-generan-dudas-en-el-ambito-empresarial\/"},"author":{"name":"admin","@id":"https:\/\/gysfm.com.ar\/inicio\/#\/schema\/person\/5bedd7ecd35cc35548d89effafa23696"},"headline":"Reforma laboral: las marchas y contramarchas generan dudas en el \u00e1mbito empresarial","datePublished":"2026-05-02T10:21:21+00:00","mainEntityOfPage":{"@id":"https:\/\/gysfm.com.ar\/inicio\/reforma-laboral-las-marchas-y-contramarchas-generan-dudas-en-el-ambito-empresarial\/"},"wordCount":1450,"publisher":{"@id":"https:\/\/gysfm.com.ar\/inicio\/#organization"},"image":{"@id":"https:\/\/gysfm.com.ar\/inicio\/reforma-laboral-las-marchas-y-contramarchas-generan-dudas-en-el-ambito-empresarial\/#primaryimage"},"thumbnailUrl":"https:\/\/gysfm.com.ar\/inicio\/wp-content\/uploads\/2026\/05\/aprobacion-de-la-reforma-laboral-en-el-2FAFMZCVTJBFJJBKXWT7ZJC3ZY.JPG","articleSection":["ECONOMIA"],"inLanguage":"es"},{"@type":"WebPage","@id":"https:\/\/gysfm.com.ar\/inicio\/reforma-laboral-las-marchas-y-contramarchas-generan-dudas-en-el-ambito-empresarial\/","url":"https:\/\/gysfm.com.ar\/inicio\/reforma-laboral-las-marchas-y-contramarchas-generan-dudas-en-el-ambito-empresarial\/","name":"Reforma laboral: las marchas y contramarchas generan dudas en el \u00e1mbito empresarial - GYS NOTICIAS |","isPartOf":{"@id":"https:\/\/gysfm.com.ar\/inicio\/#website"},"primaryImageOfPage":{"@id":"https:\/\/gysfm.com.ar\/inicio\/reforma-laboral-las-marchas-y-contramarchas-generan-dudas-en-el-ambito-empresarial\/#primaryimage"},"image":{"@id":"https:\/\/gysfm.com.ar\/inicio\/reforma-laboral-las-marchas-y-contramarchas-generan-dudas-en-el-ambito-empresarial\/#primaryimage"},"thumbnailUrl":"https:\/\/gysfm.com.ar\/inicio\/wp-content\/uploads\/2026\/05\/aprobacion-de-la-reforma-laboral-en-el-2FAFMZCVTJBFJJBKXWT7ZJC3ZY.JPG","datePublished":"2026-05-02T10:21:21+00:00","breadcrumb":{"@id":"https:\/\/gysfm.com.ar\/inicio\/reforma-laboral-las-marchas-y-contramarchas-generan-dudas-en-el-ambito-empresarial\/#breadcrumb"},"inLanguage":"es","potentialAction":[{"@type":"ReadAction","target":["https:\/\/gysfm.com.ar\/inicio\/reforma-laboral-las-marchas-y-contramarchas-generan-dudas-en-el-ambito-empresarial\/"]}]},{"@type":"ImageObject","inLanguage":"es","@id":"https:\/\/gysfm.com.ar\/inicio\/reforma-laboral-las-marchas-y-contramarchas-generan-dudas-en-el-ambito-empresarial\/#primaryimage","url":"https:\/\/gysfm.com.ar\/inicio\/wp-content\/uploads\/2026\/05\/aprobacion-de-la-reforma-laboral-en-el-2FAFMZCVTJBFJJBKXWT7ZJC3ZY.JPG","contentUrl":"https:\/\/gysfm.com.ar\/inicio\/wp-content\/uploads\/2026\/05\/aprobacion-de-la-reforma-laboral-en-el-2FAFMZCVTJBFJJBKXWT7ZJC3ZY.JPG","width":1200,"height":800},{"@type":"BreadcrumbList","@id":"https:\/\/gysfm.com.ar\/inicio\/reforma-laboral-las-marchas-y-contramarchas-generan-dudas-en-el-ambito-empresarial\/#breadcrumb","itemListElement":[{"@type":"ListItem","position":1,"name":"Portada","item":"https:\/\/gysfm.com.ar\/inicio\/"},{"@type":"ListItem","position":2,"name":"Reforma laboral: las marchas y contramarchas generan dudas en el \u00e1mbito empresarial"}]},{"@type":"WebSite","@id":"https:\/\/gysfm.com.ar\/inicio\/#website","url":"https:\/\/gysfm.com.ar\/inicio\/","name":"GYS NOTICIAS |","description":"DIARIO - RADIO ONLINE SAN JUAN ARGENTINA","publisher":{"@id":"https:\/\/gysfm.com.ar\/inicio\/#organization"},"potentialAction":[{"@type":"SearchAction","target":{"@type":"EntryPoint","urlTemplate":"https:\/\/gysfm.com.ar\/inicio\/?s={search_term_string}"},"query-input":{"@type":"PropertyValueSpecification","valueRequired":true,"valueName":"search_term_string"}}],"inLanguage":"es"},{"@type":"Organization","@id":"https:\/\/gysfm.com.ar\/inicio\/#organization","name":"GYS NOTICIAS |","url":"https:\/\/gysfm.com.ar\/inicio\/","logo":{"@type":"ImageObject","inLanguage":"es","@id":"https:\/\/gysfm.com.ar\/inicio\/#\/schema\/logo\/image\/","url":"https:\/\/gysfm.com.ar\/inicio\/wp-content\/uploads\/2023\/07\/LOGOGYS-OK.png","contentUrl":"https:\/\/gysfm.com.ar\/inicio\/wp-content\/uploads\/2023\/07\/LOGOGYS-OK.png","width":1170,"height":872,"caption":"GYS NOTICIAS |"},"image":{"@id":"https:\/\/gysfm.com.ar\/inicio\/#\/schema\/logo\/image\/"}},{"@type":"Person","@id":"https:\/\/gysfm.com.ar\/inicio\/#\/schema\/person\/5bedd7ecd35cc35548d89effafa23696","name":"admin","image":{"@type":"ImageObject","inLanguage":"es","@id":"https:\/\/gysfm.com.ar\/inicio\/#\/schema\/person\/image\/","url":"https:\/\/secure.gravatar.com\/avatar\/c331d312b5243fb64d5ba28108a447b27c925295129a363082c9ea52c28d32c2?s=96&d=mm&r=g","contentUrl":"https:\/\/secure.gravatar.com\/avatar\/c331d312b5243fb64d5ba28108a447b27c925295129a363082c9ea52c28d32c2?s=96&d=mm&r=g","caption":"admin"},"sameAs":["https:\/\/gysfm.com.ar\/inicio"],"url":"https:\/\/gysfm.com.ar\/inicio\/author\/admin\/"}]}},"_links":{"self":[{"href":"https:\/\/gysfm.com.ar\/inicio\/wp-json\/wp\/v2\/posts\/194246","targetHints":{"allow":["GET"]}}],"collection":[{"href":"https:\/\/gysfm.com.ar\/inicio\/wp-json\/wp\/v2\/posts"}],"about":[{"href":"https:\/\/gysfm.com.ar\/inicio\/wp-json\/wp\/v2\/types\/post"}],"author":[{"embeddable":true,"href":"https:\/\/gysfm.com.ar\/inicio\/wp-json\/wp\/v2\/users\/1"}],"replies":[{"embeddable":true,"href":"https:\/\/gysfm.com.ar\/inicio\/wp-json\/wp\/v2\/comments?post=194246"}],"version-history":[{"count":1,"href":"https:\/\/gysfm.com.ar\/inicio\/wp-json\/wp\/v2\/posts\/194246\/revisions"}],"predecessor-version":[{"id":194248,"href":"https:\/\/gysfm.com.ar\/inicio\/wp-json\/wp\/v2\/posts\/194246\/revisions\/194248"}],"wp:featuredmedia":[{"embeddable":true,"href":"https:\/\/gysfm.com.ar\/inicio\/wp-json\/wp\/v2\/media\/194247"}],"wp:attachment":[{"href":"https:\/\/gysfm.com.ar\/inicio\/wp-json\/wp\/v2\/media?parent=194246"}],"wp:term":[{"taxonomy":"category","embeddable":true,"href":"https:\/\/gysfm.com.ar\/inicio\/wp-json\/wp\/v2\/categories?post=194246"},{"taxonomy":"post_tag","embeddable":true,"href":"https:\/\/gysfm.com.ar\/inicio\/wp-json\/wp\/v2\/tags?post=194246"}],"curies":[{"name":"wp","href":"https:\/\/api.w.org\/{rel}","templated":true}]}}