{"id":194243,"date":"2026-05-02T07:19:05","date_gmt":"2026-05-02T10:19:05","guid":{"rendered":"https:\/\/gysfm.com.ar\/inicio\/trump-desafia-el-plazo-legal-de-la-guerra-y-rechaza-una-nueva-propuesta-de-acuerdo-de-iran\/"},"modified":"2026-05-02T07:19:06","modified_gmt":"2026-05-02T10:19:06","slug":"trump-desafia-el-plazo-legal-de-la-guerra-y-rechaza-una-nueva-propuesta-de-acuerdo-de-iran","status":"publish","type":"post","link":"https:\/\/gysfm.com.ar\/inicio\/trump-desafia-el-plazo-legal-de-la-guerra-y-rechaza-una-nueva-propuesta-de-acuerdo-de-iran\/","title":{"rendered":"Trump desaf\u00eda el plazo legal de la guerra y rechaza una nueva propuesta de acuerdo de Ir\u00e1n"},"content":{"rendered":"<p> <br \/>\n<\/p>\n<div>\n<p class=\"com-paragraph  --capital --s\">WASHINGTON.\u2013 En medio del<strong> fr\u00e1gil alto el fuego<\/strong> <strong>entre <\/strong><a href=\"https:\/\/www.lanacion.com.ar\/el-mundo\/guerra-de-estados-unidos-e-israel-contra-iran-en-vivo-tension-en-medio-oriente-hoy-jueves-30-de-nid30042026\/\" target=\"_self\" title=\"https:\/\/www.lanacion.com.ar\/el-mundo\/guerra-de-estados-unidos-e-israel-contra-iran-en-vivo-tension-en-medio-oriente-hoy-jueves-30-de-nid30042026\/\" class=\"com-link break-word\" data-mrf-recirculation=\"n_link_parrafo\"><strong>Estados Unidos e Ir\u00e1n<\/strong><\/a> y ante la expectativa por el curso de las <strong>negociaciones<\/strong>, el presidente de Estados Unidos, Donald Trump, desaf\u00edo el plazo legal de 60 d\u00edas para continuar las operaciones militares y adem\u00e1s dijo no estar satisfecho con una nueva propuesta de acuerdo que present\u00f3 v\u00eda Pakist\u00e1n el r\u00e9gimen isl\u00e1mico. <\/p>\n<p class=\"com-paragraph   --s\">La Casa Blanca<strong> dijo al Congreso en una carta enviada el viernes que las hostilidades con Ir\u00e1n \u201cterminaron\u201d<\/strong>, pese a la presencia continua de fuerzas armadas estadounidenses en la regi\u00f3n.<\/p>\n<p class=\"com-paragraph   --s\">En la pr\u00e1ctica, el mensaje del presidente Donald Trump elude el plazo legal del 1\u00b0 de mayo para obtener la aprobaci\u00f3n de los miembros del Congreso a fin de continuar la guerra con Ir\u00e1n. Ese plazo ya iba a vencer sin que hubiera ninguna acci\u00f3n por parte de los legisladores republicanos, que dejan la decisi\u00f3n en manos del presidente.<\/p>\n<div class=\"content-media\">\n<section role=\"button\" class=\"mod-media   \">\n<figure role=\"button\" tabindex=\"0\" class=\"mod-figure \"><figcaption class=\"mod-figcaption\"><span class=\"com-text --caption --twoxs\">El Marine One con Donald Trump despega de la Casa Blanca mientras manifestantes marchan en el National Mall por el 1\u00b0 de mayo en Washington<\/span><span class=\"com-text --credit --twoxs\">Rahmat Gul &#8211; FR172204 AP<\/span><\/figcaption><\/figure>\n<\/section>\n<\/div>\n<p class=\"com-paragraph   --s\">La carta pone de relieve de manera contundente <strong>la afirmaci\u00f3n audaz, pero jur\u00eddicamente cuestionable, del poder presidencial que est\u00e1 en el centro de la guerra de Trump<\/strong>, que inici\u00f3 sin aprobaci\u00f3n del Congreso hace dos meses.<\/p>\n<p class=\"com-paragraph   --s\">\u201cLas hostilidades que comenzaron el 28 de febrero de 2026 han terminado\u201d, escribi\u00f3 Trump al presidente de la C\u00e1mara de Representantes, Mike Johnson, legislador republicano de Luisiana, y al senador republicano de Iowa Chuck Grassley, presidente pro tempore del Senado.<\/p>\n<p class=\"com-paragraph   --s\">Sin embargo, tambi\u00e9n dej\u00f3 claro que la guerra podr\u00eda estar lejos de haber terminado.<\/p>\n<p class=\"com-paragraph   --s\">\u201cA pesar del \u00e9xito de las operaciones de Estados Unidos contra el r\u00e9gimen iran\u00ed y de los esfuerzos continuos por asegurar una paz duradera, <strong>la amenaza que representa Ir\u00e1n para Estados Unidos y nuestras Fuerzas Armadas sigue siendo significativa<\/strong>\u201d, manifest\u00f3 el presidente republicano.<\/p>\n<p class=\"com-paragraph   --s\">En virtud de la Resoluci\u00f3n de Poderes de Guerra de 1973, el Congreso debe declarar la guerra o autorizar el uso de la fuerza en un plazo de 60 d\u00edas \u2014que se cumple el viernes\u2014, o dentro de 90 d\u00edas si el presidente solicita una pr\u00f3rroga. Este Congreso no hizo ning\u00fan intento por hacer cumplir ese requisito: sali\u00f3 de la ciudad el jueves por una semana despu\u00e9s de que el Senado rechazara por sexta vez un intento dem\u00f3crata de detener la guerra.<\/p>\n<p class=\"com-paragraph   --s\">Algunos senadores republicanos est\u00e1n cada vez m\u00e1s inquietos por el calendario de la guerra, que seg\u00fan Trump, durar\u00eda unas pocas semanas. Pero la carta del mandatario mostr\u00f3 c\u00f3mo \u00e9ste sigue prescindiendo de la aprobaci\u00f3n del Congreso. Sostiene que los plazos fijados por la ley no se aplican porque la guerra en Ir\u00e1n, en los hechos, termin\u00f3 cuando comenz\u00f3 un fr\u00e1gil alto el fuego a principios de abril.<\/p>\n<p class=\"com-paragraph   --s\">La renuencia a desafiar a Trump por la guerra se produce en un momento pol\u00edticamente peligroso para los republicanos, con una creciente frustraci\u00f3n p\u00fablica por el conflicto y su impacto en los precios de la nafta. Aun as\u00ed, la mayor\u00eda de los legisladores republicanos dicen que respaldan el liderazgo de Trump en tiempos de guerra o, al menos, est\u00e1n dispuestos a darle m\u00e1s tiempo en medio del fr\u00e1gil alto el fuego.<\/p>\n<p class=\"com-paragraph   --s\">Mientras las conversaciones entre ambas partes permanecen estancadas desde hace ya varias semanas, Trump admiti\u00f3 m\u00e1s temprano que no estaba satisfecho con la nueva propuesta de Ir\u00e1n para reanudar las negociaciones de paz. <\/p>\n<p class=\"com-paragraph   --s\"><strong>\u201cEn este momento no estoy satisfecho con lo que est\u00e1n ofreciendo\u201d,<\/strong> se\u00f1al\u00f3 Trump ante la prensa. <strong>\u201cEst\u00e1n pidiendo cosas con las que no puedo estar de acuerdo\u201d,<\/strong> argument\u00f3 al respecto, si bien no brind\u00f3 detalles de las peticiones en cuesti\u00f3n. <\/p>\n<p class=\"com-paragraph   --s\">A\u00fan as\u00ed, Trump consider\u00f3 que Ir\u00e1n hab\u00eda \u201checho avances\u201d en las negociaciones, aunque volvi\u00f3 a reparar en la \u201ctremenda discordia\u201d de liderazgo en la rep\u00fablica isl\u00e1mica. <\/p>\n<p class=\"com-paragraph   --s\">Frente a este escenario, el republicano se neg\u00f3 a responder si retomar\u00e1 los ataques contra Ir\u00e1n en caso de que no llegar a un entendimiento. \u201c\u00bfQueremos ir all\u00ed y simplemente arrasarles por completo y acabar con ellos para siempre, o queremos intentar llegar a un acuerdo? Quiero decir, esas son las opciones\u201d, manifest\u00f3 Trump luego que Teher\u00e1n confirmara este viernes la presentaci\u00f3n de una nueva propuesta a Washington. <\/p>\n<p class=\"com-paragraph   --s\"><strong>\u201cLa Rep\u00fablica Isl\u00e1mica de <\/strong><a href=\"https:\/\/www.lanacion.com.ar\/el-mundo\/mojtaba-khamenei-hablo-en-la-television-irani-y-mando-una-nueva-advertencia-a-trump-nid30042026\/\" target=\"_self\" title=\"https:\/\/www.lanacion.com.ar\/el-mundo\/mojtaba-khamenei-hablo-en-la-television-irani-y-mando-una-nueva-advertencia-a-trump-nid30042026\/\" class=\"com-link break-word\" data-mrf-recirculation=\"n_link_parrafo\"><strong>Ir\u00e1n<\/strong><\/a><strong> entreg\u00f3 el jueves por la noche el texto de su \u00faltima propuesta de negociaci\u00f3n a Pakist\u00e1n, como mediador en las conversaciones con Estados Unidos\u201d<\/strong>, report\u00f3 m\u00e1s temprano la agencia oficial de noticias IRNA, sin ofrecer detalles del contenido de la iniciativa. <\/p>\n<p class=\"com-paragraph   --s\">El nuevo acercamiento ocurre despu\u00e9s que Ir\u00e1n desafiara a Trump al asegurar que <strong>la rep\u00fablica isl\u00e1mica proteger\u00eda sus \u201ccapacidades nucleares y de misiles\u201d <\/strong>como un activo nacional y que <strong>no ceder\u00eda ante el control del estrecho de Ormuz<\/strong>, una de las principales demandas de Estados Unidos para avanzar en un acuerdo de paz. <\/p>\n<p class=\"com-paragraph   --s\">Washington no ha revelado cu\u00e1les ser\u00e1n sus pr\u00f3ximos pasos. <a href=\"https:\/\/www.lanacion.com.ar\/el-mundo\/el-enfrentamiento-de-trump-con-merz-demuestra-lo-dificil-que-es-mantener-la-amistad-con-el-nid30042026\/\" target=\"_self\" title=\"https:\/\/www.lanacion.com.ar\/el-mundo\/el-enfrentamiento-de-trump-con-merz-demuestra-lo-dificil-que-es-mantener-la-amistad-con-el-nid30042026\/\" class=\"com-link break-word\" data-mrf-recirculation=\"n_link_parrafo\">Trump<\/a> -quien se mostr\u00f3 insatisfecho con la anterior propuesta de Ir\u00e1n- afirm\u00f3 que solo \u00e9l y un pu\u00f1ado de personas m\u00e1s conocen el estado de las conversaciones con con Teher\u00e1n, <strong>sugiriendo que las negociaciones avanzan a pesar de la aparente falta de progreso<\/strong>, al tiempo que reconoci\u00f3 la incertidumbre sobre el liderazgo iran\u00ed.<\/p>\n<div class=\"content-media\">\n<section role=\"button\" class=\"mod-media   \">\n<figure role=\"button\" tabindex=\"0\" class=\"mod-figure \"><figcaption class=\"mod-figcaption\"><span class=\"com-text --caption --twoxs\">Esta imagen tomada de un video por la televisora estatal iran\u00ed muestra a Mojtaba Jamenei, hijo del asesinado l\u00edder supremo de Ir\u00e1n, que ha sido nombrado nuevo gobernante de la Rep\u00fablica Isl\u00e1mica, seg\u00fan anunciaron las autoridades el lunes 9 de marzo de 2026. (TV estatal iran\u00ed via AP)<\/span><\/figcaption><\/figure>\n<\/section>\n<\/div>\n<p class=\"com-paragraph   --s\">La cadena CNN inform\u00f3 que el presidente norteamericano dijo que <strong>las negociaciones se llevan a cabo \u201cpor tel\u00e9fono\u201d <\/strong>y que su respuesta a cualquier propuesta iran\u00ed depender\u00e1 de <strong>hasta d\u00f3nde llegue Teher\u00e1n en la limitaci\u00f3n de su programa nuclear<\/strong>.<\/p>\n<p class=\"com-paragraph   --s\"><a href=\"https:\/\/www.lanacion.com.ar\/el-mundo\/trump-evalua-potentes-ataques-militares-contra-teheran-para-presionar-en-la-negociacion-nid30042026\/\" target=\"_self\" title=\"https:\/\/www.lanacion.com.ar\/el-mundo\/trump-evalua-potentes-ataques-militares-contra-teheran-para-presionar-en-la-negociacion-nid30042026\/\" class=\"com-link break-word\" data-mrf-recirculation=\"n_link_parrafo\">Estados Unidos<\/a> tambi\u00e9n sugiri\u00f3 ayer que evaluaba la posibilidad de autorizar <strong>nuevos ataques \u201ccortos pero potentes\u201d <\/strong>contra <strong>Ir\u00e1n <\/strong>a fines de <strong>presionar a Teher\u00e1n para que vuelva a sentarse en una mesa de di\u00e1logo, <\/strong>bajo una mayor apertura a la hora de negociar la cuesti\u00f3n nuclear.<\/p>\n<p class=\"com-paragraph   --s\">Seg\u00fan public\u00f3 el medio estadounidense<a href=\"https:\/\/www.axios.com\/2026\/04\/30\/trump-military-plans-iran-briefing-centcom\" target=\"_blank\" title=\"https:\/\/www.axios.com\/2026\/04\/30\/trump-military-plans-iran-briefing-centcom\" class=\"com-link break-word\" data-mrf-recirculation=\"n_link_parrafo\" rel=\"nofollow\"> Axios,<\/a> hasta ayer las autoridades militares <strong>no desestimaban la posibilidad de un desembarco de fuerzas terrestres <\/strong>con el objetivo de <strong>reabrir el estrecho de Ormuz , <\/strong>hoy pr\u00e1cticamente cerrado, de acuerdo a lo consignado por una fuente al tanto del tema.<\/p>\n<div class=\"content-media\">\n<section role=\"button\" class=\"mod-media   \">\n<figure role=\"button\" tabindex=\"0\" class=\"mod-figure \"><figcaption class=\"mod-figcaption\"><span class=\"com-text --caption --twoxs\">ARCHIVO &#8211; Un bote junto a un buque petrolero anclado en el estrecho de Ormuz, frente a la costa de la isla de Qeshm, Ir\u00e1n, el 18 de abril de 2026. (AP Foto\/Asghar Besharati\/Archivo)<\/span><span class=\"com-text --credit --twoxs\">Asghar Besharati &#8211; AP<\/span><\/figcaption><\/figure>\n<\/section>\n<\/div>\n<p class=\"com-paragraph   --s\">Pero el gobierno de Trump se enfrenta por estas horas al vencimiento del plazo legal para poner fin a la guerra o presentar ante el Congreso los argumentos para prorrogarla en virtud de la Resoluci\u00f3n de Poderes B\u00e9licos de 1973.<\/p>\n<p class=\"com-paragraph   --s\">Sin embargo, parece que la fecha pasar\u00e1 sin alterar el curso de la guerra despu\u00e9s de que un alto funcionario del Gobierno afirmara que, a efectos de la resoluci\u00f3n, las hostilidades hab\u00edan terminado debido al alto el fuego de abril entre Teher\u00e1n y Washington.<\/p>\n<p class=\"com-paragraph   --s\">En una se\u00f1al distensi\u00f3n, por su parte, el jefe del poder judicial iran\u00ed, <strong>Gholamhossein Mohseni Ejei<\/strong>, afirm\u00f3 este viernes que <strong>Teher\u00e1n est\u00e1 abierto a hablar con Estados Unidos<\/strong>, pero que no aceptar\u00e1 \u201cimposiciones\u201d bajo amenaza.<\/p>\n<p class=\"com-paragraph   --s\"><strong>\u201cLa rep\u00fablica isl\u00e1mica nunca renunci\u00f3 a las negociaciones (&#8230;) pero efectivamente no aceptamos imposiciones\u201d<\/strong>, declar\u00f3 el funcionario en un video publicado en el sitio del poder judicial <em>Mizan Online<\/em>.<\/p>\n<p class=\"com-paragraph   --s\"><strong>\u201cNo queremos la guerra; no queremos que siga\u201d<\/strong>, enfatiz\u00f3 Ejei. Pero Ir\u00e1n \u201c<strong>no va a abandonar para nada sus principios y valores ante este enemigo malicioso<\/strong>, con el objetivo de evitar la guerra o prevenir su continuaci\u00f3n\u201d, matiz\u00f3 el funcionario.<\/p>\n<p class=\"com-paragraph   --s\">Ejei insisti\u00f3 en que <strong>Washington no logr\u00f3 \u201cnada\u201d en esta guerra<\/strong>, agregando que <strong>Teher\u00e1n no va a ser intimidado<\/strong> en las negociaciones.<\/p>\n<p class=\"com-paragraph   --s\"><strong>Ir\u00e1n y Estados Unidos llevaron a cabo una sola ronda de conversaciones<\/strong>, tras instaurarse en abril una fr\u00e1gil tregua despu\u00e9s de casi 40 d\u00edas de guerra, que arrancaron con los bombardeos norteamericanos e israel\u00edes del 28 de febrero.<\/p>\n<p class=\"com-paragraph   --s\">En los \u00faltimos d\u00edas las conversaciones se estancaron, y <strong>Estados Unidos impuso un bloqueo naval a los puertos iran\u00edes<\/strong>. Teher\u00e1n a su vez mantiene casi cerrado el <strong>estrecho de Ormuz<\/strong>, v\u00eda fundamental para el tr\u00e1nsito de los hidrocarburos extra\u00eddos del Golfo.<\/p>\n<p class=\"com-paragraph   --s\">Al mismo tiempo, el ministro de Defensa israel\u00ed, <strong>Israel Katz<\/strong>, amenaz\u00f3 esta semana con <strong>la posibilidad de retomar las operaciones contra Ir\u00e1n<\/strong>.<\/p>\n<p class=\"com-paragraph   --s\"><strong>Agencias AP, AFP, ANSA y Reuters<\/strong><\/p>\n<section class=\"container-center-100 mb-40 border border-bottom border-thin border-neutral-light-700\">\n<hr\/>\n<\/section>\n<\/div>\n<p><script id=\"facebookpixel\" defer=\"\" type=\"text\/javascript\">\n        !function(f,b,e,v,n,t,s)\n        {if(f.fbq)return;n=f.fbq=function(){n.callMethod?\n        n.callMethod.apply(n,arguments):n.queue.push(arguments)};\n        if(!f._fbq)f._fbq=n;n.push=n;n.loaded=!0;n.version='2.0';\n        n.queue=[];t=b.createElement(e);t.async=!0;\n        t.src=v;s=b.getElementsByTagName(e)[0];\n        s.parentNode.insertBefore(t,s)}(window, document,'script',\n        'https:\/\/connect.facebook.net\/en_US\/fbevents.js');\n        fbq('init', '492459597522335');\n        fbq('track', 'PageView');\n    <\/script><br \/>\n<br \/><\/p>\n","protected":false},"excerpt":{"rendered":"<p>WASHINGTON.\u2013 En medio del fr\u00e1gil alto el fuego entre Estados Unidos e Ir\u00e1n y ante la expectativa por el curso de las negociaciones, el presidente de Estados Unidos, Donald Trump, desaf\u00edo el plazo legal de 60 d\u00edas para continuar las operaciones militares y adem\u00e1s dijo no estar satisfecho con una nueva propuesta de acuerdo que [&hellip;]<\/p>\n","protected":false},"author":2,"featured_media":194244,"comment_status":"closed","ping_status":"closed","sticky":false,"template":"","format":"standard","meta":{"footnotes":""},"categories":[26],"tags":[],"class_list":["post-194243","post","type-post","status-publish","format-standard","has-post-thumbnail","hentry","category-internacionales"],"yoast_head":"<!-- This site is optimized with the Yoast SEO plugin v24.4 - https:\/\/yoast.com\/wordpress\/plugins\/seo\/ -->\n<title>Trump desaf\u00eda el plazo legal de la guerra y rechaza una nueva propuesta de acuerdo de Ir\u00e1n - GYS NOTICIAS |<\/title>\n<meta name=\"robots\" content=\"index, follow, max-snippet:-1, max-image-preview:large, max-video-preview:-1\" \/>\n<link rel=\"canonical\" href=\"https:\/\/gysfm.com.ar\/inicio\/trump-desafia-el-plazo-legal-de-la-guerra-y-rechaza-una-nueva-propuesta-de-acuerdo-de-iran\/\" \/>\n<meta property=\"og:locale\" content=\"es_ES\" \/>\n<meta property=\"og:type\" content=\"article\" \/>\n<meta property=\"og:title\" content=\"Trump desaf\u00eda el plazo legal de la guerra y rechaza una nueva propuesta de acuerdo de Ir\u00e1n - GYS NOTICIAS |\" \/>\n<meta property=\"og:description\" content=\"WASHINGTON.\u2013 En medio del fr\u00e1gil alto el fuego entre Estados Unidos e Ir\u00e1n y ante la expectativa por el curso de las negociaciones, el presidente de Estados Unidos, Donald Trump, desaf\u00edo el plazo legal de 60 d\u00edas para continuar las operaciones militares y adem\u00e1s dijo no estar satisfecho con una nueva propuesta de acuerdo que [&hellip;]\" \/>\n<meta property=\"og:url\" content=\"https:\/\/gysfm.com.ar\/inicio\/trump-desafia-el-plazo-legal-de-la-guerra-y-rechaza-una-nueva-propuesta-de-acuerdo-de-iran\/\" \/>\n<meta property=\"og:site_name\" content=\"GYS NOTICIAS |\" \/>\n<meta property=\"article:published_time\" content=\"2026-05-02T10:19:05+00:00\" \/>\n<meta property=\"article:modified_time\" content=\"2026-05-02T10:19:06+00:00\" \/>\n<meta property=\"og:image\" content=\"https:\/\/gysfm.com.ar\/inicio\/wp-content\/uploads\/2026\/05\/donald-trump-hace-su-caracteristico-baile-tras-YJRBFLK5VJHH5EJFSYGEDK6S64.JPG\" \/>\n\t<meta property=\"og:image:width\" content=\"1200\" \/>\n\t<meta property=\"og:image:height\" content=\"800\" \/>\n\t<meta property=\"og:image:type\" content=\"image\/jpeg\" \/>\n<meta name=\"author\" content=\"Prensa G&amp;S FM\" \/>\n<meta name=\"twitter:card\" content=\"summary_large_image\" \/>\n<meta name=\"twitter:label1\" content=\"Escrito por\" \/>\n\t<meta name=\"twitter:data1\" content=\"Prensa G&amp;S FM\" \/>\n\t<meta name=\"twitter:label2\" content=\"Tiempo de lectura\" \/>\n\t<meta name=\"twitter:data2\" content=\"8 minutos\" \/>\n<script type=\"application\/ld+json\" class=\"yoast-schema-graph\">{\"@context\":\"https:\/\/schema.org\",\"@graph\":[{\"@type\":\"Article\",\"@id\":\"https:\/\/gysfm.com.ar\/inicio\/trump-desafia-el-plazo-legal-de-la-guerra-y-rechaza-una-nueva-propuesta-de-acuerdo-de-iran\/#article\",\"isPartOf\":{\"@id\":\"https:\/\/gysfm.com.ar\/inicio\/trump-desafia-el-plazo-legal-de-la-guerra-y-rechaza-una-nueva-propuesta-de-acuerdo-de-iran\/\"},\"author\":{\"name\":\"Prensa G&amp;S FM\",\"@id\":\"https:\/\/gysfm.com.ar\/inicio\/#\/schema\/person\/3abba7593ef2ad19e1be221d54383dc5\"},\"headline\":\"Trump desaf\u00eda el plazo legal de la guerra y rechaza una nueva propuesta de acuerdo de Ir\u00e1n\",\"datePublished\":\"2026-05-02T10:19:05+00:00\",\"dateModified\":\"2026-05-02T10:19:06+00:00\",\"mainEntityOfPage\":{\"@id\":\"https:\/\/gysfm.com.ar\/inicio\/trump-desafia-el-plazo-legal-de-la-guerra-y-rechaza-una-nueva-propuesta-de-acuerdo-de-iran\/\"},\"wordCount\":1523,\"publisher\":{\"@id\":\"https:\/\/gysfm.com.ar\/inicio\/#organization\"},\"image\":{\"@id\":\"https:\/\/gysfm.com.ar\/inicio\/trump-desafia-el-plazo-legal-de-la-guerra-y-rechaza-una-nueva-propuesta-de-acuerdo-de-iran\/#primaryimage\"},\"thumbnailUrl\":\"https:\/\/gysfm.com.ar\/inicio\/wp-content\/uploads\/2026\/05\/donald-trump-hace-su-caracteristico-baile-tras-YJRBFLK5VJHH5EJFSYGEDK6S64.JPG\",\"articleSection\":[\"INTERNACIONALES\"],\"inLanguage\":\"es\"},{\"@type\":\"WebPage\",\"@id\":\"https:\/\/gysfm.com.ar\/inicio\/trump-desafia-el-plazo-legal-de-la-guerra-y-rechaza-una-nueva-propuesta-de-acuerdo-de-iran\/\",\"url\":\"https:\/\/gysfm.com.ar\/inicio\/trump-desafia-el-plazo-legal-de-la-guerra-y-rechaza-una-nueva-propuesta-de-acuerdo-de-iran\/\",\"name\":\"Trump desaf\u00eda el plazo legal de la guerra y rechaza una nueva propuesta de acuerdo de Ir\u00e1n - GYS NOTICIAS |\",\"isPartOf\":{\"@id\":\"https:\/\/gysfm.com.ar\/inicio\/#website\"},\"primaryImageOfPage\":{\"@id\":\"https:\/\/gysfm.com.ar\/inicio\/trump-desafia-el-plazo-legal-de-la-guerra-y-rechaza-una-nueva-propuesta-de-acuerdo-de-iran\/#primaryimage\"},\"image\":{\"@id\":\"https:\/\/gysfm.com.ar\/inicio\/trump-desafia-el-plazo-legal-de-la-guerra-y-rechaza-una-nueva-propuesta-de-acuerdo-de-iran\/#primaryimage\"},\"thumbnailUrl\":\"https:\/\/gysfm.com.ar\/inicio\/wp-content\/uploads\/2026\/05\/donald-trump-hace-su-caracteristico-baile-tras-YJRBFLK5VJHH5EJFSYGEDK6S64.JPG\",\"datePublished\":\"2026-05-02T10:19:05+00:00\",\"dateModified\":\"2026-05-02T10:19:06+00:00\",\"breadcrumb\":{\"@id\":\"https:\/\/gysfm.com.ar\/inicio\/trump-desafia-el-plazo-legal-de-la-guerra-y-rechaza-una-nueva-propuesta-de-acuerdo-de-iran\/#breadcrumb\"},\"inLanguage\":\"es\",\"potentialAction\":[{\"@type\":\"ReadAction\",\"target\":[\"https:\/\/gysfm.com.ar\/inicio\/trump-desafia-el-plazo-legal-de-la-guerra-y-rechaza-una-nueva-propuesta-de-acuerdo-de-iran\/\"]}]},{\"@type\":\"ImageObject\",\"inLanguage\":\"es\",\"@id\":\"https:\/\/gysfm.com.ar\/inicio\/trump-desafia-el-plazo-legal-de-la-guerra-y-rechaza-una-nueva-propuesta-de-acuerdo-de-iran\/#primaryimage\",\"url\":\"https:\/\/gysfm.com.ar\/inicio\/wp-content\/uploads\/2026\/05\/donald-trump-hace-su-caracteristico-baile-tras-YJRBFLK5VJHH5EJFSYGEDK6S64.JPG\",\"contentUrl\":\"https:\/\/gysfm.com.ar\/inicio\/wp-content\/uploads\/2026\/05\/donald-trump-hace-su-caracteristico-baile-tras-YJRBFLK5VJHH5EJFSYGEDK6S64.JPG\",\"width\":1200,\"height\":800},{\"@type\":\"BreadcrumbList\",\"@id\":\"https:\/\/gysfm.com.ar\/inicio\/trump-desafia-el-plazo-legal-de-la-guerra-y-rechaza-una-nueva-propuesta-de-acuerdo-de-iran\/#breadcrumb\",\"itemListElement\":[{\"@type\":\"ListItem\",\"position\":1,\"name\":\"Portada\",\"item\":\"https:\/\/gysfm.com.ar\/inicio\/\"},{\"@type\":\"ListItem\",\"position\":2,\"name\":\"Trump desaf\u00eda el plazo legal de la guerra y rechaza una nueva propuesta de acuerdo de Ir\u00e1n\"}]},{\"@type\":\"WebSite\",\"@id\":\"https:\/\/gysfm.com.ar\/inicio\/#website\",\"url\":\"https:\/\/gysfm.com.ar\/inicio\/\",\"name\":\"GYS NOTICIAS |\",\"description\":\"DIARIO - RADIO ONLINE SAN JUAN ARGENTINA\",\"publisher\":{\"@id\":\"https:\/\/gysfm.com.ar\/inicio\/#organization\"},\"potentialAction\":[{\"@type\":\"SearchAction\",\"target\":{\"@type\":\"EntryPoint\",\"urlTemplate\":\"https:\/\/gysfm.com.ar\/inicio\/?s={search_term_string}\"},\"query-input\":{\"@type\":\"PropertyValueSpecification\",\"valueRequired\":true,\"valueName\":\"search_term_string\"}}],\"inLanguage\":\"es\"},{\"@type\":\"Organization\",\"@id\":\"https:\/\/gysfm.com.ar\/inicio\/#organization\",\"name\":\"GYS NOTICIAS |\",\"url\":\"https:\/\/gysfm.com.ar\/inicio\/\",\"logo\":{\"@type\":\"ImageObject\",\"inLanguage\":\"es\",\"@id\":\"https:\/\/gysfm.com.ar\/inicio\/#\/schema\/logo\/image\/\",\"url\":\"https:\/\/gysfm.com.ar\/inicio\/wp-content\/uploads\/2023\/07\/LOGOGYS-OK.png\",\"contentUrl\":\"https:\/\/gysfm.com.ar\/inicio\/wp-content\/uploads\/2023\/07\/LOGOGYS-OK.png\",\"width\":1170,\"height\":872,\"caption\":\"GYS NOTICIAS |\"},\"image\":{\"@id\":\"https:\/\/gysfm.com.ar\/inicio\/#\/schema\/logo\/image\/\"}},{\"@type\":\"Person\",\"@id\":\"https:\/\/gysfm.com.ar\/inicio\/#\/schema\/person\/3abba7593ef2ad19e1be221d54383dc5\",\"name\":\"Prensa G&amp;S FM\",\"image\":{\"@type\":\"ImageObject\",\"inLanguage\":\"es\",\"@id\":\"https:\/\/gysfm.com.ar\/inicio\/#\/schema\/person\/image\/\",\"url\":\"https:\/\/secure.gravatar.com\/avatar\/096ec78df02049ab018702bb4ccedf659377fa92a26540b5247612077a0dbd29?s=96&d=mm&r=g\",\"contentUrl\":\"https:\/\/secure.gravatar.com\/avatar\/096ec78df02049ab018702bb4ccedf659377fa92a26540b5247612077a0dbd29?s=96&d=mm&r=g\",\"caption\":\"Prensa G&amp;S FM\"},\"sameAs\":[\"https:\/\/gysfm.com.ar\/\"],\"url\":\"https:\/\/gysfm.com.ar\/inicio\/author\/lucasm\/\"}]}<\/script>\n<!-- \/ Yoast SEO plugin. -->","yoast_head_json":{"title":"Trump desaf\u00eda el plazo legal de la guerra y rechaza una nueva propuesta de acuerdo de Ir\u00e1n - GYS NOTICIAS |","robots":{"index":"index","follow":"follow","max-snippet":"max-snippet:-1","max-image-preview":"max-image-preview:large","max-video-preview":"max-video-preview:-1"},"canonical":"https:\/\/gysfm.com.ar\/inicio\/trump-desafia-el-plazo-legal-de-la-guerra-y-rechaza-una-nueva-propuesta-de-acuerdo-de-iran\/","og_locale":"es_ES","og_type":"article","og_title":"Trump desaf\u00eda el plazo legal de la guerra y rechaza una nueva propuesta de acuerdo de Ir\u00e1n - GYS NOTICIAS |","og_description":"WASHINGTON.\u2013 En medio del fr\u00e1gil alto el fuego entre Estados Unidos e Ir\u00e1n y ante la expectativa por el curso de las negociaciones, el presidente de Estados Unidos, Donald Trump, desaf\u00edo el plazo legal de 60 d\u00edas para continuar las operaciones militares y adem\u00e1s dijo no estar satisfecho con una nueva propuesta de acuerdo que [&hellip;]","og_url":"https:\/\/gysfm.com.ar\/inicio\/trump-desafia-el-plazo-legal-de-la-guerra-y-rechaza-una-nueva-propuesta-de-acuerdo-de-iran\/","og_site_name":"GYS NOTICIAS |","article_published_time":"2026-05-02T10:19:05+00:00","article_modified_time":"2026-05-02T10:19:06+00:00","og_image":[{"width":1200,"height":800,"url":"https:\/\/gysfm.com.ar\/inicio\/wp-content\/uploads\/2026\/05\/donald-trump-hace-su-caracteristico-baile-tras-YJRBFLK5VJHH5EJFSYGEDK6S64.JPG","type":"image\/jpeg"}],"author":"Prensa G&amp;S FM","twitter_card":"summary_large_image","twitter_misc":{"Escrito por":"Prensa G&amp;S FM","Tiempo de lectura":"8 minutos"},"schema":{"@context":"https:\/\/schema.org","@graph":[{"@type":"Article","@id":"https:\/\/gysfm.com.ar\/inicio\/trump-desafia-el-plazo-legal-de-la-guerra-y-rechaza-una-nueva-propuesta-de-acuerdo-de-iran\/#article","isPartOf":{"@id":"https:\/\/gysfm.com.ar\/inicio\/trump-desafia-el-plazo-legal-de-la-guerra-y-rechaza-una-nueva-propuesta-de-acuerdo-de-iran\/"},"author":{"name":"Prensa G&amp;S FM","@id":"https:\/\/gysfm.com.ar\/inicio\/#\/schema\/person\/3abba7593ef2ad19e1be221d54383dc5"},"headline":"Trump desaf\u00eda el plazo legal de la guerra y rechaza una nueva propuesta de acuerdo de Ir\u00e1n","datePublished":"2026-05-02T10:19:05+00:00","dateModified":"2026-05-02T10:19:06+00:00","mainEntityOfPage":{"@id":"https:\/\/gysfm.com.ar\/inicio\/trump-desafia-el-plazo-legal-de-la-guerra-y-rechaza-una-nueva-propuesta-de-acuerdo-de-iran\/"},"wordCount":1523,"publisher":{"@id":"https:\/\/gysfm.com.ar\/inicio\/#organization"},"image":{"@id":"https:\/\/gysfm.com.ar\/inicio\/trump-desafia-el-plazo-legal-de-la-guerra-y-rechaza-una-nueva-propuesta-de-acuerdo-de-iran\/#primaryimage"},"thumbnailUrl":"https:\/\/gysfm.com.ar\/inicio\/wp-content\/uploads\/2026\/05\/donald-trump-hace-su-caracteristico-baile-tras-YJRBFLK5VJHH5EJFSYGEDK6S64.JPG","articleSection":["INTERNACIONALES"],"inLanguage":"es"},{"@type":"WebPage","@id":"https:\/\/gysfm.com.ar\/inicio\/trump-desafia-el-plazo-legal-de-la-guerra-y-rechaza-una-nueva-propuesta-de-acuerdo-de-iran\/","url":"https:\/\/gysfm.com.ar\/inicio\/trump-desafia-el-plazo-legal-de-la-guerra-y-rechaza-una-nueva-propuesta-de-acuerdo-de-iran\/","name":"Trump desaf\u00eda el plazo legal de la guerra y rechaza una nueva propuesta de acuerdo de Ir\u00e1n - GYS NOTICIAS |","isPartOf":{"@id":"https:\/\/gysfm.com.ar\/inicio\/#website"},"primaryImageOfPage":{"@id":"https:\/\/gysfm.com.ar\/inicio\/trump-desafia-el-plazo-legal-de-la-guerra-y-rechaza-una-nueva-propuesta-de-acuerdo-de-iran\/#primaryimage"},"image":{"@id":"https:\/\/gysfm.com.ar\/inicio\/trump-desafia-el-plazo-legal-de-la-guerra-y-rechaza-una-nueva-propuesta-de-acuerdo-de-iran\/#primaryimage"},"thumbnailUrl":"https:\/\/gysfm.com.ar\/inicio\/wp-content\/uploads\/2026\/05\/donald-trump-hace-su-caracteristico-baile-tras-YJRBFLK5VJHH5EJFSYGEDK6S64.JPG","datePublished":"2026-05-02T10:19:05+00:00","dateModified":"2026-05-02T10:19:06+00:00","breadcrumb":{"@id":"https:\/\/gysfm.com.ar\/inicio\/trump-desafia-el-plazo-legal-de-la-guerra-y-rechaza-una-nueva-propuesta-de-acuerdo-de-iran\/#breadcrumb"},"inLanguage":"es","potentialAction":[{"@type":"ReadAction","target":["https:\/\/gysfm.com.ar\/inicio\/trump-desafia-el-plazo-legal-de-la-guerra-y-rechaza-una-nueva-propuesta-de-acuerdo-de-iran\/"]}]},{"@type":"ImageObject","inLanguage":"es","@id":"https:\/\/gysfm.com.ar\/inicio\/trump-desafia-el-plazo-legal-de-la-guerra-y-rechaza-una-nueva-propuesta-de-acuerdo-de-iran\/#primaryimage","url":"https:\/\/gysfm.com.ar\/inicio\/wp-content\/uploads\/2026\/05\/donald-trump-hace-su-caracteristico-baile-tras-YJRBFLK5VJHH5EJFSYGEDK6S64.JPG","contentUrl":"https:\/\/gysfm.com.ar\/inicio\/wp-content\/uploads\/2026\/05\/donald-trump-hace-su-caracteristico-baile-tras-YJRBFLK5VJHH5EJFSYGEDK6S64.JPG","width":1200,"height":800},{"@type":"BreadcrumbList","@id":"https:\/\/gysfm.com.ar\/inicio\/trump-desafia-el-plazo-legal-de-la-guerra-y-rechaza-una-nueva-propuesta-de-acuerdo-de-iran\/#breadcrumb","itemListElement":[{"@type":"ListItem","position":1,"name":"Portada","item":"https:\/\/gysfm.com.ar\/inicio\/"},{"@type":"ListItem","position":2,"name":"Trump desaf\u00eda el plazo legal de la guerra y rechaza una nueva propuesta de acuerdo de Ir\u00e1n"}]},{"@type":"WebSite","@id":"https:\/\/gysfm.com.ar\/inicio\/#website","url":"https:\/\/gysfm.com.ar\/inicio\/","name":"GYS NOTICIAS |","description":"DIARIO - RADIO ONLINE SAN JUAN ARGENTINA","publisher":{"@id":"https:\/\/gysfm.com.ar\/inicio\/#organization"},"potentialAction":[{"@type":"SearchAction","target":{"@type":"EntryPoint","urlTemplate":"https:\/\/gysfm.com.ar\/inicio\/?s={search_term_string}"},"query-input":{"@type":"PropertyValueSpecification","valueRequired":true,"valueName":"search_term_string"}}],"inLanguage":"es"},{"@type":"Organization","@id":"https:\/\/gysfm.com.ar\/inicio\/#organization","name":"GYS NOTICIAS |","url":"https:\/\/gysfm.com.ar\/inicio\/","logo":{"@type":"ImageObject","inLanguage":"es","@id":"https:\/\/gysfm.com.ar\/inicio\/#\/schema\/logo\/image\/","url":"https:\/\/gysfm.com.ar\/inicio\/wp-content\/uploads\/2023\/07\/LOGOGYS-OK.png","contentUrl":"https:\/\/gysfm.com.ar\/inicio\/wp-content\/uploads\/2023\/07\/LOGOGYS-OK.png","width":1170,"height":872,"caption":"GYS NOTICIAS |"},"image":{"@id":"https:\/\/gysfm.com.ar\/inicio\/#\/schema\/logo\/image\/"}},{"@type":"Person","@id":"https:\/\/gysfm.com.ar\/inicio\/#\/schema\/person\/3abba7593ef2ad19e1be221d54383dc5","name":"Prensa G&amp;S FM","image":{"@type":"ImageObject","inLanguage":"es","@id":"https:\/\/gysfm.com.ar\/inicio\/#\/schema\/person\/image\/","url":"https:\/\/secure.gravatar.com\/avatar\/096ec78df02049ab018702bb4ccedf659377fa92a26540b5247612077a0dbd29?s=96&d=mm&r=g","contentUrl":"https:\/\/secure.gravatar.com\/avatar\/096ec78df02049ab018702bb4ccedf659377fa92a26540b5247612077a0dbd29?s=96&d=mm&r=g","caption":"Prensa G&amp;S FM"},"sameAs":["https:\/\/gysfm.com.ar\/"],"url":"https:\/\/gysfm.com.ar\/inicio\/author\/lucasm\/"}]}},"_links":{"self":[{"href":"https:\/\/gysfm.com.ar\/inicio\/wp-json\/wp\/v2\/posts\/194243","targetHints":{"allow":["GET"]}}],"collection":[{"href":"https:\/\/gysfm.com.ar\/inicio\/wp-json\/wp\/v2\/posts"}],"about":[{"href":"https:\/\/gysfm.com.ar\/inicio\/wp-json\/wp\/v2\/types\/post"}],"author":[{"embeddable":true,"href":"https:\/\/gysfm.com.ar\/inicio\/wp-json\/wp\/v2\/users\/2"}],"replies":[{"embeddable":true,"href":"https:\/\/gysfm.com.ar\/inicio\/wp-json\/wp\/v2\/comments?post=194243"}],"version-history":[{"count":1,"href":"https:\/\/gysfm.com.ar\/inicio\/wp-json\/wp\/v2\/posts\/194243\/revisions"}],"predecessor-version":[{"id":194245,"href":"https:\/\/gysfm.com.ar\/inicio\/wp-json\/wp\/v2\/posts\/194243\/revisions\/194245"}],"wp:featuredmedia":[{"embeddable":true,"href":"https:\/\/gysfm.com.ar\/inicio\/wp-json\/wp\/v2\/media\/194244"}],"wp:attachment":[{"href":"https:\/\/gysfm.com.ar\/inicio\/wp-json\/wp\/v2\/media?parent=194243"}],"wp:term":[{"taxonomy":"category","embeddable":true,"href":"https:\/\/gysfm.com.ar\/inicio\/wp-json\/wp\/v2\/categories?post=194243"},{"taxonomy":"post_tag","embeddable":true,"href":"https:\/\/gysfm.com.ar\/inicio\/wp-json\/wp\/v2\/tags?post=194243"}],"curies":[{"name":"wp","href":"https:\/\/api.w.org\/{rel}","templated":true}]}}