{"id":194233,"date":"2026-05-02T06:04:20","date_gmt":"2026-05-02T09:04:20","guid":{"rendered":"https:\/\/gysfm.com.ar\/inicio\/como-comprar-en-la-feria-del-libro-2026-con-descuento\/"},"modified":"2026-05-02T06:04:20","modified_gmt":"2026-05-02T09:04:20","slug":"como-comprar-en-la-feria-del-libro-2026-con-descuento","status":"publish","type":"post","link":"https:\/\/gysfm.com.ar\/inicio\/como-comprar-en-la-feria-del-libro-2026-con-descuento\/","title":{"rendered":"C\u00f3mo comprar en la Feria del Libro 2026 con descuento"},"content":{"rendered":"<p> <br \/>\n<\/p>\n<div id=\"\">\n<p id=\"p-1777470596436-91438\" data-start=\"214\" data-end=\"462\">La <strong>Feria Internacional del Libro de Buenos Aires 2026<\/strong> ya est\u00e1 en marcha y, como cada a\u00f1o, miles de personas recorren los pasillos de La Rural buscando novedades editoriales, promociones y alguna obra inesperada para sumar a la biblioteca de casa.<\/p>\n<\/div>\n<div id=\"\">\n<p id=\"p-1777470596436-73084\" data-start=\"464\" data-end=\"750\">Pero este a\u00f1o hay un plus que muchos miran con atenci\u00f3n: los beneficios de <strong data-start=\"539\" data-end=\"553\">Cuenta DNI<\/strong> y las tarjetas de Banco Provincia, que permiten ahorrar tanto en el ingreso como en la compra de libros dentro del predio.<\/p>\n<\/div>\n<div id=\"\">\n<p id=\"p-1777470596436-92855\" data-start=\"752\" data-end=\"1024\"> El foco est\u00e1 puesto especialmente en la billetera digital del banco bonaerense, que lanz\u00f3 promociones espec\u00edficas para esta edici\u00f3n n\u00famero 50 de la feria. Entre entradas bonificadas, cuotas y descuentos directos, la propuesta busca que leer no se vuelva un lujo imposible.<\/p>\n<\/div>\n<div id=\"\">\n<div contenteditable=\"false\" class=\"embed_cont type_imagen\" id=\"8193933-Libre-1751704626_wrap\" style=\"opacity:1;height:auto;\">\n<p>cuenta dni <span onclick=\"parent.parent.TinyMCETdcuerpo.preview_embed('8193933-Libre-1751704626')\" class=\"embed_colapse less\" id=\"8193933-Libre-1751704626_colapse\"\/>  <span onclick=\"parent.parent.TinyMCETdcuerpo.delete_embed('8193933-Libre-1751704626')\" class=\"embed_delete less\" id=\"8193933-Libre-1751704626_delete\"\/><\/p>\n<div id=\"8193933-Libre-1751704626_content\" class=\"embed_content\"><img decoding=\"async\" src=\"https:\/\/media.ambito.com\/p\/ecc7bf2b7b95b17f408c14aca1113fbf\/adjuntos\/239\/imagenes\/043\/204\/0043204345\/730x0\/smart\/cuenta-dni.jpg\" alt=\"\" title=\"\" width=\"730\" height=\"undefined\" id=\"8193933-Libre-1751704626_embed\"\/><\/div><\/div>\n<h2 id=\"p-1777470596436-91728\" data-section-id=\"1xd5ppa\" data-start=\"1026\" data-end=\"1074\">Feria del Libro 2026: actividades disponibles<\/h2>\n<p id=\"p-1777470596436-19918\" data-start=\"1076\" data-end=\"1323\">La edici\u00f3n 2026 se desarrolla <strong>desde el 23 de abril hasta el 11 de mayo en el predio de La Rural<\/strong>, en Palermo, y re\u00fane a editoriales, librer\u00edas, autores nacionales e internacionales, charlas, firmas de ejemplares y actividades para todas las edades.<\/p>\n<\/div>\n<div id=\"\">\n<p id=\"p-1777470596436-95714\" data-start=\"1325\" data-end=\"1616\">Adem\u00e1s de los cl\u00e1sicos stands, hay espacios dedicados a la literatura infantil, jornadas profesionales, presentaciones de novedades editoriales y propuestas vinculadas a la educaci\u00f3n financiera, uno de los ejes que tambi\u00e9n impulsa Banco Provincia como <strong>sponsor principal del rubro financiero<\/strong>.<\/p>\n<div contenteditable=\"false\" class=\"embed_cont type_imagen\" id=\"8201494-Libre-1446766958_wrap\">\n<p>pago NFC banco provincia cuenta dni <span onclick=\"parent.parent.TinyMCETdcuerpo.preview_embed('8201494-Libre-1446766958')\" class=\"embed_colapse less\" id=\"8201494-Libre-1446766958_colapse\"\/>  <span onclick=\"parent.parent.TinyMCETdcuerpo.delete_embed('8201494-Libre-1446766958')\" class=\"embed_delete less\" id=\"8201494-Libre-1446766958_delete\"\/><\/p>\n<div id=\"8201494-Libre-1446766958_content\" class=\"embed_content\"><img loading=\"lazy\" decoding=\"async\" src=\"https:\/\/media.ambito.com\/p\/2bc4c93b8c4ed31edee2dc4b8e0a3133\/adjuntos\/239\/imagenes\/043\/246\/0043246761\/pago-nfc-banco-provincia-cuenta-dni.jpg?2026-03-19-16-36-27\" alt=\"\" title=\"\" width=\"690\" height=\"460\" id=\"8201494-Libre-1446766958_embed\"\/><\/div><\/div>\n<p id=\"p-1777470596436-90259\" data-start=\"1981\" data-end=\"2322\">Las entradas generales tienen un valor que cambia seg\u00fan el d\u00eda de la semana, aunque varios visitantes aprovechan promociones bancarias o jornadas especiales para reducir ese costo. Menores de 12 a\u00f1os, personas con discapacidad y docentes, por ejemplo, cuentan con ingreso gratuito en distintas jornadas.<\/p>\n<ul id=\"p-1776868645846-93299\">\n<li id=\"p-1776868644005-57449\" data-start=\"2238\" data-end=\"2502\">De lunes a jueves tendr\u00e1n un valor de $8.000.<\/li>\n<li id=\"p-1776868647815-24845\" data-start=\"2238\" data-end=\"2502\">Los viernes, s\u00e1bados, domingos y feriados el precio ser\u00e1 de $12.000.<\/li>\n<li id=\"p-1776868649164-84959\" data-start=\"2238\" data-end=\"2502\">Tambi\u00e9n est\u00e1 la opci\u00f3n de comprar un pase de 3 visitas por $18.000.<\/li>\n<\/ul>\n<h2 id=\"p-1777470596436-31272\" data-section-id=\"kcx7fy\" data-start=\"2324\" data-end=\"2394\">C\u00f3mo comprar en la feria del libro con descuento de Banco Provincia<\/h2>\n<p id=\"p-1777470596436-13224\" data-start=\"2396\" data-end=\"2760\">El beneficio m\u00e1s fuerte est\u00e1 en <strong data-start=\"2428\" data-end=\"2442\">Cuenta DNI<\/strong>, la billetera digital de Banco Provincia. El <strong>mi\u00e9rcoles 6 de mayo se realizar\u00e1 el llamado \u201cD\u00eda Banco Provincia\u201d<\/strong>, una jornada en la que los usuarios podr\u00e1n ingresar gratis a la Feria del Libro simplemente mostrando la aplicaci\u00f3n o una tarjeta de la entidad en los accesos habilitados.<\/p>\n<p id=\"p-1777470596436-80516\" data-start=\"2762\" data-end=\"3113\">Adem\u00e1s, durante toda la feria hay promociones para compras dentro de los stands adheridos. Con tarjetas de cr\u00e9dito Visa y Mastercard del banco se ofrece <strong data-start=\"2915\" data-end=\"2945\">20% de descuento en libros<\/strong> y hasta <strong data-start=\"2954\" data-end=\"2978\">3 cuotas sin inter\u00e9s.<\/strong><\/p>\n<div contenteditable=\"false\" class=\"embed_cont type_imagen\" id=\"8214002-Libre-865718401_wrap\">\n<p> Pasillos Feria del Libro <span onclick=\"parent.parent.TinyMCETdcuerpo.preview_embed('8214002-Libre-865718401')\" class=\"embed_colapse less\" id=\"8214002-Libre-865718401_colapse\"> <\/span> <span onclick=\"parent.parent.TinyMCETdcuerpo.delete_embed('8214002-Libre-865718401')\" class=\"embed_delete less\" id=\"8214002-Libre-865718401_delete\"\/><\/p>\n<div id=\"8214002-Libre-865718401_content\" class=\"embed_content\"><img loading=\"lazy\" decoding=\"async\" src=\"https:\/\/media.ambito.com\/p\/17b50d5f4b431c5fb3ad7ba6c9320cc3\/adjuntos\/239\/imagenes\/043\/314\/0043314786\/pasillos-feria-del-libro.jpg?2026-04-20-15-10-58\" alt=\"\" title=\"\" width=\"689\" height=\"460\" id=\"8214002-Libre-865718401_embed\"\/><\/div><\/div>\n<p id=\"p-1777470596436-24681\" data-start=\"3115\" data-end=\"3434\">Tambi\u00e9n se mantiene la opci\u00f3n de <strong data-start=\"3148\" data-end=\"3195\">4 cuotas sin inter\u00e9s en librer\u00edas adheridas<\/strong>, tanto en compras f\u00edsicas como pagando con la tarjeta digitalizada dentro de <strong>Cuenta DNI mediante QR o tecnolog\u00eda sin contacto<\/strong>. Esta promoci\u00f3n aplica en CABA, Gran Buenos Aires y Provincia de Buenos Aires.<\/p>\n<p id=\"p-1777470596436-81345\" data-start=\"3436\" data-end=\"3789\">Otro punto que gener\u00f3 movimiento fue el sorteo especial por los 50 a\u00f1os de la feria: Banco Provincia lanz\u00f3 50 pares de entradas para usuarios activos de Cuenta DNI, con acceso de lunes a jueves. La participaci\u00f3n estuvo disponible hasta el 26 de abril y los ganadores fueron informados a trav\u00e9s de canales oficiales.<\/p>\n<\/p><\/div>\n<p><script>\n!function(f,b,e,v,n,t,s)\n{if(f.fbq)return;n=f.fbq=function(){n.callMethod?\nn.callMethod.apply(n,arguments):n.queue.push(arguments)};\nif(!f._fbq)f._fbq=n;n.push=n;n.loaded=!0;n.version='2.0';\nn.queue=[];t=b.createElement(e);t.async=!0;\nt.src=v;s=b.getElementsByTagName(e)[0];\ns.parentNode.insertBefore(t,s)}(window,document,'script',\n'https:\/\/connect.facebook.net\/en_US\/fbevents.js');\nfbq('init', '2047048335588113');\nfbq('track', 'PageView');\n<\/script><br \/>\n<br \/><\/p>\n","protected":false},"excerpt":{"rendered":"<p>La Feria Internacional del Libro de Buenos Aires 2026 ya est\u00e1 en marcha y, como cada a\u00f1o, miles de personas recorren los pasillos de La Rural buscando novedades editoriales, promociones y alguna obra inesperada para sumar a la biblioteca de casa. Pero este a\u00f1o hay un plus que muchos miran con atenci\u00f3n: los beneficios de [&hellip;]<\/p>\n","protected":false},"author":1,"featured_media":194234,"comment_status":"closed","ping_status":"closed","sticky":false,"template":"","format":"standard","meta":{"footnotes":""},"categories":[28],"tags":[],"class_list":["post-194233","post","type-post","status-publish","format-standard","has-post-thumbnail","hentry","category-economia"],"yoast_head":"<!-- This site is optimized with the Yoast SEO plugin v24.4 - https:\/\/yoast.com\/wordpress\/plugins\/seo\/ -->\n<title>C\u00f3mo comprar en la Feria del Libro 2026 con descuento - GYS NOTICIAS |<\/title>\n<meta name=\"robots\" content=\"index, follow, max-snippet:-1, max-image-preview:large, max-video-preview:-1\" \/>\n<link rel=\"canonical\" href=\"https:\/\/gysfm.com.ar\/inicio\/como-comprar-en-la-feria-del-libro-2026-con-descuento\/\" \/>\n<meta property=\"og:locale\" content=\"es_ES\" \/>\n<meta property=\"og:type\" content=\"article\" \/>\n<meta property=\"og:title\" content=\"C\u00f3mo comprar en la Feria del Libro 2026 con descuento - GYS NOTICIAS |\" \/>\n<meta property=\"og:description\" content=\"La Feria Internacional del Libro de Buenos Aires 2026 ya est\u00e1 en marcha y, como cada a\u00f1o, miles de personas recorren los pasillos de La Rural buscando novedades editoriales, promociones y alguna obra inesperada para sumar a la biblioteca de casa. Pero este a\u00f1o hay un plus que muchos miran con atenci\u00f3n: los beneficios de [&hellip;]\" \/>\n<meta property=\"og:url\" content=\"https:\/\/gysfm.com.ar\/inicio\/como-comprar-en-la-feria-del-libro-2026-con-descuento\/\" \/>\n<meta property=\"og:site_name\" content=\"GYS NOTICIAS |\" \/>\n<meta property=\"article:published_time\" content=\"2026-05-02T09:04:20+00:00\" \/>\n<meta property=\"og:image\" content=\"https:\/\/media.ambito.com\/p\/ecc7bf2b7b95b17f408c14aca1113fbf\/adjuntos\/239\/imagenes\/043\/204\/0043204345\/730x0\/smart\/cuenta-dni.jpg\" \/>\n<meta name=\"author\" content=\"admin\" \/>\n<meta name=\"twitter:card\" content=\"summary_large_image\" \/>\n<meta name=\"twitter:label1\" content=\"Escrito por\" \/>\n\t<meta name=\"twitter:data1\" content=\"admin\" \/>\n\t<meta name=\"twitter:label2\" content=\"Tiempo de lectura\" \/>\n\t<meta name=\"twitter:data2\" content=\"3 minutos\" \/>\n<script type=\"application\/ld+json\" class=\"yoast-schema-graph\">{\"@context\":\"https:\/\/schema.org\",\"@graph\":[{\"@type\":\"Article\",\"@id\":\"https:\/\/gysfm.com.ar\/inicio\/como-comprar-en-la-feria-del-libro-2026-con-descuento\/#article\",\"isPartOf\":{\"@id\":\"https:\/\/gysfm.com.ar\/inicio\/como-comprar-en-la-feria-del-libro-2026-con-descuento\/\"},\"author\":{\"name\":\"admin\",\"@id\":\"https:\/\/gysfm.com.ar\/inicio\/#\/schema\/person\/5bedd7ecd35cc35548d89effafa23696\"},\"headline\":\"C\u00f3mo comprar en la Feria del Libro 2026 con descuento\",\"datePublished\":\"2026-05-02T09:04:20+00:00\",\"mainEntityOfPage\":{\"@id\":\"https:\/\/gysfm.com.ar\/inicio\/como-comprar-en-la-feria-del-libro-2026-con-descuento\/\"},\"wordCount\":535,\"publisher\":{\"@id\":\"https:\/\/gysfm.com.ar\/inicio\/#organization\"},\"image\":{\"@id\":\"https:\/\/gysfm.com.ar\/inicio\/como-comprar-en-la-feria-del-libro-2026-con-descuento\/#primaryimage\"},\"thumbnailUrl\":\"https:\/\/gysfm.com.ar\/inicio\/wp-content\/uploads\/2026\/05\/feria-del-libroo.jpg\",\"articleSection\":[\"ECONOMIA\"],\"inLanguage\":\"es\"},{\"@type\":\"WebPage\",\"@id\":\"https:\/\/gysfm.com.ar\/inicio\/como-comprar-en-la-feria-del-libro-2026-con-descuento\/\",\"url\":\"https:\/\/gysfm.com.ar\/inicio\/como-comprar-en-la-feria-del-libro-2026-con-descuento\/\",\"name\":\"C\u00f3mo comprar en la Feria del Libro 2026 con descuento - GYS NOTICIAS |\",\"isPartOf\":{\"@id\":\"https:\/\/gysfm.com.ar\/inicio\/#website\"},\"primaryImageOfPage\":{\"@id\":\"https:\/\/gysfm.com.ar\/inicio\/como-comprar-en-la-feria-del-libro-2026-con-descuento\/#primaryimage\"},\"image\":{\"@id\":\"https:\/\/gysfm.com.ar\/inicio\/como-comprar-en-la-feria-del-libro-2026-con-descuento\/#primaryimage\"},\"thumbnailUrl\":\"https:\/\/gysfm.com.ar\/inicio\/wp-content\/uploads\/2026\/05\/feria-del-libroo.jpg\",\"datePublished\":\"2026-05-02T09:04:20+00:00\",\"breadcrumb\":{\"@id\":\"https:\/\/gysfm.com.ar\/inicio\/como-comprar-en-la-feria-del-libro-2026-con-descuento\/#breadcrumb\"},\"inLanguage\":\"es\",\"potentialAction\":[{\"@type\":\"ReadAction\",\"target\":[\"https:\/\/gysfm.com.ar\/inicio\/como-comprar-en-la-feria-del-libro-2026-con-descuento\/\"]}]},{\"@type\":\"ImageObject\",\"inLanguage\":\"es\",\"@id\":\"https:\/\/gysfm.com.ar\/inicio\/como-comprar-en-la-feria-del-libro-2026-con-descuento\/#primaryimage\",\"url\":\"https:\/\/gysfm.com.ar\/inicio\/wp-content\/uploads\/2026\/05\/feria-del-libroo.jpg\",\"contentUrl\":\"https:\/\/gysfm.com.ar\/inicio\/wp-content\/uploads\/2026\/05\/feria-del-libroo.jpg\",\"width\":1200,\"height\":675},{\"@type\":\"BreadcrumbList\",\"@id\":\"https:\/\/gysfm.com.ar\/inicio\/como-comprar-en-la-feria-del-libro-2026-con-descuento\/#breadcrumb\",\"itemListElement\":[{\"@type\":\"ListItem\",\"position\":1,\"name\":\"Portada\",\"item\":\"https:\/\/gysfm.com.ar\/inicio\/\"},{\"@type\":\"ListItem\",\"position\":2,\"name\":\"C\u00f3mo comprar en la Feria del Libro 2026 con descuento\"}]},{\"@type\":\"WebSite\",\"@id\":\"https:\/\/gysfm.com.ar\/inicio\/#website\",\"url\":\"https:\/\/gysfm.com.ar\/inicio\/\",\"name\":\"GYS NOTICIAS |\",\"description\":\"DIARIO - RADIO ONLINE SAN JUAN ARGENTINA\",\"publisher\":{\"@id\":\"https:\/\/gysfm.com.ar\/inicio\/#organization\"},\"potentialAction\":[{\"@type\":\"SearchAction\",\"target\":{\"@type\":\"EntryPoint\",\"urlTemplate\":\"https:\/\/gysfm.com.ar\/inicio\/?s={search_term_string}\"},\"query-input\":{\"@type\":\"PropertyValueSpecification\",\"valueRequired\":true,\"valueName\":\"search_term_string\"}}],\"inLanguage\":\"es\"},{\"@type\":\"Organization\",\"@id\":\"https:\/\/gysfm.com.ar\/inicio\/#organization\",\"name\":\"GYS NOTICIAS |\",\"url\":\"https:\/\/gysfm.com.ar\/inicio\/\",\"logo\":{\"@type\":\"ImageObject\",\"inLanguage\":\"es\",\"@id\":\"https:\/\/gysfm.com.ar\/inicio\/#\/schema\/logo\/image\/\",\"url\":\"https:\/\/gysfm.com.ar\/inicio\/wp-content\/uploads\/2023\/07\/LOGOGYS-OK.png\",\"contentUrl\":\"https:\/\/gysfm.com.ar\/inicio\/wp-content\/uploads\/2023\/07\/LOGOGYS-OK.png\",\"width\":1170,\"height\":872,\"caption\":\"GYS NOTICIAS |\"},\"image\":{\"@id\":\"https:\/\/gysfm.com.ar\/inicio\/#\/schema\/logo\/image\/\"}},{\"@type\":\"Person\",\"@id\":\"https:\/\/gysfm.com.ar\/inicio\/#\/schema\/person\/5bedd7ecd35cc35548d89effafa23696\",\"name\":\"admin\",\"image\":{\"@type\":\"ImageObject\",\"inLanguage\":\"es\",\"@id\":\"https:\/\/gysfm.com.ar\/inicio\/#\/schema\/person\/image\/\",\"url\":\"https:\/\/secure.gravatar.com\/avatar\/c331d312b5243fb64d5ba28108a447b27c925295129a363082c9ea52c28d32c2?s=96&d=mm&r=g\",\"contentUrl\":\"https:\/\/secure.gravatar.com\/avatar\/c331d312b5243fb64d5ba28108a447b27c925295129a363082c9ea52c28d32c2?s=96&d=mm&r=g\",\"caption\":\"admin\"},\"sameAs\":[\"https:\/\/gysfm.com.ar\/inicio\"],\"url\":\"https:\/\/gysfm.com.ar\/inicio\/author\/admin\/\"}]}<\/script>\n<!-- \/ Yoast SEO plugin. -->","yoast_head_json":{"title":"C\u00f3mo comprar en la Feria del Libro 2026 con descuento - GYS NOTICIAS |","robots":{"index":"index","follow":"follow","max-snippet":"max-snippet:-1","max-image-preview":"max-image-preview:large","max-video-preview":"max-video-preview:-1"},"canonical":"https:\/\/gysfm.com.ar\/inicio\/como-comprar-en-la-feria-del-libro-2026-con-descuento\/","og_locale":"es_ES","og_type":"article","og_title":"C\u00f3mo comprar en la Feria del Libro 2026 con descuento - GYS NOTICIAS |","og_description":"La Feria Internacional del Libro de Buenos Aires 2026 ya est\u00e1 en marcha y, como cada a\u00f1o, miles de personas recorren los pasillos de La Rural buscando novedades editoriales, promociones y alguna obra inesperada para sumar a la biblioteca de casa. Pero este a\u00f1o hay un plus que muchos miran con atenci\u00f3n: los beneficios de [&hellip;]","og_url":"https:\/\/gysfm.com.ar\/inicio\/como-comprar-en-la-feria-del-libro-2026-con-descuento\/","og_site_name":"GYS NOTICIAS |","article_published_time":"2026-05-02T09:04:20+00:00","og_image":[{"url":"https:\/\/media.ambito.com\/p\/ecc7bf2b7b95b17f408c14aca1113fbf\/adjuntos\/239\/imagenes\/043\/204\/0043204345\/730x0\/smart\/cuenta-dni.jpg","type":"","width":"","height":""}],"author":"admin","twitter_card":"summary_large_image","twitter_misc":{"Escrito por":"admin","Tiempo de lectura":"3 minutos"},"schema":{"@context":"https:\/\/schema.org","@graph":[{"@type":"Article","@id":"https:\/\/gysfm.com.ar\/inicio\/como-comprar-en-la-feria-del-libro-2026-con-descuento\/#article","isPartOf":{"@id":"https:\/\/gysfm.com.ar\/inicio\/como-comprar-en-la-feria-del-libro-2026-con-descuento\/"},"author":{"name":"admin","@id":"https:\/\/gysfm.com.ar\/inicio\/#\/schema\/person\/5bedd7ecd35cc35548d89effafa23696"},"headline":"C\u00f3mo comprar en la Feria del Libro 2026 con descuento","datePublished":"2026-05-02T09:04:20+00:00","mainEntityOfPage":{"@id":"https:\/\/gysfm.com.ar\/inicio\/como-comprar-en-la-feria-del-libro-2026-con-descuento\/"},"wordCount":535,"publisher":{"@id":"https:\/\/gysfm.com.ar\/inicio\/#organization"},"image":{"@id":"https:\/\/gysfm.com.ar\/inicio\/como-comprar-en-la-feria-del-libro-2026-con-descuento\/#primaryimage"},"thumbnailUrl":"https:\/\/gysfm.com.ar\/inicio\/wp-content\/uploads\/2026\/05\/feria-del-libroo.jpg","articleSection":["ECONOMIA"],"inLanguage":"es"},{"@type":"WebPage","@id":"https:\/\/gysfm.com.ar\/inicio\/como-comprar-en-la-feria-del-libro-2026-con-descuento\/","url":"https:\/\/gysfm.com.ar\/inicio\/como-comprar-en-la-feria-del-libro-2026-con-descuento\/","name":"C\u00f3mo comprar en la Feria del Libro 2026 con descuento - GYS NOTICIAS |","isPartOf":{"@id":"https:\/\/gysfm.com.ar\/inicio\/#website"},"primaryImageOfPage":{"@id":"https:\/\/gysfm.com.ar\/inicio\/como-comprar-en-la-feria-del-libro-2026-con-descuento\/#primaryimage"},"image":{"@id":"https:\/\/gysfm.com.ar\/inicio\/como-comprar-en-la-feria-del-libro-2026-con-descuento\/#primaryimage"},"thumbnailUrl":"https:\/\/gysfm.com.ar\/inicio\/wp-content\/uploads\/2026\/05\/feria-del-libroo.jpg","datePublished":"2026-05-02T09:04:20+00:00","breadcrumb":{"@id":"https:\/\/gysfm.com.ar\/inicio\/como-comprar-en-la-feria-del-libro-2026-con-descuento\/#breadcrumb"},"inLanguage":"es","potentialAction":[{"@type":"ReadAction","target":["https:\/\/gysfm.com.ar\/inicio\/como-comprar-en-la-feria-del-libro-2026-con-descuento\/"]}]},{"@type":"ImageObject","inLanguage":"es","@id":"https:\/\/gysfm.com.ar\/inicio\/como-comprar-en-la-feria-del-libro-2026-con-descuento\/#primaryimage","url":"https:\/\/gysfm.com.ar\/inicio\/wp-content\/uploads\/2026\/05\/feria-del-libroo.jpg","contentUrl":"https:\/\/gysfm.com.ar\/inicio\/wp-content\/uploads\/2026\/05\/feria-del-libroo.jpg","width":1200,"height":675},{"@type":"BreadcrumbList","@id":"https:\/\/gysfm.com.ar\/inicio\/como-comprar-en-la-feria-del-libro-2026-con-descuento\/#breadcrumb","itemListElement":[{"@type":"ListItem","position":1,"name":"Portada","item":"https:\/\/gysfm.com.ar\/inicio\/"},{"@type":"ListItem","position":2,"name":"C\u00f3mo comprar en la Feria del Libro 2026 con descuento"}]},{"@type":"WebSite","@id":"https:\/\/gysfm.com.ar\/inicio\/#website","url":"https:\/\/gysfm.com.ar\/inicio\/","name":"GYS NOTICIAS |","description":"DIARIO - RADIO ONLINE SAN JUAN ARGENTINA","publisher":{"@id":"https:\/\/gysfm.com.ar\/inicio\/#organization"},"potentialAction":[{"@type":"SearchAction","target":{"@type":"EntryPoint","urlTemplate":"https:\/\/gysfm.com.ar\/inicio\/?s={search_term_string}"},"query-input":{"@type":"PropertyValueSpecification","valueRequired":true,"valueName":"search_term_string"}}],"inLanguage":"es"},{"@type":"Organization","@id":"https:\/\/gysfm.com.ar\/inicio\/#organization","name":"GYS NOTICIAS |","url":"https:\/\/gysfm.com.ar\/inicio\/","logo":{"@type":"ImageObject","inLanguage":"es","@id":"https:\/\/gysfm.com.ar\/inicio\/#\/schema\/logo\/image\/","url":"https:\/\/gysfm.com.ar\/inicio\/wp-content\/uploads\/2023\/07\/LOGOGYS-OK.png","contentUrl":"https:\/\/gysfm.com.ar\/inicio\/wp-content\/uploads\/2023\/07\/LOGOGYS-OK.png","width":1170,"height":872,"caption":"GYS NOTICIAS |"},"image":{"@id":"https:\/\/gysfm.com.ar\/inicio\/#\/schema\/logo\/image\/"}},{"@type":"Person","@id":"https:\/\/gysfm.com.ar\/inicio\/#\/schema\/person\/5bedd7ecd35cc35548d89effafa23696","name":"admin","image":{"@type":"ImageObject","inLanguage":"es","@id":"https:\/\/gysfm.com.ar\/inicio\/#\/schema\/person\/image\/","url":"https:\/\/secure.gravatar.com\/avatar\/c331d312b5243fb64d5ba28108a447b27c925295129a363082c9ea52c28d32c2?s=96&d=mm&r=g","contentUrl":"https:\/\/secure.gravatar.com\/avatar\/c331d312b5243fb64d5ba28108a447b27c925295129a363082c9ea52c28d32c2?s=96&d=mm&r=g","caption":"admin"},"sameAs":["https:\/\/gysfm.com.ar\/inicio"],"url":"https:\/\/gysfm.com.ar\/inicio\/author\/admin\/"}]}},"_links":{"self":[{"href":"https:\/\/gysfm.com.ar\/inicio\/wp-json\/wp\/v2\/posts\/194233","targetHints":{"allow":["GET"]}}],"collection":[{"href":"https:\/\/gysfm.com.ar\/inicio\/wp-json\/wp\/v2\/posts"}],"about":[{"href":"https:\/\/gysfm.com.ar\/inicio\/wp-json\/wp\/v2\/types\/post"}],"author":[{"embeddable":true,"href":"https:\/\/gysfm.com.ar\/inicio\/wp-json\/wp\/v2\/users\/1"}],"replies":[{"embeddable":true,"href":"https:\/\/gysfm.com.ar\/inicio\/wp-json\/wp\/v2\/comments?post=194233"}],"version-history":[{"count":0,"href":"https:\/\/gysfm.com.ar\/inicio\/wp-json\/wp\/v2\/posts\/194233\/revisions"}],"wp:featuredmedia":[{"embeddable":true,"href":"https:\/\/gysfm.com.ar\/inicio\/wp-json\/wp\/v2\/media\/194234"}],"wp:attachment":[{"href":"https:\/\/gysfm.com.ar\/inicio\/wp-json\/wp\/v2\/media?parent=194233"}],"wp:term":[{"taxonomy":"category","embeddable":true,"href":"https:\/\/gysfm.com.ar\/inicio\/wp-json\/wp\/v2\/categories?post=194233"},{"taxonomy":"post_tag","embeddable":true,"href":"https:\/\/gysfm.com.ar\/inicio\/wp-json\/wp\/v2\/tags?post=194233"}],"curies":[{"name":"wp","href":"https:\/\/api.w.org\/{rel}","templated":true}]}}