{"id":194232,"date":"2026-05-02T05:40:09","date_gmt":"2026-05-02T08:40:09","guid":{"rendered":"https:\/\/gysfm.com.ar\/inicio\/trump-asesto-un-duro-golpe-a-cuba-nuevas-sanciones-economicas-y-bloqueo-total-para-quienes-negocien-con-el-pais\/"},"modified":"2026-05-02T05:40:09","modified_gmt":"2026-05-02T08:40:09","slug":"trump-asesto-un-duro-golpe-a-cuba-nuevas-sanciones-economicas-y-bloqueo-total-para-quienes-negocien-con-el-pais","status":"publish","type":"post","link":"https:\/\/gysfm.com.ar\/inicio\/trump-asesto-un-duro-golpe-a-cuba-nuevas-sanciones-economicas-y-bloqueo-total-para-quienes-negocien-con-el-pais\/","title":{"rendered":"Trump asest\u00f3 un duro golpe a Cuba: nuevas sanciones econ\u00f3micas y bloqueo total para quienes negocien con el pa\u00eds"},"content":{"rendered":"<p><\/p>\n<div id=\"article-content\">\n<p>El gobierno de <a target=\"_blank\" href=\"https:\/\/www.perfil.com\/noticias\/internacional\/trump-recibe-rey-carlos-iii-y-dice-no-tiene-amigos-mas-intimos-que-britanicos-y-malvinas.phtml\"><strong>Donald Trump<\/strong><\/a> redobl\u00f3 la presi\u00f3n sobre <a target=\"_blank\" href=\"https:\/\/www.perfil.com\/noticias\/opinion\/cuba-en-caida-libre.phtml\"><strong>Cuba <\/strong><\/a>con la firma de una nueva orden ejecutiva de aplicaci\u00f3n inmediata. La medida impone <strong>severas sanciones econ\u00f3micas <\/strong>a cualquier persona o empresa, tanto estadounidense como extranjera, que realice operaciones en los sectores m\u00e1s estrat\u00e9gicos para el ingreso de divisas a la isla, como <strong>la energ\u00eda, la defensa, la miner\u00eda y los servicios financieros<\/strong>.<\/p>\n<p>En el documento oficial, el mandatario norteamericano justific\u00f3 su decisi\u00f3n al calificar las pol\u00edticas de La Habana como <strong>una amenaza inusual y extraordinaria<\/strong> para la seguridad nacional y la pol\u00edtica exterior de su pa\u00eds. Adem\u00e1s, remarc\u00f3 que las pr\u00e1cticas del Gobierno no solo buscan perjudicar a Estados Unidos, sino que<strong> resultan completamente repugnantes <\/strong>para los valores morales de las sociedades democr\u00e1ticas.<\/p>\n<p style=\"text-align:center\"><picture><source media=\"(max-width: 440px)\" srcset=\"https:\/\/fotos.perfil.com\/\/2026\/04\/28\/440\/0\/el-gobierno-estadounidense-emitira-pasaportes-conmemorativos-con-la-imagen-de-donald-trump-2229689.jpg?webp\"\/><source media=\"(max-width: 1019px)\" srcset=\"https:\/\/fotos.perfil.com\/\/2026\/04\/28\/712\/0\/el-gobierno-estadounidense-emitira-pasaportes-conmemorativos-con-la-imagen-de-donald-trump-2229689.jpg?webp\"\/><img decoding=\"async\" style=\"max-width: 100%; width: 100%;\" alt=\"El Gobierno estadounidense emitir\u00e1 pasaportes conmemorativos con la imagen de Donald Trump\" src=\"https:\/\/fotos.perfil.com\/\/2026\/04\/28\/900\/0\/el-gobierno-estadounidense-emitira-pasaportes-conmemorativos-con-la-imagen-de-donald-trump-2229689.jpg?webp\" loading=\"lazy\"\/><\/picture><\/p>\n<div class=\"subscription\">\n<p>\n        Esto no les gusta a los autoritarios\n    <\/p>\n<div class=\"subscription__container\">\n<div class=\"subscription__text-wrapper\">\n<p>\n                El ejercicio del periodismo profesional y cr\u00edtico es un pilar fundamental de la democracia. Por eso molesta a quienes creen ser los due\u00f1os de la verdad.\n            <\/p>\n<\/p><\/div><\/div>\n<\/div>\n<p>El castigo para quienes decidan ignorar esta advertencia ser\u00e1 dr\u00e1stico:<strong> el bloqueo total de sus activos en territorio estadounidense<\/strong>. La Casa Blanca alert\u00f3 tambi\u00e9n al sistema financiero internacional y precis\u00f3 que cualquier banco extranjero que facilite una transacci\u00f3n significativa a favor de un sancionado <strong>sufrir\u00e1 el cierre inmediato de sus cuentas en Wall Street<\/strong> o la prohibici\u00f3n absoluta de operar en d\u00f3lares.<\/p>\n<p>Esta nueva escalada marca un punto de inflexi\u00f3n en el esquema de embargos contra la isla caribe\u00f1a. La normativa ya no se limita \u00fanicamente a golpear a los altos mandos del gobierno, sino que <strong>extiende su alcance a ejecutivos, l\u00edderes, funcionarios y personas de cualquier nivel<\/strong>. A su vez, proh\u00edbe autom\u00e1ticamente el ingreso a los Estados Unidos a todos los individuos que entren en esta categor\u00eda.<\/p>\n<p>La administraci\u00f3n republicana orden\u00f3 que las penalidades <strong>entren en vigor en el acto<\/strong> para evitar que los involucrados logren transferir sus fondos o mover sus activos al instante ante un posible aviso previo. Esta avanzada se suma a la asfixia econ\u00f3mica que Washington profundiz\u00f3 desde enero mediante un <a target=\"_blank\" href=\"https:\/\/www.perfil.com\/noticias\/internacional\/trump-rechazo-la-ultima-oferta-de-iran-y-amenaza-con-nuevos-ataques-mientras-escala-la-tension-con-europa.phtml\"><strong>bloqueo petrolero<\/strong><\/a>.<\/p>\n<p class=\"destacadoNota\"><a target=\"_blank\" href=\"https:\/\/www.perfil.com\/noticias\/internacional\/donald-trump-mando-a-negociar-a-un-vicepresidente-que-esta-politicamente-chocado.phtml\">Donald Trump mand\u00f3 a negociar a un vicepresidente que est\u00e1 pol\u00edticamente chocado<\/a><\/p>\n<h2><strong>La furia en La Habana y los festejos en Florida<\/strong><\/h2>\n<p>La respuesta del gobierno cubano lleg\u00f3 r\u00e1pidamente de la mano del canciller<strong> Bruno Rodr\u00edguez Parrilla<\/strong>. El funcionario asegur\u00f3 que <a target=\"_blank\" href=\"https:\/\/www.perfil.com\/noticias\/periodismopuro\/alejandro-de-la-fuente-cuba-termina-siendo-exactamente-lo-que-no-quiso-ser-en-la-revolucion-de-los-60-por-jorge-fontevecchia.phtml\"><strong>no lograr\u00e1n amedrentarlos<\/strong><\/a> y advirti\u00f3 que defender\u00e1n la revoluci\u00f3n \u00abcon las ideas y con las armas\u00bb. A trav\u00e9s de sus redes sociales, atribuy\u00f3 las medidas al temor de Estados Unidos frente a la<strong> masiva movilizaci\u00f3n del 1\u00b0 de Mayo<\/strong>, donde medio mill\u00f3n de personas marcharon en <strong>La Habana<\/strong> bajo el liderazgo de <strong>Ra\u00fal Castro<\/strong> y <strong>Miguel D\u00edaz-Canel<\/strong>.<\/p>\n<p>Esa multitudinaria concentraci\u00f3n frente a la embajada estadounidense sirvi\u00f3 como escenario para que miles de ciudadanos denunciaran las <strong>amenazas de agresi\u00f3n militar<\/strong> y rechazaran el cerco energ\u00e9tico. En ese marco, las autoridades locales destacaron la recolecci\u00f3n de seis millones de firmas de habitantes que respaldan la defensa de la soberan\u00eda nacional ante el recrudecimiento del bloqueo impuesto por Washington.<\/p>\n<p>En la vereda opuesta, la orden ejecutiva desat\u00f3 celebraciones en el estado de Florida, especialmente entre los congresistas republicanos de origen cubano. <strong>Mar\u00eda Elvira Salazar <\/strong>elogi\u00f3 la decisi\u00f3n presidencial, sentenci\u00f3 que \u201cla era del apaciguamiento termin\u00f3\u201d y afirm\u00f3 que no permitir\u00e1n a un r\u00e9gimen enemigo operar a 90 millas de sus costas. En paralelo, <strong>Carlos A. Gim\u00e9nez <\/strong>alert\u00f3 que la isla enfrentar\u00e1 consecuencias mucho m\u00e1s severas si contin\u00faa actuando de mala fe.<\/p>\n<p>TC<\/p>\n<\/p><\/div>\n<p><script>\n                !function(f,b,e,v,n,t,s)\n                {if(f.fbq)return;n=f.fbq=function(){n.callMethod?\n                    n.callMethod.apply(n,arguments):n.queue.push(arguments)};\n                    if(!f._fbq)f._fbq=n;n.push=n;n.loaded=!0;n.version='2.0';\n                    n.queue=[];t=b.createElement(e);t.async=!0;\n                    t.src=v;s=b.getElementsByTagName(e)[0];\n                    s.parentNode.insertBefore(t,s)}(window, document,'script',\n                    'https:\/\/connect.facebook.net\/en_US\/fbevents.js');\n                window.paywallConfig.facebook_pixel=\"1000228364089342\"\n            <\/script><\/p>\n","protected":false},"excerpt":{"rendered":"<p>El gobierno de Donald Trump redobl\u00f3 la presi\u00f3n sobre Cuba con la firma de una nueva orden ejecutiva de aplicaci\u00f3n inmediata. La medida impone severas sanciones econ\u00f3micas a cualquier persona o empresa, tanto estadounidense como extranjera, que realice operaciones en los sectores m\u00e1s estrat\u00e9gicos para el ingreso de divisas a la isla, como la energ\u00eda, [&hellip;]<\/p>\n","protected":false},"author":2,"featured_media":194183,"comment_status":"closed","ping_status":"closed","sticky":false,"template":"","format":"standard","meta":{"footnotes":""},"categories":[25],"tags":[],"class_list":["post-194232","post","type-post","status-publish","format-standard","has-post-thumbnail","hentry","category-nacionales"],"yoast_head":"<!-- This site is optimized with the Yoast SEO plugin v24.4 - https:\/\/yoast.com\/wordpress\/plugins\/seo\/ -->\n<title>Trump asest\u00f3 un duro golpe a Cuba: nuevas sanciones econ\u00f3micas y bloqueo total para quienes negocien con el pa\u00eds - GYS NOTICIAS |<\/title>\n<meta name=\"robots\" content=\"index, follow, max-snippet:-1, max-image-preview:large, max-video-preview:-1\" \/>\n<link rel=\"canonical\" href=\"https:\/\/gysfm.com.ar\/inicio\/trump-asesto-un-duro-golpe-a-cuba-nuevas-sanciones-economicas-y-bloqueo-total-para-quienes-negocien-con-el-pais\/\" \/>\n<meta property=\"og:locale\" content=\"es_ES\" \/>\n<meta property=\"og:type\" content=\"article\" \/>\n<meta property=\"og:title\" content=\"Trump asest\u00f3 un duro golpe a Cuba: nuevas sanciones econ\u00f3micas y bloqueo total para quienes negocien con el pa\u00eds - GYS NOTICIAS |\" \/>\n<meta property=\"og:description\" content=\"El gobierno de Donald Trump redobl\u00f3 la presi\u00f3n sobre Cuba con la firma de una nueva orden ejecutiva de aplicaci\u00f3n inmediata. La medida impone severas sanciones econ\u00f3micas a cualquier persona o empresa, tanto estadounidense como extranjera, que realice operaciones en los sectores m\u00e1s estrat\u00e9gicos para el ingreso de divisas a la isla, como la energ\u00eda, [&hellip;]\" \/>\n<meta property=\"og:url\" content=\"https:\/\/gysfm.com.ar\/inicio\/trump-asesto-un-duro-golpe-a-cuba-nuevas-sanciones-economicas-y-bloqueo-total-para-quienes-negocien-con-el-pais\/\" \/>\n<meta property=\"og:site_name\" content=\"GYS NOTICIAS |\" \/>\n<meta property=\"article:published_time\" content=\"2026-05-02T08:40:09+00:00\" \/>\n<meta property=\"og:image\" content=\"https:\/\/fotos.perfil.com\/\/2026\/04\/28\/900\/0\/el-gobierno-estadounidense-emitira-pasaportes-conmemorativos-con-la-imagen-de-donald-trump-2229689.jpg?webp\" \/>\n<meta name=\"author\" content=\"Prensa G&amp;S FM\" \/>\n<meta name=\"twitter:card\" content=\"summary_large_image\" \/>\n<meta name=\"twitter:label1\" content=\"Escrito por\" \/>\n\t<meta name=\"twitter:data1\" content=\"Prensa G&amp;S FM\" \/>\n\t<meta name=\"twitter:label2\" content=\"Tiempo de lectura\" \/>\n\t<meta name=\"twitter:data2\" content=\"3 minutos\" \/>\n<script type=\"application\/ld+json\" class=\"yoast-schema-graph\">{\"@context\":\"https:\/\/schema.org\",\"@graph\":[{\"@type\":\"Article\",\"@id\":\"https:\/\/gysfm.com.ar\/inicio\/trump-asesto-un-duro-golpe-a-cuba-nuevas-sanciones-economicas-y-bloqueo-total-para-quienes-negocien-con-el-pais\/#article\",\"isPartOf\":{\"@id\":\"https:\/\/gysfm.com.ar\/inicio\/trump-asesto-un-duro-golpe-a-cuba-nuevas-sanciones-economicas-y-bloqueo-total-para-quienes-negocien-con-el-pais\/\"},\"author\":{\"name\":\"Prensa G&amp;S FM\",\"@id\":\"https:\/\/gysfm.com.ar\/inicio\/#\/schema\/person\/3abba7593ef2ad19e1be221d54383dc5\"},\"headline\":\"Trump asest\u00f3 un duro golpe a Cuba: nuevas sanciones econ\u00f3micas y bloqueo total para quienes negocien con el pa\u00eds\",\"datePublished\":\"2026-05-02T08:40:09+00:00\",\"mainEntityOfPage\":{\"@id\":\"https:\/\/gysfm.com.ar\/inicio\/trump-asesto-un-duro-golpe-a-cuba-nuevas-sanciones-economicas-y-bloqueo-total-para-quienes-negocien-con-el-pais\/\"},\"wordCount\":636,\"publisher\":{\"@id\":\"https:\/\/gysfm.com.ar\/inicio\/#organization\"},\"image\":{\"@id\":\"https:\/\/gysfm.com.ar\/inicio\/trump-asesto-un-duro-golpe-a-cuba-nuevas-sanciones-economicas-y-bloqueo-total-para-quienes-negocien-con-el-pais\/#primaryimage\"},\"thumbnailUrl\":\"https:\/\/gysfm.com.ar\/inicio\/wp-content\/uploads\/2026\/05\/donald-trump-28042026-2229533.jpg\",\"articleSection\":[\"NACIONALES\"],\"inLanguage\":\"es\"},{\"@type\":\"WebPage\",\"@id\":\"https:\/\/gysfm.com.ar\/inicio\/trump-asesto-un-duro-golpe-a-cuba-nuevas-sanciones-economicas-y-bloqueo-total-para-quienes-negocien-con-el-pais\/\",\"url\":\"https:\/\/gysfm.com.ar\/inicio\/trump-asesto-un-duro-golpe-a-cuba-nuevas-sanciones-economicas-y-bloqueo-total-para-quienes-negocien-con-el-pais\/\",\"name\":\"Trump asest\u00f3 un duro golpe a Cuba: nuevas sanciones econ\u00f3micas y bloqueo total para quienes negocien con el pa\u00eds - GYS NOTICIAS |\",\"isPartOf\":{\"@id\":\"https:\/\/gysfm.com.ar\/inicio\/#website\"},\"primaryImageOfPage\":{\"@id\":\"https:\/\/gysfm.com.ar\/inicio\/trump-asesto-un-duro-golpe-a-cuba-nuevas-sanciones-economicas-y-bloqueo-total-para-quienes-negocien-con-el-pais\/#primaryimage\"},\"image\":{\"@id\":\"https:\/\/gysfm.com.ar\/inicio\/trump-asesto-un-duro-golpe-a-cuba-nuevas-sanciones-economicas-y-bloqueo-total-para-quienes-negocien-con-el-pais\/#primaryimage\"},\"thumbnailUrl\":\"https:\/\/gysfm.com.ar\/inicio\/wp-content\/uploads\/2026\/05\/donald-trump-28042026-2229533.jpg\",\"datePublished\":\"2026-05-02T08:40:09+00:00\",\"breadcrumb\":{\"@id\":\"https:\/\/gysfm.com.ar\/inicio\/trump-asesto-un-duro-golpe-a-cuba-nuevas-sanciones-economicas-y-bloqueo-total-para-quienes-negocien-con-el-pais\/#breadcrumb\"},\"inLanguage\":\"es\",\"potentialAction\":[{\"@type\":\"ReadAction\",\"target\":[\"https:\/\/gysfm.com.ar\/inicio\/trump-asesto-un-duro-golpe-a-cuba-nuevas-sanciones-economicas-y-bloqueo-total-para-quienes-negocien-con-el-pais\/\"]}]},{\"@type\":\"ImageObject\",\"inLanguage\":\"es\",\"@id\":\"https:\/\/gysfm.com.ar\/inicio\/trump-asesto-un-duro-golpe-a-cuba-nuevas-sanciones-economicas-y-bloqueo-total-para-quienes-negocien-con-el-pais\/#primaryimage\",\"url\":\"https:\/\/gysfm.com.ar\/inicio\/wp-content\/uploads\/2026\/05\/donald-trump-28042026-2229533.jpg\",\"contentUrl\":\"https:\/\/gysfm.com.ar\/inicio\/wp-content\/uploads\/2026\/05\/donald-trump-28042026-2229533.jpg\",\"width\":1140,\"height\":641},{\"@type\":\"BreadcrumbList\",\"@id\":\"https:\/\/gysfm.com.ar\/inicio\/trump-asesto-un-duro-golpe-a-cuba-nuevas-sanciones-economicas-y-bloqueo-total-para-quienes-negocien-con-el-pais\/#breadcrumb\",\"itemListElement\":[{\"@type\":\"ListItem\",\"position\":1,\"name\":\"Portada\",\"item\":\"https:\/\/gysfm.com.ar\/inicio\/\"},{\"@type\":\"ListItem\",\"position\":2,\"name\":\"Trump asest\u00f3 un duro golpe a Cuba: nuevas sanciones econ\u00f3micas y bloqueo total para quienes negocien con el pa\u00eds\"}]},{\"@type\":\"WebSite\",\"@id\":\"https:\/\/gysfm.com.ar\/inicio\/#website\",\"url\":\"https:\/\/gysfm.com.ar\/inicio\/\",\"name\":\"GYS NOTICIAS |\",\"description\":\"DIARIO - RADIO ONLINE SAN JUAN ARGENTINA\",\"publisher\":{\"@id\":\"https:\/\/gysfm.com.ar\/inicio\/#organization\"},\"potentialAction\":[{\"@type\":\"SearchAction\",\"target\":{\"@type\":\"EntryPoint\",\"urlTemplate\":\"https:\/\/gysfm.com.ar\/inicio\/?s={search_term_string}\"},\"query-input\":{\"@type\":\"PropertyValueSpecification\",\"valueRequired\":true,\"valueName\":\"search_term_string\"}}],\"inLanguage\":\"es\"},{\"@type\":\"Organization\",\"@id\":\"https:\/\/gysfm.com.ar\/inicio\/#organization\",\"name\":\"GYS NOTICIAS |\",\"url\":\"https:\/\/gysfm.com.ar\/inicio\/\",\"logo\":{\"@type\":\"ImageObject\",\"inLanguage\":\"es\",\"@id\":\"https:\/\/gysfm.com.ar\/inicio\/#\/schema\/logo\/image\/\",\"url\":\"https:\/\/gysfm.com.ar\/inicio\/wp-content\/uploads\/2023\/07\/LOGOGYS-OK.png\",\"contentUrl\":\"https:\/\/gysfm.com.ar\/inicio\/wp-content\/uploads\/2023\/07\/LOGOGYS-OK.png\",\"width\":1170,\"height\":872,\"caption\":\"GYS NOTICIAS |\"},\"image\":{\"@id\":\"https:\/\/gysfm.com.ar\/inicio\/#\/schema\/logo\/image\/\"}},{\"@type\":\"Person\",\"@id\":\"https:\/\/gysfm.com.ar\/inicio\/#\/schema\/person\/3abba7593ef2ad19e1be221d54383dc5\",\"name\":\"Prensa G&amp;S FM\",\"image\":{\"@type\":\"ImageObject\",\"inLanguage\":\"es\",\"@id\":\"https:\/\/gysfm.com.ar\/inicio\/#\/schema\/person\/image\/\",\"url\":\"https:\/\/secure.gravatar.com\/avatar\/096ec78df02049ab018702bb4ccedf659377fa92a26540b5247612077a0dbd29?s=96&d=mm&r=g\",\"contentUrl\":\"https:\/\/secure.gravatar.com\/avatar\/096ec78df02049ab018702bb4ccedf659377fa92a26540b5247612077a0dbd29?s=96&d=mm&r=g\",\"caption\":\"Prensa G&amp;S FM\"},\"sameAs\":[\"https:\/\/gysfm.com.ar\/\"],\"url\":\"https:\/\/gysfm.com.ar\/inicio\/author\/lucasm\/\"}]}<\/script>\n<!-- \/ Yoast SEO plugin. -->","yoast_head_json":{"title":"Trump asest\u00f3 un duro golpe a Cuba: nuevas sanciones econ\u00f3micas y bloqueo total para quienes negocien con el pa\u00eds - GYS NOTICIAS |","robots":{"index":"index","follow":"follow","max-snippet":"max-snippet:-1","max-image-preview":"max-image-preview:large","max-video-preview":"max-video-preview:-1"},"canonical":"https:\/\/gysfm.com.ar\/inicio\/trump-asesto-un-duro-golpe-a-cuba-nuevas-sanciones-economicas-y-bloqueo-total-para-quienes-negocien-con-el-pais\/","og_locale":"es_ES","og_type":"article","og_title":"Trump asest\u00f3 un duro golpe a Cuba: nuevas sanciones econ\u00f3micas y bloqueo total para quienes negocien con el pa\u00eds - GYS NOTICIAS |","og_description":"El gobierno de Donald Trump redobl\u00f3 la presi\u00f3n sobre Cuba con la firma de una nueva orden ejecutiva de aplicaci\u00f3n inmediata. La medida impone severas sanciones econ\u00f3micas a cualquier persona o empresa, tanto estadounidense como extranjera, que realice operaciones en los sectores m\u00e1s estrat\u00e9gicos para el ingreso de divisas a la isla, como la energ\u00eda, [&hellip;]","og_url":"https:\/\/gysfm.com.ar\/inicio\/trump-asesto-un-duro-golpe-a-cuba-nuevas-sanciones-economicas-y-bloqueo-total-para-quienes-negocien-con-el-pais\/","og_site_name":"GYS NOTICIAS |","article_published_time":"2026-05-02T08:40:09+00:00","og_image":[{"url":"https:\/\/fotos.perfil.com\/\/2026\/04\/28\/900\/0\/el-gobierno-estadounidense-emitira-pasaportes-conmemorativos-con-la-imagen-de-donald-trump-2229689.jpg?webp","type":"","width":"","height":""}],"author":"Prensa G&amp;S FM","twitter_card":"summary_large_image","twitter_misc":{"Escrito por":"Prensa G&amp;S FM","Tiempo de lectura":"3 minutos"},"schema":{"@context":"https:\/\/schema.org","@graph":[{"@type":"Article","@id":"https:\/\/gysfm.com.ar\/inicio\/trump-asesto-un-duro-golpe-a-cuba-nuevas-sanciones-economicas-y-bloqueo-total-para-quienes-negocien-con-el-pais\/#article","isPartOf":{"@id":"https:\/\/gysfm.com.ar\/inicio\/trump-asesto-un-duro-golpe-a-cuba-nuevas-sanciones-economicas-y-bloqueo-total-para-quienes-negocien-con-el-pais\/"},"author":{"name":"Prensa G&amp;S FM","@id":"https:\/\/gysfm.com.ar\/inicio\/#\/schema\/person\/3abba7593ef2ad19e1be221d54383dc5"},"headline":"Trump asest\u00f3 un duro golpe a Cuba: nuevas sanciones econ\u00f3micas y bloqueo total para quienes negocien con el pa\u00eds","datePublished":"2026-05-02T08:40:09+00:00","mainEntityOfPage":{"@id":"https:\/\/gysfm.com.ar\/inicio\/trump-asesto-un-duro-golpe-a-cuba-nuevas-sanciones-economicas-y-bloqueo-total-para-quienes-negocien-con-el-pais\/"},"wordCount":636,"publisher":{"@id":"https:\/\/gysfm.com.ar\/inicio\/#organization"},"image":{"@id":"https:\/\/gysfm.com.ar\/inicio\/trump-asesto-un-duro-golpe-a-cuba-nuevas-sanciones-economicas-y-bloqueo-total-para-quienes-negocien-con-el-pais\/#primaryimage"},"thumbnailUrl":"https:\/\/gysfm.com.ar\/inicio\/wp-content\/uploads\/2026\/05\/donald-trump-28042026-2229533.jpg","articleSection":["NACIONALES"],"inLanguage":"es"},{"@type":"WebPage","@id":"https:\/\/gysfm.com.ar\/inicio\/trump-asesto-un-duro-golpe-a-cuba-nuevas-sanciones-economicas-y-bloqueo-total-para-quienes-negocien-con-el-pais\/","url":"https:\/\/gysfm.com.ar\/inicio\/trump-asesto-un-duro-golpe-a-cuba-nuevas-sanciones-economicas-y-bloqueo-total-para-quienes-negocien-con-el-pais\/","name":"Trump asest\u00f3 un duro golpe a Cuba: nuevas sanciones econ\u00f3micas y bloqueo total para quienes negocien con el pa\u00eds - GYS NOTICIAS |","isPartOf":{"@id":"https:\/\/gysfm.com.ar\/inicio\/#website"},"primaryImageOfPage":{"@id":"https:\/\/gysfm.com.ar\/inicio\/trump-asesto-un-duro-golpe-a-cuba-nuevas-sanciones-economicas-y-bloqueo-total-para-quienes-negocien-con-el-pais\/#primaryimage"},"image":{"@id":"https:\/\/gysfm.com.ar\/inicio\/trump-asesto-un-duro-golpe-a-cuba-nuevas-sanciones-economicas-y-bloqueo-total-para-quienes-negocien-con-el-pais\/#primaryimage"},"thumbnailUrl":"https:\/\/gysfm.com.ar\/inicio\/wp-content\/uploads\/2026\/05\/donald-trump-28042026-2229533.jpg","datePublished":"2026-05-02T08:40:09+00:00","breadcrumb":{"@id":"https:\/\/gysfm.com.ar\/inicio\/trump-asesto-un-duro-golpe-a-cuba-nuevas-sanciones-economicas-y-bloqueo-total-para-quienes-negocien-con-el-pais\/#breadcrumb"},"inLanguage":"es","potentialAction":[{"@type":"ReadAction","target":["https:\/\/gysfm.com.ar\/inicio\/trump-asesto-un-duro-golpe-a-cuba-nuevas-sanciones-economicas-y-bloqueo-total-para-quienes-negocien-con-el-pais\/"]}]},{"@type":"ImageObject","inLanguage":"es","@id":"https:\/\/gysfm.com.ar\/inicio\/trump-asesto-un-duro-golpe-a-cuba-nuevas-sanciones-economicas-y-bloqueo-total-para-quienes-negocien-con-el-pais\/#primaryimage","url":"https:\/\/gysfm.com.ar\/inicio\/wp-content\/uploads\/2026\/05\/donald-trump-28042026-2229533.jpg","contentUrl":"https:\/\/gysfm.com.ar\/inicio\/wp-content\/uploads\/2026\/05\/donald-trump-28042026-2229533.jpg","width":1140,"height":641},{"@type":"BreadcrumbList","@id":"https:\/\/gysfm.com.ar\/inicio\/trump-asesto-un-duro-golpe-a-cuba-nuevas-sanciones-economicas-y-bloqueo-total-para-quienes-negocien-con-el-pais\/#breadcrumb","itemListElement":[{"@type":"ListItem","position":1,"name":"Portada","item":"https:\/\/gysfm.com.ar\/inicio\/"},{"@type":"ListItem","position":2,"name":"Trump asest\u00f3 un duro golpe a Cuba: nuevas sanciones econ\u00f3micas y bloqueo total para quienes negocien con el pa\u00eds"}]},{"@type":"WebSite","@id":"https:\/\/gysfm.com.ar\/inicio\/#website","url":"https:\/\/gysfm.com.ar\/inicio\/","name":"GYS NOTICIAS |","description":"DIARIO - RADIO ONLINE SAN JUAN ARGENTINA","publisher":{"@id":"https:\/\/gysfm.com.ar\/inicio\/#organization"},"potentialAction":[{"@type":"SearchAction","target":{"@type":"EntryPoint","urlTemplate":"https:\/\/gysfm.com.ar\/inicio\/?s={search_term_string}"},"query-input":{"@type":"PropertyValueSpecification","valueRequired":true,"valueName":"search_term_string"}}],"inLanguage":"es"},{"@type":"Organization","@id":"https:\/\/gysfm.com.ar\/inicio\/#organization","name":"GYS NOTICIAS |","url":"https:\/\/gysfm.com.ar\/inicio\/","logo":{"@type":"ImageObject","inLanguage":"es","@id":"https:\/\/gysfm.com.ar\/inicio\/#\/schema\/logo\/image\/","url":"https:\/\/gysfm.com.ar\/inicio\/wp-content\/uploads\/2023\/07\/LOGOGYS-OK.png","contentUrl":"https:\/\/gysfm.com.ar\/inicio\/wp-content\/uploads\/2023\/07\/LOGOGYS-OK.png","width":1170,"height":872,"caption":"GYS NOTICIAS |"},"image":{"@id":"https:\/\/gysfm.com.ar\/inicio\/#\/schema\/logo\/image\/"}},{"@type":"Person","@id":"https:\/\/gysfm.com.ar\/inicio\/#\/schema\/person\/3abba7593ef2ad19e1be221d54383dc5","name":"Prensa G&amp;S FM","image":{"@type":"ImageObject","inLanguage":"es","@id":"https:\/\/gysfm.com.ar\/inicio\/#\/schema\/person\/image\/","url":"https:\/\/secure.gravatar.com\/avatar\/096ec78df02049ab018702bb4ccedf659377fa92a26540b5247612077a0dbd29?s=96&d=mm&r=g","contentUrl":"https:\/\/secure.gravatar.com\/avatar\/096ec78df02049ab018702bb4ccedf659377fa92a26540b5247612077a0dbd29?s=96&d=mm&r=g","caption":"Prensa G&amp;S FM"},"sameAs":["https:\/\/gysfm.com.ar\/"],"url":"https:\/\/gysfm.com.ar\/inicio\/author\/lucasm\/"}]}},"_links":{"self":[{"href":"https:\/\/gysfm.com.ar\/inicio\/wp-json\/wp\/v2\/posts\/194232","targetHints":{"allow":["GET"]}}],"collection":[{"href":"https:\/\/gysfm.com.ar\/inicio\/wp-json\/wp\/v2\/posts"}],"about":[{"href":"https:\/\/gysfm.com.ar\/inicio\/wp-json\/wp\/v2\/types\/post"}],"author":[{"embeddable":true,"href":"https:\/\/gysfm.com.ar\/inicio\/wp-json\/wp\/v2\/users\/2"}],"replies":[{"embeddable":true,"href":"https:\/\/gysfm.com.ar\/inicio\/wp-json\/wp\/v2\/comments?post=194232"}],"version-history":[{"count":0,"href":"https:\/\/gysfm.com.ar\/inicio\/wp-json\/wp\/v2\/posts\/194232\/revisions"}],"wp:featuredmedia":[{"embeddable":true,"href":"https:\/\/gysfm.com.ar\/inicio\/wp-json\/wp\/v2\/media\/194183"}],"wp:attachment":[{"href":"https:\/\/gysfm.com.ar\/inicio\/wp-json\/wp\/v2\/media?parent=194232"}],"wp:term":[{"taxonomy":"category","embeddable":true,"href":"https:\/\/gysfm.com.ar\/inicio\/wp-json\/wp\/v2\/categories?post=194232"},{"taxonomy":"post_tag","embeddable":true,"href":"https:\/\/gysfm.com.ar\/inicio\/wp-json\/wp\/v2\/tags?post=194232"}],"curies":[{"name":"wp","href":"https:\/\/api.w.org\/{rel}","templated":true}]}}