{"id":194229,"date":"2026-05-02T05:17:06","date_gmt":"2026-05-02T08:17:06","guid":{"rendered":"https:\/\/gysfm.com.ar\/inicio\/el-pentagono-retirara-5000-soldados-de-alemania-tras-los-choques-entre-trump-y-merz-por-la-guerra\/"},"modified":"2026-05-02T05:17:07","modified_gmt":"2026-05-02T08:17:07","slug":"el-pentagono-retirara-5000-soldados-de-alemania-tras-los-choques-entre-trump-y-merz-por-la-guerra","status":"publish","type":"post","link":"https:\/\/gysfm.com.ar\/inicio\/el-pentagono-retirara-5000-soldados-de-alemania-tras-los-choques-entre-trump-y-merz-por-la-guerra\/","title":{"rendered":"El Pent\u00e1gono retirar\u00e1 5000 soldados de Alemania tras los choques entre Trump y Merz por la guerra"},"content":{"rendered":"<p> <br \/>\n<\/p>\n<div>\n<p class=\"com-paragraph  --capital --s\">WASHINGTON.\u2013 Disconforme con la falta de apoyo de sus aliados de la OTAN en el conflicto de Medio Oriente,<strong> el Pent\u00e1gono planea retirar a unos 5000 soldados estadounidenses de Alemania<\/strong>, seg\u00fan informaron el viernes altos funcionarios de defensa a la cadena CBS.<\/p>\n<p class=\"com-paragraph   --s\">Los funcionarios calificaron la medida como <strong>una se\u00f1al del descontento del presidente Donald Trump con el nivel de asistencia que los aliados europeos han ofrecido en la guerra entre Estados Unidos e Ir\u00e1n<\/strong>. <\/p>\n<p class=\"com-paragraph   --s\"><a href=\"https:\/\/www.lanacion.com.ar\/el-mundo\/trump-dice-que-probablemente-podria-retirar-las-tropas-de-eeuu-de-italia-y-espana-nid30042026\/\" target=\"_self\" title=\"https:\/\/www.lanacion.com.ar\/el-mundo\/trump-dice-que-probablemente-podria-retirar-las-tropas-de-eeuu-de-italia-y-espana-nid30042026\/\" class=\"com-link break-word\" data-mrf-recirculation=\"n_link_parrafo\">Trump critic\u00f3 p\u00fablicamente al canciller alem\u00e1n<strong> Friedrich Merz <\/strong><\/a>y a los l\u00edderes de otros estados miembros de la OTAN por no involucrarse directamente en la campa\u00f1a militar estadounidense contra Ir\u00e1n.<\/p>\n<div class=\"content-media\">\n<section role=\"button\" class=\"mod-media   \">\n<figure role=\"button\" tabindex=\"0\" class=\"mod-figure \"><figcaption class=\"mod-figcaption\"><span class=\"com-text --caption --twoxs\">El presidente Donald Trump conversa con el canciller alem\u00e1n, Friedrich Merz, durante una reuni\u00f3n en el Despacho Oval de la Casa Blanca, el martes 3 de marzo de 2026, en Washington (AP\/Mark Schiefelbein)<\/span><span class=\"com-text --credit --twoxs\">Mark Schiefelbein &#8211; AP<\/span><\/figcaption><\/figure>\n<\/section>\n<\/div>\n<p class=\"com-paragraph   --s\">El ej\u00e9rcito norteamericano mantiene una presencia masiva en Alemania desde la posguerra de la Segunda Guerra Mundial y la Guerra Fr\u00eda. Seg\u00fan cifras del Departamento de Defensa, a diciembre del a\u00f1o pasado <strong>hab\u00eda m\u00e1s de 36.000 soldados en servicio activo destinados en bases de toda Alemania, junto con casi 1500 reservistas y 11.500 civiles<\/strong>. <\/p>\n<p class=\"com-paragraph   --s\">Jap\u00f3n es el \u00fanico pa\u00eds extranjero con una mayor presencia de tropas estadounidenses. <\/p>\n<p class=\"com-paragraph   --s\">Alemania tambi\u00e9n alberga las sedes del Comando Europeo y del Comando de \u00c1frica de Estados Unidos, y <strong>su base a\u00e9rea de Ramstein es un centro clave para las operaciones estadounidenses.<\/strong><\/p>\n<div class=\"content-media\">\n<section role=\"button\" class=\"mod-media   \">\n<figure role=\"button\" tabindex=\"0\" class=\"mod-figure \"><figcaption class=\"mod-figcaption\"><span class=\"com-text --caption --twoxs\">Un avi\u00f3n militar C-17 Globemaster despega de la base militar de Ramstein, Alemania<\/span><span class=\"com-text --credit --twoxs\">Michael Probst &#8211; AP<\/span><\/figcaption><\/figure>\n<\/section>\n<\/div>\n<p class=\"com-paragraph   --s\">Algunos de los efectivos estadounidenses que est\u00e1n siendo trasladados fuera de Europa podr\u00edan regresar a Estados Unidos y luego ser desplegados en el extranjero, seg\u00fan informaron funcionarios de defensa, describiendo la medida como un esfuerzo por<strong> centrarse en las prioridades del Pent\u00e1gono en el territorio estadounidense y la regi\u00f3n del Indo-Pac\u00edfico<\/strong>. <\/p>\n<p class=\"com-paragraph   --s\">Seg\u00fan informaron las autoridades, la retirada no afectar\u00e1 al transporte ni a la atenci\u00f3n de los soldados heridos en el <strong>Centro M\u00e9dico Regional de Landstuhl,<\/strong> en Alemania. Landstuhl es el hospital estadounidense m\u00e1s grande en el extranjero y atiende a los efectivos estadounidenses heridos por ataques iran\u00edes.<\/p>\n<p class=\"com-paragraph   --s\">La retirada afectar\u00e1 a una brigada de combate en Alemania, despu\u00e9s de que el n\u00famero de equipos en Europa aumentara tras la invasi\u00f3n rusa de Ucrania. Un batall\u00f3n de artiller\u00eda de largo alcance, cuyo despliegue en Alemania estaba previsto para finales de este a\u00f1o, tambi\u00e9n ser\u00e1 reasignado.<\/p>\n<p class=\"com-paragraph   --s\">El vocero principal del Pent\u00e1gono,<strong> Sean Parnell<\/strong>, dijo que la retirada tendr\u00e1 lugar en los pr\u00f3ximos seis a doce meses.<\/p>\n<p class=\"com-paragraph   --s\">\u201cEsta decisi\u00f3n se produce tras una revisi\u00f3n exhaustiva del despliegue de fuerzas del Departamento en Europa y responde al <strong>reconocimiento de las necesidades y condiciones sobre el terreno<\/strong>\u201d, declar\u00f3 Parnell en un comunicado.<\/p>\n<p class=\"com-paragraph   --s\">A principios de esta semana, Trump insinu\u00f3 que estaba considerando reducir las tropas en Alemania. <a href=\"https:\/\/www.lanacion.com.ar\/el-mundo\/el-enfrentamiento-de-trump-con-merz-demuestra-lo-dificil-que-es-mantener-la-amistad-con-el-nid30042026\/\" target=\"_self\" title=\"https:\/\/www.lanacion.com.ar\/el-mundo\/el-enfrentamiento-de-trump-con-merz-demuestra-lo-dificil-que-es-mantener-la-amistad-con-el-nid30042026\/\" class=\"com-link break-word\" data-mrf-recirculation=\"n_link_parrafo\">En los \u00faltimos d\u00edas, se ha mostrado cada vez m\u00e1s frustrado con Merz<\/a>, despu\u00e9s de que el canciller alem\u00e1n declar\u00f3 esta semana que <strong>\u201clos estadounidenses claramente no tienen una estrategia\u201d respecto a Ir\u00e1n y argument\u00f3 que Estados Unidos estaba siendo \u201chumillado\u201d por los negociadores iran\u00edes.<\/strong><\/p>\n<p class=\"com-paragraph   --s\">Posteriormente, el presidente estadounidense escribi\u00f3 en dos publicaciones en Truth Social que Merz<strong> \u201cno sabe de lo que habla\u201d y que estaba \u201cinterfiriendo con quienes est\u00e1n eliminando la amenaza nuclear iran\u00ed\u201d<\/strong>. De todos modos, Merz declar\u00f3 el mi\u00e9rcoles que a\u00fan mantiene una buena relaci\u00f3n con Trump. <\/p>\n<p><iframe src=\"https:\/\/truthsocial.com\/@realDonaldTrump\/116483733181582907\/embed\" class=\"truthsocial-embed\" style=\"max-width: 100%; border: 0\" width=\"600\" allowfullscreen=\"allowfullscreen\"><\/iframe><\/p>\n<p class=\"com-paragraph   --s\">El tira y afloja puso de manifiesto desacuerdos m\u00e1s profundos entre Trump y muchos aliados de la OTAN, que han evitado intervenir directamente en la guerra de Estados Unidos contra Ir\u00e1n y lidian con el aumento de los precios de la energ\u00eda debido a la interrupci\u00f3n de los env\u00edos de combustible. <\/p>\n<p class=\"com-paragraph   --s\">El presidente norteamericano amenaz\u00f3 con abandonar la OTAN, calificando a la alianza de \u201ctigre de papel\u201d por no entrar en la guerra. Pero una ley de 2023 impide que el presidente retire a Estados Unidos de la OTAN sin la aprobaci\u00f3n del Congreso.<\/p>\n<p class=\"com-paragraph   --s\"><strong>Agencias AFP y Reuters<\/strong><\/p>\n<section class=\"container-center-100 mb-40 border border-bottom border-thin border-neutral-light-700\">\n<hr\/>\n<\/section>\n<\/div>\n<p><script id=\"facebookpixel\" defer=\"\" type=\"text\/javascript\">\n        !function(f,b,e,v,n,t,s)\n        {if(f.fbq)return;n=f.fbq=function(){n.callMethod?\n        n.callMethod.apply(n,arguments):n.queue.push(arguments)};\n        if(!f._fbq)f._fbq=n;n.push=n;n.loaded=!0;n.version='2.0';\n        n.queue=[];t=b.createElement(e);t.async=!0;\n        t.src=v;s=b.getElementsByTagName(e)[0];\n        s.parentNode.insertBefore(t,s)}(window, document,'script',\n        'https:\/\/connect.facebook.net\/en_US\/fbevents.js');\n        fbq('init', '492459597522335');\n        fbq('track', 'PageView');\n    <\/script><br \/>\n<br \/><\/p>\n","protected":false},"excerpt":{"rendered":"<p>WASHINGTON.\u2013 Disconforme con la falta de apoyo de sus aliados de la OTAN en el conflicto de Medio Oriente, el Pent\u00e1gono planea retirar a unos 5000 soldados estadounidenses de Alemania, seg\u00fan informaron el viernes altos funcionarios de defensa a la cadena CBS. Los funcionarios calificaron la medida como una se\u00f1al del descontento del presidente Donald [&hellip;]<\/p>\n","protected":false},"author":2,"featured_media":194230,"comment_status":"closed","ping_status":"closed","sticky":false,"template":"","format":"standard","meta":{"footnotes":""},"categories":[26],"tags":[],"class_list":["post-194229","post","type-post","status-publish","format-standard","has-post-thumbnail","hentry","category-internacionales"],"yoast_head":"<!-- This site is optimized with the Yoast SEO plugin v24.4 - https:\/\/yoast.com\/wordpress\/plugins\/seo\/ -->\n<title>El Pent\u00e1gono retirar\u00e1 5000 soldados de Alemania tras los choques entre Trump y Merz por la guerra - GYS NOTICIAS |<\/title>\n<meta name=\"robots\" content=\"index, follow, max-snippet:-1, max-image-preview:large, max-video-preview:-1\" \/>\n<link rel=\"canonical\" href=\"https:\/\/gysfm.com.ar\/inicio\/el-pentagono-retirara-5000-soldados-de-alemania-tras-los-choques-entre-trump-y-merz-por-la-guerra\/\" \/>\n<meta property=\"og:locale\" content=\"es_ES\" \/>\n<meta property=\"og:type\" content=\"article\" \/>\n<meta property=\"og:title\" content=\"El Pent\u00e1gono retirar\u00e1 5000 soldados de Alemania tras los choques entre Trump y Merz por la guerra - GYS NOTICIAS |\" \/>\n<meta property=\"og:description\" content=\"WASHINGTON.\u2013 Disconforme con la falta de apoyo de sus aliados de la OTAN en el conflicto de Medio Oriente, el Pent\u00e1gono planea retirar a unos 5000 soldados estadounidenses de Alemania, seg\u00fan informaron el viernes altos funcionarios de defensa a la cadena CBS. Los funcionarios calificaron la medida como una se\u00f1al del descontento del presidente Donald [&hellip;]\" \/>\n<meta property=\"og:url\" content=\"https:\/\/gysfm.com.ar\/inicio\/el-pentagono-retirara-5000-soldados-de-alemania-tras-los-choques-entre-trump-y-merz-por-la-guerra\/\" \/>\n<meta property=\"og:site_name\" content=\"GYS NOTICIAS |\" \/>\n<meta property=\"article:published_time\" content=\"2026-05-02T08:17:06+00:00\" \/>\n<meta property=\"article:modified_time\" content=\"2026-05-02T08:17:07+00:00\" \/>\n<meta property=\"og:image\" content=\"https:\/\/gysfm.com.ar\/inicio\/wp-content\/uploads\/2026\/05\/la-base-aerea-estadounidense-ramstein-en-MBRRRVADVNG4TMVQ2YEDDGB4BU.jpg\" \/>\n\t<meta property=\"og:image:width\" content=\"1200\" \/>\n\t<meta property=\"og:image:height\" content=\"800\" \/>\n\t<meta property=\"og:image:type\" content=\"image\/jpeg\" \/>\n<meta name=\"author\" content=\"Prensa G&amp;S FM\" \/>\n<meta name=\"twitter:card\" content=\"summary_large_image\" \/>\n<meta name=\"twitter:label1\" content=\"Escrito por\" \/>\n\t<meta name=\"twitter:data1\" content=\"Prensa G&amp;S FM\" \/>\n\t<meta name=\"twitter:label2\" content=\"Tiempo de lectura\" \/>\n\t<meta name=\"twitter:data2\" content=\"4 minutos\" \/>\n<script type=\"application\/ld+json\" class=\"yoast-schema-graph\">{\"@context\":\"https:\/\/schema.org\",\"@graph\":[{\"@type\":\"Article\",\"@id\":\"https:\/\/gysfm.com.ar\/inicio\/el-pentagono-retirara-5000-soldados-de-alemania-tras-los-choques-entre-trump-y-merz-por-la-guerra\/#article\",\"isPartOf\":{\"@id\":\"https:\/\/gysfm.com.ar\/inicio\/el-pentagono-retirara-5000-soldados-de-alemania-tras-los-choques-entre-trump-y-merz-por-la-guerra\/\"},\"author\":{\"name\":\"Prensa G&amp;S FM\",\"@id\":\"https:\/\/gysfm.com.ar\/inicio\/#\/schema\/person\/3abba7593ef2ad19e1be221d54383dc5\"},\"headline\":\"El Pent\u00e1gono retirar\u00e1 5000 soldados de Alemania tras los choques entre Trump y Merz por la guerra\",\"datePublished\":\"2026-05-02T08:17:06+00:00\",\"dateModified\":\"2026-05-02T08:17:07+00:00\",\"mainEntityOfPage\":{\"@id\":\"https:\/\/gysfm.com.ar\/inicio\/el-pentagono-retirara-5000-soldados-de-alemania-tras-los-choques-entre-trump-y-merz-por-la-guerra\/\"},\"wordCount\":731,\"publisher\":{\"@id\":\"https:\/\/gysfm.com.ar\/inicio\/#organization\"},\"image\":{\"@id\":\"https:\/\/gysfm.com.ar\/inicio\/el-pentagono-retirara-5000-soldados-de-alemania-tras-los-choques-entre-trump-y-merz-por-la-guerra\/#primaryimage\"},\"thumbnailUrl\":\"https:\/\/gysfm.com.ar\/inicio\/wp-content\/uploads\/2026\/05\/la-base-aerea-estadounidense-ramstein-en-MBRRRVADVNG4TMVQ2YEDDGB4BU.jpg\",\"articleSection\":[\"INTERNACIONALES\"],\"inLanguage\":\"es\"},{\"@type\":\"WebPage\",\"@id\":\"https:\/\/gysfm.com.ar\/inicio\/el-pentagono-retirara-5000-soldados-de-alemania-tras-los-choques-entre-trump-y-merz-por-la-guerra\/\",\"url\":\"https:\/\/gysfm.com.ar\/inicio\/el-pentagono-retirara-5000-soldados-de-alemania-tras-los-choques-entre-trump-y-merz-por-la-guerra\/\",\"name\":\"El Pent\u00e1gono retirar\u00e1 5000 soldados de Alemania tras los choques entre Trump y Merz por la guerra - GYS NOTICIAS |\",\"isPartOf\":{\"@id\":\"https:\/\/gysfm.com.ar\/inicio\/#website\"},\"primaryImageOfPage\":{\"@id\":\"https:\/\/gysfm.com.ar\/inicio\/el-pentagono-retirara-5000-soldados-de-alemania-tras-los-choques-entre-trump-y-merz-por-la-guerra\/#primaryimage\"},\"image\":{\"@id\":\"https:\/\/gysfm.com.ar\/inicio\/el-pentagono-retirara-5000-soldados-de-alemania-tras-los-choques-entre-trump-y-merz-por-la-guerra\/#primaryimage\"},\"thumbnailUrl\":\"https:\/\/gysfm.com.ar\/inicio\/wp-content\/uploads\/2026\/05\/la-base-aerea-estadounidense-ramstein-en-MBRRRVADVNG4TMVQ2YEDDGB4BU.jpg\",\"datePublished\":\"2026-05-02T08:17:06+00:00\",\"dateModified\":\"2026-05-02T08:17:07+00:00\",\"breadcrumb\":{\"@id\":\"https:\/\/gysfm.com.ar\/inicio\/el-pentagono-retirara-5000-soldados-de-alemania-tras-los-choques-entre-trump-y-merz-por-la-guerra\/#breadcrumb\"},\"inLanguage\":\"es\",\"potentialAction\":[{\"@type\":\"ReadAction\",\"target\":[\"https:\/\/gysfm.com.ar\/inicio\/el-pentagono-retirara-5000-soldados-de-alemania-tras-los-choques-entre-trump-y-merz-por-la-guerra\/\"]}]},{\"@type\":\"ImageObject\",\"inLanguage\":\"es\",\"@id\":\"https:\/\/gysfm.com.ar\/inicio\/el-pentagono-retirara-5000-soldados-de-alemania-tras-los-choques-entre-trump-y-merz-por-la-guerra\/#primaryimage\",\"url\":\"https:\/\/gysfm.com.ar\/inicio\/wp-content\/uploads\/2026\/05\/la-base-aerea-estadounidense-ramstein-en-MBRRRVADVNG4TMVQ2YEDDGB4BU.jpg\",\"contentUrl\":\"https:\/\/gysfm.com.ar\/inicio\/wp-content\/uploads\/2026\/05\/la-base-aerea-estadounidense-ramstein-en-MBRRRVADVNG4TMVQ2YEDDGB4BU.jpg\",\"width\":1200,\"height\":800},{\"@type\":\"BreadcrumbList\",\"@id\":\"https:\/\/gysfm.com.ar\/inicio\/el-pentagono-retirara-5000-soldados-de-alemania-tras-los-choques-entre-trump-y-merz-por-la-guerra\/#breadcrumb\",\"itemListElement\":[{\"@type\":\"ListItem\",\"position\":1,\"name\":\"Portada\",\"item\":\"https:\/\/gysfm.com.ar\/inicio\/\"},{\"@type\":\"ListItem\",\"position\":2,\"name\":\"El Pent\u00e1gono retirar\u00e1 5000 soldados de Alemania tras los choques entre Trump y Merz por la guerra\"}]},{\"@type\":\"WebSite\",\"@id\":\"https:\/\/gysfm.com.ar\/inicio\/#website\",\"url\":\"https:\/\/gysfm.com.ar\/inicio\/\",\"name\":\"GYS NOTICIAS |\",\"description\":\"DIARIO - RADIO ONLINE SAN JUAN ARGENTINA\",\"publisher\":{\"@id\":\"https:\/\/gysfm.com.ar\/inicio\/#organization\"},\"potentialAction\":[{\"@type\":\"SearchAction\",\"target\":{\"@type\":\"EntryPoint\",\"urlTemplate\":\"https:\/\/gysfm.com.ar\/inicio\/?s={search_term_string}\"},\"query-input\":{\"@type\":\"PropertyValueSpecification\",\"valueRequired\":true,\"valueName\":\"search_term_string\"}}],\"inLanguage\":\"es\"},{\"@type\":\"Organization\",\"@id\":\"https:\/\/gysfm.com.ar\/inicio\/#organization\",\"name\":\"GYS NOTICIAS |\",\"url\":\"https:\/\/gysfm.com.ar\/inicio\/\",\"logo\":{\"@type\":\"ImageObject\",\"inLanguage\":\"es\",\"@id\":\"https:\/\/gysfm.com.ar\/inicio\/#\/schema\/logo\/image\/\",\"url\":\"https:\/\/gysfm.com.ar\/inicio\/wp-content\/uploads\/2023\/07\/LOGOGYS-OK.png\",\"contentUrl\":\"https:\/\/gysfm.com.ar\/inicio\/wp-content\/uploads\/2023\/07\/LOGOGYS-OK.png\",\"width\":1170,\"height\":872,\"caption\":\"GYS NOTICIAS |\"},\"image\":{\"@id\":\"https:\/\/gysfm.com.ar\/inicio\/#\/schema\/logo\/image\/\"}},{\"@type\":\"Person\",\"@id\":\"https:\/\/gysfm.com.ar\/inicio\/#\/schema\/person\/3abba7593ef2ad19e1be221d54383dc5\",\"name\":\"Prensa G&amp;S FM\",\"image\":{\"@type\":\"ImageObject\",\"inLanguage\":\"es\",\"@id\":\"https:\/\/gysfm.com.ar\/inicio\/#\/schema\/person\/image\/\",\"url\":\"https:\/\/secure.gravatar.com\/avatar\/096ec78df02049ab018702bb4ccedf659377fa92a26540b5247612077a0dbd29?s=96&d=mm&r=g\",\"contentUrl\":\"https:\/\/secure.gravatar.com\/avatar\/096ec78df02049ab018702bb4ccedf659377fa92a26540b5247612077a0dbd29?s=96&d=mm&r=g\",\"caption\":\"Prensa G&amp;S FM\"},\"sameAs\":[\"https:\/\/gysfm.com.ar\/\"],\"url\":\"https:\/\/gysfm.com.ar\/inicio\/author\/lucasm\/\"}]}<\/script>\n<!-- \/ Yoast SEO plugin. -->","yoast_head_json":{"title":"El Pent\u00e1gono retirar\u00e1 5000 soldados de Alemania tras los choques entre Trump y Merz por la guerra - GYS NOTICIAS |","robots":{"index":"index","follow":"follow","max-snippet":"max-snippet:-1","max-image-preview":"max-image-preview:large","max-video-preview":"max-video-preview:-1"},"canonical":"https:\/\/gysfm.com.ar\/inicio\/el-pentagono-retirara-5000-soldados-de-alemania-tras-los-choques-entre-trump-y-merz-por-la-guerra\/","og_locale":"es_ES","og_type":"article","og_title":"El Pent\u00e1gono retirar\u00e1 5000 soldados de Alemania tras los choques entre Trump y Merz por la guerra - GYS NOTICIAS |","og_description":"WASHINGTON.\u2013 Disconforme con la falta de apoyo de sus aliados de la OTAN en el conflicto de Medio Oriente, el Pent\u00e1gono planea retirar a unos 5000 soldados estadounidenses de Alemania, seg\u00fan informaron el viernes altos funcionarios de defensa a la cadena CBS. Los funcionarios calificaron la medida como una se\u00f1al del descontento del presidente Donald [&hellip;]","og_url":"https:\/\/gysfm.com.ar\/inicio\/el-pentagono-retirara-5000-soldados-de-alemania-tras-los-choques-entre-trump-y-merz-por-la-guerra\/","og_site_name":"GYS NOTICIAS |","article_published_time":"2026-05-02T08:17:06+00:00","article_modified_time":"2026-05-02T08:17:07+00:00","og_image":[{"width":1200,"height":800,"url":"https:\/\/gysfm.com.ar\/inicio\/wp-content\/uploads\/2026\/05\/la-base-aerea-estadounidense-ramstein-en-MBRRRVADVNG4TMVQ2YEDDGB4BU.jpg","type":"image\/jpeg"}],"author":"Prensa G&amp;S FM","twitter_card":"summary_large_image","twitter_misc":{"Escrito por":"Prensa G&amp;S FM","Tiempo de lectura":"4 minutos"},"schema":{"@context":"https:\/\/schema.org","@graph":[{"@type":"Article","@id":"https:\/\/gysfm.com.ar\/inicio\/el-pentagono-retirara-5000-soldados-de-alemania-tras-los-choques-entre-trump-y-merz-por-la-guerra\/#article","isPartOf":{"@id":"https:\/\/gysfm.com.ar\/inicio\/el-pentagono-retirara-5000-soldados-de-alemania-tras-los-choques-entre-trump-y-merz-por-la-guerra\/"},"author":{"name":"Prensa G&amp;S FM","@id":"https:\/\/gysfm.com.ar\/inicio\/#\/schema\/person\/3abba7593ef2ad19e1be221d54383dc5"},"headline":"El Pent\u00e1gono retirar\u00e1 5000 soldados de Alemania tras los choques entre Trump y Merz por la guerra","datePublished":"2026-05-02T08:17:06+00:00","dateModified":"2026-05-02T08:17:07+00:00","mainEntityOfPage":{"@id":"https:\/\/gysfm.com.ar\/inicio\/el-pentagono-retirara-5000-soldados-de-alemania-tras-los-choques-entre-trump-y-merz-por-la-guerra\/"},"wordCount":731,"publisher":{"@id":"https:\/\/gysfm.com.ar\/inicio\/#organization"},"image":{"@id":"https:\/\/gysfm.com.ar\/inicio\/el-pentagono-retirara-5000-soldados-de-alemania-tras-los-choques-entre-trump-y-merz-por-la-guerra\/#primaryimage"},"thumbnailUrl":"https:\/\/gysfm.com.ar\/inicio\/wp-content\/uploads\/2026\/05\/la-base-aerea-estadounidense-ramstein-en-MBRRRVADVNG4TMVQ2YEDDGB4BU.jpg","articleSection":["INTERNACIONALES"],"inLanguage":"es"},{"@type":"WebPage","@id":"https:\/\/gysfm.com.ar\/inicio\/el-pentagono-retirara-5000-soldados-de-alemania-tras-los-choques-entre-trump-y-merz-por-la-guerra\/","url":"https:\/\/gysfm.com.ar\/inicio\/el-pentagono-retirara-5000-soldados-de-alemania-tras-los-choques-entre-trump-y-merz-por-la-guerra\/","name":"El Pent\u00e1gono retirar\u00e1 5000 soldados de Alemania tras los choques entre Trump y Merz por la guerra - GYS NOTICIAS |","isPartOf":{"@id":"https:\/\/gysfm.com.ar\/inicio\/#website"},"primaryImageOfPage":{"@id":"https:\/\/gysfm.com.ar\/inicio\/el-pentagono-retirara-5000-soldados-de-alemania-tras-los-choques-entre-trump-y-merz-por-la-guerra\/#primaryimage"},"image":{"@id":"https:\/\/gysfm.com.ar\/inicio\/el-pentagono-retirara-5000-soldados-de-alemania-tras-los-choques-entre-trump-y-merz-por-la-guerra\/#primaryimage"},"thumbnailUrl":"https:\/\/gysfm.com.ar\/inicio\/wp-content\/uploads\/2026\/05\/la-base-aerea-estadounidense-ramstein-en-MBRRRVADVNG4TMVQ2YEDDGB4BU.jpg","datePublished":"2026-05-02T08:17:06+00:00","dateModified":"2026-05-02T08:17:07+00:00","breadcrumb":{"@id":"https:\/\/gysfm.com.ar\/inicio\/el-pentagono-retirara-5000-soldados-de-alemania-tras-los-choques-entre-trump-y-merz-por-la-guerra\/#breadcrumb"},"inLanguage":"es","potentialAction":[{"@type":"ReadAction","target":["https:\/\/gysfm.com.ar\/inicio\/el-pentagono-retirara-5000-soldados-de-alemania-tras-los-choques-entre-trump-y-merz-por-la-guerra\/"]}]},{"@type":"ImageObject","inLanguage":"es","@id":"https:\/\/gysfm.com.ar\/inicio\/el-pentagono-retirara-5000-soldados-de-alemania-tras-los-choques-entre-trump-y-merz-por-la-guerra\/#primaryimage","url":"https:\/\/gysfm.com.ar\/inicio\/wp-content\/uploads\/2026\/05\/la-base-aerea-estadounidense-ramstein-en-MBRRRVADVNG4TMVQ2YEDDGB4BU.jpg","contentUrl":"https:\/\/gysfm.com.ar\/inicio\/wp-content\/uploads\/2026\/05\/la-base-aerea-estadounidense-ramstein-en-MBRRRVADVNG4TMVQ2YEDDGB4BU.jpg","width":1200,"height":800},{"@type":"BreadcrumbList","@id":"https:\/\/gysfm.com.ar\/inicio\/el-pentagono-retirara-5000-soldados-de-alemania-tras-los-choques-entre-trump-y-merz-por-la-guerra\/#breadcrumb","itemListElement":[{"@type":"ListItem","position":1,"name":"Portada","item":"https:\/\/gysfm.com.ar\/inicio\/"},{"@type":"ListItem","position":2,"name":"El Pent\u00e1gono retirar\u00e1 5000 soldados de Alemania tras los choques entre Trump y Merz por la guerra"}]},{"@type":"WebSite","@id":"https:\/\/gysfm.com.ar\/inicio\/#website","url":"https:\/\/gysfm.com.ar\/inicio\/","name":"GYS NOTICIAS |","description":"DIARIO - RADIO ONLINE SAN JUAN ARGENTINA","publisher":{"@id":"https:\/\/gysfm.com.ar\/inicio\/#organization"},"potentialAction":[{"@type":"SearchAction","target":{"@type":"EntryPoint","urlTemplate":"https:\/\/gysfm.com.ar\/inicio\/?s={search_term_string}"},"query-input":{"@type":"PropertyValueSpecification","valueRequired":true,"valueName":"search_term_string"}}],"inLanguage":"es"},{"@type":"Organization","@id":"https:\/\/gysfm.com.ar\/inicio\/#organization","name":"GYS NOTICIAS |","url":"https:\/\/gysfm.com.ar\/inicio\/","logo":{"@type":"ImageObject","inLanguage":"es","@id":"https:\/\/gysfm.com.ar\/inicio\/#\/schema\/logo\/image\/","url":"https:\/\/gysfm.com.ar\/inicio\/wp-content\/uploads\/2023\/07\/LOGOGYS-OK.png","contentUrl":"https:\/\/gysfm.com.ar\/inicio\/wp-content\/uploads\/2023\/07\/LOGOGYS-OK.png","width":1170,"height":872,"caption":"GYS NOTICIAS |"},"image":{"@id":"https:\/\/gysfm.com.ar\/inicio\/#\/schema\/logo\/image\/"}},{"@type":"Person","@id":"https:\/\/gysfm.com.ar\/inicio\/#\/schema\/person\/3abba7593ef2ad19e1be221d54383dc5","name":"Prensa G&amp;S FM","image":{"@type":"ImageObject","inLanguage":"es","@id":"https:\/\/gysfm.com.ar\/inicio\/#\/schema\/person\/image\/","url":"https:\/\/secure.gravatar.com\/avatar\/096ec78df02049ab018702bb4ccedf659377fa92a26540b5247612077a0dbd29?s=96&d=mm&r=g","contentUrl":"https:\/\/secure.gravatar.com\/avatar\/096ec78df02049ab018702bb4ccedf659377fa92a26540b5247612077a0dbd29?s=96&d=mm&r=g","caption":"Prensa G&amp;S FM"},"sameAs":["https:\/\/gysfm.com.ar\/"],"url":"https:\/\/gysfm.com.ar\/inicio\/author\/lucasm\/"}]}},"_links":{"self":[{"href":"https:\/\/gysfm.com.ar\/inicio\/wp-json\/wp\/v2\/posts\/194229","targetHints":{"allow":["GET"]}}],"collection":[{"href":"https:\/\/gysfm.com.ar\/inicio\/wp-json\/wp\/v2\/posts"}],"about":[{"href":"https:\/\/gysfm.com.ar\/inicio\/wp-json\/wp\/v2\/types\/post"}],"author":[{"embeddable":true,"href":"https:\/\/gysfm.com.ar\/inicio\/wp-json\/wp\/v2\/users\/2"}],"replies":[{"embeddable":true,"href":"https:\/\/gysfm.com.ar\/inicio\/wp-json\/wp\/v2\/comments?post=194229"}],"version-history":[{"count":1,"href":"https:\/\/gysfm.com.ar\/inicio\/wp-json\/wp\/v2\/posts\/194229\/revisions"}],"predecessor-version":[{"id":194231,"href":"https:\/\/gysfm.com.ar\/inicio\/wp-json\/wp\/v2\/posts\/194229\/revisions\/194231"}],"wp:featuredmedia":[{"embeddable":true,"href":"https:\/\/gysfm.com.ar\/inicio\/wp-json\/wp\/v2\/media\/194230"}],"wp:attachment":[{"href":"https:\/\/gysfm.com.ar\/inicio\/wp-json\/wp\/v2\/media?parent=194229"}],"wp:term":[{"taxonomy":"category","embeddable":true,"href":"https:\/\/gysfm.com.ar\/inicio\/wp-json\/wp\/v2\/categories?post=194229"},{"taxonomy":"post_tag","embeddable":true,"href":"https:\/\/gysfm.com.ar\/inicio\/wp-json\/wp\/v2\/tags?post=194229"}],"curies":[{"name":"wp","href":"https:\/\/api.w.org\/{rel}","templated":true}]}}