{"id":194227,"date":"2026-05-02T05:09:19","date_gmt":"2026-05-02T08:09:19","guid":{"rendered":"https:\/\/gysfm.com.ar\/inicio\/mas-de-trump-redobla-su-presion-sobre-europa-subire-los-aranceles-al-25-y-escala-el-conflicto-con-la-ue\/"},"modified":"2026-05-02T05:09:19","modified_gmt":"2026-05-02T08:09:19","slug":"mas-de-trump-redobla-su-presion-sobre-europa-subire-los-aranceles-al-25-y-escala-el-conflicto-con-la-ue","status":"publish","type":"post","link":"https:\/\/gysfm.com.ar\/inicio\/mas-de-trump-redobla-su-presion-sobre-europa-subire-los-aranceles-al-25-y-escala-el-conflicto-con-la-ue\/","title":{"rendered":"M\u00e1s de Trump redobla su presi\u00f3n sobre Europa: \u201cSubir\u00e9 los aranceles al 25%\u201d y escala el conflicto con la UE"},"content":{"rendered":"<p><\/p>\n<div id=\"article-content\">\n<p>El presidente de Estados Unidos, <a target=\"_blank\" href=\"https:\/\/www.perfil.com\/noticias\/internacional\/trump-rechazo-la-ultima-oferta-de-iran-y-amenaza-con-nuevos-ataques-mientras-escala-la-tension-con-europa.phtml\"><strong>Donald Trump<\/strong><\/a>, volvi\u00f3 a endurecer su postura frente a Europa y anunci\u00f3 que elevar\u00e1 al 25% los aranceles a autos y camiones provenientes de la Uni\u00f3n Europea. La medida profundiza la tensi\u00f3n comercial y se suma a una serie de cr\u00edticas recientes contra l\u00edderes del continente.<\/p>\n<p>\u201c<strong>La pr\u00f3xima semana aumentar\u00e9 los aranceles<\/strong>\u201d, afirm\u00f3 el mandatario en su red social, en la que justific\u00f3 la decisi\u00f3n al se\u00f1alar que el bloque europeo no cumple con acuerdos comerciales previos.<\/p>\n<p style=\"text-align:center\"><picture><source media=\"(max-width: 440px)\" srcset=\"https:\/\/fotos.perfil.com\/\/2026\/05\/01\/440\/0\/posteo-de-trump-en-truth-social-2232014.png?webp\"\/><source media=\"(max-width: 1019px)\" srcset=\"https:\/\/fotos.perfil.com\/\/2026\/05\/01\/712\/0\/posteo-de-trump-en-truth-social-2232014.png?webp\"\/><img decoding=\"async\" style=\"max-width: 100%; width: 100%;\" alt=\"Posteo de Trump en Truth Social \" src=\"https:\/\/fotos.perfil.com\/\/2026\/05\/01\/900\/0\/posteo-de-trump-en-truth-social-2232014.png\" loading=\"lazy\"\/><\/picture><\/p>\n<div class=\"subscription\">\n<p>\n        Esto no les gusta a los autoritarios\n    <\/p>\n<div class=\"subscription__container\">\n<div class=\"subscription__text-wrapper\">\n<p>\n                El ejercicio del periodismo profesional y cr\u00edtico es un pilar fundamental de la democracia. Por eso molesta a quienes creen ser los due\u00f1os de la verdad.\n            <\/p>\n<\/p><\/div><\/div>\n<\/div>\n<h2>Nuevas fricciones con l\u00edderes europeos<\/h2>\n<p>El anuncio llega en medio de un clima de creciente conflicto pol\u00edtico y diplom\u00e1tico. En los \u00faltimos d\u00edas, Trump apunt\u00f3 contra el canciller alem\u00e1n, <strong>Friedrich Merz<\/strong>, a quien calific\u00f3 de \u201cineficaz\u201d por sus cr\u00edticas a la pol\u00edtica exterior estadounidense.<\/p>\n<p>Tambi\u00e9n cuestion\u00f3 al primer ministro brit\u00e1nico, <strong>Keir Starmer<\/strong>, y lanz\u00f3 advertencias comerciales hacia el Reino Unido. En paralelo, se tens\u00f3 la relaci\u00f3n con la primera ministra italiana, <strong>Giorgia Meloni<\/strong>, tras diferencias sobre el conflicto en Medio Oriente.<\/p>\n<p style=\"text-align:center\"><picture><source media=\"(max-width: 440px)\" srcset=\"https:\/\/fotos.perfil.com\/\/2026\/01\/23\/440\/0\/georgia-meloni-y-friedrich-merz-2174661.jpg?webp\"\/><source media=\"(max-width: 1019px)\" srcset=\"https:\/\/fotos.perfil.com\/\/2026\/01\/23\/712\/0\/georgia-meloni-y-friedrich-merz-2174661.jpg?webp\"\/><img decoding=\"async\" style=\"max-width: 100%; width: 100%;\" alt=\"Georgia Meloni y Friedrich Merz\" src=\"https:\/\/fotos.perfil.com\/\/2026\/01\/23\/900\/0\/georgia-meloni-y-friedrich-merz-2174661.jpg?webp\" loading=\"lazy\"\/><\/picture><\/p>\n<p>Las tensiones no se limitan al comercio. El gobierno estadounidense desliz\u00f3 la posibilidad de reducir la presencia militar en pa\u00edses aliados como Alemania, Italia y Espa\u00f1a, en el marco de desacuerdos dentro de la OTAN.<\/p>\n<p>Seg\u00fan trascendi\u00f3, la Casa Blanca cuestiona el nivel de apoyo europeo en operaciones vinculadas a la guerra con Ir\u00e1n, lo que podr\u00eda derivar en cambios estrat\u00e9gicos en la regi\u00f3n.<\/p>\n<h2>Preocupaci\u00f3n en Europa<\/h2>\n<p>El endurecimiento del discurso gener\u00f3 inquietud entre diplom\u00e1ticos europeos, que siguen de cerca la evoluci\u00f3n del v\u00ednculo con Washington. Fuentes del bloque admitieron que el escenario es incierto y que los pa\u00edses se preparan para posibles medidas adicionales.<\/p>\n<p>En ese contexto, algunos dirigentes optan por evitar respuestas inmediatas y buscan sostener el di\u00e1logo, mientras otros advierten que la escalada podr\u00eda afectar seriamente las relaciones transatl\u00e1nticas.<\/p>\n<p class=\"destacadoNota\"><a target=\"_blank\" href=\"https:\/\/www.perfil.com\/noticias\/internacional\/leon-xiv-nombro-en-cincinnati-a-un-obispo-migrante-y-reavivo-su-choque-con-trump.phtml\">Le\u00f3n XIV nombr\u00f3 en Cincinnati a un obispo migrante y reaviv\u00f3 su choque con Trump<\/a><\/p>\n<p>Las decisiones recientes se suman a una serie de medidas que ya hab\u00edan generado fricciones, como la pol\u00edtica arancelaria, recortes en apoyo internacional y disputas geopol\u00edticas.<\/p>\n<p>El nuevo aumento de impuestos a productos europeos y las cr\u00edticas a aliados hist\u00f3ricos vuelven a poner en duda la estabilidad del v\u00ednculo entre Estados Unidos y Europa, en un contexto global marcado por conflictos y tensiones crecientes.<\/p>\n<p>LB<\/p>\n<\/p><\/div>\n<p><script>\n                !function(f,b,e,v,n,t,s)\n                {if(f.fbq)return;n=f.fbq=function(){n.callMethod?\n                    n.callMethod.apply(n,arguments):n.queue.push(arguments)};\n                    if(!f._fbq)f._fbq=n;n.push=n;n.loaded=!0;n.version='2.0';\n                    n.queue=[];t=b.createElement(e);t.async=!0;\n                    t.src=v;s=b.getElementsByTagName(e)[0];\n                    s.parentNode.insertBefore(t,s)}(window, document,'script',\n                    'https:\/\/connect.facebook.net\/en_US\/fbevents.js');\n                window.paywallConfig.facebook_pixel=\"1000228364089342\"\n            <\/script><\/p>\n","protected":false},"excerpt":{"rendered":"<p>El presidente de Estados Unidos, Donald Trump, volvi\u00f3 a endurecer su postura frente a Europa y anunci\u00f3 que elevar\u00e1 al 25% los aranceles a autos y camiones provenientes de la Uni\u00f3n Europea. La medida profundiza la tensi\u00f3n comercial y se suma a una serie de cr\u00edticas recientes contra l\u00edderes del continente. \u201cLa pr\u00f3xima semana aumentar\u00e9 [&hellip;]<\/p>\n","protected":false},"author":2,"featured_media":194228,"comment_status":"closed","ping_status":"closed","sticky":false,"template":"","format":"standard","meta":{"footnotes":""},"categories":[25],"tags":[],"class_list":["post-194227","post","type-post","status-publish","format-standard","has-post-thumbnail","hentry","category-nacionales"],"yoast_head":"<!-- This site is optimized with the Yoast SEO plugin v24.4 - https:\/\/yoast.com\/wordpress\/plugins\/seo\/ -->\n<title>M\u00e1s de Trump redobla su presi\u00f3n sobre Europa: \u201cSubir\u00e9 los aranceles al 25%\u201d y escala el conflicto con la UE - GYS NOTICIAS |<\/title>\n<meta name=\"robots\" content=\"index, follow, max-snippet:-1, max-image-preview:large, max-video-preview:-1\" \/>\n<link rel=\"canonical\" href=\"https:\/\/gysfm.com.ar\/inicio\/mas-de-trump-redobla-su-presion-sobre-europa-subire-los-aranceles-al-25-y-escala-el-conflicto-con-la-ue\/\" \/>\n<meta property=\"og:locale\" content=\"es_ES\" \/>\n<meta property=\"og:type\" content=\"article\" \/>\n<meta property=\"og:title\" content=\"M\u00e1s de Trump redobla su presi\u00f3n sobre Europa: \u201cSubir\u00e9 los aranceles al 25%\u201d y escala el conflicto con la UE - GYS NOTICIAS |\" \/>\n<meta property=\"og:description\" content=\"El presidente de Estados Unidos, Donald Trump, volvi\u00f3 a endurecer su postura frente a Europa y anunci\u00f3 que elevar\u00e1 al 25% los aranceles a autos y camiones provenientes de la Uni\u00f3n Europea. La medida profundiza la tensi\u00f3n comercial y se suma a una serie de cr\u00edticas recientes contra l\u00edderes del continente. \u201cLa pr\u00f3xima semana aumentar\u00e9 [&hellip;]\" \/>\n<meta property=\"og:url\" content=\"https:\/\/gysfm.com.ar\/inicio\/mas-de-trump-redobla-su-presion-sobre-europa-subire-los-aranceles-al-25-y-escala-el-conflicto-con-la-ue\/\" \/>\n<meta property=\"og:site_name\" content=\"GYS NOTICIAS |\" \/>\n<meta property=\"article:published_time\" content=\"2026-05-02T08:09:19+00:00\" \/>\n<meta property=\"og:image\" content=\"https:\/\/fotos.perfil.com\/\/2026\/05\/01\/900\/0\/posteo-de-trump-en-truth-social-2232014.png\" \/>\n<meta name=\"author\" content=\"Prensa G&amp;S FM\" \/>\n<meta name=\"twitter:card\" content=\"summary_large_image\" \/>\n<meta name=\"twitter:label1\" content=\"Escrito por\" \/>\n\t<meta name=\"twitter:data1\" content=\"Prensa G&amp;S FM\" \/>\n\t<meta name=\"twitter:label2\" content=\"Tiempo de lectura\" \/>\n\t<meta name=\"twitter:data2\" content=\"2 minutos\" \/>\n<script type=\"application\/ld+json\" class=\"yoast-schema-graph\">{\"@context\":\"https:\/\/schema.org\",\"@graph\":[{\"@type\":\"Article\",\"@id\":\"https:\/\/gysfm.com.ar\/inicio\/mas-de-trump-redobla-su-presion-sobre-europa-subire-los-aranceles-al-25-y-escala-el-conflicto-con-la-ue\/#article\",\"isPartOf\":{\"@id\":\"https:\/\/gysfm.com.ar\/inicio\/mas-de-trump-redobla-su-presion-sobre-europa-subire-los-aranceles-al-25-y-escala-el-conflicto-con-la-ue\/\"},\"author\":{\"name\":\"Prensa G&amp;S FM\",\"@id\":\"https:\/\/gysfm.com.ar\/inicio\/#\/schema\/person\/3abba7593ef2ad19e1be221d54383dc5\"},\"headline\":\"M\u00e1s de Trump redobla su presi\u00f3n sobre Europa: \u201cSubir\u00e9 los aranceles al 25%\u201d y escala el conflicto con la UE\",\"datePublished\":\"2026-05-02T08:09:19+00:00\",\"mainEntityOfPage\":{\"@id\":\"https:\/\/gysfm.com.ar\/inicio\/mas-de-trump-redobla-su-presion-sobre-europa-subire-los-aranceles-al-25-y-escala-el-conflicto-con-la-ue\/\"},\"wordCount\":469,\"publisher\":{\"@id\":\"https:\/\/gysfm.com.ar\/inicio\/#organization\"},\"image\":{\"@id\":\"https:\/\/gysfm.com.ar\/inicio\/mas-de-trump-redobla-su-presion-sobre-europa-subire-los-aranceles-al-25-y-escala-el-conflicto-con-la-ue\/#primaryimage\"},\"thumbnailUrl\":\"https:\/\/gysfm.com.ar\/inicio\/wp-content\/uploads\/2026\/05\/donald-trump-2231589.jpg\",\"articleSection\":[\"NACIONALES\"],\"inLanguage\":\"es\"},{\"@type\":\"WebPage\",\"@id\":\"https:\/\/gysfm.com.ar\/inicio\/mas-de-trump-redobla-su-presion-sobre-europa-subire-los-aranceles-al-25-y-escala-el-conflicto-con-la-ue\/\",\"url\":\"https:\/\/gysfm.com.ar\/inicio\/mas-de-trump-redobla-su-presion-sobre-europa-subire-los-aranceles-al-25-y-escala-el-conflicto-con-la-ue\/\",\"name\":\"M\u00e1s de Trump redobla su presi\u00f3n sobre Europa: \u201cSubir\u00e9 los aranceles al 25%\u201d y escala el conflicto con la UE - GYS NOTICIAS |\",\"isPartOf\":{\"@id\":\"https:\/\/gysfm.com.ar\/inicio\/#website\"},\"primaryImageOfPage\":{\"@id\":\"https:\/\/gysfm.com.ar\/inicio\/mas-de-trump-redobla-su-presion-sobre-europa-subire-los-aranceles-al-25-y-escala-el-conflicto-con-la-ue\/#primaryimage\"},\"image\":{\"@id\":\"https:\/\/gysfm.com.ar\/inicio\/mas-de-trump-redobla-su-presion-sobre-europa-subire-los-aranceles-al-25-y-escala-el-conflicto-con-la-ue\/#primaryimage\"},\"thumbnailUrl\":\"https:\/\/gysfm.com.ar\/inicio\/wp-content\/uploads\/2026\/05\/donald-trump-2231589.jpg\",\"datePublished\":\"2026-05-02T08:09:19+00:00\",\"breadcrumb\":{\"@id\":\"https:\/\/gysfm.com.ar\/inicio\/mas-de-trump-redobla-su-presion-sobre-europa-subire-los-aranceles-al-25-y-escala-el-conflicto-con-la-ue\/#breadcrumb\"},\"inLanguage\":\"es\",\"potentialAction\":[{\"@type\":\"ReadAction\",\"target\":[\"https:\/\/gysfm.com.ar\/inicio\/mas-de-trump-redobla-su-presion-sobre-europa-subire-los-aranceles-al-25-y-escala-el-conflicto-con-la-ue\/\"]}]},{\"@type\":\"ImageObject\",\"inLanguage\":\"es\",\"@id\":\"https:\/\/gysfm.com.ar\/inicio\/mas-de-trump-redobla-su-presion-sobre-europa-subire-los-aranceles-al-25-y-escala-el-conflicto-con-la-ue\/#primaryimage\",\"url\":\"https:\/\/gysfm.com.ar\/inicio\/wp-content\/uploads\/2026\/05\/donald-trump-2231589.jpg\",\"contentUrl\":\"https:\/\/gysfm.com.ar\/inicio\/wp-content\/uploads\/2026\/05\/donald-trump-2231589.jpg\",\"width\":1140,\"height\":641},{\"@type\":\"BreadcrumbList\",\"@id\":\"https:\/\/gysfm.com.ar\/inicio\/mas-de-trump-redobla-su-presion-sobre-europa-subire-los-aranceles-al-25-y-escala-el-conflicto-con-la-ue\/#breadcrumb\",\"itemListElement\":[{\"@type\":\"ListItem\",\"position\":1,\"name\":\"Portada\",\"item\":\"https:\/\/gysfm.com.ar\/inicio\/\"},{\"@type\":\"ListItem\",\"position\":2,\"name\":\"M\u00e1s de Trump redobla su presi\u00f3n sobre Europa: \u201cSubir\u00e9 los aranceles al 25%\u201d y escala el conflicto con la UE\"}]},{\"@type\":\"WebSite\",\"@id\":\"https:\/\/gysfm.com.ar\/inicio\/#website\",\"url\":\"https:\/\/gysfm.com.ar\/inicio\/\",\"name\":\"GYS NOTICIAS |\",\"description\":\"DIARIO - RADIO ONLINE SAN JUAN ARGENTINA\",\"publisher\":{\"@id\":\"https:\/\/gysfm.com.ar\/inicio\/#organization\"},\"potentialAction\":[{\"@type\":\"SearchAction\",\"target\":{\"@type\":\"EntryPoint\",\"urlTemplate\":\"https:\/\/gysfm.com.ar\/inicio\/?s={search_term_string}\"},\"query-input\":{\"@type\":\"PropertyValueSpecification\",\"valueRequired\":true,\"valueName\":\"search_term_string\"}}],\"inLanguage\":\"es\"},{\"@type\":\"Organization\",\"@id\":\"https:\/\/gysfm.com.ar\/inicio\/#organization\",\"name\":\"GYS NOTICIAS |\",\"url\":\"https:\/\/gysfm.com.ar\/inicio\/\",\"logo\":{\"@type\":\"ImageObject\",\"inLanguage\":\"es\",\"@id\":\"https:\/\/gysfm.com.ar\/inicio\/#\/schema\/logo\/image\/\",\"url\":\"https:\/\/gysfm.com.ar\/inicio\/wp-content\/uploads\/2023\/07\/LOGOGYS-OK.png\",\"contentUrl\":\"https:\/\/gysfm.com.ar\/inicio\/wp-content\/uploads\/2023\/07\/LOGOGYS-OK.png\",\"width\":1170,\"height\":872,\"caption\":\"GYS NOTICIAS |\"},\"image\":{\"@id\":\"https:\/\/gysfm.com.ar\/inicio\/#\/schema\/logo\/image\/\"}},{\"@type\":\"Person\",\"@id\":\"https:\/\/gysfm.com.ar\/inicio\/#\/schema\/person\/3abba7593ef2ad19e1be221d54383dc5\",\"name\":\"Prensa G&amp;S FM\",\"image\":{\"@type\":\"ImageObject\",\"inLanguage\":\"es\",\"@id\":\"https:\/\/gysfm.com.ar\/inicio\/#\/schema\/person\/image\/\",\"url\":\"https:\/\/secure.gravatar.com\/avatar\/096ec78df02049ab018702bb4ccedf659377fa92a26540b5247612077a0dbd29?s=96&d=mm&r=g\",\"contentUrl\":\"https:\/\/secure.gravatar.com\/avatar\/096ec78df02049ab018702bb4ccedf659377fa92a26540b5247612077a0dbd29?s=96&d=mm&r=g\",\"caption\":\"Prensa G&amp;S FM\"},\"sameAs\":[\"https:\/\/gysfm.com.ar\/\"],\"url\":\"https:\/\/gysfm.com.ar\/inicio\/author\/lucasm\/\"}]}<\/script>\n<!-- \/ Yoast SEO plugin. -->","yoast_head_json":{"title":"M\u00e1s de Trump redobla su presi\u00f3n sobre Europa: \u201cSubir\u00e9 los aranceles al 25%\u201d y escala el conflicto con la UE - GYS NOTICIAS |","robots":{"index":"index","follow":"follow","max-snippet":"max-snippet:-1","max-image-preview":"max-image-preview:large","max-video-preview":"max-video-preview:-1"},"canonical":"https:\/\/gysfm.com.ar\/inicio\/mas-de-trump-redobla-su-presion-sobre-europa-subire-los-aranceles-al-25-y-escala-el-conflicto-con-la-ue\/","og_locale":"es_ES","og_type":"article","og_title":"M\u00e1s de Trump redobla su presi\u00f3n sobre Europa: \u201cSubir\u00e9 los aranceles al 25%\u201d y escala el conflicto con la UE - GYS NOTICIAS |","og_description":"El presidente de Estados Unidos, Donald Trump, volvi\u00f3 a endurecer su postura frente a Europa y anunci\u00f3 que elevar\u00e1 al 25% los aranceles a autos y camiones provenientes de la Uni\u00f3n Europea. La medida profundiza la tensi\u00f3n comercial y se suma a una serie de cr\u00edticas recientes contra l\u00edderes del continente. \u201cLa pr\u00f3xima semana aumentar\u00e9 [&hellip;]","og_url":"https:\/\/gysfm.com.ar\/inicio\/mas-de-trump-redobla-su-presion-sobre-europa-subire-los-aranceles-al-25-y-escala-el-conflicto-con-la-ue\/","og_site_name":"GYS NOTICIAS |","article_published_time":"2026-05-02T08:09:19+00:00","og_image":[{"url":"https:\/\/fotos.perfil.com\/\/2026\/05\/01\/900\/0\/posteo-de-trump-en-truth-social-2232014.png","type":"","width":"","height":""}],"author":"Prensa G&amp;S FM","twitter_card":"summary_large_image","twitter_misc":{"Escrito por":"Prensa G&amp;S FM","Tiempo de lectura":"2 minutos"},"schema":{"@context":"https:\/\/schema.org","@graph":[{"@type":"Article","@id":"https:\/\/gysfm.com.ar\/inicio\/mas-de-trump-redobla-su-presion-sobre-europa-subire-los-aranceles-al-25-y-escala-el-conflicto-con-la-ue\/#article","isPartOf":{"@id":"https:\/\/gysfm.com.ar\/inicio\/mas-de-trump-redobla-su-presion-sobre-europa-subire-los-aranceles-al-25-y-escala-el-conflicto-con-la-ue\/"},"author":{"name":"Prensa G&amp;S FM","@id":"https:\/\/gysfm.com.ar\/inicio\/#\/schema\/person\/3abba7593ef2ad19e1be221d54383dc5"},"headline":"M\u00e1s de Trump redobla su presi\u00f3n sobre Europa: \u201cSubir\u00e9 los aranceles al 25%\u201d y escala el conflicto con la UE","datePublished":"2026-05-02T08:09:19+00:00","mainEntityOfPage":{"@id":"https:\/\/gysfm.com.ar\/inicio\/mas-de-trump-redobla-su-presion-sobre-europa-subire-los-aranceles-al-25-y-escala-el-conflicto-con-la-ue\/"},"wordCount":469,"publisher":{"@id":"https:\/\/gysfm.com.ar\/inicio\/#organization"},"image":{"@id":"https:\/\/gysfm.com.ar\/inicio\/mas-de-trump-redobla-su-presion-sobre-europa-subire-los-aranceles-al-25-y-escala-el-conflicto-con-la-ue\/#primaryimage"},"thumbnailUrl":"https:\/\/gysfm.com.ar\/inicio\/wp-content\/uploads\/2026\/05\/donald-trump-2231589.jpg","articleSection":["NACIONALES"],"inLanguage":"es"},{"@type":"WebPage","@id":"https:\/\/gysfm.com.ar\/inicio\/mas-de-trump-redobla-su-presion-sobre-europa-subire-los-aranceles-al-25-y-escala-el-conflicto-con-la-ue\/","url":"https:\/\/gysfm.com.ar\/inicio\/mas-de-trump-redobla-su-presion-sobre-europa-subire-los-aranceles-al-25-y-escala-el-conflicto-con-la-ue\/","name":"M\u00e1s de Trump redobla su presi\u00f3n sobre Europa: \u201cSubir\u00e9 los aranceles al 25%\u201d y escala el conflicto con la UE - GYS NOTICIAS |","isPartOf":{"@id":"https:\/\/gysfm.com.ar\/inicio\/#website"},"primaryImageOfPage":{"@id":"https:\/\/gysfm.com.ar\/inicio\/mas-de-trump-redobla-su-presion-sobre-europa-subire-los-aranceles-al-25-y-escala-el-conflicto-con-la-ue\/#primaryimage"},"image":{"@id":"https:\/\/gysfm.com.ar\/inicio\/mas-de-trump-redobla-su-presion-sobre-europa-subire-los-aranceles-al-25-y-escala-el-conflicto-con-la-ue\/#primaryimage"},"thumbnailUrl":"https:\/\/gysfm.com.ar\/inicio\/wp-content\/uploads\/2026\/05\/donald-trump-2231589.jpg","datePublished":"2026-05-02T08:09:19+00:00","breadcrumb":{"@id":"https:\/\/gysfm.com.ar\/inicio\/mas-de-trump-redobla-su-presion-sobre-europa-subire-los-aranceles-al-25-y-escala-el-conflicto-con-la-ue\/#breadcrumb"},"inLanguage":"es","potentialAction":[{"@type":"ReadAction","target":["https:\/\/gysfm.com.ar\/inicio\/mas-de-trump-redobla-su-presion-sobre-europa-subire-los-aranceles-al-25-y-escala-el-conflicto-con-la-ue\/"]}]},{"@type":"ImageObject","inLanguage":"es","@id":"https:\/\/gysfm.com.ar\/inicio\/mas-de-trump-redobla-su-presion-sobre-europa-subire-los-aranceles-al-25-y-escala-el-conflicto-con-la-ue\/#primaryimage","url":"https:\/\/gysfm.com.ar\/inicio\/wp-content\/uploads\/2026\/05\/donald-trump-2231589.jpg","contentUrl":"https:\/\/gysfm.com.ar\/inicio\/wp-content\/uploads\/2026\/05\/donald-trump-2231589.jpg","width":1140,"height":641},{"@type":"BreadcrumbList","@id":"https:\/\/gysfm.com.ar\/inicio\/mas-de-trump-redobla-su-presion-sobre-europa-subire-los-aranceles-al-25-y-escala-el-conflicto-con-la-ue\/#breadcrumb","itemListElement":[{"@type":"ListItem","position":1,"name":"Portada","item":"https:\/\/gysfm.com.ar\/inicio\/"},{"@type":"ListItem","position":2,"name":"M\u00e1s de Trump redobla su presi\u00f3n sobre Europa: \u201cSubir\u00e9 los aranceles al 25%\u201d y escala el conflicto con la UE"}]},{"@type":"WebSite","@id":"https:\/\/gysfm.com.ar\/inicio\/#website","url":"https:\/\/gysfm.com.ar\/inicio\/","name":"GYS NOTICIAS |","description":"DIARIO - RADIO ONLINE SAN JUAN ARGENTINA","publisher":{"@id":"https:\/\/gysfm.com.ar\/inicio\/#organization"},"potentialAction":[{"@type":"SearchAction","target":{"@type":"EntryPoint","urlTemplate":"https:\/\/gysfm.com.ar\/inicio\/?s={search_term_string}"},"query-input":{"@type":"PropertyValueSpecification","valueRequired":true,"valueName":"search_term_string"}}],"inLanguage":"es"},{"@type":"Organization","@id":"https:\/\/gysfm.com.ar\/inicio\/#organization","name":"GYS NOTICIAS |","url":"https:\/\/gysfm.com.ar\/inicio\/","logo":{"@type":"ImageObject","inLanguage":"es","@id":"https:\/\/gysfm.com.ar\/inicio\/#\/schema\/logo\/image\/","url":"https:\/\/gysfm.com.ar\/inicio\/wp-content\/uploads\/2023\/07\/LOGOGYS-OK.png","contentUrl":"https:\/\/gysfm.com.ar\/inicio\/wp-content\/uploads\/2023\/07\/LOGOGYS-OK.png","width":1170,"height":872,"caption":"GYS NOTICIAS |"},"image":{"@id":"https:\/\/gysfm.com.ar\/inicio\/#\/schema\/logo\/image\/"}},{"@type":"Person","@id":"https:\/\/gysfm.com.ar\/inicio\/#\/schema\/person\/3abba7593ef2ad19e1be221d54383dc5","name":"Prensa G&amp;S FM","image":{"@type":"ImageObject","inLanguage":"es","@id":"https:\/\/gysfm.com.ar\/inicio\/#\/schema\/person\/image\/","url":"https:\/\/secure.gravatar.com\/avatar\/096ec78df02049ab018702bb4ccedf659377fa92a26540b5247612077a0dbd29?s=96&d=mm&r=g","contentUrl":"https:\/\/secure.gravatar.com\/avatar\/096ec78df02049ab018702bb4ccedf659377fa92a26540b5247612077a0dbd29?s=96&d=mm&r=g","caption":"Prensa G&amp;S FM"},"sameAs":["https:\/\/gysfm.com.ar\/"],"url":"https:\/\/gysfm.com.ar\/inicio\/author\/lucasm\/"}]}},"_links":{"self":[{"href":"https:\/\/gysfm.com.ar\/inicio\/wp-json\/wp\/v2\/posts\/194227","targetHints":{"allow":["GET"]}}],"collection":[{"href":"https:\/\/gysfm.com.ar\/inicio\/wp-json\/wp\/v2\/posts"}],"about":[{"href":"https:\/\/gysfm.com.ar\/inicio\/wp-json\/wp\/v2\/types\/post"}],"author":[{"embeddable":true,"href":"https:\/\/gysfm.com.ar\/inicio\/wp-json\/wp\/v2\/users\/2"}],"replies":[{"embeddable":true,"href":"https:\/\/gysfm.com.ar\/inicio\/wp-json\/wp\/v2\/comments?post=194227"}],"version-history":[{"count":0,"href":"https:\/\/gysfm.com.ar\/inicio\/wp-json\/wp\/v2\/posts\/194227\/revisions"}],"wp:featuredmedia":[{"embeddable":true,"href":"https:\/\/gysfm.com.ar\/inicio\/wp-json\/wp\/v2\/media\/194228"}],"wp:attachment":[{"href":"https:\/\/gysfm.com.ar\/inicio\/wp-json\/wp\/v2\/media?parent=194227"}],"wp:term":[{"taxonomy":"category","embeddable":true,"href":"https:\/\/gysfm.com.ar\/inicio\/wp-json\/wp\/v2\/categories?post=194227"},{"taxonomy":"post_tag","embeddable":true,"href":"https:\/\/gysfm.com.ar\/inicio\/wp-json\/wp\/v2\/tags?post=194227"}],"curies":[{"name":"wp","href":"https:\/\/api.w.org\/{rel}","templated":true}]}}