{"id":194225,"date":"2026-05-02T05:02:42","date_gmt":"2026-05-02T08:02:42","guid":{"rendered":"https:\/\/gysfm.com.ar\/inicio\/luis-caputo-destaco-el-impacto-del-acuerdo-con-la-ue-en-exportaciones-e-inversiones\/"},"modified":"2026-05-02T05:02:42","modified_gmt":"2026-05-02T08:02:42","slug":"luis-caputo-destaco-el-impacto-del-acuerdo-con-la-ue-en-exportaciones-e-inversiones","status":"publish","type":"post","link":"https:\/\/gysfm.com.ar\/inicio\/luis-caputo-destaco-el-impacto-del-acuerdo-con-la-ue-en-exportaciones-e-inversiones\/","title":{"rendered":"Luis Caputo destac\u00f3 el impacto del acuerdo con la UE en exportaciones e inversiones"},"content":{"rendered":"<p> <br \/>\n<\/p>\n<div id=\"\">\n<p id=\"p-1777664063097-66592\" data-start=\"721\" data-end=\"973\">El funcionario subray\u00f3 el peso del mercado europeo para el pa\u00eds al se\u00f1alar que \u201cla UE es el destino de 1 de cada 4 empresas argentinas exportadoras y el 2\u00b0 destino de exportaci\u00f3n\u201d, con un intercambio de bienes cercano a los u$s9.000 millones.<\/p>\n<\/div>\n<div id=\"\">\n<p id=\"p-1777664063097-71964\" data-start=\"975\" data-end=\"1435\">En ese marco, anticip\u00f3 un crecimiento significativo del comercio exterior. \u201cProducto del acuerdo, se proyecta que las exportaciones nacionales a la UE aumentar\u00edan 76% en los primeros 5 a\u00f1os y 122% a 10 a\u00f1os\u201d, indic\u00f3. Seg\u00fan explic\u00f3, <strong>este avance estar\u00eda traccionado por el sector agroindustrial \u2014\u201ccon carnes, pesca y econom\u00edas regionales como man\u00ed, vinos y c\u00edtricos\u201d\u2014 y tambi\u00e9n por la industria, con subas en autopartes, qu\u00edmicos, petroqu\u00edmicos y manufacturas.<\/strong><\/p>\n<\/p><\/div>\n<div id=\"\">\n<div contenteditable=\"false\" class=\"embed_cont type_freetext\" rel=\"freetext\" id=\"embed6385_wrap\" data-provider=\"Twitter\">\n<p>Embed &#8211; https:\/\/publish.x.com\/oembed?url=https:\/\/x.com\/LuisCaputoAR\/status\/2050252811665826057&amp;partner=&amp;hide_thread=false<span onclick=\"parent.parent.TinyMCETdcuerpo.preview_embed('embed6385')\" class=\"embed_colapse less\" id=\"embed6385_colapse\">  <\/span><span onclick=\"parent.parent.TinyMCETdcuerpo.delete_embed('embed6385')\" class=\"embed_delete less\" id=\"embed6385_delete\"\/><\/p>\n<div id=\"embed6385_content\" class=\"embed_content\">\n<div id=\"embed6385_embed\">\n<blockquote data-td-script-src=\"https:\/\/platform.twitter.com\/widgets.js\" class=\"twitter-tweet\">\n<p id=\"p-1777663617773-74262\" dir=\"ltr\" lang=\"es\"> El acuerdo UE MCS que entra en vigor hoy es un activo de enorme valor estrat\u00e9gico para Argentina. La UE es el destino de 1 de cada 4 empresas argentinas exportadoras y el 2\u00b0 destino de exportaci\u00f3n del pa\u00eds, con un flujo comercial de bienes de alrededor de 9.000 mil millones.\u2026<\/p>\n<p> \u2014 totocaputo (@LuisCaputoAR) <a href=\"https:\/\/twitter.com\/LuisCaputoAR\/status\/2050252811665826057?ref_src=twsrc%5Etfw\">May 1, 2026<\/a><\/p><\/blockquote>\n<\/div><\/div><\/div><\/div>\n<div id=\"\">\n<p id=\"p-1777664063097-71446\" data-start=\"1437\" data-end=\"1603\">Caputo destac\u00f3 adem\u00e1s el potencial de nuevos sectores: <strong>\u201cEl mayor aumento esperable provendr\u00eda de las exportaciones de productos emergentes: energ\u00eda, cobre y litio\u201d.<\/strong><\/p>\n<\/p><\/div>\n<div id=\"\">\n<p id=\"p-1777664063097-36253\" data-start=\"1605\" data-end=\"1975\"> El ministro tambi\u00e9n puso el foco en el impacto sobre las inversiones. \u201cEste acuerdo impacta tambi\u00e9n en las inversiones, ya que promueve la Inversi\u00f3n Extranjera Directa de la UE en la Argentina\u201d, sostuvo, y mencion\u00f3 como referencia los incrementos registrados en pa\u00edses con tratados similares: \u201cChile +278% en 20 a\u00f1os, M\u00e9xico 569% en 23 a\u00f1os, Colombia +82% en 10 a\u00f1os\u201d.<\/p>\n<p id=\"p-1777664063097-77415\" data-start=\"1977\" data-end=\"2236\">En ese sentido, record\u00f3 que Europa es un actor central a nivel global: <strong>\u201cLa UE es la segunda fuente de IED global despu\u00e9s de Estados Unidos\u201d <\/strong>y, en el caso argentino, \u201crepresenta cerca del 40% del total\u201d, con un stock que ronda los 75.000 millones de d\u00f3lares.<\/p>\n<p id=\"p-1777664063097-48427\" data-start=\"2238\" data-end=\"2610\">Respecto de los alcances del acuerdo, detall\u00f3 que<strong> \u201cla UE otorg\u00f3 concesiones arancelarias a unos 7.000 productos\u201d, con una liberalizaci\u00f3n que abarca el 92% de las importaciones del Mercosur.<\/strong> \u201cEsto implica que el 99% de las exportaciones agr\u00edcolas de Argentina a la UE se ven beneficiadas\u201d, destac\u00f3, pese a tratarse de uno de los mercados m\u00e1s proteccionistas en ese rubro.<\/p>\n<p id=\"p-1777664063097-64052\" data-start=\"2612\" data-end=\"3001\" data-is-last-node=\"\" data-is-only-node=\"\">Por \u00faltimo, Caputo consider\u00f3 que el entendimiento aporta previsibilidad: \u201cEl acuerdo crea un marco regulatorio claro que otorga certidumbre y facilita las decisiones de inversi\u00f3n\u201d, al tiempo que abre nuevas oportunidades de negocios. El ministro cerr\u00f3 su mensaje con felicitaciones al secretario de Coordinaci\u00f3n Productiva, Pablo Lavigne, y al canciller, Pablo Quirno, junto a sus equipos.<\/p>\n<\/p><\/div>\n<p><script>\n!function(f,b,e,v,n,t,s)\n{if(f.fbq)return;n=f.fbq=function(){n.callMethod?\nn.callMethod.apply(n,arguments):n.queue.push(arguments)};\nif(!f._fbq)f._fbq=n;n.push=n;n.loaded=!0;n.version='2.0';\nn.queue=[];t=b.createElement(e);t.async=!0;\nt.src=v;s=b.getElementsByTagName(e)[0];\ns.parentNode.insertBefore(t,s)}(window,document,'script',\n'https:\/\/connect.facebook.net\/en_US\/fbevents.js');\nfbq('init', '2047048335588113');\nfbq('track', 'PageView');\n<\/script><br \/>\n<br \/><\/p>\n","protected":false},"excerpt":{"rendered":"<p>El funcionario subray\u00f3 el peso del mercado europeo para el pa\u00eds al se\u00f1alar que \u201cla UE es el destino de 1 de cada 4 empresas argentinas exportadoras y el 2\u00b0 destino de exportaci\u00f3n\u201d, con un intercambio de bienes cercano a los u$s9.000 millones. En ese marco, anticip\u00f3 un crecimiento significativo del comercio exterior. \u201cProducto del [&hellip;]<\/p>\n","protected":false},"author":1,"featured_media":194226,"comment_status":"closed","ping_status":"closed","sticky":false,"template":"","format":"standard","meta":{"footnotes":""},"categories":[28],"tags":[],"class_list":["post-194225","post","type-post","status-publish","format-standard","has-post-thumbnail","hentry","category-economia"],"yoast_head":"<!-- This site is optimized with the Yoast SEO plugin v24.4 - https:\/\/yoast.com\/wordpress\/plugins\/seo\/ -->\n<title>Luis Caputo destac\u00f3 el impacto del acuerdo con la UE en exportaciones e inversiones - GYS NOTICIAS |<\/title>\n<meta name=\"robots\" content=\"index, follow, max-snippet:-1, max-image-preview:large, max-video-preview:-1\" \/>\n<link rel=\"canonical\" href=\"https:\/\/gysfm.com.ar\/inicio\/luis-caputo-destaco-el-impacto-del-acuerdo-con-la-ue-en-exportaciones-e-inversiones\/\" \/>\n<meta property=\"og:locale\" content=\"es_ES\" \/>\n<meta property=\"og:type\" content=\"article\" \/>\n<meta property=\"og:title\" content=\"Luis Caputo destac\u00f3 el impacto del acuerdo con la UE en exportaciones e inversiones - GYS NOTICIAS |\" \/>\n<meta property=\"og:description\" content=\"El funcionario subray\u00f3 el peso del mercado europeo para el pa\u00eds al se\u00f1alar que \u201cla UE es el destino de 1 de cada 4 empresas argentinas exportadoras y el 2\u00b0 destino de exportaci\u00f3n\u201d, con un intercambio de bienes cercano a los u$s9.000 millones. En ese marco, anticip\u00f3 un crecimiento significativo del comercio exterior. \u201cProducto del [&hellip;]\" \/>\n<meta property=\"og:url\" content=\"https:\/\/gysfm.com.ar\/inicio\/luis-caputo-destaco-el-impacto-del-acuerdo-con-la-ue-en-exportaciones-e-inversiones\/\" \/>\n<meta property=\"og:site_name\" content=\"GYS NOTICIAS |\" \/>\n<meta property=\"article:published_time\" content=\"2026-05-02T08:02:42+00:00\" \/>\n<meta name=\"author\" content=\"admin\" \/>\n<meta name=\"twitter:card\" content=\"summary_large_image\" \/>\n<meta name=\"twitter:label1\" content=\"Escrito por\" \/>\n\t<meta name=\"twitter:data1\" content=\"admin\" \/>\n\t<meta name=\"twitter:label2\" content=\"Tiempo de lectura\" \/>\n\t<meta name=\"twitter:data2\" content=\"2 minutos\" \/>\n<script type=\"application\/ld+json\" class=\"yoast-schema-graph\">{\"@context\":\"https:\/\/schema.org\",\"@graph\":[{\"@type\":\"Article\",\"@id\":\"https:\/\/gysfm.com.ar\/inicio\/luis-caputo-destaco-el-impacto-del-acuerdo-con-la-ue-en-exportaciones-e-inversiones\/#article\",\"isPartOf\":{\"@id\":\"https:\/\/gysfm.com.ar\/inicio\/luis-caputo-destaco-el-impacto-del-acuerdo-con-la-ue-en-exportaciones-e-inversiones\/\"},\"author\":{\"name\":\"admin\",\"@id\":\"https:\/\/gysfm.com.ar\/inicio\/#\/schema\/person\/5bedd7ecd35cc35548d89effafa23696\"},\"headline\":\"Luis Caputo destac\u00f3 el impacto del acuerdo con la UE en exportaciones e inversiones\",\"datePublished\":\"2026-05-02T08:02:42+00:00\",\"mainEntityOfPage\":{\"@id\":\"https:\/\/gysfm.com.ar\/inicio\/luis-caputo-destaco-el-impacto-del-acuerdo-con-la-ue-en-exportaciones-e-inversiones\/\"},\"wordCount\":460,\"publisher\":{\"@id\":\"https:\/\/gysfm.com.ar\/inicio\/#organization\"},\"image\":{\"@id\":\"https:\/\/gysfm.com.ar\/inicio\/luis-caputo-destaco-el-impacto-del-acuerdo-con-la-ue-en-exportaciones-e-inversiones\/#primaryimage\"},\"thumbnailUrl\":\"https:\/\/gysfm.com.ar\/inicio\/wp-content\/uploads\/2026\/05\/luis-caputo-fuchila-8.jpg\",\"articleSection\":[\"ECONOMIA\"],\"inLanguage\":\"es\"},{\"@type\":\"WebPage\",\"@id\":\"https:\/\/gysfm.com.ar\/inicio\/luis-caputo-destaco-el-impacto-del-acuerdo-con-la-ue-en-exportaciones-e-inversiones\/\",\"url\":\"https:\/\/gysfm.com.ar\/inicio\/luis-caputo-destaco-el-impacto-del-acuerdo-con-la-ue-en-exportaciones-e-inversiones\/\",\"name\":\"Luis Caputo destac\u00f3 el impacto del acuerdo con la UE en exportaciones e inversiones - GYS NOTICIAS |\",\"isPartOf\":{\"@id\":\"https:\/\/gysfm.com.ar\/inicio\/#website\"},\"primaryImageOfPage\":{\"@id\":\"https:\/\/gysfm.com.ar\/inicio\/luis-caputo-destaco-el-impacto-del-acuerdo-con-la-ue-en-exportaciones-e-inversiones\/#primaryimage\"},\"image\":{\"@id\":\"https:\/\/gysfm.com.ar\/inicio\/luis-caputo-destaco-el-impacto-del-acuerdo-con-la-ue-en-exportaciones-e-inversiones\/#primaryimage\"},\"thumbnailUrl\":\"https:\/\/gysfm.com.ar\/inicio\/wp-content\/uploads\/2026\/05\/luis-caputo-fuchila-8.jpg\",\"datePublished\":\"2026-05-02T08:02:42+00:00\",\"breadcrumb\":{\"@id\":\"https:\/\/gysfm.com.ar\/inicio\/luis-caputo-destaco-el-impacto-del-acuerdo-con-la-ue-en-exportaciones-e-inversiones\/#breadcrumb\"},\"inLanguage\":\"es\",\"potentialAction\":[{\"@type\":\"ReadAction\",\"target\":[\"https:\/\/gysfm.com.ar\/inicio\/luis-caputo-destaco-el-impacto-del-acuerdo-con-la-ue-en-exportaciones-e-inversiones\/\"]}]},{\"@type\":\"ImageObject\",\"inLanguage\":\"es\",\"@id\":\"https:\/\/gysfm.com.ar\/inicio\/luis-caputo-destaco-el-impacto-del-acuerdo-con-la-ue-en-exportaciones-e-inversiones\/#primaryimage\",\"url\":\"https:\/\/gysfm.com.ar\/inicio\/wp-content\/uploads\/2026\/05\/luis-caputo-fuchila-8.jpg\",\"contentUrl\":\"https:\/\/gysfm.com.ar\/inicio\/wp-content\/uploads\/2026\/05\/luis-caputo-fuchila-8.jpg\",\"width\":1200,\"height\":675},{\"@type\":\"BreadcrumbList\",\"@id\":\"https:\/\/gysfm.com.ar\/inicio\/luis-caputo-destaco-el-impacto-del-acuerdo-con-la-ue-en-exportaciones-e-inversiones\/#breadcrumb\",\"itemListElement\":[{\"@type\":\"ListItem\",\"position\":1,\"name\":\"Portada\",\"item\":\"https:\/\/gysfm.com.ar\/inicio\/\"},{\"@type\":\"ListItem\",\"position\":2,\"name\":\"Luis Caputo destac\u00f3 el impacto del acuerdo con la UE en exportaciones e inversiones\"}]},{\"@type\":\"WebSite\",\"@id\":\"https:\/\/gysfm.com.ar\/inicio\/#website\",\"url\":\"https:\/\/gysfm.com.ar\/inicio\/\",\"name\":\"GYS NOTICIAS |\",\"description\":\"DIARIO - RADIO ONLINE SAN JUAN ARGENTINA\",\"publisher\":{\"@id\":\"https:\/\/gysfm.com.ar\/inicio\/#organization\"},\"potentialAction\":[{\"@type\":\"SearchAction\",\"target\":{\"@type\":\"EntryPoint\",\"urlTemplate\":\"https:\/\/gysfm.com.ar\/inicio\/?s={search_term_string}\"},\"query-input\":{\"@type\":\"PropertyValueSpecification\",\"valueRequired\":true,\"valueName\":\"search_term_string\"}}],\"inLanguage\":\"es\"},{\"@type\":\"Organization\",\"@id\":\"https:\/\/gysfm.com.ar\/inicio\/#organization\",\"name\":\"GYS NOTICIAS |\",\"url\":\"https:\/\/gysfm.com.ar\/inicio\/\",\"logo\":{\"@type\":\"ImageObject\",\"inLanguage\":\"es\",\"@id\":\"https:\/\/gysfm.com.ar\/inicio\/#\/schema\/logo\/image\/\",\"url\":\"https:\/\/gysfm.com.ar\/inicio\/wp-content\/uploads\/2023\/07\/LOGOGYS-OK.png\",\"contentUrl\":\"https:\/\/gysfm.com.ar\/inicio\/wp-content\/uploads\/2023\/07\/LOGOGYS-OK.png\",\"width\":1170,\"height\":872,\"caption\":\"GYS NOTICIAS |\"},\"image\":{\"@id\":\"https:\/\/gysfm.com.ar\/inicio\/#\/schema\/logo\/image\/\"}},{\"@type\":\"Person\",\"@id\":\"https:\/\/gysfm.com.ar\/inicio\/#\/schema\/person\/5bedd7ecd35cc35548d89effafa23696\",\"name\":\"admin\",\"image\":{\"@type\":\"ImageObject\",\"inLanguage\":\"es\",\"@id\":\"https:\/\/gysfm.com.ar\/inicio\/#\/schema\/person\/image\/\",\"url\":\"https:\/\/secure.gravatar.com\/avatar\/c331d312b5243fb64d5ba28108a447b27c925295129a363082c9ea52c28d32c2?s=96&d=mm&r=g\",\"contentUrl\":\"https:\/\/secure.gravatar.com\/avatar\/c331d312b5243fb64d5ba28108a447b27c925295129a363082c9ea52c28d32c2?s=96&d=mm&r=g\",\"caption\":\"admin\"},\"sameAs\":[\"https:\/\/gysfm.com.ar\/inicio\"],\"url\":\"https:\/\/gysfm.com.ar\/inicio\/author\/admin\/\"}]}<\/script>\n<!-- \/ Yoast SEO plugin. -->","yoast_head_json":{"title":"Luis Caputo destac\u00f3 el impacto del acuerdo con la UE en exportaciones e inversiones - GYS NOTICIAS |","robots":{"index":"index","follow":"follow","max-snippet":"max-snippet:-1","max-image-preview":"max-image-preview:large","max-video-preview":"max-video-preview:-1"},"canonical":"https:\/\/gysfm.com.ar\/inicio\/luis-caputo-destaco-el-impacto-del-acuerdo-con-la-ue-en-exportaciones-e-inversiones\/","og_locale":"es_ES","og_type":"article","og_title":"Luis Caputo destac\u00f3 el impacto del acuerdo con la UE en exportaciones e inversiones - GYS NOTICIAS |","og_description":"El funcionario subray\u00f3 el peso del mercado europeo para el pa\u00eds al se\u00f1alar que \u201cla UE es el destino de 1 de cada 4 empresas argentinas exportadoras y el 2\u00b0 destino de exportaci\u00f3n\u201d, con un intercambio de bienes cercano a los u$s9.000 millones. En ese marco, anticip\u00f3 un crecimiento significativo del comercio exterior. \u201cProducto del [&hellip;]","og_url":"https:\/\/gysfm.com.ar\/inicio\/luis-caputo-destaco-el-impacto-del-acuerdo-con-la-ue-en-exportaciones-e-inversiones\/","og_site_name":"GYS NOTICIAS |","article_published_time":"2026-05-02T08:02:42+00:00","author":"admin","twitter_card":"summary_large_image","twitter_misc":{"Escrito por":"admin","Tiempo de lectura":"2 minutos"},"schema":{"@context":"https:\/\/schema.org","@graph":[{"@type":"Article","@id":"https:\/\/gysfm.com.ar\/inicio\/luis-caputo-destaco-el-impacto-del-acuerdo-con-la-ue-en-exportaciones-e-inversiones\/#article","isPartOf":{"@id":"https:\/\/gysfm.com.ar\/inicio\/luis-caputo-destaco-el-impacto-del-acuerdo-con-la-ue-en-exportaciones-e-inversiones\/"},"author":{"name":"admin","@id":"https:\/\/gysfm.com.ar\/inicio\/#\/schema\/person\/5bedd7ecd35cc35548d89effafa23696"},"headline":"Luis Caputo destac\u00f3 el impacto del acuerdo con la UE en exportaciones e inversiones","datePublished":"2026-05-02T08:02:42+00:00","mainEntityOfPage":{"@id":"https:\/\/gysfm.com.ar\/inicio\/luis-caputo-destaco-el-impacto-del-acuerdo-con-la-ue-en-exportaciones-e-inversiones\/"},"wordCount":460,"publisher":{"@id":"https:\/\/gysfm.com.ar\/inicio\/#organization"},"image":{"@id":"https:\/\/gysfm.com.ar\/inicio\/luis-caputo-destaco-el-impacto-del-acuerdo-con-la-ue-en-exportaciones-e-inversiones\/#primaryimage"},"thumbnailUrl":"https:\/\/gysfm.com.ar\/inicio\/wp-content\/uploads\/2026\/05\/luis-caputo-fuchila-8.jpg","articleSection":["ECONOMIA"],"inLanguage":"es"},{"@type":"WebPage","@id":"https:\/\/gysfm.com.ar\/inicio\/luis-caputo-destaco-el-impacto-del-acuerdo-con-la-ue-en-exportaciones-e-inversiones\/","url":"https:\/\/gysfm.com.ar\/inicio\/luis-caputo-destaco-el-impacto-del-acuerdo-con-la-ue-en-exportaciones-e-inversiones\/","name":"Luis Caputo destac\u00f3 el impacto del acuerdo con la UE en exportaciones e inversiones - GYS NOTICIAS |","isPartOf":{"@id":"https:\/\/gysfm.com.ar\/inicio\/#website"},"primaryImageOfPage":{"@id":"https:\/\/gysfm.com.ar\/inicio\/luis-caputo-destaco-el-impacto-del-acuerdo-con-la-ue-en-exportaciones-e-inversiones\/#primaryimage"},"image":{"@id":"https:\/\/gysfm.com.ar\/inicio\/luis-caputo-destaco-el-impacto-del-acuerdo-con-la-ue-en-exportaciones-e-inversiones\/#primaryimage"},"thumbnailUrl":"https:\/\/gysfm.com.ar\/inicio\/wp-content\/uploads\/2026\/05\/luis-caputo-fuchila-8.jpg","datePublished":"2026-05-02T08:02:42+00:00","breadcrumb":{"@id":"https:\/\/gysfm.com.ar\/inicio\/luis-caputo-destaco-el-impacto-del-acuerdo-con-la-ue-en-exportaciones-e-inversiones\/#breadcrumb"},"inLanguage":"es","potentialAction":[{"@type":"ReadAction","target":["https:\/\/gysfm.com.ar\/inicio\/luis-caputo-destaco-el-impacto-del-acuerdo-con-la-ue-en-exportaciones-e-inversiones\/"]}]},{"@type":"ImageObject","inLanguage":"es","@id":"https:\/\/gysfm.com.ar\/inicio\/luis-caputo-destaco-el-impacto-del-acuerdo-con-la-ue-en-exportaciones-e-inversiones\/#primaryimage","url":"https:\/\/gysfm.com.ar\/inicio\/wp-content\/uploads\/2026\/05\/luis-caputo-fuchila-8.jpg","contentUrl":"https:\/\/gysfm.com.ar\/inicio\/wp-content\/uploads\/2026\/05\/luis-caputo-fuchila-8.jpg","width":1200,"height":675},{"@type":"BreadcrumbList","@id":"https:\/\/gysfm.com.ar\/inicio\/luis-caputo-destaco-el-impacto-del-acuerdo-con-la-ue-en-exportaciones-e-inversiones\/#breadcrumb","itemListElement":[{"@type":"ListItem","position":1,"name":"Portada","item":"https:\/\/gysfm.com.ar\/inicio\/"},{"@type":"ListItem","position":2,"name":"Luis Caputo destac\u00f3 el impacto del acuerdo con la UE en exportaciones e inversiones"}]},{"@type":"WebSite","@id":"https:\/\/gysfm.com.ar\/inicio\/#website","url":"https:\/\/gysfm.com.ar\/inicio\/","name":"GYS NOTICIAS |","description":"DIARIO - RADIO ONLINE SAN JUAN ARGENTINA","publisher":{"@id":"https:\/\/gysfm.com.ar\/inicio\/#organization"},"potentialAction":[{"@type":"SearchAction","target":{"@type":"EntryPoint","urlTemplate":"https:\/\/gysfm.com.ar\/inicio\/?s={search_term_string}"},"query-input":{"@type":"PropertyValueSpecification","valueRequired":true,"valueName":"search_term_string"}}],"inLanguage":"es"},{"@type":"Organization","@id":"https:\/\/gysfm.com.ar\/inicio\/#organization","name":"GYS NOTICIAS |","url":"https:\/\/gysfm.com.ar\/inicio\/","logo":{"@type":"ImageObject","inLanguage":"es","@id":"https:\/\/gysfm.com.ar\/inicio\/#\/schema\/logo\/image\/","url":"https:\/\/gysfm.com.ar\/inicio\/wp-content\/uploads\/2023\/07\/LOGOGYS-OK.png","contentUrl":"https:\/\/gysfm.com.ar\/inicio\/wp-content\/uploads\/2023\/07\/LOGOGYS-OK.png","width":1170,"height":872,"caption":"GYS NOTICIAS |"},"image":{"@id":"https:\/\/gysfm.com.ar\/inicio\/#\/schema\/logo\/image\/"}},{"@type":"Person","@id":"https:\/\/gysfm.com.ar\/inicio\/#\/schema\/person\/5bedd7ecd35cc35548d89effafa23696","name":"admin","image":{"@type":"ImageObject","inLanguage":"es","@id":"https:\/\/gysfm.com.ar\/inicio\/#\/schema\/person\/image\/","url":"https:\/\/secure.gravatar.com\/avatar\/c331d312b5243fb64d5ba28108a447b27c925295129a363082c9ea52c28d32c2?s=96&d=mm&r=g","contentUrl":"https:\/\/secure.gravatar.com\/avatar\/c331d312b5243fb64d5ba28108a447b27c925295129a363082c9ea52c28d32c2?s=96&d=mm&r=g","caption":"admin"},"sameAs":["https:\/\/gysfm.com.ar\/inicio"],"url":"https:\/\/gysfm.com.ar\/inicio\/author\/admin\/"}]}},"_links":{"self":[{"href":"https:\/\/gysfm.com.ar\/inicio\/wp-json\/wp\/v2\/posts\/194225","targetHints":{"allow":["GET"]}}],"collection":[{"href":"https:\/\/gysfm.com.ar\/inicio\/wp-json\/wp\/v2\/posts"}],"about":[{"href":"https:\/\/gysfm.com.ar\/inicio\/wp-json\/wp\/v2\/types\/post"}],"author":[{"embeddable":true,"href":"https:\/\/gysfm.com.ar\/inicio\/wp-json\/wp\/v2\/users\/1"}],"replies":[{"embeddable":true,"href":"https:\/\/gysfm.com.ar\/inicio\/wp-json\/wp\/v2\/comments?post=194225"}],"version-history":[{"count":0,"href":"https:\/\/gysfm.com.ar\/inicio\/wp-json\/wp\/v2\/posts\/194225\/revisions"}],"wp:featuredmedia":[{"embeddable":true,"href":"https:\/\/gysfm.com.ar\/inicio\/wp-json\/wp\/v2\/media\/194226"}],"wp:attachment":[{"href":"https:\/\/gysfm.com.ar\/inicio\/wp-json\/wp\/v2\/media?parent=194225"}],"wp:term":[{"taxonomy":"category","embeddable":true,"href":"https:\/\/gysfm.com.ar\/inicio\/wp-json\/wp\/v2\/categories?post=194225"},{"taxonomy":"post_tag","embeddable":true,"href":"https:\/\/gysfm.com.ar\/inicio\/wp-json\/wp\/v2\/tags?post=194225"}],"curies":[{"name":"wp","href":"https:\/\/api.w.org\/{rel}","templated":true}]}}