{"id":194223,"date":"2026-05-02T04:33:09","date_gmt":"2026-05-02T07:33:09","guid":{"rendered":"https:\/\/gysfm.com.ar\/inicio\/escandalo-en-tierra-del-fuego-la-legislatura-derogo-la-reforma-constitucional-que-impulsa-melella\/"},"modified":"2026-05-02T04:33:09","modified_gmt":"2026-05-02T07:33:09","slug":"escandalo-en-tierra-del-fuego-la-legislatura-derogo-la-reforma-constitucional-que-impulsa-melella","status":"publish","type":"post","link":"https:\/\/gysfm.com.ar\/inicio\/escandalo-en-tierra-del-fuego-la-legislatura-derogo-la-reforma-constitucional-que-impulsa-melella\/","title":{"rendered":"Esc\u00e1ndalo en Tierra del Fuego: la Legislatura derog\u00f3 la reforma constitucional que impulsa Melella"},"content":{"rendered":"<p><\/p>\n<div id=\"article-content\">\n<p>La <strong>Legislatura de Tierra del Fuego<\/strong> derog\u00f3, minutos antes de las 4 de la ma\u00f1ana del viernes, el decreto del gobierno provincial que <strong>convocaba a la poblaci\u00f3n a votar una reforma parcial de la Constituci\u00f3n local el pr\u00f3ximo 9 de agosto<\/strong>. El dictamen hab\u00eda sido aprobado por el mismo cuerpo en 2023, pero a la hora de la votaci\u00f3n este viernes, el resultado fue negativo y eso desat\u00f3 un esc\u00e1ndalo pol\u00edtico may\u00fasculo en la isla, y el gobernador <a target=\"_blank\" href=\"https:\/\/www.perfil.com\/noticias\/politica\/queres-que-organicen-un-feliz-cumpleanos-el-gobernador-de-tierra-del-fuego-critico-a-javier-milei-tras-su-visita-a-ushuaia.phtml\">Gustavo Melella<\/a> ya anticip\u00f3 que recurir\u00e1 al veto e insistir\u00e1 en la convocatoria electoral.<\/p>\n<p>El objetivo de la reforma era impulsar <strong>l\u00edmites a las reelecciones indefinidas<\/strong>, <strong>el fin de los cargos vitalicios<\/strong> y <strong>un tope salarial con el sueldo del gobernador como m\u00e1ximo<\/strong>, entre otros puntos.<\/p>\n<p>La <strong>reforma constitucional<\/strong>, que abarca <strong>m\u00e1s de 70 art\u00edculos<\/strong>, fue aprobada el 13 de diciembre de 2023, cuando la C\u00e1mara ya ten\u00eda su conformaci\u00f3n actual. Se promulg\u00f3 16 d\u00edas despu\u00e9s y el gobernador convoc\u00f3 a elecciones para el 10 de noviembre de 2024, pero legisladores del bloque <strong>Somos Fueguinos<\/strong> judicializaron la medida y lograron frenarla.<\/p>\n<div class=\"subscription\">\n<p>\n        Esto no les gusta a los autoritarios\n    <\/p>\n<div class=\"subscription__container\">\n<div class=\"subscription__text-wrapper\">\n<p>\n                El ejercicio del periodismo profesional y cr\u00edtico es un pilar fundamental de la democracia. Por eso molesta a quienes creen ser los due\u00f1os de la verdad.\n            <\/p>\n<\/p><\/div><\/div>\n<\/div>\n<p class=\"destacadoNota\"><a target=\"_blank\" href=\"https:\/\/www.perfil.com\/noticias\/politica\/la-justicia-ordeno-disolver-una-empresa-de-capitales-britanicos-que-operaba-un-radar-en-tierra-del-fuego.phtml\">La Justicia orden\u00f3 disolver una empresa de capitales brit\u00e1nicos que operaba un radar en Tierra del Fuego<\/a><\/p>\n<p>Tras un extenso proceso judicial, el <strong>5 de agosto de 2025<\/strong> el <strong>Superior Tribunal de Justicia de Tierra del Fuego<\/strong> habilit\u00f3 la convocatoria para avanzar con la reforma de la Constituci\u00f3n. En una sentencia de 81 p\u00e1ginas, el m\u00e1ximo \u00f3rgano judicial provincial consider\u00f3 v\u00e1lida la convocatoria, rechaz\u00f3 los cuestionamientos sobre los plazos fijados para la elecci\u00f3n y desestim\u00f3 el resto de las impugnaciones.<\/p>\n<p style=\"text-align:center\"><picture><source media=\"(max-width: 440px)\" srcset=\"https:\/\/fotos.perfil.com\/\/2024\/09\/24\/440\/0\/regimen-de-promocion-industrial-de-tierra-del-fuego-1878745.jpg?webp\"\/><source media=\"(max-width: 1019px)\" srcset=\"https:\/\/fotos.perfil.com\/\/2024\/09\/24\/712\/0\/regimen-de-promocion-industrial-de-tierra-del-fuego-1878745.jpg?webp\"\/><img decoding=\"async\" style=\"max-width: 100%; width: 100%;\" alt=\"R\u00e9gimen de promoci\u00f3n industrial de Tierra del Fuego\" src=\"https:\/\/fotos.perfil.com\/\/2024\/09\/24\/900\/0\/regimen-de-promocion-industrial-de-tierra-del-fuego-1878745.jpg?webp\" loading=\"lazy\"\/><\/picture><\/p>\n<p>En ese fallo, adem\u00e1s, el <strong>Superior Tribunal<\/strong> orden\u00f3 al gobernador fijar una nueva fecha electoral mediante decreto dentro de un plazo de 210 d\u00edas. Antes de que venciera ese l\u00edmite, el mi\u00e9rcoles pasado, <strong>Melella oficializ\u00f3 la convocatoria<\/strong> y estableci\u00f3 que los comicios se realizar\u00e1n el <strong>domingo 9 de agosto<\/strong>.<\/p>\n<p>\u201cEl 9 de agosto, cada fueguino y fueguina va a poder elegir qui\u00e9nes van a escribir la Constituci\u00f3n que nos merecemos. So\u00f1amos con una provincia donde los derechos no sean promesas. Donde no haya privilegios para pocos. Donde el esfuerzo de las familias fueguinas tenga respaldo real en la ley. Esto es de todos. La reforma la construimos juntos, con las voces de nuestra comunidad. Tierra del Fuego tiene futuro, y ese futuro empieza el 9 de agosto\u201d, poste\u00f3 el gobernador.<\/p>\n<p class=\"destacadoNota\"><a target=\"_blank\" href=\"https:\/\/www.perfil.com\/noticias\/politica\/nada-que-festejar-la-critica-del-gobernador-de-tierra-del-fuego-frente-a-la-quita-de-los-aranceles-a-los-celulares-importados.phtml\">\u201cNada que festejar\u201d: la cr\u00edtica del gobernador de Tierra del Fuego frente a la quita de los aranceles a los celulares importados<\/a><\/p>\n<p>A <strong>Gustavo Melella<\/strong> se le vence el mandato en 2027 y no puede reelegir. Para sectores de la oposici\u00f3n, la jugada inclu\u00eda <strong>la posibilidad de habilitar una reelecci\u00f3n m\u00e1s<\/strong>, aunque el mandatario lo niega.<\/p>\n<p>Adem\u00e1s, la derrota del oficialismo fueguino frente a <strong>La Libertad Avanza<\/strong> en las \u00faltimas elecciones<a target=\"_blank\" href=\"https:\/\/www.perfil.com\/noticias\/politica\/continuan-los-cruces-entre-nacion-y-tierra-del-fuego-por-el-puerto-de-ushuaia.phtml\"> profundiz\u00f3 el distanciamiento<\/a> con <strong>La C\u00e1mpora<\/strong>, hasta hace poco uno de sus principales aliados.<\/p>\n<p>En ese escenario, <strong>la interna del peronismo fueguino<\/strong> termin\u00f3 por romper el acuerdo pol\u00edtico que hab\u00eda sostenido la reforma y empuj\u00f3 su derogaci\u00f3n en la Legislatura.<\/p>\n<p>Como respuesta, en el oficialismo sostienen que <strong>el proceso constitucional ya est\u00e1 en marcha<\/strong> y anticipan que <strong>vetar\u00e1n la derogaci\u00f3n para sostener la convocatoria<\/strong>.<\/p>\n<p>RG<\/p>\n<\/p><\/div>\n<p><script>\n                !function(f,b,e,v,n,t,s)\n                {if(f.fbq)return;n=f.fbq=function(){n.callMethod?\n                    n.callMethod.apply(n,arguments):n.queue.push(arguments)};\n                    if(!f._fbq)f._fbq=n;n.push=n;n.loaded=!0;n.version='2.0';\n                    n.queue=[];t=b.createElement(e);t.async=!0;\n                    t.src=v;s=b.getElementsByTagName(e)[0];\n                    s.parentNode.insertBefore(t,s)}(window, document,'script',\n                    'https:\/\/connect.facebook.net\/en_US\/fbevents.js');\n                window.paywallConfig.facebook_pixel=\"1000228364089342\"\n            <\/script><\/p>\n","protected":false},"excerpt":{"rendered":"<p>La Legislatura de Tierra del Fuego derog\u00f3, minutos antes de las 4 de la ma\u00f1ana del viernes, el decreto del gobierno provincial que convocaba a la poblaci\u00f3n a votar una reforma parcial de la Constituci\u00f3n local el pr\u00f3ximo 9 de agosto. El dictamen hab\u00eda sido aprobado por el mismo cuerpo en 2023, pero a la [&hellip;]<\/p>\n","protected":false},"author":2,"featured_media":194224,"comment_status":"closed","ping_status":"closed","sticky":false,"template":"","format":"standard","meta":{"footnotes":""},"categories":[25],"tags":[],"class_list":["post-194223","post","type-post","status-publish","format-standard","has-post-thumbnail","hentry","category-nacionales"],"yoast_head":"<!-- This site is optimized with the Yoast SEO plugin v24.4 - https:\/\/yoast.com\/wordpress\/plugins\/seo\/ -->\n<title>Esc\u00e1ndalo en Tierra del Fuego: la Legislatura derog\u00f3 la reforma constitucional que impulsa Melella - GYS NOTICIAS |<\/title>\n<meta name=\"robots\" content=\"index, follow, max-snippet:-1, max-image-preview:large, max-video-preview:-1\" \/>\n<link rel=\"canonical\" href=\"https:\/\/gysfm.com.ar\/inicio\/escandalo-en-tierra-del-fuego-la-legislatura-derogo-la-reforma-constitucional-que-impulsa-melella\/\" \/>\n<meta property=\"og:locale\" content=\"es_ES\" \/>\n<meta property=\"og:type\" content=\"article\" \/>\n<meta property=\"og:title\" content=\"Esc\u00e1ndalo en Tierra del Fuego: la Legislatura derog\u00f3 la reforma constitucional que impulsa Melella - GYS NOTICIAS |\" \/>\n<meta property=\"og:description\" content=\"La Legislatura de Tierra del Fuego derog\u00f3, minutos antes de las 4 de la ma\u00f1ana del viernes, el decreto del gobierno provincial que convocaba a la poblaci\u00f3n a votar una reforma parcial de la Constituci\u00f3n local el pr\u00f3ximo 9 de agosto. El dictamen hab\u00eda sido aprobado por el mismo cuerpo en 2023, pero a la [&hellip;]\" \/>\n<meta property=\"og:url\" content=\"https:\/\/gysfm.com.ar\/inicio\/escandalo-en-tierra-del-fuego-la-legislatura-derogo-la-reforma-constitucional-que-impulsa-melella\/\" \/>\n<meta property=\"og:site_name\" content=\"GYS NOTICIAS |\" \/>\n<meta property=\"article:published_time\" content=\"2026-05-02T07:33:09+00:00\" \/>\n<meta property=\"og:image\" content=\"https:\/\/fotos.perfil.com\/\/2024\/09\/24\/900\/0\/regimen-de-promocion-industrial-de-tierra-del-fuego-1878745.jpg?webp\" \/>\n<meta name=\"author\" content=\"Prensa G&amp;S FM\" \/>\n<meta name=\"twitter:card\" content=\"summary_large_image\" \/>\n<meta name=\"twitter:label1\" content=\"Escrito por\" \/>\n\t<meta name=\"twitter:data1\" content=\"Prensa G&amp;S FM\" \/>\n\t<meta name=\"twitter:label2\" content=\"Tiempo de lectura\" \/>\n\t<meta name=\"twitter:data2\" content=\"3 minutos\" \/>\n<script type=\"application\/ld+json\" class=\"yoast-schema-graph\">{\"@context\":\"https:\/\/schema.org\",\"@graph\":[{\"@type\":\"Article\",\"@id\":\"https:\/\/gysfm.com.ar\/inicio\/escandalo-en-tierra-del-fuego-la-legislatura-derogo-la-reforma-constitucional-que-impulsa-melella\/#article\",\"isPartOf\":{\"@id\":\"https:\/\/gysfm.com.ar\/inicio\/escandalo-en-tierra-del-fuego-la-legislatura-derogo-la-reforma-constitucional-que-impulsa-melella\/\"},\"author\":{\"name\":\"Prensa G&amp;S FM\",\"@id\":\"https:\/\/gysfm.com.ar\/inicio\/#\/schema\/person\/3abba7593ef2ad19e1be221d54383dc5\"},\"headline\":\"Esc\u00e1ndalo en Tierra del Fuego: la Legislatura derog\u00f3 la reforma constitucional que impulsa Melella\",\"datePublished\":\"2026-05-02T07:33:09+00:00\",\"mainEntityOfPage\":{\"@id\":\"https:\/\/gysfm.com.ar\/inicio\/escandalo-en-tierra-del-fuego-la-legislatura-derogo-la-reforma-constitucional-que-impulsa-melella\/\"},\"wordCount\":602,\"publisher\":{\"@id\":\"https:\/\/gysfm.com.ar\/inicio\/#organization\"},\"image\":{\"@id\":\"https:\/\/gysfm.com.ar\/inicio\/escandalo-en-tierra-del-fuego-la-legislatura-derogo-la-reforma-constitucional-que-impulsa-melella\/#primaryimage\"},\"thumbnailUrl\":\"https:\/\/gysfm.com.ar\/inicio\/wp-content\/uploads\/2026\/05\/el-gobernador-de-tierra-del-fuego-gustavo-melella-2108875.jpg\",\"articleSection\":[\"NACIONALES\"],\"inLanguage\":\"es\"},{\"@type\":\"WebPage\",\"@id\":\"https:\/\/gysfm.com.ar\/inicio\/escandalo-en-tierra-del-fuego-la-legislatura-derogo-la-reforma-constitucional-que-impulsa-melella\/\",\"url\":\"https:\/\/gysfm.com.ar\/inicio\/escandalo-en-tierra-del-fuego-la-legislatura-derogo-la-reforma-constitucional-que-impulsa-melella\/\",\"name\":\"Esc\u00e1ndalo en Tierra del Fuego: la Legislatura derog\u00f3 la reforma constitucional que impulsa Melella - GYS NOTICIAS |\",\"isPartOf\":{\"@id\":\"https:\/\/gysfm.com.ar\/inicio\/#website\"},\"primaryImageOfPage\":{\"@id\":\"https:\/\/gysfm.com.ar\/inicio\/escandalo-en-tierra-del-fuego-la-legislatura-derogo-la-reforma-constitucional-que-impulsa-melella\/#primaryimage\"},\"image\":{\"@id\":\"https:\/\/gysfm.com.ar\/inicio\/escandalo-en-tierra-del-fuego-la-legislatura-derogo-la-reforma-constitucional-que-impulsa-melella\/#primaryimage\"},\"thumbnailUrl\":\"https:\/\/gysfm.com.ar\/inicio\/wp-content\/uploads\/2026\/05\/el-gobernador-de-tierra-del-fuego-gustavo-melella-2108875.jpg\",\"datePublished\":\"2026-05-02T07:33:09+00:00\",\"breadcrumb\":{\"@id\":\"https:\/\/gysfm.com.ar\/inicio\/escandalo-en-tierra-del-fuego-la-legislatura-derogo-la-reforma-constitucional-que-impulsa-melella\/#breadcrumb\"},\"inLanguage\":\"es\",\"potentialAction\":[{\"@type\":\"ReadAction\",\"target\":[\"https:\/\/gysfm.com.ar\/inicio\/escandalo-en-tierra-del-fuego-la-legislatura-derogo-la-reforma-constitucional-que-impulsa-melella\/\"]}]},{\"@type\":\"ImageObject\",\"inLanguage\":\"es\",\"@id\":\"https:\/\/gysfm.com.ar\/inicio\/escandalo-en-tierra-del-fuego-la-legislatura-derogo-la-reforma-constitucional-que-impulsa-melella\/#primaryimage\",\"url\":\"https:\/\/gysfm.com.ar\/inicio\/wp-content\/uploads\/2026\/05\/el-gobernador-de-tierra-del-fuego-gustavo-melella-2108875.jpg\",\"contentUrl\":\"https:\/\/gysfm.com.ar\/inicio\/wp-content\/uploads\/2026\/05\/el-gobernador-de-tierra-del-fuego-gustavo-melella-2108875.jpg\",\"width\":1140,\"height\":641},{\"@type\":\"BreadcrumbList\",\"@id\":\"https:\/\/gysfm.com.ar\/inicio\/escandalo-en-tierra-del-fuego-la-legislatura-derogo-la-reforma-constitucional-que-impulsa-melella\/#breadcrumb\",\"itemListElement\":[{\"@type\":\"ListItem\",\"position\":1,\"name\":\"Portada\",\"item\":\"https:\/\/gysfm.com.ar\/inicio\/\"},{\"@type\":\"ListItem\",\"position\":2,\"name\":\"Esc\u00e1ndalo en Tierra del Fuego: la Legislatura derog\u00f3 la reforma constitucional que impulsa Melella\"}]},{\"@type\":\"WebSite\",\"@id\":\"https:\/\/gysfm.com.ar\/inicio\/#website\",\"url\":\"https:\/\/gysfm.com.ar\/inicio\/\",\"name\":\"GYS NOTICIAS |\",\"description\":\"DIARIO - RADIO ONLINE SAN JUAN ARGENTINA\",\"publisher\":{\"@id\":\"https:\/\/gysfm.com.ar\/inicio\/#organization\"},\"potentialAction\":[{\"@type\":\"SearchAction\",\"target\":{\"@type\":\"EntryPoint\",\"urlTemplate\":\"https:\/\/gysfm.com.ar\/inicio\/?s={search_term_string}\"},\"query-input\":{\"@type\":\"PropertyValueSpecification\",\"valueRequired\":true,\"valueName\":\"search_term_string\"}}],\"inLanguage\":\"es\"},{\"@type\":\"Organization\",\"@id\":\"https:\/\/gysfm.com.ar\/inicio\/#organization\",\"name\":\"GYS NOTICIAS |\",\"url\":\"https:\/\/gysfm.com.ar\/inicio\/\",\"logo\":{\"@type\":\"ImageObject\",\"inLanguage\":\"es\",\"@id\":\"https:\/\/gysfm.com.ar\/inicio\/#\/schema\/logo\/image\/\",\"url\":\"https:\/\/gysfm.com.ar\/inicio\/wp-content\/uploads\/2023\/07\/LOGOGYS-OK.png\",\"contentUrl\":\"https:\/\/gysfm.com.ar\/inicio\/wp-content\/uploads\/2023\/07\/LOGOGYS-OK.png\",\"width\":1170,\"height\":872,\"caption\":\"GYS NOTICIAS |\"},\"image\":{\"@id\":\"https:\/\/gysfm.com.ar\/inicio\/#\/schema\/logo\/image\/\"}},{\"@type\":\"Person\",\"@id\":\"https:\/\/gysfm.com.ar\/inicio\/#\/schema\/person\/3abba7593ef2ad19e1be221d54383dc5\",\"name\":\"Prensa G&amp;S FM\",\"image\":{\"@type\":\"ImageObject\",\"inLanguage\":\"es\",\"@id\":\"https:\/\/gysfm.com.ar\/inicio\/#\/schema\/person\/image\/\",\"url\":\"https:\/\/secure.gravatar.com\/avatar\/096ec78df02049ab018702bb4ccedf659377fa92a26540b5247612077a0dbd29?s=96&d=mm&r=g\",\"contentUrl\":\"https:\/\/secure.gravatar.com\/avatar\/096ec78df02049ab018702bb4ccedf659377fa92a26540b5247612077a0dbd29?s=96&d=mm&r=g\",\"caption\":\"Prensa G&amp;S FM\"},\"sameAs\":[\"https:\/\/gysfm.com.ar\/\"],\"url\":\"https:\/\/gysfm.com.ar\/inicio\/author\/lucasm\/\"}]}<\/script>\n<!-- \/ Yoast SEO plugin. -->","yoast_head_json":{"title":"Esc\u00e1ndalo en Tierra del Fuego: la Legislatura derog\u00f3 la reforma constitucional que impulsa Melella - GYS NOTICIAS |","robots":{"index":"index","follow":"follow","max-snippet":"max-snippet:-1","max-image-preview":"max-image-preview:large","max-video-preview":"max-video-preview:-1"},"canonical":"https:\/\/gysfm.com.ar\/inicio\/escandalo-en-tierra-del-fuego-la-legislatura-derogo-la-reforma-constitucional-que-impulsa-melella\/","og_locale":"es_ES","og_type":"article","og_title":"Esc\u00e1ndalo en Tierra del Fuego: la Legislatura derog\u00f3 la reforma constitucional que impulsa Melella - GYS NOTICIAS |","og_description":"La Legislatura de Tierra del Fuego derog\u00f3, minutos antes de las 4 de la ma\u00f1ana del viernes, el decreto del gobierno provincial que convocaba a la poblaci\u00f3n a votar una reforma parcial de la Constituci\u00f3n local el pr\u00f3ximo 9 de agosto. El dictamen hab\u00eda sido aprobado por el mismo cuerpo en 2023, pero a la [&hellip;]","og_url":"https:\/\/gysfm.com.ar\/inicio\/escandalo-en-tierra-del-fuego-la-legislatura-derogo-la-reforma-constitucional-que-impulsa-melella\/","og_site_name":"GYS NOTICIAS |","article_published_time":"2026-05-02T07:33:09+00:00","og_image":[{"url":"https:\/\/fotos.perfil.com\/\/2024\/09\/24\/900\/0\/regimen-de-promocion-industrial-de-tierra-del-fuego-1878745.jpg?webp","type":"","width":"","height":""}],"author":"Prensa G&amp;S FM","twitter_card":"summary_large_image","twitter_misc":{"Escrito por":"Prensa G&amp;S FM","Tiempo de lectura":"3 minutos"},"schema":{"@context":"https:\/\/schema.org","@graph":[{"@type":"Article","@id":"https:\/\/gysfm.com.ar\/inicio\/escandalo-en-tierra-del-fuego-la-legislatura-derogo-la-reforma-constitucional-que-impulsa-melella\/#article","isPartOf":{"@id":"https:\/\/gysfm.com.ar\/inicio\/escandalo-en-tierra-del-fuego-la-legislatura-derogo-la-reforma-constitucional-que-impulsa-melella\/"},"author":{"name":"Prensa G&amp;S FM","@id":"https:\/\/gysfm.com.ar\/inicio\/#\/schema\/person\/3abba7593ef2ad19e1be221d54383dc5"},"headline":"Esc\u00e1ndalo en Tierra del Fuego: la Legislatura derog\u00f3 la reforma constitucional que impulsa Melella","datePublished":"2026-05-02T07:33:09+00:00","mainEntityOfPage":{"@id":"https:\/\/gysfm.com.ar\/inicio\/escandalo-en-tierra-del-fuego-la-legislatura-derogo-la-reforma-constitucional-que-impulsa-melella\/"},"wordCount":602,"publisher":{"@id":"https:\/\/gysfm.com.ar\/inicio\/#organization"},"image":{"@id":"https:\/\/gysfm.com.ar\/inicio\/escandalo-en-tierra-del-fuego-la-legislatura-derogo-la-reforma-constitucional-que-impulsa-melella\/#primaryimage"},"thumbnailUrl":"https:\/\/gysfm.com.ar\/inicio\/wp-content\/uploads\/2026\/05\/el-gobernador-de-tierra-del-fuego-gustavo-melella-2108875.jpg","articleSection":["NACIONALES"],"inLanguage":"es"},{"@type":"WebPage","@id":"https:\/\/gysfm.com.ar\/inicio\/escandalo-en-tierra-del-fuego-la-legislatura-derogo-la-reforma-constitucional-que-impulsa-melella\/","url":"https:\/\/gysfm.com.ar\/inicio\/escandalo-en-tierra-del-fuego-la-legislatura-derogo-la-reforma-constitucional-que-impulsa-melella\/","name":"Esc\u00e1ndalo en Tierra del Fuego: la Legislatura derog\u00f3 la reforma constitucional que impulsa Melella - GYS NOTICIAS |","isPartOf":{"@id":"https:\/\/gysfm.com.ar\/inicio\/#website"},"primaryImageOfPage":{"@id":"https:\/\/gysfm.com.ar\/inicio\/escandalo-en-tierra-del-fuego-la-legislatura-derogo-la-reforma-constitucional-que-impulsa-melella\/#primaryimage"},"image":{"@id":"https:\/\/gysfm.com.ar\/inicio\/escandalo-en-tierra-del-fuego-la-legislatura-derogo-la-reforma-constitucional-que-impulsa-melella\/#primaryimage"},"thumbnailUrl":"https:\/\/gysfm.com.ar\/inicio\/wp-content\/uploads\/2026\/05\/el-gobernador-de-tierra-del-fuego-gustavo-melella-2108875.jpg","datePublished":"2026-05-02T07:33:09+00:00","breadcrumb":{"@id":"https:\/\/gysfm.com.ar\/inicio\/escandalo-en-tierra-del-fuego-la-legislatura-derogo-la-reforma-constitucional-que-impulsa-melella\/#breadcrumb"},"inLanguage":"es","potentialAction":[{"@type":"ReadAction","target":["https:\/\/gysfm.com.ar\/inicio\/escandalo-en-tierra-del-fuego-la-legislatura-derogo-la-reforma-constitucional-que-impulsa-melella\/"]}]},{"@type":"ImageObject","inLanguage":"es","@id":"https:\/\/gysfm.com.ar\/inicio\/escandalo-en-tierra-del-fuego-la-legislatura-derogo-la-reforma-constitucional-que-impulsa-melella\/#primaryimage","url":"https:\/\/gysfm.com.ar\/inicio\/wp-content\/uploads\/2026\/05\/el-gobernador-de-tierra-del-fuego-gustavo-melella-2108875.jpg","contentUrl":"https:\/\/gysfm.com.ar\/inicio\/wp-content\/uploads\/2026\/05\/el-gobernador-de-tierra-del-fuego-gustavo-melella-2108875.jpg","width":1140,"height":641},{"@type":"BreadcrumbList","@id":"https:\/\/gysfm.com.ar\/inicio\/escandalo-en-tierra-del-fuego-la-legislatura-derogo-la-reforma-constitucional-que-impulsa-melella\/#breadcrumb","itemListElement":[{"@type":"ListItem","position":1,"name":"Portada","item":"https:\/\/gysfm.com.ar\/inicio\/"},{"@type":"ListItem","position":2,"name":"Esc\u00e1ndalo en Tierra del Fuego: la Legislatura derog\u00f3 la reforma constitucional que impulsa Melella"}]},{"@type":"WebSite","@id":"https:\/\/gysfm.com.ar\/inicio\/#website","url":"https:\/\/gysfm.com.ar\/inicio\/","name":"GYS NOTICIAS |","description":"DIARIO - RADIO ONLINE SAN JUAN ARGENTINA","publisher":{"@id":"https:\/\/gysfm.com.ar\/inicio\/#organization"},"potentialAction":[{"@type":"SearchAction","target":{"@type":"EntryPoint","urlTemplate":"https:\/\/gysfm.com.ar\/inicio\/?s={search_term_string}"},"query-input":{"@type":"PropertyValueSpecification","valueRequired":true,"valueName":"search_term_string"}}],"inLanguage":"es"},{"@type":"Organization","@id":"https:\/\/gysfm.com.ar\/inicio\/#organization","name":"GYS NOTICIAS |","url":"https:\/\/gysfm.com.ar\/inicio\/","logo":{"@type":"ImageObject","inLanguage":"es","@id":"https:\/\/gysfm.com.ar\/inicio\/#\/schema\/logo\/image\/","url":"https:\/\/gysfm.com.ar\/inicio\/wp-content\/uploads\/2023\/07\/LOGOGYS-OK.png","contentUrl":"https:\/\/gysfm.com.ar\/inicio\/wp-content\/uploads\/2023\/07\/LOGOGYS-OK.png","width":1170,"height":872,"caption":"GYS NOTICIAS |"},"image":{"@id":"https:\/\/gysfm.com.ar\/inicio\/#\/schema\/logo\/image\/"}},{"@type":"Person","@id":"https:\/\/gysfm.com.ar\/inicio\/#\/schema\/person\/3abba7593ef2ad19e1be221d54383dc5","name":"Prensa G&amp;S FM","image":{"@type":"ImageObject","inLanguage":"es","@id":"https:\/\/gysfm.com.ar\/inicio\/#\/schema\/person\/image\/","url":"https:\/\/secure.gravatar.com\/avatar\/096ec78df02049ab018702bb4ccedf659377fa92a26540b5247612077a0dbd29?s=96&d=mm&r=g","contentUrl":"https:\/\/secure.gravatar.com\/avatar\/096ec78df02049ab018702bb4ccedf659377fa92a26540b5247612077a0dbd29?s=96&d=mm&r=g","caption":"Prensa G&amp;S FM"},"sameAs":["https:\/\/gysfm.com.ar\/"],"url":"https:\/\/gysfm.com.ar\/inicio\/author\/lucasm\/"}]}},"_links":{"self":[{"href":"https:\/\/gysfm.com.ar\/inicio\/wp-json\/wp\/v2\/posts\/194223","targetHints":{"allow":["GET"]}}],"collection":[{"href":"https:\/\/gysfm.com.ar\/inicio\/wp-json\/wp\/v2\/posts"}],"about":[{"href":"https:\/\/gysfm.com.ar\/inicio\/wp-json\/wp\/v2\/types\/post"}],"author":[{"embeddable":true,"href":"https:\/\/gysfm.com.ar\/inicio\/wp-json\/wp\/v2\/users\/2"}],"replies":[{"embeddable":true,"href":"https:\/\/gysfm.com.ar\/inicio\/wp-json\/wp\/v2\/comments?post=194223"}],"version-history":[{"count":0,"href":"https:\/\/gysfm.com.ar\/inicio\/wp-json\/wp\/v2\/posts\/194223\/revisions"}],"wp:featuredmedia":[{"embeddable":true,"href":"https:\/\/gysfm.com.ar\/inicio\/wp-json\/wp\/v2\/media\/194224"}],"wp:attachment":[{"href":"https:\/\/gysfm.com.ar\/inicio\/wp-json\/wp\/v2\/media?parent=194223"}],"wp:term":[{"taxonomy":"category","embeddable":true,"href":"https:\/\/gysfm.com.ar\/inicio\/wp-json\/wp\/v2\/categories?post=194223"},{"taxonomy":"post_tag","embeddable":true,"href":"https:\/\/gysfm.com.ar\/inicio\/wp-json\/wp\/v2\/tags?post=194223"}],"curies":[{"name":"wp","href":"https:\/\/api.w.org\/{rel}","templated":true}]}}