{"id":194220,"date":"2026-05-02T04:02:14","date_gmt":"2026-05-02T07:02:14","guid":{"rendered":"https:\/\/gysfm.com.ar\/inicio\/hay-al-menos-17-menem-con-cargos-publicos-y-negocios-millonarios-en-el-estado\/"},"modified":"2026-05-02T04:02:14","modified_gmt":"2026-05-02T07:02:14","slug":"hay-al-menos-17-menem-con-cargos-publicos-y-negocios-millonarios-en-el-estado","status":"publish","type":"post","link":"https:\/\/gysfm.com.ar\/inicio\/hay-al-menos-17-menem-con-cargos-publicos-y-negocios-millonarios-en-el-estado\/","title":{"rendered":"Hay al menos 17 Menem con cargos p\u00fablicos y negocios millonarios en el Estado"},"content":{"rendered":"<p><\/p>\n<div id=\"article-content\">\n<p>Lo que hace unos pocos a\u00f1os parec\u00eda ser solo una foto de campa\u00f1a en La Rioja, hoy se transform\u00f3 en una<strong> gigantesca red familiar repartida por todo el Estado<\/strong>. La sociedad pol\u00edtica que <a target=\"_blank\" href=\"https:\/\/www.perfil.com\/noticias\/politica\/new-york-times-milei-quiere-reprogramar-mente-argentinos.phtml\"><strong>Javier Milei<\/strong><\/a> y <a target=\"_blank\" href=\"https:\/\/www.perfil.com\/noticias\/politica\/tension-en-diputados-acusan-a-martin-menem-de-frenar-leyes-sancionadas-por-el-congreso.phtml\"><strong>Mart\u00edn Menem<\/strong><\/a> empezaron a tejer en 2021 dio sus mayores frutos a fines de 2023, cuando <strong>La Libertad Avanza<\/strong> lleg\u00f3 al poder. A partir de ese momento, con Mart\u00edn liderando la C\u00e1mara de Diputados y la r\u00e1pida incorporaci\u00f3n de <a target=\"_blank\" href=\"https:\/\/www.perfil.com\/noticias\/politica\/los-dias-mas-dificiles-de-lule-menem-de-la-fragilidad-judicial-a-la-soledad-familiar.phtml\"><strong>Eduardo \u201cLule\u201d Menem<\/strong><\/a> al Ejecutivo de la mano de <strong>Karina Milei<\/strong>, el clan logr\u00f3 expandirse a paso firme: actualmente, <strong>al menos 17 parientes<\/strong> tienen un cargo asegurado en diferentes oficinas p\u00fablicas del pa\u00eds. <\/p>\n<p>Apenas asumi\u00f3 en el Congreso, Mart\u00edn Menem decidi\u00f3 rodearse de su c\u00edrculo \u00edntimo. A fines de enero, nombr\u00f3 a su sobrino segundo, <strong>Federico Sharif Menem,<\/strong> como director general en Diputados. Aunque la oposici\u00f3n critic\u00f3 duramente esta decisi\u00f3n, el titular de la C\u00e1mara se defendi\u00f3 diciendo que el joven trabaja con \u00e9l hace tres a\u00f1os y que necesita tener al lado a alguien en quien conf\u00ede \u00abciegamente\u00bb. Acorde al relevamiento llevado a cabo por <em>La Naci\u00f3n<\/em>, este empleado es hijo de <strong>Gabriel Menem<\/strong>, hermano de \u00abLule\u00bb.<\/p>\n<div style=\"text-align:center\">\n<figure class=\"image\" style=\"display:inline-block\"><picture><source media=\"(max-width: 440px)\" srcset=\"https:\/\/fotos.perfil.com\/\/2026\/05\/01\/440\/0\/clan-menem-01052026-2231939.jpg?webp\"\/><source media=\"(max-width: 1019px)\" srcset=\"https:\/\/fotos.perfil.com\/\/2026\/05\/01\/712\/0\/clan-menem-01052026-2231939.jpg?webp\"\/><img decoding=\"async\" style=\"max-width: 100%; width: 100%;\" alt=\"Clan Menem 01052026\" src=\"https:\/\/fotos.perfil.com\/\/2026\/05\/01\/900\/0\/clan-menem-01052026-2231939.jpg?webp\" loading=\"lazy\"\/><\/picture><figcaption>\u00abLule\u00bb Menem es subsecretario en la Secretar\u00eda General de la Presidencia desde 2024<\/figcaption><\/figure>\n<\/p><\/div>\n<p>Por su lado, \u00abLule\u00bb logr\u00f3 convertirse en la mano derecha de Karina Milei y en febrero de 2024 asumi\u00f3 como <strong>subsecretario en la Secretar\u00eda General de la Presidencia<\/strong>. En 2025, el funcionario qued\u00f3 envuelto en un esc\u00e1ndalo por unos audios que hablaban del supuesto cobro de coimas en la<strong> Agencia Nacional de Discapacidad (Andis)<\/strong>. Frente a esto, neg\u00f3 la pol\u00e9mica y dijo que era una <strong>\u00abburda operaci\u00f3n pol\u00edtica del kirchnerismo\u00bb.<\/strong><\/p>\n<div class=\"subscription\">\n<p>\n        Esto no les gusta a los autoritarios\n    <\/p>\n<div class=\"subscription__container\">\n<div class=\"subscription__text-wrapper\">\n<p>\n                El ejercicio del periodismo profesional y cr\u00edtico es un pilar fundamental de la democracia. Por eso molesta a quienes creen ser los due\u00f1os de la verdad.\n            <\/p>\n<\/p><\/div><\/div>\n<\/div>\n<p>La familia de \u00abLule\u00bb tambi\u00e9n <a target=\"_blank\" href=\"https:\/\/www.perfil.com\/noticias\/politica\/menem-presidente-privatizaciones-ferrari-1-a-1-y-otros-datos-que-tenes-que-saber-a-32-anos-de-su-triunfo-electoral.phtml\">pis\u00f3 fuerte <\/a>en el Congreso de la Naci\u00f3n. Su hermana Amalia forma parte de la planta permanente de Diputados y trabaja como asistente en la presidencia de la C\u00e1mara. Adem\u00e1s, otra de sus hermanas, <strong>Carola Menem,<\/strong> es asesora del senador <strong>Carlos Pagotto<\/strong>. Este legislador riojano es una pieza clave para el Gobierno, ya que Karina Milei lo eligi\u00f3 para presidir la comisi\u00f3n que debe aprobar a los nuevos jueces en el Senado.FOTO<\/p>\n<div style=\"text-align:center\">\n<figure class=\"image\" style=\"display:inline-block\"><picture><source media=\"(max-width: 440px)\" srcset=\"https:\/\/fotos.perfil.com\/\/2026\/05\/01\/440\/0\/clan-menem-01052026-2231936.jpg?webp\"\/><source media=\"(max-width: 1019px)\" srcset=\"https:\/\/fotos.perfil.com\/\/2026\/05\/01\/712\/0\/clan-menem-01052026-2231936.jpg?webp\"\/><img decoding=\"async\" style=\"max-width: 100%; width: 100%;\" alt=\"Clan Menem 01052026\" src=\"https:\/\/fotos.perfil.com\/\/2026\/05\/01\/900\/0\/clan-menem-01052026-2231936.jpg?webp\" loading=\"lazy\"\/><\/picture><figcaption>Eduardo Menem<\/figcaption><\/figure>\n<\/p><\/div>\n<p>La lista de familiares en el Estado nacional suma varias dependencias m\u00e1s. <strong>Nazarena Menem<\/strong>, hermana de Sharif, es empleada en la <strong>Auditor\u00eda General de la Naci\u00f3n (AGN)<\/strong>. En el \u00e1rea de Aduana (<a target=\"_blank\" href=\"https:\/\/www.perfil.com\/noticias\/politica\/los-detalles-de-la-denuncia-de-arca-contra-el-movistar-arena.phtml\"><strong>ARCA<\/strong><\/a>) trabajan <strong>Lara Menem<\/strong> y su padre, <strong>Jorge Horacio Menem<\/strong>, quien ocupa un cargo directivo tecnol\u00f3gico. Finalmente, por pedido directo de Presidencia,<strong> Amado Omar Menem<\/strong> (t\u00edo de Mart\u00edn) fue nombrado titular del <strong>PAMI <\/strong>en La Rioja a principios de este a\u00f1o.<\/p>\n<p class=\"destacadoNota\"><a target=\"_blank\" href=\"https:\/\/www.perfil.com\/noticias\/actualidad\/otro-menem-destruyo-a-martin-y-lule-menem-estan-metidos-en-todos-los-hechos-de-corrupcion-son-una-verguenza.phtml\">Alfredo Menem &#8216;mat\u00f3&#8217; a sus primos Mart\u00edn y Lule Menem: \u00abEst\u00e1n en todos los hechos de corrupci\u00f3n, una verg\u00fcenza\u00bb<\/a><\/p>\n<h2><strong>Divididos por la pol\u00edtica: los parientes en el gobierno de La Rioja<\/strong><\/h2>\n<p>Mientras la rama principal del clan arm\u00f3 una fuerte alianza con La Libertad Avanza, otra parte de la familia trabaja para <strong>Ricardo Quintela<\/strong>, el gobernador peronista de La Rioja que es un duro cr\u00edtico de Javier Milei. En esta provincia,<strong> cinco miembros del apellido tienen cargos en la gesti\u00f3n local.<\/strong><\/p>\n<p>El nombre que m\u00e1s resalta es el de <strong>Alfredo Menem<\/strong>, yerno del gobernador, que maneja el Ministerio de Desarrollo, Igualdad e Integraci\u00f3n Social. Su hermano, <strong>Yamil Menem<\/strong>, tambi\u00e9n tiene un lugar de peso como titular de la<strong> Agencia de Espacios P\u00fablicos y Eventos<\/strong>. Seg\u00fan los registros oficiales, ellos son parientes lejanos de Mart\u00edn y \u00abLule\u00bb, porque su padre era sobrino directo del expresidente <a target=\"_blank\" href=\"https:\/\/www.perfil.com\/noticias\/actualidad\/los-hechos-reales-detras-de-menem-que-es-verdad-y-que-es-ficcion-en-la-nueva-serie-sobre-el-expresidente.phtml\"><strong>Carlos Sa\u00fal Menem<\/strong><\/a>.<\/p>\n<div style=\"text-align:center\">\n<figure class=\"image\" style=\"display:inline-block\"><picture><source media=\"(max-width: 440px)\" srcset=\"https:\/\/fotos.perfil.com\/\/2026\/05\/01\/440\/0\/clan-menem-01052026-2231938.jpg?webp\"\/><source media=\"(max-width: 1019px)\" srcset=\"https:\/\/fotos.perfil.com\/\/2026\/05\/01\/712\/0\/clan-menem-01052026-2231938.jpg?webp\"\/><img decoding=\"async\" style=\"max-width: 100%; width: 100%;\" alt=\"Clan Menem 01052026\" src=\"https:\/\/fotos.perfil.com\/\/2026\/05\/01\/900\/0\/clan-menem-01052026-2231938.jpg?webp\" loading=\"lazy\"\/><\/picture><figcaption>Carlos Saul Menem, la \u00abcara m\u00e1s visible\u00bb del clan<\/figcaption><\/figure>\n<\/p><\/div>\n<p>El mapa en la provincia se completa con otros tres integrantes.<strong> Roberto Carlos Menem <\/strong>encabeza la Secretar\u00eda de Gesti\u00f3n Administrativa y <strong>Marcelo Menem<\/strong> es director en el Ministerio de Salud. Adem\u00e1s,<strong> Jorge Omar Nicol\u00e1s Menem <\/strong>lidera el Tribunal de Cuentas (donde tambi\u00e9n trabaja<strong> Silvia Pedernera Menem<\/strong>), mientras que<strong> Ana Carla Menem<\/strong> se desempe\u00f1a como jueza en el \u00e1mbito provincial.<\/p>\n<p class=\"destacadoNota\"><a target=\"_blank\" href=\"https:\/\/www.perfil.com\/noticias\/protagonistas\/tragedia-politica-y-show-los-90-anos-de-carlos-menem-en-30-fotos.phtml\">Tragedia, pol\u00edtica y show: la vida de Carlos Menem en 30 fotos<\/a><\/p>\n<h2><strong>Contratos millonarios y control de registros del automotor<\/strong><\/h2>\n<p>El peso del apellido no se nota solo en los sueldos del Estado, sino tambi\u00e9n en<a target=\"_blank\" href=\"https:\/\/www.perfil.com\/noticias\/politica\/el-8-de-julio-de-1989-carlos-menem-asumia-la-presidencia.phtml\"> negocios muy rentables<\/a>. <strong>Marcela F\u00e1tima Menem,<\/strong> otra de las hermanas de \u00abLule\u00bb, maneja un Registro de la Propiedad Automotor en la Ciudad de Buenos Aires desde 1991. De la misma forma, <strong>Laila Herminia del Carmen Siman Menem<\/strong> figura como titular de un registro en Neuqu\u00e9n desde hace treinta a\u00f1os.<\/p>\n<p>El mundo de las contrataciones p\u00fablicas tambi\u00e9n le sonri\u00f3 a la familia. La empresa de seguridad<strong> Tech Security SRL<\/strong>, ligada a los hermanos de Mart\u00edn, gan\u00f3 este a\u00f1o una licitaci\u00f3n de<strong> casi 4000 millones de pesos<\/strong> para custodiar el Banco Naci\u00f3n. Un dato llamativo que public\u00f3 el Bolet\u00edn Oficial es que, cinco meses antes de conseguir este mega contrato, el presidente de la C\u00e1mara de Diputados <strong>le cedi\u00f3 su parte de la empresa a su hermano Adri\u00e1n.<\/strong><\/p>\n<p>Si bien LA NACI\u00d3N revel\u00f3 que <strong>Tech Security<\/strong> ya hab\u00eda trabajado para el Banco Naci\u00f3n y otras \u00e1reas del Estado, este nuevo contrato llama la atenci\u00f3n porque durar\u00e1 dos a\u00f1os,<strong> el doble del tiempo que se ven\u00eda acordando.<\/strong> Por \u00faltimo, los negocios privados con el Estado tambi\u00e9n aparecen en La Rioja, donde un socio de la empresa <strong>Altaufi SA<\/strong>, llamado <strong>Jorge \u00c1ngel Menem Hilal<\/strong>, figura como proveedor oficial del gobierno provincial desde 2016.<\/p>\n<p><em>TC\/DCQ<\/em><\/p>\n<\/p><\/div>\n<p><script>\n                !function(f,b,e,v,n,t,s)\n                {if(f.fbq)return;n=f.fbq=function(){n.callMethod?\n                    n.callMethod.apply(n,arguments):n.queue.push(arguments)};\n                    if(!f._fbq)f._fbq=n;n.push=n;n.loaded=!0;n.version='2.0';\n                    n.queue=[];t=b.createElement(e);t.async=!0;\n                    t.src=v;s=b.getElementsByTagName(e)[0];\n                    s.parentNode.insertBefore(t,s)}(window, document,'script',\n                    'https:\/\/connect.facebook.net\/en_US\/fbevents.js');\n                window.paywallConfig.facebook_pixel=\"1000228364089342\"\n            <\/script><\/p>\n","protected":false},"excerpt":{"rendered":"<p>Lo que hace unos pocos a\u00f1os parec\u00eda ser solo una foto de campa\u00f1a en La Rioja, hoy se transform\u00f3 en una gigantesca red familiar repartida por todo el Estado. La sociedad pol\u00edtica que Javier Milei y Mart\u00edn Menem empezaron a tejer en 2021 dio sus mayores frutos a fines de 2023, cuando La Libertad Avanza [&hellip;]<\/p>\n","protected":false},"author":2,"featured_media":180272,"comment_status":"closed","ping_status":"closed","sticky":false,"template":"","format":"standard","meta":{"footnotes":""},"categories":[25],"tags":[],"class_list":["post-194220","post","type-post","status-publish","format-standard","has-post-thumbnail","hentry","category-nacionales"],"yoast_head":"<!-- This site is optimized with the Yoast SEO plugin v24.4 - https:\/\/yoast.com\/wordpress\/plugins\/seo\/ -->\n<title>Hay al menos 17 Menem con cargos p\u00fablicos y negocios millonarios en el Estado - GYS NOTICIAS |<\/title>\n<meta name=\"robots\" content=\"index, follow, max-snippet:-1, max-image-preview:large, max-video-preview:-1\" \/>\n<link rel=\"canonical\" href=\"https:\/\/gysfm.com.ar\/inicio\/hay-al-menos-17-menem-con-cargos-publicos-y-negocios-millonarios-en-el-estado\/\" \/>\n<meta property=\"og:locale\" content=\"es_ES\" \/>\n<meta property=\"og:type\" content=\"article\" \/>\n<meta property=\"og:title\" content=\"Hay al menos 17 Menem con cargos p\u00fablicos y negocios millonarios en el Estado - GYS NOTICIAS |\" \/>\n<meta property=\"og:description\" content=\"Lo que hace unos pocos a\u00f1os parec\u00eda ser solo una foto de campa\u00f1a en La Rioja, hoy se transform\u00f3 en una gigantesca red familiar repartida por todo el Estado. La sociedad pol\u00edtica que Javier Milei y Mart\u00edn Menem empezaron a tejer en 2021 dio sus mayores frutos a fines de 2023, cuando La Libertad Avanza [&hellip;]\" \/>\n<meta property=\"og:url\" content=\"https:\/\/gysfm.com.ar\/inicio\/hay-al-menos-17-menem-con-cargos-publicos-y-negocios-millonarios-en-el-estado\/\" \/>\n<meta property=\"og:site_name\" content=\"GYS NOTICIAS |\" \/>\n<meta property=\"article:published_time\" content=\"2026-05-02T07:02:14+00:00\" \/>\n<meta property=\"og:image\" content=\"https:\/\/fotos.perfil.com\/\/2026\/05\/01\/900\/0\/clan-menem-01052026-2231939.jpg?webp\" \/>\n<meta name=\"author\" content=\"Prensa G&amp;S FM\" \/>\n<meta name=\"twitter:card\" content=\"summary_large_image\" \/>\n<meta name=\"twitter:label1\" content=\"Escrito por\" \/>\n\t<meta name=\"twitter:data1\" content=\"Prensa G&amp;S FM\" \/>\n\t<meta name=\"twitter:label2\" content=\"Tiempo de lectura\" \/>\n\t<meta name=\"twitter:data2\" content=\"5 minutos\" \/>\n<script type=\"application\/ld+json\" class=\"yoast-schema-graph\">{\"@context\":\"https:\/\/schema.org\",\"@graph\":[{\"@type\":\"Article\",\"@id\":\"https:\/\/gysfm.com.ar\/inicio\/hay-al-menos-17-menem-con-cargos-publicos-y-negocios-millonarios-en-el-estado\/#article\",\"isPartOf\":{\"@id\":\"https:\/\/gysfm.com.ar\/inicio\/hay-al-menos-17-menem-con-cargos-publicos-y-negocios-millonarios-en-el-estado\/\"},\"author\":{\"name\":\"Prensa G&amp;S FM\",\"@id\":\"https:\/\/gysfm.com.ar\/inicio\/#\/schema\/person\/3abba7593ef2ad19e1be221d54383dc5\"},\"headline\":\"Hay al menos 17 Menem con cargos p\u00fablicos y negocios millonarios en el Estado\",\"datePublished\":\"2026-05-02T07:02:14+00:00\",\"mainEntityOfPage\":{\"@id\":\"https:\/\/gysfm.com.ar\/inicio\/hay-al-menos-17-menem-con-cargos-publicos-y-negocios-millonarios-en-el-estado\/\"},\"wordCount\":999,\"publisher\":{\"@id\":\"https:\/\/gysfm.com.ar\/inicio\/#organization\"},\"image\":{\"@id\":\"https:\/\/gysfm.com.ar\/inicio\/hay-al-menos-17-menem-con-cargos-publicos-y-negocios-millonarios-en-el-estado\/#primaryimage\"},\"thumbnailUrl\":\"https:\/\/gysfm.com.ar\/inicio\/wp-content\/uploads\/2026\/02\/martin-menem-2158643.jpg\",\"articleSection\":[\"NACIONALES\"],\"inLanguage\":\"es\"},{\"@type\":\"WebPage\",\"@id\":\"https:\/\/gysfm.com.ar\/inicio\/hay-al-menos-17-menem-con-cargos-publicos-y-negocios-millonarios-en-el-estado\/\",\"url\":\"https:\/\/gysfm.com.ar\/inicio\/hay-al-menos-17-menem-con-cargos-publicos-y-negocios-millonarios-en-el-estado\/\",\"name\":\"Hay al menos 17 Menem con cargos p\u00fablicos y negocios millonarios en el Estado - GYS NOTICIAS |\",\"isPartOf\":{\"@id\":\"https:\/\/gysfm.com.ar\/inicio\/#website\"},\"primaryImageOfPage\":{\"@id\":\"https:\/\/gysfm.com.ar\/inicio\/hay-al-menos-17-menem-con-cargos-publicos-y-negocios-millonarios-en-el-estado\/#primaryimage\"},\"image\":{\"@id\":\"https:\/\/gysfm.com.ar\/inicio\/hay-al-menos-17-menem-con-cargos-publicos-y-negocios-millonarios-en-el-estado\/#primaryimage\"},\"thumbnailUrl\":\"https:\/\/gysfm.com.ar\/inicio\/wp-content\/uploads\/2026\/02\/martin-menem-2158643.jpg\",\"datePublished\":\"2026-05-02T07:02:14+00:00\",\"breadcrumb\":{\"@id\":\"https:\/\/gysfm.com.ar\/inicio\/hay-al-menos-17-menem-con-cargos-publicos-y-negocios-millonarios-en-el-estado\/#breadcrumb\"},\"inLanguage\":\"es\",\"potentialAction\":[{\"@type\":\"ReadAction\",\"target\":[\"https:\/\/gysfm.com.ar\/inicio\/hay-al-menos-17-menem-con-cargos-publicos-y-negocios-millonarios-en-el-estado\/\"]}]},{\"@type\":\"ImageObject\",\"inLanguage\":\"es\",\"@id\":\"https:\/\/gysfm.com.ar\/inicio\/hay-al-menos-17-menem-con-cargos-publicos-y-negocios-millonarios-en-el-estado\/#primaryimage\",\"url\":\"https:\/\/gysfm.com.ar\/inicio\/wp-content\/uploads\/2026\/02\/martin-menem-2158643.jpg\",\"contentUrl\":\"https:\/\/gysfm.com.ar\/inicio\/wp-content\/uploads\/2026\/02\/martin-menem-2158643.jpg\",\"width\":1140,\"height\":641},{\"@type\":\"BreadcrumbList\",\"@id\":\"https:\/\/gysfm.com.ar\/inicio\/hay-al-menos-17-menem-con-cargos-publicos-y-negocios-millonarios-en-el-estado\/#breadcrumb\",\"itemListElement\":[{\"@type\":\"ListItem\",\"position\":1,\"name\":\"Portada\",\"item\":\"https:\/\/gysfm.com.ar\/inicio\/\"},{\"@type\":\"ListItem\",\"position\":2,\"name\":\"Hay al menos 17 Menem con cargos p\u00fablicos y negocios millonarios en el Estado\"}]},{\"@type\":\"WebSite\",\"@id\":\"https:\/\/gysfm.com.ar\/inicio\/#website\",\"url\":\"https:\/\/gysfm.com.ar\/inicio\/\",\"name\":\"GYS NOTICIAS |\",\"description\":\"DIARIO - RADIO ONLINE SAN JUAN ARGENTINA\",\"publisher\":{\"@id\":\"https:\/\/gysfm.com.ar\/inicio\/#organization\"},\"potentialAction\":[{\"@type\":\"SearchAction\",\"target\":{\"@type\":\"EntryPoint\",\"urlTemplate\":\"https:\/\/gysfm.com.ar\/inicio\/?s={search_term_string}\"},\"query-input\":{\"@type\":\"PropertyValueSpecification\",\"valueRequired\":true,\"valueName\":\"search_term_string\"}}],\"inLanguage\":\"es\"},{\"@type\":\"Organization\",\"@id\":\"https:\/\/gysfm.com.ar\/inicio\/#organization\",\"name\":\"GYS NOTICIAS |\",\"url\":\"https:\/\/gysfm.com.ar\/inicio\/\",\"logo\":{\"@type\":\"ImageObject\",\"inLanguage\":\"es\",\"@id\":\"https:\/\/gysfm.com.ar\/inicio\/#\/schema\/logo\/image\/\",\"url\":\"https:\/\/gysfm.com.ar\/inicio\/wp-content\/uploads\/2023\/07\/LOGOGYS-OK.png\",\"contentUrl\":\"https:\/\/gysfm.com.ar\/inicio\/wp-content\/uploads\/2023\/07\/LOGOGYS-OK.png\",\"width\":1170,\"height\":872,\"caption\":\"GYS NOTICIAS |\"},\"image\":{\"@id\":\"https:\/\/gysfm.com.ar\/inicio\/#\/schema\/logo\/image\/\"}},{\"@type\":\"Person\",\"@id\":\"https:\/\/gysfm.com.ar\/inicio\/#\/schema\/person\/3abba7593ef2ad19e1be221d54383dc5\",\"name\":\"Prensa G&amp;S FM\",\"image\":{\"@type\":\"ImageObject\",\"inLanguage\":\"es\",\"@id\":\"https:\/\/gysfm.com.ar\/inicio\/#\/schema\/person\/image\/\",\"url\":\"https:\/\/secure.gravatar.com\/avatar\/096ec78df02049ab018702bb4ccedf659377fa92a26540b5247612077a0dbd29?s=96&d=mm&r=g\",\"contentUrl\":\"https:\/\/secure.gravatar.com\/avatar\/096ec78df02049ab018702bb4ccedf659377fa92a26540b5247612077a0dbd29?s=96&d=mm&r=g\",\"caption\":\"Prensa G&amp;S FM\"},\"sameAs\":[\"https:\/\/gysfm.com.ar\/\"],\"url\":\"https:\/\/gysfm.com.ar\/inicio\/author\/lucasm\/\"}]}<\/script>\n<!-- \/ Yoast SEO plugin. -->","yoast_head_json":{"title":"Hay al menos 17 Menem con cargos p\u00fablicos y negocios millonarios en el Estado - GYS NOTICIAS |","robots":{"index":"index","follow":"follow","max-snippet":"max-snippet:-1","max-image-preview":"max-image-preview:large","max-video-preview":"max-video-preview:-1"},"canonical":"https:\/\/gysfm.com.ar\/inicio\/hay-al-menos-17-menem-con-cargos-publicos-y-negocios-millonarios-en-el-estado\/","og_locale":"es_ES","og_type":"article","og_title":"Hay al menos 17 Menem con cargos p\u00fablicos y negocios millonarios en el Estado - GYS NOTICIAS |","og_description":"Lo que hace unos pocos a\u00f1os parec\u00eda ser solo una foto de campa\u00f1a en La Rioja, hoy se transform\u00f3 en una gigantesca red familiar repartida por todo el Estado. La sociedad pol\u00edtica que Javier Milei y Mart\u00edn Menem empezaron a tejer en 2021 dio sus mayores frutos a fines de 2023, cuando La Libertad Avanza [&hellip;]","og_url":"https:\/\/gysfm.com.ar\/inicio\/hay-al-menos-17-menem-con-cargos-publicos-y-negocios-millonarios-en-el-estado\/","og_site_name":"GYS NOTICIAS |","article_published_time":"2026-05-02T07:02:14+00:00","og_image":[{"url":"https:\/\/fotos.perfil.com\/\/2026\/05\/01\/900\/0\/clan-menem-01052026-2231939.jpg?webp","type":"","width":"","height":""}],"author":"Prensa G&amp;S FM","twitter_card":"summary_large_image","twitter_misc":{"Escrito por":"Prensa G&amp;S FM","Tiempo de lectura":"5 minutos"},"schema":{"@context":"https:\/\/schema.org","@graph":[{"@type":"Article","@id":"https:\/\/gysfm.com.ar\/inicio\/hay-al-menos-17-menem-con-cargos-publicos-y-negocios-millonarios-en-el-estado\/#article","isPartOf":{"@id":"https:\/\/gysfm.com.ar\/inicio\/hay-al-menos-17-menem-con-cargos-publicos-y-negocios-millonarios-en-el-estado\/"},"author":{"name":"Prensa G&amp;S FM","@id":"https:\/\/gysfm.com.ar\/inicio\/#\/schema\/person\/3abba7593ef2ad19e1be221d54383dc5"},"headline":"Hay al menos 17 Menem con cargos p\u00fablicos y negocios millonarios en el Estado","datePublished":"2026-05-02T07:02:14+00:00","mainEntityOfPage":{"@id":"https:\/\/gysfm.com.ar\/inicio\/hay-al-menos-17-menem-con-cargos-publicos-y-negocios-millonarios-en-el-estado\/"},"wordCount":999,"publisher":{"@id":"https:\/\/gysfm.com.ar\/inicio\/#organization"},"image":{"@id":"https:\/\/gysfm.com.ar\/inicio\/hay-al-menos-17-menem-con-cargos-publicos-y-negocios-millonarios-en-el-estado\/#primaryimage"},"thumbnailUrl":"https:\/\/gysfm.com.ar\/inicio\/wp-content\/uploads\/2026\/02\/martin-menem-2158643.jpg","articleSection":["NACIONALES"],"inLanguage":"es"},{"@type":"WebPage","@id":"https:\/\/gysfm.com.ar\/inicio\/hay-al-menos-17-menem-con-cargos-publicos-y-negocios-millonarios-en-el-estado\/","url":"https:\/\/gysfm.com.ar\/inicio\/hay-al-menos-17-menem-con-cargos-publicos-y-negocios-millonarios-en-el-estado\/","name":"Hay al menos 17 Menem con cargos p\u00fablicos y negocios millonarios en el Estado - GYS NOTICIAS |","isPartOf":{"@id":"https:\/\/gysfm.com.ar\/inicio\/#website"},"primaryImageOfPage":{"@id":"https:\/\/gysfm.com.ar\/inicio\/hay-al-menos-17-menem-con-cargos-publicos-y-negocios-millonarios-en-el-estado\/#primaryimage"},"image":{"@id":"https:\/\/gysfm.com.ar\/inicio\/hay-al-menos-17-menem-con-cargos-publicos-y-negocios-millonarios-en-el-estado\/#primaryimage"},"thumbnailUrl":"https:\/\/gysfm.com.ar\/inicio\/wp-content\/uploads\/2026\/02\/martin-menem-2158643.jpg","datePublished":"2026-05-02T07:02:14+00:00","breadcrumb":{"@id":"https:\/\/gysfm.com.ar\/inicio\/hay-al-menos-17-menem-con-cargos-publicos-y-negocios-millonarios-en-el-estado\/#breadcrumb"},"inLanguage":"es","potentialAction":[{"@type":"ReadAction","target":["https:\/\/gysfm.com.ar\/inicio\/hay-al-menos-17-menem-con-cargos-publicos-y-negocios-millonarios-en-el-estado\/"]}]},{"@type":"ImageObject","inLanguage":"es","@id":"https:\/\/gysfm.com.ar\/inicio\/hay-al-menos-17-menem-con-cargos-publicos-y-negocios-millonarios-en-el-estado\/#primaryimage","url":"https:\/\/gysfm.com.ar\/inicio\/wp-content\/uploads\/2026\/02\/martin-menem-2158643.jpg","contentUrl":"https:\/\/gysfm.com.ar\/inicio\/wp-content\/uploads\/2026\/02\/martin-menem-2158643.jpg","width":1140,"height":641},{"@type":"BreadcrumbList","@id":"https:\/\/gysfm.com.ar\/inicio\/hay-al-menos-17-menem-con-cargos-publicos-y-negocios-millonarios-en-el-estado\/#breadcrumb","itemListElement":[{"@type":"ListItem","position":1,"name":"Portada","item":"https:\/\/gysfm.com.ar\/inicio\/"},{"@type":"ListItem","position":2,"name":"Hay al menos 17 Menem con cargos p\u00fablicos y negocios millonarios en el Estado"}]},{"@type":"WebSite","@id":"https:\/\/gysfm.com.ar\/inicio\/#website","url":"https:\/\/gysfm.com.ar\/inicio\/","name":"GYS NOTICIAS |","description":"DIARIO - RADIO ONLINE SAN JUAN ARGENTINA","publisher":{"@id":"https:\/\/gysfm.com.ar\/inicio\/#organization"},"potentialAction":[{"@type":"SearchAction","target":{"@type":"EntryPoint","urlTemplate":"https:\/\/gysfm.com.ar\/inicio\/?s={search_term_string}"},"query-input":{"@type":"PropertyValueSpecification","valueRequired":true,"valueName":"search_term_string"}}],"inLanguage":"es"},{"@type":"Organization","@id":"https:\/\/gysfm.com.ar\/inicio\/#organization","name":"GYS NOTICIAS |","url":"https:\/\/gysfm.com.ar\/inicio\/","logo":{"@type":"ImageObject","inLanguage":"es","@id":"https:\/\/gysfm.com.ar\/inicio\/#\/schema\/logo\/image\/","url":"https:\/\/gysfm.com.ar\/inicio\/wp-content\/uploads\/2023\/07\/LOGOGYS-OK.png","contentUrl":"https:\/\/gysfm.com.ar\/inicio\/wp-content\/uploads\/2023\/07\/LOGOGYS-OK.png","width":1170,"height":872,"caption":"GYS NOTICIAS |"},"image":{"@id":"https:\/\/gysfm.com.ar\/inicio\/#\/schema\/logo\/image\/"}},{"@type":"Person","@id":"https:\/\/gysfm.com.ar\/inicio\/#\/schema\/person\/3abba7593ef2ad19e1be221d54383dc5","name":"Prensa G&amp;S FM","image":{"@type":"ImageObject","inLanguage":"es","@id":"https:\/\/gysfm.com.ar\/inicio\/#\/schema\/person\/image\/","url":"https:\/\/secure.gravatar.com\/avatar\/096ec78df02049ab018702bb4ccedf659377fa92a26540b5247612077a0dbd29?s=96&d=mm&r=g","contentUrl":"https:\/\/secure.gravatar.com\/avatar\/096ec78df02049ab018702bb4ccedf659377fa92a26540b5247612077a0dbd29?s=96&d=mm&r=g","caption":"Prensa G&amp;S FM"},"sameAs":["https:\/\/gysfm.com.ar\/"],"url":"https:\/\/gysfm.com.ar\/inicio\/author\/lucasm\/"}]}},"_links":{"self":[{"href":"https:\/\/gysfm.com.ar\/inicio\/wp-json\/wp\/v2\/posts\/194220","targetHints":{"allow":["GET"]}}],"collection":[{"href":"https:\/\/gysfm.com.ar\/inicio\/wp-json\/wp\/v2\/posts"}],"about":[{"href":"https:\/\/gysfm.com.ar\/inicio\/wp-json\/wp\/v2\/types\/post"}],"author":[{"embeddable":true,"href":"https:\/\/gysfm.com.ar\/inicio\/wp-json\/wp\/v2\/users\/2"}],"replies":[{"embeddable":true,"href":"https:\/\/gysfm.com.ar\/inicio\/wp-json\/wp\/v2\/comments?post=194220"}],"version-history":[{"count":0,"href":"https:\/\/gysfm.com.ar\/inicio\/wp-json\/wp\/v2\/posts\/194220\/revisions"}],"wp:featuredmedia":[{"embeddable":true,"href":"https:\/\/gysfm.com.ar\/inicio\/wp-json\/wp\/v2\/media\/180272"}],"wp:attachment":[{"href":"https:\/\/gysfm.com.ar\/inicio\/wp-json\/wp\/v2\/media?parent=194220"}],"wp:term":[{"taxonomy":"category","embeddable":true,"href":"https:\/\/gysfm.com.ar\/inicio\/wp-json\/wp\/v2\/categories?post=194220"},{"taxonomy":"post_tag","embeddable":true,"href":"https:\/\/gysfm.com.ar\/inicio\/wp-json\/wp\/v2\/tags?post=194220"}],"curies":[{"name":"wp","href":"https:\/\/api.w.org\/{rel}","templated":true}]}}