{"id":194215,"date":"2026-05-02T03:00:11","date_gmt":"2026-05-02T06:00:11","guid":{"rendered":"https:\/\/gysfm.com.ar\/inicio\/north-west-hija-de-kim-kardashian-y-kanye-west-lanzo-su-primer-sencillo-n0rth4evr\/"},"modified":"2026-05-02T03:00:11","modified_gmt":"2026-05-02T06:00:11","slug":"north-west-hija-de-kim-kardashian-y-kanye-west-lanzo-su-primer-sencillo-n0rth4evr","status":"publish","type":"post","link":"https:\/\/gysfm.com.ar\/inicio\/north-west-hija-de-kim-kardashian-y-kanye-west-lanzo-su-primer-sencillo-n0rth4evr\/","title":{"rendered":"North West, hija de Kim Kardashian y Kanye West, lanz\u00f3 su primer sencillo, \u00abN0RTH4EVR\u00bb"},"content":{"rendered":"<p><\/p>\n<div id=\"article-content\">\n<p><a target=\"_blank\" href=\"https:\/\/www.instagram.com\/northwest\/\"><strong>North West<\/strong><\/a>, la hija mayor de Kim Kardashian y Kanye West, lanz\u00f3 su EP debut, \u00ab<strong>N0rth4evr<\/strong>\u00ab, el viernes 1 de mayo, que incluye seis canciones.\u00a0La joven de 12 a\u00f1os sigue los pasos de su padre\u00a0como rapera y productora.<\/p>\n<div style=\"text-align:center\">\n<figure class=\"image\" style=\"display:inline-block\"><img decoding=\"async\" style=\"max-width: 100%; width: 100%;\" alt=\"North West \" src=\"https:\/\/fotos.perfil.com\/\/2026\/05\/01\/900\/0\/north-west-2232016.jpg\" loading=\"lazy\"\/>&#13;<figcaption>North West\u00a0<\/figcaption>&#13;<br \/>\n<\/figure>\n<\/div>\n<p>A lo largo del <strong>EP autoproducido<\/strong>, North fusiona elementos del <strong>punk rock y\u00a0rap<\/strong>\u00a0furioso. El\u00a0tema que abre el EP, \u00ab<strong><em>H0w Sh0uld ! F33l\u00bb<\/em><\/strong>, incluye un sample de \u00ab<em><strong>Monster<\/strong><\/em>\u00ab,\u00a0un \u00e9xito underground de Meg &amp; Dia de la \u00e9poca del Warped Tour,<\/p>\n<p><iframe loading=\"lazy\" title=\"North West - #N0rth4evr (Official Music Video)\" width=\"1170\" height=\"878\" src=\"https:\/\/www.youtube.com\/embed\/k0agRRNjFc4?wmode=transparent&amp;rel=0&amp;feature=oembed\" frameborder=\"0\" allow=\"accelerometer; autoplay; clipboard-write; encrypted-media; gyroscope; picture-in-picture; web-share\" referrerpolicy=\"strict-origin-when-cross-origin\" allowfullscreen><\/iframe><\/p>\n<p>En concreto, la canci\u00f3n de North empieza con el estribillo<em> \u00abMonstruo, \u00bfc\u00f3mo deber\u00eda sentirme? \/ Criaturas yacen aqu\u00ed, mirando a trav\u00e9s de la ventana\u00bb\u00a0<\/em>del sencillo Something Real, que se convirti\u00f3 en un cl\u00e1sico de la era de MySpace.<\/p>\n<p>La artista de 12 a\u00f1os habla abiertamente sobre su vida de fama infantil en \u201c<em><strong>W0ah<\/strong><\/em>\u201d, donde menciona haber estado \u201cfirmando aut\u00f3grafos desde la primaria\u201d. <strong>\u201cNac\u00ed estrella\/ Nunca tuve elecci\u00f3n\u201d<\/strong>, sostiene.<\/p>\n<p><iframe loading=\"lazy\" title=\"North West - W0ah (Official Audio)\" width=\"1170\" height=\"658\" src=\"https:\/\/www.youtube.com\/embed\/gJRP3O33Z0U?wmode=transparent&amp;rel=0&amp;feature=oembed\" frameborder=\"0\" allow=\"accelerometer; autoplay; clipboard-write; encrypted-media; gyroscope; picture-in-picture; web-share\" referrerpolicy=\"strict-origin-when-cross-origin\" allowfullscreen><\/iframe><\/p>\n<p>North\u00a0ha causado sensaci\u00f3n con sus apariciones en <em>Vultures <\/em>de Ye y Ty Dolla $ign, as\u00ed como en el \u00e1lbum EUSEXUA de FKA twigs, indica Billboard. En febrero, lanz\u00f3 su sencillo <em>\u00abPiercing on My Hand\u00bb<\/em>, que finalmente no se incluy\u00f3 en el EP.<\/p>\n<\/p><\/div>\n<p><script>\n\t(function(d, s, id) {\n\t\tvar js, fjs = d.getElementsByTagName(s)[0];\n\t\tif (d.getElementById(id)) return;\n\t\tjs = d.createElement(s);\n\t\tjs.id = id;\n\t\tjs.src=\"https:\/\/connect.facebook.net\/es_LA\/sdk.js#xfbml=1&version=v3.1\";\n\t\tfjs.parentNode.insertBefore(js, fjs);\n\t}(document, 'script', 'facebook-jssdk'));\n<\/script><script async src=\"\/\/www.instagram.com\/embed.js\"><\/script><\/p>\n","protected":false},"excerpt":{"rendered":"<p>North West, la hija mayor de Kim Kardashian y Kanye West, lanz\u00f3 su EP debut, \u00abN0rth4evr\u00ab, el viernes 1 de mayo, que incluye seis canciones.\u00a0La joven de 12 a\u00f1os sigue los pasos de su padre\u00a0como rapera y productora. &#13;North West\u00a0&#13; A lo largo del EP autoproducido, North fusiona elementos del punk rock y\u00a0rap\u00a0furioso. El\u00a0tema que [&hellip;]<\/p>\n","protected":false},"author":2,"featured_media":194216,"comment_status":"closed","ping_status":"closed","sticky":false,"template":"","format":"standard","meta":{"footnotes":""},"categories":[25],"tags":[],"class_list":["post-194215","post","type-post","status-publish","format-standard","has-post-thumbnail","hentry","category-nacionales"],"yoast_head":"<!-- This site is optimized with the Yoast SEO plugin v24.4 - https:\/\/yoast.com\/wordpress\/plugins\/seo\/ -->\n<title>North West, hija de Kim Kardashian y Kanye West, lanz\u00f3 su primer sencillo, &quot;N0RTH4EVR&quot; - GYS NOTICIAS |<\/title>\n<meta name=\"robots\" content=\"index, follow, max-snippet:-1, max-image-preview:large, max-video-preview:-1\" \/>\n<link rel=\"canonical\" href=\"https:\/\/gysfm.com.ar\/inicio\/north-west-hija-de-kim-kardashian-y-kanye-west-lanzo-su-primer-sencillo-n0rth4evr\/\" \/>\n<meta property=\"og:locale\" content=\"es_ES\" \/>\n<meta property=\"og:type\" content=\"article\" \/>\n<meta property=\"og:title\" content=\"North West, hija de Kim Kardashian y Kanye West, lanz\u00f3 su primer sencillo, &quot;N0RTH4EVR&quot; - GYS NOTICIAS |\" \/>\n<meta property=\"og:description\" content=\"North West, la hija mayor de Kim Kardashian y Kanye West, lanz\u00f3 su EP debut, \u00abN0rth4evr\u00ab, el viernes 1 de mayo, que incluye seis canciones.\u00a0La joven de 12 a\u00f1os sigue los pasos de su padre\u00a0como rapera y productora. &#013;North West\u00a0&#013; A lo largo del EP autoproducido, North fusiona elementos del punk rock y\u00a0rap\u00a0furioso. El\u00a0tema que [&hellip;]\" \/>\n<meta property=\"og:url\" content=\"https:\/\/gysfm.com.ar\/inicio\/north-west-hija-de-kim-kardashian-y-kanye-west-lanzo-su-primer-sencillo-n0rth4evr\/\" \/>\n<meta property=\"og:site_name\" content=\"GYS NOTICIAS |\" \/>\n<meta property=\"article:published_time\" content=\"2026-05-02T06:00:11+00:00\" \/>\n<meta property=\"og:image\" content=\"https:\/\/fotos.perfil.com\/\/2026\/05\/01\/900\/0\/north-west-2232016.jpg\" \/>\n<meta name=\"author\" content=\"Prensa G&amp;S FM\" \/>\n<meta name=\"twitter:card\" content=\"summary_large_image\" \/>\n<meta name=\"twitter:label1\" content=\"Escrito por\" \/>\n\t<meta name=\"twitter:data1\" content=\"Prensa G&amp;S FM\" \/>\n\t<meta name=\"twitter:label2\" content=\"Tiempo de lectura\" \/>\n\t<meta name=\"twitter:data2\" content=\"1 minuto\" \/>\n<script type=\"application\/ld+json\" class=\"yoast-schema-graph\">{\"@context\":\"https:\/\/schema.org\",\"@graph\":[{\"@type\":\"Article\",\"@id\":\"https:\/\/gysfm.com.ar\/inicio\/north-west-hija-de-kim-kardashian-y-kanye-west-lanzo-su-primer-sencillo-n0rth4evr\/#article\",\"isPartOf\":{\"@id\":\"https:\/\/gysfm.com.ar\/inicio\/north-west-hija-de-kim-kardashian-y-kanye-west-lanzo-su-primer-sencillo-n0rth4evr\/\"},\"author\":{\"name\":\"Prensa G&amp;S FM\",\"@id\":\"https:\/\/gysfm.com.ar\/inicio\/#\/schema\/person\/3abba7593ef2ad19e1be221d54383dc5\"},\"headline\":\"North West, hija de Kim Kardashian y Kanye West, lanz\u00f3 su primer sencillo, \u00abN0RTH4EVR\u00bb\",\"datePublished\":\"2026-05-02T06:00:11+00:00\",\"mainEntityOfPage\":{\"@id\":\"https:\/\/gysfm.com.ar\/inicio\/north-west-hija-de-kim-kardashian-y-kanye-west-lanzo-su-primer-sencillo-n0rth4evr\/\"},\"wordCount\":246,\"publisher\":{\"@id\":\"https:\/\/gysfm.com.ar\/inicio\/#organization\"},\"image\":{\"@id\":\"https:\/\/gysfm.com.ar\/inicio\/north-west-hija-de-kim-kardashian-y-kanye-west-lanzo-su-primer-sencillo-n0rth4evr\/#primaryimage\"},\"thumbnailUrl\":\"https:\/\/gysfm.com.ar\/inicio\/wp-content\/uploads\/2026\/05\/north-west-2232007.jpg\",\"articleSection\":[\"NACIONALES\"],\"inLanguage\":\"es\"},{\"@type\":\"WebPage\",\"@id\":\"https:\/\/gysfm.com.ar\/inicio\/north-west-hija-de-kim-kardashian-y-kanye-west-lanzo-su-primer-sencillo-n0rth4evr\/\",\"url\":\"https:\/\/gysfm.com.ar\/inicio\/north-west-hija-de-kim-kardashian-y-kanye-west-lanzo-su-primer-sencillo-n0rth4evr\/\",\"name\":\"North West, hija de Kim Kardashian y Kanye West, lanz\u00f3 su primer sencillo, \\\"N0RTH4EVR\\\" - GYS NOTICIAS |\",\"isPartOf\":{\"@id\":\"https:\/\/gysfm.com.ar\/inicio\/#website\"},\"primaryImageOfPage\":{\"@id\":\"https:\/\/gysfm.com.ar\/inicio\/north-west-hija-de-kim-kardashian-y-kanye-west-lanzo-su-primer-sencillo-n0rth4evr\/#primaryimage\"},\"image\":{\"@id\":\"https:\/\/gysfm.com.ar\/inicio\/north-west-hija-de-kim-kardashian-y-kanye-west-lanzo-su-primer-sencillo-n0rth4evr\/#primaryimage\"},\"thumbnailUrl\":\"https:\/\/gysfm.com.ar\/inicio\/wp-content\/uploads\/2026\/05\/north-west-2232007.jpg\",\"datePublished\":\"2026-05-02T06:00:11+00:00\",\"breadcrumb\":{\"@id\":\"https:\/\/gysfm.com.ar\/inicio\/north-west-hija-de-kim-kardashian-y-kanye-west-lanzo-su-primer-sencillo-n0rth4evr\/#breadcrumb\"},\"inLanguage\":\"es\",\"potentialAction\":[{\"@type\":\"ReadAction\",\"target\":[\"https:\/\/gysfm.com.ar\/inicio\/north-west-hija-de-kim-kardashian-y-kanye-west-lanzo-su-primer-sencillo-n0rth4evr\/\"]}]},{\"@type\":\"ImageObject\",\"inLanguage\":\"es\",\"@id\":\"https:\/\/gysfm.com.ar\/inicio\/north-west-hija-de-kim-kardashian-y-kanye-west-lanzo-su-primer-sencillo-n0rth4evr\/#primaryimage\",\"url\":\"https:\/\/gysfm.com.ar\/inicio\/wp-content\/uploads\/2026\/05\/north-west-2232007.jpg\",\"contentUrl\":\"https:\/\/gysfm.com.ar\/inicio\/wp-content\/uploads\/2026\/05\/north-west-2232007.jpg\",\"width\":1140,\"height\":641},{\"@type\":\"BreadcrumbList\",\"@id\":\"https:\/\/gysfm.com.ar\/inicio\/north-west-hija-de-kim-kardashian-y-kanye-west-lanzo-su-primer-sencillo-n0rth4evr\/#breadcrumb\",\"itemListElement\":[{\"@type\":\"ListItem\",\"position\":1,\"name\":\"Portada\",\"item\":\"https:\/\/gysfm.com.ar\/inicio\/\"},{\"@type\":\"ListItem\",\"position\":2,\"name\":\"North West, hija de Kim Kardashian y Kanye West, lanz\u00f3 su primer sencillo, \u00abN0RTH4EVR\u00bb\"}]},{\"@type\":\"WebSite\",\"@id\":\"https:\/\/gysfm.com.ar\/inicio\/#website\",\"url\":\"https:\/\/gysfm.com.ar\/inicio\/\",\"name\":\"GYS NOTICIAS |\",\"description\":\"DIARIO - RADIO ONLINE SAN JUAN ARGENTINA\",\"publisher\":{\"@id\":\"https:\/\/gysfm.com.ar\/inicio\/#organization\"},\"potentialAction\":[{\"@type\":\"SearchAction\",\"target\":{\"@type\":\"EntryPoint\",\"urlTemplate\":\"https:\/\/gysfm.com.ar\/inicio\/?s={search_term_string}\"},\"query-input\":{\"@type\":\"PropertyValueSpecification\",\"valueRequired\":true,\"valueName\":\"search_term_string\"}}],\"inLanguage\":\"es\"},{\"@type\":\"Organization\",\"@id\":\"https:\/\/gysfm.com.ar\/inicio\/#organization\",\"name\":\"GYS NOTICIAS |\",\"url\":\"https:\/\/gysfm.com.ar\/inicio\/\",\"logo\":{\"@type\":\"ImageObject\",\"inLanguage\":\"es\",\"@id\":\"https:\/\/gysfm.com.ar\/inicio\/#\/schema\/logo\/image\/\",\"url\":\"https:\/\/gysfm.com.ar\/inicio\/wp-content\/uploads\/2023\/07\/LOGOGYS-OK.png\",\"contentUrl\":\"https:\/\/gysfm.com.ar\/inicio\/wp-content\/uploads\/2023\/07\/LOGOGYS-OK.png\",\"width\":1170,\"height\":872,\"caption\":\"GYS NOTICIAS |\"},\"image\":{\"@id\":\"https:\/\/gysfm.com.ar\/inicio\/#\/schema\/logo\/image\/\"}},{\"@type\":\"Person\",\"@id\":\"https:\/\/gysfm.com.ar\/inicio\/#\/schema\/person\/3abba7593ef2ad19e1be221d54383dc5\",\"name\":\"Prensa G&amp;S FM\",\"image\":{\"@type\":\"ImageObject\",\"inLanguage\":\"es\",\"@id\":\"https:\/\/gysfm.com.ar\/inicio\/#\/schema\/person\/image\/\",\"url\":\"https:\/\/secure.gravatar.com\/avatar\/096ec78df02049ab018702bb4ccedf659377fa92a26540b5247612077a0dbd29?s=96&d=mm&r=g\",\"contentUrl\":\"https:\/\/secure.gravatar.com\/avatar\/096ec78df02049ab018702bb4ccedf659377fa92a26540b5247612077a0dbd29?s=96&d=mm&r=g\",\"caption\":\"Prensa G&amp;S FM\"},\"sameAs\":[\"https:\/\/gysfm.com.ar\/\"],\"url\":\"https:\/\/gysfm.com.ar\/inicio\/author\/lucasm\/\"}]}<\/script>\n<!-- \/ Yoast SEO plugin. -->","yoast_head_json":{"title":"North West, hija de Kim Kardashian y Kanye West, lanz\u00f3 su primer sencillo, \"N0RTH4EVR\" - GYS NOTICIAS |","robots":{"index":"index","follow":"follow","max-snippet":"max-snippet:-1","max-image-preview":"max-image-preview:large","max-video-preview":"max-video-preview:-1"},"canonical":"https:\/\/gysfm.com.ar\/inicio\/north-west-hija-de-kim-kardashian-y-kanye-west-lanzo-su-primer-sencillo-n0rth4evr\/","og_locale":"es_ES","og_type":"article","og_title":"North West, hija de Kim Kardashian y Kanye West, lanz\u00f3 su primer sencillo, \"N0RTH4EVR\" - GYS NOTICIAS |","og_description":"North West, la hija mayor de Kim Kardashian y Kanye West, lanz\u00f3 su EP debut, \u00abN0rth4evr\u00ab, el viernes 1 de mayo, que incluye seis canciones.\u00a0La joven de 12 a\u00f1os sigue los pasos de su padre\u00a0como rapera y productora. &#13;North West\u00a0&#13; A lo largo del EP autoproducido, North fusiona elementos del punk rock y\u00a0rap\u00a0furioso. El\u00a0tema que [&hellip;]","og_url":"https:\/\/gysfm.com.ar\/inicio\/north-west-hija-de-kim-kardashian-y-kanye-west-lanzo-su-primer-sencillo-n0rth4evr\/","og_site_name":"GYS NOTICIAS |","article_published_time":"2026-05-02T06:00:11+00:00","og_image":[{"url":"https:\/\/fotos.perfil.com\/\/2026\/05\/01\/900\/0\/north-west-2232016.jpg","type":"","width":"","height":""}],"author":"Prensa G&amp;S FM","twitter_card":"summary_large_image","twitter_misc":{"Escrito por":"Prensa G&amp;S FM","Tiempo de lectura":"1 minuto"},"schema":{"@context":"https:\/\/schema.org","@graph":[{"@type":"Article","@id":"https:\/\/gysfm.com.ar\/inicio\/north-west-hija-de-kim-kardashian-y-kanye-west-lanzo-su-primer-sencillo-n0rth4evr\/#article","isPartOf":{"@id":"https:\/\/gysfm.com.ar\/inicio\/north-west-hija-de-kim-kardashian-y-kanye-west-lanzo-su-primer-sencillo-n0rth4evr\/"},"author":{"name":"Prensa G&amp;S FM","@id":"https:\/\/gysfm.com.ar\/inicio\/#\/schema\/person\/3abba7593ef2ad19e1be221d54383dc5"},"headline":"North West, hija de Kim Kardashian y Kanye West, lanz\u00f3 su primer sencillo, \u00abN0RTH4EVR\u00bb","datePublished":"2026-05-02T06:00:11+00:00","mainEntityOfPage":{"@id":"https:\/\/gysfm.com.ar\/inicio\/north-west-hija-de-kim-kardashian-y-kanye-west-lanzo-su-primer-sencillo-n0rth4evr\/"},"wordCount":246,"publisher":{"@id":"https:\/\/gysfm.com.ar\/inicio\/#organization"},"image":{"@id":"https:\/\/gysfm.com.ar\/inicio\/north-west-hija-de-kim-kardashian-y-kanye-west-lanzo-su-primer-sencillo-n0rth4evr\/#primaryimage"},"thumbnailUrl":"https:\/\/gysfm.com.ar\/inicio\/wp-content\/uploads\/2026\/05\/north-west-2232007.jpg","articleSection":["NACIONALES"],"inLanguage":"es"},{"@type":"WebPage","@id":"https:\/\/gysfm.com.ar\/inicio\/north-west-hija-de-kim-kardashian-y-kanye-west-lanzo-su-primer-sencillo-n0rth4evr\/","url":"https:\/\/gysfm.com.ar\/inicio\/north-west-hija-de-kim-kardashian-y-kanye-west-lanzo-su-primer-sencillo-n0rth4evr\/","name":"North West, hija de Kim Kardashian y Kanye West, lanz\u00f3 su primer sencillo, \"N0RTH4EVR\" - GYS NOTICIAS |","isPartOf":{"@id":"https:\/\/gysfm.com.ar\/inicio\/#website"},"primaryImageOfPage":{"@id":"https:\/\/gysfm.com.ar\/inicio\/north-west-hija-de-kim-kardashian-y-kanye-west-lanzo-su-primer-sencillo-n0rth4evr\/#primaryimage"},"image":{"@id":"https:\/\/gysfm.com.ar\/inicio\/north-west-hija-de-kim-kardashian-y-kanye-west-lanzo-su-primer-sencillo-n0rth4evr\/#primaryimage"},"thumbnailUrl":"https:\/\/gysfm.com.ar\/inicio\/wp-content\/uploads\/2026\/05\/north-west-2232007.jpg","datePublished":"2026-05-02T06:00:11+00:00","breadcrumb":{"@id":"https:\/\/gysfm.com.ar\/inicio\/north-west-hija-de-kim-kardashian-y-kanye-west-lanzo-su-primer-sencillo-n0rth4evr\/#breadcrumb"},"inLanguage":"es","potentialAction":[{"@type":"ReadAction","target":["https:\/\/gysfm.com.ar\/inicio\/north-west-hija-de-kim-kardashian-y-kanye-west-lanzo-su-primer-sencillo-n0rth4evr\/"]}]},{"@type":"ImageObject","inLanguage":"es","@id":"https:\/\/gysfm.com.ar\/inicio\/north-west-hija-de-kim-kardashian-y-kanye-west-lanzo-su-primer-sencillo-n0rth4evr\/#primaryimage","url":"https:\/\/gysfm.com.ar\/inicio\/wp-content\/uploads\/2026\/05\/north-west-2232007.jpg","contentUrl":"https:\/\/gysfm.com.ar\/inicio\/wp-content\/uploads\/2026\/05\/north-west-2232007.jpg","width":1140,"height":641},{"@type":"BreadcrumbList","@id":"https:\/\/gysfm.com.ar\/inicio\/north-west-hija-de-kim-kardashian-y-kanye-west-lanzo-su-primer-sencillo-n0rth4evr\/#breadcrumb","itemListElement":[{"@type":"ListItem","position":1,"name":"Portada","item":"https:\/\/gysfm.com.ar\/inicio\/"},{"@type":"ListItem","position":2,"name":"North West, hija de Kim Kardashian y Kanye West, lanz\u00f3 su primer sencillo, \u00abN0RTH4EVR\u00bb"}]},{"@type":"WebSite","@id":"https:\/\/gysfm.com.ar\/inicio\/#website","url":"https:\/\/gysfm.com.ar\/inicio\/","name":"GYS NOTICIAS |","description":"DIARIO - RADIO ONLINE SAN JUAN ARGENTINA","publisher":{"@id":"https:\/\/gysfm.com.ar\/inicio\/#organization"},"potentialAction":[{"@type":"SearchAction","target":{"@type":"EntryPoint","urlTemplate":"https:\/\/gysfm.com.ar\/inicio\/?s={search_term_string}"},"query-input":{"@type":"PropertyValueSpecification","valueRequired":true,"valueName":"search_term_string"}}],"inLanguage":"es"},{"@type":"Organization","@id":"https:\/\/gysfm.com.ar\/inicio\/#organization","name":"GYS NOTICIAS |","url":"https:\/\/gysfm.com.ar\/inicio\/","logo":{"@type":"ImageObject","inLanguage":"es","@id":"https:\/\/gysfm.com.ar\/inicio\/#\/schema\/logo\/image\/","url":"https:\/\/gysfm.com.ar\/inicio\/wp-content\/uploads\/2023\/07\/LOGOGYS-OK.png","contentUrl":"https:\/\/gysfm.com.ar\/inicio\/wp-content\/uploads\/2023\/07\/LOGOGYS-OK.png","width":1170,"height":872,"caption":"GYS NOTICIAS |"},"image":{"@id":"https:\/\/gysfm.com.ar\/inicio\/#\/schema\/logo\/image\/"}},{"@type":"Person","@id":"https:\/\/gysfm.com.ar\/inicio\/#\/schema\/person\/3abba7593ef2ad19e1be221d54383dc5","name":"Prensa G&amp;S FM","image":{"@type":"ImageObject","inLanguage":"es","@id":"https:\/\/gysfm.com.ar\/inicio\/#\/schema\/person\/image\/","url":"https:\/\/secure.gravatar.com\/avatar\/096ec78df02049ab018702bb4ccedf659377fa92a26540b5247612077a0dbd29?s=96&d=mm&r=g","contentUrl":"https:\/\/secure.gravatar.com\/avatar\/096ec78df02049ab018702bb4ccedf659377fa92a26540b5247612077a0dbd29?s=96&d=mm&r=g","caption":"Prensa G&amp;S FM"},"sameAs":["https:\/\/gysfm.com.ar\/"],"url":"https:\/\/gysfm.com.ar\/inicio\/author\/lucasm\/"}]}},"_links":{"self":[{"href":"https:\/\/gysfm.com.ar\/inicio\/wp-json\/wp\/v2\/posts\/194215","targetHints":{"allow":["GET"]}}],"collection":[{"href":"https:\/\/gysfm.com.ar\/inicio\/wp-json\/wp\/v2\/posts"}],"about":[{"href":"https:\/\/gysfm.com.ar\/inicio\/wp-json\/wp\/v2\/types\/post"}],"author":[{"embeddable":true,"href":"https:\/\/gysfm.com.ar\/inicio\/wp-json\/wp\/v2\/users\/2"}],"replies":[{"embeddable":true,"href":"https:\/\/gysfm.com.ar\/inicio\/wp-json\/wp\/v2\/comments?post=194215"}],"version-history":[{"count":0,"href":"https:\/\/gysfm.com.ar\/inicio\/wp-json\/wp\/v2\/posts\/194215\/revisions"}],"wp:featuredmedia":[{"embeddable":true,"href":"https:\/\/gysfm.com.ar\/inicio\/wp-json\/wp\/v2\/media\/194216"}],"wp:attachment":[{"href":"https:\/\/gysfm.com.ar\/inicio\/wp-json\/wp\/v2\/media?parent=194215"}],"wp:term":[{"taxonomy":"category","embeddable":true,"href":"https:\/\/gysfm.com.ar\/inicio\/wp-json\/wp\/v2\/categories?post=194215"},{"taxonomy":"post_tag","embeddable":true,"href":"https:\/\/gysfm.com.ar\/inicio\/wp-json\/wp\/v2\/tags?post=194215"}],"curies":[{"name":"wp","href":"https:\/\/api.w.org\/{rel}","templated":true}]}}