{"id":194206,"date":"2026-05-02T01:11:08","date_gmt":"2026-05-02T04:11:08","guid":{"rendered":"https:\/\/gysfm.com.ar\/inicio\/estados-unidos-afirmo-que-detuvo-45-barcos-por-el-bloqueo-de-puertos-iranies\/"},"modified":"2026-05-02T01:11:09","modified_gmt":"2026-05-02T04:11:09","slug":"estados-unidos-afirmo-que-detuvo-45-barcos-por-el-bloqueo-de-puertos-iranies","status":"publish","type":"post","link":"https:\/\/gysfm.com.ar\/inicio\/estados-unidos-afirmo-que-detuvo-45-barcos-por-el-bloqueo-de-puertos-iranies\/","title":{"rendered":"Estados Unidos afirm\u00f3 que detuvo 45 barcos por el bloqueo de puertos iran\u00edes"},"content":{"rendered":"<p> <br \/>\n<\/p>\n<div>\n<p class=\"com-paragraph   --s\"><strong>Gianni Infantino <\/strong>busc\u00f3 cerrar un foco de incertidumbre y, al mismo tiempo, consolidar su liderazgo pol\u00edtico dentro del f\u00fatbol mundial. En la apertura del <strong>76\u00b0 Congreso de la FIFA<\/strong>, el dirigente italo-suizo <strong>confirm\u00f3 que Ir\u00e1n disputar\u00e1 el Mundial 2026<\/strong> en Estados Unidos, M\u00e9xico y Canad\u00e1, tal como estaba previsto, y sum\u00f3 un respaldo determinante de las confederaciones de \u00c1frica y Asia para su eventual reelecci\u00f3n en 2027.<\/p>\n<div class=\"content-media\">\n<section role=\"button\" class=\"mod-media   \">\n<figure role=\"button\" tabindex=\"0\" class=\"mod-figure \"><figcaption class=\"mod-figcaption\"><span class=\"com-text --caption --twoxs\">Gianni Infantino, durante la 76\u00b0 Congreso de la FIFA en Vancouver<\/span><span class=\"com-text --credit --twoxs\">DARRYL DYCK &#8211; The Canadian Press<\/span><\/figcaption><\/figure>\n<\/section>\n<\/div>\n<p class=\"com-paragraph   --s\">\u201c<strong>Perm\u00edtanme comenzar por confirmar desde el principio que, por supuesto, Ir\u00e1n participar\u00e1 en la Copa del Mundo de la FIFA 2026. Y, por supuesto, Ir\u00e1n jugar\u00e1 en los Estados Unidos de Am\u00e9rica<\/strong>\u201d, expres\u00f3 Infantino ante los delegados reunidos en Vancouver. La definici\u00f3n busc\u00f3 despejar versiones que hab\u00edan puesto en duda la presencia del seleccionado asi\u00e1tico en el torneo, debido a la crecientes tensiones y conflicto en Medio Oriente con EE.UU.<\/p>\n<\/div>\n<p><script id=\"facebookpixel\" defer=\"\" type=\"text\/javascript\">\n        !function(f,b,e,v,n,t,s)\n        {if(f.fbq)return;n=f.fbq=function(){n.callMethod?\n        n.callMethod.apply(n,arguments):n.queue.push(arguments)};\n        if(!f._fbq)f._fbq=n;n.push=n;n.loaded=!0;n.version='2.0';\n        n.queue=[];t=b.createElement(e);t.async=!0;\n        t.src=v;s=b.getElementsByTagName(e)[0];\n        s.parentNode.insertBefore(t,s)}(window, document,'script',\n        'https:\/\/connect.facebook.net\/en_US\/fbevents.js');\n        fbq('init', '492459597522335');\n        fbq('track', 'PageView');\n    <\/script><br \/>\n<br \/><\/p>\n","protected":false},"excerpt":{"rendered":"<p>Gianni Infantino busc\u00f3 cerrar un foco de incertidumbre y, al mismo tiempo, consolidar su liderazgo pol\u00edtico dentro del f\u00fatbol mundial. En la apertura del 76\u00b0 Congreso de la FIFA, el dirigente italo-suizo confirm\u00f3 que Ir\u00e1n disputar\u00e1 el Mundial 2026 en Estados Unidos, M\u00e9xico y Canad\u00e1, tal como estaba previsto, y sum\u00f3 un respaldo determinante de [&hellip;]<\/p>\n","protected":false},"author":2,"featured_media":194207,"comment_status":"closed","ping_status":"closed","sticky":false,"template":"","format":"standard","meta":{"footnotes":""},"categories":[26],"tags":[],"class_list":["post-194206","post","type-post","status-publish","format-standard","has-post-thumbnail","hentry","category-internacionales"],"yoast_head":"<!-- This site is optimized with the Yoast SEO plugin v24.4 - https:\/\/yoast.com\/wordpress\/plugins\/seo\/ -->\n<title>Estados Unidos afirm\u00f3 que detuvo 45 barcos por el bloqueo de puertos iran\u00edes - GYS NOTICIAS |<\/title>\n<meta name=\"robots\" content=\"index, follow, max-snippet:-1, max-image-preview:large, max-video-preview:-1\" \/>\n<link rel=\"canonical\" href=\"https:\/\/gysfm.com.ar\/inicio\/estados-unidos-afirmo-que-detuvo-45-barcos-por-el-bloqueo-de-puertos-iranies\/\" \/>\n<meta property=\"og:locale\" content=\"es_ES\" \/>\n<meta property=\"og:type\" content=\"article\" \/>\n<meta property=\"og:title\" content=\"Estados Unidos afirm\u00f3 que detuvo 45 barcos por el bloqueo de puertos iran\u00edes - GYS NOTICIAS |\" \/>\n<meta property=\"og:description\" content=\"Gianni Infantino busc\u00f3 cerrar un foco de incertidumbre y, al mismo tiempo, consolidar su liderazgo pol\u00edtico dentro del f\u00fatbol mundial. En la apertura del 76\u00b0 Congreso de la FIFA, el dirigente italo-suizo confirm\u00f3 que Ir\u00e1n disputar\u00e1 el Mundial 2026 en Estados Unidos, M\u00e9xico y Canad\u00e1, tal como estaba previsto, y sum\u00f3 un respaldo determinante de [&hellip;]\" \/>\n<meta property=\"og:url\" content=\"https:\/\/gysfm.com.ar\/inicio\/estados-unidos-afirmo-que-detuvo-45-barcos-por-el-bloqueo-de-puertos-iranies\/\" \/>\n<meta property=\"og:site_name\" content=\"GYS NOTICIAS |\" \/>\n<meta property=\"article:published_time\" content=\"2026-05-02T04:11:08+00:00\" \/>\n<meta property=\"article:modified_time\" content=\"2026-05-02T04:11:09+00:00\" \/>\n<meta property=\"og:image\" content=\"https:\/\/gysfm.com.ar\/inicio\/wp-content\/uploads\/2026\/05\/un-hombre-de-pie-en-el-mar-del-estrecho-de-ormuz-EQYPAOYPZRFTTAFCXKFFHKN3G4.jpg\" \/>\n\t<meta property=\"og:image:width\" content=\"1200\" \/>\n\t<meta property=\"og:image:height\" content=\"675\" \/>\n\t<meta property=\"og:image:type\" content=\"image\/jpeg\" \/>\n<meta name=\"author\" content=\"Prensa G&amp;S FM\" \/>\n<meta name=\"twitter:card\" content=\"summary_large_image\" \/>\n<meta name=\"twitter:label1\" content=\"Escrito por\" \/>\n\t<meta name=\"twitter:data1\" content=\"Prensa G&amp;S FM\" \/>\n\t<meta name=\"twitter:label2\" content=\"Tiempo de lectura\" \/>\n\t<meta name=\"twitter:data2\" content=\"1 minuto\" \/>\n<script type=\"application\/ld+json\" class=\"yoast-schema-graph\">{\"@context\":\"https:\/\/schema.org\",\"@graph\":[{\"@type\":\"Article\",\"@id\":\"https:\/\/gysfm.com.ar\/inicio\/estados-unidos-afirmo-que-detuvo-45-barcos-por-el-bloqueo-de-puertos-iranies\/#article\",\"isPartOf\":{\"@id\":\"https:\/\/gysfm.com.ar\/inicio\/estados-unidos-afirmo-que-detuvo-45-barcos-por-el-bloqueo-de-puertos-iranies\/\"},\"author\":{\"name\":\"Prensa G&amp;S FM\",\"@id\":\"https:\/\/gysfm.com.ar\/inicio\/#\/schema\/person\/3abba7593ef2ad19e1be221d54383dc5\"},\"headline\":\"Estados Unidos afirm\u00f3 que detuvo 45 barcos por el bloqueo de puertos iran\u00edes\",\"datePublished\":\"2026-05-02T04:11:08+00:00\",\"dateModified\":\"2026-05-02T04:11:09+00:00\",\"mainEntityOfPage\":{\"@id\":\"https:\/\/gysfm.com.ar\/inicio\/estados-unidos-afirmo-que-detuvo-45-barcos-por-el-bloqueo-de-puertos-iranies\/\"},\"wordCount\":177,\"publisher\":{\"@id\":\"https:\/\/gysfm.com.ar\/inicio\/#organization\"},\"image\":{\"@id\":\"https:\/\/gysfm.com.ar\/inicio\/estados-unidos-afirmo-que-detuvo-45-barcos-por-el-bloqueo-de-puertos-iranies\/#primaryimage\"},\"thumbnailUrl\":\"https:\/\/gysfm.com.ar\/inicio\/wp-content\/uploads\/2026\/05\/un-hombre-de-pie-en-el-mar-del-estrecho-de-ormuz-EQYPAOYPZRFTTAFCXKFFHKN3G4.jpg\",\"articleSection\":[\"INTERNACIONALES\"],\"inLanguage\":\"es\"},{\"@type\":\"WebPage\",\"@id\":\"https:\/\/gysfm.com.ar\/inicio\/estados-unidos-afirmo-que-detuvo-45-barcos-por-el-bloqueo-de-puertos-iranies\/\",\"url\":\"https:\/\/gysfm.com.ar\/inicio\/estados-unidos-afirmo-que-detuvo-45-barcos-por-el-bloqueo-de-puertos-iranies\/\",\"name\":\"Estados Unidos afirm\u00f3 que detuvo 45 barcos por el bloqueo de puertos iran\u00edes - GYS NOTICIAS |\",\"isPartOf\":{\"@id\":\"https:\/\/gysfm.com.ar\/inicio\/#website\"},\"primaryImageOfPage\":{\"@id\":\"https:\/\/gysfm.com.ar\/inicio\/estados-unidos-afirmo-que-detuvo-45-barcos-por-el-bloqueo-de-puertos-iranies\/#primaryimage\"},\"image\":{\"@id\":\"https:\/\/gysfm.com.ar\/inicio\/estados-unidos-afirmo-que-detuvo-45-barcos-por-el-bloqueo-de-puertos-iranies\/#primaryimage\"},\"thumbnailUrl\":\"https:\/\/gysfm.com.ar\/inicio\/wp-content\/uploads\/2026\/05\/un-hombre-de-pie-en-el-mar-del-estrecho-de-ormuz-EQYPAOYPZRFTTAFCXKFFHKN3G4.jpg\",\"datePublished\":\"2026-05-02T04:11:08+00:00\",\"dateModified\":\"2026-05-02T04:11:09+00:00\",\"breadcrumb\":{\"@id\":\"https:\/\/gysfm.com.ar\/inicio\/estados-unidos-afirmo-que-detuvo-45-barcos-por-el-bloqueo-de-puertos-iranies\/#breadcrumb\"},\"inLanguage\":\"es\",\"potentialAction\":[{\"@type\":\"ReadAction\",\"target\":[\"https:\/\/gysfm.com.ar\/inicio\/estados-unidos-afirmo-que-detuvo-45-barcos-por-el-bloqueo-de-puertos-iranies\/\"]}]},{\"@type\":\"ImageObject\",\"inLanguage\":\"es\",\"@id\":\"https:\/\/gysfm.com.ar\/inicio\/estados-unidos-afirmo-que-detuvo-45-barcos-por-el-bloqueo-de-puertos-iranies\/#primaryimage\",\"url\":\"https:\/\/gysfm.com.ar\/inicio\/wp-content\/uploads\/2026\/05\/un-hombre-de-pie-en-el-mar-del-estrecho-de-ormuz-EQYPAOYPZRFTTAFCXKFFHKN3G4.jpg\",\"contentUrl\":\"https:\/\/gysfm.com.ar\/inicio\/wp-content\/uploads\/2026\/05\/un-hombre-de-pie-en-el-mar-del-estrecho-de-ormuz-EQYPAOYPZRFTTAFCXKFFHKN3G4.jpg\",\"width\":1200,\"height\":675},{\"@type\":\"BreadcrumbList\",\"@id\":\"https:\/\/gysfm.com.ar\/inicio\/estados-unidos-afirmo-que-detuvo-45-barcos-por-el-bloqueo-de-puertos-iranies\/#breadcrumb\",\"itemListElement\":[{\"@type\":\"ListItem\",\"position\":1,\"name\":\"Portada\",\"item\":\"https:\/\/gysfm.com.ar\/inicio\/\"},{\"@type\":\"ListItem\",\"position\":2,\"name\":\"Estados Unidos afirm\u00f3 que detuvo 45 barcos por el bloqueo de puertos iran\u00edes\"}]},{\"@type\":\"WebSite\",\"@id\":\"https:\/\/gysfm.com.ar\/inicio\/#website\",\"url\":\"https:\/\/gysfm.com.ar\/inicio\/\",\"name\":\"GYS NOTICIAS |\",\"description\":\"DIARIO - RADIO ONLINE SAN JUAN ARGENTINA\",\"publisher\":{\"@id\":\"https:\/\/gysfm.com.ar\/inicio\/#organization\"},\"potentialAction\":[{\"@type\":\"SearchAction\",\"target\":{\"@type\":\"EntryPoint\",\"urlTemplate\":\"https:\/\/gysfm.com.ar\/inicio\/?s={search_term_string}\"},\"query-input\":{\"@type\":\"PropertyValueSpecification\",\"valueRequired\":true,\"valueName\":\"search_term_string\"}}],\"inLanguage\":\"es\"},{\"@type\":\"Organization\",\"@id\":\"https:\/\/gysfm.com.ar\/inicio\/#organization\",\"name\":\"GYS NOTICIAS |\",\"url\":\"https:\/\/gysfm.com.ar\/inicio\/\",\"logo\":{\"@type\":\"ImageObject\",\"inLanguage\":\"es\",\"@id\":\"https:\/\/gysfm.com.ar\/inicio\/#\/schema\/logo\/image\/\",\"url\":\"https:\/\/gysfm.com.ar\/inicio\/wp-content\/uploads\/2023\/07\/LOGOGYS-OK.png\",\"contentUrl\":\"https:\/\/gysfm.com.ar\/inicio\/wp-content\/uploads\/2023\/07\/LOGOGYS-OK.png\",\"width\":1170,\"height\":872,\"caption\":\"GYS NOTICIAS |\"},\"image\":{\"@id\":\"https:\/\/gysfm.com.ar\/inicio\/#\/schema\/logo\/image\/\"}},{\"@type\":\"Person\",\"@id\":\"https:\/\/gysfm.com.ar\/inicio\/#\/schema\/person\/3abba7593ef2ad19e1be221d54383dc5\",\"name\":\"Prensa G&amp;S FM\",\"image\":{\"@type\":\"ImageObject\",\"inLanguage\":\"es\",\"@id\":\"https:\/\/gysfm.com.ar\/inicio\/#\/schema\/person\/image\/\",\"url\":\"https:\/\/secure.gravatar.com\/avatar\/096ec78df02049ab018702bb4ccedf659377fa92a26540b5247612077a0dbd29?s=96&d=mm&r=g\",\"contentUrl\":\"https:\/\/secure.gravatar.com\/avatar\/096ec78df02049ab018702bb4ccedf659377fa92a26540b5247612077a0dbd29?s=96&d=mm&r=g\",\"caption\":\"Prensa G&amp;S FM\"},\"sameAs\":[\"https:\/\/gysfm.com.ar\/\"],\"url\":\"https:\/\/gysfm.com.ar\/inicio\/author\/lucasm\/\"}]}<\/script>\n<!-- \/ Yoast SEO plugin. -->","yoast_head_json":{"title":"Estados Unidos afirm\u00f3 que detuvo 45 barcos por el bloqueo de puertos iran\u00edes - GYS NOTICIAS |","robots":{"index":"index","follow":"follow","max-snippet":"max-snippet:-1","max-image-preview":"max-image-preview:large","max-video-preview":"max-video-preview:-1"},"canonical":"https:\/\/gysfm.com.ar\/inicio\/estados-unidos-afirmo-que-detuvo-45-barcos-por-el-bloqueo-de-puertos-iranies\/","og_locale":"es_ES","og_type":"article","og_title":"Estados Unidos afirm\u00f3 que detuvo 45 barcos por el bloqueo de puertos iran\u00edes - GYS NOTICIAS |","og_description":"Gianni Infantino busc\u00f3 cerrar un foco de incertidumbre y, al mismo tiempo, consolidar su liderazgo pol\u00edtico dentro del f\u00fatbol mundial. En la apertura del 76\u00b0 Congreso de la FIFA, el dirigente italo-suizo confirm\u00f3 que Ir\u00e1n disputar\u00e1 el Mundial 2026 en Estados Unidos, M\u00e9xico y Canad\u00e1, tal como estaba previsto, y sum\u00f3 un respaldo determinante de [&hellip;]","og_url":"https:\/\/gysfm.com.ar\/inicio\/estados-unidos-afirmo-que-detuvo-45-barcos-por-el-bloqueo-de-puertos-iranies\/","og_site_name":"GYS NOTICIAS |","article_published_time":"2026-05-02T04:11:08+00:00","article_modified_time":"2026-05-02T04:11:09+00:00","og_image":[{"width":1200,"height":675,"url":"https:\/\/gysfm.com.ar\/inicio\/wp-content\/uploads\/2026\/05\/un-hombre-de-pie-en-el-mar-del-estrecho-de-ormuz-EQYPAOYPZRFTTAFCXKFFHKN3G4.jpg","type":"image\/jpeg"}],"author":"Prensa G&amp;S FM","twitter_card":"summary_large_image","twitter_misc":{"Escrito por":"Prensa G&amp;S FM","Tiempo de lectura":"1 minuto"},"schema":{"@context":"https:\/\/schema.org","@graph":[{"@type":"Article","@id":"https:\/\/gysfm.com.ar\/inicio\/estados-unidos-afirmo-que-detuvo-45-barcos-por-el-bloqueo-de-puertos-iranies\/#article","isPartOf":{"@id":"https:\/\/gysfm.com.ar\/inicio\/estados-unidos-afirmo-que-detuvo-45-barcos-por-el-bloqueo-de-puertos-iranies\/"},"author":{"name":"Prensa G&amp;S FM","@id":"https:\/\/gysfm.com.ar\/inicio\/#\/schema\/person\/3abba7593ef2ad19e1be221d54383dc5"},"headline":"Estados Unidos afirm\u00f3 que detuvo 45 barcos por el bloqueo de puertos iran\u00edes","datePublished":"2026-05-02T04:11:08+00:00","dateModified":"2026-05-02T04:11:09+00:00","mainEntityOfPage":{"@id":"https:\/\/gysfm.com.ar\/inicio\/estados-unidos-afirmo-que-detuvo-45-barcos-por-el-bloqueo-de-puertos-iranies\/"},"wordCount":177,"publisher":{"@id":"https:\/\/gysfm.com.ar\/inicio\/#organization"},"image":{"@id":"https:\/\/gysfm.com.ar\/inicio\/estados-unidos-afirmo-que-detuvo-45-barcos-por-el-bloqueo-de-puertos-iranies\/#primaryimage"},"thumbnailUrl":"https:\/\/gysfm.com.ar\/inicio\/wp-content\/uploads\/2026\/05\/un-hombre-de-pie-en-el-mar-del-estrecho-de-ormuz-EQYPAOYPZRFTTAFCXKFFHKN3G4.jpg","articleSection":["INTERNACIONALES"],"inLanguage":"es"},{"@type":"WebPage","@id":"https:\/\/gysfm.com.ar\/inicio\/estados-unidos-afirmo-que-detuvo-45-barcos-por-el-bloqueo-de-puertos-iranies\/","url":"https:\/\/gysfm.com.ar\/inicio\/estados-unidos-afirmo-que-detuvo-45-barcos-por-el-bloqueo-de-puertos-iranies\/","name":"Estados Unidos afirm\u00f3 que detuvo 45 barcos por el bloqueo de puertos iran\u00edes - GYS NOTICIAS |","isPartOf":{"@id":"https:\/\/gysfm.com.ar\/inicio\/#website"},"primaryImageOfPage":{"@id":"https:\/\/gysfm.com.ar\/inicio\/estados-unidos-afirmo-que-detuvo-45-barcos-por-el-bloqueo-de-puertos-iranies\/#primaryimage"},"image":{"@id":"https:\/\/gysfm.com.ar\/inicio\/estados-unidos-afirmo-que-detuvo-45-barcos-por-el-bloqueo-de-puertos-iranies\/#primaryimage"},"thumbnailUrl":"https:\/\/gysfm.com.ar\/inicio\/wp-content\/uploads\/2026\/05\/un-hombre-de-pie-en-el-mar-del-estrecho-de-ormuz-EQYPAOYPZRFTTAFCXKFFHKN3G4.jpg","datePublished":"2026-05-02T04:11:08+00:00","dateModified":"2026-05-02T04:11:09+00:00","breadcrumb":{"@id":"https:\/\/gysfm.com.ar\/inicio\/estados-unidos-afirmo-que-detuvo-45-barcos-por-el-bloqueo-de-puertos-iranies\/#breadcrumb"},"inLanguage":"es","potentialAction":[{"@type":"ReadAction","target":["https:\/\/gysfm.com.ar\/inicio\/estados-unidos-afirmo-que-detuvo-45-barcos-por-el-bloqueo-de-puertos-iranies\/"]}]},{"@type":"ImageObject","inLanguage":"es","@id":"https:\/\/gysfm.com.ar\/inicio\/estados-unidos-afirmo-que-detuvo-45-barcos-por-el-bloqueo-de-puertos-iranies\/#primaryimage","url":"https:\/\/gysfm.com.ar\/inicio\/wp-content\/uploads\/2026\/05\/un-hombre-de-pie-en-el-mar-del-estrecho-de-ormuz-EQYPAOYPZRFTTAFCXKFFHKN3G4.jpg","contentUrl":"https:\/\/gysfm.com.ar\/inicio\/wp-content\/uploads\/2026\/05\/un-hombre-de-pie-en-el-mar-del-estrecho-de-ormuz-EQYPAOYPZRFTTAFCXKFFHKN3G4.jpg","width":1200,"height":675},{"@type":"BreadcrumbList","@id":"https:\/\/gysfm.com.ar\/inicio\/estados-unidos-afirmo-que-detuvo-45-barcos-por-el-bloqueo-de-puertos-iranies\/#breadcrumb","itemListElement":[{"@type":"ListItem","position":1,"name":"Portada","item":"https:\/\/gysfm.com.ar\/inicio\/"},{"@type":"ListItem","position":2,"name":"Estados Unidos afirm\u00f3 que detuvo 45 barcos por el bloqueo de puertos iran\u00edes"}]},{"@type":"WebSite","@id":"https:\/\/gysfm.com.ar\/inicio\/#website","url":"https:\/\/gysfm.com.ar\/inicio\/","name":"GYS NOTICIAS |","description":"DIARIO - RADIO ONLINE SAN JUAN ARGENTINA","publisher":{"@id":"https:\/\/gysfm.com.ar\/inicio\/#organization"},"potentialAction":[{"@type":"SearchAction","target":{"@type":"EntryPoint","urlTemplate":"https:\/\/gysfm.com.ar\/inicio\/?s={search_term_string}"},"query-input":{"@type":"PropertyValueSpecification","valueRequired":true,"valueName":"search_term_string"}}],"inLanguage":"es"},{"@type":"Organization","@id":"https:\/\/gysfm.com.ar\/inicio\/#organization","name":"GYS NOTICIAS |","url":"https:\/\/gysfm.com.ar\/inicio\/","logo":{"@type":"ImageObject","inLanguage":"es","@id":"https:\/\/gysfm.com.ar\/inicio\/#\/schema\/logo\/image\/","url":"https:\/\/gysfm.com.ar\/inicio\/wp-content\/uploads\/2023\/07\/LOGOGYS-OK.png","contentUrl":"https:\/\/gysfm.com.ar\/inicio\/wp-content\/uploads\/2023\/07\/LOGOGYS-OK.png","width":1170,"height":872,"caption":"GYS NOTICIAS |"},"image":{"@id":"https:\/\/gysfm.com.ar\/inicio\/#\/schema\/logo\/image\/"}},{"@type":"Person","@id":"https:\/\/gysfm.com.ar\/inicio\/#\/schema\/person\/3abba7593ef2ad19e1be221d54383dc5","name":"Prensa G&amp;S FM","image":{"@type":"ImageObject","inLanguage":"es","@id":"https:\/\/gysfm.com.ar\/inicio\/#\/schema\/person\/image\/","url":"https:\/\/secure.gravatar.com\/avatar\/096ec78df02049ab018702bb4ccedf659377fa92a26540b5247612077a0dbd29?s=96&d=mm&r=g","contentUrl":"https:\/\/secure.gravatar.com\/avatar\/096ec78df02049ab018702bb4ccedf659377fa92a26540b5247612077a0dbd29?s=96&d=mm&r=g","caption":"Prensa G&amp;S FM"},"sameAs":["https:\/\/gysfm.com.ar\/"],"url":"https:\/\/gysfm.com.ar\/inicio\/author\/lucasm\/"}]}},"_links":{"self":[{"href":"https:\/\/gysfm.com.ar\/inicio\/wp-json\/wp\/v2\/posts\/194206","targetHints":{"allow":["GET"]}}],"collection":[{"href":"https:\/\/gysfm.com.ar\/inicio\/wp-json\/wp\/v2\/posts"}],"about":[{"href":"https:\/\/gysfm.com.ar\/inicio\/wp-json\/wp\/v2\/types\/post"}],"author":[{"embeddable":true,"href":"https:\/\/gysfm.com.ar\/inicio\/wp-json\/wp\/v2\/users\/2"}],"replies":[{"embeddable":true,"href":"https:\/\/gysfm.com.ar\/inicio\/wp-json\/wp\/v2\/comments?post=194206"}],"version-history":[{"count":1,"href":"https:\/\/gysfm.com.ar\/inicio\/wp-json\/wp\/v2\/posts\/194206\/revisions"}],"predecessor-version":[{"id":194208,"href":"https:\/\/gysfm.com.ar\/inicio\/wp-json\/wp\/v2\/posts\/194206\/revisions\/194208"}],"wp:featuredmedia":[{"embeddable":true,"href":"https:\/\/gysfm.com.ar\/inicio\/wp-json\/wp\/v2\/media\/194207"}],"wp:attachment":[{"href":"https:\/\/gysfm.com.ar\/inicio\/wp-json\/wp\/v2\/media?parent=194206"}],"wp:term":[{"taxonomy":"category","embeddable":true,"href":"https:\/\/gysfm.com.ar\/inicio\/wp-json\/wp\/v2\/categories?post=194206"},{"taxonomy":"post_tag","embeddable":true,"href":"https:\/\/gysfm.com.ar\/inicio\/wp-json\/wp\/v2\/tags?post=194206"}],"curies":[{"name":"wp","href":"https:\/\/api.w.org\/{rel}","templated":true}]}}