{"id":194202,"date":"2026-05-02T00:25:06","date_gmt":"2026-05-02T03:25:06","guid":{"rendered":"https:\/\/gysfm.com.ar\/inicio\/aparecieron-audios-ineditos-de-lady-di-que-dice-en-las-5-horas-de-grabacion\/"},"modified":"2026-05-02T00:25:06","modified_gmt":"2026-05-02T03:25:06","slug":"aparecieron-audios-ineditos-de-lady-di-que-dice-en-las-5-horas-de-grabacion","status":"publish","type":"post","link":"https:\/\/gysfm.com.ar\/inicio\/aparecieron-audios-ineditos-de-lady-di-que-dice-en-las-5-horas-de-grabacion\/","title":{"rendered":"Aparecieron audios in\u00e9ditos de Lady Di: qu\u00e9 dice en las 5 horas de grabaci\u00f3n"},"content":{"rendered":"<p><\/p>\n<div>\n<p><strong><a target=\"_blank\" href=\"https:\/\/caras.perfil.com\/noticias\/realeza\/a31-por-que-diana-fue-llamada-la-princesa-del-pueblo-y-que-hizo-para-ganarse-ese-apodo.phtml\">Lady Di<\/a> <\/strong>sigue siendo de las <strong>royals m\u00e1s queridas y observadas<\/strong> por todos los usuarios. Los medios de comunicaci\u00f3n siguen investigando sobre su vida, mientras que los internautas la recuerdan con fotos o acciones que hizo durante su paso por la realeza. Sin embargo, hay <strong>muchos<\/strong> <strong>detalles<\/strong> que <strong>a\u00fan no se dieron a conocer <\/strong>y que, de a poco, salen a la luz. En las \u00faltimas horas, aparecieron cinco horas de <strong>audios in\u00e9ditos<\/strong>, donde ella relata algunos de los puntos que m\u00e1s interesan a los expertos.\u00a0<\/p>\n<figure class=\"image\"><img decoding=\"async\" style=\"max-width: 100%; width: 100%;\" alt=\"Lady Di\" src=\"https:\/\/fotos.perfil.com\/\/2026\/05\/01\/900\/0\/lady-di-2231757.jpg\" loading=\"lazy\"\/>&#13;<figcaption>Lady Di<\/figcaption>&#13;<br \/>\n<\/figure>\n<h2>Lady Di de nuevo con una voz: las cinco horas de audio que reconstruyen su historia<\/h2>\n<p>En los \u00faltimos d\u00edas, medios de comunicaci\u00f3n expertos en realeza dieron a conocer de un <strong>nuevo proyecto<\/strong> que <strong>volver\u00e1 a darle voz a Lady Di<\/strong>, a casi 30 a\u00f1os de su fallecimiento. <strong>\u00abDiana: La verdad no escuchada\u00bb <\/strong>es el <strong>documental que est\u00e1 en producci\u00f3n<\/strong>, donde <strong>reconstruye la vida<\/strong> de la princesa de Gales. El mismo no solo se har\u00e1 a base de <strong>entrevistas<\/strong>, sino que con\u00a0<strong>cinco horas de grabaciones privadas, realizadas en 1991<\/strong>, en pleno <strong>deterioro de su relaci\u00f3n con Carlos<\/strong>. Las mismas salieron a la luz hace poco tiempo, y se utilizar\u00e1n para este nuevo proyecto.<\/p>\n<p>En ellas, la princesa reflexiona sobre <strong>su vida dentro de la familia real, su v\u00ednculo con sus hijos, los pr\u00edncipes William y Harry, sus problemas de salud mental, la bulimia, y su percepci\u00f3n<\/strong> de figuras clave como <strong>Camila Parker Bowles o Sarah Ferguson, o su exesposo el <a target=\"_blank\" href=\"https:\/\/caras.perfil.com\/noticias\/realeza\/a31-traiciones-desamores-mentiras-controversial-historia-amor-camilla-rey-carlos-20-anos-boda.phtml\">rey Carlos<\/a><\/strong>. Los audios fueron <strong>registrados por el doctor James Colthurst<\/strong>, amigo cercano de Diana, y posteriormente <strong>utilizados como base para el libro \u00abDiana: Su verdadera historia\u00bb<\/strong>, publicado por<strong> <a target=\"_blank\" href=\"https:\/\/caras.perfil.com\/noticias\/realeza\/a31-andres-morton-biografo-de-lady-di-hizo-una-fuerte-revelacion-sobre-harry-y-meghan-markle.phtml\">Andrew Morton<\/a> <\/strong>en <strong>1992<\/strong>.<\/p>\n<p>Ambos hombres cercanos a la princesa ser\u00e1n part\u00edcipes del documental pr\u00f3ximo a salir y, en su momento, el bi\u00f3grafo hab\u00eda adelantado\u00a0el impacto que le causaron estas cintas cuando las escuch\u00f3 al momento de realizar el libro. Vanitatis recuper\u00f3\u00a0los dichos de Morton, quien <strong>confes\u00f3 que escuchar la voz de Lady Di <\/strong>fue como <strong>asomarse a \u00abuna realidad paralela\u00bb, marcada por la soledad, la presi\u00f3n medi\u00e1tica y la sensaci\u00f3n de traici\u00f3n dentro del propio palacio.\u00a0<\/strong><\/p>\n<figure class=\"image\"><img decoding=\"async\" style=\"max-width: 100%; width: 100%;\" alt=\"Lady Di\" src=\"https:\/\/fotos.perfil.com\/\/2026\/05\/01\/900\/0\/lady-di-2231759.jpg\" loading=\"lazy\"\/>&#13;<figcaption>Lady Di y el pr\u00edncipe William<\/figcaption>&#13;<br \/>\n<\/figure>\n<h3>Los detalles del nuevo documental de\u00a0Lady Di<\/h3>\n<p>Seg\u00fan Vanitatis dio a conocer, <strong>el rodaje y la producci\u00f3n<\/strong> del nuevo <a target=\"_blank\" href=\"https:\/\/caras.perfil.com\/noticias\/realeza\/the-princess-el-nuevo-documental-que-revela-la-cruel-realidad-que-vivio-lady-di.phtml\">documental<\/a>\u00a0\u00abDiana: La verdad no escuchada\u00bb se encuentra\u00a0en <strong>marcha<\/strong>, y est\u00e1 <strong>previsto\u00a0su estreno para el 31 de agosto de 2027<\/strong>, coincidiendo con el 30 aniversario del fallecimiento de Lady Di en Par\u00eds. Entre otros detalles, aseguraron que aparecer\u00e1n personas cercanas al entorno de la princesa de Gales, como su <strong>excompa\u00f1era de colegio Delissa Needham, su peluquero Sam McKnight, su astr\u00f3loga Penny Thornton o el bailar\u00edn Wayne Sleep, todos ellos testigos directos de distintas etapas de su vida.<\/strong><\/p>\n<figure class=\"image\"><img decoding=\"async\" style=\"max-width: 100%; width: 100%;\" alt=\"Lady Di\" src=\"https:\/\/fotos.perfil.com\/\/2026\/05\/01\/900\/0\/lady-di-2231758.jpg\" loading=\"lazy\"\/>&#13;<figcaption>Lady Di y el pr\u00edncipe William<\/figcaption>&#13;<br \/>\n<\/figure>\n<p>Esta \u00faltima noticia de nuevos audios de Lady Di gener\u00f3 emoci\u00f3n en todos los seguidores que siguen recordando a la princesa. Sin embargo, por el momento, no es posible escucharlos ni tampoco se difundieron p\u00fablicamente. Es as\u00ed como el nuevo documental ya gener\u00f3 expectativas de poder volver a escuchar la voz de Diana de Gales, una de las royals m\u00e1s queridas y a\u00fan recordadas, a casi 30 a\u00f1os de su fallecimiento.\u00a0<\/p>\n<p>A.E<\/p>\n<p>\t\t\t\t\t\t\t\t\t\t<!-- tags -->\n\t\t\t\t<\/div>\n<p><script>\n\t(function(d, s, id) {\n\t\tvar js, fjs = d.getElementsByTagName(s)[0];\n\t\tif (d.getElementById(id)) return;\n\t\tjs = d.createElement(s);\n\t\tjs.id = id;\n\t\tjs.src=\"https:\/\/connect.facebook.net\/es_LA\/sdk.js#xfbml=1&version=v3.1\";\n\t\tfjs.parentNode.insertBefore(js, fjs);\n\t}(document, 'script', 'facebook-jssdk'));\n<\/script><\/p>\n","protected":false},"excerpt":{"rendered":"<p>Lady Di sigue siendo de las royals m\u00e1s queridas y observadas por todos los usuarios. Los medios de comunicaci\u00f3n siguen investigando sobre su vida, mientras que los internautas la recuerdan con fotos o acciones que hizo durante su paso por la realeza. Sin embargo, hay muchos detalles que a\u00fan no se dieron a conocer y [&hellip;]<\/p>\n","protected":false},"author":2,"featured_media":194203,"comment_status":"closed","ping_status":"closed","sticky":false,"template":"","format":"standard","meta":{"footnotes":""},"categories":[25],"tags":[],"class_list":["post-194202","post","type-post","status-publish","format-standard","has-post-thumbnail","hentry","category-nacionales"],"yoast_head":"<!-- This site is optimized with the Yoast SEO plugin v24.4 - https:\/\/yoast.com\/wordpress\/plugins\/seo\/ -->\n<title>Aparecieron audios in\u00e9ditos de Lady Di: qu\u00e9 dice en las 5 horas de grabaci\u00f3n - GYS NOTICIAS |<\/title>\n<meta name=\"robots\" content=\"index, follow, max-snippet:-1, max-image-preview:large, max-video-preview:-1\" \/>\n<link rel=\"canonical\" href=\"https:\/\/gysfm.com.ar\/inicio\/aparecieron-audios-ineditos-de-lady-di-que-dice-en-las-5-horas-de-grabacion\/\" \/>\n<meta property=\"og:locale\" content=\"es_ES\" \/>\n<meta property=\"og:type\" content=\"article\" \/>\n<meta property=\"og:title\" content=\"Aparecieron audios in\u00e9ditos de Lady Di: qu\u00e9 dice en las 5 horas de grabaci\u00f3n - GYS NOTICIAS |\" \/>\n<meta property=\"og:description\" content=\"Lady Di sigue siendo de las royals m\u00e1s queridas y observadas por todos los usuarios. Los medios de comunicaci\u00f3n siguen investigando sobre su vida, mientras que los internautas la recuerdan con fotos o acciones que hizo durante su paso por la realeza. Sin embargo, hay muchos detalles que a\u00fan no se dieron a conocer y [&hellip;]\" \/>\n<meta property=\"og:url\" content=\"https:\/\/gysfm.com.ar\/inicio\/aparecieron-audios-ineditos-de-lady-di-que-dice-en-las-5-horas-de-grabacion\/\" \/>\n<meta property=\"og:site_name\" content=\"GYS NOTICIAS |\" \/>\n<meta property=\"article:published_time\" content=\"2026-05-02T03:25:06+00:00\" \/>\n<meta property=\"og:image\" content=\"https:\/\/fotos.perfil.com\/\/2026\/05\/01\/900\/0\/lady-di-2231757.jpg\" \/>\n<meta name=\"author\" content=\"Prensa G&amp;S FM\" \/>\n<meta name=\"twitter:card\" content=\"summary_large_image\" \/>\n<meta name=\"twitter:label1\" content=\"Escrito por\" \/>\n\t<meta name=\"twitter:data1\" content=\"Prensa G&amp;S FM\" \/>\n\t<meta name=\"twitter:label2\" content=\"Tiempo de lectura\" \/>\n\t<meta name=\"twitter:data2\" content=\"3 minutos\" \/>\n<script type=\"application\/ld+json\" class=\"yoast-schema-graph\">{\"@context\":\"https:\/\/schema.org\",\"@graph\":[{\"@type\":\"Article\",\"@id\":\"https:\/\/gysfm.com.ar\/inicio\/aparecieron-audios-ineditos-de-lady-di-que-dice-en-las-5-horas-de-grabacion\/#article\",\"isPartOf\":{\"@id\":\"https:\/\/gysfm.com.ar\/inicio\/aparecieron-audios-ineditos-de-lady-di-que-dice-en-las-5-horas-de-grabacion\/\"},\"author\":{\"name\":\"Prensa G&amp;S FM\",\"@id\":\"https:\/\/gysfm.com.ar\/inicio\/#\/schema\/person\/3abba7593ef2ad19e1be221d54383dc5\"},\"headline\":\"Aparecieron audios in\u00e9ditos de Lady Di: qu\u00e9 dice en las 5 horas de grabaci\u00f3n\",\"datePublished\":\"2026-05-02T03:25:06+00:00\",\"mainEntityOfPage\":{\"@id\":\"https:\/\/gysfm.com.ar\/inicio\/aparecieron-audios-ineditos-de-lady-di-que-dice-en-las-5-horas-de-grabacion\/\"},\"wordCount\":586,\"publisher\":{\"@id\":\"https:\/\/gysfm.com.ar\/inicio\/#organization\"},\"image\":{\"@id\":\"https:\/\/gysfm.com.ar\/inicio\/aparecieron-audios-ineditos-de-lady-di-que-dice-en-las-5-horas-de-grabacion\/#primaryimage\"},\"thumbnailUrl\":\"https:\/\/gysfm.com.ar\/inicio\/wp-content\/uploads\/2026\/05\/lady-di-2231755.jpg\",\"articleSection\":[\"NACIONALES\"],\"inLanguage\":\"es\"},{\"@type\":\"WebPage\",\"@id\":\"https:\/\/gysfm.com.ar\/inicio\/aparecieron-audios-ineditos-de-lady-di-que-dice-en-las-5-horas-de-grabacion\/\",\"url\":\"https:\/\/gysfm.com.ar\/inicio\/aparecieron-audios-ineditos-de-lady-di-que-dice-en-las-5-horas-de-grabacion\/\",\"name\":\"Aparecieron audios in\u00e9ditos de Lady Di: qu\u00e9 dice en las 5 horas de grabaci\u00f3n - GYS NOTICIAS |\",\"isPartOf\":{\"@id\":\"https:\/\/gysfm.com.ar\/inicio\/#website\"},\"primaryImageOfPage\":{\"@id\":\"https:\/\/gysfm.com.ar\/inicio\/aparecieron-audios-ineditos-de-lady-di-que-dice-en-las-5-horas-de-grabacion\/#primaryimage\"},\"image\":{\"@id\":\"https:\/\/gysfm.com.ar\/inicio\/aparecieron-audios-ineditos-de-lady-di-que-dice-en-las-5-horas-de-grabacion\/#primaryimage\"},\"thumbnailUrl\":\"https:\/\/gysfm.com.ar\/inicio\/wp-content\/uploads\/2026\/05\/lady-di-2231755.jpg\",\"datePublished\":\"2026-05-02T03:25:06+00:00\",\"breadcrumb\":{\"@id\":\"https:\/\/gysfm.com.ar\/inicio\/aparecieron-audios-ineditos-de-lady-di-que-dice-en-las-5-horas-de-grabacion\/#breadcrumb\"},\"inLanguage\":\"es\",\"potentialAction\":[{\"@type\":\"ReadAction\",\"target\":[\"https:\/\/gysfm.com.ar\/inicio\/aparecieron-audios-ineditos-de-lady-di-que-dice-en-las-5-horas-de-grabacion\/\"]}]},{\"@type\":\"ImageObject\",\"inLanguage\":\"es\",\"@id\":\"https:\/\/gysfm.com.ar\/inicio\/aparecieron-audios-ineditos-de-lady-di-que-dice-en-las-5-horas-de-grabacion\/#primaryimage\",\"url\":\"https:\/\/gysfm.com.ar\/inicio\/wp-content\/uploads\/2026\/05\/lady-di-2231755.jpg\",\"contentUrl\":\"https:\/\/gysfm.com.ar\/inicio\/wp-content\/uploads\/2026\/05\/lady-di-2231755.jpg\",\"width\":1140,\"height\":641},{\"@type\":\"BreadcrumbList\",\"@id\":\"https:\/\/gysfm.com.ar\/inicio\/aparecieron-audios-ineditos-de-lady-di-que-dice-en-las-5-horas-de-grabacion\/#breadcrumb\",\"itemListElement\":[{\"@type\":\"ListItem\",\"position\":1,\"name\":\"Portada\",\"item\":\"https:\/\/gysfm.com.ar\/inicio\/\"},{\"@type\":\"ListItem\",\"position\":2,\"name\":\"Aparecieron audios in\u00e9ditos de Lady Di: qu\u00e9 dice en las 5 horas de grabaci\u00f3n\"}]},{\"@type\":\"WebSite\",\"@id\":\"https:\/\/gysfm.com.ar\/inicio\/#website\",\"url\":\"https:\/\/gysfm.com.ar\/inicio\/\",\"name\":\"GYS NOTICIAS |\",\"description\":\"DIARIO - RADIO ONLINE SAN JUAN ARGENTINA\",\"publisher\":{\"@id\":\"https:\/\/gysfm.com.ar\/inicio\/#organization\"},\"potentialAction\":[{\"@type\":\"SearchAction\",\"target\":{\"@type\":\"EntryPoint\",\"urlTemplate\":\"https:\/\/gysfm.com.ar\/inicio\/?s={search_term_string}\"},\"query-input\":{\"@type\":\"PropertyValueSpecification\",\"valueRequired\":true,\"valueName\":\"search_term_string\"}}],\"inLanguage\":\"es\"},{\"@type\":\"Organization\",\"@id\":\"https:\/\/gysfm.com.ar\/inicio\/#organization\",\"name\":\"GYS NOTICIAS |\",\"url\":\"https:\/\/gysfm.com.ar\/inicio\/\",\"logo\":{\"@type\":\"ImageObject\",\"inLanguage\":\"es\",\"@id\":\"https:\/\/gysfm.com.ar\/inicio\/#\/schema\/logo\/image\/\",\"url\":\"https:\/\/gysfm.com.ar\/inicio\/wp-content\/uploads\/2023\/07\/LOGOGYS-OK.png\",\"contentUrl\":\"https:\/\/gysfm.com.ar\/inicio\/wp-content\/uploads\/2023\/07\/LOGOGYS-OK.png\",\"width\":1170,\"height\":872,\"caption\":\"GYS NOTICIAS |\"},\"image\":{\"@id\":\"https:\/\/gysfm.com.ar\/inicio\/#\/schema\/logo\/image\/\"}},{\"@type\":\"Person\",\"@id\":\"https:\/\/gysfm.com.ar\/inicio\/#\/schema\/person\/3abba7593ef2ad19e1be221d54383dc5\",\"name\":\"Prensa G&amp;S FM\",\"image\":{\"@type\":\"ImageObject\",\"inLanguage\":\"es\",\"@id\":\"https:\/\/gysfm.com.ar\/inicio\/#\/schema\/person\/image\/\",\"url\":\"https:\/\/secure.gravatar.com\/avatar\/096ec78df02049ab018702bb4ccedf659377fa92a26540b5247612077a0dbd29?s=96&d=mm&r=g\",\"contentUrl\":\"https:\/\/secure.gravatar.com\/avatar\/096ec78df02049ab018702bb4ccedf659377fa92a26540b5247612077a0dbd29?s=96&d=mm&r=g\",\"caption\":\"Prensa G&amp;S FM\"},\"sameAs\":[\"https:\/\/gysfm.com.ar\/\"],\"url\":\"https:\/\/gysfm.com.ar\/inicio\/author\/lucasm\/\"}]}<\/script>\n<!-- \/ Yoast SEO plugin. -->","yoast_head_json":{"title":"Aparecieron audios in\u00e9ditos de Lady Di: qu\u00e9 dice en las 5 horas de grabaci\u00f3n - GYS NOTICIAS |","robots":{"index":"index","follow":"follow","max-snippet":"max-snippet:-1","max-image-preview":"max-image-preview:large","max-video-preview":"max-video-preview:-1"},"canonical":"https:\/\/gysfm.com.ar\/inicio\/aparecieron-audios-ineditos-de-lady-di-que-dice-en-las-5-horas-de-grabacion\/","og_locale":"es_ES","og_type":"article","og_title":"Aparecieron audios in\u00e9ditos de Lady Di: qu\u00e9 dice en las 5 horas de grabaci\u00f3n - GYS NOTICIAS |","og_description":"Lady Di sigue siendo de las royals m\u00e1s queridas y observadas por todos los usuarios. Los medios de comunicaci\u00f3n siguen investigando sobre su vida, mientras que los internautas la recuerdan con fotos o acciones que hizo durante su paso por la realeza. Sin embargo, hay muchos detalles que a\u00fan no se dieron a conocer y [&hellip;]","og_url":"https:\/\/gysfm.com.ar\/inicio\/aparecieron-audios-ineditos-de-lady-di-que-dice-en-las-5-horas-de-grabacion\/","og_site_name":"GYS NOTICIAS |","article_published_time":"2026-05-02T03:25:06+00:00","og_image":[{"url":"https:\/\/fotos.perfil.com\/\/2026\/05\/01\/900\/0\/lady-di-2231757.jpg","type":"","width":"","height":""}],"author":"Prensa G&amp;S FM","twitter_card":"summary_large_image","twitter_misc":{"Escrito por":"Prensa G&amp;S FM","Tiempo de lectura":"3 minutos"},"schema":{"@context":"https:\/\/schema.org","@graph":[{"@type":"Article","@id":"https:\/\/gysfm.com.ar\/inicio\/aparecieron-audios-ineditos-de-lady-di-que-dice-en-las-5-horas-de-grabacion\/#article","isPartOf":{"@id":"https:\/\/gysfm.com.ar\/inicio\/aparecieron-audios-ineditos-de-lady-di-que-dice-en-las-5-horas-de-grabacion\/"},"author":{"name":"Prensa G&amp;S FM","@id":"https:\/\/gysfm.com.ar\/inicio\/#\/schema\/person\/3abba7593ef2ad19e1be221d54383dc5"},"headline":"Aparecieron audios in\u00e9ditos de Lady Di: qu\u00e9 dice en las 5 horas de grabaci\u00f3n","datePublished":"2026-05-02T03:25:06+00:00","mainEntityOfPage":{"@id":"https:\/\/gysfm.com.ar\/inicio\/aparecieron-audios-ineditos-de-lady-di-que-dice-en-las-5-horas-de-grabacion\/"},"wordCount":586,"publisher":{"@id":"https:\/\/gysfm.com.ar\/inicio\/#organization"},"image":{"@id":"https:\/\/gysfm.com.ar\/inicio\/aparecieron-audios-ineditos-de-lady-di-que-dice-en-las-5-horas-de-grabacion\/#primaryimage"},"thumbnailUrl":"https:\/\/gysfm.com.ar\/inicio\/wp-content\/uploads\/2026\/05\/lady-di-2231755.jpg","articleSection":["NACIONALES"],"inLanguage":"es"},{"@type":"WebPage","@id":"https:\/\/gysfm.com.ar\/inicio\/aparecieron-audios-ineditos-de-lady-di-que-dice-en-las-5-horas-de-grabacion\/","url":"https:\/\/gysfm.com.ar\/inicio\/aparecieron-audios-ineditos-de-lady-di-que-dice-en-las-5-horas-de-grabacion\/","name":"Aparecieron audios in\u00e9ditos de Lady Di: qu\u00e9 dice en las 5 horas de grabaci\u00f3n - GYS NOTICIAS |","isPartOf":{"@id":"https:\/\/gysfm.com.ar\/inicio\/#website"},"primaryImageOfPage":{"@id":"https:\/\/gysfm.com.ar\/inicio\/aparecieron-audios-ineditos-de-lady-di-que-dice-en-las-5-horas-de-grabacion\/#primaryimage"},"image":{"@id":"https:\/\/gysfm.com.ar\/inicio\/aparecieron-audios-ineditos-de-lady-di-que-dice-en-las-5-horas-de-grabacion\/#primaryimage"},"thumbnailUrl":"https:\/\/gysfm.com.ar\/inicio\/wp-content\/uploads\/2026\/05\/lady-di-2231755.jpg","datePublished":"2026-05-02T03:25:06+00:00","breadcrumb":{"@id":"https:\/\/gysfm.com.ar\/inicio\/aparecieron-audios-ineditos-de-lady-di-que-dice-en-las-5-horas-de-grabacion\/#breadcrumb"},"inLanguage":"es","potentialAction":[{"@type":"ReadAction","target":["https:\/\/gysfm.com.ar\/inicio\/aparecieron-audios-ineditos-de-lady-di-que-dice-en-las-5-horas-de-grabacion\/"]}]},{"@type":"ImageObject","inLanguage":"es","@id":"https:\/\/gysfm.com.ar\/inicio\/aparecieron-audios-ineditos-de-lady-di-que-dice-en-las-5-horas-de-grabacion\/#primaryimage","url":"https:\/\/gysfm.com.ar\/inicio\/wp-content\/uploads\/2026\/05\/lady-di-2231755.jpg","contentUrl":"https:\/\/gysfm.com.ar\/inicio\/wp-content\/uploads\/2026\/05\/lady-di-2231755.jpg","width":1140,"height":641},{"@type":"BreadcrumbList","@id":"https:\/\/gysfm.com.ar\/inicio\/aparecieron-audios-ineditos-de-lady-di-que-dice-en-las-5-horas-de-grabacion\/#breadcrumb","itemListElement":[{"@type":"ListItem","position":1,"name":"Portada","item":"https:\/\/gysfm.com.ar\/inicio\/"},{"@type":"ListItem","position":2,"name":"Aparecieron audios in\u00e9ditos de Lady Di: qu\u00e9 dice en las 5 horas de grabaci\u00f3n"}]},{"@type":"WebSite","@id":"https:\/\/gysfm.com.ar\/inicio\/#website","url":"https:\/\/gysfm.com.ar\/inicio\/","name":"GYS NOTICIAS |","description":"DIARIO - RADIO ONLINE SAN JUAN ARGENTINA","publisher":{"@id":"https:\/\/gysfm.com.ar\/inicio\/#organization"},"potentialAction":[{"@type":"SearchAction","target":{"@type":"EntryPoint","urlTemplate":"https:\/\/gysfm.com.ar\/inicio\/?s={search_term_string}"},"query-input":{"@type":"PropertyValueSpecification","valueRequired":true,"valueName":"search_term_string"}}],"inLanguage":"es"},{"@type":"Organization","@id":"https:\/\/gysfm.com.ar\/inicio\/#organization","name":"GYS NOTICIAS |","url":"https:\/\/gysfm.com.ar\/inicio\/","logo":{"@type":"ImageObject","inLanguage":"es","@id":"https:\/\/gysfm.com.ar\/inicio\/#\/schema\/logo\/image\/","url":"https:\/\/gysfm.com.ar\/inicio\/wp-content\/uploads\/2023\/07\/LOGOGYS-OK.png","contentUrl":"https:\/\/gysfm.com.ar\/inicio\/wp-content\/uploads\/2023\/07\/LOGOGYS-OK.png","width":1170,"height":872,"caption":"GYS NOTICIAS |"},"image":{"@id":"https:\/\/gysfm.com.ar\/inicio\/#\/schema\/logo\/image\/"}},{"@type":"Person","@id":"https:\/\/gysfm.com.ar\/inicio\/#\/schema\/person\/3abba7593ef2ad19e1be221d54383dc5","name":"Prensa G&amp;S FM","image":{"@type":"ImageObject","inLanguage":"es","@id":"https:\/\/gysfm.com.ar\/inicio\/#\/schema\/person\/image\/","url":"https:\/\/secure.gravatar.com\/avatar\/096ec78df02049ab018702bb4ccedf659377fa92a26540b5247612077a0dbd29?s=96&d=mm&r=g","contentUrl":"https:\/\/secure.gravatar.com\/avatar\/096ec78df02049ab018702bb4ccedf659377fa92a26540b5247612077a0dbd29?s=96&d=mm&r=g","caption":"Prensa G&amp;S FM"},"sameAs":["https:\/\/gysfm.com.ar\/"],"url":"https:\/\/gysfm.com.ar\/inicio\/author\/lucasm\/"}]}},"_links":{"self":[{"href":"https:\/\/gysfm.com.ar\/inicio\/wp-json\/wp\/v2\/posts\/194202","targetHints":{"allow":["GET"]}}],"collection":[{"href":"https:\/\/gysfm.com.ar\/inicio\/wp-json\/wp\/v2\/posts"}],"about":[{"href":"https:\/\/gysfm.com.ar\/inicio\/wp-json\/wp\/v2\/types\/post"}],"author":[{"embeddable":true,"href":"https:\/\/gysfm.com.ar\/inicio\/wp-json\/wp\/v2\/users\/2"}],"replies":[{"embeddable":true,"href":"https:\/\/gysfm.com.ar\/inicio\/wp-json\/wp\/v2\/comments?post=194202"}],"version-history":[{"count":0,"href":"https:\/\/gysfm.com.ar\/inicio\/wp-json\/wp\/v2\/posts\/194202\/revisions"}],"wp:featuredmedia":[{"embeddable":true,"href":"https:\/\/gysfm.com.ar\/inicio\/wp-json\/wp\/v2\/media\/194203"}],"wp:attachment":[{"href":"https:\/\/gysfm.com.ar\/inicio\/wp-json\/wp\/v2\/media?parent=194202"}],"wp:term":[{"taxonomy":"category","embeddable":true,"href":"https:\/\/gysfm.com.ar\/inicio\/wp-json\/wp\/v2\/categories?post=194202"},{"taxonomy":"post_tag","embeddable":true,"href":"https:\/\/gysfm.com.ar\/inicio\/wp-json\/wp\/v2\/tags?post=194202"}],"curies":[{"name":"wp","href":"https:\/\/api.w.org\/{rel}","templated":true}]}}