{"id":194199,"date":"2026-05-02T00:10:06","date_gmt":"2026-05-02T03:10:06","guid":{"rendered":"https:\/\/gysfm.com.ar\/inicio\/donald-trump-dijo-que-estados-unidos-podria-tomar-el-control-de-cuba-casi-de-inmediato\/"},"modified":"2026-05-02T00:10:08","modified_gmt":"2026-05-02T03:10:08","slug":"donald-trump-dijo-que-estados-unidos-podria-tomar-el-control-de-cuba-casi-de-inmediato","status":"publish","type":"post","link":"https:\/\/gysfm.com.ar\/inicio\/donald-trump-dijo-que-estados-unidos-podria-tomar-el-control-de-cuba-casi-de-inmediato\/","title":{"rendered":"Donald Trump dijo que Estados Unidos podr\u00eda tomar el control de Cuba \u201ccasi de inmediato\u201d"},"content":{"rendered":"<p> <br \/>\n<\/p>\n<div>\n<p class=\"com-paragraph  --capital --s\">WEST PALM BEACH (APF).- El presidente de Estados Unidos, <a href=\"https:\/\/www.lanacion.com.ar\/el-mundo\/iran-presenta-su-ultimo-propuesta-a-eeuu-tras-la-pausa-en-las-negociaciones-nid01052026\/\" target=\"_self\" title=\"https:\/\/www.lanacion.com.ar\/el-mundo\/iran-presenta-su-ultimo-propuesta-a-eeuu-tras-la-pausa-en-las-negociaciones-nid01052026\/\" class=\"com-link break-word\" data-mrf-recirculation=\"n_link_parrafo\"><strong>Donald Trump<\/strong><\/a>, asegur\u00f3 que Washington podr\u00eda tomar el control de <strong>Cuba <\/strong>\u201ccasi de inmediato\u201d y amenaz\u00f3 con trasladar el portaaviones<strong> USS Abraham Lincoln <\/strong>hacia las costas de la isla una vez que \u201ctermine el trabajo\u201d en <strong>Medio<\/strong> <strong>Oriente <\/strong>en la guerra contra <strong>Ir\u00e1n<\/strong>. <\/p>\n<p class=\"com-paragraph   --s\">El mandatario estadounidense dio un discurso en el marco de un evento en el centro Raymond F. Kravis para las Artes Esc\u00e9nicas de la ciudad de <strong>West Palm<\/strong> <strong>Beach<\/strong>, Florida, en donde postul\u00f3 :\u201cDe regreso de Ir\u00e1n, tendremos uno de nuestros grandes\u2026 tal vez el portaaviones USS Abraham Lincoln, el m\u00e1s grande del mundo. <strong>Haremos que se acerque, que se detenga a unos 100 metros de la costa, y dir\u00e1n: \u2018Muchas gracias. Nos rendimos\u2019<\/strong>\u201d.<\/p>\n<div class=\"content-media cursor-pointer container-center-100\">\n<section class=\"media-container relative ratio-16-9 mod-media pb-32\">\n<figure class=\"mod-video\">\n<div class=\"video-player bg-black ratio-16-9\" data-has-jwplayer=\"true\" data-video-id-jw=\"bT3CzrT2\" data-config=\"{&quot;title&quot;:&quot;El mensaje de Trump sobre Cuba&quot;,&quot;mediaId&quot;:&quot;bT3CzrT2&quot;,&quot;playerId&quot;:&quot;ih0086X3&quot;,&quot;playlist&quot;:[{&quot;mediaid&quot;:&quot;bT3CzrT2&quot;,&quot;sources&quot;:[{&quot;file&quot;:&quot;https:\/\/cdn.jwplayer.com\/manifests\/bT3CzrT2.m3u8&quot;,&quot;type&quot;:&quot;application\/vnd.apple.mpegurl&quot;},{&quot;bitrate&quot;:187488,&quot;file&quot;:&quot;https:\/\/cdn.jwplayer.com\/videos\/bT3CzrT2-kTExGaWf.mp4&quot;,&quot;filesize&quot;:1054624,&quot;framerate&quot;:60,&quot;height&quot;:178,&quot;label&quot;:&quot;180p&quot;,&quot;type&quot;:&quot;video\/mp4&quot;,&quot;width&quot;:320},{&quot;bitrate&quot;:236392,&quot;file&quot;:&quot;https:\/\/cdn.jwplayer.com\/videos\/bT3CzrT2-K8B0kybS.mp4&quot;,&quot;filesize&quot;:1329710,&quot;framerate&quot;:60,&quot;height&quot;:266,&quot;label&quot;:&quot;270p&quot;,&quot;type&quot;:&quot;video\/mp4&quot;,&quot;width&quot;:480},{&quot;bitrate&quot;:114314,&quot;file&quot;:&quot;https:\/\/cdn.jwplayer.com\/videos\/bT3CzrT2-hz5z2Tv4.m4a&quot;,&quot;filesize&quot;:643017,&quot;label&quot;:&quot;AAC Audio&quot;,&quot;type&quot;:&quot;audio\/mp4&quot;},{&quot;bitrate&quot;:272026,&quot;file&quot;:&quot;https:\/\/cdn.jwplayer.com\/videos\/bT3CzrT2-FnZGUVnC.mp4&quot;,&quot;filesize&quot;:1530148,&quot;framerate&quot;:60,&quot;height&quot;:354,&quot;label&quot;:&quot;360p&quot;,&quot;type&quot;:&quot;video\/mp4&quot;,&quot;width&quot;:640}]}],&quot;hasAutoplay&quot;:false,&quot;autostart&quot;:true,&quot;tagsUrl&quot;:&quot;https:\/\/pubads.g.doubleclick.net\/gampad\/ads?slotname=\/133919216\/la_nacion_video\/nota\/preroll&amp;sz=640x480|400x300&amp;ciu_szs=300x250&amp;unviewed_position_start=1&amp;output=vast&amp;impl=s&amp;env=vp&amp;gdfp_req=1&amp;ad_rule=0&amp;vad_type=linear&amp;vpos=preroll&amp;cust_params=tags_nuevos%3Dte_donald_trump%2Cte_cuba%2Cte_estados_unidos%2Cca_el_mundo%2C%2CCURLCZTXABFBHOHGBXXSD3I4ZQ&amp;pod=3&amp;ppos=1&amp;lip=true&amp;min_ad_duration=0&amp;max_ad_duration=30000&amp;vrid=6256&amp;url=https%3A%2F%2Fwww.lanacion.com.ar%2Fel-mundo%2Fdonald-trump-dijo-que-estados-unidos-podria-tomar-el-control-de-cuba-casi-de-inmediato-nid01052026%2F%3Fvariant%3DA&amp;description_url=https%3A%2F%2Fwww.lanacion.com.ar%2Fel-mundo%2Fdonald-trump-dijo-que-estados-unidos-podria-tomar-el-control-de-cuba-casi-de-inmediato-nid01052026%2F%3Fvariant%3DA&amp;video_doc_id=short_onecue&amp;cmsid=496&amp;kfa=0&amp;tfcd=0&amp;correlator=1777690684450&quot;,&quot;arcSite&quot;:&quot;la-nacion-ar&quot;,&quot;duration&quot;:&quot;45000&quot;}\">\n<div id=\"facade-bT3CzrT2\" class=\"content-facade-jw relative bg-black ratio-16-9\"><picture><source media=\"(max-width: 767px)\" srcset=\"https:\/\/resizer.glanacion.com\/resizer\/v2\/https%3A%2F%2Fcdn.jwplayer.com%2Fv2%2Fmedia%2FbT3CzrT2%2Fposter.jpg%3Fwidth%3D720?auth=44be6511d03ec617eb93c08c1ca1041579a7508e23cf76c7f6b287bd7f4a5a30&amp;width=480&amp;quality=70&amp;smart=false\"\/><\/picture><\/div>\n<\/div><figcaption class=\"border border-1 border-bottom border-light-300 relative px-16 py-8 min-h-36 w-100_md px-0_l mb-8 bg-white\"><span class=\"text ln-text text-16 block\">El mensaje de Trump sobre Cuba<\/span><\/figcaption><\/figure>\n<\/section>\n<\/div>\n<p class=\"com-paragraph   --s\">Este viernes, Trump orden\u00f3 imponer nuevas sanciones destinadas a asfixiar al gobierno de Cuba, que este 1\u00b0 de mayo convoc\u00f3 a una manifestaci\u00f3n para \u201cdefender la patria\u201d y denunciar las amenazas de agresi\u00f3n militar estadounidense.<\/p>\n<p class=\"com-paragraph   --s\">El presidente estadounidense considera que la isla comunista, ubicada a 150 kil\u00f3metros de la costa de Florida, sigue representando una \u201camenaza extraordinaria\u201d para la seguridad nacional de EE.UU..<\/p>\n<p class=\"com-paragraph   --s\">Por su parte, <strong>Miguel D\u00edaz<\/strong>&#8211;<strong>Canel<\/strong>, el presidente cubano, rechaz\u00f3 las nuevas sanciones y calific\u00f3 el bloqueo como \u201cgenocida\u201d en un mensaje en <em>X<\/em>. \u201cHoy, el gobierno de EE.UU. ha anunciado nuevas medidas coercitivas que refuerzan el brutal #BloqueoGenocida, como evidencia de su pobreza moral\u201c, escribi\u00f3 D\u00edaz-Canel en <em>X<\/em>.<\/p>\n<div class=\"content-media\">\n<section role=\"button\" class=\"mod-media   \">\n<figure role=\"button\" tabindex=\"0\" class=\"mod-figure \"><figcaption class=\"mod-figcaption\"><span class=\"com-text --caption --twoxs\">Donald Trump, pronuncia un discurso durante un evento en el Centro Raymond F. Kravis para las Artes Esc\u00e9nicas<\/span><span class=\"com-text --credit --twoxs\">ROBERTO SCHMIDT &#8211; GETTY IMAGES NORTH AMERICA<\/span><\/figcaption><\/figure>\n<\/section>\n<\/div>\n<p class=\"com-paragraph   --s\">\u201c<strong>Nadie honesto puede aceptar la excusa de que Cuba sea una amenaza para ese pa\u00eds<\/strong>\u201d, agreg\u00f3 D\u00edaz-Canel, se\u00f1alando a Washington de tener una \u201cconducta intimidatoria y arrogante\u201d.<\/p>\n<p class=\"com-paragraph   --s\">Las sanciones, detalladas en un decreto presidencial y destinadas a aumentar la presi\u00f3n sobre La Habana en medio de su crisis econ\u00f3mica, se dirigen espec\u00edficamente a los bancos extranjeros que colaboran con el gobierno cubano e imponen restricciones migratorias.<\/p>\n<p class=\"com-paragraph   --s\">Adem\u00e1s del embargo vigente desde 1962, Washington, <strong>que no oculta su deseo de un cambio de r\u00e9gimen en La Habana<\/strong>, impuso en enero un bloqueo petrolero a Cuba, permitiendo la entrada al pa\u00eds \u00fanicamente a un buque cargado con crudo ruso.<\/p>\n<div class=\"content-media\">\n<section role=\"button\" class=\"mod-media   \">\n<figure role=\"button\" tabindex=\"0\" class=\"mod-figure \"><figcaption class=\"mod-figcaption\"><span class=\"com-text --caption --twoxs\">El presidente de Cuba, Miguel D\u00edaz-Canel <\/span><span class=\"com-text --credit --twoxs\">CANCILLER\u00cdA CUBA &#8211; CANCILLER\u00cdA CUBA<\/span><\/figcaption><\/figure>\n<\/section>\n<\/div>\n<p class=\"com-paragraph   --s\">El anuncio de nuevas sanciones se produce el D\u00eda de los Trabajadores, jornada que Cuba celebr\u00f3 con un desfile frente a la embajada estadounidense en La Habana, al que asistieron el l\u00edder revolucionario Ra\u00fal Castro, de 94 a\u00f1os, y el presidente D\u00edaz-Canel.<\/p>\n<p class=\"com-paragraph   --s\">El canciller, <strong>Bruno Rodr\u00edguez<\/strong>, denunci\u00f3 las nuevas sanciones, y dijo que constituyen \u201cun castigo colectivo al pueblo cubano\u201d. \u201cEl gobierno de Estados Unidos se alarma y responde con nuevas medidas coercitivas unilaterales ilegales y abusivas contra Cuba\u201d, escribi\u00f3 Rodr\u00edguez en un mensaje en <em>X<\/em> en el que aludi\u00f3 a la manifestaci\u00f3n por el 1\u00b0 de Mayo. <\/p>\n<p class=\"com-paragraph   --s\">A pesar de la tensa situaci\u00f3n, <strong>ambos pa\u00edses mantienen conversaciones<\/strong>. <\/p>\n<div class=\"content-media\">\n<section role=\"button\" class=\"mod-media   \">\n<figure role=\"button\" tabindex=\"0\" class=\"mod-figure \"><figcaption class=\"mod-figcaption\"><span class=\"com-text --caption --twoxs\">El portaaviones USS Abraham Lincoln (izquierda), el destructor de defensa a\u00e9rea HMS Defender y el destructor de misiles guiados USS Farragut transitan por el estrecho de Ormuz junto con el crucero de misiles guiados USS Leyte Gulf.<\/span><span class=\"com-text --credit --twoxs\">Zachary Pearson &#8211; U.S. Navy<\/span><\/figcaption><\/figure>\n<\/section>\n<\/div>\n<p class=\"com-paragraph   --s\">El 10 de abril se celebraron reuniones diplom\u00e1ticas de alto nivel en La Habana. En esa ocasi\u00f3n, un funcionario estadounidense se reuni\u00f3 con Ra\u00fal Guillermo Rodr\u00edguez Castro, <strong>nieto de Ra\u00fal Castro<\/strong>. <\/p>\n<p class=\"com-paragraph   --s\">Bajo el lema \u201c<strong>defendemos la patria<\/strong>\u201d, el gobierno convoc\u00f3 a empleados de empresas estatales, funcionarios p\u00fablicos y miembros del Partido Comunista de Cuba (PCC) a congregarse al amanecer en una plaza del Malec\u00f3n, frente a la embajada estadounidense, en lo que se denomin\u00f3 \u201c<strong>plataforma antiimperialista<\/strong>\u201d. Las autoridades afirmaron que participaron varios cientos de miles de personas.<\/p>\n<p class=\"com-paragraph   --s\"><strong>Con informaci\u00f3n de AFP.<\/strong><\/p>\n<section class=\"container-center-100 mb-40 border border-bottom border-thin border-neutral-light-700\">\n<hr\/>\n<\/section>\n<\/div>\n<p><script id=\"facebookpixel\" defer=\"\" type=\"text\/javascript\">\n        !function(f,b,e,v,n,t,s)\n        {if(f.fbq)return;n=f.fbq=function(){n.callMethod?\n        n.callMethod.apply(n,arguments):n.queue.push(arguments)};\n        if(!f._fbq)f._fbq=n;n.push=n;n.loaded=!0;n.version='2.0';\n        n.queue=[];t=b.createElement(e);t.async=!0;\n        t.src=v;s=b.getElementsByTagName(e)[0];\n        s.parentNode.insertBefore(t,s)}(window, document,'script',\n        'https:\/\/connect.facebook.net\/en_US\/fbevents.js');\n        fbq('init', '492459597522335');\n        fbq('track', 'PageView');\n    <\/script><br \/>\n<br \/><\/p>\n","protected":false},"excerpt":{"rendered":"<p>WEST PALM BEACH (APF).- El presidente de Estados Unidos, Donald Trump, asegur\u00f3 que Washington podr\u00eda tomar el control de Cuba \u201ccasi de inmediato\u201d y amenaz\u00f3 con trasladar el portaaviones USS Abraham Lincoln hacia las costas de la isla una vez que \u201ctermine el trabajo\u201d en Medio Oriente en la guerra contra Ir\u00e1n. El mandatario estadounidense [&hellip;]<\/p>\n","protected":false},"author":2,"featured_media":194200,"comment_status":"closed","ping_status":"closed","sticky":false,"template":"","format":"standard","meta":{"footnotes":""},"categories":[26],"tags":[],"class_list":["post-194199","post","type-post","status-publish","format-standard","has-post-thumbnail","hentry","category-internacionales"],"yoast_head":"<!-- This site is optimized with the Yoast SEO plugin v24.4 - https:\/\/yoast.com\/wordpress\/plugins\/seo\/ -->\n<title>Donald Trump dijo que Estados Unidos podr\u00eda tomar el control de Cuba \u201ccasi de inmediato\u201d - GYS NOTICIAS |<\/title>\n<meta name=\"robots\" content=\"index, follow, max-snippet:-1, max-image-preview:large, max-video-preview:-1\" \/>\n<link rel=\"canonical\" href=\"https:\/\/gysfm.com.ar\/inicio\/donald-trump-dijo-que-estados-unidos-podria-tomar-el-control-de-cuba-casi-de-inmediato\/\" \/>\n<meta property=\"og:locale\" content=\"es_ES\" \/>\n<meta property=\"og:type\" content=\"article\" \/>\n<meta property=\"og:title\" content=\"Donald Trump dijo que Estados Unidos podr\u00eda tomar el control de Cuba \u201ccasi de inmediato\u201d - GYS NOTICIAS |\" \/>\n<meta property=\"og:description\" content=\"WEST PALM BEACH (APF).- El presidente de Estados Unidos, Donald Trump, asegur\u00f3 que Washington podr\u00eda tomar el control de Cuba \u201ccasi de inmediato\u201d y amenaz\u00f3 con trasladar el portaaviones USS Abraham Lincoln hacia las costas de la isla una vez que \u201ctermine el trabajo\u201d en Medio Oriente en la guerra contra Ir\u00e1n. El mandatario estadounidense [&hellip;]\" \/>\n<meta property=\"og:url\" content=\"https:\/\/gysfm.com.ar\/inicio\/donald-trump-dijo-que-estados-unidos-podria-tomar-el-control-de-cuba-casi-de-inmediato\/\" \/>\n<meta property=\"og:site_name\" content=\"GYS NOTICIAS |\" \/>\n<meta property=\"article:published_time\" content=\"2026-05-02T03:10:06+00:00\" \/>\n<meta property=\"article:modified_time\" content=\"2026-05-02T03:10:08+00:00\" \/>\n<meta property=\"og:image\" content=\"https:\/\/gysfm.com.ar\/inicio\/wp-content\/uploads\/2026\/05\/el-presidente-donald-trump-durante-un-discurso-en-UUO6KXM7Q5FNLKABGT7OEHOCMA.JPG\" \/>\n\t<meta property=\"og:image:width\" content=\"1200\" \/>\n\t<meta property=\"og:image:height\" content=\"800\" \/>\n\t<meta property=\"og:image:type\" content=\"image\/jpeg\" \/>\n<meta name=\"author\" content=\"Prensa G&amp;S FM\" \/>\n<meta name=\"twitter:card\" content=\"summary_large_image\" \/>\n<meta name=\"twitter:label1\" content=\"Escrito por\" \/>\n\t<meta name=\"twitter:data1\" content=\"Prensa G&amp;S FM\" \/>\n\t<meta name=\"twitter:label2\" content=\"Tiempo de lectura\" \/>\n\t<meta name=\"twitter:data2\" content=\"3 minutos\" \/>\n<script type=\"application\/ld+json\" class=\"yoast-schema-graph\">{\"@context\":\"https:\/\/schema.org\",\"@graph\":[{\"@type\":\"Article\",\"@id\":\"https:\/\/gysfm.com.ar\/inicio\/donald-trump-dijo-que-estados-unidos-podria-tomar-el-control-de-cuba-casi-de-inmediato\/#article\",\"isPartOf\":{\"@id\":\"https:\/\/gysfm.com.ar\/inicio\/donald-trump-dijo-que-estados-unidos-podria-tomar-el-control-de-cuba-casi-de-inmediato\/\"},\"author\":{\"name\":\"Prensa G&amp;S FM\",\"@id\":\"https:\/\/gysfm.com.ar\/inicio\/#\/schema\/person\/3abba7593ef2ad19e1be221d54383dc5\"},\"headline\":\"Donald Trump dijo que Estados Unidos podr\u00eda tomar el control de Cuba \u201ccasi de inmediato\u201d\",\"datePublished\":\"2026-05-02T03:10:06+00:00\",\"dateModified\":\"2026-05-02T03:10:08+00:00\",\"mainEntityOfPage\":{\"@id\":\"https:\/\/gysfm.com.ar\/inicio\/donald-trump-dijo-que-estados-unidos-podria-tomar-el-control-de-cuba-casi-de-inmediato\/\"},\"wordCount\":685,\"publisher\":{\"@id\":\"https:\/\/gysfm.com.ar\/inicio\/#organization\"},\"image\":{\"@id\":\"https:\/\/gysfm.com.ar\/inicio\/donald-trump-dijo-que-estados-unidos-podria-tomar-el-control-de-cuba-casi-de-inmediato\/#primaryimage\"},\"thumbnailUrl\":\"https:\/\/gysfm.com.ar\/inicio\/wp-content\/uploads\/2026\/05\/el-presidente-donald-trump-durante-un-discurso-en-UUO6KXM7Q5FNLKABGT7OEHOCMA.JPG\",\"articleSection\":[\"INTERNACIONALES\"],\"inLanguage\":\"es\"},{\"@type\":\"WebPage\",\"@id\":\"https:\/\/gysfm.com.ar\/inicio\/donald-trump-dijo-que-estados-unidos-podria-tomar-el-control-de-cuba-casi-de-inmediato\/\",\"url\":\"https:\/\/gysfm.com.ar\/inicio\/donald-trump-dijo-que-estados-unidos-podria-tomar-el-control-de-cuba-casi-de-inmediato\/\",\"name\":\"Donald Trump dijo que Estados Unidos podr\u00eda tomar el control de Cuba \u201ccasi de inmediato\u201d - GYS NOTICIAS |\",\"isPartOf\":{\"@id\":\"https:\/\/gysfm.com.ar\/inicio\/#website\"},\"primaryImageOfPage\":{\"@id\":\"https:\/\/gysfm.com.ar\/inicio\/donald-trump-dijo-que-estados-unidos-podria-tomar-el-control-de-cuba-casi-de-inmediato\/#primaryimage\"},\"image\":{\"@id\":\"https:\/\/gysfm.com.ar\/inicio\/donald-trump-dijo-que-estados-unidos-podria-tomar-el-control-de-cuba-casi-de-inmediato\/#primaryimage\"},\"thumbnailUrl\":\"https:\/\/gysfm.com.ar\/inicio\/wp-content\/uploads\/2026\/05\/el-presidente-donald-trump-durante-un-discurso-en-UUO6KXM7Q5FNLKABGT7OEHOCMA.JPG\",\"datePublished\":\"2026-05-02T03:10:06+00:00\",\"dateModified\":\"2026-05-02T03:10:08+00:00\",\"breadcrumb\":{\"@id\":\"https:\/\/gysfm.com.ar\/inicio\/donald-trump-dijo-que-estados-unidos-podria-tomar-el-control-de-cuba-casi-de-inmediato\/#breadcrumb\"},\"inLanguage\":\"es\",\"potentialAction\":[{\"@type\":\"ReadAction\",\"target\":[\"https:\/\/gysfm.com.ar\/inicio\/donald-trump-dijo-que-estados-unidos-podria-tomar-el-control-de-cuba-casi-de-inmediato\/\"]}]},{\"@type\":\"ImageObject\",\"inLanguage\":\"es\",\"@id\":\"https:\/\/gysfm.com.ar\/inicio\/donald-trump-dijo-que-estados-unidos-podria-tomar-el-control-de-cuba-casi-de-inmediato\/#primaryimage\",\"url\":\"https:\/\/gysfm.com.ar\/inicio\/wp-content\/uploads\/2026\/05\/el-presidente-donald-trump-durante-un-discurso-en-UUO6KXM7Q5FNLKABGT7OEHOCMA.JPG\",\"contentUrl\":\"https:\/\/gysfm.com.ar\/inicio\/wp-content\/uploads\/2026\/05\/el-presidente-donald-trump-durante-un-discurso-en-UUO6KXM7Q5FNLKABGT7OEHOCMA.JPG\",\"width\":1200,\"height\":800},{\"@type\":\"BreadcrumbList\",\"@id\":\"https:\/\/gysfm.com.ar\/inicio\/donald-trump-dijo-que-estados-unidos-podria-tomar-el-control-de-cuba-casi-de-inmediato\/#breadcrumb\",\"itemListElement\":[{\"@type\":\"ListItem\",\"position\":1,\"name\":\"Portada\",\"item\":\"https:\/\/gysfm.com.ar\/inicio\/\"},{\"@type\":\"ListItem\",\"position\":2,\"name\":\"Donald Trump dijo que Estados Unidos podr\u00eda tomar el control de Cuba \u201ccasi de inmediato\u201d\"}]},{\"@type\":\"WebSite\",\"@id\":\"https:\/\/gysfm.com.ar\/inicio\/#website\",\"url\":\"https:\/\/gysfm.com.ar\/inicio\/\",\"name\":\"GYS NOTICIAS |\",\"description\":\"DIARIO - RADIO ONLINE SAN JUAN ARGENTINA\",\"publisher\":{\"@id\":\"https:\/\/gysfm.com.ar\/inicio\/#organization\"},\"potentialAction\":[{\"@type\":\"SearchAction\",\"target\":{\"@type\":\"EntryPoint\",\"urlTemplate\":\"https:\/\/gysfm.com.ar\/inicio\/?s={search_term_string}\"},\"query-input\":{\"@type\":\"PropertyValueSpecification\",\"valueRequired\":true,\"valueName\":\"search_term_string\"}}],\"inLanguage\":\"es\"},{\"@type\":\"Organization\",\"@id\":\"https:\/\/gysfm.com.ar\/inicio\/#organization\",\"name\":\"GYS NOTICIAS |\",\"url\":\"https:\/\/gysfm.com.ar\/inicio\/\",\"logo\":{\"@type\":\"ImageObject\",\"inLanguage\":\"es\",\"@id\":\"https:\/\/gysfm.com.ar\/inicio\/#\/schema\/logo\/image\/\",\"url\":\"https:\/\/gysfm.com.ar\/inicio\/wp-content\/uploads\/2023\/07\/LOGOGYS-OK.png\",\"contentUrl\":\"https:\/\/gysfm.com.ar\/inicio\/wp-content\/uploads\/2023\/07\/LOGOGYS-OK.png\",\"width\":1170,\"height\":872,\"caption\":\"GYS NOTICIAS |\"},\"image\":{\"@id\":\"https:\/\/gysfm.com.ar\/inicio\/#\/schema\/logo\/image\/\"}},{\"@type\":\"Person\",\"@id\":\"https:\/\/gysfm.com.ar\/inicio\/#\/schema\/person\/3abba7593ef2ad19e1be221d54383dc5\",\"name\":\"Prensa G&amp;S FM\",\"image\":{\"@type\":\"ImageObject\",\"inLanguage\":\"es\",\"@id\":\"https:\/\/gysfm.com.ar\/inicio\/#\/schema\/person\/image\/\",\"url\":\"https:\/\/secure.gravatar.com\/avatar\/096ec78df02049ab018702bb4ccedf659377fa92a26540b5247612077a0dbd29?s=96&d=mm&r=g\",\"contentUrl\":\"https:\/\/secure.gravatar.com\/avatar\/096ec78df02049ab018702bb4ccedf659377fa92a26540b5247612077a0dbd29?s=96&d=mm&r=g\",\"caption\":\"Prensa G&amp;S FM\"},\"sameAs\":[\"https:\/\/gysfm.com.ar\/\"],\"url\":\"https:\/\/gysfm.com.ar\/inicio\/author\/lucasm\/\"}]}<\/script>\n<!-- \/ Yoast SEO plugin. -->","yoast_head_json":{"title":"Donald Trump dijo que Estados Unidos podr\u00eda tomar el control de Cuba \u201ccasi de inmediato\u201d - GYS NOTICIAS |","robots":{"index":"index","follow":"follow","max-snippet":"max-snippet:-1","max-image-preview":"max-image-preview:large","max-video-preview":"max-video-preview:-1"},"canonical":"https:\/\/gysfm.com.ar\/inicio\/donald-trump-dijo-que-estados-unidos-podria-tomar-el-control-de-cuba-casi-de-inmediato\/","og_locale":"es_ES","og_type":"article","og_title":"Donald Trump dijo que Estados Unidos podr\u00eda tomar el control de Cuba \u201ccasi de inmediato\u201d - GYS NOTICIAS |","og_description":"WEST PALM BEACH (APF).- El presidente de Estados Unidos, Donald Trump, asegur\u00f3 que Washington podr\u00eda tomar el control de Cuba \u201ccasi de inmediato\u201d y amenaz\u00f3 con trasladar el portaaviones USS Abraham Lincoln hacia las costas de la isla una vez que \u201ctermine el trabajo\u201d en Medio Oriente en la guerra contra Ir\u00e1n. El mandatario estadounidense [&hellip;]","og_url":"https:\/\/gysfm.com.ar\/inicio\/donald-trump-dijo-que-estados-unidos-podria-tomar-el-control-de-cuba-casi-de-inmediato\/","og_site_name":"GYS NOTICIAS |","article_published_time":"2026-05-02T03:10:06+00:00","article_modified_time":"2026-05-02T03:10:08+00:00","og_image":[{"width":1200,"height":800,"url":"https:\/\/gysfm.com.ar\/inicio\/wp-content\/uploads\/2026\/05\/el-presidente-donald-trump-durante-un-discurso-en-UUO6KXM7Q5FNLKABGT7OEHOCMA.JPG","type":"image\/jpeg"}],"author":"Prensa G&amp;S FM","twitter_card":"summary_large_image","twitter_misc":{"Escrito por":"Prensa G&amp;S FM","Tiempo de lectura":"3 minutos"},"schema":{"@context":"https:\/\/schema.org","@graph":[{"@type":"Article","@id":"https:\/\/gysfm.com.ar\/inicio\/donald-trump-dijo-que-estados-unidos-podria-tomar-el-control-de-cuba-casi-de-inmediato\/#article","isPartOf":{"@id":"https:\/\/gysfm.com.ar\/inicio\/donald-trump-dijo-que-estados-unidos-podria-tomar-el-control-de-cuba-casi-de-inmediato\/"},"author":{"name":"Prensa G&amp;S FM","@id":"https:\/\/gysfm.com.ar\/inicio\/#\/schema\/person\/3abba7593ef2ad19e1be221d54383dc5"},"headline":"Donald Trump dijo que Estados Unidos podr\u00eda tomar el control de Cuba \u201ccasi de inmediato\u201d","datePublished":"2026-05-02T03:10:06+00:00","dateModified":"2026-05-02T03:10:08+00:00","mainEntityOfPage":{"@id":"https:\/\/gysfm.com.ar\/inicio\/donald-trump-dijo-que-estados-unidos-podria-tomar-el-control-de-cuba-casi-de-inmediato\/"},"wordCount":685,"publisher":{"@id":"https:\/\/gysfm.com.ar\/inicio\/#organization"},"image":{"@id":"https:\/\/gysfm.com.ar\/inicio\/donald-trump-dijo-que-estados-unidos-podria-tomar-el-control-de-cuba-casi-de-inmediato\/#primaryimage"},"thumbnailUrl":"https:\/\/gysfm.com.ar\/inicio\/wp-content\/uploads\/2026\/05\/el-presidente-donald-trump-durante-un-discurso-en-UUO6KXM7Q5FNLKABGT7OEHOCMA.JPG","articleSection":["INTERNACIONALES"],"inLanguage":"es"},{"@type":"WebPage","@id":"https:\/\/gysfm.com.ar\/inicio\/donald-trump-dijo-que-estados-unidos-podria-tomar-el-control-de-cuba-casi-de-inmediato\/","url":"https:\/\/gysfm.com.ar\/inicio\/donald-trump-dijo-que-estados-unidos-podria-tomar-el-control-de-cuba-casi-de-inmediato\/","name":"Donald Trump dijo que Estados Unidos podr\u00eda tomar el control de Cuba \u201ccasi de inmediato\u201d - GYS NOTICIAS |","isPartOf":{"@id":"https:\/\/gysfm.com.ar\/inicio\/#website"},"primaryImageOfPage":{"@id":"https:\/\/gysfm.com.ar\/inicio\/donald-trump-dijo-que-estados-unidos-podria-tomar-el-control-de-cuba-casi-de-inmediato\/#primaryimage"},"image":{"@id":"https:\/\/gysfm.com.ar\/inicio\/donald-trump-dijo-que-estados-unidos-podria-tomar-el-control-de-cuba-casi-de-inmediato\/#primaryimage"},"thumbnailUrl":"https:\/\/gysfm.com.ar\/inicio\/wp-content\/uploads\/2026\/05\/el-presidente-donald-trump-durante-un-discurso-en-UUO6KXM7Q5FNLKABGT7OEHOCMA.JPG","datePublished":"2026-05-02T03:10:06+00:00","dateModified":"2026-05-02T03:10:08+00:00","breadcrumb":{"@id":"https:\/\/gysfm.com.ar\/inicio\/donald-trump-dijo-que-estados-unidos-podria-tomar-el-control-de-cuba-casi-de-inmediato\/#breadcrumb"},"inLanguage":"es","potentialAction":[{"@type":"ReadAction","target":["https:\/\/gysfm.com.ar\/inicio\/donald-trump-dijo-que-estados-unidos-podria-tomar-el-control-de-cuba-casi-de-inmediato\/"]}]},{"@type":"ImageObject","inLanguage":"es","@id":"https:\/\/gysfm.com.ar\/inicio\/donald-trump-dijo-que-estados-unidos-podria-tomar-el-control-de-cuba-casi-de-inmediato\/#primaryimage","url":"https:\/\/gysfm.com.ar\/inicio\/wp-content\/uploads\/2026\/05\/el-presidente-donald-trump-durante-un-discurso-en-UUO6KXM7Q5FNLKABGT7OEHOCMA.JPG","contentUrl":"https:\/\/gysfm.com.ar\/inicio\/wp-content\/uploads\/2026\/05\/el-presidente-donald-trump-durante-un-discurso-en-UUO6KXM7Q5FNLKABGT7OEHOCMA.JPG","width":1200,"height":800},{"@type":"BreadcrumbList","@id":"https:\/\/gysfm.com.ar\/inicio\/donald-trump-dijo-que-estados-unidos-podria-tomar-el-control-de-cuba-casi-de-inmediato\/#breadcrumb","itemListElement":[{"@type":"ListItem","position":1,"name":"Portada","item":"https:\/\/gysfm.com.ar\/inicio\/"},{"@type":"ListItem","position":2,"name":"Donald Trump dijo que Estados Unidos podr\u00eda tomar el control de Cuba \u201ccasi de inmediato\u201d"}]},{"@type":"WebSite","@id":"https:\/\/gysfm.com.ar\/inicio\/#website","url":"https:\/\/gysfm.com.ar\/inicio\/","name":"GYS NOTICIAS |","description":"DIARIO - RADIO ONLINE SAN JUAN ARGENTINA","publisher":{"@id":"https:\/\/gysfm.com.ar\/inicio\/#organization"},"potentialAction":[{"@type":"SearchAction","target":{"@type":"EntryPoint","urlTemplate":"https:\/\/gysfm.com.ar\/inicio\/?s={search_term_string}"},"query-input":{"@type":"PropertyValueSpecification","valueRequired":true,"valueName":"search_term_string"}}],"inLanguage":"es"},{"@type":"Organization","@id":"https:\/\/gysfm.com.ar\/inicio\/#organization","name":"GYS NOTICIAS |","url":"https:\/\/gysfm.com.ar\/inicio\/","logo":{"@type":"ImageObject","inLanguage":"es","@id":"https:\/\/gysfm.com.ar\/inicio\/#\/schema\/logo\/image\/","url":"https:\/\/gysfm.com.ar\/inicio\/wp-content\/uploads\/2023\/07\/LOGOGYS-OK.png","contentUrl":"https:\/\/gysfm.com.ar\/inicio\/wp-content\/uploads\/2023\/07\/LOGOGYS-OK.png","width":1170,"height":872,"caption":"GYS NOTICIAS |"},"image":{"@id":"https:\/\/gysfm.com.ar\/inicio\/#\/schema\/logo\/image\/"}},{"@type":"Person","@id":"https:\/\/gysfm.com.ar\/inicio\/#\/schema\/person\/3abba7593ef2ad19e1be221d54383dc5","name":"Prensa G&amp;S FM","image":{"@type":"ImageObject","inLanguage":"es","@id":"https:\/\/gysfm.com.ar\/inicio\/#\/schema\/person\/image\/","url":"https:\/\/secure.gravatar.com\/avatar\/096ec78df02049ab018702bb4ccedf659377fa92a26540b5247612077a0dbd29?s=96&d=mm&r=g","contentUrl":"https:\/\/secure.gravatar.com\/avatar\/096ec78df02049ab018702bb4ccedf659377fa92a26540b5247612077a0dbd29?s=96&d=mm&r=g","caption":"Prensa G&amp;S FM"},"sameAs":["https:\/\/gysfm.com.ar\/"],"url":"https:\/\/gysfm.com.ar\/inicio\/author\/lucasm\/"}]}},"_links":{"self":[{"href":"https:\/\/gysfm.com.ar\/inicio\/wp-json\/wp\/v2\/posts\/194199","targetHints":{"allow":["GET"]}}],"collection":[{"href":"https:\/\/gysfm.com.ar\/inicio\/wp-json\/wp\/v2\/posts"}],"about":[{"href":"https:\/\/gysfm.com.ar\/inicio\/wp-json\/wp\/v2\/types\/post"}],"author":[{"embeddable":true,"href":"https:\/\/gysfm.com.ar\/inicio\/wp-json\/wp\/v2\/users\/2"}],"replies":[{"embeddable":true,"href":"https:\/\/gysfm.com.ar\/inicio\/wp-json\/wp\/v2\/comments?post=194199"}],"version-history":[{"count":1,"href":"https:\/\/gysfm.com.ar\/inicio\/wp-json\/wp\/v2\/posts\/194199\/revisions"}],"predecessor-version":[{"id":194201,"href":"https:\/\/gysfm.com.ar\/inicio\/wp-json\/wp\/v2\/posts\/194199\/revisions\/194201"}],"wp:featuredmedia":[{"embeddable":true,"href":"https:\/\/gysfm.com.ar\/inicio\/wp-json\/wp\/v2\/media\/194200"}],"wp:attachment":[{"href":"https:\/\/gysfm.com.ar\/inicio\/wp-json\/wp\/v2\/media?parent=194199"}],"wp:term":[{"taxonomy":"category","embeddable":true,"href":"https:\/\/gysfm.com.ar\/inicio\/wp-json\/wp\/v2\/categories?post=194199"},{"taxonomy":"post_tag","embeddable":true,"href":"https:\/\/gysfm.com.ar\/inicio\/wp-json\/wp\/v2\/tags?post=194199"}],"curies":[{"name":"wp","href":"https:\/\/api.w.org\/{rel}","templated":true}]}}