{"id":194195,"date":"2026-05-01T23:54:12","date_gmt":"2026-05-02T02:54:12","guid":{"rendered":"https:\/\/gysfm.com.ar\/inicio\/astronauta-de-artemis-ii-cristina-koch-el-cuerpo-pierde-referencias-habituales-y-eso-afecta-tareas-como-orientarse-o-moverse\/"},"modified":"2026-05-01T23:54:12","modified_gmt":"2026-05-02T02:54:12","slug":"astronauta-de-artemis-ii-cristina-koch-el-cuerpo-pierde-referencias-habituales-y-eso-afecta-tareas-como-orientarse-o-moverse","status":"publish","type":"post","link":"https:\/\/gysfm.com.ar\/inicio\/astronauta-de-artemis-ii-cristina-koch-el-cuerpo-pierde-referencias-habituales-y-eso-afecta-tareas-como-orientarse-o-moverse\/","title":{"rendered":"Astronauta de Artemis II, Cristina Koch: \u00abEl cuerpo pierde referencias habituales, y eso afecta tareas como orientarse o moverse\u00bb"},"content":{"rendered":"<p><\/p>\n<div id=\"article-content\">\n<p>La <strong>astronauta<\/strong> de la <a target=\"_blank\" href=\"https:\/\/www.perfil.com\/noticias\/ciencia\/artemis-ii-la-nasa-logro-un-hito-con-el-envio-de-imagenes-desde-la-luna-a-una-velocidad-de-260-megabits-por-segundo.phtml\"><strong>NASA<\/strong><\/a> <strong>Christina Koch<\/strong> volvi\u00f3 a poner el foco en los desaf\u00edos f\u00edsicos y sensoriales que implican viajar al espacio, al recordar su experiencia en la misi\u00f3n<strong><a target=\"_blank\" href=\"https:\/\/www.perfil.com\/noticias\/ciencia\/la-nasa-convirtio-la-mision-artemis-iii-en-un-ensayo-orbital-y-sera-la-prueba-de-acoplamiento.phtml\"> Artemis<\/a> II. <\/strong>Describi\u00f3 que \u201cel cuerpo pierde referencias habituales, y eso afecta tareas como orientarse o moverse\u201d y explic\u00f3 la complejidad de la readaptaci\u00f3n a la vida en la Tierra. En este sentido, se\u00f1al\u00f3 que uno de los principales retos es \u201c<strong>reentrenar el cerebro<\/strong>\u201d.<\/p>\n<p>Seg\u00fan explic\u00f3, estas sensaciones forman parte de un proceso de adaptaci\u00f3n que todos los astronautas deben atravesar y que puede incidir en su rendimiento durante las primeras jornadas de misi\u00f3n. <\/p>\n<p class=\"destacadoNota\"><a target=\"_blank\" href=\"https:\/\/www.perfil.com\/noticias\/ciencia\/astronauta-de-artemis-ii-cristina-koch-cuando-las-personas-viven-en-microgravedad-los-organos-vestibulares-no-funcionan-correctamente.phtml\">Astronauta de Artemis II, Cristina Koch: \u201cCuando las personas viven en microgravedad, los \u00f3rganos vestibulares no funcionan correctamente\u201d<\/a><\/p>\n<div class=\"subscription\">\n<p>\n        Esto no les gusta a los autoritarios\n    <\/p>\n<div class=\"subscription__container\">\n<div class=\"subscription__text-wrapper\">\n<p>\n                El ejercicio del periodismo profesional y cr\u00edtico es un pilar fundamental de la democracia. Por eso molesta a quienes creen ser los due\u00f1os de la verdad.\n            <\/p>\n<\/p><\/div><\/div>\n<\/div>\n<p>La causa principal es la ausencia de gravedad, que altera el funcionamiento del o\u00eddo interno, encargado de regular el equilibrio. En la Tierra, ambos sistemas est\u00e1n sincronizados, pero en microgravedad <strong>esa coordinaci\u00f3n se rompe<\/strong>. <\/p>\n<div style=\"text-align:center\">\n<figure class=\"image\" style=\"display:inline-block\"><picture><source media=\"(max-width: 440px)\" srcset=\"https:\/\/fotos.perfil.com\/\/2026\/05\/01\/440\/0\/christina-koch-astronauta-de-artemis-ii-2231826.jpg?webp\"\/><source media=\"(max-width: 1019px)\" srcset=\"https:\/\/fotos.perfil.com\/\/2026\/05\/01\/712\/0\/christina-koch-astronauta-de-artemis-ii-2231826.jpg?webp\"\/><img decoding=\"async\" style=\"max-width: 100%; width: 100%;\" alt=\"Christina Koch, astronauta de Artemis II\" height=\"730\" src=\"https:\/\/fotos.perfil.com\/\/2026\/05\/01\/900\/0\/christina-koch-astronauta-de-artemis-ii-2231826.jpg?webp\" width=\"1300\" loading=\"lazy\"\/><\/picture><figcaption>Caption<\/figcaption><\/figure>\n<\/p><\/div>\n<p>La cient\u00edfica principal del Programa de Investigaci\u00f3n Humana de la <a target=\"_blank\" href=\"https:\/\/www.perfil.com\/noticias\/ciencia\/artemis-iv-la-nasa-decidio-que-el-esperado-alunizaje-debera-esperar-y-se-postergara-para-2028.phtml\"><strong>NASA<\/strong><\/a>, Jennifer Fogarty, explic\u00f3 que<strong> \u201cel cerebro recibe se\u00f1ales contradictorias entre los que ven los ojos y lo que percibe el o\u00eddo interno, lo que genera una confusi\u00f3n temporal\u201d<\/strong>.<\/p>\n<p>La especialista de la agencia espacial norteamericana precis\u00f3 que este cuadro suele durar entre 48 y 72 horas. Sin embargo este per\u00edodo puede extenderse dependiendo de cada individuo.<\/p>\n<p><strong>Christina Koch,<\/strong> quien ya ostenta el r\u00e9cord femenino de permanencia continua en el espacio con 328 d\u00edas a bordo de la Estaci\u00f3n Espacial Internacional, expres\u00f3 que esa sensaci\u00f3n no es meramente anecd\u00f3tica, sino parte de un proceso fisiol\u00f3gico complejo que afecta a casi todos los <strong>astronautas<\/strong>. <\/p>\n<p class=\"destacadoNota\"><a target=\"_blank\" href=\"https:\/\/www.perfil.com\/noticias\/ciencia\/la-camara-revolucionaria-de-288-megapixeles-del-telescopio-roman-que-la-nasa-enviara-al-espacio-en-septiembre-de-2026.phtml\">La c\u00e1mara revolucionaria de 288 megap\u00edxeles del telescopio Roman, que la NASA enviar\u00e1 al espacio en septiembre de 2026<\/a><\/p>\n<h2>Qu\u00e9 es el s\u00edndrome de adaptaci\u00f3n espacial<\/h2>\n<p>El denominado s\u00edndrome de adaptaci\u00f3n espacial (SAS, por sus siglas en ingl\u00e9s) es una condici\u00f3n que padecen aproximadamente el 70% de los astronautas durante los primeros d\u00edas en el espacio. Se manifiesta con s\u00edntomas similares al mareo por movimiento: <strong>n\u00e1useas, desorientaci\u00f3n, v\u00e9rtigo e incluso v\u00f3mitos<\/strong>. La causa principal es la ausencia de gravedad, que altera el funcionamiento del o\u00eddo interno, encargado de regular el equilibrio. <\/p>\n<div style=\"text-align:center\">\n<figure class=\"image\" style=\"display:inline-block\"><picture><source media=\"(max-width: 440px)\" srcset=\"https:\/\/fotos.perfil.com\/\/2026\/05\/01\/440\/0\/christina-koch-astronauta-de-artemis-ii-2231825.jpg?webp\"\/><source media=\"(max-width: 1019px)\" srcset=\"https:\/\/fotos.perfil.com\/\/2026\/05\/01\/712\/0\/christina-koch-astronauta-de-artemis-ii-2231825.jpg?webp\"\/><img decoding=\"async\" style=\"max-width: 100%; width: 100%;\" alt=\"Christina Koch, astronauta de Artemis II\" height=\"730\" src=\"https:\/\/fotos.perfil.com\/\/2026\/05\/01\/900\/0\/christina-koch-astronauta-de-artemis-ii-2231825.jpg?webp\" width=\"1300\" loading=\"lazy\"\/><\/picture><figcaption><strong>Christina Koch, astronauta de artemis II<\/strong><\/figcaption><\/figure>\n<\/p><\/div>\n<p><strong>\u201cCada vez que me despertaba, cre\u00eda que estaba flotando\u201d<\/strong>, relat\u00f3 la experimentada tripulante de<strong> Artemis II<\/strong>, <strong>Christina Koch<\/strong> a la hora de poner en palabras sus sensaciones sobre lo que fueron sus primeros d\u00edas fuera de la Tierra.<\/p>\n<p class=\"destacadoNota\"><a target=\"_blank\" href=\"https:\/\/www.perfil.com\/noticias\/ciencia\/la-nasa-prueba-una-camara-resistente-a-radiacion-cosmica-a35-para-futuras-misiones-tras-artemis-ii.phtml\">La NASA prueba una c\u00e1mara resistente a radiaci\u00f3n c\u00f3smica para futuras misiones tras Artemis II<\/a><\/p>\n<p>Este fen\u00f3meno afecta a una gran proporci\u00f3n de los cosmonautas, especialmente durante los primeros d\u00edas de misi\u00f3n, cuando el organismo intenta adaptarse a las nuevas condiciones. Aunque suele ser temporal, puede impactar en el rendimiento de la tripulaci\u00f3n en tareas cr\u00edticas. <\/p>\n<p>Con el paso del tiempo, el cerebro <strong>logra reinterpretar las se\u00f1ales sensoriales <\/strong>y reduce los s\u00edntomas, permitiendo que los integrantes de la tripulaci\u00f3n se desenvuelvan con normalidad en el entorno espacial. <\/p>\n<p>PM<\/p>\n<p>LT<\/p>\n<\/p><\/div>\n<p><script>\n                !function(f,b,e,v,n,t,s)\n                {if(f.fbq)return;n=f.fbq=function(){n.callMethod?\n                    n.callMethod.apply(n,arguments):n.queue.push(arguments)};\n                    if(!f._fbq)f._fbq=n;n.push=n;n.loaded=!0;n.version='2.0';\n                    n.queue=[];t=b.createElement(e);t.async=!0;\n                    t.src=v;s=b.getElementsByTagName(e)[0];\n                    s.parentNode.insertBefore(t,s)}(window, document,'script',\n                    'https:\/\/connect.facebook.net\/en_US\/fbevents.js');\n                window.paywallConfig.facebook_pixel=\"1000228364089342\"\n            <\/script><\/p>\n","protected":false},"excerpt":{"rendered":"<p>La astronauta de la NASA Christina Koch volvi\u00f3 a poner el foco en los desaf\u00edos f\u00edsicos y sensoriales que implican viajar al espacio, al recordar su experiencia en la misi\u00f3n Artemis II. Describi\u00f3 que \u201cel cuerpo pierde referencias habituales, y eso afecta tareas como orientarse o moverse\u201d y explic\u00f3 la complejidad de la readaptaci\u00f3n a [&hellip;]<\/p>\n","protected":false},"author":2,"featured_media":194196,"comment_status":"closed","ping_status":"closed","sticky":false,"template":"","format":"standard","meta":{"footnotes":""},"categories":[25],"tags":[],"class_list":["post-194195","post","type-post","status-publish","format-standard","has-post-thumbnail","hentry","category-nacionales"],"yoast_head":"<!-- This site is optimized with the Yoast SEO plugin v24.4 - https:\/\/yoast.com\/wordpress\/plugins\/seo\/ -->\n<title>Astronauta de Artemis II, Cristina Koch: &quot;El cuerpo pierde referencias habituales, y eso afecta tareas como orientarse o moverse&quot; - GYS NOTICIAS |<\/title>\n<meta name=\"robots\" content=\"index, follow, max-snippet:-1, max-image-preview:large, max-video-preview:-1\" \/>\n<link rel=\"canonical\" href=\"https:\/\/gysfm.com.ar\/inicio\/astronauta-de-artemis-ii-cristina-koch-el-cuerpo-pierde-referencias-habituales-y-eso-afecta-tareas-como-orientarse-o-moverse\/\" \/>\n<meta property=\"og:locale\" content=\"es_ES\" \/>\n<meta property=\"og:type\" content=\"article\" \/>\n<meta property=\"og:title\" content=\"Astronauta de Artemis II, Cristina Koch: &quot;El cuerpo pierde referencias habituales, y eso afecta tareas como orientarse o moverse&quot; - GYS NOTICIAS |\" \/>\n<meta property=\"og:description\" content=\"La astronauta de la NASA Christina Koch volvi\u00f3 a poner el foco en los desaf\u00edos f\u00edsicos y sensoriales que implican viajar al espacio, al recordar su experiencia en la misi\u00f3n Artemis II. Describi\u00f3 que \u201cel cuerpo pierde referencias habituales, y eso afecta tareas como orientarse o moverse\u201d y explic\u00f3 la complejidad de la readaptaci\u00f3n a [&hellip;]\" \/>\n<meta property=\"og:url\" content=\"https:\/\/gysfm.com.ar\/inicio\/astronauta-de-artemis-ii-cristina-koch-el-cuerpo-pierde-referencias-habituales-y-eso-afecta-tareas-como-orientarse-o-moverse\/\" \/>\n<meta property=\"og:site_name\" content=\"GYS NOTICIAS |\" \/>\n<meta property=\"article:published_time\" content=\"2026-05-02T02:54:12+00:00\" \/>\n<meta property=\"og:image\" content=\"https:\/\/fotos.perfil.com\/\/2026\/05\/01\/900\/0\/christina-koch-astronauta-de-artemis-ii-2231826.jpg?webp\" \/>\n<meta name=\"author\" content=\"Prensa G&amp;S FM\" \/>\n<meta name=\"twitter:card\" content=\"summary_large_image\" \/>\n<meta name=\"twitter:label1\" content=\"Escrito por\" \/>\n\t<meta name=\"twitter:data1\" content=\"Prensa G&amp;S FM\" \/>\n\t<meta name=\"twitter:label2\" content=\"Tiempo de lectura\" \/>\n\t<meta name=\"twitter:data2\" content=\"3 minutos\" \/>\n<script type=\"application\/ld+json\" class=\"yoast-schema-graph\">{\"@context\":\"https:\/\/schema.org\",\"@graph\":[{\"@type\":\"Article\",\"@id\":\"https:\/\/gysfm.com.ar\/inicio\/astronauta-de-artemis-ii-cristina-koch-el-cuerpo-pierde-referencias-habituales-y-eso-afecta-tareas-como-orientarse-o-moverse\/#article\",\"isPartOf\":{\"@id\":\"https:\/\/gysfm.com.ar\/inicio\/astronauta-de-artemis-ii-cristina-koch-el-cuerpo-pierde-referencias-habituales-y-eso-afecta-tareas-como-orientarse-o-moverse\/\"},\"author\":{\"name\":\"Prensa G&amp;S FM\",\"@id\":\"https:\/\/gysfm.com.ar\/inicio\/#\/schema\/person\/3abba7593ef2ad19e1be221d54383dc5\"},\"headline\":\"Astronauta de Artemis II, Cristina Koch: \u00abEl cuerpo pierde referencias habituales, y eso afecta tareas como orientarse o moverse\u00bb\",\"datePublished\":\"2026-05-02T02:54:12+00:00\",\"mainEntityOfPage\":{\"@id\":\"https:\/\/gysfm.com.ar\/inicio\/astronauta-de-artemis-ii-cristina-koch-el-cuerpo-pierde-referencias-habituales-y-eso-afecta-tareas-como-orientarse-o-moverse\/\"},\"wordCount\":594,\"publisher\":{\"@id\":\"https:\/\/gysfm.com.ar\/inicio\/#organization\"},\"image\":{\"@id\":\"https:\/\/gysfm.com.ar\/inicio\/astronauta-de-artemis-ii-cristina-koch-el-cuerpo-pierde-referencias-habituales-y-eso-afecta-tareas-como-orientarse-o-moverse\/#primaryimage\"},\"thumbnailUrl\":\"https:\/\/gysfm.com.ar\/inicio\/wp-content\/uploads\/2026\/05\/christina-koch-astronauta-de-artemis-ii-2231827.jpg\",\"articleSection\":[\"NACIONALES\"],\"inLanguage\":\"es\"},{\"@type\":\"WebPage\",\"@id\":\"https:\/\/gysfm.com.ar\/inicio\/astronauta-de-artemis-ii-cristina-koch-el-cuerpo-pierde-referencias-habituales-y-eso-afecta-tareas-como-orientarse-o-moverse\/\",\"url\":\"https:\/\/gysfm.com.ar\/inicio\/astronauta-de-artemis-ii-cristina-koch-el-cuerpo-pierde-referencias-habituales-y-eso-afecta-tareas-como-orientarse-o-moverse\/\",\"name\":\"Astronauta de Artemis II, Cristina Koch: \\\"El cuerpo pierde referencias habituales, y eso afecta tareas como orientarse o moverse\\\" - GYS NOTICIAS |\",\"isPartOf\":{\"@id\":\"https:\/\/gysfm.com.ar\/inicio\/#website\"},\"primaryImageOfPage\":{\"@id\":\"https:\/\/gysfm.com.ar\/inicio\/astronauta-de-artemis-ii-cristina-koch-el-cuerpo-pierde-referencias-habituales-y-eso-afecta-tareas-como-orientarse-o-moverse\/#primaryimage\"},\"image\":{\"@id\":\"https:\/\/gysfm.com.ar\/inicio\/astronauta-de-artemis-ii-cristina-koch-el-cuerpo-pierde-referencias-habituales-y-eso-afecta-tareas-como-orientarse-o-moverse\/#primaryimage\"},\"thumbnailUrl\":\"https:\/\/gysfm.com.ar\/inicio\/wp-content\/uploads\/2026\/05\/christina-koch-astronauta-de-artemis-ii-2231827.jpg\",\"datePublished\":\"2026-05-02T02:54:12+00:00\",\"breadcrumb\":{\"@id\":\"https:\/\/gysfm.com.ar\/inicio\/astronauta-de-artemis-ii-cristina-koch-el-cuerpo-pierde-referencias-habituales-y-eso-afecta-tareas-como-orientarse-o-moverse\/#breadcrumb\"},\"inLanguage\":\"es\",\"potentialAction\":[{\"@type\":\"ReadAction\",\"target\":[\"https:\/\/gysfm.com.ar\/inicio\/astronauta-de-artemis-ii-cristina-koch-el-cuerpo-pierde-referencias-habituales-y-eso-afecta-tareas-como-orientarse-o-moverse\/\"]}]},{\"@type\":\"ImageObject\",\"inLanguage\":\"es\",\"@id\":\"https:\/\/gysfm.com.ar\/inicio\/astronauta-de-artemis-ii-cristina-koch-el-cuerpo-pierde-referencias-habituales-y-eso-afecta-tareas-como-orientarse-o-moverse\/#primaryimage\",\"url\":\"https:\/\/gysfm.com.ar\/inicio\/wp-content\/uploads\/2026\/05\/christina-koch-astronauta-de-artemis-ii-2231827.jpg\",\"contentUrl\":\"https:\/\/gysfm.com.ar\/inicio\/wp-content\/uploads\/2026\/05\/christina-koch-astronauta-de-artemis-ii-2231827.jpg\",\"width\":1140,\"height\":641},{\"@type\":\"BreadcrumbList\",\"@id\":\"https:\/\/gysfm.com.ar\/inicio\/astronauta-de-artemis-ii-cristina-koch-el-cuerpo-pierde-referencias-habituales-y-eso-afecta-tareas-como-orientarse-o-moverse\/#breadcrumb\",\"itemListElement\":[{\"@type\":\"ListItem\",\"position\":1,\"name\":\"Portada\",\"item\":\"https:\/\/gysfm.com.ar\/inicio\/\"},{\"@type\":\"ListItem\",\"position\":2,\"name\":\"Astronauta de Artemis II, Cristina Koch: \u00abEl cuerpo pierde referencias habituales, y eso afecta tareas como orientarse o moverse\u00bb\"}]},{\"@type\":\"WebSite\",\"@id\":\"https:\/\/gysfm.com.ar\/inicio\/#website\",\"url\":\"https:\/\/gysfm.com.ar\/inicio\/\",\"name\":\"GYS NOTICIAS |\",\"description\":\"DIARIO - RADIO ONLINE SAN JUAN ARGENTINA\",\"publisher\":{\"@id\":\"https:\/\/gysfm.com.ar\/inicio\/#organization\"},\"potentialAction\":[{\"@type\":\"SearchAction\",\"target\":{\"@type\":\"EntryPoint\",\"urlTemplate\":\"https:\/\/gysfm.com.ar\/inicio\/?s={search_term_string}\"},\"query-input\":{\"@type\":\"PropertyValueSpecification\",\"valueRequired\":true,\"valueName\":\"search_term_string\"}}],\"inLanguage\":\"es\"},{\"@type\":\"Organization\",\"@id\":\"https:\/\/gysfm.com.ar\/inicio\/#organization\",\"name\":\"GYS NOTICIAS |\",\"url\":\"https:\/\/gysfm.com.ar\/inicio\/\",\"logo\":{\"@type\":\"ImageObject\",\"inLanguage\":\"es\",\"@id\":\"https:\/\/gysfm.com.ar\/inicio\/#\/schema\/logo\/image\/\",\"url\":\"https:\/\/gysfm.com.ar\/inicio\/wp-content\/uploads\/2023\/07\/LOGOGYS-OK.png\",\"contentUrl\":\"https:\/\/gysfm.com.ar\/inicio\/wp-content\/uploads\/2023\/07\/LOGOGYS-OK.png\",\"width\":1170,\"height\":872,\"caption\":\"GYS NOTICIAS |\"},\"image\":{\"@id\":\"https:\/\/gysfm.com.ar\/inicio\/#\/schema\/logo\/image\/\"}},{\"@type\":\"Person\",\"@id\":\"https:\/\/gysfm.com.ar\/inicio\/#\/schema\/person\/3abba7593ef2ad19e1be221d54383dc5\",\"name\":\"Prensa G&amp;S FM\",\"image\":{\"@type\":\"ImageObject\",\"inLanguage\":\"es\",\"@id\":\"https:\/\/gysfm.com.ar\/inicio\/#\/schema\/person\/image\/\",\"url\":\"https:\/\/secure.gravatar.com\/avatar\/096ec78df02049ab018702bb4ccedf659377fa92a26540b5247612077a0dbd29?s=96&d=mm&r=g\",\"contentUrl\":\"https:\/\/secure.gravatar.com\/avatar\/096ec78df02049ab018702bb4ccedf659377fa92a26540b5247612077a0dbd29?s=96&d=mm&r=g\",\"caption\":\"Prensa G&amp;S FM\"},\"sameAs\":[\"https:\/\/gysfm.com.ar\/\"],\"url\":\"https:\/\/gysfm.com.ar\/inicio\/author\/lucasm\/\"}]}<\/script>\n<!-- \/ Yoast SEO plugin. -->","yoast_head_json":{"title":"Astronauta de Artemis II, Cristina Koch: \"El cuerpo pierde referencias habituales, y eso afecta tareas como orientarse o moverse\" - GYS NOTICIAS |","robots":{"index":"index","follow":"follow","max-snippet":"max-snippet:-1","max-image-preview":"max-image-preview:large","max-video-preview":"max-video-preview:-1"},"canonical":"https:\/\/gysfm.com.ar\/inicio\/astronauta-de-artemis-ii-cristina-koch-el-cuerpo-pierde-referencias-habituales-y-eso-afecta-tareas-como-orientarse-o-moverse\/","og_locale":"es_ES","og_type":"article","og_title":"Astronauta de Artemis II, Cristina Koch: \"El cuerpo pierde referencias habituales, y eso afecta tareas como orientarse o moverse\" - GYS NOTICIAS |","og_description":"La astronauta de la NASA Christina Koch volvi\u00f3 a poner el foco en los desaf\u00edos f\u00edsicos y sensoriales que implican viajar al espacio, al recordar su experiencia en la misi\u00f3n Artemis II. Describi\u00f3 que \u201cel cuerpo pierde referencias habituales, y eso afecta tareas como orientarse o moverse\u201d y explic\u00f3 la complejidad de la readaptaci\u00f3n a [&hellip;]","og_url":"https:\/\/gysfm.com.ar\/inicio\/astronauta-de-artemis-ii-cristina-koch-el-cuerpo-pierde-referencias-habituales-y-eso-afecta-tareas-como-orientarse-o-moverse\/","og_site_name":"GYS NOTICIAS |","article_published_time":"2026-05-02T02:54:12+00:00","og_image":[{"url":"https:\/\/fotos.perfil.com\/\/2026\/05\/01\/900\/0\/christina-koch-astronauta-de-artemis-ii-2231826.jpg?webp","type":"","width":"","height":""}],"author":"Prensa G&amp;S FM","twitter_card":"summary_large_image","twitter_misc":{"Escrito por":"Prensa G&amp;S FM","Tiempo de lectura":"3 minutos"},"schema":{"@context":"https:\/\/schema.org","@graph":[{"@type":"Article","@id":"https:\/\/gysfm.com.ar\/inicio\/astronauta-de-artemis-ii-cristina-koch-el-cuerpo-pierde-referencias-habituales-y-eso-afecta-tareas-como-orientarse-o-moverse\/#article","isPartOf":{"@id":"https:\/\/gysfm.com.ar\/inicio\/astronauta-de-artemis-ii-cristina-koch-el-cuerpo-pierde-referencias-habituales-y-eso-afecta-tareas-como-orientarse-o-moverse\/"},"author":{"name":"Prensa G&amp;S FM","@id":"https:\/\/gysfm.com.ar\/inicio\/#\/schema\/person\/3abba7593ef2ad19e1be221d54383dc5"},"headline":"Astronauta de Artemis II, Cristina Koch: \u00abEl cuerpo pierde referencias habituales, y eso afecta tareas como orientarse o moverse\u00bb","datePublished":"2026-05-02T02:54:12+00:00","mainEntityOfPage":{"@id":"https:\/\/gysfm.com.ar\/inicio\/astronauta-de-artemis-ii-cristina-koch-el-cuerpo-pierde-referencias-habituales-y-eso-afecta-tareas-como-orientarse-o-moverse\/"},"wordCount":594,"publisher":{"@id":"https:\/\/gysfm.com.ar\/inicio\/#organization"},"image":{"@id":"https:\/\/gysfm.com.ar\/inicio\/astronauta-de-artemis-ii-cristina-koch-el-cuerpo-pierde-referencias-habituales-y-eso-afecta-tareas-como-orientarse-o-moverse\/#primaryimage"},"thumbnailUrl":"https:\/\/gysfm.com.ar\/inicio\/wp-content\/uploads\/2026\/05\/christina-koch-astronauta-de-artemis-ii-2231827.jpg","articleSection":["NACIONALES"],"inLanguage":"es"},{"@type":"WebPage","@id":"https:\/\/gysfm.com.ar\/inicio\/astronauta-de-artemis-ii-cristina-koch-el-cuerpo-pierde-referencias-habituales-y-eso-afecta-tareas-como-orientarse-o-moverse\/","url":"https:\/\/gysfm.com.ar\/inicio\/astronauta-de-artemis-ii-cristina-koch-el-cuerpo-pierde-referencias-habituales-y-eso-afecta-tareas-como-orientarse-o-moverse\/","name":"Astronauta de Artemis II, Cristina Koch: \"El cuerpo pierde referencias habituales, y eso afecta tareas como orientarse o moverse\" - GYS NOTICIAS |","isPartOf":{"@id":"https:\/\/gysfm.com.ar\/inicio\/#website"},"primaryImageOfPage":{"@id":"https:\/\/gysfm.com.ar\/inicio\/astronauta-de-artemis-ii-cristina-koch-el-cuerpo-pierde-referencias-habituales-y-eso-afecta-tareas-como-orientarse-o-moverse\/#primaryimage"},"image":{"@id":"https:\/\/gysfm.com.ar\/inicio\/astronauta-de-artemis-ii-cristina-koch-el-cuerpo-pierde-referencias-habituales-y-eso-afecta-tareas-como-orientarse-o-moverse\/#primaryimage"},"thumbnailUrl":"https:\/\/gysfm.com.ar\/inicio\/wp-content\/uploads\/2026\/05\/christina-koch-astronauta-de-artemis-ii-2231827.jpg","datePublished":"2026-05-02T02:54:12+00:00","breadcrumb":{"@id":"https:\/\/gysfm.com.ar\/inicio\/astronauta-de-artemis-ii-cristina-koch-el-cuerpo-pierde-referencias-habituales-y-eso-afecta-tareas-como-orientarse-o-moverse\/#breadcrumb"},"inLanguage":"es","potentialAction":[{"@type":"ReadAction","target":["https:\/\/gysfm.com.ar\/inicio\/astronauta-de-artemis-ii-cristina-koch-el-cuerpo-pierde-referencias-habituales-y-eso-afecta-tareas-como-orientarse-o-moverse\/"]}]},{"@type":"ImageObject","inLanguage":"es","@id":"https:\/\/gysfm.com.ar\/inicio\/astronauta-de-artemis-ii-cristina-koch-el-cuerpo-pierde-referencias-habituales-y-eso-afecta-tareas-como-orientarse-o-moverse\/#primaryimage","url":"https:\/\/gysfm.com.ar\/inicio\/wp-content\/uploads\/2026\/05\/christina-koch-astronauta-de-artemis-ii-2231827.jpg","contentUrl":"https:\/\/gysfm.com.ar\/inicio\/wp-content\/uploads\/2026\/05\/christina-koch-astronauta-de-artemis-ii-2231827.jpg","width":1140,"height":641},{"@type":"BreadcrumbList","@id":"https:\/\/gysfm.com.ar\/inicio\/astronauta-de-artemis-ii-cristina-koch-el-cuerpo-pierde-referencias-habituales-y-eso-afecta-tareas-como-orientarse-o-moverse\/#breadcrumb","itemListElement":[{"@type":"ListItem","position":1,"name":"Portada","item":"https:\/\/gysfm.com.ar\/inicio\/"},{"@type":"ListItem","position":2,"name":"Astronauta de Artemis II, Cristina Koch: \u00abEl cuerpo pierde referencias habituales, y eso afecta tareas como orientarse o moverse\u00bb"}]},{"@type":"WebSite","@id":"https:\/\/gysfm.com.ar\/inicio\/#website","url":"https:\/\/gysfm.com.ar\/inicio\/","name":"GYS NOTICIAS |","description":"DIARIO - RADIO ONLINE SAN JUAN ARGENTINA","publisher":{"@id":"https:\/\/gysfm.com.ar\/inicio\/#organization"},"potentialAction":[{"@type":"SearchAction","target":{"@type":"EntryPoint","urlTemplate":"https:\/\/gysfm.com.ar\/inicio\/?s={search_term_string}"},"query-input":{"@type":"PropertyValueSpecification","valueRequired":true,"valueName":"search_term_string"}}],"inLanguage":"es"},{"@type":"Organization","@id":"https:\/\/gysfm.com.ar\/inicio\/#organization","name":"GYS NOTICIAS |","url":"https:\/\/gysfm.com.ar\/inicio\/","logo":{"@type":"ImageObject","inLanguage":"es","@id":"https:\/\/gysfm.com.ar\/inicio\/#\/schema\/logo\/image\/","url":"https:\/\/gysfm.com.ar\/inicio\/wp-content\/uploads\/2023\/07\/LOGOGYS-OK.png","contentUrl":"https:\/\/gysfm.com.ar\/inicio\/wp-content\/uploads\/2023\/07\/LOGOGYS-OK.png","width":1170,"height":872,"caption":"GYS NOTICIAS |"},"image":{"@id":"https:\/\/gysfm.com.ar\/inicio\/#\/schema\/logo\/image\/"}},{"@type":"Person","@id":"https:\/\/gysfm.com.ar\/inicio\/#\/schema\/person\/3abba7593ef2ad19e1be221d54383dc5","name":"Prensa G&amp;S FM","image":{"@type":"ImageObject","inLanguage":"es","@id":"https:\/\/gysfm.com.ar\/inicio\/#\/schema\/person\/image\/","url":"https:\/\/secure.gravatar.com\/avatar\/096ec78df02049ab018702bb4ccedf659377fa92a26540b5247612077a0dbd29?s=96&d=mm&r=g","contentUrl":"https:\/\/secure.gravatar.com\/avatar\/096ec78df02049ab018702bb4ccedf659377fa92a26540b5247612077a0dbd29?s=96&d=mm&r=g","caption":"Prensa G&amp;S FM"},"sameAs":["https:\/\/gysfm.com.ar\/"],"url":"https:\/\/gysfm.com.ar\/inicio\/author\/lucasm\/"}]}},"_links":{"self":[{"href":"https:\/\/gysfm.com.ar\/inicio\/wp-json\/wp\/v2\/posts\/194195","targetHints":{"allow":["GET"]}}],"collection":[{"href":"https:\/\/gysfm.com.ar\/inicio\/wp-json\/wp\/v2\/posts"}],"about":[{"href":"https:\/\/gysfm.com.ar\/inicio\/wp-json\/wp\/v2\/types\/post"}],"author":[{"embeddable":true,"href":"https:\/\/gysfm.com.ar\/inicio\/wp-json\/wp\/v2\/users\/2"}],"replies":[{"embeddable":true,"href":"https:\/\/gysfm.com.ar\/inicio\/wp-json\/wp\/v2\/comments?post=194195"}],"version-history":[{"count":0,"href":"https:\/\/gysfm.com.ar\/inicio\/wp-json\/wp\/v2\/posts\/194195\/revisions"}],"wp:featuredmedia":[{"embeddable":true,"href":"https:\/\/gysfm.com.ar\/inicio\/wp-json\/wp\/v2\/media\/194196"}],"wp:attachment":[{"href":"https:\/\/gysfm.com.ar\/inicio\/wp-json\/wp\/v2\/media?parent=194195"}],"wp:term":[{"taxonomy":"category","embeddable":true,"href":"https:\/\/gysfm.com.ar\/inicio\/wp-json\/wp\/v2\/categories?post=194195"},{"taxonomy":"post_tag","embeddable":true,"href":"https:\/\/gysfm.com.ar\/inicio\/wp-json\/wp\/v2\/tags?post=194195"}],"curies":[{"name":"wp","href":"https:\/\/api.w.org\/{rel}","templated":true}]}}