{"id":194182,"date":"2026-05-01T21:17:05","date_gmt":"2026-05-02T00:17:05","guid":{"rendered":"https:\/\/gysfm.com.ar\/inicio\/trump-declaro-terminadas-las-hostilidades-con-iran-y-evito-pedir-autorizacion-al-congreso\/"},"modified":"2026-05-01T21:17:05","modified_gmt":"2026-05-02T00:17:05","slug":"trump-declaro-terminadas-las-hostilidades-con-iran-y-evito-pedir-autorizacion-al-congreso","status":"publish","type":"post","link":"https:\/\/gysfm.com.ar\/inicio\/trump-declaro-terminadas-las-hostilidades-con-iran-y-evito-pedir-autorizacion-al-congreso\/","title":{"rendered":"Trump declar\u00f3 \u00abterminadas\u00bb las hostilidades con Ir\u00e1n y evit\u00f3 pedir autorizaci\u00f3n al Congreso"},"content":{"rendered":"<p><\/p>\n<div id=\"article-content\">\n<p>Este <strong>1 de mayo<\/strong>, <a target=\"_blank\" href=\"https:\/\/www.perfil.com\/noticias\/internacional\/trump-rechazo-la-ultima-oferta-de-iran-y-amenaza-con-nuevos-ataques-mientras-escala-la-tension-con-europa.phtml\">Donald Trump <\/a>declar\u00f3 \u201cterminadas\u201d las <strong>hostilidades con Ir\u00e1n<\/strong> en una carta que envi\u00f3 al <strong>Congreso<\/strong>, justo el mismo d\u00eda en que venc\u00eda el plazo que lo obligaba a obtener autorizaci\u00f3n legislativa para continuar con el conflicto b\u00e9lico.<\/p>\n<p>La carta fue dirigida a <strong>Mike Johnson<\/strong>, presidente de la <strong>C\u00e1mara de Representantes<\/strong>, y a <strong>Chuck Grassley<\/strong>, presidente del <strong>Senado<\/strong>. Hace exactamente <strong>60 d\u00edas<\/strong>, Trump hab\u00eda notificado formalmente al Parlamento el inicio de las operaciones militares contra Ir\u00e1n.<\/p>\n<div style=\"text-align:center\">\n<figure class=\"image\" style=\"display:inline-block\"><picture><source media=\"(max-width: 440px)\" srcset=\"https:\/\/fotos.perfil.com\/\/2025\/07\/08\/440\/0\/el-presidente-de-la-camara-de-representantes-de-eeuu-mike-johnson-saluda-al-primer-ministro-israeli-benjamin-netanyahu-2057719.jpg?webp\"\/><source media=\"(max-width: 1019px)\" srcset=\"https:\/\/fotos.perfil.com\/\/2025\/07\/08\/712\/0\/el-presidente-de-la-camara-de-representantes-de-eeuu-mike-johnson-saluda-al-primer-ministro-israeli-benjamin-netanyahu-2057719.jpg?webp\"\/><img decoding=\"async\" style=\"max-width: 100%; width: 100%;\" alt=\"El presidente de la C\u00e1mara de Representantes de EE.UU., Mike Johnson, saluda al primer ministro israel\u00ed, Benjamin Netanyahu\" src=\"https:\/\/fotos.perfil.com\/\/2025\/07\/08\/900\/0\/el-presidente-de-la-camara-de-representantes-de-eeuu-mike-johnson-saluda-al-primer-ministro-israeli-benjamin-netanyahu-2057719.jpg?webp\" loading=\"lazy\"\/><\/picture><figcaption>El presidente de la C\u00e1mara de Representantes de EE.UU., Mike Johnson, saluda al primer ministro israel\u00ed, Benjamin Netanyahu<\/figcaption><\/figure>\n<\/p><\/div>\n<p>Eso responde a la <strong>Ley de Poderes de Guerra<\/strong>, sancionada durante la era de Vietnam, que exige al presidente poner fin al uso de las Fuerzas Armadas luego de dos meses, salvo que el Congreso le otorgue una pr\u00f3rroga de 30 d\u00edas para una \u201cretirada ordenada\u201d de las tropas. Sin embargo, el Senado rechaz\u00f3 por sexta vez un intento dem\u00f3crata de frenar el conflicto y los legisladores abandonaron Washington ese mismo d\u00eda por una semana.<\/p>\n<div class=\"subscription\">\n<p>\n        Esto no les gusta a los autoritarios\n    <\/p>\n<div class=\"subscription__container\">\n<div class=\"subscription__text-wrapper\">\n<p>\n                El ejercicio del periodismo profesional y cr\u00edtico es un pilar fundamental de la democracia. Por eso molesta a quienes creen ser los due\u00f1os de la verdad.\n            <\/p>\n<\/p><\/div><\/div>\n<\/div>\n<p class=\"destacadoNota\"><a target=\"_blank\" href=\"https:\/\/www.perfil.com\/noticias\/internacional\/trump-rechazo-la-ultima-oferta-de-iran-y-amenaza-con-nuevos-ataques-mientras-escala-la-tension-con-europa.phtml\">Trump rechaz\u00f3 la \u00faltima oferta de Ir\u00e1n y amenaza con nuevos ataques mientras escala la tensi\u00f3n con Europa<\/a><\/p>\n<p>La administraci\u00f3n sostiene que el plazo del viernes no aplica porque <strong>las hostilidades concluyeron en los hechos<\/strong> cuando entr\u00f3 en vigor un <a target=\"_blank\" href=\"https:\/\/www.perfil.com\/noticias\/internacional\/no-habra-reunion-iran-desmintio-a-trump-y-enfrio-la-negociacion-en-pakistan.phtml\">cese al fuego<\/a> a principios de abril. \u201cNo ha habido intercambio de disparos entre las Fuerzas Armadas de Estados Unidos e Ir\u00e1n desde el 7 de abril de 2026. Las hostilidades que comenzaron el 28 de febrero de 2026 han cesado\u201d, escribi\u00f3 Trump en la carta.<\/p>\n<p>El <strong>secretario de Defensa,<\/strong> <strong>Pete Hegseth<\/strong>, reforz\u00f3 esa postura ante el Congreso el jueves. \u201cEstamos en un cese al fuego ahora mismo, lo que seg\u00fan nuestro entendimiento significa que el reloj de 60 d\u00edas se pausa o se detiene\u201d.<\/p>\n<div style=\"text-align:center\">\n<figure class=\"image\" style=\"display:inline-block\"><picture><source media=\"(max-width: 440px)\" srcset=\"https:\/\/fotos.perfil.com\/\/2026\/03\/18\/440\/0\/el-secretario-de-defensa-de-eeuu-pete-hegseth-18032026-2205318.jpg?webp\"\/><source media=\"(max-width: 1019px)\" srcset=\"https:\/\/fotos.perfil.com\/\/2026\/03\/18\/712\/0\/el-secretario-de-defensa-de-eeuu-pete-hegseth-18032026-2205318.jpg?webp\"\/><img decoding=\"async\" style=\"max-width: 100%; width: 100%;\" alt=\"El secretario de Defensa de EEUU, Pete Hegseth 18032026\" src=\"https:\/\/fotos.perfil.com\/\/2026\/03\/18\/900\/0\/el-secretario-de-defensa-de-eeuu-pete-hegseth-18032026-2205318.jpg?webp\" loading=\"lazy\"\/><\/picture><figcaption>El secretario de Defensa de EEUU, Pete Hegseth<\/figcaption><\/figure>\n<\/p><\/div>\n<p>Del otro lado, algunos funcionarios sostienen que <strong>el cese al fuego no equivale al fin de la guerra<\/strong> y consideran que el conflicto sigue activo.<\/p>\n<p><strong>Richard Blumenthal<\/strong>, senador por Connecticut, fue m\u00e1s categ\u00f3rico en redes sociales. \u201cNo hay bot\u00f3n de pausa en la Constituci\u00f3n ni en la Ley de Poderes de Guerra. Estamos en guerra. Llevamos 60 d\u00edas en guerra. <strong>El bloqueo por s\u00ed solo es un acto de guerra continuo<\/strong>\u201d.<\/p>\n<p>En su carta, Trump reconoci\u00f3 que <strong>la amenaza iran\u00ed sigue siendo significativa<\/strong> a pesar del alto al fuego y que las operaciones buscan \u201casegurar la paz duradera\u201d.<\/p>\n<p class=\"destacadoNota\"><a target=\"_blank\" href=\"https:\/\/www.perfil.com\/noticias\/internacional\/trump-redobla-su-presion-sobre-europa-subire-los-aranceles-al-25-y-escala-el-conflicto-con-la-ue.phtml\">Trump redobla su presi\u00f3n sobre Europa: \u201cSubir\u00e9 los aranceles al 25%\u201d y escala el conflicto con la UE<\/a><\/p>\n<p>En ese punto, esas l\u00edneas se contradicen de forma directa con la declaraci\u00f3n de <strong>\u201chostilidades terminadas\u201d<\/strong>, sobre todo mientras se mantiene el <strong>bloqueo naval de Estados Unidos en Ormuz<\/strong>.<\/p>\n<p>De todos modos, Trump se mostr\u00f3 reacio a buscar la aprobaci\u00f3n del Congreso.<\/p>\n<p>\u201cNing\u00fan otro presidente lo ha pedido antes. Nunca se ha usado antes. \u00bfPor qu\u00e9 deber\u00edamos ser diferentes?\u201d. A\u00f1adi\u00f3 que considera la <strong>Resoluci\u00f3n de Poderes de Guerra \u201ctotalmente inconstitucional\u201d<\/strong>, una postura que tambi\u00e9n sostuvieron presidentes anteriores como <strong>Bill Clinton<\/strong> y <strong>Barack Obama<\/strong> para esquivar sus restricciones.<\/p>\n<p style=\"text-align:center\"><picture><source media=\"(max-width: 440px)\" srcset=\"https:\/\/fotos.perfil.com\/\/2026\/04\/28\/440\/0\/donald-trump-28042026-2229532.jpg?webp\"\/><source media=\"(max-width: 1019px)\" srcset=\"https:\/\/fotos.perfil.com\/\/2026\/04\/28\/712\/0\/donald-trump-28042026-2229532.jpg?webp\"\/><img decoding=\"async\" style=\"max-width: 100%; width: 100%;\" alt=\"Donald Trump 28042026\" src=\"https:\/\/fotos.perfil.com\/\/2026\/04\/28\/900\/0\/donald-trump-28042026-2229532.jpg?webp\" loading=\"lazy\"\/><\/picture><\/p>\n<p>En sinton\u00eda con \u00e9l, el l\u00edder de la mayor\u00eda republicana en el Senado, <strong>John Thune<\/strong>, rechaz\u00f3 el jueves la posibilidad de someter a votaci\u00f3n una autorizaci\u00f3n para el uso de la fuerza. \u201cEn este momento no veo que eso vaya a ocurrir\u201d, sostuvo el senador por Dakota del Sur. Aun as\u00ed, dentro del bloque republicano comenz\u00f3 a crecer <strong>el malestar por la extensi\u00f3n del conflicto<\/strong> y su impacto sobre el precio de los combustibles.<\/p>\n<p>La senadora <strong>Susan Collins<\/strong>, de Maine, vot\u00f3 el jueves por primera vez junto a los dem\u00f3cratas para frenar el conflicto y sostuvo que <strong>el l\u00edmite de 60 d\u00edas \u201cno es una sugerencia, es un requisito\u201d<\/strong>. Otros republicanos tambi\u00e9n comenzaron a reclamar una definici\u00f3n del Congreso. Entre ellos, <strong>John Curtis<\/strong>, <strong>Thom Tillis<\/strong>, <strong>Lisa Murkowski<\/strong> y <strong>Josh Hawley<\/strong>, quienes plantearon la necesidad de someter la cuesti\u00f3n a votaci\u00f3n. Curtis, adem\u00e1s, advirti\u00f3 que no respaldar\u00e1 nuevos fondos para la guerra hasta que exista <strong>una autorizaci\u00f3n formal del Capitolio<\/strong>. \u201cEs momento de que tanto la administraci\u00f3n como el Congreso tomen decisiones, y eso puede ocurrir de manera conjunta, no en conflicto\u201d.<\/p>\n<p class=\"destacadoNota\"><a target=\"_blank\" href=\"https:\/\/www.perfil.com\/noticias\/internacional\/leon-xiv-nombro-en-cincinnati-a-un-obispo-migrante-y-reavivo-su-choque-con-trump.phtml\">Le\u00f3n XIV nombr\u00f3 en Cincinnati a un obispo migrante y reaviv\u00f3 su choque con Trump<\/a><\/p>\n<p>El senador <strong>Todd Young<\/strong>, de Indiana, supedit\u00f3 su posici\u00f3n a la evoluci\u00f3n del escenario y se\u00f1al\u00f3 que, si la guerra vuelve a escalar, espera que la Casa Blanca avance junto al Congreso en una autorizaci\u00f3n para el uso de la fuerza. En la misma l\u00ednea, <strong>Kevin Cramer<\/strong>, de Dakota del Norte, afirm\u00f3 que acompa\u00f1ar\u00eda esa iniciativa si Trump la pidiera, aunque cuestion\u00f3 la constitucionalidad de la propia <strong>Ley de Poderes de Guerra<\/strong>. \u201cNuestros fundadores crearon un ejecutivo muy fuerte, les guste o no\u201d, sostuvo.<\/p>\n<p>Desde la oposici\u00f3n, el dem\u00f3crata <strong>Adam Smith<\/strong>, representante por Washington y principal referente de la minor\u00eda en el Comit\u00e9 de Fuerzas Armadas de la C\u00e1mara, sintetiz\u00f3 la posici\u00f3n de su partido en di\u00e1logo con <strong>The Associated Press<\/strong>. \u201c\u00bfLa expectativa es que la administraci\u00f3n Trump va a cumplir la ley? Yo no tengo esa expectativa\u201d.<\/p>\n<p>RG<\/p>\n<\/p><\/div>\n<p><script>\n                !function(f,b,e,v,n,t,s)\n                {if(f.fbq)return;n=f.fbq=function(){n.callMethod?\n                    n.callMethod.apply(n,arguments):n.queue.push(arguments)};\n                    if(!f._fbq)f._fbq=n;n.push=n;n.loaded=!0;n.version='2.0';\n                    n.queue=[];t=b.createElement(e);t.async=!0;\n                    t.src=v;s=b.getElementsByTagName(e)[0];\n                    s.parentNode.insertBefore(t,s)}(window, document,'script',\n                    'https:\/\/connect.facebook.net\/en_US\/fbevents.js');\n                window.paywallConfig.facebook_pixel=\"1000228364089342\"\n            <\/script><\/p>\n","protected":false},"excerpt":{"rendered":"<p>Este 1 de mayo, Donald Trump declar\u00f3 \u201cterminadas\u201d las hostilidades con Ir\u00e1n en una carta que envi\u00f3 al Congreso, justo el mismo d\u00eda en que venc\u00eda el plazo que lo obligaba a obtener autorizaci\u00f3n legislativa para continuar con el conflicto b\u00e9lico. La carta fue dirigida a Mike Johnson, presidente de la C\u00e1mara de Representantes, y [&hellip;]<\/p>\n","protected":false},"author":2,"featured_media":194183,"comment_status":"closed","ping_status":"closed","sticky":false,"template":"","format":"standard","meta":{"footnotes":""},"categories":[25],"tags":[],"class_list":["post-194182","post","type-post","status-publish","format-standard","has-post-thumbnail","hentry","category-nacionales"],"yoast_head":"<!-- This site is optimized with the Yoast SEO plugin v24.4 - https:\/\/yoast.com\/wordpress\/plugins\/seo\/ -->\n<title>Trump declar\u00f3 &quot;terminadas&quot; las hostilidades con Ir\u00e1n y evit\u00f3 pedir autorizaci\u00f3n al Congreso - GYS NOTICIAS |<\/title>\n<meta name=\"robots\" content=\"index, follow, max-snippet:-1, max-image-preview:large, max-video-preview:-1\" \/>\n<link rel=\"canonical\" href=\"https:\/\/gysfm.com.ar\/inicio\/trump-declaro-terminadas-las-hostilidades-con-iran-y-evito-pedir-autorizacion-al-congreso\/\" \/>\n<meta property=\"og:locale\" content=\"es_ES\" \/>\n<meta property=\"og:type\" content=\"article\" \/>\n<meta property=\"og:title\" content=\"Trump declar\u00f3 &quot;terminadas&quot; las hostilidades con Ir\u00e1n y evit\u00f3 pedir autorizaci\u00f3n al Congreso - GYS NOTICIAS |\" \/>\n<meta property=\"og:description\" content=\"Este 1 de mayo, Donald Trump declar\u00f3 \u201cterminadas\u201d las hostilidades con Ir\u00e1n en una carta que envi\u00f3 al Congreso, justo el mismo d\u00eda en que venc\u00eda el plazo que lo obligaba a obtener autorizaci\u00f3n legislativa para continuar con el conflicto b\u00e9lico. La carta fue dirigida a Mike Johnson, presidente de la C\u00e1mara de Representantes, y [&hellip;]\" \/>\n<meta property=\"og:url\" content=\"https:\/\/gysfm.com.ar\/inicio\/trump-declaro-terminadas-las-hostilidades-con-iran-y-evito-pedir-autorizacion-al-congreso\/\" \/>\n<meta property=\"og:site_name\" content=\"GYS NOTICIAS |\" \/>\n<meta property=\"article:published_time\" content=\"2026-05-02T00:17:05+00:00\" \/>\n<meta property=\"og:image\" content=\"https:\/\/fotos.perfil.com\/\/2025\/07\/08\/900\/0\/el-presidente-de-la-camara-de-representantes-de-eeuu-mike-johnson-saluda-al-primer-ministro-israeli-benjamin-netanyahu-2057719.jpg?webp\" \/>\n<meta name=\"author\" content=\"Prensa G&amp;S FM\" \/>\n<meta name=\"twitter:card\" content=\"summary_large_image\" \/>\n<meta name=\"twitter:label1\" content=\"Escrito por\" \/>\n\t<meta name=\"twitter:data1\" content=\"Prensa G&amp;S FM\" \/>\n\t<meta name=\"twitter:label2\" content=\"Tiempo de lectura\" \/>\n\t<meta name=\"twitter:data2\" content=\"5 minutos\" \/>\n<script type=\"application\/ld+json\" class=\"yoast-schema-graph\">{\"@context\":\"https:\/\/schema.org\",\"@graph\":[{\"@type\":\"Article\",\"@id\":\"https:\/\/gysfm.com.ar\/inicio\/trump-declaro-terminadas-las-hostilidades-con-iran-y-evito-pedir-autorizacion-al-congreso\/#article\",\"isPartOf\":{\"@id\":\"https:\/\/gysfm.com.ar\/inicio\/trump-declaro-terminadas-las-hostilidades-con-iran-y-evito-pedir-autorizacion-al-congreso\/\"},\"author\":{\"name\":\"Prensa G&amp;S FM\",\"@id\":\"https:\/\/gysfm.com.ar\/inicio\/#\/schema\/person\/3abba7593ef2ad19e1be221d54383dc5\"},\"headline\":\"Trump declar\u00f3 \u00abterminadas\u00bb las hostilidades con Ir\u00e1n y evit\u00f3 pedir autorizaci\u00f3n al Congreso\",\"datePublished\":\"2026-05-02T00:17:05+00:00\",\"mainEntityOfPage\":{\"@id\":\"https:\/\/gysfm.com.ar\/inicio\/trump-declaro-terminadas-las-hostilidades-con-iran-y-evito-pedir-autorizacion-al-congreso\/\"},\"wordCount\":948,\"publisher\":{\"@id\":\"https:\/\/gysfm.com.ar\/inicio\/#organization\"},\"image\":{\"@id\":\"https:\/\/gysfm.com.ar\/inicio\/trump-declaro-terminadas-las-hostilidades-con-iran-y-evito-pedir-autorizacion-al-congreso\/#primaryimage\"},\"thumbnailUrl\":\"https:\/\/gysfm.com.ar\/inicio\/wp-content\/uploads\/2026\/05\/donald-trump-28042026-2229533.jpg\",\"articleSection\":[\"NACIONALES\"],\"inLanguage\":\"es\"},{\"@type\":\"WebPage\",\"@id\":\"https:\/\/gysfm.com.ar\/inicio\/trump-declaro-terminadas-las-hostilidades-con-iran-y-evito-pedir-autorizacion-al-congreso\/\",\"url\":\"https:\/\/gysfm.com.ar\/inicio\/trump-declaro-terminadas-las-hostilidades-con-iran-y-evito-pedir-autorizacion-al-congreso\/\",\"name\":\"Trump declar\u00f3 \\\"terminadas\\\" las hostilidades con Ir\u00e1n y evit\u00f3 pedir autorizaci\u00f3n al Congreso - GYS NOTICIAS |\",\"isPartOf\":{\"@id\":\"https:\/\/gysfm.com.ar\/inicio\/#website\"},\"primaryImageOfPage\":{\"@id\":\"https:\/\/gysfm.com.ar\/inicio\/trump-declaro-terminadas-las-hostilidades-con-iran-y-evito-pedir-autorizacion-al-congreso\/#primaryimage\"},\"image\":{\"@id\":\"https:\/\/gysfm.com.ar\/inicio\/trump-declaro-terminadas-las-hostilidades-con-iran-y-evito-pedir-autorizacion-al-congreso\/#primaryimage\"},\"thumbnailUrl\":\"https:\/\/gysfm.com.ar\/inicio\/wp-content\/uploads\/2026\/05\/donald-trump-28042026-2229533.jpg\",\"datePublished\":\"2026-05-02T00:17:05+00:00\",\"breadcrumb\":{\"@id\":\"https:\/\/gysfm.com.ar\/inicio\/trump-declaro-terminadas-las-hostilidades-con-iran-y-evito-pedir-autorizacion-al-congreso\/#breadcrumb\"},\"inLanguage\":\"es\",\"potentialAction\":[{\"@type\":\"ReadAction\",\"target\":[\"https:\/\/gysfm.com.ar\/inicio\/trump-declaro-terminadas-las-hostilidades-con-iran-y-evito-pedir-autorizacion-al-congreso\/\"]}]},{\"@type\":\"ImageObject\",\"inLanguage\":\"es\",\"@id\":\"https:\/\/gysfm.com.ar\/inicio\/trump-declaro-terminadas-las-hostilidades-con-iran-y-evito-pedir-autorizacion-al-congreso\/#primaryimage\",\"url\":\"https:\/\/gysfm.com.ar\/inicio\/wp-content\/uploads\/2026\/05\/donald-trump-28042026-2229533.jpg\",\"contentUrl\":\"https:\/\/gysfm.com.ar\/inicio\/wp-content\/uploads\/2026\/05\/donald-trump-28042026-2229533.jpg\",\"width\":1140,\"height\":641},{\"@type\":\"BreadcrumbList\",\"@id\":\"https:\/\/gysfm.com.ar\/inicio\/trump-declaro-terminadas-las-hostilidades-con-iran-y-evito-pedir-autorizacion-al-congreso\/#breadcrumb\",\"itemListElement\":[{\"@type\":\"ListItem\",\"position\":1,\"name\":\"Portada\",\"item\":\"https:\/\/gysfm.com.ar\/inicio\/\"},{\"@type\":\"ListItem\",\"position\":2,\"name\":\"Trump declar\u00f3 \u00abterminadas\u00bb las hostilidades con Ir\u00e1n y evit\u00f3 pedir autorizaci\u00f3n al Congreso\"}]},{\"@type\":\"WebSite\",\"@id\":\"https:\/\/gysfm.com.ar\/inicio\/#website\",\"url\":\"https:\/\/gysfm.com.ar\/inicio\/\",\"name\":\"GYS NOTICIAS |\",\"description\":\"DIARIO - RADIO ONLINE SAN JUAN ARGENTINA\",\"publisher\":{\"@id\":\"https:\/\/gysfm.com.ar\/inicio\/#organization\"},\"potentialAction\":[{\"@type\":\"SearchAction\",\"target\":{\"@type\":\"EntryPoint\",\"urlTemplate\":\"https:\/\/gysfm.com.ar\/inicio\/?s={search_term_string}\"},\"query-input\":{\"@type\":\"PropertyValueSpecification\",\"valueRequired\":true,\"valueName\":\"search_term_string\"}}],\"inLanguage\":\"es\"},{\"@type\":\"Organization\",\"@id\":\"https:\/\/gysfm.com.ar\/inicio\/#organization\",\"name\":\"GYS NOTICIAS |\",\"url\":\"https:\/\/gysfm.com.ar\/inicio\/\",\"logo\":{\"@type\":\"ImageObject\",\"inLanguage\":\"es\",\"@id\":\"https:\/\/gysfm.com.ar\/inicio\/#\/schema\/logo\/image\/\",\"url\":\"https:\/\/gysfm.com.ar\/inicio\/wp-content\/uploads\/2023\/07\/LOGOGYS-OK.png\",\"contentUrl\":\"https:\/\/gysfm.com.ar\/inicio\/wp-content\/uploads\/2023\/07\/LOGOGYS-OK.png\",\"width\":1170,\"height\":872,\"caption\":\"GYS NOTICIAS |\"},\"image\":{\"@id\":\"https:\/\/gysfm.com.ar\/inicio\/#\/schema\/logo\/image\/\"}},{\"@type\":\"Person\",\"@id\":\"https:\/\/gysfm.com.ar\/inicio\/#\/schema\/person\/3abba7593ef2ad19e1be221d54383dc5\",\"name\":\"Prensa G&amp;S FM\",\"image\":{\"@type\":\"ImageObject\",\"inLanguage\":\"es\",\"@id\":\"https:\/\/gysfm.com.ar\/inicio\/#\/schema\/person\/image\/\",\"url\":\"https:\/\/secure.gravatar.com\/avatar\/096ec78df02049ab018702bb4ccedf659377fa92a26540b5247612077a0dbd29?s=96&d=mm&r=g\",\"contentUrl\":\"https:\/\/secure.gravatar.com\/avatar\/096ec78df02049ab018702bb4ccedf659377fa92a26540b5247612077a0dbd29?s=96&d=mm&r=g\",\"caption\":\"Prensa G&amp;S FM\"},\"sameAs\":[\"https:\/\/gysfm.com.ar\/\"],\"url\":\"https:\/\/gysfm.com.ar\/inicio\/author\/lucasm\/\"}]}<\/script>\n<!-- \/ Yoast SEO plugin. -->","yoast_head_json":{"title":"Trump declar\u00f3 \"terminadas\" las hostilidades con Ir\u00e1n y evit\u00f3 pedir autorizaci\u00f3n al Congreso - GYS NOTICIAS |","robots":{"index":"index","follow":"follow","max-snippet":"max-snippet:-1","max-image-preview":"max-image-preview:large","max-video-preview":"max-video-preview:-1"},"canonical":"https:\/\/gysfm.com.ar\/inicio\/trump-declaro-terminadas-las-hostilidades-con-iran-y-evito-pedir-autorizacion-al-congreso\/","og_locale":"es_ES","og_type":"article","og_title":"Trump declar\u00f3 \"terminadas\" las hostilidades con Ir\u00e1n y evit\u00f3 pedir autorizaci\u00f3n al Congreso - GYS NOTICIAS |","og_description":"Este 1 de mayo, Donald Trump declar\u00f3 \u201cterminadas\u201d las hostilidades con Ir\u00e1n en una carta que envi\u00f3 al Congreso, justo el mismo d\u00eda en que venc\u00eda el plazo que lo obligaba a obtener autorizaci\u00f3n legislativa para continuar con el conflicto b\u00e9lico. La carta fue dirigida a Mike Johnson, presidente de la C\u00e1mara de Representantes, y [&hellip;]","og_url":"https:\/\/gysfm.com.ar\/inicio\/trump-declaro-terminadas-las-hostilidades-con-iran-y-evito-pedir-autorizacion-al-congreso\/","og_site_name":"GYS NOTICIAS |","article_published_time":"2026-05-02T00:17:05+00:00","og_image":[{"url":"https:\/\/fotos.perfil.com\/\/2025\/07\/08\/900\/0\/el-presidente-de-la-camara-de-representantes-de-eeuu-mike-johnson-saluda-al-primer-ministro-israeli-benjamin-netanyahu-2057719.jpg?webp","type":"","width":"","height":""}],"author":"Prensa G&amp;S FM","twitter_card":"summary_large_image","twitter_misc":{"Escrito por":"Prensa G&amp;S FM","Tiempo de lectura":"5 minutos"},"schema":{"@context":"https:\/\/schema.org","@graph":[{"@type":"Article","@id":"https:\/\/gysfm.com.ar\/inicio\/trump-declaro-terminadas-las-hostilidades-con-iran-y-evito-pedir-autorizacion-al-congreso\/#article","isPartOf":{"@id":"https:\/\/gysfm.com.ar\/inicio\/trump-declaro-terminadas-las-hostilidades-con-iran-y-evito-pedir-autorizacion-al-congreso\/"},"author":{"name":"Prensa G&amp;S FM","@id":"https:\/\/gysfm.com.ar\/inicio\/#\/schema\/person\/3abba7593ef2ad19e1be221d54383dc5"},"headline":"Trump declar\u00f3 \u00abterminadas\u00bb las hostilidades con Ir\u00e1n y evit\u00f3 pedir autorizaci\u00f3n al Congreso","datePublished":"2026-05-02T00:17:05+00:00","mainEntityOfPage":{"@id":"https:\/\/gysfm.com.ar\/inicio\/trump-declaro-terminadas-las-hostilidades-con-iran-y-evito-pedir-autorizacion-al-congreso\/"},"wordCount":948,"publisher":{"@id":"https:\/\/gysfm.com.ar\/inicio\/#organization"},"image":{"@id":"https:\/\/gysfm.com.ar\/inicio\/trump-declaro-terminadas-las-hostilidades-con-iran-y-evito-pedir-autorizacion-al-congreso\/#primaryimage"},"thumbnailUrl":"https:\/\/gysfm.com.ar\/inicio\/wp-content\/uploads\/2026\/05\/donald-trump-28042026-2229533.jpg","articleSection":["NACIONALES"],"inLanguage":"es"},{"@type":"WebPage","@id":"https:\/\/gysfm.com.ar\/inicio\/trump-declaro-terminadas-las-hostilidades-con-iran-y-evito-pedir-autorizacion-al-congreso\/","url":"https:\/\/gysfm.com.ar\/inicio\/trump-declaro-terminadas-las-hostilidades-con-iran-y-evito-pedir-autorizacion-al-congreso\/","name":"Trump declar\u00f3 \"terminadas\" las hostilidades con Ir\u00e1n y evit\u00f3 pedir autorizaci\u00f3n al Congreso - GYS NOTICIAS |","isPartOf":{"@id":"https:\/\/gysfm.com.ar\/inicio\/#website"},"primaryImageOfPage":{"@id":"https:\/\/gysfm.com.ar\/inicio\/trump-declaro-terminadas-las-hostilidades-con-iran-y-evito-pedir-autorizacion-al-congreso\/#primaryimage"},"image":{"@id":"https:\/\/gysfm.com.ar\/inicio\/trump-declaro-terminadas-las-hostilidades-con-iran-y-evito-pedir-autorizacion-al-congreso\/#primaryimage"},"thumbnailUrl":"https:\/\/gysfm.com.ar\/inicio\/wp-content\/uploads\/2026\/05\/donald-trump-28042026-2229533.jpg","datePublished":"2026-05-02T00:17:05+00:00","breadcrumb":{"@id":"https:\/\/gysfm.com.ar\/inicio\/trump-declaro-terminadas-las-hostilidades-con-iran-y-evito-pedir-autorizacion-al-congreso\/#breadcrumb"},"inLanguage":"es","potentialAction":[{"@type":"ReadAction","target":["https:\/\/gysfm.com.ar\/inicio\/trump-declaro-terminadas-las-hostilidades-con-iran-y-evito-pedir-autorizacion-al-congreso\/"]}]},{"@type":"ImageObject","inLanguage":"es","@id":"https:\/\/gysfm.com.ar\/inicio\/trump-declaro-terminadas-las-hostilidades-con-iran-y-evito-pedir-autorizacion-al-congreso\/#primaryimage","url":"https:\/\/gysfm.com.ar\/inicio\/wp-content\/uploads\/2026\/05\/donald-trump-28042026-2229533.jpg","contentUrl":"https:\/\/gysfm.com.ar\/inicio\/wp-content\/uploads\/2026\/05\/donald-trump-28042026-2229533.jpg","width":1140,"height":641},{"@type":"BreadcrumbList","@id":"https:\/\/gysfm.com.ar\/inicio\/trump-declaro-terminadas-las-hostilidades-con-iran-y-evito-pedir-autorizacion-al-congreso\/#breadcrumb","itemListElement":[{"@type":"ListItem","position":1,"name":"Portada","item":"https:\/\/gysfm.com.ar\/inicio\/"},{"@type":"ListItem","position":2,"name":"Trump declar\u00f3 \u00abterminadas\u00bb las hostilidades con Ir\u00e1n y evit\u00f3 pedir autorizaci\u00f3n al Congreso"}]},{"@type":"WebSite","@id":"https:\/\/gysfm.com.ar\/inicio\/#website","url":"https:\/\/gysfm.com.ar\/inicio\/","name":"GYS NOTICIAS |","description":"DIARIO - RADIO ONLINE SAN JUAN ARGENTINA","publisher":{"@id":"https:\/\/gysfm.com.ar\/inicio\/#organization"},"potentialAction":[{"@type":"SearchAction","target":{"@type":"EntryPoint","urlTemplate":"https:\/\/gysfm.com.ar\/inicio\/?s={search_term_string}"},"query-input":{"@type":"PropertyValueSpecification","valueRequired":true,"valueName":"search_term_string"}}],"inLanguage":"es"},{"@type":"Organization","@id":"https:\/\/gysfm.com.ar\/inicio\/#organization","name":"GYS NOTICIAS |","url":"https:\/\/gysfm.com.ar\/inicio\/","logo":{"@type":"ImageObject","inLanguage":"es","@id":"https:\/\/gysfm.com.ar\/inicio\/#\/schema\/logo\/image\/","url":"https:\/\/gysfm.com.ar\/inicio\/wp-content\/uploads\/2023\/07\/LOGOGYS-OK.png","contentUrl":"https:\/\/gysfm.com.ar\/inicio\/wp-content\/uploads\/2023\/07\/LOGOGYS-OK.png","width":1170,"height":872,"caption":"GYS NOTICIAS |"},"image":{"@id":"https:\/\/gysfm.com.ar\/inicio\/#\/schema\/logo\/image\/"}},{"@type":"Person","@id":"https:\/\/gysfm.com.ar\/inicio\/#\/schema\/person\/3abba7593ef2ad19e1be221d54383dc5","name":"Prensa G&amp;S FM","image":{"@type":"ImageObject","inLanguage":"es","@id":"https:\/\/gysfm.com.ar\/inicio\/#\/schema\/person\/image\/","url":"https:\/\/secure.gravatar.com\/avatar\/096ec78df02049ab018702bb4ccedf659377fa92a26540b5247612077a0dbd29?s=96&d=mm&r=g","contentUrl":"https:\/\/secure.gravatar.com\/avatar\/096ec78df02049ab018702bb4ccedf659377fa92a26540b5247612077a0dbd29?s=96&d=mm&r=g","caption":"Prensa G&amp;S FM"},"sameAs":["https:\/\/gysfm.com.ar\/"],"url":"https:\/\/gysfm.com.ar\/inicio\/author\/lucasm\/"}]}},"_links":{"self":[{"href":"https:\/\/gysfm.com.ar\/inicio\/wp-json\/wp\/v2\/posts\/194182","targetHints":{"allow":["GET"]}}],"collection":[{"href":"https:\/\/gysfm.com.ar\/inicio\/wp-json\/wp\/v2\/posts"}],"about":[{"href":"https:\/\/gysfm.com.ar\/inicio\/wp-json\/wp\/v2\/types\/post"}],"author":[{"embeddable":true,"href":"https:\/\/gysfm.com.ar\/inicio\/wp-json\/wp\/v2\/users\/2"}],"replies":[{"embeddable":true,"href":"https:\/\/gysfm.com.ar\/inicio\/wp-json\/wp\/v2\/comments?post=194182"}],"version-history":[{"count":0,"href":"https:\/\/gysfm.com.ar\/inicio\/wp-json\/wp\/v2\/posts\/194182\/revisions"}],"wp:featuredmedia":[{"embeddable":true,"href":"https:\/\/gysfm.com.ar\/inicio\/wp-json\/wp\/v2\/media\/194183"}],"wp:attachment":[{"href":"https:\/\/gysfm.com.ar\/inicio\/wp-json\/wp\/v2\/media?parent=194182"}],"wp:term":[{"taxonomy":"category","embeddable":true,"href":"https:\/\/gysfm.com.ar\/inicio\/wp-json\/wp\/v2\/categories?post=194182"},{"taxonomy":"post_tag","embeddable":true,"href":"https:\/\/gysfm.com.ar\/inicio\/wp-json\/wp\/v2\/tags?post=194182"}],"curies":[{"name":"wp","href":"https:\/\/api.w.org\/{rel}","templated":true}]}}