{"id":194177,"date":"2026-05-01T20:46:21","date_gmt":"2026-05-01T23:46:21","guid":{"rendered":"https:\/\/gysfm.com.ar\/inicio\/adorni-dijo-que-la-causa-sobre-los-departamentos-no-tiene-gollete\/"},"modified":"2026-05-01T20:46:21","modified_gmt":"2026-05-01T23:46:21","slug":"adorni-dijo-que-la-causa-sobre-los-departamentos-no-tiene-gollete","status":"publish","type":"post","link":"https:\/\/gysfm.com.ar\/inicio\/adorni-dijo-que-la-causa-sobre-los-departamentos-no-tiene-gollete\/","title":{"rendered":"Adorni dijo que la causa sobre los departamentos \u00abno tiene gollete\u00bb"},"content":{"rendered":"<p><\/p>\n<div id=\"article-content\">\n<p><a target=\"_blank\" href=\"https:\/\/www.perfil.com\/noticias\/politica\/segui-en-vivo-el-interrogatorio-a-manuel-adorni-el-congreso.phtml\">El jefe de Gabinete, <strong>Manuel Adorni<\/strong><\/a>, afirm\u00f3 que la causa en la que se lo investiga por compras de departamentos \u201c<strong>no tiene gollete<\/strong>\u201d y asegur\u00f3 que no conoce Disney, en respuesta a una nueva denuncia realizada por el diputado <strong>Rodolfo Tailhade<\/strong>.<\/p>\n<p>\u201cLa causa no tiene gollete y no va a prosperar de culpabilidad. Es una causa que <strong>no tiene ning\u00fan sustento<\/strong>. No quiero pecar en entrar a interferir en la causa, pero no solo que no soy culpable, sino que va a quedar todo demostrado en la Justicia\u201d, dijo Adorni en declaraciones a <em>El Observador<\/em>. <\/p>\n<p class=\"destacadoNota\"><a target=\"_blank\" href=\"https:\/\/www.perfil.com\/noticias\/politica\/manuel-adorni-mejora-imagen-informe-congreso-conversacion-digital-golpea-javier-milei.phtml\">Manuel Adorni mejora su imagen tras el informe en el Congreso, pero la conversaci\u00f3n digital golpea a Javier Milei<\/a><\/p>\n<div class=\"subscription\">\n<p>\n        Esto no les gusta a los autoritarios\n    <\/p>\n<div class=\"subscription__container\">\n<div class=\"subscription__text-wrapper\">\n<p>\n                El ejercicio del periodismo profesional y cr\u00edtico es un pilar fundamental de la democracia. Por eso molesta a quienes creen ser los due\u00f1os de la verdad.\n            <\/p>\n<\/p><\/div><\/div>\n<\/div>\n<p>Seg\u00fan el funcionario nacional, que el mi\u00e9rcoles pasado se present\u00f3 ante Diputados para exponer el informe de gesti\u00f3n de gobierno, \u201c<strong>en el medio hubo un mont\u00f3n mentiras\u201d<\/strong> y agreg\u00f3: \u00ab<strong>Yo dije &#8216;guarda que est\u00e1n sacando conclusiones equivocadas&#8217;<\/strong>\u00ab.<\/p>\n<p>Con respecto a la denuncia de Tailhade, Adorni explic\u00f3: \u00abEstuvieron diciendo que fui a Disney. <strong>No conozco, no fui nunca.<\/strong> Dijeron que en 2024 estuve en R\u00edo, y hace 15 a\u00f1os no voy a R\u00edo. Dijeron que me fui a Aruba en primera clase <strong>y no chequearon que en ese vuelo no hab\u00eda primera clase<\/strong>\u00ab.<\/p>\n<p class=\"destacadoNota\"><a target=\"_blank\" href=\"https:\/\/Tailhade asegur\u00f3 que la esposa de Adorni coste\u00f3 el viaje a Madrid de cinco amigas y el Gobierno confirm\u00f3 la denuncia contra el diputado\">Tailhade asegur\u00f3 que la esposa de Adorni coste\u00f3 el viaje a Madrid de cinco amigas y el Gobierno confirm\u00f3 la denuncia contra el diputado<\/a><\/p>\n<p>A su vez, sostuvo que los viajes que s\u00ed realiz\u00f3 fueron \u201cpersonales\u201d y que no se arrepiente de \u201c<strong>brindarle\u201d a su hijos y familia \u201cunos dias de vacaciones\u201d. Y se pregunt\u00f3: \u201c<\/strong>\u00bfEstamos todos locos, de qu\u00e9 estamos hablando?\u201d<\/p>\n<h2>Adorni y la reapertura de la Sala de Prensa<\/h2>\n<p>El jefe de Gabineta tambi\u00e9n confirm\u00f3 que est\u00e1 previsto que el lunes <a target=\"_blank\" href=\"https:\/\/https:\/\/www.perfil.com\/noticias\/actualidad\/reabren-la-sala-de-prensa-de-casa-rosada-y-el-lunes-habra-conferencia-de-manuel-adorni.phtml\">reabra la Sala de Periodistas<\/a> de la Casa Rosada, luego del repudiado cierre que dej\u00f3 afuera a los periodistas habitualmente acraditados.<\/p>\n<p>Volvi\u00f3 a justificar la decisi\u00f3n con el argumento de las \u201ccuestiones de seguridad\u201d luego de la grabaci\u00f3n de im\u00e1genes en los pasillos de la Casa de Gobierno por parte de un equipo del canal <em>TN<\/em>. Adelant\u00f3 que habr\u00e1 \u201cmodificaciones\u201d y \u201cuna revisi\u00f3n de protocolos\u201d.<\/p>\n<p>No confirm\u00f3 que el lunes \u00e9l mismo vaya a dar una conferencia de prensa, aunque s\u00ed dijo que le parece \u201cacorde\u201d hacerlo en alg\u00fan d\u00eda de la seman<strong>.<\/strong> \u00abSi no es el lunes es el martes\u201d, adelant\u00f3.<\/p>\n<p><em>Con informaci\u00f3n de la agencia Noticias Argentinas<\/em><\/p>\n<\/p><\/div>\n<p><script>\n                !function(f,b,e,v,n,t,s)\n                {if(f.fbq)return;n=f.fbq=function(){n.callMethod?\n                    n.callMethod.apply(n,arguments):n.queue.push(arguments)};\n                    if(!f._fbq)f._fbq=n;n.push=n;n.loaded=!0;n.version='2.0';\n                    n.queue=[];t=b.createElement(e);t.async=!0;\n                    t.src=v;s=b.getElementsByTagName(e)[0];\n                    s.parentNode.insertBefore(t,s)}(window, document,'script',\n                    'https:\/\/connect.facebook.net\/en_US\/fbevents.js');\n                window.paywallConfig.facebook_pixel=\"1000228364089342\"\n            <\/script><\/p>\n","protected":false},"excerpt":{"rendered":"<p>El jefe de Gabinete, Manuel Adorni, afirm\u00f3 que la causa en la que se lo investiga por compras de departamentos \u201cno tiene gollete\u201d y asegur\u00f3 que no conoce Disney, en respuesta a una nueva denuncia realizada por el diputado Rodolfo Tailhade. \u201cLa causa no tiene gollete y no va a prosperar de culpabilidad. Es una [&hellip;]<\/p>\n","protected":false},"author":2,"featured_media":194178,"comment_status":"closed","ping_status":"closed","sticky":false,"template":"","format":"standard","meta":{"footnotes":""},"categories":[25],"tags":[],"class_list":["post-194177","post","type-post","status-publish","format-standard","has-post-thumbnail","hentry","category-nacionales"],"yoast_head":"<!-- This site is optimized with the Yoast SEO plugin v24.4 - https:\/\/yoast.com\/wordpress\/plugins\/seo\/ -->\n<title>Adorni dijo que la causa sobre los departamentos &quot;no tiene gollete&quot; - GYS NOTICIAS |<\/title>\n<meta name=\"robots\" content=\"index, follow, max-snippet:-1, max-image-preview:large, max-video-preview:-1\" \/>\n<link rel=\"canonical\" href=\"https:\/\/gysfm.com.ar\/inicio\/adorni-dijo-que-la-causa-sobre-los-departamentos-no-tiene-gollete\/\" \/>\n<meta property=\"og:locale\" content=\"es_ES\" \/>\n<meta property=\"og:type\" content=\"article\" \/>\n<meta property=\"og:title\" content=\"Adorni dijo que la causa sobre los departamentos &quot;no tiene gollete&quot; - GYS NOTICIAS |\" \/>\n<meta property=\"og:description\" content=\"El jefe de Gabinete, Manuel Adorni, afirm\u00f3 que la causa en la que se lo investiga por compras de departamentos \u201cno tiene gollete\u201d y asegur\u00f3 que no conoce Disney, en respuesta a una nueva denuncia realizada por el diputado Rodolfo Tailhade. \u201cLa causa no tiene gollete y no va a prosperar de culpabilidad. Es una [&hellip;]\" \/>\n<meta property=\"og:url\" content=\"https:\/\/gysfm.com.ar\/inicio\/adorni-dijo-que-la-causa-sobre-los-departamentos-no-tiene-gollete\/\" \/>\n<meta property=\"og:site_name\" content=\"GYS NOTICIAS |\" \/>\n<meta property=\"article:published_time\" content=\"2026-05-01T23:46:21+00:00\" \/>\n<meta name=\"author\" content=\"Prensa G&amp;S FM\" \/>\n<meta name=\"twitter:card\" content=\"summary_large_image\" \/>\n<meta name=\"twitter:label1\" content=\"Escrito por\" \/>\n\t<meta name=\"twitter:data1\" content=\"Prensa G&amp;S FM\" \/>\n\t<meta name=\"twitter:label2\" content=\"Tiempo de lectura\" \/>\n\t<meta name=\"twitter:data2\" content=\"2 minutos\" \/>\n<script type=\"application\/ld+json\" class=\"yoast-schema-graph\">{\"@context\":\"https:\/\/schema.org\",\"@graph\":[{\"@type\":\"Article\",\"@id\":\"https:\/\/gysfm.com.ar\/inicio\/adorni-dijo-que-la-causa-sobre-los-departamentos-no-tiene-gollete\/#article\",\"isPartOf\":{\"@id\":\"https:\/\/gysfm.com.ar\/inicio\/adorni-dijo-que-la-causa-sobre-los-departamentos-no-tiene-gollete\/\"},\"author\":{\"name\":\"Prensa G&amp;S FM\",\"@id\":\"https:\/\/gysfm.com.ar\/inicio\/#\/schema\/person\/3abba7593ef2ad19e1be221d54383dc5\"},\"headline\":\"Adorni dijo que la causa sobre los departamentos \u00abno tiene gollete\u00bb\",\"datePublished\":\"2026-05-01T23:46:21+00:00\",\"mainEntityOfPage\":{\"@id\":\"https:\/\/gysfm.com.ar\/inicio\/adorni-dijo-que-la-causa-sobre-los-departamentos-no-tiene-gollete\/\"},\"wordCount\":461,\"publisher\":{\"@id\":\"https:\/\/gysfm.com.ar\/inicio\/#organization\"},\"image\":{\"@id\":\"https:\/\/gysfm.com.ar\/inicio\/adorni-dijo-que-la-causa-sobre-los-departamentos-no-tiene-gollete\/#primaryimage\"},\"thumbnailUrl\":\"https:\/\/gysfm.com.ar\/inicio\/wp-content\/uploads\/2026\/05\/adorni-en-el-congreso-2230915.jpg\",\"articleSection\":[\"NACIONALES\"],\"inLanguage\":\"es\"},{\"@type\":\"WebPage\",\"@id\":\"https:\/\/gysfm.com.ar\/inicio\/adorni-dijo-que-la-causa-sobre-los-departamentos-no-tiene-gollete\/\",\"url\":\"https:\/\/gysfm.com.ar\/inicio\/adorni-dijo-que-la-causa-sobre-los-departamentos-no-tiene-gollete\/\",\"name\":\"Adorni dijo que la causa sobre los departamentos \\\"no tiene gollete\\\" - GYS NOTICIAS |\",\"isPartOf\":{\"@id\":\"https:\/\/gysfm.com.ar\/inicio\/#website\"},\"primaryImageOfPage\":{\"@id\":\"https:\/\/gysfm.com.ar\/inicio\/adorni-dijo-que-la-causa-sobre-los-departamentos-no-tiene-gollete\/#primaryimage\"},\"image\":{\"@id\":\"https:\/\/gysfm.com.ar\/inicio\/adorni-dijo-que-la-causa-sobre-los-departamentos-no-tiene-gollete\/#primaryimage\"},\"thumbnailUrl\":\"https:\/\/gysfm.com.ar\/inicio\/wp-content\/uploads\/2026\/05\/adorni-en-el-congreso-2230915.jpg\",\"datePublished\":\"2026-05-01T23:46:21+00:00\",\"breadcrumb\":{\"@id\":\"https:\/\/gysfm.com.ar\/inicio\/adorni-dijo-que-la-causa-sobre-los-departamentos-no-tiene-gollete\/#breadcrumb\"},\"inLanguage\":\"es\",\"potentialAction\":[{\"@type\":\"ReadAction\",\"target\":[\"https:\/\/gysfm.com.ar\/inicio\/adorni-dijo-que-la-causa-sobre-los-departamentos-no-tiene-gollete\/\"]}]},{\"@type\":\"ImageObject\",\"inLanguage\":\"es\",\"@id\":\"https:\/\/gysfm.com.ar\/inicio\/adorni-dijo-que-la-causa-sobre-los-departamentos-no-tiene-gollete\/#primaryimage\",\"url\":\"https:\/\/gysfm.com.ar\/inicio\/wp-content\/uploads\/2026\/05\/adorni-en-el-congreso-2230915.jpg\",\"contentUrl\":\"https:\/\/gysfm.com.ar\/inicio\/wp-content\/uploads\/2026\/05\/adorni-en-el-congreso-2230915.jpg\",\"width\":1140,\"height\":641},{\"@type\":\"BreadcrumbList\",\"@id\":\"https:\/\/gysfm.com.ar\/inicio\/adorni-dijo-que-la-causa-sobre-los-departamentos-no-tiene-gollete\/#breadcrumb\",\"itemListElement\":[{\"@type\":\"ListItem\",\"position\":1,\"name\":\"Portada\",\"item\":\"https:\/\/gysfm.com.ar\/inicio\/\"},{\"@type\":\"ListItem\",\"position\":2,\"name\":\"Adorni dijo que la causa sobre los departamentos \u00abno tiene gollete\u00bb\"}]},{\"@type\":\"WebSite\",\"@id\":\"https:\/\/gysfm.com.ar\/inicio\/#website\",\"url\":\"https:\/\/gysfm.com.ar\/inicio\/\",\"name\":\"GYS NOTICIAS |\",\"description\":\"DIARIO - RADIO ONLINE SAN JUAN ARGENTINA\",\"publisher\":{\"@id\":\"https:\/\/gysfm.com.ar\/inicio\/#organization\"},\"potentialAction\":[{\"@type\":\"SearchAction\",\"target\":{\"@type\":\"EntryPoint\",\"urlTemplate\":\"https:\/\/gysfm.com.ar\/inicio\/?s={search_term_string}\"},\"query-input\":{\"@type\":\"PropertyValueSpecification\",\"valueRequired\":true,\"valueName\":\"search_term_string\"}}],\"inLanguage\":\"es\"},{\"@type\":\"Organization\",\"@id\":\"https:\/\/gysfm.com.ar\/inicio\/#organization\",\"name\":\"GYS NOTICIAS |\",\"url\":\"https:\/\/gysfm.com.ar\/inicio\/\",\"logo\":{\"@type\":\"ImageObject\",\"inLanguage\":\"es\",\"@id\":\"https:\/\/gysfm.com.ar\/inicio\/#\/schema\/logo\/image\/\",\"url\":\"https:\/\/gysfm.com.ar\/inicio\/wp-content\/uploads\/2023\/07\/LOGOGYS-OK.png\",\"contentUrl\":\"https:\/\/gysfm.com.ar\/inicio\/wp-content\/uploads\/2023\/07\/LOGOGYS-OK.png\",\"width\":1170,\"height\":872,\"caption\":\"GYS NOTICIAS |\"},\"image\":{\"@id\":\"https:\/\/gysfm.com.ar\/inicio\/#\/schema\/logo\/image\/\"}},{\"@type\":\"Person\",\"@id\":\"https:\/\/gysfm.com.ar\/inicio\/#\/schema\/person\/3abba7593ef2ad19e1be221d54383dc5\",\"name\":\"Prensa G&amp;S FM\",\"image\":{\"@type\":\"ImageObject\",\"inLanguage\":\"es\",\"@id\":\"https:\/\/gysfm.com.ar\/inicio\/#\/schema\/person\/image\/\",\"url\":\"https:\/\/secure.gravatar.com\/avatar\/096ec78df02049ab018702bb4ccedf659377fa92a26540b5247612077a0dbd29?s=96&d=mm&r=g\",\"contentUrl\":\"https:\/\/secure.gravatar.com\/avatar\/096ec78df02049ab018702bb4ccedf659377fa92a26540b5247612077a0dbd29?s=96&d=mm&r=g\",\"caption\":\"Prensa G&amp;S FM\"},\"sameAs\":[\"https:\/\/gysfm.com.ar\/\"],\"url\":\"https:\/\/gysfm.com.ar\/inicio\/author\/lucasm\/\"}]}<\/script>\n<!-- \/ Yoast SEO plugin. -->","yoast_head_json":{"title":"Adorni dijo que la causa sobre los departamentos \"no tiene gollete\" - GYS NOTICIAS |","robots":{"index":"index","follow":"follow","max-snippet":"max-snippet:-1","max-image-preview":"max-image-preview:large","max-video-preview":"max-video-preview:-1"},"canonical":"https:\/\/gysfm.com.ar\/inicio\/adorni-dijo-que-la-causa-sobre-los-departamentos-no-tiene-gollete\/","og_locale":"es_ES","og_type":"article","og_title":"Adorni dijo que la causa sobre los departamentos \"no tiene gollete\" - GYS NOTICIAS |","og_description":"El jefe de Gabinete, Manuel Adorni, afirm\u00f3 que la causa en la que se lo investiga por compras de departamentos \u201cno tiene gollete\u201d y asegur\u00f3 que no conoce Disney, en respuesta a una nueva denuncia realizada por el diputado Rodolfo Tailhade. \u201cLa causa no tiene gollete y no va a prosperar de culpabilidad. Es una [&hellip;]","og_url":"https:\/\/gysfm.com.ar\/inicio\/adorni-dijo-que-la-causa-sobre-los-departamentos-no-tiene-gollete\/","og_site_name":"GYS NOTICIAS |","article_published_time":"2026-05-01T23:46:21+00:00","author":"Prensa G&amp;S FM","twitter_card":"summary_large_image","twitter_misc":{"Escrito por":"Prensa G&amp;S FM","Tiempo de lectura":"2 minutos"},"schema":{"@context":"https:\/\/schema.org","@graph":[{"@type":"Article","@id":"https:\/\/gysfm.com.ar\/inicio\/adorni-dijo-que-la-causa-sobre-los-departamentos-no-tiene-gollete\/#article","isPartOf":{"@id":"https:\/\/gysfm.com.ar\/inicio\/adorni-dijo-que-la-causa-sobre-los-departamentos-no-tiene-gollete\/"},"author":{"name":"Prensa G&amp;S FM","@id":"https:\/\/gysfm.com.ar\/inicio\/#\/schema\/person\/3abba7593ef2ad19e1be221d54383dc5"},"headline":"Adorni dijo que la causa sobre los departamentos \u00abno tiene gollete\u00bb","datePublished":"2026-05-01T23:46:21+00:00","mainEntityOfPage":{"@id":"https:\/\/gysfm.com.ar\/inicio\/adorni-dijo-que-la-causa-sobre-los-departamentos-no-tiene-gollete\/"},"wordCount":461,"publisher":{"@id":"https:\/\/gysfm.com.ar\/inicio\/#organization"},"image":{"@id":"https:\/\/gysfm.com.ar\/inicio\/adorni-dijo-que-la-causa-sobre-los-departamentos-no-tiene-gollete\/#primaryimage"},"thumbnailUrl":"https:\/\/gysfm.com.ar\/inicio\/wp-content\/uploads\/2026\/05\/adorni-en-el-congreso-2230915.jpg","articleSection":["NACIONALES"],"inLanguage":"es"},{"@type":"WebPage","@id":"https:\/\/gysfm.com.ar\/inicio\/adorni-dijo-que-la-causa-sobre-los-departamentos-no-tiene-gollete\/","url":"https:\/\/gysfm.com.ar\/inicio\/adorni-dijo-que-la-causa-sobre-los-departamentos-no-tiene-gollete\/","name":"Adorni dijo que la causa sobre los departamentos \"no tiene gollete\" - GYS NOTICIAS |","isPartOf":{"@id":"https:\/\/gysfm.com.ar\/inicio\/#website"},"primaryImageOfPage":{"@id":"https:\/\/gysfm.com.ar\/inicio\/adorni-dijo-que-la-causa-sobre-los-departamentos-no-tiene-gollete\/#primaryimage"},"image":{"@id":"https:\/\/gysfm.com.ar\/inicio\/adorni-dijo-que-la-causa-sobre-los-departamentos-no-tiene-gollete\/#primaryimage"},"thumbnailUrl":"https:\/\/gysfm.com.ar\/inicio\/wp-content\/uploads\/2026\/05\/adorni-en-el-congreso-2230915.jpg","datePublished":"2026-05-01T23:46:21+00:00","breadcrumb":{"@id":"https:\/\/gysfm.com.ar\/inicio\/adorni-dijo-que-la-causa-sobre-los-departamentos-no-tiene-gollete\/#breadcrumb"},"inLanguage":"es","potentialAction":[{"@type":"ReadAction","target":["https:\/\/gysfm.com.ar\/inicio\/adorni-dijo-que-la-causa-sobre-los-departamentos-no-tiene-gollete\/"]}]},{"@type":"ImageObject","inLanguage":"es","@id":"https:\/\/gysfm.com.ar\/inicio\/adorni-dijo-que-la-causa-sobre-los-departamentos-no-tiene-gollete\/#primaryimage","url":"https:\/\/gysfm.com.ar\/inicio\/wp-content\/uploads\/2026\/05\/adorni-en-el-congreso-2230915.jpg","contentUrl":"https:\/\/gysfm.com.ar\/inicio\/wp-content\/uploads\/2026\/05\/adorni-en-el-congreso-2230915.jpg","width":1140,"height":641},{"@type":"BreadcrumbList","@id":"https:\/\/gysfm.com.ar\/inicio\/adorni-dijo-que-la-causa-sobre-los-departamentos-no-tiene-gollete\/#breadcrumb","itemListElement":[{"@type":"ListItem","position":1,"name":"Portada","item":"https:\/\/gysfm.com.ar\/inicio\/"},{"@type":"ListItem","position":2,"name":"Adorni dijo que la causa sobre los departamentos \u00abno tiene gollete\u00bb"}]},{"@type":"WebSite","@id":"https:\/\/gysfm.com.ar\/inicio\/#website","url":"https:\/\/gysfm.com.ar\/inicio\/","name":"GYS NOTICIAS |","description":"DIARIO - RADIO ONLINE SAN JUAN ARGENTINA","publisher":{"@id":"https:\/\/gysfm.com.ar\/inicio\/#organization"},"potentialAction":[{"@type":"SearchAction","target":{"@type":"EntryPoint","urlTemplate":"https:\/\/gysfm.com.ar\/inicio\/?s={search_term_string}"},"query-input":{"@type":"PropertyValueSpecification","valueRequired":true,"valueName":"search_term_string"}}],"inLanguage":"es"},{"@type":"Organization","@id":"https:\/\/gysfm.com.ar\/inicio\/#organization","name":"GYS NOTICIAS |","url":"https:\/\/gysfm.com.ar\/inicio\/","logo":{"@type":"ImageObject","inLanguage":"es","@id":"https:\/\/gysfm.com.ar\/inicio\/#\/schema\/logo\/image\/","url":"https:\/\/gysfm.com.ar\/inicio\/wp-content\/uploads\/2023\/07\/LOGOGYS-OK.png","contentUrl":"https:\/\/gysfm.com.ar\/inicio\/wp-content\/uploads\/2023\/07\/LOGOGYS-OK.png","width":1170,"height":872,"caption":"GYS NOTICIAS |"},"image":{"@id":"https:\/\/gysfm.com.ar\/inicio\/#\/schema\/logo\/image\/"}},{"@type":"Person","@id":"https:\/\/gysfm.com.ar\/inicio\/#\/schema\/person\/3abba7593ef2ad19e1be221d54383dc5","name":"Prensa G&amp;S FM","image":{"@type":"ImageObject","inLanguage":"es","@id":"https:\/\/gysfm.com.ar\/inicio\/#\/schema\/person\/image\/","url":"https:\/\/secure.gravatar.com\/avatar\/096ec78df02049ab018702bb4ccedf659377fa92a26540b5247612077a0dbd29?s=96&d=mm&r=g","contentUrl":"https:\/\/secure.gravatar.com\/avatar\/096ec78df02049ab018702bb4ccedf659377fa92a26540b5247612077a0dbd29?s=96&d=mm&r=g","caption":"Prensa G&amp;S FM"},"sameAs":["https:\/\/gysfm.com.ar\/"],"url":"https:\/\/gysfm.com.ar\/inicio\/author\/lucasm\/"}]}},"_links":{"self":[{"href":"https:\/\/gysfm.com.ar\/inicio\/wp-json\/wp\/v2\/posts\/194177","targetHints":{"allow":["GET"]}}],"collection":[{"href":"https:\/\/gysfm.com.ar\/inicio\/wp-json\/wp\/v2\/posts"}],"about":[{"href":"https:\/\/gysfm.com.ar\/inicio\/wp-json\/wp\/v2\/types\/post"}],"author":[{"embeddable":true,"href":"https:\/\/gysfm.com.ar\/inicio\/wp-json\/wp\/v2\/users\/2"}],"replies":[{"embeddable":true,"href":"https:\/\/gysfm.com.ar\/inicio\/wp-json\/wp\/v2\/comments?post=194177"}],"version-history":[{"count":0,"href":"https:\/\/gysfm.com.ar\/inicio\/wp-json\/wp\/v2\/posts\/194177\/revisions"}],"wp:featuredmedia":[{"embeddable":true,"href":"https:\/\/gysfm.com.ar\/inicio\/wp-json\/wp\/v2\/media\/194178"}],"wp:attachment":[{"href":"https:\/\/gysfm.com.ar\/inicio\/wp-json\/wp\/v2\/media?parent=194177"}],"wp:term":[{"taxonomy":"category","embeddable":true,"href":"https:\/\/gysfm.com.ar\/inicio\/wp-json\/wp\/v2\/categories?post=194177"},{"taxonomy":"post_tag","embeddable":true,"href":"https:\/\/gysfm.com.ar\/inicio\/wp-json\/wp\/v2\/tags?post=194177"}],"curies":[{"name":"wp","href":"https:\/\/api.w.org\/{rel}","templated":true}]}}