{"id":194164,"date":"2026-05-01T18:42:32","date_gmt":"2026-05-01T21:42:32","guid":{"rendered":"https:\/\/gysfm.com.ar\/inicio\/cazzu-estrena-su-nuevo-single-perdon-si-no-te-llame-en-medio-de-su-gira-mundial\/"},"modified":"2026-05-01T18:42:32","modified_gmt":"2026-05-01T21:42:32","slug":"cazzu-estrena-su-nuevo-single-perdon-si-no-te-llame-en-medio-de-su-gira-mundial","status":"publish","type":"post","link":"https:\/\/gysfm.com.ar\/inicio\/cazzu-estrena-su-nuevo-single-perdon-si-no-te-llame-en-medio-de-su-gira-mundial\/","title":{"rendered":"Cazzu estrena su nuevo single \u00abPerd\u00f3n si no te llam\u00e9\u00bb en medio de su gira mundial"},"content":{"rendered":"<p><\/p>\n<div id=\"article-content\">\n<p><strong><a target=\"_blank\" href=\"https:\/\/exitoina.perfil.com\/noticias\/cine-2\/cuando-estrena-risa-y-la-cabina-del-viento-pelicula-protagonizada-cazzu-y-diego-peretti.phtml\">Cazzu<\/a><\/strong> estrena su nuevo single \u201c<strong><em>Perd\u00f3n si no te llam\u00e9\u201d<\/em><\/strong>, una nueva pieza que reafirma su capacidad para construir relatos donde la m\u00fasica y lo visual se integran en una misma experiencia. El lanzamiento llega en medio de su gira internacional con shows sold out por Estados Unidos y M\u00e9xico, y en la previa a un hito clave en su carrera: su primera presentaci\u00f3n en un estadio, que tendr\u00e1 lugar en el Estadio 23 de Agosto de su natal <strong>Jujuy<\/strong>.<\/p>\n<p>Con una impronta marcada por la narrativa y la est\u00e9tica, la canci\u00f3n se inscribe dentro del universo \u201c<strong>Latinaje<\/strong>\u201d, una etapa donde La Jefa profundiza en una b\u00fasqueda conceptual que combina ra\u00edces, sensualidad y oscuridad. En este nuevo cap\u00edtulo, la historia gira en torno a una figura de \u201cviuda negra\u201d que seduce, manipula y traiciona, desplegando una trama atravesada por el deseo, el poder y la venganza.<\/p>\n<p><iframe loading=\"lazy\" title=\"Cazzu - Perd\u00f3n si no te llam\u00e9 (Official Video)\" width=\"1170\" height=\"658\" src=\"https:\/\/www.youtube.com\/embed\/R9lvYHDKMAs?wmode=transparent&amp;rel=0&amp;feature=oembed\" frameborder=\"0\" allow=\"accelerometer; autoplay; clipboard-write; encrypted-media; gyroscope; picture-in-picture; web-share\" referrerpolicy=\"strict-origin-when-cross-origin\" allowfullscreen><\/iframe><\/p>\n<p>En<strong><em> \u201cPerd\u00f3n si no te llam\u00e9\u201d<\/em><\/strong>, Cazzu vuelve a explorar la instrumentaci\u00f3n de <strong>sierre\u00f1o moderno<\/strong> (docerolas, charchetas, tololoche y tromb\u00f3n) desde una mirada propia, combinando la tradici\u00f3n del g\u00e9nero con su impronta urbana. El lanzamiento llega acompa\u00f1ado por un videoclip que contin\u00faa y expande esta identidad visual. Con un tratamiento cinematogr\u00e1fico, la filmaci\u00f3n muestra un relato donde lo cotidiano se transforma en un escenario cargado de simbolismo. La pieza refuerza la construcci\u00f3n de un multiverso que incluye los videos de <em>\u201cJujuy estrellado<\/em>\u201d y \u201c<em>Otro como t\u00fa<\/em>\u201d, en el que personajes, paisajes y emociones se entrelazan, consolidando una est\u00e9tica propia que cruza lo popular con lo on\u00edrico.<\/p>\n<p>En paralelo, Cazzu sigue consolidando su proyecci\u00f3n internacional con presentaciones en escenarios clave de Estados Unidos y M\u00e9xico, con m\u00faltiples funciones sold out en ciudades como Los \u00c1ngeles, Nueva York, San Diego y Houston. Como parte de su tour, tambi\u00e9n visitar\u00e1 Bolivia, Guatemala, Costa Rica, Uruguay y Espa\u00f1a. Este recorrido global marca un momento de expansi\u00f3n en su carrera y anticipa su llegada al Estadio \u201c23 de Agosto\u201d en Jujuy el pr\u00f3ximo 12 de septiembre, donde vivir\u00e1 uno de los momentos m\u00e1s importantes de su trayectoria.<\/p>\n<div style=\"text-align:center\">\n<figure class=\"image\" style=\"display:inline-block\"><img decoding=\"async\" style=\"max-width: 100%; width: 100%;\" alt=\"Cazzu \" src=\"https:\/\/fotos.perfil.com\/\/2026\/05\/01\/900\/0\/cazzu-2231717.jpg\" loading=\"lazy\"\/>&#13;<figcaption>Cazzu<\/figcaption>&#13;<br \/>\n<\/figure>\n<\/div>\n<p>El estreno de<strong><em> \u201cPerd\u00f3n si no te llam\u00e9<\/em><\/strong>\u201d llega de la mano de cuatro <strong><a target=\"_blank\" href=\"https:\/\/exitoina.perfil.com\/noticias\/musica\/revelaron-la-lista-completa-de-los-nominados-a-los-premios-gardel-2026.phtml\">nominaciones a los Premios Gardel<\/a><\/strong>, los premios m\u00e1s importantes de la m\u00fasica argentina, entre ellas: Latinaje \u201c\u00c1lbum del A\u00f1o\u201d y \u201cMejor \u00c1lbum de M\u00fasica Global\u201d, Con Otra como \u201cCanci\u00f3n del A\u00f1o\u201d y \u201cMejor Canci\u00f3n Tropical \/ Cumbia\u201d.\u00a0<\/p>\n<p>GIRA \u201cLATINAJE\u201d INTERNACIONAL<\/p>\n<p>ESTADOS UNIDOS<\/p>\n<ul>&#13;<\/p>\n<li>23.04 \u2013 The Chicago Theatre \u2013 Chicago, IL [SOLD OUT]<\/li>\n<p>&#13;<\/p>\n<li>25.04 \u2013 Dolby Live at Park MGM \u2013 Las Vegas, NV<\/li>\n<p>&#13;<\/p>\n<li>28.04 \u2013 Arizona Financial Theatre \u2013 Phoenix, AZ<\/li>\n<p>&#13;<\/p>\n<li>30.04 \u2013 San Jose Civic \u2013 San Jos\u00e9, CA [SOLD OUT]<\/li>\n<p>&#13;<\/p>\n<li>01.05 \u2013 Cal Coast Credit Union Open Air Theatre \u2013 San Diego, CA [SOLD OUT]<\/li>\n<p>&#13;<\/p>\n<li>02.05 \u2013 YouTube Theatre \u2013 Inglewood, CA [SOLD OUT]<\/li>\n<p>&#13;<\/p>\n<li>03.05 \u2013 YouTube Theatre \u2013 Inglewood, CA [SOLD OUT]<\/li>\n<p>&#13;<\/p>\n<li>06.05 \u2013 Infosys Theater at Madison Square Garden \u2013 New York, NY [SOLD OUT]<\/li>\n<p>&#13;<\/p>\n<li>08.05 \u2013 Boeing Center at Tech Port \u2013 San Antonio, TX [SOLD OUT]<\/li>\n<p>&#13;<\/p>\n<li>09.05 \u2013 The Pavilion at Toyota Music Factory \u2013 Irving, TX<\/li>\n<p>&#13;<\/p>\n<li>10.05 \u2013 713 Music Hall \u2013 Houston, TX [SOLD OUT]<\/li>\n<p>&#13;<\/p>\n<li>12.05 \u2013 713 Music Hall \u2013 Houston, TX<\/li>\n<p>&#13;<\/p>\n<li>14.05 \u2013 El Paso County Coliseum \u2013 El Paso, TX<\/li>\n<p>&#13;<\/p>\n<li>21.05 \u2013 Hard Rock Live \u2013 Hollywood, FL<\/li>\n<p>&#13;\n<\/ul>\n<p>M\u00c9XICO<\/p>\n<ul>&#13;<\/p>\n<li>16.05 \u2013 Tecate Emblema \u2013 CDMX<\/li>\n<p>&#13;<\/p>\n<li>18.05 \u2013 Teatro Josefa Ortiz de Dom\u00ednguez \u2013 Quer\u00e9taro<\/li>\n<p>&#13;\n<\/ul>\n<p>BOLIVIA<\/p>\n<ul>&#13;<\/p>\n<li>05.08 \u2013 Arena Makro Parque \u2013 Santa Cruz<\/li>\n<p>&#13;<\/p>\n<li>07.08 \u2013 Teatro al Aire Libre \u2013 La Paz<\/li>\n<p>&#13;<\/p>\n<li>08.08 \u2013 Fexco Arena \u2013 Cochabamba<\/li>\n<p>&#13;\n<\/ul>\n<p>ARGENTINA<\/p>\n<ul>&#13;<\/p>\n<li>12.09 &#8211; Estadio \u00ab23 de agosto\u00bb &#8211; Jujuy<\/li>\n<p>&#13;\n<\/ul>\n<p>GUATEMALA<\/p>\n<ul>&#13;<\/p>\n<li>18.09 \u2013 Parque de la Industria \u2013 Guatemala<\/li>\n<p>&#13;\n<\/ul>\n<p>COSTA RICA<\/p>\n<ul>&#13;<\/p>\n<li>19.09 \u2013 Parque Viva \u2013 San Jos\u00e9<\/li>\n<p>&#13;\n<\/ul>\n<p>URUGUAY<\/p>\n<ul>&#13;<\/p>\n<li>24.10 \u2013 Antel Arena \u2013 Montevideo<\/li>\n<p>&#13;\n<\/ul>\n<p>ESPA\u00d1A<\/p>\n<ul>&#13;<\/p>\n<li>25.11 \u2013 Live Las Ventas \u2013 Madrid<\/li>\n<p>&#13;<\/p>\n<li>29.11 \u2013 Razzmatazz \u2013 Barcelona<\/li>\n<p>&#13;\n<\/ul>\n<\/p><\/div>\n<p><script>\n\t(function(d, s, id) {\n\t\tvar js, fjs = d.getElementsByTagName(s)[0];\n\t\tif (d.getElementById(id)) return;\n\t\tjs = d.createElement(s);\n\t\tjs.id = id;\n\t\tjs.src=\"https:\/\/connect.facebook.net\/es_LA\/sdk.js#xfbml=1&version=v3.1\";\n\t\tfjs.parentNode.insertBefore(js, fjs);\n\t}(document, 'script', 'facebook-jssdk'));\n<\/script><\/p>\n","protected":false},"excerpt":{"rendered":"<p>Cazzu estrena su nuevo single \u201cPerd\u00f3n si no te llam\u00e9\u201d, una nueva pieza que reafirma su capacidad para construir relatos donde la m\u00fasica y lo visual se integran en una misma experiencia. El lanzamiento llega en medio de su gira internacional con shows sold out por Estados Unidos y M\u00e9xico, y en la previa a [&hellip;]<\/p>\n","protected":false},"author":2,"featured_media":194165,"comment_status":"closed","ping_status":"closed","sticky":false,"template":"","format":"standard","meta":{"footnotes":""},"categories":[25],"tags":[],"class_list":["post-194164","post","type-post","status-publish","format-standard","has-post-thumbnail","hentry","category-nacionales"],"yoast_head":"<!-- This site is optimized with the Yoast SEO plugin v24.4 - https:\/\/yoast.com\/wordpress\/plugins\/seo\/ -->\n<title>Cazzu estrena su nuevo single &quot;Perd\u00f3n si no te llam\u00e9&quot; en medio de su gira mundial - GYS NOTICIAS |<\/title>\n<meta name=\"robots\" content=\"index, follow, max-snippet:-1, max-image-preview:large, max-video-preview:-1\" \/>\n<link rel=\"canonical\" href=\"https:\/\/gysfm.com.ar\/inicio\/cazzu-estrena-su-nuevo-single-perdon-si-no-te-llame-en-medio-de-su-gira-mundial\/\" \/>\n<meta property=\"og:locale\" content=\"es_ES\" \/>\n<meta property=\"og:type\" content=\"article\" \/>\n<meta property=\"og:title\" content=\"Cazzu estrena su nuevo single &quot;Perd\u00f3n si no te llam\u00e9&quot; en medio de su gira mundial - GYS NOTICIAS |\" \/>\n<meta property=\"og:description\" content=\"Cazzu estrena su nuevo single \u201cPerd\u00f3n si no te llam\u00e9\u201d, una nueva pieza que reafirma su capacidad para construir relatos donde la m\u00fasica y lo visual se integran en una misma experiencia. El lanzamiento llega en medio de su gira internacional con shows sold out por Estados Unidos y M\u00e9xico, y en la previa a [&hellip;]\" \/>\n<meta property=\"og:url\" content=\"https:\/\/gysfm.com.ar\/inicio\/cazzu-estrena-su-nuevo-single-perdon-si-no-te-llame-en-medio-de-su-gira-mundial\/\" \/>\n<meta property=\"og:site_name\" content=\"GYS NOTICIAS |\" \/>\n<meta property=\"article:published_time\" content=\"2026-05-01T21:42:32+00:00\" \/>\n<meta property=\"og:image\" content=\"https:\/\/fotos.perfil.com\/\/2026\/05\/01\/900\/0\/cazzu-2231717.jpg\" \/>\n<meta name=\"author\" content=\"Prensa G&amp;S FM\" \/>\n<meta name=\"twitter:card\" content=\"summary_large_image\" \/>\n<meta name=\"twitter:label1\" content=\"Escrito por\" \/>\n\t<meta name=\"twitter:data1\" content=\"Prensa G&amp;S FM\" \/>\n\t<meta name=\"twitter:label2\" content=\"Tiempo de lectura\" \/>\n\t<meta name=\"twitter:data2\" content=\"3 minutos\" \/>\n<script type=\"application\/ld+json\" class=\"yoast-schema-graph\">{\"@context\":\"https:\/\/schema.org\",\"@graph\":[{\"@type\":\"Article\",\"@id\":\"https:\/\/gysfm.com.ar\/inicio\/cazzu-estrena-su-nuevo-single-perdon-si-no-te-llame-en-medio-de-su-gira-mundial\/#article\",\"isPartOf\":{\"@id\":\"https:\/\/gysfm.com.ar\/inicio\/cazzu-estrena-su-nuevo-single-perdon-si-no-te-llame-en-medio-de-su-gira-mundial\/\"},\"author\":{\"name\":\"Prensa G&amp;S FM\",\"@id\":\"https:\/\/gysfm.com.ar\/inicio\/#\/schema\/person\/3abba7593ef2ad19e1be221d54383dc5\"},\"headline\":\"Cazzu estrena su nuevo single \u00abPerd\u00f3n si no te llam\u00e9\u00bb en medio de su gira mundial\",\"datePublished\":\"2026-05-01T21:42:32+00:00\",\"mainEntityOfPage\":{\"@id\":\"https:\/\/gysfm.com.ar\/inicio\/cazzu-estrena-su-nuevo-single-perdon-si-no-te-llame-en-medio-de-su-gira-mundial\/\"},\"wordCount\":618,\"publisher\":{\"@id\":\"https:\/\/gysfm.com.ar\/inicio\/#organization\"},\"image\":{\"@id\":\"https:\/\/gysfm.com.ar\/inicio\/cazzu-estrena-su-nuevo-single-perdon-si-no-te-llame-en-medio-de-su-gira-mundial\/#primaryimage\"},\"thumbnailUrl\":\"https:\/\/gysfm.com.ar\/inicio\/wp-content\/uploads\/2026\/05\/cazzu-2231716.jpg\",\"articleSection\":[\"NACIONALES\"],\"inLanguage\":\"es\"},{\"@type\":\"WebPage\",\"@id\":\"https:\/\/gysfm.com.ar\/inicio\/cazzu-estrena-su-nuevo-single-perdon-si-no-te-llame-en-medio-de-su-gira-mundial\/\",\"url\":\"https:\/\/gysfm.com.ar\/inicio\/cazzu-estrena-su-nuevo-single-perdon-si-no-te-llame-en-medio-de-su-gira-mundial\/\",\"name\":\"Cazzu estrena su nuevo single \\\"Perd\u00f3n si no te llam\u00e9\\\" en medio de su gira mundial - GYS NOTICIAS |\",\"isPartOf\":{\"@id\":\"https:\/\/gysfm.com.ar\/inicio\/#website\"},\"primaryImageOfPage\":{\"@id\":\"https:\/\/gysfm.com.ar\/inicio\/cazzu-estrena-su-nuevo-single-perdon-si-no-te-llame-en-medio-de-su-gira-mundial\/#primaryimage\"},\"image\":{\"@id\":\"https:\/\/gysfm.com.ar\/inicio\/cazzu-estrena-su-nuevo-single-perdon-si-no-te-llame-en-medio-de-su-gira-mundial\/#primaryimage\"},\"thumbnailUrl\":\"https:\/\/gysfm.com.ar\/inicio\/wp-content\/uploads\/2026\/05\/cazzu-2231716.jpg\",\"datePublished\":\"2026-05-01T21:42:32+00:00\",\"breadcrumb\":{\"@id\":\"https:\/\/gysfm.com.ar\/inicio\/cazzu-estrena-su-nuevo-single-perdon-si-no-te-llame-en-medio-de-su-gira-mundial\/#breadcrumb\"},\"inLanguage\":\"es\",\"potentialAction\":[{\"@type\":\"ReadAction\",\"target\":[\"https:\/\/gysfm.com.ar\/inicio\/cazzu-estrena-su-nuevo-single-perdon-si-no-te-llame-en-medio-de-su-gira-mundial\/\"]}]},{\"@type\":\"ImageObject\",\"inLanguage\":\"es\",\"@id\":\"https:\/\/gysfm.com.ar\/inicio\/cazzu-estrena-su-nuevo-single-perdon-si-no-te-llame-en-medio-de-su-gira-mundial\/#primaryimage\",\"url\":\"https:\/\/gysfm.com.ar\/inicio\/wp-content\/uploads\/2026\/05\/cazzu-2231716.jpg\",\"contentUrl\":\"https:\/\/gysfm.com.ar\/inicio\/wp-content\/uploads\/2026\/05\/cazzu-2231716.jpg\",\"width\":1140,\"height\":641},{\"@type\":\"BreadcrumbList\",\"@id\":\"https:\/\/gysfm.com.ar\/inicio\/cazzu-estrena-su-nuevo-single-perdon-si-no-te-llame-en-medio-de-su-gira-mundial\/#breadcrumb\",\"itemListElement\":[{\"@type\":\"ListItem\",\"position\":1,\"name\":\"Portada\",\"item\":\"https:\/\/gysfm.com.ar\/inicio\/\"},{\"@type\":\"ListItem\",\"position\":2,\"name\":\"Cazzu estrena su nuevo single \u00abPerd\u00f3n si no te llam\u00e9\u00bb en medio de su gira mundial\"}]},{\"@type\":\"WebSite\",\"@id\":\"https:\/\/gysfm.com.ar\/inicio\/#website\",\"url\":\"https:\/\/gysfm.com.ar\/inicio\/\",\"name\":\"GYS NOTICIAS |\",\"description\":\"DIARIO - RADIO ONLINE SAN JUAN ARGENTINA\",\"publisher\":{\"@id\":\"https:\/\/gysfm.com.ar\/inicio\/#organization\"},\"potentialAction\":[{\"@type\":\"SearchAction\",\"target\":{\"@type\":\"EntryPoint\",\"urlTemplate\":\"https:\/\/gysfm.com.ar\/inicio\/?s={search_term_string}\"},\"query-input\":{\"@type\":\"PropertyValueSpecification\",\"valueRequired\":true,\"valueName\":\"search_term_string\"}}],\"inLanguage\":\"es\"},{\"@type\":\"Organization\",\"@id\":\"https:\/\/gysfm.com.ar\/inicio\/#organization\",\"name\":\"GYS NOTICIAS |\",\"url\":\"https:\/\/gysfm.com.ar\/inicio\/\",\"logo\":{\"@type\":\"ImageObject\",\"inLanguage\":\"es\",\"@id\":\"https:\/\/gysfm.com.ar\/inicio\/#\/schema\/logo\/image\/\",\"url\":\"https:\/\/gysfm.com.ar\/inicio\/wp-content\/uploads\/2023\/07\/LOGOGYS-OK.png\",\"contentUrl\":\"https:\/\/gysfm.com.ar\/inicio\/wp-content\/uploads\/2023\/07\/LOGOGYS-OK.png\",\"width\":1170,\"height\":872,\"caption\":\"GYS NOTICIAS |\"},\"image\":{\"@id\":\"https:\/\/gysfm.com.ar\/inicio\/#\/schema\/logo\/image\/\"}},{\"@type\":\"Person\",\"@id\":\"https:\/\/gysfm.com.ar\/inicio\/#\/schema\/person\/3abba7593ef2ad19e1be221d54383dc5\",\"name\":\"Prensa G&amp;S FM\",\"image\":{\"@type\":\"ImageObject\",\"inLanguage\":\"es\",\"@id\":\"https:\/\/gysfm.com.ar\/inicio\/#\/schema\/person\/image\/\",\"url\":\"https:\/\/secure.gravatar.com\/avatar\/096ec78df02049ab018702bb4ccedf659377fa92a26540b5247612077a0dbd29?s=96&d=mm&r=g\",\"contentUrl\":\"https:\/\/secure.gravatar.com\/avatar\/096ec78df02049ab018702bb4ccedf659377fa92a26540b5247612077a0dbd29?s=96&d=mm&r=g\",\"caption\":\"Prensa G&amp;S FM\"},\"sameAs\":[\"https:\/\/gysfm.com.ar\/\"],\"url\":\"https:\/\/gysfm.com.ar\/inicio\/author\/lucasm\/\"}]}<\/script>\n<!-- \/ Yoast SEO plugin. -->","yoast_head_json":{"title":"Cazzu estrena su nuevo single \"Perd\u00f3n si no te llam\u00e9\" en medio de su gira mundial - GYS NOTICIAS |","robots":{"index":"index","follow":"follow","max-snippet":"max-snippet:-1","max-image-preview":"max-image-preview:large","max-video-preview":"max-video-preview:-1"},"canonical":"https:\/\/gysfm.com.ar\/inicio\/cazzu-estrena-su-nuevo-single-perdon-si-no-te-llame-en-medio-de-su-gira-mundial\/","og_locale":"es_ES","og_type":"article","og_title":"Cazzu estrena su nuevo single \"Perd\u00f3n si no te llam\u00e9\" en medio de su gira mundial - GYS NOTICIAS |","og_description":"Cazzu estrena su nuevo single \u201cPerd\u00f3n si no te llam\u00e9\u201d, una nueva pieza que reafirma su capacidad para construir relatos donde la m\u00fasica y lo visual se integran en una misma experiencia. El lanzamiento llega en medio de su gira internacional con shows sold out por Estados Unidos y M\u00e9xico, y en la previa a [&hellip;]","og_url":"https:\/\/gysfm.com.ar\/inicio\/cazzu-estrena-su-nuevo-single-perdon-si-no-te-llame-en-medio-de-su-gira-mundial\/","og_site_name":"GYS NOTICIAS |","article_published_time":"2026-05-01T21:42:32+00:00","og_image":[{"url":"https:\/\/fotos.perfil.com\/\/2026\/05\/01\/900\/0\/cazzu-2231717.jpg","type":"","width":"","height":""}],"author":"Prensa G&amp;S FM","twitter_card":"summary_large_image","twitter_misc":{"Escrito por":"Prensa G&amp;S FM","Tiempo de lectura":"3 minutos"},"schema":{"@context":"https:\/\/schema.org","@graph":[{"@type":"Article","@id":"https:\/\/gysfm.com.ar\/inicio\/cazzu-estrena-su-nuevo-single-perdon-si-no-te-llame-en-medio-de-su-gira-mundial\/#article","isPartOf":{"@id":"https:\/\/gysfm.com.ar\/inicio\/cazzu-estrena-su-nuevo-single-perdon-si-no-te-llame-en-medio-de-su-gira-mundial\/"},"author":{"name":"Prensa G&amp;S FM","@id":"https:\/\/gysfm.com.ar\/inicio\/#\/schema\/person\/3abba7593ef2ad19e1be221d54383dc5"},"headline":"Cazzu estrena su nuevo single \u00abPerd\u00f3n si no te llam\u00e9\u00bb en medio de su gira mundial","datePublished":"2026-05-01T21:42:32+00:00","mainEntityOfPage":{"@id":"https:\/\/gysfm.com.ar\/inicio\/cazzu-estrena-su-nuevo-single-perdon-si-no-te-llame-en-medio-de-su-gira-mundial\/"},"wordCount":618,"publisher":{"@id":"https:\/\/gysfm.com.ar\/inicio\/#organization"},"image":{"@id":"https:\/\/gysfm.com.ar\/inicio\/cazzu-estrena-su-nuevo-single-perdon-si-no-te-llame-en-medio-de-su-gira-mundial\/#primaryimage"},"thumbnailUrl":"https:\/\/gysfm.com.ar\/inicio\/wp-content\/uploads\/2026\/05\/cazzu-2231716.jpg","articleSection":["NACIONALES"],"inLanguage":"es"},{"@type":"WebPage","@id":"https:\/\/gysfm.com.ar\/inicio\/cazzu-estrena-su-nuevo-single-perdon-si-no-te-llame-en-medio-de-su-gira-mundial\/","url":"https:\/\/gysfm.com.ar\/inicio\/cazzu-estrena-su-nuevo-single-perdon-si-no-te-llame-en-medio-de-su-gira-mundial\/","name":"Cazzu estrena su nuevo single \"Perd\u00f3n si no te llam\u00e9\" en medio de su gira mundial - GYS NOTICIAS |","isPartOf":{"@id":"https:\/\/gysfm.com.ar\/inicio\/#website"},"primaryImageOfPage":{"@id":"https:\/\/gysfm.com.ar\/inicio\/cazzu-estrena-su-nuevo-single-perdon-si-no-te-llame-en-medio-de-su-gira-mundial\/#primaryimage"},"image":{"@id":"https:\/\/gysfm.com.ar\/inicio\/cazzu-estrena-su-nuevo-single-perdon-si-no-te-llame-en-medio-de-su-gira-mundial\/#primaryimage"},"thumbnailUrl":"https:\/\/gysfm.com.ar\/inicio\/wp-content\/uploads\/2026\/05\/cazzu-2231716.jpg","datePublished":"2026-05-01T21:42:32+00:00","breadcrumb":{"@id":"https:\/\/gysfm.com.ar\/inicio\/cazzu-estrena-su-nuevo-single-perdon-si-no-te-llame-en-medio-de-su-gira-mundial\/#breadcrumb"},"inLanguage":"es","potentialAction":[{"@type":"ReadAction","target":["https:\/\/gysfm.com.ar\/inicio\/cazzu-estrena-su-nuevo-single-perdon-si-no-te-llame-en-medio-de-su-gira-mundial\/"]}]},{"@type":"ImageObject","inLanguage":"es","@id":"https:\/\/gysfm.com.ar\/inicio\/cazzu-estrena-su-nuevo-single-perdon-si-no-te-llame-en-medio-de-su-gira-mundial\/#primaryimage","url":"https:\/\/gysfm.com.ar\/inicio\/wp-content\/uploads\/2026\/05\/cazzu-2231716.jpg","contentUrl":"https:\/\/gysfm.com.ar\/inicio\/wp-content\/uploads\/2026\/05\/cazzu-2231716.jpg","width":1140,"height":641},{"@type":"BreadcrumbList","@id":"https:\/\/gysfm.com.ar\/inicio\/cazzu-estrena-su-nuevo-single-perdon-si-no-te-llame-en-medio-de-su-gira-mundial\/#breadcrumb","itemListElement":[{"@type":"ListItem","position":1,"name":"Portada","item":"https:\/\/gysfm.com.ar\/inicio\/"},{"@type":"ListItem","position":2,"name":"Cazzu estrena su nuevo single \u00abPerd\u00f3n si no te llam\u00e9\u00bb en medio de su gira mundial"}]},{"@type":"WebSite","@id":"https:\/\/gysfm.com.ar\/inicio\/#website","url":"https:\/\/gysfm.com.ar\/inicio\/","name":"GYS NOTICIAS |","description":"DIARIO - RADIO ONLINE SAN JUAN ARGENTINA","publisher":{"@id":"https:\/\/gysfm.com.ar\/inicio\/#organization"},"potentialAction":[{"@type":"SearchAction","target":{"@type":"EntryPoint","urlTemplate":"https:\/\/gysfm.com.ar\/inicio\/?s={search_term_string}"},"query-input":{"@type":"PropertyValueSpecification","valueRequired":true,"valueName":"search_term_string"}}],"inLanguage":"es"},{"@type":"Organization","@id":"https:\/\/gysfm.com.ar\/inicio\/#organization","name":"GYS NOTICIAS |","url":"https:\/\/gysfm.com.ar\/inicio\/","logo":{"@type":"ImageObject","inLanguage":"es","@id":"https:\/\/gysfm.com.ar\/inicio\/#\/schema\/logo\/image\/","url":"https:\/\/gysfm.com.ar\/inicio\/wp-content\/uploads\/2023\/07\/LOGOGYS-OK.png","contentUrl":"https:\/\/gysfm.com.ar\/inicio\/wp-content\/uploads\/2023\/07\/LOGOGYS-OK.png","width":1170,"height":872,"caption":"GYS NOTICIAS |"},"image":{"@id":"https:\/\/gysfm.com.ar\/inicio\/#\/schema\/logo\/image\/"}},{"@type":"Person","@id":"https:\/\/gysfm.com.ar\/inicio\/#\/schema\/person\/3abba7593ef2ad19e1be221d54383dc5","name":"Prensa G&amp;S FM","image":{"@type":"ImageObject","inLanguage":"es","@id":"https:\/\/gysfm.com.ar\/inicio\/#\/schema\/person\/image\/","url":"https:\/\/secure.gravatar.com\/avatar\/096ec78df02049ab018702bb4ccedf659377fa92a26540b5247612077a0dbd29?s=96&d=mm&r=g","contentUrl":"https:\/\/secure.gravatar.com\/avatar\/096ec78df02049ab018702bb4ccedf659377fa92a26540b5247612077a0dbd29?s=96&d=mm&r=g","caption":"Prensa G&amp;S FM"},"sameAs":["https:\/\/gysfm.com.ar\/"],"url":"https:\/\/gysfm.com.ar\/inicio\/author\/lucasm\/"}]}},"_links":{"self":[{"href":"https:\/\/gysfm.com.ar\/inicio\/wp-json\/wp\/v2\/posts\/194164","targetHints":{"allow":["GET"]}}],"collection":[{"href":"https:\/\/gysfm.com.ar\/inicio\/wp-json\/wp\/v2\/posts"}],"about":[{"href":"https:\/\/gysfm.com.ar\/inicio\/wp-json\/wp\/v2\/types\/post"}],"author":[{"embeddable":true,"href":"https:\/\/gysfm.com.ar\/inicio\/wp-json\/wp\/v2\/users\/2"}],"replies":[{"embeddable":true,"href":"https:\/\/gysfm.com.ar\/inicio\/wp-json\/wp\/v2\/comments?post=194164"}],"version-history":[{"count":0,"href":"https:\/\/gysfm.com.ar\/inicio\/wp-json\/wp\/v2\/posts\/194164\/revisions"}],"wp:featuredmedia":[{"embeddable":true,"href":"https:\/\/gysfm.com.ar\/inicio\/wp-json\/wp\/v2\/media\/194165"}],"wp:attachment":[{"href":"https:\/\/gysfm.com.ar\/inicio\/wp-json\/wp\/v2\/media?parent=194164"}],"wp:term":[{"taxonomy":"category","embeddable":true,"href":"https:\/\/gysfm.com.ar\/inicio\/wp-json\/wp\/v2\/categories?post=194164"},{"taxonomy":"post_tag","embeddable":true,"href":"https:\/\/gysfm.com.ar\/inicio\/wp-json\/wp\/v2\/tags?post=194164"}],"curies":[{"name":"wp","href":"https:\/\/api.w.org\/{rel}","templated":true}]}}