{"id":194163,"date":"2026-05-01T18:28:22","date_gmt":"2026-05-01T21:28:22","guid":{"rendered":"https:\/\/gysfm.com.ar\/inicio\/entro-en-vigencia-el-acuerdo-mercosur-ue-que-implica-para-argentina\/"},"modified":"2026-05-01T18:28:22","modified_gmt":"2026-05-01T21:28:22","slug":"entro-en-vigencia-el-acuerdo-mercosur-ue-que-implica-para-argentina","status":"publish","type":"post","link":"https:\/\/gysfm.com.ar\/inicio\/entro-en-vigencia-el-acuerdo-mercosur-ue-que-implica-para-argentina\/","title":{"rendered":"Entr\u00f3 en vigencia el acuerdo Mercosur-UE: qu\u00e9 implica para Argentina"},"content":{"rendered":"<p> <br \/>\n<\/p>\n<div>\t\t<!-- { REGION4 --> <\/p>\n<header class=\"news-headline\">\n<h2 class=\"news-headline__article-summary\">\t\t<\/h2>\n<p id=\"p-1777646145923-32006\" class=\"ignore-parser\">La UE y el Mercosur representan el 30% del PIB mundial y 700 millones de consumidores. El pacto elimina aranceles en el 90% del comercio entre ambas partes.<\/p>\n<\/header>\n<div class=\"detail-highlighted-multimedia content-protected-false\">\n<figure class=\"detail-highlighted-multimedia__figure\">  <img decoding=\"async\" src=\"https:\/\/media.ambito.com\/p\/562220182f36f245c7c31b309069e9d0\/adjuntos\/239\/imagenes\/042\/983\/0042983856\/mercosur-union-europeapng.png\" class=\"detail-highlighted-multimedia__figure-img img-fluid\" alt=\"El Mercosur y la Uni\u00f3n Europea estrean su impactante acuerdo comercial.\" width=\"655\" height=\"368\" crossorigin=\"anonymous\" fetchpriority=\"high\" decode=\"async\"\/><figcaption class=\"detail-highlighted-multimedia__figcaption\">  <\/figcaption><\/figure>\n<\/p><\/div>\n<article class=\"article-body article-body--first-paragraph content-protected-false\" data-td-script-src=\"https:\/\/www.ambito.com\/td\/modulos\/encuestas\/js\/function-embeds-min-version-1777608493.js\">\n<p id=\"p-1777646150870-70524\" class=\"\">El acuerdo entre la Uni\u00f3n Europea y el Mercosur que busca eliminar aranceles en el 90% de los intercambios comerciales, entr\u00f3 en vigencia hoy y tiene como fin crear una de las mayores zonas de libre comercio del mundo. Este pacto que se sell\u00f3 en enero sucedi\u00f3 tras m\u00e1s de 25 a\u00f1os de negociaciones intermitentes. Cabe resaltar que juntas, <strong>la UE y Mercosur representan el 30% del PIB mundial y m\u00e1s de 700 millones de consumidores.<\/strong><\/p>\n<\/article>\n<section class=\"suscription-false printed-edition\" style=\"display:none\">\n<p>El contenido al que quiere acceder es exclusivo para suscriptores.<\/p>\n<p>  <span> <button type=\"button\" name=\"button\" class=\"subscribe-btn mercadopago-btn\">suscribirse<\/button><\/span>  <span class=\"btns\"><button type=\"button\" name=\"button\" class=\"subscribe-btn reload-login\"> ya estoy suscripto<\/button><\/span>  <\/p>\n<\/section>\n<article class=\"article-body article-body--second-paragraph content-protected-false\">\n<p id=\"p-1777646150870-63886\" class=\"\">La presidenta de la Comisi\u00f3n Europea, Ursula von der Leyen, celebr\u00f3 el viernes el inicio de la implementaci\u00f3n del acuerdo, declarando en el programa X:<strong> \u00abLa aplicaci\u00f3n provisional demostrar\u00e1 los beneficios tangibles del acuerdo\u00bb. <\/strong>Dijo que \u00aba partir de ahora los aranceles empiezan a bajar\u00bb y las empresas europeas \u00abest\u00e1n accediendo a nuevos mercados\u00bb. Para conmemorar el d\u00eda, von der Leyen y el presidente del Consejo Europeo, Antonio Costa, iban a mantener conversaciones en l\u00ednea con l\u00edderes de los pa\u00edses del Mercosur, entre los que se incluyen<strong> Argentina y Brasil.<\/strong><\/p>\n<\/article>\n<section class=\"related-news\"><span class=\"related-news__title\"> Informate m\u00e1s<\/span>\t\t<\/p>\n<div class=\"row row--eq-height\">\n<div class=\"col-12 col-md-6\">\n<article class=\"news-article news-article--landscape-news news-article--landscape-news\">\n<figure class=\"news-article__figure figure\">\n\t\t\t\t\t\t\t\t\t\t\t<img loading=\"lazy\" decoding=\"async\" src=\"https:\/\/media.ambito.com\/p\/68c45152a3b5d5ff6039be0f9493b1f0\/adjuntos\/239\/imagenes\/042\/721\/0042721168\/ursula-von-der-leyen.jpeg\" alt=\"La Uni\u00f3n Europea advirti\u00f3 por las consecuencias econ\u00f3micad de la guerra con Ir\u00e1n.\" title=\"La Uni\u00f3n Europea advirti\u00f3 por las consecuencias econ\u00f3micad de la guerra con Ir\u00e1n.\" width=\"93\" height=\"52\" class=\"news-article__figure-img figure-img img-fluid\"\/>\t\t<\/figure>\n<\/article><\/div>\n<div class=\"col-12 col-md-6\">\n<article class=\"news-article news-article--landscape-news news-article--landscape-news\">\n<figure class=\"news-article__figure figure\">\n\t\t\t\t\t\t\t\t\t\t\t<img loading=\"lazy\" decoding=\"async\" src=\"https:\/\/media.ambito.com\/p\/d2a471f3bfbeedde0cc157b64825feb5\/adjuntos\/239\/imagenes\/042\/199\/0042199501\/meta.jpg\" alt=\"El organismo regulador tecnol\u00f3gico de la UE se\u00f1al\u00f3 que Meta no hace lo suficiente para hacer cumplir sus restricciones.\" title=\"El organismo regulador tecnol\u00f3gico de la UE se\u00f1al\u00f3 que Meta no hace lo suficiente para hacer cumplir sus restricciones.\" width=\"93\" height=\"52\" class=\"news-article__figure-img figure-img img-fluid\"\/>\t\t<\/figure>\n<\/article><\/div>\n<\/div>\n<\/section>\n<article class=\"article-body article-body--third-paragraph content-protected-false\">\n<p id=\"p-1777646150870-39663\" class=\"\">El acuerdo favorece <strong>las exportaciones europeas de autom\u00f3viles, vino y queso, al tiempo que facilita la entrada a Europa de carne vacuna, aves de corral, az\u00facar, arroz, miel y soja sudamericanos. <\/strong>Francia intent\u00f3 sin \u00e9xito bloquear el acuerdo por la preocupaci\u00f3n que sent\u00edan sus <strong>agricultores<\/strong>, que tem\u00edan verse perjudicados por productos m\u00e1s baratos procedentes de Brasil, potencia agr\u00edcola, y Argentina.<\/p>\n<\/article>\n<article class=\"article-body article-body--fourth-paragraph content-protected-false\">\n<p id=\"p-1777646150870-48385\" class=\"\">La firme oposici\u00f3n francesa al pacto provoc\u00f3 una ruptura p\u00fablica con Alemania, dependiente de las exportaciones, enfrentando a los dos pa\u00edses m\u00e1s grandes de la UE. El ministro de Asuntos Exteriores alem\u00e1n, Johann Wadephul, public\u00f3 el viernes en redes sociales un mensaje en el que elogiaba la implementaci\u00f3n del acuerdo con Mercosur. <strong>\u00abEsto fortalece nuestra resiliencia y el comercio basado en normas\u00bb, declar\u00f3.<\/strong><\/p>\n<\/article>\n<article class=\"article-body article-body--fifth-paragraph content-protected-false\">\n<p id=\"p-1777646150870-36275\" class=\"\"> Al mismo tiempo que buscaba cerrar el acuerdo con Mercosur, la UE tambi\u00e9n prosigui\u00f3 con otros acuerdos para estrechar lazos con mercados importantes como India, Australia e Indonesia.<\/p>\n<\/article>\n<article class=\"article-body article-body--remaining-paragraph content-protected-false\">\n<h2 id=\"p-1777646621651-61858\">Qu\u00e9 implica para Argentina este acuerdo UE-Mercosur<\/h2>\n<p id=\"p-1777591840999-87490\"><strong>Este viernes 1\u00b0 de mayo entra en vigencia el acuerdo entre el Mercosur y la Uni\u00f3n Europea.<\/strong> Entre los puntos detallados, contempla reducci\u00f3n de aranceles, cuotas preferenciales y un marco normativo para la radicaci\u00f3n de inversiones.<\/p>\n<p id=\"p-1777646678541-75870\">Ante esto, \u00c1mbito consult\u00f3 especialistas estimaron que, a partir este trato, <strong>las exportaciones argentinas al \u201cviejo continente\u201d tienen la capacidad de duplicarse de ac\u00e1 a 2030<\/strong>, aunque advierten que muchas empresas deber\u00e1n adaptarse y cambiar su visi\u00f3n de negocios.<\/p>\n<\/article>\n<p>\t\t\t\t<!-- REGION4 } -->\n\t\t\t\t\t\t<\/div>\n<p><script>\n!function(f,b,e,v,n,t,s)\n{if(f.fbq)return;n=f.fbq=function(){n.callMethod?\nn.callMethod.apply(n,arguments):n.queue.push(arguments)};\nif(!f._fbq)f._fbq=n;n.push=n;n.loaded=!0;n.version='2.0';\nn.queue=[];t=b.createElement(e);t.async=!0;\nt.src=v;s=b.getElementsByTagName(e)[0];\ns.parentNode.insertBefore(t,s)}(window,document,'script',\n'https:\/\/connect.facebook.net\/en_US\/fbevents.js');\nfbq('init', '2047048335588113');\nfbq('track', 'PageView');\n<\/script><br \/>\n<br \/><\/p>\n","protected":false},"excerpt":{"rendered":"<p>La UE y el Mercosur representan el 30% del PIB mundial y 700 millones de consumidores. El pacto elimina aranceles en el 90% del comercio entre ambas partes. El acuerdo entre la Uni\u00f3n Europea y el Mercosur que busca eliminar aranceles en el 90% de los intercambios comerciales, entr\u00f3 en vigencia hoy y tiene como [&hellip;]<\/p>\n","protected":false},"author":1,"featured_media":166467,"comment_status":"closed","ping_status":"closed","sticky":false,"template":"","format":"standard","meta":{"footnotes":""},"categories":[28],"tags":[],"class_list":["post-194163","post","type-post","status-publish","format-standard","has-post-thumbnail","hentry","category-economia"],"yoast_head":"<!-- This site is optimized with the Yoast SEO plugin v24.4 - https:\/\/yoast.com\/wordpress\/plugins\/seo\/ -->\n<title>Entr\u00f3 en vigencia el acuerdo Mercosur-UE: qu\u00e9 implica para Argentina - GYS NOTICIAS |<\/title>\n<meta name=\"robots\" content=\"index, follow, max-snippet:-1, max-image-preview:large, max-video-preview:-1\" \/>\n<link rel=\"canonical\" href=\"https:\/\/gysfm.com.ar\/inicio\/entro-en-vigencia-el-acuerdo-mercosur-ue-que-implica-para-argentina\/\" \/>\n<meta property=\"og:locale\" content=\"es_ES\" \/>\n<meta property=\"og:type\" content=\"article\" \/>\n<meta property=\"og:title\" content=\"Entr\u00f3 en vigencia el acuerdo Mercosur-UE: qu\u00e9 implica para Argentina - GYS NOTICIAS |\" \/>\n<meta property=\"og:description\" content=\"La UE y el Mercosur representan el 30% del PIB mundial y 700 millones de consumidores. El pacto elimina aranceles en el 90% del comercio entre ambas partes. El acuerdo entre la Uni\u00f3n Europea y el Mercosur que busca eliminar aranceles en el 90% de los intercambios comerciales, entr\u00f3 en vigencia hoy y tiene como [&hellip;]\" \/>\n<meta property=\"og:url\" content=\"https:\/\/gysfm.com.ar\/inicio\/entro-en-vigencia-el-acuerdo-mercosur-ue-que-implica-para-argentina\/\" \/>\n<meta property=\"og:site_name\" content=\"GYS NOTICIAS |\" \/>\n<meta property=\"article:published_time\" content=\"2026-05-01T21:28:22+00:00\" \/>\n<meta property=\"og:image\" content=\"https:\/\/media.ambito.com\/p\/562220182f36f245c7c31b309069e9d0\/adjuntos\/239\/imagenes\/042\/983\/0042983856\/mercosur-union-europeapng.png\" \/>\n<meta name=\"author\" content=\"admin\" \/>\n<meta name=\"twitter:card\" content=\"summary_large_image\" \/>\n<meta name=\"twitter:label1\" content=\"Escrito por\" \/>\n\t<meta name=\"twitter:data1\" content=\"admin\" \/>\n\t<meta name=\"twitter:label2\" content=\"Tiempo de lectura\" \/>\n\t<meta name=\"twitter:data2\" content=\"2 minutos\" \/>\n<script type=\"application\/ld+json\" class=\"yoast-schema-graph\">{\"@context\":\"https:\/\/schema.org\",\"@graph\":[{\"@type\":\"Article\",\"@id\":\"https:\/\/gysfm.com.ar\/inicio\/entro-en-vigencia-el-acuerdo-mercosur-ue-que-implica-para-argentina\/#article\",\"isPartOf\":{\"@id\":\"https:\/\/gysfm.com.ar\/inicio\/entro-en-vigencia-el-acuerdo-mercosur-ue-que-implica-para-argentina\/\"},\"author\":{\"name\":\"admin\",\"@id\":\"https:\/\/gysfm.com.ar\/inicio\/#\/schema\/person\/5bedd7ecd35cc35548d89effafa23696\"},\"headline\":\"Entr\u00f3 en vigencia el acuerdo Mercosur-UE: qu\u00e9 implica para Argentina\",\"datePublished\":\"2026-05-01T21:28:22+00:00\",\"mainEntityOfPage\":{\"@id\":\"https:\/\/gysfm.com.ar\/inicio\/entro-en-vigencia-el-acuerdo-mercosur-ue-que-implica-para-argentina\/\"},\"wordCount\":478,\"publisher\":{\"@id\":\"https:\/\/gysfm.com.ar\/inicio\/#organization\"},\"image\":{\"@id\":\"https:\/\/gysfm.com.ar\/inicio\/entro-en-vigencia-el-acuerdo-mercosur-ue-que-implica-para-argentina\/#primaryimage\"},\"thumbnailUrl\":\"https:\/\/gysfm.com.ar\/inicio\/wp-content\/uploads\/2025\/11\/mercosur-union-europeapng.png\",\"articleSection\":[\"ECONOMIA\"],\"inLanguage\":\"es\"},{\"@type\":\"WebPage\",\"@id\":\"https:\/\/gysfm.com.ar\/inicio\/entro-en-vigencia-el-acuerdo-mercosur-ue-que-implica-para-argentina\/\",\"url\":\"https:\/\/gysfm.com.ar\/inicio\/entro-en-vigencia-el-acuerdo-mercosur-ue-que-implica-para-argentina\/\",\"name\":\"Entr\u00f3 en vigencia el acuerdo Mercosur-UE: qu\u00e9 implica para Argentina - GYS NOTICIAS |\",\"isPartOf\":{\"@id\":\"https:\/\/gysfm.com.ar\/inicio\/#website\"},\"primaryImageOfPage\":{\"@id\":\"https:\/\/gysfm.com.ar\/inicio\/entro-en-vigencia-el-acuerdo-mercosur-ue-que-implica-para-argentina\/#primaryimage\"},\"image\":{\"@id\":\"https:\/\/gysfm.com.ar\/inicio\/entro-en-vigencia-el-acuerdo-mercosur-ue-que-implica-para-argentina\/#primaryimage\"},\"thumbnailUrl\":\"https:\/\/gysfm.com.ar\/inicio\/wp-content\/uploads\/2025\/11\/mercosur-union-europeapng.png\",\"datePublished\":\"2026-05-01T21:28:22+00:00\",\"breadcrumb\":{\"@id\":\"https:\/\/gysfm.com.ar\/inicio\/entro-en-vigencia-el-acuerdo-mercosur-ue-que-implica-para-argentina\/#breadcrumb\"},\"inLanguage\":\"es\",\"potentialAction\":[{\"@type\":\"ReadAction\",\"target\":[\"https:\/\/gysfm.com.ar\/inicio\/entro-en-vigencia-el-acuerdo-mercosur-ue-que-implica-para-argentina\/\"]}]},{\"@type\":\"ImageObject\",\"inLanguage\":\"es\",\"@id\":\"https:\/\/gysfm.com.ar\/inicio\/entro-en-vigencia-el-acuerdo-mercosur-ue-que-implica-para-argentina\/#primaryimage\",\"url\":\"https:\/\/gysfm.com.ar\/inicio\/wp-content\/uploads\/2025\/11\/mercosur-union-europeapng.png\",\"contentUrl\":\"https:\/\/gysfm.com.ar\/inicio\/wp-content\/uploads\/2025\/11\/mercosur-union-europeapng.png\",\"width\":1200,\"height\":675},{\"@type\":\"BreadcrumbList\",\"@id\":\"https:\/\/gysfm.com.ar\/inicio\/entro-en-vigencia-el-acuerdo-mercosur-ue-que-implica-para-argentina\/#breadcrumb\",\"itemListElement\":[{\"@type\":\"ListItem\",\"position\":1,\"name\":\"Portada\",\"item\":\"https:\/\/gysfm.com.ar\/inicio\/\"},{\"@type\":\"ListItem\",\"position\":2,\"name\":\"Entr\u00f3 en vigencia el acuerdo Mercosur-UE: qu\u00e9 implica para Argentina\"}]},{\"@type\":\"WebSite\",\"@id\":\"https:\/\/gysfm.com.ar\/inicio\/#website\",\"url\":\"https:\/\/gysfm.com.ar\/inicio\/\",\"name\":\"GYS NOTICIAS |\",\"description\":\"DIARIO - RADIO ONLINE SAN JUAN ARGENTINA\",\"publisher\":{\"@id\":\"https:\/\/gysfm.com.ar\/inicio\/#organization\"},\"potentialAction\":[{\"@type\":\"SearchAction\",\"target\":{\"@type\":\"EntryPoint\",\"urlTemplate\":\"https:\/\/gysfm.com.ar\/inicio\/?s={search_term_string}\"},\"query-input\":{\"@type\":\"PropertyValueSpecification\",\"valueRequired\":true,\"valueName\":\"search_term_string\"}}],\"inLanguage\":\"es\"},{\"@type\":\"Organization\",\"@id\":\"https:\/\/gysfm.com.ar\/inicio\/#organization\",\"name\":\"GYS NOTICIAS |\",\"url\":\"https:\/\/gysfm.com.ar\/inicio\/\",\"logo\":{\"@type\":\"ImageObject\",\"inLanguage\":\"es\",\"@id\":\"https:\/\/gysfm.com.ar\/inicio\/#\/schema\/logo\/image\/\",\"url\":\"https:\/\/gysfm.com.ar\/inicio\/wp-content\/uploads\/2023\/07\/LOGOGYS-OK.png\",\"contentUrl\":\"https:\/\/gysfm.com.ar\/inicio\/wp-content\/uploads\/2023\/07\/LOGOGYS-OK.png\",\"width\":1170,\"height\":872,\"caption\":\"GYS NOTICIAS |\"},\"image\":{\"@id\":\"https:\/\/gysfm.com.ar\/inicio\/#\/schema\/logo\/image\/\"}},{\"@type\":\"Person\",\"@id\":\"https:\/\/gysfm.com.ar\/inicio\/#\/schema\/person\/5bedd7ecd35cc35548d89effafa23696\",\"name\":\"admin\",\"image\":{\"@type\":\"ImageObject\",\"inLanguage\":\"es\",\"@id\":\"https:\/\/gysfm.com.ar\/inicio\/#\/schema\/person\/image\/\",\"url\":\"https:\/\/secure.gravatar.com\/avatar\/c331d312b5243fb64d5ba28108a447b27c925295129a363082c9ea52c28d32c2?s=96&d=mm&r=g\",\"contentUrl\":\"https:\/\/secure.gravatar.com\/avatar\/c331d312b5243fb64d5ba28108a447b27c925295129a363082c9ea52c28d32c2?s=96&d=mm&r=g\",\"caption\":\"admin\"},\"sameAs\":[\"https:\/\/gysfm.com.ar\/inicio\"],\"url\":\"https:\/\/gysfm.com.ar\/inicio\/author\/admin\/\"}]}<\/script>\n<!-- \/ Yoast SEO plugin. -->","yoast_head_json":{"title":"Entr\u00f3 en vigencia el acuerdo Mercosur-UE: qu\u00e9 implica para Argentina - GYS NOTICIAS |","robots":{"index":"index","follow":"follow","max-snippet":"max-snippet:-1","max-image-preview":"max-image-preview:large","max-video-preview":"max-video-preview:-1"},"canonical":"https:\/\/gysfm.com.ar\/inicio\/entro-en-vigencia-el-acuerdo-mercosur-ue-que-implica-para-argentina\/","og_locale":"es_ES","og_type":"article","og_title":"Entr\u00f3 en vigencia el acuerdo Mercosur-UE: qu\u00e9 implica para Argentina - GYS NOTICIAS |","og_description":"La UE y el Mercosur representan el 30% del PIB mundial y 700 millones de consumidores. El pacto elimina aranceles en el 90% del comercio entre ambas partes. El acuerdo entre la Uni\u00f3n Europea y el Mercosur que busca eliminar aranceles en el 90% de los intercambios comerciales, entr\u00f3 en vigencia hoy y tiene como [&hellip;]","og_url":"https:\/\/gysfm.com.ar\/inicio\/entro-en-vigencia-el-acuerdo-mercosur-ue-que-implica-para-argentina\/","og_site_name":"GYS NOTICIAS |","article_published_time":"2026-05-01T21:28:22+00:00","og_image":[{"url":"https:\/\/media.ambito.com\/p\/562220182f36f245c7c31b309069e9d0\/adjuntos\/239\/imagenes\/042\/983\/0042983856\/mercosur-union-europeapng.png","type":"","width":"","height":""}],"author":"admin","twitter_card":"summary_large_image","twitter_misc":{"Escrito por":"admin","Tiempo de lectura":"2 minutos"},"schema":{"@context":"https:\/\/schema.org","@graph":[{"@type":"Article","@id":"https:\/\/gysfm.com.ar\/inicio\/entro-en-vigencia-el-acuerdo-mercosur-ue-que-implica-para-argentina\/#article","isPartOf":{"@id":"https:\/\/gysfm.com.ar\/inicio\/entro-en-vigencia-el-acuerdo-mercosur-ue-que-implica-para-argentina\/"},"author":{"name":"admin","@id":"https:\/\/gysfm.com.ar\/inicio\/#\/schema\/person\/5bedd7ecd35cc35548d89effafa23696"},"headline":"Entr\u00f3 en vigencia el acuerdo Mercosur-UE: qu\u00e9 implica para Argentina","datePublished":"2026-05-01T21:28:22+00:00","mainEntityOfPage":{"@id":"https:\/\/gysfm.com.ar\/inicio\/entro-en-vigencia-el-acuerdo-mercosur-ue-que-implica-para-argentina\/"},"wordCount":478,"publisher":{"@id":"https:\/\/gysfm.com.ar\/inicio\/#organization"},"image":{"@id":"https:\/\/gysfm.com.ar\/inicio\/entro-en-vigencia-el-acuerdo-mercosur-ue-que-implica-para-argentina\/#primaryimage"},"thumbnailUrl":"https:\/\/gysfm.com.ar\/inicio\/wp-content\/uploads\/2025\/11\/mercosur-union-europeapng.png","articleSection":["ECONOMIA"],"inLanguage":"es"},{"@type":"WebPage","@id":"https:\/\/gysfm.com.ar\/inicio\/entro-en-vigencia-el-acuerdo-mercosur-ue-que-implica-para-argentina\/","url":"https:\/\/gysfm.com.ar\/inicio\/entro-en-vigencia-el-acuerdo-mercosur-ue-que-implica-para-argentina\/","name":"Entr\u00f3 en vigencia el acuerdo Mercosur-UE: qu\u00e9 implica para Argentina - GYS NOTICIAS |","isPartOf":{"@id":"https:\/\/gysfm.com.ar\/inicio\/#website"},"primaryImageOfPage":{"@id":"https:\/\/gysfm.com.ar\/inicio\/entro-en-vigencia-el-acuerdo-mercosur-ue-que-implica-para-argentina\/#primaryimage"},"image":{"@id":"https:\/\/gysfm.com.ar\/inicio\/entro-en-vigencia-el-acuerdo-mercosur-ue-que-implica-para-argentina\/#primaryimage"},"thumbnailUrl":"https:\/\/gysfm.com.ar\/inicio\/wp-content\/uploads\/2025\/11\/mercosur-union-europeapng.png","datePublished":"2026-05-01T21:28:22+00:00","breadcrumb":{"@id":"https:\/\/gysfm.com.ar\/inicio\/entro-en-vigencia-el-acuerdo-mercosur-ue-que-implica-para-argentina\/#breadcrumb"},"inLanguage":"es","potentialAction":[{"@type":"ReadAction","target":["https:\/\/gysfm.com.ar\/inicio\/entro-en-vigencia-el-acuerdo-mercosur-ue-que-implica-para-argentina\/"]}]},{"@type":"ImageObject","inLanguage":"es","@id":"https:\/\/gysfm.com.ar\/inicio\/entro-en-vigencia-el-acuerdo-mercosur-ue-que-implica-para-argentina\/#primaryimage","url":"https:\/\/gysfm.com.ar\/inicio\/wp-content\/uploads\/2025\/11\/mercosur-union-europeapng.png","contentUrl":"https:\/\/gysfm.com.ar\/inicio\/wp-content\/uploads\/2025\/11\/mercosur-union-europeapng.png","width":1200,"height":675},{"@type":"BreadcrumbList","@id":"https:\/\/gysfm.com.ar\/inicio\/entro-en-vigencia-el-acuerdo-mercosur-ue-que-implica-para-argentina\/#breadcrumb","itemListElement":[{"@type":"ListItem","position":1,"name":"Portada","item":"https:\/\/gysfm.com.ar\/inicio\/"},{"@type":"ListItem","position":2,"name":"Entr\u00f3 en vigencia el acuerdo Mercosur-UE: qu\u00e9 implica para Argentina"}]},{"@type":"WebSite","@id":"https:\/\/gysfm.com.ar\/inicio\/#website","url":"https:\/\/gysfm.com.ar\/inicio\/","name":"GYS NOTICIAS |","description":"DIARIO - RADIO ONLINE SAN JUAN ARGENTINA","publisher":{"@id":"https:\/\/gysfm.com.ar\/inicio\/#organization"},"potentialAction":[{"@type":"SearchAction","target":{"@type":"EntryPoint","urlTemplate":"https:\/\/gysfm.com.ar\/inicio\/?s={search_term_string}"},"query-input":{"@type":"PropertyValueSpecification","valueRequired":true,"valueName":"search_term_string"}}],"inLanguage":"es"},{"@type":"Organization","@id":"https:\/\/gysfm.com.ar\/inicio\/#organization","name":"GYS NOTICIAS |","url":"https:\/\/gysfm.com.ar\/inicio\/","logo":{"@type":"ImageObject","inLanguage":"es","@id":"https:\/\/gysfm.com.ar\/inicio\/#\/schema\/logo\/image\/","url":"https:\/\/gysfm.com.ar\/inicio\/wp-content\/uploads\/2023\/07\/LOGOGYS-OK.png","contentUrl":"https:\/\/gysfm.com.ar\/inicio\/wp-content\/uploads\/2023\/07\/LOGOGYS-OK.png","width":1170,"height":872,"caption":"GYS NOTICIAS |"},"image":{"@id":"https:\/\/gysfm.com.ar\/inicio\/#\/schema\/logo\/image\/"}},{"@type":"Person","@id":"https:\/\/gysfm.com.ar\/inicio\/#\/schema\/person\/5bedd7ecd35cc35548d89effafa23696","name":"admin","image":{"@type":"ImageObject","inLanguage":"es","@id":"https:\/\/gysfm.com.ar\/inicio\/#\/schema\/person\/image\/","url":"https:\/\/secure.gravatar.com\/avatar\/c331d312b5243fb64d5ba28108a447b27c925295129a363082c9ea52c28d32c2?s=96&d=mm&r=g","contentUrl":"https:\/\/secure.gravatar.com\/avatar\/c331d312b5243fb64d5ba28108a447b27c925295129a363082c9ea52c28d32c2?s=96&d=mm&r=g","caption":"admin"},"sameAs":["https:\/\/gysfm.com.ar\/inicio"],"url":"https:\/\/gysfm.com.ar\/inicio\/author\/admin\/"}]}},"_links":{"self":[{"href":"https:\/\/gysfm.com.ar\/inicio\/wp-json\/wp\/v2\/posts\/194163","targetHints":{"allow":["GET"]}}],"collection":[{"href":"https:\/\/gysfm.com.ar\/inicio\/wp-json\/wp\/v2\/posts"}],"about":[{"href":"https:\/\/gysfm.com.ar\/inicio\/wp-json\/wp\/v2\/types\/post"}],"author":[{"embeddable":true,"href":"https:\/\/gysfm.com.ar\/inicio\/wp-json\/wp\/v2\/users\/1"}],"replies":[{"embeddable":true,"href":"https:\/\/gysfm.com.ar\/inicio\/wp-json\/wp\/v2\/comments?post=194163"}],"version-history":[{"count":0,"href":"https:\/\/gysfm.com.ar\/inicio\/wp-json\/wp\/v2\/posts\/194163\/revisions"}],"wp:featuredmedia":[{"embeddable":true,"href":"https:\/\/gysfm.com.ar\/inicio\/wp-json\/wp\/v2\/media\/166467"}],"wp:attachment":[{"href":"https:\/\/gysfm.com.ar\/inicio\/wp-json\/wp\/v2\/media?parent=194163"}],"wp:term":[{"taxonomy":"category","embeddable":true,"href":"https:\/\/gysfm.com.ar\/inicio\/wp-json\/wp\/v2\/categories?post=194163"},{"taxonomy":"post_tag","embeddable":true,"href":"https:\/\/gysfm.com.ar\/inicio\/wp-json\/wp\/v2\/tags?post=194163"}],"curies":[{"name":"wp","href":"https:\/\/api.w.org\/{rel}","templated":true}]}}