{"id":194161,"date":"2026-05-01T18:11:44","date_gmt":"2026-05-01T21:11:44","guid":{"rendered":"https:\/\/gysfm.com.ar\/inicio\/rating-como-le-fue-al-primer-programa-de-viviana-conducido-por-viviana-canosa-en-el-nueve\/"},"modified":"2026-05-01T18:11:44","modified_gmt":"2026-05-01T21:11:44","slug":"rating-como-le-fue-al-primer-programa-de-viviana-conducido-por-viviana-canosa-en-el-nueve","status":"publish","type":"post","link":"https:\/\/gysfm.com.ar\/inicio\/rating-como-le-fue-al-primer-programa-de-viviana-conducido-por-viviana-canosa-en-el-nueve\/","title":{"rendered":"Rating: c\u00f3mo le fue al primer programa de \u00abViviana\u00bb, conducido por Viviana Canosa en El Nueve"},"content":{"rendered":"<p><\/p>\n<div id=\"article-content\">\n<p>El jueves 30 de abril, <a target=\"_blank\" href=\"https:\/\/exitoina.perfil.com\/noticias\/television\/gran-hermano-generacion-dorada-se-salvaron-7-jugadores-y-quedo-definida-la-placa-negativa.phtml\"><em><strong>Gran Hermano Generaci\u00f3n Dorada<\/strong><\/em><\/a> fue lo m\u00e1s visto de Telefe y el d\u00eda en general. En su regreso a El Nueve con su nuevo ciclo, <strong>Viviana Canosa <\/strong>se midi\u00f3 con <em>Pol\u00e9mica en el Bar<\/em> de Am\u00e9rica y gan\u00f3.<\/p>\n<p>Despu\u00e9s de que\u00a0toda la casa de\u00a0<em>Gran Hermano Generaci\u00f3n Dorada<\/em>\u00a0(telefe) quedara en placa\u00a0-a excepci\u00f3n de la l\u00edder de la semana 10, Tamara Paganini-, 7 jugadores bajaron tras el d\u00eda de voto positivo y el resto de los jugadores contin\u00faa en placa negativa rumbo a la gala de eliminaci\u00f3n del lunes 4 de mayo de 2026.<\/p>\n<p><iframe id=\"vrudo\" class=\"vrudo\" src=\"https:\/\/rudo.video\/vod\/bWsOyN?volume=0\" width=\"100%\" height=\"100%\" allowscriptaccess=\"always\" allowfullscreen=\"true\" webkitallowfullscreen=\"true\" frameborder=\"0\" scrolling=\"no\" allow=\"autoplay; fullscreen\" loading=\"lazy\"><\/iframe><\/p>\n<p>El jueves 30 de abril a las 23.00 horas, <strong>El Nueve<\/strong> estren\u00f3\u00a0<strong><em>Viviana<\/em><\/strong>, marcando la vuelta de <strong>Viviana Canosa<\/strong> al canal.<\/p>\n<p>De acuerdo a datos de IBOPE, <strong><em>Viviana <\/em><\/strong>obtuvo\u00a0un promedio de 1.3 puntos de rating. El programa gan\u00f3 en la competencia directa con <em>Pol\u00e9mica en el bar<\/em> (Am\u00e9rica).<\/p>\n<p><iframe id=\"vrudo\" class=\"vrudo\" src=\"https:\/\/rudo.video\/vod\/bWsQ5T?volume=0\" width=\"100%\" height=\"100%\" allowscriptaccess=\"always\" allowfullscreen=\"true\" webkitallowfullscreen=\"true\" frameborder=\"0\" scrolling=\"no\" allow=\"autoplay; fullscreen\" loading=\"lazy\"><\/iframe><\/p>\n<p>Video: @forofms<\/p>\n<ul>&#13;<\/p>\n<li><strong>Los m\u00e1s vistos de Telefe:<\/strong> Gran Hermano Generaci\u00f3n Dorada 10.5; Gran Hermano Generaci\u00f3n Dorada II 8.8; Pasapalabra 7.7<\/li>\n<p>&#13;<\/p>\n<li><strong>Los m\u00e1s vistos de El Trece<\/strong>: Es mi sue\u00f1o 6.3; Ahora caigo 6.1; Telenoche 4.9<\/li>\n<p>&#13;<\/p>\n<li><strong>Los m\u00e1s vistos de Am\u00e9rica TV<\/strong>: LAM 3.8; S\u00e1lvese quien pueda 2.9,\u00a0Intrusos 2.6.<\/li>\n<p>&#13;<\/p>\n<li><strong>Los m\u00e1s vistos de El Nueve<\/strong>: Telenueve al mediod\u00eda 2.8. Bendita 2.6. Telenueve central 2.5.<\/li>\n<p>&#13;<\/p>\n<li><strong>Los m\u00e1s vistos de la TV P\u00fablica:<\/strong> Mediod\u00eda bien arriba 0.4. Estamos en una 0.3, Mediod\u00eda bien arriba, Televisi\u00f3n P\u00fablica noticias (central), Televisi\u00f3n p\u00fablica noticias (mediod\u00eda) 0.2.<\/li>\n<p>&#13;<\/p>\n<li><strong>Los m\u00e1s vistos de NET TV<\/strong>:\u00a0Cine net \u00abKick Boxer\u00bb, El se\u00f1or de los cielos 0.3. Gossip 0.2. Biri Biri, Bryant internacional, caras tv realeza, Chiche en vivo, Entrometidos en la tarde, Ispa todo al rev\u00e9s, Modo Fontevecchia, Qu\u00e9 te pasa, Reperfilar, Teve compras 0.1<\/li>\n<p>&#13;\n<\/ul>\n<p><u><strong>El top five<\/strong><\/u><\/p>\n<p>Gran Hermano Generaci\u00f3n Dorada 10.5<br \/>&#13;<br \/>\nGran Hermano Generaci\u00f3n Dorada II 8.8<br \/>&#13;<br \/>\nPasapalabra 7.7<br \/>&#13;<br \/>\nTelefe noticias 7.4<br \/>&#13;<br \/>\nBahar, Todas las Flores y Es mi sue\u00f1o 7.0<\/p>\n<p><u><strong>Los promedios<\/strong><\/u><\/p>\n<p>Telefe 6.7<br \/>&#13;<br \/>\nEl Trece 4.1<br \/>&#13;<br \/>\nAm\u00e9rica TV 2.2<br \/>&#13;<br \/>\nEl Nueve 1.9<br \/>&#13;<br \/>\nTV P\u00fablica 0.2<\/p>\n<\/p><\/div>\n<p><script>\n\t(function(d, s, id) {\n\t\tvar js, fjs = d.getElementsByTagName(s)[0];\n\t\tif (d.getElementById(id)) return;\n\t\tjs = d.createElement(s);\n\t\tjs.id = id;\n\t\tjs.src=\"https:\/\/connect.facebook.net\/es_LA\/sdk.js#xfbml=1&version=v3.1\";\n\t\tfjs.parentNode.insertBefore(js, fjs);\n\t}(document, 'script', 'facebook-jssdk'));\n<\/script><\/p>\n","protected":false},"excerpt":{"rendered":"<p>El jueves 30 de abril, Gran Hermano Generaci\u00f3n Dorada fue lo m\u00e1s visto de Telefe y el d\u00eda en general. En su regreso a El Nueve con su nuevo ciclo, Viviana Canosa se midi\u00f3 con Pol\u00e9mica en el Bar de Am\u00e9rica y gan\u00f3. Despu\u00e9s de que\u00a0toda la casa de\u00a0Gran Hermano Generaci\u00f3n Dorada\u00a0(telefe) quedara en placa\u00a0-a [&hellip;]<\/p>\n","protected":false},"author":2,"featured_media":194162,"comment_status":"closed","ping_status":"closed","sticky":false,"template":"","format":"standard","meta":{"footnotes":""},"categories":[25],"tags":[],"class_list":["post-194161","post","type-post","status-publish","format-standard","has-post-thumbnail","hentry","category-nacionales"],"yoast_head":"<!-- This site is optimized with the Yoast SEO plugin v24.4 - https:\/\/yoast.com\/wordpress\/plugins\/seo\/ -->\n<title>Rating: c\u00f3mo le fue al primer programa de &quot;Viviana&quot;, conducido por Viviana Canosa en El Nueve - GYS NOTICIAS |<\/title>\n<meta name=\"robots\" content=\"index, follow, max-snippet:-1, max-image-preview:large, max-video-preview:-1\" \/>\n<link rel=\"canonical\" href=\"https:\/\/gysfm.com.ar\/inicio\/rating-como-le-fue-al-primer-programa-de-viviana-conducido-por-viviana-canosa-en-el-nueve\/\" \/>\n<meta property=\"og:locale\" content=\"es_ES\" \/>\n<meta property=\"og:type\" content=\"article\" \/>\n<meta property=\"og:title\" content=\"Rating: c\u00f3mo le fue al primer programa de &quot;Viviana&quot;, conducido por Viviana Canosa en El Nueve - GYS NOTICIAS |\" \/>\n<meta property=\"og:description\" content=\"El jueves 30 de abril, Gran Hermano Generaci\u00f3n Dorada fue lo m\u00e1s visto de Telefe y el d\u00eda en general. En su regreso a El Nueve con su nuevo ciclo, Viviana Canosa se midi\u00f3 con Pol\u00e9mica en el Bar de Am\u00e9rica y gan\u00f3. Despu\u00e9s de que\u00a0toda la casa de\u00a0Gran Hermano Generaci\u00f3n Dorada\u00a0(telefe) quedara en placa\u00a0-a [&hellip;]\" \/>\n<meta property=\"og:url\" content=\"https:\/\/gysfm.com.ar\/inicio\/rating-como-le-fue-al-primer-programa-de-viviana-conducido-por-viviana-canosa-en-el-nueve\/\" \/>\n<meta property=\"og:site_name\" content=\"GYS NOTICIAS |\" \/>\n<meta property=\"article:published_time\" content=\"2026-05-01T21:11:44+00:00\" \/>\n<meta name=\"author\" content=\"Prensa G&amp;S FM\" \/>\n<meta name=\"twitter:card\" content=\"summary_large_image\" \/>\n<meta name=\"twitter:label1\" content=\"Escrito por\" \/>\n\t<meta name=\"twitter:data1\" content=\"Prensa G&amp;S FM\" \/>\n\t<meta name=\"twitter:label2\" content=\"Tiempo de lectura\" \/>\n\t<meta name=\"twitter:data2\" content=\"2 minutos\" \/>\n<script type=\"application\/ld+json\" class=\"yoast-schema-graph\">{\"@context\":\"https:\/\/schema.org\",\"@graph\":[{\"@type\":\"Article\",\"@id\":\"https:\/\/gysfm.com.ar\/inicio\/rating-como-le-fue-al-primer-programa-de-viviana-conducido-por-viviana-canosa-en-el-nueve\/#article\",\"isPartOf\":{\"@id\":\"https:\/\/gysfm.com.ar\/inicio\/rating-como-le-fue-al-primer-programa-de-viviana-conducido-por-viviana-canosa-en-el-nueve\/\"},\"author\":{\"name\":\"Prensa G&amp;S FM\",\"@id\":\"https:\/\/gysfm.com.ar\/inicio\/#\/schema\/person\/3abba7593ef2ad19e1be221d54383dc5\"},\"headline\":\"Rating: c\u00f3mo le fue al primer programa de \u00abViviana\u00bb, conducido por Viviana Canosa en El Nueve\",\"datePublished\":\"2026-05-01T21:11:44+00:00\",\"mainEntityOfPage\":{\"@id\":\"https:\/\/gysfm.com.ar\/inicio\/rating-como-le-fue-al-primer-programa-de-viviana-conducido-por-viviana-canosa-en-el-nueve\/\"},\"wordCount\":352,\"publisher\":{\"@id\":\"https:\/\/gysfm.com.ar\/inicio\/#organization\"},\"image\":{\"@id\":\"https:\/\/gysfm.com.ar\/inicio\/rating-como-le-fue-al-primer-programa-de-viviana-conducido-por-viviana-canosa-en-el-nueve\/#primaryimage\"},\"thumbnailUrl\":\"https:\/\/gysfm.com.ar\/inicio\/wp-content\/uploads\/2026\/05\/viviana-canosa-2231854.jpg\",\"articleSection\":[\"NACIONALES\"],\"inLanguage\":\"es\"},{\"@type\":\"WebPage\",\"@id\":\"https:\/\/gysfm.com.ar\/inicio\/rating-como-le-fue-al-primer-programa-de-viviana-conducido-por-viviana-canosa-en-el-nueve\/\",\"url\":\"https:\/\/gysfm.com.ar\/inicio\/rating-como-le-fue-al-primer-programa-de-viviana-conducido-por-viviana-canosa-en-el-nueve\/\",\"name\":\"Rating: c\u00f3mo le fue al primer programa de \\\"Viviana\\\", conducido por Viviana Canosa en El Nueve - GYS NOTICIAS |\",\"isPartOf\":{\"@id\":\"https:\/\/gysfm.com.ar\/inicio\/#website\"},\"primaryImageOfPage\":{\"@id\":\"https:\/\/gysfm.com.ar\/inicio\/rating-como-le-fue-al-primer-programa-de-viviana-conducido-por-viviana-canosa-en-el-nueve\/#primaryimage\"},\"image\":{\"@id\":\"https:\/\/gysfm.com.ar\/inicio\/rating-como-le-fue-al-primer-programa-de-viviana-conducido-por-viviana-canosa-en-el-nueve\/#primaryimage\"},\"thumbnailUrl\":\"https:\/\/gysfm.com.ar\/inicio\/wp-content\/uploads\/2026\/05\/viviana-canosa-2231854.jpg\",\"datePublished\":\"2026-05-01T21:11:44+00:00\",\"breadcrumb\":{\"@id\":\"https:\/\/gysfm.com.ar\/inicio\/rating-como-le-fue-al-primer-programa-de-viviana-conducido-por-viviana-canosa-en-el-nueve\/#breadcrumb\"},\"inLanguage\":\"es\",\"potentialAction\":[{\"@type\":\"ReadAction\",\"target\":[\"https:\/\/gysfm.com.ar\/inicio\/rating-como-le-fue-al-primer-programa-de-viviana-conducido-por-viviana-canosa-en-el-nueve\/\"]}]},{\"@type\":\"ImageObject\",\"inLanguage\":\"es\",\"@id\":\"https:\/\/gysfm.com.ar\/inicio\/rating-como-le-fue-al-primer-programa-de-viviana-conducido-por-viviana-canosa-en-el-nueve\/#primaryimage\",\"url\":\"https:\/\/gysfm.com.ar\/inicio\/wp-content\/uploads\/2026\/05\/viviana-canosa-2231854.jpg\",\"contentUrl\":\"https:\/\/gysfm.com.ar\/inicio\/wp-content\/uploads\/2026\/05\/viviana-canosa-2231854.jpg\",\"width\":1140,\"height\":641},{\"@type\":\"BreadcrumbList\",\"@id\":\"https:\/\/gysfm.com.ar\/inicio\/rating-como-le-fue-al-primer-programa-de-viviana-conducido-por-viviana-canosa-en-el-nueve\/#breadcrumb\",\"itemListElement\":[{\"@type\":\"ListItem\",\"position\":1,\"name\":\"Portada\",\"item\":\"https:\/\/gysfm.com.ar\/inicio\/\"},{\"@type\":\"ListItem\",\"position\":2,\"name\":\"Rating: c\u00f3mo le fue al primer programa de \u00abViviana\u00bb, conducido por Viviana Canosa en El Nueve\"}]},{\"@type\":\"WebSite\",\"@id\":\"https:\/\/gysfm.com.ar\/inicio\/#website\",\"url\":\"https:\/\/gysfm.com.ar\/inicio\/\",\"name\":\"GYS NOTICIAS |\",\"description\":\"DIARIO - RADIO ONLINE SAN JUAN ARGENTINA\",\"publisher\":{\"@id\":\"https:\/\/gysfm.com.ar\/inicio\/#organization\"},\"potentialAction\":[{\"@type\":\"SearchAction\",\"target\":{\"@type\":\"EntryPoint\",\"urlTemplate\":\"https:\/\/gysfm.com.ar\/inicio\/?s={search_term_string}\"},\"query-input\":{\"@type\":\"PropertyValueSpecification\",\"valueRequired\":true,\"valueName\":\"search_term_string\"}}],\"inLanguage\":\"es\"},{\"@type\":\"Organization\",\"@id\":\"https:\/\/gysfm.com.ar\/inicio\/#organization\",\"name\":\"GYS NOTICIAS |\",\"url\":\"https:\/\/gysfm.com.ar\/inicio\/\",\"logo\":{\"@type\":\"ImageObject\",\"inLanguage\":\"es\",\"@id\":\"https:\/\/gysfm.com.ar\/inicio\/#\/schema\/logo\/image\/\",\"url\":\"https:\/\/gysfm.com.ar\/inicio\/wp-content\/uploads\/2023\/07\/LOGOGYS-OK.png\",\"contentUrl\":\"https:\/\/gysfm.com.ar\/inicio\/wp-content\/uploads\/2023\/07\/LOGOGYS-OK.png\",\"width\":1170,\"height\":872,\"caption\":\"GYS NOTICIAS |\"},\"image\":{\"@id\":\"https:\/\/gysfm.com.ar\/inicio\/#\/schema\/logo\/image\/\"}},{\"@type\":\"Person\",\"@id\":\"https:\/\/gysfm.com.ar\/inicio\/#\/schema\/person\/3abba7593ef2ad19e1be221d54383dc5\",\"name\":\"Prensa G&amp;S FM\",\"image\":{\"@type\":\"ImageObject\",\"inLanguage\":\"es\",\"@id\":\"https:\/\/gysfm.com.ar\/inicio\/#\/schema\/person\/image\/\",\"url\":\"https:\/\/secure.gravatar.com\/avatar\/096ec78df02049ab018702bb4ccedf659377fa92a26540b5247612077a0dbd29?s=96&d=mm&r=g\",\"contentUrl\":\"https:\/\/secure.gravatar.com\/avatar\/096ec78df02049ab018702bb4ccedf659377fa92a26540b5247612077a0dbd29?s=96&d=mm&r=g\",\"caption\":\"Prensa G&amp;S FM\"},\"sameAs\":[\"https:\/\/gysfm.com.ar\/\"],\"url\":\"https:\/\/gysfm.com.ar\/inicio\/author\/lucasm\/\"}]}<\/script>\n<!-- \/ Yoast SEO plugin. -->","yoast_head_json":{"title":"Rating: c\u00f3mo le fue al primer programa de \"Viviana\", conducido por Viviana Canosa en El Nueve - GYS NOTICIAS |","robots":{"index":"index","follow":"follow","max-snippet":"max-snippet:-1","max-image-preview":"max-image-preview:large","max-video-preview":"max-video-preview:-1"},"canonical":"https:\/\/gysfm.com.ar\/inicio\/rating-como-le-fue-al-primer-programa-de-viviana-conducido-por-viviana-canosa-en-el-nueve\/","og_locale":"es_ES","og_type":"article","og_title":"Rating: c\u00f3mo le fue al primer programa de \"Viviana\", conducido por Viviana Canosa en El Nueve - GYS NOTICIAS |","og_description":"El jueves 30 de abril, Gran Hermano Generaci\u00f3n Dorada fue lo m\u00e1s visto de Telefe y el d\u00eda en general. En su regreso a El Nueve con su nuevo ciclo, Viviana Canosa se midi\u00f3 con Pol\u00e9mica en el Bar de Am\u00e9rica y gan\u00f3. Despu\u00e9s de que\u00a0toda la casa de\u00a0Gran Hermano Generaci\u00f3n Dorada\u00a0(telefe) quedara en placa\u00a0-a [&hellip;]","og_url":"https:\/\/gysfm.com.ar\/inicio\/rating-como-le-fue-al-primer-programa-de-viviana-conducido-por-viviana-canosa-en-el-nueve\/","og_site_name":"GYS NOTICIAS |","article_published_time":"2026-05-01T21:11:44+00:00","author":"Prensa G&amp;S FM","twitter_card":"summary_large_image","twitter_misc":{"Escrito por":"Prensa G&amp;S FM","Tiempo de lectura":"2 minutos"},"schema":{"@context":"https:\/\/schema.org","@graph":[{"@type":"Article","@id":"https:\/\/gysfm.com.ar\/inicio\/rating-como-le-fue-al-primer-programa-de-viviana-conducido-por-viviana-canosa-en-el-nueve\/#article","isPartOf":{"@id":"https:\/\/gysfm.com.ar\/inicio\/rating-como-le-fue-al-primer-programa-de-viviana-conducido-por-viviana-canosa-en-el-nueve\/"},"author":{"name":"Prensa G&amp;S FM","@id":"https:\/\/gysfm.com.ar\/inicio\/#\/schema\/person\/3abba7593ef2ad19e1be221d54383dc5"},"headline":"Rating: c\u00f3mo le fue al primer programa de \u00abViviana\u00bb, conducido por Viviana Canosa en El Nueve","datePublished":"2026-05-01T21:11:44+00:00","mainEntityOfPage":{"@id":"https:\/\/gysfm.com.ar\/inicio\/rating-como-le-fue-al-primer-programa-de-viviana-conducido-por-viviana-canosa-en-el-nueve\/"},"wordCount":352,"publisher":{"@id":"https:\/\/gysfm.com.ar\/inicio\/#organization"},"image":{"@id":"https:\/\/gysfm.com.ar\/inicio\/rating-como-le-fue-al-primer-programa-de-viviana-conducido-por-viviana-canosa-en-el-nueve\/#primaryimage"},"thumbnailUrl":"https:\/\/gysfm.com.ar\/inicio\/wp-content\/uploads\/2026\/05\/viviana-canosa-2231854.jpg","articleSection":["NACIONALES"],"inLanguage":"es"},{"@type":"WebPage","@id":"https:\/\/gysfm.com.ar\/inicio\/rating-como-le-fue-al-primer-programa-de-viviana-conducido-por-viviana-canosa-en-el-nueve\/","url":"https:\/\/gysfm.com.ar\/inicio\/rating-como-le-fue-al-primer-programa-de-viviana-conducido-por-viviana-canosa-en-el-nueve\/","name":"Rating: c\u00f3mo le fue al primer programa de \"Viviana\", conducido por Viviana Canosa en El Nueve - GYS NOTICIAS |","isPartOf":{"@id":"https:\/\/gysfm.com.ar\/inicio\/#website"},"primaryImageOfPage":{"@id":"https:\/\/gysfm.com.ar\/inicio\/rating-como-le-fue-al-primer-programa-de-viviana-conducido-por-viviana-canosa-en-el-nueve\/#primaryimage"},"image":{"@id":"https:\/\/gysfm.com.ar\/inicio\/rating-como-le-fue-al-primer-programa-de-viviana-conducido-por-viviana-canosa-en-el-nueve\/#primaryimage"},"thumbnailUrl":"https:\/\/gysfm.com.ar\/inicio\/wp-content\/uploads\/2026\/05\/viviana-canosa-2231854.jpg","datePublished":"2026-05-01T21:11:44+00:00","breadcrumb":{"@id":"https:\/\/gysfm.com.ar\/inicio\/rating-como-le-fue-al-primer-programa-de-viviana-conducido-por-viviana-canosa-en-el-nueve\/#breadcrumb"},"inLanguage":"es","potentialAction":[{"@type":"ReadAction","target":["https:\/\/gysfm.com.ar\/inicio\/rating-como-le-fue-al-primer-programa-de-viviana-conducido-por-viviana-canosa-en-el-nueve\/"]}]},{"@type":"ImageObject","inLanguage":"es","@id":"https:\/\/gysfm.com.ar\/inicio\/rating-como-le-fue-al-primer-programa-de-viviana-conducido-por-viviana-canosa-en-el-nueve\/#primaryimage","url":"https:\/\/gysfm.com.ar\/inicio\/wp-content\/uploads\/2026\/05\/viviana-canosa-2231854.jpg","contentUrl":"https:\/\/gysfm.com.ar\/inicio\/wp-content\/uploads\/2026\/05\/viviana-canosa-2231854.jpg","width":1140,"height":641},{"@type":"BreadcrumbList","@id":"https:\/\/gysfm.com.ar\/inicio\/rating-como-le-fue-al-primer-programa-de-viviana-conducido-por-viviana-canosa-en-el-nueve\/#breadcrumb","itemListElement":[{"@type":"ListItem","position":1,"name":"Portada","item":"https:\/\/gysfm.com.ar\/inicio\/"},{"@type":"ListItem","position":2,"name":"Rating: c\u00f3mo le fue al primer programa de \u00abViviana\u00bb, conducido por Viviana Canosa en El Nueve"}]},{"@type":"WebSite","@id":"https:\/\/gysfm.com.ar\/inicio\/#website","url":"https:\/\/gysfm.com.ar\/inicio\/","name":"GYS NOTICIAS |","description":"DIARIO - RADIO ONLINE SAN JUAN ARGENTINA","publisher":{"@id":"https:\/\/gysfm.com.ar\/inicio\/#organization"},"potentialAction":[{"@type":"SearchAction","target":{"@type":"EntryPoint","urlTemplate":"https:\/\/gysfm.com.ar\/inicio\/?s={search_term_string}"},"query-input":{"@type":"PropertyValueSpecification","valueRequired":true,"valueName":"search_term_string"}}],"inLanguage":"es"},{"@type":"Organization","@id":"https:\/\/gysfm.com.ar\/inicio\/#organization","name":"GYS NOTICIAS |","url":"https:\/\/gysfm.com.ar\/inicio\/","logo":{"@type":"ImageObject","inLanguage":"es","@id":"https:\/\/gysfm.com.ar\/inicio\/#\/schema\/logo\/image\/","url":"https:\/\/gysfm.com.ar\/inicio\/wp-content\/uploads\/2023\/07\/LOGOGYS-OK.png","contentUrl":"https:\/\/gysfm.com.ar\/inicio\/wp-content\/uploads\/2023\/07\/LOGOGYS-OK.png","width":1170,"height":872,"caption":"GYS NOTICIAS |"},"image":{"@id":"https:\/\/gysfm.com.ar\/inicio\/#\/schema\/logo\/image\/"}},{"@type":"Person","@id":"https:\/\/gysfm.com.ar\/inicio\/#\/schema\/person\/3abba7593ef2ad19e1be221d54383dc5","name":"Prensa G&amp;S FM","image":{"@type":"ImageObject","inLanguage":"es","@id":"https:\/\/gysfm.com.ar\/inicio\/#\/schema\/person\/image\/","url":"https:\/\/secure.gravatar.com\/avatar\/096ec78df02049ab018702bb4ccedf659377fa92a26540b5247612077a0dbd29?s=96&d=mm&r=g","contentUrl":"https:\/\/secure.gravatar.com\/avatar\/096ec78df02049ab018702bb4ccedf659377fa92a26540b5247612077a0dbd29?s=96&d=mm&r=g","caption":"Prensa G&amp;S FM"},"sameAs":["https:\/\/gysfm.com.ar\/"],"url":"https:\/\/gysfm.com.ar\/inicio\/author\/lucasm\/"}]}},"_links":{"self":[{"href":"https:\/\/gysfm.com.ar\/inicio\/wp-json\/wp\/v2\/posts\/194161","targetHints":{"allow":["GET"]}}],"collection":[{"href":"https:\/\/gysfm.com.ar\/inicio\/wp-json\/wp\/v2\/posts"}],"about":[{"href":"https:\/\/gysfm.com.ar\/inicio\/wp-json\/wp\/v2\/types\/post"}],"author":[{"embeddable":true,"href":"https:\/\/gysfm.com.ar\/inicio\/wp-json\/wp\/v2\/users\/2"}],"replies":[{"embeddable":true,"href":"https:\/\/gysfm.com.ar\/inicio\/wp-json\/wp\/v2\/comments?post=194161"}],"version-history":[{"count":0,"href":"https:\/\/gysfm.com.ar\/inicio\/wp-json\/wp\/v2\/posts\/194161\/revisions"}],"wp:featuredmedia":[{"embeddable":true,"href":"https:\/\/gysfm.com.ar\/inicio\/wp-json\/wp\/v2\/media\/194162"}],"wp:attachment":[{"href":"https:\/\/gysfm.com.ar\/inicio\/wp-json\/wp\/v2\/media?parent=194161"}],"wp:term":[{"taxonomy":"category","embeddable":true,"href":"https:\/\/gysfm.com.ar\/inicio\/wp-json\/wp\/v2\/categories?post=194161"},{"taxonomy":"post_tag","embeddable":true,"href":"https:\/\/gysfm.com.ar\/inicio\/wp-json\/wp\/v2\/tags?post=194161"}],"curies":[{"name":"wp","href":"https:\/\/api.w.org\/{rel}","templated":true}]}}