{"id":194158,"date":"2026-05-01T18:06:08","date_gmt":"2026-05-01T21:06:08","guid":{"rendered":"https:\/\/gysfm.com.ar\/inicio\/miedo-a-la-inflacion-se-duplicaron-en-abril-los-depositos-a-plazo-indexados\/"},"modified":"2026-05-01T18:06:09","modified_gmt":"2026-05-01T21:06:09","slug":"miedo-a-la-inflacion-se-duplicaron-en-abril-los-depositos-a-plazo-indexados","status":"publish","type":"post","link":"https:\/\/gysfm.com.ar\/inicio\/miedo-a-la-inflacion-se-duplicaron-en-abril-los-depositos-a-plazo-indexados\/","title":{"rendered":"\u00bfMiedo a la inflaci\u00f3n?: se duplicaron en abril los dep\u00f3sitos a plazo indexados"},"content":{"rendered":"<p><\/p>\n<div>\n<p class=\"com-paragraph  --capital --s\">El mercado, que ya se hab\u00eda volcado intensamente en los \u00faltimos meses a demandar bonos con capital protegido por ajuste inflacionario para cubrirse de la inflaci\u00f3n, esta vez opt\u00f3 por resguardar sus pesos en <strong>plazos fijos UVA<\/strong>, lo que llev\u00f3 a que el stock total de este tipo de colocaciones <strong>se duplicara durante abril<\/strong>.<\/p>\n<p class=\"com-paragraph   --s\">Los \u00faltimos datos oficiales, al pasado lunes 27, mostraban que hab\u00eda ya <strong>$1,263 billones en dep\u00f3sitos ajustables<\/strong> bajo administraci\u00f3n de bancos. Exactamente un mes atr\u00e1s, el 27 de marzo, ese stock era de apenas $617.671 millones, es decir, <strong>51,1% menor<\/strong>, lo que evidencia un verdadero boom. Visto al rev\u00e9s, <strong>implica un crecimiento del 104,5% en s\u00f3lo 30 d\u00edas.<\/strong><\/p>\n<p class=\"com-paragraph   --s\">La apuesta a este tipo de inversiones revela, de alg\u00fan modo, la <strong>confianza que fue perdiendo la pol\u00edtica antiinflacionaria del Gobierno<\/strong>, luego de casi un a\u00f1o de suba sostenida en el <strong>\u00cdndice de Precios al Consumidor (IPC)<\/strong>, aun cuando se evit\u00f3 actualizar las canastas de consumo.<\/p>\n<p class=\"com-paragraph   --s\">Si bien el mercado sigue apostando a que ese sendero se retomar\u00eda en los meses siguientes \u2014incluso desde el mes que acaba de terminar\u2014, a su vez toma cada vez m\u00e1s coberturas para <strong>protegerse de ese deterioro<\/strong>. En especial ahora que qued\u00f3 a la vista el impacto que el conflicto en Medio Oriente tiene sobre algunos precios clave (como el del crudo), que <strong>se derrama por todo el mundo<\/strong>, poniendo a los bancos centrales en guardia y complicando \u2014localmente\u2014 la estrategia oficial de sinceramiento de tarifas en tiempos de n\u00fameros fiscales m\u00e1s ajustados.<\/p>\n<p class=\"com-paragraph   --s\">Para los analistas, el <strong>fenomenal salto registrado por estos dep\u00f3sitos<\/strong> tiene variadas explicaciones: las altas cotizaciones a las que ya se operaban los bonos con CER, los <strong>rendimientos negativos<\/strong> que pasaron a ofrecer los instrumentos a tasa fija de corto o mediano plazo y la aparici\u00f3n de <strong>nuevas opciones m\u00e1s flexibles<\/strong> para concretar este tipo de plazos fijos.<\/p>\n<p class=\"com-paragraph   --s\">\u201cA lo largo de abril, los rendimientos en pesos a tasa fija han sido negativos contra la inflaci\u00f3n e, incluso, contra la inflaci\u00f3n esperada. Eso tambi\u00e9n se traslad\u00f3 a la curva CER, donde para encontrar rendimientos positivos hab\u00eda que buscar instrumentos con vencimiento m\u00ednimo de un a\u00f1o hacia adelante. En ese contexto, el <strong>plazo fijo indexado se convirti\u00f3 en una excelente opci\u00f3n<\/strong> para cubrirse de la aceleraci\u00f3n inflacionaria, cuando la tasa fija \u2018te dejaba a gamba\u2019\u201d, explic\u00f3 al respecto el economista Andr\u00e9s Reschini, socio de F2 Soluciones Financieras.<\/p>\n<p class=\"com-paragraph   --s\">Un instrumento que se sum\u00f3 a la oferta, y ayud\u00f3 a impulsar estos plazos fijos, fue el <strong>\u201cCertificado de dep\u00f3sito a plazo fijo UVA con pago de intereses por subper\u00edodos\u201d<\/strong>, como lo present\u00f3 a principios de abril el Banco Naci\u00f3n en su portal web. Es una opci\u00f3n que admite inversiones en pesos, que se reconvierten en Unidades de Valor Adquisitivo (UVA), por lo que el capital <strong>se indexa diariamente<\/strong>, y puede constituirse por plazos que van desde 90 hasta 1095 d\u00edas.<\/p>\n<div class=\"content-media\">\n<section role=\"button\" class=\"mod-media   \">\n<figure role=\"button\" tabindex=\"0\" class=\"mod-figure \"><figcaption class=\"mod-figcaption\"><span class=\"com-text --caption --twoxs\">La oferta actual del BNA por dep\u00f3sitos<\/span><span class=\"com-text --credit --twoxs\">Compumar<\/span><\/figcaption><\/figure>\n<\/section>\n<\/div>\n<p class=\"com-paragraph   --s\">La novedad fue que permite el <strong>cobro de intereses cada 30 d\u00edas<\/strong> y que ofrec\u00eda una renta que podr\u00eda considerarse \u201creal\u201d, que llegaba a largo plazo (m\u00e1s de un a\u00f1o) hasta el <strong>4,5% anual<\/strong>, aunque ahora fue revisada al <strong>3,5%<\/strong>, y va del 0,25% al 1% anual para plazos menores a un a\u00f1o, seg\u00fan comprob\u00f3 <strong>LA NACION<\/strong> tras la consulta pertinente a esa entidad.<\/p>\n<p class=\"com-paragraph   --s\">\u201cFue algo que result\u00f3 <strong>muy atractivo en este contexto<\/strong>\u201d, admiti\u00f3 Reschini, y que atrajo inversiones de <strong>ahorristas comunes, tesorer\u00edas de empresas con holgura de caja y fondos comunes de inversi\u00f3n<\/strong> por igual.<\/p>\n<section class=\"container-center-100 mb-40 border border-bottom border-thin border-neutral-light-700\">\n<hr\/>\n<\/section>\n<\/div>\n<p><script id=\"facebookpixel\" defer=\"\" type=\"text\/javascript\">\n        !function(f,b,e,v,n,t,s)\n        {if(f.fbq)return;n=f.fbq=function(){n.callMethod?\n        n.callMethod.apply(n,arguments):n.queue.push(arguments)};\n        if(!f._fbq)f._fbq=n;n.push=n;n.loaded=!0;n.version='2.0';\n        n.queue=[];t=b.createElement(e);t.async=!0;\n        t.src=v;s=b.getElementsByTagName(e)[0];\n        s.parentNode.insertBefore(t,s)}(window, document,'script',\n        'https:\/\/connect.facebook.net\/en_US\/fbevents.js');\n        fbq('init', '492459597522335');\n        fbq('track', 'PageView');\n    <\/script><\/p>\n","protected":false},"excerpt":{"rendered":"<p>El mercado, que ya se hab\u00eda volcado intensamente en los \u00faltimos meses a demandar bonos con capital protegido por ajuste inflacionario para cubrirse de la inflaci\u00f3n, esta vez opt\u00f3 por resguardar sus pesos en plazos fijos UVA, lo que llev\u00f3 a que el stock total de este tipo de colocaciones se duplicara durante abril. Los [&hellip;]<\/p>\n","protected":false},"author":1,"featured_media":194159,"comment_status":"closed","ping_status":"closed","sticky":false,"template":"","format":"standard","meta":{"footnotes":""},"categories":[28],"tags":[],"class_list":["post-194158","post","type-post","status-publish","format-standard","has-post-thumbnail","hentry","category-economia"],"yoast_head":"<!-- This site is optimized with the Yoast SEO plugin v24.4 - https:\/\/yoast.com\/wordpress\/plugins\/seo\/ -->\n<title>\u00bfMiedo a la inflaci\u00f3n?: se duplicaron en abril los dep\u00f3sitos a plazo indexados - GYS NOTICIAS |<\/title>\n<meta name=\"robots\" content=\"index, follow, max-snippet:-1, max-image-preview:large, max-video-preview:-1\" \/>\n<link rel=\"canonical\" href=\"https:\/\/gysfm.com.ar\/inicio\/miedo-a-la-inflacion-se-duplicaron-en-abril-los-depositos-a-plazo-indexados\/\" \/>\n<meta property=\"og:locale\" content=\"es_ES\" \/>\n<meta property=\"og:type\" content=\"article\" \/>\n<meta property=\"og:title\" content=\"\u00bfMiedo a la inflaci\u00f3n?: se duplicaron en abril los dep\u00f3sitos a plazo indexados - GYS NOTICIAS |\" \/>\n<meta property=\"og:description\" content=\"El mercado, que ya se hab\u00eda volcado intensamente en los \u00faltimos meses a demandar bonos con capital protegido por ajuste inflacionario para cubrirse de la inflaci\u00f3n, esta vez opt\u00f3 por resguardar sus pesos en plazos fijos UVA, lo que llev\u00f3 a que el stock total de este tipo de colocaciones se duplicara durante abril. Los [&hellip;]\" \/>\n<meta property=\"og:url\" content=\"https:\/\/gysfm.com.ar\/inicio\/miedo-a-la-inflacion-se-duplicaron-en-abril-los-depositos-a-plazo-indexados\/\" \/>\n<meta property=\"og:site_name\" content=\"GYS NOTICIAS |\" \/>\n<meta property=\"article:published_time\" content=\"2026-05-01T21:06:08+00:00\" \/>\n<meta property=\"article:modified_time\" content=\"2026-05-01T21:06:09+00:00\" \/>\n<meta property=\"og:image\" content=\"https:\/\/gysfm.com.ar\/inicio\/wp-content\/uploads\/2026\/05\/crecen-los-indexados-temiendo-por-la-inflacion-y-KSQHX45ZFBGYRGGCVUZIVFADKA.JPG\" \/>\n\t<meta property=\"og:image:width\" content=\"1200\" \/>\n\t<meta property=\"og:image:height\" content=\"800\" \/>\n\t<meta property=\"og:image:type\" content=\"image\/jpeg\" \/>\n<meta name=\"author\" content=\"admin\" \/>\n<meta name=\"twitter:card\" content=\"summary_large_image\" \/>\n<meta name=\"twitter:label1\" content=\"Escrito por\" \/>\n\t<meta name=\"twitter:data1\" content=\"admin\" \/>\n\t<meta name=\"twitter:label2\" content=\"Tiempo de lectura\" \/>\n\t<meta name=\"twitter:data2\" content=\"3 minutos\" \/>\n<script type=\"application\/ld+json\" class=\"yoast-schema-graph\">{\"@context\":\"https:\/\/schema.org\",\"@graph\":[{\"@type\":\"Article\",\"@id\":\"https:\/\/gysfm.com.ar\/inicio\/miedo-a-la-inflacion-se-duplicaron-en-abril-los-depositos-a-plazo-indexados\/#article\",\"isPartOf\":{\"@id\":\"https:\/\/gysfm.com.ar\/inicio\/miedo-a-la-inflacion-se-duplicaron-en-abril-los-depositos-a-plazo-indexados\/\"},\"author\":{\"name\":\"admin\",\"@id\":\"https:\/\/gysfm.com.ar\/inicio\/#\/schema\/person\/5bedd7ecd35cc35548d89effafa23696\"},\"headline\":\"\u00bfMiedo a la inflaci\u00f3n?: se duplicaron en abril los dep\u00f3sitos a plazo indexados\",\"datePublished\":\"2026-05-01T21:06:08+00:00\",\"dateModified\":\"2026-05-01T21:06:09+00:00\",\"mainEntityOfPage\":{\"@id\":\"https:\/\/gysfm.com.ar\/inicio\/miedo-a-la-inflacion-se-duplicaron-en-abril-los-depositos-a-plazo-indexados\/\"},\"wordCount\":626,\"publisher\":{\"@id\":\"https:\/\/gysfm.com.ar\/inicio\/#organization\"},\"image\":{\"@id\":\"https:\/\/gysfm.com.ar\/inicio\/miedo-a-la-inflacion-se-duplicaron-en-abril-los-depositos-a-plazo-indexados\/#primaryimage\"},\"thumbnailUrl\":\"https:\/\/gysfm.com.ar\/inicio\/wp-content\/uploads\/2026\/05\/crecen-los-indexados-temiendo-por-la-inflacion-y-KSQHX45ZFBGYRGGCVUZIVFADKA.JPG\",\"articleSection\":[\"ECONOMIA\"],\"inLanguage\":\"es\"},{\"@type\":\"WebPage\",\"@id\":\"https:\/\/gysfm.com.ar\/inicio\/miedo-a-la-inflacion-se-duplicaron-en-abril-los-depositos-a-plazo-indexados\/\",\"url\":\"https:\/\/gysfm.com.ar\/inicio\/miedo-a-la-inflacion-se-duplicaron-en-abril-los-depositos-a-plazo-indexados\/\",\"name\":\"\u00bfMiedo a la inflaci\u00f3n?: se duplicaron en abril los dep\u00f3sitos a plazo indexados - GYS NOTICIAS |\",\"isPartOf\":{\"@id\":\"https:\/\/gysfm.com.ar\/inicio\/#website\"},\"primaryImageOfPage\":{\"@id\":\"https:\/\/gysfm.com.ar\/inicio\/miedo-a-la-inflacion-se-duplicaron-en-abril-los-depositos-a-plazo-indexados\/#primaryimage\"},\"image\":{\"@id\":\"https:\/\/gysfm.com.ar\/inicio\/miedo-a-la-inflacion-se-duplicaron-en-abril-los-depositos-a-plazo-indexados\/#primaryimage\"},\"thumbnailUrl\":\"https:\/\/gysfm.com.ar\/inicio\/wp-content\/uploads\/2026\/05\/crecen-los-indexados-temiendo-por-la-inflacion-y-KSQHX45ZFBGYRGGCVUZIVFADKA.JPG\",\"datePublished\":\"2026-05-01T21:06:08+00:00\",\"dateModified\":\"2026-05-01T21:06:09+00:00\",\"breadcrumb\":{\"@id\":\"https:\/\/gysfm.com.ar\/inicio\/miedo-a-la-inflacion-se-duplicaron-en-abril-los-depositos-a-plazo-indexados\/#breadcrumb\"},\"inLanguage\":\"es\",\"potentialAction\":[{\"@type\":\"ReadAction\",\"target\":[\"https:\/\/gysfm.com.ar\/inicio\/miedo-a-la-inflacion-se-duplicaron-en-abril-los-depositos-a-plazo-indexados\/\"]}]},{\"@type\":\"ImageObject\",\"inLanguage\":\"es\",\"@id\":\"https:\/\/gysfm.com.ar\/inicio\/miedo-a-la-inflacion-se-duplicaron-en-abril-los-depositos-a-plazo-indexados\/#primaryimage\",\"url\":\"https:\/\/gysfm.com.ar\/inicio\/wp-content\/uploads\/2026\/05\/crecen-los-indexados-temiendo-por-la-inflacion-y-KSQHX45ZFBGYRGGCVUZIVFADKA.JPG\",\"contentUrl\":\"https:\/\/gysfm.com.ar\/inicio\/wp-content\/uploads\/2026\/05\/crecen-los-indexados-temiendo-por-la-inflacion-y-KSQHX45ZFBGYRGGCVUZIVFADKA.JPG\",\"width\":1200,\"height\":800},{\"@type\":\"BreadcrumbList\",\"@id\":\"https:\/\/gysfm.com.ar\/inicio\/miedo-a-la-inflacion-se-duplicaron-en-abril-los-depositos-a-plazo-indexados\/#breadcrumb\",\"itemListElement\":[{\"@type\":\"ListItem\",\"position\":1,\"name\":\"Portada\",\"item\":\"https:\/\/gysfm.com.ar\/inicio\/\"},{\"@type\":\"ListItem\",\"position\":2,\"name\":\"\u00bfMiedo a la inflaci\u00f3n?: se duplicaron en abril los dep\u00f3sitos a plazo indexados\"}]},{\"@type\":\"WebSite\",\"@id\":\"https:\/\/gysfm.com.ar\/inicio\/#website\",\"url\":\"https:\/\/gysfm.com.ar\/inicio\/\",\"name\":\"GYS NOTICIAS |\",\"description\":\"DIARIO - RADIO ONLINE SAN JUAN ARGENTINA\",\"publisher\":{\"@id\":\"https:\/\/gysfm.com.ar\/inicio\/#organization\"},\"potentialAction\":[{\"@type\":\"SearchAction\",\"target\":{\"@type\":\"EntryPoint\",\"urlTemplate\":\"https:\/\/gysfm.com.ar\/inicio\/?s={search_term_string}\"},\"query-input\":{\"@type\":\"PropertyValueSpecification\",\"valueRequired\":true,\"valueName\":\"search_term_string\"}}],\"inLanguage\":\"es\"},{\"@type\":\"Organization\",\"@id\":\"https:\/\/gysfm.com.ar\/inicio\/#organization\",\"name\":\"GYS NOTICIAS |\",\"url\":\"https:\/\/gysfm.com.ar\/inicio\/\",\"logo\":{\"@type\":\"ImageObject\",\"inLanguage\":\"es\",\"@id\":\"https:\/\/gysfm.com.ar\/inicio\/#\/schema\/logo\/image\/\",\"url\":\"https:\/\/gysfm.com.ar\/inicio\/wp-content\/uploads\/2023\/07\/LOGOGYS-OK.png\",\"contentUrl\":\"https:\/\/gysfm.com.ar\/inicio\/wp-content\/uploads\/2023\/07\/LOGOGYS-OK.png\",\"width\":1170,\"height\":872,\"caption\":\"GYS NOTICIAS |\"},\"image\":{\"@id\":\"https:\/\/gysfm.com.ar\/inicio\/#\/schema\/logo\/image\/\"}},{\"@type\":\"Person\",\"@id\":\"https:\/\/gysfm.com.ar\/inicio\/#\/schema\/person\/5bedd7ecd35cc35548d89effafa23696\",\"name\":\"admin\",\"image\":{\"@type\":\"ImageObject\",\"inLanguage\":\"es\",\"@id\":\"https:\/\/gysfm.com.ar\/inicio\/#\/schema\/person\/image\/\",\"url\":\"https:\/\/secure.gravatar.com\/avatar\/c331d312b5243fb64d5ba28108a447b27c925295129a363082c9ea52c28d32c2?s=96&d=mm&r=g\",\"contentUrl\":\"https:\/\/secure.gravatar.com\/avatar\/c331d312b5243fb64d5ba28108a447b27c925295129a363082c9ea52c28d32c2?s=96&d=mm&r=g\",\"caption\":\"admin\"},\"sameAs\":[\"https:\/\/gysfm.com.ar\/inicio\"],\"url\":\"https:\/\/gysfm.com.ar\/inicio\/author\/admin\/\"}]}<\/script>\n<!-- \/ Yoast SEO plugin. -->","yoast_head_json":{"title":"\u00bfMiedo a la inflaci\u00f3n?: se duplicaron en abril los dep\u00f3sitos a plazo indexados - GYS NOTICIAS |","robots":{"index":"index","follow":"follow","max-snippet":"max-snippet:-1","max-image-preview":"max-image-preview:large","max-video-preview":"max-video-preview:-1"},"canonical":"https:\/\/gysfm.com.ar\/inicio\/miedo-a-la-inflacion-se-duplicaron-en-abril-los-depositos-a-plazo-indexados\/","og_locale":"es_ES","og_type":"article","og_title":"\u00bfMiedo a la inflaci\u00f3n?: se duplicaron en abril los dep\u00f3sitos a plazo indexados - GYS NOTICIAS |","og_description":"El mercado, que ya se hab\u00eda volcado intensamente en los \u00faltimos meses a demandar bonos con capital protegido por ajuste inflacionario para cubrirse de la inflaci\u00f3n, esta vez opt\u00f3 por resguardar sus pesos en plazos fijos UVA, lo que llev\u00f3 a que el stock total de este tipo de colocaciones se duplicara durante abril. Los [&hellip;]","og_url":"https:\/\/gysfm.com.ar\/inicio\/miedo-a-la-inflacion-se-duplicaron-en-abril-los-depositos-a-plazo-indexados\/","og_site_name":"GYS NOTICIAS |","article_published_time":"2026-05-01T21:06:08+00:00","article_modified_time":"2026-05-01T21:06:09+00:00","og_image":[{"width":1200,"height":800,"url":"https:\/\/gysfm.com.ar\/inicio\/wp-content\/uploads\/2026\/05\/crecen-los-indexados-temiendo-por-la-inflacion-y-KSQHX45ZFBGYRGGCVUZIVFADKA.JPG","type":"image\/jpeg"}],"author":"admin","twitter_card":"summary_large_image","twitter_misc":{"Escrito por":"admin","Tiempo de lectura":"3 minutos"},"schema":{"@context":"https:\/\/schema.org","@graph":[{"@type":"Article","@id":"https:\/\/gysfm.com.ar\/inicio\/miedo-a-la-inflacion-se-duplicaron-en-abril-los-depositos-a-plazo-indexados\/#article","isPartOf":{"@id":"https:\/\/gysfm.com.ar\/inicio\/miedo-a-la-inflacion-se-duplicaron-en-abril-los-depositos-a-plazo-indexados\/"},"author":{"name":"admin","@id":"https:\/\/gysfm.com.ar\/inicio\/#\/schema\/person\/5bedd7ecd35cc35548d89effafa23696"},"headline":"\u00bfMiedo a la inflaci\u00f3n?: se duplicaron en abril los dep\u00f3sitos a plazo indexados","datePublished":"2026-05-01T21:06:08+00:00","dateModified":"2026-05-01T21:06:09+00:00","mainEntityOfPage":{"@id":"https:\/\/gysfm.com.ar\/inicio\/miedo-a-la-inflacion-se-duplicaron-en-abril-los-depositos-a-plazo-indexados\/"},"wordCount":626,"publisher":{"@id":"https:\/\/gysfm.com.ar\/inicio\/#organization"},"image":{"@id":"https:\/\/gysfm.com.ar\/inicio\/miedo-a-la-inflacion-se-duplicaron-en-abril-los-depositos-a-plazo-indexados\/#primaryimage"},"thumbnailUrl":"https:\/\/gysfm.com.ar\/inicio\/wp-content\/uploads\/2026\/05\/crecen-los-indexados-temiendo-por-la-inflacion-y-KSQHX45ZFBGYRGGCVUZIVFADKA.JPG","articleSection":["ECONOMIA"],"inLanguage":"es"},{"@type":"WebPage","@id":"https:\/\/gysfm.com.ar\/inicio\/miedo-a-la-inflacion-se-duplicaron-en-abril-los-depositos-a-plazo-indexados\/","url":"https:\/\/gysfm.com.ar\/inicio\/miedo-a-la-inflacion-se-duplicaron-en-abril-los-depositos-a-plazo-indexados\/","name":"\u00bfMiedo a la inflaci\u00f3n?: se duplicaron en abril los dep\u00f3sitos a plazo indexados - GYS NOTICIAS |","isPartOf":{"@id":"https:\/\/gysfm.com.ar\/inicio\/#website"},"primaryImageOfPage":{"@id":"https:\/\/gysfm.com.ar\/inicio\/miedo-a-la-inflacion-se-duplicaron-en-abril-los-depositos-a-plazo-indexados\/#primaryimage"},"image":{"@id":"https:\/\/gysfm.com.ar\/inicio\/miedo-a-la-inflacion-se-duplicaron-en-abril-los-depositos-a-plazo-indexados\/#primaryimage"},"thumbnailUrl":"https:\/\/gysfm.com.ar\/inicio\/wp-content\/uploads\/2026\/05\/crecen-los-indexados-temiendo-por-la-inflacion-y-KSQHX45ZFBGYRGGCVUZIVFADKA.JPG","datePublished":"2026-05-01T21:06:08+00:00","dateModified":"2026-05-01T21:06:09+00:00","breadcrumb":{"@id":"https:\/\/gysfm.com.ar\/inicio\/miedo-a-la-inflacion-se-duplicaron-en-abril-los-depositos-a-plazo-indexados\/#breadcrumb"},"inLanguage":"es","potentialAction":[{"@type":"ReadAction","target":["https:\/\/gysfm.com.ar\/inicio\/miedo-a-la-inflacion-se-duplicaron-en-abril-los-depositos-a-plazo-indexados\/"]}]},{"@type":"ImageObject","inLanguage":"es","@id":"https:\/\/gysfm.com.ar\/inicio\/miedo-a-la-inflacion-se-duplicaron-en-abril-los-depositos-a-plazo-indexados\/#primaryimage","url":"https:\/\/gysfm.com.ar\/inicio\/wp-content\/uploads\/2026\/05\/crecen-los-indexados-temiendo-por-la-inflacion-y-KSQHX45ZFBGYRGGCVUZIVFADKA.JPG","contentUrl":"https:\/\/gysfm.com.ar\/inicio\/wp-content\/uploads\/2026\/05\/crecen-los-indexados-temiendo-por-la-inflacion-y-KSQHX45ZFBGYRGGCVUZIVFADKA.JPG","width":1200,"height":800},{"@type":"BreadcrumbList","@id":"https:\/\/gysfm.com.ar\/inicio\/miedo-a-la-inflacion-se-duplicaron-en-abril-los-depositos-a-plazo-indexados\/#breadcrumb","itemListElement":[{"@type":"ListItem","position":1,"name":"Portada","item":"https:\/\/gysfm.com.ar\/inicio\/"},{"@type":"ListItem","position":2,"name":"\u00bfMiedo a la inflaci\u00f3n?: se duplicaron en abril los dep\u00f3sitos a plazo indexados"}]},{"@type":"WebSite","@id":"https:\/\/gysfm.com.ar\/inicio\/#website","url":"https:\/\/gysfm.com.ar\/inicio\/","name":"GYS NOTICIAS |","description":"DIARIO - RADIO ONLINE SAN JUAN ARGENTINA","publisher":{"@id":"https:\/\/gysfm.com.ar\/inicio\/#organization"},"potentialAction":[{"@type":"SearchAction","target":{"@type":"EntryPoint","urlTemplate":"https:\/\/gysfm.com.ar\/inicio\/?s={search_term_string}"},"query-input":{"@type":"PropertyValueSpecification","valueRequired":true,"valueName":"search_term_string"}}],"inLanguage":"es"},{"@type":"Organization","@id":"https:\/\/gysfm.com.ar\/inicio\/#organization","name":"GYS NOTICIAS |","url":"https:\/\/gysfm.com.ar\/inicio\/","logo":{"@type":"ImageObject","inLanguage":"es","@id":"https:\/\/gysfm.com.ar\/inicio\/#\/schema\/logo\/image\/","url":"https:\/\/gysfm.com.ar\/inicio\/wp-content\/uploads\/2023\/07\/LOGOGYS-OK.png","contentUrl":"https:\/\/gysfm.com.ar\/inicio\/wp-content\/uploads\/2023\/07\/LOGOGYS-OK.png","width":1170,"height":872,"caption":"GYS NOTICIAS |"},"image":{"@id":"https:\/\/gysfm.com.ar\/inicio\/#\/schema\/logo\/image\/"}},{"@type":"Person","@id":"https:\/\/gysfm.com.ar\/inicio\/#\/schema\/person\/5bedd7ecd35cc35548d89effafa23696","name":"admin","image":{"@type":"ImageObject","inLanguage":"es","@id":"https:\/\/gysfm.com.ar\/inicio\/#\/schema\/person\/image\/","url":"https:\/\/secure.gravatar.com\/avatar\/c331d312b5243fb64d5ba28108a447b27c925295129a363082c9ea52c28d32c2?s=96&d=mm&r=g","contentUrl":"https:\/\/secure.gravatar.com\/avatar\/c331d312b5243fb64d5ba28108a447b27c925295129a363082c9ea52c28d32c2?s=96&d=mm&r=g","caption":"admin"},"sameAs":["https:\/\/gysfm.com.ar\/inicio"],"url":"https:\/\/gysfm.com.ar\/inicio\/author\/admin\/"}]}},"_links":{"self":[{"href":"https:\/\/gysfm.com.ar\/inicio\/wp-json\/wp\/v2\/posts\/194158","targetHints":{"allow":["GET"]}}],"collection":[{"href":"https:\/\/gysfm.com.ar\/inicio\/wp-json\/wp\/v2\/posts"}],"about":[{"href":"https:\/\/gysfm.com.ar\/inicio\/wp-json\/wp\/v2\/types\/post"}],"author":[{"embeddable":true,"href":"https:\/\/gysfm.com.ar\/inicio\/wp-json\/wp\/v2\/users\/1"}],"replies":[{"embeddable":true,"href":"https:\/\/gysfm.com.ar\/inicio\/wp-json\/wp\/v2\/comments?post=194158"}],"version-history":[{"count":1,"href":"https:\/\/gysfm.com.ar\/inicio\/wp-json\/wp\/v2\/posts\/194158\/revisions"}],"predecessor-version":[{"id":194160,"href":"https:\/\/gysfm.com.ar\/inicio\/wp-json\/wp\/v2\/posts\/194158\/revisions\/194160"}],"wp:featuredmedia":[{"embeddable":true,"href":"https:\/\/gysfm.com.ar\/inicio\/wp-json\/wp\/v2\/media\/194159"}],"wp:attachment":[{"href":"https:\/\/gysfm.com.ar\/inicio\/wp-json\/wp\/v2\/media?parent=194158"}],"wp:term":[{"taxonomy":"category","embeddable":true,"href":"https:\/\/gysfm.com.ar\/inicio\/wp-json\/wp\/v2\/categories?post=194158"},{"taxonomy":"post_tag","embeddable":true,"href":"https:\/\/gysfm.com.ar\/inicio\/wp-json\/wp\/v2\/tags?post=194158"}],"curies":[{"name":"wp","href":"https:\/\/api.w.org\/{rel}","templated":true}]}}