{"id":194151,"date":"2026-05-01T17:25:29","date_gmt":"2026-05-01T20:25:29","guid":{"rendered":"https:\/\/gysfm.com.ar\/inicio\/rebote-de-la-actividad-economica-en-marzo-fuerte-traccion-de-los-bienes-transables-y-energia\/"},"modified":"2026-05-01T17:25:29","modified_gmt":"2026-05-01T20:25:29","slug":"rebote-de-la-actividad-economica-en-marzo-fuerte-traccion-de-los-bienes-transables-y-energia","status":"publish","type":"post","link":"https:\/\/gysfm.com.ar\/inicio\/rebote-de-la-actividad-economica-en-marzo-fuerte-traccion-de-los-bienes-transables-y-energia\/","title":{"rendered":"\u00bfRebote de la actividad econ\u00f3mica en marzo? Fuerte tracci\u00f3n de los bienes transables y energ\u00eda"},"content":{"rendered":"<p> <br \/>\n<\/p>\n<div id=\"\">\n<p id=\"p-1777649031830-24288\" data-path-to-node=\"0\">El sem\u00e1foro de  actividad econ\u00f3mica de <strong>Econviews <\/strong>muestra una econom\u00eda de \u00abdos velocidades\u00bb, donde <strong>el fuerte dinamismo del sector transable y la energ\u00eda contrasta con el estancamiento del consumo y la industria. <\/strong>Mientras el agro y la molienda de soja lideran la recuperaci\u00f3n con un salto del 32,7%, el mercado interno refleja la cautela de los hogares con un desplome del 10,6% en la confianza del consumidor y se\u00f1ales de enfriamiento en el empleo privado.<\/p>\n<\/div>\n<div id=\"\">\n<p id=\"p-1777648491554-54251\"><strong>\u00abNuestro sem\u00e1foro de actividad anticipa un rebote mensual, con buenos datos para la industria y Oil&amp;Gas. Construcci\u00f3n muestra resultados mixtos. Escrituras CABA destaca con un crecimiento del 21% mensual\u00bb<\/strong>, destacaron desde <strong>Econviews <\/strong>aunque tambi\u00e9n informaron que el primer dato de abril es negativo, <strong data-path-to-node=\"0\" data-index-in-node=\"36\">\u00cdndice de Confianza del Consumidor (ICC)<\/strong> que cay\u00f3 5.7%.<\/p>\n<\/div>\n<div id=\"\">\n<p id=\"p-1777648450736-78161\"> El sem\u00e1foro de actividad econ\u00f3mica de <strong>Econviews <\/strong>arroja se\u00f1ales de alerta en sectores clave, donde la comparaci\u00f3n del \u00faltimo dato contra el trimestre previo muestra un desempe\u00f1o negativo. La <strong data-path-to-node=\"0\" data-index-in-node=\"190\">producci\u00f3n industrial<\/strong> muestra una ca\u00edda del <strong data-path-to-node=\"0\" data-index-in-node=\"258\">1,9%<\/strong>, seguida por la <strong data-path-to-node=\"0\" data-index-in-node=\"279\">faena vacuna<\/strong> que retrocedi\u00f3 un <strong data-path-to-node=\"0\" data-index-in-node=\"310\">1%<\/strong>.<\/p>\n<\/div>\n<div id=\"\">\n<p id=\"p-1777648763443-66642\">En el \u00e1mbito del consumo, la <strong data-path-to-node=\"0\" data-index-in-node=\"345\">confianza del consumidor<\/strong> experiment\u00f3 un desplome de dos d\u00edgitos (<strong data-path-to-node=\"0\" data-index-in-node=\"410\">-10,6%<\/strong>), mientras que las <strong data-path-to-node=\"0\" data-index-in-node=\"436\">ventas de nafta<\/strong> tambi\u00e9n marcaron terreno negativo con una baja del <strong data-path-to-node=\"0\" data-index-in-node=\"503\">1,7%<\/strong>. Finalmente, el sector financiero refleja el impacto de la coyuntura con una contracci\u00f3n del <strong data-path-to-node=\"0\" data-index-in-node=\"601\">1,1%<\/strong> en los <strong data-path-to-node=\"0\" data-index-in-node=\"613\">pr\u00e9stamos comerciales<\/strong> en t\u00e9rminos reales, completando el cuadro de indicadores en rojo para el cierre del per\u00edodo.<\/p>\n<\/div>\n<div id=\"\">\n<p id=\"p-1777648826943-22020\">El an\u00e1lisis de la consultora <strong>Econviews <\/strong>revela una zona de estancamiento en indicadores clave de la actividad y el mercado laboral. En el sector de la infraestructura, tanto el <strong data-path-to-node=\"0\" data-index-in-node=\"231\">consumo de cemento<\/strong> como la <strong data-path-to-node=\"0\" data-index-in-node=\"258\">construcci\u00f3n<\/strong> muestran variaciones negativas marginales del <strong data-path-to-node=\"0\" data-index-in-node=\"317\">-0,4%<\/strong> y <strong data-path-to-node=\"0\" data-index-in-node=\"325\">-0,1%<\/strong> respectivamente frente al trimestre previo, mientras que la <strong data-path-to-node=\"0\" data-index-in-node=\"391\">recaudaci\u00f3n de IVA-DGI<\/strong> tambi\u00e9n se ubica en terreno neutro con un <strong data-path-to-node=\"0\" data-index-in-node=\"456\">-0,1%<\/strong>.<\/p>\n<p id=\"p-1777648846568-6133\">Por el lado del financiamiento, los <strong data-path-to-node=\"0\" data-index-in-node=\"499\">pr\u00e9stamos al consumo<\/strong> en t\u00e9rminos reales registran una ca\u00edda del <strong data-path-to-node=\"0\" data-index-in-node=\"563\">0,8%<\/strong>. Finalmente, el mercado de trabajo formal muestra signos de enfriamiento, con el <strong data-path-to-node=\"0\" data-index-in-node=\"649\">empleo privado<\/strong> retrocediendo un <strong data-path-to-node=\"0\" data-index-in-node=\"681\">0,3%<\/strong> y los <strong data-path-to-node=\"0\" data-index-in-node=\"692\">aportes a la seguridad social<\/strong> apenas logrando una variaci\u00f3n positiva del <strong data-path-to-node=\"0\" data-index-in-node=\"765\">0,9%<\/strong>, consolidando un escenario de cautela para el corto plazo.<\/p>\n<h2 id=\"p-1777648851274-92677\">Los indicadores verde: qu\u00e9 sectores evidencian una recuperaci\u00f3n<\/h2>\n<p id=\"p-1777648931977-64672\">En contraste con los indicadores de consumo, <strong>el sector transable y la industria pesada muestran una s\u00f3lida recuperaci\u00f3n<\/strong>, liderada por el <strong data-path-to-node=\"0\" data-index-in-node=\"137\">agro<\/strong> con un salto del <strong data-path-to-node=\"0\" data-index-in-node=\"159\">32,7%<\/strong> en la molienda de soja y liquidaciones. La energ\u00eda tambi\u00e9n aporta dinamismo, con subas del <strong data-path-to-node=\"0\" data-index-in-node=\"256\">5,5%<\/strong> en la producci\u00f3n de gas y del <strong data-path-to-node=\"0\" data-index-in-node=\"291\">2%<\/strong> en petr\u00f3leo, mientras que la producci\u00f3n de <strong data-path-to-node=\"0\" data-index-in-node=\"339\">acero<\/strong> escal\u00f3 un <strong data-path-to-node=\"0\" data-index-in-node=\"355\">12,4%<\/strong> respecto al trimestre previo.<\/p>\n<p id=\"p-1777648947800-17085\">Por su parte, el sector automotriz y el mercado inmobiliario exhiben brotes verdes significativos, con un incremento del <strong data-path-to-node=\"0\" data-index-in-node=\"512\">12,8%<\/strong> en las escrituras en CABA y una mejora en los patentamientos de autos (<strong data-path-to-node=\"0\" data-index-in-node=\"589\">5,5%<\/strong>) y motos (<strong data-path-to-node=\"0\" data-index-in-node=\"604\">13,8%<\/strong>), consolidando un frente de expansi\u00f3n en los sectores m\u00e1s vinculados a la inversi\u00f3n y la exportaci\u00f3n.<\/p>\n<\/div>\n<p><script>\n!function(f,b,e,v,n,t,s)\n{if(f.fbq)return;n=f.fbq=function(){n.callMethod?\nn.callMethod.apply(n,arguments):n.queue.push(arguments)};\nif(!f._fbq)f._fbq=n;n.push=n;n.loaded=!0;n.version='2.0';\nn.queue=[];t=b.createElement(e);t.async=!0;\nt.src=v;s=b.getElementsByTagName(e)[0];\ns.parentNode.insertBefore(t,s)}(window,document,'script',\n'https:\/\/connect.facebook.net\/en_US\/fbevents.js');\nfbq('init', '2047048335588113');\nfbq('track', 'PageView');\n<\/script><br \/>\n<br \/><\/p>\n","protected":false},"excerpt":{"rendered":"<p>El sem\u00e1foro de actividad econ\u00f3mica de Econviews muestra una econom\u00eda de \u00abdos velocidades\u00bb, donde el fuerte dinamismo del sector transable y la energ\u00eda contrasta con el estancamiento del consumo y la industria. Mientras el agro y la molienda de soja lideran la recuperaci\u00f3n con un salto del 32,7%, el mercado interno refleja la cautela de [&hellip;]<\/p>\n","protected":false},"author":1,"featured_media":194152,"comment_status":"closed","ping_status":"closed","sticky":false,"template":"","format":"standard","meta":{"footnotes":""},"categories":[28],"tags":[],"class_list":["post-194151","post","type-post","status-publish","format-standard","has-post-thumbnail","hentry","category-economia"],"yoast_head":"<!-- This site is optimized with the Yoast SEO plugin v24.4 - https:\/\/yoast.com\/wordpress\/plugins\/seo\/ -->\n<title>\u00bfRebote de la actividad econ\u00f3mica en marzo? Fuerte tracci\u00f3n de los bienes transables y energ\u00eda - GYS NOTICIAS |<\/title>\n<meta name=\"robots\" content=\"index, follow, max-snippet:-1, max-image-preview:large, max-video-preview:-1\" \/>\n<link rel=\"canonical\" href=\"https:\/\/gysfm.com.ar\/inicio\/rebote-de-la-actividad-economica-en-marzo-fuerte-traccion-de-los-bienes-transables-y-energia\/\" \/>\n<meta property=\"og:locale\" content=\"es_ES\" \/>\n<meta property=\"og:type\" content=\"article\" \/>\n<meta property=\"og:title\" content=\"\u00bfRebote de la actividad econ\u00f3mica en marzo? Fuerte tracci\u00f3n de los bienes transables y energ\u00eda - GYS NOTICIAS |\" \/>\n<meta property=\"og:description\" content=\"El sem\u00e1foro de actividad econ\u00f3mica de Econviews muestra una econom\u00eda de \u00abdos velocidades\u00bb, donde el fuerte dinamismo del sector transable y la energ\u00eda contrasta con el estancamiento del consumo y la industria. Mientras el agro y la molienda de soja lideran la recuperaci\u00f3n con un salto del 32,7%, el mercado interno refleja la cautela de [&hellip;]\" \/>\n<meta property=\"og:url\" content=\"https:\/\/gysfm.com.ar\/inicio\/rebote-de-la-actividad-economica-en-marzo-fuerte-traccion-de-los-bienes-transables-y-energia\/\" \/>\n<meta property=\"og:site_name\" content=\"GYS NOTICIAS |\" \/>\n<meta property=\"article:published_time\" content=\"2026-05-01T20:25:29+00:00\" \/>\n<meta name=\"author\" content=\"admin\" \/>\n<meta name=\"twitter:card\" content=\"summary_large_image\" \/>\n<meta name=\"twitter:label1\" content=\"Escrito por\" \/>\n\t<meta name=\"twitter:data1\" content=\"admin\" \/>\n\t<meta name=\"twitter:label2\" content=\"Tiempo de lectura\" \/>\n\t<meta name=\"twitter:data2\" content=\"3 minutos\" \/>\n<script type=\"application\/ld+json\" class=\"yoast-schema-graph\">{\"@context\":\"https:\/\/schema.org\",\"@graph\":[{\"@type\":\"Article\",\"@id\":\"https:\/\/gysfm.com.ar\/inicio\/rebote-de-la-actividad-economica-en-marzo-fuerte-traccion-de-los-bienes-transables-y-energia\/#article\",\"isPartOf\":{\"@id\":\"https:\/\/gysfm.com.ar\/inicio\/rebote-de-la-actividad-economica-en-marzo-fuerte-traccion-de-los-bienes-transables-y-energia\/\"},\"author\":{\"name\":\"admin\",\"@id\":\"https:\/\/gysfm.com.ar\/inicio\/#\/schema\/person\/5bedd7ecd35cc35548d89effafa23696\"},\"headline\":\"\u00bfRebote de la actividad econ\u00f3mica en marzo? Fuerte tracci\u00f3n de los bienes transables y energ\u00eda\",\"datePublished\":\"2026-05-01T20:25:29+00:00\",\"mainEntityOfPage\":{\"@id\":\"https:\/\/gysfm.com.ar\/inicio\/rebote-de-la-actividad-economica-en-marzo-fuerte-traccion-de-los-bienes-transables-y-energia\/\"},\"wordCount\":529,\"publisher\":{\"@id\":\"https:\/\/gysfm.com.ar\/inicio\/#organization\"},\"image\":{\"@id\":\"https:\/\/gysfm.com.ar\/inicio\/rebote-de-la-actividad-economica-en-marzo-fuerte-traccion-de-los-bienes-transables-y-energia\/#primaryimage\"},\"thumbnailUrl\":\"https:\/\/gysfm.com.ar\/inicio\/wp-content\/uploads\/2026\/05\/finalizaron-gpnkjpg.jpg\",\"articleSection\":[\"ECONOMIA\"],\"inLanguage\":\"es\"},{\"@type\":\"WebPage\",\"@id\":\"https:\/\/gysfm.com.ar\/inicio\/rebote-de-la-actividad-economica-en-marzo-fuerte-traccion-de-los-bienes-transables-y-energia\/\",\"url\":\"https:\/\/gysfm.com.ar\/inicio\/rebote-de-la-actividad-economica-en-marzo-fuerte-traccion-de-los-bienes-transables-y-energia\/\",\"name\":\"\u00bfRebote de la actividad econ\u00f3mica en marzo? Fuerte tracci\u00f3n de los bienes transables y energ\u00eda - GYS NOTICIAS |\",\"isPartOf\":{\"@id\":\"https:\/\/gysfm.com.ar\/inicio\/#website\"},\"primaryImageOfPage\":{\"@id\":\"https:\/\/gysfm.com.ar\/inicio\/rebote-de-la-actividad-economica-en-marzo-fuerte-traccion-de-los-bienes-transables-y-energia\/#primaryimage\"},\"image\":{\"@id\":\"https:\/\/gysfm.com.ar\/inicio\/rebote-de-la-actividad-economica-en-marzo-fuerte-traccion-de-los-bienes-transables-y-energia\/#primaryimage\"},\"thumbnailUrl\":\"https:\/\/gysfm.com.ar\/inicio\/wp-content\/uploads\/2026\/05\/finalizaron-gpnkjpg.jpg\",\"datePublished\":\"2026-05-01T20:25:29+00:00\",\"breadcrumb\":{\"@id\":\"https:\/\/gysfm.com.ar\/inicio\/rebote-de-la-actividad-economica-en-marzo-fuerte-traccion-de-los-bienes-transables-y-energia\/#breadcrumb\"},\"inLanguage\":\"es\",\"potentialAction\":[{\"@type\":\"ReadAction\",\"target\":[\"https:\/\/gysfm.com.ar\/inicio\/rebote-de-la-actividad-economica-en-marzo-fuerte-traccion-de-los-bienes-transables-y-energia\/\"]}]},{\"@type\":\"ImageObject\",\"inLanguage\":\"es\",\"@id\":\"https:\/\/gysfm.com.ar\/inicio\/rebote-de-la-actividad-economica-en-marzo-fuerte-traccion-de-los-bienes-transables-y-energia\/#primaryimage\",\"url\":\"https:\/\/gysfm.com.ar\/inicio\/wp-content\/uploads\/2026\/05\/finalizaron-gpnkjpg.jpg\",\"contentUrl\":\"https:\/\/gysfm.com.ar\/inicio\/wp-content\/uploads\/2026\/05\/finalizaron-gpnkjpg.jpg\",\"width\":1200,\"height\":675},{\"@type\":\"BreadcrumbList\",\"@id\":\"https:\/\/gysfm.com.ar\/inicio\/rebote-de-la-actividad-economica-en-marzo-fuerte-traccion-de-los-bienes-transables-y-energia\/#breadcrumb\",\"itemListElement\":[{\"@type\":\"ListItem\",\"position\":1,\"name\":\"Portada\",\"item\":\"https:\/\/gysfm.com.ar\/inicio\/\"},{\"@type\":\"ListItem\",\"position\":2,\"name\":\"\u00bfRebote de la actividad econ\u00f3mica en marzo? Fuerte tracci\u00f3n de los bienes transables y energ\u00eda\"}]},{\"@type\":\"WebSite\",\"@id\":\"https:\/\/gysfm.com.ar\/inicio\/#website\",\"url\":\"https:\/\/gysfm.com.ar\/inicio\/\",\"name\":\"GYS NOTICIAS |\",\"description\":\"DIARIO - RADIO ONLINE SAN JUAN ARGENTINA\",\"publisher\":{\"@id\":\"https:\/\/gysfm.com.ar\/inicio\/#organization\"},\"potentialAction\":[{\"@type\":\"SearchAction\",\"target\":{\"@type\":\"EntryPoint\",\"urlTemplate\":\"https:\/\/gysfm.com.ar\/inicio\/?s={search_term_string}\"},\"query-input\":{\"@type\":\"PropertyValueSpecification\",\"valueRequired\":true,\"valueName\":\"search_term_string\"}}],\"inLanguage\":\"es\"},{\"@type\":\"Organization\",\"@id\":\"https:\/\/gysfm.com.ar\/inicio\/#organization\",\"name\":\"GYS NOTICIAS |\",\"url\":\"https:\/\/gysfm.com.ar\/inicio\/\",\"logo\":{\"@type\":\"ImageObject\",\"inLanguage\":\"es\",\"@id\":\"https:\/\/gysfm.com.ar\/inicio\/#\/schema\/logo\/image\/\",\"url\":\"https:\/\/gysfm.com.ar\/inicio\/wp-content\/uploads\/2023\/07\/LOGOGYS-OK.png\",\"contentUrl\":\"https:\/\/gysfm.com.ar\/inicio\/wp-content\/uploads\/2023\/07\/LOGOGYS-OK.png\",\"width\":1170,\"height\":872,\"caption\":\"GYS NOTICIAS |\"},\"image\":{\"@id\":\"https:\/\/gysfm.com.ar\/inicio\/#\/schema\/logo\/image\/\"}},{\"@type\":\"Person\",\"@id\":\"https:\/\/gysfm.com.ar\/inicio\/#\/schema\/person\/5bedd7ecd35cc35548d89effafa23696\",\"name\":\"admin\",\"image\":{\"@type\":\"ImageObject\",\"inLanguage\":\"es\",\"@id\":\"https:\/\/gysfm.com.ar\/inicio\/#\/schema\/person\/image\/\",\"url\":\"https:\/\/secure.gravatar.com\/avatar\/c331d312b5243fb64d5ba28108a447b27c925295129a363082c9ea52c28d32c2?s=96&d=mm&r=g\",\"contentUrl\":\"https:\/\/secure.gravatar.com\/avatar\/c331d312b5243fb64d5ba28108a447b27c925295129a363082c9ea52c28d32c2?s=96&d=mm&r=g\",\"caption\":\"admin\"},\"sameAs\":[\"https:\/\/gysfm.com.ar\/inicio\"],\"url\":\"https:\/\/gysfm.com.ar\/inicio\/author\/admin\/\"}]}<\/script>\n<!-- \/ Yoast SEO plugin. -->","yoast_head_json":{"title":"\u00bfRebote de la actividad econ\u00f3mica en marzo? Fuerte tracci\u00f3n de los bienes transables y energ\u00eda - GYS NOTICIAS |","robots":{"index":"index","follow":"follow","max-snippet":"max-snippet:-1","max-image-preview":"max-image-preview:large","max-video-preview":"max-video-preview:-1"},"canonical":"https:\/\/gysfm.com.ar\/inicio\/rebote-de-la-actividad-economica-en-marzo-fuerte-traccion-de-los-bienes-transables-y-energia\/","og_locale":"es_ES","og_type":"article","og_title":"\u00bfRebote de la actividad econ\u00f3mica en marzo? Fuerte tracci\u00f3n de los bienes transables y energ\u00eda - GYS NOTICIAS |","og_description":"El sem\u00e1foro de actividad econ\u00f3mica de Econviews muestra una econom\u00eda de \u00abdos velocidades\u00bb, donde el fuerte dinamismo del sector transable y la energ\u00eda contrasta con el estancamiento del consumo y la industria. Mientras el agro y la molienda de soja lideran la recuperaci\u00f3n con un salto del 32,7%, el mercado interno refleja la cautela de [&hellip;]","og_url":"https:\/\/gysfm.com.ar\/inicio\/rebote-de-la-actividad-economica-en-marzo-fuerte-traccion-de-los-bienes-transables-y-energia\/","og_site_name":"GYS NOTICIAS |","article_published_time":"2026-05-01T20:25:29+00:00","author":"admin","twitter_card":"summary_large_image","twitter_misc":{"Escrito por":"admin","Tiempo de lectura":"3 minutos"},"schema":{"@context":"https:\/\/schema.org","@graph":[{"@type":"Article","@id":"https:\/\/gysfm.com.ar\/inicio\/rebote-de-la-actividad-economica-en-marzo-fuerte-traccion-de-los-bienes-transables-y-energia\/#article","isPartOf":{"@id":"https:\/\/gysfm.com.ar\/inicio\/rebote-de-la-actividad-economica-en-marzo-fuerte-traccion-de-los-bienes-transables-y-energia\/"},"author":{"name":"admin","@id":"https:\/\/gysfm.com.ar\/inicio\/#\/schema\/person\/5bedd7ecd35cc35548d89effafa23696"},"headline":"\u00bfRebote de la actividad econ\u00f3mica en marzo? Fuerte tracci\u00f3n de los bienes transables y energ\u00eda","datePublished":"2026-05-01T20:25:29+00:00","mainEntityOfPage":{"@id":"https:\/\/gysfm.com.ar\/inicio\/rebote-de-la-actividad-economica-en-marzo-fuerte-traccion-de-los-bienes-transables-y-energia\/"},"wordCount":529,"publisher":{"@id":"https:\/\/gysfm.com.ar\/inicio\/#organization"},"image":{"@id":"https:\/\/gysfm.com.ar\/inicio\/rebote-de-la-actividad-economica-en-marzo-fuerte-traccion-de-los-bienes-transables-y-energia\/#primaryimage"},"thumbnailUrl":"https:\/\/gysfm.com.ar\/inicio\/wp-content\/uploads\/2026\/05\/finalizaron-gpnkjpg.jpg","articleSection":["ECONOMIA"],"inLanguage":"es"},{"@type":"WebPage","@id":"https:\/\/gysfm.com.ar\/inicio\/rebote-de-la-actividad-economica-en-marzo-fuerte-traccion-de-los-bienes-transables-y-energia\/","url":"https:\/\/gysfm.com.ar\/inicio\/rebote-de-la-actividad-economica-en-marzo-fuerte-traccion-de-los-bienes-transables-y-energia\/","name":"\u00bfRebote de la actividad econ\u00f3mica en marzo? Fuerte tracci\u00f3n de los bienes transables y energ\u00eda - GYS NOTICIAS |","isPartOf":{"@id":"https:\/\/gysfm.com.ar\/inicio\/#website"},"primaryImageOfPage":{"@id":"https:\/\/gysfm.com.ar\/inicio\/rebote-de-la-actividad-economica-en-marzo-fuerte-traccion-de-los-bienes-transables-y-energia\/#primaryimage"},"image":{"@id":"https:\/\/gysfm.com.ar\/inicio\/rebote-de-la-actividad-economica-en-marzo-fuerte-traccion-de-los-bienes-transables-y-energia\/#primaryimage"},"thumbnailUrl":"https:\/\/gysfm.com.ar\/inicio\/wp-content\/uploads\/2026\/05\/finalizaron-gpnkjpg.jpg","datePublished":"2026-05-01T20:25:29+00:00","breadcrumb":{"@id":"https:\/\/gysfm.com.ar\/inicio\/rebote-de-la-actividad-economica-en-marzo-fuerte-traccion-de-los-bienes-transables-y-energia\/#breadcrumb"},"inLanguage":"es","potentialAction":[{"@type":"ReadAction","target":["https:\/\/gysfm.com.ar\/inicio\/rebote-de-la-actividad-economica-en-marzo-fuerte-traccion-de-los-bienes-transables-y-energia\/"]}]},{"@type":"ImageObject","inLanguage":"es","@id":"https:\/\/gysfm.com.ar\/inicio\/rebote-de-la-actividad-economica-en-marzo-fuerte-traccion-de-los-bienes-transables-y-energia\/#primaryimage","url":"https:\/\/gysfm.com.ar\/inicio\/wp-content\/uploads\/2026\/05\/finalizaron-gpnkjpg.jpg","contentUrl":"https:\/\/gysfm.com.ar\/inicio\/wp-content\/uploads\/2026\/05\/finalizaron-gpnkjpg.jpg","width":1200,"height":675},{"@type":"BreadcrumbList","@id":"https:\/\/gysfm.com.ar\/inicio\/rebote-de-la-actividad-economica-en-marzo-fuerte-traccion-de-los-bienes-transables-y-energia\/#breadcrumb","itemListElement":[{"@type":"ListItem","position":1,"name":"Portada","item":"https:\/\/gysfm.com.ar\/inicio\/"},{"@type":"ListItem","position":2,"name":"\u00bfRebote de la actividad econ\u00f3mica en marzo? Fuerte tracci\u00f3n de los bienes transables y energ\u00eda"}]},{"@type":"WebSite","@id":"https:\/\/gysfm.com.ar\/inicio\/#website","url":"https:\/\/gysfm.com.ar\/inicio\/","name":"GYS NOTICIAS |","description":"DIARIO - RADIO ONLINE SAN JUAN ARGENTINA","publisher":{"@id":"https:\/\/gysfm.com.ar\/inicio\/#organization"},"potentialAction":[{"@type":"SearchAction","target":{"@type":"EntryPoint","urlTemplate":"https:\/\/gysfm.com.ar\/inicio\/?s={search_term_string}"},"query-input":{"@type":"PropertyValueSpecification","valueRequired":true,"valueName":"search_term_string"}}],"inLanguage":"es"},{"@type":"Organization","@id":"https:\/\/gysfm.com.ar\/inicio\/#organization","name":"GYS NOTICIAS |","url":"https:\/\/gysfm.com.ar\/inicio\/","logo":{"@type":"ImageObject","inLanguage":"es","@id":"https:\/\/gysfm.com.ar\/inicio\/#\/schema\/logo\/image\/","url":"https:\/\/gysfm.com.ar\/inicio\/wp-content\/uploads\/2023\/07\/LOGOGYS-OK.png","contentUrl":"https:\/\/gysfm.com.ar\/inicio\/wp-content\/uploads\/2023\/07\/LOGOGYS-OK.png","width":1170,"height":872,"caption":"GYS NOTICIAS |"},"image":{"@id":"https:\/\/gysfm.com.ar\/inicio\/#\/schema\/logo\/image\/"}},{"@type":"Person","@id":"https:\/\/gysfm.com.ar\/inicio\/#\/schema\/person\/5bedd7ecd35cc35548d89effafa23696","name":"admin","image":{"@type":"ImageObject","inLanguage":"es","@id":"https:\/\/gysfm.com.ar\/inicio\/#\/schema\/person\/image\/","url":"https:\/\/secure.gravatar.com\/avatar\/c331d312b5243fb64d5ba28108a447b27c925295129a363082c9ea52c28d32c2?s=96&d=mm&r=g","contentUrl":"https:\/\/secure.gravatar.com\/avatar\/c331d312b5243fb64d5ba28108a447b27c925295129a363082c9ea52c28d32c2?s=96&d=mm&r=g","caption":"admin"},"sameAs":["https:\/\/gysfm.com.ar\/inicio"],"url":"https:\/\/gysfm.com.ar\/inicio\/author\/admin\/"}]}},"_links":{"self":[{"href":"https:\/\/gysfm.com.ar\/inicio\/wp-json\/wp\/v2\/posts\/194151","targetHints":{"allow":["GET"]}}],"collection":[{"href":"https:\/\/gysfm.com.ar\/inicio\/wp-json\/wp\/v2\/posts"}],"about":[{"href":"https:\/\/gysfm.com.ar\/inicio\/wp-json\/wp\/v2\/types\/post"}],"author":[{"embeddable":true,"href":"https:\/\/gysfm.com.ar\/inicio\/wp-json\/wp\/v2\/users\/1"}],"replies":[{"embeddable":true,"href":"https:\/\/gysfm.com.ar\/inicio\/wp-json\/wp\/v2\/comments?post=194151"}],"version-history":[{"count":0,"href":"https:\/\/gysfm.com.ar\/inicio\/wp-json\/wp\/v2\/posts\/194151\/revisions"}],"wp:featuredmedia":[{"embeddable":true,"href":"https:\/\/gysfm.com.ar\/inicio\/wp-json\/wp\/v2\/media\/194152"}],"wp:attachment":[{"href":"https:\/\/gysfm.com.ar\/inicio\/wp-json\/wp\/v2\/media?parent=194151"}],"wp:term":[{"taxonomy":"category","embeddable":true,"href":"https:\/\/gysfm.com.ar\/inicio\/wp-json\/wp\/v2\/categories?post=194151"},{"taxonomy":"post_tag","embeddable":true,"href":"https:\/\/gysfm.com.ar\/inicio\/wp-json\/wp\/v2\/tags?post=194151"}],"curies":[{"name":"wp","href":"https:\/\/api.w.org\/{rel}","templated":true}]}}