{"id":194146,"date":"2026-05-01T17:05:08","date_gmt":"2026-05-01T20:05:08","guid":{"rendered":"https:\/\/gysfm.com.ar\/inicio\/que-sectores-se-benefician-entro-en-vigencia-el-acuerdo-ue-mercosur-y-esperan-que-las-exportaciones-crezcan-122-en-una-decada\/"},"modified":"2026-05-01T17:05:09","modified_gmt":"2026-05-01T20:05:09","slug":"que-sectores-se-benefician-entro-en-vigencia-el-acuerdo-ue-mercosur-y-esperan-que-las-exportaciones-crezcan-122-en-una-decada","status":"publish","type":"post","link":"https:\/\/gysfm.com.ar\/inicio\/que-sectores-se-benefician-entro-en-vigencia-el-acuerdo-ue-mercosur-y-esperan-que-las-exportaciones-crezcan-122-en-una-decada\/","title":{"rendered":"Qu\u00e9 sectores se benefician: entr\u00f3 en vigencia el acuerdo UE-Mercosur y esperan que las exportaciones crezcan 122% en una d\u00e9cada"},"content":{"rendered":"<p><\/p>\n<div>\n<p class=\"com-paragraph  --capital --s\">Luego de a\u00f1os de negociaciones, idas y venidas diplom\u00e1ticas, hoy arranc\u00f3 una nueva etapa para el comercio exterior argentino. <strong>Este viernes 1\u00b0 de mayo entr\u00f3 en vigencia el acuerdo entre el Mercosur y la Uni\u00f3n Europea, <\/strong>un hito que, seg\u00fan el Gobierno, generar\u00e1 un <strong>aumento de las exportaciones nacionales del 76% en los primeros 5 a\u00f1os y del 122% en la pr\u00f3xima d\u00e9cada. <\/strong><\/p>\n<p class=\"com-paragraph   --s\">El ministro de Econom\u00eda, <strong>Luis Caputo,<\/strong> calific\u00f3 el hecho como un \u201cactivo de enorme valor estrat\u00e9gico\u201d para el pa\u00eds, fundamentado en que <strong>el bloque europeo es actualmente el destino de una de cada cuatro empresas argentinas exportadoras. <\/strong>Adem\u00e1s, se posiciona como el segundo socio comercial m\u00e1s relevante, con un flujo de bienes que ronda los US$9000 millones.<\/p>\n<p class=\"com-paragraph   --s\">\u201cProducto del acuerdo, se proyecta que las exportaciones nacionales a la Uni\u00f3n Europea aumentar\u00edan 76% en los primeros 5 a\u00f1os y 122% a 10 a\u00f1os\u201d, afirm\u00f3 a trav\u00e9s de sus redes sociales. Esto se ver\u00eda explicado por un <strong>aumento de las exportaciones agroindustriales en un 15%, <\/strong>destac\u00e1ndose los rubros de la carne, la pesca y los productos de econom\u00edas regionales, como man\u00ed, vinos y c\u00edtricos. <\/p>\n<p class=\"com-paragraph   --s\"><strong>Tambi\u00e9n se espera que haya un incremento de las exportaciones industriales del 30%, <\/strong>particularmente en los rubros de autopartes, insumos industriales (qu\u00edmicos y petroqu\u00edmicos), lecitinas, menotropinas, manufacturas de hierro y acero, y manufacturas de cuero. <strong>Finalmente,<\/strong> <strong>el mayor aumento esperable provendr\u00eda de las exportaciones de productos emergentes, como energ\u00eda, cobre y litio.<\/strong><\/p>\n<p class=\"com-paragraph   --s\">\u201cEste acuerdo impacta tambi\u00e9n en las inversiones, ya que<strong> promueve la Inversi\u00f3n Extranjera Directa (IED) de la Uni\u00f3n Europea en la Argentina<\/strong>, como lo demuestran los datos de aumentos de stocks de IED europea en pa\u00edses que firmaron Tratado de Libre Comercio con la Uni\u00f3n Europea: Chile +278% en 20 a\u00f1os, M\u00e9xico 569% en 23 a\u00f1os, Colombia +82% en 10 a\u00f1os\u00bb, se\u00f1al\u00f3 Caputo.<\/p>\n<p class=\"com-paragraph   --s\">En n\u00fameros que utiliz\u00f3 el titular del Palacio de Hacienda, la Uni\u00f3n Europea es la segunda fuente de Inversi\u00f3n Extranjera Directa solo por detr\u00e1s de Estados Unidos, con un stock que supera el 17% de las inversiones internacionales.<strong> Actualmente, es la principal fuente de IED en la Argentina,<\/strong> con un stock de US$75.000 millones, lo que representa cerca del 40% de toda la IED que tiene el pa\u00eds. <\/p>\n<p class=\"com-paragraph   --s\">\u201cEl acuerdo crea un<strong> marco regulatorio claro que otorga certidumbre y previsibilidad facilitando las decisiones de inversi\u00f3n <\/strong>y generando las condiciones necesarias para las oportunidades de negocios y de inversi\u00f3n que ofrece la Argentina\u201d, agreg\u00f3 Caputo.<\/p>\n<p class=\"com-paragraph   --s\">En t\u00e9rminos arancelarios, <strong>el acuerdo otorga concesiones a unos 7000 productos y liberaliza el 92% de las importaciones <\/strong>provenientes del Mercosur, de las cuales el 74% se aplicar\u00e1 de forma inmediata y lo restante en los pr\u00f3ximos diez a\u00f1os. <\/p>\n<p class=\"com-paragraph   --s\">Para el agro argentino, este punto es central: <strong>el 99% de las exportaciones agr\u00edcolas del pa\u00eds se ver\u00e1n beneficiadas por el acceso preferencial. <\/strong>\u201cRepresenta un gran logro siendo que la Uni\u00f3n Europea es una de las econom\u00edas m\u00e1s proteccionistas del mundo en esta esfera, con aranceles promedio del 12,6%\u201d, enfatiz\u00f3 Caputo.<\/p>\n<p class=\"com-paragraph   --s\">La consultora econ\u00f3mica Abeceb, creada por Danta Sica, hizo sus propias estimaciones. Los env\u00edos al Viejo Continente podr\u00edan pasar de los US$8499 millones que se registraron en 2025<strong> hasta alcanzar los US$15.100 millones para el cierre de 2030. <\/strong>En este caso, implica un salto del 79% en valor en menos de cuatro a\u00f1os, ligeramente por encima del dato oficial.<\/p>\n<div class=\"content-media\">\n<section role=\"button\" class=\"mod-media   \">\n<figure role=\"button\" tabindex=\"0\" class=\"mod-figure \"><figcaption class=\"mod-figcaption\"><span class=\"com-text --caption --twoxs\"> Los env\u00edos al Viejo Continente podr\u00edan pasar de los US$8499 millones que se registraron en 2025 hasta alcanzar los US$15.100 millones para el cierre de 2030, seg\u00fan Abeceb<\/span><span class=\"com-text --credit --twoxs\">Jorge Saenz &#8211; AP<\/span><\/figcaption><\/figure>\n<\/section>\n<\/div>\n<p class=\"com-paragraph   --s\">Ese n\u00famero combina dos efectos, seg\u00fan explicaron. El primero es el crecimiento natural de la demanda de estos nuevos socios, ya que la Uni\u00f3n Europea importa de terceros pa\u00edses alrededor de US$2.800.000 millones por a\u00f1o en bienes; una masa que crece con su econom\u00eda. El segundo es la ganancia de participaci\u00f3n que habilita el acuerdo: la Argentina captura hoy el 0,30% de ese flujo, <strong>mientras que el escenario central implica llegar al 0,50% al 2030<\/strong>. Se tratar\u00eda de un incremento del 66% en<em> market share.<\/em><\/p>\n<p class=\"com-paragraph   --s\">\u201cEl 0,50% no es un escenario de mercado: es una meta de ejecuci\u00f3n. <strong>Para alcanzarla, las empresas deber\u00e1n decidir ahora d\u00f3nde competir, con qu\u00e9 est\u00e1ndar, con qu\u00e9 inversi\u00f3n y en qu\u00e9 plazo.<\/strong> Quien no traduzca el acuerdo en un plan operativo perder\u00e1 valor frente a competidores que ya est\u00e9n usando el nuevo marco como plataforma de escala\u201d, sostuvo Natacha Izquierdo, directora de Operaciones de Abeceb.<\/p>\n<p class=\"com-paragraph   --s\">En cuanto a t\u00e9rminos de inversiones, con el nuevo marco regulatorio y la vigencia del R\u00e9gimen de Incentivos a las Grandes Inversiones (RIGI), la consultora estima que<strong> el stock de inversi\u00f3n europea podr\u00eda trepar hasta los US$92.000 millones para finales de la d\u00e9cada, <\/strong>captando flujos adicionales de entre US$15.000 y US$20.000 millones en el per\u00edodo 2026-2030. <\/p>\n<p class=\"com-paragraph   --s\">\u201cLa certidumbre regulatoria que otorga el acuerdo es exactamente el tipo de estabilidad que potencia la inversi\u00f3n industrial de largo plazo\u201d, cerr\u00f3.<\/p>\n<section class=\"container-center-100 mb-40 border border-bottom border-thin border-neutral-light-700\">\n<hr\/>\n<\/section>\n<\/div>\n<p><script id=\"facebookpixel\" defer=\"\" type=\"text\/javascript\">\n        !function(f,b,e,v,n,t,s)\n        {if(f.fbq)return;n=f.fbq=function(){n.callMethod?\n        n.callMethod.apply(n,arguments):n.queue.push(arguments)};\n        if(!f._fbq)f._fbq=n;n.push=n;n.loaded=!0;n.version='2.0';\n        n.queue=[];t=b.createElement(e);t.async=!0;\n        t.src=v;s=b.getElementsByTagName(e)[0];\n        s.parentNode.insertBefore(t,s)}(window, document,'script',\n        'https:\/\/connect.facebook.net\/en_US\/fbevents.js');\n        fbq('init', '492459597522335');\n        fbq('track', 'PageView');\n    <\/script><\/p>\n","protected":false},"excerpt":{"rendered":"<p>Luego de a\u00f1os de negociaciones, idas y venidas diplom\u00e1ticas, hoy arranc\u00f3 una nueva etapa para el comercio exterior argentino. Este viernes 1\u00b0 de mayo entr\u00f3 en vigencia el acuerdo entre el Mercosur y la Uni\u00f3n Europea, un hito que, seg\u00fan el Gobierno, generar\u00e1 un aumento de las exportaciones nacionales del 76% en los primeros 5 [&hellip;]<\/p>\n","protected":false},"author":1,"featured_media":194147,"comment_status":"closed","ping_status":"closed","sticky":false,"template":"","format":"standard","meta":{"footnotes":""},"categories":[28],"tags":[],"class_list":["post-194146","post","type-post","status-publish","format-standard","has-post-thumbnail","hentry","category-economia"],"yoast_head":"<!-- This site is optimized with the Yoast SEO plugin v24.4 - https:\/\/yoast.com\/wordpress\/plugins\/seo\/ -->\n<title>Qu\u00e9 sectores se benefician: entr\u00f3 en vigencia el acuerdo UE-Mercosur y esperan que las exportaciones crezcan 122% en una d\u00e9cada - GYS NOTICIAS |<\/title>\n<meta name=\"robots\" content=\"index, follow, max-snippet:-1, max-image-preview:large, max-video-preview:-1\" \/>\n<link rel=\"canonical\" href=\"https:\/\/gysfm.com.ar\/inicio\/que-sectores-se-benefician-entro-en-vigencia-el-acuerdo-ue-mercosur-y-esperan-que-las-exportaciones-crezcan-122-en-una-decada\/\" \/>\n<meta property=\"og:locale\" content=\"es_ES\" \/>\n<meta property=\"og:type\" content=\"article\" \/>\n<meta property=\"og:title\" content=\"Qu\u00e9 sectores se benefician: entr\u00f3 en vigencia el acuerdo UE-Mercosur y esperan que las exportaciones crezcan 122% en una d\u00e9cada - GYS NOTICIAS |\" \/>\n<meta property=\"og:description\" content=\"Luego de a\u00f1os de negociaciones, idas y venidas diplom\u00e1ticas, hoy arranc\u00f3 una nueva etapa para el comercio exterior argentino. Este viernes 1\u00b0 de mayo entr\u00f3 en vigencia el acuerdo entre el Mercosur y la Uni\u00f3n Europea, un hito que, seg\u00fan el Gobierno, generar\u00e1 un aumento de las exportaciones nacionales del 76% en los primeros 5 [&hellip;]\" \/>\n<meta property=\"og:url\" content=\"https:\/\/gysfm.com.ar\/inicio\/que-sectores-se-benefician-entro-en-vigencia-el-acuerdo-ue-mercosur-y-esperan-que-las-exportaciones-crezcan-122-en-una-decada\/\" \/>\n<meta property=\"og:site_name\" content=\"GYS NOTICIAS |\" \/>\n<meta property=\"article:published_time\" content=\"2026-05-01T20:05:08+00:00\" \/>\n<meta property=\"article:modified_time\" content=\"2026-05-01T20:05:09+00:00\" \/>\n<meta property=\"og:image\" content=\"https:\/\/gysfm.com.ar\/inicio\/wp-content\/uploads\/2026\/05\/este-1\u00b0-de-mayo-entro-en-vigencia-el-acuerdo-OIVKLT7PU5BZDC7CFDAPWLM6Z4.JPG\" \/>\n\t<meta property=\"og:image:width\" content=\"1200\" \/>\n\t<meta property=\"og:image:height\" content=\"800\" \/>\n\t<meta property=\"og:image:type\" content=\"image\/jpeg\" \/>\n<meta name=\"author\" content=\"admin\" \/>\n<meta name=\"twitter:card\" content=\"summary_large_image\" \/>\n<meta name=\"twitter:label1\" content=\"Escrito por\" \/>\n\t<meta name=\"twitter:data1\" content=\"admin\" \/>\n\t<meta name=\"twitter:label2\" content=\"Tiempo de lectura\" \/>\n\t<meta name=\"twitter:data2\" content=\"4 minutos\" \/>\n<script type=\"application\/ld+json\" class=\"yoast-schema-graph\">{\"@context\":\"https:\/\/schema.org\",\"@graph\":[{\"@type\":\"Article\",\"@id\":\"https:\/\/gysfm.com.ar\/inicio\/que-sectores-se-benefician-entro-en-vigencia-el-acuerdo-ue-mercosur-y-esperan-que-las-exportaciones-crezcan-122-en-una-decada\/#article\",\"isPartOf\":{\"@id\":\"https:\/\/gysfm.com.ar\/inicio\/que-sectores-se-benefician-entro-en-vigencia-el-acuerdo-ue-mercosur-y-esperan-que-las-exportaciones-crezcan-122-en-una-decada\/\"},\"author\":{\"name\":\"admin\",\"@id\":\"https:\/\/gysfm.com.ar\/inicio\/#\/schema\/person\/5bedd7ecd35cc35548d89effafa23696\"},\"headline\":\"Qu\u00e9 sectores se benefician: entr\u00f3 en vigencia el acuerdo UE-Mercosur y esperan que las exportaciones crezcan 122% en una d\u00e9cada\",\"datePublished\":\"2026-05-01T20:05:08+00:00\",\"dateModified\":\"2026-05-01T20:05:09+00:00\",\"mainEntityOfPage\":{\"@id\":\"https:\/\/gysfm.com.ar\/inicio\/que-sectores-se-benefician-entro-en-vigencia-el-acuerdo-ue-mercosur-y-esperan-que-las-exportaciones-crezcan-122-en-una-decada\/\"},\"wordCount\":880,\"publisher\":{\"@id\":\"https:\/\/gysfm.com.ar\/inicio\/#organization\"},\"image\":{\"@id\":\"https:\/\/gysfm.com.ar\/inicio\/que-sectores-se-benefician-entro-en-vigencia-el-acuerdo-ue-mercosur-y-esperan-que-las-exportaciones-crezcan-122-en-una-decada\/#primaryimage\"},\"thumbnailUrl\":\"https:\/\/gysfm.com.ar\/inicio\/wp-content\/uploads\/2026\/05\/este-1\u00b0-de-mayo-entro-en-vigencia-el-acuerdo-OIVKLT7PU5BZDC7CFDAPWLM6Z4.JPG\",\"articleSection\":[\"ECONOMIA\"],\"inLanguage\":\"es\"},{\"@type\":\"WebPage\",\"@id\":\"https:\/\/gysfm.com.ar\/inicio\/que-sectores-se-benefician-entro-en-vigencia-el-acuerdo-ue-mercosur-y-esperan-que-las-exportaciones-crezcan-122-en-una-decada\/\",\"url\":\"https:\/\/gysfm.com.ar\/inicio\/que-sectores-se-benefician-entro-en-vigencia-el-acuerdo-ue-mercosur-y-esperan-que-las-exportaciones-crezcan-122-en-una-decada\/\",\"name\":\"Qu\u00e9 sectores se benefician: entr\u00f3 en vigencia el acuerdo UE-Mercosur y esperan que las exportaciones crezcan 122% en una d\u00e9cada - GYS NOTICIAS |\",\"isPartOf\":{\"@id\":\"https:\/\/gysfm.com.ar\/inicio\/#website\"},\"primaryImageOfPage\":{\"@id\":\"https:\/\/gysfm.com.ar\/inicio\/que-sectores-se-benefician-entro-en-vigencia-el-acuerdo-ue-mercosur-y-esperan-que-las-exportaciones-crezcan-122-en-una-decada\/#primaryimage\"},\"image\":{\"@id\":\"https:\/\/gysfm.com.ar\/inicio\/que-sectores-se-benefician-entro-en-vigencia-el-acuerdo-ue-mercosur-y-esperan-que-las-exportaciones-crezcan-122-en-una-decada\/#primaryimage\"},\"thumbnailUrl\":\"https:\/\/gysfm.com.ar\/inicio\/wp-content\/uploads\/2026\/05\/este-1\u00b0-de-mayo-entro-en-vigencia-el-acuerdo-OIVKLT7PU5BZDC7CFDAPWLM6Z4.JPG\",\"datePublished\":\"2026-05-01T20:05:08+00:00\",\"dateModified\":\"2026-05-01T20:05:09+00:00\",\"breadcrumb\":{\"@id\":\"https:\/\/gysfm.com.ar\/inicio\/que-sectores-se-benefician-entro-en-vigencia-el-acuerdo-ue-mercosur-y-esperan-que-las-exportaciones-crezcan-122-en-una-decada\/#breadcrumb\"},\"inLanguage\":\"es\",\"potentialAction\":[{\"@type\":\"ReadAction\",\"target\":[\"https:\/\/gysfm.com.ar\/inicio\/que-sectores-se-benefician-entro-en-vigencia-el-acuerdo-ue-mercosur-y-esperan-que-las-exportaciones-crezcan-122-en-una-decada\/\"]}]},{\"@type\":\"ImageObject\",\"inLanguage\":\"es\",\"@id\":\"https:\/\/gysfm.com.ar\/inicio\/que-sectores-se-benefician-entro-en-vigencia-el-acuerdo-ue-mercosur-y-esperan-que-las-exportaciones-crezcan-122-en-una-decada\/#primaryimage\",\"url\":\"https:\/\/gysfm.com.ar\/inicio\/wp-content\/uploads\/2026\/05\/este-1\u00b0-de-mayo-entro-en-vigencia-el-acuerdo-OIVKLT7PU5BZDC7CFDAPWLM6Z4.JPG\",\"contentUrl\":\"https:\/\/gysfm.com.ar\/inicio\/wp-content\/uploads\/2026\/05\/este-1\u00b0-de-mayo-entro-en-vigencia-el-acuerdo-OIVKLT7PU5BZDC7CFDAPWLM6Z4.JPG\",\"width\":1200,\"height\":800},{\"@type\":\"BreadcrumbList\",\"@id\":\"https:\/\/gysfm.com.ar\/inicio\/que-sectores-se-benefician-entro-en-vigencia-el-acuerdo-ue-mercosur-y-esperan-que-las-exportaciones-crezcan-122-en-una-decada\/#breadcrumb\",\"itemListElement\":[{\"@type\":\"ListItem\",\"position\":1,\"name\":\"Portada\",\"item\":\"https:\/\/gysfm.com.ar\/inicio\/\"},{\"@type\":\"ListItem\",\"position\":2,\"name\":\"Qu\u00e9 sectores se benefician: entr\u00f3 en vigencia el acuerdo UE-Mercosur y esperan que las exportaciones crezcan 122% en una d\u00e9cada\"}]},{\"@type\":\"WebSite\",\"@id\":\"https:\/\/gysfm.com.ar\/inicio\/#website\",\"url\":\"https:\/\/gysfm.com.ar\/inicio\/\",\"name\":\"GYS NOTICIAS |\",\"description\":\"DIARIO - RADIO ONLINE SAN JUAN ARGENTINA\",\"publisher\":{\"@id\":\"https:\/\/gysfm.com.ar\/inicio\/#organization\"},\"potentialAction\":[{\"@type\":\"SearchAction\",\"target\":{\"@type\":\"EntryPoint\",\"urlTemplate\":\"https:\/\/gysfm.com.ar\/inicio\/?s={search_term_string}\"},\"query-input\":{\"@type\":\"PropertyValueSpecification\",\"valueRequired\":true,\"valueName\":\"search_term_string\"}}],\"inLanguage\":\"es\"},{\"@type\":\"Organization\",\"@id\":\"https:\/\/gysfm.com.ar\/inicio\/#organization\",\"name\":\"GYS NOTICIAS |\",\"url\":\"https:\/\/gysfm.com.ar\/inicio\/\",\"logo\":{\"@type\":\"ImageObject\",\"inLanguage\":\"es\",\"@id\":\"https:\/\/gysfm.com.ar\/inicio\/#\/schema\/logo\/image\/\",\"url\":\"https:\/\/gysfm.com.ar\/inicio\/wp-content\/uploads\/2023\/07\/LOGOGYS-OK.png\",\"contentUrl\":\"https:\/\/gysfm.com.ar\/inicio\/wp-content\/uploads\/2023\/07\/LOGOGYS-OK.png\",\"width\":1170,\"height\":872,\"caption\":\"GYS NOTICIAS |\"},\"image\":{\"@id\":\"https:\/\/gysfm.com.ar\/inicio\/#\/schema\/logo\/image\/\"}},{\"@type\":\"Person\",\"@id\":\"https:\/\/gysfm.com.ar\/inicio\/#\/schema\/person\/5bedd7ecd35cc35548d89effafa23696\",\"name\":\"admin\",\"image\":{\"@type\":\"ImageObject\",\"inLanguage\":\"es\",\"@id\":\"https:\/\/gysfm.com.ar\/inicio\/#\/schema\/person\/image\/\",\"url\":\"https:\/\/secure.gravatar.com\/avatar\/c331d312b5243fb64d5ba28108a447b27c925295129a363082c9ea52c28d32c2?s=96&d=mm&r=g\",\"contentUrl\":\"https:\/\/secure.gravatar.com\/avatar\/c331d312b5243fb64d5ba28108a447b27c925295129a363082c9ea52c28d32c2?s=96&d=mm&r=g\",\"caption\":\"admin\"},\"sameAs\":[\"https:\/\/gysfm.com.ar\/inicio\"],\"url\":\"https:\/\/gysfm.com.ar\/inicio\/author\/admin\/\"}]}<\/script>\n<!-- \/ Yoast SEO plugin. -->","yoast_head_json":{"title":"Qu\u00e9 sectores se benefician: entr\u00f3 en vigencia el acuerdo UE-Mercosur y esperan que las exportaciones crezcan 122% en una d\u00e9cada - GYS NOTICIAS |","robots":{"index":"index","follow":"follow","max-snippet":"max-snippet:-1","max-image-preview":"max-image-preview:large","max-video-preview":"max-video-preview:-1"},"canonical":"https:\/\/gysfm.com.ar\/inicio\/que-sectores-se-benefician-entro-en-vigencia-el-acuerdo-ue-mercosur-y-esperan-que-las-exportaciones-crezcan-122-en-una-decada\/","og_locale":"es_ES","og_type":"article","og_title":"Qu\u00e9 sectores se benefician: entr\u00f3 en vigencia el acuerdo UE-Mercosur y esperan que las exportaciones crezcan 122% en una d\u00e9cada - GYS NOTICIAS |","og_description":"Luego de a\u00f1os de negociaciones, idas y venidas diplom\u00e1ticas, hoy arranc\u00f3 una nueva etapa para el comercio exterior argentino. Este viernes 1\u00b0 de mayo entr\u00f3 en vigencia el acuerdo entre el Mercosur y la Uni\u00f3n Europea, un hito que, seg\u00fan el Gobierno, generar\u00e1 un aumento de las exportaciones nacionales del 76% en los primeros 5 [&hellip;]","og_url":"https:\/\/gysfm.com.ar\/inicio\/que-sectores-se-benefician-entro-en-vigencia-el-acuerdo-ue-mercosur-y-esperan-que-las-exportaciones-crezcan-122-en-una-decada\/","og_site_name":"GYS NOTICIAS |","article_published_time":"2026-05-01T20:05:08+00:00","article_modified_time":"2026-05-01T20:05:09+00:00","og_image":[{"width":1200,"height":800,"url":"https:\/\/gysfm.com.ar\/inicio\/wp-content\/uploads\/2026\/05\/este-1\u00b0-de-mayo-entro-en-vigencia-el-acuerdo-OIVKLT7PU5BZDC7CFDAPWLM6Z4.JPG","type":"image\/jpeg"}],"author":"admin","twitter_card":"summary_large_image","twitter_misc":{"Escrito por":"admin","Tiempo de lectura":"4 minutos"},"schema":{"@context":"https:\/\/schema.org","@graph":[{"@type":"Article","@id":"https:\/\/gysfm.com.ar\/inicio\/que-sectores-se-benefician-entro-en-vigencia-el-acuerdo-ue-mercosur-y-esperan-que-las-exportaciones-crezcan-122-en-una-decada\/#article","isPartOf":{"@id":"https:\/\/gysfm.com.ar\/inicio\/que-sectores-se-benefician-entro-en-vigencia-el-acuerdo-ue-mercosur-y-esperan-que-las-exportaciones-crezcan-122-en-una-decada\/"},"author":{"name":"admin","@id":"https:\/\/gysfm.com.ar\/inicio\/#\/schema\/person\/5bedd7ecd35cc35548d89effafa23696"},"headline":"Qu\u00e9 sectores se benefician: entr\u00f3 en vigencia el acuerdo UE-Mercosur y esperan que las exportaciones crezcan 122% en una d\u00e9cada","datePublished":"2026-05-01T20:05:08+00:00","dateModified":"2026-05-01T20:05:09+00:00","mainEntityOfPage":{"@id":"https:\/\/gysfm.com.ar\/inicio\/que-sectores-se-benefician-entro-en-vigencia-el-acuerdo-ue-mercosur-y-esperan-que-las-exportaciones-crezcan-122-en-una-decada\/"},"wordCount":880,"publisher":{"@id":"https:\/\/gysfm.com.ar\/inicio\/#organization"},"image":{"@id":"https:\/\/gysfm.com.ar\/inicio\/que-sectores-se-benefician-entro-en-vigencia-el-acuerdo-ue-mercosur-y-esperan-que-las-exportaciones-crezcan-122-en-una-decada\/#primaryimage"},"thumbnailUrl":"https:\/\/gysfm.com.ar\/inicio\/wp-content\/uploads\/2026\/05\/este-1\u00b0-de-mayo-entro-en-vigencia-el-acuerdo-OIVKLT7PU5BZDC7CFDAPWLM6Z4.JPG","articleSection":["ECONOMIA"],"inLanguage":"es"},{"@type":"WebPage","@id":"https:\/\/gysfm.com.ar\/inicio\/que-sectores-se-benefician-entro-en-vigencia-el-acuerdo-ue-mercosur-y-esperan-que-las-exportaciones-crezcan-122-en-una-decada\/","url":"https:\/\/gysfm.com.ar\/inicio\/que-sectores-se-benefician-entro-en-vigencia-el-acuerdo-ue-mercosur-y-esperan-que-las-exportaciones-crezcan-122-en-una-decada\/","name":"Qu\u00e9 sectores se benefician: entr\u00f3 en vigencia el acuerdo UE-Mercosur y esperan que las exportaciones crezcan 122% en una d\u00e9cada - GYS NOTICIAS |","isPartOf":{"@id":"https:\/\/gysfm.com.ar\/inicio\/#website"},"primaryImageOfPage":{"@id":"https:\/\/gysfm.com.ar\/inicio\/que-sectores-se-benefician-entro-en-vigencia-el-acuerdo-ue-mercosur-y-esperan-que-las-exportaciones-crezcan-122-en-una-decada\/#primaryimage"},"image":{"@id":"https:\/\/gysfm.com.ar\/inicio\/que-sectores-se-benefician-entro-en-vigencia-el-acuerdo-ue-mercosur-y-esperan-que-las-exportaciones-crezcan-122-en-una-decada\/#primaryimage"},"thumbnailUrl":"https:\/\/gysfm.com.ar\/inicio\/wp-content\/uploads\/2026\/05\/este-1\u00b0-de-mayo-entro-en-vigencia-el-acuerdo-OIVKLT7PU5BZDC7CFDAPWLM6Z4.JPG","datePublished":"2026-05-01T20:05:08+00:00","dateModified":"2026-05-01T20:05:09+00:00","breadcrumb":{"@id":"https:\/\/gysfm.com.ar\/inicio\/que-sectores-se-benefician-entro-en-vigencia-el-acuerdo-ue-mercosur-y-esperan-que-las-exportaciones-crezcan-122-en-una-decada\/#breadcrumb"},"inLanguage":"es","potentialAction":[{"@type":"ReadAction","target":["https:\/\/gysfm.com.ar\/inicio\/que-sectores-se-benefician-entro-en-vigencia-el-acuerdo-ue-mercosur-y-esperan-que-las-exportaciones-crezcan-122-en-una-decada\/"]}]},{"@type":"ImageObject","inLanguage":"es","@id":"https:\/\/gysfm.com.ar\/inicio\/que-sectores-se-benefician-entro-en-vigencia-el-acuerdo-ue-mercosur-y-esperan-que-las-exportaciones-crezcan-122-en-una-decada\/#primaryimage","url":"https:\/\/gysfm.com.ar\/inicio\/wp-content\/uploads\/2026\/05\/este-1\u00b0-de-mayo-entro-en-vigencia-el-acuerdo-OIVKLT7PU5BZDC7CFDAPWLM6Z4.JPG","contentUrl":"https:\/\/gysfm.com.ar\/inicio\/wp-content\/uploads\/2026\/05\/este-1\u00b0-de-mayo-entro-en-vigencia-el-acuerdo-OIVKLT7PU5BZDC7CFDAPWLM6Z4.JPG","width":1200,"height":800},{"@type":"BreadcrumbList","@id":"https:\/\/gysfm.com.ar\/inicio\/que-sectores-se-benefician-entro-en-vigencia-el-acuerdo-ue-mercosur-y-esperan-que-las-exportaciones-crezcan-122-en-una-decada\/#breadcrumb","itemListElement":[{"@type":"ListItem","position":1,"name":"Portada","item":"https:\/\/gysfm.com.ar\/inicio\/"},{"@type":"ListItem","position":2,"name":"Qu\u00e9 sectores se benefician: entr\u00f3 en vigencia el acuerdo UE-Mercosur y esperan que las exportaciones crezcan 122% en una d\u00e9cada"}]},{"@type":"WebSite","@id":"https:\/\/gysfm.com.ar\/inicio\/#website","url":"https:\/\/gysfm.com.ar\/inicio\/","name":"GYS NOTICIAS |","description":"DIARIO - RADIO ONLINE SAN JUAN ARGENTINA","publisher":{"@id":"https:\/\/gysfm.com.ar\/inicio\/#organization"},"potentialAction":[{"@type":"SearchAction","target":{"@type":"EntryPoint","urlTemplate":"https:\/\/gysfm.com.ar\/inicio\/?s={search_term_string}"},"query-input":{"@type":"PropertyValueSpecification","valueRequired":true,"valueName":"search_term_string"}}],"inLanguage":"es"},{"@type":"Organization","@id":"https:\/\/gysfm.com.ar\/inicio\/#organization","name":"GYS NOTICIAS |","url":"https:\/\/gysfm.com.ar\/inicio\/","logo":{"@type":"ImageObject","inLanguage":"es","@id":"https:\/\/gysfm.com.ar\/inicio\/#\/schema\/logo\/image\/","url":"https:\/\/gysfm.com.ar\/inicio\/wp-content\/uploads\/2023\/07\/LOGOGYS-OK.png","contentUrl":"https:\/\/gysfm.com.ar\/inicio\/wp-content\/uploads\/2023\/07\/LOGOGYS-OK.png","width":1170,"height":872,"caption":"GYS NOTICIAS |"},"image":{"@id":"https:\/\/gysfm.com.ar\/inicio\/#\/schema\/logo\/image\/"}},{"@type":"Person","@id":"https:\/\/gysfm.com.ar\/inicio\/#\/schema\/person\/5bedd7ecd35cc35548d89effafa23696","name":"admin","image":{"@type":"ImageObject","inLanguage":"es","@id":"https:\/\/gysfm.com.ar\/inicio\/#\/schema\/person\/image\/","url":"https:\/\/secure.gravatar.com\/avatar\/c331d312b5243fb64d5ba28108a447b27c925295129a363082c9ea52c28d32c2?s=96&d=mm&r=g","contentUrl":"https:\/\/secure.gravatar.com\/avatar\/c331d312b5243fb64d5ba28108a447b27c925295129a363082c9ea52c28d32c2?s=96&d=mm&r=g","caption":"admin"},"sameAs":["https:\/\/gysfm.com.ar\/inicio"],"url":"https:\/\/gysfm.com.ar\/inicio\/author\/admin\/"}]}},"_links":{"self":[{"href":"https:\/\/gysfm.com.ar\/inicio\/wp-json\/wp\/v2\/posts\/194146","targetHints":{"allow":["GET"]}}],"collection":[{"href":"https:\/\/gysfm.com.ar\/inicio\/wp-json\/wp\/v2\/posts"}],"about":[{"href":"https:\/\/gysfm.com.ar\/inicio\/wp-json\/wp\/v2\/types\/post"}],"author":[{"embeddable":true,"href":"https:\/\/gysfm.com.ar\/inicio\/wp-json\/wp\/v2\/users\/1"}],"replies":[{"embeddable":true,"href":"https:\/\/gysfm.com.ar\/inicio\/wp-json\/wp\/v2\/comments?post=194146"}],"version-history":[{"count":1,"href":"https:\/\/gysfm.com.ar\/inicio\/wp-json\/wp\/v2\/posts\/194146\/revisions"}],"predecessor-version":[{"id":194148,"href":"https:\/\/gysfm.com.ar\/inicio\/wp-json\/wp\/v2\/posts\/194146\/revisions\/194148"}],"wp:featuredmedia":[{"embeddable":true,"href":"https:\/\/gysfm.com.ar\/inicio\/wp-json\/wp\/v2\/media\/194147"}],"wp:attachment":[{"href":"https:\/\/gysfm.com.ar\/inicio\/wp-json\/wp\/v2\/media?parent=194146"}],"wp:term":[{"taxonomy":"category","embeddable":true,"href":"https:\/\/gysfm.com.ar\/inicio\/wp-json\/wp\/v2\/categories?post=194146"},{"taxonomy":"post_tag","embeddable":true,"href":"https:\/\/gysfm.com.ar\/inicio\/wp-json\/wp\/v2\/tags?post=194146"}],"curies":[{"name":"wp","href":"https:\/\/api.w.org\/{rel}","templated":true}]}}