{"id":194142,"date":"2026-05-01T16:39:17","date_gmt":"2026-05-01T19:39:17","guid":{"rendered":"https:\/\/gysfm.com.ar\/inicio\/la-dignidad-del-trabajo-ya-era-un-tema-regulado-por-las-leyes-de-indias\/"},"modified":"2026-05-01T16:39:17","modified_gmt":"2026-05-01T19:39:17","slug":"la-dignidad-del-trabajo-ya-era-un-tema-regulado-por-las-leyes-de-indias","status":"publish","type":"post","link":"https:\/\/gysfm.com.ar\/inicio\/la-dignidad-del-trabajo-ya-era-un-tema-regulado-por-las-leyes-de-indias\/","title":{"rendered":"La dignidad del trabajo ya era un tema regulado por las Leyes de Indias"},"content":{"rendered":"<p><\/p>\n<div>\n<div class=\"author\">\n<p>\n                Victoria Fern\u00e1ndez Lareo*\n            <\/p>\n<\/p><\/div>\n<p>        <time class=\"article__date\" datetime=\"2026-05-01T08:30:00.000000Z\"><br \/>\n        Hoy 05:30<br \/>\n    <\/time>\n<\/div>\n<div id=\"article-content\">\n<p>El<strong> 1\u00b0 de mayo <\/strong>conmemoramos el <strong>D\u00eda Internacional del Trabajador<\/strong>, fecha que constituye una oportunidad para reflexionar sobre la evoluci\u00f3n de los derechos laborales, cuyo reconocimiento actual encuentra sus bases en las luchas de fines del siglo XIX, especialmente en torno a la limitaci\u00f3n de la jornada laboral y la <a target=\"_blank\" href=\"https:\/\/www.perfil.com\/noticias\/sociedad\/viernes-1-mayo-a-quienes-les-corresponde-el-feriado-por-el-dia-del-trabajador-y-sus-origenes.phtml\">mejora de las condiciones de trabajo.<\/a><\/p>\n<p>Sin embargo, advertimos que la preocupaci\u00f3n por la regulaci\u00f3n del trabajo no es exclusiva de la modernidad.<\/p>\n<p>Ya en la \u00e9poca colonial, las <strong>Leyes de Indias <\/strong>conten\u00edan disposiciones orientadas a organizar la actividad laboral. En este sentido, bajo el reinado de <strong>Felipe II<\/strong>, la Ley VI del a\u00f1o <strong>1595<\/strong> establec\u00eda: \u201ctodos los <strong>obreros <\/strong>trabajar\u00e1n ocho horas cada d\u00eda, cuatro a la ma\u00f1ana y cuatro a la tarde, en las fortificaciones y f\u00e1bricas que se hicieren, repartidas en los tiempos m\u00e1s convenientes para librarse del rigor del sol, m\u00e1s o menos lo que a los ingenieros pareciere, de forma que, sin faltar un punto de lo posible, tambi\u00e9n se atienda a procurar su salud y conservaci\u00f3n\u201d.<\/p>\n<div class=\"subscription\">\n<p>\n        Esto no les gusta a los autoritarios\n    <\/p>\n<div class=\"subscription__container\">\n<div class=\"subscription__text-wrapper\">\n<p>\n                El ejercicio del periodismo profesional y cr\u00edtico es un pilar fundamental de la democracia. Por eso molesta a quienes creen ser los due\u00f1os de la verdad.\n            <\/p>\n<\/p><\/div><\/div>\n<\/div>\n<p class=\"destacadoNota\"><a target=\"_blank\" href=\"https:\/\/www.perfil.com\/noticias\/cordoba\/dia-del-trabajador-amargo-las-relaciones-de-dependencia-encubierta-afecta-a-1-de-cada-4-jovenes-profesionales.phtml\">D\u00eda del trabajador amargo: las \u00abrelaciones de dependencia encubierta\u00bb afecta a 1 de cada 4 j\u00f3venes profesionales<\/a><\/p>\n<h2>Dignidad del trabajador<\/h2>\n<p>Considero que este reconocimiento normativo debe ser analizado cr\u00edticamente, ya que, lejos de implicar un verdadero sistema de protecci\u00f3n de derechos, se insertaba en un orden colonial atravesado por profundas desigualdades, donde amplios sectores (especialmente poblaciones ind\u00edgenas) continuaban siendo sometidos a formas de explotaci\u00f3n. <\/p>\n<blockquote>\n<p><a target=\"_blank\" href=\"https:\/\/www.perfil.com\/noticias\/reperfilar\/como-fue-el-origen-del-dia-del-trabajador-en-argentina.phtml\">Todos los obreros trabajar\u00e1n<strong> ocho horas cada d\u00eda<\/strong>, cuatro a la ma\u00f1ana y cuatro a la tarde, en las fortificaciones y f\u00e1bricas que se hicieren, repartidas en los tiempos m\u00e1s convenientes para librarse del rigor del sol\u00bb<\/a><\/p>\n<\/blockquote>\n<p>No obstante, tampoco puede exigirse a ese contexto hist\u00f3rico est\u00e1ndares propios de la actualidad. En este sentido, resulta relevante reconocer que ya exist\u00eda (al menos en el plano formal) una preocupaci\u00f3n por <strong>regular <\/strong>el trabajo.<\/p>\n<p>As\u00ed, el dia de la fecha, no solo recordamos las conquistas alcanzadas a partir de las <strong>luchas obreras<\/strong> modernas, sino tambi\u00e9n reconocemos que la regulaci\u00f3n del trabajo posee antecedentes m\u00e1s remotos, aunque con alcances y significados profundamente distintos.<\/p>\n<p class=\"destacadoNota\"><a target=\"_blank\" href=\"https:\/\/www.perfil.com\/noticias\/sociedad\/tenemos-hambre-gritaban-en-la-primera-huelga-obrera-de-la-historia.phtml\">\u201c\u00a1Tenemos hambre!\u201d gritaban en la primera huelga obrera de la historia, en el 1152 a.C<\/a><\/p>\n<p>En nuestro contexto nacional actual, los debates en torno a la modernizaci\u00f3n de la<strong> legislaci\u00f3n laboral<\/strong> reabren la discusi\u00f3n sobre el alcance y la efectividad de estos derechos. La actualizaci\u00f3n normativa puede resultar necesaria para corregir desajustes y responder a nuevas realidades productivas; sin embargo, ello debe realizarse respetando los principios estructurales del derecho del trabajo, como la progresividad y la no regresi\u00f3n, as\u00ed como los lineamientos constitucionales consagrados en el <strong>art\u00edculo 14 bis<\/strong>, que garantizan condiciones dignas y equitativas de labor, la protecci\u00f3n del trabajador y la<strong> justicia social.<\/strong><\/p>\n<p>En este marco, m\u00e1s que una mera evocaci\u00f3n hist\u00f3rica, el dia del trabajo nos invita a una reflexion cr\u00edtica sobre el presente. <\/p>\n<p>Debemos evitar la tentaci\u00f3n de pensar que los derechos laborales son una construccion exclusivamente contemporanea, y debemos reconocer que la busqueda de condiciones dignas de trabajo hunde sus ra\u00edces en preocupaciones mucho m\u00e1s profundas y persistentes en el tiempo. La <strong>dignidad del trabajador<\/strong>, lejos de responder a una coyuntura o a una determinada posic\u00f3n ideol\u00f3gica, constituye un principio que atraviesa la historia y que se proyecta como una exigencia permanente que no podemos dejar de lado. <\/p>\n<p>En este sentido, sostener y profundizar los est\u00e1ndares de protecci\u00f3n alcanzados implica no solo mirar hacia el futuro, sino tambi\u00e9n comprender que la regulaci\u00f3n del trabajo ha sido, desde sus or\u00edgenes, una herramienta orientada a equilibrar una relacion estructuralmente desigual y a resguardar la dignidad humana. <\/p>\n<h4><em>*Facultad Cs. Jur\u00eddicas Universidad del Salvador. Co editora de la Revista de Cs Jur\u00eddicas<\/em><br \/><\/h4>\n<\/p><\/div>\n<p><script>\n                !function(f,b,e,v,n,t,s)\n                {if(f.fbq)return;n=f.fbq=function(){n.callMethod?\n                    n.callMethod.apply(n,arguments):n.queue.push(arguments)};\n                    if(!f._fbq)f._fbq=n;n.push=n;n.loaded=!0;n.version='2.0';\n                    n.queue=[];t=b.createElement(e);t.async=!0;\n                    t.src=v;s=b.getElementsByTagName(e)[0];\n                    s.parentNode.insertBefore(t,s)}(window, document,'script',\n                    'https:\/\/connect.facebook.net\/en_US\/fbevents.js');\n                window.paywallConfig.facebook_pixel=\"1000228364089342\"\n            <\/script><\/p>\n","protected":false},"excerpt":{"rendered":"<p>Victoria Fern\u00e1ndez Lareo* Hoy 05:30 El 1\u00b0 de mayo conmemoramos el D\u00eda Internacional del Trabajador, fecha que constituye una oportunidad para reflexionar sobre la evoluci\u00f3n de los derechos laborales, cuyo reconocimiento actual encuentra sus bases en las luchas de fines del siglo XIX, especialmente en torno a la limitaci\u00f3n de la jornada laboral y la [&hellip;]<\/p>\n","protected":false},"author":2,"featured_media":194143,"comment_status":"closed","ping_status":"closed","sticky":false,"template":"","format":"standard","meta":{"footnotes":""},"categories":[25],"tags":[],"class_list":["post-194142","post","type-post","status-publish","format-standard","has-post-thumbnail","hentry","category-nacionales"],"yoast_head":"<!-- This site is optimized with the Yoast SEO plugin v24.4 - https:\/\/yoast.com\/wordpress\/plugins\/seo\/ -->\n<title>La dignidad del trabajo ya era un tema regulado por las Leyes de Indias - GYS NOTICIAS |<\/title>\n<meta name=\"robots\" content=\"index, follow, max-snippet:-1, max-image-preview:large, max-video-preview:-1\" \/>\n<link rel=\"canonical\" href=\"https:\/\/gysfm.com.ar\/inicio\/la-dignidad-del-trabajo-ya-era-un-tema-regulado-por-las-leyes-de-indias\/\" \/>\n<meta property=\"og:locale\" content=\"es_ES\" \/>\n<meta property=\"og:type\" content=\"article\" \/>\n<meta property=\"og:title\" content=\"La dignidad del trabajo ya era un tema regulado por las Leyes de Indias - GYS NOTICIAS |\" \/>\n<meta property=\"og:description\" content=\"Victoria Fern\u00e1ndez Lareo* Hoy 05:30 El 1\u00b0 de mayo conmemoramos el D\u00eda Internacional del Trabajador, fecha que constituye una oportunidad para reflexionar sobre la evoluci\u00f3n de los derechos laborales, cuyo reconocimiento actual encuentra sus bases en las luchas de fines del siglo XIX, especialmente en torno a la limitaci\u00f3n de la jornada laboral y la [&hellip;]\" \/>\n<meta property=\"og:url\" content=\"https:\/\/gysfm.com.ar\/inicio\/la-dignidad-del-trabajo-ya-era-un-tema-regulado-por-las-leyes-de-indias\/\" \/>\n<meta property=\"og:site_name\" content=\"GYS NOTICIAS |\" \/>\n<meta property=\"article:published_time\" content=\"2026-05-01T19:39:17+00:00\" \/>\n<meta name=\"author\" content=\"Prensa G&amp;S FM\" \/>\n<meta name=\"twitter:card\" content=\"summary_large_image\" \/>\n<meta name=\"twitter:label1\" content=\"Escrito por\" \/>\n\t<meta name=\"twitter:data1\" content=\"Prensa G&amp;S FM\" \/>\n\t<meta name=\"twitter:label2\" content=\"Tiempo de lectura\" \/>\n\t<meta name=\"twitter:data2\" content=\"4 minutos\" \/>\n<script type=\"application\/ld+json\" class=\"yoast-schema-graph\">{\"@context\":\"https:\/\/schema.org\",\"@graph\":[{\"@type\":\"Article\",\"@id\":\"https:\/\/gysfm.com.ar\/inicio\/la-dignidad-del-trabajo-ya-era-un-tema-regulado-por-las-leyes-de-indias\/#article\",\"isPartOf\":{\"@id\":\"https:\/\/gysfm.com.ar\/inicio\/la-dignidad-del-trabajo-ya-era-un-tema-regulado-por-las-leyes-de-indias\/\"},\"author\":{\"name\":\"Prensa G&amp;S FM\",\"@id\":\"https:\/\/gysfm.com.ar\/inicio\/#\/schema\/person\/3abba7593ef2ad19e1be221d54383dc5\"},\"headline\":\"La dignidad del trabajo ya era un tema regulado por las Leyes de Indias\",\"datePublished\":\"2026-05-01T19:39:17+00:00\",\"mainEntityOfPage\":{\"@id\":\"https:\/\/gysfm.com.ar\/inicio\/la-dignidad-del-trabajo-ya-era-un-tema-regulado-por-las-leyes-de-indias\/\"},\"wordCount\":714,\"publisher\":{\"@id\":\"https:\/\/gysfm.com.ar\/inicio\/#organization\"},\"image\":{\"@id\":\"https:\/\/gysfm.com.ar\/inicio\/la-dignidad-del-trabajo-ya-era-un-tema-regulado-por-las-leyes-de-indias\/#primaryimage\"},\"thumbnailUrl\":\"https:\/\/gysfm.com.ar\/inicio\/wp-content\/uploads\/2026\/05\/trabajadores-en-el-virreinato-del-rio-de-la-plata-20260428-2229868.jpg\",\"articleSection\":[\"NACIONALES\"],\"inLanguage\":\"es\"},{\"@type\":\"WebPage\",\"@id\":\"https:\/\/gysfm.com.ar\/inicio\/la-dignidad-del-trabajo-ya-era-un-tema-regulado-por-las-leyes-de-indias\/\",\"url\":\"https:\/\/gysfm.com.ar\/inicio\/la-dignidad-del-trabajo-ya-era-un-tema-regulado-por-las-leyes-de-indias\/\",\"name\":\"La dignidad del trabajo ya era un tema regulado por las Leyes de Indias - GYS NOTICIAS |\",\"isPartOf\":{\"@id\":\"https:\/\/gysfm.com.ar\/inicio\/#website\"},\"primaryImageOfPage\":{\"@id\":\"https:\/\/gysfm.com.ar\/inicio\/la-dignidad-del-trabajo-ya-era-un-tema-regulado-por-las-leyes-de-indias\/#primaryimage\"},\"image\":{\"@id\":\"https:\/\/gysfm.com.ar\/inicio\/la-dignidad-del-trabajo-ya-era-un-tema-regulado-por-las-leyes-de-indias\/#primaryimage\"},\"thumbnailUrl\":\"https:\/\/gysfm.com.ar\/inicio\/wp-content\/uploads\/2026\/05\/trabajadores-en-el-virreinato-del-rio-de-la-plata-20260428-2229868.jpg\",\"datePublished\":\"2026-05-01T19:39:17+00:00\",\"breadcrumb\":{\"@id\":\"https:\/\/gysfm.com.ar\/inicio\/la-dignidad-del-trabajo-ya-era-un-tema-regulado-por-las-leyes-de-indias\/#breadcrumb\"},\"inLanguage\":\"es\",\"potentialAction\":[{\"@type\":\"ReadAction\",\"target\":[\"https:\/\/gysfm.com.ar\/inicio\/la-dignidad-del-trabajo-ya-era-un-tema-regulado-por-las-leyes-de-indias\/\"]}]},{\"@type\":\"ImageObject\",\"inLanguage\":\"es\",\"@id\":\"https:\/\/gysfm.com.ar\/inicio\/la-dignidad-del-trabajo-ya-era-un-tema-regulado-por-las-leyes-de-indias\/#primaryimage\",\"url\":\"https:\/\/gysfm.com.ar\/inicio\/wp-content\/uploads\/2026\/05\/trabajadores-en-el-virreinato-del-rio-de-la-plata-20260428-2229868.jpg\",\"contentUrl\":\"https:\/\/gysfm.com.ar\/inicio\/wp-content\/uploads\/2026\/05\/trabajadores-en-el-virreinato-del-rio-de-la-plata-20260428-2229868.jpg\",\"width\":1140,\"height\":641},{\"@type\":\"BreadcrumbList\",\"@id\":\"https:\/\/gysfm.com.ar\/inicio\/la-dignidad-del-trabajo-ya-era-un-tema-regulado-por-las-leyes-de-indias\/#breadcrumb\",\"itemListElement\":[{\"@type\":\"ListItem\",\"position\":1,\"name\":\"Portada\",\"item\":\"https:\/\/gysfm.com.ar\/inicio\/\"},{\"@type\":\"ListItem\",\"position\":2,\"name\":\"La dignidad del trabajo ya era un tema regulado por las Leyes de Indias\"}]},{\"@type\":\"WebSite\",\"@id\":\"https:\/\/gysfm.com.ar\/inicio\/#website\",\"url\":\"https:\/\/gysfm.com.ar\/inicio\/\",\"name\":\"GYS NOTICIAS |\",\"description\":\"DIARIO - RADIO ONLINE SAN JUAN ARGENTINA\",\"publisher\":{\"@id\":\"https:\/\/gysfm.com.ar\/inicio\/#organization\"},\"potentialAction\":[{\"@type\":\"SearchAction\",\"target\":{\"@type\":\"EntryPoint\",\"urlTemplate\":\"https:\/\/gysfm.com.ar\/inicio\/?s={search_term_string}\"},\"query-input\":{\"@type\":\"PropertyValueSpecification\",\"valueRequired\":true,\"valueName\":\"search_term_string\"}}],\"inLanguage\":\"es\"},{\"@type\":\"Organization\",\"@id\":\"https:\/\/gysfm.com.ar\/inicio\/#organization\",\"name\":\"GYS NOTICIAS |\",\"url\":\"https:\/\/gysfm.com.ar\/inicio\/\",\"logo\":{\"@type\":\"ImageObject\",\"inLanguage\":\"es\",\"@id\":\"https:\/\/gysfm.com.ar\/inicio\/#\/schema\/logo\/image\/\",\"url\":\"https:\/\/gysfm.com.ar\/inicio\/wp-content\/uploads\/2023\/07\/LOGOGYS-OK.png\",\"contentUrl\":\"https:\/\/gysfm.com.ar\/inicio\/wp-content\/uploads\/2023\/07\/LOGOGYS-OK.png\",\"width\":1170,\"height\":872,\"caption\":\"GYS NOTICIAS |\"},\"image\":{\"@id\":\"https:\/\/gysfm.com.ar\/inicio\/#\/schema\/logo\/image\/\"}},{\"@type\":\"Person\",\"@id\":\"https:\/\/gysfm.com.ar\/inicio\/#\/schema\/person\/3abba7593ef2ad19e1be221d54383dc5\",\"name\":\"Prensa G&amp;S FM\",\"image\":{\"@type\":\"ImageObject\",\"inLanguage\":\"es\",\"@id\":\"https:\/\/gysfm.com.ar\/inicio\/#\/schema\/person\/image\/\",\"url\":\"https:\/\/secure.gravatar.com\/avatar\/096ec78df02049ab018702bb4ccedf659377fa92a26540b5247612077a0dbd29?s=96&d=mm&r=g\",\"contentUrl\":\"https:\/\/secure.gravatar.com\/avatar\/096ec78df02049ab018702bb4ccedf659377fa92a26540b5247612077a0dbd29?s=96&d=mm&r=g\",\"caption\":\"Prensa G&amp;S FM\"},\"sameAs\":[\"https:\/\/gysfm.com.ar\/\"],\"url\":\"https:\/\/gysfm.com.ar\/inicio\/author\/lucasm\/\"}]}<\/script>\n<!-- \/ Yoast SEO plugin. -->","yoast_head_json":{"title":"La dignidad del trabajo ya era un tema regulado por las Leyes de Indias - GYS NOTICIAS |","robots":{"index":"index","follow":"follow","max-snippet":"max-snippet:-1","max-image-preview":"max-image-preview:large","max-video-preview":"max-video-preview:-1"},"canonical":"https:\/\/gysfm.com.ar\/inicio\/la-dignidad-del-trabajo-ya-era-un-tema-regulado-por-las-leyes-de-indias\/","og_locale":"es_ES","og_type":"article","og_title":"La dignidad del trabajo ya era un tema regulado por las Leyes de Indias - GYS NOTICIAS |","og_description":"Victoria Fern\u00e1ndez Lareo* Hoy 05:30 El 1\u00b0 de mayo conmemoramos el D\u00eda Internacional del Trabajador, fecha que constituye una oportunidad para reflexionar sobre la evoluci\u00f3n de los derechos laborales, cuyo reconocimiento actual encuentra sus bases en las luchas de fines del siglo XIX, especialmente en torno a la limitaci\u00f3n de la jornada laboral y la [&hellip;]","og_url":"https:\/\/gysfm.com.ar\/inicio\/la-dignidad-del-trabajo-ya-era-un-tema-regulado-por-las-leyes-de-indias\/","og_site_name":"GYS NOTICIAS |","article_published_time":"2026-05-01T19:39:17+00:00","author":"Prensa G&amp;S FM","twitter_card":"summary_large_image","twitter_misc":{"Escrito por":"Prensa G&amp;S FM","Tiempo de lectura":"4 minutos"},"schema":{"@context":"https:\/\/schema.org","@graph":[{"@type":"Article","@id":"https:\/\/gysfm.com.ar\/inicio\/la-dignidad-del-trabajo-ya-era-un-tema-regulado-por-las-leyes-de-indias\/#article","isPartOf":{"@id":"https:\/\/gysfm.com.ar\/inicio\/la-dignidad-del-trabajo-ya-era-un-tema-regulado-por-las-leyes-de-indias\/"},"author":{"name":"Prensa G&amp;S FM","@id":"https:\/\/gysfm.com.ar\/inicio\/#\/schema\/person\/3abba7593ef2ad19e1be221d54383dc5"},"headline":"La dignidad del trabajo ya era un tema regulado por las Leyes de Indias","datePublished":"2026-05-01T19:39:17+00:00","mainEntityOfPage":{"@id":"https:\/\/gysfm.com.ar\/inicio\/la-dignidad-del-trabajo-ya-era-un-tema-regulado-por-las-leyes-de-indias\/"},"wordCount":714,"publisher":{"@id":"https:\/\/gysfm.com.ar\/inicio\/#organization"},"image":{"@id":"https:\/\/gysfm.com.ar\/inicio\/la-dignidad-del-trabajo-ya-era-un-tema-regulado-por-las-leyes-de-indias\/#primaryimage"},"thumbnailUrl":"https:\/\/gysfm.com.ar\/inicio\/wp-content\/uploads\/2026\/05\/trabajadores-en-el-virreinato-del-rio-de-la-plata-20260428-2229868.jpg","articleSection":["NACIONALES"],"inLanguage":"es"},{"@type":"WebPage","@id":"https:\/\/gysfm.com.ar\/inicio\/la-dignidad-del-trabajo-ya-era-un-tema-regulado-por-las-leyes-de-indias\/","url":"https:\/\/gysfm.com.ar\/inicio\/la-dignidad-del-trabajo-ya-era-un-tema-regulado-por-las-leyes-de-indias\/","name":"La dignidad del trabajo ya era un tema regulado por las Leyes de Indias - GYS NOTICIAS |","isPartOf":{"@id":"https:\/\/gysfm.com.ar\/inicio\/#website"},"primaryImageOfPage":{"@id":"https:\/\/gysfm.com.ar\/inicio\/la-dignidad-del-trabajo-ya-era-un-tema-regulado-por-las-leyes-de-indias\/#primaryimage"},"image":{"@id":"https:\/\/gysfm.com.ar\/inicio\/la-dignidad-del-trabajo-ya-era-un-tema-regulado-por-las-leyes-de-indias\/#primaryimage"},"thumbnailUrl":"https:\/\/gysfm.com.ar\/inicio\/wp-content\/uploads\/2026\/05\/trabajadores-en-el-virreinato-del-rio-de-la-plata-20260428-2229868.jpg","datePublished":"2026-05-01T19:39:17+00:00","breadcrumb":{"@id":"https:\/\/gysfm.com.ar\/inicio\/la-dignidad-del-trabajo-ya-era-un-tema-regulado-por-las-leyes-de-indias\/#breadcrumb"},"inLanguage":"es","potentialAction":[{"@type":"ReadAction","target":["https:\/\/gysfm.com.ar\/inicio\/la-dignidad-del-trabajo-ya-era-un-tema-regulado-por-las-leyes-de-indias\/"]}]},{"@type":"ImageObject","inLanguage":"es","@id":"https:\/\/gysfm.com.ar\/inicio\/la-dignidad-del-trabajo-ya-era-un-tema-regulado-por-las-leyes-de-indias\/#primaryimage","url":"https:\/\/gysfm.com.ar\/inicio\/wp-content\/uploads\/2026\/05\/trabajadores-en-el-virreinato-del-rio-de-la-plata-20260428-2229868.jpg","contentUrl":"https:\/\/gysfm.com.ar\/inicio\/wp-content\/uploads\/2026\/05\/trabajadores-en-el-virreinato-del-rio-de-la-plata-20260428-2229868.jpg","width":1140,"height":641},{"@type":"BreadcrumbList","@id":"https:\/\/gysfm.com.ar\/inicio\/la-dignidad-del-trabajo-ya-era-un-tema-regulado-por-las-leyes-de-indias\/#breadcrumb","itemListElement":[{"@type":"ListItem","position":1,"name":"Portada","item":"https:\/\/gysfm.com.ar\/inicio\/"},{"@type":"ListItem","position":2,"name":"La dignidad del trabajo ya era un tema regulado por las Leyes de Indias"}]},{"@type":"WebSite","@id":"https:\/\/gysfm.com.ar\/inicio\/#website","url":"https:\/\/gysfm.com.ar\/inicio\/","name":"GYS NOTICIAS |","description":"DIARIO - RADIO ONLINE SAN JUAN ARGENTINA","publisher":{"@id":"https:\/\/gysfm.com.ar\/inicio\/#organization"},"potentialAction":[{"@type":"SearchAction","target":{"@type":"EntryPoint","urlTemplate":"https:\/\/gysfm.com.ar\/inicio\/?s={search_term_string}"},"query-input":{"@type":"PropertyValueSpecification","valueRequired":true,"valueName":"search_term_string"}}],"inLanguage":"es"},{"@type":"Organization","@id":"https:\/\/gysfm.com.ar\/inicio\/#organization","name":"GYS NOTICIAS |","url":"https:\/\/gysfm.com.ar\/inicio\/","logo":{"@type":"ImageObject","inLanguage":"es","@id":"https:\/\/gysfm.com.ar\/inicio\/#\/schema\/logo\/image\/","url":"https:\/\/gysfm.com.ar\/inicio\/wp-content\/uploads\/2023\/07\/LOGOGYS-OK.png","contentUrl":"https:\/\/gysfm.com.ar\/inicio\/wp-content\/uploads\/2023\/07\/LOGOGYS-OK.png","width":1170,"height":872,"caption":"GYS NOTICIAS |"},"image":{"@id":"https:\/\/gysfm.com.ar\/inicio\/#\/schema\/logo\/image\/"}},{"@type":"Person","@id":"https:\/\/gysfm.com.ar\/inicio\/#\/schema\/person\/3abba7593ef2ad19e1be221d54383dc5","name":"Prensa G&amp;S FM","image":{"@type":"ImageObject","inLanguage":"es","@id":"https:\/\/gysfm.com.ar\/inicio\/#\/schema\/person\/image\/","url":"https:\/\/secure.gravatar.com\/avatar\/096ec78df02049ab018702bb4ccedf659377fa92a26540b5247612077a0dbd29?s=96&d=mm&r=g","contentUrl":"https:\/\/secure.gravatar.com\/avatar\/096ec78df02049ab018702bb4ccedf659377fa92a26540b5247612077a0dbd29?s=96&d=mm&r=g","caption":"Prensa G&amp;S FM"},"sameAs":["https:\/\/gysfm.com.ar\/"],"url":"https:\/\/gysfm.com.ar\/inicio\/author\/lucasm\/"}]}},"_links":{"self":[{"href":"https:\/\/gysfm.com.ar\/inicio\/wp-json\/wp\/v2\/posts\/194142","targetHints":{"allow":["GET"]}}],"collection":[{"href":"https:\/\/gysfm.com.ar\/inicio\/wp-json\/wp\/v2\/posts"}],"about":[{"href":"https:\/\/gysfm.com.ar\/inicio\/wp-json\/wp\/v2\/types\/post"}],"author":[{"embeddable":true,"href":"https:\/\/gysfm.com.ar\/inicio\/wp-json\/wp\/v2\/users\/2"}],"replies":[{"embeddable":true,"href":"https:\/\/gysfm.com.ar\/inicio\/wp-json\/wp\/v2\/comments?post=194142"}],"version-history":[{"count":0,"href":"https:\/\/gysfm.com.ar\/inicio\/wp-json\/wp\/v2\/posts\/194142\/revisions"}],"wp:featuredmedia":[{"embeddable":true,"href":"https:\/\/gysfm.com.ar\/inicio\/wp-json\/wp\/v2\/media\/194143"}],"wp:attachment":[{"href":"https:\/\/gysfm.com.ar\/inicio\/wp-json\/wp\/v2\/media?parent=194142"}],"wp:term":[{"taxonomy":"category","embeddable":true,"href":"https:\/\/gysfm.com.ar\/inicio\/wp-json\/wp\/v2\/categories?post=194142"},{"taxonomy":"post_tag","embeddable":true,"href":"https:\/\/gysfm.com.ar\/inicio\/wp-json\/wp\/v2\/tags?post=194142"}],"curies":[{"name":"wp","href":"https:\/\/api.w.org\/{rel}","templated":true}]}}