{"id":194133,"date":"2026-05-01T15:37:05","date_gmt":"2026-05-01T18:37:05","guid":{"rendered":"https:\/\/gysfm.com.ar\/inicio\/mercosur-y-union-europea-activan-su-pacto-historico-impacto-en-exportaciones-inversiones-y-comercio-global\/"},"modified":"2026-05-01T15:37:05","modified_gmt":"2026-05-01T18:37:05","slug":"mercosur-y-union-europea-activan-su-pacto-historico-impacto-en-exportaciones-inversiones-y-comercio-global","status":"publish","type":"post","link":"https:\/\/gysfm.com.ar\/inicio\/mercosur-y-union-europea-activan-su-pacto-historico-impacto-en-exportaciones-inversiones-y-comercio-global\/","title":{"rendered":"Mercosur y Uni\u00f3n Europea activan su pacto hist\u00f3rico: impacto en exportaciones, inversiones y comercio global"},"content":{"rendered":"<p><\/p>\n<div id=\"article-content\">\n<p>El <a target=\"_blank\" href=\"https:\/\/www.perfil.com\/noticias\/politica\/venezuela-regreso-bloque-regional-mercosur.phtml\">acuerdo comercial entre el <strong>Mercosur y la Uni\u00f3n Europea<\/strong><\/a> entr\u00f3 en vigencia este viernes 1 de mayo de manera provisional, en un contexto global marcado por <a target=\"_blank\" href=\"https:\/\/www.perfil.com\/noticias\/economia\/la-guerra-comercial-silenciosa-como-eeuu-europa-y-china-se-lotean-los-negocios-en-la-argentina-a40.phtml\">tensiones comerciales y b\u00fasqueda de nuevos mercados<\/a>, seg\u00fan indicaron desde la Agence France Presse (AFP).<\/p>\n<p>El pacto, considerado uno de los m\u00e1s ambiciosos a nivel internacional,<a target=\"_blank\" href=\"https:\/\/www.perfil.com\/noticias\/economia\/acuerdo-ue-mercosur-todos-los-detalles-sobre-esta-nueva-alianza-comercial.phtml\"> impacta directamente en Argentina <\/a>al <strong>reducir aranceles, ampliar exportaciones y abrir oportunidades<\/strong> para empresas e inversores, aunque tambi\u00e9n genera tensiones pol\u00edticas y sectoriales tanto en Europa como en Sudam\u00e9rica.<\/p>\n<p class=\"destacadoNota\"><a target=\"_blank\" href=\"https:\/\/www.perfil.com\/noticias\/economia\/acuerdo-ue-mercosur-todos-los-detalles-sobre-esta-nueva-alianza-comercial.phtml\">Acuerdo UE\u2013Mercosur: oportunidades y beneficios para la Argentina<\/a><\/p>\n<p>El entendimiento, <strong>cerrado en enero<\/strong> tras m\u00e1s de 25 a\u00f1os de negociaciones, establece la creaci\u00f3n de una de las mayores zonas de libre comercio del mundo. Seg\u00fan consign\u00f3 AFP, el acuerdo elimina los <strong>aranceles de m\u00e1s del 90%<\/strong> del comercio entre ambos bloques, lo que marca un cambio estructural en la relaci\u00f3n econ\u00f3mica entre las regiones.<\/p>\n<p>Desde Bruselas destacan que las consecuencias de su implementaci\u00f3n comienzan a verse de inmediato. \u201cLos beneficios son reales y visibles desde ahora. Los aranceles comienzan a bajar. Las empresas est\u00e1n accediendo a nuevos mercados. Los inversores tienen la previsibilidad que necesitan\u201d, afirm\u00f3 la presidenta de la Comisi\u00f3n Europea, Ursula von der Leyen, en su cuenta de la red social X.<\/p>\n<div style=\"text-align:center\">\n<figure class=\"image\" style=\"display:inline-block\"><picture><source media=\"(max-width: 440px)\" srcset=\"https:\/\/fotos.perfil.com\/\/2026\/05\/01\/440\/0\/posteo-ursula-von-der-leyen-01052026-2231843.jpg?webp\"\/><source media=\"(max-width: 1019px)\" srcset=\"https:\/\/fotos.perfil.com\/\/2026\/05\/01\/712\/0\/posteo-ursula-von-der-leyen-01052026-2231843.jpg?webp\"\/><img decoding=\"async\" style=\"max-width: 100%; width: 100%;\" alt=\"Posteo Ursula von der Leyen 01052026\" src=\"https:\/\/fotos.perfil.com\/\/2026\/05\/01\/900\/0\/posteo-ursula-von-der-leyen-01052026-2231843.jpg?webp\" loading=\"lazy\"\/><\/picture>&#13;<figcaption>Ursula von der Leyen: \u00abLos inversores tienen la previsibilidad que necesitan\u201d<\/figcaption>&#13;<br \/>\n<\/figure>\n<\/div>\n<p>En esa l\u00ednea, tambi\u00e9n se inform\u00f3 que productos como autom\u00f3viles, farmac\u00e9uticos y vino exportados desde Europa hacia pa\u00edses del Mercosur \u2014entre ellos Argentina\u2014 tendr\u00e1n <strong>aranceles eliminados o significativamente reducidos<\/strong> desde la entrada en vigor del acuerdo.<\/p>\n<h2><strong>Impacto econ\u00f3mico y alcance del acuerdo<\/strong><\/h2>\n<p>El tratado abarca un mercado conjunto que <strong>representa cerca del 30%<\/strong> del Producto Interno Bruto mundial y m\u00e1s de <strong>700 millones de consumidores<\/strong>, lo que da cuenta de su magnitud. Seg\u00fan AFP, este nuevo escenario busca fortalecer el comercio bilateral en un contexto internacional atravesado por desaf\u00edos provenientes de econom\u00edas como Estados Unidos y China.<\/p>\n<p class=\"destacadoNota\"><a target=\"_blank\" href=\"https:\/\/www.perfil.com\/noticias\/economia\/la-reforma-de-glaciares-pondria-en-riesgo-el-acuerdo-ue-mercosur.phtml\">La reforma de glaciares pondr\u00eda en riesgo el acuerdo UE-Mercosur<\/a><\/p>\n<p>Para el comisario europeo de Comercio, Maros Sefcovic, <strong>\u201ces un gran d\u00eda\u201d<\/strong> gracias a un acuerdo que calific\u00f3 como \u201chist\u00f3rico\u201d, en declaraciones recogidas por AFP, resaltando el potencial del pacto para dinamizar las econom\u00edas involucradas.<\/p>\n<p>El acuerdo favorece particularmente las exportaciones europeas de bienes industriales como <strong>autom\u00f3viles, vino y queso<\/strong>, mientras que facilita el ingreso al mercado europeo de productos sudamericanos como carne vacuna, aves, az\u00facar, arroz, miel y soja.<\/p>\n<p>En paralelo, l\u00edderes del Mercosur destacaron el <strong>valor estrat\u00e9gico del tratado<\/strong>. \u201cA partir del 1\u00ba de mayo, Mercosur y la Uni\u00f3n Europea empiezan a unirse en una de las mayores \u00e1reas de libre comercio del planeta (&#8230;) En un momento de proteccionismo, reforzamos el multilateralismo\u201d, sostuvo el presidente brasile\u00f1o <strong>Luiz In\u00e1cio Lula da Silva.<\/strong><\/p>\n<div style=\"text-align:center\">\n<figure class=\"image\" style=\"display:inline-block\"><picture><source media=\"(max-width: 440px)\" srcset=\"https:\/\/fotos.perfil.com\/\/2026\/04\/02\/440\/0\/lula-da-silva-02042026-2214142.jpg?webp\"\/><source media=\"(max-width: 1019px)\" srcset=\"https:\/\/fotos.perfil.com\/\/2026\/04\/02\/712\/0\/lula-da-silva-02042026-2214142.jpg?webp\"\/><img decoding=\"async\" style=\"max-width: 100%; width: 100%;\" alt=\"Lula Da Silva 02042026\" src=\"https:\/\/fotos.perfil.com\/\/2026\/04\/02\/900\/0\/lula-da-silva-02042026-2214142.jpg?webp\" loading=\"lazy\"\/><\/picture>&#13;<figcaption>Lula Da Silva: \u00abEn un momento de proteccionismo, reforzamos el multilateralismo\u201d<\/figcaption>&#13;<br \/>\n<\/figure>\n<\/div>\n<h2><strong>Tensiones pol\u00edticas y aplicaci\u00f3n provisional<\/strong><\/h2>\n<p>A pesar de su entrada en vigencia, el acuerdo sigue <strong>generando controversias<\/strong>, especialmente en Europa. Francia encabez\u00f3 la oposici\u00f3n al pacto por el temor de que sus agricultores se vean perjudicados por la competencia de productos sudamericanos m\u00e1s baratos.<\/p>\n<p><strong>\u201cEn realidad, es un d\u00eda muy sombr\u00edo\u201d<\/strong>, afirm\u00f3 la eurodiputada francesa Manon Aubry, quien advirti\u00f3 \u2014seg\u00fan AFP\u2014 que los productores europeos enfrentar\u00e1n una \u201ccompetencia desleal de cientos de miles de toneladas de productos agr\u00edcolas que van a inundar el mercado europeo, con normas sanitarias y medioambientales de segunda categor\u00eda\u201d, alert\u00f3. <\/p>\n<p class=\"destacadoNota\"><a target=\"_blank\" href=\"https:\/\/www.perfil.com\/noticias\/economia\/la-guerra-comercial-silenciosa-como-eeuu-europa-y-china-se-lotean-los-negocios-en-la-argentina-a40.phtml\">La guerra comercial silenciosa: c\u00f3mo EE.UU., Europa y China se lotean los negocios en la Argentina<\/a><\/p>\n<p>La aplicaci\u00f3n del acuerdo es provisional debido a que a\u00fan se encuentra pendiente un <strong>fallo del m\u00e1ximo tribunal de la Uni\u00f3n Europea <\/strong>sobre su legalidad, luego de que el Parlamento Europeo remitiera el tratado para su revisi\u00f3n.<\/p>\n<p>Francia intent\u00f3 sin \u00e9xito bloquear el acuerdo por la <strong>preocupaci\u00f3n de sus agricultores<\/strong>, que temen ser perjudicados por la competencia de productos m\u00e1s baratos procedentes de Brasil y de sus vecinos. La f\u00e9rrea oposici\u00f3n francesa al pacto provoc\u00f3 un <strong>enfrentamiento p\u00fablico<\/strong> con Alemania.<\/p>\n<p>En este contexto, y pese a las resistencias, la Uni\u00f3n Europea avanz\u00f3 con la <strong>implementaci\u00f3n con el respaldo de la mayor\u00eda <\/strong>de sus pa\u00edses miembros, en una estrategia que tambi\u00e9n incluye acuerdos con otros mercados como India, Australia e Indonesia, en busca de diversificar sus v\u00ednculos comerciales a nivel global.<\/p>\n<p><em>Con informaci\u00f3n de AFP<\/em><\/p>\n<p>GZ<\/p>\n<\/p><\/div>\n<p><script>\n                !function(f,b,e,v,n,t,s)\n                {if(f.fbq)return;n=f.fbq=function(){n.callMethod?\n                    n.callMethod.apply(n,arguments):n.queue.push(arguments)};\n                    if(!f._fbq)f._fbq=n;n.push=n;n.loaded=!0;n.version='2.0';\n                    n.queue=[];t=b.createElement(e);t.async=!0;\n                    t.src=v;s=b.getElementsByTagName(e)[0];\n                    s.parentNode.insertBefore(t,s)}(window, document,'script',\n                    'https:\/\/connect.facebook.net\/en_US\/fbevents.js');\n                window.paywallConfig.facebook_pixel=\"1000228364089342\"\n            <\/script><\/p>\n","protected":false},"excerpt":{"rendered":"<p>El acuerdo comercial entre el Mercosur y la Uni\u00f3n Europea entr\u00f3 en vigencia este viernes 1 de mayo de manera provisional, en un contexto global marcado por tensiones comerciales y b\u00fasqueda de nuevos mercados, seg\u00fan indicaron desde la Agence France Presse (AFP). El pacto, considerado uno de los m\u00e1s ambiciosos a nivel internacional, impacta directamente [&hellip;]<\/p>\n","protected":false},"author":2,"featured_media":194134,"comment_status":"closed","ping_status":"closed","sticky":false,"template":"","format":"standard","meta":{"footnotes":""},"categories":[25],"tags":[],"class_list":["post-194133","post","type-post","status-publish","format-standard","has-post-thumbnail","hentry","category-nacionales"],"yoast_head":"<!-- This site is optimized with the Yoast SEO plugin v24.4 - https:\/\/yoast.com\/wordpress\/plugins\/seo\/ -->\n<title>Mercosur y Uni\u00f3n Europea activan su pacto hist\u00f3rico: impacto en exportaciones, inversiones y comercio global - GYS NOTICIAS |<\/title>\n<meta name=\"robots\" content=\"index, follow, max-snippet:-1, max-image-preview:large, max-video-preview:-1\" \/>\n<link rel=\"canonical\" href=\"https:\/\/gysfm.com.ar\/inicio\/mercosur-y-union-europea-activan-su-pacto-historico-impacto-en-exportaciones-inversiones-y-comercio-global\/\" \/>\n<meta property=\"og:locale\" content=\"es_ES\" \/>\n<meta property=\"og:type\" content=\"article\" \/>\n<meta property=\"og:title\" content=\"Mercosur y Uni\u00f3n Europea activan su pacto hist\u00f3rico: impacto en exportaciones, inversiones y comercio global - GYS NOTICIAS |\" \/>\n<meta property=\"og:description\" content=\"El acuerdo comercial entre el Mercosur y la Uni\u00f3n Europea entr\u00f3 en vigencia este viernes 1 de mayo de manera provisional, en un contexto global marcado por tensiones comerciales y b\u00fasqueda de nuevos mercados, seg\u00fan indicaron desde la Agence France Presse (AFP). El pacto, considerado uno de los m\u00e1s ambiciosos a nivel internacional, impacta directamente [&hellip;]\" \/>\n<meta property=\"og:url\" content=\"https:\/\/gysfm.com.ar\/inicio\/mercosur-y-union-europea-activan-su-pacto-historico-impacto-en-exportaciones-inversiones-y-comercio-global\/\" \/>\n<meta property=\"og:site_name\" content=\"GYS NOTICIAS |\" \/>\n<meta property=\"article:published_time\" content=\"2026-05-01T18:37:05+00:00\" \/>\n<meta property=\"og:image\" content=\"https:\/\/fotos.perfil.com\/\/2026\/05\/01\/900\/0\/posteo-ursula-von-der-leyen-01052026-2231843.jpg?webp\" \/>\n<meta name=\"author\" content=\"Prensa G&amp;S FM\" \/>\n<meta name=\"twitter:card\" content=\"summary_large_image\" \/>\n<meta name=\"twitter:label1\" content=\"Escrito por\" \/>\n\t<meta name=\"twitter:data1\" content=\"Prensa G&amp;S FM\" \/>\n\t<meta name=\"twitter:label2\" content=\"Tiempo de lectura\" \/>\n\t<meta name=\"twitter:data2\" content=\"4 minutos\" \/>\n<script type=\"application\/ld+json\" class=\"yoast-schema-graph\">{\"@context\":\"https:\/\/schema.org\",\"@graph\":[{\"@type\":\"Article\",\"@id\":\"https:\/\/gysfm.com.ar\/inicio\/mercosur-y-union-europea-activan-su-pacto-historico-impacto-en-exportaciones-inversiones-y-comercio-global\/#article\",\"isPartOf\":{\"@id\":\"https:\/\/gysfm.com.ar\/inicio\/mercosur-y-union-europea-activan-su-pacto-historico-impacto-en-exportaciones-inversiones-y-comercio-global\/\"},\"author\":{\"name\":\"Prensa G&amp;S FM\",\"@id\":\"https:\/\/gysfm.com.ar\/inicio\/#\/schema\/person\/3abba7593ef2ad19e1be221d54383dc5\"},\"headline\":\"Mercosur y Uni\u00f3n Europea activan su pacto hist\u00f3rico: impacto en exportaciones, inversiones y comercio global\",\"datePublished\":\"2026-05-01T18:37:05+00:00\",\"mainEntityOfPage\":{\"@id\":\"https:\/\/gysfm.com.ar\/inicio\/mercosur-y-union-europea-activan-su-pacto-historico-impacto-en-exportaciones-inversiones-y-comercio-global\/\"},\"wordCount\":783,\"publisher\":{\"@id\":\"https:\/\/gysfm.com.ar\/inicio\/#organization\"},\"image\":{\"@id\":\"https:\/\/gysfm.com.ar\/inicio\/mercosur-y-union-europea-activan-su-pacto-historico-impacto-en-exportaciones-inversiones-y-comercio-global\/#primaryimage\"},\"thumbnailUrl\":\"https:\/\/gysfm.com.ar\/inicio\/wp-content\/uploads\/2026\/05\/mercosur-union-europea-2209596.jpg\",\"articleSection\":[\"NACIONALES\"],\"inLanguage\":\"es\"},{\"@type\":\"WebPage\",\"@id\":\"https:\/\/gysfm.com.ar\/inicio\/mercosur-y-union-europea-activan-su-pacto-historico-impacto-en-exportaciones-inversiones-y-comercio-global\/\",\"url\":\"https:\/\/gysfm.com.ar\/inicio\/mercosur-y-union-europea-activan-su-pacto-historico-impacto-en-exportaciones-inversiones-y-comercio-global\/\",\"name\":\"Mercosur y Uni\u00f3n Europea activan su pacto hist\u00f3rico: impacto en exportaciones, inversiones y comercio global - GYS NOTICIAS |\",\"isPartOf\":{\"@id\":\"https:\/\/gysfm.com.ar\/inicio\/#website\"},\"primaryImageOfPage\":{\"@id\":\"https:\/\/gysfm.com.ar\/inicio\/mercosur-y-union-europea-activan-su-pacto-historico-impacto-en-exportaciones-inversiones-y-comercio-global\/#primaryimage\"},\"image\":{\"@id\":\"https:\/\/gysfm.com.ar\/inicio\/mercosur-y-union-europea-activan-su-pacto-historico-impacto-en-exportaciones-inversiones-y-comercio-global\/#primaryimage\"},\"thumbnailUrl\":\"https:\/\/gysfm.com.ar\/inicio\/wp-content\/uploads\/2026\/05\/mercosur-union-europea-2209596.jpg\",\"datePublished\":\"2026-05-01T18:37:05+00:00\",\"breadcrumb\":{\"@id\":\"https:\/\/gysfm.com.ar\/inicio\/mercosur-y-union-europea-activan-su-pacto-historico-impacto-en-exportaciones-inversiones-y-comercio-global\/#breadcrumb\"},\"inLanguage\":\"es\",\"potentialAction\":[{\"@type\":\"ReadAction\",\"target\":[\"https:\/\/gysfm.com.ar\/inicio\/mercosur-y-union-europea-activan-su-pacto-historico-impacto-en-exportaciones-inversiones-y-comercio-global\/\"]}]},{\"@type\":\"ImageObject\",\"inLanguage\":\"es\",\"@id\":\"https:\/\/gysfm.com.ar\/inicio\/mercosur-y-union-europea-activan-su-pacto-historico-impacto-en-exportaciones-inversiones-y-comercio-global\/#primaryimage\",\"url\":\"https:\/\/gysfm.com.ar\/inicio\/wp-content\/uploads\/2026\/05\/mercosur-union-europea-2209596.jpg\",\"contentUrl\":\"https:\/\/gysfm.com.ar\/inicio\/wp-content\/uploads\/2026\/05\/mercosur-union-europea-2209596.jpg\",\"width\":1140,\"height\":641},{\"@type\":\"BreadcrumbList\",\"@id\":\"https:\/\/gysfm.com.ar\/inicio\/mercosur-y-union-europea-activan-su-pacto-historico-impacto-en-exportaciones-inversiones-y-comercio-global\/#breadcrumb\",\"itemListElement\":[{\"@type\":\"ListItem\",\"position\":1,\"name\":\"Portada\",\"item\":\"https:\/\/gysfm.com.ar\/inicio\/\"},{\"@type\":\"ListItem\",\"position\":2,\"name\":\"Mercosur y Uni\u00f3n Europea activan su pacto hist\u00f3rico: impacto en exportaciones, inversiones y comercio global\"}]},{\"@type\":\"WebSite\",\"@id\":\"https:\/\/gysfm.com.ar\/inicio\/#website\",\"url\":\"https:\/\/gysfm.com.ar\/inicio\/\",\"name\":\"GYS NOTICIAS |\",\"description\":\"DIARIO - RADIO ONLINE SAN JUAN ARGENTINA\",\"publisher\":{\"@id\":\"https:\/\/gysfm.com.ar\/inicio\/#organization\"},\"potentialAction\":[{\"@type\":\"SearchAction\",\"target\":{\"@type\":\"EntryPoint\",\"urlTemplate\":\"https:\/\/gysfm.com.ar\/inicio\/?s={search_term_string}\"},\"query-input\":{\"@type\":\"PropertyValueSpecification\",\"valueRequired\":true,\"valueName\":\"search_term_string\"}}],\"inLanguage\":\"es\"},{\"@type\":\"Organization\",\"@id\":\"https:\/\/gysfm.com.ar\/inicio\/#organization\",\"name\":\"GYS NOTICIAS |\",\"url\":\"https:\/\/gysfm.com.ar\/inicio\/\",\"logo\":{\"@type\":\"ImageObject\",\"inLanguage\":\"es\",\"@id\":\"https:\/\/gysfm.com.ar\/inicio\/#\/schema\/logo\/image\/\",\"url\":\"https:\/\/gysfm.com.ar\/inicio\/wp-content\/uploads\/2023\/07\/LOGOGYS-OK.png\",\"contentUrl\":\"https:\/\/gysfm.com.ar\/inicio\/wp-content\/uploads\/2023\/07\/LOGOGYS-OK.png\",\"width\":1170,\"height\":872,\"caption\":\"GYS NOTICIAS |\"},\"image\":{\"@id\":\"https:\/\/gysfm.com.ar\/inicio\/#\/schema\/logo\/image\/\"}},{\"@type\":\"Person\",\"@id\":\"https:\/\/gysfm.com.ar\/inicio\/#\/schema\/person\/3abba7593ef2ad19e1be221d54383dc5\",\"name\":\"Prensa G&amp;S FM\",\"image\":{\"@type\":\"ImageObject\",\"inLanguage\":\"es\",\"@id\":\"https:\/\/gysfm.com.ar\/inicio\/#\/schema\/person\/image\/\",\"url\":\"https:\/\/secure.gravatar.com\/avatar\/096ec78df02049ab018702bb4ccedf659377fa92a26540b5247612077a0dbd29?s=96&d=mm&r=g\",\"contentUrl\":\"https:\/\/secure.gravatar.com\/avatar\/096ec78df02049ab018702bb4ccedf659377fa92a26540b5247612077a0dbd29?s=96&d=mm&r=g\",\"caption\":\"Prensa G&amp;S FM\"},\"sameAs\":[\"https:\/\/gysfm.com.ar\/\"],\"url\":\"https:\/\/gysfm.com.ar\/inicio\/author\/lucasm\/\"}]}<\/script>\n<!-- \/ Yoast SEO plugin. -->","yoast_head_json":{"title":"Mercosur y Uni\u00f3n Europea activan su pacto hist\u00f3rico: impacto en exportaciones, inversiones y comercio global - GYS NOTICIAS |","robots":{"index":"index","follow":"follow","max-snippet":"max-snippet:-1","max-image-preview":"max-image-preview:large","max-video-preview":"max-video-preview:-1"},"canonical":"https:\/\/gysfm.com.ar\/inicio\/mercosur-y-union-europea-activan-su-pacto-historico-impacto-en-exportaciones-inversiones-y-comercio-global\/","og_locale":"es_ES","og_type":"article","og_title":"Mercosur y Uni\u00f3n Europea activan su pacto hist\u00f3rico: impacto en exportaciones, inversiones y comercio global - GYS NOTICIAS |","og_description":"El acuerdo comercial entre el Mercosur y la Uni\u00f3n Europea entr\u00f3 en vigencia este viernes 1 de mayo de manera provisional, en un contexto global marcado por tensiones comerciales y b\u00fasqueda de nuevos mercados, seg\u00fan indicaron desde la Agence France Presse (AFP). El pacto, considerado uno de los m\u00e1s ambiciosos a nivel internacional, impacta directamente [&hellip;]","og_url":"https:\/\/gysfm.com.ar\/inicio\/mercosur-y-union-europea-activan-su-pacto-historico-impacto-en-exportaciones-inversiones-y-comercio-global\/","og_site_name":"GYS NOTICIAS |","article_published_time":"2026-05-01T18:37:05+00:00","og_image":[{"url":"https:\/\/fotos.perfil.com\/\/2026\/05\/01\/900\/0\/posteo-ursula-von-der-leyen-01052026-2231843.jpg?webp","type":"","width":"","height":""}],"author":"Prensa G&amp;S FM","twitter_card":"summary_large_image","twitter_misc":{"Escrito por":"Prensa G&amp;S FM","Tiempo de lectura":"4 minutos"},"schema":{"@context":"https:\/\/schema.org","@graph":[{"@type":"Article","@id":"https:\/\/gysfm.com.ar\/inicio\/mercosur-y-union-europea-activan-su-pacto-historico-impacto-en-exportaciones-inversiones-y-comercio-global\/#article","isPartOf":{"@id":"https:\/\/gysfm.com.ar\/inicio\/mercosur-y-union-europea-activan-su-pacto-historico-impacto-en-exportaciones-inversiones-y-comercio-global\/"},"author":{"name":"Prensa G&amp;S FM","@id":"https:\/\/gysfm.com.ar\/inicio\/#\/schema\/person\/3abba7593ef2ad19e1be221d54383dc5"},"headline":"Mercosur y Uni\u00f3n Europea activan su pacto hist\u00f3rico: impacto en exportaciones, inversiones y comercio global","datePublished":"2026-05-01T18:37:05+00:00","mainEntityOfPage":{"@id":"https:\/\/gysfm.com.ar\/inicio\/mercosur-y-union-europea-activan-su-pacto-historico-impacto-en-exportaciones-inversiones-y-comercio-global\/"},"wordCount":783,"publisher":{"@id":"https:\/\/gysfm.com.ar\/inicio\/#organization"},"image":{"@id":"https:\/\/gysfm.com.ar\/inicio\/mercosur-y-union-europea-activan-su-pacto-historico-impacto-en-exportaciones-inversiones-y-comercio-global\/#primaryimage"},"thumbnailUrl":"https:\/\/gysfm.com.ar\/inicio\/wp-content\/uploads\/2026\/05\/mercosur-union-europea-2209596.jpg","articleSection":["NACIONALES"],"inLanguage":"es"},{"@type":"WebPage","@id":"https:\/\/gysfm.com.ar\/inicio\/mercosur-y-union-europea-activan-su-pacto-historico-impacto-en-exportaciones-inversiones-y-comercio-global\/","url":"https:\/\/gysfm.com.ar\/inicio\/mercosur-y-union-europea-activan-su-pacto-historico-impacto-en-exportaciones-inversiones-y-comercio-global\/","name":"Mercosur y Uni\u00f3n Europea activan su pacto hist\u00f3rico: impacto en exportaciones, inversiones y comercio global - GYS NOTICIAS |","isPartOf":{"@id":"https:\/\/gysfm.com.ar\/inicio\/#website"},"primaryImageOfPage":{"@id":"https:\/\/gysfm.com.ar\/inicio\/mercosur-y-union-europea-activan-su-pacto-historico-impacto-en-exportaciones-inversiones-y-comercio-global\/#primaryimage"},"image":{"@id":"https:\/\/gysfm.com.ar\/inicio\/mercosur-y-union-europea-activan-su-pacto-historico-impacto-en-exportaciones-inversiones-y-comercio-global\/#primaryimage"},"thumbnailUrl":"https:\/\/gysfm.com.ar\/inicio\/wp-content\/uploads\/2026\/05\/mercosur-union-europea-2209596.jpg","datePublished":"2026-05-01T18:37:05+00:00","breadcrumb":{"@id":"https:\/\/gysfm.com.ar\/inicio\/mercosur-y-union-europea-activan-su-pacto-historico-impacto-en-exportaciones-inversiones-y-comercio-global\/#breadcrumb"},"inLanguage":"es","potentialAction":[{"@type":"ReadAction","target":["https:\/\/gysfm.com.ar\/inicio\/mercosur-y-union-europea-activan-su-pacto-historico-impacto-en-exportaciones-inversiones-y-comercio-global\/"]}]},{"@type":"ImageObject","inLanguage":"es","@id":"https:\/\/gysfm.com.ar\/inicio\/mercosur-y-union-europea-activan-su-pacto-historico-impacto-en-exportaciones-inversiones-y-comercio-global\/#primaryimage","url":"https:\/\/gysfm.com.ar\/inicio\/wp-content\/uploads\/2026\/05\/mercosur-union-europea-2209596.jpg","contentUrl":"https:\/\/gysfm.com.ar\/inicio\/wp-content\/uploads\/2026\/05\/mercosur-union-europea-2209596.jpg","width":1140,"height":641},{"@type":"BreadcrumbList","@id":"https:\/\/gysfm.com.ar\/inicio\/mercosur-y-union-europea-activan-su-pacto-historico-impacto-en-exportaciones-inversiones-y-comercio-global\/#breadcrumb","itemListElement":[{"@type":"ListItem","position":1,"name":"Portada","item":"https:\/\/gysfm.com.ar\/inicio\/"},{"@type":"ListItem","position":2,"name":"Mercosur y Uni\u00f3n Europea activan su pacto hist\u00f3rico: impacto en exportaciones, inversiones y comercio global"}]},{"@type":"WebSite","@id":"https:\/\/gysfm.com.ar\/inicio\/#website","url":"https:\/\/gysfm.com.ar\/inicio\/","name":"GYS NOTICIAS |","description":"DIARIO - RADIO ONLINE SAN JUAN ARGENTINA","publisher":{"@id":"https:\/\/gysfm.com.ar\/inicio\/#organization"},"potentialAction":[{"@type":"SearchAction","target":{"@type":"EntryPoint","urlTemplate":"https:\/\/gysfm.com.ar\/inicio\/?s={search_term_string}"},"query-input":{"@type":"PropertyValueSpecification","valueRequired":true,"valueName":"search_term_string"}}],"inLanguage":"es"},{"@type":"Organization","@id":"https:\/\/gysfm.com.ar\/inicio\/#organization","name":"GYS NOTICIAS |","url":"https:\/\/gysfm.com.ar\/inicio\/","logo":{"@type":"ImageObject","inLanguage":"es","@id":"https:\/\/gysfm.com.ar\/inicio\/#\/schema\/logo\/image\/","url":"https:\/\/gysfm.com.ar\/inicio\/wp-content\/uploads\/2023\/07\/LOGOGYS-OK.png","contentUrl":"https:\/\/gysfm.com.ar\/inicio\/wp-content\/uploads\/2023\/07\/LOGOGYS-OK.png","width":1170,"height":872,"caption":"GYS NOTICIAS |"},"image":{"@id":"https:\/\/gysfm.com.ar\/inicio\/#\/schema\/logo\/image\/"}},{"@type":"Person","@id":"https:\/\/gysfm.com.ar\/inicio\/#\/schema\/person\/3abba7593ef2ad19e1be221d54383dc5","name":"Prensa G&amp;S FM","image":{"@type":"ImageObject","inLanguage":"es","@id":"https:\/\/gysfm.com.ar\/inicio\/#\/schema\/person\/image\/","url":"https:\/\/secure.gravatar.com\/avatar\/096ec78df02049ab018702bb4ccedf659377fa92a26540b5247612077a0dbd29?s=96&d=mm&r=g","contentUrl":"https:\/\/secure.gravatar.com\/avatar\/096ec78df02049ab018702bb4ccedf659377fa92a26540b5247612077a0dbd29?s=96&d=mm&r=g","caption":"Prensa G&amp;S FM"},"sameAs":["https:\/\/gysfm.com.ar\/"],"url":"https:\/\/gysfm.com.ar\/inicio\/author\/lucasm\/"}]}},"_links":{"self":[{"href":"https:\/\/gysfm.com.ar\/inicio\/wp-json\/wp\/v2\/posts\/194133","targetHints":{"allow":["GET"]}}],"collection":[{"href":"https:\/\/gysfm.com.ar\/inicio\/wp-json\/wp\/v2\/posts"}],"about":[{"href":"https:\/\/gysfm.com.ar\/inicio\/wp-json\/wp\/v2\/types\/post"}],"author":[{"embeddable":true,"href":"https:\/\/gysfm.com.ar\/inicio\/wp-json\/wp\/v2\/users\/2"}],"replies":[{"embeddable":true,"href":"https:\/\/gysfm.com.ar\/inicio\/wp-json\/wp\/v2\/comments?post=194133"}],"version-history":[{"count":0,"href":"https:\/\/gysfm.com.ar\/inicio\/wp-json\/wp\/v2\/posts\/194133\/revisions"}],"wp:featuredmedia":[{"embeddable":true,"href":"https:\/\/gysfm.com.ar\/inicio\/wp-json\/wp\/v2\/media\/194134"}],"wp:attachment":[{"href":"https:\/\/gysfm.com.ar\/inicio\/wp-json\/wp\/v2\/media?parent=194133"}],"wp:term":[{"taxonomy":"category","embeddable":true,"href":"https:\/\/gysfm.com.ar\/inicio\/wp-json\/wp\/v2\/categories?post=194133"},{"taxonomy":"post_tag","embeddable":true,"href":"https:\/\/gysfm.com.ar\/inicio\/wp-json\/wp\/v2\/tags?post=194133"}],"curies":[{"name":"wp","href":"https:\/\/api.w.org\/{rel}","templated":true}]}}