{"id":194132,"date":"2026-05-01T15:21:24","date_gmt":"2026-05-01T18:21:24","guid":{"rendered":"https:\/\/gysfm.com.ar\/inicio\/cayeron-por-cuarto-mes-al-hilo-y-en-abril-la-merma-fue-de-hasta-33\/"},"modified":"2026-05-01T15:21:24","modified_gmt":"2026-05-01T18:21:24","slug":"cayeron-por-cuarto-mes-al-hilo-y-en-abril-la-merma-fue-de-hasta-33","status":"publish","type":"post","link":"https:\/\/gysfm.com.ar\/inicio\/cayeron-por-cuarto-mes-al-hilo-y-en-abril-la-merma-fue-de-hasta-33\/","title":{"rendered":"cayeron por cuarto mes al hilo y en abril la merma fue de hasta 3,3%"},"content":{"rendered":"<p> <br \/>\n<\/p>\n<div>\t\t<!-- { REGION4 --> <\/p>\n<header class=\"news-headline\">\n<h2 class=\"news-headline__article-summary\">\t\t<\/h2>\n<p id=\"p-1777651319077-31357\" class=\"ignore-parser\">En abril, las transferencias ascendieron a $5,5 billones, una suba nominal del 28% pero una ca\u00edda real de hasta el 3,3% al descontar la inflaci\u00f3n.<\/p>\n<\/header>\n<div class=\"detail-highlighted-multimedia content-protected-false\">\n<figure class=\"detail-highlighted-multimedia__figure\">  <img loading=\"lazy\" decoding=\"async\" src=\"https:\/\/media.ambito.com\/p\/6db4177a5c265d2a79f8955152e2a518\/adjuntos\/239\/imagenes\/040\/379\/0040379678\/coparticipacion-jpg.jpg\" class=\"detail-highlighted-multimedia__figure-img img-fluid\" alt=\"En april las transferencias autom\u00e1ticas a provincias cayeron en t\u00e9rminos reales.\" width=\"540\" height=\"405\"\/><figcaption class=\"detail-highlighted-multimedia__figcaption\">  <span class=\"detail-highlighted-multimedia__copyright\">Tiempo Fueguino<\/span><\/figcaption><\/figure>\n<\/div>\n<article class=\"article-body article-body--first-paragraph content-protected-false\" data-td-script-src=\"https:\/\/www.ambito.com\/td\/modulos\/encuestas\/js\/function-embeds-min-version-1777608493.js\">\n<p id=\"p-1777651323773-41600\">En abril, Naci\u00f3n envi\u00f3 a las provincias m\u00e1s CABA $5.584.000 millones en concepto de coparticipaci\u00f3n, leyes especiales y compensaciones, frente a $4.362.000 millones enviados durante igual per\u00edodo del a\u00f1o anterior. Es decir que se observ\u00f3 una variaci\u00f3n nominal del 28%. <strong>Descontando el proceso inflacionario del per\u00edodo, esto se traduce en una baja real de entre 3,2%, y 3,3%, seg\u00fan mediciones privadas.<\/strong><\/p>\n<\/article>\n<section class=\"suscription-false printed-edition\" style=\"display:none\">\n<p>El contenido al que quiere acceder es exclusivo para suscriptores.<\/p>\n<p>  <span> <button type=\"button\" name=\"button\" class=\"subscribe-btn mercadopago-btn\">suscribirse<\/button><\/span>  <span class=\"btns\"><button type=\"button\" name=\"button\" class=\"subscribe-btn reload-login\"> ya estoy suscripto<\/button><\/span>  <\/p>\n<\/section>\n<article class=\"article-body article-body--second-paragraph content-protected-false\">\n<p id=\"p-1777651323773-48789\">Por su parte, la coparticipaci\u00f3n, es decir las transferencias autom\u00e1ticas sin las originadas en leyes complementarias y compensaciones, habr\u00edan descendido un 3,6% real, agreg\u00f3 <strong>IARAF <\/strong>que agreg\u00f3 que, seg\u00fan la informaci\u00f3n suministrada por la Direcci\u00f3n nacional de asuntos provinciales, en adelante DNAP, <strong>\u00abla ca\u00edda de la coparticipaci\u00f3n neta en abril se deber\u00eda a la disminuci\u00f3n real interanual del 2,4% de la recaudaci\u00f3n del impuesto a las ganancias, mientras que el IVA tambi\u00e9n mostr\u00f3 una variaci\u00f3n negativa, del 3,3%\u00bb.<\/strong><\/p>\n<\/article>\n<section class=\"related-news\"><span class=\"related-news__title\"> Informate m\u00e1s<\/span>\t\t<\/p>\n<div class=\"row row--eq-height\">\n<div class=\"col-12 col-md-6\">\n<article class=\"news-article news-article--landscape-news news-article--landscape-news\">\n<figure class=\"news-article__figure figure\">\n\t\t\t\t\t\t\t\t\t\t\t<img loading=\"lazy\" decoding=\"async\" src=\"https:\/\/media.ambito.com\/p\/60a60bbb6505e6f6d697df80af30c955\/adjuntos\/239\/imagenes\/039\/789\/0039789108\/domingo-cavallo-ex-ministro-relaciones-exteriores-la-nacion-argentina.jpg\" alt=\"Domingo Cavallo volvi\u00f3 a criticar el cepo a empresas .\" title=\"Domingo Cavallo volvi\u00f3 a criticar el cepo a empresas .\" width=\"93\" height=\"52\" class=\"news-article__figure-img figure-img img-fluid\"\/>\t\t<\/figure>\n<\/article><\/div>\n<div class=\"col-12 col-md-6\">\n<article class=\"news-article news-article--landscape-news news-article--landscape-news\">\n<figure class=\"news-article__figure figure\">\n\t\t\t\t\t\t\t\t\t\t\t<img loading=\"lazy\" decoding=\"async\" src=\"https:\/\/media.ambito.com\/p\/bee15ff603f5f8d70c5fa81851b80fd5\/adjuntos\/239\/imagenes\/042\/983\/0042983859\/mercosur-union-europeapng.png\" alt=\"El Mercosur y la Uni\u00f3n Europea estrean su impactante acuerdo comercial.\" title=\"El Mercosur y la Uni\u00f3n Europea estrean su impactante acuerdo comercial.\" width=\"93\" height=\"52\" class=\"news-article__figure-img figure-img img-fluid\"\/>\t\t<\/figure>\n<\/article><\/div>\n<\/div>\n<\/section>\n<article class=\"article-body article-body--third-paragraph content-protected-false\">\n<p id=\"p-1777651420381-40441\" data-path-to-node=\"2\">En conjunto<strong>, la recaudaci\u00f3n de IVA e impuesto a las ganancias (IIGG) habr\u00eda registrado una baja real interanual del 2,9%. <\/strong>No obstante, la ca\u00edda de la recaudaci\u00f3n de impuestos internos de 20% gener\u00f3 que la coparticipaci\u00f3n neta tuviera una variaci\u00f3n negativa del 3,7%, ampliaron.<\/p>\n<\/article>\n<article class=\"article-body article-body--fourth-paragraph content-protected-false\">\n<h2 id=\"p-1777651806160-29308\">El primer cuatrimestre cierra con una baja del -5,7% real acumulado<\/h2>\n<div contenteditable=\"false\" class=\"embed_cont type_imagen\" id=\"8218794-Libre-1365026813_wrap\">\n<p>image <span onclick=\"parent.parent.TinyMCETdcuerpo.preview_embed('8218794-Libre-1365026813')\" class=\"embed_colapse less\" id=\"8218794-Libre-1365026813_colapse\"\/>  <span onclick=\"parent.parent.TinyMCETdcuerpo.delete_embed('8218794-Libre-1365026813')\" class=\"embed_delete less\" id=\"8218794-Libre-1365026813_delete\"\/><\/p>\n<div id=\"8218794-Libre-1365026813_content\" class=\"embed_content\"><img decoding=\"async\" src=\"https:\/\/media.ambito.com\/p\/f9a6f743bd1d162e2cc3f8f3a7b30dd5\/adjuntos\/239\/imagenes\/043\/341\/0043341249\/730x0\/smart\/image.png\" alt=\"Naci\u00f3n envi\u00f3 a las provincias m\u00e1s CABA $5.584.000 millones en concepto de coparticipaci\u00f3n.\" title=\"Naci\u00f3n envi\u00f3 a las provincias m\u00e1s CABA $5.584.000 millones en concepto de coparticipaci\u00f3n.\" width=\"730\" height=\"undefined\" id=\"8218794-Libre-1365026813_embed\"\/><\/div>\n<div class=\"embed_wrapper-cont\" id=\"p-1777652036414-96926\">\n<div id=\"8218794-Libre-1365026813_epigrafe\" class=\"embed_epigrafe\">\n<p>Naci\u00f3n envi\u00f3 a las provincias m\u00e1s CABA $5.584.000 millones en concepto de coparticipaci\u00f3n.<\/p>\n<\/div><\/div><\/div>\n<\/article>\n<article class=\"article-body article-body--fifth-paragraph content-protected-false\">\n<p id=\"p-1777651806160-19985\"> Con este resultado, el primer cuatrimestre del a\u00f1o cerr\u00f3 con transferencias autom\u00e1ticas a provincias y CABA por $21,9 billones, cayendo 5,7% respecto a igual per\u00edodo del 2025, ampliaron desde Politikon Chaco. En ese informe tambi\u00e9n analizaron que<strong> las coparticipaciones tambi\u00e9n quedan por debajo de igual per\u00edodo del 2023 (-12,8%), 2022 (-14,1%) y <\/strong><strong>2021 (-11,4%), y solo por encima de 2024 (+7,7%).<\/strong><\/p>\n<\/article>\n<article class=\"article-body article-body--remaining-paragraph content-protected-false\">\n<p id=\"p-1777651887421-72550\"> En este marco, la Coparticipaci\u00f3n Federal cae 7,3%; Leyes Especiales +11,3% y Compensaci\u00f3n del Consenso Fiscal +15,3%; por ende, estos dos \u00faltimos componentes contuvieron parcialmente la importante baja en la coparticipaci\u00f3n, dijeron desde el mismo an\u00e1lisis donde tambi\u00e9n indicaron que <strong>esta ca\u00edda acumulada, medido a precios actuales, equivale a una p\u00e9rdida de $1.394.527 millones ($ 1,39 billones) para el conjunto de provincias y CABA en los primeros cuatro meses del a\u00f1o.<\/strong><\/p>\n<\/article>\n<p>\t\t\t\t<!-- REGION4 } -->\n\t\t\t\t\t\t<\/div>\n<p><script>\n!function(f,b,e,v,n,t,s)\n{if(f.fbq)return;n=f.fbq=function(){n.callMethod?\nn.callMethod.apply(n,arguments):n.queue.push(arguments)};\nif(!f._fbq)f._fbq=n;n.push=n;n.loaded=!0;n.version='2.0';\nn.queue=[];t=b.createElement(e);t.async=!0;\nt.src=v;s=b.getElementsByTagName(e)[0];\ns.parentNode.insertBefore(t,s)}(window,document,'script',\n'https:\/\/connect.facebook.net\/en_US\/fbevents.js');\nfbq('init', '2047048335588113');\nfbq('track', 'PageView');\n<\/script><br \/>\n<br \/><\/p>\n","protected":false},"excerpt":{"rendered":"<p>En abril, las transferencias ascendieron a $5,5 billones, una suba nominal del 28% pero una ca\u00edda real de hasta el 3,3% al descontar la inflaci\u00f3n. Tiempo Fueguino En abril, Naci\u00f3n envi\u00f3 a las provincias m\u00e1s CABA $5.584.000 millones en concepto de coparticipaci\u00f3n, leyes especiales y compensaciones, frente a $4.362.000 millones enviados durante igual per\u00edodo del [&hellip;]<\/p>\n","protected":false},"author":1,"featured_media":108042,"comment_status":"closed","ping_status":"closed","sticky":false,"template":"","format":"standard","meta":{"footnotes":""},"categories":[28],"tags":[],"class_list":["post-194132","post","type-post","status-publish","format-standard","has-post-thumbnail","hentry","category-economia"],"yoast_head":"<!-- This site is optimized with the Yoast SEO plugin v24.4 - https:\/\/yoast.com\/wordpress\/plugins\/seo\/ -->\n<title>cayeron por cuarto mes al hilo y en abril la merma fue de hasta 3,3% - GYS NOTICIAS |<\/title>\n<meta name=\"robots\" content=\"index, follow, max-snippet:-1, max-image-preview:large, max-video-preview:-1\" \/>\n<link rel=\"canonical\" href=\"https:\/\/gysfm.com.ar\/inicio\/cayeron-por-cuarto-mes-al-hilo-y-en-abril-la-merma-fue-de-hasta-33\/\" \/>\n<meta property=\"og:locale\" content=\"es_ES\" \/>\n<meta property=\"og:type\" content=\"article\" \/>\n<meta property=\"og:title\" content=\"cayeron por cuarto mes al hilo y en abril la merma fue de hasta 3,3% - GYS NOTICIAS |\" \/>\n<meta property=\"og:description\" content=\"En abril, las transferencias ascendieron a $5,5 billones, una suba nominal del 28% pero una ca\u00edda real de hasta el 3,3% al descontar la inflaci\u00f3n. Tiempo Fueguino En abril, Naci\u00f3n envi\u00f3 a las provincias m\u00e1s CABA $5.584.000 millones en concepto de coparticipaci\u00f3n, leyes especiales y compensaciones, frente a $4.362.000 millones enviados durante igual per\u00edodo del [&hellip;]\" \/>\n<meta property=\"og:url\" content=\"https:\/\/gysfm.com.ar\/inicio\/cayeron-por-cuarto-mes-al-hilo-y-en-abril-la-merma-fue-de-hasta-33\/\" \/>\n<meta property=\"og:site_name\" content=\"GYS NOTICIAS |\" \/>\n<meta property=\"article:published_time\" content=\"2026-05-01T18:21:24+00:00\" \/>\n<meta property=\"og:image\" content=\"https:\/\/media.ambito.com\/p\/6db4177a5c265d2a79f8955152e2a518\/adjuntos\/239\/imagenes\/040\/379\/0040379678\/coparticipacion-jpg.jpg\" \/>\n<meta name=\"author\" content=\"admin\" \/>\n<meta name=\"twitter:card\" content=\"summary_large_image\" \/>\n<meta name=\"twitter:label1\" content=\"Escrito por\" \/>\n\t<meta name=\"twitter:data1\" content=\"admin\" \/>\n\t<meta name=\"twitter:label2\" content=\"Tiempo de lectura\" \/>\n\t<meta name=\"twitter:data2\" content=\"2 minutos\" \/>\n<script type=\"application\/ld+json\" class=\"yoast-schema-graph\">{\"@context\":\"https:\/\/schema.org\",\"@graph\":[{\"@type\":\"Article\",\"@id\":\"https:\/\/gysfm.com.ar\/inicio\/cayeron-por-cuarto-mes-al-hilo-y-en-abril-la-merma-fue-de-hasta-33\/#article\",\"isPartOf\":{\"@id\":\"https:\/\/gysfm.com.ar\/inicio\/cayeron-por-cuarto-mes-al-hilo-y-en-abril-la-merma-fue-de-hasta-33\/\"},\"author\":{\"name\":\"admin\",\"@id\":\"https:\/\/gysfm.com.ar\/inicio\/#\/schema\/person\/5bedd7ecd35cc35548d89effafa23696\"},\"headline\":\"cayeron por cuarto mes al hilo y en abril la merma fue de hasta 3,3%\",\"datePublished\":\"2026-05-01T18:21:24+00:00\",\"mainEntityOfPage\":{\"@id\":\"https:\/\/gysfm.com.ar\/inicio\/cayeron-por-cuarto-mes-al-hilo-y-en-abril-la-merma-fue-de-hasta-33\/\"},\"wordCount\":417,\"publisher\":{\"@id\":\"https:\/\/gysfm.com.ar\/inicio\/#organization\"},\"image\":{\"@id\":\"https:\/\/gysfm.com.ar\/inicio\/cayeron-por-cuarto-mes-al-hilo-y-en-abril-la-merma-fue-de-hasta-33\/#primaryimage\"},\"thumbnailUrl\":\"https:\/\/gysfm.com.ar\/inicio\/wp-content\/uploads\/2025\/04\/coparticipacion-jpg.jpg\",\"articleSection\":[\"ECONOMIA\"],\"inLanguage\":\"es\"},{\"@type\":\"WebPage\",\"@id\":\"https:\/\/gysfm.com.ar\/inicio\/cayeron-por-cuarto-mes-al-hilo-y-en-abril-la-merma-fue-de-hasta-33\/\",\"url\":\"https:\/\/gysfm.com.ar\/inicio\/cayeron-por-cuarto-mes-al-hilo-y-en-abril-la-merma-fue-de-hasta-33\/\",\"name\":\"cayeron por cuarto mes al hilo y en abril la merma fue de hasta 3,3% - GYS NOTICIAS |\",\"isPartOf\":{\"@id\":\"https:\/\/gysfm.com.ar\/inicio\/#website\"},\"primaryImageOfPage\":{\"@id\":\"https:\/\/gysfm.com.ar\/inicio\/cayeron-por-cuarto-mes-al-hilo-y-en-abril-la-merma-fue-de-hasta-33\/#primaryimage\"},\"image\":{\"@id\":\"https:\/\/gysfm.com.ar\/inicio\/cayeron-por-cuarto-mes-al-hilo-y-en-abril-la-merma-fue-de-hasta-33\/#primaryimage\"},\"thumbnailUrl\":\"https:\/\/gysfm.com.ar\/inicio\/wp-content\/uploads\/2025\/04\/coparticipacion-jpg.jpg\",\"datePublished\":\"2026-05-01T18:21:24+00:00\",\"breadcrumb\":{\"@id\":\"https:\/\/gysfm.com.ar\/inicio\/cayeron-por-cuarto-mes-al-hilo-y-en-abril-la-merma-fue-de-hasta-33\/#breadcrumb\"},\"inLanguage\":\"es\",\"potentialAction\":[{\"@type\":\"ReadAction\",\"target\":[\"https:\/\/gysfm.com.ar\/inicio\/cayeron-por-cuarto-mes-al-hilo-y-en-abril-la-merma-fue-de-hasta-33\/\"]}]},{\"@type\":\"ImageObject\",\"inLanguage\":\"es\",\"@id\":\"https:\/\/gysfm.com.ar\/inicio\/cayeron-por-cuarto-mes-al-hilo-y-en-abril-la-merma-fue-de-hasta-33\/#primaryimage\",\"url\":\"https:\/\/gysfm.com.ar\/inicio\/wp-content\/uploads\/2025\/04\/coparticipacion-jpg.jpg\",\"contentUrl\":\"https:\/\/gysfm.com.ar\/inicio\/wp-content\/uploads\/2025\/04\/coparticipacion-jpg.jpg\",\"width\":1200,\"height\":675},{\"@type\":\"BreadcrumbList\",\"@id\":\"https:\/\/gysfm.com.ar\/inicio\/cayeron-por-cuarto-mes-al-hilo-y-en-abril-la-merma-fue-de-hasta-33\/#breadcrumb\",\"itemListElement\":[{\"@type\":\"ListItem\",\"position\":1,\"name\":\"Portada\",\"item\":\"https:\/\/gysfm.com.ar\/inicio\/\"},{\"@type\":\"ListItem\",\"position\":2,\"name\":\"cayeron por cuarto mes al hilo y en abril la merma fue de hasta 3,3%\"}]},{\"@type\":\"WebSite\",\"@id\":\"https:\/\/gysfm.com.ar\/inicio\/#website\",\"url\":\"https:\/\/gysfm.com.ar\/inicio\/\",\"name\":\"GYS NOTICIAS |\",\"description\":\"DIARIO - RADIO ONLINE SAN JUAN ARGENTINA\",\"publisher\":{\"@id\":\"https:\/\/gysfm.com.ar\/inicio\/#organization\"},\"potentialAction\":[{\"@type\":\"SearchAction\",\"target\":{\"@type\":\"EntryPoint\",\"urlTemplate\":\"https:\/\/gysfm.com.ar\/inicio\/?s={search_term_string}\"},\"query-input\":{\"@type\":\"PropertyValueSpecification\",\"valueRequired\":true,\"valueName\":\"search_term_string\"}}],\"inLanguage\":\"es\"},{\"@type\":\"Organization\",\"@id\":\"https:\/\/gysfm.com.ar\/inicio\/#organization\",\"name\":\"GYS NOTICIAS |\",\"url\":\"https:\/\/gysfm.com.ar\/inicio\/\",\"logo\":{\"@type\":\"ImageObject\",\"inLanguage\":\"es\",\"@id\":\"https:\/\/gysfm.com.ar\/inicio\/#\/schema\/logo\/image\/\",\"url\":\"https:\/\/gysfm.com.ar\/inicio\/wp-content\/uploads\/2023\/07\/LOGOGYS-OK.png\",\"contentUrl\":\"https:\/\/gysfm.com.ar\/inicio\/wp-content\/uploads\/2023\/07\/LOGOGYS-OK.png\",\"width\":1170,\"height\":872,\"caption\":\"GYS NOTICIAS |\"},\"image\":{\"@id\":\"https:\/\/gysfm.com.ar\/inicio\/#\/schema\/logo\/image\/\"}},{\"@type\":\"Person\",\"@id\":\"https:\/\/gysfm.com.ar\/inicio\/#\/schema\/person\/5bedd7ecd35cc35548d89effafa23696\",\"name\":\"admin\",\"image\":{\"@type\":\"ImageObject\",\"inLanguage\":\"es\",\"@id\":\"https:\/\/gysfm.com.ar\/inicio\/#\/schema\/person\/image\/\",\"url\":\"https:\/\/secure.gravatar.com\/avatar\/c331d312b5243fb64d5ba28108a447b27c925295129a363082c9ea52c28d32c2?s=96&d=mm&r=g\",\"contentUrl\":\"https:\/\/secure.gravatar.com\/avatar\/c331d312b5243fb64d5ba28108a447b27c925295129a363082c9ea52c28d32c2?s=96&d=mm&r=g\",\"caption\":\"admin\"},\"sameAs\":[\"https:\/\/gysfm.com.ar\/inicio\"],\"url\":\"https:\/\/gysfm.com.ar\/inicio\/author\/admin\/\"}]}<\/script>\n<!-- \/ Yoast SEO plugin. -->","yoast_head_json":{"title":"cayeron por cuarto mes al hilo y en abril la merma fue de hasta 3,3% - GYS NOTICIAS |","robots":{"index":"index","follow":"follow","max-snippet":"max-snippet:-1","max-image-preview":"max-image-preview:large","max-video-preview":"max-video-preview:-1"},"canonical":"https:\/\/gysfm.com.ar\/inicio\/cayeron-por-cuarto-mes-al-hilo-y-en-abril-la-merma-fue-de-hasta-33\/","og_locale":"es_ES","og_type":"article","og_title":"cayeron por cuarto mes al hilo y en abril la merma fue de hasta 3,3% - GYS NOTICIAS |","og_description":"En abril, las transferencias ascendieron a $5,5 billones, una suba nominal del 28% pero una ca\u00edda real de hasta el 3,3% al descontar la inflaci\u00f3n. Tiempo Fueguino En abril, Naci\u00f3n envi\u00f3 a las provincias m\u00e1s CABA $5.584.000 millones en concepto de coparticipaci\u00f3n, leyes especiales y compensaciones, frente a $4.362.000 millones enviados durante igual per\u00edodo del [&hellip;]","og_url":"https:\/\/gysfm.com.ar\/inicio\/cayeron-por-cuarto-mes-al-hilo-y-en-abril-la-merma-fue-de-hasta-33\/","og_site_name":"GYS NOTICIAS |","article_published_time":"2026-05-01T18:21:24+00:00","og_image":[{"url":"https:\/\/media.ambito.com\/p\/6db4177a5c265d2a79f8955152e2a518\/adjuntos\/239\/imagenes\/040\/379\/0040379678\/coparticipacion-jpg.jpg","type":"","width":"","height":""}],"author":"admin","twitter_card":"summary_large_image","twitter_misc":{"Escrito por":"admin","Tiempo de lectura":"2 minutos"},"schema":{"@context":"https:\/\/schema.org","@graph":[{"@type":"Article","@id":"https:\/\/gysfm.com.ar\/inicio\/cayeron-por-cuarto-mes-al-hilo-y-en-abril-la-merma-fue-de-hasta-33\/#article","isPartOf":{"@id":"https:\/\/gysfm.com.ar\/inicio\/cayeron-por-cuarto-mes-al-hilo-y-en-abril-la-merma-fue-de-hasta-33\/"},"author":{"name":"admin","@id":"https:\/\/gysfm.com.ar\/inicio\/#\/schema\/person\/5bedd7ecd35cc35548d89effafa23696"},"headline":"cayeron por cuarto mes al hilo y en abril la merma fue de hasta 3,3%","datePublished":"2026-05-01T18:21:24+00:00","mainEntityOfPage":{"@id":"https:\/\/gysfm.com.ar\/inicio\/cayeron-por-cuarto-mes-al-hilo-y-en-abril-la-merma-fue-de-hasta-33\/"},"wordCount":417,"publisher":{"@id":"https:\/\/gysfm.com.ar\/inicio\/#organization"},"image":{"@id":"https:\/\/gysfm.com.ar\/inicio\/cayeron-por-cuarto-mes-al-hilo-y-en-abril-la-merma-fue-de-hasta-33\/#primaryimage"},"thumbnailUrl":"https:\/\/gysfm.com.ar\/inicio\/wp-content\/uploads\/2025\/04\/coparticipacion-jpg.jpg","articleSection":["ECONOMIA"],"inLanguage":"es"},{"@type":"WebPage","@id":"https:\/\/gysfm.com.ar\/inicio\/cayeron-por-cuarto-mes-al-hilo-y-en-abril-la-merma-fue-de-hasta-33\/","url":"https:\/\/gysfm.com.ar\/inicio\/cayeron-por-cuarto-mes-al-hilo-y-en-abril-la-merma-fue-de-hasta-33\/","name":"cayeron por cuarto mes al hilo y en abril la merma fue de hasta 3,3% - GYS NOTICIAS |","isPartOf":{"@id":"https:\/\/gysfm.com.ar\/inicio\/#website"},"primaryImageOfPage":{"@id":"https:\/\/gysfm.com.ar\/inicio\/cayeron-por-cuarto-mes-al-hilo-y-en-abril-la-merma-fue-de-hasta-33\/#primaryimage"},"image":{"@id":"https:\/\/gysfm.com.ar\/inicio\/cayeron-por-cuarto-mes-al-hilo-y-en-abril-la-merma-fue-de-hasta-33\/#primaryimage"},"thumbnailUrl":"https:\/\/gysfm.com.ar\/inicio\/wp-content\/uploads\/2025\/04\/coparticipacion-jpg.jpg","datePublished":"2026-05-01T18:21:24+00:00","breadcrumb":{"@id":"https:\/\/gysfm.com.ar\/inicio\/cayeron-por-cuarto-mes-al-hilo-y-en-abril-la-merma-fue-de-hasta-33\/#breadcrumb"},"inLanguage":"es","potentialAction":[{"@type":"ReadAction","target":["https:\/\/gysfm.com.ar\/inicio\/cayeron-por-cuarto-mes-al-hilo-y-en-abril-la-merma-fue-de-hasta-33\/"]}]},{"@type":"ImageObject","inLanguage":"es","@id":"https:\/\/gysfm.com.ar\/inicio\/cayeron-por-cuarto-mes-al-hilo-y-en-abril-la-merma-fue-de-hasta-33\/#primaryimage","url":"https:\/\/gysfm.com.ar\/inicio\/wp-content\/uploads\/2025\/04\/coparticipacion-jpg.jpg","contentUrl":"https:\/\/gysfm.com.ar\/inicio\/wp-content\/uploads\/2025\/04\/coparticipacion-jpg.jpg","width":1200,"height":675},{"@type":"BreadcrumbList","@id":"https:\/\/gysfm.com.ar\/inicio\/cayeron-por-cuarto-mes-al-hilo-y-en-abril-la-merma-fue-de-hasta-33\/#breadcrumb","itemListElement":[{"@type":"ListItem","position":1,"name":"Portada","item":"https:\/\/gysfm.com.ar\/inicio\/"},{"@type":"ListItem","position":2,"name":"cayeron por cuarto mes al hilo y en abril la merma fue de hasta 3,3%"}]},{"@type":"WebSite","@id":"https:\/\/gysfm.com.ar\/inicio\/#website","url":"https:\/\/gysfm.com.ar\/inicio\/","name":"GYS NOTICIAS |","description":"DIARIO - RADIO ONLINE SAN JUAN ARGENTINA","publisher":{"@id":"https:\/\/gysfm.com.ar\/inicio\/#organization"},"potentialAction":[{"@type":"SearchAction","target":{"@type":"EntryPoint","urlTemplate":"https:\/\/gysfm.com.ar\/inicio\/?s={search_term_string}"},"query-input":{"@type":"PropertyValueSpecification","valueRequired":true,"valueName":"search_term_string"}}],"inLanguage":"es"},{"@type":"Organization","@id":"https:\/\/gysfm.com.ar\/inicio\/#organization","name":"GYS NOTICIAS |","url":"https:\/\/gysfm.com.ar\/inicio\/","logo":{"@type":"ImageObject","inLanguage":"es","@id":"https:\/\/gysfm.com.ar\/inicio\/#\/schema\/logo\/image\/","url":"https:\/\/gysfm.com.ar\/inicio\/wp-content\/uploads\/2023\/07\/LOGOGYS-OK.png","contentUrl":"https:\/\/gysfm.com.ar\/inicio\/wp-content\/uploads\/2023\/07\/LOGOGYS-OK.png","width":1170,"height":872,"caption":"GYS NOTICIAS |"},"image":{"@id":"https:\/\/gysfm.com.ar\/inicio\/#\/schema\/logo\/image\/"}},{"@type":"Person","@id":"https:\/\/gysfm.com.ar\/inicio\/#\/schema\/person\/5bedd7ecd35cc35548d89effafa23696","name":"admin","image":{"@type":"ImageObject","inLanguage":"es","@id":"https:\/\/gysfm.com.ar\/inicio\/#\/schema\/person\/image\/","url":"https:\/\/secure.gravatar.com\/avatar\/c331d312b5243fb64d5ba28108a447b27c925295129a363082c9ea52c28d32c2?s=96&d=mm&r=g","contentUrl":"https:\/\/secure.gravatar.com\/avatar\/c331d312b5243fb64d5ba28108a447b27c925295129a363082c9ea52c28d32c2?s=96&d=mm&r=g","caption":"admin"},"sameAs":["https:\/\/gysfm.com.ar\/inicio"],"url":"https:\/\/gysfm.com.ar\/inicio\/author\/admin\/"}]}},"_links":{"self":[{"href":"https:\/\/gysfm.com.ar\/inicio\/wp-json\/wp\/v2\/posts\/194132","targetHints":{"allow":["GET"]}}],"collection":[{"href":"https:\/\/gysfm.com.ar\/inicio\/wp-json\/wp\/v2\/posts"}],"about":[{"href":"https:\/\/gysfm.com.ar\/inicio\/wp-json\/wp\/v2\/types\/post"}],"author":[{"embeddable":true,"href":"https:\/\/gysfm.com.ar\/inicio\/wp-json\/wp\/v2\/users\/1"}],"replies":[{"embeddable":true,"href":"https:\/\/gysfm.com.ar\/inicio\/wp-json\/wp\/v2\/comments?post=194132"}],"version-history":[{"count":0,"href":"https:\/\/gysfm.com.ar\/inicio\/wp-json\/wp\/v2\/posts\/194132\/revisions"}],"wp:featuredmedia":[{"embeddable":true,"href":"https:\/\/gysfm.com.ar\/inicio\/wp-json\/wp\/v2\/media\/108042"}],"wp:attachment":[{"href":"https:\/\/gysfm.com.ar\/inicio\/wp-json\/wp\/v2\/media?parent=194132"}],"wp:term":[{"taxonomy":"category","embeddable":true,"href":"https:\/\/gysfm.com.ar\/inicio\/wp-json\/wp\/v2\/categories?post=194132"},{"taxonomy":"post_tag","embeddable":true,"href":"https:\/\/gysfm.com.ar\/inicio\/wp-json\/wp\/v2\/tags?post=194132"}],"curies":[{"name":"wp","href":"https:\/\/api.w.org\/{rel}","templated":true}]}}