{"id":194122,"date":"2026-05-01T14:00:16","date_gmt":"2026-05-01T17:00:16","guid":{"rendered":"https:\/\/gysfm.com.ar\/inicio\/eduardo-reina-sobre-la-crisis-de-confianza-en-el-gobierno-la-gente-empieza-a-decir-ya-no-te-estoy-creyendo\/"},"modified":"2026-05-01T14:00:16","modified_gmt":"2026-05-01T17:00:16","slug":"eduardo-reina-sobre-la-crisis-de-confianza-en-el-gobierno-la-gente-empieza-a-decir-ya-no-te-estoy-creyendo","status":"publish","type":"post","link":"https:\/\/gysfm.com.ar\/inicio\/eduardo-reina-sobre-la-crisis-de-confianza-en-el-gobierno-la-gente-empieza-a-decir-ya-no-te-estoy-creyendo\/","title":{"rendered":"Eduardo Reina sobre la crisis de confianza en el Gobierno: \u00abLa gente empieza a decir: ya no te estoy creyendo\u00bb"},"content":{"rendered":"<p><\/p>\n<div id=\"article-content\">\n<p>La <strong>ca\u00edda en la imagen del Gobierno<\/strong> se consolida como una tendencia dif\u00edcil de revertir en el corto plazo. As\u00ed lo asegur\u00f3 <strong>Eduardo Reina<\/strong>, quien explic\u00f3 que las <a target=\"_blank\" href=\"https:\/\/www.perfil.com\/noticias\/canal-e\/jose-castillo-cuestiono-el-discurso-economico-del-gobierno-hay-exabruptos-que-no-se-sostienen.phtml\">decisiones pol\u00edticas<\/a> no tienen un impacto inmediato en la <a target=\"_blank\" href=\"https:\/\/www.perfil.com\/noticias\/canal-e\/agenda-parlamentaria-en-el-congreso-paz-legislativa-y-tensiones-politicas.phtml\">percepci\u00f3n social<\/a>. \u201c<strong>La opini\u00f3n p\u00fablica tarda en responder<\/strong>\u201d, afirm\u00f3, y remarc\u00f3 que los efectos suelen verse reci\u00e9n meses despu\u00e9s.<\/p>\n<p>En ese sentido, el analista fue contundente sobre el presente del oficialismo: \u201c<strong>La imagen que viene cayendo, viene cayendo significativamente<\/strong>\u201d, detall\u00f3, al se\u00f1alar que el respaldo pas\u00f3 de niveles cercanos al 60% a una franja actual de entre el 30% y el 40%.<\/p>\n<p>Para<strong> Reina<\/strong>, la estrategia del Gobierno de intentar dar un giro r\u00e1pido a esta situaci\u00f3n no est\u00e1 funcionando. \u201c<strong>Esto no va a ayudar a lo inmediato, la imagen va a seguir exactamente igual<\/strong>\u201d, advirti\u00f3, dejando en claro que las medidas recientes no logran modificar el humor social.<\/p>\n<p><iframe id=\"vrudo\" class=\"vrudo\" src=\"https:\/\/rudo.video\/vod\/yiQZvpVKiZ0?volume=0\" width=\"100%\" height=\"100%\" allowscriptaccess=\"always\" allowfullscreen=\"true\" webkitallowfullscreen=\"true\" frameborder=\"0\" scrolling=\"no\" allow=\"autoplay; fullscreen\" loading=\"lazy\" title=\"Contenido embebido\"><\/iframe><\/p>\n<h2><strong>Desgaste pol\u00edtico y errores de comunicaci\u00f3n<\/strong><\/h2>\n<p>El analista tambi\u00e9n cuestion\u00f3 el enfoque discursivo del oficialismo, al considerar que no conecta con las preocupaciones reales de la ciudadan\u00eda. \u201c<strong>Si sigue hablando de la macroeconom\u00eda y de Keynes\u2026 es dif\u00edcil que tuerzan este camino<\/strong>\u201d, sostuvo, en referencia a la desconexi\u00f3n entre el mensaje econ\u00f3mico y la realidad cotidiana.<\/p>\n<p>Adem\u00e1s, apunt\u00f3 contra el tono confrontativo del Gobierno. \u201c<strong>Me parece desacertado todo, las peleas, los insultos<\/strong>\u201d, expres\u00f3, y sum\u00f3 otro elemento clave: la falta de respuestas claras. \u201c<strong>Sigue sin cerrar el tema<\/strong>\u201d, insisti\u00f3, al referirse a las explicaciones pendientes en torno a la pol\u00e9mica.<\/p>\n<p>Este escenario comienza a reflejarse en estudios de opini\u00f3n y redes sociales. \u201c<strong>La gente ya empieza a decir: ya no te estoy creyendo<\/strong>\u201d, se\u00f1al\u00f3 <strong>Reina<\/strong>, evidenciando un quiebre en la confianza p\u00fablica.<\/p>\n<h2><strong>Internas, oposici\u00f3n pasiva y se\u00f1ales pol\u00edticas<\/strong><\/h2>\n<p>En cuanto al rol del oficialismo, el analista sostuvo que la defensa de ciertas figuras responde a decisiones internas. \u201c<strong>Es alguien del ri\u00f1\u00f3n interno<\/strong>\u201d, explic\u00f3, al referirse al respaldo pol\u00edtico dentro del Gobierno, aunque admiti\u00f3 tensiones: \u201c<strong>Hay algunos que\u2026 en el interior te dicen tengo que comerme este garr\u00f3n<\/strong>\u201d.<\/p>\n<p>Por otro lado, critic\u00f3 la actitud de la oposici\u00f3n, a la que consider\u00f3 poco activa. \u201c<strong>Todos ellos arrugaron<\/strong>\u201d, afirm\u00f3, se\u00f1alando la falta de liderazgo y de una postura firme frente al contexto. Seg\u00fan su an\u00e1lisis, salvo excepciones puntuales, predomin\u00f3 una actitud pasiva y sin confrontaci\u00f3n real.<\/p>\n<p>Finalmente, <strong>Reina<\/strong> dej\u00f3 una lectura sobre los gestos pol\u00edticos recientes, destacando su valor simb\u00f3lico. \u201c<strong>En pol\u00edtica\u2026 todos son s\u00edmbolos. Y este fue un s\u00edmbolo<\/strong>\u201d, concluy\u00f3, en alusi\u00f3n a movimientos que podr\u00edan anticipar reconfiguraciones dentro del escenario pol\u00edtico.<\/p>\n<\/p><\/div>\n<p><script>\n                !function(f,b,e,v,n,t,s)\n                {if(f.fbq)return;n=f.fbq=function(){n.callMethod?\n                    n.callMethod.apply(n,arguments):n.queue.push(arguments)};\n                    if(!f._fbq)f._fbq=n;n.push=n;n.loaded=!0;n.version='2.0';\n                    n.queue=[];t=b.createElement(e);t.async=!0;\n                    t.src=v;s=b.getElementsByTagName(e)[0];\n                    s.parentNode.insertBefore(t,s)}(window, document,'script',\n                    'https:\/\/connect.facebook.net\/en_US\/fbevents.js');\n                window.paywallConfig.facebook_pixel=\"1000228364089342\"\n            <\/script><\/p>\n","protected":false},"excerpt":{"rendered":"<p>La ca\u00edda en la imagen del Gobierno se consolida como una tendencia dif\u00edcil de revertir en el corto plazo. As\u00ed lo asegur\u00f3 Eduardo Reina, quien explic\u00f3 que las decisiones pol\u00edticas no tienen un impacto inmediato en la percepci\u00f3n social. \u201cLa opini\u00f3n p\u00fablica tarda en responder\u201d, afirm\u00f3, y remarc\u00f3 que los efectos suelen verse reci\u00e9n meses [&hellip;]<\/p>\n","protected":false},"author":2,"featured_media":194123,"comment_status":"closed","ping_status":"closed","sticky":false,"template":"","format":"standard","meta":{"footnotes":""},"categories":[25],"tags":[],"class_list":["post-194122","post","type-post","status-publish","format-standard","has-post-thumbnail","hentry","category-nacionales"],"yoast_head":"<!-- This site is optimized with the Yoast SEO plugin v24.4 - https:\/\/yoast.com\/wordpress\/plugins\/seo\/ -->\n<title>Eduardo Reina sobre la crisis de confianza en el Gobierno: &quot;La gente empieza a decir: ya no te estoy creyendo&quot; - GYS NOTICIAS |<\/title>\n<meta name=\"robots\" content=\"index, follow, max-snippet:-1, max-image-preview:large, max-video-preview:-1\" \/>\n<link rel=\"canonical\" href=\"https:\/\/gysfm.com.ar\/inicio\/eduardo-reina-sobre-la-crisis-de-confianza-en-el-gobierno-la-gente-empieza-a-decir-ya-no-te-estoy-creyendo\/\" \/>\n<meta property=\"og:locale\" content=\"es_ES\" \/>\n<meta property=\"og:type\" content=\"article\" \/>\n<meta property=\"og:title\" content=\"Eduardo Reina sobre la crisis de confianza en el Gobierno: &quot;La gente empieza a decir: ya no te estoy creyendo&quot; - GYS NOTICIAS |\" \/>\n<meta property=\"og:description\" content=\"La ca\u00edda en la imagen del Gobierno se consolida como una tendencia dif\u00edcil de revertir en el corto plazo. As\u00ed lo asegur\u00f3 Eduardo Reina, quien explic\u00f3 que las decisiones pol\u00edticas no tienen un impacto inmediato en la percepci\u00f3n social. \u201cLa opini\u00f3n p\u00fablica tarda en responder\u201d, afirm\u00f3, y remarc\u00f3 que los efectos suelen verse reci\u00e9n meses [&hellip;]\" \/>\n<meta property=\"og:url\" content=\"https:\/\/gysfm.com.ar\/inicio\/eduardo-reina-sobre-la-crisis-de-confianza-en-el-gobierno-la-gente-empieza-a-decir-ya-no-te-estoy-creyendo\/\" \/>\n<meta property=\"og:site_name\" content=\"GYS NOTICIAS |\" \/>\n<meta property=\"article:published_time\" content=\"2026-05-01T17:00:16+00:00\" \/>\n<meta name=\"author\" content=\"Prensa G&amp;S FM\" \/>\n<meta name=\"twitter:card\" content=\"summary_large_image\" \/>\n<meta name=\"twitter:label1\" content=\"Escrito por\" \/>\n\t<meta name=\"twitter:data1\" content=\"Prensa G&amp;S FM\" \/>\n\t<meta name=\"twitter:label2\" content=\"Tiempo de lectura\" \/>\n\t<meta name=\"twitter:data2\" content=\"2 minutos\" \/>\n<script type=\"application\/ld+json\" class=\"yoast-schema-graph\">{\"@context\":\"https:\/\/schema.org\",\"@graph\":[{\"@type\":\"Article\",\"@id\":\"https:\/\/gysfm.com.ar\/inicio\/eduardo-reina-sobre-la-crisis-de-confianza-en-el-gobierno-la-gente-empieza-a-decir-ya-no-te-estoy-creyendo\/#article\",\"isPartOf\":{\"@id\":\"https:\/\/gysfm.com.ar\/inicio\/eduardo-reina-sobre-la-crisis-de-confianza-en-el-gobierno-la-gente-empieza-a-decir-ya-no-te-estoy-creyendo\/\"},\"author\":{\"name\":\"Prensa G&amp;S FM\",\"@id\":\"https:\/\/gysfm.com.ar\/inicio\/#\/schema\/person\/3abba7593ef2ad19e1be221d54383dc5\"},\"headline\":\"Eduardo Reina sobre la crisis de confianza en el Gobierno: \u00abLa gente empieza a decir: ya no te estoy creyendo\u00bb\",\"datePublished\":\"2026-05-01T17:00:16+00:00\",\"mainEntityOfPage\":{\"@id\":\"https:\/\/gysfm.com.ar\/inicio\/eduardo-reina-sobre-la-crisis-de-confianza-en-el-gobierno-la-gente-empieza-a-decir-ya-no-te-estoy-creyendo\/\"},\"wordCount\":476,\"publisher\":{\"@id\":\"https:\/\/gysfm.com.ar\/inicio\/#organization\"},\"image\":{\"@id\":\"https:\/\/gysfm.com.ar\/inicio\/eduardo-reina-sobre-la-crisis-de-confianza-en-el-gobierno-la-gente-empieza-a-decir-ya-no-te-estoy-creyendo\/#primaryimage\"},\"thumbnailUrl\":\"https:\/\/gysfm.com.ar\/inicio\/wp-content\/uploads\/2026\/05\/eduardo-reina-2231577.jpg\",\"articleSection\":[\"NACIONALES\"],\"inLanguage\":\"es\"},{\"@type\":\"WebPage\",\"@id\":\"https:\/\/gysfm.com.ar\/inicio\/eduardo-reina-sobre-la-crisis-de-confianza-en-el-gobierno-la-gente-empieza-a-decir-ya-no-te-estoy-creyendo\/\",\"url\":\"https:\/\/gysfm.com.ar\/inicio\/eduardo-reina-sobre-la-crisis-de-confianza-en-el-gobierno-la-gente-empieza-a-decir-ya-no-te-estoy-creyendo\/\",\"name\":\"Eduardo Reina sobre la crisis de confianza en el Gobierno: \\\"La gente empieza a decir: ya no te estoy creyendo\\\" - GYS NOTICIAS |\",\"isPartOf\":{\"@id\":\"https:\/\/gysfm.com.ar\/inicio\/#website\"},\"primaryImageOfPage\":{\"@id\":\"https:\/\/gysfm.com.ar\/inicio\/eduardo-reina-sobre-la-crisis-de-confianza-en-el-gobierno-la-gente-empieza-a-decir-ya-no-te-estoy-creyendo\/#primaryimage\"},\"image\":{\"@id\":\"https:\/\/gysfm.com.ar\/inicio\/eduardo-reina-sobre-la-crisis-de-confianza-en-el-gobierno-la-gente-empieza-a-decir-ya-no-te-estoy-creyendo\/#primaryimage\"},\"thumbnailUrl\":\"https:\/\/gysfm.com.ar\/inicio\/wp-content\/uploads\/2026\/05\/eduardo-reina-2231577.jpg\",\"datePublished\":\"2026-05-01T17:00:16+00:00\",\"breadcrumb\":{\"@id\":\"https:\/\/gysfm.com.ar\/inicio\/eduardo-reina-sobre-la-crisis-de-confianza-en-el-gobierno-la-gente-empieza-a-decir-ya-no-te-estoy-creyendo\/#breadcrumb\"},\"inLanguage\":\"es\",\"potentialAction\":[{\"@type\":\"ReadAction\",\"target\":[\"https:\/\/gysfm.com.ar\/inicio\/eduardo-reina-sobre-la-crisis-de-confianza-en-el-gobierno-la-gente-empieza-a-decir-ya-no-te-estoy-creyendo\/\"]}]},{\"@type\":\"ImageObject\",\"inLanguage\":\"es\",\"@id\":\"https:\/\/gysfm.com.ar\/inicio\/eduardo-reina-sobre-la-crisis-de-confianza-en-el-gobierno-la-gente-empieza-a-decir-ya-no-te-estoy-creyendo\/#primaryimage\",\"url\":\"https:\/\/gysfm.com.ar\/inicio\/wp-content\/uploads\/2026\/05\/eduardo-reina-2231577.jpg\",\"contentUrl\":\"https:\/\/gysfm.com.ar\/inicio\/wp-content\/uploads\/2026\/05\/eduardo-reina-2231577.jpg\",\"width\":1140,\"height\":641},{\"@type\":\"BreadcrumbList\",\"@id\":\"https:\/\/gysfm.com.ar\/inicio\/eduardo-reina-sobre-la-crisis-de-confianza-en-el-gobierno-la-gente-empieza-a-decir-ya-no-te-estoy-creyendo\/#breadcrumb\",\"itemListElement\":[{\"@type\":\"ListItem\",\"position\":1,\"name\":\"Portada\",\"item\":\"https:\/\/gysfm.com.ar\/inicio\/\"},{\"@type\":\"ListItem\",\"position\":2,\"name\":\"Eduardo Reina sobre la crisis de confianza en el Gobierno: \u00abLa gente empieza a decir: ya no te estoy creyendo\u00bb\"}]},{\"@type\":\"WebSite\",\"@id\":\"https:\/\/gysfm.com.ar\/inicio\/#website\",\"url\":\"https:\/\/gysfm.com.ar\/inicio\/\",\"name\":\"GYS NOTICIAS |\",\"description\":\"DIARIO - RADIO ONLINE SAN JUAN ARGENTINA\",\"publisher\":{\"@id\":\"https:\/\/gysfm.com.ar\/inicio\/#organization\"},\"potentialAction\":[{\"@type\":\"SearchAction\",\"target\":{\"@type\":\"EntryPoint\",\"urlTemplate\":\"https:\/\/gysfm.com.ar\/inicio\/?s={search_term_string}\"},\"query-input\":{\"@type\":\"PropertyValueSpecification\",\"valueRequired\":true,\"valueName\":\"search_term_string\"}}],\"inLanguage\":\"es\"},{\"@type\":\"Organization\",\"@id\":\"https:\/\/gysfm.com.ar\/inicio\/#organization\",\"name\":\"GYS NOTICIAS |\",\"url\":\"https:\/\/gysfm.com.ar\/inicio\/\",\"logo\":{\"@type\":\"ImageObject\",\"inLanguage\":\"es\",\"@id\":\"https:\/\/gysfm.com.ar\/inicio\/#\/schema\/logo\/image\/\",\"url\":\"https:\/\/gysfm.com.ar\/inicio\/wp-content\/uploads\/2023\/07\/LOGOGYS-OK.png\",\"contentUrl\":\"https:\/\/gysfm.com.ar\/inicio\/wp-content\/uploads\/2023\/07\/LOGOGYS-OK.png\",\"width\":1170,\"height\":872,\"caption\":\"GYS NOTICIAS |\"},\"image\":{\"@id\":\"https:\/\/gysfm.com.ar\/inicio\/#\/schema\/logo\/image\/\"}},{\"@type\":\"Person\",\"@id\":\"https:\/\/gysfm.com.ar\/inicio\/#\/schema\/person\/3abba7593ef2ad19e1be221d54383dc5\",\"name\":\"Prensa G&amp;S FM\",\"image\":{\"@type\":\"ImageObject\",\"inLanguage\":\"es\",\"@id\":\"https:\/\/gysfm.com.ar\/inicio\/#\/schema\/person\/image\/\",\"url\":\"https:\/\/secure.gravatar.com\/avatar\/096ec78df02049ab018702bb4ccedf659377fa92a26540b5247612077a0dbd29?s=96&d=mm&r=g\",\"contentUrl\":\"https:\/\/secure.gravatar.com\/avatar\/096ec78df02049ab018702bb4ccedf659377fa92a26540b5247612077a0dbd29?s=96&d=mm&r=g\",\"caption\":\"Prensa G&amp;S FM\"},\"sameAs\":[\"https:\/\/gysfm.com.ar\/\"],\"url\":\"https:\/\/gysfm.com.ar\/inicio\/author\/lucasm\/\"}]}<\/script>\n<!-- \/ Yoast SEO plugin. -->","yoast_head_json":{"title":"Eduardo Reina sobre la crisis de confianza en el Gobierno: \"La gente empieza a decir: ya no te estoy creyendo\" - GYS NOTICIAS |","robots":{"index":"index","follow":"follow","max-snippet":"max-snippet:-1","max-image-preview":"max-image-preview:large","max-video-preview":"max-video-preview:-1"},"canonical":"https:\/\/gysfm.com.ar\/inicio\/eduardo-reina-sobre-la-crisis-de-confianza-en-el-gobierno-la-gente-empieza-a-decir-ya-no-te-estoy-creyendo\/","og_locale":"es_ES","og_type":"article","og_title":"Eduardo Reina sobre la crisis de confianza en el Gobierno: \"La gente empieza a decir: ya no te estoy creyendo\" - GYS NOTICIAS |","og_description":"La ca\u00edda en la imagen del Gobierno se consolida como una tendencia dif\u00edcil de revertir en el corto plazo. As\u00ed lo asegur\u00f3 Eduardo Reina, quien explic\u00f3 que las decisiones pol\u00edticas no tienen un impacto inmediato en la percepci\u00f3n social. \u201cLa opini\u00f3n p\u00fablica tarda en responder\u201d, afirm\u00f3, y remarc\u00f3 que los efectos suelen verse reci\u00e9n meses [&hellip;]","og_url":"https:\/\/gysfm.com.ar\/inicio\/eduardo-reina-sobre-la-crisis-de-confianza-en-el-gobierno-la-gente-empieza-a-decir-ya-no-te-estoy-creyendo\/","og_site_name":"GYS NOTICIAS |","article_published_time":"2026-05-01T17:00:16+00:00","author":"Prensa G&amp;S FM","twitter_card":"summary_large_image","twitter_misc":{"Escrito por":"Prensa G&amp;S FM","Tiempo de lectura":"2 minutos"},"schema":{"@context":"https:\/\/schema.org","@graph":[{"@type":"Article","@id":"https:\/\/gysfm.com.ar\/inicio\/eduardo-reina-sobre-la-crisis-de-confianza-en-el-gobierno-la-gente-empieza-a-decir-ya-no-te-estoy-creyendo\/#article","isPartOf":{"@id":"https:\/\/gysfm.com.ar\/inicio\/eduardo-reina-sobre-la-crisis-de-confianza-en-el-gobierno-la-gente-empieza-a-decir-ya-no-te-estoy-creyendo\/"},"author":{"name":"Prensa G&amp;S FM","@id":"https:\/\/gysfm.com.ar\/inicio\/#\/schema\/person\/3abba7593ef2ad19e1be221d54383dc5"},"headline":"Eduardo Reina sobre la crisis de confianza en el Gobierno: \u00abLa gente empieza a decir: ya no te estoy creyendo\u00bb","datePublished":"2026-05-01T17:00:16+00:00","mainEntityOfPage":{"@id":"https:\/\/gysfm.com.ar\/inicio\/eduardo-reina-sobre-la-crisis-de-confianza-en-el-gobierno-la-gente-empieza-a-decir-ya-no-te-estoy-creyendo\/"},"wordCount":476,"publisher":{"@id":"https:\/\/gysfm.com.ar\/inicio\/#organization"},"image":{"@id":"https:\/\/gysfm.com.ar\/inicio\/eduardo-reina-sobre-la-crisis-de-confianza-en-el-gobierno-la-gente-empieza-a-decir-ya-no-te-estoy-creyendo\/#primaryimage"},"thumbnailUrl":"https:\/\/gysfm.com.ar\/inicio\/wp-content\/uploads\/2026\/05\/eduardo-reina-2231577.jpg","articleSection":["NACIONALES"],"inLanguage":"es"},{"@type":"WebPage","@id":"https:\/\/gysfm.com.ar\/inicio\/eduardo-reina-sobre-la-crisis-de-confianza-en-el-gobierno-la-gente-empieza-a-decir-ya-no-te-estoy-creyendo\/","url":"https:\/\/gysfm.com.ar\/inicio\/eduardo-reina-sobre-la-crisis-de-confianza-en-el-gobierno-la-gente-empieza-a-decir-ya-no-te-estoy-creyendo\/","name":"Eduardo Reina sobre la crisis de confianza en el Gobierno: \"La gente empieza a decir: ya no te estoy creyendo\" - GYS NOTICIAS |","isPartOf":{"@id":"https:\/\/gysfm.com.ar\/inicio\/#website"},"primaryImageOfPage":{"@id":"https:\/\/gysfm.com.ar\/inicio\/eduardo-reina-sobre-la-crisis-de-confianza-en-el-gobierno-la-gente-empieza-a-decir-ya-no-te-estoy-creyendo\/#primaryimage"},"image":{"@id":"https:\/\/gysfm.com.ar\/inicio\/eduardo-reina-sobre-la-crisis-de-confianza-en-el-gobierno-la-gente-empieza-a-decir-ya-no-te-estoy-creyendo\/#primaryimage"},"thumbnailUrl":"https:\/\/gysfm.com.ar\/inicio\/wp-content\/uploads\/2026\/05\/eduardo-reina-2231577.jpg","datePublished":"2026-05-01T17:00:16+00:00","breadcrumb":{"@id":"https:\/\/gysfm.com.ar\/inicio\/eduardo-reina-sobre-la-crisis-de-confianza-en-el-gobierno-la-gente-empieza-a-decir-ya-no-te-estoy-creyendo\/#breadcrumb"},"inLanguage":"es","potentialAction":[{"@type":"ReadAction","target":["https:\/\/gysfm.com.ar\/inicio\/eduardo-reina-sobre-la-crisis-de-confianza-en-el-gobierno-la-gente-empieza-a-decir-ya-no-te-estoy-creyendo\/"]}]},{"@type":"ImageObject","inLanguage":"es","@id":"https:\/\/gysfm.com.ar\/inicio\/eduardo-reina-sobre-la-crisis-de-confianza-en-el-gobierno-la-gente-empieza-a-decir-ya-no-te-estoy-creyendo\/#primaryimage","url":"https:\/\/gysfm.com.ar\/inicio\/wp-content\/uploads\/2026\/05\/eduardo-reina-2231577.jpg","contentUrl":"https:\/\/gysfm.com.ar\/inicio\/wp-content\/uploads\/2026\/05\/eduardo-reina-2231577.jpg","width":1140,"height":641},{"@type":"BreadcrumbList","@id":"https:\/\/gysfm.com.ar\/inicio\/eduardo-reina-sobre-la-crisis-de-confianza-en-el-gobierno-la-gente-empieza-a-decir-ya-no-te-estoy-creyendo\/#breadcrumb","itemListElement":[{"@type":"ListItem","position":1,"name":"Portada","item":"https:\/\/gysfm.com.ar\/inicio\/"},{"@type":"ListItem","position":2,"name":"Eduardo Reina sobre la crisis de confianza en el Gobierno: \u00abLa gente empieza a decir: ya no te estoy creyendo\u00bb"}]},{"@type":"WebSite","@id":"https:\/\/gysfm.com.ar\/inicio\/#website","url":"https:\/\/gysfm.com.ar\/inicio\/","name":"GYS NOTICIAS |","description":"DIARIO - RADIO ONLINE SAN JUAN ARGENTINA","publisher":{"@id":"https:\/\/gysfm.com.ar\/inicio\/#organization"},"potentialAction":[{"@type":"SearchAction","target":{"@type":"EntryPoint","urlTemplate":"https:\/\/gysfm.com.ar\/inicio\/?s={search_term_string}"},"query-input":{"@type":"PropertyValueSpecification","valueRequired":true,"valueName":"search_term_string"}}],"inLanguage":"es"},{"@type":"Organization","@id":"https:\/\/gysfm.com.ar\/inicio\/#organization","name":"GYS NOTICIAS |","url":"https:\/\/gysfm.com.ar\/inicio\/","logo":{"@type":"ImageObject","inLanguage":"es","@id":"https:\/\/gysfm.com.ar\/inicio\/#\/schema\/logo\/image\/","url":"https:\/\/gysfm.com.ar\/inicio\/wp-content\/uploads\/2023\/07\/LOGOGYS-OK.png","contentUrl":"https:\/\/gysfm.com.ar\/inicio\/wp-content\/uploads\/2023\/07\/LOGOGYS-OK.png","width":1170,"height":872,"caption":"GYS NOTICIAS |"},"image":{"@id":"https:\/\/gysfm.com.ar\/inicio\/#\/schema\/logo\/image\/"}},{"@type":"Person","@id":"https:\/\/gysfm.com.ar\/inicio\/#\/schema\/person\/3abba7593ef2ad19e1be221d54383dc5","name":"Prensa G&amp;S FM","image":{"@type":"ImageObject","inLanguage":"es","@id":"https:\/\/gysfm.com.ar\/inicio\/#\/schema\/person\/image\/","url":"https:\/\/secure.gravatar.com\/avatar\/096ec78df02049ab018702bb4ccedf659377fa92a26540b5247612077a0dbd29?s=96&d=mm&r=g","contentUrl":"https:\/\/secure.gravatar.com\/avatar\/096ec78df02049ab018702bb4ccedf659377fa92a26540b5247612077a0dbd29?s=96&d=mm&r=g","caption":"Prensa G&amp;S FM"},"sameAs":["https:\/\/gysfm.com.ar\/"],"url":"https:\/\/gysfm.com.ar\/inicio\/author\/lucasm\/"}]}},"_links":{"self":[{"href":"https:\/\/gysfm.com.ar\/inicio\/wp-json\/wp\/v2\/posts\/194122","targetHints":{"allow":["GET"]}}],"collection":[{"href":"https:\/\/gysfm.com.ar\/inicio\/wp-json\/wp\/v2\/posts"}],"about":[{"href":"https:\/\/gysfm.com.ar\/inicio\/wp-json\/wp\/v2\/types\/post"}],"author":[{"embeddable":true,"href":"https:\/\/gysfm.com.ar\/inicio\/wp-json\/wp\/v2\/users\/2"}],"replies":[{"embeddable":true,"href":"https:\/\/gysfm.com.ar\/inicio\/wp-json\/wp\/v2\/comments?post=194122"}],"version-history":[{"count":0,"href":"https:\/\/gysfm.com.ar\/inicio\/wp-json\/wp\/v2\/posts\/194122\/revisions"}],"wp:featuredmedia":[{"embeddable":true,"href":"https:\/\/gysfm.com.ar\/inicio\/wp-json\/wp\/v2\/media\/194123"}],"wp:attachment":[{"href":"https:\/\/gysfm.com.ar\/inicio\/wp-json\/wp\/v2\/media?parent=194122"}],"wp:term":[{"taxonomy":"category","embeddable":true,"href":"https:\/\/gysfm.com.ar\/inicio\/wp-json\/wp\/v2\/categories?post=194122"},{"taxonomy":"post_tag","embeddable":true,"href":"https:\/\/gysfm.com.ar\/inicio\/wp-json\/wp\/v2\/tags?post=194122"}],"curies":[{"name":"wp","href":"https:\/\/api.w.org\/{rel}","templated":true}]}}