{"id":194117,"date":"2026-05-01T13:28:06","date_gmt":"2026-05-01T16:28:06","guid":{"rendered":"https:\/\/gysfm.com.ar\/inicio\/mercado-inmobiliario-el-85-de-los-jovenes-quiere-su-casa-propia-pese-a-la-crisis\/"},"modified":"2026-05-01T13:28:06","modified_gmt":"2026-05-01T16:28:06","slug":"mercado-inmobiliario-el-85-de-los-jovenes-quiere-su-casa-propia-pese-a-la-crisis","status":"publish","type":"post","link":"https:\/\/gysfm.com.ar\/inicio\/mercado-inmobiliario-el-85-de-los-jovenes-quiere-su-casa-propia-pese-a-la-crisis\/","title":{"rendered":"Mercado inmobiliario: el 85% de los j\u00f3venes quiere su casa propia pese a la crisis"},"content":{"rendered":"<p><\/p>\n<div id=\"article-content\">\n<p>El <strong>mercado inmobiliario argentino<\/strong> atraviesa un escenario de contrastes: mientras crece el deseo de <a target=\"_blank\" href=\"https:\/\/www.perfil.com\/noticias\/canal-e\/jose-castillo-cuestiono-el-discurso-economico-del-gobierno-hay-exabruptos-que-no-se-sostienen.phtml\">acceder<\/a> a la vivienda propia, las condiciones econ\u00f3micas siguen siendo un <a target=\"_blank\" href=\"https:\/\/www.perfil.com\/noticias\/canal-e\/agenda-parlamentaria-en-el-congreso-paz-legislativa-y-tensiones-politicas.phtml\">obst\u00e1culo clave<\/a>. Seg\u00fan un informe del Colegio Inmobiliario de la Ciudad de Buenos Aires, el 85% de los j\u00f3venes aspira a comprar un inmueble.<\/p>\n<p>En ese sentido, <strong>Miguel Chej Muse<\/strong> explic\u00f3: \u201c<strong>la realidad es que el 85% dijo que quer\u00eda ser propietario en el caso de poder contar con los ahorros previos a un pr\u00e9stamo hipotecario o con ayuda familiar<\/strong>\u201d. El dato refleja una fuerte inclinaci\u00f3n cultural hacia la propiedad, incluso en generaciones m\u00e1s j\u00f3venes.<\/p>\n<p>El especialista destac\u00f3 adem\u00e1s el valor simb\u00f3lico y pr\u00e1ctico de tener vivienda propia: \u201c<strong>un inmueble te da tranquilidad, te permite proyectar d\u00f3nde vas a crear tu familia, te permite trabajar tranquilo<\/strong>\u201d, remarcando que sigue siendo una meta central para los argentinos.<\/p>\n<h2><strong>Cr\u00e9ditos, salarios y oportunidades de compra<\/strong><\/h2>\n<p>A pesar del inter\u00e9s, el acceso al cr\u00e9dito hipotecario contin\u00faa siendo limitado. <strong>Chej Muse<\/strong> advirti\u00f3: \u201c<strong>pensar que un cr\u00e9dito hipotecario puede llevarte cuatro o cinco gobiernos, por lo menos<\/strong>\u201d, lo que exige estabilidad econ\u00f3mica y previsibilidad a largo plazo.<\/p>\n<p>En este contexto, los ingresos juegan un rol determinante. \u201c<strong>El salario est\u00e1 quedando corto en los \u00faltimos meses, hay mucha inflaci\u00f3n<\/strong>\u201d, afirm\u00f3, se\u00f1alando la p\u00e9rdida de poder adquisitivo como uno de los principales frenos para el ahorro.<\/p>\n<p>Sin embargo, tambi\u00e9n identific\u00f3 una ventana de oportunidad: \u201c<strong>el d\u00f3lar sigue retrasado\u2026 y el metro cuadrado est\u00e1 accesible<\/strong>\u201d, lo que podr\u00eda facilitar operaciones para quienes logren reunir el capital inicial o acceder a financiamiento.<\/p>\n<p><iframe id=\"vrudo\" class=\"vrudo\" src=\"https:\/\/rudo.video\/vod\/yiQQ7P5mIyq?volume=0\" width=\"100%\" height=\"100%\" allowscriptaccess=\"always\" allowfullscreen=\"true\" webkitallowfullscreen=\"true\" frameborder=\"0\" scrolling=\"no\" allow=\"autoplay; fullscreen\" loading=\"lazy\" title=\"Contenido embebido\"><\/iframe><\/p>\n<h2><strong>Alquileres, oferta y perspectivas del mercado<\/strong><\/h2>\n<p>En el segmento de alquileres, la situaci\u00f3n muestra un cambio significativo. \u201c<strong>La oferta es muy amplia\u2026 hoy alquilar un inmueble cuesta por lo menos cuatro o cinco semanas<\/strong>\u201d, explic\u00f3<strong> Chej Muse<\/strong>, marcando una desaceleraci\u00f3n respecto a per\u00edodos anteriores.<\/p>\n<p>Este escenario beneficia a los inquilinos, ya que \u201c<strong>el propietario est\u00e1 habido a escuchar ofertas<\/strong>\u201d, priorizando perfiles confiables ante la gran cantidad de propiedades disponibles.<\/p>\n<p>En paralelo, el mercado de compraventa muestra se\u00f1ales de recuperaci\u00f3n. Seg\u00fan el especialista, \u201c<strong>en marzo se hicieron casi 5.600 operaciones<\/strong>\u201d, lo que representa una mejora respecto a meses anteriores y al mismo per\u00edodo del a\u00f1o pasado.<\/p>\n<p>Finalmente, sobre la posible desregulaci\u00f3n del sector, fue contundente: \u201c<strong>no creo que esto prospere<\/strong>\u201d, argumentando que podr\u00eda implicar una desprotecci\u00f3n para los usuarios sin generar beneficios concretos.<\/p>\n<\/p><\/div>\n<p><script>\n                !function(f,b,e,v,n,t,s)\n                {if(f.fbq)return;n=f.fbq=function(){n.callMethod?\n                    n.callMethod.apply(n,arguments):n.queue.push(arguments)};\n                    if(!f._fbq)f._fbq=n;n.push=n;n.loaded=!0;n.version='2.0';\n                    n.queue=[];t=b.createElement(e);t.async=!0;\n                    t.src=v;s=b.getElementsByTagName(e)[0];\n                    s.parentNode.insertBefore(t,s)}(window, document,'script',\n                    'https:\/\/connect.facebook.net\/en_US\/fbevents.js');\n                window.paywallConfig.facebook_pixel=\"1000228364089342\"\n            <\/script><\/p>\n","protected":false},"excerpt":{"rendered":"<p>El mercado inmobiliario argentino atraviesa un escenario de contrastes: mientras crece el deseo de acceder a la vivienda propia, las condiciones econ\u00f3micas siguen siendo un obst\u00e1culo clave. Seg\u00fan un informe del Colegio Inmobiliario de la Ciudad de Buenos Aires, el 85% de los j\u00f3venes aspira a comprar un inmueble. En ese sentido, Miguel Chej Muse [&hellip;]<\/p>\n","protected":false},"author":2,"featured_media":194118,"comment_status":"closed","ping_status":"closed","sticky":false,"template":"","format":"standard","meta":{"footnotes":""},"categories":[25],"tags":[],"class_list":["post-194117","post","type-post","status-publish","format-standard","has-post-thumbnail","hentry","category-nacionales"],"yoast_head":"<!-- This site is optimized with the Yoast SEO plugin v24.4 - https:\/\/yoast.com\/wordpress\/plugins\/seo\/ -->\n<title>Mercado inmobiliario: el 85% de los j\u00f3venes quiere su casa propia pese a la crisis - GYS NOTICIAS |<\/title>\n<meta name=\"robots\" content=\"index, follow, max-snippet:-1, max-image-preview:large, max-video-preview:-1\" \/>\n<link rel=\"canonical\" href=\"https:\/\/gysfm.com.ar\/inicio\/mercado-inmobiliario-el-85-de-los-jovenes-quiere-su-casa-propia-pese-a-la-crisis\/\" \/>\n<meta property=\"og:locale\" content=\"es_ES\" \/>\n<meta property=\"og:type\" content=\"article\" \/>\n<meta property=\"og:title\" content=\"Mercado inmobiliario: el 85% de los j\u00f3venes quiere su casa propia pese a la crisis - GYS NOTICIAS |\" \/>\n<meta property=\"og:description\" content=\"El mercado inmobiliario argentino atraviesa un escenario de contrastes: mientras crece el deseo de acceder a la vivienda propia, las condiciones econ\u00f3micas siguen siendo un obst\u00e1culo clave. Seg\u00fan un informe del Colegio Inmobiliario de la Ciudad de Buenos Aires, el 85% de los j\u00f3venes aspira a comprar un inmueble. En ese sentido, Miguel Chej Muse [&hellip;]\" \/>\n<meta property=\"og:url\" content=\"https:\/\/gysfm.com.ar\/inicio\/mercado-inmobiliario-el-85-de-los-jovenes-quiere-su-casa-propia-pese-a-la-crisis\/\" \/>\n<meta property=\"og:site_name\" content=\"GYS NOTICIAS |\" \/>\n<meta property=\"article:published_time\" content=\"2026-05-01T16:28:06+00:00\" \/>\n<meta name=\"author\" content=\"Prensa G&amp;S FM\" \/>\n<meta name=\"twitter:card\" content=\"summary_large_image\" \/>\n<meta name=\"twitter:label1\" content=\"Escrito por\" \/>\n\t<meta name=\"twitter:data1\" content=\"Prensa G&amp;S FM\" \/>\n\t<meta name=\"twitter:label2\" content=\"Tiempo de lectura\" \/>\n\t<meta name=\"twitter:data2\" content=\"2 minutos\" \/>\n<script type=\"application\/ld+json\" class=\"yoast-schema-graph\">{\"@context\":\"https:\/\/schema.org\",\"@graph\":[{\"@type\":\"Article\",\"@id\":\"https:\/\/gysfm.com.ar\/inicio\/mercado-inmobiliario-el-85-de-los-jovenes-quiere-su-casa-propia-pese-a-la-crisis\/#article\",\"isPartOf\":{\"@id\":\"https:\/\/gysfm.com.ar\/inicio\/mercado-inmobiliario-el-85-de-los-jovenes-quiere-su-casa-propia-pese-a-la-crisis\/\"},\"author\":{\"name\":\"Prensa G&amp;S FM\",\"@id\":\"https:\/\/gysfm.com.ar\/inicio\/#\/schema\/person\/3abba7593ef2ad19e1be221d54383dc5\"},\"headline\":\"Mercado inmobiliario: el 85% de los j\u00f3venes quiere su casa propia pese a la crisis\",\"datePublished\":\"2026-05-01T16:28:06+00:00\",\"mainEntityOfPage\":{\"@id\":\"https:\/\/gysfm.com.ar\/inicio\/mercado-inmobiliario-el-85-de-los-jovenes-quiere-su-casa-propia-pese-a-la-crisis\/\"},\"wordCount\":437,\"publisher\":{\"@id\":\"https:\/\/gysfm.com.ar\/inicio\/#organization\"},\"image\":{\"@id\":\"https:\/\/gysfm.com.ar\/inicio\/mercado-inmobiliario-el-85-de-los-jovenes-quiere-su-casa-propia-pese-a-la-crisis\/#primaryimage\"},\"thumbnailUrl\":\"https:\/\/gysfm.com.ar\/inicio\/wp-content\/uploads\/2026\/05\/casa-propia-2231595.jpg\",\"articleSection\":[\"NACIONALES\"],\"inLanguage\":\"es\"},{\"@type\":\"WebPage\",\"@id\":\"https:\/\/gysfm.com.ar\/inicio\/mercado-inmobiliario-el-85-de-los-jovenes-quiere-su-casa-propia-pese-a-la-crisis\/\",\"url\":\"https:\/\/gysfm.com.ar\/inicio\/mercado-inmobiliario-el-85-de-los-jovenes-quiere-su-casa-propia-pese-a-la-crisis\/\",\"name\":\"Mercado inmobiliario: el 85% de los j\u00f3venes quiere su casa propia pese a la crisis - GYS NOTICIAS |\",\"isPartOf\":{\"@id\":\"https:\/\/gysfm.com.ar\/inicio\/#website\"},\"primaryImageOfPage\":{\"@id\":\"https:\/\/gysfm.com.ar\/inicio\/mercado-inmobiliario-el-85-de-los-jovenes-quiere-su-casa-propia-pese-a-la-crisis\/#primaryimage\"},\"image\":{\"@id\":\"https:\/\/gysfm.com.ar\/inicio\/mercado-inmobiliario-el-85-de-los-jovenes-quiere-su-casa-propia-pese-a-la-crisis\/#primaryimage\"},\"thumbnailUrl\":\"https:\/\/gysfm.com.ar\/inicio\/wp-content\/uploads\/2026\/05\/casa-propia-2231595.jpg\",\"datePublished\":\"2026-05-01T16:28:06+00:00\",\"breadcrumb\":{\"@id\":\"https:\/\/gysfm.com.ar\/inicio\/mercado-inmobiliario-el-85-de-los-jovenes-quiere-su-casa-propia-pese-a-la-crisis\/#breadcrumb\"},\"inLanguage\":\"es\",\"potentialAction\":[{\"@type\":\"ReadAction\",\"target\":[\"https:\/\/gysfm.com.ar\/inicio\/mercado-inmobiliario-el-85-de-los-jovenes-quiere-su-casa-propia-pese-a-la-crisis\/\"]}]},{\"@type\":\"ImageObject\",\"inLanguage\":\"es\",\"@id\":\"https:\/\/gysfm.com.ar\/inicio\/mercado-inmobiliario-el-85-de-los-jovenes-quiere-su-casa-propia-pese-a-la-crisis\/#primaryimage\",\"url\":\"https:\/\/gysfm.com.ar\/inicio\/wp-content\/uploads\/2026\/05\/casa-propia-2231595.jpg\",\"contentUrl\":\"https:\/\/gysfm.com.ar\/inicio\/wp-content\/uploads\/2026\/05\/casa-propia-2231595.jpg\",\"width\":1140,\"height\":641},{\"@type\":\"BreadcrumbList\",\"@id\":\"https:\/\/gysfm.com.ar\/inicio\/mercado-inmobiliario-el-85-de-los-jovenes-quiere-su-casa-propia-pese-a-la-crisis\/#breadcrumb\",\"itemListElement\":[{\"@type\":\"ListItem\",\"position\":1,\"name\":\"Portada\",\"item\":\"https:\/\/gysfm.com.ar\/inicio\/\"},{\"@type\":\"ListItem\",\"position\":2,\"name\":\"Mercado inmobiliario: el 85% de los j\u00f3venes quiere su casa propia pese a la crisis\"}]},{\"@type\":\"WebSite\",\"@id\":\"https:\/\/gysfm.com.ar\/inicio\/#website\",\"url\":\"https:\/\/gysfm.com.ar\/inicio\/\",\"name\":\"GYS NOTICIAS |\",\"description\":\"DIARIO - RADIO ONLINE SAN JUAN ARGENTINA\",\"publisher\":{\"@id\":\"https:\/\/gysfm.com.ar\/inicio\/#organization\"},\"potentialAction\":[{\"@type\":\"SearchAction\",\"target\":{\"@type\":\"EntryPoint\",\"urlTemplate\":\"https:\/\/gysfm.com.ar\/inicio\/?s={search_term_string}\"},\"query-input\":{\"@type\":\"PropertyValueSpecification\",\"valueRequired\":true,\"valueName\":\"search_term_string\"}}],\"inLanguage\":\"es\"},{\"@type\":\"Organization\",\"@id\":\"https:\/\/gysfm.com.ar\/inicio\/#organization\",\"name\":\"GYS NOTICIAS |\",\"url\":\"https:\/\/gysfm.com.ar\/inicio\/\",\"logo\":{\"@type\":\"ImageObject\",\"inLanguage\":\"es\",\"@id\":\"https:\/\/gysfm.com.ar\/inicio\/#\/schema\/logo\/image\/\",\"url\":\"https:\/\/gysfm.com.ar\/inicio\/wp-content\/uploads\/2023\/07\/LOGOGYS-OK.png\",\"contentUrl\":\"https:\/\/gysfm.com.ar\/inicio\/wp-content\/uploads\/2023\/07\/LOGOGYS-OK.png\",\"width\":1170,\"height\":872,\"caption\":\"GYS NOTICIAS |\"},\"image\":{\"@id\":\"https:\/\/gysfm.com.ar\/inicio\/#\/schema\/logo\/image\/\"}},{\"@type\":\"Person\",\"@id\":\"https:\/\/gysfm.com.ar\/inicio\/#\/schema\/person\/3abba7593ef2ad19e1be221d54383dc5\",\"name\":\"Prensa G&amp;S FM\",\"image\":{\"@type\":\"ImageObject\",\"inLanguage\":\"es\",\"@id\":\"https:\/\/gysfm.com.ar\/inicio\/#\/schema\/person\/image\/\",\"url\":\"https:\/\/secure.gravatar.com\/avatar\/096ec78df02049ab018702bb4ccedf659377fa92a26540b5247612077a0dbd29?s=96&d=mm&r=g\",\"contentUrl\":\"https:\/\/secure.gravatar.com\/avatar\/096ec78df02049ab018702bb4ccedf659377fa92a26540b5247612077a0dbd29?s=96&d=mm&r=g\",\"caption\":\"Prensa G&amp;S FM\"},\"sameAs\":[\"https:\/\/gysfm.com.ar\/\"],\"url\":\"https:\/\/gysfm.com.ar\/inicio\/author\/lucasm\/\"}]}<\/script>\n<!-- \/ Yoast SEO plugin. -->","yoast_head_json":{"title":"Mercado inmobiliario: el 85% de los j\u00f3venes quiere su casa propia pese a la crisis - GYS NOTICIAS |","robots":{"index":"index","follow":"follow","max-snippet":"max-snippet:-1","max-image-preview":"max-image-preview:large","max-video-preview":"max-video-preview:-1"},"canonical":"https:\/\/gysfm.com.ar\/inicio\/mercado-inmobiliario-el-85-de-los-jovenes-quiere-su-casa-propia-pese-a-la-crisis\/","og_locale":"es_ES","og_type":"article","og_title":"Mercado inmobiliario: el 85% de los j\u00f3venes quiere su casa propia pese a la crisis - GYS NOTICIAS |","og_description":"El mercado inmobiliario argentino atraviesa un escenario de contrastes: mientras crece el deseo de acceder a la vivienda propia, las condiciones econ\u00f3micas siguen siendo un obst\u00e1culo clave. Seg\u00fan un informe del Colegio Inmobiliario de la Ciudad de Buenos Aires, el 85% de los j\u00f3venes aspira a comprar un inmueble. En ese sentido, Miguel Chej Muse [&hellip;]","og_url":"https:\/\/gysfm.com.ar\/inicio\/mercado-inmobiliario-el-85-de-los-jovenes-quiere-su-casa-propia-pese-a-la-crisis\/","og_site_name":"GYS NOTICIAS |","article_published_time":"2026-05-01T16:28:06+00:00","author":"Prensa G&amp;S FM","twitter_card":"summary_large_image","twitter_misc":{"Escrito por":"Prensa G&amp;S FM","Tiempo de lectura":"2 minutos"},"schema":{"@context":"https:\/\/schema.org","@graph":[{"@type":"Article","@id":"https:\/\/gysfm.com.ar\/inicio\/mercado-inmobiliario-el-85-de-los-jovenes-quiere-su-casa-propia-pese-a-la-crisis\/#article","isPartOf":{"@id":"https:\/\/gysfm.com.ar\/inicio\/mercado-inmobiliario-el-85-de-los-jovenes-quiere-su-casa-propia-pese-a-la-crisis\/"},"author":{"name":"Prensa G&amp;S FM","@id":"https:\/\/gysfm.com.ar\/inicio\/#\/schema\/person\/3abba7593ef2ad19e1be221d54383dc5"},"headline":"Mercado inmobiliario: el 85% de los j\u00f3venes quiere su casa propia pese a la crisis","datePublished":"2026-05-01T16:28:06+00:00","mainEntityOfPage":{"@id":"https:\/\/gysfm.com.ar\/inicio\/mercado-inmobiliario-el-85-de-los-jovenes-quiere-su-casa-propia-pese-a-la-crisis\/"},"wordCount":437,"publisher":{"@id":"https:\/\/gysfm.com.ar\/inicio\/#organization"},"image":{"@id":"https:\/\/gysfm.com.ar\/inicio\/mercado-inmobiliario-el-85-de-los-jovenes-quiere-su-casa-propia-pese-a-la-crisis\/#primaryimage"},"thumbnailUrl":"https:\/\/gysfm.com.ar\/inicio\/wp-content\/uploads\/2026\/05\/casa-propia-2231595.jpg","articleSection":["NACIONALES"],"inLanguage":"es"},{"@type":"WebPage","@id":"https:\/\/gysfm.com.ar\/inicio\/mercado-inmobiliario-el-85-de-los-jovenes-quiere-su-casa-propia-pese-a-la-crisis\/","url":"https:\/\/gysfm.com.ar\/inicio\/mercado-inmobiliario-el-85-de-los-jovenes-quiere-su-casa-propia-pese-a-la-crisis\/","name":"Mercado inmobiliario: el 85% de los j\u00f3venes quiere su casa propia pese a la crisis - GYS NOTICIAS |","isPartOf":{"@id":"https:\/\/gysfm.com.ar\/inicio\/#website"},"primaryImageOfPage":{"@id":"https:\/\/gysfm.com.ar\/inicio\/mercado-inmobiliario-el-85-de-los-jovenes-quiere-su-casa-propia-pese-a-la-crisis\/#primaryimage"},"image":{"@id":"https:\/\/gysfm.com.ar\/inicio\/mercado-inmobiliario-el-85-de-los-jovenes-quiere-su-casa-propia-pese-a-la-crisis\/#primaryimage"},"thumbnailUrl":"https:\/\/gysfm.com.ar\/inicio\/wp-content\/uploads\/2026\/05\/casa-propia-2231595.jpg","datePublished":"2026-05-01T16:28:06+00:00","breadcrumb":{"@id":"https:\/\/gysfm.com.ar\/inicio\/mercado-inmobiliario-el-85-de-los-jovenes-quiere-su-casa-propia-pese-a-la-crisis\/#breadcrumb"},"inLanguage":"es","potentialAction":[{"@type":"ReadAction","target":["https:\/\/gysfm.com.ar\/inicio\/mercado-inmobiliario-el-85-de-los-jovenes-quiere-su-casa-propia-pese-a-la-crisis\/"]}]},{"@type":"ImageObject","inLanguage":"es","@id":"https:\/\/gysfm.com.ar\/inicio\/mercado-inmobiliario-el-85-de-los-jovenes-quiere-su-casa-propia-pese-a-la-crisis\/#primaryimage","url":"https:\/\/gysfm.com.ar\/inicio\/wp-content\/uploads\/2026\/05\/casa-propia-2231595.jpg","contentUrl":"https:\/\/gysfm.com.ar\/inicio\/wp-content\/uploads\/2026\/05\/casa-propia-2231595.jpg","width":1140,"height":641},{"@type":"BreadcrumbList","@id":"https:\/\/gysfm.com.ar\/inicio\/mercado-inmobiliario-el-85-de-los-jovenes-quiere-su-casa-propia-pese-a-la-crisis\/#breadcrumb","itemListElement":[{"@type":"ListItem","position":1,"name":"Portada","item":"https:\/\/gysfm.com.ar\/inicio\/"},{"@type":"ListItem","position":2,"name":"Mercado inmobiliario: el 85% de los j\u00f3venes quiere su casa propia pese a la crisis"}]},{"@type":"WebSite","@id":"https:\/\/gysfm.com.ar\/inicio\/#website","url":"https:\/\/gysfm.com.ar\/inicio\/","name":"GYS NOTICIAS |","description":"DIARIO - RADIO ONLINE SAN JUAN ARGENTINA","publisher":{"@id":"https:\/\/gysfm.com.ar\/inicio\/#organization"},"potentialAction":[{"@type":"SearchAction","target":{"@type":"EntryPoint","urlTemplate":"https:\/\/gysfm.com.ar\/inicio\/?s={search_term_string}"},"query-input":{"@type":"PropertyValueSpecification","valueRequired":true,"valueName":"search_term_string"}}],"inLanguage":"es"},{"@type":"Organization","@id":"https:\/\/gysfm.com.ar\/inicio\/#organization","name":"GYS NOTICIAS |","url":"https:\/\/gysfm.com.ar\/inicio\/","logo":{"@type":"ImageObject","inLanguage":"es","@id":"https:\/\/gysfm.com.ar\/inicio\/#\/schema\/logo\/image\/","url":"https:\/\/gysfm.com.ar\/inicio\/wp-content\/uploads\/2023\/07\/LOGOGYS-OK.png","contentUrl":"https:\/\/gysfm.com.ar\/inicio\/wp-content\/uploads\/2023\/07\/LOGOGYS-OK.png","width":1170,"height":872,"caption":"GYS NOTICIAS |"},"image":{"@id":"https:\/\/gysfm.com.ar\/inicio\/#\/schema\/logo\/image\/"}},{"@type":"Person","@id":"https:\/\/gysfm.com.ar\/inicio\/#\/schema\/person\/3abba7593ef2ad19e1be221d54383dc5","name":"Prensa G&amp;S FM","image":{"@type":"ImageObject","inLanguage":"es","@id":"https:\/\/gysfm.com.ar\/inicio\/#\/schema\/person\/image\/","url":"https:\/\/secure.gravatar.com\/avatar\/096ec78df02049ab018702bb4ccedf659377fa92a26540b5247612077a0dbd29?s=96&d=mm&r=g","contentUrl":"https:\/\/secure.gravatar.com\/avatar\/096ec78df02049ab018702bb4ccedf659377fa92a26540b5247612077a0dbd29?s=96&d=mm&r=g","caption":"Prensa G&amp;S FM"},"sameAs":["https:\/\/gysfm.com.ar\/"],"url":"https:\/\/gysfm.com.ar\/inicio\/author\/lucasm\/"}]}},"_links":{"self":[{"href":"https:\/\/gysfm.com.ar\/inicio\/wp-json\/wp\/v2\/posts\/194117","targetHints":{"allow":["GET"]}}],"collection":[{"href":"https:\/\/gysfm.com.ar\/inicio\/wp-json\/wp\/v2\/posts"}],"about":[{"href":"https:\/\/gysfm.com.ar\/inicio\/wp-json\/wp\/v2\/types\/post"}],"author":[{"embeddable":true,"href":"https:\/\/gysfm.com.ar\/inicio\/wp-json\/wp\/v2\/users\/2"}],"replies":[{"embeddable":true,"href":"https:\/\/gysfm.com.ar\/inicio\/wp-json\/wp\/v2\/comments?post=194117"}],"version-history":[{"count":0,"href":"https:\/\/gysfm.com.ar\/inicio\/wp-json\/wp\/v2\/posts\/194117\/revisions"}],"wp:featuredmedia":[{"embeddable":true,"href":"https:\/\/gysfm.com.ar\/inicio\/wp-json\/wp\/v2\/media\/194118"}],"wp:attachment":[{"href":"https:\/\/gysfm.com.ar\/inicio\/wp-json\/wp\/v2\/media?parent=194117"}],"wp:term":[{"taxonomy":"category","embeddable":true,"href":"https:\/\/gysfm.com.ar\/inicio\/wp-json\/wp\/v2\/categories?post=194117"},{"taxonomy":"post_tag","embeddable":true,"href":"https:\/\/gysfm.com.ar\/inicio\/wp-json\/wp\/v2\/tags?post=194117"}],"curies":[{"name":"wp","href":"https:\/\/api.w.org\/{rel}","templated":true}]}}